{"id":39072,"date":"2021-06-08T19:26:18","date_gmt":"2021-06-08T19:26:18","guid":{"rendered":"https:\/\/elregionalvm.com.ar\/noticias-villa-maria\/?p=39072"},"modified":"2021-06-08T19:26:19","modified_gmt":"2021-06-08T19:26:19","slug":"ayudas-economicas-de-la-provincia-incorporan-mas-rubros-afectados-por-la-pandemia","status":"publish","type":"post","link":"https:\/\/elregionalvm.com.ar\/noticias-villa-maria\/ayudas-economicas-de-la-provincia-incorporan-mas-rubros-afectados-por-la-pandemia\/","title":{"rendered":"Ayudas econ\u00f3micas de la Provincia: incorporan m\u00e1s rubros afectados por la pandemia"},"content":{"rendered":"\n<p>Desde este martes, m\u00e1s sectores con actividad restringida por la actual pandemia de Covid-19 pueden inscribirse para recibir las ayudas econ\u00f3micas que lanz\u00f3 el Gobierno de C\u00f3rdoba.<\/p>\n\n\n\n<p>Los nuevos beneficiarios que tendr\u00e1n acceso a la asistencia no reintegrable son personas f\u00edsicas o jur\u00eddicas con domicilio fiscal en la provincia de C\u00f3rdoba que desarrollen actividades en los siguientes rubros:<\/p>\n\n\n\n<ul class=\"wp-block-list\"><li>Transporte escolar<\/li><li>Cantinas dentro de establecimientos educativos&nbsp;&nbsp;&nbsp;<\/li><li>Guarder\u00edas y jardines maternales&nbsp;&nbsp;&nbsp;<\/li><li>Producci\u00f3n de espect\u00e1culos teatrales y musicales<\/li><li>Composici\u00f3n y representaci\u00f3n de obras teatrales y musicales&nbsp;&nbsp;&nbsp;&nbsp;<\/li><li>Servicios conexos a la producci\u00f3n de espect\u00e1culos teatrales y musicales&nbsp;&nbsp;&nbsp;&nbsp;&nbsp;&nbsp;&nbsp;&nbsp;&nbsp;&nbsp;<\/li><li>Peluquer\u00edas, centros de est\u00e9tica, spa y similares<\/li><li>Servicios de Museos y preservaci\u00f3n de lugares y edificios hist\u00f3ricos<\/li><li>Servicios de entretenimiento.<\/li><\/ul>\n\n\n\n<p>Los interesados tienen tiempo de inscribirse hasta el 30 de junio, a trav\u00e9s de la p\u00e1gina web de la Provincia.<\/p>\n\n\n\n<p><strong>Ayudas no reintegrables<\/strong><\/p>\n\n\n\n<p>Seg\u00fan la condici\u00f3n fiscal, los montos de las ayudas no reintegrables son:<\/p>\n\n\n\n<ul class=\"wp-block-list\"><li>Monotributo: categor\u00edas A, B y C, 30 mil pesos; categor\u00edas D, E, F y G, 40 mil pesos; categor\u00edas H, I, J y K, 45 mil pesos.<\/li><li>Responsable inscripto: Declaraci\u00f3n Jurada de Ingresos Brutos promedio del primer trimestre de 2021 que no supere los 250 mil pesos, ayuda de 45 mil pesos; Declaraci\u00f3n Jurada de Ingresos Brutos promedio del primer trimestre de 2021 superior a 250 mil pesos, ayuda de 70 mil pesos.<\/li><\/ul>\n\n\n\n<p><strong>Otros beneficios<\/strong><\/p>\n\n\n\n<p>Para estos \u00faltimos rubros, tambi\u00e9n se incluye el diferimiento en el pago de las facturas el\u00e9ctricas que venzan en junio de 2021 hasta diciembre pr\u00f3ximo con cero por ciento de inter\u00e9s.<\/p>\n\n\n\n<p>Asimismo, est\u00e1n alcanzados por el plan de facilidades de pago para deudas vencidas de Epec para usuarios comprendidos en la Tarifa 2 hasta mayo de 2021 inclusive, con tasa de financiaci\u00f3n del 1 por ciento y hasta 30 cuotas mensuales.<\/p>\n\n\n\n<p>El plazo para adherir es hasta septiembre del corriente a\u00f1o y el pago de la primera cuota ser\u00e1 en diciembre pr\u00f3ximo, con un inter\u00e9s moratorio del 1 por ciento.<\/p>\n\n\n\n<p>Todos los rubros se encuentran eximidos del pago del m\u00ednimo del Impuesto a los Ingresos Brutos para todo el a\u00f1o 2021.<\/p>\n\n\n\n<p><strong>Requisitos<\/strong><\/p>\n\n\n\n<p>\u2013 Completar el formulario digital \u201cAyuda Directa por Restricciones en la Actividad (ADRA)\u201d, disponible en la p\u00e1gina web del Gobierno de la Provincia de C\u00f3rdoba. Para llenar el formulario se deber\u00e1 ingresar con Ciudadano Digital (CiDi) nivel 2.<\/p>\n\n\n\n<p>\u2013 Declarar la cuenta bancaria a nombre del solicitante.<\/p>\n\n\n\n<p>\u2013 Estar inscripto en la Direcci\u00f3n General de Rentas en alguna de las actividades restringidas y haber presentado Declaraci\u00f3n Jurada de Ingresos Brutos.<\/p>\n\n\n\n<p>\u2013 En el caso de monotributistas, haber efectuado al menos un pago correspondiente al primer trimestre de 2021. La evaluaci\u00f3n y aprobaci\u00f3n de las solicitudes ingresadas ser\u00e1 realizada por la Secretar\u00eda General de la Gobernaci\u00f3n.<\/p>\n\n\n\n<p><strong>Sectores ya incluidos<\/strong><\/p>\n\n\n\n<p>Cabe recordar que los siguientes rubros ya est\u00e1n incluidos dentro de las ayudas econ\u00f3micas y financieras que lanz\u00f3 la Provincia a principio de este mes:<\/p>\n\n\n\n<ul class=\"wp-block-list\"><li>Agencias de viajes<\/li><li>Transporte especial<\/li><li>Bares, confiter\u00edas y restaurantes<\/li><li>Salones de fiesta y discotecas<\/li><li>Gimnasio, natatorios y canchas<\/li><li>Escuelas de danza, canto y teatro, y academias de idiomas<\/li><li>Ense\u00f1anza de gimnasia, deportes y actividades f\u00edsicas<\/li><li>Cines, autocines y centros culturales<\/li><li>Centros de formaci\u00f3n profesional y academias de oficios<\/li><\/ul>\n","protected":false},"excerpt":{"rendered":"<p>Desde este martes, m\u00e1s sectores con actividad restringida por la actual pandemia de Covid-19 pueden inscribirse para recibir las ayudas econ\u00f3micas que lanz\u00f3 el Gobierno de C\u00f3rdoba. Los nuevos beneficiarios que tendr\u00e1n acceso a la asistencia no reintegrable son personas f\u00edsicas o jur\u00eddicas con domicilio fiscal en la provincia de C\u00f3rdoba que desarrollen actividades en [&hellip;]<\/p>\n","protected":false},"author":4,"featured_media":39073,"comment_status":"open","ping_status":"open","sticky":false,"template":"","format":"standard","meta":{"site-sidebar-layout":"default","site-content-layout":"default","ast-site-content-layout":"default","site-content-style":"default","site-sidebar-style":"default","ast-global-header-display":"","ast-banner-title-visibility":"","ast-main-header-display":"","ast-hfb-above-header-display":"","ast-hfb-below-header-display":"","ast-hfb-mobile-header-display":"","site-post-title":"","ast-breadcrumbs-content":"","ast-featured-img":"","footer-sml-layout":"","ast-disable-related-posts":"","theme-transparent-header-meta":"default","adv-header-id-meta":"","stick-header-meta":"","header-above-stick-meta":"","header-main-stick-meta":"","header-below-stick-meta":"","astra-migrate-meta-layouts":"default","ast-page-background-enabled":"default","ast-page-background-meta":{"desktop":{"background-color":"","background-image":"","background-repeat":"repeat","background-position":"center center","background-size":"auto","background-attachment":"scroll","background-type":"","background-media":"","overlay-type":"","overlay-color":"","overlay-opacity":"","overlay-gradient":""},"tablet":{"background-color":"","background-image":"","background-repeat":"repeat","background-position":"center center","background-size":"auto","background-attachment":"scroll","background-type":"","background-media":"","overlay-type":"","overlay-color":"","overlay-opacity":"","overlay-gradient":""},"mobile":{"background-color":"","background-image":"","background-repeat":"repeat","background-position":"center center","background-size":"auto","background-attachment":"scroll","background-type":"","background-media":"","overlay-type":"","overlay-color":"","overlay-opacity":"","overlay-gradient":""}},"ast-content-background-meta":{"desktop":{"background-color":"var(--ast-global-color-5)","background-image":"","background-repeat":"repeat","background-position":"center center","background-size":"auto","background-attachment":"scroll","background-type":"","background-media":"","overlay-type":"","overlay-color":"","overlay-opacity":"","overlay-gradient":""},"tablet":{"background-color":"var(--ast-global-color-5)","background-image":"","background-repeat":"repeat","background-position":"center center","background-size":"auto","background-attachment":"scroll","background-type":"","background-media":"","overlay-type":"","overlay-color":"","overlay-opacity":"","overlay-gradient":""},"mobile":{"background-color":"var(--ast-global-color-5)","background-image":"","background-repeat":"repeat","background-position":"center center","background-size":"auto","background-attachment":"scroll","background-type":"","background-media":"","overlay-type":"","overlay-color":"","overlay-opacity":"","overlay-gradient":""}},"_jetpack_memberships_contains_paid_content":false,"_joinchat":[],"footnotes":""},"categories":[2256,2089],"tags":[3262,1232,3040,3058,1998,4811],"class_list":["post-39072","post","type-post","status-publish","format-standard","has-post-thumbnail","hentry","category-coronavirus","category-politica","tag-ayudas-economicas","tag-destacado","tag-gobierno-de-cordoba","tag-juan-schiaretti","tag-pandemia","tag-sectores-afectados"],"yoast_head":"<!-- This site is optimized with the Yoast SEO plugin v26.8 - https:\/\/yoast.com\/product\/yoast-seo-wordpress\/ -->\n<title>Ayudas econ\u00f3micas de la Provincia: incorporan m\u00e1s rubros afectados por la pandemia - El Regional<\/title>\n<meta name=\"description\" content=\"M\u00e1s sectores con actividad restringida por la actual pandemia pueden inscribirse para recibir las ayudas econ\u00f3micas que lanz\u00f3 el Gobierno.\" \/>\n<meta name=\"robots\" content=\"index, follow, max-snippet:-1, max-image-preview:large, max-video-preview:-1\" \/>\n<link rel=\"canonical\" href=\"http:\/\/elregionalvm.com.ar\/noticias-villa-maria\/ayudas-economicas-de-la-provincia-incorporan-mas-rubros-afectados-por-la-pandemia\/\" \/>\n<meta property=\"og:locale\" content=\"es_ES\" \/>\n<meta property=\"og:type\" content=\"article\" \/>\n<meta property=\"og:title\" content=\"Ayudas econ\u00f3micas de la Provincia: incorporan m\u00e1s rubros afectados por la pandemia - El Regional\" \/>\n<meta property=\"og:description\" content=\"M\u00e1s sectores con actividad restringida por la actual pandemia pueden inscribirse para recibir las ayudas econ\u00f3micas que lanz\u00f3 el Gobierno.\" \/>\n<meta property=\"og:url\" content=\"http:\/\/elregionalvm.com.ar\/noticias-villa-maria\/ayudas-economicas-de-la-provincia-incorporan-mas-rubros-afectados-por-la-pandemia\/\" \/>\n<meta property=\"og:site_name\" content=\"El Regional\" \/>\n<meta property=\"article:publisher\" content=\"https:\/\/www.facebook.com\/elregionalvm\" \/>\n<meta property=\"article:published_time\" content=\"2021-06-08T19:26:18+00:00\" \/>\n<meta property=\"article:modified_time\" content=\"2021-06-08T19:26:19+00:00\" \/>\n<meta property=\"og:image\" content=\"http:\/\/elregionalvm.com.ar\/noticias-villa-maria\/wp-content\/uploads\/2021\/06\/Jardincito.jpeg\" \/>\n\t<meta property=\"og:image:width\" content=\"993\" \/>\n\t<meta property=\"og:image:height\" content=\"660\" \/>\n\t<meta property=\"og:image:type\" content=\"image\/jpeg\" \/>\n<meta name=\"author\" content=\"Contenidos El Regional\" \/>\n<meta name=\"twitter:card\" content=\"summary_large_image\" \/>\n<meta name=\"twitter:creator\" content=\"@elregionalvm1\" \/>\n<meta name=\"twitter:site\" content=\"@elregionalvm1\" \/>\n<meta name=\"twitter:label1\" content=\"Escrito por\" \/>\n\t<meta name=\"twitter:data1\" content=\"Contenidos El Regional\" \/>\n\t<meta name=\"twitter:label2\" content=\"Tiempo de lectura\" \/>\n\t<meta name=\"twitter:data2\" content=\"3 minutos\" \/>\n<script type=\"application\/ld+json\" class=\"yoast-schema-graph\">{\"@context\":\"https:\/\/schema.org\",\"@graph\":[{\"@type\":\"Article\",\"@id\":\"http:\/\/elregionalvm.com.ar\/noticias-villa-maria\/ayudas-economicas-de-la-provincia-incorporan-mas-rubros-afectados-por-la-pandemia\/#article\",\"isPartOf\":{\"@id\":\"http:\/\/elregionalvm.com.ar\/noticias-villa-maria\/ayudas-economicas-de-la-provincia-incorporan-mas-rubros-afectados-por-la-pandemia\/\"},\"author\":{\"name\":\"Contenidos El Regional\",\"@id\":\"http:\/\/elregionalvm.com.ar\/noticias-villa-maria\/#\/schema\/person\/a0fb9c422317faca23d50163151bc354\"},\"headline\":\"Ayudas econ\u00f3micas de la Provincia: incorporan m\u00e1s rubros afectados por la pandemia\",\"datePublished\":\"2021-06-08T19:26:18+00:00\",\"dateModified\":\"2021-06-08T19:26:19+00:00\",\"mainEntityOfPage\":{\"@id\":\"http:\/\/elregionalvm.com.ar\/noticias-villa-maria\/ayudas-economicas-de-la-provincia-incorporan-mas-rubros-afectados-por-la-pandemia\/\"},\"wordCount\":589,\"commentCount\":0,\"image\":{\"@id\":\"http:\/\/elregionalvm.com.ar\/noticias-villa-maria\/ayudas-economicas-de-la-provincia-incorporan-mas-rubros-afectados-por-la-pandemia\/#primaryimage\"},\"thumbnailUrl\":\"https:\/\/i0.wp.com\/elregionalvm.com.ar\/noticias-villa-maria\/wp-content\/uploads\/2021\/06\/Jardincito.jpeg?fit=993%2C660&ssl=1\",\"keywords\":[\"ayudas econ\u00f3micas\",\"destacado\",\"Gobierno de C\u00f3rdoba\",\"Juan Schiaretti\",\"pandemia\",\"sectores afectados\"],\"articleSection\":[\"Coronavirus\",\"Pol\u00edtica\"],\"inLanguage\":\"es\",\"potentialAction\":[{\"@type\":\"CommentAction\",\"name\":\"Comment\",\"target\":[\"http:\/\/elregionalvm.com.ar\/noticias-villa-maria\/ayudas-economicas-de-la-provincia-incorporan-mas-rubros-afectados-por-la-pandemia\/#respond\"]}]},{\"@type\":\"WebPage\",\"@id\":\"http:\/\/elregionalvm.com.ar\/noticias-villa-maria\/ayudas-economicas-de-la-provincia-incorporan-mas-rubros-afectados-por-la-pandemia\/\",\"url\":\"http:\/\/elregionalvm.com.ar\/noticias-villa-maria\/ayudas-economicas-de-la-provincia-incorporan-mas-rubros-afectados-por-la-pandemia\/\",\"name\":\"Ayudas econ\u00f3micas de la Provincia: incorporan m\u00e1s rubros afectados por la pandemia - El Regional\",\"isPartOf\":{\"@id\":\"http:\/\/elregionalvm.com.ar\/noticias-villa-maria\/#website\"},\"primaryImageOfPage\":{\"@id\":\"http:\/\/elregionalvm.com.ar\/noticias-villa-maria\/ayudas-economicas-de-la-provincia-incorporan-mas-rubros-afectados-por-la-pandemia\/#primaryimage\"},\"image\":{\"@id\":\"http:\/\/elregionalvm.com.ar\/noticias-villa-maria\/ayudas-economicas-de-la-provincia-incorporan-mas-rubros-afectados-por-la-pandemia\/#primaryimage\"},\"thumbnailUrl\":\"https:\/\/i0.wp.com\/elregionalvm.com.ar\/noticias-villa-maria\/wp-content\/uploads\/2021\/06\/Jardincito.jpeg?fit=993%2C660&ssl=1\",\"datePublished\":\"2021-06-08T19:26:18+00:00\",\"dateModified\":\"2021-06-08T19:26:19+00:00\",\"author\":{\"@id\":\"http:\/\/elregionalvm.com.ar\/noticias-villa-maria\/#\/schema\/person\/a0fb9c422317faca23d50163151bc354\"},\"description\":\"M\u00e1s sectores con actividad restringida por la actual pandemia pueden inscribirse para recibir las ayudas econ\u00f3micas que lanz\u00f3 el Gobierno.\",\"breadcrumb\":{\"@id\":\"http:\/\/elregionalvm.com.ar\/noticias-villa-maria\/ayudas-economicas-de-la-provincia-incorporan-mas-rubros-afectados-por-la-pandemia\/#breadcrumb\"},\"inLanguage\":\"es\",\"potentialAction\":[{\"@type\":\"ReadAction\",\"target\":[\"http:\/\/elregionalvm.com.ar\/noticias-villa-maria\/ayudas-economicas-de-la-provincia-incorporan-mas-rubros-afectados-por-la-pandemia\/\"]}]},{\"@type\":\"ImageObject\",\"inLanguage\":\"es\",\"@id\":\"http:\/\/elregionalvm.com.ar\/noticias-villa-maria\/ayudas-economicas-de-la-provincia-incorporan-mas-rubros-afectados-por-la-pandemia\/#primaryimage\",\"url\":\"https:\/\/i0.wp.com\/elregionalvm.com.ar\/noticias-villa-maria\/wp-content\/uploads\/2021\/06\/Jardincito.jpeg?fit=993%2C660&ssl=1\",\"contentUrl\":\"https:\/\/i0.wp.com\/elregionalvm.com.ar\/noticias-villa-maria\/wp-content\/uploads\/2021\/06\/Jardincito.jpeg?fit=993%2C660&ssl=1\",\"width\":993,\"height\":660},{\"@type\":\"BreadcrumbList\",\"@id\":\"http:\/\/elregionalvm.com.ar\/noticias-villa-maria\/ayudas-economicas-de-la-provincia-incorporan-mas-rubros-afectados-por-la-pandemia\/#breadcrumb\",\"itemListElement\":[{\"@type\":\"ListItem\",\"position\":1,\"name\":\"Portada\",\"item\":\"https:\/\/elregionalvm.com.ar\/noticias-villa-maria\/\"},{\"@type\":\"ListItem\",\"position\":2,\"name\":\"Ayudas econ\u00f3micas de la Provincia: incorporan m\u00e1s rubros afectados por la pandemia\"}]},{\"@type\":\"WebSite\",\"@id\":\"http:\/\/elregionalvm.com.ar\/noticias-villa-maria\/#website\",\"url\":\"http:\/\/elregionalvm.com.ar\/noticias-villa-maria\/\",\"name\":\"El Regional\",\"description\":\"Mucho m\u00e1s que informaci\u00f3n\",\"potentialAction\":[{\"@type\":\"SearchAction\",\"target\":{\"@type\":\"EntryPoint\",\"urlTemplate\":\"http:\/\/elregionalvm.com.ar\/noticias-villa-maria\/?s={search_term_string}\"},\"query-input\":{\"@type\":\"PropertyValueSpecification\",\"valueRequired\":true,\"valueName\":\"search_term_string\"}}],\"inLanguage\":\"es\"},{\"@type\":\"Person\",\"@id\":\"http:\/\/elregionalvm.com.ar\/noticias-villa-maria\/#\/schema\/person\/a0fb9c422317faca23d50163151bc354\",\"name\":\"Contenidos El Regional\",\"image\":{\"@type\":\"ImageObject\",\"inLanguage\":\"es\",\"@id\":\"http:\/\/elregionalvm.com.ar\/noticias-villa-maria\/#\/schema\/person\/image\/\",\"url\":\"https:\/\/secure.gravatar.com\/avatar\/265b27cb2209af7bb3a1318f03305787d7981a5cc6e6cd08fe5a4ecdf99d4b48?s=96&d=mm&r=g\",\"contentUrl\":\"https:\/\/secure.gravatar.com\/avatar\/265b27cb2209af7bb3a1318f03305787d7981a5cc6e6cd08fe5a4ecdf99d4b48?s=96&d=mm&r=g\",\"caption\":\"Contenidos El Regional\"},\"url\":\"https:\/\/elregionalvm.com.ar\/noticias-villa-maria\/author\/contenido\/\"}]}<\/script>\n<!-- \/ Yoast SEO plugin. -->","yoast_head_json":{"title":"Ayudas econ\u00f3micas de la Provincia: incorporan m\u00e1s rubros afectados por la pandemia - El Regional","description":"M\u00e1s sectores con actividad restringida por la actual pandemia pueden inscribirse para recibir las ayudas econ\u00f3micas que lanz\u00f3 el Gobierno.","robots":{"index":"index","follow":"follow","max-snippet":"max-snippet:-1","max-image-preview":"max-image-preview:large","max-video-preview":"max-video-preview:-1"},"canonical":"http:\/\/elregionalvm.com.ar\/noticias-villa-maria\/ayudas-economicas-de-la-provincia-incorporan-mas-rubros-afectados-por-la-pandemia\/","og_locale":"es_ES","og_type":"article","og_title":"Ayudas econ\u00f3micas de la Provincia: incorporan m\u00e1s rubros afectados por la pandemia - El Regional","og_description":"M\u00e1s sectores con actividad restringida por la actual pandemia pueden inscribirse para recibir las ayudas econ\u00f3micas que lanz\u00f3 el Gobierno.","og_url":"http:\/\/elregionalvm.com.ar\/noticias-villa-maria\/ayudas-economicas-de-la-provincia-incorporan-mas-rubros-afectados-por-la-pandemia\/","og_site_name":"El Regional","article_publisher":"https:\/\/www.facebook.com\/elregionalvm","article_published_time":"2021-06-08T19:26:18+00:00","article_modified_time":"2021-06-08T19:26:19+00:00","og_image":[{"width":993,"height":660,"url":"http:\/\/elregionalvm.com.ar\/noticias-villa-maria\/wp-content\/uploads\/2021\/06\/Jardincito.jpeg","type":"image\/jpeg"}],"author":"Contenidos El Regional","twitter_card":"summary_large_image","twitter_creator":"@elregionalvm1","twitter_site":"@elregionalvm1","twitter_misc":{"Escrito por":"Contenidos El Regional","Tiempo de lectura":"3 minutos"},"schema":{"@context":"https:\/\/schema.org","@graph":[{"@type":"Article","@id":"http:\/\/elregionalvm.com.ar\/noticias-villa-maria\/ayudas-economicas-de-la-provincia-incorporan-mas-rubros-afectados-por-la-pandemia\/#article","isPartOf":{"@id":"http:\/\/elregionalvm.com.ar\/noticias-villa-maria\/ayudas-economicas-de-la-provincia-incorporan-mas-rubros-afectados-por-la-pandemia\/"},"author":{"name":"Contenidos El Regional","@id":"http:\/\/elregionalvm.com.ar\/noticias-villa-maria\/#\/schema\/person\/a0fb9c422317faca23d50163151bc354"},"headline":"Ayudas econ\u00f3micas de la Provincia: incorporan m\u00e1s rubros afectados por la pandemia","datePublished":"2021-06-08T19:26:18+00:00","dateModified":"2021-06-08T19:26:19+00:00","mainEntityOfPage":{"@id":"http:\/\/elregionalvm.com.ar\/noticias-villa-maria\/ayudas-economicas-de-la-provincia-incorporan-mas-rubros-afectados-por-la-pandemia\/"},"wordCount":589,"commentCount":0,"image":{"@id":"http:\/\/elregionalvm.com.ar\/noticias-villa-maria\/ayudas-economicas-de-la-provincia-incorporan-mas-rubros-afectados-por-la-pandemia\/#primaryimage"},"thumbnailUrl":"https:\/\/i0.wp.com\/elregionalvm.com.ar\/noticias-villa-maria\/wp-content\/uploads\/2021\/06\/Jardincito.jpeg?fit=993%2C660&ssl=1","keywords":["ayudas econ\u00f3micas","destacado","Gobierno de C\u00f3rdoba","Juan Schiaretti","pandemia","sectores afectados"],"articleSection":["Coronavirus","Pol\u00edtica"],"inLanguage":"es","potentialAction":[{"@type":"CommentAction","name":"Comment","target":["http:\/\/elregionalvm.com.ar\/noticias-villa-maria\/ayudas-economicas-de-la-provincia-incorporan-mas-rubros-afectados-por-la-pandemia\/#respond"]}]},{"@type":"WebPage","@id":"http:\/\/elregionalvm.com.ar\/noticias-villa-maria\/ayudas-economicas-de-la-provincia-incorporan-mas-rubros-afectados-por-la-pandemia\/","url":"http:\/\/elregionalvm.com.ar\/noticias-villa-maria\/ayudas-economicas-de-la-provincia-incorporan-mas-rubros-afectados-por-la-pandemia\/","name":"Ayudas econ\u00f3micas de la Provincia: incorporan m\u00e1s rubros afectados por la pandemia - El Regional","isPartOf":{"@id":"http:\/\/elregionalvm.com.ar\/noticias-villa-maria\/#website"},"primaryImageOfPage":{"@id":"http:\/\/elregionalvm.com.ar\/noticias-villa-maria\/ayudas-economicas-de-la-provincia-incorporan-mas-rubros-afectados-por-la-pandemia\/#primaryimage"},"image":{"@id":"http:\/\/elregionalvm.com.ar\/noticias-villa-maria\/ayudas-economicas-de-la-provincia-incorporan-mas-rubros-afectados-por-la-pandemia\/#primaryimage"},"thumbnailUrl":"https:\/\/i0.wp.com\/elregionalvm.com.ar\/noticias-villa-maria\/wp-content\/uploads\/2021\/06\/Jardincito.jpeg?fit=993%2C660&ssl=1","datePublished":"2021-06-08T19:26:18+00:00","dateModified":"2021-06-08T19:26:19+00:00","author":{"@id":"http:\/\/elregionalvm.com.ar\/noticias-villa-maria\/#\/schema\/person\/a0fb9c422317faca23d50163151bc354"},"description":"M\u00e1s sectores con actividad restringida por la actual pandemia pueden inscribirse para recibir las ayudas econ\u00f3micas que lanz\u00f3 el Gobierno.","breadcrumb":{"@id":"http:\/\/elregionalvm.com.ar\/noticias-villa-maria\/ayudas-economicas-de-la-provincia-incorporan-mas-rubros-afectados-por-la-pandemia\/#breadcrumb"},"inLanguage":"es","potentialAction":[{"@type":"ReadAction","target":["http:\/\/elregionalvm.com.ar\/noticias-villa-maria\/ayudas-economicas-de-la-provincia-incorporan-mas-rubros-afectados-por-la-pandemia\/"]}]},{"@type":"ImageObject","inLanguage":"es","@id":"http:\/\/elregionalvm.com.ar\/noticias-villa-maria\/ayudas-economicas-de-la-provincia-incorporan-mas-rubros-afectados-por-la-pandemia\/#primaryimage","url":"https:\/\/i0.wp.com\/elregionalvm.com.ar\/noticias-villa-maria\/wp-content\/uploads\/2021\/06\/Jardincito.jpeg?fit=993%2C660&ssl=1","contentUrl":"https:\/\/i0.wp.com\/elregionalvm.com.ar\/noticias-villa-maria\/wp-content\/uploads\/2021\/06\/Jardincito.jpeg?fit=993%2C660&ssl=1","width":993,"height":660},{"@type":"BreadcrumbList","@id":"http:\/\/elregionalvm.com.ar\/noticias-villa-maria\/ayudas-economicas-de-la-provincia-incorporan-mas-rubros-afectados-por-la-pandemia\/#breadcrumb","itemListElement":[{"@type":"ListItem","position":1,"name":"Portada","item":"https:\/\/elregionalvm.com.ar\/noticias-villa-maria\/"},{"@type":"ListItem","position":2,"name":"Ayudas econ\u00f3micas de la Provincia: incorporan m\u00e1s rubros afectados por la pandemia"}]},{"@type":"WebSite","@id":"http:\/\/elregionalvm.com.ar\/noticias-villa-maria\/#website","url":"http:\/\/elregionalvm.com.ar\/noticias-villa-maria\/","name":"El Regional","description":"Mucho m\u00e1s que informaci\u00f3n","potentialAction":[{"@type":"SearchAction","target":{"@type":"EntryPoint","urlTemplate":"http:\/\/elregionalvm.com.ar\/noticias-villa-maria\/?s={search_term_string}"},"query-input":{"@type":"PropertyValueSpecification","valueRequired":true,"valueName":"search_term_string"}}],"inLanguage":"es"},{"@type":"Person","@id":"http:\/\/elregionalvm.com.ar\/noticias-villa-maria\/#\/schema\/person\/a0fb9c422317faca23d50163151bc354","name":"Contenidos El Regional","image":{"@type":"ImageObject","inLanguage":"es","@id":"http:\/\/elregionalvm.com.ar\/noticias-villa-maria\/#\/schema\/person\/image\/","url":"https:\/\/secure.gravatar.com\/avatar\/265b27cb2209af7bb3a1318f03305787d7981a5cc6e6cd08fe5a4ecdf99d4b48?s=96&d=mm&r=g","contentUrl":"https:\/\/secure.gravatar.com\/avatar\/265b27cb2209af7bb3a1318f03305787d7981a5cc6e6cd08fe5a4ecdf99d4b48?s=96&d=mm&r=g","caption":"Contenidos El Regional"},"url":"https:\/\/elregionalvm.com.ar\/noticias-villa-maria\/author\/contenido\/"}]}},"jetpack_featured_media_url":"https:\/\/i0.wp.com\/elregionalvm.com.ar\/noticias-villa-maria\/wp-content\/uploads\/2021\/06\/Jardincito.jpeg?fit=993%2C660&ssl=1","jetpack_sharing_enabled":true,"_links":{"self":[{"href":"https:\/\/elregionalvm.com.ar\/noticias-villa-maria\/wp-json\/wp\/v2\/posts\/39072","targetHints":{"allow":["GET"]}}],"collection":[{"href":"https:\/\/elregionalvm.com.ar\/noticias-villa-maria\/wp-json\/wp\/v2\/posts"}],"about":[{"href":"https:\/\/elregionalvm.com.ar\/noticias-villa-maria\/wp-json\/wp\/v2\/types\/post"}],"author":[{"embeddable":true,"href":"https:\/\/elregionalvm.com.ar\/noticias-villa-maria\/wp-json\/wp\/v2\/users\/4"}],"replies":[{"embeddable":true,"href":"https:\/\/elregionalvm.com.ar\/noticias-villa-maria\/wp-json\/wp\/v2\/comments?post=39072"}],"version-history":[{"count":1,"href":"https:\/\/elregionalvm.com.ar\/noticias-villa-maria\/wp-json\/wp\/v2\/posts\/39072\/revisions"}],"predecessor-version":[{"id":39074,"href":"https:\/\/elregionalvm.com.ar\/noticias-villa-maria\/wp-json\/wp\/v2\/posts\/39072\/revisions\/39074"}],"wp:featuredmedia":[{"embeddable":true,"href":"https:\/\/elregionalvm.com.ar\/noticias-villa-maria\/wp-json\/wp\/v2\/media\/39073"}],"wp:attachment":[{"href":"https:\/\/elregionalvm.com.ar\/noticias-villa-maria\/wp-json\/wp\/v2\/media?parent=39072"}],"wp:term":[{"taxonomy":"category","embeddable":true,"href":"https:\/\/elregionalvm.com.ar\/noticias-villa-maria\/wp-json\/wp\/v2\/categories?post=39072"},{"taxonomy":"post_tag","embeddable":true,"href":"https:\/\/elregionalvm.com.ar\/noticias-villa-maria\/wp-json\/wp\/v2\/tags?post=39072"}],"curies":[{"name":"wp","href":"https:\/\/api.w.org\/{rel}","templated":true}]}}