{"id":39075,"date":"2021-06-08T19:44:30","date_gmt":"2021-06-08T19:44:30","guid":{"rendered":"https:\/\/elregionalvm.com.ar\/noticias-villa-maria\/?p=39075"},"modified":"2021-06-08T19:44:31","modified_gmt":"2021-06-08T19:44:31","slug":"para-asegurar-camas-criticas-aceleran-el-alta-y-los-pacientes-seran-controlados-en-sus-domicilios","status":"publish","type":"post","link":"https:\/\/elregionalvm.com.ar\/noticias-villa-maria\/para-asegurar-camas-criticas-aceleran-el-alta-y-los-pacientes-seran-controlados-en-sus-domicilios\/","title":{"rendered":"Para asegurar camas cr\u00edticas, aceleran el alta y los  pacientes ser\u00e1n controlados en sus domicilios"},"content":{"rendered":"\n<p><\/p>\n\n\n\n<p>La disponibilidad de camas cr\u00edticas viene en retroceso en los \u00faltimos d\u00edas en toda la provincia de C\u00f3rdoba.<\/p>\n\n\n\n<p>Para atender a la demanda, acelerar la cantidad de d\u00edas promedio de internaci\u00f3n y asegurar la atenci\u00f3n poshospitalaria de los pacientes dados de alta, el Ministerio de Salud cre\u00f3 una unidad de atenci\u00f3n domiciliaria.<\/p>\n\n\n\n<p>Se utilizar\u00e1 para monitorear el alta temprana y la evoluci\u00f3n de esos enfermos que ocupan camas cr\u00edticas.<\/p>\n\n\n\n<p>Denominada \u201cC\u00f3digo Rojo\u201d, la resoluci\u00f3n oficial define el sistema como \u201cun m\u00f3dulo especial de atenci\u00f3n domiciliaria para pacientes con Covid-19 positivo y pacientes post Covid-19 y la provisi\u00f3n de ox\u00edgeno de uso domiciliario, en caso de corresponder\u201d.<\/p>\n\n\n\n<p><strong>Modo de trabajo<\/strong><\/p>\n\n\n\n<p>El m\u00f3dulo de atenci\u00f3n domiciliaria prev\u00e9 entre dos y tres visitas m\u00e9dicas presenciales, por d\u00eda, por un lapso no menor a 10 d\u00edas para quienes egresen de camas de terapia.<\/p>\n\n\n\n<p>Contempla tambi\u00e9n el seguimiento telef\u00f3nico del paciente, la provisi\u00f3n de ox\u00edgeno, la visita de personal de enfermer\u00eda y la administraci\u00f3n de medicamentos.<\/p>\n\n\n\n<p>Para tratamientos prolongados, se estableci\u00f3 una pauta de d\u00eda adicional, para cada servicio.<\/p>\n","protected":false},"excerpt":{"rendered":"<p>La disponibilidad de camas cr\u00edticas viene en retroceso en los \u00faltimos d\u00edas en toda la provincia de C\u00f3rdoba. Para atender a la demanda, acelerar la cantidad de d\u00edas promedio de internaci\u00f3n y asegurar la atenci\u00f3n poshospitalaria de los pacientes dados de alta, el Ministerio de Salud cre\u00f3 una unidad de atenci\u00f3n domiciliaria. Se utilizar\u00e1 para [&hellip;]<\/p>\n","protected":false},"author":4,"featured_media":37068,"comment_status":"open","ping_status":"open","sticky":false,"template":"","format":"standard","meta":{"site-sidebar-layout":"default","site-content-layout":"default","ast-site-content-layout":"default","site-content-style":"default","site-sidebar-style":"default","ast-global-header-display":"","ast-banner-title-visibility":"","ast-main-header-display":"","ast-hfb-above-header-display":"","ast-hfb-below-header-display":"","ast-hfb-mobile-header-display":"","site-post-title":"","ast-breadcrumbs-content":"","ast-featured-img":"","footer-sml-layout":"","ast-disable-related-posts":"","theme-transparent-header-meta":"default","adv-header-id-meta":"","stick-header-meta":"","header-above-stick-meta":"","header-main-stick-meta":"","header-below-stick-meta":"","astra-migrate-meta-layouts":"default","ast-page-background-enabled":"default","ast-page-background-meta":{"desktop":{"background-color":"","background-image":"","background-repeat":"repeat","background-position":"center center","background-size":"auto","background-attachment":"scroll","background-type":"","background-media":"","overlay-type":"","overlay-color":"","overlay-opacity":"","overlay-gradient":""},"tablet":{"background-color":"","background-image":"","background-repeat":"repeat","background-position":"center center","background-size":"auto","background-attachment":"scroll","background-type":"","background-media":"","overlay-type":"","overlay-color":"","overlay-opacity":"","overlay-gradient":""},"mobile":{"background-color":"","background-image":"","background-repeat":"repeat","background-position":"center center","background-size":"auto","background-attachment":"scroll","background-type":"","background-media":"","overlay-type":"","overlay-color":"","overlay-opacity":"","overlay-gradient":""}},"ast-content-background-meta":{"desktop":{"background-color":"var(--ast-global-color-5)","background-image":"","background-repeat":"repeat","background-position":"center center","background-size":"auto","background-attachment":"scroll","background-type":"","background-media":"","overlay-type":"","overlay-color":"","overlay-opacity":"","overlay-gradient":""},"tablet":{"background-color":"var(--ast-global-color-5)","background-image":"","background-repeat":"repeat","background-position":"center center","background-size":"auto","background-attachment":"scroll","background-type":"","background-media":"","overlay-type":"","overlay-color":"","overlay-opacity":"","overlay-gradient":""},"mobile":{"background-color":"var(--ast-global-color-5)","background-image":"","background-repeat":"repeat","background-position":"center center","background-size":"auto","background-attachment":"scroll","background-type":"","background-media":"","overlay-type":"","overlay-color":"","overlay-opacity":"","overlay-gradient":""}},"_jetpack_memberships_contains_paid_content":false,"_joinchat":[],"footnotes":""},"categories":[2256,5],"tags":[9434,9433,9435,2865,1232,2965,1998],"class_list":["post-39075","post","type-post","status-publish","format-standard","has-post-thumbnail","hentry","category-coronavirus","category-sociedad","tag-altas-tempranas","tag-codigo-rojo","tag-control-domiciliario","tag-covid-19-2","tag-destacado","tag-ministerio-de-salud","tag-pandemia"],"yoast_head":"<!-- This site is optimized with the Yoast SEO plugin v26.8 - https:\/\/yoast.com\/product\/yoast-seo-wordpress\/ -->\n<title>Para asegurar camas cr\u00edticas, aceleran el alta y los pacientes ser\u00e1n controlados en sus domicilios - El Regional<\/title>\n<meta name=\"description\" content=\"El Ministerio de Salud cre\u00f3 una unidad de atenci\u00f3n domiciliaria. Se utilizar\u00e1 para monitorear el alta y la evoluci\u00f3n de esos enfermos.\" \/>\n<meta name=\"robots\" content=\"index, follow, max-snippet:-1, max-image-preview:large, max-video-preview:-1\" \/>\n<link rel=\"canonical\" href=\"http:\/\/elregionalvm.com.ar\/noticias-villa-maria\/para-asegurar-camas-criticas-aceleran-el-alta-y-los-pacientes-seran-controlados-en-sus-domicilios\/\" \/>\n<meta property=\"og:locale\" content=\"es_ES\" \/>\n<meta property=\"og:type\" content=\"article\" \/>\n<meta property=\"og:title\" content=\"Para asegurar camas cr\u00edticas, aceleran el alta y los pacientes ser\u00e1n controlados en sus domicilios - El Regional\" \/>\n<meta property=\"og:description\" content=\"El Ministerio de Salud cre\u00f3 una unidad de atenci\u00f3n domiciliaria. Se utilizar\u00e1 para monitorear el alta y la evoluci\u00f3n de esos enfermos.\" \/>\n<meta property=\"og:url\" content=\"http:\/\/elregionalvm.com.ar\/noticias-villa-maria\/para-asegurar-camas-criticas-aceleran-el-alta-y-los-pacientes-seran-controlados-en-sus-domicilios\/\" \/>\n<meta property=\"og:site_name\" content=\"El Regional\" \/>\n<meta property=\"article:publisher\" content=\"https:\/\/www.facebook.com\/elregionalvm\" \/>\n<meta property=\"article:published_time\" content=\"2021-06-08T19:44:30+00:00\" \/>\n<meta property=\"article:modified_time\" content=\"2021-06-08T19:44:31+00:00\" \/>\n<meta property=\"og:image\" content=\"http:\/\/elregionalvm.com.ar\/noticias-villa-maria\/wp-content\/uploads\/2021\/05\/covid-19.jpeg\" \/>\n\t<meta property=\"og:image:width\" content=\"620\" \/>\n\t<meta property=\"og:image:height\" content=\"349\" \/>\n\t<meta property=\"og:image:type\" content=\"image\/jpeg\" \/>\n<meta name=\"author\" content=\"Contenidos El Regional\" \/>\n<meta name=\"twitter:card\" content=\"summary_large_image\" \/>\n<meta name=\"twitter:creator\" content=\"@elregionalvm1\" \/>\n<meta name=\"twitter:site\" content=\"@elregionalvm1\" \/>\n<meta name=\"twitter:label1\" content=\"Escrito por\" \/>\n\t<meta name=\"twitter:data1\" content=\"Contenidos El Regional\" \/>\n\t<meta name=\"twitter:label2\" content=\"Tiempo de lectura\" \/>\n\t<meta name=\"twitter:data2\" content=\"1 minuto\" \/>\n<script type=\"application\/ld+json\" class=\"yoast-schema-graph\">{\"@context\":\"https:\/\/schema.org\",\"@graph\":[{\"@type\":\"Article\",\"@id\":\"http:\/\/elregionalvm.com.ar\/noticias-villa-maria\/para-asegurar-camas-criticas-aceleran-el-alta-y-los-pacientes-seran-controlados-en-sus-domicilios\/#article\",\"isPartOf\":{\"@id\":\"http:\/\/elregionalvm.com.ar\/noticias-villa-maria\/para-asegurar-camas-criticas-aceleran-el-alta-y-los-pacientes-seran-controlados-en-sus-domicilios\/\"},\"author\":{\"name\":\"Contenidos El Regional\",\"@id\":\"http:\/\/elregionalvm.com.ar\/noticias-villa-maria\/#\/schema\/person\/a0fb9c422317faca23d50163151bc354\"},\"headline\":\"Para asegurar camas cr\u00edticas, aceleran el alta y los pacientes ser\u00e1n controlados en sus domicilios\",\"datePublished\":\"2021-06-08T19:44:30+00:00\",\"dateModified\":\"2021-06-08T19:44:31+00:00\",\"mainEntityOfPage\":{\"@id\":\"http:\/\/elregionalvm.com.ar\/noticias-villa-maria\/para-asegurar-camas-criticas-aceleran-el-alta-y-los-pacientes-seran-controlados-en-sus-domicilios\/\"},\"wordCount\":217,\"commentCount\":0,\"image\":{\"@id\":\"http:\/\/elregionalvm.com.ar\/noticias-villa-maria\/para-asegurar-camas-criticas-aceleran-el-alta-y-los-pacientes-seran-controlados-en-sus-domicilios\/#primaryimage\"},\"thumbnailUrl\":\"https:\/\/i0.wp.com\/elregionalvm.com.ar\/noticias-villa-maria\/wp-content\/uploads\/2021\/05\/covid-19.jpeg?fit=620%2C349&ssl=1\",\"keywords\":[\"Altas tempranas\",\"C\u00f3digo Rojo\",\"Control domiciliario\",\"Covid 19\",\"destacado\",\"Ministerio de Salud\",\"pandemia\"],\"articleSection\":[\"Coronavirus\",\"Sociedad\"],\"inLanguage\":\"es\",\"potentialAction\":[{\"@type\":\"CommentAction\",\"name\":\"Comment\",\"target\":[\"http:\/\/elregionalvm.com.ar\/noticias-villa-maria\/para-asegurar-camas-criticas-aceleran-el-alta-y-los-pacientes-seran-controlados-en-sus-domicilios\/#respond\"]}]},{\"@type\":\"WebPage\",\"@id\":\"http:\/\/elregionalvm.com.ar\/noticias-villa-maria\/para-asegurar-camas-criticas-aceleran-el-alta-y-los-pacientes-seran-controlados-en-sus-domicilios\/\",\"url\":\"http:\/\/elregionalvm.com.ar\/noticias-villa-maria\/para-asegurar-camas-criticas-aceleran-el-alta-y-los-pacientes-seran-controlados-en-sus-domicilios\/\",\"name\":\"Para asegurar camas cr\u00edticas, aceleran el alta y los pacientes ser\u00e1n controlados en sus domicilios - El Regional\",\"isPartOf\":{\"@id\":\"http:\/\/elregionalvm.com.ar\/noticias-villa-maria\/#website\"},\"primaryImageOfPage\":{\"@id\":\"http:\/\/elregionalvm.com.ar\/noticias-villa-maria\/para-asegurar-camas-criticas-aceleran-el-alta-y-los-pacientes-seran-controlados-en-sus-domicilios\/#primaryimage\"},\"image\":{\"@id\":\"http:\/\/elregionalvm.com.ar\/noticias-villa-maria\/para-asegurar-camas-criticas-aceleran-el-alta-y-los-pacientes-seran-controlados-en-sus-domicilios\/#primaryimage\"},\"thumbnailUrl\":\"https:\/\/i0.wp.com\/elregionalvm.com.ar\/noticias-villa-maria\/wp-content\/uploads\/2021\/05\/covid-19.jpeg?fit=620%2C349&ssl=1\",\"datePublished\":\"2021-06-08T19:44:30+00:00\",\"dateModified\":\"2021-06-08T19:44:31+00:00\",\"author\":{\"@id\":\"http:\/\/elregionalvm.com.ar\/noticias-villa-maria\/#\/schema\/person\/a0fb9c422317faca23d50163151bc354\"},\"description\":\"El Ministerio de Salud cre\u00f3 una unidad de atenci\u00f3n domiciliaria. Se utilizar\u00e1 para monitorear el alta y la evoluci\u00f3n de esos enfermos.\",\"breadcrumb\":{\"@id\":\"http:\/\/elregionalvm.com.ar\/noticias-villa-maria\/para-asegurar-camas-criticas-aceleran-el-alta-y-los-pacientes-seran-controlados-en-sus-domicilios\/#breadcrumb\"},\"inLanguage\":\"es\",\"potentialAction\":[{\"@type\":\"ReadAction\",\"target\":[\"http:\/\/elregionalvm.com.ar\/noticias-villa-maria\/para-asegurar-camas-criticas-aceleran-el-alta-y-los-pacientes-seran-controlados-en-sus-domicilios\/\"]}]},{\"@type\":\"ImageObject\",\"inLanguage\":\"es\",\"@id\":\"http:\/\/elregionalvm.com.ar\/noticias-villa-maria\/para-asegurar-camas-criticas-aceleran-el-alta-y-los-pacientes-seran-controlados-en-sus-domicilios\/#primaryimage\",\"url\":\"https:\/\/i0.wp.com\/elregionalvm.com.ar\/noticias-villa-maria\/wp-content\/uploads\/2021\/05\/covid-19.jpeg?fit=620%2C349&ssl=1\",\"contentUrl\":\"https:\/\/i0.wp.com\/elregionalvm.com.ar\/noticias-villa-maria\/wp-content\/uploads\/2021\/05\/covid-19.jpeg?fit=620%2C349&ssl=1\",\"width\":620,\"height\":349},{\"@type\":\"BreadcrumbList\",\"@id\":\"http:\/\/elregionalvm.com.ar\/noticias-villa-maria\/para-asegurar-camas-criticas-aceleran-el-alta-y-los-pacientes-seran-controlados-en-sus-domicilios\/#breadcrumb\",\"itemListElement\":[{\"@type\":\"ListItem\",\"position\":1,\"name\":\"Portada\",\"item\":\"https:\/\/elregionalvm.com.ar\/noticias-villa-maria\/\"},{\"@type\":\"ListItem\",\"position\":2,\"name\":\"Para asegurar camas cr\u00edticas, aceleran el alta y los pacientes ser\u00e1n controlados en sus domicilios\"}]},{\"@type\":\"WebSite\",\"@id\":\"http:\/\/elregionalvm.com.ar\/noticias-villa-maria\/#website\",\"url\":\"http:\/\/elregionalvm.com.ar\/noticias-villa-maria\/\",\"name\":\"El Regional\",\"description\":\"Mucho m\u00e1s que informaci\u00f3n\",\"potentialAction\":[{\"@type\":\"SearchAction\",\"target\":{\"@type\":\"EntryPoint\",\"urlTemplate\":\"http:\/\/elregionalvm.com.ar\/noticias-villa-maria\/?s={search_term_string}\"},\"query-input\":{\"@type\":\"PropertyValueSpecification\",\"valueRequired\":true,\"valueName\":\"search_term_string\"}}],\"inLanguage\":\"es\"},{\"@type\":\"Person\",\"@id\":\"http:\/\/elregionalvm.com.ar\/noticias-villa-maria\/#\/schema\/person\/a0fb9c422317faca23d50163151bc354\",\"name\":\"Contenidos El Regional\",\"image\":{\"@type\":\"ImageObject\",\"inLanguage\":\"es\",\"@id\":\"http:\/\/elregionalvm.com.ar\/noticias-villa-maria\/#\/schema\/person\/image\/\",\"url\":\"https:\/\/secure.gravatar.com\/avatar\/265b27cb2209af7bb3a1318f03305787d7981a5cc6e6cd08fe5a4ecdf99d4b48?s=96&d=mm&r=g\",\"contentUrl\":\"https:\/\/secure.gravatar.com\/avatar\/265b27cb2209af7bb3a1318f03305787d7981a5cc6e6cd08fe5a4ecdf99d4b48?s=96&d=mm&r=g\",\"caption\":\"Contenidos El Regional\"},\"url\":\"https:\/\/elregionalvm.com.ar\/noticias-villa-maria\/author\/contenido\/\"}]}<\/script>\n<!-- \/ Yoast SEO plugin. -->","yoast_head_json":{"title":"Para asegurar camas cr\u00edticas, aceleran el alta y los pacientes ser\u00e1n controlados en sus domicilios - El Regional","description":"El Ministerio de Salud cre\u00f3 una unidad de atenci\u00f3n domiciliaria. Se utilizar\u00e1 para monitorear el alta y la evoluci\u00f3n de esos enfermos.","robots":{"index":"index","follow":"follow","max-snippet":"max-snippet:-1","max-image-preview":"max-image-preview:large","max-video-preview":"max-video-preview:-1"},"canonical":"http:\/\/elregionalvm.com.ar\/noticias-villa-maria\/para-asegurar-camas-criticas-aceleran-el-alta-y-los-pacientes-seran-controlados-en-sus-domicilios\/","og_locale":"es_ES","og_type":"article","og_title":"Para asegurar camas cr\u00edticas, aceleran el alta y los pacientes ser\u00e1n controlados en sus domicilios - El Regional","og_description":"El Ministerio de Salud cre\u00f3 una unidad de atenci\u00f3n domiciliaria. Se utilizar\u00e1 para monitorear el alta y la evoluci\u00f3n de esos enfermos.","og_url":"http:\/\/elregionalvm.com.ar\/noticias-villa-maria\/para-asegurar-camas-criticas-aceleran-el-alta-y-los-pacientes-seran-controlados-en-sus-domicilios\/","og_site_name":"El Regional","article_publisher":"https:\/\/www.facebook.com\/elregionalvm","article_published_time":"2021-06-08T19:44:30+00:00","article_modified_time":"2021-06-08T19:44:31+00:00","og_image":[{"width":620,"height":349,"url":"http:\/\/elregionalvm.com.ar\/noticias-villa-maria\/wp-content\/uploads\/2021\/05\/covid-19.jpeg","type":"image\/jpeg"}],"author":"Contenidos El Regional","twitter_card":"summary_large_image","twitter_creator":"@elregionalvm1","twitter_site":"@elregionalvm1","twitter_misc":{"Escrito por":"Contenidos El Regional","Tiempo de lectura":"1 minuto"},"schema":{"@context":"https:\/\/schema.org","@graph":[{"@type":"Article","@id":"http:\/\/elregionalvm.com.ar\/noticias-villa-maria\/para-asegurar-camas-criticas-aceleran-el-alta-y-los-pacientes-seran-controlados-en-sus-domicilios\/#article","isPartOf":{"@id":"http:\/\/elregionalvm.com.ar\/noticias-villa-maria\/para-asegurar-camas-criticas-aceleran-el-alta-y-los-pacientes-seran-controlados-en-sus-domicilios\/"},"author":{"name":"Contenidos El Regional","@id":"http:\/\/elregionalvm.com.ar\/noticias-villa-maria\/#\/schema\/person\/a0fb9c422317faca23d50163151bc354"},"headline":"Para asegurar camas cr\u00edticas, aceleran el alta y los pacientes ser\u00e1n controlados en sus domicilios","datePublished":"2021-06-08T19:44:30+00:00","dateModified":"2021-06-08T19:44:31+00:00","mainEntityOfPage":{"@id":"http:\/\/elregionalvm.com.ar\/noticias-villa-maria\/para-asegurar-camas-criticas-aceleran-el-alta-y-los-pacientes-seran-controlados-en-sus-domicilios\/"},"wordCount":217,"commentCount":0,"image":{"@id":"http:\/\/elregionalvm.com.ar\/noticias-villa-maria\/para-asegurar-camas-criticas-aceleran-el-alta-y-los-pacientes-seran-controlados-en-sus-domicilios\/#primaryimage"},"thumbnailUrl":"https:\/\/i0.wp.com\/elregionalvm.com.ar\/noticias-villa-maria\/wp-content\/uploads\/2021\/05\/covid-19.jpeg?fit=620%2C349&ssl=1","keywords":["Altas tempranas","C\u00f3digo Rojo","Control domiciliario","Covid 19","destacado","Ministerio de Salud","pandemia"],"articleSection":["Coronavirus","Sociedad"],"inLanguage":"es","potentialAction":[{"@type":"CommentAction","name":"Comment","target":["http:\/\/elregionalvm.com.ar\/noticias-villa-maria\/para-asegurar-camas-criticas-aceleran-el-alta-y-los-pacientes-seran-controlados-en-sus-domicilios\/#respond"]}]},{"@type":"WebPage","@id":"http:\/\/elregionalvm.com.ar\/noticias-villa-maria\/para-asegurar-camas-criticas-aceleran-el-alta-y-los-pacientes-seran-controlados-en-sus-domicilios\/","url":"http:\/\/elregionalvm.com.ar\/noticias-villa-maria\/para-asegurar-camas-criticas-aceleran-el-alta-y-los-pacientes-seran-controlados-en-sus-domicilios\/","name":"Para asegurar camas cr\u00edticas, aceleran el alta y los pacientes ser\u00e1n controlados en sus domicilios - El Regional","isPartOf":{"@id":"http:\/\/elregionalvm.com.ar\/noticias-villa-maria\/#website"},"primaryImageOfPage":{"@id":"http:\/\/elregionalvm.com.ar\/noticias-villa-maria\/para-asegurar-camas-criticas-aceleran-el-alta-y-los-pacientes-seran-controlados-en-sus-domicilios\/#primaryimage"},"image":{"@id":"http:\/\/elregionalvm.com.ar\/noticias-villa-maria\/para-asegurar-camas-criticas-aceleran-el-alta-y-los-pacientes-seran-controlados-en-sus-domicilios\/#primaryimage"},"thumbnailUrl":"https:\/\/i0.wp.com\/elregionalvm.com.ar\/noticias-villa-maria\/wp-content\/uploads\/2021\/05\/covid-19.jpeg?fit=620%2C349&ssl=1","datePublished":"2021-06-08T19:44:30+00:00","dateModified":"2021-06-08T19:44:31+00:00","author":{"@id":"http:\/\/elregionalvm.com.ar\/noticias-villa-maria\/#\/schema\/person\/a0fb9c422317faca23d50163151bc354"},"description":"El Ministerio de Salud cre\u00f3 una unidad de atenci\u00f3n domiciliaria. Se utilizar\u00e1 para monitorear el alta y la evoluci\u00f3n de esos enfermos.","breadcrumb":{"@id":"http:\/\/elregionalvm.com.ar\/noticias-villa-maria\/para-asegurar-camas-criticas-aceleran-el-alta-y-los-pacientes-seran-controlados-en-sus-domicilios\/#breadcrumb"},"inLanguage":"es","potentialAction":[{"@type":"ReadAction","target":["http:\/\/elregionalvm.com.ar\/noticias-villa-maria\/para-asegurar-camas-criticas-aceleran-el-alta-y-los-pacientes-seran-controlados-en-sus-domicilios\/"]}]},{"@type":"ImageObject","inLanguage":"es","@id":"http:\/\/elregionalvm.com.ar\/noticias-villa-maria\/para-asegurar-camas-criticas-aceleran-el-alta-y-los-pacientes-seran-controlados-en-sus-domicilios\/#primaryimage","url":"https:\/\/i0.wp.com\/elregionalvm.com.ar\/noticias-villa-maria\/wp-content\/uploads\/2021\/05\/covid-19.jpeg?fit=620%2C349&ssl=1","contentUrl":"https:\/\/i0.wp.com\/elregionalvm.com.ar\/noticias-villa-maria\/wp-content\/uploads\/2021\/05\/covid-19.jpeg?fit=620%2C349&ssl=1","width":620,"height":349},{"@type":"BreadcrumbList","@id":"http:\/\/elregionalvm.com.ar\/noticias-villa-maria\/para-asegurar-camas-criticas-aceleran-el-alta-y-los-pacientes-seran-controlados-en-sus-domicilios\/#breadcrumb","itemListElement":[{"@type":"ListItem","position":1,"name":"Portada","item":"https:\/\/elregionalvm.com.ar\/noticias-villa-maria\/"},{"@type":"ListItem","position":2,"name":"Para asegurar camas cr\u00edticas, aceleran el alta y los pacientes ser\u00e1n controlados en sus domicilios"}]},{"@type":"WebSite","@id":"http:\/\/elregionalvm.com.ar\/noticias-villa-maria\/#website","url":"http:\/\/elregionalvm.com.ar\/noticias-villa-maria\/","name":"El Regional","description":"Mucho m\u00e1s que informaci\u00f3n","potentialAction":[{"@type":"SearchAction","target":{"@type":"EntryPoint","urlTemplate":"http:\/\/elregionalvm.com.ar\/noticias-villa-maria\/?s={search_term_string}"},"query-input":{"@type":"PropertyValueSpecification","valueRequired":true,"valueName":"search_term_string"}}],"inLanguage":"es"},{"@type":"Person","@id":"http:\/\/elregionalvm.com.ar\/noticias-villa-maria\/#\/schema\/person\/a0fb9c422317faca23d50163151bc354","name":"Contenidos El Regional","image":{"@type":"ImageObject","inLanguage":"es","@id":"http:\/\/elregionalvm.com.ar\/noticias-villa-maria\/#\/schema\/person\/image\/","url":"https:\/\/secure.gravatar.com\/avatar\/265b27cb2209af7bb3a1318f03305787d7981a5cc6e6cd08fe5a4ecdf99d4b48?s=96&d=mm&r=g","contentUrl":"https:\/\/secure.gravatar.com\/avatar\/265b27cb2209af7bb3a1318f03305787d7981a5cc6e6cd08fe5a4ecdf99d4b48?s=96&d=mm&r=g","caption":"Contenidos El Regional"},"url":"https:\/\/elregionalvm.com.ar\/noticias-villa-maria\/author\/contenido\/"}]}},"jetpack_featured_media_url":"https:\/\/i0.wp.com\/elregionalvm.com.ar\/noticias-villa-maria\/wp-content\/uploads\/2021\/05\/covid-19.jpeg?fit=620%2C349&ssl=1","jetpack_sharing_enabled":true,"_links":{"self":[{"href":"https:\/\/elregionalvm.com.ar\/noticias-villa-maria\/wp-json\/wp\/v2\/posts\/39075","targetHints":{"allow":["GET"]}}],"collection":[{"href":"https:\/\/elregionalvm.com.ar\/noticias-villa-maria\/wp-json\/wp\/v2\/posts"}],"about":[{"href":"https:\/\/elregionalvm.com.ar\/noticias-villa-maria\/wp-json\/wp\/v2\/types\/post"}],"author":[{"embeddable":true,"href":"https:\/\/elregionalvm.com.ar\/noticias-villa-maria\/wp-json\/wp\/v2\/users\/4"}],"replies":[{"embeddable":true,"href":"https:\/\/elregionalvm.com.ar\/noticias-villa-maria\/wp-json\/wp\/v2\/comments?post=39075"}],"version-history":[{"count":1,"href":"https:\/\/elregionalvm.com.ar\/noticias-villa-maria\/wp-json\/wp\/v2\/posts\/39075\/revisions"}],"predecessor-version":[{"id":39076,"href":"https:\/\/elregionalvm.com.ar\/noticias-villa-maria\/wp-json\/wp\/v2\/posts\/39075\/revisions\/39076"}],"wp:featuredmedia":[{"embeddable":true,"href":"https:\/\/elregionalvm.com.ar\/noticias-villa-maria\/wp-json\/wp\/v2\/media\/37068"}],"wp:attachment":[{"href":"https:\/\/elregionalvm.com.ar\/noticias-villa-maria\/wp-json\/wp\/v2\/media?parent=39075"}],"wp:term":[{"taxonomy":"category","embeddable":true,"href":"https:\/\/elregionalvm.com.ar\/noticias-villa-maria\/wp-json\/wp\/v2\/categories?post=39075"},{"taxonomy":"post_tag","embeddable":true,"href":"https:\/\/elregionalvm.com.ar\/noticias-villa-maria\/wp-json\/wp\/v2\/tags?post=39075"}],"curies":[{"name":"wp","href":"https:\/\/api.w.org\/{rel}","templated":true}]}}