{"id":39078,"date":"2021-06-08T22:35:38","date_gmt":"2021-06-08T22:35:38","guid":{"rendered":"https:\/\/elregionalvm.com.ar\/noticias-villa-maria\/?p=39078"},"modified":"2021-06-08T22:36:06","modified_gmt":"2021-06-08T22:36:06","slug":"la-carpa-prehospitalaria-frente-al-pasteur-supero-las-200-consultas","status":"publish","type":"post","link":"https:\/\/elregionalvm.com.ar\/noticias-villa-maria\/la-carpa-prehospitalaria-frente-al-pasteur-supero-las-200-consultas\/","title":{"rendered":"La carpa prehospitalaria frente al Pasteur super\u00f3 las 200 consultas"},"content":{"rendered":"\n<p><br>\u00a0El dispositivo prehospitalario para evaluaci\u00f3n de pacientes con covid 19 super\u00f3 las doscientas consultas desde el comienzo del funcionamiento de esta nueva\u00a0modalidad que posibilita descomprimir la atenci\u00f3n en los nosocomios provinciales, informaron esta tarde desde el Hospital Pasteur.<\/p>\n\n\n\n<p>Desde la coordinaci\u00f3n de la carpa, a cargo de la m\u00e9dica Rebeca Nicoletti y la infect\u00f3loga Soledad Frola, confirmaron que el promedio diario de atenci\u00f3n ronda un promedio de 40 pacientes. \u201cCada localidad tiene a su cargo la valoraci\u00f3n de los pacientes covid positivos y deben enviar aquellos prioritarios que son los com\u00f3rbidos mayores de 30 a\u00f1os o quienes no superen esa edad, pero manifiesten criterios de evaluaci\u00f3n inmediata para evitar que su situaci\u00f3n se complejice\u201d, explic\u00f3 Nicoletti.<\/p>\n\n\n\n<figure class=\"wp-block-gallery columns-2 is-cropped wp-block-gallery-1 is-layout-flex wp-block-gallery-is-layout-flex\"><ul class=\"blocks-gallery-grid\"><li class=\"blocks-gallery-item\"><figure><img data-recalc-dims=\"1\" fetchpriority=\"high\" decoding=\"async\" width=\"1024\" height=\"683\" src=\"https:\/\/i0.wp.com\/elregionalvm.com.ar\/noticias-villa-maria\/wp-content\/uploads\/2021\/06\/WhatsApp-Image-2021-06-08-at-18.57.49.jpeg?resize=1024%2C683&#038;ssl=1\" alt=\"\" data-id=\"39080\" data-link=\"https:\/\/elregionalvm.com.ar\/noticias-villa-maria\/?attachment_id=39080\" class=\"wp-image-39080\" srcset=\"https:\/\/i0.wp.com\/elregionalvm.com.ar\/noticias-villa-maria\/wp-content\/uploads\/2021\/06\/WhatsApp-Image-2021-06-08-at-18.57.49.jpeg?resize=1024%2C683&amp;ssl=1 1024w, https:\/\/i0.wp.com\/elregionalvm.com.ar\/noticias-villa-maria\/wp-content\/uploads\/2021\/06\/WhatsApp-Image-2021-06-08-at-18.57.49.jpeg?resize=300%2C200&amp;ssl=1 300w, https:\/\/i0.wp.com\/elregionalvm.com.ar\/noticias-villa-maria\/wp-content\/uploads\/2021\/06\/WhatsApp-Image-2021-06-08-at-18.57.49.jpeg?resize=768%2C512&amp;ssl=1 768w, https:\/\/i0.wp.com\/elregionalvm.com.ar\/noticias-villa-maria\/wp-content\/uploads\/2021\/06\/WhatsApp-Image-2021-06-08-at-18.57.49.jpeg?w=1280&amp;ssl=1 1280w\" sizes=\"(max-width: 1000px) 100vw, 1000px\" \/><\/figure><\/li><li class=\"blocks-gallery-item\"><figure><img data-recalc-dims=\"1\" decoding=\"async\" width=\"1024\" height=\"683\" src=\"https:\/\/i0.wp.com\/elregionalvm.com.ar\/noticias-villa-maria\/wp-content\/uploads\/2021\/06\/WhatsApp-Image-2021-06-08-at-18.57.50.jpeg?resize=1024%2C683&#038;ssl=1\" alt=\"\" data-id=\"39081\" data-link=\"https:\/\/elregionalvm.com.ar\/noticias-villa-maria\/?attachment_id=39081\" class=\"wp-image-39081\" srcset=\"https:\/\/i0.wp.com\/elregionalvm.com.ar\/noticias-villa-maria\/wp-content\/uploads\/2021\/06\/WhatsApp-Image-2021-06-08-at-18.57.50.jpeg?resize=1024%2C683&amp;ssl=1 1024w, https:\/\/i0.wp.com\/elregionalvm.com.ar\/noticias-villa-maria\/wp-content\/uploads\/2021\/06\/WhatsApp-Image-2021-06-08-at-18.57.50.jpeg?resize=300%2C200&amp;ssl=1 300w, https:\/\/i0.wp.com\/elregionalvm.com.ar\/noticias-villa-maria\/wp-content\/uploads\/2021\/06\/WhatsApp-Image-2021-06-08-at-18.57.50.jpeg?resize=768%2C512&amp;ssl=1 768w, https:\/\/i0.wp.com\/elregionalvm.com.ar\/noticias-villa-maria\/wp-content\/uploads\/2021\/06\/WhatsApp-Image-2021-06-08-at-18.57.50.jpeg?w=1280&amp;ssl=1 1280w\" sizes=\"(max-width: 1000px) 100vw, 1000px\" \/><\/figure><\/li><\/ul><\/figure>\n\n\n\n<p>El protocolo prehospitalario consiste inicialmente en la toma de los datos (triage), conocer sus comorbilidades y su situaci\u00f3n de vacunaci\u00f3n, para luego dar paso al control de signos vitales y la valoraci\u00f3n cl\u00ednica del paciente. A partir de esta valoraci\u00f3n puede desencadenarse el pedido de m\u00e9todos complementarios: laboratorio b\u00e1sico con indicadores de la enfermedad y, en caso de ser necesario, una tomograf\u00eda de t\u00f3rax para descartar la presencia de una lesi\u00f3n pulmonar compatible con una neumon\u00eda.<\/p>\n\n\n\n<p>Sobre el panorama epidemiol\u00f3gico que surge de la casu\u00edstica abordada, la infect\u00f3loga describi\u00f3 que en las primeras jornadas tuvimos un promedio de seis internaciones diarias por presencia de neumon\u00eda, aunque ahora esa cifra ha bajado y se ha estabilizado. Esto era producto de la evoluci\u00f3n de la enfermedad y de la ausencia de control m\u00e9dico\u201d.<\/p>\n\n\n\n<p>En este sentido Frola confirm\u00f3 que las estad\u00edsticas marcan que muchos pacientes llegan, en promedio, despu\u00e9s de la semana del comienzo de los s\u00edntomas; algo que desde provincia se busca revertir a trav\u00e9s de estos dispositivos que deben trabajar articulados con el primer nivel de atenci\u00f3n\u201d.<\/p>\n\n\n\n<p>\u201cEn estos momentos el panorama se ha modificado en comparaci\u00f3n al inicio de la atenci\u00f3n. Hoy estamos recibiendo pacientes para el tercer o cuarto control y en muchos casos ya asisten para recibir el alta cl\u00ednica que se consensua con la mesa epidemiol\u00f3gica\u201d, destac\u00f3 Nicoletti.<\/p>\n\n\n\n<p>Sobre el grupo etario y la procedencia que accede a esta intervenci\u00f3n Frola explic\u00f3 que est\u00e1 dentro de lo esperado: \u201cadultos j\u00f3venes menores de 60 a\u00f1os y s\u00f3lo dos casos pedi\u00e1tricos mayores de 14 a\u00f1os. La gran mayor\u00eda son de Villa Mar\u00eda y en menor medida de Villa Nueva o la zona.\u201d<\/p>\n\n\n\n<figure class=\"wp-block-gallery columns-2 is-cropped wp-block-gallery-2 is-layout-flex wp-block-gallery-is-layout-flex\"><ul class=\"blocks-gallery-grid\"><li class=\"blocks-gallery-item\"><figure><img data-recalc-dims=\"1\" decoding=\"async\" width=\"1024\" height=\"683\" src=\"https:\/\/i0.wp.com\/elregionalvm.com.ar\/noticias-villa-maria\/wp-content\/uploads\/2021\/06\/WhatsApp-Image-2021-06-08-at-18.57.51-1.jpeg?resize=1024%2C683&#038;ssl=1\" alt=\"\" data-id=\"39083\" data-link=\"https:\/\/elregionalvm.com.ar\/noticias-villa-maria\/?attachment_id=39083\" class=\"wp-image-39083\" srcset=\"https:\/\/i0.wp.com\/elregionalvm.com.ar\/noticias-villa-maria\/wp-content\/uploads\/2021\/06\/WhatsApp-Image-2021-06-08-at-18.57.51-1.jpeg?resize=1024%2C683&amp;ssl=1 1024w, https:\/\/i0.wp.com\/elregionalvm.com.ar\/noticias-villa-maria\/wp-content\/uploads\/2021\/06\/WhatsApp-Image-2021-06-08-at-18.57.51-1.jpeg?resize=300%2C200&amp;ssl=1 300w, https:\/\/i0.wp.com\/elregionalvm.com.ar\/noticias-villa-maria\/wp-content\/uploads\/2021\/06\/WhatsApp-Image-2021-06-08-at-18.57.51-1.jpeg?resize=768%2C512&amp;ssl=1 768w, https:\/\/i0.wp.com\/elregionalvm.com.ar\/noticias-villa-maria\/wp-content\/uploads\/2021\/06\/WhatsApp-Image-2021-06-08-at-18.57.51-1.jpeg?w=1124&amp;ssl=1 1124w\" sizes=\"(max-width: 1000px) 100vw, 1000px\" \/><\/figure><\/li><li class=\"blocks-gallery-item\"><figure><img data-recalc-dims=\"1\" loading=\"lazy\" decoding=\"async\" width=\"1024\" height=\"683\" src=\"https:\/\/i0.wp.com\/elregionalvm.com.ar\/noticias-villa-maria\/wp-content\/uploads\/2021\/06\/WhatsApp-Image-2021-06-08-at-18.57.51-1-1.jpeg?resize=1024%2C683&#038;ssl=1\" alt=\"\" data-id=\"39084\" data-full-url=\"https:\/\/elregionalvm.com.ar\/noticias-villa-maria\/wp-content\/uploads\/2021\/06\/WhatsApp-Image-2021-06-08-at-18.57.51-1-1.jpeg\" data-link=\"https:\/\/elregionalvm.com.ar\/noticias-villa-maria\/?attachment_id=39084\" class=\"wp-image-39084\" srcset=\"https:\/\/i0.wp.com\/elregionalvm.com.ar\/noticias-villa-maria\/wp-content\/uploads\/2021\/06\/WhatsApp-Image-2021-06-08-at-18.57.51-1-1.jpeg?resize=1024%2C683&amp;ssl=1 1024w, https:\/\/i0.wp.com\/elregionalvm.com.ar\/noticias-villa-maria\/wp-content\/uploads\/2021\/06\/WhatsApp-Image-2021-06-08-at-18.57.51-1-1.jpeg?resize=300%2C200&amp;ssl=1 300w, https:\/\/i0.wp.com\/elregionalvm.com.ar\/noticias-villa-maria\/wp-content\/uploads\/2021\/06\/WhatsApp-Image-2021-06-08-at-18.57.51-1-1.jpeg?resize=768%2C512&amp;ssl=1 768w, https:\/\/i0.wp.com\/elregionalvm.com.ar\/noticias-villa-maria\/wp-content\/uploads\/2021\/06\/WhatsApp-Image-2021-06-08-at-18.57.51-1-1.jpeg?w=1280&amp;ssl=1 1280w\" sizes=\"(max-width: 1000px) 100vw, 1000px\" \/><\/figure><\/li><\/ul><\/figure>\n\n\n\n<p>Pese al impacto inicial del dispositivo, ambas profesionales coincidieron en que \u201ctodav\u00eda no est\u00e1 instalado el ideal de consulta desde el primer d\u00eda de s\u00edntoma en la poblaci\u00f3n, sobre todo, en aquellas personas mayores de 45 a\u00f1os que presentan comorbilidad: obesos, hipertensos, pacientes card\u00edacos o diab\u00e9ticos.\u201d<\/p>\n\n\n\n<p>En tal sentido recalcaron que \u201ces muy importante que realicen su consulta con su m\u00e9dico de cabecera en las cl\u00ednicas o en los caps. Eso deriva en una evaluaci\u00f3n temprana y oportuna para despu\u00e9s evitar llegar tard\u00edamente al abordaje\u201d.<\/p>\n\n\n\n<p>Acerca de los tratamientos Nicoletti detall\u00f3 que \u201csi el paciente as\u00ed lo requiere, en el dispositivo se programa el tratamiento de ibuprofeno inhalado, transfusi\u00f3n de plasma de convalecientes o suero equino, que se gestionan con el laboratorio de hemoderivados y el laboratorio central de la provincia, respectivamente.\u201d<\/p>\n\n\n\n<p>Las profesionales del Pasteur resaltaron la labor intra y extra muro desarrollada hasta el momento al precisar que \u201cesta evaluaci\u00f3n demanda un trabajo articulado externo e interno tanto con la atenci\u00f3n primaria p\u00fablica y privada como con los servicios de laboratorio y diagn\u00f3stico por im\u00e1genes y con los distintos profesionales de la guardia central: m\u00e9dicos, enfermeros y camilleros.\u201d<\/p>\n\n\n\n<p>\u201cPara tratar de optimizar los tiempos fue necesario generar distintas estrategias de comunicaci\u00f3n. Esto nos permite generar la din\u00e1mica necesaria en un circuito que finaliza en la evaluaci\u00f3n de los resultados para decidir el tratamiento a seguir. Si es ambulatorio programamos fecha y hora para un nuevo examen, y en caso de requerir internaci\u00f3n se deriva a una cl\u00ednica privada o se queda en nuestro hospital\u201d, concluyeron.<\/p>\n\n\n\n<p><strong>RECURSO HUMANO<\/strong><\/p>\n\n\n\n<p>La totalidad del personal m\u00e9dico accedi\u00f3 a la capacitaci\u00f3n sobre el modelo de protocolo prehospitalario utilizado en los hospitales del interior para el tratamiento de personas con Covid-19.<br>\u00a0<br>El director del hospital Pasteur Sergio Arroyo resalt\u00f3 el compromiso de todos los m\u00e9dicos en acceder a esta instancia que permite readecuar el recurso humano a partir de la reorganizaci\u00f3n interna que venimos desarrollando junto al ministerio para brindar atenci\u00f3n a pacientes con covid.<\/p>\n\n\n\n<figure class=\"wp-block-gallery columns-2 is-cropped wp-block-gallery-3 is-layout-flex wp-block-gallery-is-layout-flex\"><ul class=\"blocks-gallery-grid\"><li class=\"blocks-gallery-item\"><figure><img data-recalc-dims=\"1\" loading=\"lazy\" decoding=\"async\" width=\"1024\" height=\"683\" src=\"https:\/\/i0.wp.com\/elregionalvm.com.ar\/noticias-villa-maria\/wp-content\/uploads\/2021\/06\/WhatsApp-Image-2021-06-08-at-18.57.53-3.jpeg?resize=1024%2C683&#038;ssl=1\" alt=\"\" data-id=\"39088\" data-link=\"https:\/\/elregionalvm.com.ar\/noticias-villa-maria\/?attachment_id=39088\" class=\"wp-image-39088\" srcset=\"https:\/\/i0.wp.com\/elregionalvm.com.ar\/noticias-villa-maria\/wp-content\/uploads\/2021\/06\/WhatsApp-Image-2021-06-08-at-18.57.53-3.jpeg?resize=1024%2C683&amp;ssl=1 1024w, https:\/\/i0.wp.com\/elregionalvm.com.ar\/noticias-villa-maria\/wp-content\/uploads\/2021\/06\/WhatsApp-Image-2021-06-08-at-18.57.53-3.jpeg?resize=300%2C200&amp;ssl=1 300w, https:\/\/i0.wp.com\/elregionalvm.com.ar\/noticias-villa-maria\/wp-content\/uploads\/2021\/06\/WhatsApp-Image-2021-06-08-at-18.57.53-3.jpeg?resize=768%2C512&amp;ssl=1 768w, https:\/\/i0.wp.com\/elregionalvm.com.ar\/noticias-villa-maria\/wp-content\/uploads\/2021\/06\/WhatsApp-Image-2021-06-08-at-18.57.53-3.jpeg?w=1280&amp;ssl=1 1280w\" sizes=\"(max-width: 1000px) 100vw, 1000px\" \/><\/figure><\/li><li class=\"blocks-gallery-item\"><figure><img data-recalc-dims=\"1\" loading=\"lazy\" decoding=\"async\" width=\"1024\" height=\"683\" src=\"https:\/\/i0.wp.com\/elregionalvm.com.ar\/noticias-villa-maria\/wp-content\/uploads\/2021\/06\/WhatsApp-Image-2021-06-08-at-18.57.53-1-1.jpeg?resize=1024%2C683&#038;ssl=1\" alt=\"\" data-id=\"39089\" data-full-url=\"https:\/\/elregionalvm.com.ar\/noticias-villa-maria\/wp-content\/uploads\/2021\/06\/WhatsApp-Image-2021-06-08-at-18.57.53-1-1.jpeg\" data-link=\"https:\/\/elregionalvm.com.ar\/noticias-villa-maria\/?attachment_id=39089\" class=\"wp-image-39089\" srcset=\"https:\/\/i0.wp.com\/elregionalvm.com.ar\/noticias-villa-maria\/wp-content\/uploads\/2021\/06\/WhatsApp-Image-2021-06-08-at-18.57.53-1-1.jpeg?resize=1024%2C683&amp;ssl=1 1024w, https:\/\/i0.wp.com\/elregionalvm.com.ar\/noticias-villa-maria\/wp-content\/uploads\/2021\/06\/WhatsApp-Image-2021-06-08-at-18.57.53-1-1.jpeg?resize=300%2C200&amp;ssl=1 300w, https:\/\/i0.wp.com\/elregionalvm.com.ar\/noticias-villa-maria\/wp-content\/uploads\/2021\/06\/WhatsApp-Image-2021-06-08-at-18.57.53-1-1.jpeg?resize=768%2C512&amp;ssl=1 768w, https:\/\/i0.wp.com\/elregionalvm.com.ar\/noticias-villa-maria\/wp-content\/uploads\/2021\/06\/WhatsApp-Image-2021-06-08-at-18.57.53-1-1.jpeg?w=1124&amp;ssl=1 1124w\" sizes=\"(max-width: 1000px) 100vw, 1000px\" \/><\/figure><\/li><\/ul><\/figure>\n\n\n\n<p>\u201cConvocamos a los profesionales que desarrollan sus actividades fuera del \u00e1rea covid y todos mostraron predisposici\u00f3n para generar estrategias que permitan optimizar el recurso humano actual a partir de la modificaci\u00f3n en la atenci\u00f3n de consultorios externos y las cirug\u00edas programadas\u201d, explic\u00f3 el directivo.<\/p>\n\n\n\n<p>Arroyo expres\u00f3 que, de esta manera, no se resiente la atenci\u00f3n de las enfermedades prevalentes y equilibramos el trabajo de nuestros m\u00e9dicos que ya vienen con un desgaste l\u00f3gico despu\u00e9s de tantos meses de trabajo intenso\u201d.<\/p>\n\n\n\n<p>En toda la labor que realizan, hay una enorme colaboraci\u00f3n de voluntarios y de m\u00e9dicos residentes y PFO (Pr\u00e1cticas Finales Obligatorias) que colaboran con la admisi\u00f3n de pacientes, loable de destacar y agradecer. <\/p>\n","protected":false},"excerpt":{"rendered":"<p>\u00a0El dispositivo prehospitalario para evaluaci\u00f3n de pacientes con covid 19 super\u00f3 las doscientas consultas desde el comienzo del funcionamiento de esta nueva\u00a0modalidad que posibilita descomprimir la atenci\u00f3n en los nosocomios provinciales, informaron esta tarde desde el Hospital Pasteur. Desde la coordinaci\u00f3n de la carpa, a cargo de la m\u00e9dica Rebeca Nicoletti y la infect\u00f3loga Soledad [&hellip;]<\/p>\n","protected":false},"author":4,"featured_media":39079,"comment_status":"open","ping_status":"open","sticky":false,"template":"","format":"standard","meta":{"site-sidebar-layout":"default","site-content-layout":"default","ast-site-content-layout":"default","site-content-style":"default","site-sidebar-style":"default","ast-global-header-display":"","ast-banner-title-visibility":"","ast-main-header-display":"","ast-hfb-above-header-display":"","ast-hfb-below-header-display":"","ast-hfb-mobile-header-display":"","site-post-title":"","ast-breadcrumbs-content":"","ast-featured-img":"","footer-sml-layout":"","ast-disable-related-posts":"","theme-transparent-header-meta":"default","adv-header-id-meta":"","stick-header-meta":"","header-above-stick-meta":"","header-main-stick-meta":"","header-below-stick-meta":"","astra-migrate-meta-layouts":"default","ast-page-background-enabled":"default","ast-page-background-meta":{"desktop":{"background-color":"","background-image":"","background-repeat":"repeat","background-position":"center center","background-size":"auto","background-attachment":"scroll","background-type":"","background-media":"","overlay-type":"","overlay-color":"","overlay-opacity":"","overlay-gradient":""},"tablet":{"background-color":"","background-image":"","background-repeat":"repeat","background-position":"center center","background-size":"auto","background-attachment":"scroll","background-type":"","background-media":"","overlay-type":"","overlay-color":"","overlay-opacity":"","overlay-gradient":""},"mobile":{"background-color":"","background-image":"","background-repeat":"repeat","background-position":"center center","background-size":"auto","background-attachment":"scroll","background-type":"","background-media":"","overlay-type":"","overlay-color":"","overlay-opacity":"","overlay-gradient":""}},"ast-content-background-meta":{"desktop":{"background-color":"var(--ast-global-color-5)","background-image":"","background-repeat":"repeat","background-position":"center center","background-size":"auto","background-attachment":"scroll","background-type":"","background-media":"","overlay-type":"","overlay-color":"","overlay-opacity":"","overlay-gradient":""},"tablet":{"background-color":"var(--ast-global-color-5)","background-image":"","background-repeat":"repeat","background-position":"center center","background-size":"auto","background-attachment":"scroll","background-type":"","background-media":"","overlay-type":"","overlay-color":"","overlay-opacity":"","overlay-gradient":""},"mobile":{"background-color":"var(--ast-global-color-5)","background-image":"","background-repeat":"repeat","background-position":"center center","background-size":"auto","background-attachment":"scroll","background-type":"","background-media":"","overlay-type":"","overlay-color":"","overlay-opacity":"","overlay-gradient":""}},"_jetpack_memberships_contains_paid_content":false,"_joinchat":[],"footnotes":""},"categories":[2256,2],"tags":[9437,9436,1232,3072,9438,2130,9439,864],"class_list":["post-39078","post","type-post","status-publish","format-standard","has-post-thumbnail","hentry","category-coronavirus","category-villa-maria","tag-200-consultas","tag-carpa-prehospitalaria","tag-destacado","tag-diagnosticos","tag-evaluaciones-medicas","tag-hospital-pasteur","tag-panorama-epidemiologico","tag-profesionales"],"yoast_head":"<!-- This site is optimized with the Yoast SEO plugin v26.8 - https:\/\/yoast.com\/product\/yoast-seo-wordpress\/ -->\n<title>La carpa prehospitalaria frente al Pasteur super\u00f3 las 200 consultas - El Regional<\/title>\n<meta name=\"robots\" content=\"index, follow, max-snippet:-1, max-image-preview:large, max-video-preview:-1\" \/>\n<link rel=\"canonical\" href=\"http:\/\/elregionalvm.com.ar\/noticias-villa-maria\/la-carpa-prehospitalaria-frente-al-pasteur-supero-las-200-consultas\/\" \/>\n<meta property=\"og:locale\" content=\"es_ES\" \/>\n<meta property=\"og:type\" content=\"article\" \/>\n<meta property=\"og:title\" content=\"La carpa prehospitalaria frente al Pasteur super\u00f3 las 200 consultas - El Regional\" \/>\n<meta property=\"og:description\" content=\"\u00a0El dispositivo prehospitalario para evaluaci\u00f3n de pacientes con covid 19 super\u00f3 las doscientas consultas desde el comienzo del funcionamiento de esta nueva\u00a0modalidad que posibilita descomprimir la atenci\u00f3n en los nosocomios provinciales, informaron esta tarde desde el Hospital Pasteur. Desde la coordinaci\u00f3n de la carpa, a cargo de la m\u00e9dica Rebeca Nicoletti y la infect\u00f3loga Soledad [&hellip;]\" \/>\n<meta property=\"og:url\" content=\"http:\/\/elregionalvm.com.ar\/noticias-villa-maria\/la-carpa-prehospitalaria-frente-al-pasteur-supero-las-200-consultas\/\" \/>\n<meta property=\"og:site_name\" content=\"El Regional\" \/>\n<meta property=\"article:publisher\" content=\"https:\/\/www.facebook.com\/elregionalvm\" \/>\n<meta property=\"article:published_time\" content=\"2021-06-08T22:35:38+00:00\" \/>\n<meta property=\"article:modified_time\" content=\"2021-06-08T22:36:06+00:00\" \/>\n<meta property=\"og:image\" content=\"http:\/\/elregionalvm.com.ar\/noticias-villa-maria\/wp-content\/uploads\/2021\/06\/WhatsApp-Image-2021-06-08-at-18.57.52.jpeg\" \/>\n\t<meta property=\"og:image:width\" content=\"1124\" \/>\n\t<meta property=\"og:image:height\" content=\"750\" \/>\n\t<meta property=\"og:image:type\" content=\"image\/jpeg\" \/>\n<meta name=\"author\" content=\"Contenidos El Regional\" \/>\n<meta name=\"twitter:card\" content=\"summary_large_image\" \/>\n<meta name=\"twitter:creator\" content=\"@elregionalvm1\" \/>\n<meta name=\"twitter:site\" content=\"@elregionalvm1\" \/>\n<meta name=\"twitter:label1\" content=\"Escrito por\" \/>\n\t<meta name=\"twitter:data1\" content=\"Contenidos El Regional\" \/>\n\t<meta name=\"twitter:label2\" content=\"Tiempo de lectura\" \/>\n\t<meta name=\"twitter:data2\" content=\"5 minutos\" \/>\n<script type=\"application\/ld+json\" class=\"yoast-schema-graph\">{\"@context\":\"https:\/\/schema.org\",\"@graph\":[{\"@type\":\"Article\",\"@id\":\"http:\/\/elregionalvm.com.ar\/noticias-villa-maria\/la-carpa-prehospitalaria-frente-al-pasteur-supero-las-200-consultas\/#article\",\"isPartOf\":{\"@id\":\"http:\/\/elregionalvm.com.ar\/noticias-villa-maria\/la-carpa-prehospitalaria-frente-al-pasteur-supero-las-200-consultas\/\"},\"author\":{\"name\":\"Contenidos El Regional\",\"@id\":\"http:\/\/elregionalvm.com.ar\/noticias-villa-maria\/#\/schema\/person\/a0fb9c422317faca23d50163151bc354\"},\"headline\":\"La carpa prehospitalaria frente al Pasteur super\u00f3 las 200 consultas\",\"datePublished\":\"2021-06-08T22:35:38+00:00\",\"dateModified\":\"2021-06-08T22:36:06+00:00\",\"mainEntityOfPage\":{\"@id\":\"http:\/\/elregionalvm.com.ar\/noticias-villa-maria\/la-carpa-prehospitalaria-frente-al-pasteur-supero-las-200-consultas\/\"},\"wordCount\":924,\"commentCount\":0,\"image\":{\"@id\":\"http:\/\/elregionalvm.com.ar\/noticias-villa-maria\/la-carpa-prehospitalaria-frente-al-pasteur-supero-las-200-consultas\/#primaryimage\"},\"thumbnailUrl\":\"https:\/\/i0.wp.com\/elregionalvm.com.ar\/noticias-villa-maria\/wp-content\/uploads\/2021\/06\/WhatsApp-Image-2021-06-08-at-18.57.52.jpeg?fit=1124%2C750&ssl=1\",\"keywords\":[\"200 consultas\",\"carpa prehospitalaria\",\"destacado\",\"diagn\u00f3sticos\",\"evaluaciones m\u00e9dicas\",\"Hospital Pasteur\",\"panorama epidemiol\u00f3gico\",\"Profesionales\"],\"articleSection\":[\"Coronavirus\",\"Villa Mar\u00eda\"],\"inLanguage\":\"es\",\"potentialAction\":[{\"@type\":\"CommentAction\",\"name\":\"Comment\",\"target\":[\"http:\/\/elregionalvm.com.ar\/noticias-villa-maria\/la-carpa-prehospitalaria-frente-al-pasteur-supero-las-200-consultas\/#respond\"]}]},{\"@type\":\"WebPage\",\"@id\":\"http:\/\/elregionalvm.com.ar\/noticias-villa-maria\/la-carpa-prehospitalaria-frente-al-pasteur-supero-las-200-consultas\/\",\"url\":\"http:\/\/elregionalvm.com.ar\/noticias-villa-maria\/la-carpa-prehospitalaria-frente-al-pasteur-supero-las-200-consultas\/\",\"name\":\"La carpa prehospitalaria frente al Pasteur super\u00f3 las 200 consultas - El Regional\",\"isPartOf\":{\"@id\":\"http:\/\/elregionalvm.com.ar\/noticias-villa-maria\/#website\"},\"primaryImageOfPage\":{\"@id\":\"http:\/\/elregionalvm.com.ar\/noticias-villa-maria\/la-carpa-prehospitalaria-frente-al-pasteur-supero-las-200-consultas\/#primaryimage\"},\"image\":{\"@id\":\"http:\/\/elregionalvm.com.ar\/noticias-villa-maria\/la-carpa-prehospitalaria-frente-al-pasteur-supero-las-200-consultas\/#primaryimage\"},\"thumbnailUrl\":\"https:\/\/i0.wp.com\/elregionalvm.com.ar\/noticias-villa-maria\/wp-content\/uploads\/2021\/06\/WhatsApp-Image-2021-06-08-at-18.57.52.jpeg?fit=1124%2C750&ssl=1\",\"datePublished\":\"2021-06-08T22:35:38+00:00\",\"dateModified\":\"2021-06-08T22:36:06+00:00\",\"author\":{\"@id\":\"http:\/\/elregionalvm.com.ar\/noticias-villa-maria\/#\/schema\/person\/a0fb9c422317faca23d50163151bc354\"},\"breadcrumb\":{\"@id\":\"http:\/\/elregionalvm.com.ar\/noticias-villa-maria\/la-carpa-prehospitalaria-frente-al-pasteur-supero-las-200-consultas\/#breadcrumb\"},\"inLanguage\":\"es\",\"potentialAction\":[{\"@type\":\"ReadAction\",\"target\":[\"http:\/\/elregionalvm.com.ar\/noticias-villa-maria\/la-carpa-prehospitalaria-frente-al-pasteur-supero-las-200-consultas\/\"]}]},{\"@type\":\"ImageObject\",\"inLanguage\":\"es\",\"@id\":\"http:\/\/elregionalvm.com.ar\/noticias-villa-maria\/la-carpa-prehospitalaria-frente-al-pasteur-supero-las-200-consultas\/#primaryimage\",\"url\":\"https:\/\/i0.wp.com\/elregionalvm.com.ar\/noticias-villa-maria\/wp-content\/uploads\/2021\/06\/WhatsApp-Image-2021-06-08-at-18.57.52.jpeg?fit=1124%2C750&ssl=1\",\"contentUrl\":\"https:\/\/i0.wp.com\/elregionalvm.com.ar\/noticias-villa-maria\/wp-content\/uploads\/2021\/06\/WhatsApp-Image-2021-06-08-at-18.57.52.jpeg?fit=1124%2C750&ssl=1\",\"width\":1124,\"height\":750},{\"@type\":\"BreadcrumbList\",\"@id\":\"http:\/\/elregionalvm.com.ar\/noticias-villa-maria\/la-carpa-prehospitalaria-frente-al-pasteur-supero-las-200-consultas\/#breadcrumb\",\"itemListElement\":[{\"@type\":\"ListItem\",\"position\":1,\"name\":\"Portada\",\"item\":\"https:\/\/elregionalvm.com.ar\/noticias-villa-maria\/\"},{\"@type\":\"ListItem\",\"position\":2,\"name\":\"La carpa prehospitalaria frente al Pasteur super\u00f3 las 200 consultas\"}]},{\"@type\":\"WebSite\",\"@id\":\"http:\/\/elregionalvm.com.ar\/noticias-villa-maria\/#website\",\"url\":\"http:\/\/elregionalvm.com.ar\/noticias-villa-maria\/\",\"name\":\"El Regional\",\"description\":\"Mucho m\u00e1s que informaci\u00f3n\",\"potentialAction\":[{\"@type\":\"SearchAction\",\"target\":{\"@type\":\"EntryPoint\",\"urlTemplate\":\"http:\/\/elregionalvm.com.ar\/noticias-villa-maria\/?s={search_term_string}\"},\"query-input\":{\"@type\":\"PropertyValueSpecification\",\"valueRequired\":true,\"valueName\":\"search_term_string\"}}],\"inLanguage\":\"es\"},{\"@type\":\"Person\",\"@id\":\"http:\/\/elregionalvm.com.ar\/noticias-villa-maria\/#\/schema\/person\/a0fb9c422317faca23d50163151bc354\",\"name\":\"Contenidos El Regional\",\"image\":{\"@type\":\"ImageObject\",\"inLanguage\":\"es\",\"@id\":\"http:\/\/elregionalvm.com.ar\/noticias-villa-maria\/#\/schema\/person\/image\/\",\"url\":\"https:\/\/secure.gravatar.com\/avatar\/265b27cb2209af7bb3a1318f03305787d7981a5cc6e6cd08fe5a4ecdf99d4b48?s=96&d=mm&r=g\",\"contentUrl\":\"https:\/\/secure.gravatar.com\/avatar\/265b27cb2209af7bb3a1318f03305787d7981a5cc6e6cd08fe5a4ecdf99d4b48?s=96&d=mm&r=g\",\"caption\":\"Contenidos El Regional\"},\"url\":\"https:\/\/elregionalvm.com.ar\/noticias-villa-maria\/author\/contenido\/\"}]}<\/script>\n<!-- \/ Yoast SEO plugin. -->","yoast_head_json":{"title":"La carpa prehospitalaria frente al Pasteur super\u00f3 las 200 consultas - El Regional","robots":{"index":"index","follow":"follow","max-snippet":"max-snippet:-1","max-image-preview":"max-image-preview:large","max-video-preview":"max-video-preview:-1"},"canonical":"http:\/\/elregionalvm.com.ar\/noticias-villa-maria\/la-carpa-prehospitalaria-frente-al-pasteur-supero-las-200-consultas\/","og_locale":"es_ES","og_type":"article","og_title":"La carpa prehospitalaria frente al Pasteur super\u00f3 las 200 consultas - El Regional","og_description":"\u00a0El dispositivo prehospitalario para evaluaci\u00f3n de pacientes con covid 19 super\u00f3 las doscientas consultas desde el comienzo del funcionamiento de esta nueva\u00a0modalidad que posibilita descomprimir la atenci\u00f3n en los nosocomios provinciales, informaron esta tarde desde el Hospital Pasteur. Desde la coordinaci\u00f3n de la carpa, a cargo de la m\u00e9dica Rebeca Nicoletti y la infect\u00f3loga Soledad [&hellip;]","og_url":"http:\/\/elregionalvm.com.ar\/noticias-villa-maria\/la-carpa-prehospitalaria-frente-al-pasteur-supero-las-200-consultas\/","og_site_name":"El Regional","article_publisher":"https:\/\/www.facebook.com\/elregionalvm","article_published_time":"2021-06-08T22:35:38+00:00","article_modified_time":"2021-06-08T22:36:06+00:00","og_image":[{"width":1124,"height":750,"url":"http:\/\/elregionalvm.com.ar\/noticias-villa-maria\/wp-content\/uploads\/2021\/06\/WhatsApp-Image-2021-06-08-at-18.57.52.jpeg","type":"image\/jpeg"}],"author":"Contenidos El Regional","twitter_card":"summary_large_image","twitter_creator":"@elregionalvm1","twitter_site":"@elregionalvm1","twitter_misc":{"Escrito por":"Contenidos El Regional","Tiempo de lectura":"5 minutos"},"schema":{"@context":"https:\/\/schema.org","@graph":[{"@type":"Article","@id":"http:\/\/elregionalvm.com.ar\/noticias-villa-maria\/la-carpa-prehospitalaria-frente-al-pasteur-supero-las-200-consultas\/#article","isPartOf":{"@id":"http:\/\/elregionalvm.com.ar\/noticias-villa-maria\/la-carpa-prehospitalaria-frente-al-pasteur-supero-las-200-consultas\/"},"author":{"name":"Contenidos El Regional","@id":"http:\/\/elregionalvm.com.ar\/noticias-villa-maria\/#\/schema\/person\/a0fb9c422317faca23d50163151bc354"},"headline":"La carpa prehospitalaria frente al Pasteur super\u00f3 las 200 consultas","datePublished":"2021-06-08T22:35:38+00:00","dateModified":"2021-06-08T22:36:06+00:00","mainEntityOfPage":{"@id":"http:\/\/elregionalvm.com.ar\/noticias-villa-maria\/la-carpa-prehospitalaria-frente-al-pasteur-supero-las-200-consultas\/"},"wordCount":924,"commentCount":0,"image":{"@id":"http:\/\/elregionalvm.com.ar\/noticias-villa-maria\/la-carpa-prehospitalaria-frente-al-pasteur-supero-las-200-consultas\/#primaryimage"},"thumbnailUrl":"https:\/\/i0.wp.com\/elregionalvm.com.ar\/noticias-villa-maria\/wp-content\/uploads\/2021\/06\/WhatsApp-Image-2021-06-08-at-18.57.52.jpeg?fit=1124%2C750&ssl=1","keywords":["200 consultas","carpa prehospitalaria","destacado","diagn\u00f3sticos","evaluaciones m\u00e9dicas","Hospital Pasteur","panorama epidemiol\u00f3gico","Profesionales"],"articleSection":["Coronavirus","Villa Mar\u00eda"],"inLanguage":"es","potentialAction":[{"@type":"CommentAction","name":"Comment","target":["http:\/\/elregionalvm.com.ar\/noticias-villa-maria\/la-carpa-prehospitalaria-frente-al-pasteur-supero-las-200-consultas\/#respond"]}]},{"@type":"WebPage","@id":"http:\/\/elregionalvm.com.ar\/noticias-villa-maria\/la-carpa-prehospitalaria-frente-al-pasteur-supero-las-200-consultas\/","url":"http:\/\/elregionalvm.com.ar\/noticias-villa-maria\/la-carpa-prehospitalaria-frente-al-pasteur-supero-las-200-consultas\/","name":"La carpa prehospitalaria frente al Pasteur super\u00f3 las 200 consultas - El Regional","isPartOf":{"@id":"http:\/\/elregionalvm.com.ar\/noticias-villa-maria\/#website"},"primaryImageOfPage":{"@id":"http:\/\/elregionalvm.com.ar\/noticias-villa-maria\/la-carpa-prehospitalaria-frente-al-pasteur-supero-las-200-consultas\/#primaryimage"},"image":{"@id":"http:\/\/elregionalvm.com.ar\/noticias-villa-maria\/la-carpa-prehospitalaria-frente-al-pasteur-supero-las-200-consultas\/#primaryimage"},"thumbnailUrl":"https:\/\/i0.wp.com\/elregionalvm.com.ar\/noticias-villa-maria\/wp-content\/uploads\/2021\/06\/WhatsApp-Image-2021-06-08-at-18.57.52.jpeg?fit=1124%2C750&ssl=1","datePublished":"2021-06-08T22:35:38+00:00","dateModified":"2021-06-08T22:36:06+00:00","author":{"@id":"http:\/\/elregionalvm.com.ar\/noticias-villa-maria\/#\/schema\/person\/a0fb9c422317faca23d50163151bc354"},"breadcrumb":{"@id":"http:\/\/elregionalvm.com.ar\/noticias-villa-maria\/la-carpa-prehospitalaria-frente-al-pasteur-supero-las-200-consultas\/#breadcrumb"},"inLanguage":"es","potentialAction":[{"@type":"ReadAction","target":["http:\/\/elregionalvm.com.ar\/noticias-villa-maria\/la-carpa-prehospitalaria-frente-al-pasteur-supero-las-200-consultas\/"]}]},{"@type":"ImageObject","inLanguage":"es","@id":"http:\/\/elregionalvm.com.ar\/noticias-villa-maria\/la-carpa-prehospitalaria-frente-al-pasteur-supero-las-200-consultas\/#primaryimage","url":"https:\/\/i0.wp.com\/elregionalvm.com.ar\/noticias-villa-maria\/wp-content\/uploads\/2021\/06\/WhatsApp-Image-2021-06-08-at-18.57.52.jpeg?fit=1124%2C750&ssl=1","contentUrl":"https:\/\/i0.wp.com\/elregionalvm.com.ar\/noticias-villa-maria\/wp-content\/uploads\/2021\/06\/WhatsApp-Image-2021-06-08-at-18.57.52.jpeg?fit=1124%2C750&ssl=1","width":1124,"height":750},{"@type":"BreadcrumbList","@id":"http:\/\/elregionalvm.com.ar\/noticias-villa-maria\/la-carpa-prehospitalaria-frente-al-pasteur-supero-las-200-consultas\/#breadcrumb","itemListElement":[{"@type":"ListItem","position":1,"name":"Portada","item":"https:\/\/elregionalvm.com.ar\/noticias-villa-maria\/"},{"@type":"ListItem","position":2,"name":"La carpa prehospitalaria frente al Pasteur super\u00f3 las 200 consultas"}]},{"@type":"WebSite","@id":"http:\/\/elregionalvm.com.ar\/noticias-villa-maria\/#website","url":"http:\/\/elregionalvm.com.ar\/noticias-villa-maria\/","name":"El Regional","description":"Mucho m\u00e1s que informaci\u00f3n","potentialAction":[{"@type":"SearchAction","target":{"@type":"EntryPoint","urlTemplate":"http:\/\/elregionalvm.com.ar\/noticias-villa-maria\/?s={search_term_string}"},"query-input":{"@type":"PropertyValueSpecification","valueRequired":true,"valueName":"search_term_string"}}],"inLanguage":"es"},{"@type":"Person","@id":"http:\/\/elregionalvm.com.ar\/noticias-villa-maria\/#\/schema\/person\/a0fb9c422317faca23d50163151bc354","name":"Contenidos El Regional","image":{"@type":"ImageObject","inLanguage":"es","@id":"http:\/\/elregionalvm.com.ar\/noticias-villa-maria\/#\/schema\/person\/image\/","url":"https:\/\/secure.gravatar.com\/avatar\/265b27cb2209af7bb3a1318f03305787d7981a5cc6e6cd08fe5a4ecdf99d4b48?s=96&d=mm&r=g","contentUrl":"https:\/\/secure.gravatar.com\/avatar\/265b27cb2209af7bb3a1318f03305787d7981a5cc6e6cd08fe5a4ecdf99d4b48?s=96&d=mm&r=g","caption":"Contenidos El Regional"},"url":"https:\/\/elregionalvm.com.ar\/noticias-villa-maria\/author\/contenido\/"}]}},"jetpack_featured_media_url":"https:\/\/i0.wp.com\/elregionalvm.com.ar\/noticias-villa-maria\/wp-content\/uploads\/2021\/06\/WhatsApp-Image-2021-06-08-at-18.57.52.jpeg?fit=1124%2C750&ssl=1","jetpack_sharing_enabled":true,"_links":{"self":[{"href":"https:\/\/elregionalvm.com.ar\/noticias-villa-maria\/wp-json\/wp\/v2\/posts\/39078","targetHints":{"allow":["GET"]}}],"collection":[{"href":"https:\/\/elregionalvm.com.ar\/noticias-villa-maria\/wp-json\/wp\/v2\/posts"}],"about":[{"href":"https:\/\/elregionalvm.com.ar\/noticias-villa-maria\/wp-json\/wp\/v2\/types\/post"}],"author":[{"embeddable":true,"href":"https:\/\/elregionalvm.com.ar\/noticias-villa-maria\/wp-json\/wp\/v2\/users\/4"}],"replies":[{"embeddable":true,"href":"https:\/\/elregionalvm.com.ar\/noticias-villa-maria\/wp-json\/wp\/v2\/comments?post=39078"}],"version-history":[{"count":1,"href":"https:\/\/elregionalvm.com.ar\/noticias-villa-maria\/wp-json\/wp\/v2\/posts\/39078\/revisions"}],"predecessor-version":[{"id":39090,"href":"https:\/\/elregionalvm.com.ar\/noticias-villa-maria\/wp-json\/wp\/v2\/posts\/39078\/revisions\/39090"}],"wp:featuredmedia":[{"embeddable":true,"href":"https:\/\/elregionalvm.com.ar\/noticias-villa-maria\/wp-json\/wp\/v2\/media\/39079"}],"wp:attachment":[{"href":"https:\/\/elregionalvm.com.ar\/noticias-villa-maria\/wp-json\/wp\/v2\/media?parent=39078"}],"wp:term":[{"taxonomy":"category","embeddable":true,"href":"https:\/\/elregionalvm.com.ar\/noticias-villa-maria\/wp-json\/wp\/v2\/categories?post=39078"},{"taxonomy":"post_tag","embeddable":true,"href":"https:\/\/elregionalvm.com.ar\/noticias-villa-maria\/wp-json\/wp\/v2\/tags?post=39078"}],"curies":[{"name":"wp","href":"https:\/\/api.w.org\/{rel}","templated":true}]}}