{"id":39092,"date":"2021-06-08T22:56:59","date_gmt":"2021-06-08T22:56:59","guid":{"rendered":"https:\/\/elregionalvm.com.ar\/noticias-villa-maria\/?p=39092"},"modified":"2021-06-09T02:14:53","modified_gmt":"2021-06-09T02:14:53","slug":"el-nuevo-salon-de-los-deportes-funcionara-como-nuevo-centro-de-vacunacion","status":"publish","type":"post","link":"https:\/\/elregionalvm.com.ar\/noticias-villa-maria\/el-nuevo-salon-de-los-deportes-funcionara-como-nuevo-centro-de-vacunacion\/","title":{"rendered":"El Sal\u00f3n de los Deportes funcionar\u00e1 como nuevo centro de vacunaci\u00f3n"},"content":{"rendered":"\n<p>El intendente interino, Pablo Rosso, junto al secretario de Salud, Pedro Trecco, recorrieron durante la ma\u00f1ana de hoy las instalaciones del Sal\u00f3n de los Deportes donde funcionar\u00e1 la nueva sede que concentrar\u00e1 el proceso de vacunaci\u00f3n contra el covid. En el lugar, las autoridades dieron a conocer detalles sobre el Plan Estrat\u00e9gico de Vacunaci\u00f3n que viene llevando adelante el municipio, y que tiene por objetivo alcanzar la inmunizaci\u00f3n de 2.000 ciudadanos por d\u00eda.<\/p>\n\n\n\n<p>De esta manera, tras el aumento en el ingreso de dosis a la ciudad, se pondr\u00e1 en marcha el nuevo punto de vacunaci\u00f3n a los fines de garantizar una mayor organizaci\u00f3n y cumplimiento de medidas de bioseguridad. Al respecto, Rosso indic\u00f3: \u201cTal como lo ha ordenado el Gobierno provincial, nos estamos preparando para poder llevar adelante un proceso de vacunaci\u00f3n masivo en Villa Mar\u00eda\u201d.<\/p>\n\n\n\n<figure class=\"wp-block-gallery columns-2 is-cropped wp-block-gallery-1 is-layout-flex wp-block-gallery-is-layout-flex\"><ul class=\"blocks-gallery-grid\"><li class=\"blocks-gallery-item\"><figure><img data-recalc-dims=\"1\" fetchpriority=\"high\" decoding=\"async\" width=\"1024\" height=\"682\" src=\"https:\/\/i0.wp.com\/elregionalvm.com.ar\/noticias-villa-maria\/wp-content\/uploads\/2021\/06\/WhatsApp-Image-2021-06-08-at-14.57.43.jpeg?resize=1024%2C682&#038;ssl=1\" alt=\"\" data-id=\"39095\" data-link=\"https:\/\/elregionalvm.com.ar\/noticias-villa-maria\/?attachment_id=39095\" class=\"wp-image-39095\" srcset=\"https:\/\/i0.wp.com\/elregionalvm.com.ar\/noticias-villa-maria\/wp-content\/uploads\/2021\/06\/WhatsApp-Image-2021-06-08-at-14.57.43.jpeg?resize=1024%2C682&amp;ssl=1 1024w, https:\/\/i0.wp.com\/elregionalvm.com.ar\/noticias-villa-maria\/wp-content\/uploads\/2021\/06\/WhatsApp-Image-2021-06-08-at-14.57.43.jpeg?resize=300%2C200&amp;ssl=1 300w, https:\/\/i0.wp.com\/elregionalvm.com.ar\/noticias-villa-maria\/wp-content\/uploads\/2021\/06\/WhatsApp-Image-2021-06-08-at-14.57.43.jpeg?resize=768%2C512&amp;ssl=1 768w, https:\/\/i0.wp.com\/elregionalvm.com.ar\/noticias-villa-maria\/wp-content\/uploads\/2021\/06\/WhatsApp-Image-2021-06-08-at-14.57.43.jpeg?w=1280&amp;ssl=1 1280w\" sizes=\"(max-width: 1000px) 100vw, 1000px\" \/><\/figure><\/li><li class=\"blocks-gallery-item\"><figure><img data-recalc-dims=\"1\" decoding=\"async\" width=\"1024\" height=\"682\" src=\"https:\/\/i0.wp.com\/elregionalvm.com.ar\/noticias-villa-maria\/wp-content\/uploads\/2021\/06\/WhatsApp-Image-2021-06-08-at-14.58.14.jpeg?resize=1024%2C682&#038;ssl=1\" alt=\"\" data-id=\"39096\" data-full-url=\"https:\/\/elregionalvm.com.ar\/noticias-villa-maria\/wp-content\/uploads\/2021\/06\/WhatsApp-Image-2021-06-08-at-14.58.14.jpeg\" data-link=\"https:\/\/elregionalvm.com.ar\/noticias-villa-maria\/?attachment_id=39096\" class=\"wp-image-39096\" srcset=\"https:\/\/i0.wp.com\/elregionalvm.com.ar\/noticias-villa-maria\/wp-content\/uploads\/2021\/06\/WhatsApp-Image-2021-06-08-at-14.58.14.jpeg?resize=1024%2C682&amp;ssl=1 1024w, https:\/\/i0.wp.com\/elregionalvm.com.ar\/noticias-villa-maria\/wp-content\/uploads\/2021\/06\/WhatsApp-Image-2021-06-08-at-14.58.14.jpeg?resize=300%2C200&amp;ssl=1 300w, https:\/\/i0.wp.com\/elregionalvm.com.ar\/noticias-villa-maria\/wp-content\/uploads\/2021\/06\/WhatsApp-Image-2021-06-08-at-14.58.14.jpeg?resize=768%2C512&amp;ssl=1 768w, https:\/\/i0.wp.com\/elregionalvm.com.ar\/noticias-villa-maria\/wp-content\/uploads\/2021\/06\/WhatsApp-Image-2021-06-08-at-14.58.14.jpeg?w=1280&amp;ssl=1 1280w\" sizes=\"(max-width: 1000px) 100vw, 1000px\" \/><\/figure><\/li><\/ul><\/figure>\n\n\n\n<p>\u201cEl equipo de Salud se ha puesto el objetivo de vacunar a 2.000 vecinos y vecinas por d\u00eda, y para hacerlo posible se ha instrumentado este nuevo sal\u00f3n\u201d, explic\u00f3, y agreg\u00f3: \u201cCon su implementaci\u00f3n lograremos fusionar la estructura inicial que hab\u00edamos previsto con cinco vacunatorios en distintos puntos de la ciudad\u201d.<\/p>\n\n\n\n<p>Al mismo tiempo, el intendente interino detall\u00f3 que la sede ubicada en el Campus de la Universidad Nacional de Villa Mar\u00eda (UNVM), contar\u00e1 con seis puntos de ingreso y veinte destinados al registro y carga de datos. En tanto, se dispondr\u00e1 de catorce puntos de vacunaci\u00f3n donde personal del equipo de Salud del municipio llevar\u00e1 adelante los procesos de inmunizaci\u00f3n.<\/p>\n\n\n\n<p>Por su parte, el titular de la cartera sanitaria indic\u00f3: \u201cM\u00e1s de 30.000 personas estar\u00e1n inmunizadas tras la llegada de nuevas dosis en el trascurso de esta semana\u201d. \u201cNuestra intenci\u00f3n y objetivo final es vacunar a todos los villamarienses, se trata de un esfuerzo del municipio, comprometido con el cuidado de la salud de los ciudadanos\u201d, enfatiz\u00f3.<\/p>\n\n\n\n<p>Luego, Trecco detall\u00f3 que \u201cen el lugar las tareas se llevar\u00e1n adelante en dos turnos que contar\u00e1n con la labor de 50 trabajadores de la salud, en jornadas que dar\u00e1n comienzo a las 8:00 y se extender\u00e1n hasta las 20:00 horas\u201d. \u201cHemos realizado todos los tr\u00e1mites correspondientes para que quienes deban vacunarse sean notificados para recibir el componente en este nuevo centro\u201d, concluy\u00f3.<\/p>\n\n\n\n<figure class=\"wp-block-gallery columns-1 is-cropped wp-block-gallery-2 is-layout-flex wp-block-gallery-is-layout-flex\"><ul class=\"blocks-gallery-grid\"><li class=\"blocks-gallery-item\"><figure><img data-recalc-dims=\"1\" decoding=\"async\" width=\"1024\" height=\"682\" src=\"https:\/\/i0.wp.com\/elregionalvm.com.ar\/noticias-villa-maria\/wp-content\/uploads\/2021\/06\/WhatsApp-Image-2021-06-08-at-14.58.25.jpeg?resize=1024%2C682&#038;ssl=1\" alt=\"\" data-id=\"39097\" data-full-url=\"https:\/\/elregionalvm.com.ar\/noticias-villa-maria\/wp-content\/uploads\/2021\/06\/WhatsApp-Image-2021-06-08-at-14.58.25.jpeg\" data-link=\"https:\/\/elregionalvm.com.ar\/noticias-villa-maria\/?attachment_id=39097\" class=\"wp-image-39097\" srcset=\"https:\/\/i0.wp.com\/elregionalvm.com.ar\/noticias-villa-maria\/wp-content\/uploads\/2021\/06\/WhatsApp-Image-2021-06-08-at-14.58.25.jpeg?resize=1024%2C682&amp;ssl=1 1024w, https:\/\/i0.wp.com\/elregionalvm.com.ar\/noticias-villa-maria\/wp-content\/uploads\/2021\/06\/WhatsApp-Image-2021-06-08-at-14.58.25.jpeg?resize=300%2C200&amp;ssl=1 300w, https:\/\/i0.wp.com\/elregionalvm.com.ar\/noticias-villa-maria\/wp-content\/uploads\/2021\/06\/WhatsApp-Image-2021-06-08-at-14.58.25.jpeg?resize=768%2C512&amp;ssl=1 768w, https:\/\/i0.wp.com\/elregionalvm.com.ar\/noticias-villa-maria\/wp-content\/uploads\/2021\/06\/WhatsApp-Image-2021-06-08-at-14.58.25.jpeg?w=1280&amp;ssl=1 1280w\" sizes=\"(max-width: 1000px) 100vw, 1000px\" \/><\/figure><\/li><\/ul><\/figure>\n\n\n\n<p>De esta manera, el Plan de Vacunaci\u00f3n continuar\u00e1 siendo llevado adelante por el municipio conforme a los listados nominales remitidos por el Gobierno de la Provincia de C\u00f3rdoba. Cabe recordar que durante las instancias de inmunizaci\u00f3n efectuadas hasta el momento fueron priorizadas aquellas personas pertenecientes a grupos de riesgo, entre los que se destacan mayores de 60 a\u00f1os, ciudadanos con patolog\u00edas, antecedentes y comorbilidades, y docentes.<\/p>\n\n\n\n<p>Durante la presentaci\u00f3n del nuevo centro de vacunaci\u00f3n estuvieron tambi\u00e9n presentes la secretaria de Inclusi\u00f3n Social y Territorio, Celeste Curetti; la directora de la Asistencia P\u00fablica, Victoria Becco; la presidente del Ente Villa Mar\u00eda Deporte y Turismo, Noelia Macagno y la coordinadora de Vacunaci\u00f3n del municipio, Lorena Tottis.<\/p>\n","protected":false},"excerpt":{"rendered":"<p>El intendente interino, Pablo Rosso, junto al secretario de Salud, Pedro Trecco, recorrieron durante la ma\u00f1ana de hoy las instalaciones del Sal\u00f3n de los Deportes donde funcionar\u00e1 la nueva sede que concentrar\u00e1 el proceso de vacunaci\u00f3n contra el covid. En el lugar, las autoridades dieron a conocer detalles sobre el Plan Estrat\u00e9gico de Vacunaci\u00f3n que [&hellip;]<\/p>\n","protected":false},"author":4,"featured_media":39093,"comment_status":"open","ping_status":"open","sticky":false,"template":"","format":"standard","meta":{"site-sidebar-layout":"default","site-content-layout":"default","ast-site-content-layout":"default","site-content-style":"default","site-sidebar-style":"default","ast-global-header-display":"","ast-banner-title-visibility":"","ast-main-header-display":"","ast-hfb-above-header-display":"","ast-hfb-below-header-display":"","ast-hfb-mobile-header-display":"","site-post-title":"","ast-breadcrumbs-content":"","ast-featured-img":"","footer-sml-layout":"","ast-disable-related-posts":"","theme-transparent-header-meta":"default","adv-header-id-meta":"","stick-header-meta":"","header-above-stick-meta":"","header-main-stick-meta":"","header-below-stick-meta":"","astra-migrate-meta-layouts":"default","ast-page-background-enabled":"default","ast-page-background-meta":{"desktop":{"background-color":"","background-image":"","background-repeat":"repeat","background-position":"center center","background-size":"auto","background-attachment":"scroll","background-type":"","background-media":"","overlay-type":"","overlay-color":"","overlay-opacity":"","overlay-gradient":""},"tablet":{"background-color":"","background-image":"","background-repeat":"repeat","background-position":"center center","background-size":"auto","background-attachment":"scroll","background-type":"","background-media":"","overlay-type":"","overlay-color":"","overlay-opacity":"","overlay-gradient":""},"mobile":{"background-color":"","background-image":"","background-repeat":"repeat","background-position":"center center","background-size":"auto","background-attachment":"scroll","background-type":"","background-media":"","overlay-type":"","overlay-color":"","overlay-opacity":"","overlay-gradient":""}},"ast-content-background-meta":{"desktop":{"background-color":"var(--ast-global-color-5)","background-image":"","background-repeat":"repeat","background-position":"center center","background-size":"auto","background-attachment":"scroll","background-type":"","background-media":"","overlay-type":"","overlay-color":"","overlay-opacity":"","overlay-gradient":""},"tablet":{"background-color":"var(--ast-global-color-5)","background-image":"","background-repeat":"repeat","background-position":"center center","background-size":"auto","background-attachment":"scroll","background-type":"","background-media":"","overlay-type":"","overlay-color":"","overlay-opacity":"","overlay-gradient":""},"mobile":{"background-color":"var(--ast-global-color-5)","background-image":"","background-repeat":"repeat","background-position":"center center","background-size":"auto","background-attachment":"scroll","background-type":"","background-media":"","overlay-type":"","overlay-color":"","overlay-opacity":"","overlay-gradient":""}},"_jetpack_memberships_contains_paid_content":false,"_joinchat":[],"footnotes":""},"categories":[2256,2],"tags":[9441,9440,1232,4392,9442,534],"class_list":["post-39092","post","type-post","status-publish","format-standard","has-post-thumbnail","hentry","category-coronavirus","category-villa-maria","tag-2000-mil-vacunados","tag-centro-de-vacunacion","tag-destacado","tag-nuevo-salon-de-los-deportes","tag-por-dia","tag-villa-maria"],"yoast_head":"<!-- This site is optimized with the Yoast SEO plugin v26.8 - https:\/\/yoast.com\/product\/yoast-seo-wordpress\/ -->\n<title>El Sal\u00f3n de los Deportes funcionar\u00e1 como nuevo centro de vacunaci\u00f3n - El Regional<\/title>\n<meta name=\"robots\" content=\"index, follow, max-snippet:-1, max-image-preview:large, max-video-preview:-1\" \/>\n<link rel=\"canonical\" href=\"http:\/\/elregionalvm.com.ar\/noticias-villa-maria\/el-nuevo-salon-de-los-deportes-funcionara-como-nuevo-centro-de-vacunacion\/\" \/>\n<meta property=\"og:locale\" content=\"es_ES\" \/>\n<meta property=\"og:type\" content=\"article\" \/>\n<meta property=\"og:title\" content=\"El Sal\u00f3n de los Deportes funcionar\u00e1 como nuevo centro de vacunaci\u00f3n - El Regional\" \/>\n<meta property=\"og:description\" content=\"El intendente interino, Pablo Rosso, junto al secretario de Salud, Pedro Trecco, recorrieron durante la ma\u00f1ana de hoy las instalaciones del Sal\u00f3n de los Deportes donde funcionar\u00e1 la nueva sede que concentrar\u00e1 el proceso de vacunaci\u00f3n contra el covid. En el lugar, las autoridades dieron a conocer detalles sobre el Plan Estrat\u00e9gico de Vacunaci\u00f3n que [&hellip;]\" \/>\n<meta property=\"og:url\" content=\"http:\/\/elregionalvm.com.ar\/noticias-villa-maria\/el-nuevo-salon-de-los-deportes-funcionara-como-nuevo-centro-de-vacunacion\/\" \/>\n<meta property=\"og:site_name\" content=\"El Regional\" \/>\n<meta property=\"article:publisher\" content=\"https:\/\/www.facebook.com\/elregionalvm\" \/>\n<meta property=\"article:published_time\" content=\"2021-06-08T22:56:59+00:00\" \/>\n<meta property=\"article:modified_time\" content=\"2021-06-09T02:14:53+00:00\" \/>\n<meta property=\"og:image\" content=\"http:\/\/elregionalvm.com.ar\/noticias-villa-maria\/wp-content\/uploads\/2021\/06\/WhatsApp-Image-2021-06-08-at-14.58.18.jpeg\" \/>\n\t<meta property=\"og:image:width\" content=\"1280\" \/>\n\t<meta property=\"og:image:height\" content=\"853\" \/>\n\t<meta property=\"og:image:type\" content=\"image\/jpeg\" \/>\n<meta name=\"author\" content=\"Contenidos El Regional\" \/>\n<meta name=\"twitter:card\" content=\"summary_large_image\" \/>\n<meta name=\"twitter:creator\" content=\"@elregionalvm1\" \/>\n<meta name=\"twitter:site\" content=\"@elregionalvm1\" \/>\n<meta name=\"twitter:label1\" content=\"Escrito por\" \/>\n\t<meta name=\"twitter:data1\" content=\"Contenidos El Regional\" \/>\n\t<meta name=\"twitter:label2\" content=\"Tiempo de lectura\" \/>\n\t<meta name=\"twitter:data2\" content=\"3 minutos\" \/>\n<script type=\"application\/ld+json\" class=\"yoast-schema-graph\">{\"@context\":\"https:\/\/schema.org\",\"@graph\":[{\"@type\":\"Article\",\"@id\":\"http:\/\/elregionalvm.com.ar\/noticias-villa-maria\/el-nuevo-salon-de-los-deportes-funcionara-como-nuevo-centro-de-vacunacion\/#article\",\"isPartOf\":{\"@id\":\"http:\/\/elregionalvm.com.ar\/noticias-villa-maria\/el-nuevo-salon-de-los-deportes-funcionara-como-nuevo-centro-de-vacunacion\/\"},\"author\":{\"name\":\"Contenidos El Regional\",\"@id\":\"http:\/\/elregionalvm.com.ar\/noticias-villa-maria\/#\/schema\/person\/a0fb9c422317faca23d50163151bc354\"},\"headline\":\"El Sal\u00f3n de los Deportes funcionar\u00e1 como nuevo centro de vacunaci\u00f3n\",\"datePublished\":\"2021-06-08T22:56:59+00:00\",\"dateModified\":\"2021-06-09T02:14:53+00:00\",\"mainEntityOfPage\":{\"@id\":\"http:\/\/elregionalvm.com.ar\/noticias-villa-maria\/el-nuevo-salon-de-los-deportes-funcionara-como-nuevo-centro-de-vacunacion\/\"},\"wordCount\":526,\"commentCount\":0,\"image\":{\"@id\":\"http:\/\/elregionalvm.com.ar\/noticias-villa-maria\/el-nuevo-salon-de-los-deportes-funcionara-como-nuevo-centro-de-vacunacion\/#primaryimage\"},\"thumbnailUrl\":\"https:\/\/i0.wp.com\/elregionalvm.com.ar\/noticias-villa-maria\/wp-content\/uploads\/2021\/06\/WhatsApp-Image-2021-06-08-at-14.58.18.jpeg?fit=1280%2C853&ssl=1\",\"keywords\":[\"2000 mil vacunados\",\"Centro de Vacunaci\u00f3n\",\"destacado\",\"Nuevo Sal\u00f3n de los Deportes\",\"por d\u00eda\",\"villa maria\"],\"articleSection\":[\"Coronavirus\",\"Villa Mar\u00eda\"],\"inLanguage\":\"es\",\"potentialAction\":[{\"@type\":\"CommentAction\",\"name\":\"Comment\",\"target\":[\"http:\/\/elregionalvm.com.ar\/noticias-villa-maria\/el-nuevo-salon-de-los-deportes-funcionara-como-nuevo-centro-de-vacunacion\/#respond\"]}]},{\"@type\":\"WebPage\",\"@id\":\"http:\/\/elregionalvm.com.ar\/noticias-villa-maria\/el-nuevo-salon-de-los-deportes-funcionara-como-nuevo-centro-de-vacunacion\/\",\"url\":\"http:\/\/elregionalvm.com.ar\/noticias-villa-maria\/el-nuevo-salon-de-los-deportes-funcionara-como-nuevo-centro-de-vacunacion\/\",\"name\":\"El Sal\u00f3n de los Deportes funcionar\u00e1 como nuevo centro de vacunaci\u00f3n - El Regional\",\"isPartOf\":{\"@id\":\"http:\/\/elregionalvm.com.ar\/noticias-villa-maria\/#website\"},\"primaryImageOfPage\":{\"@id\":\"http:\/\/elregionalvm.com.ar\/noticias-villa-maria\/el-nuevo-salon-de-los-deportes-funcionara-como-nuevo-centro-de-vacunacion\/#primaryimage\"},\"image\":{\"@id\":\"http:\/\/elregionalvm.com.ar\/noticias-villa-maria\/el-nuevo-salon-de-los-deportes-funcionara-como-nuevo-centro-de-vacunacion\/#primaryimage\"},\"thumbnailUrl\":\"https:\/\/i0.wp.com\/elregionalvm.com.ar\/noticias-villa-maria\/wp-content\/uploads\/2021\/06\/WhatsApp-Image-2021-06-08-at-14.58.18.jpeg?fit=1280%2C853&ssl=1\",\"datePublished\":\"2021-06-08T22:56:59+00:00\",\"dateModified\":\"2021-06-09T02:14:53+00:00\",\"author\":{\"@id\":\"http:\/\/elregionalvm.com.ar\/noticias-villa-maria\/#\/schema\/person\/a0fb9c422317faca23d50163151bc354\"},\"breadcrumb\":{\"@id\":\"http:\/\/elregionalvm.com.ar\/noticias-villa-maria\/el-nuevo-salon-de-los-deportes-funcionara-como-nuevo-centro-de-vacunacion\/#breadcrumb\"},\"inLanguage\":\"es\",\"potentialAction\":[{\"@type\":\"ReadAction\",\"target\":[\"http:\/\/elregionalvm.com.ar\/noticias-villa-maria\/el-nuevo-salon-de-los-deportes-funcionara-como-nuevo-centro-de-vacunacion\/\"]}]},{\"@type\":\"ImageObject\",\"inLanguage\":\"es\",\"@id\":\"http:\/\/elregionalvm.com.ar\/noticias-villa-maria\/el-nuevo-salon-de-los-deportes-funcionara-como-nuevo-centro-de-vacunacion\/#primaryimage\",\"url\":\"https:\/\/i0.wp.com\/elregionalvm.com.ar\/noticias-villa-maria\/wp-content\/uploads\/2021\/06\/WhatsApp-Image-2021-06-08-at-14.58.18.jpeg?fit=1280%2C853&ssl=1\",\"contentUrl\":\"https:\/\/i0.wp.com\/elregionalvm.com.ar\/noticias-villa-maria\/wp-content\/uploads\/2021\/06\/WhatsApp-Image-2021-06-08-at-14.58.18.jpeg?fit=1280%2C853&ssl=1\",\"width\":1280,\"height\":853},{\"@type\":\"BreadcrumbList\",\"@id\":\"http:\/\/elregionalvm.com.ar\/noticias-villa-maria\/el-nuevo-salon-de-los-deportes-funcionara-como-nuevo-centro-de-vacunacion\/#breadcrumb\",\"itemListElement\":[{\"@type\":\"ListItem\",\"position\":1,\"name\":\"Portada\",\"item\":\"https:\/\/elregionalvm.com.ar\/noticias-villa-maria\/\"},{\"@type\":\"ListItem\",\"position\":2,\"name\":\"El Sal\u00f3n de los Deportes funcionar\u00e1 como nuevo centro de vacunaci\u00f3n\"}]},{\"@type\":\"WebSite\",\"@id\":\"http:\/\/elregionalvm.com.ar\/noticias-villa-maria\/#website\",\"url\":\"http:\/\/elregionalvm.com.ar\/noticias-villa-maria\/\",\"name\":\"El Regional\",\"description\":\"Mucho m\u00e1s que informaci\u00f3n\",\"potentialAction\":[{\"@type\":\"SearchAction\",\"target\":{\"@type\":\"EntryPoint\",\"urlTemplate\":\"http:\/\/elregionalvm.com.ar\/noticias-villa-maria\/?s={search_term_string}\"},\"query-input\":{\"@type\":\"PropertyValueSpecification\",\"valueRequired\":true,\"valueName\":\"search_term_string\"}}],\"inLanguage\":\"es\"},{\"@type\":\"Person\",\"@id\":\"http:\/\/elregionalvm.com.ar\/noticias-villa-maria\/#\/schema\/person\/a0fb9c422317faca23d50163151bc354\",\"name\":\"Contenidos El Regional\",\"image\":{\"@type\":\"ImageObject\",\"inLanguage\":\"es\",\"@id\":\"http:\/\/elregionalvm.com.ar\/noticias-villa-maria\/#\/schema\/person\/image\/\",\"url\":\"https:\/\/secure.gravatar.com\/avatar\/265b27cb2209af7bb3a1318f03305787d7981a5cc6e6cd08fe5a4ecdf99d4b48?s=96&d=mm&r=g\",\"contentUrl\":\"https:\/\/secure.gravatar.com\/avatar\/265b27cb2209af7bb3a1318f03305787d7981a5cc6e6cd08fe5a4ecdf99d4b48?s=96&d=mm&r=g\",\"caption\":\"Contenidos El Regional\"},\"url\":\"https:\/\/elregionalvm.com.ar\/noticias-villa-maria\/author\/contenido\/\"}]}<\/script>\n<!-- \/ Yoast SEO plugin. -->","yoast_head_json":{"title":"El Sal\u00f3n de los Deportes funcionar\u00e1 como nuevo centro de vacunaci\u00f3n - El Regional","robots":{"index":"index","follow":"follow","max-snippet":"max-snippet:-1","max-image-preview":"max-image-preview:large","max-video-preview":"max-video-preview:-1"},"canonical":"http:\/\/elregionalvm.com.ar\/noticias-villa-maria\/el-nuevo-salon-de-los-deportes-funcionara-como-nuevo-centro-de-vacunacion\/","og_locale":"es_ES","og_type":"article","og_title":"El Sal\u00f3n de los Deportes funcionar\u00e1 como nuevo centro de vacunaci\u00f3n - El Regional","og_description":"El intendente interino, Pablo Rosso, junto al secretario de Salud, Pedro Trecco, recorrieron durante la ma\u00f1ana de hoy las instalaciones del Sal\u00f3n de los Deportes donde funcionar\u00e1 la nueva sede que concentrar\u00e1 el proceso de vacunaci\u00f3n contra el covid. En el lugar, las autoridades dieron a conocer detalles sobre el Plan Estrat\u00e9gico de Vacunaci\u00f3n que [&hellip;]","og_url":"http:\/\/elregionalvm.com.ar\/noticias-villa-maria\/el-nuevo-salon-de-los-deportes-funcionara-como-nuevo-centro-de-vacunacion\/","og_site_name":"El Regional","article_publisher":"https:\/\/www.facebook.com\/elregionalvm","article_published_time":"2021-06-08T22:56:59+00:00","article_modified_time":"2021-06-09T02:14:53+00:00","og_image":[{"width":1280,"height":853,"url":"http:\/\/elregionalvm.com.ar\/noticias-villa-maria\/wp-content\/uploads\/2021\/06\/WhatsApp-Image-2021-06-08-at-14.58.18.jpeg","type":"image\/jpeg"}],"author":"Contenidos El Regional","twitter_card":"summary_large_image","twitter_creator":"@elregionalvm1","twitter_site":"@elregionalvm1","twitter_misc":{"Escrito por":"Contenidos El Regional","Tiempo de lectura":"3 minutos"},"schema":{"@context":"https:\/\/schema.org","@graph":[{"@type":"Article","@id":"http:\/\/elregionalvm.com.ar\/noticias-villa-maria\/el-nuevo-salon-de-los-deportes-funcionara-como-nuevo-centro-de-vacunacion\/#article","isPartOf":{"@id":"http:\/\/elregionalvm.com.ar\/noticias-villa-maria\/el-nuevo-salon-de-los-deportes-funcionara-como-nuevo-centro-de-vacunacion\/"},"author":{"name":"Contenidos El Regional","@id":"http:\/\/elregionalvm.com.ar\/noticias-villa-maria\/#\/schema\/person\/a0fb9c422317faca23d50163151bc354"},"headline":"El Sal\u00f3n de los Deportes funcionar\u00e1 como nuevo centro de vacunaci\u00f3n","datePublished":"2021-06-08T22:56:59+00:00","dateModified":"2021-06-09T02:14:53+00:00","mainEntityOfPage":{"@id":"http:\/\/elregionalvm.com.ar\/noticias-villa-maria\/el-nuevo-salon-de-los-deportes-funcionara-como-nuevo-centro-de-vacunacion\/"},"wordCount":526,"commentCount":0,"image":{"@id":"http:\/\/elregionalvm.com.ar\/noticias-villa-maria\/el-nuevo-salon-de-los-deportes-funcionara-como-nuevo-centro-de-vacunacion\/#primaryimage"},"thumbnailUrl":"https:\/\/i0.wp.com\/elregionalvm.com.ar\/noticias-villa-maria\/wp-content\/uploads\/2021\/06\/WhatsApp-Image-2021-06-08-at-14.58.18.jpeg?fit=1280%2C853&ssl=1","keywords":["2000 mil vacunados","Centro de Vacunaci\u00f3n","destacado","Nuevo Sal\u00f3n de los Deportes","por d\u00eda","villa maria"],"articleSection":["Coronavirus","Villa Mar\u00eda"],"inLanguage":"es","potentialAction":[{"@type":"CommentAction","name":"Comment","target":["http:\/\/elregionalvm.com.ar\/noticias-villa-maria\/el-nuevo-salon-de-los-deportes-funcionara-como-nuevo-centro-de-vacunacion\/#respond"]}]},{"@type":"WebPage","@id":"http:\/\/elregionalvm.com.ar\/noticias-villa-maria\/el-nuevo-salon-de-los-deportes-funcionara-como-nuevo-centro-de-vacunacion\/","url":"http:\/\/elregionalvm.com.ar\/noticias-villa-maria\/el-nuevo-salon-de-los-deportes-funcionara-como-nuevo-centro-de-vacunacion\/","name":"El Sal\u00f3n de los Deportes funcionar\u00e1 como nuevo centro de vacunaci\u00f3n - El Regional","isPartOf":{"@id":"http:\/\/elregionalvm.com.ar\/noticias-villa-maria\/#website"},"primaryImageOfPage":{"@id":"http:\/\/elregionalvm.com.ar\/noticias-villa-maria\/el-nuevo-salon-de-los-deportes-funcionara-como-nuevo-centro-de-vacunacion\/#primaryimage"},"image":{"@id":"http:\/\/elregionalvm.com.ar\/noticias-villa-maria\/el-nuevo-salon-de-los-deportes-funcionara-como-nuevo-centro-de-vacunacion\/#primaryimage"},"thumbnailUrl":"https:\/\/i0.wp.com\/elregionalvm.com.ar\/noticias-villa-maria\/wp-content\/uploads\/2021\/06\/WhatsApp-Image-2021-06-08-at-14.58.18.jpeg?fit=1280%2C853&ssl=1","datePublished":"2021-06-08T22:56:59+00:00","dateModified":"2021-06-09T02:14:53+00:00","author":{"@id":"http:\/\/elregionalvm.com.ar\/noticias-villa-maria\/#\/schema\/person\/a0fb9c422317faca23d50163151bc354"},"breadcrumb":{"@id":"http:\/\/elregionalvm.com.ar\/noticias-villa-maria\/el-nuevo-salon-de-los-deportes-funcionara-como-nuevo-centro-de-vacunacion\/#breadcrumb"},"inLanguage":"es","potentialAction":[{"@type":"ReadAction","target":["http:\/\/elregionalvm.com.ar\/noticias-villa-maria\/el-nuevo-salon-de-los-deportes-funcionara-como-nuevo-centro-de-vacunacion\/"]}]},{"@type":"ImageObject","inLanguage":"es","@id":"http:\/\/elregionalvm.com.ar\/noticias-villa-maria\/el-nuevo-salon-de-los-deportes-funcionara-como-nuevo-centro-de-vacunacion\/#primaryimage","url":"https:\/\/i0.wp.com\/elregionalvm.com.ar\/noticias-villa-maria\/wp-content\/uploads\/2021\/06\/WhatsApp-Image-2021-06-08-at-14.58.18.jpeg?fit=1280%2C853&ssl=1","contentUrl":"https:\/\/i0.wp.com\/elregionalvm.com.ar\/noticias-villa-maria\/wp-content\/uploads\/2021\/06\/WhatsApp-Image-2021-06-08-at-14.58.18.jpeg?fit=1280%2C853&ssl=1","width":1280,"height":853},{"@type":"BreadcrumbList","@id":"http:\/\/elregionalvm.com.ar\/noticias-villa-maria\/el-nuevo-salon-de-los-deportes-funcionara-como-nuevo-centro-de-vacunacion\/#breadcrumb","itemListElement":[{"@type":"ListItem","position":1,"name":"Portada","item":"https:\/\/elregionalvm.com.ar\/noticias-villa-maria\/"},{"@type":"ListItem","position":2,"name":"El Sal\u00f3n de los Deportes funcionar\u00e1 como nuevo centro de vacunaci\u00f3n"}]},{"@type":"WebSite","@id":"http:\/\/elregionalvm.com.ar\/noticias-villa-maria\/#website","url":"http:\/\/elregionalvm.com.ar\/noticias-villa-maria\/","name":"El Regional","description":"Mucho m\u00e1s que informaci\u00f3n","potentialAction":[{"@type":"SearchAction","target":{"@type":"EntryPoint","urlTemplate":"http:\/\/elregionalvm.com.ar\/noticias-villa-maria\/?s={search_term_string}"},"query-input":{"@type":"PropertyValueSpecification","valueRequired":true,"valueName":"search_term_string"}}],"inLanguage":"es"},{"@type":"Person","@id":"http:\/\/elregionalvm.com.ar\/noticias-villa-maria\/#\/schema\/person\/a0fb9c422317faca23d50163151bc354","name":"Contenidos El Regional","image":{"@type":"ImageObject","inLanguage":"es","@id":"http:\/\/elregionalvm.com.ar\/noticias-villa-maria\/#\/schema\/person\/image\/","url":"https:\/\/secure.gravatar.com\/avatar\/265b27cb2209af7bb3a1318f03305787d7981a5cc6e6cd08fe5a4ecdf99d4b48?s=96&d=mm&r=g","contentUrl":"https:\/\/secure.gravatar.com\/avatar\/265b27cb2209af7bb3a1318f03305787d7981a5cc6e6cd08fe5a4ecdf99d4b48?s=96&d=mm&r=g","caption":"Contenidos El Regional"},"url":"https:\/\/elregionalvm.com.ar\/noticias-villa-maria\/author\/contenido\/"}]}},"jetpack_featured_media_url":"https:\/\/i0.wp.com\/elregionalvm.com.ar\/noticias-villa-maria\/wp-content\/uploads\/2021\/06\/WhatsApp-Image-2021-06-08-at-14.58.18.jpeg?fit=1280%2C853&ssl=1","jetpack_sharing_enabled":true,"_links":{"self":[{"href":"https:\/\/elregionalvm.com.ar\/noticias-villa-maria\/wp-json\/wp\/v2\/posts\/39092","targetHints":{"allow":["GET"]}}],"collection":[{"href":"https:\/\/elregionalvm.com.ar\/noticias-villa-maria\/wp-json\/wp\/v2\/posts"}],"about":[{"href":"https:\/\/elregionalvm.com.ar\/noticias-villa-maria\/wp-json\/wp\/v2\/types\/post"}],"author":[{"embeddable":true,"href":"https:\/\/elregionalvm.com.ar\/noticias-villa-maria\/wp-json\/wp\/v2\/users\/4"}],"replies":[{"embeddable":true,"href":"https:\/\/elregionalvm.com.ar\/noticias-villa-maria\/wp-json\/wp\/v2\/comments?post=39092"}],"version-history":[{"count":2,"href":"https:\/\/elregionalvm.com.ar\/noticias-villa-maria\/wp-json\/wp\/v2\/posts\/39092\/revisions"}],"predecessor-version":[{"id":39117,"href":"https:\/\/elregionalvm.com.ar\/noticias-villa-maria\/wp-json\/wp\/v2\/posts\/39092\/revisions\/39117"}],"wp:featuredmedia":[{"embeddable":true,"href":"https:\/\/elregionalvm.com.ar\/noticias-villa-maria\/wp-json\/wp\/v2\/media\/39093"}],"wp:attachment":[{"href":"https:\/\/elregionalvm.com.ar\/noticias-villa-maria\/wp-json\/wp\/v2\/media?parent=39092"}],"wp:term":[{"taxonomy":"category","embeddable":true,"href":"https:\/\/elregionalvm.com.ar\/noticias-villa-maria\/wp-json\/wp\/v2\/categories?post=39092"},{"taxonomy":"post_tag","embeddable":true,"href":"https:\/\/elregionalvm.com.ar\/noticias-villa-maria\/wp-json\/wp\/v2\/tags?post=39092"}],"curies":[{"name":"wp","href":"https:\/\/api.w.org\/{rel}","templated":true}]}}