{"id":39099,"date":"2021-06-08T23:28:49","date_gmt":"2021-06-08T23:28:49","guid":{"rendered":"https:\/\/elregionalvm.com.ar\/noticias-villa-maria\/?p=39099"},"modified":"2021-06-08T23:31:20","modified_gmt":"2021-06-08T23:31:20","slug":"morteros-denuncio-que-en-una-fiesta-clandestina-que-organizo-le-robaron-alhajas-de-oro-y-plata","status":"publish","type":"post","link":"https:\/\/elregionalvm.com.ar\/noticias-villa-maria\/morteros-denuncio-que-en-una-fiesta-clandestina-que-organizo-le-robaron-alhajas-de-oro-y-plata\/","title":{"rendered":"Morteros: denunci\u00f3 que en una fiesta clandestina que organiz\u00f3 le robaron alhajas de oro y plata"},"content":{"rendered":"\n<p>Ins\u00f3lito. Una mujer de la localidad de Morteros, propietaria de una casa ubicada en bulevar 25 de Mayo denunci\u00f3 que concurrentes a la cita le sustrajeron anillos, cadenas y medallones de oro y plata.<\/p>\n\n\n\n<p>La joven, llamada Fernanda Doro, ofreci\u00f3 recompensa para recuperar las joyas ya que asegur\u00f3 que tienen un gran valor sentimental para ella ya que eran recuerdos de seres queridos.<\/p>\n\n\n\n<p>Para peor la mujer no sabe cu\u00e1ndo se las robaron porque reconoci\u00f3 que durante dos fines de semana concurrieron a su casa varias personas, la mayor\u00eda conocidos. No se registraron signos de violencia en aberturas, por lo que la sospecha recae sobre los concurrentes a las reuniones.<\/p>\n\n\n\n<p>\u00abNo s\u00e9 si sucedi\u00f3 este fin de semana o el anterior. Antes que nada quiero aclarar que yo s\u00e9 que no est\u00e1n permitidas las reuniones, pero as\u00ed fue c\u00f3mo sucedieron las cosas. Me junt\u00e9 con un par de amigos ac\u00e1 en mi casa, yo me fui a dormir tranquila, pensando que todo estaba normal\u00bb, explic\u00f3 la joven.<\/p>\n\n\n\n<p>Luego relat\u00f3: \u00abHoy voy a mi habitaci\u00f3n, a la mesa de luz donde tengo la mayor\u00eda de mis efectos personales. En una caja donde tengo guardados mis recuerdos, porque b\u00e1sicamente son eso, me encuentro con que estaba vac\u00eda. Conten\u00eda un medall\u00f3n de oro de m\u00e1s de 100 a\u00f1os que pertenec\u00eda a mi abuela. Tambi\u00e9n un anillo de mi pap\u00e1 y uno de mi abuela, fino de oro y plata con piedritas\u00bb.<\/p>\n\n\n\n<p>En ese sentido destac\u00f3 que \u00ablo m\u00e1s importante para m\u00ed es un recuerdo que me qued\u00f3 de mi mam\u00e1: un anillo de oro con 10 piedras aguamarina\u00bb.<\/p>\n\n\n\n<p>En resumen, los elementos robados son un anillo de oro de mujer con piedras engarzadas aguamarina celestes, un anillo de hombre de oro con las iniciales RD grabadas, un medall\u00f3n de oro grabado con las iniciales LBD, con cadena de oro y un anillo de mujer de oro y plata.<\/p>\n\n\n\n<div class=\"wp-block-image\"><figure class=\"aligncenter size-large\"><img data-recalc-dims=\"1\" fetchpriority=\"high\" decoding=\"async\" width=\"599\" height=\"1024\" src=\"https:\/\/i0.wp.com\/elregionalvm.com.ar\/noticias-villa-maria\/wp-content\/uploads\/2021\/06\/robo-en-clandestina.jpg?resize=599%2C1024&#038;ssl=1\" alt=\"\" class=\"wp-image-39100\" srcset=\"https:\/\/i0.wp.com\/elregionalvm.com.ar\/noticias-villa-maria\/wp-content\/uploads\/2021\/06\/robo-en-clandestina.jpg?resize=599%2C1024&amp;ssl=1 599w, https:\/\/i0.wp.com\/elregionalvm.com.ar\/noticias-villa-maria\/wp-content\/uploads\/2021\/06\/robo-en-clandestina.jpg?resize=175%2C300&amp;ssl=1 175w, https:\/\/i0.wp.com\/elregionalvm.com.ar\/noticias-villa-maria\/wp-content\/uploads\/2021\/06\/robo-en-clandestina.jpg?w=750&amp;ssl=1 750w\" sizes=\"(max-width: 599px) 100vw, 599px\" \/><\/figure><\/div>\n\n\n\n<p>Doro agreg\u00f3: \u00abNo tengo idea quien pudo haber sido. Hubo varias personas ac\u00e1. Lo compart\u00ed en mis redes justamente para que tenga una mayor difusi\u00f3n. Mi idea no es recuperarlos por el valor econ\u00f3mico sino porque tienen un valor sentimental enorme. Por eso no me molesta ofrecer lo que me pidan de recompensa\u00bb.<\/p>\n\n\n\n<p>\u00abAl 80 o 90% de las personas que estuvieron las recuerdo perfectamente. Fueron varias. No hubo ninguna abertura violentada, ninguna barreta, nada revuelto y justamente por eso creo que fue alguien que fue directamente a ese lugar\u00bb, agreg\u00f3.<\/p>\n\n\n\n<p>Analizando la situaci\u00f3n y apuntando al posible autor, dijo que \u00abes una persona muy viva porque yo voy todos los d\u00edas a la mesa de luz y siempre veo la caja. Pero al no tener nada que guardar o sacar, no la abr\u00eda. Hoy reci\u00e9n cuando fui a guardar algo me di cuenta, porque a la caja la dejaron\u00bb.<\/p>\n\n\n\n<p>\u00abYo no pongo las manos en el fuego por nadie m\u00e1s que por mi familia. Mis amistades son como mi familia. Es alguien que vino sabiendo que no iba a volver a verme. Porque robarme y despu\u00e9s mirarme a la cara no creo que pase, o s\u00ed. Yo no lo har\u00eda, por eso no creo que sea una amigo m\u00edo\u00bb, finaliz\u00f3.<\/p>\n\n\n\n<p>Fuente: .lavozdesanjusto.com.ar<\/p>\n","protected":false},"excerpt":{"rendered":"<p>Ins\u00f3lito. Una mujer de la localidad de Morteros, propietaria de una casa ubicada en bulevar 25 de Mayo denunci\u00f3 que concurrentes a la cita le sustrajeron anillos, cadenas y medallones de oro y plata. La joven, llamada Fernanda Doro, ofreci\u00f3 recompensa para recuperar las joyas ya que asegur\u00f3 que tienen un gran valor sentimental para [&hellip;]<\/p>\n","protected":false},"author":4,"featured_media":39101,"comment_status":"open","ping_status":"open","sticky":false,"template":"","format":"standard","meta":{"site-sidebar-layout":"default","site-content-layout":"default","ast-site-content-layout":"default","site-content-style":"default","site-sidebar-style":"default","ast-global-header-display":"","ast-banner-title-visibility":"","ast-main-header-display":"","ast-hfb-above-header-display":"","ast-hfb-below-header-display":"","ast-hfb-mobile-header-display":"","site-post-title":"","ast-breadcrumbs-content":"","ast-featured-img":"","footer-sml-layout":"","ast-disable-related-posts":"","theme-transparent-header-meta":"default","adv-header-id-meta":"","stick-header-meta":"","header-above-stick-meta":"","header-main-stick-meta":"","header-below-stick-meta":"","astra-migrate-meta-layouts":"default","ast-page-background-enabled":"default","ast-page-background-meta":{"desktop":{"background-color":"","background-image":"","background-repeat":"repeat","background-position":"center center","background-size":"auto","background-attachment":"scroll","background-type":"","background-media":"","overlay-type":"","overlay-color":"","overlay-opacity":"","overlay-gradient":""},"tablet":{"background-color":"","background-image":"","background-repeat":"repeat","background-position":"center center","background-size":"auto","background-attachment":"scroll","background-type":"","background-media":"","overlay-type":"","overlay-color":"","overlay-opacity":"","overlay-gradient":""},"mobile":{"background-color":"","background-image":"","background-repeat":"repeat","background-position":"center center","background-size":"auto","background-attachment":"scroll","background-type":"","background-media":"","overlay-type":"","overlay-color":"","overlay-opacity":"","overlay-gradient":""}},"ast-content-background-meta":{"desktop":{"background-color":"var(--ast-global-color-5)","background-image":"","background-repeat":"repeat","background-position":"center center","background-size":"auto","background-attachment":"scroll","background-type":"","background-media":"","overlay-type":"","overlay-color":"","overlay-opacity":"","overlay-gradient":""},"tablet":{"background-color":"var(--ast-global-color-5)","background-image":"","background-repeat":"repeat","background-position":"center center","background-size":"auto","background-attachment":"scroll","background-type":"","background-media":"","overlay-type":"","overlay-color":"","overlay-opacity":"","overlay-gradient":""},"mobile":{"background-color":"var(--ast-global-color-5)","background-image":"","background-repeat":"repeat","background-position":"center center","background-size":"auto","background-attachment":"scroll","background-type":"","background-media":"","overlay-type":"","overlay-color":"","overlay-opacity":"","overlay-gradient":""}},"_jetpack_memberships_contains_paid_content":false,"_joinchat":[],"footnotes":""},"categories":[2234],"tags":[5031,9443,5049,9445,741,9444],"class_list":["post-39099","post","type-post","status-publish","format-standard","has-post-thumbnail","hentry","category-policiales","tag-fiesta-clandestina","tag-morteros","tag-mujer-denuncio","tag-oro-y-plata","tag-policiales","tag-robo-de-alhajas"],"yoast_head":"<!-- This site is optimized with the Yoast SEO plugin v26.8 - https:\/\/yoast.com\/product\/yoast-seo-wordpress\/ -->\n<title>Morteros: denunci\u00f3 que en una fiesta clandestina que organiz\u00f3 le robaron alhajas de oro y plata - El Regional<\/title>\n<meta name=\"robots\" content=\"index, follow, max-snippet:-1, max-image-preview:large, max-video-preview:-1\" \/>\n<link rel=\"canonical\" href=\"http:\/\/elregionalvm.com.ar\/noticias-villa-maria\/morteros-denuncio-que-en-una-fiesta-clandestina-que-organizo-le-robaron-alhajas-de-oro-y-plata\/\" \/>\n<meta property=\"og:locale\" content=\"es_ES\" \/>\n<meta property=\"og:type\" content=\"article\" \/>\n<meta property=\"og:title\" content=\"Morteros: denunci\u00f3 que en una fiesta clandestina que organiz\u00f3 le robaron alhajas de oro y plata - El Regional\" \/>\n<meta property=\"og:description\" content=\"Ins\u00f3lito. Una mujer de la localidad de Morteros, propietaria de una casa ubicada en bulevar 25 de Mayo denunci\u00f3 que concurrentes a la cita le sustrajeron anillos, cadenas y medallones de oro y plata. La joven, llamada Fernanda Doro, ofreci\u00f3 recompensa para recuperar las joyas ya que asegur\u00f3 que tienen un gran valor sentimental para [&hellip;]\" \/>\n<meta property=\"og:url\" content=\"http:\/\/elregionalvm.com.ar\/noticias-villa-maria\/morteros-denuncio-que-en-una-fiesta-clandestina-que-organizo-le-robaron-alhajas-de-oro-y-plata\/\" \/>\n<meta property=\"og:site_name\" content=\"El Regional\" \/>\n<meta property=\"article:publisher\" content=\"https:\/\/www.facebook.com\/elregionalvm\" \/>\n<meta property=\"article:published_time\" content=\"2021-06-08T23:28:49+00:00\" \/>\n<meta property=\"article:modified_time\" content=\"2021-06-08T23:31:20+00:00\" \/>\n<meta property=\"og:image\" content=\"http:\/\/elregionalvm.com.ar\/noticias-villa-maria\/wp-content\/uploads\/2021\/06\/clandestina-robo.png\" \/>\n\t<meta property=\"og:image:width\" content=\"800\" \/>\n\t<meta property=\"og:image:height\" content=\"600\" \/>\n\t<meta property=\"og:image:type\" content=\"image\/png\" \/>\n<meta name=\"author\" content=\"Contenidos El Regional\" \/>\n<meta name=\"twitter:card\" content=\"summary_large_image\" \/>\n<meta name=\"twitter:creator\" content=\"@elregionalvm1\" \/>\n<meta name=\"twitter:site\" content=\"@elregionalvm1\" \/>\n<meta name=\"twitter:label1\" content=\"Escrito por\" \/>\n\t<meta name=\"twitter:data1\" content=\"Contenidos El Regional\" \/>\n\t<meta name=\"twitter:label2\" content=\"Tiempo de lectura\" \/>\n\t<meta name=\"twitter:data2\" content=\"3 minutos\" \/>\n<script type=\"application\/ld+json\" class=\"yoast-schema-graph\">{\"@context\":\"https:\/\/schema.org\",\"@graph\":[{\"@type\":\"Article\",\"@id\":\"http:\/\/elregionalvm.com.ar\/noticias-villa-maria\/morteros-denuncio-que-en-una-fiesta-clandestina-que-organizo-le-robaron-alhajas-de-oro-y-plata\/#article\",\"isPartOf\":{\"@id\":\"http:\/\/elregionalvm.com.ar\/noticias-villa-maria\/morteros-denuncio-que-en-una-fiesta-clandestina-que-organizo-le-robaron-alhajas-de-oro-y-plata\/\"},\"author\":{\"name\":\"Contenidos El Regional\",\"@id\":\"http:\/\/elregionalvm.com.ar\/noticias-villa-maria\/#\/schema\/person\/a0fb9c422317faca23d50163151bc354\"},\"headline\":\"Morteros: denunci\u00f3 que en una fiesta clandestina que organiz\u00f3 le robaron alhajas de oro y plata\",\"datePublished\":\"2021-06-08T23:28:49+00:00\",\"dateModified\":\"2021-06-08T23:31:20+00:00\",\"mainEntityOfPage\":{\"@id\":\"http:\/\/elregionalvm.com.ar\/noticias-villa-maria\/morteros-denuncio-que-en-una-fiesta-clandestina-que-organizo-le-robaron-alhajas-de-oro-y-plata\/\"},\"wordCount\":568,\"commentCount\":0,\"image\":{\"@id\":\"http:\/\/elregionalvm.com.ar\/noticias-villa-maria\/morteros-denuncio-que-en-una-fiesta-clandestina-que-organizo-le-robaron-alhajas-de-oro-y-plata\/#primaryimage\"},\"thumbnailUrl\":\"https:\/\/i0.wp.com\/elregionalvm.com.ar\/noticias-villa-maria\/wp-content\/uploads\/2021\/06\/clandestina-robo.png?fit=800%2C600&ssl=1\",\"keywords\":[\"fiesta clandestina\",\"Morteros\",\"mujer denunci\u00f3\",\"oro y plata\",\"Policiales\",\"robo de alhajas\"],\"articleSection\":[\"Policiales\"],\"inLanguage\":\"es\",\"potentialAction\":[{\"@type\":\"CommentAction\",\"name\":\"Comment\",\"target\":[\"http:\/\/elregionalvm.com.ar\/noticias-villa-maria\/morteros-denuncio-que-en-una-fiesta-clandestina-que-organizo-le-robaron-alhajas-de-oro-y-plata\/#respond\"]}]},{\"@type\":\"WebPage\",\"@id\":\"http:\/\/elregionalvm.com.ar\/noticias-villa-maria\/morteros-denuncio-que-en-una-fiesta-clandestina-que-organizo-le-robaron-alhajas-de-oro-y-plata\/\",\"url\":\"http:\/\/elregionalvm.com.ar\/noticias-villa-maria\/morteros-denuncio-que-en-una-fiesta-clandestina-que-organizo-le-robaron-alhajas-de-oro-y-plata\/\",\"name\":\"Morteros: denunci\u00f3 que en una fiesta clandestina que organiz\u00f3 le robaron alhajas de oro y plata - El Regional\",\"isPartOf\":{\"@id\":\"http:\/\/elregionalvm.com.ar\/noticias-villa-maria\/#website\"},\"primaryImageOfPage\":{\"@id\":\"http:\/\/elregionalvm.com.ar\/noticias-villa-maria\/morteros-denuncio-que-en-una-fiesta-clandestina-que-organizo-le-robaron-alhajas-de-oro-y-plata\/#primaryimage\"},\"image\":{\"@id\":\"http:\/\/elregionalvm.com.ar\/noticias-villa-maria\/morteros-denuncio-que-en-una-fiesta-clandestina-que-organizo-le-robaron-alhajas-de-oro-y-plata\/#primaryimage\"},\"thumbnailUrl\":\"https:\/\/i0.wp.com\/elregionalvm.com.ar\/noticias-villa-maria\/wp-content\/uploads\/2021\/06\/clandestina-robo.png?fit=800%2C600&ssl=1\",\"datePublished\":\"2021-06-08T23:28:49+00:00\",\"dateModified\":\"2021-06-08T23:31:20+00:00\",\"author\":{\"@id\":\"http:\/\/elregionalvm.com.ar\/noticias-villa-maria\/#\/schema\/person\/a0fb9c422317faca23d50163151bc354\"},\"breadcrumb\":{\"@id\":\"http:\/\/elregionalvm.com.ar\/noticias-villa-maria\/morteros-denuncio-que-en-una-fiesta-clandestina-que-organizo-le-robaron-alhajas-de-oro-y-plata\/#breadcrumb\"},\"inLanguage\":\"es\",\"potentialAction\":[{\"@type\":\"ReadAction\",\"target\":[\"http:\/\/elregionalvm.com.ar\/noticias-villa-maria\/morteros-denuncio-que-en-una-fiesta-clandestina-que-organizo-le-robaron-alhajas-de-oro-y-plata\/\"]}]},{\"@type\":\"ImageObject\",\"inLanguage\":\"es\",\"@id\":\"http:\/\/elregionalvm.com.ar\/noticias-villa-maria\/morteros-denuncio-que-en-una-fiesta-clandestina-que-organizo-le-robaron-alhajas-de-oro-y-plata\/#primaryimage\",\"url\":\"https:\/\/i0.wp.com\/elregionalvm.com.ar\/noticias-villa-maria\/wp-content\/uploads\/2021\/06\/clandestina-robo.png?fit=800%2C600&ssl=1\",\"contentUrl\":\"https:\/\/i0.wp.com\/elregionalvm.com.ar\/noticias-villa-maria\/wp-content\/uploads\/2021\/06\/clandestina-robo.png?fit=800%2C600&ssl=1\",\"width\":800,\"height\":600},{\"@type\":\"BreadcrumbList\",\"@id\":\"http:\/\/elregionalvm.com.ar\/noticias-villa-maria\/morteros-denuncio-que-en-una-fiesta-clandestina-que-organizo-le-robaron-alhajas-de-oro-y-plata\/#breadcrumb\",\"itemListElement\":[{\"@type\":\"ListItem\",\"position\":1,\"name\":\"Portada\",\"item\":\"https:\/\/elregionalvm.com.ar\/noticias-villa-maria\/\"},{\"@type\":\"ListItem\",\"position\":2,\"name\":\"Morteros: denunci\u00f3 que en una fiesta clandestina que organiz\u00f3 le robaron alhajas de oro y plata\"}]},{\"@type\":\"WebSite\",\"@id\":\"http:\/\/elregionalvm.com.ar\/noticias-villa-maria\/#website\",\"url\":\"http:\/\/elregionalvm.com.ar\/noticias-villa-maria\/\",\"name\":\"El Regional\",\"description\":\"Mucho m\u00e1s que informaci\u00f3n\",\"potentialAction\":[{\"@type\":\"SearchAction\",\"target\":{\"@type\":\"EntryPoint\",\"urlTemplate\":\"http:\/\/elregionalvm.com.ar\/noticias-villa-maria\/?s={search_term_string}\"},\"query-input\":{\"@type\":\"PropertyValueSpecification\",\"valueRequired\":true,\"valueName\":\"search_term_string\"}}],\"inLanguage\":\"es\"},{\"@type\":\"Person\",\"@id\":\"http:\/\/elregionalvm.com.ar\/noticias-villa-maria\/#\/schema\/person\/a0fb9c422317faca23d50163151bc354\",\"name\":\"Contenidos El Regional\",\"image\":{\"@type\":\"ImageObject\",\"inLanguage\":\"es\",\"@id\":\"http:\/\/elregionalvm.com.ar\/noticias-villa-maria\/#\/schema\/person\/image\/\",\"url\":\"https:\/\/secure.gravatar.com\/avatar\/265b27cb2209af7bb3a1318f03305787d7981a5cc6e6cd08fe5a4ecdf99d4b48?s=96&d=mm&r=g\",\"contentUrl\":\"https:\/\/secure.gravatar.com\/avatar\/265b27cb2209af7bb3a1318f03305787d7981a5cc6e6cd08fe5a4ecdf99d4b48?s=96&d=mm&r=g\",\"caption\":\"Contenidos El Regional\"},\"url\":\"https:\/\/elregionalvm.com.ar\/noticias-villa-maria\/author\/contenido\/\"}]}<\/script>\n<!-- \/ Yoast SEO plugin. -->","yoast_head_json":{"title":"Morteros: denunci\u00f3 que en una fiesta clandestina que organiz\u00f3 le robaron alhajas de oro y plata - El Regional","robots":{"index":"index","follow":"follow","max-snippet":"max-snippet:-1","max-image-preview":"max-image-preview:large","max-video-preview":"max-video-preview:-1"},"canonical":"http:\/\/elregionalvm.com.ar\/noticias-villa-maria\/morteros-denuncio-que-en-una-fiesta-clandestina-que-organizo-le-robaron-alhajas-de-oro-y-plata\/","og_locale":"es_ES","og_type":"article","og_title":"Morteros: denunci\u00f3 que en una fiesta clandestina que organiz\u00f3 le robaron alhajas de oro y plata - El Regional","og_description":"Ins\u00f3lito. Una mujer de la localidad de Morteros, propietaria de una casa ubicada en bulevar 25 de Mayo denunci\u00f3 que concurrentes a la cita le sustrajeron anillos, cadenas y medallones de oro y plata. La joven, llamada Fernanda Doro, ofreci\u00f3 recompensa para recuperar las joyas ya que asegur\u00f3 que tienen un gran valor sentimental para [&hellip;]","og_url":"http:\/\/elregionalvm.com.ar\/noticias-villa-maria\/morteros-denuncio-que-en-una-fiesta-clandestina-que-organizo-le-robaron-alhajas-de-oro-y-plata\/","og_site_name":"El Regional","article_publisher":"https:\/\/www.facebook.com\/elregionalvm","article_published_time":"2021-06-08T23:28:49+00:00","article_modified_time":"2021-06-08T23:31:20+00:00","og_image":[{"width":800,"height":600,"url":"http:\/\/elregionalvm.com.ar\/noticias-villa-maria\/wp-content\/uploads\/2021\/06\/clandestina-robo.png","type":"image\/png"}],"author":"Contenidos El Regional","twitter_card":"summary_large_image","twitter_creator":"@elregionalvm1","twitter_site":"@elregionalvm1","twitter_misc":{"Escrito por":"Contenidos El Regional","Tiempo de lectura":"3 minutos"},"schema":{"@context":"https:\/\/schema.org","@graph":[{"@type":"Article","@id":"http:\/\/elregionalvm.com.ar\/noticias-villa-maria\/morteros-denuncio-que-en-una-fiesta-clandestina-que-organizo-le-robaron-alhajas-de-oro-y-plata\/#article","isPartOf":{"@id":"http:\/\/elregionalvm.com.ar\/noticias-villa-maria\/morteros-denuncio-que-en-una-fiesta-clandestina-que-organizo-le-robaron-alhajas-de-oro-y-plata\/"},"author":{"name":"Contenidos El Regional","@id":"http:\/\/elregionalvm.com.ar\/noticias-villa-maria\/#\/schema\/person\/a0fb9c422317faca23d50163151bc354"},"headline":"Morteros: denunci\u00f3 que en una fiesta clandestina que organiz\u00f3 le robaron alhajas de oro y plata","datePublished":"2021-06-08T23:28:49+00:00","dateModified":"2021-06-08T23:31:20+00:00","mainEntityOfPage":{"@id":"http:\/\/elregionalvm.com.ar\/noticias-villa-maria\/morteros-denuncio-que-en-una-fiesta-clandestina-que-organizo-le-robaron-alhajas-de-oro-y-plata\/"},"wordCount":568,"commentCount":0,"image":{"@id":"http:\/\/elregionalvm.com.ar\/noticias-villa-maria\/morteros-denuncio-que-en-una-fiesta-clandestina-que-organizo-le-robaron-alhajas-de-oro-y-plata\/#primaryimage"},"thumbnailUrl":"https:\/\/i0.wp.com\/elregionalvm.com.ar\/noticias-villa-maria\/wp-content\/uploads\/2021\/06\/clandestina-robo.png?fit=800%2C600&ssl=1","keywords":["fiesta clandestina","Morteros","mujer denunci\u00f3","oro y plata","Policiales","robo de alhajas"],"articleSection":["Policiales"],"inLanguage":"es","potentialAction":[{"@type":"CommentAction","name":"Comment","target":["http:\/\/elregionalvm.com.ar\/noticias-villa-maria\/morteros-denuncio-que-en-una-fiesta-clandestina-que-organizo-le-robaron-alhajas-de-oro-y-plata\/#respond"]}]},{"@type":"WebPage","@id":"http:\/\/elregionalvm.com.ar\/noticias-villa-maria\/morteros-denuncio-que-en-una-fiesta-clandestina-que-organizo-le-robaron-alhajas-de-oro-y-plata\/","url":"http:\/\/elregionalvm.com.ar\/noticias-villa-maria\/morteros-denuncio-que-en-una-fiesta-clandestina-que-organizo-le-robaron-alhajas-de-oro-y-plata\/","name":"Morteros: denunci\u00f3 que en una fiesta clandestina que organiz\u00f3 le robaron alhajas de oro y plata - El Regional","isPartOf":{"@id":"http:\/\/elregionalvm.com.ar\/noticias-villa-maria\/#website"},"primaryImageOfPage":{"@id":"http:\/\/elregionalvm.com.ar\/noticias-villa-maria\/morteros-denuncio-que-en-una-fiesta-clandestina-que-organizo-le-robaron-alhajas-de-oro-y-plata\/#primaryimage"},"image":{"@id":"http:\/\/elregionalvm.com.ar\/noticias-villa-maria\/morteros-denuncio-que-en-una-fiesta-clandestina-que-organizo-le-robaron-alhajas-de-oro-y-plata\/#primaryimage"},"thumbnailUrl":"https:\/\/i0.wp.com\/elregionalvm.com.ar\/noticias-villa-maria\/wp-content\/uploads\/2021\/06\/clandestina-robo.png?fit=800%2C600&ssl=1","datePublished":"2021-06-08T23:28:49+00:00","dateModified":"2021-06-08T23:31:20+00:00","author":{"@id":"http:\/\/elregionalvm.com.ar\/noticias-villa-maria\/#\/schema\/person\/a0fb9c422317faca23d50163151bc354"},"breadcrumb":{"@id":"http:\/\/elregionalvm.com.ar\/noticias-villa-maria\/morteros-denuncio-que-en-una-fiesta-clandestina-que-organizo-le-robaron-alhajas-de-oro-y-plata\/#breadcrumb"},"inLanguage":"es","potentialAction":[{"@type":"ReadAction","target":["http:\/\/elregionalvm.com.ar\/noticias-villa-maria\/morteros-denuncio-que-en-una-fiesta-clandestina-que-organizo-le-robaron-alhajas-de-oro-y-plata\/"]}]},{"@type":"ImageObject","inLanguage":"es","@id":"http:\/\/elregionalvm.com.ar\/noticias-villa-maria\/morteros-denuncio-que-en-una-fiesta-clandestina-que-organizo-le-robaron-alhajas-de-oro-y-plata\/#primaryimage","url":"https:\/\/i0.wp.com\/elregionalvm.com.ar\/noticias-villa-maria\/wp-content\/uploads\/2021\/06\/clandestina-robo.png?fit=800%2C600&ssl=1","contentUrl":"https:\/\/i0.wp.com\/elregionalvm.com.ar\/noticias-villa-maria\/wp-content\/uploads\/2021\/06\/clandestina-robo.png?fit=800%2C600&ssl=1","width":800,"height":600},{"@type":"BreadcrumbList","@id":"http:\/\/elregionalvm.com.ar\/noticias-villa-maria\/morteros-denuncio-que-en-una-fiesta-clandestina-que-organizo-le-robaron-alhajas-de-oro-y-plata\/#breadcrumb","itemListElement":[{"@type":"ListItem","position":1,"name":"Portada","item":"https:\/\/elregionalvm.com.ar\/noticias-villa-maria\/"},{"@type":"ListItem","position":2,"name":"Morteros: denunci\u00f3 que en una fiesta clandestina que organiz\u00f3 le robaron alhajas de oro y plata"}]},{"@type":"WebSite","@id":"http:\/\/elregionalvm.com.ar\/noticias-villa-maria\/#website","url":"http:\/\/elregionalvm.com.ar\/noticias-villa-maria\/","name":"El Regional","description":"Mucho m\u00e1s que informaci\u00f3n","potentialAction":[{"@type":"SearchAction","target":{"@type":"EntryPoint","urlTemplate":"http:\/\/elregionalvm.com.ar\/noticias-villa-maria\/?s={search_term_string}"},"query-input":{"@type":"PropertyValueSpecification","valueRequired":true,"valueName":"search_term_string"}}],"inLanguage":"es"},{"@type":"Person","@id":"http:\/\/elregionalvm.com.ar\/noticias-villa-maria\/#\/schema\/person\/a0fb9c422317faca23d50163151bc354","name":"Contenidos El Regional","image":{"@type":"ImageObject","inLanguage":"es","@id":"http:\/\/elregionalvm.com.ar\/noticias-villa-maria\/#\/schema\/person\/image\/","url":"https:\/\/secure.gravatar.com\/avatar\/265b27cb2209af7bb3a1318f03305787d7981a5cc6e6cd08fe5a4ecdf99d4b48?s=96&d=mm&r=g","contentUrl":"https:\/\/secure.gravatar.com\/avatar\/265b27cb2209af7bb3a1318f03305787d7981a5cc6e6cd08fe5a4ecdf99d4b48?s=96&d=mm&r=g","caption":"Contenidos El Regional"},"url":"https:\/\/elregionalvm.com.ar\/noticias-villa-maria\/author\/contenido\/"}]}},"jetpack_featured_media_url":"https:\/\/i0.wp.com\/elregionalvm.com.ar\/noticias-villa-maria\/wp-content\/uploads\/2021\/06\/clandestina-robo.png?fit=800%2C600&ssl=1","jetpack_sharing_enabled":true,"_links":{"self":[{"href":"https:\/\/elregionalvm.com.ar\/noticias-villa-maria\/wp-json\/wp\/v2\/posts\/39099","targetHints":{"allow":["GET"]}}],"collection":[{"href":"https:\/\/elregionalvm.com.ar\/noticias-villa-maria\/wp-json\/wp\/v2\/posts"}],"about":[{"href":"https:\/\/elregionalvm.com.ar\/noticias-villa-maria\/wp-json\/wp\/v2\/types\/post"}],"author":[{"embeddable":true,"href":"https:\/\/elregionalvm.com.ar\/noticias-villa-maria\/wp-json\/wp\/v2\/users\/4"}],"replies":[{"embeddable":true,"href":"https:\/\/elregionalvm.com.ar\/noticias-villa-maria\/wp-json\/wp\/v2\/comments?post=39099"}],"version-history":[{"count":1,"href":"https:\/\/elregionalvm.com.ar\/noticias-villa-maria\/wp-json\/wp\/v2\/posts\/39099\/revisions"}],"predecessor-version":[{"id":39102,"href":"https:\/\/elregionalvm.com.ar\/noticias-villa-maria\/wp-json\/wp\/v2\/posts\/39099\/revisions\/39102"}],"wp:featuredmedia":[{"embeddable":true,"href":"https:\/\/elregionalvm.com.ar\/noticias-villa-maria\/wp-json\/wp\/v2\/media\/39101"}],"wp:attachment":[{"href":"https:\/\/elregionalvm.com.ar\/noticias-villa-maria\/wp-json\/wp\/v2\/media?parent=39099"}],"wp:term":[{"taxonomy":"category","embeddable":true,"href":"https:\/\/elregionalvm.com.ar\/noticias-villa-maria\/wp-json\/wp\/v2\/categories?post=39099"},{"taxonomy":"post_tag","embeddable":true,"href":"https:\/\/elregionalvm.com.ar\/noticias-villa-maria\/wp-json\/wp\/v2\/tags?post=39099"}],"curies":[{"name":"wp","href":"https:\/\/api.w.org\/{rel}","templated":true}]}}