{"id":39557,"date":"2021-06-17T01:36:53","date_gmt":"2021-06-17T01:36:53","guid":{"rendered":"https:\/\/elregionalvm.com.ar\/noticias-villa-maria\/?p=39557"},"modified":"2021-06-17T01:36:54","modified_gmt":"2021-06-17T01:36:54","slug":"murio-un-hombre-de-60-anos-en-villa-nueva-y-registraron-23-contagios-este-miercoles","status":"publish","type":"post","link":"https:\/\/elregionalvm.com.ar\/noticias-villa-maria\/murio-un-hombre-de-60-anos-en-villa-nueva-y-registraron-23-contagios-este-miercoles\/","title":{"rendered":"Muri\u00f3 un hombre de 60 a\u00f1os en Villa Nueva y registraron 23 contagios este mi\u00e9rcoles"},"content":{"rendered":"\n<p>En las \u00faltimas 24 horas se registraron 23 casos positivos de Covid en Villa Nueva, en tanto que se otorgaron 21 altas m\u00e9dicas.<br>Del mismo modo, se aisl\u00f3 a 45 personas por ser contactos estrechos, y se otorgaron 24 altas de aislamiento.<br>Adem\u00e1s, en la \u00faltima jornada se produjo un nuevo fallecimiento, en este caso un hombre, de 60 a\u00f1os.<br>Desde el inicio de la pandemia ya son 43 las personas fallecidas por la enfermedad.<br>\u2022En total, actualmente, la ciudad contabiliza 277 casos activos de Covid 19, de las cuales, 18 personas se encuentran internadas.<br>Desde el inicio de la pandemia, en Villa Nueva se contabilizan 3718 casos de Covid 19.<br>\u2022La cantidad de contactos estrechos actualmente es de 646 personas. Todos casos que se encuentran en vigilancia epidemiol\u00f3gica para su cumplimiento efectivo de la cuarentena, hasta tanto se reciban los resultados de los correspondientes hisopados.<\/p>\n","protected":false},"excerpt":{"rendered":"<p>En las \u00faltimas 24 horas se registraron 23 casos positivos de Covid en Villa Nueva, en tanto que se otorgaron 21 altas m\u00e9dicas.Del mismo modo, se aisl\u00f3 a 45 personas por ser contactos estrechos, y se otorgaron 24 altas de aislamiento.Adem\u00e1s, en la \u00faltima jornada se produjo un nuevo fallecimiento, en este caso un hombre, [&hellip;]<\/p>\n","protected":false},"author":4,"featured_media":39558,"comment_status":"open","ping_status":"open","sticky":false,"template":"","format":"standard","meta":{"site-sidebar-layout":"default","site-content-layout":"default","ast-site-content-layout":"default","site-content-style":"default","site-sidebar-style":"default","ast-global-header-display":"","ast-banner-title-visibility":"","ast-main-header-display":"","ast-hfb-above-header-display":"","ast-hfb-below-header-display":"","ast-hfb-mobile-header-display":"","site-post-title":"","ast-breadcrumbs-content":"","ast-featured-img":"","footer-sml-layout":"","ast-disable-related-posts":"","theme-transparent-header-meta":"default","adv-header-id-meta":"","stick-header-meta":"","header-above-stick-meta":"","header-main-stick-meta":"","header-below-stick-meta":"","astra-migrate-meta-layouts":"default","ast-page-background-enabled":"default","ast-page-background-meta":{"desktop":{"background-color":"","background-image":"","background-repeat":"repeat","background-position":"center center","background-size":"auto","background-attachment":"scroll","background-type":"","background-media":"","overlay-type":"","overlay-color":"","overlay-opacity":"","overlay-gradient":""},"tablet":{"background-color":"","background-image":"","background-repeat":"repeat","background-position":"center center","background-size":"auto","background-attachment":"scroll","background-type":"","background-media":"","overlay-type":"","overlay-color":"","overlay-opacity":"","overlay-gradient":""},"mobile":{"background-color":"","background-image":"","background-repeat":"repeat","background-position":"center center","background-size":"auto","background-attachment":"scroll","background-type":"","background-media":"","overlay-type":"","overlay-color":"","overlay-opacity":"","overlay-gradient":""}},"ast-content-background-meta":{"desktop":{"background-color":"var(--ast-global-color-5)","background-image":"","background-repeat":"repeat","background-position":"center center","background-size":"auto","background-attachment":"scroll","background-type":"","background-media":"","overlay-type":"","overlay-color":"","overlay-opacity":"","overlay-gradient":""},"tablet":{"background-color":"var(--ast-global-color-5)","background-image":"","background-repeat":"repeat","background-position":"center center","background-size":"auto","background-attachment":"scroll","background-type":"","background-media":"","overlay-type":"","overlay-color":"","overlay-opacity":"","overlay-gradient":""},"mobile":{"background-color":"var(--ast-global-color-5)","background-image":"","background-repeat":"repeat","background-position":"center center","background-size":"auto","background-attachment":"scroll","background-type":"","background-media":"","overlay-type":"","overlay-color":"","overlay-opacity":"","overlay-gradient":""}},"_jetpack_memberships_contains_paid_content":false,"_joinchat":[],"footnotes":""},"categories":[2256,1408],"tags":[1722,3907,1997,9587,3744,9605,232],"class_list":["post-39557","post","type-post","status-publish","format-standard","has-post-thumbnail","hentry","category-coronavirus","category-villa-nueva","tag-60-anos","tag-casos-diarios","tag-coronavirus","tag-miercoles-16-de-junio-de-2021","tag-situacion-epidemiologica","tag-unhombre-fallecido","tag-villa-nueva"],"yoast_head":"<!-- This site is optimized with the Yoast SEO plugin v26.8 - https:\/\/yoast.com\/product\/yoast-seo-wordpress\/ -->\n<title>Muri\u00f3 un hombre de 60 a\u00f1os en Villa Nueva y registraron 23 contagios este mi\u00e9rcoles - El Regional<\/title>\n<meta name=\"robots\" content=\"index, follow, max-snippet:-1, max-image-preview:large, max-video-preview:-1\" \/>\n<link rel=\"canonical\" href=\"http:\/\/elregionalvm.com.ar\/noticias-villa-maria\/murio-un-hombre-de-60-anos-en-villa-nueva-y-registraron-23-contagios-este-miercoles\/\" \/>\n<meta property=\"og:locale\" content=\"es_ES\" \/>\n<meta property=\"og:type\" content=\"article\" \/>\n<meta property=\"og:title\" content=\"Muri\u00f3 un hombre de 60 a\u00f1os en Villa Nueva y registraron 23 contagios este mi\u00e9rcoles - El Regional\" \/>\n<meta property=\"og:description\" content=\"En las \u00faltimas 24 horas se registraron 23 casos positivos de Covid en Villa Nueva, en tanto que se otorgaron 21 altas m\u00e9dicas.Del mismo modo, se aisl\u00f3 a 45 personas por ser contactos estrechos, y se otorgaron 24 altas de aislamiento.Adem\u00e1s, en la \u00faltima jornada se produjo un nuevo fallecimiento, en este caso un hombre, [&hellip;]\" \/>\n<meta property=\"og:url\" content=\"http:\/\/elregionalvm.com.ar\/noticias-villa-maria\/murio-un-hombre-de-60-anos-en-villa-nueva-y-registraron-23-contagios-este-miercoles\/\" \/>\n<meta property=\"og:site_name\" content=\"El Regional\" \/>\n<meta property=\"article:publisher\" content=\"https:\/\/www.facebook.com\/elregionalvm\" \/>\n<meta property=\"article:published_time\" content=\"2021-06-17T01:36:53+00:00\" \/>\n<meta property=\"article:modified_time\" content=\"2021-06-17T01:36:54+00:00\" \/>\n<meta property=\"og:image\" content=\"http:\/\/elregionalvm.com.ar\/noticias-villa-maria\/wp-content\/uploads\/2021\/06\/WhatsApp-Image-2021-06-16-at-21.16.20.jpeg\" \/>\n\t<meta property=\"og:image:width\" content=\"1159\" \/>\n\t<meta property=\"og:image:height\" content=\"803\" \/>\n\t<meta property=\"og:image:type\" content=\"image\/jpeg\" \/>\n<meta name=\"author\" content=\"Contenidos El Regional\" \/>\n<meta name=\"twitter:card\" content=\"summary_large_image\" \/>\n<meta name=\"twitter:creator\" content=\"@elregionalvm1\" \/>\n<meta name=\"twitter:site\" content=\"@elregionalvm1\" \/>\n<meta name=\"twitter:label1\" content=\"Escrito por\" \/>\n\t<meta name=\"twitter:data1\" content=\"Contenidos El Regional\" \/>\n\t<meta name=\"twitter:label2\" content=\"Tiempo de lectura\" \/>\n\t<meta name=\"twitter:data2\" content=\"1 minuto\" \/>\n<script type=\"application\/ld+json\" class=\"yoast-schema-graph\">{\"@context\":\"https:\/\/schema.org\",\"@graph\":[{\"@type\":\"Article\",\"@id\":\"http:\/\/elregionalvm.com.ar\/noticias-villa-maria\/murio-un-hombre-de-60-anos-en-villa-nueva-y-registraron-23-contagios-este-miercoles\/#article\",\"isPartOf\":{\"@id\":\"http:\/\/elregionalvm.com.ar\/noticias-villa-maria\/murio-un-hombre-de-60-anos-en-villa-nueva-y-registraron-23-contagios-este-miercoles\/\"},\"author\":{\"name\":\"Contenidos El Regional\",\"@id\":\"http:\/\/elregionalvm.com.ar\/noticias-villa-maria\/#\/schema\/person\/a0fb9c422317faca23d50163151bc354\"},\"headline\":\"Muri\u00f3 un hombre de 60 a\u00f1os en Villa Nueva y registraron 23 contagios este mi\u00e9rcoles\",\"datePublished\":\"2021-06-17T01:36:53+00:00\",\"dateModified\":\"2021-06-17T01:36:54+00:00\",\"mainEntityOfPage\":{\"@id\":\"http:\/\/elregionalvm.com.ar\/noticias-villa-maria\/murio-un-hombre-de-60-anos-en-villa-nueva-y-registraron-23-contagios-este-miercoles\/\"},\"wordCount\":152,\"commentCount\":0,\"image\":{\"@id\":\"http:\/\/elregionalvm.com.ar\/noticias-villa-maria\/murio-un-hombre-de-60-anos-en-villa-nueva-y-registraron-23-contagios-este-miercoles\/#primaryimage\"},\"thumbnailUrl\":\"https:\/\/i0.wp.com\/elregionalvm.com.ar\/noticias-villa-maria\/wp-content\/uploads\/2021\/06\/WhatsApp-Image-2021-06-16-at-21.16.20.jpeg?fit=1159%2C803&ssl=1\",\"keywords\":[\"60 a\u00f1os\",\"casos diarios\",\"Coronavirus\",\"mi\u00e9rcoles 16 de junio de 2021\",\"situaci\u00f3n epidemiol\u00f3gica\",\"unhombre fallecido\",\"VILLA NUEVA\"],\"articleSection\":[\"Coronavirus\",\"Villa Nueva\"],\"inLanguage\":\"es\",\"potentialAction\":[{\"@type\":\"CommentAction\",\"name\":\"Comment\",\"target\":[\"http:\/\/elregionalvm.com.ar\/noticias-villa-maria\/murio-un-hombre-de-60-anos-en-villa-nueva-y-registraron-23-contagios-este-miercoles\/#respond\"]}]},{\"@type\":\"WebPage\",\"@id\":\"http:\/\/elregionalvm.com.ar\/noticias-villa-maria\/murio-un-hombre-de-60-anos-en-villa-nueva-y-registraron-23-contagios-este-miercoles\/\",\"url\":\"http:\/\/elregionalvm.com.ar\/noticias-villa-maria\/murio-un-hombre-de-60-anos-en-villa-nueva-y-registraron-23-contagios-este-miercoles\/\",\"name\":\"Muri\u00f3 un hombre de 60 a\u00f1os en Villa Nueva y registraron 23 contagios este mi\u00e9rcoles - El Regional\",\"isPartOf\":{\"@id\":\"http:\/\/elregionalvm.com.ar\/noticias-villa-maria\/#website\"},\"primaryImageOfPage\":{\"@id\":\"http:\/\/elregionalvm.com.ar\/noticias-villa-maria\/murio-un-hombre-de-60-anos-en-villa-nueva-y-registraron-23-contagios-este-miercoles\/#primaryimage\"},\"image\":{\"@id\":\"http:\/\/elregionalvm.com.ar\/noticias-villa-maria\/murio-un-hombre-de-60-anos-en-villa-nueva-y-registraron-23-contagios-este-miercoles\/#primaryimage\"},\"thumbnailUrl\":\"https:\/\/i0.wp.com\/elregionalvm.com.ar\/noticias-villa-maria\/wp-content\/uploads\/2021\/06\/WhatsApp-Image-2021-06-16-at-21.16.20.jpeg?fit=1159%2C803&ssl=1\",\"datePublished\":\"2021-06-17T01:36:53+00:00\",\"dateModified\":\"2021-06-17T01:36:54+00:00\",\"author\":{\"@id\":\"http:\/\/elregionalvm.com.ar\/noticias-villa-maria\/#\/schema\/person\/a0fb9c422317faca23d50163151bc354\"},\"breadcrumb\":{\"@id\":\"http:\/\/elregionalvm.com.ar\/noticias-villa-maria\/murio-un-hombre-de-60-anos-en-villa-nueva-y-registraron-23-contagios-este-miercoles\/#breadcrumb\"},\"inLanguage\":\"es\",\"potentialAction\":[{\"@type\":\"ReadAction\",\"target\":[\"http:\/\/elregionalvm.com.ar\/noticias-villa-maria\/murio-un-hombre-de-60-anos-en-villa-nueva-y-registraron-23-contagios-este-miercoles\/\"]}]},{\"@type\":\"ImageObject\",\"inLanguage\":\"es\",\"@id\":\"http:\/\/elregionalvm.com.ar\/noticias-villa-maria\/murio-un-hombre-de-60-anos-en-villa-nueva-y-registraron-23-contagios-este-miercoles\/#primaryimage\",\"url\":\"https:\/\/i0.wp.com\/elregionalvm.com.ar\/noticias-villa-maria\/wp-content\/uploads\/2021\/06\/WhatsApp-Image-2021-06-16-at-21.16.20.jpeg?fit=1159%2C803&ssl=1\",\"contentUrl\":\"https:\/\/i0.wp.com\/elregionalvm.com.ar\/noticias-villa-maria\/wp-content\/uploads\/2021\/06\/WhatsApp-Image-2021-06-16-at-21.16.20.jpeg?fit=1159%2C803&ssl=1\",\"width\":1159,\"height\":803},{\"@type\":\"BreadcrumbList\",\"@id\":\"http:\/\/elregionalvm.com.ar\/noticias-villa-maria\/murio-un-hombre-de-60-anos-en-villa-nueva-y-registraron-23-contagios-este-miercoles\/#breadcrumb\",\"itemListElement\":[{\"@type\":\"ListItem\",\"position\":1,\"name\":\"Portada\",\"item\":\"https:\/\/elregionalvm.com.ar\/noticias-villa-maria\/\"},{\"@type\":\"ListItem\",\"position\":2,\"name\":\"Muri\u00f3 un hombre de 60 a\u00f1os en Villa Nueva y registraron 23 contagios este mi\u00e9rcoles\"}]},{\"@type\":\"WebSite\",\"@id\":\"http:\/\/elregionalvm.com.ar\/noticias-villa-maria\/#website\",\"url\":\"http:\/\/elregionalvm.com.ar\/noticias-villa-maria\/\",\"name\":\"El Regional\",\"description\":\"Mucho m\u00e1s que informaci\u00f3n\",\"potentialAction\":[{\"@type\":\"SearchAction\",\"target\":{\"@type\":\"EntryPoint\",\"urlTemplate\":\"http:\/\/elregionalvm.com.ar\/noticias-villa-maria\/?s={search_term_string}\"},\"query-input\":{\"@type\":\"PropertyValueSpecification\",\"valueRequired\":true,\"valueName\":\"search_term_string\"}}],\"inLanguage\":\"es\"},{\"@type\":\"Person\",\"@id\":\"http:\/\/elregionalvm.com.ar\/noticias-villa-maria\/#\/schema\/person\/a0fb9c422317faca23d50163151bc354\",\"name\":\"Contenidos El Regional\",\"image\":{\"@type\":\"ImageObject\",\"inLanguage\":\"es\",\"@id\":\"http:\/\/elregionalvm.com.ar\/noticias-villa-maria\/#\/schema\/person\/image\/\",\"url\":\"https:\/\/secure.gravatar.com\/avatar\/265b27cb2209af7bb3a1318f03305787d7981a5cc6e6cd08fe5a4ecdf99d4b48?s=96&d=mm&r=g\",\"contentUrl\":\"https:\/\/secure.gravatar.com\/avatar\/265b27cb2209af7bb3a1318f03305787d7981a5cc6e6cd08fe5a4ecdf99d4b48?s=96&d=mm&r=g\",\"caption\":\"Contenidos El Regional\"},\"url\":\"https:\/\/elregionalvm.com.ar\/noticias-villa-maria\/author\/contenido\/\"}]}<\/script>\n<!-- \/ Yoast SEO plugin. -->","yoast_head_json":{"title":"Muri\u00f3 un hombre de 60 a\u00f1os en Villa Nueva y registraron 23 contagios este mi\u00e9rcoles - El Regional","robots":{"index":"index","follow":"follow","max-snippet":"max-snippet:-1","max-image-preview":"max-image-preview:large","max-video-preview":"max-video-preview:-1"},"canonical":"http:\/\/elregionalvm.com.ar\/noticias-villa-maria\/murio-un-hombre-de-60-anos-en-villa-nueva-y-registraron-23-contagios-este-miercoles\/","og_locale":"es_ES","og_type":"article","og_title":"Muri\u00f3 un hombre de 60 a\u00f1os en Villa Nueva y registraron 23 contagios este mi\u00e9rcoles - El Regional","og_description":"En las \u00faltimas 24 horas se registraron 23 casos positivos de Covid en Villa Nueva, en tanto que se otorgaron 21 altas m\u00e9dicas.Del mismo modo, se aisl\u00f3 a 45 personas por ser contactos estrechos, y se otorgaron 24 altas de aislamiento.Adem\u00e1s, en la \u00faltima jornada se produjo un nuevo fallecimiento, en este caso un hombre, [&hellip;]","og_url":"http:\/\/elregionalvm.com.ar\/noticias-villa-maria\/murio-un-hombre-de-60-anos-en-villa-nueva-y-registraron-23-contagios-este-miercoles\/","og_site_name":"El Regional","article_publisher":"https:\/\/www.facebook.com\/elregionalvm","article_published_time":"2021-06-17T01:36:53+00:00","article_modified_time":"2021-06-17T01:36:54+00:00","og_image":[{"width":1159,"height":803,"url":"http:\/\/elregionalvm.com.ar\/noticias-villa-maria\/wp-content\/uploads\/2021\/06\/WhatsApp-Image-2021-06-16-at-21.16.20.jpeg","type":"image\/jpeg"}],"author":"Contenidos El Regional","twitter_card":"summary_large_image","twitter_creator":"@elregionalvm1","twitter_site":"@elregionalvm1","twitter_misc":{"Escrito por":"Contenidos El Regional","Tiempo de lectura":"1 minuto"},"schema":{"@context":"https:\/\/schema.org","@graph":[{"@type":"Article","@id":"http:\/\/elregionalvm.com.ar\/noticias-villa-maria\/murio-un-hombre-de-60-anos-en-villa-nueva-y-registraron-23-contagios-este-miercoles\/#article","isPartOf":{"@id":"http:\/\/elregionalvm.com.ar\/noticias-villa-maria\/murio-un-hombre-de-60-anos-en-villa-nueva-y-registraron-23-contagios-este-miercoles\/"},"author":{"name":"Contenidos El Regional","@id":"http:\/\/elregionalvm.com.ar\/noticias-villa-maria\/#\/schema\/person\/a0fb9c422317faca23d50163151bc354"},"headline":"Muri\u00f3 un hombre de 60 a\u00f1os en Villa Nueva y registraron 23 contagios este mi\u00e9rcoles","datePublished":"2021-06-17T01:36:53+00:00","dateModified":"2021-06-17T01:36:54+00:00","mainEntityOfPage":{"@id":"http:\/\/elregionalvm.com.ar\/noticias-villa-maria\/murio-un-hombre-de-60-anos-en-villa-nueva-y-registraron-23-contagios-este-miercoles\/"},"wordCount":152,"commentCount":0,"image":{"@id":"http:\/\/elregionalvm.com.ar\/noticias-villa-maria\/murio-un-hombre-de-60-anos-en-villa-nueva-y-registraron-23-contagios-este-miercoles\/#primaryimage"},"thumbnailUrl":"https:\/\/i0.wp.com\/elregionalvm.com.ar\/noticias-villa-maria\/wp-content\/uploads\/2021\/06\/WhatsApp-Image-2021-06-16-at-21.16.20.jpeg?fit=1159%2C803&ssl=1","keywords":["60 a\u00f1os","casos diarios","Coronavirus","mi\u00e9rcoles 16 de junio de 2021","situaci\u00f3n epidemiol\u00f3gica","unhombre fallecido","VILLA NUEVA"],"articleSection":["Coronavirus","Villa Nueva"],"inLanguage":"es","potentialAction":[{"@type":"CommentAction","name":"Comment","target":["http:\/\/elregionalvm.com.ar\/noticias-villa-maria\/murio-un-hombre-de-60-anos-en-villa-nueva-y-registraron-23-contagios-este-miercoles\/#respond"]}]},{"@type":"WebPage","@id":"http:\/\/elregionalvm.com.ar\/noticias-villa-maria\/murio-un-hombre-de-60-anos-en-villa-nueva-y-registraron-23-contagios-este-miercoles\/","url":"http:\/\/elregionalvm.com.ar\/noticias-villa-maria\/murio-un-hombre-de-60-anos-en-villa-nueva-y-registraron-23-contagios-este-miercoles\/","name":"Muri\u00f3 un hombre de 60 a\u00f1os en Villa Nueva y registraron 23 contagios este mi\u00e9rcoles - El Regional","isPartOf":{"@id":"http:\/\/elregionalvm.com.ar\/noticias-villa-maria\/#website"},"primaryImageOfPage":{"@id":"http:\/\/elregionalvm.com.ar\/noticias-villa-maria\/murio-un-hombre-de-60-anos-en-villa-nueva-y-registraron-23-contagios-este-miercoles\/#primaryimage"},"image":{"@id":"http:\/\/elregionalvm.com.ar\/noticias-villa-maria\/murio-un-hombre-de-60-anos-en-villa-nueva-y-registraron-23-contagios-este-miercoles\/#primaryimage"},"thumbnailUrl":"https:\/\/i0.wp.com\/elregionalvm.com.ar\/noticias-villa-maria\/wp-content\/uploads\/2021\/06\/WhatsApp-Image-2021-06-16-at-21.16.20.jpeg?fit=1159%2C803&ssl=1","datePublished":"2021-06-17T01:36:53+00:00","dateModified":"2021-06-17T01:36:54+00:00","author":{"@id":"http:\/\/elregionalvm.com.ar\/noticias-villa-maria\/#\/schema\/person\/a0fb9c422317faca23d50163151bc354"},"breadcrumb":{"@id":"http:\/\/elregionalvm.com.ar\/noticias-villa-maria\/murio-un-hombre-de-60-anos-en-villa-nueva-y-registraron-23-contagios-este-miercoles\/#breadcrumb"},"inLanguage":"es","potentialAction":[{"@type":"ReadAction","target":["http:\/\/elregionalvm.com.ar\/noticias-villa-maria\/murio-un-hombre-de-60-anos-en-villa-nueva-y-registraron-23-contagios-este-miercoles\/"]}]},{"@type":"ImageObject","inLanguage":"es","@id":"http:\/\/elregionalvm.com.ar\/noticias-villa-maria\/murio-un-hombre-de-60-anos-en-villa-nueva-y-registraron-23-contagios-este-miercoles\/#primaryimage","url":"https:\/\/i0.wp.com\/elregionalvm.com.ar\/noticias-villa-maria\/wp-content\/uploads\/2021\/06\/WhatsApp-Image-2021-06-16-at-21.16.20.jpeg?fit=1159%2C803&ssl=1","contentUrl":"https:\/\/i0.wp.com\/elregionalvm.com.ar\/noticias-villa-maria\/wp-content\/uploads\/2021\/06\/WhatsApp-Image-2021-06-16-at-21.16.20.jpeg?fit=1159%2C803&ssl=1","width":1159,"height":803},{"@type":"BreadcrumbList","@id":"http:\/\/elregionalvm.com.ar\/noticias-villa-maria\/murio-un-hombre-de-60-anos-en-villa-nueva-y-registraron-23-contagios-este-miercoles\/#breadcrumb","itemListElement":[{"@type":"ListItem","position":1,"name":"Portada","item":"https:\/\/elregionalvm.com.ar\/noticias-villa-maria\/"},{"@type":"ListItem","position":2,"name":"Muri\u00f3 un hombre de 60 a\u00f1os en Villa Nueva y registraron 23 contagios este mi\u00e9rcoles"}]},{"@type":"WebSite","@id":"http:\/\/elregionalvm.com.ar\/noticias-villa-maria\/#website","url":"http:\/\/elregionalvm.com.ar\/noticias-villa-maria\/","name":"El Regional","description":"Mucho m\u00e1s que informaci\u00f3n","potentialAction":[{"@type":"SearchAction","target":{"@type":"EntryPoint","urlTemplate":"http:\/\/elregionalvm.com.ar\/noticias-villa-maria\/?s={search_term_string}"},"query-input":{"@type":"PropertyValueSpecification","valueRequired":true,"valueName":"search_term_string"}}],"inLanguage":"es"},{"@type":"Person","@id":"http:\/\/elregionalvm.com.ar\/noticias-villa-maria\/#\/schema\/person\/a0fb9c422317faca23d50163151bc354","name":"Contenidos El Regional","image":{"@type":"ImageObject","inLanguage":"es","@id":"http:\/\/elregionalvm.com.ar\/noticias-villa-maria\/#\/schema\/person\/image\/","url":"https:\/\/secure.gravatar.com\/avatar\/265b27cb2209af7bb3a1318f03305787d7981a5cc6e6cd08fe5a4ecdf99d4b48?s=96&d=mm&r=g","contentUrl":"https:\/\/secure.gravatar.com\/avatar\/265b27cb2209af7bb3a1318f03305787d7981a5cc6e6cd08fe5a4ecdf99d4b48?s=96&d=mm&r=g","caption":"Contenidos El Regional"},"url":"https:\/\/elregionalvm.com.ar\/noticias-villa-maria\/author\/contenido\/"}]}},"jetpack_featured_media_url":"https:\/\/i0.wp.com\/elregionalvm.com.ar\/noticias-villa-maria\/wp-content\/uploads\/2021\/06\/WhatsApp-Image-2021-06-16-at-21.16.20.jpeg?fit=1159%2C803&ssl=1","jetpack_sharing_enabled":true,"_links":{"self":[{"href":"https:\/\/elregionalvm.com.ar\/noticias-villa-maria\/wp-json\/wp\/v2\/posts\/39557","targetHints":{"allow":["GET"]}}],"collection":[{"href":"https:\/\/elregionalvm.com.ar\/noticias-villa-maria\/wp-json\/wp\/v2\/posts"}],"about":[{"href":"https:\/\/elregionalvm.com.ar\/noticias-villa-maria\/wp-json\/wp\/v2\/types\/post"}],"author":[{"embeddable":true,"href":"https:\/\/elregionalvm.com.ar\/noticias-villa-maria\/wp-json\/wp\/v2\/users\/4"}],"replies":[{"embeddable":true,"href":"https:\/\/elregionalvm.com.ar\/noticias-villa-maria\/wp-json\/wp\/v2\/comments?post=39557"}],"version-history":[{"count":1,"href":"https:\/\/elregionalvm.com.ar\/noticias-villa-maria\/wp-json\/wp\/v2\/posts\/39557\/revisions"}],"predecessor-version":[{"id":39559,"href":"https:\/\/elregionalvm.com.ar\/noticias-villa-maria\/wp-json\/wp\/v2\/posts\/39557\/revisions\/39559"}],"wp:featuredmedia":[{"embeddable":true,"href":"https:\/\/elregionalvm.com.ar\/noticias-villa-maria\/wp-json\/wp\/v2\/media\/39558"}],"wp:attachment":[{"href":"https:\/\/elregionalvm.com.ar\/noticias-villa-maria\/wp-json\/wp\/v2\/media?parent=39557"}],"wp:term":[{"taxonomy":"category","embeddable":true,"href":"https:\/\/elregionalvm.com.ar\/noticias-villa-maria\/wp-json\/wp\/v2\/categories?post=39557"},{"taxonomy":"post_tag","embeddable":true,"href":"https:\/\/elregionalvm.com.ar\/noticias-villa-maria\/wp-json\/wp\/v2\/tags?post=39557"}],"curies":[{"name":"wp","href":"https:\/\/api.w.org\/{rel}","templated":true}]}}