{"id":39566,"date":"2021-06-17T13:17:34","date_gmt":"2021-06-17T13:17:34","guid":{"rendered":"https:\/\/elregionalvm.com.ar\/noticias-villa-maria\/?p=39566"},"modified":"2021-06-19T23:46:36","modified_gmt":"2021-06-19T23:46:36","slug":"rematan-la-casa-de-un-padre-por-no-pagar-la-cuota-alimentaria-a-sus-hijos","status":"publish","type":"post","link":"https:\/\/elregionalvm.com.ar\/noticias-villa-maria\/rematan-la-casa-de-un-padre-por-no-pagar-la-cuota-alimentaria-a-sus-hijos\/","title":{"rendered":"Rematan la casa de un padre por no pagar la cuota alimentaria a sus hijos"},"content":{"rendered":"\n<p><\/p>\n\n\n\n<p>Hasta este viernes 18 de junio a las 10 de la ma\u00f1ana se subastar\u00e1 de manera electr\u00f3nica una vivienda ubicada en Barrio Vista Verde de Villa Mar\u00eda.<\/p>\n\n\n\n<p>Lo particular del caso es que pertenece a un padre que no paga desde hace a\u00f1os la cuota alimentaria a sus hijos que en la actualidad son adolescentes de 16 y 17 a\u00f1os. El incumplimiento es desde 2017, aunque la deuda data de 2014.<\/p>\n\n\n\n<p>La extensa batalla judicial de la madre comenz\u00f3 en 2008. Cuatro a\u00f1os despu\u00e9s, pidi\u00f3 un aumento para llegar a los 3.200 pesos, cantidad que fue abonada por el padre de los chicos hasta 2014, cuando dej\u00f3 de pagar.<\/p>\n\n\n\n<p>En 2019, como la cuota (sin pagar) segu\u00eda en el mismo monto, se solicit\u00f3 un incremento que es establecido por el juez en lo Civil Sebasti\u00e1n Monjo, en el 60% del Salario M\u00ednimo Vital y M\u00f3vil.<\/p>\n\n\n\n<p><\/p>\n\n\n\n<figure class=\"wp-block-image size-large\"><img data-recalc-dims=\"1\" fetchpriority=\"high\" decoding=\"async\" width=\"1000\" height=\"700\" src=\"https:\/\/i0.wp.com\/elregionalvm.com.ar\/noticias-villa-maria\/wp-content\/uploads\/2021\/06\/Cuota-alimentaria-subasta.jpg?resize=1000%2C700&#038;ssl=1\" alt=\"\" class=\"wp-image-39567\" srcset=\"https:\/\/i0.wp.com\/elregionalvm.com.ar\/noticias-villa-maria\/wp-content\/uploads\/2021\/06\/Cuota-alimentaria-subasta.jpg?w=1000&amp;ssl=1 1000w, https:\/\/i0.wp.com\/elregionalvm.com.ar\/noticias-villa-maria\/wp-content\/uploads\/2021\/06\/Cuota-alimentaria-subasta.jpg?resize=300%2C210&amp;ssl=1 300w, https:\/\/i0.wp.com\/elregionalvm.com.ar\/noticias-villa-maria\/wp-content\/uploads\/2021\/06\/Cuota-alimentaria-subasta.jpg?resize=768%2C538&amp;ssl=1 768w\" sizes=\"(max-width: 1000px) 100vw, 1000px\" \/><\/figure>\n\n\n\n<p><\/p>\n\n\n\n<p><strong>Poco frecuente<\/strong><\/p>\n\n\n\n<p>La abogada Nancy Cabello, patrocinadora de los hijos, sostuvo que se trata de una situaci\u00f3n \u201cpoco frecuente\u201d.<\/p>\n\n\n\n<p>\u201cHay que estar dispuesto a transitar un largo camino en un proceso judicial antes de llegar a la subasta. Hay que pasar por un proceso de ejecuci\u00f3n luego, tambi\u00e9n acreditar que el obligado al pago no cumpli\u00f3. Todo eso lleva un tiempo en el que las mam\u00e1s tiran la toalla, por decirlo de alguna manera\u201d, explic\u00f3 en di\u00e1logo con Canal 20 Noticias.<\/p>\n\n\n\n<p>\u201cEste pap\u00e1 no cumpli\u00f3, por eso el derecho lo trata como un deudor m\u00e1s en cuanto a las ejecuciones. \u00bfCu\u00e1l es la garant\u00eda de ese cr\u00e9dito? Su patrimonio. Por eso en la etapa de ejecuci\u00f3n se remata\u201d, acot\u00f3<\/p>\n\n\n\n<p>Respecto del papel del demandado, indic\u00f3: \u201cEl pap\u00e1 nunca apareci\u00f3, nunca pag\u00f3, yo no le conozco la cara. Nunca tuvimos noticias del se\u00f1or, pese a estar debidamente notificado\u201d.<\/p>\n\n\n\n<p><strong>Proceso dif\u00edcil<\/strong><\/p>\n\n\n\n<p>Cabello remarc\u00f3 que en el recorrido las demandantes deben sortear varios inconvenientes. \u201cLa mam\u00e1 debe contar con un dinero para poder afrontar los gastos del proceso, las tasas judiciales y administrativas, los embargos para cautelar los bienes\u201d.<\/p>\n\n\n\n<p>&nbsp;\u201cEl mensaje para las mam\u00e1s es que no desistan, no es f\u00e1cil abandonar el camino, no es f\u00e1cil, hay que intentarlo, tenemos herramientas para poder hacerlo y los tribunales de Familia de Villa Mar\u00eda est\u00e1n aplicando la reforma realizada en este sentido\u201d, finaliz\u00f3.<\/p>\n","protected":false},"excerpt":{"rendered":"<p>Hasta este viernes 18 de junio a las 10 de la ma\u00f1ana se subastar\u00e1 de manera electr\u00f3nica una vivienda ubicada en Barrio Vista Verde de Villa Mar\u00eda. Lo particular del caso es que pertenece a un padre que no paga desde hace a\u00f1os la cuota alimentaria a sus hijos que en la actualidad son adolescentes [&hellip;]<\/p>\n","protected":false},"author":4,"featured_media":39568,"comment_status":"open","ping_status":"open","sticky":false,"template":"","format":"standard","meta":{"site-sidebar-layout":"default","site-content-layout":"default","ast-site-content-layout":"default","site-content-style":"default","site-sidebar-style":"default","ast-global-header-display":"","ast-banner-title-visibility":"","ast-main-header-display":"","ast-hfb-above-header-display":"","ast-hfb-below-header-display":"","ast-hfb-mobile-header-display":"","site-post-title":"","ast-breadcrumbs-content":"","ast-featured-img":"","footer-sml-layout":"","ast-disable-related-posts":"","theme-transparent-header-meta":"default","adv-header-id-meta":"","stick-header-meta":"","header-above-stick-meta":"","header-main-stick-meta":"","header-below-stick-meta":"","astra-migrate-meta-layouts":"default","ast-page-background-enabled":"default","ast-page-background-meta":{"desktop":{"background-color":"","background-image":"","background-repeat":"repeat","background-position":"center center","background-size":"auto","background-attachment":"scroll","background-type":"","background-media":"","overlay-type":"","overlay-color":"","overlay-opacity":"","overlay-gradient":""},"tablet":{"background-color":"","background-image":"","background-repeat":"repeat","background-position":"center center","background-size":"auto","background-attachment":"scroll","background-type":"","background-media":"","overlay-type":"","overlay-color":"","overlay-opacity":"","overlay-gradient":""},"mobile":{"background-color":"","background-image":"","background-repeat":"repeat","background-position":"center center","background-size":"auto","background-attachment":"scroll","background-type":"","background-media":"","overlay-type":"","overlay-color":"","overlay-opacity":"","overlay-gradient":""}},"ast-content-background-meta":{"desktop":{"background-color":"var(--ast-global-color-5)","background-image":"","background-repeat":"repeat","background-position":"center center","background-size":"auto","background-attachment":"scroll","background-type":"","background-media":"","overlay-type":"","overlay-color":"","overlay-opacity":"","overlay-gradient":""},"tablet":{"background-color":"var(--ast-global-color-5)","background-image":"","background-repeat":"repeat","background-position":"center center","background-size":"auto","background-attachment":"scroll","background-type":"","background-media":"","overlay-type":"","overlay-color":"","overlay-opacity":"","overlay-gradient":""},"mobile":{"background-color":"var(--ast-global-color-5)","background-image":"","background-repeat":"repeat","background-position":"center center","background-size":"auto","background-attachment":"scroll","background-type":"","background-media":"","overlay-type":"","overlay-color":"","overlay-opacity":"","overlay-gradient":""}},"_jetpack_memberships_contains_paid_content":false,"_joinchat":[],"footnotes":""},"categories":[2323,3557,2],"tags":[4231,4982,7934,8162,9477,9608,9607,3731,3023],"class_list":["post-39566","post","type-post","status-publish","format-standard","has-post-thumbnail","hentry","category-notas-secundarias","category-tercera","category-villa-maria","tag-barrio-vista-verde","tag-canal-20","tag-cuota-alimentaria","tag-demanda","tag-juez-sebastian-monjo","tag-nancy-cabello","tag-subasta-electronica","tag-tribunales-villa-maria","tag-vivienda"],"yoast_head":"<!-- This site is optimized with the Yoast SEO plugin v26.8 - https:\/\/yoast.com\/product\/yoast-seo-wordpress\/ -->\n<title>Rematan la casa de un padre por no pagar la cuota alimentaria a sus hijos - El Regional<\/title>\n<meta name=\"description\" content=\"No paga desde hace a\u00f1os la cuota alimentaria a sus hijos que en la actualidad son adolescentes. El incumplimiento es desde 2017.\" \/>\n<meta name=\"robots\" content=\"index, follow, max-snippet:-1, max-image-preview:large, max-video-preview:-1\" \/>\n<link rel=\"canonical\" href=\"http:\/\/elregionalvm.com.ar\/noticias-villa-maria\/rematan-la-casa-de-un-padre-por-no-pagar-la-cuota-alimentaria-a-sus-hijos\/\" \/>\n<meta property=\"og:locale\" content=\"es_ES\" \/>\n<meta property=\"og:type\" content=\"article\" \/>\n<meta property=\"og:title\" content=\"Rematan la casa de un padre por no pagar la cuota alimentaria a sus hijos - El Regional\" \/>\n<meta property=\"og:description\" content=\"No paga desde hace a\u00f1os la cuota alimentaria a sus hijos que en la actualidad son adolescentes. El incumplimiento es desde 2017.\" \/>\n<meta property=\"og:url\" content=\"http:\/\/elregionalvm.com.ar\/noticias-villa-maria\/rematan-la-casa-de-un-padre-por-no-pagar-la-cuota-alimentaria-a-sus-hijos\/\" \/>\n<meta property=\"og:site_name\" content=\"El Regional\" \/>\n<meta property=\"article:publisher\" content=\"https:\/\/www.facebook.com\/elregionalvm\" \/>\n<meta property=\"article:published_time\" content=\"2021-06-17T13:17:34+00:00\" \/>\n<meta property=\"article:modified_time\" content=\"2021-06-19T23:46:36+00:00\" \/>\n<meta property=\"og:image\" content=\"http:\/\/elregionalvm.com.ar\/noticias-villa-maria\/wp-content\/uploads\/2021\/06\/Subasta-vivienda-cuota-alimentaria.jpg\" \/>\n\t<meta property=\"og:image:width\" content=\"1000\" \/>\n\t<meta property=\"og:image:height\" content=\"666\" \/>\n\t<meta property=\"og:image:type\" content=\"image\/jpeg\" \/>\n<meta name=\"author\" content=\"Contenidos El Regional\" \/>\n<meta name=\"twitter:card\" content=\"summary_large_image\" \/>\n<meta name=\"twitter:creator\" content=\"@elregionalvm1\" \/>\n<meta name=\"twitter:site\" content=\"@elregionalvm1\" \/>\n<meta name=\"twitter:label1\" content=\"Escrito por\" \/>\n\t<meta name=\"twitter:data1\" content=\"Contenidos El Regional\" \/>\n\t<meta name=\"twitter:label2\" content=\"Tiempo de lectura\" \/>\n\t<meta name=\"twitter:data2\" content=\"2 minutos\" \/>\n<script type=\"application\/ld+json\" class=\"yoast-schema-graph\">{\"@context\":\"https:\/\/schema.org\",\"@graph\":[{\"@type\":\"Article\",\"@id\":\"http:\/\/elregionalvm.com.ar\/noticias-villa-maria\/rematan-la-casa-de-un-padre-por-no-pagar-la-cuota-alimentaria-a-sus-hijos\/#article\",\"isPartOf\":{\"@id\":\"http:\/\/elregionalvm.com.ar\/noticias-villa-maria\/rematan-la-casa-de-un-padre-por-no-pagar-la-cuota-alimentaria-a-sus-hijos\/\"},\"author\":{\"name\":\"Contenidos El Regional\",\"@id\":\"http:\/\/elregionalvm.com.ar\/noticias-villa-maria\/#\/schema\/person\/a0fb9c422317faca23d50163151bc354\"},\"headline\":\"Rematan la casa de un padre por no pagar la cuota alimentaria a sus hijos\",\"datePublished\":\"2021-06-17T13:17:34+00:00\",\"dateModified\":\"2021-06-19T23:46:36+00:00\",\"mainEntityOfPage\":{\"@id\":\"http:\/\/elregionalvm.com.ar\/noticias-villa-maria\/rematan-la-casa-de-un-padre-por-no-pagar-la-cuota-alimentaria-a-sus-hijos\/\"},\"wordCount\":406,\"commentCount\":0,\"image\":{\"@id\":\"http:\/\/elregionalvm.com.ar\/noticias-villa-maria\/rematan-la-casa-de-un-padre-por-no-pagar-la-cuota-alimentaria-a-sus-hijos\/#primaryimage\"},\"thumbnailUrl\":\"https:\/\/i0.wp.com\/elregionalvm.com.ar\/noticias-villa-maria\/wp-content\/uploads\/2021\/06\/Subasta-vivienda-cuota-alimentaria.jpg?fit=1000%2C666&ssl=1\",\"keywords\":[\"Barrio Vista Verde\",\"Canal 20\",\"cuota alimentaria\",\"demanda\",\"Juez Sebasti\u00e1n Monjo\",\"Nancy Cabello\",\"Subasta electr\u00f3nica\",\"Tribunales Villa Mar\u00eda\",\"Vivienda\"],\"articleSection\":[\"Notas\",\"tercera\",\"Villa Mar\u00eda\"],\"inLanguage\":\"es\",\"potentialAction\":[{\"@type\":\"CommentAction\",\"name\":\"Comment\",\"target\":[\"http:\/\/elregionalvm.com.ar\/noticias-villa-maria\/rematan-la-casa-de-un-padre-por-no-pagar-la-cuota-alimentaria-a-sus-hijos\/#respond\"]}]},{\"@type\":\"WebPage\",\"@id\":\"http:\/\/elregionalvm.com.ar\/noticias-villa-maria\/rematan-la-casa-de-un-padre-por-no-pagar-la-cuota-alimentaria-a-sus-hijos\/\",\"url\":\"http:\/\/elregionalvm.com.ar\/noticias-villa-maria\/rematan-la-casa-de-un-padre-por-no-pagar-la-cuota-alimentaria-a-sus-hijos\/\",\"name\":\"Rematan la casa de un padre por no pagar la cuota alimentaria a sus hijos - El Regional\",\"isPartOf\":{\"@id\":\"http:\/\/elregionalvm.com.ar\/noticias-villa-maria\/#website\"},\"primaryImageOfPage\":{\"@id\":\"http:\/\/elregionalvm.com.ar\/noticias-villa-maria\/rematan-la-casa-de-un-padre-por-no-pagar-la-cuota-alimentaria-a-sus-hijos\/#primaryimage\"},\"image\":{\"@id\":\"http:\/\/elregionalvm.com.ar\/noticias-villa-maria\/rematan-la-casa-de-un-padre-por-no-pagar-la-cuota-alimentaria-a-sus-hijos\/#primaryimage\"},\"thumbnailUrl\":\"https:\/\/i0.wp.com\/elregionalvm.com.ar\/noticias-villa-maria\/wp-content\/uploads\/2021\/06\/Subasta-vivienda-cuota-alimentaria.jpg?fit=1000%2C666&ssl=1\",\"datePublished\":\"2021-06-17T13:17:34+00:00\",\"dateModified\":\"2021-06-19T23:46:36+00:00\",\"author\":{\"@id\":\"http:\/\/elregionalvm.com.ar\/noticias-villa-maria\/#\/schema\/person\/a0fb9c422317faca23d50163151bc354\"},\"description\":\"No paga desde hace a\u00f1os la cuota alimentaria a sus hijos que en la actualidad son adolescentes. El incumplimiento es desde 2017.\",\"breadcrumb\":{\"@id\":\"http:\/\/elregionalvm.com.ar\/noticias-villa-maria\/rematan-la-casa-de-un-padre-por-no-pagar-la-cuota-alimentaria-a-sus-hijos\/#breadcrumb\"},\"inLanguage\":\"es\",\"potentialAction\":[{\"@type\":\"ReadAction\",\"target\":[\"http:\/\/elregionalvm.com.ar\/noticias-villa-maria\/rematan-la-casa-de-un-padre-por-no-pagar-la-cuota-alimentaria-a-sus-hijos\/\"]}]},{\"@type\":\"ImageObject\",\"inLanguage\":\"es\",\"@id\":\"http:\/\/elregionalvm.com.ar\/noticias-villa-maria\/rematan-la-casa-de-un-padre-por-no-pagar-la-cuota-alimentaria-a-sus-hijos\/#primaryimage\",\"url\":\"https:\/\/i0.wp.com\/elregionalvm.com.ar\/noticias-villa-maria\/wp-content\/uploads\/2021\/06\/Subasta-vivienda-cuota-alimentaria.jpg?fit=1000%2C666&ssl=1\",\"contentUrl\":\"https:\/\/i0.wp.com\/elregionalvm.com.ar\/noticias-villa-maria\/wp-content\/uploads\/2021\/06\/Subasta-vivienda-cuota-alimentaria.jpg?fit=1000%2C666&ssl=1\",\"width\":1000,\"height\":666},{\"@type\":\"BreadcrumbList\",\"@id\":\"http:\/\/elregionalvm.com.ar\/noticias-villa-maria\/rematan-la-casa-de-un-padre-por-no-pagar-la-cuota-alimentaria-a-sus-hijos\/#breadcrumb\",\"itemListElement\":[{\"@type\":\"ListItem\",\"position\":1,\"name\":\"Portada\",\"item\":\"https:\/\/elregionalvm.com.ar\/noticias-villa-maria\/\"},{\"@type\":\"ListItem\",\"position\":2,\"name\":\"Rematan la casa de un padre por no pagar la cuota alimentaria a sus hijos\"}]},{\"@type\":\"WebSite\",\"@id\":\"http:\/\/elregionalvm.com.ar\/noticias-villa-maria\/#website\",\"url\":\"http:\/\/elregionalvm.com.ar\/noticias-villa-maria\/\",\"name\":\"El Regional\",\"description\":\"Mucho m\u00e1s que informaci\u00f3n\",\"potentialAction\":[{\"@type\":\"SearchAction\",\"target\":{\"@type\":\"EntryPoint\",\"urlTemplate\":\"http:\/\/elregionalvm.com.ar\/noticias-villa-maria\/?s={search_term_string}\"},\"query-input\":{\"@type\":\"PropertyValueSpecification\",\"valueRequired\":true,\"valueName\":\"search_term_string\"}}],\"inLanguage\":\"es\"},{\"@type\":\"Person\",\"@id\":\"http:\/\/elregionalvm.com.ar\/noticias-villa-maria\/#\/schema\/person\/a0fb9c422317faca23d50163151bc354\",\"name\":\"Contenidos El Regional\",\"image\":{\"@type\":\"ImageObject\",\"inLanguage\":\"es\",\"@id\":\"http:\/\/elregionalvm.com.ar\/noticias-villa-maria\/#\/schema\/person\/image\/\",\"url\":\"https:\/\/secure.gravatar.com\/avatar\/265b27cb2209af7bb3a1318f03305787d7981a5cc6e6cd08fe5a4ecdf99d4b48?s=96&d=mm&r=g\",\"contentUrl\":\"https:\/\/secure.gravatar.com\/avatar\/265b27cb2209af7bb3a1318f03305787d7981a5cc6e6cd08fe5a4ecdf99d4b48?s=96&d=mm&r=g\",\"caption\":\"Contenidos El Regional\"},\"url\":\"https:\/\/elregionalvm.com.ar\/noticias-villa-maria\/author\/contenido\/\"}]}<\/script>\n<!-- \/ Yoast SEO plugin. -->","yoast_head_json":{"title":"Rematan la casa de un padre por no pagar la cuota alimentaria a sus hijos - El Regional","description":"No paga desde hace a\u00f1os la cuota alimentaria a sus hijos que en la actualidad son adolescentes. El incumplimiento es desde 2017.","robots":{"index":"index","follow":"follow","max-snippet":"max-snippet:-1","max-image-preview":"max-image-preview:large","max-video-preview":"max-video-preview:-1"},"canonical":"http:\/\/elregionalvm.com.ar\/noticias-villa-maria\/rematan-la-casa-de-un-padre-por-no-pagar-la-cuota-alimentaria-a-sus-hijos\/","og_locale":"es_ES","og_type":"article","og_title":"Rematan la casa de un padre por no pagar la cuota alimentaria a sus hijos - El Regional","og_description":"No paga desde hace a\u00f1os la cuota alimentaria a sus hijos que en la actualidad son adolescentes. El incumplimiento es desde 2017.","og_url":"http:\/\/elregionalvm.com.ar\/noticias-villa-maria\/rematan-la-casa-de-un-padre-por-no-pagar-la-cuota-alimentaria-a-sus-hijos\/","og_site_name":"El Regional","article_publisher":"https:\/\/www.facebook.com\/elregionalvm","article_published_time":"2021-06-17T13:17:34+00:00","article_modified_time":"2021-06-19T23:46:36+00:00","og_image":[{"width":1000,"height":666,"url":"http:\/\/elregionalvm.com.ar\/noticias-villa-maria\/wp-content\/uploads\/2021\/06\/Subasta-vivienda-cuota-alimentaria.jpg","type":"image\/jpeg"}],"author":"Contenidos El Regional","twitter_card":"summary_large_image","twitter_creator":"@elregionalvm1","twitter_site":"@elregionalvm1","twitter_misc":{"Escrito por":"Contenidos El Regional","Tiempo de lectura":"2 minutos"},"schema":{"@context":"https:\/\/schema.org","@graph":[{"@type":"Article","@id":"http:\/\/elregionalvm.com.ar\/noticias-villa-maria\/rematan-la-casa-de-un-padre-por-no-pagar-la-cuota-alimentaria-a-sus-hijos\/#article","isPartOf":{"@id":"http:\/\/elregionalvm.com.ar\/noticias-villa-maria\/rematan-la-casa-de-un-padre-por-no-pagar-la-cuota-alimentaria-a-sus-hijos\/"},"author":{"name":"Contenidos El Regional","@id":"http:\/\/elregionalvm.com.ar\/noticias-villa-maria\/#\/schema\/person\/a0fb9c422317faca23d50163151bc354"},"headline":"Rematan la casa de un padre por no pagar la cuota alimentaria a sus hijos","datePublished":"2021-06-17T13:17:34+00:00","dateModified":"2021-06-19T23:46:36+00:00","mainEntityOfPage":{"@id":"http:\/\/elregionalvm.com.ar\/noticias-villa-maria\/rematan-la-casa-de-un-padre-por-no-pagar-la-cuota-alimentaria-a-sus-hijos\/"},"wordCount":406,"commentCount":0,"image":{"@id":"http:\/\/elregionalvm.com.ar\/noticias-villa-maria\/rematan-la-casa-de-un-padre-por-no-pagar-la-cuota-alimentaria-a-sus-hijos\/#primaryimage"},"thumbnailUrl":"https:\/\/i0.wp.com\/elregionalvm.com.ar\/noticias-villa-maria\/wp-content\/uploads\/2021\/06\/Subasta-vivienda-cuota-alimentaria.jpg?fit=1000%2C666&ssl=1","keywords":["Barrio Vista Verde","Canal 20","cuota alimentaria","demanda","Juez Sebasti\u00e1n Monjo","Nancy Cabello","Subasta electr\u00f3nica","Tribunales Villa Mar\u00eda","Vivienda"],"articleSection":["Notas","tercera","Villa Mar\u00eda"],"inLanguage":"es","potentialAction":[{"@type":"CommentAction","name":"Comment","target":["http:\/\/elregionalvm.com.ar\/noticias-villa-maria\/rematan-la-casa-de-un-padre-por-no-pagar-la-cuota-alimentaria-a-sus-hijos\/#respond"]}]},{"@type":"WebPage","@id":"http:\/\/elregionalvm.com.ar\/noticias-villa-maria\/rematan-la-casa-de-un-padre-por-no-pagar-la-cuota-alimentaria-a-sus-hijos\/","url":"http:\/\/elregionalvm.com.ar\/noticias-villa-maria\/rematan-la-casa-de-un-padre-por-no-pagar-la-cuota-alimentaria-a-sus-hijos\/","name":"Rematan la casa de un padre por no pagar la cuota alimentaria a sus hijos - El Regional","isPartOf":{"@id":"http:\/\/elregionalvm.com.ar\/noticias-villa-maria\/#website"},"primaryImageOfPage":{"@id":"http:\/\/elregionalvm.com.ar\/noticias-villa-maria\/rematan-la-casa-de-un-padre-por-no-pagar-la-cuota-alimentaria-a-sus-hijos\/#primaryimage"},"image":{"@id":"http:\/\/elregionalvm.com.ar\/noticias-villa-maria\/rematan-la-casa-de-un-padre-por-no-pagar-la-cuota-alimentaria-a-sus-hijos\/#primaryimage"},"thumbnailUrl":"https:\/\/i0.wp.com\/elregionalvm.com.ar\/noticias-villa-maria\/wp-content\/uploads\/2021\/06\/Subasta-vivienda-cuota-alimentaria.jpg?fit=1000%2C666&ssl=1","datePublished":"2021-06-17T13:17:34+00:00","dateModified":"2021-06-19T23:46:36+00:00","author":{"@id":"http:\/\/elregionalvm.com.ar\/noticias-villa-maria\/#\/schema\/person\/a0fb9c422317faca23d50163151bc354"},"description":"No paga desde hace a\u00f1os la cuota alimentaria a sus hijos que en la actualidad son adolescentes. El incumplimiento es desde 2017.","breadcrumb":{"@id":"http:\/\/elregionalvm.com.ar\/noticias-villa-maria\/rematan-la-casa-de-un-padre-por-no-pagar-la-cuota-alimentaria-a-sus-hijos\/#breadcrumb"},"inLanguage":"es","potentialAction":[{"@type":"ReadAction","target":["http:\/\/elregionalvm.com.ar\/noticias-villa-maria\/rematan-la-casa-de-un-padre-por-no-pagar-la-cuota-alimentaria-a-sus-hijos\/"]}]},{"@type":"ImageObject","inLanguage":"es","@id":"http:\/\/elregionalvm.com.ar\/noticias-villa-maria\/rematan-la-casa-de-un-padre-por-no-pagar-la-cuota-alimentaria-a-sus-hijos\/#primaryimage","url":"https:\/\/i0.wp.com\/elregionalvm.com.ar\/noticias-villa-maria\/wp-content\/uploads\/2021\/06\/Subasta-vivienda-cuota-alimentaria.jpg?fit=1000%2C666&ssl=1","contentUrl":"https:\/\/i0.wp.com\/elregionalvm.com.ar\/noticias-villa-maria\/wp-content\/uploads\/2021\/06\/Subasta-vivienda-cuota-alimentaria.jpg?fit=1000%2C666&ssl=1","width":1000,"height":666},{"@type":"BreadcrumbList","@id":"http:\/\/elregionalvm.com.ar\/noticias-villa-maria\/rematan-la-casa-de-un-padre-por-no-pagar-la-cuota-alimentaria-a-sus-hijos\/#breadcrumb","itemListElement":[{"@type":"ListItem","position":1,"name":"Portada","item":"https:\/\/elregionalvm.com.ar\/noticias-villa-maria\/"},{"@type":"ListItem","position":2,"name":"Rematan la casa de un padre por no pagar la cuota alimentaria a sus hijos"}]},{"@type":"WebSite","@id":"http:\/\/elregionalvm.com.ar\/noticias-villa-maria\/#website","url":"http:\/\/elregionalvm.com.ar\/noticias-villa-maria\/","name":"El Regional","description":"Mucho m\u00e1s que informaci\u00f3n","potentialAction":[{"@type":"SearchAction","target":{"@type":"EntryPoint","urlTemplate":"http:\/\/elregionalvm.com.ar\/noticias-villa-maria\/?s={search_term_string}"},"query-input":{"@type":"PropertyValueSpecification","valueRequired":true,"valueName":"search_term_string"}}],"inLanguage":"es"},{"@type":"Person","@id":"http:\/\/elregionalvm.com.ar\/noticias-villa-maria\/#\/schema\/person\/a0fb9c422317faca23d50163151bc354","name":"Contenidos El Regional","image":{"@type":"ImageObject","inLanguage":"es","@id":"http:\/\/elregionalvm.com.ar\/noticias-villa-maria\/#\/schema\/person\/image\/","url":"https:\/\/secure.gravatar.com\/avatar\/265b27cb2209af7bb3a1318f03305787d7981a5cc6e6cd08fe5a4ecdf99d4b48?s=96&d=mm&r=g","contentUrl":"https:\/\/secure.gravatar.com\/avatar\/265b27cb2209af7bb3a1318f03305787d7981a5cc6e6cd08fe5a4ecdf99d4b48?s=96&d=mm&r=g","caption":"Contenidos El Regional"},"url":"https:\/\/elregionalvm.com.ar\/noticias-villa-maria\/author\/contenido\/"}]}},"jetpack_featured_media_url":"https:\/\/i0.wp.com\/elregionalvm.com.ar\/noticias-villa-maria\/wp-content\/uploads\/2021\/06\/Subasta-vivienda-cuota-alimentaria.jpg?fit=1000%2C666&ssl=1","jetpack_sharing_enabled":true,"_links":{"self":[{"href":"https:\/\/elregionalvm.com.ar\/noticias-villa-maria\/wp-json\/wp\/v2\/posts\/39566","targetHints":{"allow":["GET"]}}],"collection":[{"href":"https:\/\/elregionalvm.com.ar\/noticias-villa-maria\/wp-json\/wp\/v2\/posts"}],"about":[{"href":"https:\/\/elregionalvm.com.ar\/noticias-villa-maria\/wp-json\/wp\/v2\/types\/post"}],"author":[{"embeddable":true,"href":"https:\/\/elregionalvm.com.ar\/noticias-villa-maria\/wp-json\/wp\/v2\/users\/4"}],"replies":[{"embeddable":true,"href":"https:\/\/elregionalvm.com.ar\/noticias-villa-maria\/wp-json\/wp\/v2\/comments?post=39566"}],"version-history":[{"count":1,"href":"https:\/\/elregionalvm.com.ar\/noticias-villa-maria\/wp-json\/wp\/v2\/posts\/39566\/revisions"}],"predecessor-version":[{"id":39569,"href":"https:\/\/elregionalvm.com.ar\/noticias-villa-maria\/wp-json\/wp\/v2\/posts\/39566\/revisions\/39569"}],"wp:featuredmedia":[{"embeddable":true,"href":"https:\/\/elregionalvm.com.ar\/noticias-villa-maria\/wp-json\/wp\/v2\/media\/39568"}],"wp:attachment":[{"href":"https:\/\/elregionalvm.com.ar\/noticias-villa-maria\/wp-json\/wp\/v2\/media?parent=39566"}],"wp:term":[{"taxonomy":"category","embeddable":true,"href":"https:\/\/elregionalvm.com.ar\/noticias-villa-maria\/wp-json\/wp\/v2\/categories?post=39566"},{"taxonomy":"post_tag","embeddable":true,"href":"https:\/\/elregionalvm.com.ar\/noticias-villa-maria\/wp-json\/wp\/v2\/tags?post=39566"}],"curies":[{"name":"wp","href":"https:\/\/api.w.org\/{rel}","templated":true}]}}