{"id":39581,"date":"2021-06-17T17:23:01","date_gmt":"2021-06-17T17:23:01","guid":{"rendered":"https:\/\/elregionalvm.com.ar\/noticias-villa-maria\/?p=39581"},"modified":"2021-06-21T20:29:19","modified_gmt":"2021-06-21T20:29:19","slug":"alicia-giubergia-reclama-por-la-muerte-de-alejandro-larose-la-justicia-lenta-no-es-justicia","status":"publish","type":"post","link":"https:\/\/elregionalvm.com.ar\/noticias-villa-maria\/alicia-giubergia-reclama-por-la-muerte-de-alejandro-larose-la-justicia-lenta-no-es-justicia\/","title":{"rendered":"Alicia Giubergia reclama por la muerte de Alejandro Larose: \u201cLa Justicia lenta no es Justicia\u201d"},"content":{"rendered":"\n<p><\/p>\n\n\n\n<p><strong>En una carta abierta, la exintendenta de Pasco y madre de Alejandro Larose, Alicia Giubergia, reclama conocer qu\u00e9 ocurri\u00f3 en verdad durante el tr\u00e1gico accidente donde su hijo perdi\u00f3 la vida hace dos a\u00f1os.<\/strong><\/p>\n\n\n\n<p><strong>En el texto, comenta su impresi\u00f3n luego del contacto que mantuvo con funcionarios judiciales y la falta de respuestas hasta el momento. Afirma que ni siquiera pudo acceder a los resultados de la autopsia<\/strong> <strong>y que los testigos a\u00fan no fueron llamados a declarar. <\/strong><\/p>\n\n\n\n<p><strong>A continuaci\u00f3n, se reproduce el texto completo enviado a <a href=\"http:\/\/www.elregionalvm.com.ar\">El Regional Diario Digital.<\/a><\/strong><\/p>\n\n\n\n<p><\/p>\n\n\n\n<p>\u201cMe cost\u00f3 much\u00edsimo ir por primera vez a Tribunales para hablar de la muerte de mi hijo.<\/p>\n\n\n\n<p>Yo entiendo que la Justicia es lenta y tambi\u00e9n entiendo que las leyes son para aplicarlas y no para interpretarlas.<\/p>\n\n\n\n<p>Entiendo que nadie me va a devolver a mi hijo, porque tuve una historia similar hace un tiempo atr\u00e1s, cuando mataron a mis padres en un accidente en la ruta 6, con abandono de persona.<\/p>\n\n\n\n<p>No se hizo sumario, investigaci\u00f3n, nada. Yo era intendenta y no hice nada tampoco. La persona que los mat\u00f3 vive a una cuadra de mi casa. Lo perdon\u00e9.<\/p>\n\n\n\n<p>Pens\u00e9 que ah\u00ed no serv\u00eda el poder o la autoridad que yo ten\u00eda para que ese hecho se aclarara. Pero, al tiempo, me entero que esta persona dec\u00eda \u2018Yo cre\u00ed que Alicia se iba a quedar con un campo\u2019.<\/p>\n\n\n\n<p>De eso pasaron 18 a\u00f1os y ahora, a dos a\u00f1os de la muerte de mi hijo, necesito saber, tener al menos el papel con los resultados de la autopsia que le hicieron. Para conocer qu\u00e9 pas\u00f3 realmente. &nbsp;<\/p>\n\n\n\n<p>No solo para m\u00ed y nuestra familia. Si no para todos aquellos que a\u00fan se interrogan qu\u00e9 ocurri\u00f3 en realidad. Y tambi\u00e9n para quienes sostienen con algo de malicia que, quiz\u00e1s, ven\u00eda \u2018pelotudeando\u2019 con el tel\u00e9fono.<\/p>\n\n\n\n<p>Me dijeron entonces que la madre siempre iba a ser recibida por las autoridades judiciales.<\/p>\n\n\n\n<p>Despu\u00e9s de dos a\u00f1os lo hicieron, con todos los protocolos y el turno pedido, pero me contestaron que no pod\u00edan darme ninguna informaci\u00f3n si no iba con un abogado.<\/p>\n\n\n\n<p>Ahora, yo pregunto: \u00bfc\u00f3mo hace la persona que no tiene para pagar a un abogado para juntarse con esos papeles?<\/p>\n\n\n\n<p>Pero, no es eso lo que m\u00e1s me motiva a hacer esta declaraci\u00f3n.<\/p>\n\n\n\n<p>Cuando la fiscal me dice que deb\u00eda ir con un abogado, yo le planteo que de todas formas el resultado de la autopsia, deb\u00edan comunic\u00e1rselo a los familiares. Tienen el deber moral de hacerlo para disipar dudas.<\/p>\n\n\n\n<p>Yo le coment\u00e9 que sab\u00eda lo que le hab\u00eda pasado a mi hijo, que no ven\u00eda boludeando con el tel\u00e9fono porque el aparato se quem\u00f3 junto con su cuerpo, y porque ten\u00eda las dos mu\u00f1ecas quebradas en el mismo lugar.<\/p>\n\n\n\n<p>La fiscal me pregunta: \u2018Y usted, \u00bfc\u00f3mo sabe eso? Porque ac\u00e1 no se va con chusmer\u00edos\u2019.<\/p>\n\n\n\n<p>\u00bfChusmer\u00edos?<\/p>\n\n\n\n<p>El padre de mi hijo y un t\u00edo tuvieron que reconocer el cuerpo, y pudieron reconocerlo por los tatuajes. Y en ese reconocimiento evidenciaron ambas quebraduras en las mu\u00f1ecas. Uno de ellos, es m\u00e9dico y lo corrobor\u00f3.<\/p>\n\n\n\n<p>Se\u00f1ora fiscal, no es chusmer\u00edo, es lo que nosotros como familia hemos deducido que ocurri\u00f3. No ven\u00eda boludeando con el tel\u00e9fono.<\/p>\n\n\n\n<p>Por otro lado, hay una lista de testigo que piden hablar. Pero, me contestaron que est\u00e1n muy ocupados para detener a chorros y violadores. As\u00ed que hay algo positivo en esto: que van a detener a todos los chorros y violadores.<\/p>\n\n\n\n<p>Me compadezco de aquellos que no pueden llevar a un abogado. Tampoco fui yo con uno, porque pens\u00e9 que una autopsia de tu hijo es importante para la familia y que no hab\u00eda tanto requisito para que la compartieran. \u00a0<\/p>\n\n\n\n<p><\/p>\n\n\n\n<figure class=\"wp-block-image size-large\"><img data-recalc-dims=\"1\" fetchpriority=\"high\" decoding=\"async\" width=\"795\" height=\"597\" src=\"https:\/\/i0.wp.com\/elregionalvm.com.ar\/noticias-villa-maria\/wp-content\/uploads\/2021\/05\/Larose-moto-2.jpg?resize=795%2C597&#038;ssl=1\" alt=\"\" class=\"wp-image-37884\" srcset=\"https:\/\/i0.wp.com\/elregionalvm.com.ar\/noticias-villa-maria\/wp-content\/uploads\/2021\/05\/Larose-moto-2.jpg?w=795&amp;ssl=1 795w, https:\/\/i0.wp.com\/elregionalvm.com.ar\/noticias-villa-maria\/wp-content\/uploads\/2021\/05\/Larose-moto-2.jpg?resize=300%2C225&amp;ssl=1 300w, https:\/\/i0.wp.com\/elregionalvm.com.ar\/noticias-villa-maria\/wp-content\/uploads\/2021\/05\/Larose-moto-2.jpg?resize=768%2C577&amp;ssl=1 768w\" sizes=\"(max-width: 795px) 100vw, 795px\" \/><figcaption><em>En mayo de 2019, Larose perdi\u00f3 la vida de manera tr\u00e1gica al incendiarse su moto tras un impacto en la ruta 158. <\/em><\/figcaption><\/figure>\n\n\n\n<p><\/p>\n\n\n\n<p>Entiendo que no hayan tenido tiempo para citar a los testigos. Pero, espero que no pasen muchos a\u00f1os hasta que los convoquen a declarar, porque est\u00e1n esperando para hacerlo.<\/p>\n\n\n\n<p>No es chusmer\u00edo, se\u00f1ora fiscal.<\/p>\n\n\n\n<p>Hay testigos que dijeron c\u00f3mo se cay\u00f3 el fardo, porque ven\u00edan detr\u00e1s de mi hijo.<\/p>\n\n\n\n<p>Hay testigos que lo quisieron correr a Ale para que no se siguiera quemando, pero explot\u00f3 la moto por segunda vez.<\/p>\n\n\n\n<p>Hay testigos que vieron la velocidad a la que iba y hay testigos que sacaron fotos a la patente, porque si no, tampoco se sabr\u00eda la identidad de la persona.<\/p>\n\n\n\n<p>Porque tambi\u00e9n hubo un polic\u00eda mirando c\u00f3mo se incendiaba la moto, mientras la patente se iba quemando, se ve que, sin celular para guardar registro. Lo \u00fanico que hac\u00eda era observar c\u00f3mo se terminaba de quemar mi hijo. As\u00ed lo muestra un video.<\/p>\n\n\n\n<p>Este paso por Tribunales me ha dejado un dolor muy grande.<\/p>\n\n\n\n<p>Es por todo esto que yo no reclamo Justicia, sino trabajo. Porque la Justicia lenta, no es justicia. Y hay que trabajar para que eso no ocurra.<\/p>\n\n\n\n<p>No s\u00e9 si es un pedido, catarsis personal o si es una manera de informar a todos aquellos que preguntan qu\u00e9 pas\u00f3.<\/p>\n\n\n\n<p>Me queda a\u00fan la angustia por esa palabrita. \u2018Chusmer\u00edo\u2019. \u2018Nosotros no estamos con el chusmer\u00edo\u2019, me dijeron.<\/p>\n\n\n\n<p>Nosotros, como familia, como ciudadanos comunes con derechos y obligaciones, como seres humanos, no pedimos m\u00e1s que respuestas, alguna certeza, para poder hacer frente a tanto dolor y tantas dudas.<\/p>\n\n\n\n<p>Me apena much\u00edsimo esta situaci\u00f3n. Pero voy -vamos- a seguir esperando una respuesta.<\/p>\n\n\n\n<p>Ojal\u00e1 que la Justicia no me la siga negando\u201d.<\/p>\n\n\n\n<p><\/p>\n\n\n\n<ul class=\"wp-block-list\"><li><strong>Le\u00e9 m\u00e1s: <\/strong><\/li><\/ul>\n\n\n\n<figure class=\"wp-block-embed is-type-wp-embed is-provider-el-regional wp-block-embed-el-regional\"><div class=\"wp-block-embed__wrapper\">\n<blockquote class=\"wp-embedded-content\" data-secret=\"yuY8dTbNEr\"><a href=\"https:\/\/elregionalvm.com.ar\/noticias-villa-maria\/muerte-morbo-y-videos-virales-a-dos-anos-de-la-tragedia-de-larose-y-no-aprendimos-nada\/\">Muerte, morbo y videos virales: A dos a\u00f1os de la tragedia de Larose y no aprendimos nada<\/a><\/blockquote><iframe class=\"wp-embedded-content\" sandbox=\"allow-scripts\" security=\"restricted\" style=\"position: absolute; visibility: hidden;\" title=\"\u00abMuerte, morbo y videos virales: A dos a\u00f1os de la tragedia de Larose y no aprendimos nada\u00bb \u2014 El Regional\" src=\"https:\/\/elregionalvm.com.ar\/noticias-villa-maria\/muerte-morbo-y-videos-virales-a-dos-anos-de-la-tragedia-de-larose-y-no-aprendimos-nada\/embed\/#?secret=Mr9ogXjqdi#?secret=yuY8dTbNEr\" data-secret=\"yuY8dTbNEr\" width=\"500\" height=\"282\" frameborder=\"0\" marginwidth=\"0\" marginheight=\"0\" scrolling=\"no\"><\/iframe>\n<\/div><\/figure>\n","protected":false},"excerpt":{"rendered":"<p>En una carta abierta, la exintendenta de Pasco y madre de Alejandro Larose, Alicia Giubergia, reclama conocer qu\u00e9 ocurri\u00f3 en verdad durante el tr\u00e1gico accidente donde su hijo perdi\u00f3 la vida hace dos a\u00f1os. En el texto, comenta su impresi\u00f3n luego del contacto que mantuvo con funcionarios judiciales y la falta de respuestas hasta el [&hellip;]<\/p>\n","protected":false},"author":4,"featured_media":39582,"comment_status":"open","ping_status":"open","sticky":false,"template":"","format":"standard","meta":{"site-sidebar-layout":"default","site-content-layout":"default","ast-site-content-layout":"default","site-content-style":"default","site-sidebar-style":"default","ast-global-header-display":"","ast-banner-title-visibility":"","ast-main-header-display":"","ast-hfb-above-header-display":"","ast-hfb-below-header-display":"","ast-hfb-mobile-header-display":"","site-post-title":"","ast-breadcrumbs-content":"","ast-featured-img":"","footer-sml-layout":"","ast-disable-related-posts":"","theme-transparent-header-meta":"default","adv-header-id-meta":"","stick-header-meta":"","header-above-stick-meta":"","header-main-stick-meta":"","header-below-stick-meta":"","astra-migrate-meta-layouts":"default","ast-page-background-enabled":"default","ast-page-background-meta":{"desktop":{"background-color":"","background-image":"","background-repeat":"repeat","background-position":"center center","background-size":"auto","background-attachment":"scroll","background-type":"","background-media":"","overlay-type":"","overlay-color":"","overlay-opacity":"","overlay-gradient":""},"tablet":{"background-color":"","background-image":"","background-repeat":"repeat","background-position":"center center","background-size":"auto","background-attachment":"scroll","background-type":"","background-media":"","overlay-type":"","overlay-color":"","overlay-opacity":"","overlay-gradient":""},"mobile":{"background-color":"","background-image":"","background-repeat":"repeat","background-position":"center center","background-size":"auto","background-attachment":"scroll","background-type":"","background-media":"","overlay-type":"","overlay-color":"","overlay-opacity":"","overlay-gradient":""}},"ast-content-background-meta":{"desktop":{"background-color":"var(--ast-global-color-5)","background-image":"","background-repeat":"repeat","background-position":"center center","background-size":"auto","background-attachment":"scroll","background-type":"","background-media":"","overlay-type":"","overlay-color":"","overlay-opacity":"","overlay-gradient":""},"tablet":{"background-color":"var(--ast-global-color-5)","background-image":"","background-repeat":"repeat","background-position":"center center","background-size":"auto","background-attachment":"scroll","background-type":"","background-media":"","overlay-type":"","overlay-color":"","overlay-opacity":"","overlay-gradient":""},"mobile":{"background-color":"var(--ast-global-color-5)","background-image":"","background-repeat":"repeat","background-position":"center center","background-size":"auto","background-attachment":"scroll","background-type":"","background-media":"","overlay-type":"","overlay-color":"","overlay-opacity":"","overlay-gradient":""}},"_jetpack_memberships_contains_paid_content":false,"_joinchat":[],"footnotes":""},"categories":[365,3557,2],"tags":[1451,7391,2153,1630,9610,99,2788,1569,3731],"class_list":["post-39581","post","type-post","status-publish","format-standard","has-post-thumbnail","hentry","category-opinion","category-tercera","category-villa-maria","tag-alejandro-larose","tag-alicia-giubergia","tag-autopsia","tag-carta-abierta","tag-causa-judicial","tag-justicia","tag-reclamo","tag-testigos","tag-tribunales-villa-maria"],"yoast_head":"<!-- This site is optimized with the Yoast SEO plugin v26.8 - https:\/\/yoast.com\/product\/yoast-seo-wordpress\/ -->\n<title>Alicia Giubergia reclama por la muerte de Alejandro Larose: \u201cLa Justicia lenta no es Justicia\u201d - El Regional<\/title>\n<meta name=\"description\" content=\"La madre del joven afirma que ni siquiera pudo acceder a los resultados de la autopsia y que los testigos a\u00fan no fueron llamados a declarar.\" \/>\n<meta name=\"robots\" content=\"index, follow, max-snippet:-1, max-image-preview:large, max-video-preview:-1\" \/>\n<link rel=\"canonical\" href=\"http:\/\/elregionalvm.com.ar\/noticias-villa-maria\/alicia-giubergia-reclama-por-la-muerte-de-alejandro-larose-la-justicia-lenta-no-es-justicia\/\" \/>\n<meta property=\"og:locale\" content=\"es_ES\" \/>\n<meta property=\"og:type\" content=\"article\" \/>\n<meta property=\"og:title\" content=\"Alicia Giubergia reclama por la muerte de Alejandro Larose: \u201cLa Justicia lenta no es Justicia\u201d - El Regional\" \/>\n<meta property=\"og:description\" content=\"La madre del joven afirma que ni siquiera pudo acceder a los resultados de la autopsia y que los testigos a\u00fan no fueron llamados a declarar.\" \/>\n<meta property=\"og:url\" content=\"http:\/\/elregionalvm.com.ar\/noticias-villa-maria\/alicia-giubergia-reclama-por-la-muerte-de-alejandro-larose-la-justicia-lenta-no-es-justicia\/\" \/>\n<meta property=\"og:site_name\" content=\"El Regional\" \/>\n<meta property=\"article:publisher\" content=\"https:\/\/www.facebook.com\/elregionalvm\" \/>\n<meta property=\"article:published_time\" content=\"2021-06-17T17:23:01+00:00\" \/>\n<meta property=\"article:modified_time\" content=\"2021-06-21T20:29:19+00:00\" \/>\n<meta property=\"og:image\" content=\"http:\/\/elregionalvm.com.ar\/noticias-villa-maria\/wp-content\/uploads\/2021\/06\/Alicia-Giubergia-y-Alejandro-Larose-vertical.jpeg\" \/>\n\t<meta property=\"og:image:width\" content=\"732\" \/>\n\t<meta property=\"og:image:height\" content=\"962\" \/>\n\t<meta property=\"og:image:type\" content=\"image\/jpeg\" \/>\n<meta name=\"author\" content=\"Contenidos El Regional\" \/>\n<meta name=\"twitter:card\" content=\"summary_large_image\" \/>\n<meta name=\"twitter:creator\" content=\"@elregionalvm1\" \/>\n<meta name=\"twitter:site\" content=\"@elregionalvm1\" \/>\n<meta name=\"twitter:label1\" content=\"Escrito por\" \/>\n\t<meta name=\"twitter:data1\" content=\"Contenidos El Regional\" \/>\n\t<meta name=\"twitter:label2\" content=\"Tiempo de lectura\" \/>\n\t<meta name=\"twitter:data2\" content=\"5 minutos\" \/>\n<script type=\"application\/ld+json\" class=\"yoast-schema-graph\">{\"@context\":\"https:\/\/schema.org\",\"@graph\":[{\"@type\":\"Article\",\"@id\":\"http:\/\/elregionalvm.com.ar\/noticias-villa-maria\/alicia-giubergia-reclama-por-la-muerte-de-alejandro-larose-la-justicia-lenta-no-es-justicia\/#article\",\"isPartOf\":{\"@id\":\"http:\/\/elregionalvm.com.ar\/noticias-villa-maria\/alicia-giubergia-reclama-por-la-muerte-de-alejandro-larose-la-justicia-lenta-no-es-justicia\/\"},\"author\":{\"name\":\"Contenidos El Regional\",\"@id\":\"http:\/\/elregionalvm.com.ar\/noticias-villa-maria\/#\/schema\/person\/a0fb9c422317faca23d50163151bc354\"},\"headline\":\"Alicia Giubergia reclama por la muerte de Alejandro Larose: \u201cLa Justicia lenta no es Justicia\u201d\",\"datePublished\":\"2021-06-17T17:23:01+00:00\",\"dateModified\":\"2021-06-21T20:29:19+00:00\",\"mainEntityOfPage\":{\"@id\":\"http:\/\/elregionalvm.com.ar\/noticias-villa-maria\/alicia-giubergia-reclama-por-la-muerte-de-alejandro-larose-la-justicia-lenta-no-es-justicia\/\"},\"wordCount\":994,\"commentCount\":0,\"image\":{\"@id\":\"http:\/\/elregionalvm.com.ar\/noticias-villa-maria\/alicia-giubergia-reclama-por-la-muerte-de-alejandro-larose-la-justicia-lenta-no-es-justicia\/#primaryimage\"},\"thumbnailUrl\":\"https:\/\/i0.wp.com\/elregionalvm.com.ar\/noticias-villa-maria\/wp-content\/uploads\/2021\/06\/Alicia-Giubergia-y-Alejandro-Larose-vertical.jpeg?fit=732%2C962&ssl=1\",\"keywords\":[\"Alejandro Larose\",\"Alicia Giubergia\",\"autopsia\",\"carta abierta\",\"causa judicial\",\"Justicia\",\"Reclamo\",\"Testigos\",\"Tribunales Villa Mar\u00eda\"],\"articleSection\":[\"Opini\u00f3n\",\"tercera\",\"Villa Mar\u00eda\"],\"inLanguage\":\"es\",\"potentialAction\":[{\"@type\":\"CommentAction\",\"name\":\"Comment\",\"target\":[\"http:\/\/elregionalvm.com.ar\/noticias-villa-maria\/alicia-giubergia-reclama-por-la-muerte-de-alejandro-larose-la-justicia-lenta-no-es-justicia\/#respond\"]}]},{\"@type\":\"WebPage\",\"@id\":\"http:\/\/elregionalvm.com.ar\/noticias-villa-maria\/alicia-giubergia-reclama-por-la-muerte-de-alejandro-larose-la-justicia-lenta-no-es-justicia\/\",\"url\":\"http:\/\/elregionalvm.com.ar\/noticias-villa-maria\/alicia-giubergia-reclama-por-la-muerte-de-alejandro-larose-la-justicia-lenta-no-es-justicia\/\",\"name\":\"Alicia Giubergia reclama por la muerte de Alejandro Larose: \u201cLa Justicia lenta no es Justicia\u201d - El Regional\",\"isPartOf\":{\"@id\":\"http:\/\/elregionalvm.com.ar\/noticias-villa-maria\/#website\"},\"primaryImageOfPage\":{\"@id\":\"http:\/\/elregionalvm.com.ar\/noticias-villa-maria\/alicia-giubergia-reclama-por-la-muerte-de-alejandro-larose-la-justicia-lenta-no-es-justicia\/#primaryimage\"},\"image\":{\"@id\":\"http:\/\/elregionalvm.com.ar\/noticias-villa-maria\/alicia-giubergia-reclama-por-la-muerte-de-alejandro-larose-la-justicia-lenta-no-es-justicia\/#primaryimage\"},\"thumbnailUrl\":\"https:\/\/i0.wp.com\/elregionalvm.com.ar\/noticias-villa-maria\/wp-content\/uploads\/2021\/06\/Alicia-Giubergia-y-Alejandro-Larose-vertical.jpeg?fit=732%2C962&ssl=1\",\"datePublished\":\"2021-06-17T17:23:01+00:00\",\"dateModified\":\"2021-06-21T20:29:19+00:00\",\"author\":{\"@id\":\"http:\/\/elregionalvm.com.ar\/noticias-villa-maria\/#\/schema\/person\/a0fb9c422317faca23d50163151bc354\"},\"description\":\"La madre del joven afirma que ni siquiera pudo acceder a los resultados de la autopsia y que los testigos a\u00fan no fueron llamados a declarar.\",\"breadcrumb\":{\"@id\":\"http:\/\/elregionalvm.com.ar\/noticias-villa-maria\/alicia-giubergia-reclama-por-la-muerte-de-alejandro-larose-la-justicia-lenta-no-es-justicia\/#breadcrumb\"},\"inLanguage\":\"es\",\"potentialAction\":[{\"@type\":\"ReadAction\",\"target\":[\"http:\/\/elregionalvm.com.ar\/noticias-villa-maria\/alicia-giubergia-reclama-por-la-muerte-de-alejandro-larose-la-justicia-lenta-no-es-justicia\/\"]}]},{\"@type\":\"ImageObject\",\"inLanguage\":\"es\",\"@id\":\"http:\/\/elregionalvm.com.ar\/noticias-villa-maria\/alicia-giubergia-reclama-por-la-muerte-de-alejandro-larose-la-justicia-lenta-no-es-justicia\/#primaryimage\",\"url\":\"https:\/\/i0.wp.com\/elregionalvm.com.ar\/noticias-villa-maria\/wp-content\/uploads\/2021\/06\/Alicia-Giubergia-y-Alejandro-Larose-vertical.jpeg?fit=732%2C962&ssl=1\",\"contentUrl\":\"https:\/\/i0.wp.com\/elregionalvm.com.ar\/noticias-villa-maria\/wp-content\/uploads\/2021\/06\/Alicia-Giubergia-y-Alejandro-Larose-vertical.jpeg?fit=732%2C962&ssl=1\",\"width\":732,\"height\":962},{\"@type\":\"BreadcrumbList\",\"@id\":\"http:\/\/elregionalvm.com.ar\/noticias-villa-maria\/alicia-giubergia-reclama-por-la-muerte-de-alejandro-larose-la-justicia-lenta-no-es-justicia\/#breadcrumb\",\"itemListElement\":[{\"@type\":\"ListItem\",\"position\":1,\"name\":\"Portada\",\"item\":\"https:\/\/elregionalvm.com.ar\/noticias-villa-maria\/\"},{\"@type\":\"ListItem\",\"position\":2,\"name\":\"Alicia Giubergia reclama por la muerte de Alejandro Larose: \u201cLa Justicia lenta no es Justicia\u201d\"}]},{\"@type\":\"WebSite\",\"@id\":\"http:\/\/elregionalvm.com.ar\/noticias-villa-maria\/#website\",\"url\":\"http:\/\/elregionalvm.com.ar\/noticias-villa-maria\/\",\"name\":\"El Regional\",\"description\":\"Mucho m\u00e1s que informaci\u00f3n\",\"potentialAction\":[{\"@type\":\"SearchAction\",\"target\":{\"@type\":\"EntryPoint\",\"urlTemplate\":\"http:\/\/elregionalvm.com.ar\/noticias-villa-maria\/?s={search_term_string}\"},\"query-input\":{\"@type\":\"PropertyValueSpecification\",\"valueRequired\":true,\"valueName\":\"search_term_string\"}}],\"inLanguage\":\"es\"},{\"@type\":\"Person\",\"@id\":\"http:\/\/elregionalvm.com.ar\/noticias-villa-maria\/#\/schema\/person\/a0fb9c422317faca23d50163151bc354\",\"name\":\"Contenidos El Regional\",\"image\":{\"@type\":\"ImageObject\",\"inLanguage\":\"es\",\"@id\":\"http:\/\/elregionalvm.com.ar\/noticias-villa-maria\/#\/schema\/person\/image\/\",\"url\":\"https:\/\/secure.gravatar.com\/avatar\/265b27cb2209af7bb3a1318f03305787d7981a5cc6e6cd08fe5a4ecdf99d4b48?s=96&d=mm&r=g\",\"contentUrl\":\"https:\/\/secure.gravatar.com\/avatar\/265b27cb2209af7bb3a1318f03305787d7981a5cc6e6cd08fe5a4ecdf99d4b48?s=96&d=mm&r=g\",\"caption\":\"Contenidos El Regional\"},\"url\":\"https:\/\/elregionalvm.com.ar\/noticias-villa-maria\/author\/contenido\/\"}]}<\/script>\n<!-- \/ Yoast SEO plugin. -->","yoast_head_json":{"title":"Alicia Giubergia reclama por la muerte de Alejandro Larose: \u201cLa Justicia lenta no es Justicia\u201d - El Regional","description":"La madre del joven afirma que ni siquiera pudo acceder a los resultados de la autopsia y que los testigos a\u00fan no fueron llamados a declarar.","robots":{"index":"index","follow":"follow","max-snippet":"max-snippet:-1","max-image-preview":"max-image-preview:large","max-video-preview":"max-video-preview:-1"},"canonical":"http:\/\/elregionalvm.com.ar\/noticias-villa-maria\/alicia-giubergia-reclama-por-la-muerte-de-alejandro-larose-la-justicia-lenta-no-es-justicia\/","og_locale":"es_ES","og_type":"article","og_title":"Alicia Giubergia reclama por la muerte de Alejandro Larose: \u201cLa Justicia lenta no es Justicia\u201d - El Regional","og_description":"La madre del joven afirma que ni siquiera pudo acceder a los resultados de la autopsia y que los testigos a\u00fan no fueron llamados a declarar.","og_url":"http:\/\/elregionalvm.com.ar\/noticias-villa-maria\/alicia-giubergia-reclama-por-la-muerte-de-alejandro-larose-la-justicia-lenta-no-es-justicia\/","og_site_name":"El Regional","article_publisher":"https:\/\/www.facebook.com\/elregionalvm","article_published_time":"2021-06-17T17:23:01+00:00","article_modified_time":"2021-06-21T20:29:19+00:00","og_image":[{"width":732,"height":962,"url":"http:\/\/elregionalvm.com.ar\/noticias-villa-maria\/wp-content\/uploads\/2021\/06\/Alicia-Giubergia-y-Alejandro-Larose-vertical.jpeg","type":"image\/jpeg"}],"author":"Contenidos El Regional","twitter_card":"summary_large_image","twitter_creator":"@elregionalvm1","twitter_site":"@elregionalvm1","twitter_misc":{"Escrito por":"Contenidos El Regional","Tiempo de lectura":"5 minutos"},"schema":{"@context":"https:\/\/schema.org","@graph":[{"@type":"Article","@id":"http:\/\/elregionalvm.com.ar\/noticias-villa-maria\/alicia-giubergia-reclama-por-la-muerte-de-alejandro-larose-la-justicia-lenta-no-es-justicia\/#article","isPartOf":{"@id":"http:\/\/elregionalvm.com.ar\/noticias-villa-maria\/alicia-giubergia-reclama-por-la-muerte-de-alejandro-larose-la-justicia-lenta-no-es-justicia\/"},"author":{"name":"Contenidos El Regional","@id":"http:\/\/elregionalvm.com.ar\/noticias-villa-maria\/#\/schema\/person\/a0fb9c422317faca23d50163151bc354"},"headline":"Alicia Giubergia reclama por la muerte de Alejandro Larose: \u201cLa Justicia lenta no es Justicia\u201d","datePublished":"2021-06-17T17:23:01+00:00","dateModified":"2021-06-21T20:29:19+00:00","mainEntityOfPage":{"@id":"http:\/\/elregionalvm.com.ar\/noticias-villa-maria\/alicia-giubergia-reclama-por-la-muerte-de-alejandro-larose-la-justicia-lenta-no-es-justicia\/"},"wordCount":994,"commentCount":0,"image":{"@id":"http:\/\/elregionalvm.com.ar\/noticias-villa-maria\/alicia-giubergia-reclama-por-la-muerte-de-alejandro-larose-la-justicia-lenta-no-es-justicia\/#primaryimage"},"thumbnailUrl":"https:\/\/i0.wp.com\/elregionalvm.com.ar\/noticias-villa-maria\/wp-content\/uploads\/2021\/06\/Alicia-Giubergia-y-Alejandro-Larose-vertical.jpeg?fit=732%2C962&ssl=1","keywords":["Alejandro Larose","Alicia Giubergia","autopsia","carta abierta","causa judicial","Justicia","Reclamo","Testigos","Tribunales Villa Mar\u00eda"],"articleSection":["Opini\u00f3n","tercera","Villa Mar\u00eda"],"inLanguage":"es","potentialAction":[{"@type":"CommentAction","name":"Comment","target":["http:\/\/elregionalvm.com.ar\/noticias-villa-maria\/alicia-giubergia-reclama-por-la-muerte-de-alejandro-larose-la-justicia-lenta-no-es-justicia\/#respond"]}]},{"@type":"WebPage","@id":"http:\/\/elregionalvm.com.ar\/noticias-villa-maria\/alicia-giubergia-reclama-por-la-muerte-de-alejandro-larose-la-justicia-lenta-no-es-justicia\/","url":"http:\/\/elregionalvm.com.ar\/noticias-villa-maria\/alicia-giubergia-reclama-por-la-muerte-de-alejandro-larose-la-justicia-lenta-no-es-justicia\/","name":"Alicia Giubergia reclama por la muerte de Alejandro Larose: \u201cLa Justicia lenta no es Justicia\u201d - El Regional","isPartOf":{"@id":"http:\/\/elregionalvm.com.ar\/noticias-villa-maria\/#website"},"primaryImageOfPage":{"@id":"http:\/\/elregionalvm.com.ar\/noticias-villa-maria\/alicia-giubergia-reclama-por-la-muerte-de-alejandro-larose-la-justicia-lenta-no-es-justicia\/#primaryimage"},"image":{"@id":"http:\/\/elregionalvm.com.ar\/noticias-villa-maria\/alicia-giubergia-reclama-por-la-muerte-de-alejandro-larose-la-justicia-lenta-no-es-justicia\/#primaryimage"},"thumbnailUrl":"https:\/\/i0.wp.com\/elregionalvm.com.ar\/noticias-villa-maria\/wp-content\/uploads\/2021\/06\/Alicia-Giubergia-y-Alejandro-Larose-vertical.jpeg?fit=732%2C962&ssl=1","datePublished":"2021-06-17T17:23:01+00:00","dateModified":"2021-06-21T20:29:19+00:00","author":{"@id":"http:\/\/elregionalvm.com.ar\/noticias-villa-maria\/#\/schema\/person\/a0fb9c422317faca23d50163151bc354"},"description":"La madre del joven afirma que ni siquiera pudo acceder a los resultados de la autopsia y que los testigos a\u00fan no fueron llamados a declarar.","breadcrumb":{"@id":"http:\/\/elregionalvm.com.ar\/noticias-villa-maria\/alicia-giubergia-reclama-por-la-muerte-de-alejandro-larose-la-justicia-lenta-no-es-justicia\/#breadcrumb"},"inLanguage":"es","potentialAction":[{"@type":"ReadAction","target":["http:\/\/elregionalvm.com.ar\/noticias-villa-maria\/alicia-giubergia-reclama-por-la-muerte-de-alejandro-larose-la-justicia-lenta-no-es-justicia\/"]}]},{"@type":"ImageObject","inLanguage":"es","@id":"http:\/\/elregionalvm.com.ar\/noticias-villa-maria\/alicia-giubergia-reclama-por-la-muerte-de-alejandro-larose-la-justicia-lenta-no-es-justicia\/#primaryimage","url":"https:\/\/i0.wp.com\/elregionalvm.com.ar\/noticias-villa-maria\/wp-content\/uploads\/2021\/06\/Alicia-Giubergia-y-Alejandro-Larose-vertical.jpeg?fit=732%2C962&ssl=1","contentUrl":"https:\/\/i0.wp.com\/elregionalvm.com.ar\/noticias-villa-maria\/wp-content\/uploads\/2021\/06\/Alicia-Giubergia-y-Alejandro-Larose-vertical.jpeg?fit=732%2C962&ssl=1","width":732,"height":962},{"@type":"BreadcrumbList","@id":"http:\/\/elregionalvm.com.ar\/noticias-villa-maria\/alicia-giubergia-reclama-por-la-muerte-de-alejandro-larose-la-justicia-lenta-no-es-justicia\/#breadcrumb","itemListElement":[{"@type":"ListItem","position":1,"name":"Portada","item":"https:\/\/elregionalvm.com.ar\/noticias-villa-maria\/"},{"@type":"ListItem","position":2,"name":"Alicia Giubergia reclama por la muerte de Alejandro Larose: \u201cLa Justicia lenta no es Justicia\u201d"}]},{"@type":"WebSite","@id":"http:\/\/elregionalvm.com.ar\/noticias-villa-maria\/#website","url":"http:\/\/elregionalvm.com.ar\/noticias-villa-maria\/","name":"El Regional","description":"Mucho m\u00e1s que informaci\u00f3n","potentialAction":[{"@type":"SearchAction","target":{"@type":"EntryPoint","urlTemplate":"http:\/\/elregionalvm.com.ar\/noticias-villa-maria\/?s={search_term_string}"},"query-input":{"@type":"PropertyValueSpecification","valueRequired":true,"valueName":"search_term_string"}}],"inLanguage":"es"},{"@type":"Person","@id":"http:\/\/elregionalvm.com.ar\/noticias-villa-maria\/#\/schema\/person\/a0fb9c422317faca23d50163151bc354","name":"Contenidos El Regional","image":{"@type":"ImageObject","inLanguage":"es","@id":"http:\/\/elregionalvm.com.ar\/noticias-villa-maria\/#\/schema\/person\/image\/","url":"https:\/\/secure.gravatar.com\/avatar\/265b27cb2209af7bb3a1318f03305787d7981a5cc6e6cd08fe5a4ecdf99d4b48?s=96&d=mm&r=g","contentUrl":"https:\/\/secure.gravatar.com\/avatar\/265b27cb2209af7bb3a1318f03305787d7981a5cc6e6cd08fe5a4ecdf99d4b48?s=96&d=mm&r=g","caption":"Contenidos El Regional"},"url":"https:\/\/elregionalvm.com.ar\/noticias-villa-maria\/author\/contenido\/"}]}},"jetpack_featured_media_url":"https:\/\/i0.wp.com\/elregionalvm.com.ar\/noticias-villa-maria\/wp-content\/uploads\/2021\/06\/Alicia-Giubergia-y-Alejandro-Larose-vertical.jpeg?fit=732%2C962&ssl=1","jetpack_sharing_enabled":true,"_links":{"self":[{"href":"https:\/\/elregionalvm.com.ar\/noticias-villa-maria\/wp-json\/wp\/v2\/posts\/39581","targetHints":{"allow":["GET"]}}],"collection":[{"href":"https:\/\/elregionalvm.com.ar\/noticias-villa-maria\/wp-json\/wp\/v2\/posts"}],"about":[{"href":"https:\/\/elregionalvm.com.ar\/noticias-villa-maria\/wp-json\/wp\/v2\/types\/post"}],"author":[{"embeddable":true,"href":"https:\/\/elregionalvm.com.ar\/noticias-villa-maria\/wp-json\/wp\/v2\/users\/4"}],"replies":[{"embeddable":true,"href":"https:\/\/elregionalvm.com.ar\/noticias-villa-maria\/wp-json\/wp\/v2\/comments?post=39581"}],"version-history":[{"count":1,"href":"https:\/\/elregionalvm.com.ar\/noticias-villa-maria\/wp-json\/wp\/v2\/posts\/39581\/revisions"}],"predecessor-version":[{"id":39583,"href":"https:\/\/elregionalvm.com.ar\/noticias-villa-maria\/wp-json\/wp\/v2\/posts\/39581\/revisions\/39583"}],"wp:featuredmedia":[{"embeddable":true,"href":"https:\/\/elregionalvm.com.ar\/noticias-villa-maria\/wp-json\/wp\/v2\/media\/39582"}],"wp:attachment":[{"href":"https:\/\/elregionalvm.com.ar\/noticias-villa-maria\/wp-json\/wp\/v2\/media?parent=39581"}],"wp:term":[{"taxonomy":"category","embeddable":true,"href":"https:\/\/elregionalvm.com.ar\/noticias-villa-maria\/wp-json\/wp\/v2\/categories?post=39581"},{"taxonomy":"post_tag","embeddable":true,"href":"https:\/\/elregionalvm.com.ar\/noticias-villa-maria\/wp-json\/wp\/v2\/tags?post=39581"}],"curies":[{"name":"wp","href":"https:\/\/api.w.org\/{rel}","templated":true}]}}