{"id":39594,"date":"2021-06-17T21:25:53","date_gmt":"2021-06-17T21:25:53","guid":{"rendered":"https:\/\/elregionalvm.com.ar\/noticias-villa-maria\/?p=39594"},"modified":"2021-06-19T21:51:54","modified_gmt":"2021-06-19T21:51:54","slug":"martin-gill-se-encamina-hacia-una-nueva-licencia-por-otros-seis-meses","status":"publish","type":"post","link":"https:\/\/elregionalvm.com.ar\/noticias-villa-maria\/martin-gill-se-encamina-hacia-una-nueva-licencia-por-otros-seis-meses\/","title":{"rendered":"Mart\u00edn Gill se encamina hacia una nueva licencia por otros seis meses"},"content":{"rendered":"\n<p>Este jueves 17 de junio ingres\u00f3 al Concejo Deliberante el pedido formal de Mart\u00edn Gill por un nuevo periodo de licencia como intendente de Villa Mar\u00eda. Se trata de la cuarta solicitud con la finalidad de continuar su desempe\u00f1o en la Secretar\u00eda de Obras P\u00fablicas de la Naci\u00f3n.<\/p>\n\n\n\n<p>En un texto de cuatro hojas dirigido a Carlos De Falco en calidad de vicepresidente a cargo de la presidencia del cuerpo legislativo, Gill desarroll\u00f3 una serie de fundamentos tendientes a avalar su pedido.<\/p>\n\n\n\n<p>Uno de estos, gir\u00f3 en torno a la obra p\u00fablica desarrollada en diferentes puntos del pa\u00eds y la concreci\u00f3n de \u00abla obra m\u00e1s importante en la historia de la ciudad como lo es la avenida circunvalaci\u00f3n de la ruta 158\u00bb.<\/p>\n\n\n\n<p><\/p>\n\n\n\n<figure class=\"wp-block-gallery columns-3 is-cropped wp-block-gallery-1 is-layout-flex wp-block-gallery-is-layout-flex\"><ul class=\"blocks-gallery-grid\"><li class=\"blocks-gallery-item\"><figure><img data-recalc-dims=\"1\" fetchpriority=\"high\" decoding=\"async\" width=\"682\" height=\"1024\" src=\"https:\/\/i0.wp.com\/elregionalvm.com.ar\/noticias-villa-maria\/wp-content\/uploads\/2021\/06\/WhatsApp-Image-2021-06-17-at-5.31.28-PM.jpeg?resize=682%2C1024&#038;ssl=1\" alt=\"\" data-id=\"39597\" data-link=\"https:\/\/elregionalvm.com.ar\/noticias-villa-maria\/?attachment_id=39597\" class=\"wp-image-39597\" srcset=\"https:\/\/i0.wp.com\/elregionalvm.com.ar\/noticias-villa-maria\/wp-content\/uploads\/2021\/06\/WhatsApp-Image-2021-06-17-at-5.31.28-PM.jpeg?resize=682%2C1024&amp;ssl=1 682w, https:\/\/i0.wp.com\/elregionalvm.com.ar\/noticias-villa-maria\/wp-content\/uploads\/2021\/06\/WhatsApp-Image-2021-06-17-at-5.31.28-PM.jpeg?resize=200%2C300&amp;ssl=1 200w, https:\/\/i0.wp.com\/elregionalvm.com.ar\/noticias-villa-maria\/wp-content\/uploads\/2021\/06\/WhatsApp-Image-2021-06-17-at-5.31.28-PM.jpeg?resize=768%2C1152&amp;ssl=1 768w, https:\/\/i0.wp.com\/elregionalvm.com.ar\/noticias-villa-maria\/wp-content\/uploads\/2021\/06\/WhatsApp-Image-2021-06-17-at-5.31.28-PM.jpeg?w=853&amp;ssl=1 853w\" sizes=\"(max-width: 682px) 100vw, 682px\" \/><\/figure><\/li><li class=\"blocks-gallery-item\"><figure><img data-recalc-dims=\"1\" decoding=\"async\" width=\"659\" height=\"1024\" src=\"https:\/\/i0.wp.com\/elregionalvm.com.ar\/noticias-villa-maria\/wp-content\/uploads\/2021\/06\/WhatsApp-Image-2021-06-17-at-5.31.28-PM-1.jpeg?resize=659%2C1024&#038;ssl=1\" alt=\"\" data-id=\"39596\" data-link=\"https:\/\/elregionalvm.com.ar\/noticias-villa-maria\/?attachment_id=39596\" class=\"wp-image-39596\" srcset=\"https:\/\/i0.wp.com\/elregionalvm.com.ar\/noticias-villa-maria\/wp-content\/uploads\/2021\/06\/WhatsApp-Image-2021-06-17-at-5.31.28-PM-1.jpeg?resize=659%2C1024&amp;ssl=1 659w, https:\/\/i0.wp.com\/elregionalvm.com.ar\/noticias-villa-maria\/wp-content\/uploads\/2021\/06\/WhatsApp-Image-2021-06-17-at-5.31.28-PM-1.jpeg?resize=193%2C300&amp;ssl=1 193w, https:\/\/i0.wp.com\/elregionalvm.com.ar\/noticias-villa-maria\/wp-content\/uploads\/2021\/06\/WhatsApp-Image-2021-06-17-at-5.31.28-PM-1.jpeg?resize=768%2C1193&amp;ssl=1 768w, https:\/\/i0.wp.com\/elregionalvm.com.ar\/noticias-villa-maria\/wp-content\/uploads\/2021\/06\/WhatsApp-Image-2021-06-17-at-5.31.28-PM-1.jpeg?w=824&amp;ssl=1 824w\" sizes=\"(max-width: 659px) 100vw, 659px\" \/><\/figure><\/li><li class=\"blocks-gallery-item\"><figure><img data-recalc-dims=\"1\" decoding=\"async\" width=\"655\" height=\"1024\" src=\"https:\/\/i0.wp.com\/elregionalvm.com.ar\/noticias-villa-maria\/wp-content\/uploads\/2021\/06\/WhatsApp-Image-2021-06-17-at-5.31.28-PM-2.jpeg?resize=655%2C1024&#038;ssl=1\" alt=\"\" data-id=\"39599\" data-link=\"https:\/\/elregionalvm.com.ar\/noticias-villa-maria\/?attachment_id=39599\" class=\"wp-image-39599\" srcset=\"https:\/\/i0.wp.com\/elregionalvm.com.ar\/noticias-villa-maria\/wp-content\/uploads\/2021\/06\/WhatsApp-Image-2021-06-17-at-5.31.28-PM-2.jpeg?resize=655%2C1024&amp;ssl=1 655w, https:\/\/i0.wp.com\/elregionalvm.com.ar\/noticias-villa-maria\/wp-content\/uploads\/2021\/06\/WhatsApp-Image-2021-06-17-at-5.31.28-PM-2.jpeg?resize=192%2C300&amp;ssl=1 192w, https:\/\/i0.wp.com\/elregionalvm.com.ar\/noticias-villa-maria\/wp-content\/uploads\/2021\/06\/WhatsApp-Image-2021-06-17-at-5.31.28-PM-2.jpeg?resize=768%2C1200&amp;ssl=1 768w, https:\/\/i0.wp.com\/elregionalvm.com.ar\/noticias-villa-maria\/wp-content\/uploads\/2021\/06\/WhatsApp-Image-2021-06-17-at-5.31.28-PM-2.jpeg?w=819&amp;ssl=1 819w\" sizes=\"(max-width: 655px) 100vw, 655px\" \/><\/figure><\/li><li class=\"blocks-gallery-item\"><figure><img data-recalc-dims=\"1\" loading=\"lazy\" decoding=\"async\" width=\"1024\" height=\"935\" src=\"https:\/\/i0.wp.com\/elregionalvm.com.ar\/noticias-villa-maria\/wp-content\/uploads\/2021\/06\/WhatsApp-Image-2021-06-17-at-5.31.29-PM-1.jpeg?resize=1024%2C935&#038;ssl=1\" alt=\"\" data-id=\"39600\" data-full-url=\"https:\/\/elregionalvm.com.ar\/noticias-villa-maria\/wp-content\/uploads\/2021\/06\/WhatsApp-Image-2021-06-17-at-5.31.29-PM-1.jpeg\" data-link=\"https:\/\/elregionalvm.com.ar\/noticias-villa-maria\/?attachment_id=39600\" class=\"wp-image-39600\" srcset=\"https:\/\/i0.wp.com\/elregionalvm.com.ar\/noticias-villa-maria\/wp-content\/uploads\/2021\/06\/WhatsApp-Image-2021-06-17-at-5.31.29-PM-1.jpeg?resize=1024%2C935&amp;ssl=1 1024w, https:\/\/i0.wp.com\/elregionalvm.com.ar\/noticias-villa-maria\/wp-content\/uploads\/2021\/06\/WhatsApp-Image-2021-06-17-at-5.31.29-PM-1.jpeg?resize=300%2C274&amp;ssl=1 300w, https:\/\/i0.wp.com\/elregionalvm.com.ar\/noticias-villa-maria\/wp-content\/uploads\/2021\/06\/WhatsApp-Image-2021-06-17-at-5.31.29-PM-1.jpeg?resize=768%2C701&amp;ssl=1 768w, https:\/\/i0.wp.com\/elregionalvm.com.ar\/noticias-villa-maria\/wp-content\/uploads\/2021\/06\/WhatsApp-Image-2021-06-17-at-5.31.29-PM-1.jpeg?w=1094&amp;ssl=1 1094w\" sizes=\"(max-width: 1000px) 100vw, 1000px\" \/><\/figure><\/li><\/ul><figcaption class=\"blocks-gallery-caption\"><em>El pedido formal ingresado al Concejo Deliberante. <\/em><\/figcaption><\/figure>\n\n\n\n<p><\/p>\n\n\n\n<p><strong>A la espera<\/strong><\/p>\n\n\n\n<p>Un nuevo pedido de pr\u00f3rroga de la licencia hab\u00eda sido anticipado por su reemplazante en el sill\u00f3n municipal Pablo Rosso. <\/p>\n\n\n\n<p>En tanto, desde el accastellismo, se hab\u00eda anticipado que \u00abGill retornar\u00eda a la ciudad el 28 de junio\u00bb, alegando informaci\u00f3n obtenida del propio Ministerio donde se desempe\u00f1a el intendente en uso de licencia.<\/p>\n\n\n\n<p>As\u00ed lo hab\u00eda se\u00f1alado Ver\u00f3nica Navarro Alegre, presidenta del espacio pol\u00edtico Somos, que tiene como principal referente al exintendente y actual ministro de Industria y Comercio de la provincia, Eduardo Accastello.<\/p>\n\n\n\n<p>M\u00e1s all\u00e1 de la intencionalidad que podr\u00eda haber tenido una declaraci\u00f3n de ese tipo, el oficialismo debe contar con los votos de dos concejales que responden a Accastello.<\/p>\n\n\n\n<p>Se trata de Juan Carlos Cladera y Daniel L\u00f3pez, que conforman un bloque escindido desde hace meses, pero que hasta el momento han acompa\u00f1ado siempre las solicitudes de licencia con la mano levantada. <\/p>\n\n\n\n<p>Navarro Alegre no adelant\u00f3 nada respecto de la posici\u00f3n que adoptar\u00e1n en el recinto la pr\u00f3xima semana cuando se vote la extensi\u00f3n de la licencia.<\/p>\n\n\n\n<p><strong>Tensa espera <\/strong><\/p>\n\n\n\n<p>Sin dudas, se trata de un momento intenso en el marco de las disputas internas que aparecen en el seno del peronismo villamariense, con Accastello cerca de Juan Schiaretti y Gill como uno de los alfiles del presidente en la provincia de C\u00f3rdoba.<\/p>\n\n\n\n<p>El voto de la oposici\u00f3n se prev\u00e9 negativo, en funci\u00f3n de las decisiones adoptadas en las sesiones anteriores y tomando como referencia las cr\u00edticas constantes desarrolladas ante los medios y en el propio cuerpo.<\/p>\n\n\n\n<p>Las negociaciones estar\u00e1n a la orden del d\u00eda, aunque son muy pocos quienes se animan a sostener con seguridad que los ediles accastellistas tomar\u00e1n una salida diferente a las votaciones previas.<\/p>\n\n\n\n<p>De esta forma, aunque no sin algunos obst\u00e1culos en el medio, todo pareciera encaminarse hacia un nuevo periodo de Gill al frente de la cartera de Obras P\u00fablicas, en calidad de segundo del ministro Gabriel Katopodis, pero en un puesto que le otorga una gran vidriera en la provincia y en el resto del pa\u00eds.<\/p>\n\n\n\n<p>Precisamente, el desembarco de obras para la ciudad y la regi\u00f3n es uno de los argumentos recurrentes sostenido por el gobierno municipal villamariense y otros funcionarios de la zona que apoyan la labor de Gill en Buenos Aires. <\/p>\n\n\n\n<p>Quiz\u00e1s est\u00e9n en lo cierto los funcionarios y dirigentes del ri\u00f1\u00f3n oficialista, quienes aseguran que el actual secretario de Obras P\u00fablicas del gobierno de Alberto Fern\u00e1ndez no retornar\u00e1 m\u00e1s a la ciudad de ser posible. Y que tiene la mirada puesta en un objetivo m\u00e1s grande. <\/p>\n\n\n\n<p>Siempre con el alegato de estar haciendo lo mejor para la ciudad que lo vio nacer, crecer y que, de alguna manera, gobierna. <\/p>\n\n\n\n<p>En pol\u00edtica, se sabe, todo es posible. <\/p>\n","protected":false},"excerpt":{"rendered":"<p>Este jueves 17 de junio ingres\u00f3 al Concejo Deliberante el pedido formal de Mart\u00edn Gill por un nuevo periodo de licencia como intendente de Villa Mar\u00eda. Se trata de la cuarta solicitud con la finalidad de continuar su desempe\u00f1o en la Secretar\u00eda de Obras P\u00fablicas de la Naci\u00f3n. En un texto de cuatro hojas dirigido [&hellip;]<\/p>\n","protected":false},"author":6,"featured_media":20540,"comment_status":"open","ping_status":"open","sticky":false,"template":"","format":"standard","meta":{"site-sidebar-layout":"default","site-content-layout":"default","ast-site-content-layout":"default","site-content-style":"default","site-sidebar-style":"default","ast-global-header-display":"","ast-banner-title-visibility":"","ast-main-header-display":"","ast-hfb-above-header-display":"","ast-hfb-below-header-display":"","ast-hfb-mobile-header-display":"","site-post-title":"","ast-breadcrumbs-content":"","ast-featured-img":"","footer-sml-layout":"","ast-disable-related-posts":"","theme-transparent-header-meta":"default","adv-header-id-meta":"","stick-header-meta":"","header-above-stick-meta":"","header-main-stick-meta":"","header-below-stick-meta":"","astra-migrate-meta-layouts":"default","ast-page-background-enabled":"default","ast-page-background-meta":{"desktop":{"background-color":"","background-image":"","background-repeat":"repeat","background-position":"center center","background-size":"auto","background-attachment":"scroll","background-type":"","background-media":"","overlay-type":"","overlay-color":"","overlay-opacity":"","overlay-gradient":""},"tablet":{"background-color":"","background-image":"","background-repeat":"repeat","background-position":"center center","background-size":"auto","background-attachment":"scroll","background-type":"","background-media":"","overlay-type":"","overlay-color":"","overlay-opacity":"","overlay-gradient":""},"mobile":{"background-color":"","background-image":"","background-repeat":"repeat","background-position":"center center","background-size":"auto","background-attachment":"scroll","background-type":"","background-media":"","overlay-type":"","overlay-color":"","overlay-opacity":"","overlay-gradient":""}},"ast-content-background-meta":{"desktop":{"background-color":"var(--ast-global-color-5)","background-image":"","background-repeat":"repeat","background-position":"center center","background-size":"auto","background-attachment":"scroll","background-type":"","background-media":"","overlay-type":"","overlay-color":"","overlay-opacity":"","overlay-gradient":""},"tablet":{"background-color":"var(--ast-global-color-5)","background-image":"","background-repeat":"repeat","background-position":"center center","background-size":"auto","background-attachment":"scroll","background-type":"","background-media":"","overlay-type":"","overlay-color":"","overlay-opacity":"","overlay-gradient":""},"mobile":{"background-color":"var(--ast-global-color-5)","background-image":"","background-repeat":"repeat","background-position":"center center","background-size":"auto","background-attachment":"scroll","background-type":"","background-media":"","overlay-type":"","overlay-color":"","overlay-opacity":"","overlay-gradient":""}},"_jetpack_memberships_contains_paid_content":false,"_joinchat":[],"footnotes":""},"categories":[2089,3557],"tags":[1597,2038,2265,1125,2953,1878,2752,8326],"class_list":["post-39594","post","type-post","status-publish","format-standard","has-post-thumbnail","hentry","category-politica","category-tercera","tag-concejo-deliberante","tag-eduardo-accastello","tag-licencia","tag-martin-gill","tag-oposicion","tag-pablo-rosso","tag-secretaria-de-obras-publicas","tag-veronica-navarro-alegre"],"yoast_head":"<!-- This site is optimized with the Yoast SEO plugin v26.8 - https:\/\/yoast.com\/product\/yoast-seo-wordpress\/ -->\n<title>Mart\u00edn Gill se encamina hacia una nueva licencia por otros seis meses - El Regional<\/title>\n<meta name=\"description\" content=\"Se trata de la cuarta solicitud con la finalidad de continuar su desempe\u00f1o en la Secretar\u00eda de Obras P\u00fablicas de la Naci\u00f3n.\" \/>\n<meta name=\"robots\" content=\"index, follow, max-snippet:-1, max-image-preview:large, max-video-preview:-1\" \/>\n<link rel=\"canonical\" href=\"http:\/\/elregionalvm.com.ar\/noticias-villa-maria\/martin-gill-se-encamina-hacia-una-nueva-licencia-por-otros-seis-meses\/\" \/>\n<meta property=\"og:locale\" content=\"es_ES\" \/>\n<meta property=\"og:type\" content=\"article\" \/>\n<meta property=\"og:title\" content=\"Mart\u00edn Gill se encamina hacia una nueva licencia por otros seis meses - El Regional\" \/>\n<meta property=\"og:description\" content=\"Se trata de la cuarta solicitud con la finalidad de continuar su desempe\u00f1o en la Secretar\u00eda de Obras P\u00fablicas de la Naci\u00f3n.\" \/>\n<meta property=\"og:url\" content=\"http:\/\/elregionalvm.com.ar\/noticias-villa-maria\/martin-gill-se-encamina-hacia-una-nueva-licencia-por-otros-seis-meses\/\" \/>\n<meta property=\"og:site_name\" content=\"El Regional\" \/>\n<meta property=\"article:publisher\" content=\"https:\/\/www.facebook.com\/elregionalvm\" \/>\n<meta property=\"article:published_time\" content=\"2021-06-17T21:25:53+00:00\" \/>\n<meta property=\"article:modified_time\" content=\"2021-06-19T21:51:54+00:00\" \/>\n<meta property=\"og:image\" content=\"http:\/\/elregionalvm.com.ar\/noticias-villa-maria\/wp-content\/uploads\/2020\/07\/Gill-teleconferencia.jpg\" \/>\n\t<meta property=\"og:image:width\" content=\"1040\" \/>\n\t<meta property=\"og:image:height\" content=\"780\" \/>\n\t<meta property=\"og:image:type\" content=\"image\/jpeg\" \/>\n<meta name=\"author\" content=\"Germ\u00e1n Giacchero\" \/>\n<meta name=\"twitter:card\" content=\"summary_large_image\" \/>\n<meta name=\"twitter:creator\" content=\"@elregionalvm1\" \/>\n<meta name=\"twitter:site\" content=\"@elregionalvm1\" \/>\n<meta name=\"twitter:label1\" content=\"Escrito por\" \/>\n\t<meta name=\"twitter:data1\" content=\"Germ\u00e1n Giacchero\" \/>\n\t<meta name=\"twitter:label2\" content=\"Tiempo de lectura\" \/>\n\t<meta name=\"twitter:data2\" content=\"4 minutos\" \/>\n<script type=\"application\/ld+json\" class=\"yoast-schema-graph\">{\"@context\":\"https:\/\/schema.org\",\"@graph\":[{\"@type\":\"Article\",\"@id\":\"http:\/\/elregionalvm.com.ar\/noticias-villa-maria\/martin-gill-se-encamina-hacia-una-nueva-licencia-por-otros-seis-meses\/#article\",\"isPartOf\":{\"@id\":\"http:\/\/elregionalvm.com.ar\/noticias-villa-maria\/martin-gill-se-encamina-hacia-una-nueva-licencia-por-otros-seis-meses\/\"},\"author\":{\"name\":\"Germ\u00e1n Giacchero\",\"@id\":\"http:\/\/elregionalvm.com.ar\/noticias-villa-maria\/#\/schema\/person\/d5e4b04966154131701e52c45d3efec9\"},\"headline\":\"Mart\u00edn Gill se encamina hacia una nueva licencia por otros seis meses\",\"datePublished\":\"2021-06-17T21:25:53+00:00\",\"dateModified\":\"2021-06-19T21:51:54+00:00\",\"mainEntityOfPage\":{\"@id\":\"http:\/\/elregionalvm.com.ar\/noticias-villa-maria\/martin-gill-se-encamina-hacia-una-nueva-licencia-por-otros-seis-meses\/\"},\"wordCount\":641,\"commentCount\":1,\"image\":{\"@id\":\"http:\/\/elregionalvm.com.ar\/noticias-villa-maria\/martin-gill-se-encamina-hacia-una-nueva-licencia-por-otros-seis-meses\/#primaryimage\"},\"thumbnailUrl\":\"https:\/\/i0.wp.com\/elregionalvm.com.ar\/noticias-villa-maria\/wp-content\/uploads\/2020\/07\/Gill-teleconferencia.jpg?fit=1040%2C780&ssl=1\",\"keywords\":[\"Concejo Deliberante\",\"Eduardo Accastello\",\"licencia\",\"mart\u00edn gill\",\"oposici\u00f3n\",\"Pablo Rosso\",\"Secretar\u00eda de Obras P\u00fablicas\",\"Ver\u00f3nica Navarro Alegre\"],\"articleSection\":[\"Pol\u00edtica\",\"tercera\"],\"inLanguage\":\"es\",\"potentialAction\":[{\"@type\":\"CommentAction\",\"name\":\"Comment\",\"target\":[\"http:\/\/elregionalvm.com.ar\/noticias-villa-maria\/martin-gill-se-encamina-hacia-una-nueva-licencia-por-otros-seis-meses\/#respond\"]}]},{\"@type\":\"WebPage\",\"@id\":\"http:\/\/elregionalvm.com.ar\/noticias-villa-maria\/martin-gill-se-encamina-hacia-una-nueva-licencia-por-otros-seis-meses\/\",\"url\":\"http:\/\/elregionalvm.com.ar\/noticias-villa-maria\/martin-gill-se-encamina-hacia-una-nueva-licencia-por-otros-seis-meses\/\",\"name\":\"Mart\u00edn Gill se encamina hacia una nueva licencia por otros seis meses - El Regional\",\"isPartOf\":{\"@id\":\"http:\/\/elregionalvm.com.ar\/noticias-villa-maria\/#website\"},\"primaryImageOfPage\":{\"@id\":\"http:\/\/elregionalvm.com.ar\/noticias-villa-maria\/martin-gill-se-encamina-hacia-una-nueva-licencia-por-otros-seis-meses\/#primaryimage\"},\"image\":{\"@id\":\"http:\/\/elregionalvm.com.ar\/noticias-villa-maria\/martin-gill-se-encamina-hacia-una-nueva-licencia-por-otros-seis-meses\/#primaryimage\"},\"thumbnailUrl\":\"https:\/\/i0.wp.com\/elregionalvm.com.ar\/noticias-villa-maria\/wp-content\/uploads\/2020\/07\/Gill-teleconferencia.jpg?fit=1040%2C780&ssl=1\",\"datePublished\":\"2021-06-17T21:25:53+00:00\",\"dateModified\":\"2021-06-19T21:51:54+00:00\",\"author\":{\"@id\":\"http:\/\/elregionalvm.com.ar\/noticias-villa-maria\/#\/schema\/person\/d5e4b04966154131701e52c45d3efec9\"},\"description\":\"Se trata de la cuarta solicitud con la finalidad de continuar su desempe\u00f1o en la Secretar\u00eda de Obras P\u00fablicas de la Naci\u00f3n.\",\"breadcrumb\":{\"@id\":\"http:\/\/elregionalvm.com.ar\/noticias-villa-maria\/martin-gill-se-encamina-hacia-una-nueva-licencia-por-otros-seis-meses\/#breadcrumb\"},\"inLanguage\":\"es\",\"potentialAction\":[{\"@type\":\"ReadAction\",\"target\":[\"http:\/\/elregionalvm.com.ar\/noticias-villa-maria\/martin-gill-se-encamina-hacia-una-nueva-licencia-por-otros-seis-meses\/\"]}]},{\"@type\":\"ImageObject\",\"inLanguage\":\"es\",\"@id\":\"http:\/\/elregionalvm.com.ar\/noticias-villa-maria\/martin-gill-se-encamina-hacia-una-nueva-licencia-por-otros-seis-meses\/#primaryimage\",\"url\":\"https:\/\/i0.wp.com\/elregionalvm.com.ar\/noticias-villa-maria\/wp-content\/uploads\/2020\/07\/Gill-teleconferencia.jpg?fit=1040%2C780&ssl=1\",\"contentUrl\":\"https:\/\/i0.wp.com\/elregionalvm.com.ar\/noticias-villa-maria\/wp-content\/uploads\/2020\/07\/Gill-teleconferencia.jpg?fit=1040%2C780&ssl=1\",\"width\":1040,\"height\":780},{\"@type\":\"BreadcrumbList\",\"@id\":\"http:\/\/elregionalvm.com.ar\/noticias-villa-maria\/martin-gill-se-encamina-hacia-una-nueva-licencia-por-otros-seis-meses\/#breadcrumb\",\"itemListElement\":[{\"@type\":\"ListItem\",\"position\":1,\"name\":\"Portada\",\"item\":\"https:\/\/elregionalvm.com.ar\/noticias-villa-maria\/\"},{\"@type\":\"ListItem\",\"position\":2,\"name\":\"Mart\u00edn Gill se encamina hacia una nueva licencia por otros seis meses\"}]},{\"@type\":\"WebSite\",\"@id\":\"http:\/\/elregionalvm.com.ar\/noticias-villa-maria\/#website\",\"url\":\"http:\/\/elregionalvm.com.ar\/noticias-villa-maria\/\",\"name\":\"El Regional\",\"description\":\"Mucho m\u00e1s que informaci\u00f3n\",\"potentialAction\":[{\"@type\":\"SearchAction\",\"target\":{\"@type\":\"EntryPoint\",\"urlTemplate\":\"http:\/\/elregionalvm.com.ar\/noticias-villa-maria\/?s={search_term_string}\"},\"query-input\":{\"@type\":\"PropertyValueSpecification\",\"valueRequired\":true,\"valueName\":\"search_term_string\"}}],\"inLanguage\":\"es\"},{\"@type\":\"Person\",\"@id\":\"http:\/\/elregionalvm.com.ar\/noticias-villa-maria\/#\/schema\/person\/d5e4b04966154131701e52c45d3efec9\",\"name\":\"Germ\u00e1n Giacchero\",\"image\":{\"@type\":\"ImageObject\",\"inLanguage\":\"es\",\"@id\":\"http:\/\/elregionalvm.com.ar\/noticias-villa-maria\/#\/schema\/person\/image\/\",\"url\":\"https:\/\/secure.gravatar.com\/avatar\/fda163ba5ef0307ee5be9846e10f83b6e83d0cfb260d3b2464830318894c6b04?s=96&d=mm&r=g\",\"contentUrl\":\"https:\/\/secure.gravatar.com\/avatar\/fda163ba5ef0307ee5be9846e10f83b6e83d0cfb260d3b2464830318894c6b04?s=96&d=mm&r=g\",\"caption\":\"Germ\u00e1n Giacchero\"},\"url\":\"https:\/\/elregionalvm.com.ar\/noticias-villa-maria\/author\/germangiacchero\/\"}]}<\/script>\n<!-- \/ Yoast SEO plugin. -->","yoast_head_json":{"title":"Mart\u00edn Gill se encamina hacia una nueva licencia por otros seis meses - El Regional","description":"Se trata de la cuarta solicitud con la finalidad de continuar su desempe\u00f1o en la Secretar\u00eda de Obras P\u00fablicas de la Naci\u00f3n.","robots":{"index":"index","follow":"follow","max-snippet":"max-snippet:-1","max-image-preview":"max-image-preview:large","max-video-preview":"max-video-preview:-1"},"canonical":"http:\/\/elregionalvm.com.ar\/noticias-villa-maria\/martin-gill-se-encamina-hacia-una-nueva-licencia-por-otros-seis-meses\/","og_locale":"es_ES","og_type":"article","og_title":"Mart\u00edn Gill se encamina hacia una nueva licencia por otros seis meses - El Regional","og_description":"Se trata de la cuarta solicitud con la finalidad de continuar su desempe\u00f1o en la Secretar\u00eda de Obras P\u00fablicas de la Naci\u00f3n.","og_url":"http:\/\/elregionalvm.com.ar\/noticias-villa-maria\/martin-gill-se-encamina-hacia-una-nueva-licencia-por-otros-seis-meses\/","og_site_name":"El Regional","article_publisher":"https:\/\/www.facebook.com\/elregionalvm","article_published_time":"2021-06-17T21:25:53+00:00","article_modified_time":"2021-06-19T21:51:54+00:00","og_image":[{"width":1040,"height":780,"url":"http:\/\/elregionalvm.com.ar\/noticias-villa-maria\/wp-content\/uploads\/2020\/07\/Gill-teleconferencia.jpg","type":"image\/jpeg"}],"author":"Germ\u00e1n Giacchero","twitter_card":"summary_large_image","twitter_creator":"@elregionalvm1","twitter_site":"@elregionalvm1","twitter_misc":{"Escrito por":"Germ\u00e1n Giacchero","Tiempo de lectura":"4 minutos"},"schema":{"@context":"https:\/\/schema.org","@graph":[{"@type":"Article","@id":"http:\/\/elregionalvm.com.ar\/noticias-villa-maria\/martin-gill-se-encamina-hacia-una-nueva-licencia-por-otros-seis-meses\/#article","isPartOf":{"@id":"http:\/\/elregionalvm.com.ar\/noticias-villa-maria\/martin-gill-se-encamina-hacia-una-nueva-licencia-por-otros-seis-meses\/"},"author":{"name":"Germ\u00e1n Giacchero","@id":"http:\/\/elregionalvm.com.ar\/noticias-villa-maria\/#\/schema\/person\/d5e4b04966154131701e52c45d3efec9"},"headline":"Mart\u00edn Gill se encamina hacia una nueva licencia por otros seis meses","datePublished":"2021-06-17T21:25:53+00:00","dateModified":"2021-06-19T21:51:54+00:00","mainEntityOfPage":{"@id":"http:\/\/elregionalvm.com.ar\/noticias-villa-maria\/martin-gill-se-encamina-hacia-una-nueva-licencia-por-otros-seis-meses\/"},"wordCount":641,"commentCount":1,"image":{"@id":"http:\/\/elregionalvm.com.ar\/noticias-villa-maria\/martin-gill-se-encamina-hacia-una-nueva-licencia-por-otros-seis-meses\/#primaryimage"},"thumbnailUrl":"https:\/\/i0.wp.com\/elregionalvm.com.ar\/noticias-villa-maria\/wp-content\/uploads\/2020\/07\/Gill-teleconferencia.jpg?fit=1040%2C780&ssl=1","keywords":["Concejo Deliberante","Eduardo Accastello","licencia","mart\u00edn gill","oposici\u00f3n","Pablo Rosso","Secretar\u00eda de Obras P\u00fablicas","Ver\u00f3nica Navarro Alegre"],"articleSection":["Pol\u00edtica","tercera"],"inLanguage":"es","potentialAction":[{"@type":"CommentAction","name":"Comment","target":["http:\/\/elregionalvm.com.ar\/noticias-villa-maria\/martin-gill-se-encamina-hacia-una-nueva-licencia-por-otros-seis-meses\/#respond"]}]},{"@type":"WebPage","@id":"http:\/\/elregionalvm.com.ar\/noticias-villa-maria\/martin-gill-se-encamina-hacia-una-nueva-licencia-por-otros-seis-meses\/","url":"http:\/\/elregionalvm.com.ar\/noticias-villa-maria\/martin-gill-se-encamina-hacia-una-nueva-licencia-por-otros-seis-meses\/","name":"Mart\u00edn Gill se encamina hacia una nueva licencia por otros seis meses - El Regional","isPartOf":{"@id":"http:\/\/elregionalvm.com.ar\/noticias-villa-maria\/#website"},"primaryImageOfPage":{"@id":"http:\/\/elregionalvm.com.ar\/noticias-villa-maria\/martin-gill-se-encamina-hacia-una-nueva-licencia-por-otros-seis-meses\/#primaryimage"},"image":{"@id":"http:\/\/elregionalvm.com.ar\/noticias-villa-maria\/martin-gill-se-encamina-hacia-una-nueva-licencia-por-otros-seis-meses\/#primaryimage"},"thumbnailUrl":"https:\/\/i0.wp.com\/elregionalvm.com.ar\/noticias-villa-maria\/wp-content\/uploads\/2020\/07\/Gill-teleconferencia.jpg?fit=1040%2C780&ssl=1","datePublished":"2021-06-17T21:25:53+00:00","dateModified":"2021-06-19T21:51:54+00:00","author":{"@id":"http:\/\/elregionalvm.com.ar\/noticias-villa-maria\/#\/schema\/person\/d5e4b04966154131701e52c45d3efec9"},"description":"Se trata de la cuarta solicitud con la finalidad de continuar su desempe\u00f1o en la Secretar\u00eda de Obras P\u00fablicas de la Naci\u00f3n.","breadcrumb":{"@id":"http:\/\/elregionalvm.com.ar\/noticias-villa-maria\/martin-gill-se-encamina-hacia-una-nueva-licencia-por-otros-seis-meses\/#breadcrumb"},"inLanguage":"es","potentialAction":[{"@type":"ReadAction","target":["http:\/\/elregionalvm.com.ar\/noticias-villa-maria\/martin-gill-se-encamina-hacia-una-nueva-licencia-por-otros-seis-meses\/"]}]},{"@type":"ImageObject","inLanguage":"es","@id":"http:\/\/elregionalvm.com.ar\/noticias-villa-maria\/martin-gill-se-encamina-hacia-una-nueva-licencia-por-otros-seis-meses\/#primaryimage","url":"https:\/\/i0.wp.com\/elregionalvm.com.ar\/noticias-villa-maria\/wp-content\/uploads\/2020\/07\/Gill-teleconferencia.jpg?fit=1040%2C780&ssl=1","contentUrl":"https:\/\/i0.wp.com\/elregionalvm.com.ar\/noticias-villa-maria\/wp-content\/uploads\/2020\/07\/Gill-teleconferencia.jpg?fit=1040%2C780&ssl=1","width":1040,"height":780},{"@type":"BreadcrumbList","@id":"http:\/\/elregionalvm.com.ar\/noticias-villa-maria\/martin-gill-se-encamina-hacia-una-nueva-licencia-por-otros-seis-meses\/#breadcrumb","itemListElement":[{"@type":"ListItem","position":1,"name":"Portada","item":"https:\/\/elregionalvm.com.ar\/noticias-villa-maria\/"},{"@type":"ListItem","position":2,"name":"Mart\u00edn Gill se encamina hacia una nueva licencia por otros seis meses"}]},{"@type":"WebSite","@id":"http:\/\/elregionalvm.com.ar\/noticias-villa-maria\/#website","url":"http:\/\/elregionalvm.com.ar\/noticias-villa-maria\/","name":"El Regional","description":"Mucho m\u00e1s que informaci\u00f3n","potentialAction":[{"@type":"SearchAction","target":{"@type":"EntryPoint","urlTemplate":"http:\/\/elregionalvm.com.ar\/noticias-villa-maria\/?s={search_term_string}"},"query-input":{"@type":"PropertyValueSpecification","valueRequired":true,"valueName":"search_term_string"}}],"inLanguage":"es"},{"@type":"Person","@id":"http:\/\/elregionalvm.com.ar\/noticias-villa-maria\/#\/schema\/person\/d5e4b04966154131701e52c45d3efec9","name":"Germ\u00e1n Giacchero","image":{"@type":"ImageObject","inLanguage":"es","@id":"http:\/\/elregionalvm.com.ar\/noticias-villa-maria\/#\/schema\/person\/image\/","url":"https:\/\/secure.gravatar.com\/avatar\/fda163ba5ef0307ee5be9846e10f83b6e83d0cfb260d3b2464830318894c6b04?s=96&d=mm&r=g","contentUrl":"https:\/\/secure.gravatar.com\/avatar\/fda163ba5ef0307ee5be9846e10f83b6e83d0cfb260d3b2464830318894c6b04?s=96&d=mm&r=g","caption":"Germ\u00e1n Giacchero"},"url":"https:\/\/elregionalvm.com.ar\/noticias-villa-maria\/author\/germangiacchero\/"}]}},"jetpack_featured_media_url":"https:\/\/i0.wp.com\/elregionalvm.com.ar\/noticias-villa-maria\/wp-content\/uploads\/2020\/07\/Gill-teleconferencia.jpg?fit=1040%2C780&ssl=1","jetpack_sharing_enabled":true,"_links":{"self":[{"href":"https:\/\/elregionalvm.com.ar\/noticias-villa-maria\/wp-json\/wp\/v2\/posts\/39594","targetHints":{"allow":["GET"]}}],"collection":[{"href":"https:\/\/elregionalvm.com.ar\/noticias-villa-maria\/wp-json\/wp\/v2\/posts"}],"about":[{"href":"https:\/\/elregionalvm.com.ar\/noticias-villa-maria\/wp-json\/wp\/v2\/types\/post"}],"author":[{"embeddable":true,"href":"https:\/\/elregionalvm.com.ar\/noticias-villa-maria\/wp-json\/wp\/v2\/users\/6"}],"replies":[{"embeddable":true,"href":"https:\/\/elregionalvm.com.ar\/noticias-villa-maria\/wp-json\/wp\/v2\/comments?post=39594"}],"version-history":[{"count":3,"href":"https:\/\/elregionalvm.com.ar\/noticias-villa-maria\/wp-json\/wp\/v2\/posts\/39594\/revisions"}],"predecessor-version":[{"id":39627,"href":"https:\/\/elregionalvm.com.ar\/noticias-villa-maria\/wp-json\/wp\/v2\/posts\/39594\/revisions\/39627"}],"wp:featuredmedia":[{"embeddable":true,"href":"https:\/\/elregionalvm.com.ar\/noticias-villa-maria\/wp-json\/wp\/v2\/media\/20540"}],"wp:attachment":[{"href":"https:\/\/elregionalvm.com.ar\/noticias-villa-maria\/wp-json\/wp\/v2\/media?parent=39594"}],"wp:term":[{"taxonomy":"category","embeddable":true,"href":"https:\/\/elregionalvm.com.ar\/noticias-villa-maria\/wp-json\/wp\/v2\/categories?post=39594"},{"taxonomy":"post_tag","embeddable":true,"href":"https:\/\/elregionalvm.com.ar\/noticias-villa-maria\/wp-json\/wp\/v2\/tags?post=39594"}],"curies":[{"name":"wp","href":"https:\/\/api.w.org\/{rel}","templated":true}]}}