{"id":39605,"date":"2021-06-17T21:54:38","date_gmt":"2021-06-17T21:54:38","guid":{"rendered":"https:\/\/elregionalvm.com.ar\/noticias-villa-maria\/?p=39605"},"modified":"2021-06-17T21:54:39","modified_gmt":"2021-06-17T21:54:39","slug":"suspenden-la-oim-por-6-meses-vamos-villa-maria-y-el-bloque-escindido-somos-se-impusieron-al-oficialismo","status":"publish","type":"post","link":"https:\/\/elregionalvm.com.ar\/noticias-villa-maria\/suspenden-la-oim-por-6-meses-vamos-villa-maria-y-el-bloque-escindido-somos-se-impusieron-al-oficialismo\/","title":{"rendered":"Suspenden la OIM por 6 meses: Vamos Villa Mar\u00eda y el bloque escindido Somos se impusieron al oficialismo"},"content":{"rendered":"\n<p>Por otra parte, en la Sesi\u00f3n Ordinaria del Deliberante local, que comenz\u00f3 a las 15 horas, concejales aprobaron por mayor\u00eda suspender por el t\u00e9rmino de seis meses, contado a partir de la vigencia de la presente Ordenanza, la aplicaci\u00f3n de lo dispuesto en el T\u00edtulo XIII, Cap\u00edtulo I, Art\u00edculo 220\u00ba de la Ordenanza General Impositiva N\u00ba3.155 y sus modificatorias, a los usuarios comercial e industrial y de servicios.<\/p>\n\n\n\n<p>Dicho proyecto pertenec\u00eda al Bloque Vamos Villa Mar\u00eda y para su aprobaci\u00f3n tuvo el acompa\u00f1amiento del Bloque Escindido Somos, con lo cual el Bloque Vamos Villa Mar\u00eda logr\u00f3 imponerse en la votaci\u00f3n al oficialismo por 7 votos a 5.<\/p>\n\n\n\n<p><em>\u00abLa OIM es una tasa distorsiva. Suspenderla no significa desfinanciar el municipio, ni afectar la prestaci\u00f3n de servicios. Es un acto de equidad . Y en este contexto es, dem\u00e1s, un acto que busca aliviar a nuestros contribuyentes y preservar las fuentes laborales\u00bb<\/em>, destacaron desde Vamos Villa Mar\u00eda.<\/p>\n\n\n\n<figure class=\"wp-block-image size-large\"><img data-recalc-dims=\"1\" fetchpriority=\"high\" decoding=\"async\" width=\"766\" height=\"1024\" src=\"https:\/\/i0.wp.com\/elregionalvm.com.ar\/noticias-villa-maria\/wp-content\/uploads\/2021\/06\/WhatsApp-Image-2021-06-17-at-17.12.12-1.jpeg?resize=766%2C1024&#038;ssl=1\" alt=\"\" class=\"wp-image-39606\" srcset=\"https:\/\/i0.wp.com\/elregionalvm.com.ar\/noticias-villa-maria\/wp-content\/uploads\/2021\/06\/WhatsApp-Image-2021-06-17-at-17.12.12-1.jpeg?resize=766%2C1024&amp;ssl=1 766w, https:\/\/i0.wp.com\/elregionalvm.com.ar\/noticias-villa-maria\/wp-content\/uploads\/2021\/06\/WhatsApp-Image-2021-06-17-at-17.12.12-1.jpeg?resize=225%2C300&amp;ssl=1 225w, https:\/\/i0.wp.com\/elregionalvm.com.ar\/noticias-villa-maria\/wp-content\/uploads\/2021\/06\/WhatsApp-Image-2021-06-17-at-17.12.12-1.jpeg?resize=768%2C1026&amp;ssl=1 768w, https:\/\/i0.wp.com\/elregionalvm.com.ar\/noticias-villa-maria\/wp-content\/uploads\/2021\/06\/WhatsApp-Image-2021-06-17-at-17.12.12-1.jpeg?w=958&amp;ssl=1 958w\" sizes=\"(max-width: 766px) 100vw, 766px\" \/><\/figure>\n\n\n\n<p>En tal sentido, el Municipio deber\u00e1 arbitrar los medios necesarios a los fines de poner en conocimiento a la Empresa Provincial de Energ\u00eda C\u00f3rdoba (EPEC) la presente normativa y sus alcances.<\/p>\n\n\n\n<p>Cabe se\u00f1alar que tambi\u00e9n por mayor\u00eda se autoriz\u00f3 al Departamento Ejecutivo Municipal para otorgue y\/o conceda la exenci\u00f3n del pago del impuesto m\u00ednimo mensual de la Contribuci\u00f3n que incide sobre la Actividad Comercial, Industrial y de Servicios, para el per\u00edodo fiscal del corriente a\u00f1o.<\/p>\n","protected":false},"excerpt":{"rendered":"<p>Por otra parte, en la Sesi\u00f3n Ordinaria del Deliberante local, que comenz\u00f3 a las 15 horas, concejales aprobaron por mayor\u00eda suspender por el t\u00e9rmino de seis meses, contado a partir de la vigencia de la presente Ordenanza, la aplicaci\u00f3n de lo dispuesto en el T\u00edtulo XIII, Cap\u00edtulo I, Art\u00edculo 220\u00ba de la Ordenanza General Impositiva [&hellip;]<\/p>\n","protected":false},"author":4,"featured_media":39607,"comment_status":"open","ping_status":"open","sticky":false,"template":"","format":"standard","meta":{"site-sidebar-layout":"default","site-content-layout":"default","ast-site-content-layout":"default","site-content-style":"default","site-sidebar-style":"default","ast-global-header-display":"","ast-banner-title-visibility":"","ast-main-header-display":"","ast-hfb-above-header-display":"","ast-hfb-below-header-display":"","ast-hfb-mobile-header-display":"","site-post-title":"","ast-breadcrumbs-content":"","ast-featured-img":"","footer-sml-layout":"","ast-disable-related-posts":"","theme-transparent-header-meta":"default","adv-header-id-meta":"","stick-header-meta":"","header-above-stick-meta":"","header-main-stick-meta":"","header-below-stick-meta":"","astra-migrate-meta-layouts":"default","ast-page-background-enabled":"default","ast-page-background-meta":{"desktop":{"background-color":"","background-image":"","background-repeat":"repeat","background-position":"center center","background-size":"auto","background-attachment":"scroll","background-type":"","background-media":"","overlay-type":"","overlay-color":"","overlay-opacity":"","overlay-gradient":""},"tablet":{"background-color":"","background-image":"","background-repeat":"repeat","background-position":"center center","background-size":"auto","background-attachment":"scroll","background-type":"","background-media":"","overlay-type":"","overlay-color":"","overlay-opacity":"","overlay-gradient":""},"mobile":{"background-color":"","background-image":"","background-repeat":"repeat","background-position":"center center","background-size":"auto","background-attachment":"scroll","background-type":"","background-media":"","overlay-type":"","overlay-color":"","overlay-opacity":"","overlay-gradient":""}},"ast-content-background-meta":{"desktop":{"background-color":"var(--ast-global-color-5)","background-image":"","background-repeat":"repeat","background-position":"center center","background-size":"auto","background-attachment":"scroll","background-type":"","background-media":"","overlay-type":"","overlay-color":"","overlay-opacity":"","overlay-gradient":""},"tablet":{"background-color":"var(--ast-global-color-5)","background-image":"","background-repeat":"repeat","background-position":"center center","background-size":"auto","background-attachment":"scroll","background-type":"","background-media":"","overlay-type":"","overlay-color":"","overlay-opacity":"","overlay-gradient":""},"mobile":{"background-color":"var(--ast-global-color-5)","background-image":"","background-repeat":"repeat","background-position":"center center","background-size":"auto","background-attachment":"scroll","background-type":"","background-media":"","overlay-type":"","overlay-color":"","overlay-opacity":"","overlay-gradient":""}},"_jetpack_memberships_contains_paid_content":false,"_joinchat":[],"footnotes":""},"categories":[2089,2],"tags":[9618,8323,1597,1232,2859,9617,2248],"class_list":["post-39605","post","type-post","status-publish","format-standard","has-post-thumbnail","hentry","category-politica","category-villa-maria","tag-7-votos-contra-5-del-oficialismo","tag-articulo-ordenanza-general-impositiva","tag-concejo-deliberante","tag-destacado","tag-oim","tag-somos-y-vamos-villa-maria","tag-villa-maria-2"],"yoast_head":"<!-- This site is optimized with the Yoast SEO plugin v26.8 - https:\/\/yoast.com\/product\/yoast-seo-wordpress\/ -->\n<title>Suspenden la OIM por 6 meses: Vamos Villa Mar\u00eda y el bloque escindido Somos se impusieron al oficialismo - El Regional<\/title>\n<meta name=\"robots\" content=\"index, follow, max-snippet:-1, max-image-preview:large, max-video-preview:-1\" \/>\n<link rel=\"canonical\" href=\"http:\/\/elregionalvm.com.ar\/noticias-villa-maria\/suspenden-la-oim-por-6-meses-vamos-villa-maria-y-el-bloque-escindido-somos-se-impusieron-al-oficialismo\/\" \/>\n<meta property=\"og:locale\" content=\"es_ES\" \/>\n<meta property=\"og:type\" content=\"article\" \/>\n<meta property=\"og:title\" content=\"Suspenden la OIM por 6 meses: Vamos Villa Mar\u00eda y el bloque escindido Somos se impusieron al oficialismo - El Regional\" \/>\n<meta property=\"og:description\" content=\"Por otra parte, en la Sesi\u00f3n Ordinaria del Deliberante local, que comenz\u00f3 a las 15 horas, concejales aprobaron por mayor\u00eda suspender por el t\u00e9rmino de seis meses, contado a partir de la vigencia de la presente Ordenanza, la aplicaci\u00f3n de lo dispuesto en el T\u00edtulo XIII, Cap\u00edtulo I, Art\u00edculo 220\u00ba de la Ordenanza General Impositiva [&hellip;]\" \/>\n<meta property=\"og:url\" content=\"http:\/\/elregionalvm.com.ar\/noticias-villa-maria\/suspenden-la-oim-por-6-meses-vamos-villa-maria-y-el-bloque-escindido-somos-se-impusieron-al-oficialismo\/\" \/>\n<meta property=\"og:site_name\" content=\"El Regional\" \/>\n<meta property=\"article:publisher\" content=\"https:\/\/www.facebook.com\/elregionalvm\" \/>\n<meta property=\"article:published_time\" content=\"2021-06-17T21:54:38+00:00\" \/>\n<meta property=\"article:modified_time\" content=\"2021-06-17T21:54:39+00:00\" \/>\n<meta property=\"og:image\" content=\"http:\/\/elregionalvm.com.ar\/noticias-villa-maria\/wp-content\/uploads\/2021\/06\/concejo-villa-maria-sesion.jpg\" \/>\n\t<meta property=\"og:image:width\" content=\"660\" \/>\n\t<meta property=\"og:image:height\" content=\"330\" \/>\n\t<meta property=\"og:image:type\" content=\"image\/jpeg\" \/>\n<meta name=\"author\" content=\"Contenidos El Regional\" \/>\n<meta name=\"twitter:card\" content=\"summary_large_image\" \/>\n<meta name=\"twitter:creator\" content=\"@elregionalvm1\" \/>\n<meta name=\"twitter:site\" content=\"@elregionalvm1\" \/>\n<meta name=\"twitter:label1\" content=\"Escrito por\" \/>\n\t<meta name=\"twitter:data1\" content=\"Contenidos El Regional\" \/>\n\t<meta name=\"twitter:label2\" content=\"Tiempo de lectura\" \/>\n\t<meta name=\"twitter:data2\" content=\"2 minutos\" \/>\n<script type=\"application\/ld+json\" class=\"yoast-schema-graph\">{\"@context\":\"https:\/\/schema.org\",\"@graph\":[{\"@type\":\"Article\",\"@id\":\"http:\/\/elregionalvm.com.ar\/noticias-villa-maria\/suspenden-la-oim-por-6-meses-vamos-villa-maria-y-el-bloque-escindido-somos-se-impusieron-al-oficialismo\/#article\",\"isPartOf\":{\"@id\":\"http:\/\/elregionalvm.com.ar\/noticias-villa-maria\/suspenden-la-oim-por-6-meses-vamos-villa-maria-y-el-bloque-escindido-somos-se-impusieron-al-oficialismo\/\"},\"author\":{\"name\":\"Contenidos El Regional\",\"@id\":\"http:\/\/elregionalvm.com.ar\/noticias-villa-maria\/#\/schema\/person\/a0fb9c422317faca23d50163151bc354\"},\"headline\":\"Suspenden la OIM por 6 meses: Vamos Villa Mar\u00eda y el bloque escindido Somos se impusieron al oficialismo\",\"datePublished\":\"2021-06-17T21:54:38+00:00\",\"dateModified\":\"2021-06-17T21:54:39+00:00\",\"mainEntityOfPage\":{\"@id\":\"http:\/\/elregionalvm.com.ar\/noticias-villa-maria\/suspenden-la-oim-por-6-meses-vamos-villa-maria-y-el-bloque-escindido-somos-se-impusieron-al-oficialismo\/\"},\"wordCount\":270,\"commentCount\":0,\"image\":{\"@id\":\"http:\/\/elregionalvm.com.ar\/noticias-villa-maria\/suspenden-la-oim-por-6-meses-vamos-villa-maria-y-el-bloque-escindido-somos-se-impusieron-al-oficialismo\/#primaryimage\"},\"thumbnailUrl\":\"https:\/\/i0.wp.com\/elregionalvm.com.ar\/noticias-villa-maria\/wp-content\/uploads\/2021\/06\/concejo-villa-maria-sesion.jpg?fit=660%2C330&ssl=1\",\"keywords\":[\"7 votos contra 5 del oficialismo\",\"art\u00edculo Ordenanza General Impositiva\",\"Concejo Deliberante\",\"destacado\",\"OIM\",\"Somos y Vamos Villa Mar\u00eda\",\"Villa Mar\u00eda\"],\"articleSection\":[\"Pol\u00edtica\",\"Villa Mar\u00eda\"],\"inLanguage\":\"es\",\"potentialAction\":[{\"@type\":\"CommentAction\",\"name\":\"Comment\",\"target\":[\"http:\/\/elregionalvm.com.ar\/noticias-villa-maria\/suspenden-la-oim-por-6-meses-vamos-villa-maria-y-el-bloque-escindido-somos-se-impusieron-al-oficialismo\/#respond\"]}]},{\"@type\":\"WebPage\",\"@id\":\"http:\/\/elregionalvm.com.ar\/noticias-villa-maria\/suspenden-la-oim-por-6-meses-vamos-villa-maria-y-el-bloque-escindido-somos-se-impusieron-al-oficialismo\/\",\"url\":\"http:\/\/elregionalvm.com.ar\/noticias-villa-maria\/suspenden-la-oim-por-6-meses-vamos-villa-maria-y-el-bloque-escindido-somos-se-impusieron-al-oficialismo\/\",\"name\":\"Suspenden la OIM por 6 meses: Vamos Villa Mar\u00eda y el bloque escindido Somos se impusieron al oficialismo - El Regional\",\"isPartOf\":{\"@id\":\"http:\/\/elregionalvm.com.ar\/noticias-villa-maria\/#website\"},\"primaryImageOfPage\":{\"@id\":\"http:\/\/elregionalvm.com.ar\/noticias-villa-maria\/suspenden-la-oim-por-6-meses-vamos-villa-maria-y-el-bloque-escindido-somos-se-impusieron-al-oficialismo\/#primaryimage\"},\"image\":{\"@id\":\"http:\/\/elregionalvm.com.ar\/noticias-villa-maria\/suspenden-la-oim-por-6-meses-vamos-villa-maria-y-el-bloque-escindido-somos-se-impusieron-al-oficialismo\/#primaryimage\"},\"thumbnailUrl\":\"https:\/\/i0.wp.com\/elregionalvm.com.ar\/noticias-villa-maria\/wp-content\/uploads\/2021\/06\/concejo-villa-maria-sesion.jpg?fit=660%2C330&ssl=1\",\"datePublished\":\"2021-06-17T21:54:38+00:00\",\"dateModified\":\"2021-06-17T21:54:39+00:00\",\"author\":{\"@id\":\"http:\/\/elregionalvm.com.ar\/noticias-villa-maria\/#\/schema\/person\/a0fb9c422317faca23d50163151bc354\"},\"breadcrumb\":{\"@id\":\"http:\/\/elregionalvm.com.ar\/noticias-villa-maria\/suspenden-la-oim-por-6-meses-vamos-villa-maria-y-el-bloque-escindido-somos-se-impusieron-al-oficialismo\/#breadcrumb\"},\"inLanguage\":\"es\",\"potentialAction\":[{\"@type\":\"ReadAction\",\"target\":[\"http:\/\/elregionalvm.com.ar\/noticias-villa-maria\/suspenden-la-oim-por-6-meses-vamos-villa-maria-y-el-bloque-escindido-somos-se-impusieron-al-oficialismo\/\"]}]},{\"@type\":\"ImageObject\",\"inLanguage\":\"es\",\"@id\":\"http:\/\/elregionalvm.com.ar\/noticias-villa-maria\/suspenden-la-oim-por-6-meses-vamos-villa-maria-y-el-bloque-escindido-somos-se-impusieron-al-oficialismo\/#primaryimage\",\"url\":\"https:\/\/i0.wp.com\/elregionalvm.com.ar\/noticias-villa-maria\/wp-content\/uploads\/2021\/06\/concejo-villa-maria-sesion.jpg?fit=660%2C330&ssl=1\",\"contentUrl\":\"https:\/\/i0.wp.com\/elregionalvm.com.ar\/noticias-villa-maria\/wp-content\/uploads\/2021\/06\/concejo-villa-maria-sesion.jpg?fit=660%2C330&ssl=1\",\"width\":660,\"height\":330},{\"@type\":\"BreadcrumbList\",\"@id\":\"http:\/\/elregionalvm.com.ar\/noticias-villa-maria\/suspenden-la-oim-por-6-meses-vamos-villa-maria-y-el-bloque-escindido-somos-se-impusieron-al-oficialismo\/#breadcrumb\",\"itemListElement\":[{\"@type\":\"ListItem\",\"position\":1,\"name\":\"Portada\",\"item\":\"https:\/\/elregionalvm.com.ar\/noticias-villa-maria\/\"},{\"@type\":\"ListItem\",\"position\":2,\"name\":\"Suspenden la OIM por 6 meses: Vamos Villa Mar\u00eda y el bloque escindido Somos se impusieron al oficialismo\"}]},{\"@type\":\"WebSite\",\"@id\":\"http:\/\/elregionalvm.com.ar\/noticias-villa-maria\/#website\",\"url\":\"http:\/\/elregionalvm.com.ar\/noticias-villa-maria\/\",\"name\":\"El Regional\",\"description\":\"Mucho m\u00e1s que informaci\u00f3n\",\"potentialAction\":[{\"@type\":\"SearchAction\",\"target\":{\"@type\":\"EntryPoint\",\"urlTemplate\":\"http:\/\/elregionalvm.com.ar\/noticias-villa-maria\/?s={search_term_string}\"},\"query-input\":{\"@type\":\"PropertyValueSpecification\",\"valueRequired\":true,\"valueName\":\"search_term_string\"}}],\"inLanguage\":\"es\"},{\"@type\":\"Person\",\"@id\":\"http:\/\/elregionalvm.com.ar\/noticias-villa-maria\/#\/schema\/person\/a0fb9c422317faca23d50163151bc354\",\"name\":\"Contenidos El Regional\",\"image\":{\"@type\":\"ImageObject\",\"inLanguage\":\"es\",\"@id\":\"http:\/\/elregionalvm.com.ar\/noticias-villa-maria\/#\/schema\/person\/image\/\",\"url\":\"https:\/\/secure.gravatar.com\/avatar\/265b27cb2209af7bb3a1318f03305787d7981a5cc6e6cd08fe5a4ecdf99d4b48?s=96&d=mm&r=g\",\"contentUrl\":\"https:\/\/secure.gravatar.com\/avatar\/265b27cb2209af7bb3a1318f03305787d7981a5cc6e6cd08fe5a4ecdf99d4b48?s=96&d=mm&r=g\",\"caption\":\"Contenidos El Regional\"},\"url\":\"https:\/\/elregionalvm.com.ar\/noticias-villa-maria\/author\/contenido\/\"}]}<\/script>\n<!-- \/ Yoast SEO plugin. -->","yoast_head_json":{"title":"Suspenden la OIM por 6 meses: Vamos Villa Mar\u00eda y el bloque escindido Somos se impusieron al oficialismo - El Regional","robots":{"index":"index","follow":"follow","max-snippet":"max-snippet:-1","max-image-preview":"max-image-preview:large","max-video-preview":"max-video-preview:-1"},"canonical":"http:\/\/elregionalvm.com.ar\/noticias-villa-maria\/suspenden-la-oim-por-6-meses-vamos-villa-maria-y-el-bloque-escindido-somos-se-impusieron-al-oficialismo\/","og_locale":"es_ES","og_type":"article","og_title":"Suspenden la OIM por 6 meses: Vamos Villa Mar\u00eda y el bloque escindido Somos se impusieron al oficialismo - El Regional","og_description":"Por otra parte, en la Sesi\u00f3n Ordinaria del Deliberante local, que comenz\u00f3 a las 15 horas, concejales aprobaron por mayor\u00eda suspender por el t\u00e9rmino de seis meses, contado a partir de la vigencia de la presente Ordenanza, la aplicaci\u00f3n de lo dispuesto en el T\u00edtulo XIII, Cap\u00edtulo I, Art\u00edculo 220\u00ba de la Ordenanza General Impositiva [&hellip;]","og_url":"http:\/\/elregionalvm.com.ar\/noticias-villa-maria\/suspenden-la-oim-por-6-meses-vamos-villa-maria-y-el-bloque-escindido-somos-se-impusieron-al-oficialismo\/","og_site_name":"El Regional","article_publisher":"https:\/\/www.facebook.com\/elregionalvm","article_published_time":"2021-06-17T21:54:38+00:00","article_modified_time":"2021-06-17T21:54:39+00:00","og_image":[{"width":660,"height":330,"url":"http:\/\/elregionalvm.com.ar\/noticias-villa-maria\/wp-content\/uploads\/2021\/06\/concejo-villa-maria-sesion.jpg","type":"image\/jpeg"}],"author":"Contenidos El Regional","twitter_card":"summary_large_image","twitter_creator":"@elregionalvm1","twitter_site":"@elregionalvm1","twitter_misc":{"Escrito por":"Contenidos El Regional","Tiempo de lectura":"2 minutos"},"schema":{"@context":"https:\/\/schema.org","@graph":[{"@type":"Article","@id":"http:\/\/elregionalvm.com.ar\/noticias-villa-maria\/suspenden-la-oim-por-6-meses-vamos-villa-maria-y-el-bloque-escindido-somos-se-impusieron-al-oficialismo\/#article","isPartOf":{"@id":"http:\/\/elregionalvm.com.ar\/noticias-villa-maria\/suspenden-la-oim-por-6-meses-vamos-villa-maria-y-el-bloque-escindido-somos-se-impusieron-al-oficialismo\/"},"author":{"name":"Contenidos El Regional","@id":"http:\/\/elregionalvm.com.ar\/noticias-villa-maria\/#\/schema\/person\/a0fb9c422317faca23d50163151bc354"},"headline":"Suspenden la OIM por 6 meses: Vamos Villa Mar\u00eda y el bloque escindido Somos se impusieron al oficialismo","datePublished":"2021-06-17T21:54:38+00:00","dateModified":"2021-06-17T21:54:39+00:00","mainEntityOfPage":{"@id":"http:\/\/elregionalvm.com.ar\/noticias-villa-maria\/suspenden-la-oim-por-6-meses-vamos-villa-maria-y-el-bloque-escindido-somos-se-impusieron-al-oficialismo\/"},"wordCount":270,"commentCount":0,"image":{"@id":"http:\/\/elregionalvm.com.ar\/noticias-villa-maria\/suspenden-la-oim-por-6-meses-vamos-villa-maria-y-el-bloque-escindido-somos-se-impusieron-al-oficialismo\/#primaryimage"},"thumbnailUrl":"https:\/\/i0.wp.com\/elregionalvm.com.ar\/noticias-villa-maria\/wp-content\/uploads\/2021\/06\/concejo-villa-maria-sesion.jpg?fit=660%2C330&ssl=1","keywords":["7 votos contra 5 del oficialismo","art\u00edculo Ordenanza General Impositiva","Concejo Deliberante","destacado","OIM","Somos y Vamos Villa Mar\u00eda","Villa Mar\u00eda"],"articleSection":["Pol\u00edtica","Villa Mar\u00eda"],"inLanguage":"es","potentialAction":[{"@type":"CommentAction","name":"Comment","target":["http:\/\/elregionalvm.com.ar\/noticias-villa-maria\/suspenden-la-oim-por-6-meses-vamos-villa-maria-y-el-bloque-escindido-somos-se-impusieron-al-oficialismo\/#respond"]}]},{"@type":"WebPage","@id":"http:\/\/elregionalvm.com.ar\/noticias-villa-maria\/suspenden-la-oim-por-6-meses-vamos-villa-maria-y-el-bloque-escindido-somos-se-impusieron-al-oficialismo\/","url":"http:\/\/elregionalvm.com.ar\/noticias-villa-maria\/suspenden-la-oim-por-6-meses-vamos-villa-maria-y-el-bloque-escindido-somos-se-impusieron-al-oficialismo\/","name":"Suspenden la OIM por 6 meses: Vamos Villa Mar\u00eda y el bloque escindido Somos se impusieron al oficialismo - El Regional","isPartOf":{"@id":"http:\/\/elregionalvm.com.ar\/noticias-villa-maria\/#website"},"primaryImageOfPage":{"@id":"http:\/\/elregionalvm.com.ar\/noticias-villa-maria\/suspenden-la-oim-por-6-meses-vamos-villa-maria-y-el-bloque-escindido-somos-se-impusieron-al-oficialismo\/#primaryimage"},"image":{"@id":"http:\/\/elregionalvm.com.ar\/noticias-villa-maria\/suspenden-la-oim-por-6-meses-vamos-villa-maria-y-el-bloque-escindido-somos-se-impusieron-al-oficialismo\/#primaryimage"},"thumbnailUrl":"https:\/\/i0.wp.com\/elregionalvm.com.ar\/noticias-villa-maria\/wp-content\/uploads\/2021\/06\/concejo-villa-maria-sesion.jpg?fit=660%2C330&ssl=1","datePublished":"2021-06-17T21:54:38+00:00","dateModified":"2021-06-17T21:54:39+00:00","author":{"@id":"http:\/\/elregionalvm.com.ar\/noticias-villa-maria\/#\/schema\/person\/a0fb9c422317faca23d50163151bc354"},"breadcrumb":{"@id":"http:\/\/elregionalvm.com.ar\/noticias-villa-maria\/suspenden-la-oim-por-6-meses-vamos-villa-maria-y-el-bloque-escindido-somos-se-impusieron-al-oficialismo\/#breadcrumb"},"inLanguage":"es","potentialAction":[{"@type":"ReadAction","target":["http:\/\/elregionalvm.com.ar\/noticias-villa-maria\/suspenden-la-oim-por-6-meses-vamos-villa-maria-y-el-bloque-escindido-somos-se-impusieron-al-oficialismo\/"]}]},{"@type":"ImageObject","inLanguage":"es","@id":"http:\/\/elregionalvm.com.ar\/noticias-villa-maria\/suspenden-la-oim-por-6-meses-vamos-villa-maria-y-el-bloque-escindido-somos-se-impusieron-al-oficialismo\/#primaryimage","url":"https:\/\/i0.wp.com\/elregionalvm.com.ar\/noticias-villa-maria\/wp-content\/uploads\/2021\/06\/concejo-villa-maria-sesion.jpg?fit=660%2C330&ssl=1","contentUrl":"https:\/\/i0.wp.com\/elregionalvm.com.ar\/noticias-villa-maria\/wp-content\/uploads\/2021\/06\/concejo-villa-maria-sesion.jpg?fit=660%2C330&ssl=1","width":660,"height":330},{"@type":"BreadcrumbList","@id":"http:\/\/elregionalvm.com.ar\/noticias-villa-maria\/suspenden-la-oim-por-6-meses-vamos-villa-maria-y-el-bloque-escindido-somos-se-impusieron-al-oficialismo\/#breadcrumb","itemListElement":[{"@type":"ListItem","position":1,"name":"Portada","item":"https:\/\/elregionalvm.com.ar\/noticias-villa-maria\/"},{"@type":"ListItem","position":2,"name":"Suspenden la OIM por 6 meses: Vamos Villa Mar\u00eda y el bloque escindido Somos se impusieron al oficialismo"}]},{"@type":"WebSite","@id":"http:\/\/elregionalvm.com.ar\/noticias-villa-maria\/#website","url":"http:\/\/elregionalvm.com.ar\/noticias-villa-maria\/","name":"El Regional","description":"Mucho m\u00e1s que informaci\u00f3n","potentialAction":[{"@type":"SearchAction","target":{"@type":"EntryPoint","urlTemplate":"http:\/\/elregionalvm.com.ar\/noticias-villa-maria\/?s={search_term_string}"},"query-input":{"@type":"PropertyValueSpecification","valueRequired":true,"valueName":"search_term_string"}}],"inLanguage":"es"},{"@type":"Person","@id":"http:\/\/elregionalvm.com.ar\/noticias-villa-maria\/#\/schema\/person\/a0fb9c422317faca23d50163151bc354","name":"Contenidos El Regional","image":{"@type":"ImageObject","inLanguage":"es","@id":"http:\/\/elregionalvm.com.ar\/noticias-villa-maria\/#\/schema\/person\/image\/","url":"https:\/\/secure.gravatar.com\/avatar\/265b27cb2209af7bb3a1318f03305787d7981a5cc6e6cd08fe5a4ecdf99d4b48?s=96&d=mm&r=g","contentUrl":"https:\/\/secure.gravatar.com\/avatar\/265b27cb2209af7bb3a1318f03305787d7981a5cc6e6cd08fe5a4ecdf99d4b48?s=96&d=mm&r=g","caption":"Contenidos El Regional"},"url":"https:\/\/elregionalvm.com.ar\/noticias-villa-maria\/author\/contenido\/"}]}},"jetpack_featured_media_url":"https:\/\/i0.wp.com\/elregionalvm.com.ar\/noticias-villa-maria\/wp-content\/uploads\/2021\/06\/concejo-villa-maria-sesion.jpg?fit=660%2C330&ssl=1","jetpack_sharing_enabled":true,"_links":{"self":[{"href":"https:\/\/elregionalvm.com.ar\/noticias-villa-maria\/wp-json\/wp\/v2\/posts\/39605","targetHints":{"allow":["GET"]}}],"collection":[{"href":"https:\/\/elregionalvm.com.ar\/noticias-villa-maria\/wp-json\/wp\/v2\/posts"}],"about":[{"href":"https:\/\/elregionalvm.com.ar\/noticias-villa-maria\/wp-json\/wp\/v2\/types\/post"}],"author":[{"embeddable":true,"href":"https:\/\/elregionalvm.com.ar\/noticias-villa-maria\/wp-json\/wp\/v2\/users\/4"}],"replies":[{"embeddable":true,"href":"https:\/\/elregionalvm.com.ar\/noticias-villa-maria\/wp-json\/wp\/v2\/comments?post=39605"}],"version-history":[{"count":1,"href":"https:\/\/elregionalvm.com.ar\/noticias-villa-maria\/wp-json\/wp\/v2\/posts\/39605\/revisions"}],"predecessor-version":[{"id":39608,"href":"https:\/\/elregionalvm.com.ar\/noticias-villa-maria\/wp-json\/wp\/v2\/posts\/39605\/revisions\/39608"}],"wp:featuredmedia":[{"embeddable":true,"href":"https:\/\/elregionalvm.com.ar\/noticias-villa-maria\/wp-json\/wp\/v2\/media\/39607"}],"wp:attachment":[{"href":"https:\/\/elregionalvm.com.ar\/noticias-villa-maria\/wp-json\/wp\/v2\/media?parent=39605"}],"wp:term":[{"taxonomy":"category","embeddable":true,"href":"https:\/\/elregionalvm.com.ar\/noticias-villa-maria\/wp-json\/wp\/v2\/categories?post=39605"},{"taxonomy":"post_tag","embeddable":true,"href":"https:\/\/elregionalvm.com.ar\/noticias-villa-maria\/wp-json\/wp\/v2\/tags?post=39605"}],"curies":[{"name":"wp","href":"https:\/\/api.w.org\/{rel}","templated":true}]}}