{"id":40182,"date":"2021-06-29T00:15:40","date_gmt":"2021-06-29T00:15:40","guid":{"rendered":"https:\/\/elregionalvm.com.ar\/noticias-villa-maria\/?p=40182"},"modified":"2021-06-29T00:15:41","modified_gmt":"2021-06-29T00:15:41","slug":"tecnoteca-horacio-tignanelli-experto-en-educacion-de-la-astronomia-brindara-una-interesante-charla","status":"publish","type":"post","link":"https:\/\/elregionalvm.com.ar\/noticias-villa-maria\/tecnoteca-horacio-tignanelli-experto-en-educacion-de-la-astronomia-brindara-una-interesante-charla\/","title":{"rendered":"Tecnoteca: Horacio Tignanelli, experto en Educaci\u00f3n de la Astronom\u00eda, brindar\u00e1 una interesante charla"},"content":{"rendered":"\n<p>La Tecnoteca, dependiente de la Secretar\u00eda de Educaci\u00f3n, Cultura y Promoci\u00f3n de la Ciencia del municipio, viene llevando adelante diversas actividades en el marco de su 10\u00ba aniversario. En esta oportunidad, vecinos y vecinas podr\u00e1n formar parte de una nueva propuesta astron\u00f3mica a cargo del reconocido especialista en la materia, Horacio Tignanelli.<\/p>\n\n\n\n<p>La iniciativa titulada Sucesos Maravillosos, se encuentra destinada a toda la comunidad y tendr\u00e1 lugar el pr\u00f3ximo jueves 1 de julio bajo modalidad virtual. De este modo, la charla tiene por objetivo brindar detalles de los hitos para la construcci\u00f3n de una historia posible de la astronom\u00eda.<\/p>\n\n\n\n<p>Cabe destacar que Tignanelli, es experto en educaci\u00f3n de la Astronom\u00eda para todos los niveles educativos, al mismo tiempo que forma parte de la Liga Iberoamericana de esta ciencia. En tanto, el encuentro brindar\u00e1 a los participantes una gran oportunidad de formaci\u00f3n y adquisici\u00f3n de conocimientos al respecto, de la mano del prestigioso disertante.<\/p>\n\n\n\n<p>De esta manera, quienes deseen sumarse a la actividad, podr\u00e1n hacerlo mediante la fanpage de Facebook de Tecnoteca. A trav\u00e9s de la plataforma, ser\u00e1 transmitido el evento que dar\u00e1 comienzo a las 19:30 horas en Argentina, cuyo acceso se encontrar\u00e1 disponible para hacerlo desde otros pa\u00edses de Latinoam\u00e9rica simult\u00e1neamente.<\/p>\n","protected":false},"excerpt":{"rendered":"<p>La Tecnoteca, dependiente de la Secretar\u00eda de Educaci\u00f3n, Cultura y Promoci\u00f3n de la Ciencia del municipio, viene llevando adelante diversas actividades en el marco de su 10\u00ba aniversario. En esta oportunidad, vecinos y vecinas podr\u00e1n formar parte de una nueva propuesta astron\u00f3mica a cargo del reconocido especialista en la materia, Horacio Tignanelli. La iniciativa titulada [&hellip;]<\/p>\n","protected":false},"author":4,"featured_media":40183,"comment_status":"open","ping_status":"open","sticky":false,"template":"","format":"standard","meta":{"site-sidebar-layout":"default","site-content-layout":"default","ast-site-content-layout":"default","site-content-style":"default","site-sidebar-style":"default","ast-global-header-display":"","ast-banner-title-visibility":"","ast-main-header-display":"","ast-hfb-above-header-display":"","ast-hfb-below-header-display":"","ast-hfb-mobile-header-display":"","site-post-title":"","ast-breadcrumbs-content":"","ast-featured-img":"","footer-sml-layout":"","ast-disable-related-posts":"","theme-transparent-header-meta":"default","adv-header-id-meta":"","stick-header-meta":"","header-above-stick-meta":"","header-main-stick-meta":"","header-below-stick-meta":"","astra-migrate-meta-layouts":"default","ast-page-background-enabled":"default","ast-page-background-meta":{"desktop":{"background-color":"","background-image":"","background-repeat":"repeat","background-position":"center center","background-size":"auto","background-attachment":"scroll","background-type":"","background-media":"","overlay-type":"","overlay-color":"","overlay-opacity":"","overlay-gradient":""},"tablet":{"background-color":"","background-image":"","background-repeat":"repeat","background-position":"center center","background-size":"auto","background-attachment":"scroll","background-type":"","background-media":"","overlay-type":"","overlay-color":"","overlay-opacity":"","overlay-gradient":""},"mobile":{"background-color":"","background-image":"","background-repeat":"repeat","background-position":"center center","background-size":"auto","background-attachment":"scroll","background-type":"","background-media":"","overlay-type":"","overlay-color":"","overlay-opacity":"","overlay-gradient":""}},"ast-content-background-meta":{"desktop":{"background-color":"var(--ast-global-color-5)","background-image":"","background-repeat":"repeat","background-position":"center center","background-size":"auto","background-attachment":"scroll","background-type":"","background-media":"","overlay-type":"","overlay-color":"","overlay-opacity":"","overlay-gradient":""},"tablet":{"background-color":"var(--ast-global-color-5)","background-image":"","background-repeat":"repeat","background-position":"center center","background-size":"auto","background-attachment":"scroll","background-type":"","background-media":"","overlay-type":"","overlay-color":"","overlay-opacity":"","overlay-gradient":""},"mobile":{"background-color":"var(--ast-global-color-5)","background-image":"","background-repeat":"repeat","background-position":"center center","background-size":"auto","background-attachment":"scroll","background-type":"","background-media":"","overlay-type":"","overlay-color":"","overlay-opacity":"","overlay-gradient":""}},"_jetpack_memberships_contains_paid_content":false,"_joinchat":[],"footnotes":""},"categories":[2068,1],"tags":[4165,9792,9793,3352],"class_list":["post-40182","post","type-post","status-publish","format-standard","has-post-thumbnail","hentry","category-cultura-deporte","category-sin-categoria","tag-charla","tag-decimo-aniversario","tag-educacion-de-la-astronomia","tag-tecnoteca"],"yoast_head":"<!-- This site is optimized with the Yoast SEO plugin v26.8 - https:\/\/yoast.com\/product\/yoast-seo-wordpress\/ -->\n<title>Tecnoteca: Horacio Tignanelli, experto en Educaci\u00f3n de la Astronom\u00eda, brindar\u00e1 una interesante charla - El Regional<\/title>\n<meta name=\"robots\" content=\"index, follow, max-snippet:-1, max-image-preview:large, max-video-preview:-1\" \/>\n<link rel=\"canonical\" href=\"http:\/\/elregionalvm.com.ar\/noticias-villa-maria\/tecnoteca-horacio-tignanelli-experto-en-educacion-de-la-astronomia-brindara-una-interesante-charla\/\" \/>\n<meta property=\"og:locale\" content=\"es_ES\" \/>\n<meta property=\"og:type\" content=\"article\" \/>\n<meta property=\"og:title\" content=\"Tecnoteca: Horacio Tignanelli, experto en Educaci\u00f3n de la Astronom\u00eda, brindar\u00e1 una interesante charla - El Regional\" \/>\n<meta property=\"og:description\" content=\"La Tecnoteca, dependiente de la Secretar\u00eda de Educaci\u00f3n, Cultura y Promoci\u00f3n de la Ciencia del municipio, viene llevando adelante diversas actividades en el marco de su 10\u00ba aniversario. En esta oportunidad, vecinos y vecinas podr\u00e1n formar parte de una nueva propuesta astron\u00f3mica a cargo del reconocido especialista en la materia, Horacio Tignanelli. La iniciativa titulada [&hellip;]\" \/>\n<meta property=\"og:url\" content=\"http:\/\/elregionalvm.com.ar\/noticias-villa-maria\/tecnoteca-horacio-tignanelli-experto-en-educacion-de-la-astronomia-brindara-una-interesante-charla\/\" \/>\n<meta property=\"og:site_name\" content=\"El Regional\" \/>\n<meta property=\"article:publisher\" content=\"https:\/\/www.facebook.com\/elregionalvm\" \/>\n<meta property=\"article:published_time\" content=\"2021-06-29T00:15:40+00:00\" \/>\n<meta property=\"article:modified_time\" content=\"2021-06-29T00:15:41+00:00\" \/>\n<meta property=\"og:image\" content=\"http:\/\/elregionalvm.com.ar\/noticias-villa-maria\/wp-content\/uploads\/2021\/06\/astronomia-horacio.png\" \/>\n\t<meta property=\"og:image:width\" content=\"760\" \/>\n\t<meta property=\"og:image:height\" content=\"477\" \/>\n\t<meta property=\"og:image:type\" content=\"image\/png\" \/>\n<meta name=\"author\" content=\"Contenidos El Regional\" \/>\n<meta name=\"twitter:card\" content=\"summary_large_image\" \/>\n<meta name=\"twitter:creator\" content=\"@elregionalvm1\" \/>\n<meta name=\"twitter:site\" content=\"@elregionalvm1\" \/>\n<meta name=\"twitter:label1\" content=\"Escrito por\" \/>\n\t<meta name=\"twitter:data1\" content=\"Contenidos El Regional\" \/>\n\t<meta name=\"twitter:label2\" content=\"Tiempo de lectura\" \/>\n\t<meta name=\"twitter:data2\" content=\"1 minuto\" \/>\n<script type=\"application\/ld+json\" class=\"yoast-schema-graph\">{\"@context\":\"https:\/\/schema.org\",\"@graph\":[{\"@type\":\"Article\",\"@id\":\"http:\/\/elregionalvm.com.ar\/noticias-villa-maria\/tecnoteca-horacio-tignanelli-experto-en-educacion-de-la-astronomia-brindara-una-interesante-charla\/#article\",\"isPartOf\":{\"@id\":\"http:\/\/elregionalvm.com.ar\/noticias-villa-maria\/tecnoteca-horacio-tignanelli-experto-en-educacion-de-la-astronomia-brindara-una-interesante-charla\/\"},\"author\":{\"name\":\"Contenidos El Regional\",\"@id\":\"http:\/\/elregionalvm.com.ar\/noticias-villa-maria\/#\/schema\/person\/a0fb9c422317faca23d50163151bc354\"},\"headline\":\"Tecnoteca: Horacio Tignanelli, experto en Educaci\u00f3n de la Astronom\u00eda, brindar\u00e1 una interesante charla\",\"datePublished\":\"2021-06-29T00:15:40+00:00\",\"dateModified\":\"2021-06-29T00:15:41+00:00\",\"mainEntityOfPage\":{\"@id\":\"http:\/\/elregionalvm.com.ar\/noticias-villa-maria\/tecnoteca-horacio-tignanelli-experto-en-educacion-de-la-astronomia-brindara-una-interesante-charla\/\"},\"wordCount\":231,\"commentCount\":0,\"image\":{\"@id\":\"http:\/\/elregionalvm.com.ar\/noticias-villa-maria\/tecnoteca-horacio-tignanelli-experto-en-educacion-de-la-astronomia-brindara-una-interesante-charla\/#primaryimage\"},\"thumbnailUrl\":\"https:\/\/i0.wp.com\/elregionalvm.com.ar\/noticias-villa-maria\/wp-content\/uploads\/2021\/06\/astronomia-horacio.png?fit=760%2C477&ssl=1\",\"keywords\":[\"charla\",\"d\u00e9cimo aniversario\",\"Educaci\u00f3n de la Astronom\u00eda\",\"Tecnoteca\"],\"articleSection\":[\"Cultura\"],\"inLanguage\":\"es\",\"potentialAction\":[{\"@type\":\"CommentAction\",\"name\":\"Comment\",\"target\":[\"http:\/\/elregionalvm.com.ar\/noticias-villa-maria\/tecnoteca-horacio-tignanelli-experto-en-educacion-de-la-astronomia-brindara-una-interesante-charla\/#respond\"]}]},{\"@type\":\"WebPage\",\"@id\":\"http:\/\/elregionalvm.com.ar\/noticias-villa-maria\/tecnoteca-horacio-tignanelli-experto-en-educacion-de-la-astronomia-brindara-una-interesante-charla\/\",\"url\":\"http:\/\/elregionalvm.com.ar\/noticias-villa-maria\/tecnoteca-horacio-tignanelli-experto-en-educacion-de-la-astronomia-brindara-una-interesante-charla\/\",\"name\":\"Tecnoteca: Horacio Tignanelli, experto en Educaci\u00f3n de la Astronom\u00eda, brindar\u00e1 una interesante charla - El Regional\",\"isPartOf\":{\"@id\":\"http:\/\/elregionalvm.com.ar\/noticias-villa-maria\/#website\"},\"primaryImageOfPage\":{\"@id\":\"http:\/\/elregionalvm.com.ar\/noticias-villa-maria\/tecnoteca-horacio-tignanelli-experto-en-educacion-de-la-astronomia-brindara-una-interesante-charla\/#primaryimage\"},\"image\":{\"@id\":\"http:\/\/elregionalvm.com.ar\/noticias-villa-maria\/tecnoteca-horacio-tignanelli-experto-en-educacion-de-la-astronomia-brindara-una-interesante-charla\/#primaryimage\"},\"thumbnailUrl\":\"https:\/\/i0.wp.com\/elregionalvm.com.ar\/noticias-villa-maria\/wp-content\/uploads\/2021\/06\/astronomia-horacio.png?fit=760%2C477&ssl=1\",\"datePublished\":\"2021-06-29T00:15:40+00:00\",\"dateModified\":\"2021-06-29T00:15:41+00:00\",\"author\":{\"@id\":\"http:\/\/elregionalvm.com.ar\/noticias-villa-maria\/#\/schema\/person\/a0fb9c422317faca23d50163151bc354\"},\"breadcrumb\":{\"@id\":\"http:\/\/elregionalvm.com.ar\/noticias-villa-maria\/tecnoteca-horacio-tignanelli-experto-en-educacion-de-la-astronomia-brindara-una-interesante-charla\/#breadcrumb\"},\"inLanguage\":\"es\",\"potentialAction\":[{\"@type\":\"ReadAction\",\"target\":[\"http:\/\/elregionalvm.com.ar\/noticias-villa-maria\/tecnoteca-horacio-tignanelli-experto-en-educacion-de-la-astronomia-brindara-una-interesante-charla\/\"]}]},{\"@type\":\"ImageObject\",\"inLanguage\":\"es\",\"@id\":\"http:\/\/elregionalvm.com.ar\/noticias-villa-maria\/tecnoteca-horacio-tignanelli-experto-en-educacion-de-la-astronomia-brindara-una-interesante-charla\/#primaryimage\",\"url\":\"https:\/\/i0.wp.com\/elregionalvm.com.ar\/noticias-villa-maria\/wp-content\/uploads\/2021\/06\/astronomia-horacio.png?fit=760%2C477&ssl=1\",\"contentUrl\":\"https:\/\/i0.wp.com\/elregionalvm.com.ar\/noticias-villa-maria\/wp-content\/uploads\/2021\/06\/astronomia-horacio.png?fit=760%2C477&ssl=1\",\"width\":760,\"height\":477},{\"@type\":\"BreadcrumbList\",\"@id\":\"http:\/\/elregionalvm.com.ar\/noticias-villa-maria\/tecnoteca-horacio-tignanelli-experto-en-educacion-de-la-astronomia-brindara-una-interesante-charla\/#breadcrumb\",\"itemListElement\":[{\"@type\":\"ListItem\",\"position\":1,\"name\":\"Portada\",\"item\":\"https:\/\/elregionalvm.com.ar\/noticias-villa-maria\/\"},{\"@type\":\"ListItem\",\"position\":2,\"name\":\"Tecnoteca: Horacio Tignanelli, experto en Educaci\u00f3n de la Astronom\u00eda, brindar\u00e1 una interesante charla\"}]},{\"@type\":\"WebSite\",\"@id\":\"http:\/\/elregionalvm.com.ar\/noticias-villa-maria\/#website\",\"url\":\"http:\/\/elregionalvm.com.ar\/noticias-villa-maria\/\",\"name\":\"El Regional\",\"description\":\"Mucho m\u00e1s que informaci\u00f3n\",\"potentialAction\":[{\"@type\":\"SearchAction\",\"target\":{\"@type\":\"EntryPoint\",\"urlTemplate\":\"http:\/\/elregionalvm.com.ar\/noticias-villa-maria\/?s={search_term_string}\"},\"query-input\":{\"@type\":\"PropertyValueSpecification\",\"valueRequired\":true,\"valueName\":\"search_term_string\"}}],\"inLanguage\":\"es\"},{\"@type\":\"Person\",\"@id\":\"http:\/\/elregionalvm.com.ar\/noticias-villa-maria\/#\/schema\/person\/a0fb9c422317faca23d50163151bc354\",\"name\":\"Contenidos El Regional\",\"image\":{\"@type\":\"ImageObject\",\"inLanguage\":\"es\",\"@id\":\"http:\/\/elregionalvm.com.ar\/noticias-villa-maria\/#\/schema\/person\/image\/\",\"url\":\"https:\/\/secure.gravatar.com\/avatar\/265b27cb2209af7bb3a1318f03305787d7981a5cc6e6cd08fe5a4ecdf99d4b48?s=96&d=mm&r=g\",\"contentUrl\":\"https:\/\/secure.gravatar.com\/avatar\/265b27cb2209af7bb3a1318f03305787d7981a5cc6e6cd08fe5a4ecdf99d4b48?s=96&d=mm&r=g\",\"caption\":\"Contenidos El Regional\"},\"url\":\"https:\/\/elregionalvm.com.ar\/noticias-villa-maria\/author\/contenido\/\"}]}<\/script>\n<!-- \/ Yoast SEO plugin. -->","yoast_head_json":{"title":"Tecnoteca: Horacio Tignanelli, experto en Educaci\u00f3n de la Astronom\u00eda, brindar\u00e1 una interesante charla - El Regional","robots":{"index":"index","follow":"follow","max-snippet":"max-snippet:-1","max-image-preview":"max-image-preview:large","max-video-preview":"max-video-preview:-1"},"canonical":"http:\/\/elregionalvm.com.ar\/noticias-villa-maria\/tecnoteca-horacio-tignanelli-experto-en-educacion-de-la-astronomia-brindara-una-interesante-charla\/","og_locale":"es_ES","og_type":"article","og_title":"Tecnoteca: Horacio Tignanelli, experto en Educaci\u00f3n de la Astronom\u00eda, brindar\u00e1 una interesante charla - El Regional","og_description":"La Tecnoteca, dependiente de la Secretar\u00eda de Educaci\u00f3n, Cultura y Promoci\u00f3n de la Ciencia del municipio, viene llevando adelante diversas actividades en el marco de su 10\u00ba aniversario. En esta oportunidad, vecinos y vecinas podr\u00e1n formar parte de una nueva propuesta astron\u00f3mica a cargo del reconocido especialista en la materia, Horacio Tignanelli. La iniciativa titulada [&hellip;]","og_url":"http:\/\/elregionalvm.com.ar\/noticias-villa-maria\/tecnoteca-horacio-tignanelli-experto-en-educacion-de-la-astronomia-brindara-una-interesante-charla\/","og_site_name":"El Regional","article_publisher":"https:\/\/www.facebook.com\/elregionalvm","article_published_time":"2021-06-29T00:15:40+00:00","article_modified_time":"2021-06-29T00:15:41+00:00","og_image":[{"width":760,"height":477,"url":"http:\/\/elregionalvm.com.ar\/noticias-villa-maria\/wp-content\/uploads\/2021\/06\/astronomia-horacio.png","type":"image\/png"}],"author":"Contenidos El Regional","twitter_card":"summary_large_image","twitter_creator":"@elregionalvm1","twitter_site":"@elregionalvm1","twitter_misc":{"Escrito por":"Contenidos El Regional","Tiempo de lectura":"1 minuto"},"schema":{"@context":"https:\/\/schema.org","@graph":[{"@type":"Article","@id":"http:\/\/elregionalvm.com.ar\/noticias-villa-maria\/tecnoteca-horacio-tignanelli-experto-en-educacion-de-la-astronomia-brindara-una-interesante-charla\/#article","isPartOf":{"@id":"http:\/\/elregionalvm.com.ar\/noticias-villa-maria\/tecnoteca-horacio-tignanelli-experto-en-educacion-de-la-astronomia-brindara-una-interesante-charla\/"},"author":{"name":"Contenidos El Regional","@id":"http:\/\/elregionalvm.com.ar\/noticias-villa-maria\/#\/schema\/person\/a0fb9c422317faca23d50163151bc354"},"headline":"Tecnoteca: Horacio Tignanelli, experto en Educaci\u00f3n de la Astronom\u00eda, brindar\u00e1 una interesante charla","datePublished":"2021-06-29T00:15:40+00:00","dateModified":"2021-06-29T00:15:41+00:00","mainEntityOfPage":{"@id":"http:\/\/elregionalvm.com.ar\/noticias-villa-maria\/tecnoteca-horacio-tignanelli-experto-en-educacion-de-la-astronomia-brindara-una-interesante-charla\/"},"wordCount":231,"commentCount":0,"image":{"@id":"http:\/\/elregionalvm.com.ar\/noticias-villa-maria\/tecnoteca-horacio-tignanelli-experto-en-educacion-de-la-astronomia-brindara-una-interesante-charla\/#primaryimage"},"thumbnailUrl":"https:\/\/i0.wp.com\/elregionalvm.com.ar\/noticias-villa-maria\/wp-content\/uploads\/2021\/06\/astronomia-horacio.png?fit=760%2C477&ssl=1","keywords":["charla","d\u00e9cimo aniversario","Educaci\u00f3n de la Astronom\u00eda","Tecnoteca"],"articleSection":["Cultura"],"inLanguage":"es","potentialAction":[{"@type":"CommentAction","name":"Comment","target":["http:\/\/elregionalvm.com.ar\/noticias-villa-maria\/tecnoteca-horacio-tignanelli-experto-en-educacion-de-la-astronomia-brindara-una-interesante-charla\/#respond"]}]},{"@type":"WebPage","@id":"http:\/\/elregionalvm.com.ar\/noticias-villa-maria\/tecnoteca-horacio-tignanelli-experto-en-educacion-de-la-astronomia-brindara-una-interesante-charla\/","url":"http:\/\/elregionalvm.com.ar\/noticias-villa-maria\/tecnoteca-horacio-tignanelli-experto-en-educacion-de-la-astronomia-brindara-una-interesante-charla\/","name":"Tecnoteca: Horacio Tignanelli, experto en Educaci\u00f3n de la Astronom\u00eda, brindar\u00e1 una interesante charla - El Regional","isPartOf":{"@id":"http:\/\/elregionalvm.com.ar\/noticias-villa-maria\/#website"},"primaryImageOfPage":{"@id":"http:\/\/elregionalvm.com.ar\/noticias-villa-maria\/tecnoteca-horacio-tignanelli-experto-en-educacion-de-la-astronomia-brindara-una-interesante-charla\/#primaryimage"},"image":{"@id":"http:\/\/elregionalvm.com.ar\/noticias-villa-maria\/tecnoteca-horacio-tignanelli-experto-en-educacion-de-la-astronomia-brindara-una-interesante-charla\/#primaryimage"},"thumbnailUrl":"https:\/\/i0.wp.com\/elregionalvm.com.ar\/noticias-villa-maria\/wp-content\/uploads\/2021\/06\/astronomia-horacio.png?fit=760%2C477&ssl=1","datePublished":"2021-06-29T00:15:40+00:00","dateModified":"2021-06-29T00:15:41+00:00","author":{"@id":"http:\/\/elregionalvm.com.ar\/noticias-villa-maria\/#\/schema\/person\/a0fb9c422317faca23d50163151bc354"},"breadcrumb":{"@id":"http:\/\/elregionalvm.com.ar\/noticias-villa-maria\/tecnoteca-horacio-tignanelli-experto-en-educacion-de-la-astronomia-brindara-una-interesante-charla\/#breadcrumb"},"inLanguage":"es","potentialAction":[{"@type":"ReadAction","target":["http:\/\/elregionalvm.com.ar\/noticias-villa-maria\/tecnoteca-horacio-tignanelli-experto-en-educacion-de-la-astronomia-brindara-una-interesante-charla\/"]}]},{"@type":"ImageObject","inLanguage":"es","@id":"http:\/\/elregionalvm.com.ar\/noticias-villa-maria\/tecnoteca-horacio-tignanelli-experto-en-educacion-de-la-astronomia-brindara-una-interesante-charla\/#primaryimage","url":"https:\/\/i0.wp.com\/elregionalvm.com.ar\/noticias-villa-maria\/wp-content\/uploads\/2021\/06\/astronomia-horacio.png?fit=760%2C477&ssl=1","contentUrl":"https:\/\/i0.wp.com\/elregionalvm.com.ar\/noticias-villa-maria\/wp-content\/uploads\/2021\/06\/astronomia-horacio.png?fit=760%2C477&ssl=1","width":760,"height":477},{"@type":"BreadcrumbList","@id":"http:\/\/elregionalvm.com.ar\/noticias-villa-maria\/tecnoteca-horacio-tignanelli-experto-en-educacion-de-la-astronomia-brindara-una-interesante-charla\/#breadcrumb","itemListElement":[{"@type":"ListItem","position":1,"name":"Portada","item":"https:\/\/elregionalvm.com.ar\/noticias-villa-maria\/"},{"@type":"ListItem","position":2,"name":"Tecnoteca: Horacio Tignanelli, experto en Educaci\u00f3n de la Astronom\u00eda, brindar\u00e1 una interesante charla"}]},{"@type":"WebSite","@id":"http:\/\/elregionalvm.com.ar\/noticias-villa-maria\/#website","url":"http:\/\/elregionalvm.com.ar\/noticias-villa-maria\/","name":"El Regional","description":"Mucho m\u00e1s que informaci\u00f3n","potentialAction":[{"@type":"SearchAction","target":{"@type":"EntryPoint","urlTemplate":"http:\/\/elregionalvm.com.ar\/noticias-villa-maria\/?s={search_term_string}"},"query-input":{"@type":"PropertyValueSpecification","valueRequired":true,"valueName":"search_term_string"}}],"inLanguage":"es"},{"@type":"Person","@id":"http:\/\/elregionalvm.com.ar\/noticias-villa-maria\/#\/schema\/person\/a0fb9c422317faca23d50163151bc354","name":"Contenidos El Regional","image":{"@type":"ImageObject","inLanguage":"es","@id":"http:\/\/elregionalvm.com.ar\/noticias-villa-maria\/#\/schema\/person\/image\/","url":"https:\/\/secure.gravatar.com\/avatar\/265b27cb2209af7bb3a1318f03305787d7981a5cc6e6cd08fe5a4ecdf99d4b48?s=96&d=mm&r=g","contentUrl":"https:\/\/secure.gravatar.com\/avatar\/265b27cb2209af7bb3a1318f03305787d7981a5cc6e6cd08fe5a4ecdf99d4b48?s=96&d=mm&r=g","caption":"Contenidos El Regional"},"url":"https:\/\/elregionalvm.com.ar\/noticias-villa-maria\/author\/contenido\/"}]}},"jetpack_featured_media_url":"https:\/\/i0.wp.com\/elregionalvm.com.ar\/noticias-villa-maria\/wp-content\/uploads\/2021\/06\/astronomia-horacio.png?fit=760%2C477&ssl=1","jetpack_sharing_enabled":true,"_links":{"self":[{"href":"https:\/\/elregionalvm.com.ar\/noticias-villa-maria\/wp-json\/wp\/v2\/posts\/40182","targetHints":{"allow":["GET"]}}],"collection":[{"href":"https:\/\/elregionalvm.com.ar\/noticias-villa-maria\/wp-json\/wp\/v2\/posts"}],"about":[{"href":"https:\/\/elregionalvm.com.ar\/noticias-villa-maria\/wp-json\/wp\/v2\/types\/post"}],"author":[{"embeddable":true,"href":"https:\/\/elregionalvm.com.ar\/noticias-villa-maria\/wp-json\/wp\/v2\/users\/4"}],"replies":[{"embeddable":true,"href":"https:\/\/elregionalvm.com.ar\/noticias-villa-maria\/wp-json\/wp\/v2\/comments?post=40182"}],"version-history":[{"count":1,"href":"https:\/\/elregionalvm.com.ar\/noticias-villa-maria\/wp-json\/wp\/v2\/posts\/40182\/revisions"}],"predecessor-version":[{"id":40184,"href":"https:\/\/elregionalvm.com.ar\/noticias-villa-maria\/wp-json\/wp\/v2\/posts\/40182\/revisions\/40184"}],"wp:featuredmedia":[{"embeddable":true,"href":"https:\/\/elregionalvm.com.ar\/noticias-villa-maria\/wp-json\/wp\/v2\/media\/40183"}],"wp:attachment":[{"href":"https:\/\/elregionalvm.com.ar\/noticias-villa-maria\/wp-json\/wp\/v2\/media?parent=40182"}],"wp:term":[{"taxonomy":"category","embeddable":true,"href":"https:\/\/elregionalvm.com.ar\/noticias-villa-maria\/wp-json\/wp\/v2\/categories?post=40182"},{"taxonomy":"post_tag","embeddable":true,"href":"https:\/\/elregionalvm.com.ar\/noticias-villa-maria\/wp-json\/wp\/v2\/tags?post=40182"}],"curies":[{"name":"wp","href":"https:\/\/api.w.org\/{rel}","templated":true}]}}