{"id":40190,"date":"2021-06-29T13:20:00","date_gmt":"2021-06-29T13:20:00","guid":{"rendered":"https:\/\/elregionalvm.com.ar\/noticias-villa-maria\/?p=40190"},"modified":"2021-07-01T12:37:23","modified_gmt":"2021-07-01T12:37:23","slug":"la-riqueza-del-vaticano-la-propiedad-privada-y-el-papa-francisco","status":"publish","type":"post","link":"https:\/\/elregionalvm.com.ar\/noticias-villa-maria\/la-riqueza-del-vaticano-la-propiedad-privada-y-el-papa-francisco\/","title":{"rendered":"La riqueza del Vaticano, la propiedad privada y el Papa Francisco"},"content":{"rendered":"\n<p><strong>Escribe: Cristina Pablos<\/strong><\/p>\n\n\n\n<p>El Papa dijo: \u201cLa propiedad privada es un derecho secundario. Hay una subordinaci\u00f3n de toda propiedad privada al destino de todos los bienes de la gente\u201d.<\/p>\n\n\n\n<p>Jorge Fern\u00e1ndez D\u00edaz apunt\u00f3: \u201cSe trata ahora de una Iglesia con fuerte gusto a pobrismo solidario, aversi\u00f3n por el consumismo de la clase media, repulsi\u00f3n por la pujanza capitalista y asordinado desd\u00e9n por las Instituciones\u201d.<\/p>\n\n\n\n<p>Donde m\u00e1s pegan las palabras del Papa es en los gobiernos autoritarios de Am\u00e9rica Latina.<\/p>\n\n\n\n<p>En el art\u00edculo 14 de la Constituci\u00f3n Argentina, pero m\u00e1s expl\u00edcitamente en el 17 dice que: \u201cLa propiedad privada es inviolable. La confiscaci\u00f3n de bienes queda para siempre borrada del C\u00f3digo Penal\u201d.<\/p>\n\n\n\n<p>La propiedad privada fue fijada hace 130 a\u00f1os por el Papa Le\u00f3n XIII en su enc\u00edclica Rorum Novarum (1891). Tal vez por eso, muchos miembros de la Iglesia en Argentina se despegaron de las palabras del Papa.<\/p>\n\n\n\n<p>Pero\u2026 supongamos que sigui\u00e9ramos las palabras de Francisco, veamos qu\u00e9 tiene para repartir el Vaticano.<\/p>\n\n\n\n<p>El periodista Gianluigi Nuzzi revela que el Vaticano tiene 4.421 edificios en varios pa\u00edses valuados en 2.700 millones de euros. Tiene 3.200 en alquiler.<\/p>\n\n\n\n<p>Por otro lado, el periodista Fittipaldi afirma que el Vaticano posee, en Roma, casas por valor de 4.000 millones de euros. Revela tambi\u00e9n que el IOR (Banco del Vaticano) no ha entregado al Banco de Italia la lista de personas que han fugado capitales.<\/p>\n\n\n\n<p>La econom\u00eda del Vaticano es financiada por la venta de sellos postales y recuerdos a turistas, entradas a museos y venta de publicaciones y uniformes del personal.<\/p>\n\n\n\n<p>La Santa Sede tambi\u00e9n conduce servicios financieros a trav\u00e9s del IOR. En 2008 ingresaron al Vaticano 355.500 millones de d\u00f3lares. El Vaticano es la instituci\u00f3n m\u00e1s rica que existe: si vendiera toda su riqueza se acabar\u00eda el hambre en el mundo.<\/p>\n\n\n\n<p>Hablando de lavado de divisas, Paulo VI le cont\u00f3 a su amigo Licio Gelli que estaba desesperado pues el Concilio Vaticano II hab\u00eda llevado a la Iglesia al borde de la quiebra.<\/p>\n\n\n\n<p>Gelli deposit\u00f3 dinero en el IOR; funcion\u00f3 algunos a\u00f1os y el Papa evit\u00f3 la quiebra (la Iglesia administraba 300 mil escuelas en el mundo que hubieran cerrado).<\/p>\n\n\n\n<p>Despu\u00e9s de una serie de tratos, la Iglesia se mantuvo gracias al apoyo econ\u00f3mico del Obispado de Boston. Cuando este Obispado debi\u00f3 pagar 800 millones de d\u00f3lares en demandas por abusos sexuales cometidos por algunos sacerdotes, el Banco Vaticano se encontr\u00f3 de nuevo contra las cuerdas. Fue entonces que se produjo la dudosa renuncia de Benedicto XVI.<\/p>\n\n\n\n<p>Es aqu\u00ed cuando entra en escena Bergoglio, el nuevo Papa, operador de los jesuitas, quienes juegan por el Nuevo Orden Mundial (NOM) desde 1990.<\/p>\n\n\n\n<p>Los l\u00edderes chavistas, sandinistas y kirchneristas depositar\u00edan el dinero robado a sus pueblos, por medio de la Cruz Roja, en el IOR y el dinero lavado volver\u00eda a sus due\u00f1os en forma de cr\u00e9ditos a trav\u00e9s de los bancos controlados por el Vaticano: el Fiore de Bilbao, el Pax de Essen y el Popular de Roma.<\/p>\n\n\n\n<p>Es muy f\u00e1cil ser generoso con lo ajeno.<\/p>\n","protected":false},"excerpt":{"rendered":"<p>Escribe: Cristina Pablos El Papa dijo: \u201cLa propiedad privada es un derecho secundario. Hay una subordinaci\u00f3n de toda propiedad privada al destino de todos los bienes de la gente\u201d. Jorge Fern\u00e1ndez D\u00edaz apunt\u00f3: \u201cSe trata ahora de una Iglesia con fuerte gusto a pobrismo solidario, aversi\u00f3n por el consumismo de la clase media, repulsi\u00f3n por [&hellip;]<\/p>\n","protected":false},"author":4,"featured_media":40191,"comment_status":"open","ping_status":"open","sticky":false,"template":"","format":"standard","meta":{"site-sidebar-layout":"default","site-content-layout":"default","ast-site-content-layout":"default","site-content-style":"default","site-sidebar-style":"default","ast-global-header-display":"","ast-banner-title-visibility":"","ast-main-header-display":"","ast-hfb-above-header-display":"","ast-hfb-below-header-display":"","ast-hfb-mobile-header-display":"","site-post-title":"","ast-breadcrumbs-content":"","ast-featured-img":"","footer-sml-layout":"","ast-disable-related-posts":"","theme-transparent-header-meta":"default","adv-header-id-meta":"","stick-header-meta":"","header-above-stick-meta":"","header-main-stick-meta":"","header-below-stick-meta":"","astra-migrate-meta-layouts":"default","ast-page-background-enabled":"default","ast-page-background-meta":{"desktop":{"background-color":"","background-image":"","background-repeat":"repeat","background-position":"center center","background-size":"auto","background-attachment":"scroll","background-type":"","background-media":"","overlay-type":"","overlay-color":"","overlay-opacity":"","overlay-gradient":""},"tablet":{"background-color":"","background-image":"","background-repeat":"repeat","background-position":"center center","background-size":"auto","background-attachment":"scroll","background-type":"","background-media":"","overlay-type":"","overlay-color":"","overlay-opacity":"","overlay-gradient":""},"mobile":{"background-color":"","background-image":"","background-repeat":"repeat","background-position":"center center","background-size":"auto","background-attachment":"scroll","background-type":"","background-media":"","overlay-type":"","overlay-color":"","overlay-opacity":"","overlay-gradient":""}},"ast-content-background-meta":{"desktop":{"background-color":"var(--ast-global-color-5)","background-image":"","background-repeat":"repeat","background-position":"center center","background-size":"auto","background-attachment":"scroll","background-type":"","background-media":"","overlay-type":"","overlay-color":"","overlay-opacity":"","overlay-gradient":""},"tablet":{"background-color":"var(--ast-global-color-5)","background-image":"","background-repeat":"repeat","background-position":"center center","background-size":"auto","background-attachment":"scroll","background-type":"","background-media":"","overlay-type":"","overlay-color":"","overlay-opacity":"","overlay-gradient":""},"mobile":{"background-color":"var(--ast-global-color-5)","background-image":"","background-repeat":"repeat","background-position":"center center","background-size":"auto","background-attachment":"scroll","background-type":"","background-media":"","overlay-type":"","overlay-color":"","overlay-opacity":"","overlay-gradient":""}},"_jetpack_memberships_contains_paid_content":false,"_joinchat":[],"footnotes":""},"categories":[2323,365,3557],"tags":[4574,4037,6237,4866,145,178],"class_list":["post-40190","post","type-post","status-publish","format-standard","has-post-thumbnail","hentry","category-notas-secundarias","category-opinion","category-tercera","tag-america-latina","tag-bancos","tag-papa-francisco","tag-propiedad-privada","tag-riqueza","tag-vaticano"],"yoast_head":"<!-- This site is optimized with the Yoast SEO plugin v26.8 - https:\/\/yoast.com\/product\/yoast-seo-wordpress\/ -->\n<title>La riqueza del Vaticano, la propiedad privada y el Papa Francisco - El Regional<\/title>\n<meta name=\"description\" content=\"El Papa dijo: \u201cLa propiedad privada es un derecho secundario. Hay una subordinaci\u00f3n al destino de todos los bienes de la gente\u201d.\" \/>\n<meta name=\"robots\" content=\"index, follow, max-snippet:-1, max-image-preview:large, max-video-preview:-1\" \/>\n<link rel=\"canonical\" href=\"http:\/\/elregionalvm.com.ar\/noticias-villa-maria\/la-riqueza-del-vaticano-la-propiedad-privada-y-el-papa-francisco\/\" \/>\n<meta property=\"og:locale\" content=\"es_ES\" \/>\n<meta property=\"og:type\" content=\"article\" \/>\n<meta property=\"og:title\" content=\"La riqueza del Vaticano, la propiedad privada y el Papa Francisco - El Regional\" \/>\n<meta property=\"og:description\" content=\"El Papa dijo: \u201cLa propiedad privada es un derecho secundario. Hay una subordinaci\u00f3n al destino de todos los bienes de la gente\u201d.\" \/>\n<meta property=\"og:url\" content=\"http:\/\/elregionalvm.com.ar\/noticias-villa-maria\/la-riqueza-del-vaticano-la-propiedad-privada-y-el-papa-francisco\/\" \/>\n<meta property=\"og:site_name\" content=\"El Regional\" \/>\n<meta property=\"article:publisher\" content=\"https:\/\/www.facebook.com\/elregionalvm\" \/>\n<meta property=\"article:published_time\" content=\"2021-06-29T13:20:00+00:00\" \/>\n<meta property=\"article:modified_time\" content=\"2021-07-01T12:37:23+00:00\" \/>\n<meta property=\"og:image\" content=\"http:\/\/elregionalvm.com.ar\/noticias-villa-maria\/wp-content\/uploads\/2021\/06\/Papa-Francisco-768x498.png\" \/>\n\t<meta property=\"og:image:width\" content=\"768\" \/>\n\t<meta property=\"og:image:height\" content=\"498\" \/>\n\t<meta property=\"og:image:type\" content=\"image\/png\" \/>\n<meta name=\"author\" content=\"Contenidos El Regional\" \/>\n<meta name=\"twitter:card\" content=\"summary_large_image\" \/>\n<meta name=\"twitter:creator\" content=\"@elregionalvm1\" \/>\n<meta name=\"twitter:site\" content=\"@elregionalvm1\" \/>\n<meta name=\"twitter:label1\" content=\"Escrito por\" \/>\n\t<meta name=\"twitter:data1\" content=\"Contenidos El Regional\" \/>\n\t<meta name=\"twitter:label2\" content=\"Tiempo de lectura\" \/>\n\t<meta name=\"twitter:data2\" content=\"3 minutos\" \/>\n<script type=\"application\/ld+json\" class=\"yoast-schema-graph\">{\"@context\":\"https:\/\/schema.org\",\"@graph\":[{\"@type\":\"Article\",\"@id\":\"http:\/\/elregionalvm.com.ar\/noticias-villa-maria\/la-riqueza-del-vaticano-la-propiedad-privada-y-el-papa-francisco\/#article\",\"isPartOf\":{\"@id\":\"http:\/\/elregionalvm.com.ar\/noticias-villa-maria\/la-riqueza-del-vaticano-la-propiedad-privada-y-el-papa-francisco\/\"},\"author\":{\"name\":\"Contenidos El Regional\",\"@id\":\"http:\/\/elregionalvm.com.ar\/noticias-villa-maria\/#\/schema\/person\/a0fb9c422317faca23d50163151bc354\"},\"headline\":\"La riqueza del Vaticano, la propiedad privada y el Papa Francisco\",\"datePublished\":\"2021-06-29T13:20:00+00:00\",\"dateModified\":\"2021-07-01T12:37:23+00:00\",\"mainEntityOfPage\":{\"@id\":\"http:\/\/elregionalvm.com.ar\/noticias-villa-maria\/la-riqueza-del-vaticano-la-propiedad-privada-y-el-papa-francisco\/\"},\"wordCount\":540,\"commentCount\":1,\"image\":{\"@id\":\"http:\/\/elregionalvm.com.ar\/noticias-villa-maria\/la-riqueza-del-vaticano-la-propiedad-privada-y-el-papa-francisco\/#primaryimage\"},\"thumbnailUrl\":\"https:\/\/i0.wp.com\/elregionalvm.com.ar\/noticias-villa-maria\/wp-content\/uploads\/2021\/06\/Papa-Francisco.png?fit=1000%2C649&ssl=1\",\"keywords\":[\"Am\u00e9rica Latina\",\"Bancos\",\"Papa Francisco\",\"Propiedad privada\",\"riqueza\",\"Vaticano\"],\"articleSection\":[\"Notas\",\"Opini\u00f3n\",\"tercera\"],\"inLanguage\":\"es\",\"potentialAction\":[{\"@type\":\"CommentAction\",\"name\":\"Comment\",\"target\":[\"http:\/\/elregionalvm.com.ar\/noticias-villa-maria\/la-riqueza-del-vaticano-la-propiedad-privada-y-el-papa-francisco\/#respond\"]}]},{\"@type\":\"WebPage\",\"@id\":\"http:\/\/elregionalvm.com.ar\/noticias-villa-maria\/la-riqueza-del-vaticano-la-propiedad-privada-y-el-papa-francisco\/\",\"url\":\"http:\/\/elregionalvm.com.ar\/noticias-villa-maria\/la-riqueza-del-vaticano-la-propiedad-privada-y-el-papa-francisco\/\",\"name\":\"La riqueza del Vaticano, la propiedad privada y el Papa Francisco - El Regional\",\"isPartOf\":{\"@id\":\"http:\/\/elregionalvm.com.ar\/noticias-villa-maria\/#website\"},\"primaryImageOfPage\":{\"@id\":\"http:\/\/elregionalvm.com.ar\/noticias-villa-maria\/la-riqueza-del-vaticano-la-propiedad-privada-y-el-papa-francisco\/#primaryimage\"},\"image\":{\"@id\":\"http:\/\/elregionalvm.com.ar\/noticias-villa-maria\/la-riqueza-del-vaticano-la-propiedad-privada-y-el-papa-francisco\/#primaryimage\"},\"thumbnailUrl\":\"https:\/\/i0.wp.com\/elregionalvm.com.ar\/noticias-villa-maria\/wp-content\/uploads\/2021\/06\/Papa-Francisco.png?fit=1000%2C649&ssl=1\",\"datePublished\":\"2021-06-29T13:20:00+00:00\",\"dateModified\":\"2021-07-01T12:37:23+00:00\",\"author\":{\"@id\":\"http:\/\/elregionalvm.com.ar\/noticias-villa-maria\/#\/schema\/person\/a0fb9c422317faca23d50163151bc354\"},\"description\":\"El Papa dijo: \u201cLa propiedad privada es un derecho secundario. Hay una subordinaci\u00f3n al destino de todos los bienes de la gente\u201d.\",\"breadcrumb\":{\"@id\":\"http:\/\/elregionalvm.com.ar\/noticias-villa-maria\/la-riqueza-del-vaticano-la-propiedad-privada-y-el-papa-francisco\/#breadcrumb\"},\"inLanguage\":\"es\",\"potentialAction\":[{\"@type\":\"ReadAction\",\"target\":[\"http:\/\/elregionalvm.com.ar\/noticias-villa-maria\/la-riqueza-del-vaticano-la-propiedad-privada-y-el-papa-francisco\/\"]}]},{\"@type\":\"ImageObject\",\"inLanguage\":\"es\",\"@id\":\"http:\/\/elregionalvm.com.ar\/noticias-villa-maria\/la-riqueza-del-vaticano-la-propiedad-privada-y-el-papa-francisco\/#primaryimage\",\"url\":\"https:\/\/i0.wp.com\/elregionalvm.com.ar\/noticias-villa-maria\/wp-content\/uploads\/2021\/06\/Papa-Francisco.png?fit=1000%2C649&ssl=1\",\"contentUrl\":\"https:\/\/i0.wp.com\/elregionalvm.com.ar\/noticias-villa-maria\/wp-content\/uploads\/2021\/06\/Papa-Francisco.png?fit=1000%2C649&ssl=1\",\"width\":1000,\"height\":649},{\"@type\":\"BreadcrumbList\",\"@id\":\"http:\/\/elregionalvm.com.ar\/noticias-villa-maria\/la-riqueza-del-vaticano-la-propiedad-privada-y-el-papa-francisco\/#breadcrumb\",\"itemListElement\":[{\"@type\":\"ListItem\",\"position\":1,\"name\":\"Portada\",\"item\":\"https:\/\/elregionalvm.com.ar\/noticias-villa-maria\/\"},{\"@type\":\"ListItem\",\"position\":2,\"name\":\"La riqueza del Vaticano, la propiedad privada y el Papa Francisco\"}]},{\"@type\":\"WebSite\",\"@id\":\"http:\/\/elregionalvm.com.ar\/noticias-villa-maria\/#website\",\"url\":\"http:\/\/elregionalvm.com.ar\/noticias-villa-maria\/\",\"name\":\"El Regional\",\"description\":\"Mucho m\u00e1s que informaci\u00f3n\",\"potentialAction\":[{\"@type\":\"SearchAction\",\"target\":{\"@type\":\"EntryPoint\",\"urlTemplate\":\"http:\/\/elregionalvm.com.ar\/noticias-villa-maria\/?s={search_term_string}\"},\"query-input\":{\"@type\":\"PropertyValueSpecification\",\"valueRequired\":true,\"valueName\":\"search_term_string\"}}],\"inLanguage\":\"es\"},{\"@type\":\"Person\",\"@id\":\"http:\/\/elregionalvm.com.ar\/noticias-villa-maria\/#\/schema\/person\/a0fb9c422317faca23d50163151bc354\",\"name\":\"Contenidos El Regional\",\"image\":{\"@type\":\"ImageObject\",\"inLanguage\":\"es\",\"@id\":\"http:\/\/elregionalvm.com.ar\/noticias-villa-maria\/#\/schema\/person\/image\/\",\"url\":\"https:\/\/secure.gravatar.com\/avatar\/265b27cb2209af7bb3a1318f03305787d7981a5cc6e6cd08fe5a4ecdf99d4b48?s=96&d=mm&r=g\",\"contentUrl\":\"https:\/\/secure.gravatar.com\/avatar\/265b27cb2209af7bb3a1318f03305787d7981a5cc6e6cd08fe5a4ecdf99d4b48?s=96&d=mm&r=g\",\"caption\":\"Contenidos El Regional\"},\"url\":\"https:\/\/elregionalvm.com.ar\/noticias-villa-maria\/author\/contenido\/\"}]}<\/script>\n<!-- \/ Yoast SEO plugin. -->","yoast_head_json":{"title":"La riqueza del Vaticano, la propiedad privada y el Papa Francisco - El Regional","description":"El Papa dijo: \u201cLa propiedad privada es un derecho secundario. Hay una subordinaci\u00f3n al destino de todos los bienes de la gente\u201d.","robots":{"index":"index","follow":"follow","max-snippet":"max-snippet:-1","max-image-preview":"max-image-preview:large","max-video-preview":"max-video-preview:-1"},"canonical":"http:\/\/elregionalvm.com.ar\/noticias-villa-maria\/la-riqueza-del-vaticano-la-propiedad-privada-y-el-papa-francisco\/","og_locale":"es_ES","og_type":"article","og_title":"La riqueza del Vaticano, la propiedad privada y el Papa Francisco - El Regional","og_description":"El Papa dijo: \u201cLa propiedad privada es un derecho secundario. Hay una subordinaci\u00f3n al destino de todos los bienes de la gente\u201d.","og_url":"http:\/\/elregionalvm.com.ar\/noticias-villa-maria\/la-riqueza-del-vaticano-la-propiedad-privada-y-el-papa-francisco\/","og_site_name":"El Regional","article_publisher":"https:\/\/www.facebook.com\/elregionalvm","article_published_time":"2021-06-29T13:20:00+00:00","article_modified_time":"2021-07-01T12:37:23+00:00","og_image":[{"width":768,"height":498,"url":"http:\/\/elregionalvm.com.ar\/noticias-villa-maria\/wp-content\/uploads\/2021\/06\/Papa-Francisco-768x498.png","type":"image\/png"}],"author":"Contenidos El Regional","twitter_card":"summary_large_image","twitter_creator":"@elregionalvm1","twitter_site":"@elregionalvm1","twitter_misc":{"Escrito por":"Contenidos El Regional","Tiempo de lectura":"3 minutos"},"schema":{"@context":"https:\/\/schema.org","@graph":[{"@type":"Article","@id":"http:\/\/elregionalvm.com.ar\/noticias-villa-maria\/la-riqueza-del-vaticano-la-propiedad-privada-y-el-papa-francisco\/#article","isPartOf":{"@id":"http:\/\/elregionalvm.com.ar\/noticias-villa-maria\/la-riqueza-del-vaticano-la-propiedad-privada-y-el-papa-francisco\/"},"author":{"name":"Contenidos El Regional","@id":"http:\/\/elregionalvm.com.ar\/noticias-villa-maria\/#\/schema\/person\/a0fb9c422317faca23d50163151bc354"},"headline":"La riqueza del Vaticano, la propiedad privada y el Papa Francisco","datePublished":"2021-06-29T13:20:00+00:00","dateModified":"2021-07-01T12:37:23+00:00","mainEntityOfPage":{"@id":"http:\/\/elregionalvm.com.ar\/noticias-villa-maria\/la-riqueza-del-vaticano-la-propiedad-privada-y-el-papa-francisco\/"},"wordCount":540,"commentCount":1,"image":{"@id":"http:\/\/elregionalvm.com.ar\/noticias-villa-maria\/la-riqueza-del-vaticano-la-propiedad-privada-y-el-papa-francisco\/#primaryimage"},"thumbnailUrl":"https:\/\/i0.wp.com\/elregionalvm.com.ar\/noticias-villa-maria\/wp-content\/uploads\/2021\/06\/Papa-Francisco.png?fit=1000%2C649&ssl=1","keywords":["Am\u00e9rica Latina","Bancos","Papa Francisco","Propiedad privada","riqueza","Vaticano"],"articleSection":["Notas","Opini\u00f3n","tercera"],"inLanguage":"es","potentialAction":[{"@type":"CommentAction","name":"Comment","target":["http:\/\/elregionalvm.com.ar\/noticias-villa-maria\/la-riqueza-del-vaticano-la-propiedad-privada-y-el-papa-francisco\/#respond"]}]},{"@type":"WebPage","@id":"http:\/\/elregionalvm.com.ar\/noticias-villa-maria\/la-riqueza-del-vaticano-la-propiedad-privada-y-el-papa-francisco\/","url":"http:\/\/elregionalvm.com.ar\/noticias-villa-maria\/la-riqueza-del-vaticano-la-propiedad-privada-y-el-papa-francisco\/","name":"La riqueza del Vaticano, la propiedad privada y el Papa Francisco - El Regional","isPartOf":{"@id":"http:\/\/elregionalvm.com.ar\/noticias-villa-maria\/#website"},"primaryImageOfPage":{"@id":"http:\/\/elregionalvm.com.ar\/noticias-villa-maria\/la-riqueza-del-vaticano-la-propiedad-privada-y-el-papa-francisco\/#primaryimage"},"image":{"@id":"http:\/\/elregionalvm.com.ar\/noticias-villa-maria\/la-riqueza-del-vaticano-la-propiedad-privada-y-el-papa-francisco\/#primaryimage"},"thumbnailUrl":"https:\/\/i0.wp.com\/elregionalvm.com.ar\/noticias-villa-maria\/wp-content\/uploads\/2021\/06\/Papa-Francisco.png?fit=1000%2C649&ssl=1","datePublished":"2021-06-29T13:20:00+00:00","dateModified":"2021-07-01T12:37:23+00:00","author":{"@id":"http:\/\/elregionalvm.com.ar\/noticias-villa-maria\/#\/schema\/person\/a0fb9c422317faca23d50163151bc354"},"description":"El Papa dijo: \u201cLa propiedad privada es un derecho secundario. Hay una subordinaci\u00f3n al destino de todos los bienes de la gente\u201d.","breadcrumb":{"@id":"http:\/\/elregionalvm.com.ar\/noticias-villa-maria\/la-riqueza-del-vaticano-la-propiedad-privada-y-el-papa-francisco\/#breadcrumb"},"inLanguage":"es","potentialAction":[{"@type":"ReadAction","target":["http:\/\/elregionalvm.com.ar\/noticias-villa-maria\/la-riqueza-del-vaticano-la-propiedad-privada-y-el-papa-francisco\/"]}]},{"@type":"ImageObject","inLanguage":"es","@id":"http:\/\/elregionalvm.com.ar\/noticias-villa-maria\/la-riqueza-del-vaticano-la-propiedad-privada-y-el-papa-francisco\/#primaryimage","url":"https:\/\/i0.wp.com\/elregionalvm.com.ar\/noticias-villa-maria\/wp-content\/uploads\/2021\/06\/Papa-Francisco.png?fit=1000%2C649&ssl=1","contentUrl":"https:\/\/i0.wp.com\/elregionalvm.com.ar\/noticias-villa-maria\/wp-content\/uploads\/2021\/06\/Papa-Francisco.png?fit=1000%2C649&ssl=1","width":1000,"height":649},{"@type":"BreadcrumbList","@id":"http:\/\/elregionalvm.com.ar\/noticias-villa-maria\/la-riqueza-del-vaticano-la-propiedad-privada-y-el-papa-francisco\/#breadcrumb","itemListElement":[{"@type":"ListItem","position":1,"name":"Portada","item":"https:\/\/elregionalvm.com.ar\/noticias-villa-maria\/"},{"@type":"ListItem","position":2,"name":"La riqueza del Vaticano, la propiedad privada y el Papa Francisco"}]},{"@type":"WebSite","@id":"http:\/\/elregionalvm.com.ar\/noticias-villa-maria\/#website","url":"http:\/\/elregionalvm.com.ar\/noticias-villa-maria\/","name":"El Regional","description":"Mucho m\u00e1s que informaci\u00f3n","potentialAction":[{"@type":"SearchAction","target":{"@type":"EntryPoint","urlTemplate":"http:\/\/elregionalvm.com.ar\/noticias-villa-maria\/?s={search_term_string}"},"query-input":{"@type":"PropertyValueSpecification","valueRequired":true,"valueName":"search_term_string"}}],"inLanguage":"es"},{"@type":"Person","@id":"http:\/\/elregionalvm.com.ar\/noticias-villa-maria\/#\/schema\/person\/a0fb9c422317faca23d50163151bc354","name":"Contenidos El Regional","image":{"@type":"ImageObject","inLanguage":"es","@id":"http:\/\/elregionalvm.com.ar\/noticias-villa-maria\/#\/schema\/person\/image\/","url":"https:\/\/secure.gravatar.com\/avatar\/265b27cb2209af7bb3a1318f03305787d7981a5cc6e6cd08fe5a4ecdf99d4b48?s=96&d=mm&r=g","contentUrl":"https:\/\/secure.gravatar.com\/avatar\/265b27cb2209af7bb3a1318f03305787d7981a5cc6e6cd08fe5a4ecdf99d4b48?s=96&d=mm&r=g","caption":"Contenidos El Regional"},"url":"https:\/\/elregionalvm.com.ar\/noticias-villa-maria\/author\/contenido\/"}]}},"jetpack_featured_media_url":"https:\/\/i0.wp.com\/elregionalvm.com.ar\/noticias-villa-maria\/wp-content\/uploads\/2021\/06\/Papa-Francisco.png?fit=1000%2C649&ssl=1","jetpack_sharing_enabled":true,"_links":{"self":[{"href":"https:\/\/elregionalvm.com.ar\/noticias-villa-maria\/wp-json\/wp\/v2\/posts\/40190","targetHints":{"allow":["GET"]}}],"collection":[{"href":"https:\/\/elregionalvm.com.ar\/noticias-villa-maria\/wp-json\/wp\/v2\/posts"}],"about":[{"href":"https:\/\/elregionalvm.com.ar\/noticias-villa-maria\/wp-json\/wp\/v2\/types\/post"}],"author":[{"embeddable":true,"href":"https:\/\/elregionalvm.com.ar\/noticias-villa-maria\/wp-json\/wp\/v2\/users\/4"}],"replies":[{"embeddable":true,"href":"https:\/\/elregionalvm.com.ar\/noticias-villa-maria\/wp-json\/wp\/v2\/comments?post=40190"}],"version-history":[{"count":1,"href":"https:\/\/elregionalvm.com.ar\/noticias-villa-maria\/wp-json\/wp\/v2\/posts\/40190\/revisions"}],"predecessor-version":[{"id":40192,"href":"https:\/\/elregionalvm.com.ar\/noticias-villa-maria\/wp-json\/wp\/v2\/posts\/40190\/revisions\/40192"}],"wp:featuredmedia":[{"embeddable":true,"href":"https:\/\/elregionalvm.com.ar\/noticias-villa-maria\/wp-json\/wp\/v2\/media\/40191"}],"wp:attachment":[{"href":"https:\/\/elregionalvm.com.ar\/noticias-villa-maria\/wp-json\/wp\/v2\/media?parent=40190"}],"wp:term":[{"taxonomy":"category","embeddable":true,"href":"https:\/\/elregionalvm.com.ar\/noticias-villa-maria\/wp-json\/wp\/v2\/categories?post=40190"},{"taxonomy":"post_tag","embeddable":true,"href":"https:\/\/elregionalvm.com.ar\/noticias-villa-maria\/wp-json\/wp\/v2\/tags?post=40190"}],"curies":[{"name":"wp","href":"https:\/\/api.w.org\/{rel}","templated":true}]}}