{"id":40193,"date":"2021-06-29T14:02:19","date_gmt":"2021-06-29T14:02:19","guid":{"rendered":"https:\/\/elregionalvm.com.ar\/noticias-villa-maria\/?p=40193"},"modified":"2021-06-30T22:13:35","modified_gmt":"2021-06-30T22:13:35","slug":"el-acoso-laboral-o-moobing-un-abuso-de-poder","status":"publish","type":"post","link":"https:\/\/elregionalvm.com.ar\/noticias-villa-maria\/el-acoso-laboral-o-moobing-un-abuso-de-poder\/","title":{"rendered":"El acoso laboral o \u201cmoobing\u201d: un abuso de poder"},"content":{"rendered":"\n<p><\/p>\n\n\n\n<p><strong>Escribe: Abogada Valeria Vanzetti<\/strong><\/p>\n\n\n\n<p><\/p>\n\n\n\n<p>La violencia y el acoso en el \u00e1mbito laboral pueden constituir una violaci\u00f3n o un abuso de los derechos humanos y son una amenaza para la igualdad de oportunidades, son inaceptables e incompatibles con el trabajo decente. Este tipo de violencia afecta la salud ps\u00edquica y f\u00edsica de las personas, como as\u00ed tambi\u00e9n su dignidad y su entorno familiar y social.<\/p>\n\n\n\n<p>Cuando hablamos de \u201cmoobing\u201d nos estamos refiriendo al acoso laboral. Se presenta cuando una persona es v\u00edctima de maltrato psicol\u00f3gico en su lugar de trabajo. Puede ser ejercida dentro del \u00e1mbito laboral o fuera de \u00e9l, por un compa\u00f1ero de trabajo o varios, sus subalternos o superiores, no es necesario que exista una relaci\u00f3n de subordinaci\u00f3n entre el hostigador y el hostigado.<\/p>\n\n\n\n<p>La v\u00edctima, recibe violencia psicol\u00f3gica de manera injustificada, se produce de manera sistem\u00e1tica y reiterada durante un tiempo prolongado y su fin responde a cuestiones econ\u00f3micas.<\/p>\n\n\n\n<p>Lo que se busca con este tipo de pr\u00e1cticas es cansar al empleado, desgastarlo para inducirlo a la renuncia y as\u00ed evitar pagar indemnizaciones por despido establecidas por ley.<\/p>\n\n\n\n<p><strong>Las manifestaciones m\u00e1s frecuentes de este tipo de pr\u00e1cticas son:<\/strong><\/p>\n\n\n\n<ul class=\"wp-block-list\"><li>Ataques verbales y cr\u00edticas sobre el trabajo realizado o sobre la vida privada del trabajador.<\/li><\/ul>\n\n\n\n<ul class=\"wp-block-list\"><li>Se ignora al trabajador, se lo a\u00edsla y se niega su presencia f\u00edsica.<\/li><li>No se le asigna trabajo o se le asignan tareas totalmente in\u00fatiles o absurdas.<\/li><li>Se le asignan tareas muy inferiores a su capacidad o competencias profesionales o se le asignan sin cesar tareas nuevas y trabajos humillantes.<\/li><li>Se lo ridiculiza y maltrata.<\/li><li>Se acosa sexualmente a la v\u00edctima o se la agrede f\u00edsicamente.<\/li><li>\u00a0Se lo culpa y acusa por hechos cometidos por terceros.<\/li><li>Molestar e interrumpir su trabajo, ridiculizarlo, corregirlo de mala manera p\u00fablicamente.<\/li><li>Se manifiesta un trato indigno, abusivo, rid\u00edculo, desmerecedor, desfavorable, irrespetuoso, indiferente y discriminatorio.<\/li><li>Impedir el uso de sanitarios o limitar su uso al m\u00e1ximo.<\/li><\/ul>\n\n\n\n<p><\/p>\n\n\n\n<figure class=\"wp-block-image size-large\"><img data-recalc-dims=\"1\" fetchpriority=\"high\" decoding=\"async\" width=\"1024\" height=\"567\" src=\"https:\/\/i0.wp.com\/elregionalvm.com.ar\/noticias-villa-maria\/wp-content\/uploads\/2021\/06\/acoso-laboral-argentina.jpg?resize=1024%2C567&#038;ssl=1\" alt=\"\" class=\"wp-image-40199\" srcset=\"https:\/\/i0.wp.com\/elregionalvm.com.ar\/noticias-villa-maria\/wp-content\/uploads\/2021\/06\/acoso-laboral-argentina.jpg?resize=1024%2C567&amp;ssl=1 1024w, https:\/\/i0.wp.com\/elregionalvm.com.ar\/noticias-villa-maria\/wp-content\/uploads\/2021\/06\/acoso-laboral-argentina.jpg?resize=300%2C166&amp;ssl=1 300w, https:\/\/i0.wp.com\/elregionalvm.com.ar\/noticias-villa-maria\/wp-content\/uploads\/2021\/06\/acoso-laboral-argentina.jpg?resize=768%2C426&amp;ssl=1 768w, https:\/\/i0.wp.com\/elregionalvm.com.ar\/noticias-villa-maria\/wp-content\/uploads\/2021\/06\/acoso-laboral-argentina.jpg?w=1200&amp;ssl=1 1200w\" sizes=\"(max-width: 1000px) 100vw, 1000px\" \/><\/figure>\n\n\n\n<p><\/p>\n\n\n\n<p><strong>\u00bfC\u00f3mo debe actuar el trabajador si es v\u00edctima de moobing?<\/strong><\/p>\n\n\n\n<p>El trabajador tiene la facultar de intimar al empleador para que tome las medidas necesarias con el fin de que cesen las actitudes hostigadoras hacia \u00e9l, bajo apercibimiento de considerarse despedido sin junta causa y reclamar las indemnizaciones que por ley correspondan, la reparaci\u00f3n del da\u00f1o moral sufrido y cualquier otro da\u00f1o que se hubiese ocasionado.<\/p>\n\n\n\n<p>El trabajador tambi\u00e9n se encuentra facultado para entablar otras acciones legales en contra del empleador y la ART, por incapacidad laboral producida, por haber generado en el trabajador enfermedades derivadas y como consecuencia directa de moobing, como pueden ser depresi\u00f3n, estr\u00e9s laboral, ataques de p\u00e1nico, trastornos de ansiedad, entre otros.<\/p>\n\n\n\n<p>Es una realidad que este tipo de pr\u00e1cticas es m\u00e1s frecuente de lo que parece. El trabajador v\u00edctima de moobing, suele soportar el maltrato por miedo a perder el empleo sin considerar la magnitud del da\u00f1o que puede estar generando este tipo de violencia hacia \u00e9l.<\/p>\n\n\n\n<p>Cuando se intima al empleador, se lo hace con la idea de que cesen las actitudes hostiles y no con el fin de finalizar la relaci\u00f3n laboral, m\u00e1s all\u00e1 de que este apercibimiento debe manifestarse en la intimaci\u00f3n.<\/p>\n\n\n\n<p>Si est\u00e1s siendo v\u00edctima de moobing, ten\u00e9s que asesorarte ya que existen maneras de solucionarlo.<\/p>\n\n\n\n<p>El primer paso para hacer valer tus derechos, es conocerlos.<\/p>\n","protected":false},"excerpt":{"rendered":"<p>Escribe: Abogada Valeria Vanzetti La violencia y el acoso en el \u00e1mbito laboral pueden constituir una violaci\u00f3n o un abuso de los derechos humanos y son una amenaza para la igualdad de oportunidades, son inaceptables e incompatibles con el trabajo decente. Este tipo de violencia afecta la salud ps\u00edquica y f\u00edsica de las personas, como [&hellip;]<\/p>\n","protected":false},"author":4,"featured_media":40197,"comment_status":"open","ping_status":"open","sticky":false,"template":"","format":"standard","meta":{"site-sidebar-layout":"default","site-content-layout":"default","ast-site-content-layout":"default","site-content-style":"default","site-sidebar-style":"default","ast-global-header-display":"","ast-banner-title-visibility":"","ast-main-header-display":"","ast-hfb-above-header-display":"","ast-hfb-below-header-display":"","ast-hfb-mobile-header-display":"","site-post-title":"","ast-breadcrumbs-content":"","ast-featured-img":"","footer-sml-layout":"","ast-disable-related-posts":"","theme-transparent-header-meta":"default","adv-header-id-meta":"","stick-header-meta":"","header-above-stick-meta":"","header-main-stick-meta":"","header-below-stick-meta":"","astra-migrate-meta-layouts":"default","ast-page-background-enabled":"default","ast-page-background-meta":{"desktop":{"background-color":"","background-image":"","background-repeat":"repeat","background-position":"center center","background-size":"auto","background-attachment":"scroll","background-type":"","background-media":"","overlay-type":"","overlay-color":"","overlay-opacity":"","overlay-gradient":""},"tablet":{"background-color":"","background-image":"","background-repeat":"repeat","background-position":"center center","background-size":"auto","background-attachment":"scroll","background-type":"","background-media":"","overlay-type":"","overlay-color":"","overlay-opacity":"","overlay-gradient":""},"mobile":{"background-color":"","background-image":"","background-repeat":"repeat","background-position":"center center","background-size":"auto","background-attachment":"scroll","background-type":"","background-media":"","overlay-type":"","overlay-color":"","overlay-opacity":"","overlay-gradient":""}},"ast-content-background-meta":{"desktop":{"background-color":"var(--ast-global-color-5)","background-image":"","background-repeat":"repeat","background-position":"center center","background-size":"auto","background-attachment":"scroll","background-type":"","background-media":"","overlay-type":"","overlay-color":"","overlay-opacity":"","overlay-gradient":""},"tablet":{"background-color":"var(--ast-global-color-5)","background-image":"","background-repeat":"repeat","background-position":"center center","background-size":"auto","background-attachment":"scroll","background-type":"","background-media":"","overlay-type":"","overlay-color":"","overlay-opacity":"","overlay-gradient":""},"mobile":{"background-color":"var(--ast-global-color-5)","background-image":"","background-repeat":"repeat","background-position":"center center","background-size":"auto","background-attachment":"scroll","background-type":"","background-media":"","overlay-type":"","overlay-color":"","overlay-opacity":"","overlay-gradient":""}},"_jetpack_memberships_contains_paid_content":false,"_joinchat":[],"footnotes":""},"categories":[365,3557],"tags":[9797,9799,9795,9798,57,9796,7194,6752],"class_list":["post-40193","post","type-post","status-publish","format-standard","has-post-thumbnail","hentry","category-opinion","category-tercera","tag-abuso-de-poder","tag-acciones-legales","tag-acoso-laboral","tag-dano-moral","tag-derechos","tag-moobing","tag-tips-legales","tag-valeria-vanzetti"],"yoast_head":"<!-- This site is optimized with the Yoast SEO plugin v26.8 - https:\/\/yoast.com\/product\/yoast-seo-wordpress\/ -->\n<title>El acoso laboral o \u201cmoobing\u201d: un abuso de poder - El Regional<\/title>\n<meta name=\"description\" content=\"Este tipo de violencia afecta la salud ps\u00edquica y f\u00edsica de las personas, como as\u00ed tambi\u00e9n su dignidad y su entorno familiar y social.\" \/>\n<meta name=\"robots\" content=\"index, follow, max-snippet:-1, max-image-preview:large, max-video-preview:-1\" \/>\n<link rel=\"canonical\" href=\"http:\/\/elregionalvm.com.ar\/noticias-villa-maria\/el-acoso-laboral-o-moobing-un-abuso-de-poder\/\" \/>\n<meta property=\"og:locale\" content=\"es_ES\" \/>\n<meta property=\"og:type\" content=\"article\" \/>\n<meta property=\"og:title\" content=\"El acoso laboral o \u201cmoobing\u201d: un abuso de poder - El Regional\" \/>\n<meta property=\"og:description\" content=\"Este tipo de violencia afecta la salud ps\u00edquica y f\u00edsica de las personas, como as\u00ed tambi\u00e9n su dignidad y su entorno familiar y social.\" \/>\n<meta property=\"og:url\" content=\"http:\/\/elregionalvm.com.ar\/noticias-villa-maria\/el-acoso-laboral-o-moobing-un-abuso-de-poder\/\" \/>\n<meta property=\"og:site_name\" content=\"El Regional\" \/>\n<meta property=\"article:publisher\" content=\"https:\/\/www.facebook.com\/elregionalvm\" \/>\n<meta property=\"article:published_time\" content=\"2021-06-29T14:02:19+00:00\" \/>\n<meta property=\"article:modified_time\" content=\"2021-06-30T22:13:35+00:00\" \/>\n<meta property=\"og:image\" content=\"http:\/\/elregionalvm.com.ar\/noticias-villa-maria\/wp-content\/uploads\/2021\/06\/Acoso-laboral.jpeg\" \/>\n\t<meta property=\"og:image:width\" content=\"1000\" \/>\n\t<meta property=\"og:image:height\" content=\"668\" \/>\n\t<meta property=\"og:image:type\" content=\"image\/jpeg\" \/>\n<meta name=\"author\" content=\"Contenidos El Regional\" \/>\n<meta name=\"twitter:card\" content=\"summary_large_image\" \/>\n<meta name=\"twitter:creator\" content=\"@elregionalvm1\" \/>\n<meta name=\"twitter:site\" content=\"@elregionalvm1\" \/>\n<meta name=\"twitter:label1\" content=\"Escrito por\" \/>\n\t<meta name=\"twitter:data1\" content=\"Contenidos El Regional\" \/>\n\t<meta name=\"twitter:label2\" content=\"Tiempo de lectura\" \/>\n\t<meta name=\"twitter:data2\" content=\"3 minutos\" \/>\n<script type=\"application\/ld+json\" class=\"yoast-schema-graph\">{\"@context\":\"https:\/\/schema.org\",\"@graph\":[{\"@type\":\"Article\",\"@id\":\"http:\/\/elregionalvm.com.ar\/noticias-villa-maria\/el-acoso-laboral-o-moobing-un-abuso-de-poder\/#article\",\"isPartOf\":{\"@id\":\"http:\/\/elregionalvm.com.ar\/noticias-villa-maria\/el-acoso-laboral-o-moobing-un-abuso-de-poder\/\"},\"author\":{\"name\":\"Contenidos El Regional\",\"@id\":\"http:\/\/elregionalvm.com.ar\/noticias-villa-maria\/#\/schema\/person\/a0fb9c422317faca23d50163151bc354\"},\"headline\":\"El acoso laboral o \u201cmoobing\u201d: un abuso de poder\",\"datePublished\":\"2021-06-29T14:02:19+00:00\",\"dateModified\":\"2021-06-30T22:13:35+00:00\",\"mainEntityOfPage\":{\"@id\":\"http:\/\/elregionalvm.com.ar\/noticias-villa-maria\/el-acoso-laboral-o-moobing-un-abuso-de-poder\/\"},\"wordCount\":596,\"commentCount\":0,\"image\":{\"@id\":\"http:\/\/elregionalvm.com.ar\/noticias-villa-maria\/el-acoso-laboral-o-moobing-un-abuso-de-poder\/#primaryimage\"},\"thumbnailUrl\":\"https:\/\/i0.wp.com\/elregionalvm.com.ar\/noticias-villa-maria\/wp-content\/uploads\/2021\/06\/Acoso-laboral.jpeg?fit=1000%2C668&ssl=1\",\"keywords\":[\"abuso de poder\",\"acciones legales\",\"Acoso laboral\",\"da\u00f1o moral\",\"derechos\",\"Moobing\",\"Tips legales\",\"Valeria Vanzetti\"],\"articleSection\":[\"Opini\u00f3n\",\"tercera\"],\"inLanguage\":\"es\",\"potentialAction\":[{\"@type\":\"CommentAction\",\"name\":\"Comment\",\"target\":[\"http:\/\/elregionalvm.com.ar\/noticias-villa-maria\/el-acoso-laboral-o-moobing-un-abuso-de-poder\/#respond\"]}]},{\"@type\":\"WebPage\",\"@id\":\"http:\/\/elregionalvm.com.ar\/noticias-villa-maria\/el-acoso-laboral-o-moobing-un-abuso-de-poder\/\",\"url\":\"http:\/\/elregionalvm.com.ar\/noticias-villa-maria\/el-acoso-laboral-o-moobing-un-abuso-de-poder\/\",\"name\":\"El acoso laboral o \u201cmoobing\u201d: un abuso de poder - El Regional\",\"isPartOf\":{\"@id\":\"http:\/\/elregionalvm.com.ar\/noticias-villa-maria\/#website\"},\"primaryImageOfPage\":{\"@id\":\"http:\/\/elregionalvm.com.ar\/noticias-villa-maria\/el-acoso-laboral-o-moobing-un-abuso-de-poder\/#primaryimage\"},\"image\":{\"@id\":\"http:\/\/elregionalvm.com.ar\/noticias-villa-maria\/el-acoso-laboral-o-moobing-un-abuso-de-poder\/#primaryimage\"},\"thumbnailUrl\":\"https:\/\/i0.wp.com\/elregionalvm.com.ar\/noticias-villa-maria\/wp-content\/uploads\/2021\/06\/Acoso-laboral.jpeg?fit=1000%2C668&ssl=1\",\"datePublished\":\"2021-06-29T14:02:19+00:00\",\"dateModified\":\"2021-06-30T22:13:35+00:00\",\"author\":{\"@id\":\"http:\/\/elregionalvm.com.ar\/noticias-villa-maria\/#\/schema\/person\/a0fb9c422317faca23d50163151bc354\"},\"description\":\"Este tipo de violencia afecta la salud ps\u00edquica y f\u00edsica de las personas, como as\u00ed tambi\u00e9n su dignidad y su entorno familiar y social.\",\"breadcrumb\":{\"@id\":\"http:\/\/elregionalvm.com.ar\/noticias-villa-maria\/el-acoso-laboral-o-moobing-un-abuso-de-poder\/#breadcrumb\"},\"inLanguage\":\"es\",\"potentialAction\":[{\"@type\":\"ReadAction\",\"target\":[\"http:\/\/elregionalvm.com.ar\/noticias-villa-maria\/el-acoso-laboral-o-moobing-un-abuso-de-poder\/\"]}]},{\"@type\":\"ImageObject\",\"inLanguage\":\"es\",\"@id\":\"http:\/\/elregionalvm.com.ar\/noticias-villa-maria\/el-acoso-laboral-o-moobing-un-abuso-de-poder\/#primaryimage\",\"url\":\"https:\/\/i0.wp.com\/elregionalvm.com.ar\/noticias-villa-maria\/wp-content\/uploads\/2021\/06\/Acoso-laboral.jpeg?fit=1000%2C668&ssl=1\",\"contentUrl\":\"https:\/\/i0.wp.com\/elregionalvm.com.ar\/noticias-villa-maria\/wp-content\/uploads\/2021\/06\/Acoso-laboral.jpeg?fit=1000%2C668&ssl=1\",\"width\":1000,\"height\":668},{\"@type\":\"BreadcrumbList\",\"@id\":\"http:\/\/elregionalvm.com.ar\/noticias-villa-maria\/el-acoso-laboral-o-moobing-un-abuso-de-poder\/#breadcrumb\",\"itemListElement\":[{\"@type\":\"ListItem\",\"position\":1,\"name\":\"Portada\",\"item\":\"https:\/\/elregionalvm.com.ar\/noticias-villa-maria\/\"},{\"@type\":\"ListItem\",\"position\":2,\"name\":\"El acoso laboral o \u201cmoobing\u201d: un abuso de poder\"}]},{\"@type\":\"WebSite\",\"@id\":\"http:\/\/elregionalvm.com.ar\/noticias-villa-maria\/#website\",\"url\":\"http:\/\/elregionalvm.com.ar\/noticias-villa-maria\/\",\"name\":\"El Regional\",\"description\":\"Mucho m\u00e1s que informaci\u00f3n\",\"potentialAction\":[{\"@type\":\"SearchAction\",\"target\":{\"@type\":\"EntryPoint\",\"urlTemplate\":\"http:\/\/elregionalvm.com.ar\/noticias-villa-maria\/?s={search_term_string}\"},\"query-input\":{\"@type\":\"PropertyValueSpecification\",\"valueRequired\":true,\"valueName\":\"search_term_string\"}}],\"inLanguage\":\"es\"},{\"@type\":\"Person\",\"@id\":\"http:\/\/elregionalvm.com.ar\/noticias-villa-maria\/#\/schema\/person\/a0fb9c422317faca23d50163151bc354\",\"name\":\"Contenidos El Regional\",\"image\":{\"@type\":\"ImageObject\",\"inLanguage\":\"es\",\"@id\":\"http:\/\/elregionalvm.com.ar\/noticias-villa-maria\/#\/schema\/person\/image\/\",\"url\":\"https:\/\/secure.gravatar.com\/avatar\/265b27cb2209af7bb3a1318f03305787d7981a5cc6e6cd08fe5a4ecdf99d4b48?s=96&d=mm&r=g\",\"contentUrl\":\"https:\/\/secure.gravatar.com\/avatar\/265b27cb2209af7bb3a1318f03305787d7981a5cc6e6cd08fe5a4ecdf99d4b48?s=96&d=mm&r=g\",\"caption\":\"Contenidos El Regional\"},\"url\":\"https:\/\/elregionalvm.com.ar\/noticias-villa-maria\/author\/contenido\/\"}]}<\/script>\n<!-- \/ Yoast SEO plugin. -->","yoast_head_json":{"title":"El acoso laboral o \u201cmoobing\u201d: un abuso de poder - El Regional","description":"Este tipo de violencia afecta la salud ps\u00edquica y f\u00edsica de las personas, como as\u00ed tambi\u00e9n su dignidad y su entorno familiar y social.","robots":{"index":"index","follow":"follow","max-snippet":"max-snippet:-1","max-image-preview":"max-image-preview:large","max-video-preview":"max-video-preview:-1"},"canonical":"http:\/\/elregionalvm.com.ar\/noticias-villa-maria\/el-acoso-laboral-o-moobing-un-abuso-de-poder\/","og_locale":"es_ES","og_type":"article","og_title":"El acoso laboral o \u201cmoobing\u201d: un abuso de poder - El Regional","og_description":"Este tipo de violencia afecta la salud ps\u00edquica y f\u00edsica de las personas, como as\u00ed tambi\u00e9n su dignidad y su entorno familiar y social.","og_url":"http:\/\/elregionalvm.com.ar\/noticias-villa-maria\/el-acoso-laboral-o-moobing-un-abuso-de-poder\/","og_site_name":"El Regional","article_publisher":"https:\/\/www.facebook.com\/elregionalvm","article_published_time":"2021-06-29T14:02:19+00:00","article_modified_time":"2021-06-30T22:13:35+00:00","og_image":[{"width":1000,"height":668,"url":"http:\/\/elregionalvm.com.ar\/noticias-villa-maria\/wp-content\/uploads\/2021\/06\/Acoso-laboral.jpeg","type":"image\/jpeg"}],"author":"Contenidos El Regional","twitter_card":"summary_large_image","twitter_creator":"@elregionalvm1","twitter_site":"@elregionalvm1","twitter_misc":{"Escrito por":"Contenidos El Regional","Tiempo de lectura":"3 minutos"},"schema":{"@context":"https:\/\/schema.org","@graph":[{"@type":"Article","@id":"http:\/\/elregionalvm.com.ar\/noticias-villa-maria\/el-acoso-laboral-o-moobing-un-abuso-de-poder\/#article","isPartOf":{"@id":"http:\/\/elregionalvm.com.ar\/noticias-villa-maria\/el-acoso-laboral-o-moobing-un-abuso-de-poder\/"},"author":{"name":"Contenidos El Regional","@id":"http:\/\/elregionalvm.com.ar\/noticias-villa-maria\/#\/schema\/person\/a0fb9c422317faca23d50163151bc354"},"headline":"El acoso laboral o \u201cmoobing\u201d: un abuso de poder","datePublished":"2021-06-29T14:02:19+00:00","dateModified":"2021-06-30T22:13:35+00:00","mainEntityOfPage":{"@id":"http:\/\/elregionalvm.com.ar\/noticias-villa-maria\/el-acoso-laboral-o-moobing-un-abuso-de-poder\/"},"wordCount":596,"commentCount":0,"image":{"@id":"http:\/\/elregionalvm.com.ar\/noticias-villa-maria\/el-acoso-laboral-o-moobing-un-abuso-de-poder\/#primaryimage"},"thumbnailUrl":"https:\/\/i0.wp.com\/elregionalvm.com.ar\/noticias-villa-maria\/wp-content\/uploads\/2021\/06\/Acoso-laboral.jpeg?fit=1000%2C668&ssl=1","keywords":["abuso de poder","acciones legales","Acoso laboral","da\u00f1o moral","derechos","Moobing","Tips legales","Valeria Vanzetti"],"articleSection":["Opini\u00f3n","tercera"],"inLanguage":"es","potentialAction":[{"@type":"CommentAction","name":"Comment","target":["http:\/\/elregionalvm.com.ar\/noticias-villa-maria\/el-acoso-laboral-o-moobing-un-abuso-de-poder\/#respond"]}]},{"@type":"WebPage","@id":"http:\/\/elregionalvm.com.ar\/noticias-villa-maria\/el-acoso-laboral-o-moobing-un-abuso-de-poder\/","url":"http:\/\/elregionalvm.com.ar\/noticias-villa-maria\/el-acoso-laboral-o-moobing-un-abuso-de-poder\/","name":"El acoso laboral o \u201cmoobing\u201d: un abuso de poder - El Regional","isPartOf":{"@id":"http:\/\/elregionalvm.com.ar\/noticias-villa-maria\/#website"},"primaryImageOfPage":{"@id":"http:\/\/elregionalvm.com.ar\/noticias-villa-maria\/el-acoso-laboral-o-moobing-un-abuso-de-poder\/#primaryimage"},"image":{"@id":"http:\/\/elregionalvm.com.ar\/noticias-villa-maria\/el-acoso-laboral-o-moobing-un-abuso-de-poder\/#primaryimage"},"thumbnailUrl":"https:\/\/i0.wp.com\/elregionalvm.com.ar\/noticias-villa-maria\/wp-content\/uploads\/2021\/06\/Acoso-laboral.jpeg?fit=1000%2C668&ssl=1","datePublished":"2021-06-29T14:02:19+00:00","dateModified":"2021-06-30T22:13:35+00:00","author":{"@id":"http:\/\/elregionalvm.com.ar\/noticias-villa-maria\/#\/schema\/person\/a0fb9c422317faca23d50163151bc354"},"description":"Este tipo de violencia afecta la salud ps\u00edquica y f\u00edsica de las personas, como as\u00ed tambi\u00e9n su dignidad y su entorno familiar y social.","breadcrumb":{"@id":"http:\/\/elregionalvm.com.ar\/noticias-villa-maria\/el-acoso-laboral-o-moobing-un-abuso-de-poder\/#breadcrumb"},"inLanguage":"es","potentialAction":[{"@type":"ReadAction","target":["http:\/\/elregionalvm.com.ar\/noticias-villa-maria\/el-acoso-laboral-o-moobing-un-abuso-de-poder\/"]}]},{"@type":"ImageObject","inLanguage":"es","@id":"http:\/\/elregionalvm.com.ar\/noticias-villa-maria\/el-acoso-laboral-o-moobing-un-abuso-de-poder\/#primaryimage","url":"https:\/\/i0.wp.com\/elregionalvm.com.ar\/noticias-villa-maria\/wp-content\/uploads\/2021\/06\/Acoso-laboral.jpeg?fit=1000%2C668&ssl=1","contentUrl":"https:\/\/i0.wp.com\/elregionalvm.com.ar\/noticias-villa-maria\/wp-content\/uploads\/2021\/06\/Acoso-laboral.jpeg?fit=1000%2C668&ssl=1","width":1000,"height":668},{"@type":"BreadcrumbList","@id":"http:\/\/elregionalvm.com.ar\/noticias-villa-maria\/el-acoso-laboral-o-moobing-un-abuso-de-poder\/#breadcrumb","itemListElement":[{"@type":"ListItem","position":1,"name":"Portada","item":"https:\/\/elregionalvm.com.ar\/noticias-villa-maria\/"},{"@type":"ListItem","position":2,"name":"El acoso laboral o \u201cmoobing\u201d: un abuso de poder"}]},{"@type":"WebSite","@id":"http:\/\/elregionalvm.com.ar\/noticias-villa-maria\/#website","url":"http:\/\/elregionalvm.com.ar\/noticias-villa-maria\/","name":"El Regional","description":"Mucho m\u00e1s que informaci\u00f3n","potentialAction":[{"@type":"SearchAction","target":{"@type":"EntryPoint","urlTemplate":"http:\/\/elregionalvm.com.ar\/noticias-villa-maria\/?s={search_term_string}"},"query-input":{"@type":"PropertyValueSpecification","valueRequired":true,"valueName":"search_term_string"}}],"inLanguage":"es"},{"@type":"Person","@id":"http:\/\/elregionalvm.com.ar\/noticias-villa-maria\/#\/schema\/person\/a0fb9c422317faca23d50163151bc354","name":"Contenidos El Regional","image":{"@type":"ImageObject","inLanguage":"es","@id":"http:\/\/elregionalvm.com.ar\/noticias-villa-maria\/#\/schema\/person\/image\/","url":"https:\/\/secure.gravatar.com\/avatar\/265b27cb2209af7bb3a1318f03305787d7981a5cc6e6cd08fe5a4ecdf99d4b48?s=96&d=mm&r=g","contentUrl":"https:\/\/secure.gravatar.com\/avatar\/265b27cb2209af7bb3a1318f03305787d7981a5cc6e6cd08fe5a4ecdf99d4b48?s=96&d=mm&r=g","caption":"Contenidos El Regional"},"url":"https:\/\/elregionalvm.com.ar\/noticias-villa-maria\/author\/contenido\/"}]}},"jetpack_featured_media_url":"https:\/\/i0.wp.com\/elregionalvm.com.ar\/noticias-villa-maria\/wp-content\/uploads\/2021\/06\/Acoso-laboral.jpeg?fit=1000%2C668&ssl=1","jetpack_sharing_enabled":true,"_links":{"self":[{"href":"https:\/\/elregionalvm.com.ar\/noticias-villa-maria\/wp-json\/wp\/v2\/posts\/40193","targetHints":{"allow":["GET"]}}],"collection":[{"href":"https:\/\/elregionalvm.com.ar\/noticias-villa-maria\/wp-json\/wp\/v2\/posts"}],"about":[{"href":"https:\/\/elregionalvm.com.ar\/noticias-villa-maria\/wp-json\/wp\/v2\/types\/post"}],"author":[{"embeddable":true,"href":"https:\/\/elregionalvm.com.ar\/noticias-villa-maria\/wp-json\/wp\/v2\/users\/4"}],"replies":[{"embeddable":true,"href":"https:\/\/elregionalvm.com.ar\/noticias-villa-maria\/wp-json\/wp\/v2\/comments?post=40193"}],"version-history":[{"count":2,"href":"https:\/\/elregionalvm.com.ar\/noticias-villa-maria\/wp-json\/wp\/v2\/posts\/40193\/revisions"}],"predecessor-version":[{"id":40200,"href":"https:\/\/elregionalvm.com.ar\/noticias-villa-maria\/wp-json\/wp\/v2\/posts\/40193\/revisions\/40200"}],"wp:featuredmedia":[{"embeddable":true,"href":"https:\/\/elregionalvm.com.ar\/noticias-villa-maria\/wp-json\/wp\/v2\/media\/40197"}],"wp:attachment":[{"href":"https:\/\/elregionalvm.com.ar\/noticias-villa-maria\/wp-json\/wp\/v2\/media?parent=40193"}],"wp:term":[{"taxonomy":"category","embeddable":true,"href":"https:\/\/elregionalvm.com.ar\/noticias-villa-maria\/wp-json\/wp\/v2\/categories?post=40193"},{"taxonomy":"post_tag","embeddable":true,"href":"https:\/\/elregionalvm.com.ar\/noticias-villa-maria\/wp-json\/wp\/v2\/tags?post=40193"}],"curies":[{"name":"wp","href":"https:\/\/api.w.org\/{rel}","templated":true}]}}