{"id":40201,"date":"2021-06-29T20:09:59","date_gmt":"2021-06-29T20:09:59","guid":{"rendered":"https:\/\/elregionalvm.com.ar\/noticias-villa-maria\/?p=40201"},"modified":"2021-06-30T01:52:00","modified_gmt":"2021-06-30T01:52:00","slug":"tango-y-pasion-la-primera-bandoneonista-argentina","status":"publish","type":"post","link":"https:\/\/elregionalvm.com.ar\/noticias-villa-maria\/tango-y-pasion-la-primera-bandoneonista-argentina\/","title":{"rendered":"Tango y pasi\u00f3n: La primera bandoneonista argentina"},"content":{"rendered":"\n<p><\/p>\n\n\n\n<p><strong>Escribe: Julio A. Ben\u00edtez &#8211; <a href=\"mailto:benitezjulioalberto@gmail.com\">benitezjulioalberto@gmail.com<\/a><\/strong><\/p>\n\n\n\n<p><\/p>\n\n\n\n<p>\u201cPaquita\u201d Bernardo, apodada \u201cLa Flor de Villa Crespo\u201d (1 de mayo de 1900 \u2013 14 de abril de 1925), cuyo verdadero nombre era Francisca Cruz Bernardo, fue una compositora de tangos y la primera bandoneonista profesional argentina.<\/p>\n\n\n\n<p>Era hija del matrimonio de los inmigrantes espa\u00f1oles Jos\u00e9 Mar\u00eda Bernardo, nacido en 1860 en Almer\u00eda (Andaluc\u00eda) y Mar\u00eda Jim\u00e9nez, tambi\u00e9n del sur espa\u00f1ol. Tuvieron 8 hijos, 4 varones y 4 mujeres. \u201cPaquita\u201d fue la hermana n\u00famero cinco, todos nacidos en la calle Gorriti casi esquina Canning (actual Scalabrini Ortiz).<\/p>\n\n\n\n<p>Realiz\u00f3 sus estudios primarios, demostrando inclinaci\u00f3n por la m\u00fasica, por lo que sus padres, que ten\u00edan buen pasar, la enviaron en 1915 a estudiar piano en el conservatorio de la profesora Catalina Torres.<\/p>\n\n\n\n<p>Al mismo lugar concurr\u00eda a estudiar bandone\u00f3n el joven Jos\u00e9 Servicio, apodado \u201cBalija\u201d, quien con los a\u00f1os devendr\u00eda en ser un conocido m\u00fasico y fue el autor del tango \u201cEl bul\u00edn de la calle Ayacucho\u201d.<\/p>\n\n\n\n<p><\/p>\n\n\n\n<figure class=\"wp-block-image size-large\"><img data-recalc-dims=\"1\" fetchpriority=\"high\" decoding=\"async\" width=\"1000\" height=\"750\" src=\"https:\/\/i0.wp.com\/elregionalvm.com.ar\/noticias-villa-maria\/wp-content\/uploads\/2021\/06\/Paquita-Bernardo-1920.jpg?resize=1000%2C750&#038;ssl=1\" alt=\"\" class=\"wp-image-40202\" srcset=\"https:\/\/i0.wp.com\/elregionalvm.com.ar\/noticias-villa-maria\/wp-content\/uploads\/2021\/06\/Paquita-Bernardo-1920.jpg?w=1000&amp;ssl=1 1000w, https:\/\/i0.wp.com\/elregionalvm.com.ar\/noticias-villa-maria\/wp-content\/uploads\/2021\/06\/Paquita-Bernardo-1920.jpg?resize=300%2C225&amp;ssl=1 300w, https:\/\/i0.wp.com\/elregionalvm.com.ar\/noticias-villa-maria\/wp-content\/uploads\/2021\/06\/Paquita-Bernardo-1920.jpg?resize=768%2C576&amp;ssl=1 768w\" sizes=\"(max-width: 1000px) 100vw, 1000px\" \/><figcaption><em>Una de sus canciones, cuando le pusieron letra, fue cantada por Gardel. <\/em><\/figcaption><\/figure>\n\n\n\n<p><\/p>\n\n\n\n<p><strong>\u201cArte\u201d inapropiado<\/strong><\/p>\n\n\n\n<p>Al conocer ese instrumento y advertir su preferencia por \u00e9l, comenz\u00f3 a estudiarlo con la ayuda del m\u00e9todo Augusto Pedro Berto. T\u00e9ngase en cuenta que en esos a\u00f1os se consideraba que los instrumentos musicales que se pod\u00edan estudiar eran guitarra o piano, porque el bandone\u00f3n, cuya ejecuci\u00f3n obligaba a abrir y cerrar las piernas, era inapropiado para ellas.<\/p>\n\n\n\n<p>Sin embargo, a partir de 1920 comenz\u00f3 a actuar en diversos caf\u00e9s y salones, principalmente de Villa Crespo, donde naci\u00f3 su apodo. Iba acompa\u00f1ada con sus hermanos Arturo, que era baterista o Enrique, propietario de un taxi. Nunca visti\u00f3 pantalones, a veces reemplazaba la blusa por una camisa y corbata.<\/p>\n\n\n\n<p>En 1921 fue contratada por el bar \u201cDom\u00ednguez\u201d ubicado en la calle Corrientes 1537 por 600 pesos mensuales, una importante suma para esa \u00e9poca, en el sexteto denominado \u201cOrquesta Paquita\u201d, que integraba con los j\u00f3venes Osvaldo Pugliese en piano, Alcides Palavecino y Elvino Vardaro en violines, Miguel Loduca en flauta y su hermano Arturo Bernardo en bater\u00eda.<\/p>\n\n\n\n<p>All\u00ed estaba \u201cPaquita\u201d, cara redonda, ojos oscuros, larga melena con rulos, blusa blanca, falda negra, sentada sosteniendo el bandone\u00f3n sobre sus rodillas, con los pies apoyados en un almohad\u00f3n recamado, y el p\u00fablico acud\u00eda a verla y escuchar su ritmo en tal cantidad que la polic\u00eda deb\u00eda cortar el tr\u00e1nsito de la calle Corrientes, que en esa \u00e9poca era angosta.<\/p>\n\n\n\n<p><\/p>\n\n\n\n<figure class=\"wp-block-embed is-type-video is-provider-youtube wp-block-embed-youtube wp-embed-aspect-16-9 wp-has-aspect-ratio\"><div class=\"wp-block-embed__wrapper\">\n<iframe title=\"La Paquita film documental Paquita Bernardo de Gladys Gazzero\" width=\"500\" height=\"281\" src=\"https:\/\/www.youtube.com\/embed\/WsikYJ7Rx7A?feature=oembed\" frameborder=\"0\" allow=\"accelerometer; autoplay; clipboard-write; encrypted-media; gyroscope; picture-in-picture; web-share\" referrerpolicy=\"strict-origin-when-cross-origin\" allowfullscreen><\/iframe>\n<\/div><figcaption><em>Documental sobre la primera bandoneonista argentina. <\/em><\/figcaption><\/figure>\n\n\n\n<p><\/p>\n\n\n\n<p><strong>Actuaciones<\/strong><\/p>\n\n\n\n<p>Actu\u00f3 en la inauguraci\u00f3n de \u201cRadio Cultura\u201d tocando tangos acompa\u00f1ada por el pianista Jos\u00e9 Tanga quien integrar\u00eda luego el conjunto de Francisco Lomuto. Tambi\u00e9n actu\u00f3 en los bares \u201cLa Paloma\u201d, \u201cLa Glorieta\u201d y \u201cLa Terraza\u201d, as\u00ed como en el balneario municipal ubicado en la Costanera sur y en la confiter\u00eda \u201c18 de Julio\u201d de la ciudad de Montevideo.<\/p>\n\n\n\n<p>En 1923 fue la \u00fanica m\u00fasica que actu\u00f3 en \u201cLa Gran Fiesta del Tango\u201d, organizada por la Sociedad de Compositores en el teatro \u201cColiseo\u201d.<\/p>\n\n\n\n<p>Desde el 10 de diciembre de 1924 hasta fines de febrero de 1925 se present\u00f3 en al teatro \u201cSmart\u201d con la compa\u00f1\u00eda de Blanca Podest\u00e1 actuando en el fin de fiesta con Jos\u00e9 Tanga, Manuel Vicente, Bartolo L\u00f3pez, Miguel Loduca, Arturo Bernardo y el cantor Florindo Ferrario. En el mismo teatro, en ocasi\u00f3n de hacerse un homenaje al m\u00fasico Amadeo Vives, intervino acompa\u00f1ada por el pianista Enrique Delfino.<\/p>\n\n\n\n<p><strong>La voz de Gardel<\/strong><\/p>\n\n\n\n<p>Compuso unas quince piezas musicales, comenzando con el tango Floreal que grab\u00f3 Juan Carlos Cobi\u00e1n, continuando con Villa Crespo, Cerro Divino y Cachito, este dedicado a Horacio J. Dom\u00ednguez, hijo del propietario del Caf\u00e9 Dom\u00ednguez, que se convirti\u00f3 en La Enmascarada. Y cuando le puso letra Francisco Garc\u00eda Gim\u00e9nez fue cantado por Carlos Gardel.<\/p>\n\n\n\n<p>Tambi\u00e9n compuso So\u00f1ando, con letra de Eugenio C\u00e1rdenas, obra que en 1924 recibi\u00f3 el sexto premio en el primer concurso de tangos organizado en el Teatro Grand Splendid. Otros tangos fueron La Luci\u00e9rnaga y los pasodobles Dejadme Solo y La Maja.<\/p>\n\n\n\n<p>No lleg\u00f3 a grabar ning\u00fan disco, falleci\u00f3 en su barrio de Villa Crespo el 14 de abril de 1925 como consecuencia de las complicaciones derivadas de un resfr\u00edo mal curado, pero otras versiones refieren que padec\u00eda de tuberculosis.<\/p>\n\n\n\n<p><strong>Fuente: <em>\u201cVilla Crespo &#8211; Francisca Cruz Bernardo \u2013 Escribi\u00f3 el bandoneonista Horacio Germ\u00e1n Gim\u00e9nez el 24 de diciembre de 2008\u201d.<\/em><\/strong><\/p>\n","protected":false},"excerpt":{"rendered":"<p>Escribe: Julio A. Ben\u00edtez &#8211; benitezjulioalberto@gmail.com \u201cPaquita\u201d Bernardo, apodada \u201cLa Flor de Villa Crespo\u201d (1 de mayo de 1900 \u2013 14 de abril de 1925), cuyo verdadero nombre era Francisca Cruz Bernardo, fue una compositora de tangos y la primera bandoneonista profesional argentina. Era hija del matrimonio de los inmigrantes espa\u00f1oles Jos\u00e9 Mar\u00eda Bernardo, nacido [&hellip;]<\/p>\n","protected":false},"author":4,"featured_media":40203,"comment_status":"open","ping_status":"open","sticky":false,"template":"","format":"standard","meta":{"site-sidebar-layout":"default","site-content-layout":"default","ast-site-content-layout":"default","site-content-style":"default","site-sidebar-style":"default","ast-global-header-display":"","ast-banner-title-visibility":"","ast-main-header-display":"","ast-hfb-above-header-display":"","ast-hfb-below-header-display":"","ast-hfb-mobile-header-display":"","site-post-title":"","ast-breadcrumbs-content":"","ast-featured-img":"","footer-sml-layout":"","ast-disable-related-posts":"","theme-transparent-header-meta":"default","adv-header-id-meta":"","stick-header-meta":"","header-above-stick-meta":"","header-main-stick-meta":"","header-below-stick-meta":"","astra-migrate-meta-layouts":"default","ast-page-background-enabled":"default","ast-page-background-meta":{"desktop":{"background-color":"","background-image":"","background-repeat":"repeat","background-position":"center center","background-size":"auto","background-attachment":"scroll","background-type":"","background-media":"","overlay-type":"","overlay-color":"","overlay-opacity":"","overlay-gradient":""},"tablet":{"background-color":"","background-image":"","background-repeat":"repeat","background-position":"center center","background-size":"auto","background-attachment":"scroll","background-type":"","background-media":"","overlay-type":"","overlay-color":"","overlay-opacity":"","overlay-gradient":""},"mobile":{"background-color":"","background-image":"","background-repeat":"repeat","background-position":"center center","background-size":"auto","background-attachment":"scroll","background-type":"","background-media":"","overlay-type":"","overlay-color":"","overlay-opacity":"","overlay-gradient":""}},"ast-content-background-meta":{"desktop":{"background-color":"var(--ast-global-color-5)","background-image":"","background-repeat":"repeat","background-position":"center center","background-size":"auto","background-attachment":"scroll","background-type":"","background-media":"","overlay-type":"","overlay-color":"","overlay-opacity":"","overlay-gradient":""},"tablet":{"background-color":"var(--ast-global-color-5)","background-image":"","background-repeat":"repeat","background-position":"center center","background-size":"auto","background-attachment":"scroll","background-type":"","background-media":"","overlay-type":"","overlay-color":"","overlay-opacity":"","overlay-gradient":""},"mobile":{"background-color":"var(--ast-global-color-5)","background-image":"","background-repeat":"repeat","background-position":"center center","background-size":"auto","background-attachment":"scroll","background-type":"","background-media":"","overlay-type":"","overlay-color":"","overlay-opacity":"","overlay-gradient":""}},"_jetpack_memberships_contains_paid_content":false,"_joinchat":[],"footnotes":""},"categories":[2098,2323],"tags":[7643,4505,3440,9800,370],"class_list":["post-40201","post","type-post","status-publish","format-standard","has-post-thumbnail","hentry","category-historias","category-notas-secundarias","tag-bandoneon","tag-carlos-gardel","tag-pasion-2","tag-primera-bandoneonista","tag-tango"],"yoast_head":"<!-- This site is optimized with the Yoast SEO plugin v26.8 - https:\/\/yoast.com\/product\/yoast-seo-wordpress\/ -->\n<title>Tango y pasi\u00f3n: La primera bandoneonista argentina - El Regional<\/title>\n<meta name=\"description\" content=\"\u201cPaquita\u201d, cara redonda, ojos oscuros, larga melena con rulos, blusa blanca, falda negra, sentada con el bandone\u00f3n sobre sus rodillas.\" \/>\n<meta name=\"robots\" content=\"index, follow, max-snippet:-1, max-image-preview:large, max-video-preview:-1\" \/>\n<link rel=\"canonical\" href=\"http:\/\/elregionalvm.com.ar\/noticias-villa-maria\/tango-y-pasion-la-primera-bandoneonista-argentina\/\" \/>\n<meta property=\"og:locale\" content=\"es_ES\" \/>\n<meta property=\"og:type\" content=\"article\" \/>\n<meta property=\"og:title\" content=\"Tango y pasi\u00f3n: La primera bandoneonista argentina - El Regional\" \/>\n<meta property=\"og:description\" content=\"\u201cPaquita\u201d, cara redonda, ojos oscuros, larga melena con rulos, blusa blanca, falda negra, sentada con el bandone\u00f3n sobre sus rodillas.\" \/>\n<meta property=\"og:url\" content=\"http:\/\/elregionalvm.com.ar\/noticias-villa-maria\/tango-y-pasion-la-primera-bandoneonista-argentina\/\" \/>\n<meta property=\"og:site_name\" content=\"El Regional\" \/>\n<meta property=\"article:publisher\" content=\"https:\/\/www.facebook.com\/elregionalvm\" \/>\n<meta property=\"article:published_time\" content=\"2021-06-29T20:09:59+00:00\" \/>\n<meta property=\"article:modified_time\" content=\"2021-06-30T01:52:00+00:00\" \/>\n<meta property=\"og:image\" content=\"http:\/\/elregionalvm.com.ar\/noticias-villa-maria\/wp-content\/uploads\/2021\/06\/Paquita-Bernardo-primera-bandoneonista.jpg\" \/>\n\t<meta property=\"og:image:width\" content=\"887\" \/>\n\t<meta property=\"og:image:height\" content=\"633\" \/>\n\t<meta property=\"og:image:type\" content=\"image\/jpeg\" \/>\n<meta name=\"author\" content=\"Contenidos El Regional\" \/>\n<meta name=\"twitter:card\" content=\"summary_large_image\" \/>\n<meta name=\"twitter:creator\" content=\"@elregionalvm1\" \/>\n<meta name=\"twitter:site\" content=\"@elregionalvm1\" \/>\n<meta name=\"twitter:label1\" content=\"Escrito por\" \/>\n\t<meta name=\"twitter:data1\" content=\"Contenidos El Regional\" \/>\n\t<meta name=\"twitter:label2\" content=\"Tiempo de lectura\" \/>\n\t<meta name=\"twitter:data2\" content=\"4 minutos\" \/>\n<script type=\"application\/ld+json\" class=\"yoast-schema-graph\">{\"@context\":\"https:\/\/schema.org\",\"@graph\":[{\"@type\":\"Article\",\"@id\":\"http:\/\/elregionalvm.com.ar\/noticias-villa-maria\/tango-y-pasion-la-primera-bandoneonista-argentina\/#article\",\"isPartOf\":{\"@id\":\"http:\/\/elregionalvm.com.ar\/noticias-villa-maria\/tango-y-pasion-la-primera-bandoneonista-argentina\/\"},\"author\":{\"name\":\"Contenidos El Regional\",\"@id\":\"http:\/\/elregionalvm.com.ar\/noticias-villa-maria\/#\/schema\/person\/a0fb9c422317faca23d50163151bc354\"},\"headline\":\"Tango y pasi\u00f3n: La primera bandoneonista argentina\",\"datePublished\":\"2021-06-29T20:09:59+00:00\",\"dateModified\":\"2021-06-30T01:52:00+00:00\",\"mainEntityOfPage\":{\"@id\":\"http:\/\/elregionalvm.com.ar\/noticias-villa-maria\/tango-y-pasion-la-primera-bandoneonista-argentina\/\"},\"wordCount\":767,\"commentCount\":0,\"image\":{\"@id\":\"http:\/\/elregionalvm.com.ar\/noticias-villa-maria\/tango-y-pasion-la-primera-bandoneonista-argentina\/#primaryimage\"},\"thumbnailUrl\":\"https:\/\/i0.wp.com\/elregionalvm.com.ar\/noticias-villa-maria\/wp-content\/uploads\/2021\/06\/Paquita-Bernardo-primera-bandoneonista.jpg?fit=887%2C633&ssl=1\",\"keywords\":[\"Bandon\u00e9on\",\"Carlos Gardel\",\"Pasi\u00f3n\",\"Primera bandoneonista\",\"tango\"],\"articleSection\":[\"Historias\",\"Notas\"],\"inLanguage\":\"es\",\"potentialAction\":[{\"@type\":\"CommentAction\",\"name\":\"Comment\",\"target\":[\"http:\/\/elregionalvm.com.ar\/noticias-villa-maria\/tango-y-pasion-la-primera-bandoneonista-argentina\/#respond\"]}]},{\"@type\":\"WebPage\",\"@id\":\"http:\/\/elregionalvm.com.ar\/noticias-villa-maria\/tango-y-pasion-la-primera-bandoneonista-argentina\/\",\"url\":\"http:\/\/elregionalvm.com.ar\/noticias-villa-maria\/tango-y-pasion-la-primera-bandoneonista-argentina\/\",\"name\":\"Tango y pasi\u00f3n: La primera bandoneonista argentina - El Regional\",\"isPartOf\":{\"@id\":\"http:\/\/elregionalvm.com.ar\/noticias-villa-maria\/#website\"},\"primaryImageOfPage\":{\"@id\":\"http:\/\/elregionalvm.com.ar\/noticias-villa-maria\/tango-y-pasion-la-primera-bandoneonista-argentina\/#primaryimage\"},\"image\":{\"@id\":\"http:\/\/elregionalvm.com.ar\/noticias-villa-maria\/tango-y-pasion-la-primera-bandoneonista-argentina\/#primaryimage\"},\"thumbnailUrl\":\"https:\/\/i0.wp.com\/elregionalvm.com.ar\/noticias-villa-maria\/wp-content\/uploads\/2021\/06\/Paquita-Bernardo-primera-bandoneonista.jpg?fit=887%2C633&ssl=1\",\"datePublished\":\"2021-06-29T20:09:59+00:00\",\"dateModified\":\"2021-06-30T01:52:00+00:00\",\"author\":{\"@id\":\"http:\/\/elregionalvm.com.ar\/noticias-villa-maria\/#\/schema\/person\/a0fb9c422317faca23d50163151bc354\"},\"description\":\"\u201cPaquita\u201d, cara redonda, ojos oscuros, larga melena con rulos, blusa blanca, falda negra, sentada con el bandone\u00f3n sobre sus rodillas.\",\"breadcrumb\":{\"@id\":\"http:\/\/elregionalvm.com.ar\/noticias-villa-maria\/tango-y-pasion-la-primera-bandoneonista-argentina\/#breadcrumb\"},\"inLanguage\":\"es\",\"potentialAction\":[{\"@type\":\"ReadAction\",\"target\":[\"http:\/\/elregionalvm.com.ar\/noticias-villa-maria\/tango-y-pasion-la-primera-bandoneonista-argentina\/\"]}]},{\"@type\":\"ImageObject\",\"inLanguage\":\"es\",\"@id\":\"http:\/\/elregionalvm.com.ar\/noticias-villa-maria\/tango-y-pasion-la-primera-bandoneonista-argentina\/#primaryimage\",\"url\":\"https:\/\/i0.wp.com\/elregionalvm.com.ar\/noticias-villa-maria\/wp-content\/uploads\/2021\/06\/Paquita-Bernardo-primera-bandoneonista.jpg?fit=887%2C633&ssl=1\",\"contentUrl\":\"https:\/\/i0.wp.com\/elregionalvm.com.ar\/noticias-villa-maria\/wp-content\/uploads\/2021\/06\/Paquita-Bernardo-primera-bandoneonista.jpg?fit=887%2C633&ssl=1\",\"width\":887,\"height\":633},{\"@type\":\"BreadcrumbList\",\"@id\":\"http:\/\/elregionalvm.com.ar\/noticias-villa-maria\/tango-y-pasion-la-primera-bandoneonista-argentina\/#breadcrumb\",\"itemListElement\":[{\"@type\":\"ListItem\",\"position\":1,\"name\":\"Portada\",\"item\":\"https:\/\/elregionalvm.com.ar\/noticias-villa-maria\/\"},{\"@type\":\"ListItem\",\"position\":2,\"name\":\"Tango y pasi\u00f3n: La primera bandoneonista argentina\"}]},{\"@type\":\"WebSite\",\"@id\":\"http:\/\/elregionalvm.com.ar\/noticias-villa-maria\/#website\",\"url\":\"http:\/\/elregionalvm.com.ar\/noticias-villa-maria\/\",\"name\":\"El Regional\",\"description\":\"Mucho m\u00e1s que informaci\u00f3n\",\"potentialAction\":[{\"@type\":\"SearchAction\",\"target\":{\"@type\":\"EntryPoint\",\"urlTemplate\":\"http:\/\/elregionalvm.com.ar\/noticias-villa-maria\/?s={search_term_string}\"},\"query-input\":{\"@type\":\"PropertyValueSpecification\",\"valueRequired\":true,\"valueName\":\"search_term_string\"}}],\"inLanguage\":\"es\"},{\"@type\":\"Person\",\"@id\":\"http:\/\/elregionalvm.com.ar\/noticias-villa-maria\/#\/schema\/person\/a0fb9c422317faca23d50163151bc354\",\"name\":\"Contenidos El Regional\",\"image\":{\"@type\":\"ImageObject\",\"inLanguage\":\"es\",\"@id\":\"http:\/\/elregionalvm.com.ar\/noticias-villa-maria\/#\/schema\/person\/image\/\",\"url\":\"https:\/\/secure.gravatar.com\/avatar\/265b27cb2209af7bb3a1318f03305787d7981a5cc6e6cd08fe5a4ecdf99d4b48?s=96&d=mm&r=g\",\"contentUrl\":\"https:\/\/secure.gravatar.com\/avatar\/265b27cb2209af7bb3a1318f03305787d7981a5cc6e6cd08fe5a4ecdf99d4b48?s=96&d=mm&r=g\",\"caption\":\"Contenidos El Regional\"},\"url\":\"https:\/\/elregionalvm.com.ar\/noticias-villa-maria\/author\/contenido\/\"}]}<\/script>\n<!-- \/ Yoast SEO plugin. -->","yoast_head_json":{"title":"Tango y pasi\u00f3n: La primera bandoneonista argentina - El Regional","description":"\u201cPaquita\u201d, cara redonda, ojos oscuros, larga melena con rulos, blusa blanca, falda negra, sentada con el bandone\u00f3n sobre sus rodillas.","robots":{"index":"index","follow":"follow","max-snippet":"max-snippet:-1","max-image-preview":"max-image-preview:large","max-video-preview":"max-video-preview:-1"},"canonical":"http:\/\/elregionalvm.com.ar\/noticias-villa-maria\/tango-y-pasion-la-primera-bandoneonista-argentina\/","og_locale":"es_ES","og_type":"article","og_title":"Tango y pasi\u00f3n: La primera bandoneonista argentina - El Regional","og_description":"\u201cPaquita\u201d, cara redonda, ojos oscuros, larga melena con rulos, blusa blanca, falda negra, sentada con el bandone\u00f3n sobre sus rodillas.","og_url":"http:\/\/elregionalvm.com.ar\/noticias-villa-maria\/tango-y-pasion-la-primera-bandoneonista-argentina\/","og_site_name":"El Regional","article_publisher":"https:\/\/www.facebook.com\/elregionalvm","article_published_time":"2021-06-29T20:09:59+00:00","article_modified_time":"2021-06-30T01:52:00+00:00","og_image":[{"width":887,"height":633,"url":"http:\/\/elregionalvm.com.ar\/noticias-villa-maria\/wp-content\/uploads\/2021\/06\/Paquita-Bernardo-primera-bandoneonista.jpg","type":"image\/jpeg"}],"author":"Contenidos El Regional","twitter_card":"summary_large_image","twitter_creator":"@elregionalvm1","twitter_site":"@elregionalvm1","twitter_misc":{"Escrito por":"Contenidos El Regional","Tiempo de lectura":"4 minutos"},"schema":{"@context":"https:\/\/schema.org","@graph":[{"@type":"Article","@id":"http:\/\/elregionalvm.com.ar\/noticias-villa-maria\/tango-y-pasion-la-primera-bandoneonista-argentina\/#article","isPartOf":{"@id":"http:\/\/elregionalvm.com.ar\/noticias-villa-maria\/tango-y-pasion-la-primera-bandoneonista-argentina\/"},"author":{"name":"Contenidos El Regional","@id":"http:\/\/elregionalvm.com.ar\/noticias-villa-maria\/#\/schema\/person\/a0fb9c422317faca23d50163151bc354"},"headline":"Tango y pasi\u00f3n: La primera bandoneonista argentina","datePublished":"2021-06-29T20:09:59+00:00","dateModified":"2021-06-30T01:52:00+00:00","mainEntityOfPage":{"@id":"http:\/\/elregionalvm.com.ar\/noticias-villa-maria\/tango-y-pasion-la-primera-bandoneonista-argentina\/"},"wordCount":767,"commentCount":0,"image":{"@id":"http:\/\/elregionalvm.com.ar\/noticias-villa-maria\/tango-y-pasion-la-primera-bandoneonista-argentina\/#primaryimage"},"thumbnailUrl":"https:\/\/i0.wp.com\/elregionalvm.com.ar\/noticias-villa-maria\/wp-content\/uploads\/2021\/06\/Paquita-Bernardo-primera-bandoneonista.jpg?fit=887%2C633&ssl=1","keywords":["Bandon\u00e9on","Carlos Gardel","Pasi\u00f3n","Primera bandoneonista","tango"],"articleSection":["Historias","Notas"],"inLanguage":"es","potentialAction":[{"@type":"CommentAction","name":"Comment","target":["http:\/\/elregionalvm.com.ar\/noticias-villa-maria\/tango-y-pasion-la-primera-bandoneonista-argentina\/#respond"]}]},{"@type":"WebPage","@id":"http:\/\/elregionalvm.com.ar\/noticias-villa-maria\/tango-y-pasion-la-primera-bandoneonista-argentina\/","url":"http:\/\/elregionalvm.com.ar\/noticias-villa-maria\/tango-y-pasion-la-primera-bandoneonista-argentina\/","name":"Tango y pasi\u00f3n: La primera bandoneonista argentina - El Regional","isPartOf":{"@id":"http:\/\/elregionalvm.com.ar\/noticias-villa-maria\/#website"},"primaryImageOfPage":{"@id":"http:\/\/elregionalvm.com.ar\/noticias-villa-maria\/tango-y-pasion-la-primera-bandoneonista-argentina\/#primaryimage"},"image":{"@id":"http:\/\/elregionalvm.com.ar\/noticias-villa-maria\/tango-y-pasion-la-primera-bandoneonista-argentina\/#primaryimage"},"thumbnailUrl":"https:\/\/i0.wp.com\/elregionalvm.com.ar\/noticias-villa-maria\/wp-content\/uploads\/2021\/06\/Paquita-Bernardo-primera-bandoneonista.jpg?fit=887%2C633&ssl=1","datePublished":"2021-06-29T20:09:59+00:00","dateModified":"2021-06-30T01:52:00+00:00","author":{"@id":"http:\/\/elregionalvm.com.ar\/noticias-villa-maria\/#\/schema\/person\/a0fb9c422317faca23d50163151bc354"},"description":"\u201cPaquita\u201d, cara redonda, ojos oscuros, larga melena con rulos, blusa blanca, falda negra, sentada con el bandone\u00f3n sobre sus rodillas.","breadcrumb":{"@id":"http:\/\/elregionalvm.com.ar\/noticias-villa-maria\/tango-y-pasion-la-primera-bandoneonista-argentina\/#breadcrumb"},"inLanguage":"es","potentialAction":[{"@type":"ReadAction","target":["http:\/\/elregionalvm.com.ar\/noticias-villa-maria\/tango-y-pasion-la-primera-bandoneonista-argentina\/"]}]},{"@type":"ImageObject","inLanguage":"es","@id":"http:\/\/elregionalvm.com.ar\/noticias-villa-maria\/tango-y-pasion-la-primera-bandoneonista-argentina\/#primaryimage","url":"https:\/\/i0.wp.com\/elregionalvm.com.ar\/noticias-villa-maria\/wp-content\/uploads\/2021\/06\/Paquita-Bernardo-primera-bandoneonista.jpg?fit=887%2C633&ssl=1","contentUrl":"https:\/\/i0.wp.com\/elregionalvm.com.ar\/noticias-villa-maria\/wp-content\/uploads\/2021\/06\/Paquita-Bernardo-primera-bandoneonista.jpg?fit=887%2C633&ssl=1","width":887,"height":633},{"@type":"BreadcrumbList","@id":"http:\/\/elregionalvm.com.ar\/noticias-villa-maria\/tango-y-pasion-la-primera-bandoneonista-argentina\/#breadcrumb","itemListElement":[{"@type":"ListItem","position":1,"name":"Portada","item":"https:\/\/elregionalvm.com.ar\/noticias-villa-maria\/"},{"@type":"ListItem","position":2,"name":"Tango y pasi\u00f3n: La primera bandoneonista argentina"}]},{"@type":"WebSite","@id":"http:\/\/elregionalvm.com.ar\/noticias-villa-maria\/#website","url":"http:\/\/elregionalvm.com.ar\/noticias-villa-maria\/","name":"El Regional","description":"Mucho m\u00e1s que informaci\u00f3n","potentialAction":[{"@type":"SearchAction","target":{"@type":"EntryPoint","urlTemplate":"http:\/\/elregionalvm.com.ar\/noticias-villa-maria\/?s={search_term_string}"},"query-input":{"@type":"PropertyValueSpecification","valueRequired":true,"valueName":"search_term_string"}}],"inLanguage":"es"},{"@type":"Person","@id":"http:\/\/elregionalvm.com.ar\/noticias-villa-maria\/#\/schema\/person\/a0fb9c422317faca23d50163151bc354","name":"Contenidos El Regional","image":{"@type":"ImageObject","inLanguage":"es","@id":"http:\/\/elregionalvm.com.ar\/noticias-villa-maria\/#\/schema\/person\/image\/","url":"https:\/\/secure.gravatar.com\/avatar\/265b27cb2209af7bb3a1318f03305787d7981a5cc6e6cd08fe5a4ecdf99d4b48?s=96&d=mm&r=g","contentUrl":"https:\/\/secure.gravatar.com\/avatar\/265b27cb2209af7bb3a1318f03305787d7981a5cc6e6cd08fe5a4ecdf99d4b48?s=96&d=mm&r=g","caption":"Contenidos El Regional"},"url":"https:\/\/elregionalvm.com.ar\/noticias-villa-maria\/author\/contenido\/"}]}},"jetpack_featured_media_url":"https:\/\/i0.wp.com\/elregionalvm.com.ar\/noticias-villa-maria\/wp-content\/uploads\/2021\/06\/Paquita-Bernardo-primera-bandoneonista.jpg?fit=887%2C633&ssl=1","jetpack_sharing_enabled":true,"_links":{"self":[{"href":"https:\/\/elregionalvm.com.ar\/noticias-villa-maria\/wp-json\/wp\/v2\/posts\/40201","targetHints":{"allow":["GET"]}}],"collection":[{"href":"https:\/\/elregionalvm.com.ar\/noticias-villa-maria\/wp-json\/wp\/v2\/posts"}],"about":[{"href":"https:\/\/elregionalvm.com.ar\/noticias-villa-maria\/wp-json\/wp\/v2\/types\/post"}],"author":[{"embeddable":true,"href":"https:\/\/elregionalvm.com.ar\/noticias-villa-maria\/wp-json\/wp\/v2\/users\/4"}],"replies":[{"embeddable":true,"href":"https:\/\/elregionalvm.com.ar\/noticias-villa-maria\/wp-json\/wp\/v2\/comments?post=40201"}],"version-history":[{"count":1,"href":"https:\/\/elregionalvm.com.ar\/noticias-villa-maria\/wp-json\/wp\/v2\/posts\/40201\/revisions"}],"predecessor-version":[{"id":40204,"href":"https:\/\/elregionalvm.com.ar\/noticias-villa-maria\/wp-json\/wp\/v2\/posts\/40201\/revisions\/40204"}],"wp:featuredmedia":[{"embeddable":true,"href":"https:\/\/elregionalvm.com.ar\/noticias-villa-maria\/wp-json\/wp\/v2\/media\/40203"}],"wp:attachment":[{"href":"https:\/\/elregionalvm.com.ar\/noticias-villa-maria\/wp-json\/wp\/v2\/media?parent=40201"}],"wp:term":[{"taxonomy":"category","embeddable":true,"href":"https:\/\/elregionalvm.com.ar\/noticias-villa-maria\/wp-json\/wp\/v2\/categories?post=40201"},{"taxonomy":"post_tag","embeddable":true,"href":"https:\/\/elregionalvm.com.ar\/noticias-villa-maria\/wp-json\/wp\/v2\/tags?post=40201"}],"curies":[{"name":"wp","href":"https:\/\/api.w.org\/{rel}","templated":true}]}}