{"id":40217,"date":"2021-06-29T23:21:47","date_gmt":"2021-06-29T23:21:47","guid":{"rendered":"https:\/\/elregionalvm.com.ar\/noticias-villa-maria\/?p=40217"},"modified":"2021-06-29T23:21:48","modified_gmt":"2021-06-29T23:21:48","slug":"sigue-la-filmacion-de-el-matadero-esta-vez-en-la-estancia-la-negrita","status":"publish","type":"post","link":"https:\/\/elregionalvm.com.ar\/noticias-villa-maria\/sigue-la-filmacion-de-el-matadero-esta-vez-en-la-estancia-la-negrita\/","title":{"rendered":"Sigue la filmaci\u00f3n de \u00abEl Matadero\u00bb, esta vez en la Estancia La Negrita"},"content":{"rendered":"\n<p>La antigua estancia La Negrita es una de las locaciones elegida por realizadores cinematogr\u00e1ficos argentinos y espa\u00f1oles para llevar adelante la filmaci\u00f3n de El Matadero, la producci\u00f3n que eligi\u00f3 a Villa Mar\u00eda como el escenario para narrar su historia. En el predio, comienzan a ser grabadas las primeras escenas, convirti\u00e9ndose el prestigioso lugar en uno de los sets de rodaje de la pel\u00edcula.<\/p>\n\n\n\n<p>All\u00ed, productores, vestuaristas y camar\u00f3grafos trabajan en la grabaci\u00f3n de una de las escenas, de la cual forman parte 16 actores y m\u00e1s de 40 t\u00e9cnicos. Al aire libre y haciendo uso de la escenograf\u00eda montada en el lugar, realizan ensayos y repasan sus actuaciones de la mano del director del proyecto, Santiago Fillol.<\/p>\n\n\n\n<p>En este marco, representantes del equipo a cargo de las tareas cinematogr\u00e1ficas dialogaron con los medios e invitaron a recorrer las instalaciones donde es llevado adelante el rodaje. Al mismo tiempo, el director del Polo Audiovisual C\u00f3rdoba, Jorge \u00c1lvarez, en compa\u00f1\u00eda de la directora de Producci\u00f3n, Daniela Bestard Pou, y el productor ejecutivo, Antonio Pita, dieron a conocer detalles sobre el cronograma de filmaci\u00f3n y destacaron la importancia de llevarla a cabo en la ciudad.<\/p>\n\n\n\n<p>En este sentido, \u00c1lvarez resalt\u00f3 que \u201cuna producci\u00f3n de este tenor pocas veces se ha realizado en el pa\u00eds\u201d. Y luego, precis\u00f3: \u201cContamos con actores de C\u00f3rdoba, Buenos Aires, Madrid, Barcelona y Rusia, y a ello se les suman profesionales y no profesionales de Villa Mar\u00eda, Sanabria, Ausonia y sus alrededores, con la participaci\u00f3n de matarifes y peones que han tomado cursos de actuaci\u00f3n para cubrir esos roles\u201d, enfatiz\u00f3.<\/p>\n\n\n\n<p>Por otra parte, el director del Polo Audiovisual de la Provincia se\u00f1al\u00f3: \u201cEsto es posible gracias al esfuerzo conjunto entre el municipio, el Gobierno de C\u00f3rdoba y la productora a cargo\u201d. \u201cDesde el interior del interior nos estamos posicionando en la Argentina y en el mundo, porque la pel\u00edcula est\u00e1 pensada para ser estrenada tambi\u00e9n en el mercado internacional\u201d, explicit\u00f3 \u00c1lvarez.<\/p>\n\n\n\n<p>A continuaci\u00f3n, la directora de producci\u00f3n detall\u00f3 que el proyecto de El Matadero comenz\u00f3 a idearse hace siete a\u00f1os y que \u201cgracias al Polo Audiovisual y al municipio hoy se est\u00e1 llevando adelante\u201d. \u201cEn el Polo pudimos trabajar en la preproducci\u00f3n durante seis semanas, y ahora continuaremos con seis semanas m\u00e1s de rodaje, para dar lugar a la post producci\u00f3n que tiene una duraci\u00f3n entre tres y seis meses\u201d, relat\u00f3 Bestard Pou.<\/p>\n\n\n\n<p>Por su parte, el productor ejecutivo del proyecto hizo referencia al valor que posee la ciudad en materia audiovisual. \u201cHace tres a\u00f1os que ven\u00edamos buscando locaciones para esta pel\u00edcula, y siempre Villa Mar\u00eda surge por muchas razones, porque tiene una universidad que forma y capacita en este sentido, porque fue creciendo y cobrando importancia, y adem\u00e1s cuenta con una sede del Polo Audiovisual\u201d, describi\u00f3 Pita, y luego a\u00f1adi\u00f3: \u201cEs un lugar natural en el que uno piensa cuando se quiere producir\u201d.<\/p>\n\n\n\n<p>Cabe destacar que el proyecto cinematogr\u00e1fico es llevado adelante en una coproducci\u00f3n entre la productora espa\u00f1ola El Viaje, la entidad francesa 4A4, la productora cordobesa Prisma Cine y Magoya de Buenos Aires, sumando un total de 12 profesionales. Como parte del elenco, se destacan el actor espa\u00f1ol Luis Perillan, junto a profesionales como Lina Gorbarena, Ayleen Salas, Malena Villa, Rafael Federman, David Schetman, Ernestina Gatti, Lucas Damario, Eva Bianco, Hernan Sevilla y el cordob\u00e9s Rafael Rodr\u00edguez.<\/p>\n\n\n\n<p>De esta manera, la ciudad se ver\u00e1 impulsada en materia cultural durante un per\u00edodo de tres meses en el marco del proyecto que la eligi\u00f3 como el sitio propicio para llevar la obra de Esteban Echeverr\u00eda a la pantalla grande.<\/p>\n\n\n\n<p><\/p>\n","protected":false},"excerpt":{"rendered":"<p>La antigua estancia La Negrita es una de las locaciones elegida por realizadores cinematogr\u00e1ficos argentinos y espa\u00f1oles para llevar adelante la filmaci\u00f3n de El Matadero, la producci\u00f3n que eligi\u00f3 a Villa Mar\u00eda como el escenario para narrar su historia. En el predio, comienzan a ser grabadas las primeras escenas, convirti\u00e9ndose el prestigioso lugar en uno [&hellip;]<\/p>\n","protected":false},"author":4,"featured_media":40218,"comment_status":"open","ping_status":"open","sticky":false,"template":"","format":"standard","meta":{"site-sidebar-layout":"default","site-content-layout":"default","ast-site-content-layout":"default","site-content-style":"default","site-sidebar-style":"default","ast-global-header-display":"","ast-banner-title-visibility":"","ast-main-header-display":"","ast-hfb-above-header-display":"","ast-hfb-below-header-display":"","ast-hfb-mobile-header-display":"","site-post-title":"","ast-breadcrumbs-content":"","ast-featured-img":"","footer-sml-layout":"","ast-disable-related-posts":"","theme-transparent-header-meta":"default","adv-header-id-meta":"","stick-header-meta":"","header-above-stick-meta":"","header-main-stick-meta":"","header-below-stick-meta":"","astra-migrate-meta-layouts":"default","ast-page-background-enabled":"default","ast-page-background-meta":{"desktop":{"background-color":"","background-image":"","background-repeat":"repeat","background-position":"center center","background-size":"auto","background-attachment":"scroll","background-type":"","background-media":"","overlay-type":"","overlay-color":"","overlay-opacity":"","overlay-gradient":""},"tablet":{"background-color":"","background-image":"","background-repeat":"repeat","background-position":"center center","background-size":"auto","background-attachment":"scroll","background-type":"","background-media":"","overlay-type":"","overlay-color":"","overlay-opacity":"","overlay-gradient":""},"mobile":{"background-color":"","background-image":"","background-repeat":"repeat","background-position":"center center","background-size":"auto","background-attachment":"scroll","background-type":"","background-media":"","overlay-type":"","overlay-color":"","overlay-opacity":"","overlay-gradient":""}},"ast-content-background-meta":{"desktop":{"background-color":"var(--ast-global-color-5)","background-image":"","background-repeat":"repeat","background-position":"center center","background-size":"auto","background-attachment":"scroll","background-type":"","background-media":"","overlay-type":"","overlay-color":"","overlay-opacity":"","overlay-gradient":""},"tablet":{"background-color":"var(--ast-global-color-5)","background-image":"","background-repeat":"repeat","background-position":"center center","background-size":"auto","background-attachment":"scroll","background-type":"","background-media":"","overlay-type":"","overlay-color":"","overlay-opacity":"","overlay-gradient":""},"mobile":{"background-color":"var(--ast-global-color-5)","background-image":"","background-repeat":"repeat","background-position":"center center","background-size":"auto","background-attachment":"scroll","background-type":"","background-media":"","overlay-type":"","overlay-color":"","overlay-opacity":"","overlay-gradient":""}},"_jetpack_memberships_contains_paid_content":false,"_joinchat":[],"footnotes":""},"categories":[2],"tags":[9812,9813,1232,9754,9811,9753,9810,9756],"class_list":["post-40217","post","type-post","status-publish","format-standard","has-post-thumbnail","hentry","category-villa-maria","tag-16-actores","tag-40-tecnicos","tag-destacado","tag-el-matadero-2","tag-estancia-la-negrita","tag-filmacion","tag-locaciones","tag-pelicula"],"yoast_head":"<!-- This site is optimized with the Yoast SEO plugin v26.8 - https:\/\/yoast.com\/product\/yoast-seo-wordpress\/ -->\n<title>Sigue la filmaci\u00f3n de &quot;El Matadero&quot;, esta vez en la Estancia La Negrita - El Regional<\/title>\n<meta name=\"robots\" content=\"index, follow, max-snippet:-1, max-image-preview:large, max-video-preview:-1\" \/>\n<link rel=\"canonical\" href=\"http:\/\/elregionalvm.com.ar\/noticias-villa-maria\/sigue-la-filmacion-de-el-matadero-esta-vez-en-la-estancia-la-negrita\/\" \/>\n<meta property=\"og:locale\" content=\"es_ES\" \/>\n<meta property=\"og:type\" content=\"article\" \/>\n<meta property=\"og:title\" content=\"Sigue la filmaci\u00f3n de &quot;El Matadero&quot;, esta vez en la Estancia La Negrita - El Regional\" \/>\n<meta property=\"og:description\" content=\"La antigua estancia La Negrita es una de las locaciones elegida por realizadores cinematogr\u00e1ficos argentinos y espa\u00f1oles para llevar adelante la filmaci\u00f3n de El Matadero, la producci\u00f3n que eligi\u00f3 a Villa Mar\u00eda como el escenario para narrar su historia. En el predio, comienzan a ser grabadas las primeras escenas, convirti\u00e9ndose el prestigioso lugar en uno [&hellip;]\" \/>\n<meta property=\"og:url\" content=\"http:\/\/elregionalvm.com.ar\/noticias-villa-maria\/sigue-la-filmacion-de-el-matadero-esta-vez-en-la-estancia-la-negrita\/\" \/>\n<meta property=\"og:site_name\" content=\"El Regional\" \/>\n<meta property=\"article:publisher\" content=\"https:\/\/www.facebook.com\/elregionalvm\" \/>\n<meta property=\"article:published_time\" content=\"2021-06-29T23:21:47+00:00\" \/>\n<meta property=\"article:modified_time\" content=\"2021-06-29T23:21:48+00:00\" \/>\n<meta property=\"og:image\" content=\"http:\/\/elregionalvm.com.ar\/noticias-villa-maria\/wp-content\/uploads\/2021\/06\/WhatsApp-Image-2021-06-29-at-15.44.15.jpeg\" \/>\n\t<meta property=\"og:image:width\" content=\"1280\" \/>\n\t<meta property=\"og:image:height\" content=\"853\" \/>\n\t<meta property=\"og:image:type\" content=\"image\/jpeg\" \/>\n<meta name=\"author\" content=\"Contenidos El Regional\" \/>\n<meta name=\"twitter:card\" content=\"summary_large_image\" \/>\n<meta name=\"twitter:creator\" content=\"@elregionalvm1\" \/>\n<meta name=\"twitter:site\" content=\"@elregionalvm1\" \/>\n<meta name=\"twitter:label1\" content=\"Escrito por\" \/>\n\t<meta name=\"twitter:data1\" content=\"Contenidos El Regional\" \/>\n\t<meta name=\"twitter:label2\" content=\"Tiempo de lectura\" \/>\n\t<meta name=\"twitter:data2\" content=\"3 minutos\" \/>\n<script type=\"application\/ld+json\" class=\"yoast-schema-graph\">{\"@context\":\"https:\/\/schema.org\",\"@graph\":[{\"@type\":\"Article\",\"@id\":\"http:\/\/elregionalvm.com.ar\/noticias-villa-maria\/sigue-la-filmacion-de-el-matadero-esta-vez-en-la-estancia-la-negrita\/#article\",\"isPartOf\":{\"@id\":\"http:\/\/elregionalvm.com.ar\/noticias-villa-maria\/sigue-la-filmacion-de-el-matadero-esta-vez-en-la-estancia-la-negrita\/\"},\"author\":{\"name\":\"Contenidos El Regional\",\"@id\":\"http:\/\/elregionalvm.com.ar\/noticias-villa-maria\/#\/schema\/person\/a0fb9c422317faca23d50163151bc354\"},\"headline\":\"Sigue la filmaci\u00f3n de \u00abEl Matadero\u00bb, esta vez en la Estancia La Negrita\",\"datePublished\":\"2021-06-29T23:21:47+00:00\",\"dateModified\":\"2021-06-29T23:21:48+00:00\",\"mainEntityOfPage\":{\"@id\":\"http:\/\/elregionalvm.com.ar\/noticias-villa-maria\/sigue-la-filmacion-de-el-matadero-esta-vez-en-la-estancia-la-negrita\/\"},\"wordCount\":650,\"commentCount\":0,\"image\":{\"@id\":\"http:\/\/elregionalvm.com.ar\/noticias-villa-maria\/sigue-la-filmacion-de-el-matadero-esta-vez-en-la-estancia-la-negrita\/#primaryimage\"},\"thumbnailUrl\":\"https:\/\/i0.wp.com\/elregionalvm.com.ar\/noticias-villa-maria\/wp-content\/uploads\/2021\/06\/WhatsApp-Image-2021-06-29-at-15.44.15.jpeg?fit=1280%2C853&ssl=1\",\"keywords\":[\"16 actores\",\"40 t\u00e9cnicos\",\"destacado\",\"El Matadero\",\"Estancia La Negrita\",\"Filmaci\u00f3n\",\"locaciones\",\"pel\u00edcula\"],\"articleSection\":[\"Villa Mar\u00eda\"],\"inLanguage\":\"es\",\"potentialAction\":[{\"@type\":\"CommentAction\",\"name\":\"Comment\",\"target\":[\"http:\/\/elregionalvm.com.ar\/noticias-villa-maria\/sigue-la-filmacion-de-el-matadero-esta-vez-en-la-estancia-la-negrita\/#respond\"]}]},{\"@type\":\"WebPage\",\"@id\":\"http:\/\/elregionalvm.com.ar\/noticias-villa-maria\/sigue-la-filmacion-de-el-matadero-esta-vez-en-la-estancia-la-negrita\/\",\"url\":\"http:\/\/elregionalvm.com.ar\/noticias-villa-maria\/sigue-la-filmacion-de-el-matadero-esta-vez-en-la-estancia-la-negrita\/\",\"name\":\"Sigue la filmaci\u00f3n de \\\"El Matadero\\\", esta vez en la Estancia La Negrita - El Regional\",\"isPartOf\":{\"@id\":\"http:\/\/elregionalvm.com.ar\/noticias-villa-maria\/#website\"},\"primaryImageOfPage\":{\"@id\":\"http:\/\/elregionalvm.com.ar\/noticias-villa-maria\/sigue-la-filmacion-de-el-matadero-esta-vez-en-la-estancia-la-negrita\/#primaryimage\"},\"image\":{\"@id\":\"http:\/\/elregionalvm.com.ar\/noticias-villa-maria\/sigue-la-filmacion-de-el-matadero-esta-vez-en-la-estancia-la-negrita\/#primaryimage\"},\"thumbnailUrl\":\"https:\/\/i0.wp.com\/elregionalvm.com.ar\/noticias-villa-maria\/wp-content\/uploads\/2021\/06\/WhatsApp-Image-2021-06-29-at-15.44.15.jpeg?fit=1280%2C853&ssl=1\",\"datePublished\":\"2021-06-29T23:21:47+00:00\",\"dateModified\":\"2021-06-29T23:21:48+00:00\",\"author\":{\"@id\":\"http:\/\/elregionalvm.com.ar\/noticias-villa-maria\/#\/schema\/person\/a0fb9c422317faca23d50163151bc354\"},\"breadcrumb\":{\"@id\":\"http:\/\/elregionalvm.com.ar\/noticias-villa-maria\/sigue-la-filmacion-de-el-matadero-esta-vez-en-la-estancia-la-negrita\/#breadcrumb\"},\"inLanguage\":\"es\",\"potentialAction\":[{\"@type\":\"ReadAction\",\"target\":[\"http:\/\/elregionalvm.com.ar\/noticias-villa-maria\/sigue-la-filmacion-de-el-matadero-esta-vez-en-la-estancia-la-negrita\/\"]}]},{\"@type\":\"ImageObject\",\"inLanguage\":\"es\",\"@id\":\"http:\/\/elregionalvm.com.ar\/noticias-villa-maria\/sigue-la-filmacion-de-el-matadero-esta-vez-en-la-estancia-la-negrita\/#primaryimage\",\"url\":\"https:\/\/i0.wp.com\/elregionalvm.com.ar\/noticias-villa-maria\/wp-content\/uploads\/2021\/06\/WhatsApp-Image-2021-06-29-at-15.44.15.jpeg?fit=1280%2C853&ssl=1\",\"contentUrl\":\"https:\/\/i0.wp.com\/elregionalvm.com.ar\/noticias-villa-maria\/wp-content\/uploads\/2021\/06\/WhatsApp-Image-2021-06-29-at-15.44.15.jpeg?fit=1280%2C853&ssl=1\",\"width\":1280,\"height\":853},{\"@type\":\"BreadcrumbList\",\"@id\":\"http:\/\/elregionalvm.com.ar\/noticias-villa-maria\/sigue-la-filmacion-de-el-matadero-esta-vez-en-la-estancia-la-negrita\/#breadcrumb\",\"itemListElement\":[{\"@type\":\"ListItem\",\"position\":1,\"name\":\"Portada\",\"item\":\"https:\/\/elregionalvm.com.ar\/noticias-villa-maria\/\"},{\"@type\":\"ListItem\",\"position\":2,\"name\":\"Sigue la filmaci\u00f3n de &#8220;El Matadero&#8221;, esta vez en la Estancia La Negrita\"}]},{\"@type\":\"WebSite\",\"@id\":\"http:\/\/elregionalvm.com.ar\/noticias-villa-maria\/#website\",\"url\":\"http:\/\/elregionalvm.com.ar\/noticias-villa-maria\/\",\"name\":\"El Regional\",\"description\":\"Mucho m\u00e1s que informaci\u00f3n\",\"potentialAction\":[{\"@type\":\"SearchAction\",\"target\":{\"@type\":\"EntryPoint\",\"urlTemplate\":\"http:\/\/elregionalvm.com.ar\/noticias-villa-maria\/?s={search_term_string}\"},\"query-input\":{\"@type\":\"PropertyValueSpecification\",\"valueRequired\":true,\"valueName\":\"search_term_string\"}}],\"inLanguage\":\"es\"},{\"@type\":\"Person\",\"@id\":\"http:\/\/elregionalvm.com.ar\/noticias-villa-maria\/#\/schema\/person\/a0fb9c422317faca23d50163151bc354\",\"name\":\"Contenidos El Regional\",\"image\":{\"@type\":\"ImageObject\",\"inLanguage\":\"es\",\"@id\":\"http:\/\/elregionalvm.com.ar\/noticias-villa-maria\/#\/schema\/person\/image\/\",\"url\":\"https:\/\/secure.gravatar.com\/avatar\/265b27cb2209af7bb3a1318f03305787d7981a5cc6e6cd08fe5a4ecdf99d4b48?s=96&d=mm&r=g\",\"contentUrl\":\"https:\/\/secure.gravatar.com\/avatar\/265b27cb2209af7bb3a1318f03305787d7981a5cc6e6cd08fe5a4ecdf99d4b48?s=96&d=mm&r=g\",\"caption\":\"Contenidos El Regional\"},\"url\":\"https:\/\/elregionalvm.com.ar\/noticias-villa-maria\/author\/contenido\/\"}]}<\/script>\n<!-- \/ Yoast SEO plugin. -->","yoast_head_json":{"title":"Sigue la filmaci\u00f3n de \"El Matadero\", esta vez en la Estancia La Negrita - El Regional","robots":{"index":"index","follow":"follow","max-snippet":"max-snippet:-1","max-image-preview":"max-image-preview:large","max-video-preview":"max-video-preview:-1"},"canonical":"http:\/\/elregionalvm.com.ar\/noticias-villa-maria\/sigue-la-filmacion-de-el-matadero-esta-vez-en-la-estancia-la-negrita\/","og_locale":"es_ES","og_type":"article","og_title":"Sigue la filmaci\u00f3n de \"El Matadero\", esta vez en la Estancia La Negrita - El Regional","og_description":"La antigua estancia La Negrita es una de las locaciones elegida por realizadores cinematogr\u00e1ficos argentinos y espa\u00f1oles para llevar adelante la filmaci\u00f3n de El Matadero, la producci\u00f3n que eligi\u00f3 a Villa Mar\u00eda como el escenario para narrar su historia. En el predio, comienzan a ser grabadas las primeras escenas, convirti\u00e9ndose el prestigioso lugar en uno [&hellip;]","og_url":"http:\/\/elregionalvm.com.ar\/noticias-villa-maria\/sigue-la-filmacion-de-el-matadero-esta-vez-en-la-estancia-la-negrita\/","og_site_name":"El Regional","article_publisher":"https:\/\/www.facebook.com\/elregionalvm","article_published_time":"2021-06-29T23:21:47+00:00","article_modified_time":"2021-06-29T23:21:48+00:00","og_image":[{"width":1280,"height":853,"url":"http:\/\/elregionalvm.com.ar\/noticias-villa-maria\/wp-content\/uploads\/2021\/06\/WhatsApp-Image-2021-06-29-at-15.44.15.jpeg","type":"image\/jpeg"}],"author":"Contenidos El Regional","twitter_card":"summary_large_image","twitter_creator":"@elregionalvm1","twitter_site":"@elregionalvm1","twitter_misc":{"Escrito por":"Contenidos El Regional","Tiempo de lectura":"3 minutos"},"schema":{"@context":"https:\/\/schema.org","@graph":[{"@type":"Article","@id":"http:\/\/elregionalvm.com.ar\/noticias-villa-maria\/sigue-la-filmacion-de-el-matadero-esta-vez-en-la-estancia-la-negrita\/#article","isPartOf":{"@id":"http:\/\/elregionalvm.com.ar\/noticias-villa-maria\/sigue-la-filmacion-de-el-matadero-esta-vez-en-la-estancia-la-negrita\/"},"author":{"name":"Contenidos El Regional","@id":"http:\/\/elregionalvm.com.ar\/noticias-villa-maria\/#\/schema\/person\/a0fb9c422317faca23d50163151bc354"},"headline":"Sigue la filmaci\u00f3n de \u00abEl Matadero\u00bb, esta vez en la Estancia La Negrita","datePublished":"2021-06-29T23:21:47+00:00","dateModified":"2021-06-29T23:21:48+00:00","mainEntityOfPage":{"@id":"http:\/\/elregionalvm.com.ar\/noticias-villa-maria\/sigue-la-filmacion-de-el-matadero-esta-vez-en-la-estancia-la-negrita\/"},"wordCount":650,"commentCount":0,"image":{"@id":"http:\/\/elregionalvm.com.ar\/noticias-villa-maria\/sigue-la-filmacion-de-el-matadero-esta-vez-en-la-estancia-la-negrita\/#primaryimage"},"thumbnailUrl":"https:\/\/i0.wp.com\/elregionalvm.com.ar\/noticias-villa-maria\/wp-content\/uploads\/2021\/06\/WhatsApp-Image-2021-06-29-at-15.44.15.jpeg?fit=1280%2C853&ssl=1","keywords":["16 actores","40 t\u00e9cnicos","destacado","El Matadero","Estancia La Negrita","Filmaci\u00f3n","locaciones","pel\u00edcula"],"articleSection":["Villa Mar\u00eda"],"inLanguage":"es","potentialAction":[{"@type":"CommentAction","name":"Comment","target":["http:\/\/elregionalvm.com.ar\/noticias-villa-maria\/sigue-la-filmacion-de-el-matadero-esta-vez-en-la-estancia-la-negrita\/#respond"]}]},{"@type":"WebPage","@id":"http:\/\/elregionalvm.com.ar\/noticias-villa-maria\/sigue-la-filmacion-de-el-matadero-esta-vez-en-la-estancia-la-negrita\/","url":"http:\/\/elregionalvm.com.ar\/noticias-villa-maria\/sigue-la-filmacion-de-el-matadero-esta-vez-en-la-estancia-la-negrita\/","name":"Sigue la filmaci\u00f3n de \"El Matadero\", esta vez en la Estancia La Negrita - El Regional","isPartOf":{"@id":"http:\/\/elregionalvm.com.ar\/noticias-villa-maria\/#website"},"primaryImageOfPage":{"@id":"http:\/\/elregionalvm.com.ar\/noticias-villa-maria\/sigue-la-filmacion-de-el-matadero-esta-vez-en-la-estancia-la-negrita\/#primaryimage"},"image":{"@id":"http:\/\/elregionalvm.com.ar\/noticias-villa-maria\/sigue-la-filmacion-de-el-matadero-esta-vez-en-la-estancia-la-negrita\/#primaryimage"},"thumbnailUrl":"https:\/\/i0.wp.com\/elregionalvm.com.ar\/noticias-villa-maria\/wp-content\/uploads\/2021\/06\/WhatsApp-Image-2021-06-29-at-15.44.15.jpeg?fit=1280%2C853&ssl=1","datePublished":"2021-06-29T23:21:47+00:00","dateModified":"2021-06-29T23:21:48+00:00","author":{"@id":"http:\/\/elregionalvm.com.ar\/noticias-villa-maria\/#\/schema\/person\/a0fb9c422317faca23d50163151bc354"},"breadcrumb":{"@id":"http:\/\/elregionalvm.com.ar\/noticias-villa-maria\/sigue-la-filmacion-de-el-matadero-esta-vez-en-la-estancia-la-negrita\/#breadcrumb"},"inLanguage":"es","potentialAction":[{"@type":"ReadAction","target":["http:\/\/elregionalvm.com.ar\/noticias-villa-maria\/sigue-la-filmacion-de-el-matadero-esta-vez-en-la-estancia-la-negrita\/"]}]},{"@type":"ImageObject","inLanguage":"es","@id":"http:\/\/elregionalvm.com.ar\/noticias-villa-maria\/sigue-la-filmacion-de-el-matadero-esta-vez-en-la-estancia-la-negrita\/#primaryimage","url":"https:\/\/i0.wp.com\/elregionalvm.com.ar\/noticias-villa-maria\/wp-content\/uploads\/2021\/06\/WhatsApp-Image-2021-06-29-at-15.44.15.jpeg?fit=1280%2C853&ssl=1","contentUrl":"https:\/\/i0.wp.com\/elregionalvm.com.ar\/noticias-villa-maria\/wp-content\/uploads\/2021\/06\/WhatsApp-Image-2021-06-29-at-15.44.15.jpeg?fit=1280%2C853&ssl=1","width":1280,"height":853},{"@type":"BreadcrumbList","@id":"http:\/\/elregionalvm.com.ar\/noticias-villa-maria\/sigue-la-filmacion-de-el-matadero-esta-vez-en-la-estancia-la-negrita\/#breadcrumb","itemListElement":[{"@type":"ListItem","position":1,"name":"Portada","item":"https:\/\/elregionalvm.com.ar\/noticias-villa-maria\/"},{"@type":"ListItem","position":2,"name":"Sigue la filmaci\u00f3n de &#8220;El Matadero&#8221;, esta vez en la Estancia La Negrita"}]},{"@type":"WebSite","@id":"http:\/\/elregionalvm.com.ar\/noticias-villa-maria\/#website","url":"http:\/\/elregionalvm.com.ar\/noticias-villa-maria\/","name":"El Regional","description":"Mucho m\u00e1s que informaci\u00f3n","potentialAction":[{"@type":"SearchAction","target":{"@type":"EntryPoint","urlTemplate":"http:\/\/elregionalvm.com.ar\/noticias-villa-maria\/?s={search_term_string}"},"query-input":{"@type":"PropertyValueSpecification","valueRequired":true,"valueName":"search_term_string"}}],"inLanguage":"es"},{"@type":"Person","@id":"http:\/\/elregionalvm.com.ar\/noticias-villa-maria\/#\/schema\/person\/a0fb9c422317faca23d50163151bc354","name":"Contenidos El Regional","image":{"@type":"ImageObject","inLanguage":"es","@id":"http:\/\/elregionalvm.com.ar\/noticias-villa-maria\/#\/schema\/person\/image\/","url":"https:\/\/secure.gravatar.com\/avatar\/265b27cb2209af7bb3a1318f03305787d7981a5cc6e6cd08fe5a4ecdf99d4b48?s=96&d=mm&r=g","contentUrl":"https:\/\/secure.gravatar.com\/avatar\/265b27cb2209af7bb3a1318f03305787d7981a5cc6e6cd08fe5a4ecdf99d4b48?s=96&d=mm&r=g","caption":"Contenidos El Regional"},"url":"https:\/\/elregionalvm.com.ar\/noticias-villa-maria\/author\/contenido\/"}]}},"jetpack_featured_media_url":"https:\/\/i0.wp.com\/elregionalvm.com.ar\/noticias-villa-maria\/wp-content\/uploads\/2021\/06\/WhatsApp-Image-2021-06-29-at-15.44.15.jpeg?fit=1280%2C853&ssl=1","jetpack_sharing_enabled":true,"_links":{"self":[{"href":"https:\/\/elregionalvm.com.ar\/noticias-villa-maria\/wp-json\/wp\/v2\/posts\/40217","targetHints":{"allow":["GET"]}}],"collection":[{"href":"https:\/\/elregionalvm.com.ar\/noticias-villa-maria\/wp-json\/wp\/v2\/posts"}],"about":[{"href":"https:\/\/elregionalvm.com.ar\/noticias-villa-maria\/wp-json\/wp\/v2\/types\/post"}],"author":[{"embeddable":true,"href":"https:\/\/elregionalvm.com.ar\/noticias-villa-maria\/wp-json\/wp\/v2\/users\/4"}],"replies":[{"embeddable":true,"href":"https:\/\/elregionalvm.com.ar\/noticias-villa-maria\/wp-json\/wp\/v2\/comments?post=40217"}],"version-history":[{"count":1,"href":"https:\/\/elregionalvm.com.ar\/noticias-villa-maria\/wp-json\/wp\/v2\/posts\/40217\/revisions"}],"predecessor-version":[{"id":40219,"href":"https:\/\/elregionalvm.com.ar\/noticias-villa-maria\/wp-json\/wp\/v2\/posts\/40217\/revisions\/40219"}],"wp:featuredmedia":[{"embeddable":true,"href":"https:\/\/elregionalvm.com.ar\/noticias-villa-maria\/wp-json\/wp\/v2\/media\/40218"}],"wp:attachment":[{"href":"https:\/\/elregionalvm.com.ar\/noticias-villa-maria\/wp-json\/wp\/v2\/media?parent=40217"}],"wp:term":[{"taxonomy":"category","embeddable":true,"href":"https:\/\/elregionalvm.com.ar\/noticias-villa-maria\/wp-json\/wp\/v2\/categories?post=40217"},{"taxonomy":"post_tag","embeddable":true,"href":"https:\/\/elregionalvm.com.ar\/noticias-villa-maria\/wp-json\/wp\/v2\/tags?post=40217"}],"curies":[{"name":"wp","href":"https:\/\/api.w.org\/{rel}","templated":true}]}}