{"id":40232,"date":"2021-06-30T21:35:56","date_gmt":"2021-06-30T21:35:56","guid":{"rendered":"https:\/\/elregionalvm.com.ar\/noticias-villa-maria\/?p=40232"},"modified":"2021-07-02T11:38:35","modified_gmt":"2021-07-02T11:38:35","slug":"argentinos-y-basta-el-abismo-entre-lo-que-deseamos-ser-y-lo-que-somos","status":"publish","type":"post","link":"https:\/\/elregionalvm.com.ar\/noticias-villa-maria\/argentinos-y-basta-el-abismo-entre-lo-que-deseamos-ser-y-lo-que-somos\/","title":{"rendered":"\u00a1Argentinos y basta! El abismo entre lo que deseamos ser y lo que somos"},"content":{"rendered":"\n<p><\/p>\n\n\n\n<h4 class=\"wp-block-heading\"><strong>La realidad que duele, las dualidades que nos separan <\/strong><\/h4>\n\n\n\n<p><\/p>\n\n\n\n<p><\/p>\n\n\n\n<p><strong>La f\u00e1bula de la rana y el escorpi\u00f3n expresa nuestro egocentrismo cong\u00e9nito que no es m\u00e1s que la otra cara de nuestro complejo de inferioridad. El que no nos permite crecer. El que piensa en demoler antes que en construir. El que siempre nos deja a los argentinos un abismo entre lo que queremos ser y lo que somos en realidad.<\/strong><\/p>\n\n\n\n<p><\/p>\n\n\n\n<p><strong>Escribe: Germ\u00e1n Giacchero<\/strong><\/p>\n\n\n\n<p><\/p>\n\n\n\n<p>Palos en la rueda lo llaman algunos. Oponerse por oponerse, otros. Chicanas, gritan varios. Y todos los calificativos, insultos y puteadas habidos y por haber para hacer referencia a quienes dan la contra en cualquier etapa hist\u00f3rica.<\/p>\n\n\n\n<p>Pero, claro, la culpa no siempre es del que se opone. Es m\u00e1s, la mayor responsabilidad le cabe al que gobierna, al que manda, al que lleva la batuta, al que tiene el poder. Ni hablar en los casos de las atroces dictaduras con la complicidad civil y de la jerarqu\u00eda eclesi\u00e1stica.<\/p>\n\n\n\n<p>Aunque, a lo largo de nuestra historia, los deslices son compartidos, mutuos y desestabilizantes en ambos sentidos. El que ayer gobern\u00f3, hoy se opone; el que se opone, sue\u00f1a con manejar los hilos de esta gran marioneta criolla.<\/p>\n\n\n\n<p>Somos argentinos nativos o por opci\u00f3n. Pero tambi\u00e9n, por oposici\u00f3n.<\/p>\n\n\n\n<p>No hay mayores responsables que cada uno de nosotros por los aciertos, las virtudes y los progresos obtenidos a lo largo de tantos a\u00f1os de vida colectiva.<\/p>\n\n\n\n<p>Pero, tambi\u00e9n somos solidariamente responsables de los errores, las torpezas, las bajezas, las declinaciones, las traiciones, las ca\u00eddas y los retrocesos.<\/p>\n\n\n\n<p><strong>La argentinidad<\/strong><\/p>\n\n\n\n<p>Somos los creadores de esa nebulosa compleja, complicada y tantas veces desentra\u00f1able y doliente que es la realidad argentina.<\/p>\n\n\n\n<p>Somos los argentinos una especie de ambidiestros sociales, bipolares pol\u00edticos, piscianos culturales.<\/p>\n\n\n\n<p>Somos diablillos traviesos con caras de angelitos, \u00e1ngeles celestiales aband\u00f3nicos del para\u00edso, o falsos profetas en la tierra prometida.<\/p>\n\n\n\n<p>Una parodia lastimosa de Dr. Jekill y Mr. Hide, la sombra eterna y el Big Bang.<\/p>\n\n\n\n<p>El yin y el yan, el agua y el aceite, el polo sur y el extremo norte, cara y cruz, Babilonia y el Vaticano.<\/p>\n\n\n\n<p>Un modelo de Frankestein mil veces disuelto, y mil veces vuelto a armar.<\/p>\n\n\n\n<p>V\u00edctimas y asesinos de nuestros propios sue\u00f1os. Hacedores e impedidores; prometedores e incumplidores; monarcas del granero del mundo y reyes desnudos de las tierras f\u00e9rtiles trabajadas por los m\u00e1s pobres.<\/p>\n\n\n\n<p>Grandes emprendedores, peque\u00f1os embaucadores, torpes inversores, grandes deudores, cr\u00edos aprovechadores.<\/p>\n\n\n\n<p>Fan\u00e1ticos de los espejos, aduladores de espejismos. Creadores de los r\u00e9cords m\u00e1s absurdos; exterminadores de los proyectos m\u00e1s sensatos y maravillosos.<\/p>\n\n\n\n<p>Un juego de dualidades a la en\u00e9sima potencia. Una divisi\u00f3n il\u00f3gica, una grieta absurda, un coraz\u00f3n partido, un sentido com\u00fan fisurado, una ideolog\u00eda en formaci\u00f3n, una herida abierta y que sangra.<\/p>\n\n\n\n<p>Un r\u00edo que no halla su camino hacia el mar, un horizonte que no encuentra su final.<\/p>\n\n\n\n<p>Todo eso somos, y m\u00e1s, claro.<\/p>\n\n\n\n<p><\/p>\n\n\n\n<figure class=\"wp-block-image size-large\"><img data-recalc-dims=\"1\" fetchpriority=\"high\" decoding=\"async\" width=\"1019\" height=\"718\" src=\"https:\/\/i0.wp.com\/elregionalvm.com.ar\/noticias-villa-maria\/wp-content\/uploads\/2021\/06\/argentinidad.jpg?resize=1019%2C718&#038;ssl=1\" alt=\"\" class=\"wp-image-40234\" srcset=\"https:\/\/i0.wp.com\/elregionalvm.com.ar\/noticias-villa-maria\/wp-content\/uploads\/2021\/06\/argentinidad.jpg?w=1019&amp;ssl=1 1019w, https:\/\/i0.wp.com\/elregionalvm.com.ar\/noticias-villa-maria\/wp-content\/uploads\/2021\/06\/argentinidad.jpg?resize=300%2C211&amp;ssl=1 300w, https:\/\/i0.wp.com\/elregionalvm.com.ar\/noticias-villa-maria\/wp-content\/uploads\/2021\/06\/argentinidad.jpg?resize=768%2C541&amp;ssl=1 768w\" sizes=\"(max-width: 1000px) 100vw, 1000px\" \/><figcaption>(<em>Foto Emprendedores News<\/em>)<\/figcaption><\/figure>\n\n\n\n<p><\/p>\n\n\n\n<p><strong>Un aguij\u00f3n en el lomo<\/strong><\/p>\n\n\n\n<p>Hay muchas historias que bien podr\u00edan dar cuenta de actitudes, acciones y tropiezos propios de cada uno de nosotros. No faltar\u00e1n alegor\u00edas en ese desfile interminable de relatos que podemos recobrar para delinear una met\u00e1fora de lo que somos, lo que fuimos y queremos ser. Aunque siempre nos pongamos las mismas trabas para conseguirlo.<\/p>\n\n\n\n<p>La f\u00e1bula de la rana y el escorpi\u00f3n es muy simple. Pero no por eso menos v\u00e1lida para graficar nuestro egocentrismo cong\u00e9nito que no es m\u00e1s que la otra cara de nuestro complejo de inferioridad. El que no nos permite crecer. El que nos deja pensando solo en nosotros, un nosotros que no incluye a nadie m\u00e1s que a nosotros.<\/p>\n\n\n\n<p>Unos pocos, &nbsp;los del mismo palo, la misma tribu, el mismo partido, la misma clase, la misma casta, la misma cofrad\u00eda, el mismo equipo, el mismo color de piel, el mismo acento verbal, el mismo grosor de cuentas bancarias, la misma mierda.<\/p>\n\n\n\n<p>Una inundaci\u00f3n provocada por el desborde del r\u00edo pon\u00eda en riesgo la vida de los seres que prefieren mantenerse lejos del agua. Acorralado por la situaci\u00f3n, al escorpi\u00f3n no le qued\u00f3 otra que pedir ayuda para poder cruzar al otro lado de la costa y no terminar de la peor manera.<\/p>\n\n\n\n<p>Pens\u00f3, pens\u00f3 y pens\u00f3. Qui\u00e9n podr\u00eda ayudarlo conociendo su genio y su fama. Una rana estaba por cruzar el agua y le pregunt\u00f3 si pod\u00eda cargarlo para llegar a la orilla y no morir. La rana, sabiendo de qui\u00e9n se trataba, se neg\u00f3. \u201cCuando menos lo espere, hundir\u00e1s tu aguij\u00f3n en mi espalda y me matar\u00e1s\u201d, argument\u00f3.<\/p>\n\n\n\n<p>\u201cEn ese caso, nos hundir\u00edamos los dos, porque yo no s\u00e9 nadar. Y no pondr\u00eda en riesgo mi vida mat\u00e1ndote\u201d, se defendi\u00f3 el escorpi\u00f3n. Dubitativa, la rana oscilaba entre&nbsp; la intimidaci\u00f3n y la l\u00e1stima. Al final, acept\u00f3.<\/p>\n\n\n\n<p>El animal m\u00e1s peque\u00f1o trep\u00f3 hasta el lomo del anfibio. Comenzaron a cruzar el r\u00edo a paso lento, mientras la rana observaba de reojo al siempre amenazante escorpi\u00f3n. Cuando hab\u00edan llegado a la mitad del camino, la rana sinti\u00f3 el pinchazo, un hilo de dolor intenso comenz\u00f3 a recorrerle toda la espalda. Quiso intentar apurar el paso. Pero, ya era tarde. El veneno comenz\u00f3 a paralizarla.<\/p>\n\n\n\n<p>\u201cPero, \u00a1qu\u00e9 hiciste!\u201d, le grit\u00f3 con todas las fuerzas que le quedaban a la alima\u00f1a traidora que iba a salvar, pero que le estaba quitando la vida. Al borde del ahogamiento, el escorpi\u00f3n alcanz\u00f3 a decir: \u201cPerd\u00f3n. No pude evitarlo. Es mi naturaleza\u201d.<\/p>\n\n\n\n<p>Todos actuamos y somos un poco como la rana y el escorpi\u00f3n. Es nuestra naturaleza la que nos muestra tal como somos. Aunque no queramos, aunque reneguemos de ello, la esencia de lo que somos nos persigue a sol y a sombra.<\/p>\n\n\n\n<p>Somos nuestros mejores promotores, pura inspiraci\u00f3n, creatividad y trabajo. Pero, tambi\u00e9n nuestros propios conspiradores de proyectos, boicoteadores de sue\u00f1os, artistas del autosabotaje, nuestros propios adversarios.<\/p>\n\n\n\n<p>Ojal\u00e1 no sea demasiado tarde el momento cuando nos demos cuenta que siempre se puede cambiar. Y mejorar. Antes de que este trance colectivo nos encuentre arrastrados por la corriente o en el fondo del r\u00edo.<\/p>\n\n\n\n<p>Juntos al final, pero hundidos en el mismo barro.<\/p>\n","protected":false},"excerpt":{"rendered":"<p>La realidad que duele, las dualidades que nos separan La f\u00e1bula de la rana y el escorpi\u00f3n expresa nuestro egocentrismo cong\u00e9nito que no es m\u00e1s que la otra cara de nuestro complejo de inferioridad. El que no nos permite crecer. El que piensa en demoler antes que en construir. El que siempre nos deja a [&hellip;]<\/p>\n","protected":false},"author":6,"featured_media":40233,"comment_status":"open","ping_status":"open","sticky":false,"template":"","format":"standard","meta":{"site-sidebar-layout":"default","site-content-layout":"default","ast-site-content-layout":"default","site-content-style":"default","site-sidebar-style":"default","ast-global-header-display":"","ast-banner-title-visibility":"","ast-main-header-display":"","ast-hfb-above-header-display":"","ast-hfb-below-header-display":"","ast-hfb-mobile-header-display":"","site-post-title":"","ast-breadcrumbs-content":"","ast-featured-img":"","footer-sml-layout":"","ast-disable-related-posts":"","theme-transparent-header-meta":"default","adv-header-id-meta":"","stick-header-meta":"","header-above-stick-meta":"","header-main-stick-meta":"","header-below-stick-meta":"","astra-migrate-meta-layouts":"default","ast-page-background-enabled":"default","ast-page-background-meta":{"desktop":{"background-color":"","background-image":"","background-repeat":"repeat","background-position":"center center","background-size":"auto","background-attachment":"scroll","background-type":"","background-media":"","overlay-type":"","overlay-color":"","overlay-opacity":"","overlay-gradient":""},"tablet":{"background-color":"","background-image":"","background-repeat":"repeat","background-position":"center center","background-size":"auto","background-attachment":"scroll","background-type":"","background-media":"","overlay-type":"","overlay-color":"","overlay-opacity":"","overlay-gradient":""},"mobile":{"background-color":"","background-image":"","background-repeat":"repeat","background-position":"center center","background-size":"auto","background-attachment":"scroll","background-type":"","background-media":"","overlay-type":"","overlay-color":"","overlay-opacity":"","overlay-gradient":""}},"ast-content-background-meta":{"desktop":{"background-color":"var(--ast-global-color-5)","background-image":"","background-repeat":"repeat","background-position":"center center","background-size":"auto","background-attachment":"scroll","background-type":"","background-media":"","overlay-type":"","overlay-color":"","overlay-opacity":"","overlay-gradient":""},"tablet":{"background-color":"var(--ast-global-color-5)","background-image":"","background-repeat":"repeat","background-position":"center center","background-size":"auto","background-attachment":"scroll","background-type":"","background-media":"","overlay-type":"","overlay-color":"","overlay-opacity":"","overlay-gradient":""},"mobile":{"background-color":"var(--ast-global-color-5)","background-image":"","background-repeat":"repeat","background-position":"center center","background-size":"auto","background-attachment":"scroll","background-type":"","background-media":"","overlay-type":"","overlay-color":"","overlay-opacity":"","overlay-gradient":""}},"_jetpack_memberships_contains_paid_content":false,"_joinchat":[],"footnotes":""},"categories":[2323,365],"tags":[415,9816,5720,9817,9818,2953,9819],"class_list":["post-40232","post","type-post","status-publish","format-standard","has-post-thumbnail","hentry","category-notas-secundarias","category-opinion","tag-argentina","tag-argentinos","tag-dolor","tag-dualidades","tag-fabula","tag-oposicion","tag-rana-y-escorpion"],"yoast_head":"<!-- This site is optimized with the Yoast SEO plugin v26.8 - https:\/\/yoast.com\/product\/yoast-seo-wordpress\/ -->\n<title>\u00a1Argentinos y basta! El abismo entre lo que deseamos ser y lo que somos - El Regional<\/title>\n<meta name=\"description\" content=\"Somos los creadores de esa nebulosa compleja, complicada y tantas veces desentra\u00f1able y doliente que es la realidad argentina.\" \/>\n<meta name=\"robots\" content=\"index, follow, max-snippet:-1, max-image-preview:large, max-video-preview:-1\" \/>\n<link rel=\"canonical\" href=\"http:\/\/elregionalvm.com.ar\/noticias-villa-maria\/argentinos-y-basta-el-abismo-entre-lo-que-deseamos-ser-y-lo-que-somos\/\" \/>\n<meta property=\"og:locale\" content=\"es_ES\" \/>\n<meta property=\"og:type\" content=\"article\" \/>\n<meta property=\"og:title\" content=\"\u00a1Argentinos y basta! El abismo entre lo que deseamos ser y lo que somos - El Regional\" \/>\n<meta property=\"og:description\" content=\"Somos los creadores de esa nebulosa compleja, complicada y tantas veces desentra\u00f1able y doliente que es la realidad argentina.\" \/>\n<meta property=\"og:url\" content=\"http:\/\/elregionalvm.com.ar\/noticias-villa-maria\/argentinos-y-basta-el-abismo-entre-lo-que-deseamos-ser-y-lo-que-somos\/\" \/>\n<meta property=\"og:site_name\" content=\"El Regional\" \/>\n<meta property=\"article:publisher\" content=\"https:\/\/www.facebook.com\/elregionalvm\" \/>\n<meta property=\"article:published_time\" content=\"2021-06-30T21:35:56+00:00\" \/>\n<meta property=\"article:modified_time\" content=\"2021-07-02T11:38:35+00:00\" \/>\n<meta property=\"og:image\" content=\"http:\/\/elregionalvm.com.ar\/noticias-villa-maria\/wp-content\/uploads\/2021\/06\/Argentino-llorando.jpeg\" \/>\n\t<meta property=\"og:image:width\" content=\"1200\" \/>\n\t<meta property=\"og:image:height\" content=\"766\" \/>\n\t<meta property=\"og:image:type\" content=\"image\/jpeg\" \/>\n<meta name=\"author\" content=\"Germ\u00e1n Giacchero\" \/>\n<meta name=\"twitter:card\" content=\"summary_large_image\" \/>\n<meta name=\"twitter:creator\" content=\"@elregionalvm1\" \/>\n<meta name=\"twitter:site\" content=\"@elregionalvm1\" \/>\n<meta name=\"twitter:label1\" content=\"Escrito por\" \/>\n\t<meta name=\"twitter:data1\" content=\"Germ\u00e1n Giacchero\" \/>\n\t<meta name=\"twitter:label2\" content=\"Tiempo de lectura\" \/>\n\t<meta name=\"twitter:data2\" content=\"5 minutos\" \/>\n<script type=\"application\/ld+json\" class=\"yoast-schema-graph\">{\"@context\":\"https:\/\/schema.org\",\"@graph\":[{\"@type\":\"Article\",\"@id\":\"http:\/\/elregionalvm.com.ar\/noticias-villa-maria\/argentinos-y-basta-el-abismo-entre-lo-que-deseamos-ser-y-lo-que-somos\/#article\",\"isPartOf\":{\"@id\":\"http:\/\/elregionalvm.com.ar\/noticias-villa-maria\/argentinos-y-basta-el-abismo-entre-lo-que-deseamos-ser-y-lo-que-somos\/\"},\"author\":{\"name\":\"Germ\u00e1n Giacchero\",\"@id\":\"http:\/\/elregionalvm.com.ar\/noticias-villa-maria\/#\/schema\/person\/d5e4b04966154131701e52c45d3efec9\"},\"headline\":\"\u00a1Argentinos y basta! El abismo entre lo que deseamos ser y lo que somos\",\"datePublished\":\"2021-06-30T21:35:56+00:00\",\"dateModified\":\"2021-07-02T11:38:35+00:00\",\"mainEntityOfPage\":{\"@id\":\"http:\/\/elregionalvm.com.ar\/noticias-villa-maria\/argentinos-y-basta-el-abismo-entre-lo-que-deseamos-ser-y-lo-que-somos\/\"},\"wordCount\":1106,\"commentCount\":0,\"image\":{\"@id\":\"http:\/\/elregionalvm.com.ar\/noticias-villa-maria\/argentinos-y-basta-el-abismo-entre-lo-que-deseamos-ser-y-lo-que-somos\/#primaryimage\"},\"thumbnailUrl\":\"https:\/\/i0.wp.com\/elregionalvm.com.ar\/noticias-villa-maria\/wp-content\/uploads\/2021\/06\/Argentino-llorando.jpeg?fit=1200%2C766&ssl=1\",\"keywords\":[\"Argentina\",\"Argentinos\",\"Dolor\",\"dualidades\",\"F\u00e1bula\",\"oposici\u00f3n\",\"Rana y escorpi\u00f3n\"],\"articleSection\":[\"Notas\",\"Opini\u00f3n\"],\"inLanguage\":\"es\",\"potentialAction\":[{\"@type\":\"CommentAction\",\"name\":\"Comment\",\"target\":[\"http:\/\/elregionalvm.com.ar\/noticias-villa-maria\/argentinos-y-basta-el-abismo-entre-lo-que-deseamos-ser-y-lo-que-somos\/#respond\"]}]},{\"@type\":\"WebPage\",\"@id\":\"http:\/\/elregionalvm.com.ar\/noticias-villa-maria\/argentinos-y-basta-el-abismo-entre-lo-que-deseamos-ser-y-lo-que-somos\/\",\"url\":\"http:\/\/elregionalvm.com.ar\/noticias-villa-maria\/argentinos-y-basta-el-abismo-entre-lo-que-deseamos-ser-y-lo-que-somos\/\",\"name\":\"\u00a1Argentinos y basta! El abismo entre lo que deseamos ser y lo que somos - El Regional\",\"isPartOf\":{\"@id\":\"http:\/\/elregionalvm.com.ar\/noticias-villa-maria\/#website\"},\"primaryImageOfPage\":{\"@id\":\"http:\/\/elregionalvm.com.ar\/noticias-villa-maria\/argentinos-y-basta-el-abismo-entre-lo-que-deseamos-ser-y-lo-que-somos\/#primaryimage\"},\"image\":{\"@id\":\"http:\/\/elregionalvm.com.ar\/noticias-villa-maria\/argentinos-y-basta-el-abismo-entre-lo-que-deseamos-ser-y-lo-que-somos\/#primaryimage\"},\"thumbnailUrl\":\"https:\/\/i0.wp.com\/elregionalvm.com.ar\/noticias-villa-maria\/wp-content\/uploads\/2021\/06\/Argentino-llorando.jpeg?fit=1200%2C766&ssl=1\",\"datePublished\":\"2021-06-30T21:35:56+00:00\",\"dateModified\":\"2021-07-02T11:38:35+00:00\",\"author\":{\"@id\":\"http:\/\/elregionalvm.com.ar\/noticias-villa-maria\/#\/schema\/person\/d5e4b04966154131701e52c45d3efec9\"},\"description\":\"Somos los creadores de esa nebulosa compleja, complicada y tantas veces desentra\u00f1able y doliente que es la realidad argentina.\",\"breadcrumb\":{\"@id\":\"http:\/\/elregionalvm.com.ar\/noticias-villa-maria\/argentinos-y-basta-el-abismo-entre-lo-que-deseamos-ser-y-lo-que-somos\/#breadcrumb\"},\"inLanguage\":\"es\",\"potentialAction\":[{\"@type\":\"ReadAction\",\"target\":[\"http:\/\/elregionalvm.com.ar\/noticias-villa-maria\/argentinos-y-basta-el-abismo-entre-lo-que-deseamos-ser-y-lo-que-somos\/\"]}]},{\"@type\":\"ImageObject\",\"inLanguage\":\"es\",\"@id\":\"http:\/\/elregionalvm.com.ar\/noticias-villa-maria\/argentinos-y-basta-el-abismo-entre-lo-que-deseamos-ser-y-lo-que-somos\/#primaryimage\",\"url\":\"https:\/\/i0.wp.com\/elregionalvm.com.ar\/noticias-villa-maria\/wp-content\/uploads\/2021\/06\/Argentino-llorando.jpeg?fit=1200%2C766&ssl=1\",\"contentUrl\":\"https:\/\/i0.wp.com\/elregionalvm.com.ar\/noticias-villa-maria\/wp-content\/uploads\/2021\/06\/Argentino-llorando.jpeg?fit=1200%2C766&ssl=1\",\"width\":1200,\"height\":766},{\"@type\":\"BreadcrumbList\",\"@id\":\"http:\/\/elregionalvm.com.ar\/noticias-villa-maria\/argentinos-y-basta-el-abismo-entre-lo-que-deseamos-ser-y-lo-que-somos\/#breadcrumb\",\"itemListElement\":[{\"@type\":\"ListItem\",\"position\":1,\"name\":\"Portada\",\"item\":\"https:\/\/elregionalvm.com.ar\/noticias-villa-maria\/\"},{\"@type\":\"ListItem\",\"position\":2,\"name\":\"\u00a1Argentinos y basta! El abismo entre lo que deseamos ser y lo que somos\"}]},{\"@type\":\"WebSite\",\"@id\":\"http:\/\/elregionalvm.com.ar\/noticias-villa-maria\/#website\",\"url\":\"http:\/\/elregionalvm.com.ar\/noticias-villa-maria\/\",\"name\":\"El Regional\",\"description\":\"Mucho m\u00e1s que informaci\u00f3n\",\"potentialAction\":[{\"@type\":\"SearchAction\",\"target\":{\"@type\":\"EntryPoint\",\"urlTemplate\":\"http:\/\/elregionalvm.com.ar\/noticias-villa-maria\/?s={search_term_string}\"},\"query-input\":{\"@type\":\"PropertyValueSpecification\",\"valueRequired\":true,\"valueName\":\"search_term_string\"}}],\"inLanguage\":\"es\"},{\"@type\":\"Person\",\"@id\":\"http:\/\/elregionalvm.com.ar\/noticias-villa-maria\/#\/schema\/person\/d5e4b04966154131701e52c45d3efec9\",\"name\":\"Germ\u00e1n Giacchero\",\"image\":{\"@type\":\"ImageObject\",\"inLanguage\":\"es\",\"@id\":\"http:\/\/elregionalvm.com.ar\/noticias-villa-maria\/#\/schema\/person\/image\/\",\"url\":\"https:\/\/secure.gravatar.com\/avatar\/fda163ba5ef0307ee5be9846e10f83b6e83d0cfb260d3b2464830318894c6b04?s=96&d=mm&r=g\",\"contentUrl\":\"https:\/\/secure.gravatar.com\/avatar\/fda163ba5ef0307ee5be9846e10f83b6e83d0cfb260d3b2464830318894c6b04?s=96&d=mm&r=g\",\"caption\":\"Germ\u00e1n Giacchero\"},\"url\":\"https:\/\/elregionalvm.com.ar\/noticias-villa-maria\/author\/germangiacchero\/\"}]}<\/script>\n<!-- \/ Yoast SEO plugin. -->","yoast_head_json":{"title":"\u00a1Argentinos y basta! El abismo entre lo que deseamos ser y lo que somos - El Regional","description":"Somos los creadores de esa nebulosa compleja, complicada y tantas veces desentra\u00f1able y doliente que es la realidad argentina.","robots":{"index":"index","follow":"follow","max-snippet":"max-snippet:-1","max-image-preview":"max-image-preview:large","max-video-preview":"max-video-preview:-1"},"canonical":"http:\/\/elregionalvm.com.ar\/noticias-villa-maria\/argentinos-y-basta-el-abismo-entre-lo-que-deseamos-ser-y-lo-que-somos\/","og_locale":"es_ES","og_type":"article","og_title":"\u00a1Argentinos y basta! El abismo entre lo que deseamos ser y lo que somos - El Regional","og_description":"Somos los creadores de esa nebulosa compleja, complicada y tantas veces desentra\u00f1able y doliente que es la realidad argentina.","og_url":"http:\/\/elregionalvm.com.ar\/noticias-villa-maria\/argentinos-y-basta-el-abismo-entre-lo-que-deseamos-ser-y-lo-que-somos\/","og_site_name":"El Regional","article_publisher":"https:\/\/www.facebook.com\/elregionalvm","article_published_time":"2021-06-30T21:35:56+00:00","article_modified_time":"2021-07-02T11:38:35+00:00","og_image":[{"width":1200,"height":766,"url":"http:\/\/elregionalvm.com.ar\/noticias-villa-maria\/wp-content\/uploads\/2021\/06\/Argentino-llorando.jpeg","type":"image\/jpeg"}],"author":"Germ\u00e1n Giacchero","twitter_card":"summary_large_image","twitter_creator":"@elregionalvm1","twitter_site":"@elregionalvm1","twitter_misc":{"Escrito por":"Germ\u00e1n Giacchero","Tiempo de lectura":"5 minutos"},"schema":{"@context":"https:\/\/schema.org","@graph":[{"@type":"Article","@id":"http:\/\/elregionalvm.com.ar\/noticias-villa-maria\/argentinos-y-basta-el-abismo-entre-lo-que-deseamos-ser-y-lo-que-somos\/#article","isPartOf":{"@id":"http:\/\/elregionalvm.com.ar\/noticias-villa-maria\/argentinos-y-basta-el-abismo-entre-lo-que-deseamos-ser-y-lo-que-somos\/"},"author":{"name":"Germ\u00e1n Giacchero","@id":"http:\/\/elregionalvm.com.ar\/noticias-villa-maria\/#\/schema\/person\/d5e4b04966154131701e52c45d3efec9"},"headline":"\u00a1Argentinos y basta! El abismo entre lo que deseamos ser y lo que somos","datePublished":"2021-06-30T21:35:56+00:00","dateModified":"2021-07-02T11:38:35+00:00","mainEntityOfPage":{"@id":"http:\/\/elregionalvm.com.ar\/noticias-villa-maria\/argentinos-y-basta-el-abismo-entre-lo-que-deseamos-ser-y-lo-que-somos\/"},"wordCount":1106,"commentCount":0,"image":{"@id":"http:\/\/elregionalvm.com.ar\/noticias-villa-maria\/argentinos-y-basta-el-abismo-entre-lo-que-deseamos-ser-y-lo-que-somos\/#primaryimage"},"thumbnailUrl":"https:\/\/i0.wp.com\/elregionalvm.com.ar\/noticias-villa-maria\/wp-content\/uploads\/2021\/06\/Argentino-llorando.jpeg?fit=1200%2C766&ssl=1","keywords":["Argentina","Argentinos","Dolor","dualidades","F\u00e1bula","oposici\u00f3n","Rana y escorpi\u00f3n"],"articleSection":["Notas","Opini\u00f3n"],"inLanguage":"es","potentialAction":[{"@type":"CommentAction","name":"Comment","target":["http:\/\/elregionalvm.com.ar\/noticias-villa-maria\/argentinos-y-basta-el-abismo-entre-lo-que-deseamos-ser-y-lo-que-somos\/#respond"]}]},{"@type":"WebPage","@id":"http:\/\/elregionalvm.com.ar\/noticias-villa-maria\/argentinos-y-basta-el-abismo-entre-lo-que-deseamos-ser-y-lo-que-somos\/","url":"http:\/\/elregionalvm.com.ar\/noticias-villa-maria\/argentinos-y-basta-el-abismo-entre-lo-que-deseamos-ser-y-lo-que-somos\/","name":"\u00a1Argentinos y basta! El abismo entre lo que deseamos ser y lo que somos - El Regional","isPartOf":{"@id":"http:\/\/elregionalvm.com.ar\/noticias-villa-maria\/#website"},"primaryImageOfPage":{"@id":"http:\/\/elregionalvm.com.ar\/noticias-villa-maria\/argentinos-y-basta-el-abismo-entre-lo-que-deseamos-ser-y-lo-que-somos\/#primaryimage"},"image":{"@id":"http:\/\/elregionalvm.com.ar\/noticias-villa-maria\/argentinos-y-basta-el-abismo-entre-lo-que-deseamos-ser-y-lo-que-somos\/#primaryimage"},"thumbnailUrl":"https:\/\/i0.wp.com\/elregionalvm.com.ar\/noticias-villa-maria\/wp-content\/uploads\/2021\/06\/Argentino-llorando.jpeg?fit=1200%2C766&ssl=1","datePublished":"2021-06-30T21:35:56+00:00","dateModified":"2021-07-02T11:38:35+00:00","author":{"@id":"http:\/\/elregionalvm.com.ar\/noticias-villa-maria\/#\/schema\/person\/d5e4b04966154131701e52c45d3efec9"},"description":"Somos los creadores de esa nebulosa compleja, complicada y tantas veces desentra\u00f1able y doliente que es la realidad argentina.","breadcrumb":{"@id":"http:\/\/elregionalvm.com.ar\/noticias-villa-maria\/argentinos-y-basta-el-abismo-entre-lo-que-deseamos-ser-y-lo-que-somos\/#breadcrumb"},"inLanguage":"es","potentialAction":[{"@type":"ReadAction","target":["http:\/\/elregionalvm.com.ar\/noticias-villa-maria\/argentinos-y-basta-el-abismo-entre-lo-que-deseamos-ser-y-lo-que-somos\/"]}]},{"@type":"ImageObject","inLanguage":"es","@id":"http:\/\/elregionalvm.com.ar\/noticias-villa-maria\/argentinos-y-basta-el-abismo-entre-lo-que-deseamos-ser-y-lo-que-somos\/#primaryimage","url":"https:\/\/i0.wp.com\/elregionalvm.com.ar\/noticias-villa-maria\/wp-content\/uploads\/2021\/06\/Argentino-llorando.jpeg?fit=1200%2C766&ssl=1","contentUrl":"https:\/\/i0.wp.com\/elregionalvm.com.ar\/noticias-villa-maria\/wp-content\/uploads\/2021\/06\/Argentino-llorando.jpeg?fit=1200%2C766&ssl=1","width":1200,"height":766},{"@type":"BreadcrumbList","@id":"http:\/\/elregionalvm.com.ar\/noticias-villa-maria\/argentinos-y-basta-el-abismo-entre-lo-que-deseamos-ser-y-lo-que-somos\/#breadcrumb","itemListElement":[{"@type":"ListItem","position":1,"name":"Portada","item":"https:\/\/elregionalvm.com.ar\/noticias-villa-maria\/"},{"@type":"ListItem","position":2,"name":"\u00a1Argentinos y basta! El abismo entre lo que deseamos ser y lo que somos"}]},{"@type":"WebSite","@id":"http:\/\/elregionalvm.com.ar\/noticias-villa-maria\/#website","url":"http:\/\/elregionalvm.com.ar\/noticias-villa-maria\/","name":"El Regional","description":"Mucho m\u00e1s que informaci\u00f3n","potentialAction":[{"@type":"SearchAction","target":{"@type":"EntryPoint","urlTemplate":"http:\/\/elregionalvm.com.ar\/noticias-villa-maria\/?s={search_term_string}"},"query-input":{"@type":"PropertyValueSpecification","valueRequired":true,"valueName":"search_term_string"}}],"inLanguage":"es"},{"@type":"Person","@id":"http:\/\/elregionalvm.com.ar\/noticias-villa-maria\/#\/schema\/person\/d5e4b04966154131701e52c45d3efec9","name":"Germ\u00e1n Giacchero","image":{"@type":"ImageObject","inLanguage":"es","@id":"http:\/\/elregionalvm.com.ar\/noticias-villa-maria\/#\/schema\/person\/image\/","url":"https:\/\/secure.gravatar.com\/avatar\/fda163ba5ef0307ee5be9846e10f83b6e83d0cfb260d3b2464830318894c6b04?s=96&d=mm&r=g","contentUrl":"https:\/\/secure.gravatar.com\/avatar\/fda163ba5ef0307ee5be9846e10f83b6e83d0cfb260d3b2464830318894c6b04?s=96&d=mm&r=g","caption":"Germ\u00e1n Giacchero"},"url":"https:\/\/elregionalvm.com.ar\/noticias-villa-maria\/author\/germangiacchero\/"}]}},"jetpack_featured_media_url":"https:\/\/i0.wp.com\/elregionalvm.com.ar\/noticias-villa-maria\/wp-content\/uploads\/2021\/06\/Argentino-llorando.jpeg?fit=1200%2C766&ssl=1","jetpack_sharing_enabled":true,"_links":{"self":[{"href":"https:\/\/elregionalvm.com.ar\/noticias-villa-maria\/wp-json\/wp\/v2\/posts\/40232","targetHints":{"allow":["GET"]}}],"collection":[{"href":"https:\/\/elregionalvm.com.ar\/noticias-villa-maria\/wp-json\/wp\/v2\/posts"}],"about":[{"href":"https:\/\/elregionalvm.com.ar\/noticias-villa-maria\/wp-json\/wp\/v2\/types\/post"}],"author":[{"embeddable":true,"href":"https:\/\/elregionalvm.com.ar\/noticias-villa-maria\/wp-json\/wp\/v2\/users\/6"}],"replies":[{"embeddable":true,"href":"https:\/\/elregionalvm.com.ar\/noticias-villa-maria\/wp-json\/wp\/v2\/comments?post=40232"}],"version-history":[{"count":2,"href":"https:\/\/elregionalvm.com.ar\/noticias-villa-maria\/wp-json\/wp\/v2\/posts\/40232\/revisions"}],"predecessor-version":[{"id":40236,"href":"https:\/\/elregionalvm.com.ar\/noticias-villa-maria\/wp-json\/wp\/v2\/posts\/40232\/revisions\/40236"}],"wp:featuredmedia":[{"embeddable":true,"href":"https:\/\/elregionalvm.com.ar\/noticias-villa-maria\/wp-json\/wp\/v2\/media\/40233"}],"wp:attachment":[{"href":"https:\/\/elregionalvm.com.ar\/noticias-villa-maria\/wp-json\/wp\/v2\/media?parent=40232"}],"wp:term":[{"taxonomy":"category","embeddable":true,"href":"https:\/\/elregionalvm.com.ar\/noticias-villa-maria\/wp-json\/wp\/v2\/categories?post=40232"},{"taxonomy":"post_tag","embeddable":true,"href":"https:\/\/elregionalvm.com.ar\/noticias-villa-maria\/wp-json\/wp\/v2\/tags?post=40232"}],"curies":[{"name":"wp","href":"https:\/\/api.w.org\/{rel}","templated":true}]}}