{"id":40258,"date":"2021-07-01T01:04:21","date_gmt":"2021-07-01T01:04:21","guid":{"rendered":"https:\/\/elregionalvm.com.ar\/noticias-villa-maria\/?p=40258"},"modified":"2021-07-01T01:04:22","modified_gmt":"2021-07-01T01:04:22","slug":"informe-de-gestion-anunciaron-la-construccion-de-450-viviendas-un-sistema-publico-de-bicicletas-y-mas","status":"publish","type":"post","link":"https:\/\/elregionalvm.com.ar\/noticias-villa-maria\/informe-de-gestion-anunciaron-la-construccion-de-450-viviendas-un-sistema-publico-de-bicicletas-y-mas\/","title":{"rendered":"Informe de Gesti\u00f3n: anunciaron la construcci\u00f3n de 450 viviendas, un sistema p\u00fablico de bicicletas y m\u00e1s"},"content":{"rendered":"\n<p>Esta ma\u00f1ana, el intendente interino, Pablo Rosso, brind\u00f3 hoy el primer informe de gesti\u00f3n del a\u00f1o, conforme a lo establecido en el art\u00edculo 127 de la Carta Org\u00e1nica Municipal. Ante el Concejo Deliberante, el mandatario local realiz\u00f3 un recorrido por las acciones que el Municipio viene llevando adelante desde la realizaci\u00f3n de la apertura de sesiones y brind\u00f3 detalles sobre los avances concretados en materia de obras p\u00fablicas e infraestructura.<\/p>\n\n\n\n<p>En la casa legislativa y frente a un reducido p\u00fablico, Rosso resalt\u00f3 las pol\u00edticas implementadas por el Gobierno local durante la primera parte del a\u00f1o, al mismo tiempo que realiz\u00f3 anuncios para los pr\u00f3ximos meses.<\/p>\n\n\n\n<p>Al respecto, Rosso hizo referencia al eje vivienda e indic\u00f3: \u201cSabemos que la demanda habitacional es hoy una necesidad primordial para mejorar la calidad de vida de nuestros vecinos\u201d. \u201cConscientes de esto, hemos realizado m\u00faltiples gestiones para finalmente estar a un paso de concretar el sue\u00f1o de muchas familias de contar con su casa\u201d, asegur\u00f3.<\/p>\n\n\n\n<p>En este sentido, el intendente interino resalt\u00f3: \u201cYa hemos terminado la colocaci\u00f3n de los techos de las 47 viviendas, que prometimos en el discurso de apertura y hoy venimos a mostrar que lo hemos cumplido\u201d. Y luego, a\u00f1adi\u00f3: \u201cAntes de octubre, estaremos pudiendo dar la llave de sus casas a estas familias, luego de una inversi\u00f3n de m\u00e1s de 90 millones de pesos que gestionamos ante el Ministerio de Vivienda y H\u00e1bitat de la Naci\u00f3n\u201d.<\/p>\n\n\n\n<p>Al mismo tiempo, el mandatario local apunt\u00f3 que el municipio se encuentra trabajando en la apertura de un Registro de Demanda Habitacional, a los fines de establecer un nuevo padr\u00f3n actualizado de la necesidad de tierra y viviendas. De modo simult\u00e1neo, se llevan adelante las tareas pertinentes para dotar de la infraestructura necesaria a 23 hect\u00e1reas de barrio Las Playas, convirti\u00e9ndose el terreno en m\u00e1s de 320 lotes a la disposici\u00f3n de ciudadanos para la construcci\u00f3n de 300 viviendas del Programa Casa Propia gestionado por el municipio ante la Naci\u00f3n.<\/p>\n\n\n\n<p>De modo seguido, Rosso anunci\u00f3 que el municipio ceder\u00e1 las tierras para avanzar en la construcci\u00f3n de un edificio con 72 departamentos los cuales ser\u00e1n financiados a trav\u00e9s del Programa Nacional Procrear, otorgando soluciones habitacionales a los ciudadanos. Tambi\u00e9n ratific\u00f3 que con fondos municipales se construir\u00e1n 20 viviendas sociales.<\/p>\n\n\n\n<p>De esta manera, la inversi\u00f3n en pol\u00edticas habitacionales realizada en la localidad asciende a 1.500 millones de pesos, siendo esto resultado del permanente di\u00e1logo y vinculaci\u00f3n con el actual Gobierno nacional.<\/p>\n\n\n\n<div class=\"wp-block-image\"><figure class=\"aligncenter size-large is-resized\"><img data-recalc-dims=\"1\" fetchpriority=\"high\" decoding=\"async\" src=\"https:\/\/i0.wp.com\/elregionalvm.com.ar\/noticias-villa-maria\/wp-content\/uploads\/2021\/07\/WhatsApp-Image-2021-06-30-at-14.08.29.jpeg?resize=680%2C452&#038;ssl=1\" alt=\"\" class=\"wp-image-40260\" width=\"680\" height=\"452\" srcset=\"https:\/\/i0.wp.com\/elregionalvm.com.ar\/noticias-villa-maria\/wp-content\/uploads\/2021\/07\/WhatsApp-Image-2021-06-30-at-14.08.29.jpeg?resize=1024%2C682&amp;ssl=1 1024w, https:\/\/i0.wp.com\/elregionalvm.com.ar\/noticias-villa-maria\/wp-content\/uploads\/2021\/07\/WhatsApp-Image-2021-06-30-at-14.08.29.jpeg?resize=300%2C200&amp;ssl=1 300w, https:\/\/i0.wp.com\/elregionalvm.com.ar\/noticias-villa-maria\/wp-content\/uploads\/2021\/07\/WhatsApp-Image-2021-06-30-at-14.08.29.jpeg?resize=768%2C512&amp;ssl=1 768w, https:\/\/i0.wp.com\/elregionalvm.com.ar\/noticias-villa-maria\/wp-content\/uploads\/2021\/07\/WhatsApp-Image-2021-06-30-at-14.08.29.jpeg?w=1280&amp;ssl=1 1280w\" sizes=\"(max-width: 680px) 100vw, 680px\" \/><\/figure><\/div>\n\n\n\n<p>En esta misma l\u00ednea, anunci\u00f3: \u201cQuiero comunicar que estamos finalizando el proyecto para gestionar los fondos que nos permitan concretar la pavimentaci\u00f3n completa de la prolongaci\u00f3n de bulevar Alvear, en el tramo que va desde el Hogar de Ancianos hasta la Ruta 9\u201d. Y luego, a\u00f1adi\u00f3: \u201cAdem\u00e1s, se suman otras 60 cuadras de pavimento concretadas en barrios Mariano Moreno, Los Olmos, Carlos Pellegrini, Las Playas, San Nicol\u00e1s, Barrancas del R\u00edo, Las Acacias, Nicol\u00e1s Avellaneda, San Juan Bautista, Belgrano, Bello Horizonte, y el adoquinado que sigue avanzando en barrio Ram\u00f3n Carrillo\u201d.<\/p>\n\n\n\n<p>Rosso destac\u00f3 la labor articulada junto al secretario de Obras P\u00fablicas de la Naci\u00f3n, Mart\u00edn Gill, quien contin\u00faa trabajando a la par del municipio en los diferentes frentes que se efect\u00faan en la ciudad. \u201cEn Villa Mar\u00eda no hay individualidades, sino un equipo, un proyecto pol\u00edtico que prioriza el desarrollo humano y urbano, con una impronta de comunidad emprendedora que desde hace m\u00e1s de 20 a\u00f1os se supera y cumple sus sue\u00f1os\u201d, se\u00f1al\u00f3 el intendente interino.<\/p>\n\n\n\n<p>Sustentabilidad<\/p>\n\n\n\n<p>A continuaci\u00f3n, Rosso apoy\u00f3 su discurso sobre el eje de sustentabilidad y enfatiz\u00f3 el posicionamiento de Villa Mar\u00eda como Ciudad del Aprendizaje, al mismo tiempo que se constituye como una localidad sostenible y amigable con el ambiente. En este punto, anunci\u00f3 la aprobaci\u00f3n del Proyecto presentado por el municipio ante el Ministerio de Transporte de la Naci\u00f3n, a los fines de crear una red de v\u00edas seguras para ciclistas.<\/p>\n\n\n\n<p>\u201cAvanzar en sustentabilidad tambi\u00e9n implica repensar la manera en que nos movilizamos\u201d, asegur\u00f3 Rosso, y a\u00f1adi\u00f3: \u201cQueremos generar un impacto positivo en la calidad de vida, contribuir a la mejora del ambiente y de la salud de la gente, disminuir la accidentolog\u00eda, lograr una movilidad segura, fluida y confiable, generar ahorro de energ\u00eda y disminuir la contaminaci\u00f3n sonora\u201d.<\/p>\n\n\n\n<p>Es as\u00ed, que la nueva infraestructura contar\u00e1 con un trayecto de 17 nuevos kil\u00f3metros, los cuales incluyen se\u00f1al\u00e9tica horizontal y vertical. Adem\u00e1s, ser\u00e1 incorporado un nuevo sistema p\u00fablico de 250 Bicicletas con sistema de gesti\u00f3n y posicionamiento, 30 paradas en distintos puntos de la ciudad, con 15 d\u00e1rsenas en cada una, y dos veh\u00edculos utilitarios para control y reposicionamiento de los rodados cada d\u00eda.<\/p>\n\n\n\n<p>En tanto, el Gobierno local contin\u00faa llevando adelante diversos frentes de obras que avanzan a buen ritmo en la ciudad, como lo es el proyecto que transformar\u00e1 la columna vertebral de la ciudad con la remodelaci\u00f3n de los cuatro bulevares, posibilitando la uni\u00f3n de los barrios con el centro de la localidad.<\/p>\n\n\n\n<p>En cimult\u00e1neo, comenzar\u00e1 a constituirse el actual basural a cielo abierto en un Centro de Gesti\u00f3n Ambiental para Villa Mar\u00eda y Villa Nueva. Este espacio contempla la generaci\u00f3n de 60 nuevos puestos de trabajo y tiene por objetivo reducir el 35% de los residuos que genera el conglomerado.<\/p>\n\n\n\n<p>Al respecto, Rosso expres\u00f3: \u201cEstamos cambiando juntos nuestro futuro, con obras y acciones que modificar\u00e1n para siempre la cotidianeidad y quedar\u00e1n como marca identitaria para las nuevas generaciones\u201d. \u201cCon humildad, transparencia, convicci\u00f3n y compromiso, vamos a dejar absolutamente todo para que Villa Mar\u00eda siga siendo esta ciudad que produce orgullo. Y no lo queremos hacer solos, lo queremos hacer con todos y todas\u201d, concluyo el intendente interino.<\/p>\n\n\n\n<p>De este modo, el municipio contin\u00faa trabajando en pol\u00edticas que brinden una mayor de calidad de vida a vecinos y vecinas, dando cumplimiento a los compromisos asumidos durante la apertura de sesiones, y sumando nuevos proyectos que prev\u00e9n ser concretados en el corto plazo.<\/p>\n","protected":false},"excerpt":{"rendered":"<p>Esta ma\u00f1ana, el intendente interino, Pablo Rosso, brind\u00f3 hoy el primer informe de gesti\u00f3n del a\u00f1o, conforme a lo establecido en el art\u00edculo 127 de la Carta Org\u00e1nica Municipal. Ante el Concejo Deliberante, el mandatario local realiz\u00f3 un recorrido por las acciones que el Municipio viene llevando adelante desde la realizaci\u00f3n de la apertura de [&hellip;]<\/p>\n","protected":false},"author":4,"featured_media":40259,"comment_status":"open","ping_status":"open","sticky":false,"template":"","format":"standard","meta":{"site-sidebar-layout":"default","site-content-layout":"default","ast-site-content-layout":"default","site-content-style":"default","site-sidebar-style":"default","ast-global-header-display":"","ast-banner-title-visibility":"","ast-main-header-display":"","ast-hfb-above-header-display":"","ast-hfb-below-header-display":"","ast-hfb-mobile-header-display":"","site-post-title":"","ast-breadcrumbs-content":"","ast-featured-img":"","footer-sml-layout":"","ast-disable-related-posts":"","theme-transparent-header-meta":"default","adv-header-id-meta":"","stick-header-meta":"","header-above-stick-meta":"","header-main-stick-meta":"","header-below-stick-meta":"","astra-migrate-meta-layouts":"default","ast-page-background-enabled":"default","ast-page-background-meta":{"desktop":{"background-color":"","background-image":"","background-repeat":"repeat","background-position":"center center","background-size":"auto","background-attachment":"scroll","background-type":"","background-media":"","overlay-type":"","overlay-color":"","overlay-opacity":"","overlay-gradient":""},"tablet":{"background-color":"","background-image":"","background-repeat":"repeat","background-position":"center center","background-size":"auto","background-attachment":"scroll","background-type":"","background-media":"","overlay-type":"","overlay-color":"","overlay-opacity":"","overlay-gradient":""},"mobile":{"background-color":"","background-image":"","background-repeat":"repeat","background-position":"center center","background-size":"auto","background-attachment":"scroll","background-type":"","background-media":"","overlay-type":"","overlay-color":"","overlay-opacity":"","overlay-gradient":""}},"ast-content-background-meta":{"desktop":{"background-color":"var(--ast-global-color-5)","background-image":"","background-repeat":"repeat","background-position":"center center","background-size":"auto","background-attachment":"scroll","background-type":"","background-media":"","overlay-type":"","overlay-color":"","overlay-opacity":"","overlay-gradient":""},"tablet":{"background-color":"var(--ast-global-color-5)","background-image":"","background-repeat":"repeat","background-position":"center center","background-size":"auto","background-attachment":"scroll","background-type":"","background-media":"","overlay-type":"","overlay-color":"","overlay-opacity":"","overlay-gradient":""},"mobile":{"background-color":"var(--ast-global-color-5)","background-image":"","background-repeat":"repeat","background-position":"center center","background-size":"auto","background-attachment":"scroll","background-type":"","background-media":"","overlay-type":"","overlay-color":"","overlay-opacity":"","overlay-gradient":""}},"_jetpack_memberships_contains_paid_content":false,"_joinchat":[],"footnotes":""},"categories":[2],"tags":[1597,1232,2288,1878,680,9830,2465],"class_list":["post-40258","post","type-post","status-publish","format-standard","has-post-thumbnail","hentry","category-villa-maria","tag-concejo-deliberante","tag-destacado","tag-informe-de-gestion","tag-pablo-rosso","tag-pavimento","tag-sistema-publico-de-bicicletas","tag-viviendas"],"yoast_head":"<!-- This site is optimized with the Yoast SEO plugin v26.8 - https:\/\/yoast.com\/product\/yoast-seo-wordpress\/ -->\n<title>Informe de Gesti\u00f3n: anunciaron la construcci\u00f3n de 450 viviendas, un sistema p\u00fablico de bicicletas y m\u00e1s - El Regional<\/title>\n<meta name=\"robots\" content=\"index, follow, max-snippet:-1, max-image-preview:large, max-video-preview:-1\" \/>\n<link rel=\"canonical\" href=\"http:\/\/elregionalvm.com.ar\/noticias-villa-maria\/informe-de-gestion-anunciaron-la-construccion-de-450-viviendas-un-sistema-publico-de-bicicletas-y-mas\/\" \/>\n<meta property=\"og:locale\" content=\"es_ES\" \/>\n<meta property=\"og:type\" content=\"article\" \/>\n<meta property=\"og:title\" content=\"Informe de Gesti\u00f3n: anunciaron la construcci\u00f3n de 450 viviendas, un sistema p\u00fablico de bicicletas y m\u00e1s - El Regional\" \/>\n<meta property=\"og:description\" content=\"Esta ma\u00f1ana, el intendente interino, Pablo Rosso, brind\u00f3 hoy el primer informe de gesti\u00f3n del a\u00f1o, conforme a lo establecido en el art\u00edculo 127 de la Carta Org\u00e1nica Municipal. Ante el Concejo Deliberante, el mandatario local realiz\u00f3 un recorrido por las acciones que el Municipio viene llevando adelante desde la realizaci\u00f3n de la apertura de [&hellip;]\" \/>\n<meta property=\"og:url\" content=\"http:\/\/elregionalvm.com.ar\/noticias-villa-maria\/informe-de-gestion-anunciaron-la-construccion-de-450-viviendas-un-sistema-publico-de-bicicletas-y-mas\/\" \/>\n<meta property=\"og:site_name\" content=\"El Regional\" \/>\n<meta property=\"article:publisher\" content=\"https:\/\/www.facebook.com\/elregionalvm\" \/>\n<meta property=\"article:published_time\" content=\"2021-07-01T01:04:21+00:00\" \/>\n<meta property=\"article:modified_time\" content=\"2021-07-01T01:04:22+00:00\" \/>\n<meta property=\"og:image\" content=\"http:\/\/elregionalvm.com.ar\/noticias-villa-maria\/wp-content\/uploads\/2021\/07\/WhatsApp-Image-2021-06-30-at-14.08.28.jpeg\" \/>\n\t<meta property=\"og:image:width\" content=\"1280\" \/>\n\t<meta property=\"og:image:height\" content=\"853\" \/>\n\t<meta property=\"og:image:type\" content=\"image\/jpeg\" \/>\n<meta name=\"author\" content=\"Contenidos El Regional\" \/>\n<meta name=\"twitter:card\" content=\"summary_large_image\" \/>\n<meta name=\"twitter:creator\" content=\"@elregionalvm1\" \/>\n<meta name=\"twitter:site\" content=\"@elregionalvm1\" \/>\n<meta name=\"twitter:label1\" content=\"Escrito por\" \/>\n\t<meta name=\"twitter:data1\" content=\"Contenidos El Regional\" \/>\n\t<meta name=\"twitter:label2\" content=\"Tiempo de lectura\" \/>\n\t<meta name=\"twitter:data2\" content=\"5 minutos\" \/>\n<script type=\"application\/ld+json\" class=\"yoast-schema-graph\">{\"@context\":\"https:\/\/schema.org\",\"@graph\":[{\"@type\":\"Article\",\"@id\":\"http:\/\/elregionalvm.com.ar\/noticias-villa-maria\/informe-de-gestion-anunciaron-la-construccion-de-450-viviendas-un-sistema-publico-de-bicicletas-y-mas\/#article\",\"isPartOf\":{\"@id\":\"http:\/\/elregionalvm.com.ar\/noticias-villa-maria\/informe-de-gestion-anunciaron-la-construccion-de-450-viviendas-un-sistema-publico-de-bicicletas-y-mas\/\"},\"author\":{\"name\":\"Contenidos El Regional\",\"@id\":\"http:\/\/elregionalvm.com.ar\/noticias-villa-maria\/#\/schema\/person\/a0fb9c422317faca23d50163151bc354\"},\"headline\":\"Informe de Gesti\u00f3n: anunciaron la construcci\u00f3n de 450 viviendas, un sistema p\u00fablico de bicicletas y m\u00e1s\",\"datePublished\":\"2021-07-01T01:04:21+00:00\",\"dateModified\":\"2021-07-01T01:04:22+00:00\",\"mainEntityOfPage\":{\"@id\":\"http:\/\/elregionalvm.com.ar\/noticias-villa-maria\/informe-de-gestion-anunciaron-la-construccion-de-450-viviendas-un-sistema-publico-de-bicicletas-y-mas\/\"},\"wordCount\":1064,\"commentCount\":0,\"image\":{\"@id\":\"http:\/\/elregionalvm.com.ar\/noticias-villa-maria\/informe-de-gestion-anunciaron-la-construccion-de-450-viviendas-un-sistema-publico-de-bicicletas-y-mas\/#primaryimage\"},\"thumbnailUrl\":\"https:\/\/i0.wp.com\/elregionalvm.com.ar\/noticias-villa-maria\/wp-content\/uploads\/2021\/07\/WhatsApp-Image-2021-06-30-at-14.08.28.jpeg?fit=1280%2C853&ssl=1\",\"keywords\":[\"Concejo Deliberante\",\"destacado\",\"informe de gesti\u00f3n\",\"Pablo Rosso\",\"pavimento\",\"sistema p\u00fablico de bicicletas\",\"Viviendas\"],\"articleSection\":[\"Villa Mar\u00eda\"],\"inLanguage\":\"es\",\"potentialAction\":[{\"@type\":\"CommentAction\",\"name\":\"Comment\",\"target\":[\"http:\/\/elregionalvm.com.ar\/noticias-villa-maria\/informe-de-gestion-anunciaron-la-construccion-de-450-viviendas-un-sistema-publico-de-bicicletas-y-mas\/#respond\"]}]},{\"@type\":\"WebPage\",\"@id\":\"http:\/\/elregionalvm.com.ar\/noticias-villa-maria\/informe-de-gestion-anunciaron-la-construccion-de-450-viviendas-un-sistema-publico-de-bicicletas-y-mas\/\",\"url\":\"http:\/\/elregionalvm.com.ar\/noticias-villa-maria\/informe-de-gestion-anunciaron-la-construccion-de-450-viviendas-un-sistema-publico-de-bicicletas-y-mas\/\",\"name\":\"Informe de Gesti\u00f3n: anunciaron la construcci\u00f3n de 450 viviendas, un sistema p\u00fablico de bicicletas y m\u00e1s - El Regional\",\"isPartOf\":{\"@id\":\"http:\/\/elregionalvm.com.ar\/noticias-villa-maria\/#website\"},\"primaryImageOfPage\":{\"@id\":\"http:\/\/elregionalvm.com.ar\/noticias-villa-maria\/informe-de-gestion-anunciaron-la-construccion-de-450-viviendas-un-sistema-publico-de-bicicletas-y-mas\/#primaryimage\"},\"image\":{\"@id\":\"http:\/\/elregionalvm.com.ar\/noticias-villa-maria\/informe-de-gestion-anunciaron-la-construccion-de-450-viviendas-un-sistema-publico-de-bicicletas-y-mas\/#primaryimage\"},\"thumbnailUrl\":\"https:\/\/i0.wp.com\/elregionalvm.com.ar\/noticias-villa-maria\/wp-content\/uploads\/2021\/07\/WhatsApp-Image-2021-06-30-at-14.08.28.jpeg?fit=1280%2C853&ssl=1\",\"datePublished\":\"2021-07-01T01:04:21+00:00\",\"dateModified\":\"2021-07-01T01:04:22+00:00\",\"author\":{\"@id\":\"http:\/\/elregionalvm.com.ar\/noticias-villa-maria\/#\/schema\/person\/a0fb9c422317faca23d50163151bc354\"},\"breadcrumb\":{\"@id\":\"http:\/\/elregionalvm.com.ar\/noticias-villa-maria\/informe-de-gestion-anunciaron-la-construccion-de-450-viviendas-un-sistema-publico-de-bicicletas-y-mas\/#breadcrumb\"},\"inLanguage\":\"es\",\"potentialAction\":[{\"@type\":\"ReadAction\",\"target\":[\"http:\/\/elregionalvm.com.ar\/noticias-villa-maria\/informe-de-gestion-anunciaron-la-construccion-de-450-viviendas-un-sistema-publico-de-bicicletas-y-mas\/\"]}]},{\"@type\":\"ImageObject\",\"inLanguage\":\"es\",\"@id\":\"http:\/\/elregionalvm.com.ar\/noticias-villa-maria\/informe-de-gestion-anunciaron-la-construccion-de-450-viviendas-un-sistema-publico-de-bicicletas-y-mas\/#primaryimage\",\"url\":\"https:\/\/i0.wp.com\/elregionalvm.com.ar\/noticias-villa-maria\/wp-content\/uploads\/2021\/07\/WhatsApp-Image-2021-06-30-at-14.08.28.jpeg?fit=1280%2C853&ssl=1\",\"contentUrl\":\"https:\/\/i0.wp.com\/elregionalvm.com.ar\/noticias-villa-maria\/wp-content\/uploads\/2021\/07\/WhatsApp-Image-2021-06-30-at-14.08.28.jpeg?fit=1280%2C853&ssl=1\",\"width\":1280,\"height\":853},{\"@type\":\"BreadcrumbList\",\"@id\":\"http:\/\/elregionalvm.com.ar\/noticias-villa-maria\/informe-de-gestion-anunciaron-la-construccion-de-450-viviendas-un-sistema-publico-de-bicicletas-y-mas\/#breadcrumb\",\"itemListElement\":[{\"@type\":\"ListItem\",\"position\":1,\"name\":\"Portada\",\"item\":\"https:\/\/elregionalvm.com.ar\/noticias-villa-maria\/\"},{\"@type\":\"ListItem\",\"position\":2,\"name\":\"Informe de Gesti\u00f3n: anunciaron la construcci\u00f3n de 450 viviendas, un sistema p\u00fablico de bicicletas y m\u00e1s\"}]},{\"@type\":\"WebSite\",\"@id\":\"http:\/\/elregionalvm.com.ar\/noticias-villa-maria\/#website\",\"url\":\"http:\/\/elregionalvm.com.ar\/noticias-villa-maria\/\",\"name\":\"El Regional\",\"description\":\"Mucho m\u00e1s que informaci\u00f3n\",\"potentialAction\":[{\"@type\":\"SearchAction\",\"target\":{\"@type\":\"EntryPoint\",\"urlTemplate\":\"http:\/\/elregionalvm.com.ar\/noticias-villa-maria\/?s={search_term_string}\"},\"query-input\":{\"@type\":\"PropertyValueSpecification\",\"valueRequired\":true,\"valueName\":\"search_term_string\"}}],\"inLanguage\":\"es\"},{\"@type\":\"Person\",\"@id\":\"http:\/\/elregionalvm.com.ar\/noticias-villa-maria\/#\/schema\/person\/a0fb9c422317faca23d50163151bc354\",\"name\":\"Contenidos El Regional\",\"image\":{\"@type\":\"ImageObject\",\"inLanguage\":\"es\",\"@id\":\"http:\/\/elregionalvm.com.ar\/noticias-villa-maria\/#\/schema\/person\/image\/\",\"url\":\"https:\/\/secure.gravatar.com\/avatar\/265b27cb2209af7bb3a1318f03305787d7981a5cc6e6cd08fe5a4ecdf99d4b48?s=96&d=mm&r=g\",\"contentUrl\":\"https:\/\/secure.gravatar.com\/avatar\/265b27cb2209af7bb3a1318f03305787d7981a5cc6e6cd08fe5a4ecdf99d4b48?s=96&d=mm&r=g\",\"caption\":\"Contenidos El Regional\"},\"url\":\"https:\/\/elregionalvm.com.ar\/noticias-villa-maria\/author\/contenido\/\"}]}<\/script>\n<!-- \/ Yoast SEO plugin. -->","yoast_head_json":{"title":"Informe de Gesti\u00f3n: anunciaron la construcci\u00f3n de 450 viviendas, un sistema p\u00fablico de bicicletas y m\u00e1s - El Regional","robots":{"index":"index","follow":"follow","max-snippet":"max-snippet:-1","max-image-preview":"max-image-preview:large","max-video-preview":"max-video-preview:-1"},"canonical":"http:\/\/elregionalvm.com.ar\/noticias-villa-maria\/informe-de-gestion-anunciaron-la-construccion-de-450-viviendas-un-sistema-publico-de-bicicletas-y-mas\/","og_locale":"es_ES","og_type":"article","og_title":"Informe de Gesti\u00f3n: anunciaron la construcci\u00f3n de 450 viviendas, un sistema p\u00fablico de bicicletas y m\u00e1s - El Regional","og_description":"Esta ma\u00f1ana, el intendente interino, Pablo Rosso, brind\u00f3 hoy el primer informe de gesti\u00f3n del a\u00f1o, conforme a lo establecido en el art\u00edculo 127 de la Carta Org\u00e1nica Municipal. Ante el Concejo Deliberante, el mandatario local realiz\u00f3 un recorrido por las acciones que el Municipio viene llevando adelante desde la realizaci\u00f3n de la apertura de [&hellip;]","og_url":"http:\/\/elregionalvm.com.ar\/noticias-villa-maria\/informe-de-gestion-anunciaron-la-construccion-de-450-viviendas-un-sistema-publico-de-bicicletas-y-mas\/","og_site_name":"El Regional","article_publisher":"https:\/\/www.facebook.com\/elregionalvm","article_published_time":"2021-07-01T01:04:21+00:00","article_modified_time":"2021-07-01T01:04:22+00:00","og_image":[{"width":1280,"height":853,"url":"http:\/\/elregionalvm.com.ar\/noticias-villa-maria\/wp-content\/uploads\/2021\/07\/WhatsApp-Image-2021-06-30-at-14.08.28.jpeg","type":"image\/jpeg"}],"author":"Contenidos El Regional","twitter_card":"summary_large_image","twitter_creator":"@elregionalvm1","twitter_site":"@elregionalvm1","twitter_misc":{"Escrito por":"Contenidos El Regional","Tiempo de lectura":"5 minutos"},"schema":{"@context":"https:\/\/schema.org","@graph":[{"@type":"Article","@id":"http:\/\/elregionalvm.com.ar\/noticias-villa-maria\/informe-de-gestion-anunciaron-la-construccion-de-450-viviendas-un-sistema-publico-de-bicicletas-y-mas\/#article","isPartOf":{"@id":"http:\/\/elregionalvm.com.ar\/noticias-villa-maria\/informe-de-gestion-anunciaron-la-construccion-de-450-viviendas-un-sistema-publico-de-bicicletas-y-mas\/"},"author":{"name":"Contenidos El Regional","@id":"http:\/\/elregionalvm.com.ar\/noticias-villa-maria\/#\/schema\/person\/a0fb9c422317faca23d50163151bc354"},"headline":"Informe de Gesti\u00f3n: anunciaron la construcci\u00f3n de 450 viviendas, un sistema p\u00fablico de bicicletas y m\u00e1s","datePublished":"2021-07-01T01:04:21+00:00","dateModified":"2021-07-01T01:04:22+00:00","mainEntityOfPage":{"@id":"http:\/\/elregionalvm.com.ar\/noticias-villa-maria\/informe-de-gestion-anunciaron-la-construccion-de-450-viviendas-un-sistema-publico-de-bicicletas-y-mas\/"},"wordCount":1064,"commentCount":0,"image":{"@id":"http:\/\/elregionalvm.com.ar\/noticias-villa-maria\/informe-de-gestion-anunciaron-la-construccion-de-450-viviendas-un-sistema-publico-de-bicicletas-y-mas\/#primaryimage"},"thumbnailUrl":"https:\/\/i0.wp.com\/elregionalvm.com.ar\/noticias-villa-maria\/wp-content\/uploads\/2021\/07\/WhatsApp-Image-2021-06-30-at-14.08.28.jpeg?fit=1280%2C853&ssl=1","keywords":["Concejo Deliberante","destacado","informe de gesti\u00f3n","Pablo Rosso","pavimento","sistema p\u00fablico de bicicletas","Viviendas"],"articleSection":["Villa Mar\u00eda"],"inLanguage":"es","potentialAction":[{"@type":"CommentAction","name":"Comment","target":["http:\/\/elregionalvm.com.ar\/noticias-villa-maria\/informe-de-gestion-anunciaron-la-construccion-de-450-viviendas-un-sistema-publico-de-bicicletas-y-mas\/#respond"]}]},{"@type":"WebPage","@id":"http:\/\/elregionalvm.com.ar\/noticias-villa-maria\/informe-de-gestion-anunciaron-la-construccion-de-450-viviendas-un-sistema-publico-de-bicicletas-y-mas\/","url":"http:\/\/elregionalvm.com.ar\/noticias-villa-maria\/informe-de-gestion-anunciaron-la-construccion-de-450-viviendas-un-sistema-publico-de-bicicletas-y-mas\/","name":"Informe de Gesti\u00f3n: anunciaron la construcci\u00f3n de 450 viviendas, un sistema p\u00fablico de bicicletas y m\u00e1s - El Regional","isPartOf":{"@id":"http:\/\/elregionalvm.com.ar\/noticias-villa-maria\/#website"},"primaryImageOfPage":{"@id":"http:\/\/elregionalvm.com.ar\/noticias-villa-maria\/informe-de-gestion-anunciaron-la-construccion-de-450-viviendas-un-sistema-publico-de-bicicletas-y-mas\/#primaryimage"},"image":{"@id":"http:\/\/elregionalvm.com.ar\/noticias-villa-maria\/informe-de-gestion-anunciaron-la-construccion-de-450-viviendas-un-sistema-publico-de-bicicletas-y-mas\/#primaryimage"},"thumbnailUrl":"https:\/\/i0.wp.com\/elregionalvm.com.ar\/noticias-villa-maria\/wp-content\/uploads\/2021\/07\/WhatsApp-Image-2021-06-30-at-14.08.28.jpeg?fit=1280%2C853&ssl=1","datePublished":"2021-07-01T01:04:21+00:00","dateModified":"2021-07-01T01:04:22+00:00","author":{"@id":"http:\/\/elregionalvm.com.ar\/noticias-villa-maria\/#\/schema\/person\/a0fb9c422317faca23d50163151bc354"},"breadcrumb":{"@id":"http:\/\/elregionalvm.com.ar\/noticias-villa-maria\/informe-de-gestion-anunciaron-la-construccion-de-450-viviendas-un-sistema-publico-de-bicicletas-y-mas\/#breadcrumb"},"inLanguage":"es","potentialAction":[{"@type":"ReadAction","target":["http:\/\/elregionalvm.com.ar\/noticias-villa-maria\/informe-de-gestion-anunciaron-la-construccion-de-450-viviendas-un-sistema-publico-de-bicicletas-y-mas\/"]}]},{"@type":"ImageObject","inLanguage":"es","@id":"http:\/\/elregionalvm.com.ar\/noticias-villa-maria\/informe-de-gestion-anunciaron-la-construccion-de-450-viviendas-un-sistema-publico-de-bicicletas-y-mas\/#primaryimage","url":"https:\/\/i0.wp.com\/elregionalvm.com.ar\/noticias-villa-maria\/wp-content\/uploads\/2021\/07\/WhatsApp-Image-2021-06-30-at-14.08.28.jpeg?fit=1280%2C853&ssl=1","contentUrl":"https:\/\/i0.wp.com\/elregionalvm.com.ar\/noticias-villa-maria\/wp-content\/uploads\/2021\/07\/WhatsApp-Image-2021-06-30-at-14.08.28.jpeg?fit=1280%2C853&ssl=1","width":1280,"height":853},{"@type":"BreadcrumbList","@id":"http:\/\/elregionalvm.com.ar\/noticias-villa-maria\/informe-de-gestion-anunciaron-la-construccion-de-450-viviendas-un-sistema-publico-de-bicicletas-y-mas\/#breadcrumb","itemListElement":[{"@type":"ListItem","position":1,"name":"Portada","item":"https:\/\/elregionalvm.com.ar\/noticias-villa-maria\/"},{"@type":"ListItem","position":2,"name":"Informe de Gesti\u00f3n: anunciaron la construcci\u00f3n de 450 viviendas, un sistema p\u00fablico de bicicletas y m\u00e1s"}]},{"@type":"WebSite","@id":"http:\/\/elregionalvm.com.ar\/noticias-villa-maria\/#website","url":"http:\/\/elregionalvm.com.ar\/noticias-villa-maria\/","name":"El Regional","description":"Mucho m\u00e1s que informaci\u00f3n","potentialAction":[{"@type":"SearchAction","target":{"@type":"EntryPoint","urlTemplate":"http:\/\/elregionalvm.com.ar\/noticias-villa-maria\/?s={search_term_string}"},"query-input":{"@type":"PropertyValueSpecification","valueRequired":true,"valueName":"search_term_string"}}],"inLanguage":"es"},{"@type":"Person","@id":"http:\/\/elregionalvm.com.ar\/noticias-villa-maria\/#\/schema\/person\/a0fb9c422317faca23d50163151bc354","name":"Contenidos El Regional","image":{"@type":"ImageObject","inLanguage":"es","@id":"http:\/\/elregionalvm.com.ar\/noticias-villa-maria\/#\/schema\/person\/image\/","url":"https:\/\/secure.gravatar.com\/avatar\/265b27cb2209af7bb3a1318f03305787d7981a5cc6e6cd08fe5a4ecdf99d4b48?s=96&d=mm&r=g","contentUrl":"https:\/\/secure.gravatar.com\/avatar\/265b27cb2209af7bb3a1318f03305787d7981a5cc6e6cd08fe5a4ecdf99d4b48?s=96&d=mm&r=g","caption":"Contenidos El Regional"},"url":"https:\/\/elregionalvm.com.ar\/noticias-villa-maria\/author\/contenido\/"}]}},"jetpack_featured_media_url":"https:\/\/i0.wp.com\/elregionalvm.com.ar\/noticias-villa-maria\/wp-content\/uploads\/2021\/07\/WhatsApp-Image-2021-06-30-at-14.08.28.jpeg?fit=1280%2C853&ssl=1","jetpack_sharing_enabled":true,"_links":{"self":[{"href":"https:\/\/elregionalvm.com.ar\/noticias-villa-maria\/wp-json\/wp\/v2\/posts\/40258","targetHints":{"allow":["GET"]}}],"collection":[{"href":"https:\/\/elregionalvm.com.ar\/noticias-villa-maria\/wp-json\/wp\/v2\/posts"}],"about":[{"href":"https:\/\/elregionalvm.com.ar\/noticias-villa-maria\/wp-json\/wp\/v2\/types\/post"}],"author":[{"embeddable":true,"href":"https:\/\/elregionalvm.com.ar\/noticias-villa-maria\/wp-json\/wp\/v2\/users\/4"}],"replies":[{"embeddable":true,"href":"https:\/\/elregionalvm.com.ar\/noticias-villa-maria\/wp-json\/wp\/v2\/comments?post=40258"}],"version-history":[{"count":1,"href":"https:\/\/elregionalvm.com.ar\/noticias-villa-maria\/wp-json\/wp\/v2\/posts\/40258\/revisions"}],"predecessor-version":[{"id":40261,"href":"https:\/\/elregionalvm.com.ar\/noticias-villa-maria\/wp-json\/wp\/v2\/posts\/40258\/revisions\/40261"}],"wp:featuredmedia":[{"embeddable":true,"href":"https:\/\/elregionalvm.com.ar\/noticias-villa-maria\/wp-json\/wp\/v2\/media\/40259"}],"wp:attachment":[{"href":"https:\/\/elregionalvm.com.ar\/noticias-villa-maria\/wp-json\/wp\/v2\/media?parent=40258"}],"wp:term":[{"taxonomy":"category","embeddable":true,"href":"https:\/\/elregionalvm.com.ar\/noticias-villa-maria\/wp-json\/wp\/v2\/categories?post=40258"},{"taxonomy":"post_tag","embeddable":true,"href":"https:\/\/elregionalvm.com.ar\/noticias-villa-maria\/wp-json\/wp\/v2\/tags?post=40258"}],"curies":[{"name":"wp","href":"https:\/\/api.w.org\/{rel}","templated":true}]}}