{"id":40262,"date":"2021-07-01T12:36:58","date_gmt":"2021-07-01T12:36:58","guid":{"rendered":"https:\/\/elregionalvm.com.ar\/noticias-villa-maria\/?p=40262"},"modified":"2021-07-02T11:39:30","modified_gmt":"2021-07-02T11:39:30","slug":"cumplimos-un-ano-y-celebramos-con-mucho-mas-que-informacion","status":"publish","type":"post","link":"https:\/\/elregionalvm.com.ar\/noticias-villa-maria\/cumplimos-un-ano-y-celebramos-con-mucho-mas-que-informacion\/","title":{"rendered":"\u00a1Cumplimos un a\u00f1o! Y lo celebramos con mucho m\u00e1s que informaci\u00f3n"},"content":{"rendered":"\n<p><\/p>\n\n\n\n<p>Hoy estamos de festejo. El Regional Diario Digital cumple un a\u00f1o en su nuevo formato. Tras casi 20 a\u00f1os de funcionar como semanario para Villa Mar\u00eda y m\u00e1s de 40 localidades de la regi\u00f3n, el 1 de julio de 2020 encaramos un nuevo desaf\u00edo.<\/p>\n\n\n\n<p>Obligados por las circunstancias de una realidad compleja, pero con la convicci\u00f3n del trabajo, el esfuerzo, la vocaci\u00f3n y el servicio.<\/p>\n\n\n\n<p>Y aqu\u00ed estamos, aprendiendo a cada paso, compartiendo lo que mejor sabemos hacer, con aciertos y errores, pero siempre tratando de ofrecer lo mejor.<\/p>\n\n\n\n<p>Podemos o no estar de acuerdo con lo que decimos, pensamos o escribimos. Pero todo est\u00e1 hecho desde el mayor respeto.<\/p>\n\n\n\n<p>Un sost\u00e9n fundamental en esta joven etapa han sido los lectores de siempre y los nuevos seguidores que hemos ido incorporando en el trayecto. A todos ellos estamos mucho m\u00e1s que agradecidos.<\/p>\n\n\n\n<p>Y la invitaci\u00f3n sigue abierta para quienes quieran sumarse a la comunidad de El Regional Diario Digital en nuestro portal y en las redes sociales.<\/p>\n\n\n\n<p>El desaf\u00edo siempre est\u00e1 por venir.<\/p>\n\n\n\n<p>Por eso, reiteramos lo que dec\u00edamos cuando en aquel primer d\u00eda de julio de hace un a\u00f1o inici\u00e1bamos esta nueva etapa junto con ustedes.<\/p>\n\n\n\n<p>\u201cLa interpretaci\u00f3n de la realidad, la opini\u00f3n sobre los hechos que nos afectan, la investigaci\u00f3n de los sucesos o los datos que algunos sectores no quieren que se conozcan o difundan, la presentaci\u00f3n de historias de inter\u00e9s general y un toque de humor seguir\u00e1n siendo una marca registrada en esta nueva etapa.<\/p>\n\n\n\n<p>Para ir m\u00e1s all\u00e1 de la noticia, de la primicia, del hecho que sucedi\u00f3 hace instantes. Para invitarte a pensar. Juntos. M\u00e1s all\u00e1 de las diferencias que puedan existir.<\/p>\n\n\n\n<p>Con el convencimiento de que la informaci\u00f3n es un bien que debe estar al servicio de la comunidad y la certeza de que la cr\u00edtica permite construir una mejor comunicaci\u00f3n y una sociedad m\u00e1s abierta, participativa y pluralista.<\/p>\n\n\n\n<p>Pero no queremos solamente que nos lean, nos vean o nos escuchen. Nuestra intenci\u00f3n es que nos escriban, participen, sumen propuestas, comentarios, sugerencias y todo lo que se les ocurra.<\/p>\n\n\n\n<p>Cuenten con nosotros para compartir todo aquello que nos har\u00e1 mejores personas y una sociedad m\u00e1s emp\u00e1tica, solidaria y justa.<\/p>\n\n\n\n<p>Gracias, simplemente gracias. Con eso nos alcanza\u201d.<\/p>\n\n\n\n<p>Gracias, totales.<\/p>\n","protected":false},"excerpt":{"rendered":"<p>Hoy estamos de festejo. El Regional Diario Digital cumple un a\u00f1o en su nuevo formato. Tras casi 20 a\u00f1os de funcionar como semanario para Villa Mar\u00eda y m\u00e1s de 40 localidades de la regi\u00f3n, el 1 de julio de 2020 encaramos un nuevo desaf\u00edo. Obligados por las circunstancias de una realidad compleja, pero con la [&hellip;]<\/p>\n","protected":false},"author":6,"featured_media":40263,"comment_status":"open","ping_status":"open","sticky":false,"template":"","format":"standard","meta":{"site-sidebar-layout":"default","site-content-layout":"default","ast-site-content-layout":"default","site-content-style":"default","site-sidebar-style":"default","ast-global-header-display":"","ast-banner-title-visibility":"","ast-main-header-display":"","ast-hfb-above-header-display":"","ast-hfb-below-header-display":"","ast-hfb-mobile-header-display":"","site-post-title":"","ast-breadcrumbs-content":"","ast-featured-img":"","footer-sml-layout":"","ast-disable-related-posts":"","theme-transparent-header-meta":"default","adv-header-id-meta":"","stick-header-meta":"","header-above-stick-meta":"","header-main-stick-meta":"","header-below-stick-meta":"","astra-migrate-meta-layouts":"default","ast-page-background-enabled":"default","ast-page-background-meta":{"desktop":{"background-color":"","background-image":"","background-repeat":"repeat","background-position":"center center","background-size":"auto","background-attachment":"scroll","background-type":"","background-media":"","overlay-type":"","overlay-color":"","overlay-opacity":"","overlay-gradient":""},"tablet":{"background-color":"","background-image":"","background-repeat":"repeat","background-position":"center center","background-size":"auto","background-attachment":"scroll","background-type":"","background-media":"","overlay-type":"","overlay-color":"","overlay-opacity":"","overlay-gradient":""},"mobile":{"background-color":"","background-image":"","background-repeat":"repeat","background-position":"center center","background-size":"auto","background-attachment":"scroll","background-type":"","background-media":"","overlay-type":"","overlay-color":"","overlay-opacity":"","overlay-gradient":""}},"ast-content-background-meta":{"desktop":{"background-color":"var(--ast-global-color-5)","background-image":"","background-repeat":"repeat","background-position":"center center","background-size":"auto","background-attachment":"scroll","background-type":"","background-media":"","overlay-type":"","overlay-color":"","overlay-opacity":"","overlay-gradient":""},"tablet":{"background-color":"var(--ast-global-color-5)","background-image":"","background-repeat":"repeat","background-position":"center center","background-size":"auto","background-attachment":"scroll","background-type":"","background-media":"","overlay-type":"","overlay-color":"","overlay-opacity":"","overlay-gradient":""},"mobile":{"background-color":"var(--ast-global-color-5)","background-image":"","background-repeat":"repeat","background-position":"center center","background-size":"auto","background-attachment":"scroll","background-type":"","background-media":"","overlay-type":"","overlay-color":"","overlay-opacity":"","overlay-gradient":""}},"_jetpack_memberships_contains_paid_content":false,"_joinchat":[],"footnotes":""},"categories":[3557,2],"tags":[1223,3249,9831,9832],"class_list":["post-40262","post","type-post","status-publish","format-standard","has-post-thumbnail","hentry","category-tercera","category-villa-maria","tag-aniversario","tag-cumpleanos","tag-el-regional-diario-digital","tag-un-ano"],"yoast_head":"<!-- This site is optimized with the Yoast SEO plugin v26.8 - https:\/\/yoast.com\/product\/yoast-seo-wordpress\/ -->\n<title>\u00a1Cumplimos un a\u00f1o! Y lo celebramos con mucho m\u00e1s que informaci\u00f3n - El Regional<\/title>\n<meta name=\"description\" content=\"Hoy estamos de festejo. El Regional Diario Digital cumple un a\u00f1o en su nuevo formato. Gracias, simplemente gracias. Con eso nos alcanza.\" \/>\n<meta name=\"robots\" content=\"index, follow, max-snippet:-1, max-image-preview:large, max-video-preview:-1\" \/>\n<link rel=\"canonical\" href=\"http:\/\/elregionalvm.com.ar\/noticias-villa-maria\/cumplimos-un-ano-y-celebramos-con-mucho-mas-que-informacion\/\" \/>\n<meta property=\"og:locale\" content=\"es_ES\" \/>\n<meta property=\"og:type\" content=\"article\" \/>\n<meta property=\"og:title\" content=\"\u00a1Cumplimos un a\u00f1o! Y lo celebramos con mucho m\u00e1s que informaci\u00f3n - El Regional\" \/>\n<meta property=\"og:description\" content=\"Hoy estamos de festejo. El Regional Diario Digital cumple un a\u00f1o en su nuevo formato. Gracias, simplemente gracias. Con eso nos alcanza.\" \/>\n<meta property=\"og:url\" content=\"http:\/\/elregionalvm.com.ar\/noticias-villa-maria\/cumplimos-un-ano-y-celebramos-con-mucho-mas-que-informacion\/\" \/>\n<meta property=\"og:site_name\" content=\"El Regional\" \/>\n<meta property=\"article:publisher\" content=\"https:\/\/www.facebook.com\/elregionalvm\" \/>\n<meta property=\"article:published_time\" content=\"2021-07-01T12:36:58+00:00\" \/>\n<meta property=\"article:modified_time\" content=\"2021-07-02T11:39:30+00:00\" \/>\n<meta property=\"og:image\" content=\"http:\/\/elregionalvm.com.ar\/noticias-villa-maria\/wp-content\/uploads\/2021\/07\/El-Regional-foto-portada-Facebook.jpg\" \/>\n\t<meta property=\"og:image:width\" content=\"821\" \/>\n\t<meta property=\"og:image:height\" content=\"456\" \/>\n\t<meta property=\"og:image:type\" content=\"image\/jpeg\" \/>\n<meta name=\"author\" content=\"Germ\u00e1n Giacchero\" \/>\n<meta name=\"twitter:card\" content=\"summary_large_image\" \/>\n<meta name=\"twitter:creator\" content=\"@elregionalvm1\" \/>\n<meta name=\"twitter:site\" content=\"@elregionalvm1\" \/>\n<meta name=\"twitter:label1\" content=\"Escrito por\" \/>\n\t<meta name=\"twitter:data1\" content=\"Germ\u00e1n Giacchero\" \/>\n\t<meta name=\"twitter:label2\" content=\"Tiempo de lectura\" \/>\n\t<meta name=\"twitter:data2\" content=\"2 minutos\" \/>\n<script type=\"application\/ld+json\" class=\"yoast-schema-graph\">{\"@context\":\"https:\/\/schema.org\",\"@graph\":[{\"@type\":\"Article\",\"@id\":\"http:\/\/elregionalvm.com.ar\/noticias-villa-maria\/cumplimos-un-ano-y-celebramos-con-mucho-mas-que-informacion\/#article\",\"isPartOf\":{\"@id\":\"http:\/\/elregionalvm.com.ar\/noticias-villa-maria\/cumplimos-un-ano-y-celebramos-con-mucho-mas-que-informacion\/\"},\"author\":{\"name\":\"Germ\u00e1n Giacchero\",\"@id\":\"http:\/\/elregionalvm.com.ar\/noticias-villa-maria\/#\/schema\/person\/d5e4b04966154131701e52c45d3efec9\"},\"headline\":\"\u00a1Cumplimos un a\u00f1o! Y lo celebramos con mucho m\u00e1s que informaci\u00f3n\",\"datePublished\":\"2021-07-01T12:36:58+00:00\",\"dateModified\":\"2021-07-02T11:39:30+00:00\",\"mainEntityOfPage\":{\"@id\":\"http:\/\/elregionalvm.com.ar\/noticias-villa-maria\/cumplimos-un-ano-y-celebramos-con-mucho-mas-que-informacion\/\"},\"wordCount\":416,\"commentCount\":0,\"image\":{\"@id\":\"http:\/\/elregionalvm.com.ar\/noticias-villa-maria\/cumplimos-un-ano-y-celebramos-con-mucho-mas-que-informacion\/#primaryimage\"},\"thumbnailUrl\":\"https:\/\/i0.wp.com\/elregionalvm.com.ar\/noticias-villa-maria\/wp-content\/uploads\/2021\/07\/El-Regional-foto-portada-Facebook.jpg?fit=821%2C456&ssl=1\",\"keywords\":[\"Aniversario\",\"Cumplea\u00f1os\",\"El Regional Diario Digital\",\"Un a\u00f1o\"],\"articleSection\":[\"tercera\",\"Villa Mar\u00eda\"],\"inLanguage\":\"es\",\"potentialAction\":[{\"@type\":\"CommentAction\",\"name\":\"Comment\",\"target\":[\"http:\/\/elregionalvm.com.ar\/noticias-villa-maria\/cumplimos-un-ano-y-celebramos-con-mucho-mas-que-informacion\/#respond\"]}]},{\"@type\":\"WebPage\",\"@id\":\"http:\/\/elregionalvm.com.ar\/noticias-villa-maria\/cumplimos-un-ano-y-celebramos-con-mucho-mas-que-informacion\/\",\"url\":\"http:\/\/elregionalvm.com.ar\/noticias-villa-maria\/cumplimos-un-ano-y-celebramos-con-mucho-mas-que-informacion\/\",\"name\":\"\u00a1Cumplimos un a\u00f1o! Y lo celebramos con mucho m\u00e1s que informaci\u00f3n - El Regional\",\"isPartOf\":{\"@id\":\"http:\/\/elregionalvm.com.ar\/noticias-villa-maria\/#website\"},\"primaryImageOfPage\":{\"@id\":\"http:\/\/elregionalvm.com.ar\/noticias-villa-maria\/cumplimos-un-ano-y-celebramos-con-mucho-mas-que-informacion\/#primaryimage\"},\"image\":{\"@id\":\"http:\/\/elregionalvm.com.ar\/noticias-villa-maria\/cumplimos-un-ano-y-celebramos-con-mucho-mas-que-informacion\/#primaryimage\"},\"thumbnailUrl\":\"https:\/\/i0.wp.com\/elregionalvm.com.ar\/noticias-villa-maria\/wp-content\/uploads\/2021\/07\/El-Regional-foto-portada-Facebook.jpg?fit=821%2C456&ssl=1\",\"datePublished\":\"2021-07-01T12:36:58+00:00\",\"dateModified\":\"2021-07-02T11:39:30+00:00\",\"author\":{\"@id\":\"http:\/\/elregionalvm.com.ar\/noticias-villa-maria\/#\/schema\/person\/d5e4b04966154131701e52c45d3efec9\"},\"description\":\"Hoy estamos de festejo. El Regional Diario Digital cumple un a\u00f1o en su nuevo formato. Gracias, simplemente gracias. Con eso nos alcanza.\",\"breadcrumb\":{\"@id\":\"http:\/\/elregionalvm.com.ar\/noticias-villa-maria\/cumplimos-un-ano-y-celebramos-con-mucho-mas-que-informacion\/#breadcrumb\"},\"inLanguage\":\"es\",\"potentialAction\":[{\"@type\":\"ReadAction\",\"target\":[\"http:\/\/elregionalvm.com.ar\/noticias-villa-maria\/cumplimos-un-ano-y-celebramos-con-mucho-mas-que-informacion\/\"]}]},{\"@type\":\"ImageObject\",\"inLanguage\":\"es\",\"@id\":\"http:\/\/elregionalvm.com.ar\/noticias-villa-maria\/cumplimos-un-ano-y-celebramos-con-mucho-mas-que-informacion\/#primaryimage\",\"url\":\"https:\/\/i0.wp.com\/elregionalvm.com.ar\/noticias-villa-maria\/wp-content\/uploads\/2021\/07\/El-Regional-foto-portada-Facebook.jpg?fit=821%2C456&ssl=1\",\"contentUrl\":\"https:\/\/i0.wp.com\/elregionalvm.com.ar\/noticias-villa-maria\/wp-content\/uploads\/2021\/07\/El-Regional-foto-portada-Facebook.jpg?fit=821%2C456&ssl=1\",\"width\":821,\"height\":456},{\"@type\":\"BreadcrumbList\",\"@id\":\"http:\/\/elregionalvm.com.ar\/noticias-villa-maria\/cumplimos-un-ano-y-celebramos-con-mucho-mas-que-informacion\/#breadcrumb\",\"itemListElement\":[{\"@type\":\"ListItem\",\"position\":1,\"name\":\"Portada\",\"item\":\"https:\/\/elregionalvm.com.ar\/noticias-villa-maria\/\"},{\"@type\":\"ListItem\",\"position\":2,\"name\":\"\u00a1Cumplimos un a\u00f1o! Y lo celebramos con mucho m\u00e1s que informaci\u00f3n\"}]},{\"@type\":\"WebSite\",\"@id\":\"http:\/\/elregionalvm.com.ar\/noticias-villa-maria\/#website\",\"url\":\"http:\/\/elregionalvm.com.ar\/noticias-villa-maria\/\",\"name\":\"El Regional\",\"description\":\"Mucho m\u00e1s que informaci\u00f3n\",\"potentialAction\":[{\"@type\":\"SearchAction\",\"target\":{\"@type\":\"EntryPoint\",\"urlTemplate\":\"http:\/\/elregionalvm.com.ar\/noticias-villa-maria\/?s={search_term_string}\"},\"query-input\":{\"@type\":\"PropertyValueSpecification\",\"valueRequired\":true,\"valueName\":\"search_term_string\"}}],\"inLanguage\":\"es\"},{\"@type\":\"Person\",\"@id\":\"http:\/\/elregionalvm.com.ar\/noticias-villa-maria\/#\/schema\/person\/d5e4b04966154131701e52c45d3efec9\",\"name\":\"Germ\u00e1n Giacchero\",\"image\":{\"@type\":\"ImageObject\",\"inLanguage\":\"es\",\"@id\":\"http:\/\/elregionalvm.com.ar\/noticias-villa-maria\/#\/schema\/person\/image\/\",\"url\":\"https:\/\/secure.gravatar.com\/avatar\/fda163ba5ef0307ee5be9846e10f83b6e83d0cfb260d3b2464830318894c6b04?s=96&d=mm&r=g\",\"contentUrl\":\"https:\/\/secure.gravatar.com\/avatar\/fda163ba5ef0307ee5be9846e10f83b6e83d0cfb260d3b2464830318894c6b04?s=96&d=mm&r=g\",\"caption\":\"Germ\u00e1n Giacchero\"},\"url\":\"https:\/\/elregionalvm.com.ar\/noticias-villa-maria\/author\/germangiacchero\/\"}]}<\/script>\n<!-- \/ Yoast SEO plugin. -->","yoast_head_json":{"title":"\u00a1Cumplimos un a\u00f1o! Y lo celebramos con mucho m\u00e1s que informaci\u00f3n - El Regional","description":"Hoy estamos de festejo. El Regional Diario Digital cumple un a\u00f1o en su nuevo formato. Gracias, simplemente gracias. Con eso nos alcanza.","robots":{"index":"index","follow":"follow","max-snippet":"max-snippet:-1","max-image-preview":"max-image-preview:large","max-video-preview":"max-video-preview:-1"},"canonical":"http:\/\/elregionalvm.com.ar\/noticias-villa-maria\/cumplimos-un-ano-y-celebramos-con-mucho-mas-que-informacion\/","og_locale":"es_ES","og_type":"article","og_title":"\u00a1Cumplimos un a\u00f1o! Y lo celebramos con mucho m\u00e1s que informaci\u00f3n - El Regional","og_description":"Hoy estamos de festejo. El Regional Diario Digital cumple un a\u00f1o en su nuevo formato. Gracias, simplemente gracias. Con eso nos alcanza.","og_url":"http:\/\/elregionalvm.com.ar\/noticias-villa-maria\/cumplimos-un-ano-y-celebramos-con-mucho-mas-que-informacion\/","og_site_name":"El Regional","article_publisher":"https:\/\/www.facebook.com\/elregionalvm","article_published_time":"2021-07-01T12:36:58+00:00","article_modified_time":"2021-07-02T11:39:30+00:00","og_image":[{"width":821,"height":456,"url":"http:\/\/elregionalvm.com.ar\/noticias-villa-maria\/wp-content\/uploads\/2021\/07\/El-Regional-foto-portada-Facebook.jpg","type":"image\/jpeg"}],"author":"Germ\u00e1n Giacchero","twitter_card":"summary_large_image","twitter_creator":"@elregionalvm1","twitter_site":"@elregionalvm1","twitter_misc":{"Escrito por":"Germ\u00e1n Giacchero","Tiempo de lectura":"2 minutos"},"schema":{"@context":"https:\/\/schema.org","@graph":[{"@type":"Article","@id":"http:\/\/elregionalvm.com.ar\/noticias-villa-maria\/cumplimos-un-ano-y-celebramos-con-mucho-mas-que-informacion\/#article","isPartOf":{"@id":"http:\/\/elregionalvm.com.ar\/noticias-villa-maria\/cumplimos-un-ano-y-celebramos-con-mucho-mas-que-informacion\/"},"author":{"name":"Germ\u00e1n Giacchero","@id":"http:\/\/elregionalvm.com.ar\/noticias-villa-maria\/#\/schema\/person\/d5e4b04966154131701e52c45d3efec9"},"headline":"\u00a1Cumplimos un a\u00f1o! Y lo celebramos con mucho m\u00e1s que informaci\u00f3n","datePublished":"2021-07-01T12:36:58+00:00","dateModified":"2021-07-02T11:39:30+00:00","mainEntityOfPage":{"@id":"http:\/\/elregionalvm.com.ar\/noticias-villa-maria\/cumplimos-un-ano-y-celebramos-con-mucho-mas-que-informacion\/"},"wordCount":416,"commentCount":0,"image":{"@id":"http:\/\/elregionalvm.com.ar\/noticias-villa-maria\/cumplimos-un-ano-y-celebramos-con-mucho-mas-que-informacion\/#primaryimage"},"thumbnailUrl":"https:\/\/i0.wp.com\/elregionalvm.com.ar\/noticias-villa-maria\/wp-content\/uploads\/2021\/07\/El-Regional-foto-portada-Facebook.jpg?fit=821%2C456&ssl=1","keywords":["Aniversario","Cumplea\u00f1os","El Regional Diario Digital","Un a\u00f1o"],"articleSection":["tercera","Villa Mar\u00eda"],"inLanguage":"es","potentialAction":[{"@type":"CommentAction","name":"Comment","target":["http:\/\/elregionalvm.com.ar\/noticias-villa-maria\/cumplimos-un-ano-y-celebramos-con-mucho-mas-que-informacion\/#respond"]}]},{"@type":"WebPage","@id":"http:\/\/elregionalvm.com.ar\/noticias-villa-maria\/cumplimos-un-ano-y-celebramos-con-mucho-mas-que-informacion\/","url":"http:\/\/elregionalvm.com.ar\/noticias-villa-maria\/cumplimos-un-ano-y-celebramos-con-mucho-mas-que-informacion\/","name":"\u00a1Cumplimos un a\u00f1o! Y lo celebramos con mucho m\u00e1s que informaci\u00f3n - El Regional","isPartOf":{"@id":"http:\/\/elregionalvm.com.ar\/noticias-villa-maria\/#website"},"primaryImageOfPage":{"@id":"http:\/\/elregionalvm.com.ar\/noticias-villa-maria\/cumplimos-un-ano-y-celebramos-con-mucho-mas-que-informacion\/#primaryimage"},"image":{"@id":"http:\/\/elregionalvm.com.ar\/noticias-villa-maria\/cumplimos-un-ano-y-celebramos-con-mucho-mas-que-informacion\/#primaryimage"},"thumbnailUrl":"https:\/\/i0.wp.com\/elregionalvm.com.ar\/noticias-villa-maria\/wp-content\/uploads\/2021\/07\/El-Regional-foto-portada-Facebook.jpg?fit=821%2C456&ssl=1","datePublished":"2021-07-01T12:36:58+00:00","dateModified":"2021-07-02T11:39:30+00:00","author":{"@id":"http:\/\/elregionalvm.com.ar\/noticias-villa-maria\/#\/schema\/person\/d5e4b04966154131701e52c45d3efec9"},"description":"Hoy estamos de festejo. El Regional Diario Digital cumple un a\u00f1o en su nuevo formato. Gracias, simplemente gracias. Con eso nos alcanza.","breadcrumb":{"@id":"http:\/\/elregionalvm.com.ar\/noticias-villa-maria\/cumplimos-un-ano-y-celebramos-con-mucho-mas-que-informacion\/#breadcrumb"},"inLanguage":"es","potentialAction":[{"@type":"ReadAction","target":["http:\/\/elregionalvm.com.ar\/noticias-villa-maria\/cumplimos-un-ano-y-celebramos-con-mucho-mas-que-informacion\/"]}]},{"@type":"ImageObject","inLanguage":"es","@id":"http:\/\/elregionalvm.com.ar\/noticias-villa-maria\/cumplimos-un-ano-y-celebramos-con-mucho-mas-que-informacion\/#primaryimage","url":"https:\/\/i0.wp.com\/elregionalvm.com.ar\/noticias-villa-maria\/wp-content\/uploads\/2021\/07\/El-Regional-foto-portada-Facebook.jpg?fit=821%2C456&ssl=1","contentUrl":"https:\/\/i0.wp.com\/elregionalvm.com.ar\/noticias-villa-maria\/wp-content\/uploads\/2021\/07\/El-Regional-foto-portada-Facebook.jpg?fit=821%2C456&ssl=1","width":821,"height":456},{"@type":"BreadcrumbList","@id":"http:\/\/elregionalvm.com.ar\/noticias-villa-maria\/cumplimos-un-ano-y-celebramos-con-mucho-mas-que-informacion\/#breadcrumb","itemListElement":[{"@type":"ListItem","position":1,"name":"Portada","item":"https:\/\/elregionalvm.com.ar\/noticias-villa-maria\/"},{"@type":"ListItem","position":2,"name":"\u00a1Cumplimos un a\u00f1o! Y lo celebramos con mucho m\u00e1s que informaci\u00f3n"}]},{"@type":"WebSite","@id":"http:\/\/elregionalvm.com.ar\/noticias-villa-maria\/#website","url":"http:\/\/elregionalvm.com.ar\/noticias-villa-maria\/","name":"El Regional","description":"Mucho m\u00e1s que informaci\u00f3n","potentialAction":[{"@type":"SearchAction","target":{"@type":"EntryPoint","urlTemplate":"http:\/\/elregionalvm.com.ar\/noticias-villa-maria\/?s={search_term_string}"},"query-input":{"@type":"PropertyValueSpecification","valueRequired":true,"valueName":"search_term_string"}}],"inLanguage":"es"},{"@type":"Person","@id":"http:\/\/elregionalvm.com.ar\/noticias-villa-maria\/#\/schema\/person\/d5e4b04966154131701e52c45d3efec9","name":"Germ\u00e1n Giacchero","image":{"@type":"ImageObject","inLanguage":"es","@id":"http:\/\/elregionalvm.com.ar\/noticias-villa-maria\/#\/schema\/person\/image\/","url":"https:\/\/secure.gravatar.com\/avatar\/fda163ba5ef0307ee5be9846e10f83b6e83d0cfb260d3b2464830318894c6b04?s=96&d=mm&r=g","contentUrl":"https:\/\/secure.gravatar.com\/avatar\/fda163ba5ef0307ee5be9846e10f83b6e83d0cfb260d3b2464830318894c6b04?s=96&d=mm&r=g","caption":"Germ\u00e1n Giacchero"},"url":"https:\/\/elregionalvm.com.ar\/noticias-villa-maria\/author\/germangiacchero\/"}]}},"jetpack_featured_media_url":"https:\/\/i0.wp.com\/elregionalvm.com.ar\/noticias-villa-maria\/wp-content\/uploads\/2021\/07\/El-Regional-foto-portada-Facebook.jpg?fit=821%2C456&ssl=1","jetpack_sharing_enabled":true,"_links":{"self":[{"href":"https:\/\/elregionalvm.com.ar\/noticias-villa-maria\/wp-json\/wp\/v2\/posts\/40262","targetHints":{"allow":["GET"]}}],"collection":[{"href":"https:\/\/elregionalvm.com.ar\/noticias-villa-maria\/wp-json\/wp\/v2\/posts"}],"about":[{"href":"https:\/\/elregionalvm.com.ar\/noticias-villa-maria\/wp-json\/wp\/v2\/types\/post"}],"author":[{"embeddable":true,"href":"https:\/\/elregionalvm.com.ar\/noticias-villa-maria\/wp-json\/wp\/v2\/users\/6"}],"replies":[{"embeddable":true,"href":"https:\/\/elregionalvm.com.ar\/noticias-villa-maria\/wp-json\/wp\/v2\/comments?post=40262"}],"version-history":[{"count":2,"href":"https:\/\/elregionalvm.com.ar\/noticias-villa-maria\/wp-json\/wp\/v2\/posts\/40262\/revisions"}],"predecessor-version":[{"id":40265,"href":"https:\/\/elregionalvm.com.ar\/noticias-villa-maria\/wp-json\/wp\/v2\/posts\/40262\/revisions\/40265"}],"wp:featuredmedia":[{"embeddable":true,"href":"https:\/\/elregionalvm.com.ar\/noticias-villa-maria\/wp-json\/wp\/v2\/media\/40263"}],"wp:attachment":[{"href":"https:\/\/elregionalvm.com.ar\/noticias-villa-maria\/wp-json\/wp\/v2\/media?parent=40262"}],"wp:term":[{"taxonomy":"category","embeddable":true,"href":"https:\/\/elregionalvm.com.ar\/noticias-villa-maria\/wp-json\/wp\/v2\/categories?post=40262"},{"taxonomy":"post_tag","embeddable":true,"href":"https:\/\/elregionalvm.com.ar\/noticias-villa-maria\/wp-json\/wp\/v2\/tags?post=40262"}],"curies":[{"name":"wp","href":"https:\/\/api.w.org\/{rel}","templated":true}]}}