{"id":40298,"date":"2021-07-02T15:37:43","date_gmt":"2021-07-02T15:37:43","guid":{"rendered":"https:\/\/elregionalvm.com.ar\/noticias-villa-maria\/?p=40298"},"modified":"2021-07-02T15:37:44","modified_gmt":"2021-07-02T15:37:44","slug":"villa-nueva-de-duelo-por-la-muerte-de-una-enfermera-que-vacunaba-contra-el-covid","status":"publish","type":"post","link":"https:\/\/elregionalvm.com.ar\/noticias-villa-maria\/villa-nueva-de-duelo-por-la-muerte-de-una-enfermera-que-vacunaba-contra-el-covid\/","title":{"rendered":"Villa Nueva de duelo por la muerte de una enfermera que vacunaba contra el Covid"},"content":{"rendered":"\n<p>Iron\u00edas del destino, tal vez. Carolina Rodr\u00edguez, una de las encargadas de vacunar contra el Covid en la ciudad de Villa Nueva, muri\u00f3 a causa del fatal virus esta ma\u00f1ana. Ten\u00eda solamente 36 a\u00f1os, muy joven, un motivo m\u00e1s de angustia por su temprana despedida.<\/p>\n\n\n\n<p>Aunque estaba vacunada con las dos dosis, sus propios factores de riesgo, como la diabetes, hicieron mella en su recuperaci\u00f3n tras un diagn\u00f3stico de covid positivo. Se hallaba internada desde hac\u00eda aproximadamente un mes. Sospechan que su contagio se debi\u00f3 a alg\u00fan contacto cercano, fuera del \u00e1mbito laboral. <\/p>\n\n\n\n<p>Este mediod\u00eda, el Intedente Natalio Graglia firm\u00f3 el decreto que establece un d\u00eda de duelo en la ciudad. Se evaluaba si el cortejo f\u00fanebre podr\u00eda pasar frente al Hospital de Villa Nueva, donde sus compa\u00f1eros quer\u00edan darle su \u00faltima despedida.<\/p>\n\n\n\n<div class=\"wp-block-image\"><figure class=\"aligncenter size-large\"><img data-recalc-dims=\"1\" fetchpriority=\"high\" decoding=\"async\" width=\"586\" height=\"544\" src=\"https:\/\/i0.wp.com\/elregionalvm.com.ar\/noticias-villa-maria\/wp-content\/uploads\/2021\/07\/WhatsApp-Image-2021-07-02-at-11.55.39.jpeg?resize=586%2C544&#038;ssl=1\" alt=\"\" class=\"wp-image-40300\" srcset=\"https:\/\/i0.wp.com\/elregionalvm.com.ar\/noticias-villa-maria\/wp-content\/uploads\/2021\/07\/WhatsApp-Image-2021-07-02-at-11.55.39.jpeg?w=586&amp;ssl=1 586w, https:\/\/i0.wp.com\/elregionalvm.com.ar\/noticias-villa-maria\/wp-content\/uploads\/2021\/07\/WhatsApp-Image-2021-07-02-at-11.55.39.jpeg?resize=300%2C278&amp;ssl=1 300w\" sizes=\"(max-width: 586px) 100vw, 586px\" \/><figcaption>De pie, vacunando a un villanovense aparece Carolina en plena acci\u00f3n. <\/figcaption><\/figure><\/div>\n","protected":false},"excerpt":{"rendered":"<p>Iron\u00edas del destino, tal vez. Carolina Rodr\u00edguez, una de las encargadas de vacunar contra el Covid en la ciudad de Villa Nueva, muri\u00f3 a causa del fatal virus esta ma\u00f1ana. Ten\u00eda solamente 36 a\u00f1os, muy joven, un motivo m\u00e1s de angustia por su temprana despedida. Aunque estaba vacunada con las dos dosis, sus propios factores [&hellip;]<\/p>\n","protected":false},"author":4,"featured_media":40299,"comment_status":"open","ping_status":"open","sticky":false,"template":"","format":"standard","meta":{"site-sidebar-layout":"default","site-content-layout":"default","ast-site-content-layout":"default","site-content-style":"default","site-sidebar-style":"default","ast-global-header-display":"","ast-banner-title-visibility":"","ast-main-header-display":"","ast-hfb-above-header-display":"","ast-hfb-below-header-display":"","ast-hfb-mobile-header-display":"","site-post-title":"","ast-breadcrumbs-content":"","ast-featured-img":"","footer-sml-layout":"","ast-disable-related-posts":"","theme-transparent-header-meta":"default","adv-header-id-meta":"","stick-header-meta":"","header-above-stick-meta":"","header-main-stick-meta":"","header-below-stick-meta":"","astra-migrate-meta-layouts":"default","ast-page-background-enabled":"default","ast-page-background-meta":{"desktop":{"background-color":"","background-image":"","background-repeat":"repeat","background-position":"center center","background-size":"auto","background-attachment":"scroll","background-type":"","background-media":"","overlay-type":"","overlay-color":"","overlay-opacity":"","overlay-gradient":""},"tablet":{"background-color":"","background-image":"","background-repeat":"repeat","background-position":"center center","background-size":"auto","background-attachment":"scroll","background-type":"","background-media":"","overlay-type":"","overlay-color":"","overlay-opacity":"","overlay-gradient":""},"mobile":{"background-color":"","background-image":"","background-repeat":"repeat","background-position":"center center","background-size":"auto","background-attachment":"scroll","background-type":"","background-media":"","overlay-type":"","overlay-color":"","overlay-opacity":"","overlay-gradient":""}},"ast-content-background-meta":{"desktop":{"background-color":"var(--ast-global-color-5)","background-image":"","background-repeat":"repeat","background-position":"center center","background-size":"auto","background-attachment":"scroll","background-type":"","background-media":"","overlay-type":"","overlay-color":"","overlay-opacity":"","overlay-gradient":""},"tablet":{"background-color":"var(--ast-global-color-5)","background-image":"","background-repeat":"repeat","background-position":"center center","background-size":"auto","background-attachment":"scroll","background-type":"","background-media":"","overlay-type":"","overlay-color":"","overlay-opacity":"","overlay-gradient":""},"mobile":{"background-color":"var(--ast-global-color-5)","background-image":"","background-repeat":"repeat","background-position":"center center","background-size":"auto","background-attachment":"scroll","background-type":"","background-media":"","overlay-type":"","overlay-color":"","overlay-opacity":"","overlay-gradient":""}},"_jetpack_memberships_contains_paid_content":false,"_joinchat":[],"footnotes":""},"categories":[1],"tags":[9853,9854,2865,1232,9855,3105,9852,1252,2318,232],"class_list":["post-40298","post","type-post","status-publish","format-standard","has-post-thumbnail","hentry","category-sin-categoria","tag-36-anos","tag-carolina-rodriguez","tag-covid-19-2","tag-destacado","tag-jornada-de-duelo","tag-municipalidad-de-villa-nueva","tag-murio-enfermera","tag-natalio-graglia","tag-vacunacion","tag-villa-nueva"],"yoast_head":"<!-- This site is optimized with the Yoast SEO plugin v26.8 - https:\/\/yoast.com\/product\/yoast-seo-wordpress\/ -->\n<title>Villa Nueva de duelo por la muerte de una enfermera que vacunaba contra el Covid - El Regional<\/title>\n<meta name=\"robots\" content=\"index, follow, max-snippet:-1, max-image-preview:large, max-video-preview:-1\" \/>\n<link rel=\"canonical\" href=\"http:\/\/elregionalvm.com.ar\/noticias-villa-maria\/villa-nueva-de-duelo-por-la-muerte-de-una-enfermera-que-vacunaba-contra-el-covid\/\" \/>\n<meta property=\"og:locale\" content=\"es_ES\" \/>\n<meta property=\"og:type\" content=\"article\" \/>\n<meta property=\"og:title\" content=\"Villa Nueva de duelo por la muerte de una enfermera que vacunaba contra el Covid - El Regional\" \/>\n<meta property=\"og:description\" content=\"Iron\u00edas del destino, tal vez. Carolina Rodr\u00edguez, una de las encargadas de vacunar contra el Covid en la ciudad de Villa Nueva, muri\u00f3 a causa del fatal virus esta ma\u00f1ana. Ten\u00eda solamente 36 a\u00f1os, muy joven, un motivo m\u00e1s de angustia por su temprana despedida. Aunque estaba vacunada con las dos dosis, sus propios factores [&hellip;]\" \/>\n<meta property=\"og:url\" content=\"http:\/\/elregionalvm.com.ar\/noticias-villa-maria\/villa-nueva-de-duelo-por-la-muerte-de-una-enfermera-que-vacunaba-contra-el-covid\/\" \/>\n<meta property=\"og:site_name\" content=\"El Regional\" \/>\n<meta property=\"article:publisher\" content=\"https:\/\/www.facebook.com\/elregionalvm\" \/>\n<meta property=\"article:published_time\" content=\"2021-07-02T15:37:43+00:00\" \/>\n<meta property=\"article:modified_time\" content=\"2021-07-02T15:37:44+00:00\" \/>\n<meta property=\"og:image\" content=\"http:\/\/elregionalvm.com.ar\/noticias-villa-maria\/wp-content\/uploads\/2021\/07\/WhatsApp-Image-2021-07-02-at-12.16.07.jpeg\" \/>\n\t<meta property=\"og:image:width\" content=\"585\" \/>\n\t<meta property=\"og:image:height\" content=\"555\" \/>\n\t<meta property=\"og:image:type\" content=\"image\/jpeg\" \/>\n<meta name=\"author\" content=\"Contenidos El Regional\" \/>\n<meta name=\"twitter:card\" content=\"summary_large_image\" \/>\n<meta name=\"twitter:creator\" content=\"@elregionalvm1\" \/>\n<meta name=\"twitter:site\" content=\"@elregionalvm1\" \/>\n<meta name=\"twitter:label1\" content=\"Escrito por\" \/>\n\t<meta name=\"twitter:data1\" content=\"Contenidos El Regional\" \/>\n\t<meta name=\"twitter:label2\" content=\"Tiempo de lectura\" \/>\n\t<meta name=\"twitter:data2\" content=\"1 minuto\" \/>\n<script type=\"application\/ld+json\" class=\"yoast-schema-graph\">{\"@context\":\"https:\/\/schema.org\",\"@graph\":[{\"@type\":\"Article\",\"@id\":\"http:\/\/elregionalvm.com.ar\/noticias-villa-maria\/villa-nueva-de-duelo-por-la-muerte-de-una-enfermera-que-vacunaba-contra-el-covid\/#article\",\"isPartOf\":{\"@id\":\"http:\/\/elregionalvm.com.ar\/noticias-villa-maria\/villa-nueva-de-duelo-por-la-muerte-de-una-enfermera-que-vacunaba-contra-el-covid\/\"},\"author\":{\"name\":\"Contenidos El Regional\",\"@id\":\"http:\/\/elregionalvm.com.ar\/noticias-villa-maria\/#\/schema\/person\/a0fb9c422317faca23d50163151bc354\"},\"headline\":\"Villa Nueva de duelo por la muerte de una enfermera que vacunaba contra el Covid\",\"datePublished\":\"2021-07-02T15:37:43+00:00\",\"dateModified\":\"2021-07-02T15:37:44+00:00\",\"mainEntityOfPage\":{\"@id\":\"http:\/\/elregionalvm.com.ar\/noticias-villa-maria\/villa-nueva-de-duelo-por-la-muerte-de-una-enfermera-que-vacunaba-contra-el-covid\/\"},\"wordCount\":175,\"commentCount\":0,\"image\":{\"@id\":\"http:\/\/elregionalvm.com.ar\/noticias-villa-maria\/villa-nueva-de-duelo-por-la-muerte-de-una-enfermera-que-vacunaba-contra-el-covid\/#primaryimage\"},\"thumbnailUrl\":\"https:\/\/i0.wp.com\/elregionalvm.com.ar\/noticias-villa-maria\/wp-content\/uploads\/2021\/07\/WhatsApp-Image-2021-07-02-at-12.16.07.jpeg?fit=585%2C555&ssl=1\",\"keywords\":[\"36 a\u00f1os\",\"Carolina Rodr\u00edguez\",\"Covid 19\",\"destacado\",\"jornada de duelo\",\"Municipalidad de Villa Nueva\",\"muri\u00f3 enfermera\",\"Natalio Graglia\",\"Vacunaci\u00f3n\",\"VILLA NUEVA\"],\"inLanguage\":\"es\",\"potentialAction\":[{\"@type\":\"CommentAction\",\"name\":\"Comment\",\"target\":[\"http:\/\/elregionalvm.com.ar\/noticias-villa-maria\/villa-nueva-de-duelo-por-la-muerte-de-una-enfermera-que-vacunaba-contra-el-covid\/#respond\"]}]},{\"@type\":\"WebPage\",\"@id\":\"http:\/\/elregionalvm.com.ar\/noticias-villa-maria\/villa-nueva-de-duelo-por-la-muerte-de-una-enfermera-que-vacunaba-contra-el-covid\/\",\"url\":\"http:\/\/elregionalvm.com.ar\/noticias-villa-maria\/villa-nueva-de-duelo-por-la-muerte-de-una-enfermera-que-vacunaba-contra-el-covid\/\",\"name\":\"Villa Nueva de duelo por la muerte de una enfermera que vacunaba contra el Covid - El Regional\",\"isPartOf\":{\"@id\":\"http:\/\/elregionalvm.com.ar\/noticias-villa-maria\/#website\"},\"primaryImageOfPage\":{\"@id\":\"http:\/\/elregionalvm.com.ar\/noticias-villa-maria\/villa-nueva-de-duelo-por-la-muerte-de-una-enfermera-que-vacunaba-contra-el-covid\/#primaryimage\"},\"image\":{\"@id\":\"http:\/\/elregionalvm.com.ar\/noticias-villa-maria\/villa-nueva-de-duelo-por-la-muerte-de-una-enfermera-que-vacunaba-contra-el-covid\/#primaryimage\"},\"thumbnailUrl\":\"https:\/\/i0.wp.com\/elregionalvm.com.ar\/noticias-villa-maria\/wp-content\/uploads\/2021\/07\/WhatsApp-Image-2021-07-02-at-12.16.07.jpeg?fit=585%2C555&ssl=1\",\"datePublished\":\"2021-07-02T15:37:43+00:00\",\"dateModified\":\"2021-07-02T15:37:44+00:00\",\"author\":{\"@id\":\"http:\/\/elregionalvm.com.ar\/noticias-villa-maria\/#\/schema\/person\/a0fb9c422317faca23d50163151bc354\"},\"breadcrumb\":{\"@id\":\"http:\/\/elregionalvm.com.ar\/noticias-villa-maria\/villa-nueva-de-duelo-por-la-muerte-de-una-enfermera-que-vacunaba-contra-el-covid\/#breadcrumb\"},\"inLanguage\":\"es\",\"potentialAction\":[{\"@type\":\"ReadAction\",\"target\":[\"http:\/\/elregionalvm.com.ar\/noticias-villa-maria\/villa-nueva-de-duelo-por-la-muerte-de-una-enfermera-que-vacunaba-contra-el-covid\/\"]}]},{\"@type\":\"ImageObject\",\"inLanguage\":\"es\",\"@id\":\"http:\/\/elregionalvm.com.ar\/noticias-villa-maria\/villa-nueva-de-duelo-por-la-muerte-de-una-enfermera-que-vacunaba-contra-el-covid\/#primaryimage\",\"url\":\"https:\/\/i0.wp.com\/elregionalvm.com.ar\/noticias-villa-maria\/wp-content\/uploads\/2021\/07\/WhatsApp-Image-2021-07-02-at-12.16.07.jpeg?fit=585%2C555&ssl=1\",\"contentUrl\":\"https:\/\/i0.wp.com\/elregionalvm.com.ar\/noticias-villa-maria\/wp-content\/uploads\/2021\/07\/WhatsApp-Image-2021-07-02-at-12.16.07.jpeg?fit=585%2C555&ssl=1\",\"width\":585,\"height\":555},{\"@type\":\"BreadcrumbList\",\"@id\":\"http:\/\/elregionalvm.com.ar\/noticias-villa-maria\/villa-nueva-de-duelo-por-la-muerte-de-una-enfermera-que-vacunaba-contra-el-covid\/#breadcrumb\",\"itemListElement\":[{\"@type\":\"ListItem\",\"position\":1,\"name\":\"Portada\",\"item\":\"https:\/\/elregionalvm.com.ar\/noticias-villa-maria\/\"},{\"@type\":\"ListItem\",\"position\":2,\"name\":\"Villa Nueva de duelo por la muerte de una enfermera que vacunaba contra el Covid\"}]},{\"@type\":\"WebSite\",\"@id\":\"http:\/\/elregionalvm.com.ar\/noticias-villa-maria\/#website\",\"url\":\"http:\/\/elregionalvm.com.ar\/noticias-villa-maria\/\",\"name\":\"El Regional\",\"description\":\"Mucho m\u00e1s que informaci\u00f3n\",\"potentialAction\":[{\"@type\":\"SearchAction\",\"target\":{\"@type\":\"EntryPoint\",\"urlTemplate\":\"http:\/\/elregionalvm.com.ar\/noticias-villa-maria\/?s={search_term_string}\"},\"query-input\":{\"@type\":\"PropertyValueSpecification\",\"valueRequired\":true,\"valueName\":\"search_term_string\"}}],\"inLanguage\":\"es\"},{\"@type\":\"Person\",\"@id\":\"http:\/\/elregionalvm.com.ar\/noticias-villa-maria\/#\/schema\/person\/a0fb9c422317faca23d50163151bc354\",\"name\":\"Contenidos El Regional\",\"image\":{\"@type\":\"ImageObject\",\"inLanguage\":\"es\",\"@id\":\"http:\/\/elregionalvm.com.ar\/noticias-villa-maria\/#\/schema\/person\/image\/\",\"url\":\"https:\/\/secure.gravatar.com\/avatar\/265b27cb2209af7bb3a1318f03305787d7981a5cc6e6cd08fe5a4ecdf99d4b48?s=96&d=mm&r=g\",\"contentUrl\":\"https:\/\/secure.gravatar.com\/avatar\/265b27cb2209af7bb3a1318f03305787d7981a5cc6e6cd08fe5a4ecdf99d4b48?s=96&d=mm&r=g\",\"caption\":\"Contenidos El Regional\"},\"url\":\"https:\/\/elregionalvm.com.ar\/noticias-villa-maria\/author\/contenido\/\"}]}<\/script>\n<!-- \/ Yoast SEO plugin. -->","yoast_head_json":{"title":"Villa Nueva de duelo por la muerte de una enfermera que vacunaba contra el Covid - El Regional","robots":{"index":"index","follow":"follow","max-snippet":"max-snippet:-1","max-image-preview":"max-image-preview:large","max-video-preview":"max-video-preview:-1"},"canonical":"http:\/\/elregionalvm.com.ar\/noticias-villa-maria\/villa-nueva-de-duelo-por-la-muerte-de-una-enfermera-que-vacunaba-contra-el-covid\/","og_locale":"es_ES","og_type":"article","og_title":"Villa Nueva de duelo por la muerte de una enfermera que vacunaba contra el Covid - El Regional","og_description":"Iron\u00edas del destino, tal vez. Carolina Rodr\u00edguez, una de las encargadas de vacunar contra el Covid en la ciudad de Villa Nueva, muri\u00f3 a causa del fatal virus esta ma\u00f1ana. Ten\u00eda solamente 36 a\u00f1os, muy joven, un motivo m\u00e1s de angustia por su temprana despedida. Aunque estaba vacunada con las dos dosis, sus propios factores [&hellip;]","og_url":"http:\/\/elregionalvm.com.ar\/noticias-villa-maria\/villa-nueva-de-duelo-por-la-muerte-de-una-enfermera-que-vacunaba-contra-el-covid\/","og_site_name":"El Regional","article_publisher":"https:\/\/www.facebook.com\/elregionalvm","article_published_time":"2021-07-02T15:37:43+00:00","article_modified_time":"2021-07-02T15:37:44+00:00","og_image":[{"width":585,"height":555,"url":"http:\/\/elregionalvm.com.ar\/noticias-villa-maria\/wp-content\/uploads\/2021\/07\/WhatsApp-Image-2021-07-02-at-12.16.07.jpeg","type":"image\/jpeg"}],"author":"Contenidos El Regional","twitter_card":"summary_large_image","twitter_creator":"@elregionalvm1","twitter_site":"@elregionalvm1","twitter_misc":{"Escrito por":"Contenidos El Regional","Tiempo de lectura":"1 minuto"},"schema":{"@context":"https:\/\/schema.org","@graph":[{"@type":"Article","@id":"http:\/\/elregionalvm.com.ar\/noticias-villa-maria\/villa-nueva-de-duelo-por-la-muerte-de-una-enfermera-que-vacunaba-contra-el-covid\/#article","isPartOf":{"@id":"http:\/\/elregionalvm.com.ar\/noticias-villa-maria\/villa-nueva-de-duelo-por-la-muerte-de-una-enfermera-que-vacunaba-contra-el-covid\/"},"author":{"name":"Contenidos El Regional","@id":"http:\/\/elregionalvm.com.ar\/noticias-villa-maria\/#\/schema\/person\/a0fb9c422317faca23d50163151bc354"},"headline":"Villa Nueva de duelo por la muerte de una enfermera que vacunaba contra el Covid","datePublished":"2021-07-02T15:37:43+00:00","dateModified":"2021-07-02T15:37:44+00:00","mainEntityOfPage":{"@id":"http:\/\/elregionalvm.com.ar\/noticias-villa-maria\/villa-nueva-de-duelo-por-la-muerte-de-una-enfermera-que-vacunaba-contra-el-covid\/"},"wordCount":175,"commentCount":0,"image":{"@id":"http:\/\/elregionalvm.com.ar\/noticias-villa-maria\/villa-nueva-de-duelo-por-la-muerte-de-una-enfermera-que-vacunaba-contra-el-covid\/#primaryimage"},"thumbnailUrl":"https:\/\/i0.wp.com\/elregionalvm.com.ar\/noticias-villa-maria\/wp-content\/uploads\/2021\/07\/WhatsApp-Image-2021-07-02-at-12.16.07.jpeg?fit=585%2C555&ssl=1","keywords":["36 a\u00f1os","Carolina Rodr\u00edguez","Covid 19","destacado","jornada de duelo","Municipalidad de Villa Nueva","muri\u00f3 enfermera","Natalio Graglia","Vacunaci\u00f3n","VILLA NUEVA"],"inLanguage":"es","potentialAction":[{"@type":"CommentAction","name":"Comment","target":["http:\/\/elregionalvm.com.ar\/noticias-villa-maria\/villa-nueva-de-duelo-por-la-muerte-de-una-enfermera-que-vacunaba-contra-el-covid\/#respond"]}]},{"@type":"WebPage","@id":"http:\/\/elregionalvm.com.ar\/noticias-villa-maria\/villa-nueva-de-duelo-por-la-muerte-de-una-enfermera-que-vacunaba-contra-el-covid\/","url":"http:\/\/elregionalvm.com.ar\/noticias-villa-maria\/villa-nueva-de-duelo-por-la-muerte-de-una-enfermera-que-vacunaba-contra-el-covid\/","name":"Villa Nueva de duelo por la muerte de una enfermera que vacunaba contra el Covid - El Regional","isPartOf":{"@id":"http:\/\/elregionalvm.com.ar\/noticias-villa-maria\/#website"},"primaryImageOfPage":{"@id":"http:\/\/elregionalvm.com.ar\/noticias-villa-maria\/villa-nueva-de-duelo-por-la-muerte-de-una-enfermera-que-vacunaba-contra-el-covid\/#primaryimage"},"image":{"@id":"http:\/\/elregionalvm.com.ar\/noticias-villa-maria\/villa-nueva-de-duelo-por-la-muerte-de-una-enfermera-que-vacunaba-contra-el-covid\/#primaryimage"},"thumbnailUrl":"https:\/\/i0.wp.com\/elregionalvm.com.ar\/noticias-villa-maria\/wp-content\/uploads\/2021\/07\/WhatsApp-Image-2021-07-02-at-12.16.07.jpeg?fit=585%2C555&ssl=1","datePublished":"2021-07-02T15:37:43+00:00","dateModified":"2021-07-02T15:37:44+00:00","author":{"@id":"http:\/\/elregionalvm.com.ar\/noticias-villa-maria\/#\/schema\/person\/a0fb9c422317faca23d50163151bc354"},"breadcrumb":{"@id":"http:\/\/elregionalvm.com.ar\/noticias-villa-maria\/villa-nueva-de-duelo-por-la-muerte-de-una-enfermera-que-vacunaba-contra-el-covid\/#breadcrumb"},"inLanguage":"es","potentialAction":[{"@type":"ReadAction","target":["http:\/\/elregionalvm.com.ar\/noticias-villa-maria\/villa-nueva-de-duelo-por-la-muerte-de-una-enfermera-que-vacunaba-contra-el-covid\/"]}]},{"@type":"ImageObject","inLanguage":"es","@id":"http:\/\/elregionalvm.com.ar\/noticias-villa-maria\/villa-nueva-de-duelo-por-la-muerte-de-una-enfermera-que-vacunaba-contra-el-covid\/#primaryimage","url":"https:\/\/i0.wp.com\/elregionalvm.com.ar\/noticias-villa-maria\/wp-content\/uploads\/2021\/07\/WhatsApp-Image-2021-07-02-at-12.16.07.jpeg?fit=585%2C555&ssl=1","contentUrl":"https:\/\/i0.wp.com\/elregionalvm.com.ar\/noticias-villa-maria\/wp-content\/uploads\/2021\/07\/WhatsApp-Image-2021-07-02-at-12.16.07.jpeg?fit=585%2C555&ssl=1","width":585,"height":555},{"@type":"BreadcrumbList","@id":"http:\/\/elregionalvm.com.ar\/noticias-villa-maria\/villa-nueva-de-duelo-por-la-muerte-de-una-enfermera-que-vacunaba-contra-el-covid\/#breadcrumb","itemListElement":[{"@type":"ListItem","position":1,"name":"Portada","item":"https:\/\/elregionalvm.com.ar\/noticias-villa-maria\/"},{"@type":"ListItem","position":2,"name":"Villa Nueva de duelo por la muerte de una enfermera que vacunaba contra el Covid"}]},{"@type":"WebSite","@id":"http:\/\/elregionalvm.com.ar\/noticias-villa-maria\/#website","url":"http:\/\/elregionalvm.com.ar\/noticias-villa-maria\/","name":"El Regional","description":"Mucho m\u00e1s que informaci\u00f3n","potentialAction":[{"@type":"SearchAction","target":{"@type":"EntryPoint","urlTemplate":"http:\/\/elregionalvm.com.ar\/noticias-villa-maria\/?s={search_term_string}"},"query-input":{"@type":"PropertyValueSpecification","valueRequired":true,"valueName":"search_term_string"}}],"inLanguage":"es"},{"@type":"Person","@id":"http:\/\/elregionalvm.com.ar\/noticias-villa-maria\/#\/schema\/person\/a0fb9c422317faca23d50163151bc354","name":"Contenidos El Regional","image":{"@type":"ImageObject","inLanguage":"es","@id":"http:\/\/elregionalvm.com.ar\/noticias-villa-maria\/#\/schema\/person\/image\/","url":"https:\/\/secure.gravatar.com\/avatar\/265b27cb2209af7bb3a1318f03305787d7981a5cc6e6cd08fe5a4ecdf99d4b48?s=96&d=mm&r=g","contentUrl":"https:\/\/secure.gravatar.com\/avatar\/265b27cb2209af7bb3a1318f03305787d7981a5cc6e6cd08fe5a4ecdf99d4b48?s=96&d=mm&r=g","caption":"Contenidos El Regional"},"url":"https:\/\/elregionalvm.com.ar\/noticias-villa-maria\/author\/contenido\/"}]}},"jetpack_featured_media_url":"https:\/\/i0.wp.com\/elregionalvm.com.ar\/noticias-villa-maria\/wp-content\/uploads\/2021\/07\/WhatsApp-Image-2021-07-02-at-12.16.07.jpeg?fit=585%2C555&ssl=1","jetpack_sharing_enabled":true,"_links":{"self":[{"href":"https:\/\/elregionalvm.com.ar\/noticias-villa-maria\/wp-json\/wp\/v2\/posts\/40298","targetHints":{"allow":["GET"]}}],"collection":[{"href":"https:\/\/elregionalvm.com.ar\/noticias-villa-maria\/wp-json\/wp\/v2\/posts"}],"about":[{"href":"https:\/\/elregionalvm.com.ar\/noticias-villa-maria\/wp-json\/wp\/v2\/types\/post"}],"author":[{"embeddable":true,"href":"https:\/\/elregionalvm.com.ar\/noticias-villa-maria\/wp-json\/wp\/v2\/users\/4"}],"replies":[{"embeddable":true,"href":"https:\/\/elregionalvm.com.ar\/noticias-villa-maria\/wp-json\/wp\/v2\/comments?post=40298"}],"version-history":[{"count":1,"href":"https:\/\/elregionalvm.com.ar\/noticias-villa-maria\/wp-json\/wp\/v2\/posts\/40298\/revisions"}],"predecessor-version":[{"id":40301,"href":"https:\/\/elregionalvm.com.ar\/noticias-villa-maria\/wp-json\/wp\/v2\/posts\/40298\/revisions\/40301"}],"wp:featuredmedia":[{"embeddable":true,"href":"https:\/\/elregionalvm.com.ar\/noticias-villa-maria\/wp-json\/wp\/v2\/media\/40299"}],"wp:attachment":[{"href":"https:\/\/elregionalvm.com.ar\/noticias-villa-maria\/wp-json\/wp\/v2\/media?parent=40298"}],"wp:term":[{"taxonomy":"category","embeddable":true,"href":"https:\/\/elregionalvm.com.ar\/noticias-villa-maria\/wp-json\/wp\/v2\/categories?post=40298"},{"taxonomy":"post_tag","embeddable":true,"href":"https:\/\/elregionalvm.com.ar\/noticias-villa-maria\/wp-json\/wp\/v2\/tags?post=40298"}],"curies":[{"name":"wp","href":"https:\/\/api.w.org\/{rel}","templated":true}]}}