{"id":40750,"date":"2021-07-09T23:45:54","date_gmt":"2021-07-09T23:45:54","guid":{"rendered":"https:\/\/elregionalvm.com.ar\/noticias-villa-maria\/?p=40750"},"modified":"2021-07-12T14:50:44","modified_gmt":"2021-07-12T14:50:44","slug":"historias-mundial-86-el-hombre-que-llevo-a-d10s-en-sus-hombros-video","status":"publish","type":"post","link":"https:\/\/elregionalvm.com.ar\/noticias-villa-maria\/historias-mundial-86-el-hombre-que-llevo-a-d10s-en-sus-hombros-video\/","title":{"rendered":"[HISTORIAS] Mundial 86: El hombre que llev\u00f3 a D10S en sus hombros [Video]"},"content":{"rendered":"\n<p><\/p>\n\n\n\n<p><strong>Roberto Cejas tuvo el privilegio de llevar en andas a Diego Maradona durante los festejos por la Copa del Mundo de M\u00e9xico, en 1986. En una entrevista con C20 Noticias, rememor\u00f3 aquella tarde inolvidable del 29 de junio.<\/strong><\/p>\n\n\n\n<p><strong>Escribe: Germ\u00e1n Giacchero<\/strong><\/p>\n\n\n\n<p>\u201cFue maravilloso\u201d.<\/p>\n\n\n\n<p>El tipo ha contado mil veces la misma historia. A sus amigos, conocidos, vecinos, extra\u00f1os, periodistas, a la TV, a los diarios, a las radios, a los portales de internet. Quiz\u00e1s hasta haya so\u00f1ado con ella.<\/p>\n\n\n\n<p>Pero no se cansa de repetirla.<\/p>\n\n\n\n<p>Y no deja de remarcar lo maravilloso que ha sido estar ah\u00ed, en ese lugar, en el momento indicado, con el aporte del universo que confabul\u00f3 para que fuera \u00e9l quien llevara sobre sus hombros al mejor jugador del mundo, a Diego Maradona, a D10S, para dar la vuelta ol\u00edmpica y celebrar el campeonato del mundo en M\u00e9xico 86.<\/p>\n\n\n\n<p><\/p>\n\n\n\n<figure class=\"wp-block-image size-large\"><img data-recalc-dims=\"1\" fetchpriority=\"high\" decoding=\"async\" width=\"862\" height=\"566\" src=\"https:\/\/i0.wp.com\/elregionalvm.com.ar\/noticias-villa-maria\/wp-content\/uploads\/2021\/07\/Roberto-Cejas-Maradona-Copa-Mexico-foto-actual.jpg?resize=862%2C566&#038;ssl=1\" alt=\"\" class=\"wp-image-40752\" srcset=\"https:\/\/i0.wp.com\/elregionalvm.com.ar\/noticias-villa-maria\/wp-content\/uploads\/2021\/07\/Roberto-Cejas-Maradona-Copa-Mexico-foto-actual.jpg?w=862&amp;ssl=1 862w, https:\/\/i0.wp.com\/elregionalvm.com.ar\/noticias-villa-maria\/wp-content\/uploads\/2021\/07\/Roberto-Cejas-Maradona-Copa-Mexico-foto-actual.jpg?resize=300%2C197&amp;ssl=1 300w, https:\/\/i0.wp.com\/elregionalvm.com.ar\/noticias-villa-maria\/wp-content\/uploads\/2021\/07\/Roberto-Cejas-Maradona-Copa-Mexico-foto-actual.jpg?resize=768%2C504&amp;ssl=1 768w\" sizes=\"(max-width: 862px) 100vw, 862px\" \/><\/figure>\n\n\n\n<p><\/p>\n\n\n\n<p>Hace pocos d\u00edas, el 29 de junio, el calendario se encaprich\u00f3 en recordar que pasaron 35 a\u00f1os de aquella gesta, haza\u00f1a o epopeya que le permiti\u00f3 a la selecci\u00f3n argentina obtener su segunda copa del mundo y catapultar a Maradona hacia el Olimpo celestial del f\u00fatbol.<\/p>\n\n\n\n<p>Tambi\u00e9n pasaron tres d\u00e9cadas y media de una tarde calurosa y eternamente inolvidable para el tipo que sac\u00f3 a pasear en andas a Marad\u00f3 ante un Estadio Azteca arrodillado ante la magia de sus pies. Y a las manos de Dios que ahora acariciaban esa copa dorada como si no hubiera tesoro m\u00e1s preciado en el cosmos entero.<\/p>\n\n\n\n<p>Pero, claro, \u00e9l se hab\u00eda ganado el mote de \u201cbarrilete c\u00f3smico\u201d y los astros estaban de su lado.<\/p>\n\n\n\n<p>El tipo se sum\u00f3 tambi\u00e9n a ese coro nada angelical de gritos desaforados convertidos en gargantas lastimadas, a ese tsunami de nervios de punta transformados en llantos de chicos, a esa alegr\u00eda eterna cosechada gracias a una sinfon\u00eda de sangre, sudor y l\u00e1grimas, con alma de potrero, pero en el verde c\u00e9sped del templo del f\u00fatbol mundial.<\/p>\n\n\n\n<p>El tipo es santafesino y se llama Roberto Cejas. Ahora, peina canas, pero la memoria pareciera no fallarle en nada. Y cuando se le pregunta, recuerda ese viaje desde Argentina a M\u00e9xico para ver la final contra Alemania sin tener la entrada en mano.<\/p>\n\n\n\n<p>Rememora las peripecias para conseguir un ticket que le permitiera ingresar al coloso azteca, y luego los desaf\u00edos para poder estar en la parte m\u00e1s baja de la platea, y m\u00e1s tarde c\u00f3mo consigui\u00f3 entrar al campo de juego, y c\u00f3mo, casi por casualidad o designio divino, se top\u00f3 de frente con Diego y sin mediar palabra lo alz\u00f3 sobre sus hombros y lo llev\u00f3 a festejar.<\/p>\n\n\n\n<p><\/p>\n\n\n\n<figure class=\"wp-block-gallery columns-2 is-cropped wp-block-gallery-1 is-layout-flex wp-block-gallery-is-layout-flex\"><ul class=\"blocks-gallery-grid\"><li class=\"blocks-gallery-item\"><figure><img data-recalc-dims=\"1\" decoding=\"async\" width=\"531\" height=\"672\" src=\"https:\/\/i0.wp.com\/elregionalvm.com.ar\/noticias-villa-maria\/wp-content\/uploads\/2021\/07\/Maradona-en-andas-3-vertical.jpg?resize=531%2C672&#038;ssl=1\" alt=\"\" data-id=\"40753\" data-link=\"https:\/\/elregionalvm.com.ar\/noticias-villa-maria\/?attachment_id=40753\" class=\"wp-image-40753\" srcset=\"https:\/\/i0.wp.com\/elregionalvm.com.ar\/noticias-villa-maria\/wp-content\/uploads\/2021\/07\/Maradona-en-andas-3-vertical.jpg?w=531&amp;ssl=1 531w, https:\/\/i0.wp.com\/elregionalvm.com.ar\/noticias-villa-maria\/wp-content\/uploads\/2021\/07\/Maradona-en-andas-3-vertical.jpg?resize=237%2C300&amp;ssl=1 237w\" sizes=\"(max-width: 531px) 100vw, 531px\" \/><\/figure><\/li><li class=\"blocks-gallery-item\"><figure><img data-recalc-dims=\"1\" decoding=\"async\" width=\"733\" height=\"1024\" src=\"https:\/\/i0.wp.com\/elregionalvm.com.ar\/noticias-villa-maria\/wp-content\/uploads\/2021\/07\/Maradona-llevando-la-Copa-del-Mundo-1986.jpg?resize=733%2C1024&#038;ssl=1\" alt=\"\" data-id=\"40754\" data-full-url=\"https:\/\/elregionalvm.com.ar\/noticias-villa-maria\/wp-content\/uploads\/2021\/07\/Maradona-llevando-la-Copa-del-Mundo-1986.jpg\" data-link=\"https:\/\/elregionalvm.com.ar\/noticias-villa-maria\/?attachment_id=40754\" class=\"wp-image-40754\" srcset=\"https:\/\/i0.wp.com\/elregionalvm.com.ar\/noticias-villa-maria\/wp-content\/uploads\/2021\/07\/Maradona-llevando-la-Copa-del-Mundo-1986.jpg?resize=733%2C1024&amp;ssl=1 733w, https:\/\/i0.wp.com\/elregionalvm.com.ar\/noticias-villa-maria\/wp-content\/uploads\/2021\/07\/Maradona-llevando-la-Copa-del-Mundo-1986.jpg?resize=215%2C300&amp;ssl=1 215w, https:\/\/i0.wp.com\/elregionalvm.com.ar\/noticias-villa-maria\/wp-content\/uploads\/2021\/07\/Maradona-llevando-la-Copa-del-Mundo-1986.jpg?resize=768%2C1073&amp;ssl=1 768w, https:\/\/i0.wp.com\/elregionalvm.com.ar\/noticias-villa-maria\/wp-content\/uploads\/2021\/07\/Maradona-llevando-la-Copa-del-Mundo-1986.jpg?w=823&amp;ssl=1 823w\" sizes=\"(max-width: 733px) 100vw, 733px\" \/><\/figure><\/li><\/ul><\/figure>\n\n\n\n<p><\/p>\n\n\n\n<p>No pudo conseguir los botines maradonianos, porque \u201cPelusa\u201d se los hab\u00eda prometido a Do\u00f1a Tota, su mam\u00e1. \u201cBajame, b\u00e1jame\u201d, dice que le dijo Diego. No cruzaron mayores palabras, pero la sensaci\u00f3n era inexplicable, \u00fanica, divina.<\/p>\n\n\n\n<p>Al otro d\u00eda se descubri\u00f3 en varias portadas de diarios. Pero, no pudo reencontrarse con el Diez hasta el mundial de Brasil en 2014. El programa \u201cDe Zurda\u201d, donde participaba Diego, lo contact\u00f3 para verse las caras nuevamente. Marad\u00f3 hab\u00eda estado preguntando por \u00e9l en una conversaci\u00f3n informal.<\/p>\n\n\n\n<p>De esa alegr\u00eda pas\u00f3 a la bronca y el dolor, como el que padecieron millones de argentinos tras la muerte de Maradona.<\/p>\n\n\n\n<p>Pero, \u00e9l ser\u00e1 el tipo de la foto. El que llev\u00f3 en andas a D10S, un dios pagano plagado de defectos, pero con hechizos en los botines, para celebrar coronados de gloria, a miles de kil\u00f3metros de distancia de donde un pueblo gritaba su desahogo con la magia del f\u00fatbol.<\/p>\n\n\n\n<p>Y con su sin\u00f3nimo m\u00e1s exquisito y eterno. Diego Armando Maradona.<\/p>\n\n\n\n<p>Y el tipo estuvo all\u00ed.<\/p>\n\n\n\n<p>Se llama Roberto Cejas. Y jam\u00e1s podr\u00e1 olvidar ese d\u00eda.<\/p>\n\n\n\n<p>Nosotros, tampoco.<\/p>\n\n\n\n<p><\/p>\n\n\n\n<ul class=\"wp-block-list\"><li><strong>Mir\u00e1 el video: <\/strong><\/li><\/ul>\n\n\n\n<p><\/p>\n\n\n\n<figure class=\"wp-block-embed is-type-video is-provider-youtube wp-block-embed-youtube wp-embed-aspect-16-9 wp-has-aspect-ratio\"><div class=\"wp-block-embed__wrapper\">\n<iframe title=\"C20N || Roberto Cejas - HACE 35 A\u00d1OS\" width=\"500\" height=\"281\" src=\"https:\/\/www.youtube.com\/embed\/FHCtLemRP2U?feature=oembed\" frameborder=\"0\" allow=\"accelerometer; autoplay; clipboard-write; encrypted-media; gyroscope; picture-in-picture; web-share\" referrerpolicy=\"strict-origin-when-cross-origin\" allowfullscreen><\/iframe>\n<\/div><figcaption><em>Cejas en la entrevista con Canal 20 Noticias. <\/em><\/figcaption><\/figure>\n","protected":false},"excerpt":{"rendered":"<p>Roberto Cejas tuvo el privilegio de llevar en andas a Diego Maradona durante los festejos por la Copa del Mundo de M\u00e9xico, en 1986. En una entrevista con C20 Noticias, rememor\u00f3 aquella tarde inolvidable del 29 de junio. Escribe: Germ\u00e1n Giacchero \u201cFue maravilloso\u201d. El tipo ha contado mil veces la misma historia. A sus amigos, [&hellip;]<\/p>\n","protected":false},"author":6,"featured_media":40751,"comment_status":"open","ping_status":"open","sticky":false,"template":"","format":"standard","meta":{"site-sidebar-layout":"default","site-content-layout":"default","ast-site-content-layout":"default","site-content-style":"default","site-sidebar-style":"default","ast-global-header-display":"","ast-banner-title-visibility":"","ast-main-header-display":"","ast-hfb-above-header-display":"","ast-hfb-below-header-display":"","ast-hfb-mobile-header-display":"","site-post-title":"","ast-breadcrumbs-content":"","ast-featured-img":"","footer-sml-layout":"","ast-disable-related-posts":"","theme-transparent-header-meta":"default","adv-header-id-meta":"","stick-header-meta":"","header-above-stick-meta":"","header-main-stick-meta":"","header-below-stick-meta":"","astra-migrate-meta-layouts":"default","ast-page-background-enabled":"default","ast-page-background-meta":{"desktop":{"background-color":"","background-image":"","background-repeat":"repeat","background-position":"center center","background-size":"auto","background-attachment":"scroll","background-type":"","background-media":"","overlay-type":"","overlay-color":"","overlay-opacity":"","overlay-gradient":""},"tablet":{"background-color":"","background-image":"","background-repeat":"repeat","background-position":"center center","background-size":"auto","background-attachment":"scroll","background-type":"","background-media":"","overlay-type":"","overlay-color":"","overlay-opacity":"","overlay-gradient":""},"mobile":{"background-color":"","background-image":"","background-repeat":"repeat","background-position":"center center","background-size":"auto","background-attachment":"scroll","background-type":"","background-media":"","overlay-type":"","overlay-color":"","overlay-opacity":"","overlay-gradient":""}},"ast-content-background-meta":{"desktop":{"background-color":"var(--ast-global-color-5)","background-image":"","background-repeat":"repeat","background-position":"center center","background-size":"auto","background-attachment":"scroll","background-type":"","background-media":"","overlay-type":"","overlay-color":"","overlay-opacity":"","overlay-gradient":""},"tablet":{"background-color":"var(--ast-global-color-5)","background-image":"","background-repeat":"repeat","background-position":"center center","background-size":"auto","background-attachment":"scroll","background-type":"","background-media":"","overlay-type":"","overlay-color":"","overlay-opacity":"","overlay-gradient":""},"mobile":{"background-color":"var(--ast-global-color-5)","background-image":"","background-repeat":"repeat","background-position":"center center","background-size":"auto","background-attachment":"scroll","background-type":"","background-media":"","overlay-type":"","overlay-color":"","overlay-opacity":"","overlay-gradient":""}},"_jetpack_memberships_contains_paid_content":false,"_joinchat":[],"footnotes":""},"categories":[2098,3557,2074],"tags":[4982,9978,5572,9977,340,9976,9979],"class_list":["post-40750","post","type-post","status-publish","format-standard","has-post-thumbnail","hentry","category-historias","category-tercera","category-videos","tag-canal-20","tag-copa-del-mundo","tag-diego-maradona","tag-estadio-azteca","tag-futbol","tag-mexico-86","tag-roberto-cejas"],"yoast_head":"<!-- This site is optimized with the Yoast SEO plugin v26.8 - https:\/\/yoast.com\/product\/yoast-seo-wordpress\/ -->\n<title>[HISTORIAS] Mundial 86: El hombre que llev\u00f3 a D10S en sus hombros [Video] - El Regional<\/title>\n<meta name=\"description\" content=\"Roberto Cejas tuvo el privilegio de llevar en andas a Diego Maradona durante los festejos por la Copa del Mundo de M\u00e9xico 86. Pasaron 35 a\u00f1os.\" \/>\n<meta name=\"robots\" content=\"index, follow, max-snippet:-1, max-image-preview:large, max-video-preview:-1\" \/>\n<link rel=\"canonical\" href=\"http:\/\/elregionalvm.com.ar\/noticias-villa-maria\/historias-mundial-86-el-hombre-que-llevo-a-d10s-en-sus-hombros-video\/\" \/>\n<meta property=\"og:locale\" content=\"es_ES\" \/>\n<meta property=\"og:type\" content=\"article\" \/>\n<meta property=\"og:title\" content=\"[HISTORIAS] Mundial 86: El hombre que llev\u00f3 a D10S en sus hombros [Video] - El Regional\" \/>\n<meta property=\"og:description\" content=\"Roberto Cejas tuvo el privilegio de llevar en andas a Diego Maradona durante los festejos por la Copa del Mundo de M\u00e9xico 86. Pasaron 35 a\u00f1os.\" \/>\n<meta property=\"og:url\" content=\"http:\/\/elregionalvm.com.ar\/noticias-villa-maria\/historias-mundial-86-el-hombre-que-llevo-a-d10s-en-sus-hombros-video\/\" \/>\n<meta property=\"og:site_name\" content=\"El Regional\" \/>\n<meta property=\"article:publisher\" content=\"https:\/\/www.facebook.com\/elregionalvm\" \/>\n<meta property=\"article:published_time\" content=\"2021-07-09T23:45:54+00:00\" \/>\n<meta property=\"article:modified_time\" content=\"2021-07-12T14:50:44+00:00\" \/>\n<meta property=\"og:image\" content=\"http:\/\/elregionalvm.com.ar\/noticias-villa-maria\/wp-content\/uploads\/2021\/07\/Maradona-en-andas-2-vertical.jpg\" \/>\n\t<meta property=\"og:image:width\" content=\"509\" \/>\n\t<meta property=\"og:image:height\" content=\"720\" \/>\n\t<meta property=\"og:image:type\" content=\"image\/jpeg\" \/>\n<meta name=\"author\" content=\"Germ\u00e1n Giacchero\" \/>\n<meta name=\"twitter:card\" content=\"summary_large_image\" \/>\n<meta name=\"twitter:creator\" content=\"@elregionalvm1\" \/>\n<meta name=\"twitter:site\" content=\"@elregionalvm1\" \/>\n<meta name=\"twitter:label1\" content=\"Escrito por\" \/>\n\t<meta name=\"twitter:data1\" content=\"Germ\u00e1n Giacchero\" \/>\n\t<meta name=\"twitter:label2\" content=\"Tiempo de lectura\" \/>\n\t<meta name=\"twitter:data2\" content=\"4 minutos\" \/>\n<script type=\"application\/ld+json\" class=\"yoast-schema-graph\">{\"@context\":\"https:\/\/schema.org\",\"@graph\":[{\"@type\":\"Article\",\"@id\":\"http:\/\/elregionalvm.com.ar\/noticias-villa-maria\/historias-mundial-86-el-hombre-que-llevo-a-d10s-en-sus-hombros-video\/#article\",\"isPartOf\":{\"@id\":\"http:\/\/elregionalvm.com.ar\/noticias-villa-maria\/historias-mundial-86-el-hombre-que-llevo-a-d10s-en-sus-hombros-video\/\"},\"author\":{\"name\":\"Germ\u00e1n Giacchero\",\"@id\":\"http:\/\/elregionalvm.com.ar\/noticias-villa-maria\/#\/schema\/person\/d5e4b04966154131701e52c45d3efec9\"},\"headline\":\"[HISTORIAS] Mundial 86: El hombre que llev\u00f3 a D10S en sus hombros [Video]\",\"datePublished\":\"2021-07-09T23:45:54+00:00\",\"dateModified\":\"2021-07-12T14:50:44+00:00\",\"mainEntityOfPage\":{\"@id\":\"http:\/\/elregionalvm.com.ar\/noticias-villa-maria\/historias-mundial-86-el-hombre-que-llevo-a-d10s-en-sus-hombros-video\/\"},\"wordCount\":684,\"commentCount\":0,\"image\":{\"@id\":\"http:\/\/elregionalvm.com.ar\/noticias-villa-maria\/historias-mundial-86-el-hombre-que-llevo-a-d10s-en-sus-hombros-video\/#primaryimage\"},\"thumbnailUrl\":\"https:\/\/i0.wp.com\/elregionalvm.com.ar\/noticias-villa-maria\/wp-content\/uploads\/2021\/07\/Maradona-en-andas-2-vertical.jpg?fit=509%2C720&ssl=1\",\"keywords\":[\"Canal 20\",\"Copa del Mundo\",\"Diego Maradona\",\"Estadio Azteca\",\"f\u00fatbol\",\"M\u00e9xico 86\",\"Roberto Cejas\"],\"articleSection\":[\"Historias\",\"tercera\",\"Videos\"],\"inLanguage\":\"es\",\"potentialAction\":[{\"@type\":\"CommentAction\",\"name\":\"Comment\",\"target\":[\"http:\/\/elregionalvm.com.ar\/noticias-villa-maria\/historias-mundial-86-el-hombre-que-llevo-a-d10s-en-sus-hombros-video\/#respond\"]}]},{\"@type\":\"WebPage\",\"@id\":\"http:\/\/elregionalvm.com.ar\/noticias-villa-maria\/historias-mundial-86-el-hombre-que-llevo-a-d10s-en-sus-hombros-video\/\",\"url\":\"http:\/\/elregionalvm.com.ar\/noticias-villa-maria\/historias-mundial-86-el-hombre-que-llevo-a-d10s-en-sus-hombros-video\/\",\"name\":\"[HISTORIAS] Mundial 86: El hombre que llev\u00f3 a D10S en sus hombros [Video] - El Regional\",\"isPartOf\":{\"@id\":\"http:\/\/elregionalvm.com.ar\/noticias-villa-maria\/#website\"},\"primaryImageOfPage\":{\"@id\":\"http:\/\/elregionalvm.com.ar\/noticias-villa-maria\/historias-mundial-86-el-hombre-que-llevo-a-d10s-en-sus-hombros-video\/#primaryimage\"},\"image\":{\"@id\":\"http:\/\/elregionalvm.com.ar\/noticias-villa-maria\/historias-mundial-86-el-hombre-que-llevo-a-d10s-en-sus-hombros-video\/#primaryimage\"},\"thumbnailUrl\":\"https:\/\/i0.wp.com\/elregionalvm.com.ar\/noticias-villa-maria\/wp-content\/uploads\/2021\/07\/Maradona-en-andas-2-vertical.jpg?fit=509%2C720&ssl=1\",\"datePublished\":\"2021-07-09T23:45:54+00:00\",\"dateModified\":\"2021-07-12T14:50:44+00:00\",\"author\":{\"@id\":\"http:\/\/elregionalvm.com.ar\/noticias-villa-maria\/#\/schema\/person\/d5e4b04966154131701e52c45d3efec9\"},\"description\":\"Roberto Cejas tuvo el privilegio de llevar en andas a Diego Maradona durante los festejos por la Copa del Mundo de M\u00e9xico 86. Pasaron 35 a\u00f1os.\",\"breadcrumb\":{\"@id\":\"http:\/\/elregionalvm.com.ar\/noticias-villa-maria\/historias-mundial-86-el-hombre-que-llevo-a-d10s-en-sus-hombros-video\/#breadcrumb\"},\"inLanguage\":\"es\",\"potentialAction\":[{\"@type\":\"ReadAction\",\"target\":[\"http:\/\/elregionalvm.com.ar\/noticias-villa-maria\/historias-mundial-86-el-hombre-que-llevo-a-d10s-en-sus-hombros-video\/\"]}]},{\"@type\":\"ImageObject\",\"inLanguage\":\"es\",\"@id\":\"http:\/\/elregionalvm.com.ar\/noticias-villa-maria\/historias-mundial-86-el-hombre-que-llevo-a-d10s-en-sus-hombros-video\/#primaryimage\",\"url\":\"https:\/\/i0.wp.com\/elregionalvm.com.ar\/noticias-villa-maria\/wp-content\/uploads\/2021\/07\/Maradona-en-andas-2-vertical.jpg?fit=509%2C720&ssl=1\",\"contentUrl\":\"https:\/\/i0.wp.com\/elregionalvm.com.ar\/noticias-villa-maria\/wp-content\/uploads\/2021\/07\/Maradona-en-andas-2-vertical.jpg?fit=509%2C720&ssl=1\",\"width\":509,\"height\":720},{\"@type\":\"BreadcrumbList\",\"@id\":\"http:\/\/elregionalvm.com.ar\/noticias-villa-maria\/historias-mundial-86-el-hombre-que-llevo-a-d10s-en-sus-hombros-video\/#breadcrumb\",\"itemListElement\":[{\"@type\":\"ListItem\",\"position\":1,\"name\":\"Portada\",\"item\":\"https:\/\/elregionalvm.com.ar\/noticias-villa-maria\/\"},{\"@type\":\"ListItem\",\"position\":2,\"name\":\"[HISTORIAS] Mundial 86: El hombre que llev\u00f3 a D10S en sus hombros [Video]\"}]},{\"@type\":\"WebSite\",\"@id\":\"http:\/\/elregionalvm.com.ar\/noticias-villa-maria\/#website\",\"url\":\"http:\/\/elregionalvm.com.ar\/noticias-villa-maria\/\",\"name\":\"El Regional\",\"description\":\"Mucho m\u00e1s que informaci\u00f3n\",\"potentialAction\":[{\"@type\":\"SearchAction\",\"target\":{\"@type\":\"EntryPoint\",\"urlTemplate\":\"http:\/\/elregionalvm.com.ar\/noticias-villa-maria\/?s={search_term_string}\"},\"query-input\":{\"@type\":\"PropertyValueSpecification\",\"valueRequired\":true,\"valueName\":\"search_term_string\"}}],\"inLanguage\":\"es\"},{\"@type\":\"Person\",\"@id\":\"http:\/\/elregionalvm.com.ar\/noticias-villa-maria\/#\/schema\/person\/d5e4b04966154131701e52c45d3efec9\",\"name\":\"Germ\u00e1n Giacchero\",\"image\":{\"@type\":\"ImageObject\",\"inLanguage\":\"es\",\"@id\":\"http:\/\/elregionalvm.com.ar\/noticias-villa-maria\/#\/schema\/person\/image\/\",\"url\":\"https:\/\/secure.gravatar.com\/avatar\/fda163ba5ef0307ee5be9846e10f83b6e83d0cfb260d3b2464830318894c6b04?s=96&d=mm&r=g\",\"contentUrl\":\"https:\/\/secure.gravatar.com\/avatar\/fda163ba5ef0307ee5be9846e10f83b6e83d0cfb260d3b2464830318894c6b04?s=96&d=mm&r=g\",\"caption\":\"Germ\u00e1n Giacchero\"},\"url\":\"https:\/\/elregionalvm.com.ar\/noticias-villa-maria\/author\/germangiacchero\/\"}]}<\/script>\n<!-- \/ Yoast SEO plugin. -->","yoast_head_json":{"title":"[HISTORIAS] Mundial 86: El hombre que llev\u00f3 a D10S en sus hombros [Video] - El Regional","description":"Roberto Cejas tuvo el privilegio de llevar en andas a Diego Maradona durante los festejos por la Copa del Mundo de M\u00e9xico 86. Pasaron 35 a\u00f1os.","robots":{"index":"index","follow":"follow","max-snippet":"max-snippet:-1","max-image-preview":"max-image-preview:large","max-video-preview":"max-video-preview:-1"},"canonical":"http:\/\/elregionalvm.com.ar\/noticias-villa-maria\/historias-mundial-86-el-hombre-que-llevo-a-d10s-en-sus-hombros-video\/","og_locale":"es_ES","og_type":"article","og_title":"[HISTORIAS] Mundial 86: El hombre que llev\u00f3 a D10S en sus hombros [Video] - El Regional","og_description":"Roberto Cejas tuvo el privilegio de llevar en andas a Diego Maradona durante los festejos por la Copa del Mundo de M\u00e9xico 86. Pasaron 35 a\u00f1os.","og_url":"http:\/\/elregionalvm.com.ar\/noticias-villa-maria\/historias-mundial-86-el-hombre-que-llevo-a-d10s-en-sus-hombros-video\/","og_site_name":"El Regional","article_publisher":"https:\/\/www.facebook.com\/elregionalvm","article_published_time":"2021-07-09T23:45:54+00:00","article_modified_time":"2021-07-12T14:50:44+00:00","og_image":[{"width":509,"height":720,"url":"http:\/\/elregionalvm.com.ar\/noticias-villa-maria\/wp-content\/uploads\/2021\/07\/Maradona-en-andas-2-vertical.jpg","type":"image\/jpeg"}],"author":"Germ\u00e1n Giacchero","twitter_card":"summary_large_image","twitter_creator":"@elregionalvm1","twitter_site":"@elregionalvm1","twitter_misc":{"Escrito por":"Germ\u00e1n Giacchero","Tiempo de lectura":"4 minutos"},"schema":{"@context":"https:\/\/schema.org","@graph":[{"@type":"Article","@id":"http:\/\/elregionalvm.com.ar\/noticias-villa-maria\/historias-mundial-86-el-hombre-que-llevo-a-d10s-en-sus-hombros-video\/#article","isPartOf":{"@id":"http:\/\/elregionalvm.com.ar\/noticias-villa-maria\/historias-mundial-86-el-hombre-que-llevo-a-d10s-en-sus-hombros-video\/"},"author":{"name":"Germ\u00e1n Giacchero","@id":"http:\/\/elregionalvm.com.ar\/noticias-villa-maria\/#\/schema\/person\/d5e4b04966154131701e52c45d3efec9"},"headline":"[HISTORIAS] Mundial 86: El hombre que llev\u00f3 a D10S en sus hombros [Video]","datePublished":"2021-07-09T23:45:54+00:00","dateModified":"2021-07-12T14:50:44+00:00","mainEntityOfPage":{"@id":"http:\/\/elregionalvm.com.ar\/noticias-villa-maria\/historias-mundial-86-el-hombre-que-llevo-a-d10s-en-sus-hombros-video\/"},"wordCount":684,"commentCount":0,"image":{"@id":"http:\/\/elregionalvm.com.ar\/noticias-villa-maria\/historias-mundial-86-el-hombre-que-llevo-a-d10s-en-sus-hombros-video\/#primaryimage"},"thumbnailUrl":"https:\/\/i0.wp.com\/elregionalvm.com.ar\/noticias-villa-maria\/wp-content\/uploads\/2021\/07\/Maradona-en-andas-2-vertical.jpg?fit=509%2C720&ssl=1","keywords":["Canal 20","Copa del Mundo","Diego Maradona","Estadio Azteca","f\u00fatbol","M\u00e9xico 86","Roberto Cejas"],"articleSection":["Historias","tercera","Videos"],"inLanguage":"es","potentialAction":[{"@type":"CommentAction","name":"Comment","target":["http:\/\/elregionalvm.com.ar\/noticias-villa-maria\/historias-mundial-86-el-hombre-que-llevo-a-d10s-en-sus-hombros-video\/#respond"]}]},{"@type":"WebPage","@id":"http:\/\/elregionalvm.com.ar\/noticias-villa-maria\/historias-mundial-86-el-hombre-que-llevo-a-d10s-en-sus-hombros-video\/","url":"http:\/\/elregionalvm.com.ar\/noticias-villa-maria\/historias-mundial-86-el-hombre-que-llevo-a-d10s-en-sus-hombros-video\/","name":"[HISTORIAS] Mundial 86: El hombre que llev\u00f3 a D10S en sus hombros [Video] - El Regional","isPartOf":{"@id":"http:\/\/elregionalvm.com.ar\/noticias-villa-maria\/#website"},"primaryImageOfPage":{"@id":"http:\/\/elregionalvm.com.ar\/noticias-villa-maria\/historias-mundial-86-el-hombre-que-llevo-a-d10s-en-sus-hombros-video\/#primaryimage"},"image":{"@id":"http:\/\/elregionalvm.com.ar\/noticias-villa-maria\/historias-mundial-86-el-hombre-que-llevo-a-d10s-en-sus-hombros-video\/#primaryimage"},"thumbnailUrl":"https:\/\/i0.wp.com\/elregionalvm.com.ar\/noticias-villa-maria\/wp-content\/uploads\/2021\/07\/Maradona-en-andas-2-vertical.jpg?fit=509%2C720&ssl=1","datePublished":"2021-07-09T23:45:54+00:00","dateModified":"2021-07-12T14:50:44+00:00","author":{"@id":"http:\/\/elregionalvm.com.ar\/noticias-villa-maria\/#\/schema\/person\/d5e4b04966154131701e52c45d3efec9"},"description":"Roberto Cejas tuvo el privilegio de llevar en andas a Diego Maradona durante los festejos por la Copa del Mundo de M\u00e9xico 86. Pasaron 35 a\u00f1os.","breadcrumb":{"@id":"http:\/\/elregionalvm.com.ar\/noticias-villa-maria\/historias-mundial-86-el-hombre-que-llevo-a-d10s-en-sus-hombros-video\/#breadcrumb"},"inLanguage":"es","potentialAction":[{"@type":"ReadAction","target":["http:\/\/elregionalvm.com.ar\/noticias-villa-maria\/historias-mundial-86-el-hombre-que-llevo-a-d10s-en-sus-hombros-video\/"]}]},{"@type":"ImageObject","inLanguage":"es","@id":"http:\/\/elregionalvm.com.ar\/noticias-villa-maria\/historias-mundial-86-el-hombre-que-llevo-a-d10s-en-sus-hombros-video\/#primaryimage","url":"https:\/\/i0.wp.com\/elregionalvm.com.ar\/noticias-villa-maria\/wp-content\/uploads\/2021\/07\/Maradona-en-andas-2-vertical.jpg?fit=509%2C720&ssl=1","contentUrl":"https:\/\/i0.wp.com\/elregionalvm.com.ar\/noticias-villa-maria\/wp-content\/uploads\/2021\/07\/Maradona-en-andas-2-vertical.jpg?fit=509%2C720&ssl=1","width":509,"height":720},{"@type":"BreadcrumbList","@id":"http:\/\/elregionalvm.com.ar\/noticias-villa-maria\/historias-mundial-86-el-hombre-que-llevo-a-d10s-en-sus-hombros-video\/#breadcrumb","itemListElement":[{"@type":"ListItem","position":1,"name":"Portada","item":"https:\/\/elregionalvm.com.ar\/noticias-villa-maria\/"},{"@type":"ListItem","position":2,"name":"[HISTORIAS] Mundial 86: El hombre que llev\u00f3 a D10S en sus hombros [Video]"}]},{"@type":"WebSite","@id":"http:\/\/elregionalvm.com.ar\/noticias-villa-maria\/#website","url":"http:\/\/elregionalvm.com.ar\/noticias-villa-maria\/","name":"El Regional","description":"Mucho m\u00e1s que informaci\u00f3n","potentialAction":[{"@type":"SearchAction","target":{"@type":"EntryPoint","urlTemplate":"http:\/\/elregionalvm.com.ar\/noticias-villa-maria\/?s={search_term_string}"},"query-input":{"@type":"PropertyValueSpecification","valueRequired":true,"valueName":"search_term_string"}}],"inLanguage":"es"},{"@type":"Person","@id":"http:\/\/elregionalvm.com.ar\/noticias-villa-maria\/#\/schema\/person\/d5e4b04966154131701e52c45d3efec9","name":"Germ\u00e1n Giacchero","image":{"@type":"ImageObject","inLanguage":"es","@id":"http:\/\/elregionalvm.com.ar\/noticias-villa-maria\/#\/schema\/person\/image\/","url":"https:\/\/secure.gravatar.com\/avatar\/fda163ba5ef0307ee5be9846e10f83b6e83d0cfb260d3b2464830318894c6b04?s=96&d=mm&r=g","contentUrl":"https:\/\/secure.gravatar.com\/avatar\/fda163ba5ef0307ee5be9846e10f83b6e83d0cfb260d3b2464830318894c6b04?s=96&d=mm&r=g","caption":"Germ\u00e1n Giacchero"},"url":"https:\/\/elregionalvm.com.ar\/noticias-villa-maria\/author\/germangiacchero\/"}]}},"jetpack_featured_media_url":"https:\/\/i0.wp.com\/elregionalvm.com.ar\/noticias-villa-maria\/wp-content\/uploads\/2021\/07\/Maradona-en-andas-2-vertical.jpg?fit=509%2C720&ssl=1","jetpack_sharing_enabled":true,"_links":{"self":[{"href":"https:\/\/elregionalvm.com.ar\/noticias-villa-maria\/wp-json\/wp\/v2\/posts\/40750","targetHints":{"allow":["GET"]}}],"collection":[{"href":"https:\/\/elregionalvm.com.ar\/noticias-villa-maria\/wp-json\/wp\/v2\/posts"}],"about":[{"href":"https:\/\/elregionalvm.com.ar\/noticias-villa-maria\/wp-json\/wp\/v2\/types\/post"}],"author":[{"embeddable":true,"href":"https:\/\/elregionalvm.com.ar\/noticias-villa-maria\/wp-json\/wp\/v2\/users\/6"}],"replies":[{"embeddable":true,"href":"https:\/\/elregionalvm.com.ar\/noticias-villa-maria\/wp-json\/wp\/v2\/comments?post=40750"}],"version-history":[{"count":2,"href":"https:\/\/elregionalvm.com.ar\/noticias-villa-maria\/wp-json\/wp\/v2\/posts\/40750\/revisions"}],"predecessor-version":[{"id":40756,"href":"https:\/\/elregionalvm.com.ar\/noticias-villa-maria\/wp-json\/wp\/v2\/posts\/40750\/revisions\/40756"}],"wp:featuredmedia":[{"embeddable":true,"href":"https:\/\/elregionalvm.com.ar\/noticias-villa-maria\/wp-json\/wp\/v2\/media\/40751"}],"wp:attachment":[{"href":"https:\/\/elregionalvm.com.ar\/noticias-villa-maria\/wp-json\/wp\/v2\/media?parent=40750"}],"wp:term":[{"taxonomy":"category","embeddable":true,"href":"https:\/\/elregionalvm.com.ar\/noticias-villa-maria\/wp-json\/wp\/v2\/categories?post=40750"},{"taxonomy":"post_tag","embeddable":true,"href":"https:\/\/elregionalvm.com.ar\/noticias-villa-maria\/wp-json\/wp\/v2\/tags?post=40750"}],"curies":[{"name":"wp","href":"https:\/\/api.w.org\/{rel}","templated":true}]}}