{"id":41159,"date":"2021-07-18T13:47:34","date_gmt":"2021-07-18T13:47:34","guid":{"rendered":"https:\/\/elregionalvm.com.ar\/noticias-villa-maria\/?p=41159"},"modified":"2021-07-19T00:37:37","modified_gmt":"2021-07-19T00:37:37","slug":"cuando-son-los-juegos-olimpicos-en-2021","status":"publish","type":"post","link":"https:\/\/elregionalvm.com.ar\/noticias-villa-maria\/cuando-son-los-juegos-olimpicos-en-2021\/","title":{"rendered":"\u00bfCu\u00e1ndo comienzan los Juegos Ol\u00edmpicos 2021?"},"content":{"rendered":"\n<h3 class=\"wp-block-heading\">Los Juegos Ol\u00edmpicos de Tokio 2020 ya est\u00e1n a la vuelta de la esquina pero, \u00bfcu\u00e1ndo empiezan realmente? Aqu\u00ed tiene todo lo que necesita saber sobre los Juegos, en 2021<\/h3>\n\n\n\n<p><\/p>\n\n\n\n<p>Despu\u00e9s de un a\u00f1o de retrasos, los Juegos Ol\u00edmpicos \u2013 que a\u00fan se llaman Tokio 2020 \u2013 comenzar\u00e1n en julio. Tanto si est\u00e1 deseando ver a\u00a0<a href=\"https:\/\/olympics.com\/es\/atletas\/simone-biles\">Simone Biles<\/a>\u00a0dominar en\u00a0<a href=\"https:\/\/olympics.com\/tokyo-2020\/es\/deportes\/gimnasia-artistica\/\">gimnasia art\u00edstica<\/a>\u00a0como si quiere ver el debut de un nuevo deporte, aqu\u00ed tiene algunos datos clave que debe saber.<\/p>\n\n\n\n<h2 class=\"wp-block-heading\">\u00bfCu\u00e1ndo y d\u00f3nde se celebrar\u00e1n los Juegos Ol\u00edmpicos de Tokio 2020?<\/h2>\n\n\n\n<p><\/p>\n\n\n\n<p>Los Juegos Ol\u00edmpicos de Tokio 2020 se disputar\u00e1n oficialmente del 23 de julio al 8 de agosto de 2021.<br>Aunque la Ceremonia de Apertura tendr\u00e1 lugar el 23 de julio, algunos eventos empezar\u00e1n unos d\u00edas antes. En concreto el&nbsp;<a href=\"https:\/\/olympics.com\/tokyo-2020\/es\/deportes\/beisbol-softbol\/\">b\u00e9isbol<\/a>, el&nbsp;<a href=\"https:\/\/olympics.com\/tokyo-2020\/es\/deportes\/beisbol-softbol\/\">s\u00f3ftbol<\/a>&nbsp;y el&nbsp;<a href=\"https:\/\/olympics.com\/tokyo-2020\/es\/deportes\/futbol\/\">f\u00fatbol<\/a>, que empezar\u00e1n el&nbsp;<a href=\"https:\/\/olympics.com\/tokyo-2020\/es\/calendario\/20210721-calendario\">21 de julio<\/a>.<\/p>\n\n\n\n<p>Los Juegos acoger\u00e1n unos incre\u00edbles 339 eventos repartidos en 33 deportes. Puede encontrar el calendario completo de la competici\u00f3n&nbsp;<a href=\"https:\/\/olympics.com\/tokyo-2020\/es\/calendario\/\">aqu\u00ed<\/a>. Los Juegos se celebrar\u00e1n en Tokio, Jap\u00f3n, pero algunos deportes y eventos se disputar\u00e1n en sedes que est\u00e1n fuera de la capital nipona. La competici\u00f3n tendr\u00e1 lugar en 41 sedes diferentes, incluyendo el Estadio Nacional de Jap\u00f3n, el Estadio de Tokio y el Estadio de Yokohama.<\/p>\n\n\n\n<p>Aqu\u00ed tiene algunos&nbsp;<a href=\"https:\/\/olympics.com\/tokyo-2020\/es\/noticias\/sedes-olimpicas-y-paralimpicas-de-tokio-2020-10-cosas-que-debe-saber\">datos interesantes sobre las sedes<\/a>.<\/p>\n\n\n\n<h2 class=\"wp-block-heading\">\u00bfCu\u00e1les son los nuevos deportes y eventos?<\/h2>\n\n\n\n<p><\/p>\n\n\n\n<p>Tokio 2020 tendr\u00e1 cinco deportes nuevos en el programa Ol\u00edmpico. El b\u00e9isbol o s\u00f3ftbol est\u00e1n entre los \u2018nuevos\u2019 deportes este verano, pero estas dos disciplinas ya fueron deportes separados que se disputaron en los Juegos Ol\u00edmpicos hasta&nbsp;<a href=\"https:\/\/olympics.com\/en\/olympic-games\/beijing-2008\">Pek\u00edn 2008<\/a>.<\/p>\n\n\n\n<p>Para cuatro de las novedades, sin embargo, este ser\u00e1 su debut Ol\u00edmpico. El&nbsp;<a href=\"https:\/\/olympics.com\/tokyo-2020\/es\/deportes\/karate\/\">karate<\/a>, el&nbsp;<a href=\"https:\/\/olympics.com\/tokyo-2020\/es\/deportes\/surf\/\">surf<\/a>, la&nbsp;<a href=\"https:\/\/olympics.com\/tokyo-2020\/es\/deportes\/escalada-deportiva\/\">escalada deportiva<\/a>&nbsp;y el&nbsp;<a href=\"https:\/\/olympics.com\/tokyo-2020\/es\/deportes\/skateboarding\/\">skateboarding<\/a>&nbsp;han sido seleccionados para disputarse en Tokio 2020 por primera vez en la historia de los Juegos. <br>Adem\u00e1s de nuevos deportes, tambi\u00e9n podr\u00e1 ver nuevas disciplinas en deportes que ya estaban incluidos, como el&nbsp;<a href=\"https:\/\/olympics.com\/tokyo-2020\/es\/deportes\/baloncesto-3-3\/\">baloncesto 3&#215;3<\/a>,&nbsp;<a href=\"https:\/\/olympics.com\/tokyo-2020\/es\/deportes\/ciclismo-bmx-freestyle\/\">BMX freestyle<\/a>, y eventos mixtos en diferentes deportes:&nbsp;<a href=\"https:\/\/olympics.com\/tokyo-2020\/es\/deportes\/natacion\/\">nataci\u00f3n<\/a>,&nbsp;<a href=\"https:\/\/olympics.com\/tokyo-2020\/es\/deportes\/atletismo\/\">atletismo<\/a>,&nbsp;<a href=\"https:\/\/olympics.com\/tokyo-2020\/es\/deportes\/triatlon\/\">triatl\u00f3n<\/a>,&nbsp;<a href=\"https:\/\/olympics.com\/tokyo-2020\/es\/deportes\/judo\/\">judo<\/a>,&nbsp;<a href=\"https:\/\/olympics.com\/tokyo-2020\/es\/deportes\/tiro\/\">tiro<\/a>,&nbsp;<a href=\"https:\/\/olympics.com\/tokyo-2020\/es\/deportes\/tenis-de-mesa\/\">tenis de mesa<\/a>&nbsp;y&nbsp;<a href=\"https:\/\/olympics.com\/tokyo-2020\/es\/deportes\/tiro-con-arco\/\">tiro con arco<\/a>.<\/p>\n\n\n\n<figure class=\"wp-block-image size-large is-resized\"><img data-recalc-dims=\"1\" fetchpriority=\"high\" decoding=\"async\" src=\"https:\/\/i0.wp.com\/elregionalvm.com.ar\/noticias-villa-maria\/wp-content\/uploads\/2021\/07\/baloncesto.jpg?resize=1024%2C471&#038;ssl=1\" alt=\"\" class=\"wp-image-41163\" width=\"1024\" height=\"471\" srcset=\"https:\/\/i0.wp.com\/elregionalvm.com.ar\/noticias-villa-maria\/wp-content\/uploads\/2021\/07\/baloncesto.jpg?resize=1024%2C471&amp;ssl=1 1024w, https:\/\/i0.wp.com\/elregionalvm.com.ar\/noticias-villa-maria\/wp-content\/uploads\/2021\/07\/baloncesto.jpg?resize=300%2C138&amp;ssl=1 300w, https:\/\/i0.wp.com\/elregionalvm.com.ar\/noticias-villa-maria\/wp-content\/uploads\/2021\/07\/baloncesto.jpg?resize=768%2C353&amp;ssl=1 768w, https:\/\/i0.wp.com\/elregionalvm.com.ar\/noticias-villa-maria\/wp-content\/uploads\/2021\/07\/baloncesto.jpg?w=1331&amp;ssl=1 1331w\" sizes=\"(max-width: 1000px) 100vw, 1000px\" \/><figcaption>BUENOS AIRES, ARGENTINA &#8211; 12 DE OCTUBRE: Aliyah Boston de Estados Unidos con la pelota en un partido contra Ucrania en la Ronda Preliminar de Mujeres Grupo B durante el d\u00eda 6 de los Juegos Ol\u00edmpicos de la Juventud Buenos Aires 2018 (Foto de Marcelo Endelli \/ Getty Images).<br>2018 Getty Images<\/figcaption><\/figure>\n\n\n\n<p><\/p>\n\n\n\n<p>\u00a1Nuevos eventos y disciplinas se agregan al programa ol\u00edmpico de Tokio 2020! Se otorgar\u00e1n 15 nuevas medallas de oro en los pr\u00f3ximos Juegos, para el baloncesto 3&#215;3, el BMX freestyle y para varios eventos mixtos.<\/p>\n\n\n\n<h2 class=\"wp-block-heading\">\u00bfCon qu\u00e9 eventos empezar\u00e1n los Juegos?<\/h2>\n\n\n\n<p><\/p>\n\n\n\n<p>El 21 y el 22 de julio, los equipos de&nbsp;<a href=\"https:\/\/olympics.com\/tokyo-2020\/es\/deportes\/beisbol-softbol\/\">s\u00f3ftbol<\/a>&nbsp;y&nbsp;<a href=\"https:\/\/olympics.com\/tokyo-2020\/es\/deportes\/futbol\/\">f\u00fatbol<\/a>&nbsp;empezar\u00e1n su camino hacia el oro. En s\u00f3ftbol, Jap\u00f3n empezar\u00e1 su defensa del t\u00edtulo Ol\u00edmpico contra Australia en el Estadio de B\u00e9isbol de Fukushima Azuma a las 9:00 JST (Hora Est\u00e1ndar de Jap\u00f3n, UTC +9 horas). Los aficionados podr\u00e1n continuar viendo a Italia enfrentarse a Estados Unidos desde las 12:00. JST y a M\u00e9xico, debutante Ol\u00edmpico, medirse a Canad\u00e1 desde las 15:00 JST. Si lo que ha venido buscando es f\u00fatbol, entonces podr\u00e1 ver la competici\u00f3n femenina desde el 21 de julio durante la tarde y la noche, con Gran Breta\u00f1a enfrent\u00e1ndose a Chile desde las 16:30 JST.<\/p>\n\n\n\n<figure class=\"wp-block-image size-large\"><img data-recalc-dims=\"1\" decoding=\"async\" width=\"1024\" height=\"471\" src=\"https:\/\/i0.wp.com\/elregionalvm.com.ar\/noticias-villa-maria\/wp-content\/uploads\/2021\/07\/beisbol.jpg?resize=1024%2C471&#038;ssl=1\" alt=\"\" class=\"wp-image-41165\" srcset=\"https:\/\/i0.wp.com\/elregionalvm.com.ar\/noticias-villa-maria\/wp-content\/uploads\/2021\/07\/beisbol.jpg?resize=1024%2C471&amp;ssl=1 1024w, https:\/\/i0.wp.com\/elregionalvm.com.ar\/noticias-villa-maria\/wp-content\/uploads\/2021\/07\/beisbol.jpg?resize=300%2C138&amp;ssl=1 300w, https:\/\/i0.wp.com\/elregionalvm.com.ar\/noticias-villa-maria\/wp-content\/uploads\/2021\/07\/beisbol.jpg?resize=768%2C353&amp;ssl=1 768w, https:\/\/i0.wp.com\/elregionalvm.com.ar\/noticias-villa-maria\/wp-content\/uploads\/2021\/07\/beisbol.jpg?w=1331&amp;ssl=1 1331w\" sizes=\"(max-width: 1000px) 100vw, 1000px\" \/><figcaption>BEIJING &#8211; 16 DE AGOSTO: James Avery de Canad\u00e1 lanza contra Estados Unidos durante un partido de b\u00e9isbol en el campo de b\u00e9isbol de Wukesong el d\u00eda 8 de los Juegos Ol\u00edmpicos de Beijing 2008. 2008 Getty Images<\/figcaption><\/figure>\n\n\n\n<p><\/p>\n\n\n\n<p>Jap\u00f3n, la anfitriona, empezar\u00e1 su participaci\u00f3n contra Canad\u00e1 a las 19:30 JST. La competici\u00f3n masculina de f\u00fatbol empezar\u00e1 el d\u00eda siguiente, 22 de julio, con los partidos de la fase de grupos. Jap\u00f3n jugar\u00e1 contra Sud\u00e1frica en su partido inaugural a las 20:00 JST y s\u00f3lo 30 minutos m\u00e1s tarde, a las 20:30 JST, habr\u00e1 un partidazo entre Brasil y Alemania.<\/p>\n\n\n\n<p>El tiro con arco empezar\u00e1 con las rondas clasificatorias en la ma\u00f1ana del 23 de julio, antes de la Ceremonia de Apertura, que se celebrar\u00e1 por la noche. El resto de acci\u00f3n en todos los deportes se celebrar\u00e1 despu\u00e9s de la Ceremonia, que tendr\u00e1 lugar el 23 de julio a las 20:00 JST. El primer evento de medalla ser\u00e1 la prueba femenina de carabina de aire comprimido 10m en&nbsp;<a href=\"https:\/\/olympics.com\/tokyo-2020\/es\/deportes\/tiro\/\">tiro<\/a>.<\/p>\n\n\n\n<p><em>Fuente: olympics.com<\/em><\/p>\n","protected":false},"excerpt":{"rendered":"<p>Los Juegos Ol\u00edmpicos de Tokio 2020 ya est\u00e1n a la vuelta de la esquina pero, \u00bfcu\u00e1ndo empiezan realmente? Aqu\u00ed tiene todo lo que necesita saber sobre los Juegos, en 2021 Despu\u00e9s de un a\u00f1o de retrasos, los Juegos Ol\u00edmpicos \u2013 que a\u00fan se llaman Tokio 2020 \u2013 comenzar\u00e1n en julio. Tanto si est\u00e1 deseando ver [&hellip;]<\/p>\n","protected":false},"author":4,"featured_media":41160,"comment_status":"open","ping_status":"open","sticky":false,"template":"","format":"standard","meta":{"site-sidebar-layout":"default","site-content-layout":"default","ast-site-content-layout":"default","site-content-style":"default","site-sidebar-style":"default","ast-global-header-display":"","ast-banner-title-visibility":"","ast-main-header-display":"","ast-hfb-above-header-display":"","ast-hfb-below-header-display":"","ast-hfb-mobile-header-display":"","site-post-title":"","ast-breadcrumbs-content":"","ast-featured-img":"","footer-sml-layout":"","ast-disable-related-posts":"","theme-transparent-header-meta":"default","adv-header-id-meta":"","stick-header-meta":"","header-above-stick-meta":"","header-main-stick-meta":"","header-below-stick-meta":"","astra-migrate-meta-layouts":"default","ast-page-background-enabled":"default","ast-page-background-meta":{"desktop":{"background-color":"","background-image":"","background-repeat":"repeat","background-position":"center center","background-size":"auto","background-attachment":"scroll","background-type":"","background-media":"","overlay-type":"","overlay-color":"","overlay-opacity":"","overlay-gradient":""},"tablet":{"background-color":"","background-image":"","background-repeat":"repeat","background-position":"center center","background-size":"auto","background-attachment":"scroll","background-type":"","background-media":"","overlay-type":"","overlay-color":"","overlay-opacity":"","overlay-gradient":""},"mobile":{"background-color":"","background-image":"","background-repeat":"repeat","background-position":"center center","background-size":"auto","background-attachment":"scroll","background-type":"","background-media":"","overlay-type":"","overlay-color":"","overlay-opacity":"","overlay-gradient":""}},"ast-content-background-meta":{"desktop":{"background-color":"var(--ast-global-color-5)","background-image":"","background-repeat":"repeat","background-position":"center center","background-size":"auto","background-attachment":"scroll","background-type":"","background-media":"","overlay-type":"","overlay-color":"","overlay-opacity":"","overlay-gradient":""},"tablet":{"background-color":"var(--ast-global-color-5)","background-image":"","background-repeat":"repeat","background-position":"center center","background-size":"auto","background-attachment":"scroll","background-type":"","background-media":"","overlay-type":"","overlay-color":"","overlay-opacity":"","overlay-gradient":""},"mobile":{"background-color":"var(--ast-global-color-5)","background-image":"","background-repeat":"repeat","background-position":"center center","background-size":"auto","background-attachment":"scroll","background-type":"","background-media":"","overlay-type":"","overlay-color":"","overlay-opacity":"","overlay-gradient":""}},"_jetpack_memberships_contains_paid_content":false,"_joinchat":[],"footnotes":""},"categories":[2323,5],"tags":[341,347],"class_list":["post-41159","post","type-post","status-publish","format-standard","has-post-thumbnail","hentry","category-notas-secundarias","category-sociedad","tag-juegos-olimpicos","tag-tokio"],"yoast_head":"<!-- This site is optimized with the Yoast SEO plugin v26.8 - https:\/\/yoast.com\/product\/yoast-seo-wordpress\/ -->\n<title>\u00bfCu\u00e1ndo comienzan los Juegos Ol\u00edmpicos 2021? - El Regional<\/title>\n<meta name=\"robots\" content=\"index, follow, max-snippet:-1, max-image-preview:large, max-video-preview:-1\" \/>\n<link rel=\"canonical\" href=\"http:\/\/elregionalvm.com.ar\/noticias-villa-maria\/cuando-son-los-juegos-olimpicos-en-2021\/\" \/>\n<meta property=\"og:locale\" content=\"es_ES\" \/>\n<meta property=\"og:type\" content=\"article\" \/>\n<meta property=\"og:title\" content=\"\u00bfCu\u00e1ndo comienzan los Juegos Ol\u00edmpicos 2021? - El Regional\" \/>\n<meta property=\"og:description\" content=\"Los Juegos Ol\u00edmpicos de Tokio 2020 ya est\u00e1n a la vuelta de la esquina pero, \u00bfcu\u00e1ndo empiezan realmente? Aqu\u00ed tiene todo lo que necesita saber sobre los Juegos, en 2021 Despu\u00e9s de un a\u00f1o de retrasos, los Juegos Ol\u00edmpicos \u2013 que a\u00fan se llaman Tokio 2020 \u2013 comenzar\u00e1n en julio. Tanto si est\u00e1 deseando ver [&hellip;]\" \/>\n<meta property=\"og:url\" content=\"http:\/\/elregionalvm.com.ar\/noticias-villa-maria\/cuando-son-los-juegos-olimpicos-en-2021\/\" \/>\n<meta property=\"og:site_name\" content=\"El Regional\" \/>\n<meta property=\"article:publisher\" content=\"https:\/\/www.facebook.com\/elregionalvm\" \/>\n<meta property=\"article:published_time\" content=\"2021-07-18T13:47:34+00:00\" \/>\n<meta property=\"article:modified_time\" content=\"2021-07-19T00:37:37+00:00\" \/>\n<meta property=\"og:image\" content=\"http:\/\/elregionalvm.com.ar\/noticias-villa-maria\/wp-content\/uploads\/2021\/07\/f1456x819-28399_198769_5065.jpg\" \/>\n\t<meta property=\"og:image:width\" content=\"1456\" \/>\n\t<meta property=\"og:image:height\" content=\"819\" \/>\n\t<meta property=\"og:image:type\" content=\"image\/jpeg\" \/>\n<meta name=\"author\" content=\"Contenidos El Regional\" \/>\n<meta name=\"twitter:card\" content=\"summary_large_image\" \/>\n<meta name=\"twitter:creator\" content=\"@elregionalvm1\" \/>\n<meta name=\"twitter:site\" content=\"@elregionalvm1\" \/>\n<meta name=\"twitter:label1\" content=\"Escrito por\" \/>\n\t<meta name=\"twitter:data1\" content=\"Contenidos El Regional\" \/>\n\t<meta name=\"twitter:label2\" content=\"Tiempo de lectura\" \/>\n\t<meta name=\"twitter:data2\" content=\"4 minutos\" \/>\n<script type=\"application\/ld+json\" class=\"yoast-schema-graph\">{\"@context\":\"https:\/\/schema.org\",\"@graph\":[{\"@type\":\"Article\",\"@id\":\"http:\/\/elregionalvm.com.ar\/noticias-villa-maria\/cuando-son-los-juegos-olimpicos-en-2021\/#article\",\"isPartOf\":{\"@id\":\"http:\/\/elregionalvm.com.ar\/noticias-villa-maria\/cuando-son-los-juegos-olimpicos-en-2021\/\"},\"author\":{\"name\":\"Contenidos El Regional\",\"@id\":\"http:\/\/elregionalvm.com.ar\/noticias-villa-maria\/#\/schema\/person\/a0fb9c422317faca23d50163151bc354\"},\"headline\":\"\u00bfCu\u00e1ndo comienzan los Juegos Ol\u00edmpicos 2021?\",\"datePublished\":\"2021-07-18T13:47:34+00:00\",\"dateModified\":\"2021-07-19T00:37:37+00:00\",\"mainEntityOfPage\":{\"@id\":\"http:\/\/elregionalvm.com.ar\/noticias-villa-maria\/cuando-son-los-juegos-olimpicos-en-2021\/\"},\"wordCount\":788,\"commentCount\":0,\"image\":{\"@id\":\"http:\/\/elregionalvm.com.ar\/noticias-villa-maria\/cuando-son-los-juegos-olimpicos-en-2021\/#primaryimage\"},\"thumbnailUrl\":\"https:\/\/i0.wp.com\/elregionalvm.com.ar\/noticias-villa-maria\/wp-content\/uploads\/2021\/07\/f1456x819-28399_198769_5065.jpg?fit=1456%2C819&ssl=1\",\"keywords\":[\"Juegos Ol\u00edmpicos\",\"Tokio\"],\"articleSection\":[\"Notas\",\"Sociedad\"],\"inLanguage\":\"es\",\"potentialAction\":[{\"@type\":\"CommentAction\",\"name\":\"Comment\",\"target\":[\"http:\/\/elregionalvm.com.ar\/noticias-villa-maria\/cuando-son-los-juegos-olimpicos-en-2021\/#respond\"]}]},{\"@type\":\"WebPage\",\"@id\":\"http:\/\/elregionalvm.com.ar\/noticias-villa-maria\/cuando-son-los-juegos-olimpicos-en-2021\/\",\"url\":\"http:\/\/elregionalvm.com.ar\/noticias-villa-maria\/cuando-son-los-juegos-olimpicos-en-2021\/\",\"name\":\"\u00bfCu\u00e1ndo comienzan los Juegos Ol\u00edmpicos 2021? - El Regional\",\"isPartOf\":{\"@id\":\"http:\/\/elregionalvm.com.ar\/noticias-villa-maria\/#website\"},\"primaryImageOfPage\":{\"@id\":\"http:\/\/elregionalvm.com.ar\/noticias-villa-maria\/cuando-son-los-juegos-olimpicos-en-2021\/#primaryimage\"},\"image\":{\"@id\":\"http:\/\/elregionalvm.com.ar\/noticias-villa-maria\/cuando-son-los-juegos-olimpicos-en-2021\/#primaryimage\"},\"thumbnailUrl\":\"https:\/\/i0.wp.com\/elregionalvm.com.ar\/noticias-villa-maria\/wp-content\/uploads\/2021\/07\/f1456x819-28399_198769_5065.jpg?fit=1456%2C819&ssl=1\",\"datePublished\":\"2021-07-18T13:47:34+00:00\",\"dateModified\":\"2021-07-19T00:37:37+00:00\",\"author\":{\"@id\":\"http:\/\/elregionalvm.com.ar\/noticias-villa-maria\/#\/schema\/person\/a0fb9c422317faca23d50163151bc354\"},\"breadcrumb\":{\"@id\":\"http:\/\/elregionalvm.com.ar\/noticias-villa-maria\/cuando-son-los-juegos-olimpicos-en-2021\/#breadcrumb\"},\"inLanguage\":\"es\",\"potentialAction\":[{\"@type\":\"ReadAction\",\"target\":[\"http:\/\/elregionalvm.com.ar\/noticias-villa-maria\/cuando-son-los-juegos-olimpicos-en-2021\/\"]}]},{\"@type\":\"ImageObject\",\"inLanguage\":\"es\",\"@id\":\"http:\/\/elregionalvm.com.ar\/noticias-villa-maria\/cuando-son-los-juegos-olimpicos-en-2021\/#primaryimage\",\"url\":\"https:\/\/i0.wp.com\/elregionalvm.com.ar\/noticias-villa-maria\/wp-content\/uploads\/2021\/07\/f1456x819-28399_198769_5065.jpg?fit=1456%2C819&ssl=1\",\"contentUrl\":\"https:\/\/i0.wp.com\/elregionalvm.com.ar\/noticias-villa-maria\/wp-content\/uploads\/2021\/07\/f1456x819-28399_198769_5065.jpg?fit=1456%2C819&ssl=1\",\"width\":1456,\"height\":819},{\"@type\":\"BreadcrumbList\",\"@id\":\"http:\/\/elregionalvm.com.ar\/noticias-villa-maria\/cuando-son-los-juegos-olimpicos-en-2021\/#breadcrumb\",\"itemListElement\":[{\"@type\":\"ListItem\",\"position\":1,\"name\":\"Portada\",\"item\":\"https:\/\/elregionalvm.com.ar\/noticias-villa-maria\/\"},{\"@type\":\"ListItem\",\"position\":2,\"name\":\"\u00bfCu\u00e1ndo comienzan los Juegos Ol\u00edmpicos 2021?\"}]},{\"@type\":\"WebSite\",\"@id\":\"http:\/\/elregionalvm.com.ar\/noticias-villa-maria\/#website\",\"url\":\"http:\/\/elregionalvm.com.ar\/noticias-villa-maria\/\",\"name\":\"El Regional\",\"description\":\"Mucho m\u00e1s que informaci\u00f3n\",\"potentialAction\":[{\"@type\":\"SearchAction\",\"target\":{\"@type\":\"EntryPoint\",\"urlTemplate\":\"http:\/\/elregionalvm.com.ar\/noticias-villa-maria\/?s={search_term_string}\"},\"query-input\":{\"@type\":\"PropertyValueSpecification\",\"valueRequired\":true,\"valueName\":\"search_term_string\"}}],\"inLanguage\":\"es\"},{\"@type\":\"Person\",\"@id\":\"http:\/\/elregionalvm.com.ar\/noticias-villa-maria\/#\/schema\/person\/a0fb9c422317faca23d50163151bc354\",\"name\":\"Contenidos El Regional\",\"image\":{\"@type\":\"ImageObject\",\"inLanguage\":\"es\",\"@id\":\"http:\/\/elregionalvm.com.ar\/noticias-villa-maria\/#\/schema\/person\/image\/\",\"url\":\"https:\/\/secure.gravatar.com\/avatar\/265b27cb2209af7bb3a1318f03305787d7981a5cc6e6cd08fe5a4ecdf99d4b48?s=96&d=mm&r=g\",\"contentUrl\":\"https:\/\/secure.gravatar.com\/avatar\/265b27cb2209af7bb3a1318f03305787d7981a5cc6e6cd08fe5a4ecdf99d4b48?s=96&d=mm&r=g\",\"caption\":\"Contenidos El Regional\"},\"url\":\"https:\/\/elregionalvm.com.ar\/noticias-villa-maria\/author\/contenido\/\"}]}<\/script>\n<!-- \/ Yoast SEO plugin. -->","yoast_head_json":{"title":"\u00bfCu\u00e1ndo comienzan los Juegos Ol\u00edmpicos 2021? - El Regional","robots":{"index":"index","follow":"follow","max-snippet":"max-snippet:-1","max-image-preview":"max-image-preview:large","max-video-preview":"max-video-preview:-1"},"canonical":"http:\/\/elregionalvm.com.ar\/noticias-villa-maria\/cuando-son-los-juegos-olimpicos-en-2021\/","og_locale":"es_ES","og_type":"article","og_title":"\u00bfCu\u00e1ndo comienzan los Juegos Ol\u00edmpicos 2021? - El Regional","og_description":"Los Juegos Ol\u00edmpicos de Tokio 2020 ya est\u00e1n a la vuelta de la esquina pero, \u00bfcu\u00e1ndo empiezan realmente? Aqu\u00ed tiene todo lo que necesita saber sobre los Juegos, en 2021 Despu\u00e9s de un a\u00f1o de retrasos, los Juegos Ol\u00edmpicos \u2013 que a\u00fan se llaman Tokio 2020 \u2013 comenzar\u00e1n en julio. Tanto si est\u00e1 deseando ver [&hellip;]","og_url":"http:\/\/elregionalvm.com.ar\/noticias-villa-maria\/cuando-son-los-juegos-olimpicos-en-2021\/","og_site_name":"El Regional","article_publisher":"https:\/\/www.facebook.com\/elregionalvm","article_published_time":"2021-07-18T13:47:34+00:00","article_modified_time":"2021-07-19T00:37:37+00:00","og_image":[{"width":1456,"height":819,"url":"http:\/\/elregionalvm.com.ar\/noticias-villa-maria\/wp-content\/uploads\/2021\/07\/f1456x819-28399_198769_5065.jpg","type":"image\/jpeg"}],"author":"Contenidos El Regional","twitter_card":"summary_large_image","twitter_creator":"@elregionalvm1","twitter_site":"@elregionalvm1","twitter_misc":{"Escrito por":"Contenidos El Regional","Tiempo de lectura":"4 minutos"},"schema":{"@context":"https:\/\/schema.org","@graph":[{"@type":"Article","@id":"http:\/\/elregionalvm.com.ar\/noticias-villa-maria\/cuando-son-los-juegos-olimpicos-en-2021\/#article","isPartOf":{"@id":"http:\/\/elregionalvm.com.ar\/noticias-villa-maria\/cuando-son-los-juegos-olimpicos-en-2021\/"},"author":{"name":"Contenidos El Regional","@id":"http:\/\/elregionalvm.com.ar\/noticias-villa-maria\/#\/schema\/person\/a0fb9c422317faca23d50163151bc354"},"headline":"\u00bfCu\u00e1ndo comienzan los Juegos Ol\u00edmpicos 2021?","datePublished":"2021-07-18T13:47:34+00:00","dateModified":"2021-07-19T00:37:37+00:00","mainEntityOfPage":{"@id":"http:\/\/elregionalvm.com.ar\/noticias-villa-maria\/cuando-son-los-juegos-olimpicos-en-2021\/"},"wordCount":788,"commentCount":0,"image":{"@id":"http:\/\/elregionalvm.com.ar\/noticias-villa-maria\/cuando-son-los-juegos-olimpicos-en-2021\/#primaryimage"},"thumbnailUrl":"https:\/\/i0.wp.com\/elregionalvm.com.ar\/noticias-villa-maria\/wp-content\/uploads\/2021\/07\/f1456x819-28399_198769_5065.jpg?fit=1456%2C819&ssl=1","keywords":["Juegos Ol\u00edmpicos","Tokio"],"articleSection":["Notas","Sociedad"],"inLanguage":"es","potentialAction":[{"@type":"CommentAction","name":"Comment","target":["http:\/\/elregionalvm.com.ar\/noticias-villa-maria\/cuando-son-los-juegos-olimpicos-en-2021\/#respond"]}]},{"@type":"WebPage","@id":"http:\/\/elregionalvm.com.ar\/noticias-villa-maria\/cuando-son-los-juegos-olimpicos-en-2021\/","url":"http:\/\/elregionalvm.com.ar\/noticias-villa-maria\/cuando-son-los-juegos-olimpicos-en-2021\/","name":"\u00bfCu\u00e1ndo comienzan los Juegos Ol\u00edmpicos 2021? - El Regional","isPartOf":{"@id":"http:\/\/elregionalvm.com.ar\/noticias-villa-maria\/#website"},"primaryImageOfPage":{"@id":"http:\/\/elregionalvm.com.ar\/noticias-villa-maria\/cuando-son-los-juegos-olimpicos-en-2021\/#primaryimage"},"image":{"@id":"http:\/\/elregionalvm.com.ar\/noticias-villa-maria\/cuando-son-los-juegos-olimpicos-en-2021\/#primaryimage"},"thumbnailUrl":"https:\/\/i0.wp.com\/elregionalvm.com.ar\/noticias-villa-maria\/wp-content\/uploads\/2021\/07\/f1456x819-28399_198769_5065.jpg?fit=1456%2C819&ssl=1","datePublished":"2021-07-18T13:47:34+00:00","dateModified":"2021-07-19T00:37:37+00:00","author":{"@id":"http:\/\/elregionalvm.com.ar\/noticias-villa-maria\/#\/schema\/person\/a0fb9c422317faca23d50163151bc354"},"breadcrumb":{"@id":"http:\/\/elregionalvm.com.ar\/noticias-villa-maria\/cuando-son-los-juegos-olimpicos-en-2021\/#breadcrumb"},"inLanguage":"es","potentialAction":[{"@type":"ReadAction","target":["http:\/\/elregionalvm.com.ar\/noticias-villa-maria\/cuando-son-los-juegos-olimpicos-en-2021\/"]}]},{"@type":"ImageObject","inLanguage":"es","@id":"http:\/\/elregionalvm.com.ar\/noticias-villa-maria\/cuando-son-los-juegos-olimpicos-en-2021\/#primaryimage","url":"https:\/\/i0.wp.com\/elregionalvm.com.ar\/noticias-villa-maria\/wp-content\/uploads\/2021\/07\/f1456x819-28399_198769_5065.jpg?fit=1456%2C819&ssl=1","contentUrl":"https:\/\/i0.wp.com\/elregionalvm.com.ar\/noticias-villa-maria\/wp-content\/uploads\/2021\/07\/f1456x819-28399_198769_5065.jpg?fit=1456%2C819&ssl=1","width":1456,"height":819},{"@type":"BreadcrumbList","@id":"http:\/\/elregionalvm.com.ar\/noticias-villa-maria\/cuando-son-los-juegos-olimpicos-en-2021\/#breadcrumb","itemListElement":[{"@type":"ListItem","position":1,"name":"Portada","item":"https:\/\/elregionalvm.com.ar\/noticias-villa-maria\/"},{"@type":"ListItem","position":2,"name":"\u00bfCu\u00e1ndo comienzan los Juegos Ol\u00edmpicos 2021?"}]},{"@type":"WebSite","@id":"http:\/\/elregionalvm.com.ar\/noticias-villa-maria\/#website","url":"http:\/\/elregionalvm.com.ar\/noticias-villa-maria\/","name":"El Regional","description":"Mucho m\u00e1s que informaci\u00f3n","potentialAction":[{"@type":"SearchAction","target":{"@type":"EntryPoint","urlTemplate":"http:\/\/elregionalvm.com.ar\/noticias-villa-maria\/?s={search_term_string}"},"query-input":{"@type":"PropertyValueSpecification","valueRequired":true,"valueName":"search_term_string"}}],"inLanguage":"es"},{"@type":"Person","@id":"http:\/\/elregionalvm.com.ar\/noticias-villa-maria\/#\/schema\/person\/a0fb9c422317faca23d50163151bc354","name":"Contenidos El Regional","image":{"@type":"ImageObject","inLanguage":"es","@id":"http:\/\/elregionalvm.com.ar\/noticias-villa-maria\/#\/schema\/person\/image\/","url":"https:\/\/secure.gravatar.com\/avatar\/265b27cb2209af7bb3a1318f03305787d7981a5cc6e6cd08fe5a4ecdf99d4b48?s=96&d=mm&r=g","contentUrl":"https:\/\/secure.gravatar.com\/avatar\/265b27cb2209af7bb3a1318f03305787d7981a5cc6e6cd08fe5a4ecdf99d4b48?s=96&d=mm&r=g","caption":"Contenidos El Regional"},"url":"https:\/\/elregionalvm.com.ar\/noticias-villa-maria\/author\/contenido\/"}]}},"jetpack_featured_media_url":"https:\/\/i0.wp.com\/elregionalvm.com.ar\/noticias-villa-maria\/wp-content\/uploads\/2021\/07\/f1456x819-28399_198769_5065.jpg?fit=1456%2C819&ssl=1","jetpack_sharing_enabled":true,"_links":{"self":[{"href":"https:\/\/elregionalvm.com.ar\/noticias-villa-maria\/wp-json\/wp\/v2\/posts\/41159","targetHints":{"allow":["GET"]}}],"collection":[{"href":"https:\/\/elregionalvm.com.ar\/noticias-villa-maria\/wp-json\/wp\/v2\/posts"}],"about":[{"href":"https:\/\/elregionalvm.com.ar\/noticias-villa-maria\/wp-json\/wp\/v2\/types\/post"}],"author":[{"embeddable":true,"href":"https:\/\/elregionalvm.com.ar\/noticias-villa-maria\/wp-json\/wp\/v2\/users\/4"}],"replies":[{"embeddable":true,"href":"https:\/\/elregionalvm.com.ar\/noticias-villa-maria\/wp-json\/wp\/v2\/comments?post=41159"}],"version-history":[{"count":6,"href":"https:\/\/elregionalvm.com.ar\/noticias-villa-maria\/wp-json\/wp\/v2\/posts\/41159\/revisions"}],"predecessor-version":[{"id":41212,"href":"https:\/\/elregionalvm.com.ar\/noticias-villa-maria\/wp-json\/wp\/v2\/posts\/41159\/revisions\/41212"}],"wp:featuredmedia":[{"embeddable":true,"href":"https:\/\/elregionalvm.com.ar\/noticias-villa-maria\/wp-json\/wp\/v2\/media\/41160"}],"wp:attachment":[{"href":"https:\/\/elregionalvm.com.ar\/noticias-villa-maria\/wp-json\/wp\/v2\/media?parent=41159"}],"wp:term":[{"taxonomy":"category","embeddable":true,"href":"https:\/\/elregionalvm.com.ar\/noticias-villa-maria\/wp-json\/wp\/v2\/categories?post=41159"},{"taxonomy":"post_tag","embeddable":true,"href":"https:\/\/elregionalvm.com.ar\/noticias-villa-maria\/wp-json\/wp\/v2\/tags?post=41159"}],"curies":[{"name":"wp","href":"https:\/\/api.w.org\/{rel}","templated":true}]}}