{"id":41182,"date":"2021-07-18T15:16:00","date_gmt":"2021-07-18T15:16:00","guid":{"rendered":"https:\/\/elregionalvm.com.ar\/noticias-villa-maria\/?p=41182"},"modified":"2021-07-18T15:17:34","modified_gmt":"2021-07-18T15:17:34","slug":"llegaron-mas-dosis-para-vacunar-en-villa-maria-y-desde-el-martes-los-mayores-de-40-podran-recibir-la-1-dosis-sin-turno","status":"publish","type":"post","link":"https:\/\/elregionalvm.com.ar\/noticias-villa-maria\/llegaron-mas-dosis-para-vacunar-en-villa-maria-y-desde-el-martes-los-mayores-de-40-podran-recibir-la-1-dosis-sin-turno\/","title":{"rendered":"Llegaron m\u00e1s vacunas a Villa Mar\u00eda y desde el martes los mayores de 40 podr\u00e1n recibir la 1\u00b0 dosis sin turno"},"content":{"rendered":"\n<p>En el marco del Plan Estrat\u00e9gico de Vacunaci\u00f3n, el municipio comenzar\u00e1 a vacunar con la primera dosis contra el covid a personas mayores de 40 a\u00f1os sin inscripci\u00f3n previa.<\/p>\n\n\n\n<p>Quienes deseen recibir la vacuna y est\u00e9n dentro del rango etario se\u00f1alado, podr\u00e1n acercarse desde el martes 20 con DNI al nuevo Sal\u00f3n de los Deportes, en avenida Jauretche y bulevar Espa\u00f1a, de lunes a viernes de 8:00 a 16:00 y s\u00e1bados, domingos y feriados de 8:00 a 12:00 horas.<\/p>\n\n\n\n<p>De esta manera, las personas de entre 40 y 49 a\u00f1os se suman a los grupos de mayores de 50 que acceden a demanda a la vacunaci\u00f3n con primer componente.<\/p>\n\n\n\n<p>Adem\u00e1s, vale recordar que personas gestantes y personas con discapacidad mayores de 18 a\u00f1os tambi\u00e9n pueden recibir a demanda la primera dosis de la inmunizaci\u00f3n, present\u00e1ndose en el Centro de Vacunaci\u00f3n con DNI y certificado que avale su condici\u00f3n.<\/p>\n\n\n\n<figure class=\"wp-block-gallery columns-2 is-cropped wp-block-gallery-1 is-layout-flex wp-block-gallery-is-layout-flex\"><ul class=\"blocks-gallery-grid\"><li class=\"blocks-gallery-item\"><figure><img data-recalc-dims=\"1\" fetchpriority=\"high\" decoding=\"async\" width=\"1024\" height=\"682\" src=\"https:\/\/i0.wp.com\/elregionalvm.com.ar\/noticias-villa-maria\/wp-content\/uploads\/2021\/07\/WhatsApp-Image-2021-07-18-at-11.56.38.jpeg?resize=1024%2C682&#038;ssl=1\" alt=\"\" data-id=\"41184\" data-full-url=\"https:\/\/elregionalvm.com.ar\/noticias-villa-maria\/wp-content\/uploads\/2021\/07\/WhatsApp-Image-2021-07-18-at-11.56.38.jpeg\" data-link=\"https:\/\/elregionalvm.com.ar\/noticias-villa-maria\/?attachment_id=41184\" class=\"wp-image-41184\" srcset=\"https:\/\/i0.wp.com\/elregionalvm.com.ar\/noticias-villa-maria\/wp-content\/uploads\/2021\/07\/WhatsApp-Image-2021-07-18-at-11.56.38.jpeg?resize=1024%2C682&amp;ssl=1 1024w, https:\/\/i0.wp.com\/elregionalvm.com.ar\/noticias-villa-maria\/wp-content\/uploads\/2021\/07\/WhatsApp-Image-2021-07-18-at-11.56.38.jpeg?resize=300%2C200&amp;ssl=1 300w, https:\/\/i0.wp.com\/elregionalvm.com.ar\/noticias-villa-maria\/wp-content\/uploads\/2021\/07\/WhatsApp-Image-2021-07-18-at-11.56.38.jpeg?resize=768%2C512&amp;ssl=1 768w, https:\/\/i0.wp.com\/elregionalvm.com.ar\/noticias-villa-maria\/wp-content\/uploads\/2021\/07\/WhatsApp-Image-2021-07-18-at-11.56.38.jpeg?w=1280&amp;ssl=1 1280w\" sizes=\"(max-width: 1000px) 100vw, 1000px\" \/><\/figure><\/li><li class=\"blocks-gallery-item\"><figure><img data-recalc-dims=\"1\" decoding=\"async\" width=\"1024\" height=\"682\" src=\"https:\/\/i0.wp.com\/elregionalvm.com.ar\/noticias-villa-maria\/wp-content\/uploads\/2021\/07\/WhatsApp-Image-2021-07-18-at-11.56.37.jpeg?resize=1024%2C682&#038;ssl=1\" alt=\"\" data-id=\"41185\" data-full-url=\"https:\/\/elregionalvm.com.ar\/noticias-villa-maria\/wp-content\/uploads\/2021\/07\/WhatsApp-Image-2021-07-18-at-11.56.37.jpeg\" data-link=\"https:\/\/elregionalvm.com.ar\/noticias-villa-maria\/?attachment_id=41185\" class=\"wp-image-41185\" srcset=\"https:\/\/i0.wp.com\/elregionalvm.com.ar\/noticias-villa-maria\/wp-content\/uploads\/2021\/07\/WhatsApp-Image-2021-07-18-at-11.56.37.jpeg?resize=1024%2C682&amp;ssl=1 1024w, https:\/\/i0.wp.com\/elregionalvm.com.ar\/noticias-villa-maria\/wp-content\/uploads\/2021\/07\/WhatsApp-Image-2021-07-18-at-11.56.37.jpeg?resize=300%2C200&amp;ssl=1 300w, https:\/\/i0.wp.com\/elregionalvm.com.ar\/noticias-villa-maria\/wp-content\/uploads\/2021\/07\/WhatsApp-Image-2021-07-18-at-11.56.37.jpeg?resize=768%2C512&amp;ssl=1 768w, https:\/\/i0.wp.com\/elregionalvm.com.ar\/noticias-villa-maria\/wp-content\/uploads\/2021\/07\/WhatsApp-Image-2021-07-18-at-11.56.37.jpeg?w=1280&amp;ssl=1 1280w\" sizes=\"(max-width: 1000px) 100vw, 1000px\" \/><\/figure><\/li><\/ul><\/figure>\n\n\n\n<p><strong>Villa Mar\u00eda recibi\u00f3 2.926 nuevas dosis que comenzar\u00e1n a aplicarse desde este lunes 19<\/strong><\/p>\n\n\n\n<p>Un nuevo lote de vacunas contra el covid arrib\u00f3 a la ciudad de Villa Mar\u00eda, permitiendo mantener el acelerado ritmo de inmunizaci\u00f3n del Plan Estrat\u00e9gico de Vacunaci\u00f3n que lleva adelante el municipio.<\/p>\n\n\n\n<p>En esta ocasi\u00f3n, son 2.926 primeras dosis. De \u00e9stas, 2.786 corresponden a Sinopharm y las restantes 140, a Astrazeneca.<\/p>\n\n\n\n<p>Para su aplicaci\u00f3n, la Provincia comenz\u00f3 a enviar las correspondientes notificaciones a vecinos y vecinas inscriptos a trav\u00e9s del sistema de Ciudadano Digital. Deben presentarse con DNI desde el lunes 19 en el nuevo Sal\u00f3n de los Deportes. El horario de funcionamiento del Centro de Vacunaci\u00f3n es de lunes a viernes de 8:00 a 16:00, y s\u00e1bados, domingos y feriados, de 8:00 a 12:00 horas.<\/p>\n\n\n\n<p>Es importante recordar que se mantiene vigente la posibilidad para las personas mayores de 50 a\u00f1os de recibir la primera dosis sin inscripci\u00f3n previa, present\u00e1ndose espont\u00e1neamente en el espacio de bulevar Espa\u00f1a y avenida Jauretche con DNI. Desde el martes, este mecanismo estar\u00e1 habilitado para mayores de 40 a\u00f1os.<\/p>\n\n\n\n<p>Adem\u00e1s, personas con discapacidad mayores de 18 a\u00f1os y personas gestantes, tambi\u00e9n pueden acceder al primer componente sin aguardar la notificaci\u00f3n, adjuntando al documento de identidad un certificado que indique su condici\u00f3n.<\/p>\n\n\n\n<p>Por otro lado, quienes no pertenezcan a ninguno de estos grupos, pero deseen acceder a la vacunaci\u00f3n, pueden inscribirse a trav\u00e9s del sistema Ciudadano Digital que gestiona el Gobierno de C\u00f3rdoba.<\/p>\n","protected":false},"excerpt":{"rendered":"<p>En el marco del Plan Estrat\u00e9gico de Vacunaci\u00f3n, el municipio comenzar\u00e1 a vacunar con la primera dosis contra el covid a personas mayores de 40 a\u00f1os sin inscripci\u00f3n previa. Quienes deseen recibir la vacuna y est\u00e9n dentro del rango etario se\u00f1alado, podr\u00e1n acercarse desde el martes 20 con DNI al nuevo Sal\u00f3n de los Deportes, [&hellip;]<\/p>\n","protected":false},"author":4,"featured_media":41183,"comment_status":"open","ping_status":"open","sticky":false,"template":"","format":"standard","meta":{"site-sidebar-layout":"default","site-content-layout":"default","ast-site-content-layout":"default","site-content-style":"default","site-sidebar-style":"default","ast-global-header-display":"","ast-banner-title-visibility":"","ast-main-header-display":"","ast-hfb-above-header-display":"","ast-hfb-below-header-display":"","ast-hfb-mobile-header-display":"","site-post-title":"","ast-breadcrumbs-content":"","ast-featured-img":"","footer-sml-layout":"","ast-disable-related-posts":"","theme-transparent-header-meta":"default","adv-header-id-meta":"","stick-header-meta":"","header-above-stick-meta":"","header-main-stick-meta":"","header-below-stick-meta":"","astra-migrate-meta-layouts":"default","ast-page-background-enabled":"default","ast-page-background-meta":{"desktop":{"background-color":"","background-image":"","background-repeat":"repeat","background-position":"center center","background-size":"auto","background-attachment":"scroll","background-type":"","background-media":"","overlay-type":"","overlay-color":"","overlay-opacity":"","overlay-gradient":""},"tablet":{"background-color":"","background-image":"","background-repeat":"repeat","background-position":"center center","background-size":"auto","background-attachment":"scroll","background-type":"","background-media":"","overlay-type":"","overlay-color":"","overlay-opacity":"","overlay-gradient":""},"mobile":{"background-color":"","background-image":"","background-repeat":"repeat","background-position":"center center","background-size":"auto","background-attachment":"scroll","background-type":"","background-media":"","overlay-type":"","overlay-color":"","overlay-opacity":"","overlay-gradient":""}},"ast-content-background-meta":{"desktop":{"background-color":"var(--ast-global-color-5)","background-image":"","background-repeat":"repeat","background-position":"center center","background-size":"auto","background-attachment":"scroll","background-type":"","background-media":"","overlay-type":"","overlay-color":"","overlay-opacity":"","overlay-gradient":""},"tablet":{"background-color":"var(--ast-global-color-5)","background-image":"","background-repeat":"repeat","background-position":"center center","background-size":"auto","background-attachment":"scroll","background-type":"","background-media":"","overlay-type":"","overlay-color":"","overlay-opacity":"","overlay-gradient":""},"mobile":{"background-color":"var(--ast-global-color-5)","background-image":"","background-repeat":"repeat","background-position":"center center","background-size":"auto","background-attachment":"scroll","background-type":"","background-media":"","overlay-type":"","overlay-color":"","overlay-opacity":"","overlay-gradient":""}},"_jetpack_memberships_contains_paid_content":false,"_joinchat":[],"footnotes":""},"categories":[2],"tags":[8528,1232,8769,10103,6910,2248],"class_list":["post-41182","post","type-post","status-publish","format-standard","has-post-thumbnail","hentry","category-villa-maria","tag-cronograma-vacunacion","tag-destacado","tag-mas-dosis","tag-mayores-de-40","tag-vacunas","tag-villa-maria-2"],"yoast_head":"<!-- This site is optimized with the Yoast SEO plugin v26.8 - https:\/\/yoast.com\/product\/yoast-seo-wordpress\/ -->\n<title>Llegaron m\u00e1s vacunas a Villa Mar\u00eda y desde el martes los mayores de 40 podr\u00e1n recibir la 1\u00b0 dosis sin turno - El Regional<\/title>\n<meta name=\"robots\" content=\"index, follow, max-snippet:-1, max-image-preview:large, max-video-preview:-1\" \/>\n<link rel=\"canonical\" href=\"http:\/\/elregionalvm.com.ar\/noticias-villa-maria\/llegaron-mas-dosis-para-vacunar-en-villa-maria-y-desde-el-martes-los-mayores-de-40-podran-recibir-la-1-dosis-sin-turno\/\" \/>\n<meta property=\"og:locale\" content=\"es_ES\" \/>\n<meta property=\"og:type\" content=\"article\" \/>\n<meta property=\"og:title\" content=\"Llegaron m\u00e1s vacunas a Villa Mar\u00eda y desde el martes los mayores de 40 podr\u00e1n recibir la 1\u00b0 dosis sin turno - El Regional\" \/>\n<meta property=\"og:description\" content=\"En el marco del Plan Estrat\u00e9gico de Vacunaci\u00f3n, el municipio comenzar\u00e1 a vacunar con la primera dosis contra el covid a personas mayores de 40 a\u00f1os sin inscripci\u00f3n previa. Quienes deseen recibir la vacuna y est\u00e9n dentro del rango etario se\u00f1alado, podr\u00e1n acercarse desde el martes 20 con DNI al nuevo Sal\u00f3n de los Deportes, [&hellip;]\" \/>\n<meta property=\"og:url\" content=\"http:\/\/elregionalvm.com.ar\/noticias-villa-maria\/llegaron-mas-dosis-para-vacunar-en-villa-maria-y-desde-el-martes-los-mayores-de-40-podran-recibir-la-1-dosis-sin-turno\/\" \/>\n<meta property=\"og:site_name\" content=\"El Regional\" \/>\n<meta property=\"article:publisher\" content=\"https:\/\/www.facebook.com\/elregionalvm\" \/>\n<meta property=\"article:published_time\" content=\"2021-07-18T15:16:00+00:00\" \/>\n<meta property=\"article:modified_time\" content=\"2021-07-18T15:17:34+00:00\" \/>\n<meta property=\"og:image\" content=\"http:\/\/elregionalvm.com.ar\/noticias-villa-maria\/wp-content\/uploads\/2021\/07\/WhatsApp-Image-2021-07-18-at-11.56.36.jpeg\" \/>\n\t<meta property=\"og:image:width\" content=\"1280\" \/>\n\t<meta property=\"og:image:height\" content=\"853\" \/>\n\t<meta property=\"og:image:type\" content=\"image\/jpeg\" \/>\n<meta name=\"author\" content=\"Contenidos El Regional\" \/>\n<meta name=\"twitter:card\" content=\"summary_large_image\" \/>\n<meta name=\"twitter:creator\" content=\"@elregionalvm1\" \/>\n<meta name=\"twitter:site\" content=\"@elregionalvm1\" \/>\n<meta name=\"twitter:label1\" content=\"Escrito por\" \/>\n\t<meta name=\"twitter:data1\" content=\"Contenidos El Regional\" \/>\n\t<meta name=\"twitter:label2\" content=\"Tiempo de lectura\" \/>\n\t<meta name=\"twitter:data2\" content=\"3 minutos\" \/>\n<script type=\"application\/ld+json\" class=\"yoast-schema-graph\">{\"@context\":\"https:\/\/schema.org\",\"@graph\":[{\"@type\":\"Article\",\"@id\":\"http:\/\/elregionalvm.com.ar\/noticias-villa-maria\/llegaron-mas-dosis-para-vacunar-en-villa-maria-y-desde-el-martes-los-mayores-de-40-podran-recibir-la-1-dosis-sin-turno\/#article\",\"isPartOf\":{\"@id\":\"http:\/\/elregionalvm.com.ar\/noticias-villa-maria\/llegaron-mas-dosis-para-vacunar-en-villa-maria-y-desde-el-martes-los-mayores-de-40-podran-recibir-la-1-dosis-sin-turno\/\"},\"author\":{\"name\":\"Contenidos El Regional\",\"@id\":\"http:\/\/elregionalvm.com.ar\/noticias-villa-maria\/#\/schema\/person\/a0fb9c422317faca23d50163151bc354\"},\"headline\":\"Llegaron m\u00e1s vacunas a Villa Mar\u00eda y desde el martes los mayores de 40 podr\u00e1n recibir la 1\u00b0 dosis sin turno\",\"datePublished\":\"2021-07-18T15:16:00+00:00\",\"dateModified\":\"2021-07-18T15:17:34+00:00\",\"mainEntityOfPage\":{\"@id\":\"http:\/\/elregionalvm.com.ar\/noticias-villa-maria\/llegaron-mas-dosis-para-vacunar-en-villa-maria-y-desde-el-martes-los-mayores-de-40-podran-recibir-la-1-dosis-sin-turno\/\"},\"wordCount\":434,\"commentCount\":0,\"image\":{\"@id\":\"http:\/\/elregionalvm.com.ar\/noticias-villa-maria\/llegaron-mas-dosis-para-vacunar-en-villa-maria-y-desde-el-martes-los-mayores-de-40-podran-recibir-la-1-dosis-sin-turno\/#primaryimage\"},\"thumbnailUrl\":\"https:\/\/i0.wp.com\/elregionalvm.com.ar\/noticias-villa-maria\/wp-content\/uploads\/2021\/07\/WhatsApp-Image-2021-07-18-at-11.56.36.jpeg?fit=1280%2C853&ssl=1\",\"keywords\":[\"cronograma vacunaci\u00f3n\",\"destacado\",\"m\u00e1s dosis\",\"mayores de 40\",\"vacunas\",\"Villa Mar\u00eda\"],\"articleSection\":[\"Villa Mar\u00eda\"],\"inLanguage\":\"es\",\"potentialAction\":[{\"@type\":\"CommentAction\",\"name\":\"Comment\",\"target\":[\"http:\/\/elregionalvm.com.ar\/noticias-villa-maria\/llegaron-mas-dosis-para-vacunar-en-villa-maria-y-desde-el-martes-los-mayores-de-40-podran-recibir-la-1-dosis-sin-turno\/#respond\"]}]},{\"@type\":\"WebPage\",\"@id\":\"http:\/\/elregionalvm.com.ar\/noticias-villa-maria\/llegaron-mas-dosis-para-vacunar-en-villa-maria-y-desde-el-martes-los-mayores-de-40-podran-recibir-la-1-dosis-sin-turno\/\",\"url\":\"http:\/\/elregionalvm.com.ar\/noticias-villa-maria\/llegaron-mas-dosis-para-vacunar-en-villa-maria-y-desde-el-martes-los-mayores-de-40-podran-recibir-la-1-dosis-sin-turno\/\",\"name\":\"Llegaron m\u00e1s vacunas a Villa Mar\u00eda y desde el martes los mayores de 40 podr\u00e1n recibir la 1\u00b0 dosis sin turno - El Regional\",\"isPartOf\":{\"@id\":\"http:\/\/elregionalvm.com.ar\/noticias-villa-maria\/#website\"},\"primaryImageOfPage\":{\"@id\":\"http:\/\/elregionalvm.com.ar\/noticias-villa-maria\/llegaron-mas-dosis-para-vacunar-en-villa-maria-y-desde-el-martes-los-mayores-de-40-podran-recibir-la-1-dosis-sin-turno\/#primaryimage\"},\"image\":{\"@id\":\"http:\/\/elregionalvm.com.ar\/noticias-villa-maria\/llegaron-mas-dosis-para-vacunar-en-villa-maria-y-desde-el-martes-los-mayores-de-40-podran-recibir-la-1-dosis-sin-turno\/#primaryimage\"},\"thumbnailUrl\":\"https:\/\/i0.wp.com\/elregionalvm.com.ar\/noticias-villa-maria\/wp-content\/uploads\/2021\/07\/WhatsApp-Image-2021-07-18-at-11.56.36.jpeg?fit=1280%2C853&ssl=1\",\"datePublished\":\"2021-07-18T15:16:00+00:00\",\"dateModified\":\"2021-07-18T15:17:34+00:00\",\"author\":{\"@id\":\"http:\/\/elregionalvm.com.ar\/noticias-villa-maria\/#\/schema\/person\/a0fb9c422317faca23d50163151bc354\"},\"breadcrumb\":{\"@id\":\"http:\/\/elregionalvm.com.ar\/noticias-villa-maria\/llegaron-mas-dosis-para-vacunar-en-villa-maria-y-desde-el-martes-los-mayores-de-40-podran-recibir-la-1-dosis-sin-turno\/#breadcrumb\"},\"inLanguage\":\"es\",\"potentialAction\":[{\"@type\":\"ReadAction\",\"target\":[\"http:\/\/elregionalvm.com.ar\/noticias-villa-maria\/llegaron-mas-dosis-para-vacunar-en-villa-maria-y-desde-el-martes-los-mayores-de-40-podran-recibir-la-1-dosis-sin-turno\/\"]}]},{\"@type\":\"ImageObject\",\"inLanguage\":\"es\",\"@id\":\"http:\/\/elregionalvm.com.ar\/noticias-villa-maria\/llegaron-mas-dosis-para-vacunar-en-villa-maria-y-desde-el-martes-los-mayores-de-40-podran-recibir-la-1-dosis-sin-turno\/#primaryimage\",\"url\":\"https:\/\/i0.wp.com\/elregionalvm.com.ar\/noticias-villa-maria\/wp-content\/uploads\/2021\/07\/WhatsApp-Image-2021-07-18-at-11.56.36.jpeg?fit=1280%2C853&ssl=1\",\"contentUrl\":\"https:\/\/i0.wp.com\/elregionalvm.com.ar\/noticias-villa-maria\/wp-content\/uploads\/2021\/07\/WhatsApp-Image-2021-07-18-at-11.56.36.jpeg?fit=1280%2C853&ssl=1\",\"width\":1280,\"height\":853},{\"@type\":\"BreadcrumbList\",\"@id\":\"http:\/\/elregionalvm.com.ar\/noticias-villa-maria\/llegaron-mas-dosis-para-vacunar-en-villa-maria-y-desde-el-martes-los-mayores-de-40-podran-recibir-la-1-dosis-sin-turno\/#breadcrumb\",\"itemListElement\":[{\"@type\":\"ListItem\",\"position\":1,\"name\":\"Portada\",\"item\":\"https:\/\/elregionalvm.com.ar\/noticias-villa-maria\/\"},{\"@type\":\"ListItem\",\"position\":2,\"name\":\"Llegaron m\u00e1s vacunas a Villa Mar\u00eda y desde el martes los mayores de 40 podr\u00e1n recibir la 1\u00b0 dosis sin turno\"}]},{\"@type\":\"WebSite\",\"@id\":\"http:\/\/elregionalvm.com.ar\/noticias-villa-maria\/#website\",\"url\":\"http:\/\/elregionalvm.com.ar\/noticias-villa-maria\/\",\"name\":\"El Regional\",\"description\":\"Mucho m\u00e1s que informaci\u00f3n\",\"potentialAction\":[{\"@type\":\"SearchAction\",\"target\":{\"@type\":\"EntryPoint\",\"urlTemplate\":\"http:\/\/elregionalvm.com.ar\/noticias-villa-maria\/?s={search_term_string}\"},\"query-input\":{\"@type\":\"PropertyValueSpecification\",\"valueRequired\":true,\"valueName\":\"search_term_string\"}}],\"inLanguage\":\"es\"},{\"@type\":\"Person\",\"@id\":\"http:\/\/elregionalvm.com.ar\/noticias-villa-maria\/#\/schema\/person\/a0fb9c422317faca23d50163151bc354\",\"name\":\"Contenidos El Regional\",\"image\":{\"@type\":\"ImageObject\",\"inLanguage\":\"es\",\"@id\":\"http:\/\/elregionalvm.com.ar\/noticias-villa-maria\/#\/schema\/person\/image\/\",\"url\":\"https:\/\/secure.gravatar.com\/avatar\/265b27cb2209af7bb3a1318f03305787d7981a5cc6e6cd08fe5a4ecdf99d4b48?s=96&d=mm&r=g\",\"contentUrl\":\"https:\/\/secure.gravatar.com\/avatar\/265b27cb2209af7bb3a1318f03305787d7981a5cc6e6cd08fe5a4ecdf99d4b48?s=96&d=mm&r=g\",\"caption\":\"Contenidos El Regional\"},\"url\":\"https:\/\/elregionalvm.com.ar\/noticias-villa-maria\/author\/contenido\/\"}]}<\/script>\n<!-- \/ Yoast SEO plugin. -->","yoast_head_json":{"title":"Llegaron m\u00e1s vacunas a Villa Mar\u00eda y desde el martes los mayores de 40 podr\u00e1n recibir la 1\u00b0 dosis sin turno - El Regional","robots":{"index":"index","follow":"follow","max-snippet":"max-snippet:-1","max-image-preview":"max-image-preview:large","max-video-preview":"max-video-preview:-1"},"canonical":"http:\/\/elregionalvm.com.ar\/noticias-villa-maria\/llegaron-mas-dosis-para-vacunar-en-villa-maria-y-desde-el-martes-los-mayores-de-40-podran-recibir-la-1-dosis-sin-turno\/","og_locale":"es_ES","og_type":"article","og_title":"Llegaron m\u00e1s vacunas a Villa Mar\u00eda y desde el martes los mayores de 40 podr\u00e1n recibir la 1\u00b0 dosis sin turno - El Regional","og_description":"En el marco del Plan Estrat\u00e9gico de Vacunaci\u00f3n, el municipio comenzar\u00e1 a vacunar con la primera dosis contra el covid a personas mayores de 40 a\u00f1os sin inscripci\u00f3n previa. Quienes deseen recibir la vacuna y est\u00e9n dentro del rango etario se\u00f1alado, podr\u00e1n acercarse desde el martes 20 con DNI al nuevo Sal\u00f3n de los Deportes, [&hellip;]","og_url":"http:\/\/elregionalvm.com.ar\/noticias-villa-maria\/llegaron-mas-dosis-para-vacunar-en-villa-maria-y-desde-el-martes-los-mayores-de-40-podran-recibir-la-1-dosis-sin-turno\/","og_site_name":"El Regional","article_publisher":"https:\/\/www.facebook.com\/elregionalvm","article_published_time":"2021-07-18T15:16:00+00:00","article_modified_time":"2021-07-18T15:17:34+00:00","og_image":[{"width":1280,"height":853,"url":"http:\/\/elregionalvm.com.ar\/noticias-villa-maria\/wp-content\/uploads\/2021\/07\/WhatsApp-Image-2021-07-18-at-11.56.36.jpeg","type":"image\/jpeg"}],"author":"Contenidos El Regional","twitter_card":"summary_large_image","twitter_creator":"@elregionalvm1","twitter_site":"@elregionalvm1","twitter_misc":{"Escrito por":"Contenidos El Regional","Tiempo de lectura":"3 minutos"},"schema":{"@context":"https:\/\/schema.org","@graph":[{"@type":"Article","@id":"http:\/\/elregionalvm.com.ar\/noticias-villa-maria\/llegaron-mas-dosis-para-vacunar-en-villa-maria-y-desde-el-martes-los-mayores-de-40-podran-recibir-la-1-dosis-sin-turno\/#article","isPartOf":{"@id":"http:\/\/elregionalvm.com.ar\/noticias-villa-maria\/llegaron-mas-dosis-para-vacunar-en-villa-maria-y-desde-el-martes-los-mayores-de-40-podran-recibir-la-1-dosis-sin-turno\/"},"author":{"name":"Contenidos El Regional","@id":"http:\/\/elregionalvm.com.ar\/noticias-villa-maria\/#\/schema\/person\/a0fb9c422317faca23d50163151bc354"},"headline":"Llegaron m\u00e1s vacunas a Villa Mar\u00eda y desde el martes los mayores de 40 podr\u00e1n recibir la 1\u00b0 dosis sin turno","datePublished":"2021-07-18T15:16:00+00:00","dateModified":"2021-07-18T15:17:34+00:00","mainEntityOfPage":{"@id":"http:\/\/elregionalvm.com.ar\/noticias-villa-maria\/llegaron-mas-dosis-para-vacunar-en-villa-maria-y-desde-el-martes-los-mayores-de-40-podran-recibir-la-1-dosis-sin-turno\/"},"wordCount":434,"commentCount":0,"image":{"@id":"http:\/\/elregionalvm.com.ar\/noticias-villa-maria\/llegaron-mas-dosis-para-vacunar-en-villa-maria-y-desde-el-martes-los-mayores-de-40-podran-recibir-la-1-dosis-sin-turno\/#primaryimage"},"thumbnailUrl":"https:\/\/i0.wp.com\/elregionalvm.com.ar\/noticias-villa-maria\/wp-content\/uploads\/2021\/07\/WhatsApp-Image-2021-07-18-at-11.56.36.jpeg?fit=1280%2C853&ssl=1","keywords":["cronograma vacunaci\u00f3n","destacado","m\u00e1s dosis","mayores de 40","vacunas","Villa Mar\u00eda"],"articleSection":["Villa Mar\u00eda"],"inLanguage":"es","potentialAction":[{"@type":"CommentAction","name":"Comment","target":["http:\/\/elregionalvm.com.ar\/noticias-villa-maria\/llegaron-mas-dosis-para-vacunar-en-villa-maria-y-desde-el-martes-los-mayores-de-40-podran-recibir-la-1-dosis-sin-turno\/#respond"]}]},{"@type":"WebPage","@id":"http:\/\/elregionalvm.com.ar\/noticias-villa-maria\/llegaron-mas-dosis-para-vacunar-en-villa-maria-y-desde-el-martes-los-mayores-de-40-podran-recibir-la-1-dosis-sin-turno\/","url":"http:\/\/elregionalvm.com.ar\/noticias-villa-maria\/llegaron-mas-dosis-para-vacunar-en-villa-maria-y-desde-el-martes-los-mayores-de-40-podran-recibir-la-1-dosis-sin-turno\/","name":"Llegaron m\u00e1s vacunas a Villa Mar\u00eda y desde el martes los mayores de 40 podr\u00e1n recibir la 1\u00b0 dosis sin turno - El Regional","isPartOf":{"@id":"http:\/\/elregionalvm.com.ar\/noticias-villa-maria\/#website"},"primaryImageOfPage":{"@id":"http:\/\/elregionalvm.com.ar\/noticias-villa-maria\/llegaron-mas-dosis-para-vacunar-en-villa-maria-y-desde-el-martes-los-mayores-de-40-podran-recibir-la-1-dosis-sin-turno\/#primaryimage"},"image":{"@id":"http:\/\/elregionalvm.com.ar\/noticias-villa-maria\/llegaron-mas-dosis-para-vacunar-en-villa-maria-y-desde-el-martes-los-mayores-de-40-podran-recibir-la-1-dosis-sin-turno\/#primaryimage"},"thumbnailUrl":"https:\/\/i0.wp.com\/elregionalvm.com.ar\/noticias-villa-maria\/wp-content\/uploads\/2021\/07\/WhatsApp-Image-2021-07-18-at-11.56.36.jpeg?fit=1280%2C853&ssl=1","datePublished":"2021-07-18T15:16:00+00:00","dateModified":"2021-07-18T15:17:34+00:00","author":{"@id":"http:\/\/elregionalvm.com.ar\/noticias-villa-maria\/#\/schema\/person\/a0fb9c422317faca23d50163151bc354"},"breadcrumb":{"@id":"http:\/\/elregionalvm.com.ar\/noticias-villa-maria\/llegaron-mas-dosis-para-vacunar-en-villa-maria-y-desde-el-martes-los-mayores-de-40-podran-recibir-la-1-dosis-sin-turno\/#breadcrumb"},"inLanguage":"es","potentialAction":[{"@type":"ReadAction","target":["http:\/\/elregionalvm.com.ar\/noticias-villa-maria\/llegaron-mas-dosis-para-vacunar-en-villa-maria-y-desde-el-martes-los-mayores-de-40-podran-recibir-la-1-dosis-sin-turno\/"]}]},{"@type":"ImageObject","inLanguage":"es","@id":"http:\/\/elregionalvm.com.ar\/noticias-villa-maria\/llegaron-mas-dosis-para-vacunar-en-villa-maria-y-desde-el-martes-los-mayores-de-40-podran-recibir-la-1-dosis-sin-turno\/#primaryimage","url":"https:\/\/i0.wp.com\/elregionalvm.com.ar\/noticias-villa-maria\/wp-content\/uploads\/2021\/07\/WhatsApp-Image-2021-07-18-at-11.56.36.jpeg?fit=1280%2C853&ssl=1","contentUrl":"https:\/\/i0.wp.com\/elregionalvm.com.ar\/noticias-villa-maria\/wp-content\/uploads\/2021\/07\/WhatsApp-Image-2021-07-18-at-11.56.36.jpeg?fit=1280%2C853&ssl=1","width":1280,"height":853},{"@type":"BreadcrumbList","@id":"http:\/\/elregionalvm.com.ar\/noticias-villa-maria\/llegaron-mas-dosis-para-vacunar-en-villa-maria-y-desde-el-martes-los-mayores-de-40-podran-recibir-la-1-dosis-sin-turno\/#breadcrumb","itemListElement":[{"@type":"ListItem","position":1,"name":"Portada","item":"https:\/\/elregionalvm.com.ar\/noticias-villa-maria\/"},{"@type":"ListItem","position":2,"name":"Llegaron m\u00e1s vacunas a Villa Mar\u00eda y desde el martes los mayores de 40 podr\u00e1n recibir la 1\u00b0 dosis sin turno"}]},{"@type":"WebSite","@id":"http:\/\/elregionalvm.com.ar\/noticias-villa-maria\/#website","url":"http:\/\/elregionalvm.com.ar\/noticias-villa-maria\/","name":"El Regional","description":"Mucho m\u00e1s que informaci\u00f3n","potentialAction":[{"@type":"SearchAction","target":{"@type":"EntryPoint","urlTemplate":"http:\/\/elregionalvm.com.ar\/noticias-villa-maria\/?s={search_term_string}"},"query-input":{"@type":"PropertyValueSpecification","valueRequired":true,"valueName":"search_term_string"}}],"inLanguage":"es"},{"@type":"Person","@id":"http:\/\/elregionalvm.com.ar\/noticias-villa-maria\/#\/schema\/person\/a0fb9c422317faca23d50163151bc354","name":"Contenidos El Regional","image":{"@type":"ImageObject","inLanguage":"es","@id":"http:\/\/elregionalvm.com.ar\/noticias-villa-maria\/#\/schema\/person\/image\/","url":"https:\/\/secure.gravatar.com\/avatar\/265b27cb2209af7bb3a1318f03305787d7981a5cc6e6cd08fe5a4ecdf99d4b48?s=96&d=mm&r=g","contentUrl":"https:\/\/secure.gravatar.com\/avatar\/265b27cb2209af7bb3a1318f03305787d7981a5cc6e6cd08fe5a4ecdf99d4b48?s=96&d=mm&r=g","caption":"Contenidos El Regional"},"url":"https:\/\/elregionalvm.com.ar\/noticias-villa-maria\/author\/contenido\/"}]}},"jetpack_featured_media_url":"https:\/\/i0.wp.com\/elregionalvm.com.ar\/noticias-villa-maria\/wp-content\/uploads\/2021\/07\/WhatsApp-Image-2021-07-18-at-11.56.36.jpeg?fit=1280%2C853&ssl=1","jetpack_sharing_enabled":true,"_links":{"self":[{"href":"https:\/\/elregionalvm.com.ar\/noticias-villa-maria\/wp-json\/wp\/v2\/posts\/41182","targetHints":{"allow":["GET"]}}],"collection":[{"href":"https:\/\/elregionalvm.com.ar\/noticias-villa-maria\/wp-json\/wp\/v2\/posts"}],"about":[{"href":"https:\/\/elregionalvm.com.ar\/noticias-villa-maria\/wp-json\/wp\/v2\/types\/post"}],"author":[{"embeddable":true,"href":"https:\/\/elregionalvm.com.ar\/noticias-villa-maria\/wp-json\/wp\/v2\/users\/4"}],"replies":[{"embeddable":true,"href":"https:\/\/elregionalvm.com.ar\/noticias-villa-maria\/wp-json\/wp\/v2\/comments?post=41182"}],"version-history":[{"count":2,"href":"https:\/\/elregionalvm.com.ar\/noticias-villa-maria\/wp-json\/wp\/v2\/posts\/41182\/revisions"}],"predecessor-version":[{"id":41188,"href":"https:\/\/elregionalvm.com.ar\/noticias-villa-maria\/wp-json\/wp\/v2\/posts\/41182\/revisions\/41188"}],"wp:featuredmedia":[{"embeddable":true,"href":"https:\/\/elregionalvm.com.ar\/noticias-villa-maria\/wp-json\/wp\/v2\/media\/41183"}],"wp:attachment":[{"href":"https:\/\/elregionalvm.com.ar\/noticias-villa-maria\/wp-json\/wp\/v2\/media?parent=41182"}],"wp:term":[{"taxonomy":"category","embeddable":true,"href":"https:\/\/elregionalvm.com.ar\/noticias-villa-maria\/wp-json\/wp\/v2\/categories?post=41182"},{"taxonomy":"post_tag","embeddable":true,"href":"https:\/\/elregionalvm.com.ar\/noticias-villa-maria\/wp-json\/wp\/v2\/tags?post=41182"}],"curies":[{"name":"wp","href":"https:\/\/api.w.org\/{rel}","templated":true}]}}