{"id":41189,"date":"2021-07-18T15:25:20","date_gmt":"2021-07-18T15:25:20","guid":{"rendered":"https:\/\/elregionalvm.com.ar\/noticias-villa-maria\/?p=41189"},"modified":"2021-07-18T15:25:21","modified_gmt":"2021-07-18T15:25:21","slug":"el-centro-de-monitoreo-detecto-1-077-situaciones-para-que-intervenga-personal-de-seguridad-y-de-transito","status":"publish","type":"post","link":"https:\/\/elregionalvm.com.ar\/noticias-villa-maria\/el-centro-de-monitoreo-detecto-1-077-situaciones-para-que-intervenga-personal-de-seguridad-y-de-transito\/","title":{"rendered":"El Centro De Monitoreo detect\u00f3 1.077 situaciones para que intervenga personal de seguridad y de tr\u00e1nsito"},"content":{"rendered":"\n<p>A trav\u00e9s de la observaci\u00f3n de las im\u00e1genes transmitidas por 242 c\u00e1maras de videovigilancia, el Centro de Monitoreo que funciona en el Centro C\u00edvico detect\u00f3 1.077 situaciones de diversa \u00edndole que dieron lugar a intervenciones, principalmente, de Polic\u00eda de C\u00f3rdoba y de Seguridad Ciudadana.<\/p>\n\n\n\n<p>El Centro de Monitoreo, bajo la \u00f3rbita de la Secretar\u00eda de Gobierno, Seguridad Ciudadana y Asuntos Legales, funciona con 45 operadores en turnos rotativos. Trabajadores y trabajadoras realizan la observaci\u00f3n del videowall y de los monitores propios de cada puesto durante las 24 horas, de lunes a domingo. Al momento de detectar alguna situaci\u00f3n, se deriva la intervenci\u00f3n a la Polic\u00eda de C\u00f3rdoba, a Seguridad Ciudadana o a Bomberos, seg\u00fan corresponda de acuerdo a los protocolos de actuaci\u00f3n vigentes.<\/p>\n\n\n\n<p>El mes en el que m\u00e1s intervenciones se registraron fue junio, con 293. Le sigue mayo, con 215, mientras que abril tuvo 174. En marzo fueron 190, en febrero apenas 92 y en el primer mes de 2021 se registraron 113.<\/p>\n\n\n\n<p>Del total de situaciones que ameritan injerencia, mensualmente se repite un patr\u00f3n en el que Seguridad Ciudadana es la fuerza que m\u00e1s actuaciones tiene, en cuestiones vinculadas fundamentalmente al tr\u00e1nsito o, por ejemplo, a la presencia de animales sueltos o aguas servidas.<\/p>\n\n\n\n<div class=\"wp-block-image\"><figure class=\"aligncenter size-large is-resized\"><img data-recalc-dims=\"1\" fetchpriority=\"high\" decoding=\"async\" src=\"https:\/\/i0.wp.com\/elregionalvm.com.ar\/noticias-villa-maria\/wp-content\/uploads\/2021\/07\/WhatsApp-Image-2021-07-18-at-11.58.46.jpeg?resize=686%2C457&#038;ssl=1\" alt=\"\" class=\"wp-image-41191\" width=\"686\" height=\"457\" srcset=\"https:\/\/i0.wp.com\/elregionalvm.com.ar\/noticias-villa-maria\/wp-content\/uploads\/2021\/07\/WhatsApp-Image-2021-07-18-at-11.58.46.jpeg?resize=1024%2C683&amp;ssl=1 1024w, https:\/\/i0.wp.com\/elregionalvm.com.ar\/noticias-villa-maria\/wp-content\/uploads\/2021\/07\/WhatsApp-Image-2021-07-18-at-11.58.46.jpeg?resize=300%2C200&amp;ssl=1 300w, https:\/\/i0.wp.com\/elregionalvm.com.ar\/noticias-villa-maria\/wp-content\/uploads\/2021\/07\/WhatsApp-Image-2021-07-18-at-11.58.46.jpeg?resize=768%2C512&amp;ssl=1 768w, https:\/\/i0.wp.com\/elregionalvm.com.ar\/noticias-villa-maria\/wp-content\/uploads\/2021\/07\/WhatsApp-Image-2021-07-18-at-11.58.46.jpeg?w=1280&amp;ssl=1 1280w\" sizes=\"(max-width: 686px) 100vw, 686px\" \/><\/figure><\/div>\n\n\n\n<p>La Polic\u00eda de C\u00f3rdoba, en tanto, es convocada para actuar ante la presencia de personas o veh\u00edculos sospechosos, ante hurtos, robos, disturbios en la v\u00eda p\u00fablica o vandalismo. Este tipo de hechos se registran con menor frecuencia que, por ejemplo, autos mal estacionados o camiones en zonas no permitidas.<\/p>\n\n\n\n<p>La presencia de veh\u00edculos de gran porte en zonas no habilitadas es precisamente la falta que m\u00e1s se observa por las videoc\u00e1maras. En junio, fueron 121 las situaciones de este tipo detectadas por los operadores. En cuanto a accidentes de tr\u00e1nsito, fueron 13 los observados durante ese mes y para los que se dispuso la presencia de personal municipal.<\/p>\n\n\n\n<p>Por otro lado, el Centro de Monitoreo tambi\u00e9n se ocupa de responder oficios judiciales. En ese sentido, es preciso recordar que las im\u00e1genes se guardan por un per\u00edodo de 60 d\u00edas, durante el cual pueden ser requeridas por la autoridad competente. Durante los primeros seis meses del a\u00f1o, se dio respuesta a m\u00e1s de 130 oficios del Poder Judicial, colaborando as\u00ed en el esclarecimiento de diversos hechos.<\/p>\n\n\n\n<p>Es importante se\u00f1alar que el Centro de Monitoreo cuenta con la presencia permanente de un efectivo de la Polic\u00eda de C\u00f3rdoba, de manera de facilitar la articulaci\u00f3n con esa fuerza de seguridad.<\/p>\n","protected":false},"excerpt":{"rendered":"<p>A trav\u00e9s de la observaci\u00f3n de las im\u00e1genes transmitidas por 242 c\u00e1maras de videovigilancia, el Centro de Monitoreo que funciona en el Centro C\u00edvico detect\u00f3 1.077 situaciones de diversa \u00edndole que dieron lugar a intervenciones, principalmente, de Polic\u00eda de C\u00f3rdoba y de Seguridad Ciudadana. El Centro de Monitoreo, bajo la \u00f3rbita de la Secretar\u00eda de [&hellip;]<\/p>\n","protected":false},"author":4,"featured_media":41190,"comment_status":"open","ping_status":"open","sticky":false,"template":"","format":"standard","meta":{"site-sidebar-layout":"default","site-content-layout":"default","ast-site-content-layout":"default","site-content-style":"default","site-sidebar-style":"default","ast-global-header-display":"","ast-banner-title-visibility":"","ast-main-header-display":"","ast-hfb-above-header-display":"","ast-hfb-below-header-display":"","ast-hfb-mobile-header-display":"","site-post-title":"","ast-breadcrumbs-content":"","ast-featured-img":"","footer-sml-layout":"","ast-disable-related-posts":"","theme-transparent-header-meta":"default","adv-header-id-meta":"","stick-header-meta":"","header-above-stick-meta":"","header-main-stick-meta":"","header-below-stick-meta":"","astra-migrate-meta-layouts":"default","ast-page-background-enabled":"default","ast-page-background-meta":{"desktop":{"background-color":"","background-image":"","background-repeat":"repeat","background-position":"center center","background-size":"auto","background-attachment":"scroll","background-type":"","background-media":"","overlay-type":"","overlay-color":"","overlay-opacity":"","overlay-gradient":""},"tablet":{"background-color":"","background-image":"","background-repeat":"repeat","background-position":"center center","background-size":"auto","background-attachment":"scroll","background-type":"","background-media":"","overlay-type":"","overlay-color":"","overlay-opacity":"","overlay-gradient":""},"mobile":{"background-color":"","background-image":"","background-repeat":"repeat","background-position":"center center","background-size":"auto","background-attachment":"scroll","background-type":"","background-media":"","overlay-type":"","overlay-color":"","overlay-opacity":"","overlay-gradient":""}},"ast-content-background-meta":{"desktop":{"background-color":"var(--ast-global-color-5)","background-image":"","background-repeat":"repeat","background-position":"center center","background-size":"auto","background-attachment":"scroll","background-type":"","background-media":"","overlay-type":"","overlay-color":"","overlay-opacity":"","overlay-gradient":""},"tablet":{"background-color":"var(--ast-global-color-5)","background-image":"","background-repeat":"repeat","background-position":"center center","background-size":"auto","background-attachment":"scroll","background-type":"","background-media":"","overlay-type":"","overlay-color":"","overlay-opacity":"","overlay-gradient":""},"mobile":{"background-color":"var(--ast-global-color-5)","background-image":"","background-repeat":"repeat","background-position":"center center","background-size":"auto","background-attachment":"scroll","background-type":"","background-media":"","overlay-type":"","overlay-color":"","overlay-opacity":"","overlay-gradient":""}},"_jetpack_memberships_contains_paid_content":false,"_joinchat":[],"footnotes":""},"categories":[2],"tags":[2731,1232,2904,10105,1081,10104,2248],"class_list":["post-41189","post","type-post","status-publish","format-standard","has-post-thumbnail","hentry","category-villa-maria","tag-centro-de-monitoreo","tag-destacado","tag-infracciones","tag-personal-de-transito","tag-seguridad-ciudadana","tag-semestre","tag-villa-maria-2"],"yoast_head":"<!-- This site is optimized with the Yoast SEO plugin v26.8 - https:\/\/yoast.com\/product\/yoast-seo-wordpress\/ -->\n<title>El Centro De Monitoreo detect\u00f3 1.077 situaciones para que intervenga personal de seguridad y de tr\u00e1nsito - El Regional<\/title>\n<meta name=\"robots\" content=\"index, follow, max-snippet:-1, max-image-preview:large, max-video-preview:-1\" \/>\n<link rel=\"canonical\" href=\"http:\/\/elregionalvm.com.ar\/noticias-villa-maria\/el-centro-de-monitoreo-detecto-1-077-situaciones-para-que-intervenga-personal-de-seguridad-y-de-transito\/\" \/>\n<meta property=\"og:locale\" content=\"es_ES\" \/>\n<meta property=\"og:type\" content=\"article\" \/>\n<meta property=\"og:title\" content=\"El Centro De Monitoreo detect\u00f3 1.077 situaciones para que intervenga personal de seguridad y de tr\u00e1nsito - El Regional\" \/>\n<meta property=\"og:description\" content=\"A trav\u00e9s de la observaci\u00f3n de las im\u00e1genes transmitidas por 242 c\u00e1maras de videovigilancia, el Centro de Monitoreo que funciona en el Centro C\u00edvico detect\u00f3 1.077 situaciones de diversa \u00edndole que dieron lugar a intervenciones, principalmente, de Polic\u00eda de C\u00f3rdoba y de Seguridad Ciudadana. El Centro de Monitoreo, bajo la \u00f3rbita de la Secretar\u00eda de [&hellip;]\" \/>\n<meta property=\"og:url\" content=\"http:\/\/elregionalvm.com.ar\/noticias-villa-maria\/el-centro-de-monitoreo-detecto-1-077-situaciones-para-que-intervenga-personal-de-seguridad-y-de-transito\/\" \/>\n<meta property=\"og:site_name\" content=\"El Regional\" \/>\n<meta property=\"article:publisher\" content=\"https:\/\/www.facebook.com\/elregionalvm\" \/>\n<meta property=\"article:published_time\" content=\"2021-07-18T15:25:20+00:00\" \/>\n<meta property=\"article:modified_time\" content=\"2021-07-18T15:25:21+00:00\" \/>\n<meta property=\"og:image\" content=\"http:\/\/elregionalvm.com.ar\/noticias-villa-maria\/wp-content\/uploads\/2021\/07\/WhatsApp-Image-2021-07-18-at-11.58.47.jpeg\" \/>\n\t<meta property=\"og:image:width\" content=\"1280\" \/>\n\t<meta property=\"og:image:height\" content=\"854\" \/>\n\t<meta property=\"og:image:type\" content=\"image\/jpeg\" \/>\n<meta name=\"author\" content=\"Contenidos El Regional\" \/>\n<meta name=\"twitter:card\" content=\"summary_large_image\" \/>\n<meta name=\"twitter:creator\" content=\"@elregionalvm1\" \/>\n<meta name=\"twitter:site\" content=\"@elregionalvm1\" \/>\n<meta name=\"twitter:label1\" content=\"Escrito por\" \/>\n\t<meta name=\"twitter:data1\" content=\"Contenidos El Regional\" \/>\n\t<meta name=\"twitter:label2\" content=\"Tiempo de lectura\" \/>\n\t<meta name=\"twitter:data2\" content=\"3 minutos\" \/>\n<script type=\"application\/ld+json\" class=\"yoast-schema-graph\">{\"@context\":\"https:\/\/schema.org\",\"@graph\":[{\"@type\":\"Article\",\"@id\":\"http:\/\/elregionalvm.com.ar\/noticias-villa-maria\/el-centro-de-monitoreo-detecto-1-077-situaciones-para-que-intervenga-personal-de-seguridad-y-de-transito\/#article\",\"isPartOf\":{\"@id\":\"http:\/\/elregionalvm.com.ar\/noticias-villa-maria\/el-centro-de-monitoreo-detecto-1-077-situaciones-para-que-intervenga-personal-de-seguridad-y-de-transito\/\"},\"author\":{\"name\":\"Contenidos El Regional\",\"@id\":\"http:\/\/elregionalvm.com.ar\/noticias-villa-maria\/#\/schema\/person\/a0fb9c422317faca23d50163151bc354\"},\"headline\":\"El Centro De Monitoreo detect\u00f3 1.077 situaciones para que intervenga personal de seguridad y de tr\u00e1nsito\",\"datePublished\":\"2021-07-18T15:25:20+00:00\",\"dateModified\":\"2021-07-18T15:25:21+00:00\",\"mainEntityOfPage\":{\"@id\":\"http:\/\/elregionalvm.com.ar\/noticias-villa-maria\/el-centro-de-monitoreo-detecto-1-077-situaciones-para-que-intervenga-personal-de-seguridad-y-de-transito\/\"},\"wordCount\":452,\"commentCount\":1,\"image\":{\"@id\":\"http:\/\/elregionalvm.com.ar\/noticias-villa-maria\/el-centro-de-monitoreo-detecto-1-077-situaciones-para-que-intervenga-personal-de-seguridad-y-de-transito\/#primaryimage\"},\"thumbnailUrl\":\"https:\/\/i0.wp.com\/elregionalvm.com.ar\/noticias-villa-maria\/wp-content\/uploads\/2021\/07\/WhatsApp-Image-2021-07-18-at-11.58.47.jpeg?fit=1280%2C854&ssl=1\",\"keywords\":[\"centro de monitoreo\",\"destacado\",\"infracciones\",\"Personal de Tr\u00e1nsito\",\"seguridad ciudadana\",\"semestre\",\"Villa Mar\u00eda\"],\"articleSection\":[\"Villa Mar\u00eda\"],\"inLanguage\":\"es\",\"potentialAction\":[{\"@type\":\"CommentAction\",\"name\":\"Comment\",\"target\":[\"http:\/\/elregionalvm.com.ar\/noticias-villa-maria\/el-centro-de-monitoreo-detecto-1-077-situaciones-para-que-intervenga-personal-de-seguridad-y-de-transito\/#respond\"]}]},{\"@type\":\"WebPage\",\"@id\":\"http:\/\/elregionalvm.com.ar\/noticias-villa-maria\/el-centro-de-monitoreo-detecto-1-077-situaciones-para-que-intervenga-personal-de-seguridad-y-de-transito\/\",\"url\":\"http:\/\/elregionalvm.com.ar\/noticias-villa-maria\/el-centro-de-monitoreo-detecto-1-077-situaciones-para-que-intervenga-personal-de-seguridad-y-de-transito\/\",\"name\":\"El Centro De Monitoreo detect\u00f3 1.077 situaciones para que intervenga personal de seguridad y de tr\u00e1nsito - El Regional\",\"isPartOf\":{\"@id\":\"http:\/\/elregionalvm.com.ar\/noticias-villa-maria\/#website\"},\"primaryImageOfPage\":{\"@id\":\"http:\/\/elregionalvm.com.ar\/noticias-villa-maria\/el-centro-de-monitoreo-detecto-1-077-situaciones-para-que-intervenga-personal-de-seguridad-y-de-transito\/#primaryimage\"},\"image\":{\"@id\":\"http:\/\/elregionalvm.com.ar\/noticias-villa-maria\/el-centro-de-monitoreo-detecto-1-077-situaciones-para-que-intervenga-personal-de-seguridad-y-de-transito\/#primaryimage\"},\"thumbnailUrl\":\"https:\/\/i0.wp.com\/elregionalvm.com.ar\/noticias-villa-maria\/wp-content\/uploads\/2021\/07\/WhatsApp-Image-2021-07-18-at-11.58.47.jpeg?fit=1280%2C854&ssl=1\",\"datePublished\":\"2021-07-18T15:25:20+00:00\",\"dateModified\":\"2021-07-18T15:25:21+00:00\",\"author\":{\"@id\":\"http:\/\/elregionalvm.com.ar\/noticias-villa-maria\/#\/schema\/person\/a0fb9c422317faca23d50163151bc354\"},\"breadcrumb\":{\"@id\":\"http:\/\/elregionalvm.com.ar\/noticias-villa-maria\/el-centro-de-monitoreo-detecto-1-077-situaciones-para-que-intervenga-personal-de-seguridad-y-de-transito\/#breadcrumb\"},\"inLanguage\":\"es\",\"potentialAction\":[{\"@type\":\"ReadAction\",\"target\":[\"http:\/\/elregionalvm.com.ar\/noticias-villa-maria\/el-centro-de-monitoreo-detecto-1-077-situaciones-para-que-intervenga-personal-de-seguridad-y-de-transito\/\"]}]},{\"@type\":\"ImageObject\",\"inLanguage\":\"es\",\"@id\":\"http:\/\/elregionalvm.com.ar\/noticias-villa-maria\/el-centro-de-monitoreo-detecto-1-077-situaciones-para-que-intervenga-personal-de-seguridad-y-de-transito\/#primaryimage\",\"url\":\"https:\/\/i0.wp.com\/elregionalvm.com.ar\/noticias-villa-maria\/wp-content\/uploads\/2021\/07\/WhatsApp-Image-2021-07-18-at-11.58.47.jpeg?fit=1280%2C854&ssl=1\",\"contentUrl\":\"https:\/\/i0.wp.com\/elregionalvm.com.ar\/noticias-villa-maria\/wp-content\/uploads\/2021\/07\/WhatsApp-Image-2021-07-18-at-11.58.47.jpeg?fit=1280%2C854&ssl=1\",\"width\":1280,\"height\":854},{\"@type\":\"BreadcrumbList\",\"@id\":\"http:\/\/elregionalvm.com.ar\/noticias-villa-maria\/el-centro-de-monitoreo-detecto-1-077-situaciones-para-que-intervenga-personal-de-seguridad-y-de-transito\/#breadcrumb\",\"itemListElement\":[{\"@type\":\"ListItem\",\"position\":1,\"name\":\"Portada\",\"item\":\"https:\/\/elregionalvm.com.ar\/noticias-villa-maria\/\"},{\"@type\":\"ListItem\",\"position\":2,\"name\":\"El Centro De Monitoreo detect\u00f3 1.077 situaciones para que intervenga personal de seguridad y de tr\u00e1nsito\"}]},{\"@type\":\"WebSite\",\"@id\":\"http:\/\/elregionalvm.com.ar\/noticias-villa-maria\/#website\",\"url\":\"http:\/\/elregionalvm.com.ar\/noticias-villa-maria\/\",\"name\":\"El Regional\",\"description\":\"Mucho m\u00e1s que informaci\u00f3n\",\"potentialAction\":[{\"@type\":\"SearchAction\",\"target\":{\"@type\":\"EntryPoint\",\"urlTemplate\":\"http:\/\/elregionalvm.com.ar\/noticias-villa-maria\/?s={search_term_string}\"},\"query-input\":{\"@type\":\"PropertyValueSpecification\",\"valueRequired\":true,\"valueName\":\"search_term_string\"}}],\"inLanguage\":\"es\"},{\"@type\":\"Person\",\"@id\":\"http:\/\/elregionalvm.com.ar\/noticias-villa-maria\/#\/schema\/person\/a0fb9c422317faca23d50163151bc354\",\"name\":\"Contenidos El Regional\",\"image\":{\"@type\":\"ImageObject\",\"inLanguage\":\"es\",\"@id\":\"http:\/\/elregionalvm.com.ar\/noticias-villa-maria\/#\/schema\/person\/image\/\",\"url\":\"https:\/\/secure.gravatar.com\/avatar\/265b27cb2209af7bb3a1318f03305787d7981a5cc6e6cd08fe5a4ecdf99d4b48?s=96&d=mm&r=g\",\"contentUrl\":\"https:\/\/secure.gravatar.com\/avatar\/265b27cb2209af7bb3a1318f03305787d7981a5cc6e6cd08fe5a4ecdf99d4b48?s=96&d=mm&r=g\",\"caption\":\"Contenidos El Regional\"},\"url\":\"https:\/\/elregionalvm.com.ar\/noticias-villa-maria\/author\/contenido\/\"}]}<\/script>\n<!-- \/ Yoast SEO plugin. -->","yoast_head_json":{"title":"El Centro De Monitoreo detect\u00f3 1.077 situaciones para que intervenga personal de seguridad y de tr\u00e1nsito - El Regional","robots":{"index":"index","follow":"follow","max-snippet":"max-snippet:-1","max-image-preview":"max-image-preview:large","max-video-preview":"max-video-preview:-1"},"canonical":"http:\/\/elregionalvm.com.ar\/noticias-villa-maria\/el-centro-de-monitoreo-detecto-1-077-situaciones-para-que-intervenga-personal-de-seguridad-y-de-transito\/","og_locale":"es_ES","og_type":"article","og_title":"El Centro De Monitoreo detect\u00f3 1.077 situaciones para que intervenga personal de seguridad y de tr\u00e1nsito - El Regional","og_description":"A trav\u00e9s de la observaci\u00f3n de las im\u00e1genes transmitidas por 242 c\u00e1maras de videovigilancia, el Centro de Monitoreo que funciona en el Centro C\u00edvico detect\u00f3 1.077 situaciones de diversa \u00edndole que dieron lugar a intervenciones, principalmente, de Polic\u00eda de C\u00f3rdoba y de Seguridad Ciudadana. El Centro de Monitoreo, bajo la \u00f3rbita de la Secretar\u00eda de [&hellip;]","og_url":"http:\/\/elregionalvm.com.ar\/noticias-villa-maria\/el-centro-de-monitoreo-detecto-1-077-situaciones-para-que-intervenga-personal-de-seguridad-y-de-transito\/","og_site_name":"El Regional","article_publisher":"https:\/\/www.facebook.com\/elregionalvm","article_published_time":"2021-07-18T15:25:20+00:00","article_modified_time":"2021-07-18T15:25:21+00:00","og_image":[{"width":1280,"height":854,"url":"http:\/\/elregionalvm.com.ar\/noticias-villa-maria\/wp-content\/uploads\/2021\/07\/WhatsApp-Image-2021-07-18-at-11.58.47.jpeg","type":"image\/jpeg"}],"author":"Contenidos El Regional","twitter_card":"summary_large_image","twitter_creator":"@elregionalvm1","twitter_site":"@elregionalvm1","twitter_misc":{"Escrito por":"Contenidos El Regional","Tiempo de lectura":"3 minutos"},"schema":{"@context":"https:\/\/schema.org","@graph":[{"@type":"Article","@id":"http:\/\/elregionalvm.com.ar\/noticias-villa-maria\/el-centro-de-monitoreo-detecto-1-077-situaciones-para-que-intervenga-personal-de-seguridad-y-de-transito\/#article","isPartOf":{"@id":"http:\/\/elregionalvm.com.ar\/noticias-villa-maria\/el-centro-de-monitoreo-detecto-1-077-situaciones-para-que-intervenga-personal-de-seguridad-y-de-transito\/"},"author":{"name":"Contenidos El Regional","@id":"http:\/\/elregionalvm.com.ar\/noticias-villa-maria\/#\/schema\/person\/a0fb9c422317faca23d50163151bc354"},"headline":"El Centro De Monitoreo detect\u00f3 1.077 situaciones para que intervenga personal de seguridad y de tr\u00e1nsito","datePublished":"2021-07-18T15:25:20+00:00","dateModified":"2021-07-18T15:25:21+00:00","mainEntityOfPage":{"@id":"http:\/\/elregionalvm.com.ar\/noticias-villa-maria\/el-centro-de-monitoreo-detecto-1-077-situaciones-para-que-intervenga-personal-de-seguridad-y-de-transito\/"},"wordCount":452,"commentCount":1,"image":{"@id":"http:\/\/elregionalvm.com.ar\/noticias-villa-maria\/el-centro-de-monitoreo-detecto-1-077-situaciones-para-que-intervenga-personal-de-seguridad-y-de-transito\/#primaryimage"},"thumbnailUrl":"https:\/\/i0.wp.com\/elregionalvm.com.ar\/noticias-villa-maria\/wp-content\/uploads\/2021\/07\/WhatsApp-Image-2021-07-18-at-11.58.47.jpeg?fit=1280%2C854&ssl=1","keywords":["centro de monitoreo","destacado","infracciones","Personal de Tr\u00e1nsito","seguridad ciudadana","semestre","Villa Mar\u00eda"],"articleSection":["Villa Mar\u00eda"],"inLanguage":"es","potentialAction":[{"@type":"CommentAction","name":"Comment","target":["http:\/\/elregionalvm.com.ar\/noticias-villa-maria\/el-centro-de-monitoreo-detecto-1-077-situaciones-para-que-intervenga-personal-de-seguridad-y-de-transito\/#respond"]}]},{"@type":"WebPage","@id":"http:\/\/elregionalvm.com.ar\/noticias-villa-maria\/el-centro-de-monitoreo-detecto-1-077-situaciones-para-que-intervenga-personal-de-seguridad-y-de-transito\/","url":"http:\/\/elregionalvm.com.ar\/noticias-villa-maria\/el-centro-de-monitoreo-detecto-1-077-situaciones-para-que-intervenga-personal-de-seguridad-y-de-transito\/","name":"El Centro De Monitoreo detect\u00f3 1.077 situaciones para que intervenga personal de seguridad y de tr\u00e1nsito - El Regional","isPartOf":{"@id":"http:\/\/elregionalvm.com.ar\/noticias-villa-maria\/#website"},"primaryImageOfPage":{"@id":"http:\/\/elregionalvm.com.ar\/noticias-villa-maria\/el-centro-de-monitoreo-detecto-1-077-situaciones-para-que-intervenga-personal-de-seguridad-y-de-transito\/#primaryimage"},"image":{"@id":"http:\/\/elregionalvm.com.ar\/noticias-villa-maria\/el-centro-de-monitoreo-detecto-1-077-situaciones-para-que-intervenga-personal-de-seguridad-y-de-transito\/#primaryimage"},"thumbnailUrl":"https:\/\/i0.wp.com\/elregionalvm.com.ar\/noticias-villa-maria\/wp-content\/uploads\/2021\/07\/WhatsApp-Image-2021-07-18-at-11.58.47.jpeg?fit=1280%2C854&ssl=1","datePublished":"2021-07-18T15:25:20+00:00","dateModified":"2021-07-18T15:25:21+00:00","author":{"@id":"http:\/\/elregionalvm.com.ar\/noticias-villa-maria\/#\/schema\/person\/a0fb9c422317faca23d50163151bc354"},"breadcrumb":{"@id":"http:\/\/elregionalvm.com.ar\/noticias-villa-maria\/el-centro-de-monitoreo-detecto-1-077-situaciones-para-que-intervenga-personal-de-seguridad-y-de-transito\/#breadcrumb"},"inLanguage":"es","potentialAction":[{"@type":"ReadAction","target":["http:\/\/elregionalvm.com.ar\/noticias-villa-maria\/el-centro-de-monitoreo-detecto-1-077-situaciones-para-que-intervenga-personal-de-seguridad-y-de-transito\/"]}]},{"@type":"ImageObject","inLanguage":"es","@id":"http:\/\/elregionalvm.com.ar\/noticias-villa-maria\/el-centro-de-monitoreo-detecto-1-077-situaciones-para-que-intervenga-personal-de-seguridad-y-de-transito\/#primaryimage","url":"https:\/\/i0.wp.com\/elregionalvm.com.ar\/noticias-villa-maria\/wp-content\/uploads\/2021\/07\/WhatsApp-Image-2021-07-18-at-11.58.47.jpeg?fit=1280%2C854&ssl=1","contentUrl":"https:\/\/i0.wp.com\/elregionalvm.com.ar\/noticias-villa-maria\/wp-content\/uploads\/2021\/07\/WhatsApp-Image-2021-07-18-at-11.58.47.jpeg?fit=1280%2C854&ssl=1","width":1280,"height":854},{"@type":"BreadcrumbList","@id":"http:\/\/elregionalvm.com.ar\/noticias-villa-maria\/el-centro-de-monitoreo-detecto-1-077-situaciones-para-que-intervenga-personal-de-seguridad-y-de-transito\/#breadcrumb","itemListElement":[{"@type":"ListItem","position":1,"name":"Portada","item":"https:\/\/elregionalvm.com.ar\/noticias-villa-maria\/"},{"@type":"ListItem","position":2,"name":"El Centro De Monitoreo detect\u00f3 1.077 situaciones para que intervenga personal de seguridad y de tr\u00e1nsito"}]},{"@type":"WebSite","@id":"http:\/\/elregionalvm.com.ar\/noticias-villa-maria\/#website","url":"http:\/\/elregionalvm.com.ar\/noticias-villa-maria\/","name":"El Regional","description":"Mucho m\u00e1s que informaci\u00f3n","potentialAction":[{"@type":"SearchAction","target":{"@type":"EntryPoint","urlTemplate":"http:\/\/elregionalvm.com.ar\/noticias-villa-maria\/?s={search_term_string}"},"query-input":{"@type":"PropertyValueSpecification","valueRequired":true,"valueName":"search_term_string"}}],"inLanguage":"es"},{"@type":"Person","@id":"http:\/\/elregionalvm.com.ar\/noticias-villa-maria\/#\/schema\/person\/a0fb9c422317faca23d50163151bc354","name":"Contenidos El Regional","image":{"@type":"ImageObject","inLanguage":"es","@id":"http:\/\/elregionalvm.com.ar\/noticias-villa-maria\/#\/schema\/person\/image\/","url":"https:\/\/secure.gravatar.com\/avatar\/265b27cb2209af7bb3a1318f03305787d7981a5cc6e6cd08fe5a4ecdf99d4b48?s=96&d=mm&r=g","contentUrl":"https:\/\/secure.gravatar.com\/avatar\/265b27cb2209af7bb3a1318f03305787d7981a5cc6e6cd08fe5a4ecdf99d4b48?s=96&d=mm&r=g","caption":"Contenidos El Regional"},"url":"https:\/\/elregionalvm.com.ar\/noticias-villa-maria\/author\/contenido\/"}]}},"jetpack_featured_media_url":"https:\/\/i0.wp.com\/elregionalvm.com.ar\/noticias-villa-maria\/wp-content\/uploads\/2021\/07\/WhatsApp-Image-2021-07-18-at-11.58.47.jpeg?fit=1280%2C854&ssl=1","jetpack_sharing_enabled":true,"_links":{"self":[{"href":"https:\/\/elregionalvm.com.ar\/noticias-villa-maria\/wp-json\/wp\/v2\/posts\/41189","targetHints":{"allow":["GET"]}}],"collection":[{"href":"https:\/\/elregionalvm.com.ar\/noticias-villa-maria\/wp-json\/wp\/v2\/posts"}],"about":[{"href":"https:\/\/elregionalvm.com.ar\/noticias-villa-maria\/wp-json\/wp\/v2\/types\/post"}],"author":[{"embeddable":true,"href":"https:\/\/elregionalvm.com.ar\/noticias-villa-maria\/wp-json\/wp\/v2\/users\/4"}],"replies":[{"embeddable":true,"href":"https:\/\/elregionalvm.com.ar\/noticias-villa-maria\/wp-json\/wp\/v2\/comments?post=41189"}],"version-history":[{"count":1,"href":"https:\/\/elregionalvm.com.ar\/noticias-villa-maria\/wp-json\/wp\/v2\/posts\/41189\/revisions"}],"predecessor-version":[{"id":41192,"href":"https:\/\/elregionalvm.com.ar\/noticias-villa-maria\/wp-json\/wp\/v2\/posts\/41189\/revisions\/41192"}],"wp:featuredmedia":[{"embeddable":true,"href":"https:\/\/elregionalvm.com.ar\/noticias-villa-maria\/wp-json\/wp\/v2\/media\/41190"}],"wp:attachment":[{"href":"https:\/\/elregionalvm.com.ar\/noticias-villa-maria\/wp-json\/wp\/v2\/media?parent=41189"}],"wp:term":[{"taxonomy":"category","embeddable":true,"href":"https:\/\/elregionalvm.com.ar\/noticias-villa-maria\/wp-json\/wp\/v2\/categories?post=41189"},{"taxonomy":"post_tag","embeddable":true,"href":"https:\/\/elregionalvm.com.ar\/noticias-villa-maria\/wp-json\/wp\/v2\/tags?post=41189"}],"curies":[{"name":"wp","href":"https:\/\/api.w.org\/{rel}","templated":true}]}}