{"id":41281,"date":"2021-07-20T20:58:55","date_gmt":"2021-07-20T20:58:55","guid":{"rendered":"https:\/\/elregionalvm.com.ar\/noticias-villa-maria\/?p=41281"},"modified":"2021-07-22T13:52:42","modified_gmt":"2021-07-22T13:52:42","slug":"tiempo-loco-por-que-con-el-frio-el-aliento-parece-humo","status":"publish","type":"post","link":"https:\/\/elregionalvm.com.ar\/noticias-villa-maria\/tiempo-loco-por-que-con-el-frio-el-aliento-parece-humo\/","title":{"rendered":"[Tiempo loco] \u00bfPor qu\u00e9 con el fr\u00edo, el aliento parece humo?"},"content":{"rendered":"\n<p><strong>Escribe: Mg. Hern\u00e1n Allasia<\/strong><\/p>\n\n\n\n<p>Cuando queremos demostrar que hace mucho fr\u00edo solemos hacer la \u201cprueba del aliento\u201d. Consiste en expulsar un poquito el aire desde nuestro interior hacia el ambiente.<\/p>\n\n\n\n<p>Si vemos el aliento como si fuera humo, es una prueba inequ\u00edvoca de que hace fr\u00edo. El aliento se hace visible porque se condensa. Pasa de estado gaseoso a l\u00edquido.<\/p>\n\n\n\n<p><strong>C\u00f3mo se produce<\/strong><\/p>\n\n\n\n<p>Cuando sale de nuestro cuerpo es un chorro de aire h\u00famedo a una temperatura media de 37 grados cent\u00edgrados.<\/p>\n\n\n\n<p>El agua presente en el aliento se condensa en \u201cpeque\u00f1as\u201d microgotas que flotan en el aire fr\u00edo exterior y se forma la neblina, seg\u00fan explica Juan Ignacio Mengual, director del Departamento de F\u00edsica Aplicada de la Universidad Complutense de Madrid en su libro \u00abF\u00edsica al alcance de todos\u00bb (Editorial Pearson).<\/p>\n\n\n\n<p>Este mismo fen\u00f3meno de condensaci\u00f3n sucede cuando una taza con una bebida muy caliente \u201cecha humo\u201d. En este caso el aire que est\u00e1 en contacto con la superficie del l\u00edquido caliente sube de temperatura.<\/p>\n\n\n\n<p>Como consecuencia se forma una corriente que arrastra consigo vapor de agua a zonas superiores m\u00e1s fr\u00edas, donde se condensa y forma el coloquialmente llamado \u201chumo\u201d. Y lo mismo ocurre cuando las alcantarillas expulsan humo en los d\u00edas de fr\u00edo invierno.<\/p>\n\n\n\n<p>As\u00ed es que s\u00ed, podemos expresar\u2026 Est\u00e1 que echa humo\u2026<\/p>\n\n\n\n<p><\/p>\n\n\n\n<p><em>Fuente: https:\/\/www.rtve.es\/noticias<\/em><\/p>\n","protected":false},"excerpt":{"rendered":"<p>Escribe: Mg. Hern\u00e1n Allasia Cuando queremos demostrar que hace mucho fr\u00edo solemos hacer la \u201cprueba del aliento\u201d. Consiste en expulsar un poquito el aire desde nuestro interior hacia el ambiente. Si vemos el aliento como si fuera humo, es una prueba inequ\u00edvoca de que hace fr\u00edo. El aliento se hace visible porque se condensa. Pasa [&hellip;]<\/p>\n","protected":false},"author":4,"featured_media":41282,"comment_status":"open","ping_status":"open","sticky":false,"template":"","format":"standard","meta":{"site-sidebar-layout":"default","site-content-layout":"default","ast-site-content-layout":"default","site-content-style":"default","site-sidebar-style":"default","ast-global-header-display":"","ast-banner-title-visibility":"","ast-main-header-display":"","ast-hfb-above-header-display":"","ast-hfb-below-header-display":"","ast-hfb-mobile-header-display":"","site-post-title":"","ast-breadcrumbs-content":"","ast-featured-img":"","footer-sml-layout":"","ast-disable-related-posts":"","theme-transparent-header-meta":"default","adv-header-id-meta":"","stick-header-meta":"","header-above-stick-meta":"","header-main-stick-meta":"","header-below-stick-meta":"","astra-migrate-meta-layouts":"default","ast-page-background-enabled":"default","ast-page-background-meta":{"desktop":{"background-color":"","background-image":"","background-repeat":"repeat","background-position":"center center","background-size":"auto","background-attachment":"scroll","background-type":"","background-media":"","overlay-type":"","overlay-color":"","overlay-opacity":"","overlay-gradient":""},"tablet":{"background-color":"","background-image":"","background-repeat":"repeat","background-position":"center center","background-size":"auto","background-attachment":"scroll","background-type":"","background-media":"","overlay-type":"","overlay-color":"","overlay-opacity":"","overlay-gradient":""},"mobile":{"background-color":"","background-image":"","background-repeat":"repeat","background-position":"center center","background-size":"auto","background-attachment":"scroll","background-type":"","background-media":"","overlay-type":"","overlay-color":"","overlay-opacity":"","overlay-gradient":""}},"ast-content-background-meta":{"desktop":{"background-color":"var(--ast-global-color-5)","background-image":"","background-repeat":"repeat","background-position":"center center","background-size":"auto","background-attachment":"scroll","background-type":"","background-media":"","overlay-type":"","overlay-color":"","overlay-opacity":"","overlay-gradient":""},"tablet":{"background-color":"var(--ast-global-color-5)","background-image":"","background-repeat":"repeat","background-position":"center center","background-size":"auto","background-attachment":"scroll","background-type":"","background-media":"","overlay-type":"","overlay-color":"","overlay-opacity":"","overlay-gradient":""},"mobile":{"background-color":"var(--ast-global-color-5)","background-image":"","background-repeat":"repeat","background-position":"center center","background-size":"auto","background-attachment":"scroll","background-type":"","background-media":"","overlay-type":"","overlay-color":"","overlay-opacity":"","overlay-gradient":""}},"_jetpack_memberships_contains_paid_content":false,"_joinchat":[],"footnotes":""},"categories":[5,3557],"tags":[1035,2175,8571,3401,1507,8699,8700],"class_list":["post-41281","post","type-post","status-publish","format-standard","has-post-thumbnail","hentry","category-sociedad","category-tercera","tag-clima","tag-frio","tag-hernan-allassia","tag-humo","tag-invierno","tag-pronostico-del-tiempo","tag-tiempo-loco"],"yoast_head":"<!-- This site is optimized with the Yoast SEO plugin v26.8 - https:\/\/yoast.com\/product\/yoast-seo-wordpress\/ -->\n<title>[Tiempo loco] \u00bfPor qu\u00e9 con el fr\u00edo, el aliento parece humo? - El Regional<\/title>\n<meta name=\"description\" content=\"Si vemos el aliento como si fuera humo, es una prueba inequ\u00edvoca de que hace fr\u00edo. El aliento se hace visible porque se condensa.\" \/>\n<meta name=\"robots\" content=\"index, follow, max-snippet:-1, max-image-preview:large, max-video-preview:-1\" \/>\n<link rel=\"canonical\" href=\"http:\/\/elregionalvm.com.ar\/noticias-villa-maria\/tiempo-loco-por-que-con-el-frio-el-aliento-parece-humo\/\" \/>\n<meta property=\"og:locale\" content=\"es_ES\" \/>\n<meta property=\"og:type\" content=\"article\" \/>\n<meta property=\"og:title\" content=\"[Tiempo loco] \u00bfPor qu\u00e9 con el fr\u00edo, el aliento parece humo? - El Regional\" \/>\n<meta property=\"og:description\" content=\"Si vemos el aliento como si fuera humo, es una prueba inequ\u00edvoca de que hace fr\u00edo. El aliento se hace visible porque se condensa.\" \/>\n<meta property=\"og:url\" content=\"http:\/\/elregionalvm.com.ar\/noticias-villa-maria\/tiempo-loco-por-que-con-el-frio-el-aliento-parece-humo\/\" \/>\n<meta property=\"og:site_name\" content=\"El Regional\" \/>\n<meta property=\"article:publisher\" content=\"https:\/\/www.facebook.com\/elregionalvm\" \/>\n<meta property=\"article:published_time\" content=\"2021-07-20T20:58:55+00:00\" \/>\n<meta property=\"article:modified_time\" content=\"2021-07-22T13:52:42+00:00\" \/>\n<meta property=\"og:image\" content=\"http:\/\/elregionalvm.com.ar\/noticias-villa-maria\/wp-content\/uploads\/2021\/07\/Aliento-frio.jpg\" \/>\n\t<meta property=\"og:image:width\" content=\"1164\" \/>\n\t<meta property=\"og:image:height\" content=\"665\" \/>\n\t<meta property=\"og:image:type\" content=\"image\/jpeg\" \/>\n<meta name=\"author\" content=\"Contenidos El Regional\" \/>\n<meta name=\"twitter:card\" content=\"summary_large_image\" \/>\n<meta name=\"twitter:creator\" content=\"@elregionalvm1\" \/>\n<meta name=\"twitter:site\" content=\"@elregionalvm1\" \/>\n<meta name=\"twitter:label1\" content=\"Escrito por\" \/>\n\t<meta name=\"twitter:data1\" content=\"Contenidos El Regional\" \/>\n\t<meta name=\"twitter:label2\" content=\"Tiempo de lectura\" \/>\n\t<meta name=\"twitter:data2\" content=\"1 minuto\" \/>\n<script type=\"application\/ld+json\" class=\"yoast-schema-graph\">{\"@context\":\"https:\/\/schema.org\",\"@graph\":[{\"@type\":\"Article\",\"@id\":\"http:\/\/elregionalvm.com.ar\/noticias-villa-maria\/tiempo-loco-por-que-con-el-frio-el-aliento-parece-humo\/#article\",\"isPartOf\":{\"@id\":\"http:\/\/elregionalvm.com.ar\/noticias-villa-maria\/tiempo-loco-por-que-con-el-frio-el-aliento-parece-humo\/\"},\"author\":{\"name\":\"Contenidos El Regional\",\"@id\":\"http:\/\/elregionalvm.com.ar\/noticias-villa-maria\/#\/schema\/person\/a0fb9c422317faca23d50163151bc354\"},\"headline\":\"[Tiempo loco] \u00bfPor qu\u00e9 con el fr\u00edo, el aliento parece humo?\",\"datePublished\":\"2021-07-20T20:58:55+00:00\",\"dateModified\":\"2021-07-22T13:52:42+00:00\",\"mainEntityOfPage\":{\"@id\":\"http:\/\/elregionalvm.com.ar\/noticias-villa-maria\/tiempo-loco-por-que-con-el-frio-el-aliento-parece-humo\/\"},\"wordCount\":254,\"commentCount\":0,\"image\":{\"@id\":\"http:\/\/elregionalvm.com.ar\/noticias-villa-maria\/tiempo-loco-por-que-con-el-frio-el-aliento-parece-humo\/#primaryimage\"},\"thumbnailUrl\":\"https:\/\/i0.wp.com\/elregionalvm.com.ar\/noticias-villa-maria\/wp-content\/uploads\/2021\/07\/Aliento-frio.jpg?fit=1164%2C665&ssl=1\",\"keywords\":[\"Clima\",\"Frio\",\"Hern\u00e1n Allassia\",\"humo\",\"invierno\",\"Pron\u00f3stico del tiempo\",\"Tiempo loco\"],\"articleSection\":[\"Sociedad\",\"tercera\"],\"inLanguage\":\"es\",\"potentialAction\":[{\"@type\":\"CommentAction\",\"name\":\"Comment\",\"target\":[\"http:\/\/elregionalvm.com.ar\/noticias-villa-maria\/tiempo-loco-por-que-con-el-frio-el-aliento-parece-humo\/#respond\"]}]},{\"@type\":\"WebPage\",\"@id\":\"http:\/\/elregionalvm.com.ar\/noticias-villa-maria\/tiempo-loco-por-que-con-el-frio-el-aliento-parece-humo\/\",\"url\":\"http:\/\/elregionalvm.com.ar\/noticias-villa-maria\/tiempo-loco-por-que-con-el-frio-el-aliento-parece-humo\/\",\"name\":\"[Tiempo loco] \u00bfPor qu\u00e9 con el fr\u00edo, el aliento parece humo? - El Regional\",\"isPartOf\":{\"@id\":\"http:\/\/elregionalvm.com.ar\/noticias-villa-maria\/#website\"},\"primaryImageOfPage\":{\"@id\":\"http:\/\/elregionalvm.com.ar\/noticias-villa-maria\/tiempo-loco-por-que-con-el-frio-el-aliento-parece-humo\/#primaryimage\"},\"image\":{\"@id\":\"http:\/\/elregionalvm.com.ar\/noticias-villa-maria\/tiempo-loco-por-que-con-el-frio-el-aliento-parece-humo\/#primaryimage\"},\"thumbnailUrl\":\"https:\/\/i0.wp.com\/elregionalvm.com.ar\/noticias-villa-maria\/wp-content\/uploads\/2021\/07\/Aliento-frio.jpg?fit=1164%2C665&ssl=1\",\"datePublished\":\"2021-07-20T20:58:55+00:00\",\"dateModified\":\"2021-07-22T13:52:42+00:00\",\"author\":{\"@id\":\"http:\/\/elregionalvm.com.ar\/noticias-villa-maria\/#\/schema\/person\/a0fb9c422317faca23d50163151bc354\"},\"description\":\"Si vemos el aliento como si fuera humo, es una prueba inequ\u00edvoca de que hace fr\u00edo. El aliento se hace visible porque se condensa.\",\"breadcrumb\":{\"@id\":\"http:\/\/elregionalvm.com.ar\/noticias-villa-maria\/tiempo-loco-por-que-con-el-frio-el-aliento-parece-humo\/#breadcrumb\"},\"inLanguage\":\"es\",\"potentialAction\":[{\"@type\":\"ReadAction\",\"target\":[\"http:\/\/elregionalvm.com.ar\/noticias-villa-maria\/tiempo-loco-por-que-con-el-frio-el-aliento-parece-humo\/\"]}]},{\"@type\":\"ImageObject\",\"inLanguage\":\"es\",\"@id\":\"http:\/\/elregionalvm.com.ar\/noticias-villa-maria\/tiempo-loco-por-que-con-el-frio-el-aliento-parece-humo\/#primaryimage\",\"url\":\"https:\/\/i0.wp.com\/elregionalvm.com.ar\/noticias-villa-maria\/wp-content\/uploads\/2021\/07\/Aliento-frio.jpg?fit=1164%2C665&ssl=1\",\"contentUrl\":\"https:\/\/i0.wp.com\/elregionalvm.com.ar\/noticias-villa-maria\/wp-content\/uploads\/2021\/07\/Aliento-frio.jpg?fit=1164%2C665&ssl=1\",\"width\":1164,\"height\":665},{\"@type\":\"BreadcrumbList\",\"@id\":\"http:\/\/elregionalvm.com.ar\/noticias-villa-maria\/tiempo-loco-por-que-con-el-frio-el-aliento-parece-humo\/#breadcrumb\",\"itemListElement\":[{\"@type\":\"ListItem\",\"position\":1,\"name\":\"Portada\",\"item\":\"https:\/\/elregionalvm.com.ar\/noticias-villa-maria\/\"},{\"@type\":\"ListItem\",\"position\":2,\"name\":\"[Tiempo loco] \u00bfPor qu\u00e9 con el fr\u00edo, el aliento parece humo?\"}]},{\"@type\":\"WebSite\",\"@id\":\"http:\/\/elregionalvm.com.ar\/noticias-villa-maria\/#website\",\"url\":\"http:\/\/elregionalvm.com.ar\/noticias-villa-maria\/\",\"name\":\"El Regional\",\"description\":\"Mucho m\u00e1s que informaci\u00f3n\",\"potentialAction\":[{\"@type\":\"SearchAction\",\"target\":{\"@type\":\"EntryPoint\",\"urlTemplate\":\"http:\/\/elregionalvm.com.ar\/noticias-villa-maria\/?s={search_term_string}\"},\"query-input\":{\"@type\":\"PropertyValueSpecification\",\"valueRequired\":true,\"valueName\":\"search_term_string\"}}],\"inLanguage\":\"es\"},{\"@type\":\"Person\",\"@id\":\"http:\/\/elregionalvm.com.ar\/noticias-villa-maria\/#\/schema\/person\/a0fb9c422317faca23d50163151bc354\",\"name\":\"Contenidos El Regional\",\"image\":{\"@type\":\"ImageObject\",\"inLanguage\":\"es\",\"@id\":\"http:\/\/elregionalvm.com.ar\/noticias-villa-maria\/#\/schema\/person\/image\/\",\"url\":\"https:\/\/secure.gravatar.com\/avatar\/265b27cb2209af7bb3a1318f03305787d7981a5cc6e6cd08fe5a4ecdf99d4b48?s=96&d=mm&r=g\",\"contentUrl\":\"https:\/\/secure.gravatar.com\/avatar\/265b27cb2209af7bb3a1318f03305787d7981a5cc6e6cd08fe5a4ecdf99d4b48?s=96&d=mm&r=g\",\"caption\":\"Contenidos El Regional\"},\"url\":\"https:\/\/elregionalvm.com.ar\/noticias-villa-maria\/author\/contenido\/\"}]}<\/script>\n<!-- \/ Yoast SEO plugin. -->","yoast_head_json":{"title":"[Tiempo loco] \u00bfPor qu\u00e9 con el fr\u00edo, el aliento parece humo? - El Regional","description":"Si vemos el aliento como si fuera humo, es una prueba inequ\u00edvoca de que hace fr\u00edo. El aliento se hace visible porque se condensa.","robots":{"index":"index","follow":"follow","max-snippet":"max-snippet:-1","max-image-preview":"max-image-preview:large","max-video-preview":"max-video-preview:-1"},"canonical":"http:\/\/elregionalvm.com.ar\/noticias-villa-maria\/tiempo-loco-por-que-con-el-frio-el-aliento-parece-humo\/","og_locale":"es_ES","og_type":"article","og_title":"[Tiempo loco] \u00bfPor qu\u00e9 con el fr\u00edo, el aliento parece humo? - El Regional","og_description":"Si vemos el aliento como si fuera humo, es una prueba inequ\u00edvoca de que hace fr\u00edo. El aliento se hace visible porque se condensa.","og_url":"http:\/\/elregionalvm.com.ar\/noticias-villa-maria\/tiempo-loco-por-que-con-el-frio-el-aliento-parece-humo\/","og_site_name":"El Regional","article_publisher":"https:\/\/www.facebook.com\/elregionalvm","article_published_time":"2021-07-20T20:58:55+00:00","article_modified_time":"2021-07-22T13:52:42+00:00","og_image":[{"width":1164,"height":665,"url":"http:\/\/elregionalvm.com.ar\/noticias-villa-maria\/wp-content\/uploads\/2021\/07\/Aliento-frio.jpg","type":"image\/jpeg"}],"author":"Contenidos El Regional","twitter_card":"summary_large_image","twitter_creator":"@elregionalvm1","twitter_site":"@elregionalvm1","twitter_misc":{"Escrito por":"Contenidos El Regional","Tiempo de lectura":"1 minuto"},"schema":{"@context":"https:\/\/schema.org","@graph":[{"@type":"Article","@id":"http:\/\/elregionalvm.com.ar\/noticias-villa-maria\/tiempo-loco-por-que-con-el-frio-el-aliento-parece-humo\/#article","isPartOf":{"@id":"http:\/\/elregionalvm.com.ar\/noticias-villa-maria\/tiempo-loco-por-que-con-el-frio-el-aliento-parece-humo\/"},"author":{"name":"Contenidos El Regional","@id":"http:\/\/elregionalvm.com.ar\/noticias-villa-maria\/#\/schema\/person\/a0fb9c422317faca23d50163151bc354"},"headline":"[Tiempo loco] \u00bfPor qu\u00e9 con el fr\u00edo, el aliento parece humo?","datePublished":"2021-07-20T20:58:55+00:00","dateModified":"2021-07-22T13:52:42+00:00","mainEntityOfPage":{"@id":"http:\/\/elregionalvm.com.ar\/noticias-villa-maria\/tiempo-loco-por-que-con-el-frio-el-aliento-parece-humo\/"},"wordCount":254,"commentCount":0,"image":{"@id":"http:\/\/elregionalvm.com.ar\/noticias-villa-maria\/tiempo-loco-por-que-con-el-frio-el-aliento-parece-humo\/#primaryimage"},"thumbnailUrl":"https:\/\/i0.wp.com\/elregionalvm.com.ar\/noticias-villa-maria\/wp-content\/uploads\/2021\/07\/Aliento-frio.jpg?fit=1164%2C665&ssl=1","keywords":["Clima","Frio","Hern\u00e1n Allassia","humo","invierno","Pron\u00f3stico del tiempo","Tiempo loco"],"articleSection":["Sociedad","tercera"],"inLanguage":"es","potentialAction":[{"@type":"CommentAction","name":"Comment","target":["http:\/\/elregionalvm.com.ar\/noticias-villa-maria\/tiempo-loco-por-que-con-el-frio-el-aliento-parece-humo\/#respond"]}]},{"@type":"WebPage","@id":"http:\/\/elregionalvm.com.ar\/noticias-villa-maria\/tiempo-loco-por-que-con-el-frio-el-aliento-parece-humo\/","url":"http:\/\/elregionalvm.com.ar\/noticias-villa-maria\/tiempo-loco-por-que-con-el-frio-el-aliento-parece-humo\/","name":"[Tiempo loco] \u00bfPor qu\u00e9 con el fr\u00edo, el aliento parece humo? - El Regional","isPartOf":{"@id":"http:\/\/elregionalvm.com.ar\/noticias-villa-maria\/#website"},"primaryImageOfPage":{"@id":"http:\/\/elregionalvm.com.ar\/noticias-villa-maria\/tiempo-loco-por-que-con-el-frio-el-aliento-parece-humo\/#primaryimage"},"image":{"@id":"http:\/\/elregionalvm.com.ar\/noticias-villa-maria\/tiempo-loco-por-que-con-el-frio-el-aliento-parece-humo\/#primaryimage"},"thumbnailUrl":"https:\/\/i0.wp.com\/elregionalvm.com.ar\/noticias-villa-maria\/wp-content\/uploads\/2021\/07\/Aliento-frio.jpg?fit=1164%2C665&ssl=1","datePublished":"2021-07-20T20:58:55+00:00","dateModified":"2021-07-22T13:52:42+00:00","author":{"@id":"http:\/\/elregionalvm.com.ar\/noticias-villa-maria\/#\/schema\/person\/a0fb9c422317faca23d50163151bc354"},"description":"Si vemos el aliento como si fuera humo, es una prueba inequ\u00edvoca de que hace fr\u00edo. El aliento se hace visible porque se condensa.","breadcrumb":{"@id":"http:\/\/elregionalvm.com.ar\/noticias-villa-maria\/tiempo-loco-por-que-con-el-frio-el-aliento-parece-humo\/#breadcrumb"},"inLanguage":"es","potentialAction":[{"@type":"ReadAction","target":["http:\/\/elregionalvm.com.ar\/noticias-villa-maria\/tiempo-loco-por-que-con-el-frio-el-aliento-parece-humo\/"]}]},{"@type":"ImageObject","inLanguage":"es","@id":"http:\/\/elregionalvm.com.ar\/noticias-villa-maria\/tiempo-loco-por-que-con-el-frio-el-aliento-parece-humo\/#primaryimage","url":"https:\/\/i0.wp.com\/elregionalvm.com.ar\/noticias-villa-maria\/wp-content\/uploads\/2021\/07\/Aliento-frio.jpg?fit=1164%2C665&ssl=1","contentUrl":"https:\/\/i0.wp.com\/elregionalvm.com.ar\/noticias-villa-maria\/wp-content\/uploads\/2021\/07\/Aliento-frio.jpg?fit=1164%2C665&ssl=1","width":1164,"height":665},{"@type":"BreadcrumbList","@id":"http:\/\/elregionalvm.com.ar\/noticias-villa-maria\/tiempo-loco-por-que-con-el-frio-el-aliento-parece-humo\/#breadcrumb","itemListElement":[{"@type":"ListItem","position":1,"name":"Portada","item":"https:\/\/elregionalvm.com.ar\/noticias-villa-maria\/"},{"@type":"ListItem","position":2,"name":"[Tiempo loco] \u00bfPor qu\u00e9 con el fr\u00edo, el aliento parece humo?"}]},{"@type":"WebSite","@id":"http:\/\/elregionalvm.com.ar\/noticias-villa-maria\/#website","url":"http:\/\/elregionalvm.com.ar\/noticias-villa-maria\/","name":"El Regional","description":"Mucho m\u00e1s que informaci\u00f3n","potentialAction":[{"@type":"SearchAction","target":{"@type":"EntryPoint","urlTemplate":"http:\/\/elregionalvm.com.ar\/noticias-villa-maria\/?s={search_term_string}"},"query-input":{"@type":"PropertyValueSpecification","valueRequired":true,"valueName":"search_term_string"}}],"inLanguage":"es"},{"@type":"Person","@id":"http:\/\/elregionalvm.com.ar\/noticias-villa-maria\/#\/schema\/person\/a0fb9c422317faca23d50163151bc354","name":"Contenidos El Regional","image":{"@type":"ImageObject","inLanguage":"es","@id":"http:\/\/elregionalvm.com.ar\/noticias-villa-maria\/#\/schema\/person\/image\/","url":"https:\/\/secure.gravatar.com\/avatar\/265b27cb2209af7bb3a1318f03305787d7981a5cc6e6cd08fe5a4ecdf99d4b48?s=96&d=mm&r=g","contentUrl":"https:\/\/secure.gravatar.com\/avatar\/265b27cb2209af7bb3a1318f03305787d7981a5cc6e6cd08fe5a4ecdf99d4b48?s=96&d=mm&r=g","caption":"Contenidos El Regional"},"url":"https:\/\/elregionalvm.com.ar\/noticias-villa-maria\/author\/contenido\/"}]}},"jetpack_featured_media_url":"https:\/\/i0.wp.com\/elregionalvm.com.ar\/noticias-villa-maria\/wp-content\/uploads\/2021\/07\/Aliento-frio.jpg?fit=1164%2C665&ssl=1","jetpack_sharing_enabled":true,"_links":{"self":[{"href":"https:\/\/elregionalvm.com.ar\/noticias-villa-maria\/wp-json\/wp\/v2\/posts\/41281","targetHints":{"allow":["GET"]}}],"collection":[{"href":"https:\/\/elregionalvm.com.ar\/noticias-villa-maria\/wp-json\/wp\/v2\/posts"}],"about":[{"href":"https:\/\/elregionalvm.com.ar\/noticias-villa-maria\/wp-json\/wp\/v2\/types\/post"}],"author":[{"embeddable":true,"href":"https:\/\/elregionalvm.com.ar\/noticias-villa-maria\/wp-json\/wp\/v2\/users\/4"}],"replies":[{"embeddable":true,"href":"https:\/\/elregionalvm.com.ar\/noticias-villa-maria\/wp-json\/wp\/v2\/comments?post=41281"}],"version-history":[{"count":1,"href":"https:\/\/elregionalvm.com.ar\/noticias-villa-maria\/wp-json\/wp\/v2\/posts\/41281\/revisions"}],"predecessor-version":[{"id":41283,"href":"https:\/\/elregionalvm.com.ar\/noticias-villa-maria\/wp-json\/wp\/v2\/posts\/41281\/revisions\/41283"}],"wp:featuredmedia":[{"embeddable":true,"href":"https:\/\/elregionalvm.com.ar\/noticias-villa-maria\/wp-json\/wp\/v2\/media\/41282"}],"wp:attachment":[{"href":"https:\/\/elregionalvm.com.ar\/noticias-villa-maria\/wp-json\/wp\/v2\/media?parent=41281"}],"wp:term":[{"taxonomy":"category","embeddable":true,"href":"https:\/\/elregionalvm.com.ar\/noticias-villa-maria\/wp-json\/wp\/v2\/categories?post=41281"},{"taxonomy":"post_tag","embeddable":true,"href":"https:\/\/elregionalvm.com.ar\/noticias-villa-maria\/wp-json\/wp\/v2\/tags?post=41281"}],"curies":[{"name":"wp","href":"https:\/\/api.w.org\/{rel}","templated":true}]}}