{"id":41290,"date":"2021-07-21T02:04:41","date_gmt":"2021-07-21T02:04:41","guid":{"rendered":"https:\/\/elregionalvm.com.ar\/noticias-villa-maria\/?p=41290"},"modified":"2021-07-21T02:04:43","modified_gmt":"2021-07-21T02:04:43","slug":"el-consejo-municipal-del-trabajo-impulsa-una-diplomatura-para-dirigentes-sindicales","status":"publish","type":"post","link":"https:\/\/elregionalvm.com.ar\/noticias-villa-maria\/el-consejo-municipal-del-trabajo-impulsa-una-diplomatura-para-dirigentes-sindicales\/","title":{"rendered":"El Consejo Municipal del Trabajo impulsa una diplomatura para dirigentes sindicales"},"content":{"rendered":"\n<p>El municipio, desde la Secretar\u00eda de Planeamiento, Relaciones Institucionales y Vinculaci\u00f3n Comunitaria y del Consejo Municipal del Trabajo, impulsa la Diplomatura en Conducci\u00f3n de Organizaciones Sociales. La misma se dictar\u00e1 a dirigentes sindicales a trav\u00e9s de la Universidad Nacional de Villa Mar\u00eda con fondos del Ministerio de Trabajo de la Naci\u00f3n. El intendente interino, Pablo Rosso, encabez\u00f3 durante la ma\u00f1ana de hoy una reuni\u00f3n junto a autoridades de ambas entidades a los fines de brindar informaci\u00f3n sobre la puesta en marcha de la propuesta formativa.<\/p>\n\n\n\n<p>En este marco, el mandatario local junto al rector de la UNVM, Luis Negretti, dieron a conocer detalles sobre la iniciativa orientada a trabajadores, delegados, dirigentes gremiales y ciudadanos que deseen desempe\u00f1arse en estas funciones. De esta manera, se propone la creaci\u00f3n de espacios de reflexi\u00f3n y debate sobre diversas problem\u00e1ticas laborales a los fines de desarrollar un esp\u00edritu cr\u00edtico pertinente a la representaci\u00f3n y direcci\u00f3n gremial.<\/p>\n\n\n\n<p>Al respecto, Rosso se\u00f1al\u00f3: \u201cEs una gran satisfacci\u00f3n volver a trabajar juntos e iniciar un proceso de trabajo articulado para potenciar la capacitaci\u00f3n de nuestros dirigentes\u201d. \u201cEs de gran importancia llevar adelante acciones que nos permitan capacitar a los representantes de los trabajadores\u201d, indic\u00f3.<\/p>\n\n\n\n<div class=\"wp-block-image\"><figure class=\"aligncenter size-large is-resized\"><img data-recalc-dims=\"1\" fetchpriority=\"high\" decoding=\"async\" src=\"https:\/\/i0.wp.com\/elregionalvm.com.ar\/noticias-villa-maria\/wp-content\/uploads\/2021\/07\/WhatsApp-Image-2021-07-20-at-15.45.56-1.jpeg?resize=692%2C460&#038;ssl=1\" alt=\"\" class=\"wp-image-41292\" width=\"692\" height=\"460\" srcset=\"https:\/\/i0.wp.com\/elregionalvm.com.ar\/noticias-villa-maria\/wp-content\/uploads\/2021\/07\/WhatsApp-Image-2021-07-20-at-15.45.56-1.jpeg?resize=1024%2C682&amp;ssl=1 1024w, https:\/\/i0.wp.com\/elregionalvm.com.ar\/noticias-villa-maria\/wp-content\/uploads\/2021\/07\/WhatsApp-Image-2021-07-20-at-15.45.56-1.jpeg?resize=300%2C200&amp;ssl=1 300w, https:\/\/i0.wp.com\/elregionalvm.com.ar\/noticias-villa-maria\/wp-content\/uploads\/2021\/07\/WhatsApp-Image-2021-07-20-at-15.45.56-1.jpeg?resize=768%2C512&amp;ssl=1 768w, https:\/\/i0.wp.com\/elregionalvm.com.ar\/noticias-villa-maria\/wp-content\/uploads\/2021\/07\/WhatsApp-Image-2021-07-20-at-15.45.56-1.jpeg?w=1280&amp;ssl=1 1280w\" sizes=\"(max-width: 692px) 100vw, 692px\" \/><\/figure><\/div>\n\n\n\n<p>Al mismo tiempo, el intendente interino resalt\u00f3 que \u201cdesde el municipio queremos celebrar la inminente puesta en marcha de este programa y el compromiso de seguir trabajando junto a cada uno de los ministerios del Estado Nacional y junto a las universidades\u201d.<\/p>\n\n\n\n<p>Por su parte, Negretti destac\u00f3 el trabajo que se viene llevando a cabo entre el municipio, la UNVM y el Gobierno Nacional en pos de beneficios para la ciudadan\u00eda y argument\u00f3 que mediante este tipo de articulaciones se contribuye al sistema de educaci\u00f3n superior p\u00fablico.<\/p>\n\n\n\n<p>En tanto, la diplomatura propone una formaci\u00f3n que consta de tres m\u00f3dulos en los que ser\u00e1n abordadas tem\u00e1ticas vinculadas al movimiento obrero, los desaf\u00edos del mundo del trabajo y a las herramientas necesarias para la pr\u00e1ctica de la actividad. De esta manera, la capacitaci\u00f3n contar\u00e1 con un total de 110 horas, las cuales ser\u00e1n desarrolladas a trav\u00e9s de la Plataforma Moodle del Campus de la UNVM, mediante clases sincr\u00f3nicas, asincr\u00f3nicas y autoevaluaciones.<\/p>\n\n\n\n<p>Cabe destacar que la propuesta cuenta con un cupo limitado de 80 participantes, quienes pueden inscribirse a partir de hoy a trav\u00e9s de los diferentes canales disponibles. Quienes as\u00ed lo deseen podr\u00e1n hacerlo comunic\u00e1ndose al correo consejodeltrabajo@villamaria.gob.ar o mediante la Secretar\u00eda de Planeamiento, Relaciones Institucionales y Vinculaci\u00f3n Comunitaria del municipio.<\/p>\n\n\n\n<p>Durante el encuentro que tuvo lugar en el Sal\u00f3n Presidente Per\u00f3n tambi\u00e9n acompa\u00f1aron el subsecretario de Planeamiento y Vinculaci\u00f3n Comunitaria, Otto Wester, y el coordinador del Consejo Municipal del Trabajo, Eugenio Salvatori, junto a representantes de dicha entidad y diferentes gremios.<\/p>\n","protected":false},"excerpt":{"rendered":"<p>El municipio, desde la Secretar\u00eda de Planeamiento, Relaciones Institucionales y Vinculaci\u00f3n Comunitaria y del Consejo Municipal del Trabajo, impulsa la Diplomatura en Conducci\u00f3n de Organizaciones Sociales. La misma se dictar\u00e1 a dirigentes sindicales a trav\u00e9s de la Universidad Nacional de Villa Mar\u00eda con fondos del Ministerio de Trabajo de la Naci\u00f3n. El intendente interino, Pablo [&hellip;]<\/p>\n","protected":false},"author":4,"featured_media":41291,"comment_status":"open","ping_status":"open","sticky":false,"template":"","format":"standard","meta":{"site-sidebar-layout":"default","site-content-layout":"default","ast-site-content-layout":"default","site-content-style":"default","site-sidebar-style":"default","ast-global-header-display":"","ast-banner-title-visibility":"","ast-main-header-display":"","ast-hfb-above-header-display":"","ast-hfb-below-header-display":"","ast-hfb-mobile-header-display":"","site-post-title":"","ast-breadcrumbs-content":"","ast-featured-img":"","footer-sml-layout":"","ast-disable-related-posts":"","theme-transparent-header-meta":"default","adv-header-id-meta":"","stick-header-meta":"","header-above-stick-meta":"","header-main-stick-meta":"","header-below-stick-meta":"","astra-migrate-meta-layouts":"default","ast-page-background-enabled":"default","ast-page-background-meta":{"desktop":{"background-color":"","background-image":"","background-repeat":"repeat","background-position":"center center","background-size":"auto","background-attachment":"scroll","background-type":"","background-media":"","overlay-type":"","overlay-color":"","overlay-opacity":"","overlay-gradient":""},"tablet":{"background-color":"","background-image":"","background-repeat":"repeat","background-position":"center center","background-size":"auto","background-attachment":"scroll","background-type":"","background-media":"","overlay-type":"","overlay-color":"","overlay-opacity":"","overlay-gradient":""},"mobile":{"background-color":"","background-image":"","background-repeat":"repeat","background-position":"center center","background-size":"auto","background-attachment":"scroll","background-type":"","background-media":"","overlay-type":"","overlay-color":"","overlay-opacity":"","overlay-gradient":""}},"ast-content-background-meta":{"desktop":{"background-color":"var(--ast-global-color-5)","background-image":"","background-repeat":"repeat","background-position":"center center","background-size":"auto","background-attachment":"scroll","background-type":"","background-media":"","overlay-type":"","overlay-color":"","overlay-opacity":"","overlay-gradient":""},"tablet":{"background-color":"var(--ast-global-color-5)","background-image":"","background-repeat":"repeat","background-position":"center center","background-size":"auto","background-attachment":"scroll","background-type":"","background-media":"","overlay-type":"","overlay-color":"","overlay-opacity":"","overlay-gradient":""},"mobile":{"background-color":"var(--ast-global-color-5)","background-image":"","background-repeat":"repeat","background-position":"center center","background-size":"auto","background-attachment":"scroll","background-type":"","background-media":"","overlay-type":"","overlay-color":"","overlay-opacity":"","overlay-gradient":""}},"_jetpack_memberships_contains_paid_content":false,"_joinchat":[],"footnotes":""},"categories":[2],"tags":[10130,1232,10129,10131,459,2248],"class_list":["post-41290","post","type-post","status-publish","format-standard","has-post-thumbnail","hentry","category-villa-maria","tag-consejo-municipal-del-trabajo","tag-destacado","tag-diplomatura","tag-dirigentes-sindicales","tag-unvm","tag-villa-maria-2"],"yoast_head":"<!-- This site is optimized with the Yoast SEO plugin v26.8 - https:\/\/yoast.com\/product\/yoast-seo-wordpress\/ -->\n<title>El Consejo Municipal del Trabajo impulsa una diplomatura para dirigentes sindicales - El Regional<\/title>\n<meta name=\"robots\" content=\"index, follow, max-snippet:-1, max-image-preview:large, max-video-preview:-1\" \/>\n<link rel=\"canonical\" href=\"http:\/\/elregionalvm.com.ar\/noticias-villa-maria\/el-consejo-municipal-del-trabajo-impulsa-una-diplomatura-para-dirigentes-sindicales\/\" \/>\n<meta property=\"og:locale\" content=\"es_ES\" \/>\n<meta property=\"og:type\" content=\"article\" \/>\n<meta property=\"og:title\" content=\"El Consejo Municipal del Trabajo impulsa una diplomatura para dirigentes sindicales - El Regional\" \/>\n<meta property=\"og:description\" content=\"El municipio, desde la Secretar\u00eda de Planeamiento, Relaciones Institucionales y Vinculaci\u00f3n Comunitaria y del Consejo Municipal del Trabajo, impulsa la Diplomatura en Conducci\u00f3n de Organizaciones Sociales. La misma se dictar\u00e1 a dirigentes sindicales a trav\u00e9s de la Universidad Nacional de Villa Mar\u00eda con fondos del Ministerio de Trabajo de la Naci\u00f3n. El intendente interino, Pablo [&hellip;]\" \/>\n<meta property=\"og:url\" content=\"http:\/\/elregionalvm.com.ar\/noticias-villa-maria\/el-consejo-municipal-del-trabajo-impulsa-una-diplomatura-para-dirigentes-sindicales\/\" \/>\n<meta property=\"og:site_name\" content=\"El Regional\" \/>\n<meta property=\"article:publisher\" content=\"https:\/\/www.facebook.com\/elregionalvm\" \/>\n<meta property=\"article:published_time\" content=\"2021-07-21T02:04:41+00:00\" \/>\n<meta property=\"article:modified_time\" content=\"2021-07-21T02:04:43+00:00\" \/>\n<meta property=\"og:image\" content=\"http:\/\/elregionalvm.com.ar\/noticias-villa-maria\/wp-content\/uploads\/2021\/07\/WhatsApp-Image-2021-07-20-at-15.45.56.jpeg\" \/>\n\t<meta property=\"og:image:width\" content=\"1280\" \/>\n\t<meta property=\"og:image:height\" content=\"853\" \/>\n\t<meta property=\"og:image:type\" content=\"image\/jpeg\" \/>\n<meta name=\"author\" content=\"Contenidos El Regional\" \/>\n<meta name=\"twitter:card\" content=\"summary_large_image\" \/>\n<meta name=\"twitter:creator\" content=\"@elregionalvm1\" \/>\n<meta name=\"twitter:site\" content=\"@elregionalvm1\" \/>\n<meta name=\"twitter:label1\" content=\"Escrito por\" \/>\n\t<meta name=\"twitter:data1\" content=\"Contenidos El Regional\" \/>\n\t<meta name=\"twitter:label2\" content=\"Tiempo de lectura\" \/>\n\t<meta name=\"twitter:data2\" content=\"3 minutos\" \/>\n<script type=\"application\/ld+json\" class=\"yoast-schema-graph\">{\"@context\":\"https:\/\/schema.org\",\"@graph\":[{\"@type\":\"Article\",\"@id\":\"http:\/\/elregionalvm.com.ar\/noticias-villa-maria\/el-consejo-municipal-del-trabajo-impulsa-una-diplomatura-para-dirigentes-sindicales\/#article\",\"isPartOf\":{\"@id\":\"http:\/\/elregionalvm.com.ar\/noticias-villa-maria\/el-consejo-municipal-del-trabajo-impulsa-una-diplomatura-para-dirigentes-sindicales\/\"},\"author\":{\"name\":\"Contenidos El Regional\",\"@id\":\"http:\/\/elregionalvm.com.ar\/noticias-villa-maria\/#\/schema\/person\/a0fb9c422317faca23d50163151bc354\"},\"headline\":\"El Consejo Municipal del Trabajo impulsa una diplomatura para dirigentes sindicales\",\"datePublished\":\"2021-07-21T02:04:41+00:00\",\"dateModified\":\"2021-07-21T02:04:43+00:00\",\"mainEntityOfPage\":{\"@id\":\"http:\/\/elregionalvm.com.ar\/noticias-villa-maria\/el-consejo-municipal-del-trabajo-impulsa-una-diplomatura-para-dirigentes-sindicales\/\"},\"wordCount\":502,\"commentCount\":0,\"image\":{\"@id\":\"http:\/\/elregionalvm.com.ar\/noticias-villa-maria\/el-consejo-municipal-del-trabajo-impulsa-una-diplomatura-para-dirigentes-sindicales\/#primaryimage\"},\"thumbnailUrl\":\"https:\/\/i0.wp.com\/elregionalvm.com.ar\/noticias-villa-maria\/wp-content\/uploads\/2021\/07\/WhatsApp-Image-2021-07-20-at-15.45.56.jpeg?fit=1280%2C853&ssl=1\",\"keywords\":[\"Consejo Municipal del Trabajo\",\"destacado\",\"diplomatura\",\"dirigentes sindicales\",\"UNVM\",\"Villa Mar\u00eda\"],\"articleSection\":[\"Villa Mar\u00eda\"],\"inLanguage\":\"es\",\"potentialAction\":[{\"@type\":\"CommentAction\",\"name\":\"Comment\",\"target\":[\"http:\/\/elregionalvm.com.ar\/noticias-villa-maria\/el-consejo-municipal-del-trabajo-impulsa-una-diplomatura-para-dirigentes-sindicales\/#respond\"]}]},{\"@type\":\"WebPage\",\"@id\":\"http:\/\/elregionalvm.com.ar\/noticias-villa-maria\/el-consejo-municipal-del-trabajo-impulsa-una-diplomatura-para-dirigentes-sindicales\/\",\"url\":\"http:\/\/elregionalvm.com.ar\/noticias-villa-maria\/el-consejo-municipal-del-trabajo-impulsa-una-diplomatura-para-dirigentes-sindicales\/\",\"name\":\"El Consejo Municipal del Trabajo impulsa una diplomatura para dirigentes sindicales - El Regional\",\"isPartOf\":{\"@id\":\"http:\/\/elregionalvm.com.ar\/noticias-villa-maria\/#website\"},\"primaryImageOfPage\":{\"@id\":\"http:\/\/elregionalvm.com.ar\/noticias-villa-maria\/el-consejo-municipal-del-trabajo-impulsa-una-diplomatura-para-dirigentes-sindicales\/#primaryimage\"},\"image\":{\"@id\":\"http:\/\/elregionalvm.com.ar\/noticias-villa-maria\/el-consejo-municipal-del-trabajo-impulsa-una-diplomatura-para-dirigentes-sindicales\/#primaryimage\"},\"thumbnailUrl\":\"https:\/\/i0.wp.com\/elregionalvm.com.ar\/noticias-villa-maria\/wp-content\/uploads\/2021\/07\/WhatsApp-Image-2021-07-20-at-15.45.56.jpeg?fit=1280%2C853&ssl=1\",\"datePublished\":\"2021-07-21T02:04:41+00:00\",\"dateModified\":\"2021-07-21T02:04:43+00:00\",\"author\":{\"@id\":\"http:\/\/elregionalvm.com.ar\/noticias-villa-maria\/#\/schema\/person\/a0fb9c422317faca23d50163151bc354\"},\"breadcrumb\":{\"@id\":\"http:\/\/elregionalvm.com.ar\/noticias-villa-maria\/el-consejo-municipal-del-trabajo-impulsa-una-diplomatura-para-dirigentes-sindicales\/#breadcrumb\"},\"inLanguage\":\"es\",\"potentialAction\":[{\"@type\":\"ReadAction\",\"target\":[\"http:\/\/elregionalvm.com.ar\/noticias-villa-maria\/el-consejo-municipal-del-trabajo-impulsa-una-diplomatura-para-dirigentes-sindicales\/\"]}]},{\"@type\":\"ImageObject\",\"inLanguage\":\"es\",\"@id\":\"http:\/\/elregionalvm.com.ar\/noticias-villa-maria\/el-consejo-municipal-del-trabajo-impulsa-una-diplomatura-para-dirigentes-sindicales\/#primaryimage\",\"url\":\"https:\/\/i0.wp.com\/elregionalvm.com.ar\/noticias-villa-maria\/wp-content\/uploads\/2021\/07\/WhatsApp-Image-2021-07-20-at-15.45.56.jpeg?fit=1280%2C853&ssl=1\",\"contentUrl\":\"https:\/\/i0.wp.com\/elregionalvm.com.ar\/noticias-villa-maria\/wp-content\/uploads\/2021\/07\/WhatsApp-Image-2021-07-20-at-15.45.56.jpeg?fit=1280%2C853&ssl=1\",\"width\":1280,\"height\":853},{\"@type\":\"BreadcrumbList\",\"@id\":\"http:\/\/elregionalvm.com.ar\/noticias-villa-maria\/el-consejo-municipal-del-trabajo-impulsa-una-diplomatura-para-dirigentes-sindicales\/#breadcrumb\",\"itemListElement\":[{\"@type\":\"ListItem\",\"position\":1,\"name\":\"Portada\",\"item\":\"https:\/\/elregionalvm.com.ar\/noticias-villa-maria\/\"},{\"@type\":\"ListItem\",\"position\":2,\"name\":\"El Consejo Municipal del Trabajo impulsa una diplomatura para dirigentes sindicales\"}]},{\"@type\":\"WebSite\",\"@id\":\"http:\/\/elregionalvm.com.ar\/noticias-villa-maria\/#website\",\"url\":\"http:\/\/elregionalvm.com.ar\/noticias-villa-maria\/\",\"name\":\"El Regional\",\"description\":\"Mucho m\u00e1s que informaci\u00f3n\",\"potentialAction\":[{\"@type\":\"SearchAction\",\"target\":{\"@type\":\"EntryPoint\",\"urlTemplate\":\"http:\/\/elregionalvm.com.ar\/noticias-villa-maria\/?s={search_term_string}\"},\"query-input\":{\"@type\":\"PropertyValueSpecification\",\"valueRequired\":true,\"valueName\":\"search_term_string\"}}],\"inLanguage\":\"es\"},{\"@type\":\"Person\",\"@id\":\"http:\/\/elregionalvm.com.ar\/noticias-villa-maria\/#\/schema\/person\/a0fb9c422317faca23d50163151bc354\",\"name\":\"Contenidos El Regional\",\"image\":{\"@type\":\"ImageObject\",\"inLanguage\":\"es\",\"@id\":\"http:\/\/elregionalvm.com.ar\/noticias-villa-maria\/#\/schema\/person\/image\/\",\"url\":\"https:\/\/secure.gravatar.com\/avatar\/265b27cb2209af7bb3a1318f03305787d7981a5cc6e6cd08fe5a4ecdf99d4b48?s=96&d=mm&r=g\",\"contentUrl\":\"https:\/\/secure.gravatar.com\/avatar\/265b27cb2209af7bb3a1318f03305787d7981a5cc6e6cd08fe5a4ecdf99d4b48?s=96&d=mm&r=g\",\"caption\":\"Contenidos El Regional\"},\"url\":\"https:\/\/elregionalvm.com.ar\/noticias-villa-maria\/author\/contenido\/\"}]}<\/script>\n<!-- \/ Yoast SEO plugin. -->","yoast_head_json":{"title":"El Consejo Municipal del Trabajo impulsa una diplomatura para dirigentes sindicales - El Regional","robots":{"index":"index","follow":"follow","max-snippet":"max-snippet:-1","max-image-preview":"max-image-preview:large","max-video-preview":"max-video-preview:-1"},"canonical":"http:\/\/elregionalvm.com.ar\/noticias-villa-maria\/el-consejo-municipal-del-trabajo-impulsa-una-diplomatura-para-dirigentes-sindicales\/","og_locale":"es_ES","og_type":"article","og_title":"El Consejo Municipal del Trabajo impulsa una diplomatura para dirigentes sindicales - El Regional","og_description":"El municipio, desde la Secretar\u00eda de Planeamiento, Relaciones Institucionales y Vinculaci\u00f3n Comunitaria y del Consejo Municipal del Trabajo, impulsa la Diplomatura en Conducci\u00f3n de Organizaciones Sociales. La misma se dictar\u00e1 a dirigentes sindicales a trav\u00e9s de la Universidad Nacional de Villa Mar\u00eda con fondos del Ministerio de Trabajo de la Naci\u00f3n. El intendente interino, Pablo [&hellip;]","og_url":"http:\/\/elregionalvm.com.ar\/noticias-villa-maria\/el-consejo-municipal-del-trabajo-impulsa-una-diplomatura-para-dirigentes-sindicales\/","og_site_name":"El Regional","article_publisher":"https:\/\/www.facebook.com\/elregionalvm","article_published_time":"2021-07-21T02:04:41+00:00","article_modified_time":"2021-07-21T02:04:43+00:00","og_image":[{"width":1280,"height":853,"url":"http:\/\/elregionalvm.com.ar\/noticias-villa-maria\/wp-content\/uploads\/2021\/07\/WhatsApp-Image-2021-07-20-at-15.45.56.jpeg","type":"image\/jpeg"}],"author":"Contenidos El Regional","twitter_card":"summary_large_image","twitter_creator":"@elregionalvm1","twitter_site":"@elregionalvm1","twitter_misc":{"Escrito por":"Contenidos El Regional","Tiempo de lectura":"3 minutos"},"schema":{"@context":"https:\/\/schema.org","@graph":[{"@type":"Article","@id":"http:\/\/elregionalvm.com.ar\/noticias-villa-maria\/el-consejo-municipal-del-trabajo-impulsa-una-diplomatura-para-dirigentes-sindicales\/#article","isPartOf":{"@id":"http:\/\/elregionalvm.com.ar\/noticias-villa-maria\/el-consejo-municipal-del-trabajo-impulsa-una-diplomatura-para-dirigentes-sindicales\/"},"author":{"name":"Contenidos El Regional","@id":"http:\/\/elregionalvm.com.ar\/noticias-villa-maria\/#\/schema\/person\/a0fb9c422317faca23d50163151bc354"},"headline":"El Consejo Municipal del Trabajo impulsa una diplomatura para dirigentes sindicales","datePublished":"2021-07-21T02:04:41+00:00","dateModified":"2021-07-21T02:04:43+00:00","mainEntityOfPage":{"@id":"http:\/\/elregionalvm.com.ar\/noticias-villa-maria\/el-consejo-municipal-del-trabajo-impulsa-una-diplomatura-para-dirigentes-sindicales\/"},"wordCount":502,"commentCount":0,"image":{"@id":"http:\/\/elregionalvm.com.ar\/noticias-villa-maria\/el-consejo-municipal-del-trabajo-impulsa-una-diplomatura-para-dirigentes-sindicales\/#primaryimage"},"thumbnailUrl":"https:\/\/i0.wp.com\/elregionalvm.com.ar\/noticias-villa-maria\/wp-content\/uploads\/2021\/07\/WhatsApp-Image-2021-07-20-at-15.45.56.jpeg?fit=1280%2C853&ssl=1","keywords":["Consejo Municipal del Trabajo","destacado","diplomatura","dirigentes sindicales","UNVM","Villa Mar\u00eda"],"articleSection":["Villa Mar\u00eda"],"inLanguage":"es","potentialAction":[{"@type":"CommentAction","name":"Comment","target":["http:\/\/elregionalvm.com.ar\/noticias-villa-maria\/el-consejo-municipal-del-trabajo-impulsa-una-diplomatura-para-dirigentes-sindicales\/#respond"]}]},{"@type":"WebPage","@id":"http:\/\/elregionalvm.com.ar\/noticias-villa-maria\/el-consejo-municipal-del-trabajo-impulsa-una-diplomatura-para-dirigentes-sindicales\/","url":"http:\/\/elregionalvm.com.ar\/noticias-villa-maria\/el-consejo-municipal-del-trabajo-impulsa-una-diplomatura-para-dirigentes-sindicales\/","name":"El Consejo Municipal del Trabajo impulsa una diplomatura para dirigentes sindicales - El Regional","isPartOf":{"@id":"http:\/\/elregionalvm.com.ar\/noticias-villa-maria\/#website"},"primaryImageOfPage":{"@id":"http:\/\/elregionalvm.com.ar\/noticias-villa-maria\/el-consejo-municipal-del-trabajo-impulsa-una-diplomatura-para-dirigentes-sindicales\/#primaryimage"},"image":{"@id":"http:\/\/elregionalvm.com.ar\/noticias-villa-maria\/el-consejo-municipal-del-trabajo-impulsa-una-diplomatura-para-dirigentes-sindicales\/#primaryimage"},"thumbnailUrl":"https:\/\/i0.wp.com\/elregionalvm.com.ar\/noticias-villa-maria\/wp-content\/uploads\/2021\/07\/WhatsApp-Image-2021-07-20-at-15.45.56.jpeg?fit=1280%2C853&ssl=1","datePublished":"2021-07-21T02:04:41+00:00","dateModified":"2021-07-21T02:04:43+00:00","author":{"@id":"http:\/\/elregionalvm.com.ar\/noticias-villa-maria\/#\/schema\/person\/a0fb9c422317faca23d50163151bc354"},"breadcrumb":{"@id":"http:\/\/elregionalvm.com.ar\/noticias-villa-maria\/el-consejo-municipal-del-trabajo-impulsa-una-diplomatura-para-dirigentes-sindicales\/#breadcrumb"},"inLanguage":"es","potentialAction":[{"@type":"ReadAction","target":["http:\/\/elregionalvm.com.ar\/noticias-villa-maria\/el-consejo-municipal-del-trabajo-impulsa-una-diplomatura-para-dirigentes-sindicales\/"]}]},{"@type":"ImageObject","inLanguage":"es","@id":"http:\/\/elregionalvm.com.ar\/noticias-villa-maria\/el-consejo-municipal-del-trabajo-impulsa-una-diplomatura-para-dirigentes-sindicales\/#primaryimage","url":"https:\/\/i0.wp.com\/elregionalvm.com.ar\/noticias-villa-maria\/wp-content\/uploads\/2021\/07\/WhatsApp-Image-2021-07-20-at-15.45.56.jpeg?fit=1280%2C853&ssl=1","contentUrl":"https:\/\/i0.wp.com\/elregionalvm.com.ar\/noticias-villa-maria\/wp-content\/uploads\/2021\/07\/WhatsApp-Image-2021-07-20-at-15.45.56.jpeg?fit=1280%2C853&ssl=1","width":1280,"height":853},{"@type":"BreadcrumbList","@id":"http:\/\/elregionalvm.com.ar\/noticias-villa-maria\/el-consejo-municipal-del-trabajo-impulsa-una-diplomatura-para-dirigentes-sindicales\/#breadcrumb","itemListElement":[{"@type":"ListItem","position":1,"name":"Portada","item":"https:\/\/elregionalvm.com.ar\/noticias-villa-maria\/"},{"@type":"ListItem","position":2,"name":"El Consejo Municipal del Trabajo impulsa una diplomatura para dirigentes sindicales"}]},{"@type":"WebSite","@id":"http:\/\/elregionalvm.com.ar\/noticias-villa-maria\/#website","url":"http:\/\/elregionalvm.com.ar\/noticias-villa-maria\/","name":"El Regional","description":"Mucho m\u00e1s que informaci\u00f3n","potentialAction":[{"@type":"SearchAction","target":{"@type":"EntryPoint","urlTemplate":"http:\/\/elregionalvm.com.ar\/noticias-villa-maria\/?s={search_term_string}"},"query-input":{"@type":"PropertyValueSpecification","valueRequired":true,"valueName":"search_term_string"}}],"inLanguage":"es"},{"@type":"Person","@id":"http:\/\/elregionalvm.com.ar\/noticias-villa-maria\/#\/schema\/person\/a0fb9c422317faca23d50163151bc354","name":"Contenidos El Regional","image":{"@type":"ImageObject","inLanguage":"es","@id":"http:\/\/elregionalvm.com.ar\/noticias-villa-maria\/#\/schema\/person\/image\/","url":"https:\/\/secure.gravatar.com\/avatar\/265b27cb2209af7bb3a1318f03305787d7981a5cc6e6cd08fe5a4ecdf99d4b48?s=96&d=mm&r=g","contentUrl":"https:\/\/secure.gravatar.com\/avatar\/265b27cb2209af7bb3a1318f03305787d7981a5cc6e6cd08fe5a4ecdf99d4b48?s=96&d=mm&r=g","caption":"Contenidos El Regional"},"url":"https:\/\/elregionalvm.com.ar\/noticias-villa-maria\/author\/contenido\/"}]}},"jetpack_featured_media_url":"https:\/\/i0.wp.com\/elregionalvm.com.ar\/noticias-villa-maria\/wp-content\/uploads\/2021\/07\/WhatsApp-Image-2021-07-20-at-15.45.56.jpeg?fit=1280%2C853&ssl=1","jetpack_sharing_enabled":true,"_links":{"self":[{"href":"https:\/\/elregionalvm.com.ar\/noticias-villa-maria\/wp-json\/wp\/v2\/posts\/41290","targetHints":{"allow":["GET"]}}],"collection":[{"href":"https:\/\/elregionalvm.com.ar\/noticias-villa-maria\/wp-json\/wp\/v2\/posts"}],"about":[{"href":"https:\/\/elregionalvm.com.ar\/noticias-villa-maria\/wp-json\/wp\/v2\/types\/post"}],"author":[{"embeddable":true,"href":"https:\/\/elregionalvm.com.ar\/noticias-villa-maria\/wp-json\/wp\/v2\/users\/4"}],"replies":[{"embeddable":true,"href":"https:\/\/elregionalvm.com.ar\/noticias-villa-maria\/wp-json\/wp\/v2\/comments?post=41290"}],"version-history":[{"count":1,"href":"https:\/\/elregionalvm.com.ar\/noticias-villa-maria\/wp-json\/wp\/v2\/posts\/41290\/revisions"}],"predecessor-version":[{"id":41293,"href":"https:\/\/elregionalvm.com.ar\/noticias-villa-maria\/wp-json\/wp\/v2\/posts\/41290\/revisions\/41293"}],"wp:featuredmedia":[{"embeddable":true,"href":"https:\/\/elregionalvm.com.ar\/noticias-villa-maria\/wp-json\/wp\/v2\/media\/41291"}],"wp:attachment":[{"href":"https:\/\/elregionalvm.com.ar\/noticias-villa-maria\/wp-json\/wp\/v2\/media?parent=41290"}],"wp:term":[{"taxonomy":"category","embeddable":true,"href":"https:\/\/elregionalvm.com.ar\/noticias-villa-maria\/wp-json\/wp\/v2\/categories?post=41290"},{"taxonomy":"post_tag","embeddable":true,"href":"https:\/\/elregionalvm.com.ar\/noticias-villa-maria\/wp-json\/wp\/v2\/tags?post=41290"}],"curies":[{"name":"wp","href":"https:\/\/api.w.org\/{rel}","templated":true}]}}