{"id":41294,"date":"2021-07-21T02:18:48","date_gmt":"2021-07-21T02:18:48","guid":{"rendered":"https:\/\/elregionalvm.com.ar\/noticias-villa-maria\/?p=41294"},"modified":"2021-07-21T02:18:49","modified_gmt":"2021-07-21T02:18:49","slug":"el-palacio-municipal-tambien-es-otro-de-los-sets-de-la-pelicula-el-matadero","status":"publish","type":"post","link":"https:\/\/elregionalvm.com.ar\/noticias-villa-maria\/el-palacio-municipal-tambien-es-otro-de-los-sets-de-la-pelicula-el-matadero\/","title":{"rendered":"El Palacio Municipal tambi\u00e9n es otro de los sets de la pel\u00edcula \u00abEl Matadero\u00bb"},"content":{"rendered":"\n<p>La producci\u00f3n El Matadero contin\u00faa con su rodaje en distintos espacios de la ciudad, los cuales fueron seleccionados bajo el criterio de productores y realizadores cinematogr\u00e1ficos a cargo del filme. En esta oportunidad, el Palacio Municipal se convierte en una de las locaciones que oficia como el escenario donde actores y actrices interpretar\u00e1n parte de esta historia.<\/p>\n\n\n\n<p>En la sede municipal se avanza desde la ma\u00f1ana de hoy en la grabaci\u00f3n de diferentes escenas que tienen lugar en despachos, pasillos, ascensor y escaleras. Para ello, integrantes del equipo de arte trabajan en la decoraci\u00f3n y adaptaci\u00f3n de los espacios a los fines de ambientarlos acordes al a\u00f1o 1975, \u00e9poca en la que se desarrolla la narraci\u00f3n.<\/p>\n\n\n\n<p>Una de las locaciones protagonistas es el Sal\u00f3n Blanco del municipio donde fue recreado el Ministerio de Acci\u00f3n Social de la Naci\u00f3n de aquel entonces, a trav\u00e9s de una adecuaci\u00f3n y redistribuci\u00f3n de muebles y objetos de decorado. En este sentido, se contempla vestir los espacios quitando todo indicio de modernidad, tales como carteler\u00eda, dispositivos tecnol\u00f3gicos, entre otros.<\/p>\n\n\n\n<div class=\"wp-block-image\"><figure class=\"aligncenter size-large is-resized\"><img data-recalc-dims=\"1\" fetchpriority=\"high\" decoding=\"async\" src=\"https:\/\/i0.wp.com\/elregionalvm.com.ar\/noticias-villa-maria\/wp-content\/uploads\/2021\/07\/WhatsApp-Image-2021-07-20-at-15.45.02-1.jpeg?resize=707%2C470&#038;ssl=1\" alt=\"\" class=\"wp-image-41296\" width=\"707\" height=\"470\" srcset=\"https:\/\/i0.wp.com\/elregionalvm.com.ar\/noticias-villa-maria\/wp-content\/uploads\/2021\/07\/WhatsApp-Image-2021-07-20-at-15.45.02-1.jpeg?resize=1024%2C682&amp;ssl=1 1024w, https:\/\/i0.wp.com\/elregionalvm.com.ar\/noticias-villa-maria\/wp-content\/uploads\/2021\/07\/WhatsApp-Image-2021-07-20-at-15.45.02-1.jpeg?resize=300%2C200&amp;ssl=1 300w, https:\/\/i0.wp.com\/elregionalvm.com.ar\/noticias-villa-maria\/wp-content\/uploads\/2021\/07\/WhatsApp-Image-2021-07-20-at-15.45.02-1.jpeg?resize=768%2C512&amp;ssl=1 768w, https:\/\/i0.wp.com\/elregionalvm.com.ar\/noticias-villa-maria\/wp-content\/uploads\/2021\/07\/WhatsApp-Image-2021-07-20-at-15.45.02-1.jpeg?w=1280&amp;ssl=1 1280w\" sizes=\"(max-width: 707px) 100vw, 707px\" \/><\/figure><\/div>\n\n\n\n<p>En este marco, uno de los productores de la pel\u00edcula, Fernando Molnar, dialog\u00f3 con los medios y se\u00f1al\u00f3: \u201cNos hemos sentido muy bienvenidos en Villa Mar\u00eda al ser recibidos de una forma tan grata\u201d. \u201cQueremos agradecer a todo el personal municipal que hizo posible que hoy estemos trabajando ac\u00e1\u201d, enfatiz\u00f3.<\/p>\n\n\n\n<p>Al mismo tiempo, el fundador de la productora cinematogr\u00e1fica Magoya Films, destac\u00f3 que \u201cen la ciudad hay mucha diversidad arquitect\u00f3nica, decorados y locaciones que permiten llevar adelante la filmaci\u00f3n\u201d. En tanto, indic\u00f3 que hasta el momento el rodaje se ha desarrollado en distintos espacios entre los que se destacan el viaje almac\u00e9n de Sanabria, rutas, campos privados y la antigua estancia La Negrita.<\/p>\n\n\n\n<p>Adem\u00e1s, Molnar destac\u00f3 el trabajo que desde la producci\u00f3n se est\u00e1 llevando a cabo junto a vecinos y vecinas de la zona, quienes se han sumado a interpretar diferentes papeles de la pel\u00edcula que narra la historia de un director norteamericano que dirige en Argentina la adaptaci\u00f3n de la obra de Esteban Echeverr\u00eda.<\/p>\n\n\n\n<p>Cabe destacar que el proyecto cinematogr\u00e1fico es llevado adelante en una coproducci\u00f3n entre la productora espa\u00f1ola El Viaje, la entidad francesa 4A4, la productora cordobesa Prisma Cine y Magoya de Buenos Aires, sumando un total de 12 profesionales. Como parte del elenco, se destacan el actor espa\u00f1ol Luis Perillan, junto a profesionales como Lina Gorbarena, Ayleen Salas, Malena Villa, Rafael Federman, David Schetman, Ernestina Gatti, Lucas Damario, Eva Bianco, Hernan Sevilla y el cordob\u00e9s Rafael Rodr\u00edguez.<\/p>\n\n\n\n<p>Es oportuno resaltar el trabajo de filmaci\u00f3n en el Palacio Municipal se extender\u00e1 durante toda la jornada, correspondiendo a la instancia n\u00famero 19 del rodaje. Por lo tanto, se solicita que quienes circulen por la zona lo hagan con precauci\u00f3n y respetando el corte vehicular sobre calle Antonio Sobral y atendiendo a la se\u00f1al\u00e9tica dispuesta en el lugar.<\/p>\n\n\n\n<div class=\"wp-block-image\"><figure class=\"aligncenter size-large is-resized\"><img data-recalc-dims=\"1\" decoding=\"async\" src=\"https:\/\/i0.wp.com\/elregionalvm.com.ar\/noticias-villa-maria\/wp-content\/uploads\/2021\/07\/WhatsApp-Image-2021-07-20-at-15.45.02-2.jpeg?resize=687%2C457&#038;ssl=1\" alt=\"\" class=\"wp-image-41297\" width=\"687\" height=\"457\" srcset=\"https:\/\/i0.wp.com\/elregionalvm.com.ar\/noticias-villa-maria\/wp-content\/uploads\/2021\/07\/WhatsApp-Image-2021-07-20-at-15.45.02-2.jpeg?resize=1024%2C682&amp;ssl=1 1024w, https:\/\/i0.wp.com\/elregionalvm.com.ar\/noticias-villa-maria\/wp-content\/uploads\/2021\/07\/WhatsApp-Image-2021-07-20-at-15.45.02-2.jpeg?resize=300%2C200&amp;ssl=1 300w, https:\/\/i0.wp.com\/elregionalvm.com.ar\/noticias-villa-maria\/wp-content\/uploads\/2021\/07\/WhatsApp-Image-2021-07-20-at-15.45.02-2.jpeg?resize=768%2C512&amp;ssl=1 768w, https:\/\/i0.wp.com\/elregionalvm.com.ar\/noticias-villa-maria\/wp-content\/uploads\/2021\/07\/WhatsApp-Image-2021-07-20-at-15.45.02-2.jpeg?w=1280&amp;ssl=1 1280w\" sizes=\"(max-width: 687px) 100vw, 687px\" \/><\/figure><\/div>\n","protected":false},"excerpt":{"rendered":"<p>La producci\u00f3n El Matadero contin\u00faa con su rodaje en distintos espacios de la ciudad, los cuales fueron seleccionados bajo el criterio de productores y realizadores cinematogr\u00e1ficos a cargo del filme. En esta oportunidad, el Palacio Municipal se convierte en una de las locaciones que oficia como el escenario donde actores y actrices interpretar\u00e1n parte de [&hellip;]<\/p>\n","protected":false},"author":4,"featured_media":41295,"comment_status":"open","ping_status":"open","sticky":false,"template":"","format":"standard","meta":{"site-sidebar-layout":"default","site-content-layout":"default","ast-site-content-layout":"default","site-content-style":"default","site-sidebar-style":"default","ast-global-header-display":"","ast-banner-title-visibility":"","ast-main-header-display":"","ast-hfb-above-header-display":"","ast-hfb-below-header-display":"","ast-hfb-mobile-header-display":"","site-post-title":"","ast-breadcrumbs-content":"","ast-featured-img":"","footer-sml-layout":"","ast-disable-related-posts":"","theme-transparent-header-meta":"default","adv-header-id-meta":"","stick-header-meta":"","header-above-stick-meta":"","header-main-stick-meta":"","header-below-stick-meta":"","astra-migrate-meta-layouts":"default","ast-page-background-enabled":"default","ast-page-background-meta":{"desktop":{"background-color":"","background-image":"","background-repeat":"repeat","background-position":"center center","background-size":"auto","background-attachment":"scroll","background-type":"","background-media":"","overlay-type":"","overlay-color":"","overlay-opacity":"","overlay-gradient":""},"tablet":{"background-color":"","background-image":"","background-repeat":"repeat","background-position":"center center","background-size":"auto","background-attachment":"scroll","background-type":"","background-media":"","overlay-type":"","overlay-color":"","overlay-opacity":"","overlay-gradient":""},"mobile":{"background-color":"","background-image":"","background-repeat":"repeat","background-position":"center center","background-size":"auto","background-attachment":"scroll","background-type":"","background-media":"","overlay-type":"","overlay-color":"","overlay-opacity":"","overlay-gradient":""}},"ast-content-background-meta":{"desktop":{"background-color":"var(--ast-global-color-5)","background-image":"","background-repeat":"repeat","background-position":"center center","background-size":"auto","background-attachment":"scroll","background-type":"","background-media":"","overlay-type":"","overlay-color":"","overlay-opacity":"","overlay-gradient":""},"tablet":{"background-color":"var(--ast-global-color-5)","background-image":"","background-repeat":"repeat","background-position":"center center","background-size":"auto","background-attachment":"scroll","background-type":"","background-media":"","overlay-type":"","overlay-color":"","overlay-opacity":"","overlay-gradient":""},"mobile":{"background-color":"var(--ast-global-color-5)","background-image":"","background-repeat":"repeat","background-position":"center center","background-size":"auto","background-attachment":"scroll","background-type":"","background-media":"","overlay-type":"","overlay-color":"","overlay-opacity":"","overlay-gradient":""}},"_jetpack_memberships_contains_paid_content":false,"_joinchat":[],"footnotes":""},"categories":[2068],"tags":[8335,2591,1232,9753,3105,10132],"class_list":["post-41294","post","type-post","status-publish","format-standard","has-post-thumbnail","hentry","category-cultura-deporte","tag-el-matadero","tag-cultura","tag-destacado","tag-filmacion","tag-municipalidad-de-villa-nueva","tag-sets"],"yoast_head":"<!-- This site is optimized with the Yoast SEO plugin v26.8 - https:\/\/yoast.com\/product\/yoast-seo-wordpress\/ -->\n<title>El Palacio Municipal tambi\u00e9n es otro de los sets de la pel\u00edcula &quot;El Matadero&quot; - El Regional<\/title>\n<meta name=\"robots\" content=\"index, follow, max-snippet:-1, max-image-preview:large, max-video-preview:-1\" \/>\n<link rel=\"canonical\" href=\"http:\/\/elregionalvm.com.ar\/noticias-villa-maria\/el-palacio-municipal-tambien-es-otro-de-los-sets-de-la-pelicula-el-matadero\/\" \/>\n<meta property=\"og:locale\" content=\"es_ES\" \/>\n<meta property=\"og:type\" content=\"article\" \/>\n<meta property=\"og:title\" content=\"El Palacio Municipal tambi\u00e9n es otro de los sets de la pel\u00edcula &quot;El Matadero&quot; - El Regional\" \/>\n<meta property=\"og:description\" content=\"La producci\u00f3n El Matadero contin\u00faa con su rodaje en distintos espacios de la ciudad, los cuales fueron seleccionados bajo el criterio de productores y realizadores cinematogr\u00e1ficos a cargo del filme. En esta oportunidad, el Palacio Municipal se convierte en una de las locaciones que oficia como el escenario donde actores y actrices interpretar\u00e1n parte de [&hellip;]\" \/>\n<meta property=\"og:url\" content=\"http:\/\/elregionalvm.com.ar\/noticias-villa-maria\/el-palacio-municipal-tambien-es-otro-de-los-sets-de-la-pelicula-el-matadero\/\" \/>\n<meta property=\"og:site_name\" content=\"El Regional\" \/>\n<meta property=\"article:publisher\" content=\"https:\/\/www.facebook.com\/elregionalvm\" \/>\n<meta property=\"article:published_time\" content=\"2021-07-21T02:18:48+00:00\" \/>\n<meta property=\"article:modified_time\" content=\"2021-07-21T02:18:49+00:00\" \/>\n<meta property=\"og:image\" content=\"http:\/\/elregionalvm.com.ar\/noticias-villa-maria\/wp-content\/uploads\/2021\/07\/WhatsApp-Image-2021-07-20-at-15.45.02.jpeg\" \/>\n\t<meta property=\"og:image:width\" content=\"1280\" \/>\n\t<meta property=\"og:image:height\" content=\"853\" \/>\n\t<meta property=\"og:image:type\" content=\"image\/jpeg\" \/>\n<meta name=\"author\" content=\"Contenidos El Regional\" \/>\n<meta name=\"twitter:card\" content=\"summary_large_image\" \/>\n<meta name=\"twitter:creator\" content=\"@elregionalvm1\" \/>\n<meta name=\"twitter:site\" content=\"@elregionalvm1\" \/>\n<meta name=\"twitter:label1\" content=\"Escrito por\" \/>\n\t<meta name=\"twitter:data1\" content=\"Contenidos El Regional\" \/>\n\t<meta name=\"twitter:label2\" content=\"Tiempo de lectura\" \/>\n\t<meta name=\"twitter:data2\" content=\"3 minutos\" \/>\n<script type=\"application\/ld+json\" class=\"yoast-schema-graph\">{\"@context\":\"https:\/\/schema.org\",\"@graph\":[{\"@type\":\"Article\",\"@id\":\"http:\/\/elregionalvm.com.ar\/noticias-villa-maria\/el-palacio-municipal-tambien-es-otro-de-los-sets-de-la-pelicula-el-matadero\/#article\",\"isPartOf\":{\"@id\":\"http:\/\/elregionalvm.com.ar\/noticias-villa-maria\/el-palacio-municipal-tambien-es-otro-de-los-sets-de-la-pelicula-el-matadero\/\"},\"author\":{\"name\":\"Contenidos El Regional\",\"@id\":\"http:\/\/elregionalvm.com.ar\/noticias-villa-maria\/#\/schema\/person\/a0fb9c422317faca23d50163151bc354\"},\"headline\":\"El Palacio Municipal tambi\u00e9n es otro de los sets de la pel\u00edcula \u00abEl Matadero\u00bb\",\"datePublished\":\"2021-07-21T02:18:48+00:00\",\"dateModified\":\"2021-07-21T02:18:49+00:00\",\"mainEntityOfPage\":{\"@id\":\"http:\/\/elregionalvm.com.ar\/noticias-villa-maria\/el-palacio-municipal-tambien-es-otro-de-los-sets-de-la-pelicula-el-matadero\/\"},\"wordCount\":528,\"commentCount\":0,\"image\":{\"@id\":\"http:\/\/elregionalvm.com.ar\/noticias-villa-maria\/el-palacio-municipal-tambien-es-otro-de-los-sets-de-la-pelicula-el-matadero\/#primaryimage\"},\"thumbnailUrl\":\"https:\/\/i0.wp.com\/elregionalvm.com.ar\/noticias-villa-maria\/wp-content\/uploads\/2021\/07\/WhatsApp-Image-2021-07-20-at-15.45.02.jpeg?fit=1280%2C853&ssl=1\",\"keywords\":[\"&quot;El Matadero&quot;\",\"Cultura\",\"destacado\",\"Filmaci\u00f3n\",\"Municipalidad de Villa Nueva\",\"sets\"],\"articleSection\":[\"Cultura\"],\"inLanguage\":\"es\",\"potentialAction\":[{\"@type\":\"CommentAction\",\"name\":\"Comment\",\"target\":[\"http:\/\/elregionalvm.com.ar\/noticias-villa-maria\/el-palacio-municipal-tambien-es-otro-de-los-sets-de-la-pelicula-el-matadero\/#respond\"]}]},{\"@type\":\"WebPage\",\"@id\":\"http:\/\/elregionalvm.com.ar\/noticias-villa-maria\/el-palacio-municipal-tambien-es-otro-de-los-sets-de-la-pelicula-el-matadero\/\",\"url\":\"http:\/\/elregionalvm.com.ar\/noticias-villa-maria\/el-palacio-municipal-tambien-es-otro-de-los-sets-de-la-pelicula-el-matadero\/\",\"name\":\"El Palacio Municipal tambi\u00e9n es otro de los sets de la pel\u00edcula \\\"El Matadero\\\" - El Regional\",\"isPartOf\":{\"@id\":\"http:\/\/elregionalvm.com.ar\/noticias-villa-maria\/#website\"},\"primaryImageOfPage\":{\"@id\":\"http:\/\/elregionalvm.com.ar\/noticias-villa-maria\/el-palacio-municipal-tambien-es-otro-de-los-sets-de-la-pelicula-el-matadero\/#primaryimage\"},\"image\":{\"@id\":\"http:\/\/elregionalvm.com.ar\/noticias-villa-maria\/el-palacio-municipal-tambien-es-otro-de-los-sets-de-la-pelicula-el-matadero\/#primaryimage\"},\"thumbnailUrl\":\"https:\/\/i0.wp.com\/elregionalvm.com.ar\/noticias-villa-maria\/wp-content\/uploads\/2021\/07\/WhatsApp-Image-2021-07-20-at-15.45.02.jpeg?fit=1280%2C853&ssl=1\",\"datePublished\":\"2021-07-21T02:18:48+00:00\",\"dateModified\":\"2021-07-21T02:18:49+00:00\",\"author\":{\"@id\":\"http:\/\/elregionalvm.com.ar\/noticias-villa-maria\/#\/schema\/person\/a0fb9c422317faca23d50163151bc354\"},\"breadcrumb\":{\"@id\":\"http:\/\/elregionalvm.com.ar\/noticias-villa-maria\/el-palacio-municipal-tambien-es-otro-de-los-sets-de-la-pelicula-el-matadero\/#breadcrumb\"},\"inLanguage\":\"es\",\"potentialAction\":[{\"@type\":\"ReadAction\",\"target\":[\"http:\/\/elregionalvm.com.ar\/noticias-villa-maria\/el-palacio-municipal-tambien-es-otro-de-los-sets-de-la-pelicula-el-matadero\/\"]}]},{\"@type\":\"ImageObject\",\"inLanguage\":\"es\",\"@id\":\"http:\/\/elregionalvm.com.ar\/noticias-villa-maria\/el-palacio-municipal-tambien-es-otro-de-los-sets-de-la-pelicula-el-matadero\/#primaryimage\",\"url\":\"https:\/\/i0.wp.com\/elregionalvm.com.ar\/noticias-villa-maria\/wp-content\/uploads\/2021\/07\/WhatsApp-Image-2021-07-20-at-15.45.02.jpeg?fit=1280%2C853&ssl=1\",\"contentUrl\":\"https:\/\/i0.wp.com\/elregionalvm.com.ar\/noticias-villa-maria\/wp-content\/uploads\/2021\/07\/WhatsApp-Image-2021-07-20-at-15.45.02.jpeg?fit=1280%2C853&ssl=1\",\"width\":1280,\"height\":853},{\"@type\":\"BreadcrumbList\",\"@id\":\"http:\/\/elregionalvm.com.ar\/noticias-villa-maria\/el-palacio-municipal-tambien-es-otro-de-los-sets-de-la-pelicula-el-matadero\/#breadcrumb\",\"itemListElement\":[{\"@type\":\"ListItem\",\"position\":1,\"name\":\"Portada\",\"item\":\"https:\/\/elregionalvm.com.ar\/noticias-villa-maria\/\"},{\"@type\":\"ListItem\",\"position\":2,\"name\":\"El Palacio Municipal tambi\u00e9n es otro de los sets de la pel\u00edcula &#8220;El Matadero&#8221;\"}]},{\"@type\":\"WebSite\",\"@id\":\"http:\/\/elregionalvm.com.ar\/noticias-villa-maria\/#website\",\"url\":\"http:\/\/elregionalvm.com.ar\/noticias-villa-maria\/\",\"name\":\"El Regional\",\"description\":\"Mucho m\u00e1s que informaci\u00f3n\",\"potentialAction\":[{\"@type\":\"SearchAction\",\"target\":{\"@type\":\"EntryPoint\",\"urlTemplate\":\"http:\/\/elregionalvm.com.ar\/noticias-villa-maria\/?s={search_term_string}\"},\"query-input\":{\"@type\":\"PropertyValueSpecification\",\"valueRequired\":true,\"valueName\":\"search_term_string\"}}],\"inLanguage\":\"es\"},{\"@type\":\"Person\",\"@id\":\"http:\/\/elregionalvm.com.ar\/noticias-villa-maria\/#\/schema\/person\/a0fb9c422317faca23d50163151bc354\",\"name\":\"Contenidos El Regional\",\"image\":{\"@type\":\"ImageObject\",\"inLanguage\":\"es\",\"@id\":\"http:\/\/elregionalvm.com.ar\/noticias-villa-maria\/#\/schema\/person\/image\/\",\"url\":\"https:\/\/secure.gravatar.com\/avatar\/265b27cb2209af7bb3a1318f03305787d7981a5cc6e6cd08fe5a4ecdf99d4b48?s=96&d=mm&r=g\",\"contentUrl\":\"https:\/\/secure.gravatar.com\/avatar\/265b27cb2209af7bb3a1318f03305787d7981a5cc6e6cd08fe5a4ecdf99d4b48?s=96&d=mm&r=g\",\"caption\":\"Contenidos El Regional\"},\"url\":\"https:\/\/elregionalvm.com.ar\/noticias-villa-maria\/author\/contenido\/\"}]}<\/script>\n<!-- \/ Yoast SEO plugin. -->","yoast_head_json":{"title":"El Palacio Municipal tambi\u00e9n es otro de los sets de la pel\u00edcula \"El Matadero\" - El Regional","robots":{"index":"index","follow":"follow","max-snippet":"max-snippet:-1","max-image-preview":"max-image-preview:large","max-video-preview":"max-video-preview:-1"},"canonical":"http:\/\/elregionalvm.com.ar\/noticias-villa-maria\/el-palacio-municipal-tambien-es-otro-de-los-sets-de-la-pelicula-el-matadero\/","og_locale":"es_ES","og_type":"article","og_title":"El Palacio Municipal tambi\u00e9n es otro de los sets de la pel\u00edcula \"El Matadero\" - El Regional","og_description":"La producci\u00f3n El Matadero contin\u00faa con su rodaje en distintos espacios de la ciudad, los cuales fueron seleccionados bajo el criterio de productores y realizadores cinematogr\u00e1ficos a cargo del filme. En esta oportunidad, el Palacio Municipal se convierte en una de las locaciones que oficia como el escenario donde actores y actrices interpretar\u00e1n parte de [&hellip;]","og_url":"http:\/\/elregionalvm.com.ar\/noticias-villa-maria\/el-palacio-municipal-tambien-es-otro-de-los-sets-de-la-pelicula-el-matadero\/","og_site_name":"El Regional","article_publisher":"https:\/\/www.facebook.com\/elregionalvm","article_published_time":"2021-07-21T02:18:48+00:00","article_modified_time":"2021-07-21T02:18:49+00:00","og_image":[{"width":1280,"height":853,"url":"http:\/\/elregionalvm.com.ar\/noticias-villa-maria\/wp-content\/uploads\/2021\/07\/WhatsApp-Image-2021-07-20-at-15.45.02.jpeg","type":"image\/jpeg"}],"author":"Contenidos El Regional","twitter_card":"summary_large_image","twitter_creator":"@elregionalvm1","twitter_site":"@elregionalvm1","twitter_misc":{"Escrito por":"Contenidos El Regional","Tiempo de lectura":"3 minutos"},"schema":{"@context":"https:\/\/schema.org","@graph":[{"@type":"Article","@id":"http:\/\/elregionalvm.com.ar\/noticias-villa-maria\/el-palacio-municipal-tambien-es-otro-de-los-sets-de-la-pelicula-el-matadero\/#article","isPartOf":{"@id":"http:\/\/elregionalvm.com.ar\/noticias-villa-maria\/el-palacio-municipal-tambien-es-otro-de-los-sets-de-la-pelicula-el-matadero\/"},"author":{"name":"Contenidos El Regional","@id":"http:\/\/elregionalvm.com.ar\/noticias-villa-maria\/#\/schema\/person\/a0fb9c422317faca23d50163151bc354"},"headline":"El Palacio Municipal tambi\u00e9n es otro de los sets de la pel\u00edcula \u00abEl Matadero\u00bb","datePublished":"2021-07-21T02:18:48+00:00","dateModified":"2021-07-21T02:18:49+00:00","mainEntityOfPage":{"@id":"http:\/\/elregionalvm.com.ar\/noticias-villa-maria\/el-palacio-municipal-tambien-es-otro-de-los-sets-de-la-pelicula-el-matadero\/"},"wordCount":528,"commentCount":0,"image":{"@id":"http:\/\/elregionalvm.com.ar\/noticias-villa-maria\/el-palacio-municipal-tambien-es-otro-de-los-sets-de-la-pelicula-el-matadero\/#primaryimage"},"thumbnailUrl":"https:\/\/i0.wp.com\/elregionalvm.com.ar\/noticias-villa-maria\/wp-content\/uploads\/2021\/07\/WhatsApp-Image-2021-07-20-at-15.45.02.jpeg?fit=1280%2C853&ssl=1","keywords":["&quot;El Matadero&quot;","Cultura","destacado","Filmaci\u00f3n","Municipalidad de Villa Nueva","sets"],"articleSection":["Cultura"],"inLanguage":"es","potentialAction":[{"@type":"CommentAction","name":"Comment","target":["http:\/\/elregionalvm.com.ar\/noticias-villa-maria\/el-palacio-municipal-tambien-es-otro-de-los-sets-de-la-pelicula-el-matadero\/#respond"]}]},{"@type":"WebPage","@id":"http:\/\/elregionalvm.com.ar\/noticias-villa-maria\/el-palacio-municipal-tambien-es-otro-de-los-sets-de-la-pelicula-el-matadero\/","url":"http:\/\/elregionalvm.com.ar\/noticias-villa-maria\/el-palacio-municipal-tambien-es-otro-de-los-sets-de-la-pelicula-el-matadero\/","name":"El Palacio Municipal tambi\u00e9n es otro de los sets de la pel\u00edcula \"El Matadero\" - El Regional","isPartOf":{"@id":"http:\/\/elregionalvm.com.ar\/noticias-villa-maria\/#website"},"primaryImageOfPage":{"@id":"http:\/\/elregionalvm.com.ar\/noticias-villa-maria\/el-palacio-municipal-tambien-es-otro-de-los-sets-de-la-pelicula-el-matadero\/#primaryimage"},"image":{"@id":"http:\/\/elregionalvm.com.ar\/noticias-villa-maria\/el-palacio-municipal-tambien-es-otro-de-los-sets-de-la-pelicula-el-matadero\/#primaryimage"},"thumbnailUrl":"https:\/\/i0.wp.com\/elregionalvm.com.ar\/noticias-villa-maria\/wp-content\/uploads\/2021\/07\/WhatsApp-Image-2021-07-20-at-15.45.02.jpeg?fit=1280%2C853&ssl=1","datePublished":"2021-07-21T02:18:48+00:00","dateModified":"2021-07-21T02:18:49+00:00","author":{"@id":"http:\/\/elregionalvm.com.ar\/noticias-villa-maria\/#\/schema\/person\/a0fb9c422317faca23d50163151bc354"},"breadcrumb":{"@id":"http:\/\/elregionalvm.com.ar\/noticias-villa-maria\/el-palacio-municipal-tambien-es-otro-de-los-sets-de-la-pelicula-el-matadero\/#breadcrumb"},"inLanguage":"es","potentialAction":[{"@type":"ReadAction","target":["http:\/\/elregionalvm.com.ar\/noticias-villa-maria\/el-palacio-municipal-tambien-es-otro-de-los-sets-de-la-pelicula-el-matadero\/"]}]},{"@type":"ImageObject","inLanguage":"es","@id":"http:\/\/elregionalvm.com.ar\/noticias-villa-maria\/el-palacio-municipal-tambien-es-otro-de-los-sets-de-la-pelicula-el-matadero\/#primaryimage","url":"https:\/\/i0.wp.com\/elregionalvm.com.ar\/noticias-villa-maria\/wp-content\/uploads\/2021\/07\/WhatsApp-Image-2021-07-20-at-15.45.02.jpeg?fit=1280%2C853&ssl=1","contentUrl":"https:\/\/i0.wp.com\/elregionalvm.com.ar\/noticias-villa-maria\/wp-content\/uploads\/2021\/07\/WhatsApp-Image-2021-07-20-at-15.45.02.jpeg?fit=1280%2C853&ssl=1","width":1280,"height":853},{"@type":"BreadcrumbList","@id":"http:\/\/elregionalvm.com.ar\/noticias-villa-maria\/el-palacio-municipal-tambien-es-otro-de-los-sets-de-la-pelicula-el-matadero\/#breadcrumb","itemListElement":[{"@type":"ListItem","position":1,"name":"Portada","item":"https:\/\/elregionalvm.com.ar\/noticias-villa-maria\/"},{"@type":"ListItem","position":2,"name":"El Palacio Municipal tambi\u00e9n es otro de los sets de la pel\u00edcula &#8220;El Matadero&#8221;"}]},{"@type":"WebSite","@id":"http:\/\/elregionalvm.com.ar\/noticias-villa-maria\/#website","url":"http:\/\/elregionalvm.com.ar\/noticias-villa-maria\/","name":"El Regional","description":"Mucho m\u00e1s que informaci\u00f3n","potentialAction":[{"@type":"SearchAction","target":{"@type":"EntryPoint","urlTemplate":"http:\/\/elregionalvm.com.ar\/noticias-villa-maria\/?s={search_term_string}"},"query-input":{"@type":"PropertyValueSpecification","valueRequired":true,"valueName":"search_term_string"}}],"inLanguage":"es"},{"@type":"Person","@id":"http:\/\/elregionalvm.com.ar\/noticias-villa-maria\/#\/schema\/person\/a0fb9c422317faca23d50163151bc354","name":"Contenidos El Regional","image":{"@type":"ImageObject","inLanguage":"es","@id":"http:\/\/elregionalvm.com.ar\/noticias-villa-maria\/#\/schema\/person\/image\/","url":"https:\/\/secure.gravatar.com\/avatar\/265b27cb2209af7bb3a1318f03305787d7981a5cc6e6cd08fe5a4ecdf99d4b48?s=96&d=mm&r=g","contentUrl":"https:\/\/secure.gravatar.com\/avatar\/265b27cb2209af7bb3a1318f03305787d7981a5cc6e6cd08fe5a4ecdf99d4b48?s=96&d=mm&r=g","caption":"Contenidos El Regional"},"url":"https:\/\/elregionalvm.com.ar\/noticias-villa-maria\/author\/contenido\/"}]}},"jetpack_featured_media_url":"https:\/\/i0.wp.com\/elregionalvm.com.ar\/noticias-villa-maria\/wp-content\/uploads\/2021\/07\/WhatsApp-Image-2021-07-20-at-15.45.02.jpeg?fit=1280%2C853&ssl=1","jetpack_sharing_enabled":true,"_links":{"self":[{"href":"https:\/\/elregionalvm.com.ar\/noticias-villa-maria\/wp-json\/wp\/v2\/posts\/41294","targetHints":{"allow":["GET"]}}],"collection":[{"href":"https:\/\/elregionalvm.com.ar\/noticias-villa-maria\/wp-json\/wp\/v2\/posts"}],"about":[{"href":"https:\/\/elregionalvm.com.ar\/noticias-villa-maria\/wp-json\/wp\/v2\/types\/post"}],"author":[{"embeddable":true,"href":"https:\/\/elregionalvm.com.ar\/noticias-villa-maria\/wp-json\/wp\/v2\/users\/4"}],"replies":[{"embeddable":true,"href":"https:\/\/elregionalvm.com.ar\/noticias-villa-maria\/wp-json\/wp\/v2\/comments?post=41294"}],"version-history":[{"count":1,"href":"https:\/\/elregionalvm.com.ar\/noticias-villa-maria\/wp-json\/wp\/v2\/posts\/41294\/revisions"}],"predecessor-version":[{"id":41298,"href":"https:\/\/elregionalvm.com.ar\/noticias-villa-maria\/wp-json\/wp\/v2\/posts\/41294\/revisions\/41298"}],"wp:featuredmedia":[{"embeddable":true,"href":"https:\/\/elregionalvm.com.ar\/noticias-villa-maria\/wp-json\/wp\/v2\/media\/41295"}],"wp:attachment":[{"href":"https:\/\/elregionalvm.com.ar\/noticias-villa-maria\/wp-json\/wp\/v2\/media?parent=41294"}],"wp:term":[{"taxonomy":"category","embeddable":true,"href":"https:\/\/elregionalvm.com.ar\/noticias-villa-maria\/wp-json\/wp\/v2\/categories?post=41294"},{"taxonomy":"post_tag","embeddable":true,"href":"https:\/\/elregionalvm.com.ar\/noticias-villa-maria\/wp-json\/wp\/v2\/tags?post=41294"}],"curies":[{"name":"wp","href":"https:\/\/api.w.org\/{rel}","templated":true}]}}