{"id":41299,"date":"2021-07-21T02:27:35","date_gmt":"2021-07-21T02:27:35","guid":{"rendered":"https:\/\/elregionalvm.com.ar\/noticias-villa-maria\/?p=41299"},"modified":"2021-07-21T02:27:55","modified_gmt":"2021-07-21T02:27:55","slug":"villa-nueva-tambien-registro-menos-casamientos-este-ultimo-ano","status":"publish","type":"post","link":"https:\/\/elregionalvm.com.ar\/noticias-villa-maria\/villa-nueva-tambien-registro-menos-casamientos-este-ultimo-ano\/","title":{"rendered":"Villa Nueva tambi\u00e9n registr\u00f3 menos casamientos este \u00faltimo a\u00f1o"},"content":{"rendered":"\n<p><br>Seg\u00fan informaron desde el Registro Civil ha bajado el n\u00famero de casamientos en la ciudad. Al parecer la pandemia tambi\u00e9n impact\u00f3 en la decisi\u00f3n de casarse de la gente. En lo que va de esta primera mitad de este 2021 se han celebrado 21 uniones matrimoniales, un n\u00famero menor de los que habitualmente se concretan a esta \u00e9poca del a\u00f1o.<br>Desde el Registro Civil, se destac\u00f3 que en 2020 la estad\u00edstica cambi\u00f3 por completo: mientras que en un a\u00f1o normal el promedio de enlaces rondaba entre los 50 y 60, el a\u00f1o pasado apenas se celebraron 12. Estiman que los n\u00fameros bajaron por las medidas dispuestas ante la pandemia de Covid 19, por el Gobierno Nacional tanto el a\u00f1o pasado, como en algunos meses de este 2021<br>Pero adem\u00e1s cambiaron las cuestiones en cuanto al protocolo. En las ceremonias s\u00f3lo se admite la presencia de la pareja y de los dos testigos. El resto de los familiares o allegados suelen esperar afuera.<\/p>\n\n\n\n<p class=\"has-text-align-center\"><strong>El Hogar de D\u00eda celebra su \u201cSemana de la amistad\u201d<\/strong><\/p>\n\n\n\n<p><br>Este mi\u00e9rcoles los abuelos del Hogar de D\u00eda realizar\u00e1n una actividad especial por el D\u00eda del amigo. Justamente estar\u00e1n en las instalaciones para contar y expresar a trav\u00e9s de videos el significado de la amistad.<br>El paso del tiempo y las experiencias son recursos emocionales que las personas tienen y que ense\u00f1an a las generaciones m\u00e1s j\u00f3venes. Escuchar a los abuelos es una herramienta que ayuda en la vida<br>La amistad y el compartir mejora la salud y la calidad de vida. El Hogar de D\u00eda es un espacio de encuentro en donde se generan v\u00ednculos de amistad tan importantes y fuertes para nuestros adultos mayores. Por este motivo celebran la semana de la amistad.<\/p>\n","protected":false},"excerpt":{"rendered":"<p>Seg\u00fan informaron desde el Registro Civil ha bajado el n\u00famero de casamientos en la ciudad. Al parecer la pandemia tambi\u00e9n impact\u00f3 en la decisi\u00f3n de casarse de la gente. En lo que va de esta primera mitad de este 2021 se han celebrado 21 uniones matrimoniales, un n\u00famero menor de los que habitualmente se concretan [&hellip;]<\/p>\n","protected":false},"author":4,"featured_media":41300,"comment_status":"open","ping_status":"open","sticky":false,"template":"","format":"standard","meta":{"site-sidebar-layout":"default","site-content-layout":"default","ast-site-content-layout":"default","site-content-style":"default","site-sidebar-style":"default","ast-global-header-display":"","ast-banner-title-visibility":"","ast-main-header-display":"","ast-hfb-above-header-display":"","ast-hfb-below-header-display":"","ast-hfb-mobile-header-display":"","site-post-title":"","ast-breadcrumbs-content":"","ast-featured-img":"","footer-sml-layout":"","ast-disable-related-posts":"","theme-transparent-header-meta":"default","adv-header-id-meta":"","stick-header-meta":"","header-above-stick-meta":"","header-main-stick-meta":"","header-below-stick-meta":"","astra-migrate-meta-layouts":"default","ast-page-background-enabled":"default","ast-page-background-meta":{"desktop":{"background-color":"","background-image":"","background-repeat":"repeat","background-position":"center center","background-size":"auto","background-attachment":"scroll","background-type":"","background-media":"","overlay-type":"","overlay-color":"","overlay-opacity":"","overlay-gradient":""},"tablet":{"background-color":"","background-image":"","background-repeat":"repeat","background-position":"center center","background-size":"auto","background-attachment":"scroll","background-type":"","background-media":"","overlay-type":"","overlay-color":"","overlay-opacity":"","overlay-gradient":""},"mobile":{"background-color":"","background-image":"","background-repeat":"repeat","background-position":"center center","background-size":"auto","background-attachment":"scroll","background-type":"","background-media":"","overlay-type":"","overlay-color":"","overlay-opacity":"","overlay-gradient":""}},"ast-content-background-meta":{"desktop":{"background-color":"var(--ast-global-color-5)","background-image":"","background-repeat":"repeat","background-position":"center center","background-size":"auto","background-attachment":"scroll","background-type":"","background-media":"","overlay-type":"","overlay-color":"","overlay-opacity":"","overlay-gradient":""},"tablet":{"background-color":"var(--ast-global-color-5)","background-image":"","background-repeat":"repeat","background-position":"center center","background-size":"auto","background-attachment":"scroll","background-type":"","background-media":"","overlay-type":"","overlay-color":"","overlay-opacity":"","overlay-gradient":""},"mobile":{"background-color":"var(--ast-global-color-5)","background-image":"","background-repeat":"repeat","background-position":"center center","background-size":"auto","background-attachment":"scroll","background-type":"","background-media":"","overlay-type":"","overlay-color":"","overlay-opacity":"","overlay-gradient":""}},"_jetpack_memberships_contains_paid_content":false,"_joinchat":[],"footnotes":""},"categories":[1408],"tags":[1232,10133,1817,10134,232],"class_list":["post-41299","post","type-post","status-publish","format-standard","has-post-thumbnail","hentry","category-villa-nueva","tag-destacado","tag-menos-casamientos","tag-registro-civil","tag-ultimo-ano","tag-villa-nueva"],"yoast_head":"<!-- This site is optimized with the Yoast SEO plugin v26.8 - https:\/\/yoast.com\/product\/yoast-seo-wordpress\/ -->\n<title>Villa Nueva tambi\u00e9n registr\u00f3 menos casamientos este \u00faltimo a\u00f1o - El Regional<\/title>\n<meta name=\"robots\" content=\"index, follow, max-snippet:-1, max-image-preview:large, max-video-preview:-1\" \/>\n<link rel=\"canonical\" href=\"http:\/\/elregionalvm.com.ar\/noticias-villa-maria\/villa-nueva-tambien-registro-menos-casamientos-este-ultimo-ano\/\" \/>\n<meta property=\"og:locale\" content=\"es_ES\" \/>\n<meta property=\"og:type\" content=\"article\" \/>\n<meta property=\"og:title\" content=\"Villa Nueva tambi\u00e9n registr\u00f3 menos casamientos este \u00faltimo a\u00f1o - El Regional\" \/>\n<meta property=\"og:description\" content=\"Seg\u00fan informaron desde el Registro Civil ha bajado el n\u00famero de casamientos en la ciudad. Al parecer la pandemia tambi\u00e9n impact\u00f3 en la decisi\u00f3n de casarse de la gente. En lo que va de esta primera mitad de este 2021 se han celebrado 21 uniones matrimoniales, un n\u00famero menor de los que habitualmente se concretan [&hellip;]\" \/>\n<meta property=\"og:url\" content=\"http:\/\/elregionalvm.com.ar\/noticias-villa-maria\/villa-nueva-tambien-registro-menos-casamientos-este-ultimo-ano\/\" \/>\n<meta property=\"og:site_name\" content=\"El Regional\" \/>\n<meta property=\"article:publisher\" content=\"https:\/\/www.facebook.com\/elregionalvm\" \/>\n<meta property=\"article:published_time\" content=\"2021-07-21T02:27:35+00:00\" \/>\n<meta property=\"article:modified_time\" content=\"2021-07-21T02:27:55+00:00\" \/>\n<meta property=\"og:image\" content=\"http:\/\/elregionalvm.com.ar\/noticias-villa-maria\/wp-content\/uploads\/2021\/07\/casamientos-menos.jpg\" \/>\n\t<meta property=\"og:image:width\" content=\"512\" \/>\n\t<meta property=\"og:image:height\" content=\"342\" \/>\n\t<meta property=\"og:image:type\" content=\"image\/jpeg\" \/>\n<meta name=\"author\" content=\"Contenidos El Regional\" \/>\n<meta name=\"twitter:card\" content=\"summary_large_image\" \/>\n<meta name=\"twitter:creator\" content=\"@elregionalvm1\" \/>\n<meta name=\"twitter:site\" content=\"@elregionalvm1\" \/>\n<meta name=\"twitter:label1\" content=\"Escrito por\" \/>\n\t<meta name=\"twitter:data1\" content=\"Contenidos El Regional\" \/>\n\t<meta name=\"twitter:label2\" content=\"Tiempo de lectura\" \/>\n\t<meta name=\"twitter:data2\" content=\"2 minutos\" \/>\n<script type=\"application\/ld+json\" class=\"yoast-schema-graph\">{\"@context\":\"https:\/\/schema.org\",\"@graph\":[{\"@type\":\"Article\",\"@id\":\"http:\/\/elregionalvm.com.ar\/noticias-villa-maria\/villa-nueva-tambien-registro-menos-casamientos-este-ultimo-ano\/#article\",\"isPartOf\":{\"@id\":\"http:\/\/elregionalvm.com.ar\/noticias-villa-maria\/villa-nueva-tambien-registro-menos-casamientos-este-ultimo-ano\/\"},\"author\":{\"name\":\"Contenidos El Regional\",\"@id\":\"http:\/\/elregionalvm.com.ar\/noticias-villa-maria\/#\/schema\/person\/a0fb9c422317faca23d50163151bc354\"},\"headline\":\"Villa Nueva tambi\u00e9n registr\u00f3 menos casamientos este \u00faltimo a\u00f1o\",\"datePublished\":\"2021-07-21T02:27:35+00:00\",\"dateModified\":\"2021-07-21T02:27:55+00:00\",\"mainEntityOfPage\":{\"@id\":\"http:\/\/elregionalvm.com.ar\/noticias-villa-maria\/villa-nueva-tambien-registro-menos-casamientos-este-ultimo-ano\/\"},\"wordCount\":314,\"commentCount\":0,\"image\":{\"@id\":\"http:\/\/elregionalvm.com.ar\/noticias-villa-maria\/villa-nueva-tambien-registro-menos-casamientos-este-ultimo-ano\/#primaryimage\"},\"thumbnailUrl\":\"https:\/\/i0.wp.com\/elregionalvm.com.ar\/noticias-villa-maria\/wp-content\/uploads\/2021\/07\/casamientos-menos.jpg?fit=512%2C342&ssl=1\",\"keywords\":[\"destacado\",\"menos casamientos\",\"Registro Civil\",\"\u00faltimo a\u00f1o\",\"VILLA NUEVA\"],\"articleSection\":[\"Villa Nueva\"],\"inLanguage\":\"es\",\"potentialAction\":[{\"@type\":\"CommentAction\",\"name\":\"Comment\",\"target\":[\"http:\/\/elregionalvm.com.ar\/noticias-villa-maria\/villa-nueva-tambien-registro-menos-casamientos-este-ultimo-ano\/#respond\"]}]},{\"@type\":\"WebPage\",\"@id\":\"http:\/\/elregionalvm.com.ar\/noticias-villa-maria\/villa-nueva-tambien-registro-menos-casamientos-este-ultimo-ano\/\",\"url\":\"http:\/\/elregionalvm.com.ar\/noticias-villa-maria\/villa-nueva-tambien-registro-menos-casamientos-este-ultimo-ano\/\",\"name\":\"Villa Nueva tambi\u00e9n registr\u00f3 menos casamientos este \u00faltimo a\u00f1o - El Regional\",\"isPartOf\":{\"@id\":\"http:\/\/elregionalvm.com.ar\/noticias-villa-maria\/#website\"},\"primaryImageOfPage\":{\"@id\":\"http:\/\/elregionalvm.com.ar\/noticias-villa-maria\/villa-nueva-tambien-registro-menos-casamientos-este-ultimo-ano\/#primaryimage\"},\"image\":{\"@id\":\"http:\/\/elregionalvm.com.ar\/noticias-villa-maria\/villa-nueva-tambien-registro-menos-casamientos-este-ultimo-ano\/#primaryimage\"},\"thumbnailUrl\":\"https:\/\/i0.wp.com\/elregionalvm.com.ar\/noticias-villa-maria\/wp-content\/uploads\/2021\/07\/casamientos-menos.jpg?fit=512%2C342&ssl=1\",\"datePublished\":\"2021-07-21T02:27:35+00:00\",\"dateModified\":\"2021-07-21T02:27:55+00:00\",\"author\":{\"@id\":\"http:\/\/elregionalvm.com.ar\/noticias-villa-maria\/#\/schema\/person\/a0fb9c422317faca23d50163151bc354\"},\"breadcrumb\":{\"@id\":\"http:\/\/elregionalvm.com.ar\/noticias-villa-maria\/villa-nueva-tambien-registro-menos-casamientos-este-ultimo-ano\/#breadcrumb\"},\"inLanguage\":\"es\",\"potentialAction\":[{\"@type\":\"ReadAction\",\"target\":[\"http:\/\/elregionalvm.com.ar\/noticias-villa-maria\/villa-nueva-tambien-registro-menos-casamientos-este-ultimo-ano\/\"]}]},{\"@type\":\"ImageObject\",\"inLanguage\":\"es\",\"@id\":\"http:\/\/elregionalvm.com.ar\/noticias-villa-maria\/villa-nueva-tambien-registro-menos-casamientos-este-ultimo-ano\/#primaryimage\",\"url\":\"https:\/\/i0.wp.com\/elregionalvm.com.ar\/noticias-villa-maria\/wp-content\/uploads\/2021\/07\/casamientos-menos.jpg?fit=512%2C342&ssl=1\",\"contentUrl\":\"https:\/\/i0.wp.com\/elregionalvm.com.ar\/noticias-villa-maria\/wp-content\/uploads\/2021\/07\/casamientos-menos.jpg?fit=512%2C342&ssl=1\",\"width\":512,\"height\":342},{\"@type\":\"BreadcrumbList\",\"@id\":\"http:\/\/elregionalvm.com.ar\/noticias-villa-maria\/villa-nueva-tambien-registro-menos-casamientos-este-ultimo-ano\/#breadcrumb\",\"itemListElement\":[{\"@type\":\"ListItem\",\"position\":1,\"name\":\"Portada\",\"item\":\"https:\/\/elregionalvm.com.ar\/noticias-villa-maria\/\"},{\"@type\":\"ListItem\",\"position\":2,\"name\":\"Villa Nueva tambi\u00e9n registr\u00f3 menos casamientos este \u00faltimo a\u00f1o\"}]},{\"@type\":\"WebSite\",\"@id\":\"http:\/\/elregionalvm.com.ar\/noticias-villa-maria\/#website\",\"url\":\"http:\/\/elregionalvm.com.ar\/noticias-villa-maria\/\",\"name\":\"El Regional\",\"description\":\"Mucho m\u00e1s que informaci\u00f3n\",\"potentialAction\":[{\"@type\":\"SearchAction\",\"target\":{\"@type\":\"EntryPoint\",\"urlTemplate\":\"http:\/\/elregionalvm.com.ar\/noticias-villa-maria\/?s={search_term_string}\"},\"query-input\":{\"@type\":\"PropertyValueSpecification\",\"valueRequired\":true,\"valueName\":\"search_term_string\"}}],\"inLanguage\":\"es\"},{\"@type\":\"Person\",\"@id\":\"http:\/\/elregionalvm.com.ar\/noticias-villa-maria\/#\/schema\/person\/a0fb9c422317faca23d50163151bc354\",\"name\":\"Contenidos El Regional\",\"image\":{\"@type\":\"ImageObject\",\"inLanguage\":\"es\",\"@id\":\"http:\/\/elregionalvm.com.ar\/noticias-villa-maria\/#\/schema\/person\/image\/\",\"url\":\"https:\/\/secure.gravatar.com\/avatar\/265b27cb2209af7bb3a1318f03305787d7981a5cc6e6cd08fe5a4ecdf99d4b48?s=96&d=mm&r=g\",\"contentUrl\":\"https:\/\/secure.gravatar.com\/avatar\/265b27cb2209af7bb3a1318f03305787d7981a5cc6e6cd08fe5a4ecdf99d4b48?s=96&d=mm&r=g\",\"caption\":\"Contenidos El Regional\"},\"url\":\"https:\/\/elregionalvm.com.ar\/noticias-villa-maria\/author\/contenido\/\"}]}<\/script>\n<!-- \/ Yoast SEO plugin. -->","yoast_head_json":{"title":"Villa Nueva tambi\u00e9n registr\u00f3 menos casamientos este \u00faltimo a\u00f1o - El Regional","robots":{"index":"index","follow":"follow","max-snippet":"max-snippet:-1","max-image-preview":"max-image-preview:large","max-video-preview":"max-video-preview:-1"},"canonical":"http:\/\/elregionalvm.com.ar\/noticias-villa-maria\/villa-nueva-tambien-registro-menos-casamientos-este-ultimo-ano\/","og_locale":"es_ES","og_type":"article","og_title":"Villa Nueva tambi\u00e9n registr\u00f3 menos casamientos este \u00faltimo a\u00f1o - El Regional","og_description":"Seg\u00fan informaron desde el Registro Civil ha bajado el n\u00famero de casamientos en la ciudad. Al parecer la pandemia tambi\u00e9n impact\u00f3 en la decisi\u00f3n de casarse de la gente. En lo que va de esta primera mitad de este 2021 se han celebrado 21 uniones matrimoniales, un n\u00famero menor de los que habitualmente se concretan [&hellip;]","og_url":"http:\/\/elregionalvm.com.ar\/noticias-villa-maria\/villa-nueva-tambien-registro-menos-casamientos-este-ultimo-ano\/","og_site_name":"El Regional","article_publisher":"https:\/\/www.facebook.com\/elregionalvm","article_published_time":"2021-07-21T02:27:35+00:00","article_modified_time":"2021-07-21T02:27:55+00:00","og_image":[{"width":512,"height":342,"url":"http:\/\/elregionalvm.com.ar\/noticias-villa-maria\/wp-content\/uploads\/2021\/07\/casamientos-menos.jpg","type":"image\/jpeg"}],"author":"Contenidos El Regional","twitter_card":"summary_large_image","twitter_creator":"@elregionalvm1","twitter_site":"@elregionalvm1","twitter_misc":{"Escrito por":"Contenidos El Regional","Tiempo de lectura":"2 minutos"},"schema":{"@context":"https:\/\/schema.org","@graph":[{"@type":"Article","@id":"http:\/\/elregionalvm.com.ar\/noticias-villa-maria\/villa-nueva-tambien-registro-menos-casamientos-este-ultimo-ano\/#article","isPartOf":{"@id":"http:\/\/elregionalvm.com.ar\/noticias-villa-maria\/villa-nueva-tambien-registro-menos-casamientos-este-ultimo-ano\/"},"author":{"name":"Contenidos El Regional","@id":"http:\/\/elregionalvm.com.ar\/noticias-villa-maria\/#\/schema\/person\/a0fb9c422317faca23d50163151bc354"},"headline":"Villa Nueva tambi\u00e9n registr\u00f3 menos casamientos este \u00faltimo a\u00f1o","datePublished":"2021-07-21T02:27:35+00:00","dateModified":"2021-07-21T02:27:55+00:00","mainEntityOfPage":{"@id":"http:\/\/elregionalvm.com.ar\/noticias-villa-maria\/villa-nueva-tambien-registro-menos-casamientos-este-ultimo-ano\/"},"wordCount":314,"commentCount":0,"image":{"@id":"http:\/\/elregionalvm.com.ar\/noticias-villa-maria\/villa-nueva-tambien-registro-menos-casamientos-este-ultimo-ano\/#primaryimage"},"thumbnailUrl":"https:\/\/i0.wp.com\/elregionalvm.com.ar\/noticias-villa-maria\/wp-content\/uploads\/2021\/07\/casamientos-menos.jpg?fit=512%2C342&ssl=1","keywords":["destacado","menos casamientos","Registro Civil","\u00faltimo a\u00f1o","VILLA NUEVA"],"articleSection":["Villa Nueva"],"inLanguage":"es","potentialAction":[{"@type":"CommentAction","name":"Comment","target":["http:\/\/elregionalvm.com.ar\/noticias-villa-maria\/villa-nueva-tambien-registro-menos-casamientos-este-ultimo-ano\/#respond"]}]},{"@type":"WebPage","@id":"http:\/\/elregionalvm.com.ar\/noticias-villa-maria\/villa-nueva-tambien-registro-menos-casamientos-este-ultimo-ano\/","url":"http:\/\/elregionalvm.com.ar\/noticias-villa-maria\/villa-nueva-tambien-registro-menos-casamientos-este-ultimo-ano\/","name":"Villa Nueva tambi\u00e9n registr\u00f3 menos casamientos este \u00faltimo a\u00f1o - El Regional","isPartOf":{"@id":"http:\/\/elregionalvm.com.ar\/noticias-villa-maria\/#website"},"primaryImageOfPage":{"@id":"http:\/\/elregionalvm.com.ar\/noticias-villa-maria\/villa-nueva-tambien-registro-menos-casamientos-este-ultimo-ano\/#primaryimage"},"image":{"@id":"http:\/\/elregionalvm.com.ar\/noticias-villa-maria\/villa-nueva-tambien-registro-menos-casamientos-este-ultimo-ano\/#primaryimage"},"thumbnailUrl":"https:\/\/i0.wp.com\/elregionalvm.com.ar\/noticias-villa-maria\/wp-content\/uploads\/2021\/07\/casamientos-menos.jpg?fit=512%2C342&ssl=1","datePublished":"2021-07-21T02:27:35+00:00","dateModified":"2021-07-21T02:27:55+00:00","author":{"@id":"http:\/\/elregionalvm.com.ar\/noticias-villa-maria\/#\/schema\/person\/a0fb9c422317faca23d50163151bc354"},"breadcrumb":{"@id":"http:\/\/elregionalvm.com.ar\/noticias-villa-maria\/villa-nueva-tambien-registro-menos-casamientos-este-ultimo-ano\/#breadcrumb"},"inLanguage":"es","potentialAction":[{"@type":"ReadAction","target":["http:\/\/elregionalvm.com.ar\/noticias-villa-maria\/villa-nueva-tambien-registro-menos-casamientos-este-ultimo-ano\/"]}]},{"@type":"ImageObject","inLanguage":"es","@id":"http:\/\/elregionalvm.com.ar\/noticias-villa-maria\/villa-nueva-tambien-registro-menos-casamientos-este-ultimo-ano\/#primaryimage","url":"https:\/\/i0.wp.com\/elregionalvm.com.ar\/noticias-villa-maria\/wp-content\/uploads\/2021\/07\/casamientos-menos.jpg?fit=512%2C342&ssl=1","contentUrl":"https:\/\/i0.wp.com\/elregionalvm.com.ar\/noticias-villa-maria\/wp-content\/uploads\/2021\/07\/casamientos-menos.jpg?fit=512%2C342&ssl=1","width":512,"height":342},{"@type":"BreadcrumbList","@id":"http:\/\/elregionalvm.com.ar\/noticias-villa-maria\/villa-nueva-tambien-registro-menos-casamientos-este-ultimo-ano\/#breadcrumb","itemListElement":[{"@type":"ListItem","position":1,"name":"Portada","item":"https:\/\/elregionalvm.com.ar\/noticias-villa-maria\/"},{"@type":"ListItem","position":2,"name":"Villa Nueva tambi\u00e9n registr\u00f3 menos casamientos este \u00faltimo a\u00f1o"}]},{"@type":"WebSite","@id":"http:\/\/elregionalvm.com.ar\/noticias-villa-maria\/#website","url":"http:\/\/elregionalvm.com.ar\/noticias-villa-maria\/","name":"El Regional","description":"Mucho m\u00e1s que informaci\u00f3n","potentialAction":[{"@type":"SearchAction","target":{"@type":"EntryPoint","urlTemplate":"http:\/\/elregionalvm.com.ar\/noticias-villa-maria\/?s={search_term_string}"},"query-input":{"@type":"PropertyValueSpecification","valueRequired":true,"valueName":"search_term_string"}}],"inLanguage":"es"},{"@type":"Person","@id":"http:\/\/elregionalvm.com.ar\/noticias-villa-maria\/#\/schema\/person\/a0fb9c422317faca23d50163151bc354","name":"Contenidos El Regional","image":{"@type":"ImageObject","inLanguage":"es","@id":"http:\/\/elregionalvm.com.ar\/noticias-villa-maria\/#\/schema\/person\/image\/","url":"https:\/\/secure.gravatar.com\/avatar\/265b27cb2209af7bb3a1318f03305787d7981a5cc6e6cd08fe5a4ecdf99d4b48?s=96&d=mm&r=g","contentUrl":"https:\/\/secure.gravatar.com\/avatar\/265b27cb2209af7bb3a1318f03305787d7981a5cc6e6cd08fe5a4ecdf99d4b48?s=96&d=mm&r=g","caption":"Contenidos El Regional"},"url":"https:\/\/elregionalvm.com.ar\/noticias-villa-maria\/author\/contenido\/"}]}},"jetpack_featured_media_url":"https:\/\/i0.wp.com\/elregionalvm.com.ar\/noticias-villa-maria\/wp-content\/uploads\/2021\/07\/casamientos-menos.jpg?fit=512%2C342&ssl=1","jetpack_sharing_enabled":true,"_links":{"self":[{"href":"https:\/\/elregionalvm.com.ar\/noticias-villa-maria\/wp-json\/wp\/v2\/posts\/41299","targetHints":{"allow":["GET"]}}],"collection":[{"href":"https:\/\/elregionalvm.com.ar\/noticias-villa-maria\/wp-json\/wp\/v2\/posts"}],"about":[{"href":"https:\/\/elregionalvm.com.ar\/noticias-villa-maria\/wp-json\/wp\/v2\/types\/post"}],"author":[{"embeddable":true,"href":"https:\/\/elregionalvm.com.ar\/noticias-villa-maria\/wp-json\/wp\/v2\/users\/4"}],"replies":[{"embeddable":true,"href":"https:\/\/elregionalvm.com.ar\/noticias-villa-maria\/wp-json\/wp\/v2\/comments?post=41299"}],"version-history":[{"count":1,"href":"https:\/\/elregionalvm.com.ar\/noticias-villa-maria\/wp-json\/wp\/v2\/posts\/41299\/revisions"}],"predecessor-version":[{"id":41301,"href":"https:\/\/elregionalvm.com.ar\/noticias-villa-maria\/wp-json\/wp\/v2\/posts\/41299\/revisions\/41301"}],"wp:featuredmedia":[{"embeddable":true,"href":"https:\/\/elregionalvm.com.ar\/noticias-villa-maria\/wp-json\/wp\/v2\/media\/41300"}],"wp:attachment":[{"href":"https:\/\/elregionalvm.com.ar\/noticias-villa-maria\/wp-json\/wp\/v2\/media?parent=41299"}],"wp:term":[{"taxonomy":"category","embeddable":true,"href":"https:\/\/elregionalvm.com.ar\/noticias-villa-maria\/wp-json\/wp\/v2\/categories?post=41299"},{"taxonomy":"post_tag","embeddable":true,"href":"https:\/\/elregionalvm.com.ar\/noticias-villa-maria\/wp-json\/wp\/v2\/tags?post=41299"}],"curies":[{"name":"wp","href":"https:\/\/api.w.org\/{rel}","templated":true}]}}