{"id":41314,"date":"2021-07-21T21:15:35","date_gmt":"2021-07-21T21:15:35","guid":{"rendered":"https:\/\/elregionalvm.com.ar\/noticias-villa-maria\/?p=41314"},"modified":"2021-07-25T04:06:40","modified_gmt":"2021-07-25T04:06:40","slug":"legislativas-accastello-confirmado-gill-tambien-arde-la-interna-peronista","status":"publish","type":"post","link":"https:\/\/elregionalvm.com.ar\/noticias-villa-maria\/legislativas-accastello-confirmado-gill-tambien-arde-la-interna-peronista\/","title":{"rendered":"[Legislativas] Accastello, confirmado. Gill, tambi\u00e9n. Arde la interna peronista"},"content":{"rendered":"\n<p><strong>\u00bfHabr\u00e1 dirigentes villamarienses en las listas de postulantes para las legislativas tal como se baraja y especula desde hace algunas semanas?<\/strong> <strong>Todo hace pensar que s\u00ed. <\/strong><\/p>\n\n\n\n<p><\/p>\n\n\n\n<p>La inc\u00f3gnita se resolver\u00e1 durante la medianoche de este s\u00e1bado 24 de julio. Es el tiempo l\u00edmite para presentar las listas con los nombres de todos los candidatos a diputados y senadores de cara a las PASO del 12 de septiembre.<\/p>\n\n\n\n<p>Cinco alianzas competir\u00e1n en la provincia de C\u00f3rdoba. El trofeo principal son las tres bancas para la C\u00e1mara de Senadores y las nueve para la de Diputados que se renovar\u00e1n en las legislativas.<\/p>\n\n\n\n<p>La primera instancia electoral ser\u00e1 el 12 de septiembre, cuando se celebren las Primarias Abiertas, Simult\u00e1neas y Obligatorias (PASO), mientras que las generales se disputar\u00e1n el 14 de noviembre.<\/p>\n\n\n\n<p>En algunas fuerzas ya est\u00e1n los nombres resueltos desde hace rato, pero en otras persisten arduas negociaciones para definir listas de consenso con la finalidad de evitar las internas y el desgaste que pudieran producir.<\/p>\n\n\n\n<p>En algunas coaliciones se conoce los dirigentes que encabezar\u00e1n las listas, pero en otras persisten las dudas y hay batallas en el frente interno para ver qui\u00e9nes se colocan en la delantera. Las trincheras est\u00e1n que arden sobre todo en Juntos por el Cambio.<\/p>\n\n\n\n<p>El partido que tiene como referente principal a Mauricio Macri ya tiene los nombres puestos, pero la UCR no quiere resignar posiciones y quedarse como furg\u00f3n de cola como en actos electorales anteriores.<\/p>\n\n\n\n<p>El PRO quiere como cabeza de lista a Luis Juez para el Senado, y al exministro de Turismo de Macri, Gustavo Santos, para encabezar Diputados. Pero, la UCR busca ganar protagonismo y llevar nombres propios. Negri, Mestre, De Loredo, son los principales nombres en danza en el fuego cruzado.<\/p>\n\n\n\n<p>No habr\u00e1 nombres de villamarienses en posiciones destacadas de las boletas del macrismo. El legislador provincial y referente local de esa fuerza, Dar\u00edo Capitani, por caso, no aparecer\u00e1 entre los postulantes.<\/p>\n\n\n\n<p><strong>Peronismo dividido<\/strong><\/p>\n\n\n\n<p>El peronismo cordob\u00e9s entrar\u00e1, una vez m\u00e1s, dividido a la cancha. No hubo acuerdo entre el Panal y la Casa Rosada, y el oficialismo provincial tratar\u00e1 sacar ventaja con dos mujeres como cabezas de lista.<\/p>\n\n\n\n<p>La esposa del gobernador Juan Schiaretti, Alejandra Vigo, liderar\u00e1 la n\u00f3mina de candidatos al Senado, mientras que Natalia de la Sota har\u00e1 lo propio en la lista para Diputados.<\/p>\n\n\n\n<p>Otro de los nombres que se barajan con insistencia para integrar el listado de Hacemos por C\u00f3rdoba es el de Nora Bedano. La presidenta de la Agencia C\u00f3rdoba Cultura aparecer\u00eda como figura de contrapeso ante el posible escenario de la presencia de Mart\u00edn Gill en la boleta del Frente de Todos.<\/p>\n\n\n\n<p><\/p>\n\n\n\n<figure class=\"wp-block-image size-large\"><img data-recalc-dims=\"1\" fetchpriority=\"high\" decoding=\"async\" width=\"993\" height=\"660\" src=\"https:\/\/i0.wp.com\/elregionalvm.com.ar\/noticias-villa-maria\/wp-content\/uploads\/2021\/07\/entrega-de-designacion-de-sarmiento-a-San-Juan3-Bedano.jpg?resize=993%2C660&#038;ssl=1\" alt=\"\" class=\"wp-image-41316\" srcset=\"https:\/\/i0.wp.com\/elregionalvm.com.ar\/noticias-villa-maria\/wp-content\/uploads\/2021\/07\/entrega-de-designacion-de-sarmiento-a-San-Juan3-Bedano.jpg?w=993&amp;ssl=1 993w, https:\/\/i0.wp.com\/elregionalvm.com.ar\/noticias-villa-maria\/wp-content\/uploads\/2021\/07\/entrega-de-designacion-de-sarmiento-a-San-Juan3-Bedano.jpg?resize=300%2C199&amp;ssl=1 300w, https:\/\/i0.wp.com\/elregionalvm.com.ar\/noticias-villa-maria\/wp-content\/uploads\/2021\/07\/entrega-de-designacion-de-sarmiento-a-San-Juan3-Bedano.jpg?resize=768%2C510&amp;ssl=1 768w\" sizes=\"(max-width: 993px) 100vw, 993px\" \/><figcaption><em>Nora Bedano descart\u00f3 que vaya a ser candidata a diputada<\/em>.<\/figcaption><\/figure>\n\n\n\n<p><\/p>\n\n\n\n<p>Pero, d\u00edas atr\u00e1s, Bedano desestim\u00f3 que estuviera incluida como candidata. \u201cMuy lejos de la realidad\u201d, se encarg\u00f3 de repetir ante el periodismo.<\/p>\n\n\n\n<p>Muy cercana a Vigo, la exintendenta de Villa Mar\u00eda goza del benepl\u00e1cito de los l\u00edderes del peronismo cordob\u00e9s, pero es resistida por otros sectores. Y su nombre no estar\u00eda descartado hasta \u00faltimo momento, aunque se haya empe\u00f1ado en desmentir las versiones que circulan en los medios respecto de su candidatura.<\/p>\n\n\n\n<p>Una estrategia pol\u00edtica recurrente es marcar con suspenso el trayecto previo a la oficializaci\u00f3n de las listas, con negaciones y desmentidas en el medio, para luego terminar confirmando una postulaci\u00f3n.<\/p>\n\n\n\n<p>De todas maneras, habr\u00e1 que esperar hasta el s\u00e1bado, porque por ahora, los se\u00f1alados no quieren largar prenda.<\/p>\n\n\n\n<p><strong>Accastello candidato<\/strong><\/p>\n\n\n\n<p>En los \u00faltimos d\u00edas tambi\u00e9n comenz\u00f3 a sonar el nombre de Eduardo Accastello, expareja de Bedano y actual ministro de Industria de C\u00f3rdoba, para formar parte de alguna de las n\u00f3minas. Los m\u00e1s optimistas lo ubicaban secundando a Vigo en la boleta, pero hab\u00eda que ver el resultado de las negociaciones. Al menos era as\u00ed hasta este mi\u00e9rcoles. <\/p>\n\n\n\n<p>De confirmarse el s\u00e1bado, lo que este jueves ya daban por hecho desde la oficina principal de la Casa de Gobierno, la interna peronista estar\u00e1 al rojo vivo en Villa Mar\u00eda. Es que en lugar de Bedano, el dirigente elegido por Schiaretti para disputarle terreno a Gill en caso de ser postulante a diputado, ser\u00eda el propio Accastello. <\/p>\n\n\n\n<p>Y claro, nunca hay que dar nada por descartado hasta \u00faltimo momento. Las movedizas arenas de la pol\u00edtica ya nos dieron sobrados ejemplos.<\/p>\n\n\n\n<p><\/p>\n\n\n\n<figure class=\"wp-block-image size-large\"><img data-recalc-dims=\"1\" decoding=\"async\" width=\"1000\" height=\"668\" src=\"https:\/\/i0.wp.com\/elregionalvm.com.ar\/noticias-villa-maria\/wp-content\/uploads\/2021\/06\/Accastello.jpg?resize=1000%2C668&#038;ssl=1\" alt=\"\" class=\"wp-image-39387\" srcset=\"https:\/\/i0.wp.com\/elregionalvm.com.ar\/noticias-villa-maria\/wp-content\/uploads\/2021\/06\/Accastello.jpg?w=1000&amp;ssl=1 1000w, https:\/\/i0.wp.com\/elregionalvm.com.ar\/noticias-villa-maria\/wp-content\/uploads\/2021\/06\/Accastello.jpg?resize=300%2C200&amp;ssl=1 300w, https:\/\/i0.wp.com\/elregionalvm.com.ar\/noticias-villa-maria\/wp-content\/uploads\/2021\/06\/Accastello.jpg?resize=768%2C513&amp;ssl=1 768w\" sizes=\"(max-width: 1000px) 100vw, 1000px\" \/><figcaption><em>Accastello comenz\u00f3 a sonar en los \u00faltimos d\u00edas como postulante. \u00bfEstar\u00e1?.<\/em><\/figcaption><\/figure>\n\n\n\n<p><\/p>\n\n\n\n<p><strong>El dilema de Gill<\/strong><\/p>\n\n\n\n<p>El misterio tambi\u00e9n envolv\u00eda la potencial candidatura del intendente villamariense en uso de licencia. Pero, eso fue hasta este viernes, cuando el propio Gill lo confirm\u00f3 a trav\u00e9s de las redes sociales, en un posteo con una foto junto con el presidente Alberto Fern\u00e1ndez. <\/p>\n\n\n\n<p>La Secretar\u00eda de Obras P\u00fablicas de la Naci\u00f3n es una excelente vidriera para hacer visibles a los dirigentes que ocupan esa oficina. A nadie escapa que Mart\u00edn Gill se encuentra c\u00f3modo como segundo en un Ministerio con mucha actividad y roce con funcionarios de todo el pa\u00eds.<\/p>\n\n\n\n<p>Su nombre era citado de manera recurrente como potencial cabeza de lista de Diputados por el kirchnerismo, pero tard\u00f3 en correrse el velo sobre esa posibilidad. \u201cMart\u00edn est\u00e1 de lleno ocupado en la gesti\u00f3n\u201d, insist\u00edan en su entorno.<\/p>\n\n\n\n<p><\/p>\n\n\n\n<figure class=\"wp-block-image size-large\"><img data-recalc-dims=\"1\" decoding=\"async\" width=\"1024\" height=\"682\" src=\"https:\/\/i0.wp.com\/elregionalvm.com.ar\/noticias-villa-maria\/wp-content\/uploads\/2020\/06\/Mart%C3%ADn-Gill-funcionario-nacional.jpg?resize=1024%2C682&#038;ssl=1\" alt=\"\" class=\"wp-image-18555\" srcset=\"https:\/\/i0.wp.com\/elregionalvm.com.ar\/noticias-villa-maria\/wp-content\/uploads\/2020\/06\/Mart%C3%ADn-Gill-funcionario-nacional.jpg?resize=1024%2C682&amp;ssl=1 1024w, https:\/\/i0.wp.com\/elregionalvm.com.ar\/noticias-villa-maria\/wp-content\/uploads\/2020\/06\/Mart%C3%ADn-Gill-funcionario-nacional.jpg?resize=300%2C200&amp;ssl=1 300w, https:\/\/i0.wp.com\/elregionalvm.com.ar\/noticias-villa-maria\/wp-content\/uploads\/2020\/06\/Mart%C3%ADn-Gill-funcionario-nacional.jpg?resize=768%2C512&amp;ssl=1 768w, https:\/\/i0.wp.com\/elregionalvm.com.ar\/noticias-villa-maria\/wp-content\/uploads\/2020\/06\/Mart%C3%ADn-Gill-funcionario-nacional.jpg?w=1280&amp;ssl=1 1280w\" sizes=\"(max-width: 1000px) 100vw, 1000px\" \/><figcaption><em>Gill ser\u00eda la apuesta del gobierno nacional en C\u00f3rdoba. Pero, no hay certezas. <\/em><\/figcaption><\/figure>\n\n\n\n<p><\/p>\n\n\n\n<p>Pero, quienes conocen el pa\u00f1o apuntan que Gill no estar\u00eda convencido de tomar esa posta para dejar de lado el destacado rol en Obras P\u00fablicas, que lo motiva m\u00e1s que \u201chacer la plancha\u201d como candidato a diputado.<\/p>\n\n\n\n<p>Tampoco estar\u00eda en la lista de prioridades el retorno a la ciudad que lo eligi\u00f3 en 2019 para gobernarla durante cuatro a\u00f1os.<\/p>\n\n\n\n<p>La llegada con obras y proyectos a todos los rincones de la provincia apuntalan las posibles aspiraciones a ingresar en las gateras para emprender la carrera hacia la gobernaci\u00f3n en 2023.<\/p>\n\n\n\n<p>Pero, un enfrentamiento abierto con el oficialismo cordob\u00e9s, podr\u00eda complicar esas chances que cuentan con el supuesto gui\u00f1o de Schiaretti.<\/p>\n\n\n\n<p>Los bendecidos para anotarse en la puja ser\u00edan, adem\u00e1s de Gill, el intendente de C\u00f3rdoba Mart\u00edn Llaryora y su par de R\u00edo Cuarto, Juan Manuel Llamosas, entre otros interesados que siempre sobran.<\/p>\n\n\n\n<p>M\u00e1s all\u00e1 de las conjeturas y posibilidades que se abren en la previa a la oficializaci\u00f3n de las boletas, la certeza del nombre de Gill como cabeza de lista se fue desinflando con el correr de los d\u00edas. Y se infl\u00f3 de golpe en la tarde del viernes. <\/p>\n\n\n\n<p>En pol\u00edtica como en la vida misma, todo puede cambiar de un momento para otro.<\/p>\n","protected":false},"excerpt":{"rendered":"<p>\u00bfHabr\u00e1 dirigentes villamarienses en las listas de postulantes para las legislativas tal como se baraja y especula desde hace algunas semanas? Todo hace pensar que s\u00ed. La inc\u00f3gnita se resolver\u00e1 durante la medianoche de este s\u00e1bado 24 de julio. Es el tiempo l\u00edmite para presentar las listas con los nombres de todos los candidatos a [&hellip;]<\/p>\n","protected":false},"author":6,"featured_media":41357,"comment_status":"open","ping_status":"open","sticky":false,"template":"","format":"standard","meta":{"site-sidebar-layout":"default","site-content-layout":"default","ast-site-content-layout":"default","site-content-style":"default","site-sidebar-style":"default","ast-global-header-display":"","ast-banner-title-visibility":"","ast-main-header-display":"","ast-hfb-above-header-display":"","ast-hfb-below-header-display":"","ast-hfb-mobile-header-display":"","site-post-title":"","ast-breadcrumbs-content":"","ast-featured-img":"","footer-sml-layout":"","ast-disable-related-posts":"","theme-transparent-header-meta":"default","adv-header-id-meta":"","stick-header-meta":"","header-above-stick-meta":"","header-main-stick-meta":"","header-below-stick-meta":"","astra-migrate-meta-layouts":"default","ast-page-background-enabled":"default","ast-page-background-meta":{"desktop":{"background-color":"","background-image":"","background-repeat":"repeat","background-position":"center center","background-size":"auto","background-attachment":"scroll","background-type":"","background-media":"","overlay-type":"","overlay-color":"","overlay-opacity":"","overlay-gradient":""},"tablet":{"background-color":"","background-image":"","background-repeat":"repeat","background-position":"center center","background-size":"auto","background-attachment":"scroll","background-type":"","background-media":"","overlay-type":"","overlay-color":"","overlay-opacity":"","overlay-gradient":""},"mobile":{"background-color":"","background-image":"","background-repeat":"repeat","background-position":"center center","background-size":"auto","background-attachment":"scroll","background-type":"","background-media":"","overlay-type":"","overlay-color":"","overlay-opacity":"","overlay-gradient":""}},"ast-content-background-meta":{"desktop":{"background-color":"var(--ast-global-color-5)","background-image":"","background-repeat":"repeat","background-position":"center center","background-size":"auto","background-attachment":"scroll","background-type":"","background-media":"","overlay-type":"","overlay-color":"","overlay-opacity":"","overlay-gradient":""},"tablet":{"background-color":"var(--ast-global-color-5)","background-image":"","background-repeat":"repeat","background-position":"center center","background-size":"auto","background-attachment":"scroll","background-type":"","background-media":"","overlay-type":"","overlay-color":"","overlay-opacity":"","overlay-gradient":""},"mobile":{"background-color":"var(--ast-global-color-5)","background-image":"","background-repeat":"repeat","background-position":"center center","background-size":"auto","background-attachment":"scroll","background-type":"","background-media":"","overlay-type":"","overlay-color":"","overlay-opacity":"","overlay-gradient":""}},"_jetpack_memberships_contains_paid_content":false,"_joinchat":[],"footnotes":""},"categories":[2089,3557],"tags":[1594,10139,2038,6878,10140,3058,1125,4044],"class_list":["post-41314","post","type-post","status-publish","format-standard","has-post-thumbnail","hentry","category-politica","category-tercera","tag-alberto-fernandez","tag-alejandra-vigo","tag-eduardo-accastello","tag-elecciones-legislativas","tag-internas","tag-juan-schiaretti","tag-martin-gill","tag-nora-bedano"],"yoast_head":"<!-- This site is optimized with the Yoast SEO plugin v26.8 - https:\/\/yoast.com\/product\/yoast-seo-wordpress\/ -->\n<title>[Legislativas] Accastello, confirmado. Gill, tambi\u00e9n. Arde la interna peronista - El Regional<\/title>\n<meta name=\"description\" content=\"\u00bfHabr\u00e1 dirigentes villamarienses en las listas de postulantes para las legislativas tal como se baraja y especula desde hace algunas semanas?\" \/>\n<meta name=\"robots\" content=\"index, follow, max-snippet:-1, max-image-preview:large, max-video-preview:-1\" \/>\n<link rel=\"canonical\" href=\"http:\/\/elregionalvm.com.ar\/noticias-villa-maria\/legislativas-accastello-confirmado-gill-tambien-arde-la-interna-peronista\/\" \/>\n<meta property=\"og:locale\" content=\"es_ES\" \/>\n<meta property=\"og:type\" content=\"article\" \/>\n<meta property=\"og:title\" content=\"[Legislativas] Accastello, confirmado. Gill, tambi\u00e9n. Arde la interna peronista - El Regional\" \/>\n<meta property=\"og:description\" content=\"\u00bfHabr\u00e1 dirigentes villamarienses en las listas de postulantes para las legislativas tal como se baraja y especula desde hace algunas semanas?\" \/>\n<meta property=\"og:url\" content=\"http:\/\/elregionalvm.com.ar\/noticias-villa-maria\/legislativas-accastello-confirmado-gill-tambien-arde-la-interna-peronista\/\" \/>\n<meta property=\"og:site_name\" content=\"El Regional\" \/>\n<meta property=\"article:publisher\" content=\"https:\/\/www.facebook.com\/elregionalvm\" \/>\n<meta property=\"article:published_time\" content=\"2021-07-21T21:15:35+00:00\" \/>\n<meta property=\"article:modified_time\" content=\"2021-07-25T04:06:40+00:00\" \/>\n<meta property=\"og:image\" content=\"http:\/\/elregionalvm.com.ar\/noticias-villa-maria\/wp-content\/uploads\/2021\/07\/politiques-vertical.jpg\" \/>\n\t<meta property=\"og:image:width\" content=\"800\" \/>\n\t<meta property=\"og:image:height\" content=\"1115\" \/>\n\t<meta property=\"og:image:type\" content=\"image\/jpeg\" \/>\n<meta name=\"author\" content=\"Germ\u00e1n Giacchero\" \/>\n<meta name=\"twitter:card\" content=\"summary_large_image\" \/>\n<meta name=\"twitter:creator\" content=\"@elregionalvm1\" \/>\n<meta name=\"twitter:site\" content=\"@elregionalvm1\" \/>\n<meta name=\"twitter:label1\" content=\"Escrito por\" \/>\n\t<meta name=\"twitter:data1\" content=\"Germ\u00e1n Giacchero\" \/>\n\t<meta name=\"twitter:label2\" content=\"Tiempo de lectura\" \/>\n\t<meta name=\"twitter:data2\" content=\"6 minutos\" \/>\n<script type=\"application\/ld+json\" class=\"yoast-schema-graph\">{\"@context\":\"https:\/\/schema.org\",\"@graph\":[{\"@type\":\"Article\",\"@id\":\"http:\/\/elregionalvm.com.ar\/noticias-villa-maria\/legislativas-accastello-confirmado-gill-tambien-arde-la-interna-peronista\/#article\",\"isPartOf\":{\"@id\":\"http:\/\/elregionalvm.com.ar\/noticias-villa-maria\/legislativas-accastello-confirmado-gill-tambien-arde-la-interna-peronista\/\"},\"author\":{\"name\":\"Germ\u00e1n Giacchero\",\"@id\":\"http:\/\/elregionalvm.com.ar\/noticias-villa-maria\/#\/schema\/person\/d5e4b04966154131701e52c45d3efec9\"},\"headline\":\"[Legislativas] Accastello, confirmado. Gill, tambi\u00e9n. Arde la interna peronista\",\"datePublished\":\"2021-07-21T21:15:35+00:00\",\"dateModified\":\"2021-07-25T04:06:40+00:00\",\"mainEntityOfPage\":{\"@id\":\"http:\/\/elregionalvm.com.ar\/noticias-villa-maria\/legislativas-accastello-confirmado-gill-tambien-arde-la-interna-peronista\/\"},\"wordCount\":1156,\"commentCount\":1,\"image\":{\"@id\":\"http:\/\/elregionalvm.com.ar\/noticias-villa-maria\/legislativas-accastello-confirmado-gill-tambien-arde-la-interna-peronista\/#primaryimage\"},\"thumbnailUrl\":\"https:\/\/i0.wp.com\/elregionalvm.com.ar\/noticias-villa-maria\/wp-content\/uploads\/2021\/07\/politiques-vertical.jpg?fit=800%2C1115&ssl=1\",\"keywords\":[\"Alberto Fern\u00e1ndez\",\"Alejandra Vigo\",\"Eduardo Accastello\",\"Elecciones legislativas\",\"internas\",\"Juan Schiaretti\",\"mart\u00edn gill\",\"Nora Bedano\"],\"articleSection\":[\"Pol\u00edtica\",\"tercera\"],\"inLanguage\":\"es\",\"potentialAction\":[{\"@type\":\"CommentAction\",\"name\":\"Comment\",\"target\":[\"http:\/\/elregionalvm.com.ar\/noticias-villa-maria\/legislativas-accastello-confirmado-gill-tambien-arde-la-interna-peronista\/#respond\"]}]},{\"@type\":\"WebPage\",\"@id\":\"http:\/\/elregionalvm.com.ar\/noticias-villa-maria\/legislativas-accastello-confirmado-gill-tambien-arde-la-interna-peronista\/\",\"url\":\"http:\/\/elregionalvm.com.ar\/noticias-villa-maria\/legislativas-accastello-confirmado-gill-tambien-arde-la-interna-peronista\/\",\"name\":\"[Legislativas] Accastello, confirmado. Gill, tambi\u00e9n. Arde la interna peronista - El Regional\",\"isPartOf\":{\"@id\":\"http:\/\/elregionalvm.com.ar\/noticias-villa-maria\/#website\"},\"primaryImageOfPage\":{\"@id\":\"http:\/\/elregionalvm.com.ar\/noticias-villa-maria\/legislativas-accastello-confirmado-gill-tambien-arde-la-interna-peronista\/#primaryimage\"},\"image\":{\"@id\":\"http:\/\/elregionalvm.com.ar\/noticias-villa-maria\/legislativas-accastello-confirmado-gill-tambien-arde-la-interna-peronista\/#primaryimage\"},\"thumbnailUrl\":\"https:\/\/i0.wp.com\/elregionalvm.com.ar\/noticias-villa-maria\/wp-content\/uploads\/2021\/07\/politiques-vertical.jpg?fit=800%2C1115&ssl=1\",\"datePublished\":\"2021-07-21T21:15:35+00:00\",\"dateModified\":\"2021-07-25T04:06:40+00:00\",\"author\":{\"@id\":\"http:\/\/elregionalvm.com.ar\/noticias-villa-maria\/#\/schema\/person\/d5e4b04966154131701e52c45d3efec9\"},\"description\":\"\u00bfHabr\u00e1 dirigentes villamarienses en las listas de postulantes para las legislativas tal como se baraja y especula desde hace algunas semanas?\",\"breadcrumb\":{\"@id\":\"http:\/\/elregionalvm.com.ar\/noticias-villa-maria\/legislativas-accastello-confirmado-gill-tambien-arde-la-interna-peronista\/#breadcrumb\"},\"inLanguage\":\"es\",\"potentialAction\":[{\"@type\":\"ReadAction\",\"target\":[\"http:\/\/elregionalvm.com.ar\/noticias-villa-maria\/legislativas-accastello-confirmado-gill-tambien-arde-la-interna-peronista\/\"]}]},{\"@type\":\"ImageObject\",\"inLanguage\":\"es\",\"@id\":\"http:\/\/elregionalvm.com.ar\/noticias-villa-maria\/legislativas-accastello-confirmado-gill-tambien-arde-la-interna-peronista\/#primaryimage\",\"url\":\"https:\/\/i0.wp.com\/elregionalvm.com.ar\/noticias-villa-maria\/wp-content\/uploads\/2021\/07\/politiques-vertical.jpg?fit=800%2C1115&ssl=1\",\"contentUrl\":\"https:\/\/i0.wp.com\/elregionalvm.com.ar\/noticias-villa-maria\/wp-content\/uploads\/2021\/07\/politiques-vertical.jpg?fit=800%2C1115&ssl=1\",\"width\":800,\"height\":1115},{\"@type\":\"BreadcrumbList\",\"@id\":\"http:\/\/elregionalvm.com.ar\/noticias-villa-maria\/legislativas-accastello-confirmado-gill-tambien-arde-la-interna-peronista\/#breadcrumb\",\"itemListElement\":[{\"@type\":\"ListItem\",\"position\":1,\"name\":\"Portada\",\"item\":\"https:\/\/elregionalvm.com.ar\/noticias-villa-maria\/\"},{\"@type\":\"ListItem\",\"position\":2,\"name\":\"[Legislativas] Accastello, confirmado. Gill, tambi\u00e9n. Arde la interna peronista\"}]},{\"@type\":\"WebSite\",\"@id\":\"http:\/\/elregionalvm.com.ar\/noticias-villa-maria\/#website\",\"url\":\"http:\/\/elregionalvm.com.ar\/noticias-villa-maria\/\",\"name\":\"El Regional\",\"description\":\"Mucho m\u00e1s que informaci\u00f3n\",\"potentialAction\":[{\"@type\":\"SearchAction\",\"target\":{\"@type\":\"EntryPoint\",\"urlTemplate\":\"http:\/\/elregionalvm.com.ar\/noticias-villa-maria\/?s={search_term_string}\"},\"query-input\":{\"@type\":\"PropertyValueSpecification\",\"valueRequired\":true,\"valueName\":\"search_term_string\"}}],\"inLanguage\":\"es\"},{\"@type\":\"Person\",\"@id\":\"http:\/\/elregionalvm.com.ar\/noticias-villa-maria\/#\/schema\/person\/d5e4b04966154131701e52c45d3efec9\",\"name\":\"Germ\u00e1n Giacchero\",\"image\":{\"@type\":\"ImageObject\",\"inLanguage\":\"es\",\"@id\":\"http:\/\/elregionalvm.com.ar\/noticias-villa-maria\/#\/schema\/person\/image\/\",\"url\":\"https:\/\/secure.gravatar.com\/avatar\/fda163ba5ef0307ee5be9846e10f83b6e83d0cfb260d3b2464830318894c6b04?s=96&d=mm&r=g\",\"contentUrl\":\"https:\/\/secure.gravatar.com\/avatar\/fda163ba5ef0307ee5be9846e10f83b6e83d0cfb260d3b2464830318894c6b04?s=96&d=mm&r=g\",\"caption\":\"Germ\u00e1n Giacchero\"},\"url\":\"https:\/\/elregionalvm.com.ar\/noticias-villa-maria\/author\/germangiacchero\/\"}]}<\/script>\n<!-- \/ Yoast SEO plugin. -->","yoast_head_json":{"title":"[Legislativas] Accastello, confirmado. Gill, tambi\u00e9n. Arde la interna peronista - El Regional","description":"\u00bfHabr\u00e1 dirigentes villamarienses en las listas de postulantes para las legislativas tal como se baraja y especula desde hace algunas semanas?","robots":{"index":"index","follow":"follow","max-snippet":"max-snippet:-1","max-image-preview":"max-image-preview:large","max-video-preview":"max-video-preview:-1"},"canonical":"http:\/\/elregionalvm.com.ar\/noticias-villa-maria\/legislativas-accastello-confirmado-gill-tambien-arde-la-interna-peronista\/","og_locale":"es_ES","og_type":"article","og_title":"[Legislativas] Accastello, confirmado. Gill, tambi\u00e9n. Arde la interna peronista - El Regional","og_description":"\u00bfHabr\u00e1 dirigentes villamarienses en las listas de postulantes para las legislativas tal como se baraja y especula desde hace algunas semanas?","og_url":"http:\/\/elregionalvm.com.ar\/noticias-villa-maria\/legislativas-accastello-confirmado-gill-tambien-arde-la-interna-peronista\/","og_site_name":"El Regional","article_publisher":"https:\/\/www.facebook.com\/elregionalvm","article_published_time":"2021-07-21T21:15:35+00:00","article_modified_time":"2021-07-25T04:06:40+00:00","og_image":[{"width":800,"height":1115,"url":"http:\/\/elregionalvm.com.ar\/noticias-villa-maria\/wp-content\/uploads\/2021\/07\/politiques-vertical.jpg","type":"image\/jpeg"}],"author":"Germ\u00e1n Giacchero","twitter_card":"summary_large_image","twitter_creator":"@elregionalvm1","twitter_site":"@elregionalvm1","twitter_misc":{"Escrito por":"Germ\u00e1n Giacchero","Tiempo de lectura":"6 minutos"},"schema":{"@context":"https:\/\/schema.org","@graph":[{"@type":"Article","@id":"http:\/\/elregionalvm.com.ar\/noticias-villa-maria\/legislativas-accastello-confirmado-gill-tambien-arde-la-interna-peronista\/#article","isPartOf":{"@id":"http:\/\/elregionalvm.com.ar\/noticias-villa-maria\/legislativas-accastello-confirmado-gill-tambien-arde-la-interna-peronista\/"},"author":{"name":"Germ\u00e1n Giacchero","@id":"http:\/\/elregionalvm.com.ar\/noticias-villa-maria\/#\/schema\/person\/d5e4b04966154131701e52c45d3efec9"},"headline":"[Legislativas] Accastello, confirmado. Gill, tambi\u00e9n. Arde la interna peronista","datePublished":"2021-07-21T21:15:35+00:00","dateModified":"2021-07-25T04:06:40+00:00","mainEntityOfPage":{"@id":"http:\/\/elregionalvm.com.ar\/noticias-villa-maria\/legislativas-accastello-confirmado-gill-tambien-arde-la-interna-peronista\/"},"wordCount":1156,"commentCount":1,"image":{"@id":"http:\/\/elregionalvm.com.ar\/noticias-villa-maria\/legislativas-accastello-confirmado-gill-tambien-arde-la-interna-peronista\/#primaryimage"},"thumbnailUrl":"https:\/\/i0.wp.com\/elregionalvm.com.ar\/noticias-villa-maria\/wp-content\/uploads\/2021\/07\/politiques-vertical.jpg?fit=800%2C1115&ssl=1","keywords":["Alberto Fern\u00e1ndez","Alejandra Vigo","Eduardo Accastello","Elecciones legislativas","internas","Juan Schiaretti","mart\u00edn gill","Nora Bedano"],"articleSection":["Pol\u00edtica","tercera"],"inLanguage":"es","potentialAction":[{"@type":"CommentAction","name":"Comment","target":["http:\/\/elregionalvm.com.ar\/noticias-villa-maria\/legislativas-accastello-confirmado-gill-tambien-arde-la-interna-peronista\/#respond"]}]},{"@type":"WebPage","@id":"http:\/\/elregionalvm.com.ar\/noticias-villa-maria\/legislativas-accastello-confirmado-gill-tambien-arde-la-interna-peronista\/","url":"http:\/\/elregionalvm.com.ar\/noticias-villa-maria\/legislativas-accastello-confirmado-gill-tambien-arde-la-interna-peronista\/","name":"[Legislativas] Accastello, confirmado. Gill, tambi\u00e9n. Arde la interna peronista - El Regional","isPartOf":{"@id":"http:\/\/elregionalvm.com.ar\/noticias-villa-maria\/#website"},"primaryImageOfPage":{"@id":"http:\/\/elregionalvm.com.ar\/noticias-villa-maria\/legislativas-accastello-confirmado-gill-tambien-arde-la-interna-peronista\/#primaryimage"},"image":{"@id":"http:\/\/elregionalvm.com.ar\/noticias-villa-maria\/legislativas-accastello-confirmado-gill-tambien-arde-la-interna-peronista\/#primaryimage"},"thumbnailUrl":"https:\/\/i0.wp.com\/elregionalvm.com.ar\/noticias-villa-maria\/wp-content\/uploads\/2021\/07\/politiques-vertical.jpg?fit=800%2C1115&ssl=1","datePublished":"2021-07-21T21:15:35+00:00","dateModified":"2021-07-25T04:06:40+00:00","author":{"@id":"http:\/\/elregionalvm.com.ar\/noticias-villa-maria\/#\/schema\/person\/d5e4b04966154131701e52c45d3efec9"},"description":"\u00bfHabr\u00e1 dirigentes villamarienses en las listas de postulantes para las legislativas tal como se baraja y especula desde hace algunas semanas?","breadcrumb":{"@id":"http:\/\/elregionalvm.com.ar\/noticias-villa-maria\/legislativas-accastello-confirmado-gill-tambien-arde-la-interna-peronista\/#breadcrumb"},"inLanguage":"es","potentialAction":[{"@type":"ReadAction","target":["http:\/\/elregionalvm.com.ar\/noticias-villa-maria\/legislativas-accastello-confirmado-gill-tambien-arde-la-interna-peronista\/"]}]},{"@type":"ImageObject","inLanguage":"es","@id":"http:\/\/elregionalvm.com.ar\/noticias-villa-maria\/legislativas-accastello-confirmado-gill-tambien-arde-la-interna-peronista\/#primaryimage","url":"https:\/\/i0.wp.com\/elregionalvm.com.ar\/noticias-villa-maria\/wp-content\/uploads\/2021\/07\/politiques-vertical.jpg?fit=800%2C1115&ssl=1","contentUrl":"https:\/\/i0.wp.com\/elregionalvm.com.ar\/noticias-villa-maria\/wp-content\/uploads\/2021\/07\/politiques-vertical.jpg?fit=800%2C1115&ssl=1","width":800,"height":1115},{"@type":"BreadcrumbList","@id":"http:\/\/elregionalvm.com.ar\/noticias-villa-maria\/legislativas-accastello-confirmado-gill-tambien-arde-la-interna-peronista\/#breadcrumb","itemListElement":[{"@type":"ListItem","position":1,"name":"Portada","item":"https:\/\/elregionalvm.com.ar\/noticias-villa-maria\/"},{"@type":"ListItem","position":2,"name":"[Legislativas] Accastello, confirmado. Gill, tambi\u00e9n. Arde la interna peronista"}]},{"@type":"WebSite","@id":"http:\/\/elregionalvm.com.ar\/noticias-villa-maria\/#website","url":"http:\/\/elregionalvm.com.ar\/noticias-villa-maria\/","name":"El Regional","description":"Mucho m\u00e1s que informaci\u00f3n","potentialAction":[{"@type":"SearchAction","target":{"@type":"EntryPoint","urlTemplate":"http:\/\/elregionalvm.com.ar\/noticias-villa-maria\/?s={search_term_string}"},"query-input":{"@type":"PropertyValueSpecification","valueRequired":true,"valueName":"search_term_string"}}],"inLanguage":"es"},{"@type":"Person","@id":"http:\/\/elregionalvm.com.ar\/noticias-villa-maria\/#\/schema\/person\/d5e4b04966154131701e52c45d3efec9","name":"Germ\u00e1n Giacchero","image":{"@type":"ImageObject","inLanguage":"es","@id":"http:\/\/elregionalvm.com.ar\/noticias-villa-maria\/#\/schema\/person\/image\/","url":"https:\/\/secure.gravatar.com\/avatar\/fda163ba5ef0307ee5be9846e10f83b6e83d0cfb260d3b2464830318894c6b04?s=96&d=mm&r=g","contentUrl":"https:\/\/secure.gravatar.com\/avatar\/fda163ba5ef0307ee5be9846e10f83b6e83d0cfb260d3b2464830318894c6b04?s=96&d=mm&r=g","caption":"Germ\u00e1n Giacchero"},"url":"https:\/\/elregionalvm.com.ar\/noticias-villa-maria\/author\/germangiacchero\/"}]}},"jetpack_featured_media_url":"https:\/\/i0.wp.com\/elregionalvm.com.ar\/noticias-villa-maria\/wp-content\/uploads\/2021\/07\/politiques-vertical.jpg?fit=800%2C1115&ssl=1","jetpack_sharing_enabled":true,"_links":{"self":[{"href":"https:\/\/elregionalvm.com.ar\/noticias-villa-maria\/wp-json\/wp\/v2\/posts\/41314","targetHints":{"allow":["GET"]}}],"collection":[{"href":"https:\/\/elregionalvm.com.ar\/noticias-villa-maria\/wp-json\/wp\/v2\/posts"}],"about":[{"href":"https:\/\/elregionalvm.com.ar\/noticias-villa-maria\/wp-json\/wp\/v2\/types\/post"}],"author":[{"embeddable":true,"href":"https:\/\/elregionalvm.com.ar\/noticias-villa-maria\/wp-json\/wp\/v2\/users\/6"}],"replies":[{"embeddable":true,"href":"https:\/\/elregionalvm.com.ar\/noticias-villa-maria\/wp-json\/wp\/v2\/comments?post=41314"}],"version-history":[{"count":14,"href":"https:\/\/elregionalvm.com.ar\/noticias-villa-maria\/wp-json\/wp\/v2\/posts\/41314\/revisions"}],"predecessor-version":[{"id":41431,"href":"https:\/\/elregionalvm.com.ar\/noticias-villa-maria\/wp-json\/wp\/v2\/posts\/41314\/revisions\/41431"}],"wp:featuredmedia":[{"embeddable":true,"href":"https:\/\/elregionalvm.com.ar\/noticias-villa-maria\/wp-json\/wp\/v2\/media\/41357"}],"wp:attachment":[{"href":"https:\/\/elregionalvm.com.ar\/noticias-villa-maria\/wp-json\/wp\/v2\/media?parent=41314"}],"wp:term":[{"taxonomy":"category","embeddable":true,"href":"https:\/\/elregionalvm.com.ar\/noticias-villa-maria\/wp-json\/wp\/v2\/categories?post=41314"},{"taxonomy":"post_tag","embeddable":true,"href":"https:\/\/elregionalvm.com.ar\/noticias-villa-maria\/wp-json\/wp\/v2\/tags?post=41314"}],"curies":[{"name":"wp","href":"https:\/\/api.w.org\/{rel}","templated":true}]}}