{"id":41317,"date":"2021-07-21T21:39:25","date_gmt":"2021-07-21T21:39:25","guid":{"rendered":"https:\/\/elregionalvm.com.ar\/noticias-villa-maria\/?p=41317"},"modified":"2021-07-21T21:39:27","modified_gmt":"2021-07-21T21:39:27","slug":"murio-atropellado-por-un-colectivo-un-exfutbolista-en-villa-nueva","status":"publish","type":"post","link":"https:\/\/elregionalvm.com.ar\/noticias-villa-maria\/murio-atropellado-por-un-colectivo-un-exfutbolista-en-villa-nueva\/","title":{"rendered":"Muri\u00f3 atropellado por un colectivo un exfutbolista en Villa Nueva"},"content":{"rendered":"\n<p>Alrededor de la hora 15.00, un tr\u00e1gico accidente se cobr\u00f3 la vida de un joven que regresaba del trabajo en la intersecci\u00f3n de las calles C\u00f3rdoba y Carranza de la vecina Villa Nueva.<\/p>\n\n\n\n<p>Por ahora, se cree que el joven que volv\u00eda de trabajar de la Empresa Saputo de T\u00edo Pujio al bajarse del colectivo de la Empresa Moreno Viajes, se cay\u00f3 al descender del micro y qued\u00f3 bajo las ruedas del mismo transporte. Posiblemente el conductor no se percat\u00f3 de lo sucedido y en segundos la fatalidad se hizo presente.<\/p>\n\n\n\n<p>Minutos m\u00e1s tarde, se supo que el fallecido era el exfutbolista Diego \u00abChumpita\u00bb Pedernera, de unos 30 a\u00f1os, padre adem\u00e1s de dos hijos.<\/p>\n\n\n\n<p>El joven Pedernera gozaba de enorme cari\u00f1o en Alem, el Club con el cual sali\u00f3 alguna vez campe\u00f3n y donde su hermano a\u00fan juega. Su padre tambi\u00e9n es muy cercano a esa instituci\u00f3n deportiva. Diego segu\u00ed ligado al f\u00fatbol a trav\u00e9s de AFUCO.<\/p>\n\n\n\n<div class=\"wp-block-image\"><figure class=\"aligncenter size-large is-resized\"><img data-recalc-dims=\"1\" fetchpriority=\"high\" decoding=\"async\" src=\"https:\/\/i0.wp.com\/elregionalvm.com.ar\/noticias-villa-maria\/wp-content\/uploads\/2021\/07\/Diego-Pedernera.jpg?resize=652%2C413&#038;ssl=1\" alt=\"\" class=\"wp-image-41321\" width=\"652\" height=\"413\" srcset=\"https:\/\/i0.wp.com\/elregionalvm.com.ar\/noticias-villa-maria\/wp-content\/uploads\/2021\/07\/Diego-Pedernera.jpg?w=960&amp;ssl=1 960w, https:\/\/i0.wp.com\/elregionalvm.com.ar\/noticias-villa-maria\/wp-content\/uploads\/2021\/07\/Diego-Pedernera.jpg?resize=300%2C190&amp;ssl=1 300w, https:\/\/i0.wp.com\/elregionalvm.com.ar\/noticias-villa-maria\/wp-content\/uploads\/2021\/07\/Diego-Pedernera.jpg?resize=768%2C487&amp;ssl=1 768w\" sizes=\"(max-width: 652px) 100vw, 652px\" \/><figcaption>Diego Pedernera, el joven trabajador que perdi\u00f3 la vida<\/figcaption><\/figure><\/div>\n","protected":false},"excerpt":{"rendered":"<p>Alrededor de la hora 15.00, un tr\u00e1gico accidente se cobr\u00f3 la vida de un joven que regresaba del trabajo en la intersecci\u00f3n de las calles C\u00f3rdoba y Carranza de la vecina Villa Nueva. Por ahora, se cree que el joven que volv\u00eda de trabajar de la Empresa Saputo de T\u00edo Pujio al bajarse del colectivo [&hellip;]<\/p>\n","protected":false},"author":4,"featured_media":41320,"comment_status":"open","ping_status":"open","sticky":false,"template":"","format":"standard","meta":{"site-sidebar-layout":"default","site-content-layout":"default","ast-site-content-layout":"default","site-content-style":"default","site-sidebar-style":"default","ast-global-header-display":"","ast-banner-title-visibility":"","ast-main-header-display":"","ast-hfb-above-header-display":"","ast-hfb-below-header-display":"","ast-hfb-mobile-header-display":"","site-post-title":"","ast-breadcrumbs-content":"","ast-featured-img":"","footer-sml-layout":"","ast-disable-related-posts":"","theme-transparent-header-meta":"default","adv-header-id-meta":"","stick-header-meta":"","header-above-stick-meta":"","header-main-stick-meta":"","header-below-stick-meta":"","astra-migrate-meta-layouts":"default","ast-page-background-enabled":"default","ast-page-background-meta":{"desktop":{"background-color":"","background-image":"","background-repeat":"repeat","background-position":"center center","background-size":"auto","background-attachment":"scroll","background-type":"","background-media":"","overlay-type":"","overlay-color":"","overlay-opacity":"","overlay-gradient":""},"tablet":{"background-color":"","background-image":"","background-repeat":"repeat","background-position":"center center","background-size":"auto","background-attachment":"scroll","background-type":"","background-media":"","overlay-type":"","overlay-color":"","overlay-opacity":"","overlay-gradient":""},"mobile":{"background-color":"","background-image":"","background-repeat":"repeat","background-position":"center center","background-size":"auto","background-attachment":"scroll","background-type":"","background-media":"","overlay-type":"","overlay-color":"","overlay-opacity":"","overlay-gradient":""}},"ast-content-background-meta":{"desktop":{"background-color":"var(--ast-global-color-5)","background-image":"","background-repeat":"repeat","background-position":"center center","background-size":"auto","background-attachment":"scroll","background-type":"","background-media":"","overlay-type":"","overlay-color":"","overlay-opacity":"","overlay-gradient":""},"tablet":{"background-color":"var(--ast-global-color-5)","background-image":"","background-repeat":"repeat","background-position":"center center","background-size":"auto","background-attachment":"scroll","background-type":"","background-media":"","overlay-type":"","overlay-color":"","overlay-opacity":"","overlay-gradient":""},"mobile":{"background-color":"var(--ast-global-color-5)","background-image":"","background-repeat":"repeat","background-position":"center center","background-size":"auto","background-attachment":"scroll","background-type":"","background-media":"","overlay-type":"","overlay-color":"","overlay-opacity":"","overlay-gradient":""}},"_jetpack_memberships_contains_paid_content":false,"_joinchat":[],"footnotes":""},"categories":[2234],"tags":[10142,1232,10141,10143,2488,348,232],"class_list":["post-41317","post","type-post","status-publish","format-standard","has-post-thumbnail","hentry","category-policiales","tag-atropellado-por-colectivo","tag-destacado","tag-diego-pedernera","tag-empresa-moreno-viajes","tag-policial","tag-tragedia","tag-villa-nueva"],"yoast_head":"<!-- This site is optimized with the Yoast SEO plugin v26.8 - https:\/\/yoast.com\/product\/yoast-seo-wordpress\/ -->\n<title>Muri\u00f3 atropellado por un colectivo un exfutbolista en Villa Nueva - El Regional<\/title>\n<meta name=\"robots\" content=\"index, follow, max-snippet:-1, max-image-preview:large, max-video-preview:-1\" \/>\n<link rel=\"canonical\" href=\"http:\/\/elregionalvm.com.ar\/noticias-villa-maria\/murio-atropellado-por-un-colectivo-un-exfutbolista-en-villa-nueva\/\" \/>\n<meta property=\"og:locale\" content=\"es_ES\" \/>\n<meta property=\"og:type\" content=\"article\" \/>\n<meta property=\"og:title\" content=\"Muri\u00f3 atropellado por un colectivo un exfutbolista en Villa Nueva - El Regional\" \/>\n<meta property=\"og:description\" content=\"Alrededor de la hora 15.00, un tr\u00e1gico accidente se cobr\u00f3 la vida de un joven que regresaba del trabajo en la intersecci\u00f3n de las calles C\u00f3rdoba y Carranza de la vecina Villa Nueva. Por ahora, se cree que el joven que volv\u00eda de trabajar de la Empresa Saputo de T\u00edo Pujio al bajarse del colectivo [&hellip;]\" \/>\n<meta property=\"og:url\" content=\"http:\/\/elregionalvm.com.ar\/noticias-villa-maria\/murio-atropellado-por-un-colectivo-un-exfutbolista-en-villa-nueva\/\" \/>\n<meta property=\"og:site_name\" content=\"El Regional\" \/>\n<meta property=\"article:publisher\" content=\"https:\/\/www.facebook.com\/elregionalvm\" \/>\n<meta property=\"article:published_time\" content=\"2021-07-21T21:39:25+00:00\" \/>\n<meta property=\"article:modified_time\" content=\"2021-07-21T21:39:27+00:00\" \/>\n<meta property=\"og:image\" content=\"http:\/\/elregionalvm.com.ar\/noticias-villa-maria\/wp-content\/uploads\/2021\/07\/WhatsApp-Image-2021-07-21-at-15.19.31.jpeg\" \/>\n\t<meta property=\"og:image:width\" content=\"897\" \/>\n\t<meta property=\"og:image:height\" content=\"541\" \/>\n\t<meta property=\"og:image:type\" content=\"image\/jpeg\" \/>\n<meta name=\"author\" content=\"Contenidos El Regional\" \/>\n<meta name=\"twitter:card\" content=\"summary_large_image\" \/>\n<meta name=\"twitter:creator\" content=\"@elregionalvm1\" \/>\n<meta name=\"twitter:site\" content=\"@elregionalvm1\" \/>\n<meta name=\"twitter:label1\" content=\"Escrito por\" \/>\n\t<meta name=\"twitter:data1\" content=\"Contenidos El Regional\" \/>\n\t<meta name=\"twitter:label2\" content=\"Tiempo de lectura\" \/>\n\t<meta name=\"twitter:data2\" content=\"1 minuto\" \/>\n<script type=\"application\/ld+json\" class=\"yoast-schema-graph\">{\"@context\":\"https:\/\/schema.org\",\"@graph\":[{\"@type\":\"Article\",\"@id\":\"http:\/\/elregionalvm.com.ar\/noticias-villa-maria\/murio-atropellado-por-un-colectivo-un-exfutbolista-en-villa-nueva\/#article\",\"isPartOf\":{\"@id\":\"http:\/\/elregionalvm.com.ar\/noticias-villa-maria\/murio-atropellado-por-un-colectivo-un-exfutbolista-en-villa-nueva\/\"},\"author\":{\"name\":\"Contenidos El Regional\",\"@id\":\"http:\/\/elregionalvm.com.ar\/noticias-villa-maria\/#\/schema\/person\/a0fb9c422317faca23d50163151bc354\"},\"headline\":\"Muri\u00f3 atropellado por un colectivo un exfutbolista en Villa Nueva\",\"datePublished\":\"2021-07-21T21:39:25+00:00\",\"dateModified\":\"2021-07-21T21:39:27+00:00\",\"mainEntityOfPage\":{\"@id\":\"http:\/\/elregionalvm.com.ar\/noticias-villa-maria\/murio-atropellado-por-un-colectivo-un-exfutbolista-en-villa-nueva\/\"},\"wordCount\":189,\"commentCount\":1,\"image\":{\"@id\":\"http:\/\/elregionalvm.com.ar\/noticias-villa-maria\/murio-atropellado-por-un-colectivo-un-exfutbolista-en-villa-nueva\/#primaryimage\"},\"thumbnailUrl\":\"https:\/\/i0.wp.com\/elregionalvm.com.ar\/noticias-villa-maria\/wp-content\/uploads\/2021\/07\/WhatsApp-Image-2021-07-21-at-15.19.31.jpeg?fit=897%2C541&ssl=1\",\"keywords\":[\"atropellado por colectivo\",\"destacado\",\"Diego Pedernera\",\"Empresa Moreno Viajes\",\"policial\",\"tragedia\",\"VILLA NUEVA\"],\"articleSection\":[\"Policiales\"],\"inLanguage\":\"es\",\"potentialAction\":[{\"@type\":\"CommentAction\",\"name\":\"Comment\",\"target\":[\"http:\/\/elregionalvm.com.ar\/noticias-villa-maria\/murio-atropellado-por-un-colectivo-un-exfutbolista-en-villa-nueva\/#respond\"]}]},{\"@type\":\"WebPage\",\"@id\":\"http:\/\/elregionalvm.com.ar\/noticias-villa-maria\/murio-atropellado-por-un-colectivo-un-exfutbolista-en-villa-nueva\/\",\"url\":\"http:\/\/elregionalvm.com.ar\/noticias-villa-maria\/murio-atropellado-por-un-colectivo-un-exfutbolista-en-villa-nueva\/\",\"name\":\"Muri\u00f3 atropellado por un colectivo un exfutbolista en Villa Nueva - El Regional\",\"isPartOf\":{\"@id\":\"http:\/\/elregionalvm.com.ar\/noticias-villa-maria\/#website\"},\"primaryImageOfPage\":{\"@id\":\"http:\/\/elregionalvm.com.ar\/noticias-villa-maria\/murio-atropellado-por-un-colectivo-un-exfutbolista-en-villa-nueva\/#primaryimage\"},\"image\":{\"@id\":\"http:\/\/elregionalvm.com.ar\/noticias-villa-maria\/murio-atropellado-por-un-colectivo-un-exfutbolista-en-villa-nueva\/#primaryimage\"},\"thumbnailUrl\":\"https:\/\/i0.wp.com\/elregionalvm.com.ar\/noticias-villa-maria\/wp-content\/uploads\/2021\/07\/WhatsApp-Image-2021-07-21-at-15.19.31.jpeg?fit=897%2C541&ssl=1\",\"datePublished\":\"2021-07-21T21:39:25+00:00\",\"dateModified\":\"2021-07-21T21:39:27+00:00\",\"author\":{\"@id\":\"http:\/\/elregionalvm.com.ar\/noticias-villa-maria\/#\/schema\/person\/a0fb9c422317faca23d50163151bc354\"},\"breadcrumb\":{\"@id\":\"http:\/\/elregionalvm.com.ar\/noticias-villa-maria\/murio-atropellado-por-un-colectivo-un-exfutbolista-en-villa-nueva\/#breadcrumb\"},\"inLanguage\":\"es\",\"potentialAction\":[{\"@type\":\"ReadAction\",\"target\":[\"http:\/\/elregionalvm.com.ar\/noticias-villa-maria\/murio-atropellado-por-un-colectivo-un-exfutbolista-en-villa-nueva\/\"]}]},{\"@type\":\"ImageObject\",\"inLanguage\":\"es\",\"@id\":\"http:\/\/elregionalvm.com.ar\/noticias-villa-maria\/murio-atropellado-por-un-colectivo-un-exfutbolista-en-villa-nueva\/#primaryimage\",\"url\":\"https:\/\/i0.wp.com\/elregionalvm.com.ar\/noticias-villa-maria\/wp-content\/uploads\/2021\/07\/WhatsApp-Image-2021-07-21-at-15.19.31.jpeg?fit=897%2C541&ssl=1\",\"contentUrl\":\"https:\/\/i0.wp.com\/elregionalvm.com.ar\/noticias-villa-maria\/wp-content\/uploads\/2021\/07\/WhatsApp-Image-2021-07-21-at-15.19.31.jpeg?fit=897%2C541&ssl=1\",\"width\":897,\"height\":541},{\"@type\":\"BreadcrumbList\",\"@id\":\"http:\/\/elregionalvm.com.ar\/noticias-villa-maria\/murio-atropellado-por-un-colectivo-un-exfutbolista-en-villa-nueva\/#breadcrumb\",\"itemListElement\":[{\"@type\":\"ListItem\",\"position\":1,\"name\":\"Portada\",\"item\":\"https:\/\/elregionalvm.com.ar\/noticias-villa-maria\/\"},{\"@type\":\"ListItem\",\"position\":2,\"name\":\"Muri\u00f3 atropellado por un colectivo un exfutbolista en Villa Nueva\"}]},{\"@type\":\"WebSite\",\"@id\":\"http:\/\/elregionalvm.com.ar\/noticias-villa-maria\/#website\",\"url\":\"http:\/\/elregionalvm.com.ar\/noticias-villa-maria\/\",\"name\":\"El Regional\",\"description\":\"Mucho m\u00e1s que informaci\u00f3n\",\"potentialAction\":[{\"@type\":\"SearchAction\",\"target\":{\"@type\":\"EntryPoint\",\"urlTemplate\":\"http:\/\/elregionalvm.com.ar\/noticias-villa-maria\/?s={search_term_string}\"},\"query-input\":{\"@type\":\"PropertyValueSpecification\",\"valueRequired\":true,\"valueName\":\"search_term_string\"}}],\"inLanguage\":\"es\"},{\"@type\":\"Person\",\"@id\":\"http:\/\/elregionalvm.com.ar\/noticias-villa-maria\/#\/schema\/person\/a0fb9c422317faca23d50163151bc354\",\"name\":\"Contenidos El Regional\",\"image\":{\"@type\":\"ImageObject\",\"inLanguage\":\"es\",\"@id\":\"http:\/\/elregionalvm.com.ar\/noticias-villa-maria\/#\/schema\/person\/image\/\",\"url\":\"https:\/\/secure.gravatar.com\/avatar\/265b27cb2209af7bb3a1318f03305787d7981a5cc6e6cd08fe5a4ecdf99d4b48?s=96&d=mm&r=g\",\"contentUrl\":\"https:\/\/secure.gravatar.com\/avatar\/265b27cb2209af7bb3a1318f03305787d7981a5cc6e6cd08fe5a4ecdf99d4b48?s=96&d=mm&r=g\",\"caption\":\"Contenidos El Regional\"},\"url\":\"https:\/\/elregionalvm.com.ar\/noticias-villa-maria\/author\/contenido\/\"}]}<\/script>\n<!-- \/ Yoast SEO plugin. -->","yoast_head_json":{"title":"Muri\u00f3 atropellado por un colectivo un exfutbolista en Villa Nueva - El Regional","robots":{"index":"index","follow":"follow","max-snippet":"max-snippet:-1","max-image-preview":"max-image-preview:large","max-video-preview":"max-video-preview:-1"},"canonical":"http:\/\/elregionalvm.com.ar\/noticias-villa-maria\/murio-atropellado-por-un-colectivo-un-exfutbolista-en-villa-nueva\/","og_locale":"es_ES","og_type":"article","og_title":"Muri\u00f3 atropellado por un colectivo un exfutbolista en Villa Nueva - El Regional","og_description":"Alrededor de la hora 15.00, un tr\u00e1gico accidente se cobr\u00f3 la vida de un joven que regresaba del trabajo en la intersecci\u00f3n de las calles C\u00f3rdoba y Carranza de la vecina Villa Nueva. Por ahora, se cree que el joven que volv\u00eda de trabajar de la Empresa Saputo de T\u00edo Pujio al bajarse del colectivo [&hellip;]","og_url":"http:\/\/elregionalvm.com.ar\/noticias-villa-maria\/murio-atropellado-por-un-colectivo-un-exfutbolista-en-villa-nueva\/","og_site_name":"El Regional","article_publisher":"https:\/\/www.facebook.com\/elregionalvm","article_published_time":"2021-07-21T21:39:25+00:00","article_modified_time":"2021-07-21T21:39:27+00:00","og_image":[{"width":897,"height":541,"url":"http:\/\/elregionalvm.com.ar\/noticias-villa-maria\/wp-content\/uploads\/2021\/07\/WhatsApp-Image-2021-07-21-at-15.19.31.jpeg","type":"image\/jpeg"}],"author":"Contenidos El Regional","twitter_card":"summary_large_image","twitter_creator":"@elregionalvm1","twitter_site":"@elregionalvm1","twitter_misc":{"Escrito por":"Contenidos El Regional","Tiempo de lectura":"1 minuto"},"schema":{"@context":"https:\/\/schema.org","@graph":[{"@type":"Article","@id":"http:\/\/elregionalvm.com.ar\/noticias-villa-maria\/murio-atropellado-por-un-colectivo-un-exfutbolista-en-villa-nueva\/#article","isPartOf":{"@id":"http:\/\/elregionalvm.com.ar\/noticias-villa-maria\/murio-atropellado-por-un-colectivo-un-exfutbolista-en-villa-nueva\/"},"author":{"name":"Contenidos El Regional","@id":"http:\/\/elregionalvm.com.ar\/noticias-villa-maria\/#\/schema\/person\/a0fb9c422317faca23d50163151bc354"},"headline":"Muri\u00f3 atropellado por un colectivo un exfutbolista en Villa Nueva","datePublished":"2021-07-21T21:39:25+00:00","dateModified":"2021-07-21T21:39:27+00:00","mainEntityOfPage":{"@id":"http:\/\/elregionalvm.com.ar\/noticias-villa-maria\/murio-atropellado-por-un-colectivo-un-exfutbolista-en-villa-nueva\/"},"wordCount":189,"commentCount":1,"image":{"@id":"http:\/\/elregionalvm.com.ar\/noticias-villa-maria\/murio-atropellado-por-un-colectivo-un-exfutbolista-en-villa-nueva\/#primaryimage"},"thumbnailUrl":"https:\/\/i0.wp.com\/elregionalvm.com.ar\/noticias-villa-maria\/wp-content\/uploads\/2021\/07\/WhatsApp-Image-2021-07-21-at-15.19.31.jpeg?fit=897%2C541&ssl=1","keywords":["atropellado por colectivo","destacado","Diego Pedernera","Empresa Moreno Viajes","policial","tragedia","VILLA NUEVA"],"articleSection":["Policiales"],"inLanguage":"es","potentialAction":[{"@type":"CommentAction","name":"Comment","target":["http:\/\/elregionalvm.com.ar\/noticias-villa-maria\/murio-atropellado-por-un-colectivo-un-exfutbolista-en-villa-nueva\/#respond"]}]},{"@type":"WebPage","@id":"http:\/\/elregionalvm.com.ar\/noticias-villa-maria\/murio-atropellado-por-un-colectivo-un-exfutbolista-en-villa-nueva\/","url":"http:\/\/elregionalvm.com.ar\/noticias-villa-maria\/murio-atropellado-por-un-colectivo-un-exfutbolista-en-villa-nueva\/","name":"Muri\u00f3 atropellado por un colectivo un exfutbolista en Villa Nueva - El Regional","isPartOf":{"@id":"http:\/\/elregionalvm.com.ar\/noticias-villa-maria\/#website"},"primaryImageOfPage":{"@id":"http:\/\/elregionalvm.com.ar\/noticias-villa-maria\/murio-atropellado-por-un-colectivo-un-exfutbolista-en-villa-nueva\/#primaryimage"},"image":{"@id":"http:\/\/elregionalvm.com.ar\/noticias-villa-maria\/murio-atropellado-por-un-colectivo-un-exfutbolista-en-villa-nueva\/#primaryimage"},"thumbnailUrl":"https:\/\/i0.wp.com\/elregionalvm.com.ar\/noticias-villa-maria\/wp-content\/uploads\/2021\/07\/WhatsApp-Image-2021-07-21-at-15.19.31.jpeg?fit=897%2C541&ssl=1","datePublished":"2021-07-21T21:39:25+00:00","dateModified":"2021-07-21T21:39:27+00:00","author":{"@id":"http:\/\/elregionalvm.com.ar\/noticias-villa-maria\/#\/schema\/person\/a0fb9c422317faca23d50163151bc354"},"breadcrumb":{"@id":"http:\/\/elregionalvm.com.ar\/noticias-villa-maria\/murio-atropellado-por-un-colectivo-un-exfutbolista-en-villa-nueva\/#breadcrumb"},"inLanguage":"es","potentialAction":[{"@type":"ReadAction","target":["http:\/\/elregionalvm.com.ar\/noticias-villa-maria\/murio-atropellado-por-un-colectivo-un-exfutbolista-en-villa-nueva\/"]}]},{"@type":"ImageObject","inLanguage":"es","@id":"http:\/\/elregionalvm.com.ar\/noticias-villa-maria\/murio-atropellado-por-un-colectivo-un-exfutbolista-en-villa-nueva\/#primaryimage","url":"https:\/\/i0.wp.com\/elregionalvm.com.ar\/noticias-villa-maria\/wp-content\/uploads\/2021\/07\/WhatsApp-Image-2021-07-21-at-15.19.31.jpeg?fit=897%2C541&ssl=1","contentUrl":"https:\/\/i0.wp.com\/elregionalvm.com.ar\/noticias-villa-maria\/wp-content\/uploads\/2021\/07\/WhatsApp-Image-2021-07-21-at-15.19.31.jpeg?fit=897%2C541&ssl=1","width":897,"height":541},{"@type":"BreadcrumbList","@id":"http:\/\/elregionalvm.com.ar\/noticias-villa-maria\/murio-atropellado-por-un-colectivo-un-exfutbolista-en-villa-nueva\/#breadcrumb","itemListElement":[{"@type":"ListItem","position":1,"name":"Portada","item":"https:\/\/elregionalvm.com.ar\/noticias-villa-maria\/"},{"@type":"ListItem","position":2,"name":"Muri\u00f3 atropellado por un colectivo un exfutbolista en Villa Nueva"}]},{"@type":"WebSite","@id":"http:\/\/elregionalvm.com.ar\/noticias-villa-maria\/#website","url":"http:\/\/elregionalvm.com.ar\/noticias-villa-maria\/","name":"El Regional","description":"Mucho m\u00e1s que informaci\u00f3n","potentialAction":[{"@type":"SearchAction","target":{"@type":"EntryPoint","urlTemplate":"http:\/\/elregionalvm.com.ar\/noticias-villa-maria\/?s={search_term_string}"},"query-input":{"@type":"PropertyValueSpecification","valueRequired":true,"valueName":"search_term_string"}}],"inLanguage":"es"},{"@type":"Person","@id":"http:\/\/elregionalvm.com.ar\/noticias-villa-maria\/#\/schema\/person\/a0fb9c422317faca23d50163151bc354","name":"Contenidos El Regional","image":{"@type":"ImageObject","inLanguage":"es","@id":"http:\/\/elregionalvm.com.ar\/noticias-villa-maria\/#\/schema\/person\/image\/","url":"https:\/\/secure.gravatar.com\/avatar\/265b27cb2209af7bb3a1318f03305787d7981a5cc6e6cd08fe5a4ecdf99d4b48?s=96&d=mm&r=g","contentUrl":"https:\/\/secure.gravatar.com\/avatar\/265b27cb2209af7bb3a1318f03305787d7981a5cc6e6cd08fe5a4ecdf99d4b48?s=96&d=mm&r=g","caption":"Contenidos El Regional"},"url":"https:\/\/elregionalvm.com.ar\/noticias-villa-maria\/author\/contenido\/"}]}},"jetpack_featured_media_url":"https:\/\/i0.wp.com\/elregionalvm.com.ar\/noticias-villa-maria\/wp-content\/uploads\/2021\/07\/WhatsApp-Image-2021-07-21-at-15.19.31.jpeg?fit=897%2C541&ssl=1","jetpack_sharing_enabled":true,"_links":{"self":[{"href":"https:\/\/elregionalvm.com.ar\/noticias-villa-maria\/wp-json\/wp\/v2\/posts\/41317","targetHints":{"allow":["GET"]}}],"collection":[{"href":"https:\/\/elregionalvm.com.ar\/noticias-villa-maria\/wp-json\/wp\/v2\/posts"}],"about":[{"href":"https:\/\/elregionalvm.com.ar\/noticias-villa-maria\/wp-json\/wp\/v2\/types\/post"}],"author":[{"embeddable":true,"href":"https:\/\/elregionalvm.com.ar\/noticias-villa-maria\/wp-json\/wp\/v2\/users\/4"}],"replies":[{"embeddable":true,"href":"https:\/\/elregionalvm.com.ar\/noticias-villa-maria\/wp-json\/wp\/v2\/comments?post=41317"}],"version-history":[{"count":1,"href":"https:\/\/elregionalvm.com.ar\/noticias-villa-maria\/wp-json\/wp\/v2\/posts\/41317\/revisions"}],"predecessor-version":[{"id":41322,"href":"https:\/\/elregionalvm.com.ar\/noticias-villa-maria\/wp-json\/wp\/v2\/posts\/41317\/revisions\/41322"}],"wp:featuredmedia":[{"embeddable":true,"href":"https:\/\/elregionalvm.com.ar\/noticias-villa-maria\/wp-json\/wp\/v2\/media\/41320"}],"wp:attachment":[{"href":"https:\/\/elregionalvm.com.ar\/noticias-villa-maria\/wp-json\/wp\/v2\/media?parent=41317"}],"wp:term":[{"taxonomy":"category","embeddable":true,"href":"https:\/\/elregionalvm.com.ar\/noticias-villa-maria\/wp-json\/wp\/v2\/categories?post=41317"},{"taxonomy":"post_tag","embeddable":true,"href":"https:\/\/elregionalvm.com.ar\/noticias-villa-maria\/wp-json\/wp\/v2\/tags?post=41317"}],"curies":[{"name":"wp","href":"https:\/\/api.w.org\/{rel}","templated":true}]}}