{"id":41319,"date":"2021-07-21T21:44:46","date_gmt":"2021-07-21T21:44:46","guid":{"rendered":"https:\/\/elregionalvm.com.ar\/noticias-villa-maria\/?p=41319"},"modified":"2021-07-26T00:43:52","modified_gmt":"2021-07-26T00:43:52","slug":"nuevo-puente-cada-vez-mas-cerca-como-se-ve-de-noche-video","status":"publish","type":"post","link":"https:\/\/elregionalvm.com.ar\/noticias-villa-maria\/nuevo-puente-cada-vez-mas-cerca-como-se-ve-de-noche-video\/","title":{"rendered":"Nuevo puente, cada vez m\u00e1s cerca: C\u00f3mo se ve de noche [VIDEO]"},"content":{"rendered":"\n<p><\/p>\n\n\n\n<p>El nuevo puente que unir\u00e1 Villa Mar\u00eda y Villa Nueva est\u00e1 pr\u00e1cticamente terminado en apariencia. Y esta semana, el jueves 29 de julio, el gobernador provincial Juan Schiaretti encabezar\u00e1 la inauguraci\u00f3n oficial.<\/p>\n\n\n\n<p>Con el nombre \u201cBrigadier Juan Bautista Bustos\u201d, se encuentra ubicado en la intersecci\u00f3n de Avenida Costanera de barrio Santa Ana en Villa Mar\u00eda y sobre Avenida Barberis en barrio Golf de Villa Nueva.<\/p>\n\n\n\n<p>\u201cLos puentes aproximan, comunican y acercan\u201d, fue el lema a partir del cual se aprob\u00f3 la denominaci\u00f3n de esta obra que ser\u00e1 un nuevo punto de encuentro entre ambas ciudades.<\/p>\n\n\n\n<p><\/p>\n\n\n\n<figure class=\"wp-block-image size-large\"><img data-recalc-dims=\"1\" fetchpriority=\"high\" decoding=\"async\" width=\"1000\" height=\"666\" src=\"https:\/\/i0.wp.com\/elregionalvm.com.ar\/noticias-villa-maria\/wp-content\/uploads\/2021\/06\/Nuevo-puente-arco-2021.jpeg?resize=1000%2C666&#038;ssl=1\" alt=\"\" class=\"wp-image-40085\" srcset=\"https:\/\/i0.wp.com\/elregionalvm.com.ar\/noticias-villa-maria\/wp-content\/uploads\/2021\/06\/Nuevo-puente-arco-2021.jpeg?w=1000&amp;ssl=1 1000w, https:\/\/i0.wp.com\/elregionalvm.com.ar\/noticias-villa-maria\/wp-content\/uploads\/2021\/06\/Nuevo-puente-arco-2021.jpeg?resize=300%2C200&amp;ssl=1 300w, https:\/\/i0.wp.com\/elregionalvm.com.ar\/noticias-villa-maria\/wp-content\/uploads\/2021\/06\/Nuevo-puente-arco-2021.jpeg?resize=768%2C511&amp;ssl=1 768w\" sizes=\"(max-width: 1000px) 100vw, 1000px\" \/><\/figure>\n\n\n\n<p><\/p>\n\n\n\n<p><strong>C\u00f3mo es<\/strong><\/p>\n\n\n\n<p>La obra se encuentra a cargo de la Direcci\u00f3n de Vialidad Provincial y cuenta con financiamiento del Gobierno de C\u00f3rdoba que alcanza un monto de casi 187 millones de pesos. La estructura tendr\u00e1 60 metros de longitud y 14 metros de ancho, veredas adyacentes con barandas peatonales y cuatro carriles.<\/p>\n\n\n\n<p>Es un puente semi integral para que las crecientes extraordinarias no lo afecten. Cada pila estar\u00e1 coronada por cuatro arcos semicirculares donde se colocar\u00e1 la iluminaci\u00f3n LED del puente y presenta dos v\u00edas para el paso peatonal y de ciclistas, de alrededor de dos metros de ancho cada una.<\/p>\n\n\n\n<p>En materia est\u00e9tica, se trata de una obra de gran belleza, m\u00e1s all\u00e1 de la funcionalidad. D\u00edas atr\u00e1s, se prob\u00f3 la iluminaci\u00f3n del puente y les mostramos c\u00f3mo qued\u00f3:<\/p>\n\n\n\n<p><\/p>\n\n\n\n<figure class=\"wp-block-embed is-type-video is-provider-youtube wp-block-embed-youtube wp-embed-aspect-16-9 wp-has-aspect-ratio\"><div class=\"wp-block-embed__wrapper\">\n<iframe title=\"C\u00f3mo se ve de noche el nuevo puente\" width=\"500\" height=\"281\" src=\"https:\/\/www.youtube.com\/embed\/0tSB1Dp7c38?feature=oembed\" frameborder=\"0\" allow=\"accelerometer; autoplay; clipboard-write; encrypted-media; gyroscope; picture-in-picture; web-share\" referrerpolicy=\"strict-origin-when-cross-origin\" allowfullscreen><\/iframe>\n<\/div><\/figure>\n","protected":false},"excerpt":{"rendered":"<p>El nuevo puente que unir\u00e1 Villa Mar\u00eda y Villa Nueva est\u00e1 pr\u00e1cticamente terminado en apariencia. Y esta semana, el jueves 29 de julio, el gobernador provincial Juan Schiaretti encabezar\u00e1 la inauguraci\u00f3n oficial. Con el nombre \u201cBrigadier Juan Bautista Bustos\u201d, se encuentra ubicado en la intersecci\u00f3n de Avenida Costanera de barrio Santa Ana en Villa Mar\u00eda [&hellip;]<\/p>\n","protected":false},"author":4,"featured_media":41323,"comment_status":"open","ping_status":"open","sticky":false,"template":"","format":"standard","meta":{"site-sidebar-layout":"default","site-content-layout":"default","ast-site-content-layout":"default","site-content-style":"default","site-sidebar-style":"default","ast-global-header-display":"","ast-banner-title-visibility":"","ast-main-header-display":"","ast-hfb-above-header-display":"","ast-hfb-below-header-display":"","ast-hfb-mobile-header-display":"","site-post-title":"","ast-breadcrumbs-content":"","ast-featured-img":"","footer-sml-layout":"","ast-disable-related-posts":"","theme-transparent-header-meta":"default","adv-header-id-meta":"","stick-header-meta":"","header-above-stick-meta":"","header-main-stick-meta":"","header-below-stick-meta":"","astra-migrate-meta-layouts":"default","ast-page-background-enabled":"default","ast-page-background-meta":{"desktop":{"background-color":"","background-image":"","background-repeat":"repeat","background-position":"center center","background-size":"auto","background-attachment":"scroll","background-type":"","background-media":"","overlay-type":"","overlay-color":"","overlay-opacity":"","overlay-gradient":""},"tablet":{"background-color":"","background-image":"","background-repeat":"repeat","background-position":"center center","background-size":"auto","background-attachment":"scroll","background-type":"","background-media":"","overlay-type":"","overlay-color":"","overlay-opacity":"","overlay-gradient":""},"mobile":{"background-color":"","background-image":"","background-repeat":"repeat","background-position":"center center","background-size":"auto","background-attachment":"scroll","background-type":"","background-media":"","overlay-type":"","overlay-color":"","overlay-opacity":"","overlay-gradient":""}},"ast-content-background-meta":{"desktop":{"background-color":"var(--ast-global-color-5)","background-image":"","background-repeat":"repeat","background-position":"center center","background-size":"auto","background-attachment":"scroll","background-type":"","background-media":"","overlay-type":"","overlay-color":"","overlay-opacity":"","overlay-gradient":""},"tablet":{"background-color":"var(--ast-global-color-5)","background-image":"","background-repeat":"repeat","background-position":"center center","background-size":"auto","background-attachment":"scroll","background-type":"","background-media":"","overlay-type":"","overlay-color":"","overlay-opacity":"","overlay-gradient":""},"mobile":{"background-color":"var(--ast-global-color-5)","background-image":"","background-repeat":"repeat","background-position":"center center","background-size":"auto","background-attachment":"scroll","background-type":"","background-media":"","overlay-type":"","overlay-color":"","overlay-opacity":"","overlay-gradient":""}},"_jetpack_memberships_contains_paid_content":false,"_joinchat":[],"footnotes":""},"categories":[3557,2],"tags":[9767,7619,4137,1896,534,232],"class_list":["post-41319","post","type-post","status-publish","format-standard","has-post-thumbnail","hentry","category-tercera","category-villa-maria","tag-arcos","tag-brigadier-juan-bautista-bustos","tag-iluminacion","tag-nuevo-puente","tag-villa-maria","tag-villa-nueva"],"yoast_head":"<!-- This site is optimized with the Yoast SEO plugin v26.8 - https:\/\/yoast.com\/product\/yoast-seo-wordpress\/ -->\n<title>Nuevo puente, cada vez m\u00e1s cerca: C\u00f3mo se ve de noche [VIDEO] - El Regional<\/title>\n<meta name=\"description\" content=\"En materia est\u00e9tica, se trata de una obra de gran belleza, m\u00e1s all\u00e1 de la funcionalidad. Les mostramos c\u00f3mo se ve de noche.\" \/>\n<meta name=\"robots\" content=\"index, follow, max-snippet:-1, max-image-preview:large, max-video-preview:-1\" \/>\n<link rel=\"canonical\" href=\"http:\/\/elregionalvm.com.ar\/noticias-villa-maria\/nuevo-puente-cada-vez-mas-cerca-como-se-ve-de-noche-video\/\" \/>\n<meta property=\"og:locale\" content=\"es_ES\" \/>\n<meta property=\"og:type\" content=\"article\" \/>\n<meta property=\"og:title\" content=\"Nuevo puente, cada vez m\u00e1s cerca: C\u00f3mo se ve de noche [VIDEO] - El Regional\" \/>\n<meta property=\"og:description\" content=\"En materia est\u00e9tica, se trata de una obra de gran belleza, m\u00e1s all\u00e1 de la funcionalidad. Les mostramos c\u00f3mo se ve de noche.\" \/>\n<meta property=\"og:url\" content=\"http:\/\/elregionalvm.com.ar\/noticias-villa-maria\/nuevo-puente-cada-vez-mas-cerca-como-se-ve-de-noche-video\/\" \/>\n<meta property=\"og:site_name\" content=\"El Regional\" \/>\n<meta property=\"article:publisher\" content=\"https:\/\/www.facebook.com\/elregionalvm\" \/>\n<meta property=\"article:published_time\" content=\"2021-07-21T21:44:46+00:00\" \/>\n<meta property=\"article:modified_time\" content=\"2021-07-26T00:43:52+00:00\" \/>\n<meta property=\"og:image\" content=\"http:\/\/elregionalvm.com.ar\/noticias-villa-maria\/wp-content\/uploads\/2021\/07\/Nuevo-puente-iluminado.jpeg\" \/>\n\t<meta property=\"og:image:width\" content=\"900\" \/>\n\t<meta property=\"og:image:height\" content=\"515\" \/>\n\t<meta property=\"og:image:type\" content=\"image\/jpeg\" \/>\n<meta name=\"author\" content=\"Contenidos El Regional\" \/>\n<meta name=\"twitter:card\" content=\"summary_large_image\" \/>\n<meta name=\"twitter:creator\" content=\"@elregionalvm1\" \/>\n<meta name=\"twitter:site\" content=\"@elregionalvm1\" \/>\n<meta name=\"twitter:label1\" content=\"Escrito por\" \/>\n\t<meta name=\"twitter:data1\" content=\"Contenidos El Regional\" \/>\n\t<meta name=\"twitter:label2\" content=\"Tiempo de lectura\" \/>\n\t<meta name=\"twitter:data2\" content=\"2 minutos\" \/>\n<script type=\"application\/ld+json\" class=\"yoast-schema-graph\">{\"@context\":\"https:\/\/schema.org\",\"@graph\":[{\"@type\":\"Article\",\"@id\":\"http:\/\/elregionalvm.com.ar\/noticias-villa-maria\/nuevo-puente-cada-vez-mas-cerca-como-se-ve-de-noche-video\/#article\",\"isPartOf\":{\"@id\":\"http:\/\/elregionalvm.com.ar\/noticias-villa-maria\/nuevo-puente-cada-vez-mas-cerca-como-se-ve-de-noche-video\/\"},\"author\":{\"name\":\"Contenidos El Regional\",\"@id\":\"http:\/\/elregionalvm.com.ar\/noticias-villa-maria\/#\/schema\/person\/a0fb9c422317faca23d50163151bc354\"},\"headline\":\"Nuevo puente, cada vez m\u00e1s cerca: C\u00f3mo se ve de noche [VIDEO]\",\"datePublished\":\"2021-07-21T21:44:46+00:00\",\"dateModified\":\"2021-07-26T00:43:52+00:00\",\"mainEntityOfPage\":{\"@id\":\"http:\/\/elregionalvm.com.ar\/noticias-villa-maria\/nuevo-puente-cada-vez-mas-cerca-como-se-ve-de-noche-video\/\"},\"wordCount\":258,\"commentCount\":0,\"image\":{\"@id\":\"http:\/\/elregionalvm.com.ar\/noticias-villa-maria\/nuevo-puente-cada-vez-mas-cerca-como-se-ve-de-noche-video\/#primaryimage\"},\"thumbnailUrl\":\"https:\/\/i0.wp.com\/elregionalvm.com.ar\/noticias-villa-maria\/wp-content\/uploads\/2021\/07\/Nuevo-puente-iluminado.jpeg?fit=900%2C515&ssl=1\",\"keywords\":[\"Arcos\",\"Brigadier Juan Bautista Bustos\",\"iluminaci\u00f3n\",\"nuevo puente\",\"villa maria\",\"VILLA NUEVA\"],\"articleSection\":[\"tercera\",\"Villa Mar\u00eda\"],\"inLanguage\":\"es\",\"potentialAction\":[{\"@type\":\"CommentAction\",\"name\":\"Comment\",\"target\":[\"http:\/\/elregionalvm.com.ar\/noticias-villa-maria\/nuevo-puente-cada-vez-mas-cerca-como-se-ve-de-noche-video\/#respond\"]}]},{\"@type\":\"WebPage\",\"@id\":\"http:\/\/elregionalvm.com.ar\/noticias-villa-maria\/nuevo-puente-cada-vez-mas-cerca-como-se-ve-de-noche-video\/\",\"url\":\"http:\/\/elregionalvm.com.ar\/noticias-villa-maria\/nuevo-puente-cada-vez-mas-cerca-como-se-ve-de-noche-video\/\",\"name\":\"Nuevo puente, cada vez m\u00e1s cerca: C\u00f3mo se ve de noche [VIDEO] - El Regional\",\"isPartOf\":{\"@id\":\"http:\/\/elregionalvm.com.ar\/noticias-villa-maria\/#website\"},\"primaryImageOfPage\":{\"@id\":\"http:\/\/elregionalvm.com.ar\/noticias-villa-maria\/nuevo-puente-cada-vez-mas-cerca-como-se-ve-de-noche-video\/#primaryimage\"},\"image\":{\"@id\":\"http:\/\/elregionalvm.com.ar\/noticias-villa-maria\/nuevo-puente-cada-vez-mas-cerca-como-se-ve-de-noche-video\/#primaryimage\"},\"thumbnailUrl\":\"https:\/\/i0.wp.com\/elregionalvm.com.ar\/noticias-villa-maria\/wp-content\/uploads\/2021\/07\/Nuevo-puente-iluminado.jpeg?fit=900%2C515&ssl=1\",\"datePublished\":\"2021-07-21T21:44:46+00:00\",\"dateModified\":\"2021-07-26T00:43:52+00:00\",\"author\":{\"@id\":\"http:\/\/elregionalvm.com.ar\/noticias-villa-maria\/#\/schema\/person\/a0fb9c422317faca23d50163151bc354\"},\"description\":\"En materia est\u00e9tica, se trata de una obra de gran belleza, m\u00e1s all\u00e1 de la funcionalidad. Les mostramos c\u00f3mo se ve de noche.\",\"breadcrumb\":{\"@id\":\"http:\/\/elregionalvm.com.ar\/noticias-villa-maria\/nuevo-puente-cada-vez-mas-cerca-como-se-ve-de-noche-video\/#breadcrumb\"},\"inLanguage\":\"es\",\"potentialAction\":[{\"@type\":\"ReadAction\",\"target\":[\"http:\/\/elregionalvm.com.ar\/noticias-villa-maria\/nuevo-puente-cada-vez-mas-cerca-como-se-ve-de-noche-video\/\"]}]},{\"@type\":\"ImageObject\",\"inLanguage\":\"es\",\"@id\":\"http:\/\/elregionalvm.com.ar\/noticias-villa-maria\/nuevo-puente-cada-vez-mas-cerca-como-se-ve-de-noche-video\/#primaryimage\",\"url\":\"https:\/\/i0.wp.com\/elregionalvm.com.ar\/noticias-villa-maria\/wp-content\/uploads\/2021\/07\/Nuevo-puente-iluminado.jpeg?fit=900%2C515&ssl=1\",\"contentUrl\":\"https:\/\/i0.wp.com\/elregionalvm.com.ar\/noticias-villa-maria\/wp-content\/uploads\/2021\/07\/Nuevo-puente-iluminado.jpeg?fit=900%2C515&ssl=1\",\"width\":900,\"height\":515},{\"@type\":\"BreadcrumbList\",\"@id\":\"http:\/\/elregionalvm.com.ar\/noticias-villa-maria\/nuevo-puente-cada-vez-mas-cerca-como-se-ve-de-noche-video\/#breadcrumb\",\"itemListElement\":[{\"@type\":\"ListItem\",\"position\":1,\"name\":\"Portada\",\"item\":\"https:\/\/elregionalvm.com.ar\/noticias-villa-maria\/\"},{\"@type\":\"ListItem\",\"position\":2,\"name\":\"Nuevo puente, cada vez m\u00e1s cerca: C\u00f3mo se ve de noche [VIDEO]\"}]},{\"@type\":\"WebSite\",\"@id\":\"http:\/\/elregionalvm.com.ar\/noticias-villa-maria\/#website\",\"url\":\"http:\/\/elregionalvm.com.ar\/noticias-villa-maria\/\",\"name\":\"El Regional\",\"description\":\"Mucho m\u00e1s que informaci\u00f3n\",\"potentialAction\":[{\"@type\":\"SearchAction\",\"target\":{\"@type\":\"EntryPoint\",\"urlTemplate\":\"http:\/\/elregionalvm.com.ar\/noticias-villa-maria\/?s={search_term_string}\"},\"query-input\":{\"@type\":\"PropertyValueSpecification\",\"valueRequired\":true,\"valueName\":\"search_term_string\"}}],\"inLanguage\":\"es\"},{\"@type\":\"Person\",\"@id\":\"http:\/\/elregionalvm.com.ar\/noticias-villa-maria\/#\/schema\/person\/a0fb9c422317faca23d50163151bc354\",\"name\":\"Contenidos El Regional\",\"image\":{\"@type\":\"ImageObject\",\"inLanguage\":\"es\",\"@id\":\"http:\/\/elregionalvm.com.ar\/noticias-villa-maria\/#\/schema\/person\/image\/\",\"url\":\"https:\/\/secure.gravatar.com\/avatar\/265b27cb2209af7bb3a1318f03305787d7981a5cc6e6cd08fe5a4ecdf99d4b48?s=96&d=mm&r=g\",\"contentUrl\":\"https:\/\/secure.gravatar.com\/avatar\/265b27cb2209af7bb3a1318f03305787d7981a5cc6e6cd08fe5a4ecdf99d4b48?s=96&d=mm&r=g\",\"caption\":\"Contenidos El Regional\"},\"url\":\"https:\/\/elregionalvm.com.ar\/noticias-villa-maria\/author\/contenido\/\"}]}<\/script>\n<!-- \/ Yoast SEO plugin. -->","yoast_head_json":{"title":"Nuevo puente, cada vez m\u00e1s cerca: C\u00f3mo se ve de noche [VIDEO] - El Regional","description":"En materia est\u00e9tica, se trata de una obra de gran belleza, m\u00e1s all\u00e1 de la funcionalidad. Les mostramos c\u00f3mo se ve de noche.","robots":{"index":"index","follow":"follow","max-snippet":"max-snippet:-1","max-image-preview":"max-image-preview:large","max-video-preview":"max-video-preview:-1"},"canonical":"http:\/\/elregionalvm.com.ar\/noticias-villa-maria\/nuevo-puente-cada-vez-mas-cerca-como-se-ve-de-noche-video\/","og_locale":"es_ES","og_type":"article","og_title":"Nuevo puente, cada vez m\u00e1s cerca: C\u00f3mo se ve de noche [VIDEO] - El Regional","og_description":"En materia est\u00e9tica, se trata de una obra de gran belleza, m\u00e1s all\u00e1 de la funcionalidad. Les mostramos c\u00f3mo se ve de noche.","og_url":"http:\/\/elregionalvm.com.ar\/noticias-villa-maria\/nuevo-puente-cada-vez-mas-cerca-como-se-ve-de-noche-video\/","og_site_name":"El Regional","article_publisher":"https:\/\/www.facebook.com\/elregionalvm","article_published_time":"2021-07-21T21:44:46+00:00","article_modified_time":"2021-07-26T00:43:52+00:00","og_image":[{"width":900,"height":515,"url":"http:\/\/elregionalvm.com.ar\/noticias-villa-maria\/wp-content\/uploads\/2021\/07\/Nuevo-puente-iluminado.jpeg","type":"image\/jpeg"}],"author":"Contenidos El Regional","twitter_card":"summary_large_image","twitter_creator":"@elregionalvm1","twitter_site":"@elregionalvm1","twitter_misc":{"Escrito por":"Contenidos El Regional","Tiempo de lectura":"2 minutos"},"schema":{"@context":"https:\/\/schema.org","@graph":[{"@type":"Article","@id":"http:\/\/elregionalvm.com.ar\/noticias-villa-maria\/nuevo-puente-cada-vez-mas-cerca-como-se-ve-de-noche-video\/#article","isPartOf":{"@id":"http:\/\/elregionalvm.com.ar\/noticias-villa-maria\/nuevo-puente-cada-vez-mas-cerca-como-se-ve-de-noche-video\/"},"author":{"name":"Contenidos El Regional","@id":"http:\/\/elregionalvm.com.ar\/noticias-villa-maria\/#\/schema\/person\/a0fb9c422317faca23d50163151bc354"},"headline":"Nuevo puente, cada vez m\u00e1s cerca: C\u00f3mo se ve de noche [VIDEO]","datePublished":"2021-07-21T21:44:46+00:00","dateModified":"2021-07-26T00:43:52+00:00","mainEntityOfPage":{"@id":"http:\/\/elregionalvm.com.ar\/noticias-villa-maria\/nuevo-puente-cada-vez-mas-cerca-como-se-ve-de-noche-video\/"},"wordCount":258,"commentCount":0,"image":{"@id":"http:\/\/elregionalvm.com.ar\/noticias-villa-maria\/nuevo-puente-cada-vez-mas-cerca-como-se-ve-de-noche-video\/#primaryimage"},"thumbnailUrl":"https:\/\/i0.wp.com\/elregionalvm.com.ar\/noticias-villa-maria\/wp-content\/uploads\/2021\/07\/Nuevo-puente-iluminado.jpeg?fit=900%2C515&ssl=1","keywords":["Arcos","Brigadier Juan Bautista Bustos","iluminaci\u00f3n","nuevo puente","villa maria","VILLA NUEVA"],"articleSection":["tercera","Villa Mar\u00eda"],"inLanguage":"es","potentialAction":[{"@type":"CommentAction","name":"Comment","target":["http:\/\/elregionalvm.com.ar\/noticias-villa-maria\/nuevo-puente-cada-vez-mas-cerca-como-se-ve-de-noche-video\/#respond"]}]},{"@type":"WebPage","@id":"http:\/\/elregionalvm.com.ar\/noticias-villa-maria\/nuevo-puente-cada-vez-mas-cerca-como-se-ve-de-noche-video\/","url":"http:\/\/elregionalvm.com.ar\/noticias-villa-maria\/nuevo-puente-cada-vez-mas-cerca-como-se-ve-de-noche-video\/","name":"Nuevo puente, cada vez m\u00e1s cerca: C\u00f3mo se ve de noche [VIDEO] - El Regional","isPartOf":{"@id":"http:\/\/elregionalvm.com.ar\/noticias-villa-maria\/#website"},"primaryImageOfPage":{"@id":"http:\/\/elregionalvm.com.ar\/noticias-villa-maria\/nuevo-puente-cada-vez-mas-cerca-como-se-ve-de-noche-video\/#primaryimage"},"image":{"@id":"http:\/\/elregionalvm.com.ar\/noticias-villa-maria\/nuevo-puente-cada-vez-mas-cerca-como-se-ve-de-noche-video\/#primaryimage"},"thumbnailUrl":"https:\/\/i0.wp.com\/elregionalvm.com.ar\/noticias-villa-maria\/wp-content\/uploads\/2021\/07\/Nuevo-puente-iluminado.jpeg?fit=900%2C515&ssl=1","datePublished":"2021-07-21T21:44:46+00:00","dateModified":"2021-07-26T00:43:52+00:00","author":{"@id":"http:\/\/elregionalvm.com.ar\/noticias-villa-maria\/#\/schema\/person\/a0fb9c422317faca23d50163151bc354"},"description":"En materia est\u00e9tica, se trata de una obra de gran belleza, m\u00e1s all\u00e1 de la funcionalidad. Les mostramos c\u00f3mo se ve de noche.","breadcrumb":{"@id":"http:\/\/elregionalvm.com.ar\/noticias-villa-maria\/nuevo-puente-cada-vez-mas-cerca-como-se-ve-de-noche-video\/#breadcrumb"},"inLanguage":"es","potentialAction":[{"@type":"ReadAction","target":["http:\/\/elregionalvm.com.ar\/noticias-villa-maria\/nuevo-puente-cada-vez-mas-cerca-como-se-ve-de-noche-video\/"]}]},{"@type":"ImageObject","inLanguage":"es","@id":"http:\/\/elregionalvm.com.ar\/noticias-villa-maria\/nuevo-puente-cada-vez-mas-cerca-como-se-ve-de-noche-video\/#primaryimage","url":"https:\/\/i0.wp.com\/elregionalvm.com.ar\/noticias-villa-maria\/wp-content\/uploads\/2021\/07\/Nuevo-puente-iluminado.jpeg?fit=900%2C515&ssl=1","contentUrl":"https:\/\/i0.wp.com\/elregionalvm.com.ar\/noticias-villa-maria\/wp-content\/uploads\/2021\/07\/Nuevo-puente-iluminado.jpeg?fit=900%2C515&ssl=1","width":900,"height":515},{"@type":"BreadcrumbList","@id":"http:\/\/elregionalvm.com.ar\/noticias-villa-maria\/nuevo-puente-cada-vez-mas-cerca-como-se-ve-de-noche-video\/#breadcrumb","itemListElement":[{"@type":"ListItem","position":1,"name":"Portada","item":"https:\/\/elregionalvm.com.ar\/noticias-villa-maria\/"},{"@type":"ListItem","position":2,"name":"Nuevo puente, cada vez m\u00e1s cerca: C\u00f3mo se ve de noche [VIDEO]"}]},{"@type":"WebSite","@id":"http:\/\/elregionalvm.com.ar\/noticias-villa-maria\/#website","url":"http:\/\/elregionalvm.com.ar\/noticias-villa-maria\/","name":"El Regional","description":"Mucho m\u00e1s que informaci\u00f3n","potentialAction":[{"@type":"SearchAction","target":{"@type":"EntryPoint","urlTemplate":"http:\/\/elregionalvm.com.ar\/noticias-villa-maria\/?s={search_term_string}"},"query-input":{"@type":"PropertyValueSpecification","valueRequired":true,"valueName":"search_term_string"}}],"inLanguage":"es"},{"@type":"Person","@id":"http:\/\/elregionalvm.com.ar\/noticias-villa-maria\/#\/schema\/person\/a0fb9c422317faca23d50163151bc354","name":"Contenidos El Regional","image":{"@type":"ImageObject","inLanguage":"es","@id":"http:\/\/elregionalvm.com.ar\/noticias-villa-maria\/#\/schema\/person\/image\/","url":"https:\/\/secure.gravatar.com\/avatar\/265b27cb2209af7bb3a1318f03305787d7981a5cc6e6cd08fe5a4ecdf99d4b48?s=96&d=mm&r=g","contentUrl":"https:\/\/secure.gravatar.com\/avatar\/265b27cb2209af7bb3a1318f03305787d7981a5cc6e6cd08fe5a4ecdf99d4b48?s=96&d=mm&r=g","caption":"Contenidos El Regional"},"url":"https:\/\/elregionalvm.com.ar\/noticias-villa-maria\/author\/contenido\/"}]}},"jetpack_featured_media_url":"https:\/\/i0.wp.com\/elregionalvm.com.ar\/noticias-villa-maria\/wp-content\/uploads\/2021\/07\/Nuevo-puente-iluminado.jpeg?fit=900%2C515&ssl=1","jetpack_sharing_enabled":true,"_links":{"self":[{"href":"https:\/\/elregionalvm.com.ar\/noticias-villa-maria\/wp-json\/wp\/v2\/posts\/41319","targetHints":{"allow":["GET"]}}],"collection":[{"href":"https:\/\/elregionalvm.com.ar\/noticias-villa-maria\/wp-json\/wp\/v2\/posts"}],"about":[{"href":"https:\/\/elregionalvm.com.ar\/noticias-villa-maria\/wp-json\/wp\/v2\/types\/post"}],"author":[{"embeddable":true,"href":"https:\/\/elregionalvm.com.ar\/noticias-villa-maria\/wp-json\/wp\/v2\/users\/4"}],"replies":[{"embeddable":true,"href":"https:\/\/elregionalvm.com.ar\/noticias-villa-maria\/wp-json\/wp\/v2\/comments?post=41319"}],"version-history":[{"count":2,"href":"https:\/\/elregionalvm.com.ar\/noticias-villa-maria\/wp-json\/wp\/v2\/posts\/41319\/revisions"}],"predecessor-version":[{"id":41537,"href":"https:\/\/elregionalvm.com.ar\/noticias-villa-maria\/wp-json\/wp\/v2\/posts\/41319\/revisions\/41537"}],"wp:featuredmedia":[{"embeddable":true,"href":"https:\/\/elregionalvm.com.ar\/noticias-villa-maria\/wp-json\/wp\/v2\/media\/41323"}],"wp:attachment":[{"href":"https:\/\/elregionalvm.com.ar\/noticias-villa-maria\/wp-json\/wp\/v2\/media?parent=41319"}],"wp:term":[{"taxonomy":"category","embeddable":true,"href":"https:\/\/elregionalvm.com.ar\/noticias-villa-maria\/wp-json\/wp\/v2\/categories?post=41319"},{"taxonomy":"post_tag","embeddable":true,"href":"https:\/\/elregionalvm.com.ar\/noticias-villa-maria\/wp-json\/wp\/v2\/tags?post=41319"}],"curies":[{"name":"wp","href":"https:\/\/api.w.org\/{rel}","templated":true}]}}