{"id":41339,"date":"2021-07-21T23:51:06","date_gmt":"2021-07-21T23:51:06","guid":{"rendered":"https:\/\/elregionalvm.com.ar\/noticias-villa-maria\/?p=41339"},"modified":"2021-07-22T00:28:53","modified_gmt":"2021-07-22T00:28:53","slug":"el-eter-sumo-por-primera-vez-a-siete-mujeres-policias-a-sus-filas","status":"publish","type":"post","link":"https:\/\/elregionalvm.com.ar\/noticias-villa-maria\/el-eter-sumo-por-primera-vez-a-siete-mujeres-policias-a-sus-filas\/","title":{"rendered":"El ETER sum\u00f3 por primera vez a siete mujeres polic\u00edas a sus filas"},"content":{"rendered":"\n<p>Se trata de siete mujeres, quienes junto a 19 hombres, completaron el XXIV Curso B\u00e1sico de Formaci\u00f3n de Comandos Policiales luego de una rigurosa y exigente preparaci\u00f3n, capacitaci\u00f3n y entrenamiento.<\/p>\n\n\n\n<p>\u201cDeseo reconocerle a la Jefa de Polic\u00eda, ser la autora de esta decisi\u00f3n hist\u00f3rica que reivindica a la mujer en su conjunto y que les abre las puertas, definitivamente, para que se incorporen al equipo t\u00e1ctico m\u00e1s prestigioso, entre todas las polic\u00edas del pa\u00eds y probablemente de Am\u00e9rica Latina\u201d, sostuvo el ministro de Seguridad, Alfonso Mosquera en el Centro de Entrenamiento que el grupo policial posee en la comuna de San Roque.<\/p>\n\n\n\n<p>Desde hace 36 a\u00f1os el ETER tiene como objetivos brindar custodia y seguridad a dignatarios, trabajar en resoluci\u00f3n de situaciones de crisis tales como atentados, toma de rehenes, secuestros extorsivos, sujetos parapetados y tirador activo. El grupo adem\u00e1s se encarga de la ejecuci\u00f3n de allanamientos de alto riesgo o r\u00e1pida resoluci\u00f3n y de misiones especiales ordenadas por la Jefatura de Polic\u00eda.<\/p>\n\n\n\n<p>En este sentido, el Ministro recalc\u00f3 que \u201cel ETER siempre debe estar al lado del pueblo de C\u00f3rdoba y siempre debe defender la ley; no tenemos otro cometido que no sea salvaguardar las instituciones y los derechos de los cordobeses\u201d.<\/p>\n\n\n\n<div class=\"wp-block-image\"><figure class=\"aligncenter size-large is-resized\"><img data-recalc-dims=\"1\" fetchpriority=\"high\" decoding=\"async\" src=\"https:\/\/i0.wp.com\/elregionalvm.com.ar\/noticias-villa-maria\/wp-content\/uploads\/2021\/07\/eter-mujeres-1.jpg?resize=726%2C484&#038;ssl=1\" alt=\"\" class=\"wp-image-41341\" width=\"726\" height=\"484\" srcset=\"https:\/\/i0.wp.com\/elregionalvm.com.ar\/noticias-villa-maria\/wp-content\/uploads\/2021\/07\/eter-mujeres-1.jpg?w=990&amp;ssl=1 990w, https:\/\/i0.wp.com\/elregionalvm.com.ar\/noticias-villa-maria\/wp-content\/uploads\/2021\/07\/eter-mujeres-1.jpg?resize=300%2C200&amp;ssl=1 300w, https:\/\/i0.wp.com\/elregionalvm.com.ar\/noticias-villa-maria\/wp-content\/uploads\/2021\/07\/eter-mujeres-1.jpg?resize=768%2C512&amp;ssl=1 768w\" sizes=\"(max-width: 726px) 100vw, 726px\" \/><\/figure><\/div>\n\n\n\n<p>Tambi\u00e9n la Jefa de Polic\u00eda, comisario General, Liliana Z\u00e1rate Belletti se refiri\u00f3 a la culminaci\u00f3n del Primer Curso de Comandos Policiales conformado por Hombres y Mujeres: \u201cQuiero decirles que este curso, no es como muchos creen, que es distinto por la incorporaci\u00f3n de personal femenino; es un curso abierto a los nuevos paradigmas que el mundo, la sociedad y la Instituci\u00f3n requieren\u201d.<\/p>\n\n\n\n<p>De un total de 200 inscriptos, solo finalizaron la instrucci\u00f3n 26: siete mujeres y 19 hombres.<\/p>\n\n\n\n<p>Tambi\u00e9n estuvieron presentes, el subsecretario de Planificaci\u00f3n y Coordinaci\u00f3n Estrat\u00e9gica; el director General de Tecnolog\u00eda de la Informaci\u00f3n, Daniel Pastorino, el director de Control y Gesti\u00f3n de Proximidad, Cristian Cariddi; integrantes del Estado Mayor policial, autoridades judiciales y familiares de los cursantes.<\/p>\n","protected":false},"excerpt":{"rendered":"<p>Se trata de siete mujeres, quienes junto a 19 hombres, completaron el XXIV Curso B\u00e1sico de Formaci\u00f3n de Comandos Policiales luego de una rigurosa y exigente preparaci\u00f3n, capacitaci\u00f3n y entrenamiento. \u201cDeseo reconocerle a la Jefa de Polic\u00eda, ser la autora de esta decisi\u00f3n hist\u00f3rica que reivindica a la mujer en su conjunto y que les [&hellip;]<\/p>\n","protected":false},"author":4,"featured_media":41340,"comment_status":"open","ping_status":"open","sticky":false,"template":"","format":"standard","meta":{"site-sidebar-layout":"default","site-content-layout":"default","ast-site-content-layout":"default","site-content-style":"default","site-sidebar-style":"default","ast-global-header-display":"","ast-banner-title-visibility":"","ast-main-header-display":"","ast-hfb-above-header-display":"","ast-hfb-below-header-display":"","ast-hfb-mobile-header-display":"","site-post-title":"","ast-breadcrumbs-content":"","ast-featured-img":"","footer-sml-layout":"","ast-disable-related-posts":"","theme-transparent-header-meta":"default","adv-header-id-meta":"","stick-header-meta":"","header-above-stick-meta":"","header-main-stick-meta":"","header-below-stick-meta":"","astra-migrate-meta-layouts":"default","ast-page-background-enabled":"default","ast-page-background-meta":{"desktop":{"background-color":"","background-image":"","background-repeat":"repeat","background-position":"center center","background-size":"auto","background-attachment":"scroll","background-type":"","background-media":"","overlay-type":"","overlay-color":"","overlay-opacity":"","overlay-gradient":""},"tablet":{"background-color":"","background-image":"","background-repeat":"repeat","background-position":"center center","background-size":"auto","background-attachment":"scroll","background-type":"","background-media":"","overlay-type":"","overlay-color":"","overlay-opacity":"","overlay-gradient":""},"mobile":{"background-color":"","background-image":"","background-repeat":"repeat","background-position":"center center","background-size":"auto","background-attachment":"scroll","background-type":"","background-media":"","overlay-type":"","overlay-color":"","overlay-opacity":"","overlay-gradient":""}},"ast-content-background-meta":{"desktop":{"background-color":"var(--ast-global-color-5)","background-image":"","background-repeat":"repeat","background-position":"center center","background-size":"auto","background-attachment":"scroll","background-type":"","background-media":"","overlay-type":"","overlay-color":"","overlay-opacity":"","overlay-gradient":""},"tablet":{"background-color":"var(--ast-global-color-5)","background-image":"","background-repeat":"repeat","background-position":"center center","background-size":"auto","background-attachment":"scroll","background-type":"","background-media":"","overlay-type":"","overlay-color":"","overlay-opacity":"","overlay-gradient":""},"mobile":{"background-color":"var(--ast-global-color-5)","background-image":"","background-repeat":"repeat","background-position":"center center","background-size":"auto","background-attachment":"scroll","background-type":"","background-media":"","overlay-type":"","overlay-color":"","overlay-opacity":"","overlay-gradient":""}},"_jetpack_memberships_contains_paid_content":false,"_joinchat":[],"footnotes":""},"categories":[2234],"tags":[10148,10151,2716,10150,10149],"class_list":["post-41339","post","type-post","status-publish","format-standard","has-post-thumbnail","hentry","category-policiales","tag-eter","tag-incorporan-mujeres","tag-policia-de-cordoba","tag-primera-vez","tag-siete-mujeres"],"yoast_head":"<!-- This site is optimized with the Yoast SEO plugin v26.8 - https:\/\/yoast.com\/product\/yoast-seo-wordpress\/ -->\n<title>El ETER sum\u00f3 por primera vez a siete mujeres polic\u00edas a sus filas - El Regional<\/title>\n<meta name=\"robots\" content=\"index, follow, max-snippet:-1, max-image-preview:large, max-video-preview:-1\" \/>\n<link rel=\"canonical\" href=\"http:\/\/elregionalvm.com.ar\/noticias-villa-maria\/el-eter-sumo-por-primera-vez-a-siete-mujeres-policias-a-sus-filas\/\" \/>\n<meta property=\"og:locale\" content=\"es_ES\" \/>\n<meta property=\"og:type\" content=\"article\" \/>\n<meta property=\"og:title\" content=\"El ETER sum\u00f3 por primera vez a siete mujeres polic\u00edas a sus filas - El Regional\" \/>\n<meta property=\"og:description\" content=\"Se trata de siete mujeres, quienes junto a 19 hombres, completaron el XXIV Curso B\u00e1sico de Formaci\u00f3n de Comandos Policiales luego de una rigurosa y exigente preparaci\u00f3n, capacitaci\u00f3n y entrenamiento. \u201cDeseo reconocerle a la Jefa de Polic\u00eda, ser la autora de esta decisi\u00f3n hist\u00f3rica que reivindica a la mujer en su conjunto y que les [&hellip;]\" \/>\n<meta property=\"og:url\" content=\"http:\/\/elregionalvm.com.ar\/noticias-villa-maria\/el-eter-sumo-por-primera-vez-a-siete-mujeres-policias-a-sus-filas\/\" \/>\n<meta property=\"og:site_name\" content=\"El Regional\" \/>\n<meta property=\"article:publisher\" content=\"https:\/\/www.facebook.com\/elregionalvm\" \/>\n<meta property=\"article:published_time\" content=\"2021-07-21T23:51:06+00:00\" \/>\n<meta property=\"article:modified_time\" content=\"2021-07-22T00:28:53+00:00\" \/>\n<meta property=\"og:image\" content=\"http:\/\/elregionalvm.com.ar\/noticias-villa-maria\/wp-content\/uploads\/2021\/07\/eter-mujeres.jpg\" \/>\n\t<meta property=\"og:image:width\" content=\"990\" \/>\n\t<meta property=\"og:image:height\" content=\"660\" \/>\n\t<meta property=\"og:image:type\" content=\"image\/jpeg\" \/>\n<meta name=\"author\" content=\"Contenidos El Regional\" \/>\n<meta name=\"twitter:card\" content=\"summary_large_image\" \/>\n<meta name=\"twitter:creator\" content=\"@elregionalvm1\" \/>\n<meta name=\"twitter:site\" content=\"@elregionalvm1\" \/>\n<meta name=\"twitter:label1\" content=\"Escrito por\" \/>\n\t<meta name=\"twitter:data1\" content=\"Contenidos El Regional\" \/>\n\t<meta name=\"twitter:label2\" content=\"Tiempo de lectura\" \/>\n\t<meta name=\"twitter:data2\" content=\"2 minutos\" \/>\n<script type=\"application\/ld+json\" class=\"yoast-schema-graph\">{\"@context\":\"https:\/\/schema.org\",\"@graph\":[{\"@type\":\"Article\",\"@id\":\"http:\/\/elregionalvm.com.ar\/noticias-villa-maria\/el-eter-sumo-por-primera-vez-a-siete-mujeres-policias-a-sus-filas\/#article\",\"isPartOf\":{\"@id\":\"http:\/\/elregionalvm.com.ar\/noticias-villa-maria\/el-eter-sumo-por-primera-vez-a-siete-mujeres-policias-a-sus-filas\/\"},\"author\":{\"name\":\"Contenidos El Regional\",\"@id\":\"http:\/\/elregionalvm.com.ar\/noticias-villa-maria\/#\/schema\/person\/a0fb9c422317faca23d50163151bc354\"},\"headline\":\"El ETER sum\u00f3 por primera vez a siete mujeres polic\u00edas a sus filas\",\"datePublished\":\"2021-07-21T23:51:06+00:00\",\"dateModified\":\"2021-07-22T00:28:53+00:00\",\"mainEntityOfPage\":{\"@id\":\"http:\/\/elregionalvm.com.ar\/noticias-villa-maria\/el-eter-sumo-por-primera-vez-a-siete-mujeres-policias-a-sus-filas\/\"},\"wordCount\":366,\"commentCount\":0,\"image\":{\"@id\":\"http:\/\/elregionalvm.com.ar\/noticias-villa-maria\/el-eter-sumo-por-primera-vez-a-siete-mujeres-policias-a-sus-filas\/#primaryimage\"},\"thumbnailUrl\":\"https:\/\/i0.wp.com\/elregionalvm.com.ar\/noticias-villa-maria\/wp-content\/uploads\/2021\/07\/eter-mujeres.jpg?fit=990%2C660&ssl=1\",\"keywords\":[\"ETER\",\"incorporan mujeres\",\"Polic\u00eda de C\u00f3rdoba\",\"primera vez\",\"siete mujeres\"],\"articleSection\":[\"Policiales\"],\"inLanguage\":\"es\",\"potentialAction\":[{\"@type\":\"CommentAction\",\"name\":\"Comment\",\"target\":[\"http:\/\/elregionalvm.com.ar\/noticias-villa-maria\/el-eter-sumo-por-primera-vez-a-siete-mujeres-policias-a-sus-filas\/#respond\"]}]},{\"@type\":\"WebPage\",\"@id\":\"http:\/\/elregionalvm.com.ar\/noticias-villa-maria\/el-eter-sumo-por-primera-vez-a-siete-mujeres-policias-a-sus-filas\/\",\"url\":\"http:\/\/elregionalvm.com.ar\/noticias-villa-maria\/el-eter-sumo-por-primera-vez-a-siete-mujeres-policias-a-sus-filas\/\",\"name\":\"El ETER sum\u00f3 por primera vez a siete mujeres polic\u00edas a sus filas - El Regional\",\"isPartOf\":{\"@id\":\"http:\/\/elregionalvm.com.ar\/noticias-villa-maria\/#website\"},\"primaryImageOfPage\":{\"@id\":\"http:\/\/elregionalvm.com.ar\/noticias-villa-maria\/el-eter-sumo-por-primera-vez-a-siete-mujeres-policias-a-sus-filas\/#primaryimage\"},\"image\":{\"@id\":\"http:\/\/elregionalvm.com.ar\/noticias-villa-maria\/el-eter-sumo-por-primera-vez-a-siete-mujeres-policias-a-sus-filas\/#primaryimage\"},\"thumbnailUrl\":\"https:\/\/i0.wp.com\/elregionalvm.com.ar\/noticias-villa-maria\/wp-content\/uploads\/2021\/07\/eter-mujeres.jpg?fit=990%2C660&ssl=1\",\"datePublished\":\"2021-07-21T23:51:06+00:00\",\"dateModified\":\"2021-07-22T00:28:53+00:00\",\"author\":{\"@id\":\"http:\/\/elregionalvm.com.ar\/noticias-villa-maria\/#\/schema\/person\/a0fb9c422317faca23d50163151bc354\"},\"breadcrumb\":{\"@id\":\"http:\/\/elregionalvm.com.ar\/noticias-villa-maria\/el-eter-sumo-por-primera-vez-a-siete-mujeres-policias-a-sus-filas\/#breadcrumb\"},\"inLanguage\":\"es\",\"potentialAction\":[{\"@type\":\"ReadAction\",\"target\":[\"http:\/\/elregionalvm.com.ar\/noticias-villa-maria\/el-eter-sumo-por-primera-vez-a-siete-mujeres-policias-a-sus-filas\/\"]}]},{\"@type\":\"ImageObject\",\"inLanguage\":\"es\",\"@id\":\"http:\/\/elregionalvm.com.ar\/noticias-villa-maria\/el-eter-sumo-por-primera-vez-a-siete-mujeres-policias-a-sus-filas\/#primaryimage\",\"url\":\"https:\/\/i0.wp.com\/elregionalvm.com.ar\/noticias-villa-maria\/wp-content\/uploads\/2021\/07\/eter-mujeres.jpg?fit=990%2C660&ssl=1\",\"contentUrl\":\"https:\/\/i0.wp.com\/elregionalvm.com.ar\/noticias-villa-maria\/wp-content\/uploads\/2021\/07\/eter-mujeres.jpg?fit=990%2C660&ssl=1\",\"width\":990,\"height\":660},{\"@type\":\"BreadcrumbList\",\"@id\":\"http:\/\/elregionalvm.com.ar\/noticias-villa-maria\/el-eter-sumo-por-primera-vez-a-siete-mujeres-policias-a-sus-filas\/#breadcrumb\",\"itemListElement\":[{\"@type\":\"ListItem\",\"position\":1,\"name\":\"Portada\",\"item\":\"https:\/\/elregionalvm.com.ar\/noticias-villa-maria\/\"},{\"@type\":\"ListItem\",\"position\":2,\"name\":\"El ETER sum\u00f3 por primera vez a siete mujeres polic\u00edas a sus filas\"}]},{\"@type\":\"WebSite\",\"@id\":\"http:\/\/elregionalvm.com.ar\/noticias-villa-maria\/#website\",\"url\":\"http:\/\/elregionalvm.com.ar\/noticias-villa-maria\/\",\"name\":\"El Regional\",\"description\":\"Mucho m\u00e1s que informaci\u00f3n\",\"potentialAction\":[{\"@type\":\"SearchAction\",\"target\":{\"@type\":\"EntryPoint\",\"urlTemplate\":\"http:\/\/elregionalvm.com.ar\/noticias-villa-maria\/?s={search_term_string}\"},\"query-input\":{\"@type\":\"PropertyValueSpecification\",\"valueRequired\":true,\"valueName\":\"search_term_string\"}}],\"inLanguage\":\"es\"},{\"@type\":\"Person\",\"@id\":\"http:\/\/elregionalvm.com.ar\/noticias-villa-maria\/#\/schema\/person\/a0fb9c422317faca23d50163151bc354\",\"name\":\"Contenidos El Regional\",\"image\":{\"@type\":\"ImageObject\",\"inLanguage\":\"es\",\"@id\":\"http:\/\/elregionalvm.com.ar\/noticias-villa-maria\/#\/schema\/person\/image\/\",\"url\":\"https:\/\/secure.gravatar.com\/avatar\/265b27cb2209af7bb3a1318f03305787d7981a5cc6e6cd08fe5a4ecdf99d4b48?s=96&d=mm&r=g\",\"contentUrl\":\"https:\/\/secure.gravatar.com\/avatar\/265b27cb2209af7bb3a1318f03305787d7981a5cc6e6cd08fe5a4ecdf99d4b48?s=96&d=mm&r=g\",\"caption\":\"Contenidos El Regional\"},\"url\":\"https:\/\/elregionalvm.com.ar\/noticias-villa-maria\/author\/contenido\/\"}]}<\/script>\n<!-- \/ Yoast SEO plugin. -->","yoast_head_json":{"title":"El ETER sum\u00f3 por primera vez a siete mujeres polic\u00edas a sus filas - El Regional","robots":{"index":"index","follow":"follow","max-snippet":"max-snippet:-1","max-image-preview":"max-image-preview:large","max-video-preview":"max-video-preview:-1"},"canonical":"http:\/\/elregionalvm.com.ar\/noticias-villa-maria\/el-eter-sumo-por-primera-vez-a-siete-mujeres-policias-a-sus-filas\/","og_locale":"es_ES","og_type":"article","og_title":"El ETER sum\u00f3 por primera vez a siete mujeres polic\u00edas a sus filas - El Regional","og_description":"Se trata de siete mujeres, quienes junto a 19 hombres, completaron el XXIV Curso B\u00e1sico de Formaci\u00f3n de Comandos Policiales luego de una rigurosa y exigente preparaci\u00f3n, capacitaci\u00f3n y entrenamiento. \u201cDeseo reconocerle a la Jefa de Polic\u00eda, ser la autora de esta decisi\u00f3n hist\u00f3rica que reivindica a la mujer en su conjunto y que les [&hellip;]","og_url":"http:\/\/elregionalvm.com.ar\/noticias-villa-maria\/el-eter-sumo-por-primera-vez-a-siete-mujeres-policias-a-sus-filas\/","og_site_name":"El Regional","article_publisher":"https:\/\/www.facebook.com\/elregionalvm","article_published_time":"2021-07-21T23:51:06+00:00","article_modified_time":"2021-07-22T00:28:53+00:00","og_image":[{"width":990,"height":660,"url":"http:\/\/elregionalvm.com.ar\/noticias-villa-maria\/wp-content\/uploads\/2021\/07\/eter-mujeres.jpg","type":"image\/jpeg"}],"author":"Contenidos El Regional","twitter_card":"summary_large_image","twitter_creator":"@elregionalvm1","twitter_site":"@elregionalvm1","twitter_misc":{"Escrito por":"Contenidos El Regional","Tiempo de lectura":"2 minutos"},"schema":{"@context":"https:\/\/schema.org","@graph":[{"@type":"Article","@id":"http:\/\/elregionalvm.com.ar\/noticias-villa-maria\/el-eter-sumo-por-primera-vez-a-siete-mujeres-policias-a-sus-filas\/#article","isPartOf":{"@id":"http:\/\/elregionalvm.com.ar\/noticias-villa-maria\/el-eter-sumo-por-primera-vez-a-siete-mujeres-policias-a-sus-filas\/"},"author":{"name":"Contenidos El Regional","@id":"http:\/\/elregionalvm.com.ar\/noticias-villa-maria\/#\/schema\/person\/a0fb9c422317faca23d50163151bc354"},"headline":"El ETER sum\u00f3 por primera vez a siete mujeres polic\u00edas a sus filas","datePublished":"2021-07-21T23:51:06+00:00","dateModified":"2021-07-22T00:28:53+00:00","mainEntityOfPage":{"@id":"http:\/\/elregionalvm.com.ar\/noticias-villa-maria\/el-eter-sumo-por-primera-vez-a-siete-mujeres-policias-a-sus-filas\/"},"wordCount":366,"commentCount":0,"image":{"@id":"http:\/\/elregionalvm.com.ar\/noticias-villa-maria\/el-eter-sumo-por-primera-vez-a-siete-mujeres-policias-a-sus-filas\/#primaryimage"},"thumbnailUrl":"https:\/\/i0.wp.com\/elregionalvm.com.ar\/noticias-villa-maria\/wp-content\/uploads\/2021\/07\/eter-mujeres.jpg?fit=990%2C660&ssl=1","keywords":["ETER","incorporan mujeres","Polic\u00eda de C\u00f3rdoba","primera vez","siete mujeres"],"articleSection":["Policiales"],"inLanguage":"es","potentialAction":[{"@type":"CommentAction","name":"Comment","target":["http:\/\/elregionalvm.com.ar\/noticias-villa-maria\/el-eter-sumo-por-primera-vez-a-siete-mujeres-policias-a-sus-filas\/#respond"]}]},{"@type":"WebPage","@id":"http:\/\/elregionalvm.com.ar\/noticias-villa-maria\/el-eter-sumo-por-primera-vez-a-siete-mujeres-policias-a-sus-filas\/","url":"http:\/\/elregionalvm.com.ar\/noticias-villa-maria\/el-eter-sumo-por-primera-vez-a-siete-mujeres-policias-a-sus-filas\/","name":"El ETER sum\u00f3 por primera vez a siete mujeres polic\u00edas a sus filas - El Regional","isPartOf":{"@id":"http:\/\/elregionalvm.com.ar\/noticias-villa-maria\/#website"},"primaryImageOfPage":{"@id":"http:\/\/elregionalvm.com.ar\/noticias-villa-maria\/el-eter-sumo-por-primera-vez-a-siete-mujeres-policias-a-sus-filas\/#primaryimage"},"image":{"@id":"http:\/\/elregionalvm.com.ar\/noticias-villa-maria\/el-eter-sumo-por-primera-vez-a-siete-mujeres-policias-a-sus-filas\/#primaryimage"},"thumbnailUrl":"https:\/\/i0.wp.com\/elregionalvm.com.ar\/noticias-villa-maria\/wp-content\/uploads\/2021\/07\/eter-mujeres.jpg?fit=990%2C660&ssl=1","datePublished":"2021-07-21T23:51:06+00:00","dateModified":"2021-07-22T00:28:53+00:00","author":{"@id":"http:\/\/elregionalvm.com.ar\/noticias-villa-maria\/#\/schema\/person\/a0fb9c422317faca23d50163151bc354"},"breadcrumb":{"@id":"http:\/\/elregionalvm.com.ar\/noticias-villa-maria\/el-eter-sumo-por-primera-vez-a-siete-mujeres-policias-a-sus-filas\/#breadcrumb"},"inLanguage":"es","potentialAction":[{"@type":"ReadAction","target":["http:\/\/elregionalvm.com.ar\/noticias-villa-maria\/el-eter-sumo-por-primera-vez-a-siete-mujeres-policias-a-sus-filas\/"]}]},{"@type":"ImageObject","inLanguage":"es","@id":"http:\/\/elregionalvm.com.ar\/noticias-villa-maria\/el-eter-sumo-por-primera-vez-a-siete-mujeres-policias-a-sus-filas\/#primaryimage","url":"https:\/\/i0.wp.com\/elregionalvm.com.ar\/noticias-villa-maria\/wp-content\/uploads\/2021\/07\/eter-mujeres.jpg?fit=990%2C660&ssl=1","contentUrl":"https:\/\/i0.wp.com\/elregionalvm.com.ar\/noticias-villa-maria\/wp-content\/uploads\/2021\/07\/eter-mujeres.jpg?fit=990%2C660&ssl=1","width":990,"height":660},{"@type":"BreadcrumbList","@id":"http:\/\/elregionalvm.com.ar\/noticias-villa-maria\/el-eter-sumo-por-primera-vez-a-siete-mujeres-policias-a-sus-filas\/#breadcrumb","itemListElement":[{"@type":"ListItem","position":1,"name":"Portada","item":"https:\/\/elregionalvm.com.ar\/noticias-villa-maria\/"},{"@type":"ListItem","position":2,"name":"El ETER sum\u00f3 por primera vez a siete mujeres polic\u00edas a sus filas"}]},{"@type":"WebSite","@id":"http:\/\/elregionalvm.com.ar\/noticias-villa-maria\/#website","url":"http:\/\/elregionalvm.com.ar\/noticias-villa-maria\/","name":"El Regional","description":"Mucho m\u00e1s que informaci\u00f3n","potentialAction":[{"@type":"SearchAction","target":{"@type":"EntryPoint","urlTemplate":"http:\/\/elregionalvm.com.ar\/noticias-villa-maria\/?s={search_term_string}"},"query-input":{"@type":"PropertyValueSpecification","valueRequired":true,"valueName":"search_term_string"}}],"inLanguage":"es"},{"@type":"Person","@id":"http:\/\/elregionalvm.com.ar\/noticias-villa-maria\/#\/schema\/person\/a0fb9c422317faca23d50163151bc354","name":"Contenidos El Regional","image":{"@type":"ImageObject","inLanguage":"es","@id":"http:\/\/elregionalvm.com.ar\/noticias-villa-maria\/#\/schema\/person\/image\/","url":"https:\/\/secure.gravatar.com\/avatar\/265b27cb2209af7bb3a1318f03305787d7981a5cc6e6cd08fe5a4ecdf99d4b48?s=96&d=mm&r=g","contentUrl":"https:\/\/secure.gravatar.com\/avatar\/265b27cb2209af7bb3a1318f03305787d7981a5cc6e6cd08fe5a4ecdf99d4b48?s=96&d=mm&r=g","caption":"Contenidos El Regional"},"url":"https:\/\/elregionalvm.com.ar\/noticias-villa-maria\/author\/contenido\/"}]}},"jetpack_featured_media_url":"https:\/\/i0.wp.com\/elregionalvm.com.ar\/noticias-villa-maria\/wp-content\/uploads\/2021\/07\/eter-mujeres.jpg?fit=990%2C660&ssl=1","jetpack_sharing_enabled":true,"_links":{"self":[{"href":"https:\/\/elregionalvm.com.ar\/noticias-villa-maria\/wp-json\/wp\/v2\/posts\/41339","targetHints":{"allow":["GET"]}}],"collection":[{"href":"https:\/\/elregionalvm.com.ar\/noticias-villa-maria\/wp-json\/wp\/v2\/posts"}],"about":[{"href":"https:\/\/elregionalvm.com.ar\/noticias-villa-maria\/wp-json\/wp\/v2\/types\/post"}],"author":[{"embeddable":true,"href":"https:\/\/elregionalvm.com.ar\/noticias-villa-maria\/wp-json\/wp\/v2\/users\/4"}],"replies":[{"embeddable":true,"href":"https:\/\/elregionalvm.com.ar\/noticias-villa-maria\/wp-json\/wp\/v2\/comments?post=41339"}],"version-history":[{"count":1,"href":"https:\/\/elregionalvm.com.ar\/noticias-villa-maria\/wp-json\/wp\/v2\/posts\/41339\/revisions"}],"predecessor-version":[{"id":41342,"href":"https:\/\/elregionalvm.com.ar\/noticias-villa-maria\/wp-json\/wp\/v2\/posts\/41339\/revisions\/41342"}],"wp:featuredmedia":[{"embeddable":true,"href":"https:\/\/elregionalvm.com.ar\/noticias-villa-maria\/wp-json\/wp\/v2\/media\/41340"}],"wp:attachment":[{"href":"https:\/\/elregionalvm.com.ar\/noticias-villa-maria\/wp-json\/wp\/v2\/media?parent=41339"}],"wp:term":[{"taxonomy":"category","embeddable":true,"href":"https:\/\/elregionalvm.com.ar\/noticias-villa-maria\/wp-json\/wp\/v2\/categories?post=41339"},{"taxonomy":"post_tag","embeddable":true,"href":"https:\/\/elregionalvm.com.ar\/noticias-villa-maria\/wp-json\/wp\/v2\/tags?post=41339"}],"curies":[{"name":"wp","href":"https:\/\/api.w.org\/{rel}","templated":true}]}}