{"id":41405,"date":"2021-07-23T01:53:25","date_gmt":"2021-07-23T01:53:25","guid":{"rendered":"https:\/\/elregionalvm.com.ar\/noticias-villa-maria\/?p=41405"},"modified":"2021-07-23T01:53:26","modified_gmt":"2021-07-23T01:53:26","slug":"concejo-deliberante-aprobaron-llamar-a-licitacion-para-restaurar-y-poner-en-valor-el-gabin","status":"publish","type":"post","link":"https:\/\/elregionalvm.com.ar\/noticias-villa-maria\/concejo-deliberante-aprobaron-llamar-a-licitacion-para-restaurar-y-poner-en-valor-el-gabin\/","title":{"rendered":"Concejo Deliberante: aprobaron llamar a licitaci\u00f3n para restaurar y poner en valor el \u00abGab\u00edn\u00bb"},"content":{"rendered":"\n<p>Concejales aprobaron en Segunda Lectura el proyecto por el cual se autoriza al Departamento Ejecutivo Municipal a llamar a Licitaci\u00f3n P\u00fablica para la Restauraci\u00f3n y Puesta en Valor del Ex Edificio de V\u00edas y Obras denominado \u201cGab\u00edn\u201d, ubicado en prolongaci\u00f3n de bulevar Alvear en barrio Evita de nuestra ciudad.<\/p>\n\n\n\n<p>El objetivo principal del proyecto es generar un espacio de vinculaci\u00f3n territorial con un conjunto de barrios en un sector de la ciudad alejado de los centros de gesti\u00f3n de pol\u00edtica p\u00fablica, a trav\u00e9s de la recuperaci\u00f3n del patrimonio urbano, arquitect\u00f3nico y cultural que representa el espacio Ferroviario. Cabe resaltar que la adjudicaci\u00f3n solo se har\u00e1 efectiva cuando este desocupado de personas el citado espacio.<\/p>\n\n\n\n<p>Esta recuperaci\u00f3n generar\u00e1 un espacio para un nuevo Centro Comunitario de Inclusi\u00f3n Integral en el que se incluye el Municerca N\u00ba2, la incorporaci\u00f3n de un Centro de Capacitaci\u00f3n en temas de G\u00e9nero, la creaci\u00f3n de un Centro Municipal Territorial de Acceso a la Justicia, el desarrollo de una Biblioteca Barrial Popular Infantil y de una Medioteca con Sala de Proyecci\u00f3n, como soporte de actividades audiovisuales vinculadas a la lectura.<\/p>\n\n\n\n<p>Por otro lado, a partir de la Escuela Municipal de Oficios se prev\u00e9 el desarrollo de cursos anuales de construcci\u00f3n, electricidad, peluquer\u00eda, panader\u00eda y alba\u00f1iler\u00eda. Tambi\u00e9n se plantea el desarrollo de actividades culturales a partir de los Talleres dictados desde la Secretar\u00eda de Cultura y Educaci\u00f3n del Municipio en t\u00e9rminos de Recuperaci\u00f3n del Patrimonio, Identidades Culturales Barriales y dem\u00e1s talleres culturales de formato cl\u00e1sico.<\/p>\n\n\n\n<p>Por otra parte, en la Sesi\u00f3n ordinaria que comenz\u00f3 pasadas las 14 horas se ratific\u00f3 el Acta-Acuerdo firmada entre el Ejecutivo Municipal y la Secretar\u00eda de Obras P\u00fablicas de la Naci\u00f3n para el \u201cAcondicionamiento Urbano para el sector de Los Chaleses\u201d en barrio Las Playas y un proyecto que delimita las \u00e1reas de riesgo de inundaciones y anegamiento en el sector norte de la ciudad.<\/p>\n","protected":false},"excerpt":{"rendered":"<p>Concejales aprobaron en Segunda Lectura el proyecto por el cual se autoriza al Departamento Ejecutivo Municipal a llamar a Licitaci\u00f3n P\u00fablica para la Restauraci\u00f3n y Puesta en Valor del Ex Edificio de V\u00edas y Obras denominado \u201cGab\u00edn\u201d, ubicado en prolongaci\u00f3n de bulevar Alvear en barrio Evita de nuestra ciudad. El objetivo principal del proyecto es [&hellip;]<\/p>\n","protected":false},"author":4,"featured_media":28618,"comment_status":"open","ping_status":"open","sticky":false,"template":"","format":"standard","meta":{"site-sidebar-layout":"default","site-content-layout":"default","ast-site-content-layout":"default","site-content-style":"default","site-sidebar-style":"default","ast-global-header-display":"","ast-banner-title-visibility":"","ast-main-header-display":"","ast-hfb-above-header-display":"","ast-hfb-below-header-display":"","ast-hfb-mobile-header-display":"","site-post-title":"","ast-breadcrumbs-content":"","ast-featured-img":"","footer-sml-layout":"","ast-disable-related-posts":"","theme-transparent-header-meta":"default","adv-header-id-meta":"","stick-header-meta":"","header-above-stick-meta":"","header-main-stick-meta":"","header-below-stick-meta":"","astra-migrate-meta-layouts":"default","ast-page-background-enabled":"default","ast-page-background-meta":{"desktop":{"background-color":"","background-image":"","background-repeat":"repeat","background-position":"center center","background-size":"auto","background-attachment":"scroll","background-type":"","background-media":"","overlay-type":"","overlay-color":"","overlay-opacity":"","overlay-gradient":""},"tablet":{"background-color":"","background-image":"","background-repeat":"repeat","background-position":"center center","background-size":"auto","background-attachment":"scroll","background-type":"","background-media":"","overlay-type":"","overlay-color":"","overlay-opacity":"","overlay-gradient":""},"mobile":{"background-color":"","background-image":"","background-repeat":"repeat","background-position":"center center","background-size":"auto","background-attachment":"scroll","background-type":"","background-media":"","overlay-type":"","overlay-color":"","overlay-opacity":"","overlay-gradient":""}},"ast-content-background-meta":{"desktop":{"background-color":"var(--ast-global-color-5)","background-image":"","background-repeat":"repeat","background-position":"center center","background-size":"auto","background-attachment":"scroll","background-type":"","background-media":"","overlay-type":"","overlay-color":"","overlay-opacity":"","overlay-gradient":""},"tablet":{"background-color":"var(--ast-global-color-5)","background-image":"","background-repeat":"repeat","background-position":"center center","background-size":"auto","background-attachment":"scroll","background-type":"","background-media":"","overlay-type":"","overlay-color":"","overlay-opacity":"","overlay-gradient":""},"mobile":{"background-color":"var(--ast-global-color-5)","background-image":"","background-repeat":"repeat","background-position":"center center","background-size":"auto","background-attachment":"scroll","background-type":"","background-media":"","overlay-type":"","overlay-color":"","overlay-opacity":"","overlay-gradient":""}},"_jetpack_memberships_contains_paid_content":false,"_joinchat":[],"footnotes":""},"categories":[2],"tags":[10165,1597,1232,10164,8888,10166],"class_list":["post-41405","post","type-post","status-publish","format-standard","has-post-thumbnail","hentry","category-villa-maria","tag-aprobado","tag-concejo-deliberante","tag-destacado","tag-gabin-2","tag-llamado-a-licitacion","tag-restauracion-y-puesta-en-valor"],"yoast_head":"<!-- This site is optimized with the Yoast SEO plugin v26.8 - https:\/\/yoast.com\/product\/yoast-seo-wordpress\/ -->\n<title>Concejo Deliberante: aprobaron llamar a licitaci\u00f3n para restaurar y poner en valor el &quot;Gab\u00edn&quot; - El Regional<\/title>\n<meta name=\"robots\" content=\"index, follow, max-snippet:-1, max-image-preview:large, max-video-preview:-1\" \/>\n<link rel=\"canonical\" href=\"http:\/\/elregionalvm.com.ar\/noticias-villa-maria\/concejo-deliberante-aprobaron-llamar-a-licitacion-para-restaurar-y-poner-en-valor-el-gabin\/\" \/>\n<meta property=\"og:locale\" content=\"es_ES\" \/>\n<meta property=\"og:type\" content=\"article\" \/>\n<meta property=\"og:title\" content=\"Concejo Deliberante: aprobaron llamar a licitaci\u00f3n para restaurar y poner en valor el &quot;Gab\u00edn&quot; - El Regional\" \/>\n<meta property=\"og:description\" content=\"Concejales aprobaron en Segunda Lectura el proyecto por el cual se autoriza al Departamento Ejecutivo Municipal a llamar a Licitaci\u00f3n P\u00fablica para la Restauraci\u00f3n y Puesta en Valor del Ex Edificio de V\u00edas y Obras denominado \u201cGab\u00edn\u201d, ubicado en prolongaci\u00f3n de bulevar Alvear en barrio Evita de nuestra ciudad. El objetivo principal del proyecto es [&hellip;]\" \/>\n<meta property=\"og:url\" content=\"http:\/\/elregionalvm.com.ar\/noticias-villa-maria\/concejo-deliberante-aprobaron-llamar-a-licitacion-para-restaurar-y-poner-en-valor-el-gabin\/\" \/>\n<meta property=\"og:site_name\" content=\"El Regional\" \/>\n<meta property=\"article:publisher\" content=\"https:\/\/www.facebook.com\/elregionalvm\" \/>\n<meta property=\"article:published_time\" content=\"2021-07-23T01:53:25+00:00\" \/>\n<meta property=\"article:modified_time\" content=\"2021-07-23T01:53:26+00:00\" \/>\n<meta property=\"og:image\" content=\"http:\/\/elregionalvm.com.ar\/noticias-villa-maria\/wp-content\/uploads\/2020\/12\/concejo-deliberante-villamariense.png\" \/>\n\t<meta property=\"og:image:width\" content=\"914\" \/>\n\t<meta property=\"og:image:height\" content=\"591\" \/>\n\t<meta property=\"og:image:type\" content=\"image\/png\" \/>\n<meta name=\"author\" content=\"Contenidos El Regional\" \/>\n<meta name=\"twitter:card\" content=\"summary_large_image\" \/>\n<meta name=\"twitter:creator\" content=\"@elregionalvm1\" \/>\n<meta name=\"twitter:site\" content=\"@elregionalvm1\" \/>\n<meta name=\"twitter:label1\" content=\"Escrito por\" \/>\n\t<meta name=\"twitter:data1\" content=\"Contenidos El Regional\" \/>\n\t<meta name=\"twitter:label2\" content=\"Tiempo de lectura\" \/>\n\t<meta name=\"twitter:data2\" content=\"2 minutos\" \/>\n<script type=\"application\/ld+json\" class=\"yoast-schema-graph\">{\"@context\":\"https:\/\/schema.org\",\"@graph\":[{\"@type\":\"Article\",\"@id\":\"http:\/\/elregionalvm.com.ar\/noticias-villa-maria\/concejo-deliberante-aprobaron-llamar-a-licitacion-para-restaurar-y-poner-en-valor-el-gabin\/#article\",\"isPartOf\":{\"@id\":\"http:\/\/elregionalvm.com.ar\/noticias-villa-maria\/concejo-deliberante-aprobaron-llamar-a-licitacion-para-restaurar-y-poner-en-valor-el-gabin\/\"},\"author\":{\"name\":\"Contenidos El Regional\",\"@id\":\"http:\/\/elregionalvm.com.ar\/noticias-villa-maria\/#\/schema\/person\/a0fb9c422317faca23d50163151bc354\"},\"headline\":\"Concejo Deliberante: aprobaron llamar a licitaci\u00f3n para restaurar y poner en valor el \u00abGab\u00edn\u00bb\",\"datePublished\":\"2021-07-23T01:53:25+00:00\",\"dateModified\":\"2021-07-23T01:53:26+00:00\",\"mainEntityOfPage\":{\"@id\":\"http:\/\/elregionalvm.com.ar\/noticias-villa-maria\/concejo-deliberante-aprobaron-llamar-a-licitacion-para-restaurar-y-poner-en-valor-el-gabin\/\"},\"wordCount\":364,\"commentCount\":0,\"image\":{\"@id\":\"http:\/\/elregionalvm.com.ar\/noticias-villa-maria\/concejo-deliberante-aprobaron-llamar-a-licitacion-para-restaurar-y-poner-en-valor-el-gabin\/#primaryimage\"},\"thumbnailUrl\":\"https:\/\/i0.wp.com\/elregionalvm.com.ar\/noticias-villa-maria\/wp-content\/uploads\/2020\/12\/concejo-deliberante-villamariense.png?fit=914%2C591&ssl=1\",\"keywords\":[\"aprobado\",\"Concejo Deliberante\",\"destacado\",\"Gab\u00edn\",\"llamado a licitaci\u00f3n\",\"restauraci\u00f3n y puesta en valor\"],\"articleSection\":[\"Villa Mar\u00eda\"],\"inLanguage\":\"es\",\"potentialAction\":[{\"@type\":\"CommentAction\",\"name\":\"Comment\",\"target\":[\"http:\/\/elregionalvm.com.ar\/noticias-villa-maria\/concejo-deliberante-aprobaron-llamar-a-licitacion-para-restaurar-y-poner-en-valor-el-gabin\/#respond\"]}]},{\"@type\":\"WebPage\",\"@id\":\"http:\/\/elregionalvm.com.ar\/noticias-villa-maria\/concejo-deliberante-aprobaron-llamar-a-licitacion-para-restaurar-y-poner-en-valor-el-gabin\/\",\"url\":\"http:\/\/elregionalvm.com.ar\/noticias-villa-maria\/concejo-deliberante-aprobaron-llamar-a-licitacion-para-restaurar-y-poner-en-valor-el-gabin\/\",\"name\":\"Concejo Deliberante: aprobaron llamar a licitaci\u00f3n para restaurar y poner en valor el \\\"Gab\u00edn\\\" - El Regional\",\"isPartOf\":{\"@id\":\"http:\/\/elregionalvm.com.ar\/noticias-villa-maria\/#website\"},\"primaryImageOfPage\":{\"@id\":\"http:\/\/elregionalvm.com.ar\/noticias-villa-maria\/concejo-deliberante-aprobaron-llamar-a-licitacion-para-restaurar-y-poner-en-valor-el-gabin\/#primaryimage\"},\"image\":{\"@id\":\"http:\/\/elregionalvm.com.ar\/noticias-villa-maria\/concejo-deliberante-aprobaron-llamar-a-licitacion-para-restaurar-y-poner-en-valor-el-gabin\/#primaryimage\"},\"thumbnailUrl\":\"https:\/\/i0.wp.com\/elregionalvm.com.ar\/noticias-villa-maria\/wp-content\/uploads\/2020\/12\/concejo-deliberante-villamariense.png?fit=914%2C591&ssl=1\",\"datePublished\":\"2021-07-23T01:53:25+00:00\",\"dateModified\":\"2021-07-23T01:53:26+00:00\",\"author\":{\"@id\":\"http:\/\/elregionalvm.com.ar\/noticias-villa-maria\/#\/schema\/person\/a0fb9c422317faca23d50163151bc354\"},\"breadcrumb\":{\"@id\":\"http:\/\/elregionalvm.com.ar\/noticias-villa-maria\/concejo-deliberante-aprobaron-llamar-a-licitacion-para-restaurar-y-poner-en-valor-el-gabin\/#breadcrumb\"},\"inLanguage\":\"es\",\"potentialAction\":[{\"@type\":\"ReadAction\",\"target\":[\"http:\/\/elregionalvm.com.ar\/noticias-villa-maria\/concejo-deliberante-aprobaron-llamar-a-licitacion-para-restaurar-y-poner-en-valor-el-gabin\/\"]}]},{\"@type\":\"ImageObject\",\"inLanguage\":\"es\",\"@id\":\"http:\/\/elregionalvm.com.ar\/noticias-villa-maria\/concejo-deliberante-aprobaron-llamar-a-licitacion-para-restaurar-y-poner-en-valor-el-gabin\/#primaryimage\",\"url\":\"https:\/\/i0.wp.com\/elregionalvm.com.ar\/noticias-villa-maria\/wp-content\/uploads\/2020\/12\/concejo-deliberante-villamariense.png?fit=914%2C591&ssl=1\",\"contentUrl\":\"https:\/\/i0.wp.com\/elregionalvm.com.ar\/noticias-villa-maria\/wp-content\/uploads\/2020\/12\/concejo-deliberante-villamariense.png?fit=914%2C591&ssl=1\",\"width\":914,\"height\":591},{\"@type\":\"BreadcrumbList\",\"@id\":\"http:\/\/elregionalvm.com.ar\/noticias-villa-maria\/concejo-deliberante-aprobaron-llamar-a-licitacion-para-restaurar-y-poner-en-valor-el-gabin\/#breadcrumb\",\"itemListElement\":[{\"@type\":\"ListItem\",\"position\":1,\"name\":\"Portada\",\"item\":\"https:\/\/elregionalvm.com.ar\/noticias-villa-maria\/\"},{\"@type\":\"ListItem\",\"position\":2,\"name\":\"Concejo Deliberante: aprobaron llamar a licitaci\u00f3n para restaurar y poner en valor el &#8220;Gab\u00edn&#8221;\"}]},{\"@type\":\"WebSite\",\"@id\":\"http:\/\/elregionalvm.com.ar\/noticias-villa-maria\/#website\",\"url\":\"http:\/\/elregionalvm.com.ar\/noticias-villa-maria\/\",\"name\":\"El Regional\",\"description\":\"Mucho m\u00e1s que informaci\u00f3n\",\"potentialAction\":[{\"@type\":\"SearchAction\",\"target\":{\"@type\":\"EntryPoint\",\"urlTemplate\":\"http:\/\/elregionalvm.com.ar\/noticias-villa-maria\/?s={search_term_string}\"},\"query-input\":{\"@type\":\"PropertyValueSpecification\",\"valueRequired\":true,\"valueName\":\"search_term_string\"}}],\"inLanguage\":\"es\"},{\"@type\":\"Person\",\"@id\":\"http:\/\/elregionalvm.com.ar\/noticias-villa-maria\/#\/schema\/person\/a0fb9c422317faca23d50163151bc354\",\"name\":\"Contenidos El Regional\",\"image\":{\"@type\":\"ImageObject\",\"inLanguage\":\"es\",\"@id\":\"http:\/\/elregionalvm.com.ar\/noticias-villa-maria\/#\/schema\/person\/image\/\",\"url\":\"https:\/\/secure.gravatar.com\/avatar\/265b27cb2209af7bb3a1318f03305787d7981a5cc6e6cd08fe5a4ecdf99d4b48?s=96&d=mm&r=g\",\"contentUrl\":\"https:\/\/secure.gravatar.com\/avatar\/265b27cb2209af7bb3a1318f03305787d7981a5cc6e6cd08fe5a4ecdf99d4b48?s=96&d=mm&r=g\",\"caption\":\"Contenidos El Regional\"},\"url\":\"https:\/\/elregionalvm.com.ar\/noticias-villa-maria\/author\/contenido\/\"}]}<\/script>\n<!-- \/ Yoast SEO plugin. -->","yoast_head_json":{"title":"Concejo Deliberante: aprobaron llamar a licitaci\u00f3n para restaurar y poner en valor el \"Gab\u00edn\" - El Regional","robots":{"index":"index","follow":"follow","max-snippet":"max-snippet:-1","max-image-preview":"max-image-preview:large","max-video-preview":"max-video-preview:-1"},"canonical":"http:\/\/elregionalvm.com.ar\/noticias-villa-maria\/concejo-deliberante-aprobaron-llamar-a-licitacion-para-restaurar-y-poner-en-valor-el-gabin\/","og_locale":"es_ES","og_type":"article","og_title":"Concejo Deliberante: aprobaron llamar a licitaci\u00f3n para restaurar y poner en valor el \"Gab\u00edn\" - El Regional","og_description":"Concejales aprobaron en Segunda Lectura el proyecto por el cual se autoriza al Departamento Ejecutivo Municipal a llamar a Licitaci\u00f3n P\u00fablica para la Restauraci\u00f3n y Puesta en Valor del Ex Edificio de V\u00edas y Obras denominado \u201cGab\u00edn\u201d, ubicado en prolongaci\u00f3n de bulevar Alvear en barrio Evita de nuestra ciudad. El objetivo principal del proyecto es [&hellip;]","og_url":"http:\/\/elregionalvm.com.ar\/noticias-villa-maria\/concejo-deliberante-aprobaron-llamar-a-licitacion-para-restaurar-y-poner-en-valor-el-gabin\/","og_site_name":"El Regional","article_publisher":"https:\/\/www.facebook.com\/elregionalvm","article_published_time":"2021-07-23T01:53:25+00:00","article_modified_time":"2021-07-23T01:53:26+00:00","og_image":[{"width":914,"height":591,"url":"http:\/\/elregionalvm.com.ar\/noticias-villa-maria\/wp-content\/uploads\/2020\/12\/concejo-deliberante-villamariense.png","type":"image\/png"}],"author":"Contenidos El Regional","twitter_card":"summary_large_image","twitter_creator":"@elregionalvm1","twitter_site":"@elregionalvm1","twitter_misc":{"Escrito por":"Contenidos El Regional","Tiempo de lectura":"2 minutos"},"schema":{"@context":"https:\/\/schema.org","@graph":[{"@type":"Article","@id":"http:\/\/elregionalvm.com.ar\/noticias-villa-maria\/concejo-deliberante-aprobaron-llamar-a-licitacion-para-restaurar-y-poner-en-valor-el-gabin\/#article","isPartOf":{"@id":"http:\/\/elregionalvm.com.ar\/noticias-villa-maria\/concejo-deliberante-aprobaron-llamar-a-licitacion-para-restaurar-y-poner-en-valor-el-gabin\/"},"author":{"name":"Contenidos El Regional","@id":"http:\/\/elregionalvm.com.ar\/noticias-villa-maria\/#\/schema\/person\/a0fb9c422317faca23d50163151bc354"},"headline":"Concejo Deliberante: aprobaron llamar a licitaci\u00f3n para restaurar y poner en valor el \u00abGab\u00edn\u00bb","datePublished":"2021-07-23T01:53:25+00:00","dateModified":"2021-07-23T01:53:26+00:00","mainEntityOfPage":{"@id":"http:\/\/elregionalvm.com.ar\/noticias-villa-maria\/concejo-deliberante-aprobaron-llamar-a-licitacion-para-restaurar-y-poner-en-valor-el-gabin\/"},"wordCount":364,"commentCount":0,"image":{"@id":"http:\/\/elregionalvm.com.ar\/noticias-villa-maria\/concejo-deliberante-aprobaron-llamar-a-licitacion-para-restaurar-y-poner-en-valor-el-gabin\/#primaryimage"},"thumbnailUrl":"https:\/\/i0.wp.com\/elregionalvm.com.ar\/noticias-villa-maria\/wp-content\/uploads\/2020\/12\/concejo-deliberante-villamariense.png?fit=914%2C591&ssl=1","keywords":["aprobado","Concejo Deliberante","destacado","Gab\u00edn","llamado a licitaci\u00f3n","restauraci\u00f3n y puesta en valor"],"articleSection":["Villa Mar\u00eda"],"inLanguage":"es","potentialAction":[{"@type":"CommentAction","name":"Comment","target":["http:\/\/elregionalvm.com.ar\/noticias-villa-maria\/concejo-deliberante-aprobaron-llamar-a-licitacion-para-restaurar-y-poner-en-valor-el-gabin\/#respond"]}]},{"@type":"WebPage","@id":"http:\/\/elregionalvm.com.ar\/noticias-villa-maria\/concejo-deliberante-aprobaron-llamar-a-licitacion-para-restaurar-y-poner-en-valor-el-gabin\/","url":"http:\/\/elregionalvm.com.ar\/noticias-villa-maria\/concejo-deliberante-aprobaron-llamar-a-licitacion-para-restaurar-y-poner-en-valor-el-gabin\/","name":"Concejo Deliberante: aprobaron llamar a licitaci\u00f3n para restaurar y poner en valor el \"Gab\u00edn\" - El Regional","isPartOf":{"@id":"http:\/\/elregionalvm.com.ar\/noticias-villa-maria\/#website"},"primaryImageOfPage":{"@id":"http:\/\/elregionalvm.com.ar\/noticias-villa-maria\/concejo-deliberante-aprobaron-llamar-a-licitacion-para-restaurar-y-poner-en-valor-el-gabin\/#primaryimage"},"image":{"@id":"http:\/\/elregionalvm.com.ar\/noticias-villa-maria\/concejo-deliberante-aprobaron-llamar-a-licitacion-para-restaurar-y-poner-en-valor-el-gabin\/#primaryimage"},"thumbnailUrl":"https:\/\/i0.wp.com\/elregionalvm.com.ar\/noticias-villa-maria\/wp-content\/uploads\/2020\/12\/concejo-deliberante-villamariense.png?fit=914%2C591&ssl=1","datePublished":"2021-07-23T01:53:25+00:00","dateModified":"2021-07-23T01:53:26+00:00","author":{"@id":"http:\/\/elregionalvm.com.ar\/noticias-villa-maria\/#\/schema\/person\/a0fb9c422317faca23d50163151bc354"},"breadcrumb":{"@id":"http:\/\/elregionalvm.com.ar\/noticias-villa-maria\/concejo-deliberante-aprobaron-llamar-a-licitacion-para-restaurar-y-poner-en-valor-el-gabin\/#breadcrumb"},"inLanguage":"es","potentialAction":[{"@type":"ReadAction","target":["http:\/\/elregionalvm.com.ar\/noticias-villa-maria\/concejo-deliberante-aprobaron-llamar-a-licitacion-para-restaurar-y-poner-en-valor-el-gabin\/"]}]},{"@type":"ImageObject","inLanguage":"es","@id":"http:\/\/elregionalvm.com.ar\/noticias-villa-maria\/concejo-deliberante-aprobaron-llamar-a-licitacion-para-restaurar-y-poner-en-valor-el-gabin\/#primaryimage","url":"https:\/\/i0.wp.com\/elregionalvm.com.ar\/noticias-villa-maria\/wp-content\/uploads\/2020\/12\/concejo-deliberante-villamariense.png?fit=914%2C591&ssl=1","contentUrl":"https:\/\/i0.wp.com\/elregionalvm.com.ar\/noticias-villa-maria\/wp-content\/uploads\/2020\/12\/concejo-deliberante-villamariense.png?fit=914%2C591&ssl=1","width":914,"height":591},{"@type":"BreadcrumbList","@id":"http:\/\/elregionalvm.com.ar\/noticias-villa-maria\/concejo-deliberante-aprobaron-llamar-a-licitacion-para-restaurar-y-poner-en-valor-el-gabin\/#breadcrumb","itemListElement":[{"@type":"ListItem","position":1,"name":"Portada","item":"https:\/\/elregionalvm.com.ar\/noticias-villa-maria\/"},{"@type":"ListItem","position":2,"name":"Concejo Deliberante: aprobaron llamar a licitaci\u00f3n para restaurar y poner en valor el &#8220;Gab\u00edn&#8221;"}]},{"@type":"WebSite","@id":"http:\/\/elregionalvm.com.ar\/noticias-villa-maria\/#website","url":"http:\/\/elregionalvm.com.ar\/noticias-villa-maria\/","name":"El Regional","description":"Mucho m\u00e1s que informaci\u00f3n","potentialAction":[{"@type":"SearchAction","target":{"@type":"EntryPoint","urlTemplate":"http:\/\/elregionalvm.com.ar\/noticias-villa-maria\/?s={search_term_string}"},"query-input":{"@type":"PropertyValueSpecification","valueRequired":true,"valueName":"search_term_string"}}],"inLanguage":"es"},{"@type":"Person","@id":"http:\/\/elregionalvm.com.ar\/noticias-villa-maria\/#\/schema\/person\/a0fb9c422317faca23d50163151bc354","name":"Contenidos El Regional","image":{"@type":"ImageObject","inLanguage":"es","@id":"http:\/\/elregionalvm.com.ar\/noticias-villa-maria\/#\/schema\/person\/image\/","url":"https:\/\/secure.gravatar.com\/avatar\/265b27cb2209af7bb3a1318f03305787d7981a5cc6e6cd08fe5a4ecdf99d4b48?s=96&d=mm&r=g","contentUrl":"https:\/\/secure.gravatar.com\/avatar\/265b27cb2209af7bb3a1318f03305787d7981a5cc6e6cd08fe5a4ecdf99d4b48?s=96&d=mm&r=g","caption":"Contenidos El Regional"},"url":"https:\/\/elregionalvm.com.ar\/noticias-villa-maria\/author\/contenido\/"}]}},"jetpack_featured_media_url":"https:\/\/i0.wp.com\/elregionalvm.com.ar\/noticias-villa-maria\/wp-content\/uploads\/2020\/12\/concejo-deliberante-villamariense.png?fit=914%2C591&ssl=1","jetpack_sharing_enabled":true,"_links":{"self":[{"href":"https:\/\/elregionalvm.com.ar\/noticias-villa-maria\/wp-json\/wp\/v2\/posts\/41405","targetHints":{"allow":["GET"]}}],"collection":[{"href":"https:\/\/elregionalvm.com.ar\/noticias-villa-maria\/wp-json\/wp\/v2\/posts"}],"about":[{"href":"https:\/\/elregionalvm.com.ar\/noticias-villa-maria\/wp-json\/wp\/v2\/types\/post"}],"author":[{"embeddable":true,"href":"https:\/\/elregionalvm.com.ar\/noticias-villa-maria\/wp-json\/wp\/v2\/users\/4"}],"replies":[{"embeddable":true,"href":"https:\/\/elregionalvm.com.ar\/noticias-villa-maria\/wp-json\/wp\/v2\/comments?post=41405"}],"version-history":[{"count":1,"href":"https:\/\/elregionalvm.com.ar\/noticias-villa-maria\/wp-json\/wp\/v2\/posts\/41405\/revisions"}],"predecessor-version":[{"id":41406,"href":"https:\/\/elregionalvm.com.ar\/noticias-villa-maria\/wp-json\/wp\/v2\/posts\/41405\/revisions\/41406"}],"wp:featuredmedia":[{"embeddable":true,"href":"https:\/\/elregionalvm.com.ar\/noticias-villa-maria\/wp-json\/wp\/v2\/media\/28618"}],"wp:attachment":[{"href":"https:\/\/elregionalvm.com.ar\/noticias-villa-maria\/wp-json\/wp\/v2\/media?parent=41405"}],"wp:term":[{"taxonomy":"category","embeddable":true,"href":"https:\/\/elregionalvm.com.ar\/noticias-villa-maria\/wp-json\/wp\/v2\/categories?post=41405"},{"taxonomy":"post_tag","embeddable":true,"href":"https:\/\/elregionalvm.com.ar\/noticias-villa-maria\/wp-json\/wp\/v2\/tags?post=41405"}],"curies":[{"name":"wp","href":"https:\/\/api.w.org\/{rel}","templated":true}]}}