{"id":41425,"date":"2021-07-23T15:32:24","date_gmt":"2021-07-23T15:32:24","guid":{"rendered":"https:\/\/elregionalvm.com.ar\/noticias-villa-maria\/?p=41425"},"modified":"2021-07-23T16:04:47","modified_gmt":"2021-07-23T16:04:47","slug":"a-no-olvidarse-el-carne-habra-que-estar-vacunado-para-ingresar-a-locales-gastronomicos","status":"publish","type":"post","link":"https:\/\/elregionalvm.com.ar\/noticias-villa-maria\/a-no-olvidarse-el-carne-habra-que-estar-vacunado-para-ingresar-a-locales-gastronomicos\/","title":{"rendered":"\u00a1A no olvidarse el carn\u00e9! Habr\u00e1 que estar vacunado para ingresar a locales gastron\u00f3micos"},"content":{"rendered":"\n<p><\/p>\n\n\n\n<p>A partir del primer d\u00eda de agosto, quienes quieran ingresar a un espacio gastron\u00f3mico o sal\u00f3n de eventos deber\u00e1n presentar constancia de estar vacunados contra el covid o de haber sido dados de alta de la enfermedad con fecha no mayor a tres meses.<\/p>\n\n\n\n<p>As\u00ed lo establece un proyecto de ordenanza que el oficialismo present\u00f3 en el Concejo Deliberante y ser\u00e1 tratado la semana pr\u00f3xima en el recinto.<\/p>\n\n\n\n<p>La iniciativa busca que los propietarios de locales gastron\u00f3micos, bares, restaurantes, resto bar, pubs y salones de eventos requieran a sus clientes \u201cla exhibici\u00f3n del Certificado de Vacunaci\u00f3n Covid de la app Mi Argentina o bien la constancia de alta de la enfermedad con fecha no mayor a los tres meses, para el ingreso y permanencia, ya sea en mesas ubicadas en el exterior como en el interior de los locales\u201d.<\/p>\n\n\n\n<p>En este sentido, se prev\u00e9 que los titulares de esta clase de comercios deber\u00e1n solicitar para permitir el ingreso al local a mayores de 18 a\u00f1os, el certificado de vacunaci\u00f3n y el DNI del ingresante.<\/p>\n\n\n\n<p>\u201cCon la aprobaci\u00f3n de esta ordenanza las personas que se encuentren inoculadas tendr\u00e1n preferencia en el ingreso a locales gastron\u00f3micos, alentando a nuestros vecinos a inscribirse a los efectos de que pronto podamos dejar atr\u00e1s esta pandemia que tanto sufrimiento nos ha generado\u201d, fundament\u00f3 el bloque Hacemos por C\u00f3rdoba.<\/p>\n\n\n\n<p><strong>Sanciones y protocolos<\/strong><\/p>\n\n\n\n<p>La normativa establece que los propietarios que no cumplan con lo dispuesta puedan recibir \u201clas sanciones que establece la Ordenanza N\u00ba 7.492 y la clausura provisoria del lugar\u201d.<\/p>\n\n\n\n<p>Adem\u00e1s, se aclara que \u201cen ning\u00fan caso deber\u00e1 superarse el factor de ocupaci\u00f3n permitido y habilitado para cada local comercial mientras dure el Estado de Emergencia Sanitaria en la ciudad\u201d.<\/p>\n\n\n\n<p>Esta medida, que seguramente originar\u00e1 apoyos y rechazos en la sociedad, va en sinton\u00eda con propuestas similares planteadas en distintos puntos del pa\u00eds y la provincia.<\/p>\n","protected":false},"excerpt":{"rendered":"<p>A partir del primer d\u00eda de agosto, quienes quieran ingresar a un espacio gastron\u00f3mico o sal\u00f3n de eventos deber\u00e1n presentar constancia de estar vacunados contra el covid o de haber sido dados de alta de la enfermedad con fecha no mayor a tres meses. As\u00ed lo establece un proyecto de ordenanza que el oficialismo present\u00f3 [&hellip;]<\/p>\n","protected":false},"author":4,"featured_media":35630,"comment_status":"open","ping_status":"open","sticky":false,"template":"","format":"standard","meta":{"site-sidebar-layout":"default","site-content-layout":"default","ast-site-content-layout":"default","site-content-style":"default","site-sidebar-style":"default","ast-global-header-display":"","ast-banner-title-visibility":"","ast-main-header-display":"","ast-hfb-above-header-display":"","ast-hfb-below-header-display":"","ast-hfb-mobile-header-display":"","site-post-title":"","ast-breadcrumbs-content":"","ast-featured-img":"","footer-sml-layout":"","ast-disable-related-posts":"","theme-transparent-header-meta":"default","adv-header-id-meta":"","stick-header-meta":"","header-above-stick-meta":"","header-main-stick-meta":"","header-below-stick-meta":"","astra-migrate-meta-layouts":"default","ast-page-background-enabled":"default","ast-page-background-meta":{"desktop":{"background-color":"","background-image":"","background-repeat":"repeat","background-position":"center center","background-size":"auto","background-attachment":"scroll","background-type":"","background-media":"","overlay-type":"","overlay-color":"","overlay-opacity":"","overlay-gradient":""},"tablet":{"background-color":"","background-image":"","background-repeat":"repeat","background-position":"center center","background-size":"auto","background-attachment":"scroll","background-type":"","background-media":"","overlay-type":"","overlay-color":"","overlay-opacity":"","overlay-gradient":""},"mobile":{"background-color":"","background-image":"","background-repeat":"repeat","background-position":"center center","background-size":"auto","background-attachment":"scroll","background-type":"","background-media":"","overlay-type":"","overlay-color":"","overlay-opacity":"","overlay-gradient":""}},"ast-content-background-meta":{"desktop":{"background-color":"var(--ast-global-color-5)","background-image":"","background-repeat":"repeat","background-position":"center center","background-size":"auto","background-attachment":"scroll","background-type":"","background-media":"","overlay-type":"","overlay-color":"","overlay-opacity":"","overlay-gradient":""},"tablet":{"background-color":"var(--ast-global-color-5)","background-image":"","background-repeat":"repeat","background-position":"center center","background-size":"auto","background-attachment":"scroll","background-type":"","background-media":"","overlay-type":"","overlay-color":"","overlay-opacity":"","overlay-gradient":""},"mobile":{"background-color":"var(--ast-global-color-5)","background-image":"","background-repeat":"repeat","background-position":"center center","background-size":"auto","background-attachment":"scroll","background-type":"","background-media":"","overlay-type":"","overlay-color":"","overlay-opacity":"","overlay-gradient":""}},"_jetpack_memberships_contains_paid_content":false,"_joinchat":[],"footnotes":""},"categories":[2256,2],"tags":[10167,1597,2865,1232,2214,1998,2596,7285],"class_list":["post-41425","post","type-post","status-publish","format-standard","has-post-thumbnail","hentry","category-coronavirus","category-villa-maria","tag-certificado","tag-concejo-deliberante","tag-covid-19-2","tag-destacado","tag-locales-gastronomicos","tag-pandemia","tag-proyecto-de-ordenanza","tag-vacunacion-covid"],"yoast_head":"<!-- This site is optimized with the Yoast SEO plugin v26.8 - https:\/\/yoast.com\/product\/yoast-seo-wordpress\/ -->\n<title>\u00a1A no olvidarse el carn\u00e9! Habr\u00e1 que estar vacunado para ingresar a locales gastron\u00f3micos - El Regional<\/title>\n<meta name=\"description\" content=\"Quienes quieran ingresar a un espacio gastron\u00f3mico o sal\u00f3n de eventos deber\u00e1n presentar constancia de estar vacunados contra el covid.\" \/>\n<meta name=\"robots\" content=\"index, follow, max-snippet:-1, max-image-preview:large, max-video-preview:-1\" \/>\n<link rel=\"canonical\" href=\"http:\/\/elregionalvm.com.ar\/noticias-villa-maria\/a-no-olvidarse-el-carne-habra-que-estar-vacunado-para-ingresar-a-locales-gastronomicos\/\" \/>\n<meta property=\"og:locale\" content=\"es_ES\" \/>\n<meta property=\"og:type\" content=\"article\" \/>\n<meta property=\"og:title\" content=\"\u00a1A no olvidarse el carn\u00e9! Habr\u00e1 que estar vacunado para ingresar a locales gastron\u00f3micos - El Regional\" \/>\n<meta property=\"og:description\" content=\"Quienes quieran ingresar a un espacio gastron\u00f3mico o sal\u00f3n de eventos deber\u00e1n presentar constancia de estar vacunados contra el covid.\" \/>\n<meta property=\"og:url\" content=\"http:\/\/elregionalvm.com.ar\/noticias-villa-maria\/a-no-olvidarse-el-carne-habra-que-estar-vacunado-para-ingresar-a-locales-gastronomicos\/\" \/>\n<meta property=\"og:site_name\" content=\"El Regional\" \/>\n<meta property=\"article:publisher\" content=\"https:\/\/www.facebook.com\/elregionalvm\" \/>\n<meta property=\"article:published_time\" content=\"2021-07-23T15:32:24+00:00\" \/>\n<meta property=\"article:modified_time\" content=\"2021-07-23T16:04:47+00:00\" \/>\n<meta property=\"og:image\" content=\"http:\/\/elregionalvm.com.ar\/noticias-villa-maria\/wp-content\/uploads\/2021\/04\/Bar-Argentino-ilustrativa-1.jpg\" \/>\n\t<meta property=\"og:image:width\" content=\"1004\" \/>\n\t<meta property=\"og:image:height\" content=\"638\" \/>\n\t<meta property=\"og:image:type\" content=\"image\/jpeg\" \/>\n<meta name=\"author\" content=\"Contenidos El Regional\" \/>\n<meta name=\"twitter:card\" content=\"summary_large_image\" \/>\n<meta name=\"twitter:creator\" content=\"@elregionalvm1\" \/>\n<meta name=\"twitter:site\" content=\"@elregionalvm1\" \/>\n<meta name=\"twitter:label1\" content=\"Escrito por\" \/>\n\t<meta name=\"twitter:data1\" content=\"Contenidos El Regional\" \/>\n\t<meta name=\"twitter:label2\" content=\"Tiempo de lectura\" \/>\n\t<meta name=\"twitter:data2\" content=\"2 minutos\" \/>\n<script type=\"application\/ld+json\" class=\"yoast-schema-graph\">{\"@context\":\"https:\/\/schema.org\",\"@graph\":[{\"@type\":\"Article\",\"@id\":\"http:\/\/elregionalvm.com.ar\/noticias-villa-maria\/a-no-olvidarse-el-carne-habra-que-estar-vacunado-para-ingresar-a-locales-gastronomicos\/#article\",\"isPartOf\":{\"@id\":\"http:\/\/elregionalvm.com.ar\/noticias-villa-maria\/a-no-olvidarse-el-carne-habra-que-estar-vacunado-para-ingresar-a-locales-gastronomicos\/\"},\"author\":{\"name\":\"Contenidos El Regional\",\"@id\":\"http:\/\/elregionalvm.com.ar\/noticias-villa-maria\/#\/schema\/person\/a0fb9c422317faca23d50163151bc354\"},\"headline\":\"\u00a1A no olvidarse el carn\u00e9! Habr\u00e1 que estar vacunado para ingresar a locales gastron\u00f3micos\",\"datePublished\":\"2021-07-23T15:32:24+00:00\",\"dateModified\":\"2021-07-23T16:04:47+00:00\",\"mainEntityOfPage\":{\"@id\":\"http:\/\/elregionalvm.com.ar\/noticias-villa-maria\/a-no-olvidarse-el-carne-habra-que-estar-vacunado-para-ingresar-a-locales-gastronomicos\/\"},\"wordCount\":344,\"commentCount\":0,\"image\":{\"@id\":\"http:\/\/elregionalvm.com.ar\/noticias-villa-maria\/a-no-olvidarse-el-carne-habra-que-estar-vacunado-para-ingresar-a-locales-gastronomicos\/#primaryimage\"},\"thumbnailUrl\":\"https:\/\/i0.wp.com\/elregionalvm.com.ar\/noticias-villa-maria\/wp-content\/uploads\/2021\/04\/Bar-Argentino-ilustrativa-1.jpg?fit=1004%2C638&ssl=1\",\"keywords\":[\"certificado\",\"Concejo Deliberante\",\"Covid 19\",\"destacado\",\"Locales gastron\u00f3micos\",\"pandemia\",\"Proyecto de Ordenanza\",\"vacunaci\u00f3n Covid\"],\"articleSection\":[\"Coronavirus\",\"Villa Mar\u00eda\"],\"inLanguage\":\"es\",\"potentialAction\":[{\"@type\":\"CommentAction\",\"name\":\"Comment\",\"target\":[\"http:\/\/elregionalvm.com.ar\/noticias-villa-maria\/a-no-olvidarse-el-carne-habra-que-estar-vacunado-para-ingresar-a-locales-gastronomicos\/#respond\"]}]},{\"@type\":\"WebPage\",\"@id\":\"http:\/\/elregionalvm.com.ar\/noticias-villa-maria\/a-no-olvidarse-el-carne-habra-que-estar-vacunado-para-ingresar-a-locales-gastronomicos\/\",\"url\":\"http:\/\/elregionalvm.com.ar\/noticias-villa-maria\/a-no-olvidarse-el-carne-habra-que-estar-vacunado-para-ingresar-a-locales-gastronomicos\/\",\"name\":\"\u00a1A no olvidarse el carn\u00e9! Habr\u00e1 que estar vacunado para ingresar a locales gastron\u00f3micos - El Regional\",\"isPartOf\":{\"@id\":\"http:\/\/elregionalvm.com.ar\/noticias-villa-maria\/#website\"},\"primaryImageOfPage\":{\"@id\":\"http:\/\/elregionalvm.com.ar\/noticias-villa-maria\/a-no-olvidarse-el-carne-habra-que-estar-vacunado-para-ingresar-a-locales-gastronomicos\/#primaryimage\"},\"image\":{\"@id\":\"http:\/\/elregionalvm.com.ar\/noticias-villa-maria\/a-no-olvidarse-el-carne-habra-que-estar-vacunado-para-ingresar-a-locales-gastronomicos\/#primaryimage\"},\"thumbnailUrl\":\"https:\/\/i0.wp.com\/elregionalvm.com.ar\/noticias-villa-maria\/wp-content\/uploads\/2021\/04\/Bar-Argentino-ilustrativa-1.jpg?fit=1004%2C638&ssl=1\",\"datePublished\":\"2021-07-23T15:32:24+00:00\",\"dateModified\":\"2021-07-23T16:04:47+00:00\",\"author\":{\"@id\":\"http:\/\/elregionalvm.com.ar\/noticias-villa-maria\/#\/schema\/person\/a0fb9c422317faca23d50163151bc354\"},\"description\":\"Quienes quieran ingresar a un espacio gastron\u00f3mico o sal\u00f3n de eventos deber\u00e1n presentar constancia de estar vacunados contra el covid.\",\"breadcrumb\":{\"@id\":\"http:\/\/elregionalvm.com.ar\/noticias-villa-maria\/a-no-olvidarse-el-carne-habra-que-estar-vacunado-para-ingresar-a-locales-gastronomicos\/#breadcrumb\"},\"inLanguage\":\"es\",\"potentialAction\":[{\"@type\":\"ReadAction\",\"target\":[\"http:\/\/elregionalvm.com.ar\/noticias-villa-maria\/a-no-olvidarse-el-carne-habra-que-estar-vacunado-para-ingresar-a-locales-gastronomicos\/\"]}]},{\"@type\":\"ImageObject\",\"inLanguage\":\"es\",\"@id\":\"http:\/\/elregionalvm.com.ar\/noticias-villa-maria\/a-no-olvidarse-el-carne-habra-que-estar-vacunado-para-ingresar-a-locales-gastronomicos\/#primaryimage\",\"url\":\"https:\/\/i0.wp.com\/elregionalvm.com.ar\/noticias-villa-maria\/wp-content\/uploads\/2021\/04\/Bar-Argentino-ilustrativa-1.jpg?fit=1004%2C638&ssl=1\",\"contentUrl\":\"https:\/\/i0.wp.com\/elregionalvm.com.ar\/noticias-villa-maria\/wp-content\/uploads\/2021\/04\/Bar-Argentino-ilustrativa-1.jpg?fit=1004%2C638&ssl=1\",\"width\":1004,\"height\":638},{\"@type\":\"BreadcrumbList\",\"@id\":\"http:\/\/elregionalvm.com.ar\/noticias-villa-maria\/a-no-olvidarse-el-carne-habra-que-estar-vacunado-para-ingresar-a-locales-gastronomicos\/#breadcrumb\",\"itemListElement\":[{\"@type\":\"ListItem\",\"position\":1,\"name\":\"Portada\",\"item\":\"https:\/\/elregionalvm.com.ar\/noticias-villa-maria\/\"},{\"@type\":\"ListItem\",\"position\":2,\"name\":\"\u00a1A no olvidarse el carn\u00e9! Habr\u00e1 que estar vacunado para ingresar a locales gastron\u00f3micos\"}]},{\"@type\":\"WebSite\",\"@id\":\"http:\/\/elregionalvm.com.ar\/noticias-villa-maria\/#website\",\"url\":\"http:\/\/elregionalvm.com.ar\/noticias-villa-maria\/\",\"name\":\"El Regional\",\"description\":\"Mucho m\u00e1s que informaci\u00f3n\",\"potentialAction\":[{\"@type\":\"SearchAction\",\"target\":{\"@type\":\"EntryPoint\",\"urlTemplate\":\"http:\/\/elregionalvm.com.ar\/noticias-villa-maria\/?s={search_term_string}\"},\"query-input\":{\"@type\":\"PropertyValueSpecification\",\"valueRequired\":true,\"valueName\":\"search_term_string\"}}],\"inLanguage\":\"es\"},{\"@type\":\"Person\",\"@id\":\"http:\/\/elregionalvm.com.ar\/noticias-villa-maria\/#\/schema\/person\/a0fb9c422317faca23d50163151bc354\",\"name\":\"Contenidos El Regional\",\"image\":{\"@type\":\"ImageObject\",\"inLanguage\":\"es\",\"@id\":\"http:\/\/elregionalvm.com.ar\/noticias-villa-maria\/#\/schema\/person\/image\/\",\"url\":\"https:\/\/secure.gravatar.com\/avatar\/265b27cb2209af7bb3a1318f03305787d7981a5cc6e6cd08fe5a4ecdf99d4b48?s=96&d=mm&r=g\",\"contentUrl\":\"https:\/\/secure.gravatar.com\/avatar\/265b27cb2209af7bb3a1318f03305787d7981a5cc6e6cd08fe5a4ecdf99d4b48?s=96&d=mm&r=g\",\"caption\":\"Contenidos El Regional\"},\"url\":\"https:\/\/elregionalvm.com.ar\/noticias-villa-maria\/author\/contenido\/\"}]}<\/script>\n<!-- \/ Yoast SEO plugin. -->","yoast_head_json":{"title":"\u00a1A no olvidarse el carn\u00e9! Habr\u00e1 que estar vacunado para ingresar a locales gastron\u00f3micos - El Regional","description":"Quienes quieran ingresar a un espacio gastron\u00f3mico o sal\u00f3n de eventos deber\u00e1n presentar constancia de estar vacunados contra el covid.","robots":{"index":"index","follow":"follow","max-snippet":"max-snippet:-1","max-image-preview":"max-image-preview:large","max-video-preview":"max-video-preview:-1"},"canonical":"http:\/\/elregionalvm.com.ar\/noticias-villa-maria\/a-no-olvidarse-el-carne-habra-que-estar-vacunado-para-ingresar-a-locales-gastronomicos\/","og_locale":"es_ES","og_type":"article","og_title":"\u00a1A no olvidarse el carn\u00e9! Habr\u00e1 que estar vacunado para ingresar a locales gastron\u00f3micos - El Regional","og_description":"Quienes quieran ingresar a un espacio gastron\u00f3mico o sal\u00f3n de eventos deber\u00e1n presentar constancia de estar vacunados contra el covid.","og_url":"http:\/\/elregionalvm.com.ar\/noticias-villa-maria\/a-no-olvidarse-el-carne-habra-que-estar-vacunado-para-ingresar-a-locales-gastronomicos\/","og_site_name":"El Regional","article_publisher":"https:\/\/www.facebook.com\/elregionalvm","article_published_time":"2021-07-23T15:32:24+00:00","article_modified_time":"2021-07-23T16:04:47+00:00","og_image":[{"width":1004,"height":638,"url":"http:\/\/elregionalvm.com.ar\/noticias-villa-maria\/wp-content\/uploads\/2021\/04\/Bar-Argentino-ilustrativa-1.jpg","type":"image\/jpeg"}],"author":"Contenidos El Regional","twitter_card":"summary_large_image","twitter_creator":"@elregionalvm1","twitter_site":"@elregionalvm1","twitter_misc":{"Escrito por":"Contenidos El Regional","Tiempo de lectura":"2 minutos"},"schema":{"@context":"https:\/\/schema.org","@graph":[{"@type":"Article","@id":"http:\/\/elregionalvm.com.ar\/noticias-villa-maria\/a-no-olvidarse-el-carne-habra-que-estar-vacunado-para-ingresar-a-locales-gastronomicos\/#article","isPartOf":{"@id":"http:\/\/elregionalvm.com.ar\/noticias-villa-maria\/a-no-olvidarse-el-carne-habra-que-estar-vacunado-para-ingresar-a-locales-gastronomicos\/"},"author":{"name":"Contenidos El Regional","@id":"http:\/\/elregionalvm.com.ar\/noticias-villa-maria\/#\/schema\/person\/a0fb9c422317faca23d50163151bc354"},"headline":"\u00a1A no olvidarse el carn\u00e9! Habr\u00e1 que estar vacunado para ingresar a locales gastron\u00f3micos","datePublished":"2021-07-23T15:32:24+00:00","dateModified":"2021-07-23T16:04:47+00:00","mainEntityOfPage":{"@id":"http:\/\/elregionalvm.com.ar\/noticias-villa-maria\/a-no-olvidarse-el-carne-habra-que-estar-vacunado-para-ingresar-a-locales-gastronomicos\/"},"wordCount":344,"commentCount":0,"image":{"@id":"http:\/\/elregionalvm.com.ar\/noticias-villa-maria\/a-no-olvidarse-el-carne-habra-que-estar-vacunado-para-ingresar-a-locales-gastronomicos\/#primaryimage"},"thumbnailUrl":"https:\/\/i0.wp.com\/elregionalvm.com.ar\/noticias-villa-maria\/wp-content\/uploads\/2021\/04\/Bar-Argentino-ilustrativa-1.jpg?fit=1004%2C638&ssl=1","keywords":["certificado","Concejo Deliberante","Covid 19","destacado","Locales gastron\u00f3micos","pandemia","Proyecto de Ordenanza","vacunaci\u00f3n Covid"],"articleSection":["Coronavirus","Villa Mar\u00eda"],"inLanguage":"es","potentialAction":[{"@type":"CommentAction","name":"Comment","target":["http:\/\/elregionalvm.com.ar\/noticias-villa-maria\/a-no-olvidarse-el-carne-habra-que-estar-vacunado-para-ingresar-a-locales-gastronomicos\/#respond"]}]},{"@type":"WebPage","@id":"http:\/\/elregionalvm.com.ar\/noticias-villa-maria\/a-no-olvidarse-el-carne-habra-que-estar-vacunado-para-ingresar-a-locales-gastronomicos\/","url":"http:\/\/elregionalvm.com.ar\/noticias-villa-maria\/a-no-olvidarse-el-carne-habra-que-estar-vacunado-para-ingresar-a-locales-gastronomicos\/","name":"\u00a1A no olvidarse el carn\u00e9! Habr\u00e1 que estar vacunado para ingresar a locales gastron\u00f3micos - El Regional","isPartOf":{"@id":"http:\/\/elregionalvm.com.ar\/noticias-villa-maria\/#website"},"primaryImageOfPage":{"@id":"http:\/\/elregionalvm.com.ar\/noticias-villa-maria\/a-no-olvidarse-el-carne-habra-que-estar-vacunado-para-ingresar-a-locales-gastronomicos\/#primaryimage"},"image":{"@id":"http:\/\/elregionalvm.com.ar\/noticias-villa-maria\/a-no-olvidarse-el-carne-habra-que-estar-vacunado-para-ingresar-a-locales-gastronomicos\/#primaryimage"},"thumbnailUrl":"https:\/\/i0.wp.com\/elregionalvm.com.ar\/noticias-villa-maria\/wp-content\/uploads\/2021\/04\/Bar-Argentino-ilustrativa-1.jpg?fit=1004%2C638&ssl=1","datePublished":"2021-07-23T15:32:24+00:00","dateModified":"2021-07-23T16:04:47+00:00","author":{"@id":"http:\/\/elregionalvm.com.ar\/noticias-villa-maria\/#\/schema\/person\/a0fb9c422317faca23d50163151bc354"},"description":"Quienes quieran ingresar a un espacio gastron\u00f3mico o sal\u00f3n de eventos deber\u00e1n presentar constancia de estar vacunados contra el covid.","breadcrumb":{"@id":"http:\/\/elregionalvm.com.ar\/noticias-villa-maria\/a-no-olvidarse-el-carne-habra-que-estar-vacunado-para-ingresar-a-locales-gastronomicos\/#breadcrumb"},"inLanguage":"es","potentialAction":[{"@type":"ReadAction","target":["http:\/\/elregionalvm.com.ar\/noticias-villa-maria\/a-no-olvidarse-el-carne-habra-que-estar-vacunado-para-ingresar-a-locales-gastronomicos\/"]}]},{"@type":"ImageObject","inLanguage":"es","@id":"http:\/\/elregionalvm.com.ar\/noticias-villa-maria\/a-no-olvidarse-el-carne-habra-que-estar-vacunado-para-ingresar-a-locales-gastronomicos\/#primaryimage","url":"https:\/\/i0.wp.com\/elregionalvm.com.ar\/noticias-villa-maria\/wp-content\/uploads\/2021\/04\/Bar-Argentino-ilustrativa-1.jpg?fit=1004%2C638&ssl=1","contentUrl":"https:\/\/i0.wp.com\/elregionalvm.com.ar\/noticias-villa-maria\/wp-content\/uploads\/2021\/04\/Bar-Argentino-ilustrativa-1.jpg?fit=1004%2C638&ssl=1","width":1004,"height":638},{"@type":"BreadcrumbList","@id":"http:\/\/elregionalvm.com.ar\/noticias-villa-maria\/a-no-olvidarse-el-carne-habra-que-estar-vacunado-para-ingresar-a-locales-gastronomicos\/#breadcrumb","itemListElement":[{"@type":"ListItem","position":1,"name":"Portada","item":"https:\/\/elregionalvm.com.ar\/noticias-villa-maria\/"},{"@type":"ListItem","position":2,"name":"\u00a1A no olvidarse el carn\u00e9! Habr\u00e1 que estar vacunado para ingresar a locales gastron\u00f3micos"}]},{"@type":"WebSite","@id":"http:\/\/elregionalvm.com.ar\/noticias-villa-maria\/#website","url":"http:\/\/elregionalvm.com.ar\/noticias-villa-maria\/","name":"El Regional","description":"Mucho m\u00e1s que informaci\u00f3n","potentialAction":[{"@type":"SearchAction","target":{"@type":"EntryPoint","urlTemplate":"http:\/\/elregionalvm.com.ar\/noticias-villa-maria\/?s={search_term_string}"},"query-input":{"@type":"PropertyValueSpecification","valueRequired":true,"valueName":"search_term_string"}}],"inLanguage":"es"},{"@type":"Person","@id":"http:\/\/elregionalvm.com.ar\/noticias-villa-maria\/#\/schema\/person\/a0fb9c422317faca23d50163151bc354","name":"Contenidos El Regional","image":{"@type":"ImageObject","inLanguage":"es","@id":"http:\/\/elregionalvm.com.ar\/noticias-villa-maria\/#\/schema\/person\/image\/","url":"https:\/\/secure.gravatar.com\/avatar\/265b27cb2209af7bb3a1318f03305787d7981a5cc6e6cd08fe5a4ecdf99d4b48?s=96&d=mm&r=g","contentUrl":"https:\/\/secure.gravatar.com\/avatar\/265b27cb2209af7bb3a1318f03305787d7981a5cc6e6cd08fe5a4ecdf99d4b48?s=96&d=mm&r=g","caption":"Contenidos El Regional"},"url":"https:\/\/elregionalvm.com.ar\/noticias-villa-maria\/author\/contenido\/"}]}},"jetpack_featured_media_url":"https:\/\/i0.wp.com\/elregionalvm.com.ar\/noticias-villa-maria\/wp-content\/uploads\/2021\/04\/Bar-Argentino-ilustrativa-1.jpg?fit=1004%2C638&ssl=1","jetpack_sharing_enabled":true,"_links":{"self":[{"href":"https:\/\/elregionalvm.com.ar\/noticias-villa-maria\/wp-json\/wp\/v2\/posts\/41425","targetHints":{"allow":["GET"]}}],"collection":[{"href":"https:\/\/elregionalvm.com.ar\/noticias-villa-maria\/wp-json\/wp\/v2\/posts"}],"about":[{"href":"https:\/\/elregionalvm.com.ar\/noticias-villa-maria\/wp-json\/wp\/v2\/types\/post"}],"author":[{"embeddable":true,"href":"https:\/\/elregionalvm.com.ar\/noticias-villa-maria\/wp-json\/wp\/v2\/users\/4"}],"replies":[{"embeddable":true,"href":"https:\/\/elregionalvm.com.ar\/noticias-villa-maria\/wp-json\/wp\/v2\/comments?post=41425"}],"version-history":[{"count":1,"href":"https:\/\/elregionalvm.com.ar\/noticias-villa-maria\/wp-json\/wp\/v2\/posts\/41425\/revisions"}],"predecessor-version":[{"id":41426,"href":"https:\/\/elregionalvm.com.ar\/noticias-villa-maria\/wp-json\/wp\/v2\/posts\/41425\/revisions\/41426"}],"wp:featuredmedia":[{"embeddable":true,"href":"https:\/\/elregionalvm.com.ar\/noticias-villa-maria\/wp-json\/wp\/v2\/media\/35630"}],"wp:attachment":[{"href":"https:\/\/elregionalvm.com.ar\/noticias-villa-maria\/wp-json\/wp\/v2\/media?parent=41425"}],"wp:term":[{"taxonomy":"category","embeddable":true,"href":"https:\/\/elregionalvm.com.ar\/noticias-villa-maria\/wp-json\/wp\/v2\/categories?post=41425"},{"taxonomy":"post_tag","embeddable":true,"href":"https:\/\/elregionalvm.com.ar\/noticias-villa-maria\/wp-json\/wp\/v2\/tags?post=41425"}],"curies":[{"name":"wp","href":"https:\/\/api.w.org\/{rel}","templated":true}]}}