{"id":41440,"date":"2021-07-23T22:47:04","date_gmt":"2021-07-23T22:47:04","guid":{"rendered":"https:\/\/elregionalvm.com.ar\/noticias-villa-maria\/?p=41440"},"modified":"2021-07-24T22:38:44","modified_gmt":"2021-07-24T22:38:44","slug":"otra-vez-pasamos-el-centenar-de-contagios-y-cerramos-la-semana-con-un-total-de-4-fallecidos","status":"publish","type":"post","link":"https:\/\/elregionalvm.com.ar\/noticias-villa-maria\/otra-vez-pasamos-el-centenar-de-contagios-y-cerramos-la-semana-con-un-total-de-4-fallecidos\/","title":{"rendered":"Otra vez pasamos el centenar de contagios y cerramos la semana con un total de 4 fallecidos"},"content":{"rendered":"\n<p>\u2022 Hasta las 14 horas de este viernes, se registraron 108 nuevos casos de coronavirus y 73 altas m\u00e9dicas definitivas. De esta manera, los casos totales desde el inicio de la pandemia en la ciudad son 17.906, de los cuales 16.822 son personas que lograron recuperarse de la enfermedad.<\/p>\n\n\n\n<p>\u2022 El n\u00famero de personas aisladas se ubica hoy en 1.677, siendo 843 los casos activos. El resto corresponde a contactos estrechos.<\/p>\n\n\n\n<figure class=\"wp-block-gallery columns-2 is-cropped wp-block-gallery-1 is-layout-flex wp-block-gallery-is-layout-flex\"><ul class=\"blocks-gallery-grid\"><li class=\"blocks-gallery-item\"><figure><img data-recalc-dims=\"1\" fetchpriority=\"high\" decoding=\"async\" width=\"1024\" height=\"576\" src=\"https:\/\/i0.wp.com\/elregionalvm.com.ar\/noticias-villa-maria\/wp-content\/uploads\/2021\/07\/WhatsApp-Image-2021-07-23-at-17.24.42.jpeg?resize=1024%2C576&#038;ssl=1\" alt=\"\" data-id=\"41450\" data-full-url=\"https:\/\/elregionalvm.com.ar\/noticias-villa-maria\/wp-content\/uploads\/2021\/07\/WhatsApp-Image-2021-07-23-at-17.24.42.jpeg\" data-link=\"https:\/\/elregionalvm.com.ar\/noticias-villa-maria\/otra-vez-pasamos-el-centenar-de-contagios-y-cerramos-la-semana-con-un-total-de-4-fallecidos\/whatsapp-image-2021-07-23-at-17-24-42\/\" class=\"wp-image-41450\" srcset=\"https:\/\/i0.wp.com\/elregionalvm.com.ar\/noticias-villa-maria\/wp-content\/uploads\/2021\/07\/WhatsApp-Image-2021-07-23-at-17.24.42.jpeg?resize=1024%2C576&amp;ssl=1 1024w, https:\/\/i0.wp.com\/elregionalvm.com.ar\/noticias-villa-maria\/wp-content\/uploads\/2021\/07\/WhatsApp-Image-2021-07-23-at-17.24.42.jpeg?resize=300%2C169&amp;ssl=1 300w, https:\/\/i0.wp.com\/elregionalvm.com.ar\/noticias-villa-maria\/wp-content\/uploads\/2021\/07\/WhatsApp-Image-2021-07-23-at-17.24.42.jpeg?resize=768%2C432&amp;ssl=1 768w, https:\/\/i0.wp.com\/elregionalvm.com.ar\/noticias-villa-maria\/wp-content\/uploads\/2021\/07\/WhatsApp-Image-2021-07-23-at-17.24.42.jpeg?w=1280&amp;ssl=1 1280w\" sizes=\"(max-width: 1000px) 100vw, 1000px\" \/><\/figure><\/li><li class=\"blocks-gallery-item\"><figure><img data-recalc-dims=\"1\" decoding=\"async\" width=\"1024\" height=\"576\" src=\"https:\/\/i0.wp.com\/elregionalvm.com.ar\/noticias-villa-maria\/wp-content\/uploads\/2021\/07\/WhatsApp-Image-2021-07-23-at-17.24.26.jpeg?resize=1024%2C576&#038;ssl=1\" alt=\"\" data-id=\"41451\" data-full-url=\"https:\/\/elregionalvm.com.ar\/noticias-villa-maria\/wp-content\/uploads\/2021\/07\/WhatsApp-Image-2021-07-23-at-17.24.26.jpeg\" data-link=\"https:\/\/elregionalvm.com.ar\/noticias-villa-maria\/otra-vez-pasamos-el-centenar-de-contagios-y-cerramos-la-semana-con-un-total-de-4-fallecidos\/whatsapp-image-2021-07-23-at-17-24-26\/\" class=\"wp-image-41451\" srcset=\"https:\/\/i0.wp.com\/elregionalvm.com.ar\/noticias-villa-maria\/wp-content\/uploads\/2021\/07\/WhatsApp-Image-2021-07-23-at-17.24.26.jpeg?resize=1024%2C576&amp;ssl=1 1024w, https:\/\/i0.wp.com\/elregionalvm.com.ar\/noticias-villa-maria\/wp-content\/uploads\/2021\/07\/WhatsApp-Image-2021-07-23-at-17.24.26.jpeg?resize=300%2C169&amp;ssl=1 300w, https:\/\/i0.wp.com\/elregionalvm.com.ar\/noticias-villa-maria\/wp-content\/uploads\/2021\/07\/WhatsApp-Image-2021-07-23-at-17.24.26.jpeg?resize=768%2C432&amp;ssl=1 768w, https:\/\/i0.wp.com\/elregionalvm.com.ar\/noticias-villa-maria\/wp-content\/uploads\/2021\/07\/WhatsApp-Image-2021-07-23-at-17.24.26.jpeg?w=1280&amp;ssl=1 1280w\" sizes=\"(max-width: 1000px) 100vw, 1000px\" \/><\/figure><\/li><\/ul><\/figure>\n\n\n\n<p>\u2022 Cabe destacar que, en cuanto a la vacunaci\u00f3n contra el Covid, en Villa Mar\u00eda ya son 52.606 las personas vacunadas. Del total de inmunizaciones, 51.541 fueron realizadas por la Secretar\u00eda de Salud del municipio, representando el 98%. El resto de las dosis fueron aplicadas por el Hospital Pasteur.<\/p>\n\n\n\n<p>\u2022 Por otro lado, del total de personas vacunadas, 15.539 corresponden a mayores de 60 a\u00f1os; 14.298 a personas de 18 a 39 a\u00f1os sin factores de riesgo; 10.248 a personas de entre 18 y 59 a\u00f1os con factores de riesgo; 5.956 a personas de 40 a 49 sin factores de riesgo; 2.905 a personal estrat\u00e9gico; 2.168 a personal de salud; 1.302 a personas de 50 a 59 a\u00f1os sin factores de riesgo; 182 a otra patolog\u00eda y 8 por embarazo. Tambi\u00e9n vale la pena decir que sobre las personas vacunadas por grupo de edad, resulta que el mayor n\u00famero de personas vacunadas se dio en el grupo de 40 a 44 a\u00f1os, sigui\u00e9ndole el de 35 a 39 a\u00f1os, luego el de 30 a 34 a\u00f1os, el de 45 a 49 a\u00f1os y el de 25 a 29 a\u00f1os entre los m\u00e1s vacunados.<\/p>\n\n\n\n<p>\u2022 En referencia con las pruebas de ant\u00edgenos realizadas en la Asistencia P\u00fablica, en el Anfiteatro, en el Centro C\u00edvico, en los CAPS y en la Terminal de \u00d3mnibus, en esta semana se practicaron 4.089 test, resultando 573 positivos y 3.516 negativos.<br>Hasta la fecha se realizaron 76.048 test de ant\u00edgenos, de los cuales el 83% resultaron negativos y 17% positivos.<\/p>\n\n\n\n<figure class=\"wp-block-image size-large\"><img data-recalc-dims=\"1\" decoding=\"async\" width=\"1024\" height=\"576\" src=\"https:\/\/i0.wp.com\/elregionalvm.com.ar\/noticias-villa-maria\/wp-content\/uploads\/2021\/07\/WhatsApp-Image-2021-07-23-at-17.24.59.jpeg?resize=1024%2C576&#038;ssl=1\" alt=\"\" class=\"wp-image-41456\" srcset=\"https:\/\/i0.wp.com\/elregionalvm.com.ar\/noticias-villa-maria\/wp-content\/uploads\/2021\/07\/WhatsApp-Image-2021-07-23-at-17.24.59.jpeg?resize=1024%2C576&amp;ssl=1 1024w, https:\/\/i0.wp.com\/elregionalvm.com.ar\/noticias-villa-maria\/wp-content\/uploads\/2021\/07\/WhatsApp-Image-2021-07-23-at-17.24.59.jpeg?resize=300%2C169&amp;ssl=1 300w, https:\/\/i0.wp.com\/elregionalvm.com.ar\/noticias-villa-maria\/wp-content\/uploads\/2021\/07\/WhatsApp-Image-2021-07-23-at-17.24.59.jpeg?resize=768%2C432&amp;ssl=1 768w, https:\/\/i0.wp.com\/elregionalvm.com.ar\/noticias-villa-maria\/wp-content\/uploads\/2021\/07\/WhatsApp-Image-2021-07-23-at-17.24.59.jpeg?w=1280&amp;ssl=1 1280w\" sizes=\"(max-width: 1000px) 100vw, 1000px\" \/><\/figure>\n\n\n\n<p>\u2022 Por otra parte, en relaci\u00f3n a la disponibilidad de internaci\u00f3n, el 63% de las camas cr\u00edticas de terapia intensiva destinadas a Covid est\u00e1n ocupadas y de las camas comunes o terapia intermedia, el 76%. Es importante aclarar que a la hora de cierre, faltan datos de varios centros sanitarios, tanto del sector p\u00fablico como privado.<\/p>\n\n\n\n<figure class=\"wp-block-gallery columns-1 is-cropped wp-block-gallery-2 is-layout-flex wp-block-gallery-is-layout-flex\"><ul class=\"blocks-gallery-grid\"><li class=\"blocks-gallery-item\"><figure><img data-recalc-dims=\"1\" loading=\"lazy\" decoding=\"async\" width=\"750\" height=\"663\" src=\"https:\/\/i0.wp.com\/elregionalvm.com.ar\/noticias-villa-maria\/wp-content\/uploads\/2021\/07\/WhatsApp-Image-2021-07-23-at-17.24.58-1.jpeg?resize=750%2C663&#038;ssl=1\" alt=\"\" data-id=\"41454\" data-full-url=\"https:\/\/elregionalvm.com.ar\/noticias-villa-maria\/wp-content\/uploads\/2021\/07\/WhatsApp-Image-2021-07-23-at-17.24.58-1.jpeg\" data-link=\"https:\/\/elregionalvm.com.ar\/noticias-villa-maria\/otra-vez-pasamos-el-centenar-de-contagios-y-cerramos-la-semana-con-un-total-de-4-fallecidos\/whatsapp-image-2021-07-23-at-17-24-58-1\/\" class=\"wp-image-41454\" srcset=\"https:\/\/i0.wp.com\/elregionalvm.com.ar\/noticias-villa-maria\/wp-content\/uploads\/2021\/07\/WhatsApp-Image-2021-07-23-at-17.24.58-1.jpeg?w=750&amp;ssl=1 750w, https:\/\/i0.wp.com\/elregionalvm.com.ar\/noticias-villa-maria\/wp-content\/uploads\/2021\/07\/WhatsApp-Image-2021-07-23-at-17.24.58-1.jpeg?resize=300%2C265&amp;ssl=1 300w\" sizes=\"(max-width: 750px) 100vw, 750px\" \/><\/figure><\/li><\/ul><\/figure>\n\n\n\n<p>\u2022 Seg\u00fan datos actualizados del Registro Civil, esta semana hubo que lamentar el fallecimiento de cuatro vecinos y vecinas de la ciudad. En total son 240 las personas que perdieron la vida por covid en la ciudad desde el inicio de la pandemia. El promedio de edad de los vecinos fallecidos es de 72,9 a\u00f1os.<\/p>\n\n\n\n<figure class=\"wp-block-gallery columns-2 is-cropped wp-block-gallery-3 is-layout-flex wp-block-gallery-is-layout-flex\"><ul class=\"blocks-gallery-grid\"><li class=\"blocks-gallery-item\"><figure><img data-recalc-dims=\"1\" loading=\"lazy\" decoding=\"async\" width=\"1024\" height=\"576\" src=\"https:\/\/i0.wp.com\/elregionalvm.com.ar\/noticias-villa-maria\/wp-content\/uploads\/2021\/07\/WhatsApp-Image-2021-07-23-at-17.24.43.jpeg?resize=1024%2C576&#038;ssl=1\" alt=\"\" data-id=\"41452\" data-full-url=\"https:\/\/elregionalvm.com.ar\/noticias-villa-maria\/wp-content\/uploads\/2021\/07\/WhatsApp-Image-2021-07-23-at-17.24.43.jpeg\" data-link=\"https:\/\/elregionalvm.com.ar\/noticias-villa-maria\/otra-vez-pasamos-el-centenar-de-contagios-y-cerramos-la-semana-con-un-total-de-4-fallecidos\/whatsapp-image-2021-07-23-at-17-24-43\/\" class=\"wp-image-41452\" srcset=\"https:\/\/i0.wp.com\/elregionalvm.com.ar\/noticias-villa-maria\/wp-content\/uploads\/2021\/07\/WhatsApp-Image-2021-07-23-at-17.24.43.jpeg?resize=1024%2C576&amp;ssl=1 1024w, https:\/\/i0.wp.com\/elregionalvm.com.ar\/noticias-villa-maria\/wp-content\/uploads\/2021\/07\/WhatsApp-Image-2021-07-23-at-17.24.43.jpeg?resize=300%2C169&amp;ssl=1 300w, https:\/\/i0.wp.com\/elregionalvm.com.ar\/noticias-villa-maria\/wp-content\/uploads\/2021\/07\/WhatsApp-Image-2021-07-23-at-17.24.43.jpeg?resize=768%2C432&amp;ssl=1 768w, https:\/\/i0.wp.com\/elregionalvm.com.ar\/noticias-villa-maria\/wp-content\/uploads\/2021\/07\/WhatsApp-Image-2021-07-23-at-17.24.43.jpeg?w=1280&amp;ssl=1 1280w\" sizes=\"(max-width: 1000px) 100vw, 1000px\" \/><\/figure><\/li><li class=\"blocks-gallery-item\"><figure><img data-recalc-dims=\"1\" loading=\"lazy\" decoding=\"async\" width=\"1024\" height=\"576\" src=\"https:\/\/i0.wp.com\/elregionalvm.com.ar\/noticias-villa-maria\/wp-content\/uploads\/2021\/07\/WhatsApp-Image-2021-07-23-at-17.24.42-1.jpeg?resize=1024%2C576&#038;ssl=1\" alt=\"\" data-id=\"41453\" data-full-url=\"https:\/\/elregionalvm.com.ar\/noticias-villa-maria\/wp-content\/uploads\/2021\/07\/WhatsApp-Image-2021-07-23-at-17.24.42-1.jpeg\" data-link=\"https:\/\/elregionalvm.com.ar\/noticias-villa-maria\/otra-vez-pasamos-el-centenar-de-contagios-y-cerramos-la-semana-con-un-total-de-4-fallecidos\/whatsapp-image-2021-07-23-at-17-24-42-1\/\" class=\"wp-image-41453\" srcset=\"https:\/\/i0.wp.com\/elregionalvm.com.ar\/noticias-villa-maria\/wp-content\/uploads\/2021\/07\/WhatsApp-Image-2021-07-23-at-17.24.42-1.jpeg?resize=1024%2C576&amp;ssl=1 1024w, https:\/\/i0.wp.com\/elregionalvm.com.ar\/noticias-villa-maria\/wp-content\/uploads\/2021\/07\/WhatsApp-Image-2021-07-23-at-17.24.42-1.jpeg?resize=300%2C169&amp;ssl=1 300w, https:\/\/i0.wp.com\/elregionalvm.com.ar\/noticias-villa-maria\/wp-content\/uploads\/2021\/07\/WhatsApp-Image-2021-07-23-at-17.24.42-1.jpeg?resize=768%2C432&amp;ssl=1 768w, https:\/\/i0.wp.com\/elregionalvm.com.ar\/noticias-villa-maria\/wp-content\/uploads\/2021\/07\/WhatsApp-Image-2021-07-23-at-17.24.42-1.jpeg?w=1280&amp;ssl=1 1280w\" sizes=\"(max-width: 1000px) 100vw, 1000px\" \/><\/figure><\/li><\/ul><\/figure>\n\n\n\n<p>\u2022 Ante la presencia de cualquier s\u00edntoma o por consultas vinculadas a denuncias o disposiciones vigentes, comunicarse al 0800 888 7468. Tambi\u00e9n para consultas sobre resultados de hisopados y fechas de altas m\u00e9dicas est\u00e1 disponible la l\u00ednea de WhatsApp al 3535657964.<\/p>\n\n\n\n<figure class=\"wp-block-image size-large\"><img data-recalc-dims=\"1\" loading=\"lazy\" decoding=\"async\" width=\"1024\" height=\"576\" src=\"https:\/\/i0.wp.com\/elregionalvm.com.ar\/noticias-villa-maria\/wp-content\/uploads\/2021\/07\/WhatsApp-Image-2021-07-23-at-17.25.08.jpeg?resize=1024%2C576&#038;ssl=1\" alt=\"\" class=\"wp-image-41457\" srcset=\"https:\/\/i0.wp.com\/elregionalvm.com.ar\/noticias-villa-maria\/wp-content\/uploads\/2021\/07\/WhatsApp-Image-2021-07-23-at-17.25.08.jpeg?w=1024&amp;ssl=1 1024w, https:\/\/i0.wp.com\/elregionalvm.com.ar\/noticias-villa-maria\/wp-content\/uploads\/2021\/07\/WhatsApp-Image-2021-07-23-at-17.25.08.jpeg?resize=300%2C169&amp;ssl=1 300w, https:\/\/i0.wp.com\/elregionalvm.com.ar\/noticias-villa-maria\/wp-content\/uploads\/2021\/07\/WhatsApp-Image-2021-07-23-at-17.25.08.jpeg?resize=768%2C432&amp;ssl=1 768w\" sizes=\"(max-width: 1000px) 100vw, 1000px\" \/><\/figure>\n","protected":false},"excerpt":{"rendered":"<p>\u2022 Hasta las 14 horas de este viernes, se registraron 108 nuevos casos de coronavirus y 73 altas m\u00e9dicas definitivas. De esta manera, los casos totales desde el inicio de la pandemia en la ciudad son 17.906, de los cuales 16.822 son personas que lograron recuperarse de la enfermedad. \u2022 El n\u00famero de personas aisladas [&hellip;]<\/p>\n","protected":false},"author":4,"featured_media":41441,"comment_status":"open","ping_status":"open","sticky":false,"template":"","format":"standard","meta":{"site-sidebar-layout":"default","site-content-layout":"default","ast-site-content-layout":"default","site-content-style":"default","site-sidebar-style":"default","ast-global-header-display":"","ast-banner-title-visibility":"","ast-main-header-display":"","ast-hfb-above-header-display":"","ast-hfb-below-header-display":"","ast-hfb-mobile-header-display":"","site-post-title":"","ast-breadcrumbs-content":"","ast-featured-img":"","footer-sml-layout":"","ast-disable-related-posts":"","theme-transparent-header-meta":"default","adv-header-id-meta":"","stick-header-meta":"","header-above-stick-meta":"","header-main-stick-meta":"","header-below-stick-meta":"","astra-migrate-meta-layouts":"default","ast-page-background-enabled":"default","ast-page-background-meta":{"desktop":{"background-color":"","background-image":"","background-repeat":"repeat","background-position":"center center","background-size":"auto","background-attachment":"scroll","background-type":"","background-media":"","overlay-type":"","overlay-color":"","overlay-opacity":"","overlay-gradient":""},"tablet":{"background-color":"","background-image":"","background-repeat":"repeat","background-position":"center center","background-size":"auto","background-attachment":"scroll","background-type":"","background-media":"","overlay-type":"","overlay-color":"","overlay-opacity":"","overlay-gradient":""},"mobile":{"background-color":"","background-image":"","background-repeat":"repeat","background-position":"center center","background-size":"auto","background-attachment":"scroll","background-type":"","background-media":"","overlay-type":"","overlay-color":"","overlay-opacity":"","overlay-gradient":""}},"ast-content-background-meta":{"desktop":{"background-color":"var(--ast-global-color-5)","background-image":"","background-repeat":"repeat","background-position":"center center","background-size":"auto","background-attachment":"scroll","background-type":"","background-media":"","overlay-type":"","overlay-color":"","overlay-opacity":"","overlay-gradient":""},"tablet":{"background-color":"var(--ast-global-color-5)","background-image":"","background-repeat":"repeat","background-position":"center center","background-size":"auto","background-attachment":"scroll","background-type":"","background-media":"","overlay-type":"","overlay-color":"","overlay-opacity":"","overlay-gradient":""},"mobile":{"background-color":"var(--ast-global-color-5)","background-image":"","background-repeat":"repeat","background-position":"center center","background-size":"auto","background-attachment":"scroll","background-type":"","background-media":"","overlay-type":"","overlay-color":"","overlay-opacity":"","overlay-gradient":""}},"_jetpack_memberships_contains_paid_content":false,"_joinchat":[],"footnotes":""},"categories":[2256,2],"tags":[3907,2367,1997,3863,6579,3744,10174],"class_list":["post-41440","post","type-post","status-publish","format-standard","has-post-thumbnail","hentry","category-coronavirus","category-villa-maria","tag-casos-diarios","tag-contagios","tag-coronavirus","tag-covid","tag-informe-semanal","tag-situacion-epidemiologica","tag-viernes-23-de-julio-de-2021"],"yoast_head":"<!-- This site is optimized with the Yoast SEO plugin v26.8 - https:\/\/yoast.com\/product\/yoast-seo-wordpress\/ -->\n<title>Otra vez pasamos el centenar de contagios y cerramos la semana con un total de 4 fallecidos - El Regional<\/title>\n<meta name=\"robots\" content=\"index, follow, max-snippet:-1, max-image-preview:large, max-video-preview:-1\" \/>\n<link rel=\"canonical\" href=\"http:\/\/elregionalvm.com.ar\/noticias-villa-maria\/otra-vez-pasamos-el-centenar-de-contagios-y-cerramos-la-semana-con-un-total-de-4-fallecidos\/\" \/>\n<meta property=\"og:locale\" content=\"es_ES\" \/>\n<meta property=\"og:type\" content=\"article\" \/>\n<meta property=\"og:title\" content=\"Otra vez pasamos el centenar de contagios y cerramos la semana con un total de 4 fallecidos - El Regional\" \/>\n<meta property=\"og:description\" content=\"\u2022 Hasta las 14 horas de este viernes, se registraron 108 nuevos casos de coronavirus y 73 altas m\u00e9dicas definitivas. De esta manera, los casos totales desde el inicio de la pandemia en la ciudad son 17.906, de los cuales 16.822 son personas que lograron recuperarse de la enfermedad. \u2022 El n\u00famero de personas aisladas [&hellip;]\" \/>\n<meta property=\"og:url\" content=\"http:\/\/elregionalvm.com.ar\/noticias-villa-maria\/otra-vez-pasamos-el-centenar-de-contagios-y-cerramos-la-semana-con-un-total-de-4-fallecidos\/\" \/>\n<meta property=\"og:site_name\" content=\"El Regional\" \/>\n<meta property=\"article:publisher\" content=\"https:\/\/www.facebook.com\/elregionalvm\" \/>\n<meta property=\"article:published_time\" content=\"2021-07-23T22:47:04+00:00\" \/>\n<meta property=\"article:modified_time\" content=\"2021-07-24T22:38:44+00:00\" \/>\n<meta property=\"og:image\" content=\"http:\/\/elregionalvm.com.ar\/noticias-villa-maria\/wp-content\/uploads\/2021\/07\/covid-46.jpg\" \/>\n\t<meta property=\"og:image:width\" content=\"720\" \/>\n\t<meta property=\"og:image:height\" content=\"405\" \/>\n\t<meta property=\"og:image:type\" content=\"image\/jpeg\" \/>\n<meta name=\"author\" content=\"Contenidos El Regional\" \/>\n<meta name=\"twitter:card\" content=\"summary_large_image\" \/>\n<meta name=\"twitter:creator\" content=\"@elregionalvm1\" \/>\n<meta name=\"twitter:site\" content=\"@elregionalvm1\" \/>\n<meta name=\"twitter:label1\" content=\"Escrito por\" \/>\n\t<meta name=\"twitter:data1\" content=\"Contenidos El Regional\" \/>\n\t<meta name=\"twitter:label2\" content=\"Tiempo de lectura\" \/>\n\t<meta name=\"twitter:data2\" content=\"4 minutos\" \/>\n<script type=\"application\/ld+json\" class=\"yoast-schema-graph\">{\"@context\":\"https:\/\/schema.org\",\"@graph\":[{\"@type\":\"Article\",\"@id\":\"http:\/\/elregionalvm.com.ar\/noticias-villa-maria\/otra-vez-pasamos-el-centenar-de-contagios-y-cerramos-la-semana-con-un-total-de-4-fallecidos\/#article\",\"isPartOf\":{\"@id\":\"http:\/\/elregionalvm.com.ar\/noticias-villa-maria\/otra-vez-pasamos-el-centenar-de-contagios-y-cerramos-la-semana-con-un-total-de-4-fallecidos\/\"},\"author\":{\"name\":\"Contenidos El Regional\",\"@id\":\"http:\/\/elregionalvm.com.ar\/noticias-villa-maria\/#\/schema\/person\/a0fb9c422317faca23d50163151bc354\"},\"headline\":\"Otra vez pasamos el centenar de contagios y cerramos la semana con un total de 4 fallecidos\",\"datePublished\":\"2021-07-23T22:47:04+00:00\",\"dateModified\":\"2021-07-24T22:38:44+00:00\",\"mainEntityOfPage\":{\"@id\":\"http:\/\/elregionalvm.com.ar\/noticias-villa-maria\/otra-vez-pasamos-el-centenar-de-contagios-y-cerramos-la-semana-con-un-total-de-4-fallecidos\/\"},\"wordCount\":468,\"commentCount\":0,\"image\":{\"@id\":\"http:\/\/elregionalvm.com.ar\/noticias-villa-maria\/otra-vez-pasamos-el-centenar-de-contagios-y-cerramos-la-semana-con-un-total-de-4-fallecidos\/#primaryimage\"},\"thumbnailUrl\":\"https:\/\/i0.wp.com\/elregionalvm.com.ar\/noticias-villa-maria\/wp-content\/uploads\/2021\/07\/covid-46.jpg?fit=720%2C405&ssl=1\",\"keywords\":[\"casos diarios\",\"Contagios\",\"Coronavirus\",\"covid\",\"informe semanal\",\"situaci\u00f3n epidemiol\u00f3gica\",\"viernes 23 de julio de 2021\"],\"articleSection\":[\"Coronavirus\",\"Villa Mar\u00eda\"],\"inLanguage\":\"es\",\"potentialAction\":[{\"@type\":\"CommentAction\",\"name\":\"Comment\",\"target\":[\"http:\/\/elregionalvm.com.ar\/noticias-villa-maria\/otra-vez-pasamos-el-centenar-de-contagios-y-cerramos-la-semana-con-un-total-de-4-fallecidos\/#respond\"]}]},{\"@type\":\"WebPage\",\"@id\":\"http:\/\/elregionalvm.com.ar\/noticias-villa-maria\/otra-vez-pasamos-el-centenar-de-contagios-y-cerramos-la-semana-con-un-total-de-4-fallecidos\/\",\"url\":\"http:\/\/elregionalvm.com.ar\/noticias-villa-maria\/otra-vez-pasamos-el-centenar-de-contagios-y-cerramos-la-semana-con-un-total-de-4-fallecidos\/\",\"name\":\"Otra vez pasamos el centenar de contagios y cerramos la semana con un total de 4 fallecidos - El Regional\",\"isPartOf\":{\"@id\":\"http:\/\/elregionalvm.com.ar\/noticias-villa-maria\/#website\"},\"primaryImageOfPage\":{\"@id\":\"http:\/\/elregionalvm.com.ar\/noticias-villa-maria\/otra-vez-pasamos-el-centenar-de-contagios-y-cerramos-la-semana-con-un-total-de-4-fallecidos\/#primaryimage\"},\"image\":{\"@id\":\"http:\/\/elregionalvm.com.ar\/noticias-villa-maria\/otra-vez-pasamos-el-centenar-de-contagios-y-cerramos-la-semana-con-un-total-de-4-fallecidos\/#primaryimage\"},\"thumbnailUrl\":\"https:\/\/i0.wp.com\/elregionalvm.com.ar\/noticias-villa-maria\/wp-content\/uploads\/2021\/07\/covid-46.jpg?fit=720%2C405&ssl=1\",\"datePublished\":\"2021-07-23T22:47:04+00:00\",\"dateModified\":\"2021-07-24T22:38:44+00:00\",\"author\":{\"@id\":\"http:\/\/elregionalvm.com.ar\/noticias-villa-maria\/#\/schema\/person\/a0fb9c422317faca23d50163151bc354\"},\"breadcrumb\":{\"@id\":\"http:\/\/elregionalvm.com.ar\/noticias-villa-maria\/otra-vez-pasamos-el-centenar-de-contagios-y-cerramos-la-semana-con-un-total-de-4-fallecidos\/#breadcrumb\"},\"inLanguage\":\"es\",\"potentialAction\":[{\"@type\":\"ReadAction\",\"target\":[\"http:\/\/elregionalvm.com.ar\/noticias-villa-maria\/otra-vez-pasamos-el-centenar-de-contagios-y-cerramos-la-semana-con-un-total-de-4-fallecidos\/\"]}]},{\"@type\":\"ImageObject\",\"inLanguage\":\"es\",\"@id\":\"http:\/\/elregionalvm.com.ar\/noticias-villa-maria\/otra-vez-pasamos-el-centenar-de-contagios-y-cerramos-la-semana-con-un-total-de-4-fallecidos\/#primaryimage\",\"url\":\"https:\/\/i0.wp.com\/elregionalvm.com.ar\/noticias-villa-maria\/wp-content\/uploads\/2021\/07\/covid-46.jpg?fit=720%2C405&ssl=1\",\"contentUrl\":\"https:\/\/i0.wp.com\/elregionalvm.com.ar\/noticias-villa-maria\/wp-content\/uploads\/2021\/07\/covid-46.jpg?fit=720%2C405&ssl=1\",\"width\":720,\"height\":405},{\"@type\":\"BreadcrumbList\",\"@id\":\"http:\/\/elregionalvm.com.ar\/noticias-villa-maria\/otra-vez-pasamos-el-centenar-de-contagios-y-cerramos-la-semana-con-un-total-de-4-fallecidos\/#breadcrumb\",\"itemListElement\":[{\"@type\":\"ListItem\",\"position\":1,\"name\":\"Portada\",\"item\":\"https:\/\/elregionalvm.com.ar\/noticias-villa-maria\/\"},{\"@type\":\"ListItem\",\"position\":2,\"name\":\"Otra vez pasamos el centenar de contagios y cerramos la semana con un total de 4 fallecidos\"}]},{\"@type\":\"WebSite\",\"@id\":\"http:\/\/elregionalvm.com.ar\/noticias-villa-maria\/#website\",\"url\":\"http:\/\/elregionalvm.com.ar\/noticias-villa-maria\/\",\"name\":\"El Regional\",\"description\":\"Mucho m\u00e1s que informaci\u00f3n\",\"potentialAction\":[{\"@type\":\"SearchAction\",\"target\":{\"@type\":\"EntryPoint\",\"urlTemplate\":\"http:\/\/elregionalvm.com.ar\/noticias-villa-maria\/?s={search_term_string}\"},\"query-input\":{\"@type\":\"PropertyValueSpecification\",\"valueRequired\":true,\"valueName\":\"search_term_string\"}}],\"inLanguage\":\"es\"},{\"@type\":\"Person\",\"@id\":\"http:\/\/elregionalvm.com.ar\/noticias-villa-maria\/#\/schema\/person\/a0fb9c422317faca23d50163151bc354\",\"name\":\"Contenidos El Regional\",\"image\":{\"@type\":\"ImageObject\",\"inLanguage\":\"es\",\"@id\":\"http:\/\/elregionalvm.com.ar\/noticias-villa-maria\/#\/schema\/person\/image\/\",\"url\":\"https:\/\/secure.gravatar.com\/avatar\/265b27cb2209af7bb3a1318f03305787d7981a5cc6e6cd08fe5a4ecdf99d4b48?s=96&d=mm&r=g\",\"contentUrl\":\"https:\/\/secure.gravatar.com\/avatar\/265b27cb2209af7bb3a1318f03305787d7981a5cc6e6cd08fe5a4ecdf99d4b48?s=96&d=mm&r=g\",\"caption\":\"Contenidos El Regional\"},\"url\":\"https:\/\/elregionalvm.com.ar\/noticias-villa-maria\/author\/contenido\/\"}]}<\/script>\n<!-- \/ Yoast SEO plugin. -->","yoast_head_json":{"title":"Otra vez pasamos el centenar de contagios y cerramos la semana con un total de 4 fallecidos - El Regional","robots":{"index":"index","follow":"follow","max-snippet":"max-snippet:-1","max-image-preview":"max-image-preview:large","max-video-preview":"max-video-preview:-1"},"canonical":"http:\/\/elregionalvm.com.ar\/noticias-villa-maria\/otra-vez-pasamos-el-centenar-de-contagios-y-cerramos-la-semana-con-un-total-de-4-fallecidos\/","og_locale":"es_ES","og_type":"article","og_title":"Otra vez pasamos el centenar de contagios y cerramos la semana con un total de 4 fallecidos - El Regional","og_description":"\u2022 Hasta las 14 horas de este viernes, se registraron 108 nuevos casos de coronavirus y 73 altas m\u00e9dicas definitivas. De esta manera, los casos totales desde el inicio de la pandemia en la ciudad son 17.906, de los cuales 16.822 son personas que lograron recuperarse de la enfermedad. \u2022 El n\u00famero de personas aisladas [&hellip;]","og_url":"http:\/\/elregionalvm.com.ar\/noticias-villa-maria\/otra-vez-pasamos-el-centenar-de-contagios-y-cerramos-la-semana-con-un-total-de-4-fallecidos\/","og_site_name":"El Regional","article_publisher":"https:\/\/www.facebook.com\/elregionalvm","article_published_time":"2021-07-23T22:47:04+00:00","article_modified_time":"2021-07-24T22:38:44+00:00","og_image":[{"width":720,"height":405,"url":"http:\/\/elregionalvm.com.ar\/noticias-villa-maria\/wp-content\/uploads\/2021\/07\/covid-46.jpg","type":"image\/jpeg"}],"author":"Contenidos El Regional","twitter_card":"summary_large_image","twitter_creator":"@elregionalvm1","twitter_site":"@elregionalvm1","twitter_misc":{"Escrito por":"Contenidos El Regional","Tiempo de lectura":"4 minutos"},"schema":{"@context":"https:\/\/schema.org","@graph":[{"@type":"Article","@id":"http:\/\/elregionalvm.com.ar\/noticias-villa-maria\/otra-vez-pasamos-el-centenar-de-contagios-y-cerramos-la-semana-con-un-total-de-4-fallecidos\/#article","isPartOf":{"@id":"http:\/\/elregionalvm.com.ar\/noticias-villa-maria\/otra-vez-pasamos-el-centenar-de-contagios-y-cerramos-la-semana-con-un-total-de-4-fallecidos\/"},"author":{"name":"Contenidos El Regional","@id":"http:\/\/elregionalvm.com.ar\/noticias-villa-maria\/#\/schema\/person\/a0fb9c422317faca23d50163151bc354"},"headline":"Otra vez pasamos el centenar de contagios y cerramos la semana con un total de 4 fallecidos","datePublished":"2021-07-23T22:47:04+00:00","dateModified":"2021-07-24T22:38:44+00:00","mainEntityOfPage":{"@id":"http:\/\/elregionalvm.com.ar\/noticias-villa-maria\/otra-vez-pasamos-el-centenar-de-contagios-y-cerramos-la-semana-con-un-total-de-4-fallecidos\/"},"wordCount":468,"commentCount":0,"image":{"@id":"http:\/\/elregionalvm.com.ar\/noticias-villa-maria\/otra-vez-pasamos-el-centenar-de-contagios-y-cerramos-la-semana-con-un-total-de-4-fallecidos\/#primaryimage"},"thumbnailUrl":"https:\/\/i0.wp.com\/elregionalvm.com.ar\/noticias-villa-maria\/wp-content\/uploads\/2021\/07\/covid-46.jpg?fit=720%2C405&ssl=1","keywords":["casos diarios","Contagios","Coronavirus","covid","informe semanal","situaci\u00f3n epidemiol\u00f3gica","viernes 23 de julio de 2021"],"articleSection":["Coronavirus","Villa Mar\u00eda"],"inLanguage":"es","potentialAction":[{"@type":"CommentAction","name":"Comment","target":["http:\/\/elregionalvm.com.ar\/noticias-villa-maria\/otra-vez-pasamos-el-centenar-de-contagios-y-cerramos-la-semana-con-un-total-de-4-fallecidos\/#respond"]}]},{"@type":"WebPage","@id":"http:\/\/elregionalvm.com.ar\/noticias-villa-maria\/otra-vez-pasamos-el-centenar-de-contagios-y-cerramos-la-semana-con-un-total-de-4-fallecidos\/","url":"http:\/\/elregionalvm.com.ar\/noticias-villa-maria\/otra-vez-pasamos-el-centenar-de-contagios-y-cerramos-la-semana-con-un-total-de-4-fallecidos\/","name":"Otra vez pasamos el centenar de contagios y cerramos la semana con un total de 4 fallecidos - El Regional","isPartOf":{"@id":"http:\/\/elregionalvm.com.ar\/noticias-villa-maria\/#website"},"primaryImageOfPage":{"@id":"http:\/\/elregionalvm.com.ar\/noticias-villa-maria\/otra-vez-pasamos-el-centenar-de-contagios-y-cerramos-la-semana-con-un-total-de-4-fallecidos\/#primaryimage"},"image":{"@id":"http:\/\/elregionalvm.com.ar\/noticias-villa-maria\/otra-vez-pasamos-el-centenar-de-contagios-y-cerramos-la-semana-con-un-total-de-4-fallecidos\/#primaryimage"},"thumbnailUrl":"https:\/\/i0.wp.com\/elregionalvm.com.ar\/noticias-villa-maria\/wp-content\/uploads\/2021\/07\/covid-46.jpg?fit=720%2C405&ssl=1","datePublished":"2021-07-23T22:47:04+00:00","dateModified":"2021-07-24T22:38:44+00:00","author":{"@id":"http:\/\/elregionalvm.com.ar\/noticias-villa-maria\/#\/schema\/person\/a0fb9c422317faca23d50163151bc354"},"breadcrumb":{"@id":"http:\/\/elregionalvm.com.ar\/noticias-villa-maria\/otra-vez-pasamos-el-centenar-de-contagios-y-cerramos-la-semana-con-un-total-de-4-fallecidos\/#breadcrumb"},"inLanguage":"es","potentialAction":[{"@type":"ReadAction","target":["http:\/\/elregionalvm.com.ar\/noticias-villa-maria\/otra-vez-pasamos-el-centenar-de-contagios-y-cerramos-la-semana-con-un-total-de-4-fallecidos\/"]}]},{"@type":"ImageObject","inLanguage":"es","@id":"http:\/\/elregionalvm.com.ar\/noticias-villa-maria\/otra-vez-pasamos-el-centenar-de-contagios-y-cerramos-la-semana-con-un-total-de-4-fallecidos\/#primaryimage","url":"https:\/\/i0.wp.com\/elregionalvm.com.ar\/noticias-villa-maria\/wp-content\/uploads\/2021\/07\/covid-46.jpg?fit=720%2C405&ssl=1","contentUrl":"https:\/\/i0.wp.com\/elregionalvm.com.ar\/noticias-villa-maria\/wp-content\/uploads\/2021\/07\/covid-46.jpg?fit=720%2C405&ssl=1","width":720,"height":405},{"@type":"BreadcrumbList","@id":"http:\/\/elregionalvm.com.ar\/noticias-villa-maria\/otra-vez-pasamos-el-centenar-de-contagios-y-cerramos-la-semana-con-un-total-de-4-fallecidos\/#breadcrumb","itemListElement":[{"@type":"ListItem","position":1,"name":"Portada","item":"https:\/\/elregionalvm.com.ar\/noticias-villa-maria\/"},{"@type":"ListItem","position":2,"name":"Otra vez pasamos el centenar de contagios y cerramos la semana con un total de 4 fallecidos"}]},{"@type":"WebSite","@id":"http:\/\/elregionalvm.com.ar\/noticias-villa-maria\/#website","url":"http:\/\/elregionalvm.com.ar\/noticias-villa-maria\/","name":"El Regional","description":"Mucho m\u00e1s que informaci\u00f3n","potentialAction":[{"@type":"SearchAction","target":{"@type":"EntryPoint","urlTemplate":"http:\/\/elregionalvm.com.ar\/noticias-villa-maria\/?s={search_term_string}"},"query-input":{"@type":"PropertyValueSpecification","valueRequired":true,"valueName":"search_term_string"}}],"inLanguage":"es"},{"@type":"Person","@id":"http:\/\/elregionalvm.com.ar\/noticias-villa-maria\/#\/schema\/person\/a0fb9c422317faca23d50163151bc354","name":"Contenidos El Regional","image":{"@type":"ImageObject","inLanguage":"es","@id":"http:\/\/elregionalvm.com.ar\/noticias-villa-maria\/#\/schema\/person\/image\/","url":"https:\/\/secure.gravatar.com\/avatar\/265b27cb2209af7bb3a1318f03305787d7981a5cc6e6cd08fe5a4ecdf99d4b48?s=96&d=mm&r=g","contentUrl":"https:\/\/secure.gravatar.com\/avatar\/265b27cb2209af7bb3a1318f03305787d7981a5cc6e6cd08fe5a4ecdf99d4b48?s=96&d=mm&r=g","caption":"Contenidos El Regional"},"url":"https:\/\/elregionalvm.com.ar\/noticias-villa-maria\/author\/contenido\/"}]}},"jetpack_featured_media_url":"https:\/\/i0.wp.com\/elregionalvm.com.ar\/noticias-villa-maria\/wp-content\/uploads\/2021\/07\/covid-46.jpg?fit=720%2C405&ssl=1","jetpack_sharing_enabled":true,"_links":{"self":[{"href":"https:\/\/elregionalvm.com.ar\/noticias-villa-maria\/wp-json\/wp\/v2\/posts\/41440","targetHints":{"allow":["GET"]}}],"collection":[{"href":"https:\/\/elregionalvm.com.ar\/noticias-villa-maria\/wp-json\/wp\/v2\/posts"}],"about":[{"href":"https:\/\/elregionalvm.com.ar\/noticias-villa-maria\/wp-json\/wp\/v2\/types\/post"}],"author":[{"embeddable":true,"href":"https:\/\/elregionalvm.com.ar\/noticias-villa-maria\/wp-json\/wp\/v2\/users\/4"}],"replies":[{"embeddable":true,"href":"https:\/\/elregionalvm.com.ar\/noticias-villa-maria\/wp-json\/wp\/v2\/comments?post=41440"}],"version-history":[{"count":2,"href":"https:\/\/elregionalvm.com.ar\/noticias-villa-maria\/wp-json\/wp\/v2\/posts\/41440\/revisions"}],"predecessor-version":[{"id":41458,"href":"https:\/\/elregionalvm.com.ar\/noticias-villa-maria\/wp-json\/wp\/v2\/posts\/41440\/revisions\/41458"}],"wp:featuredmedia":[{"embeddable":true,"href":"https:\/\/elregionalvm.com.ar\/noticias-villa-maria\/wp-json\/wp\/v2\/media\/41441"}],"wp:attachment":[{"href":"https:\/\/elregionalvm.com.ar\/noticias-villa-maria\/wp-json\/wp\/v2\/media?parent=41440"}],"wp:term":[{"taxonomy":"category","embeddable":true,"href":"https:\/\/elregionalvm.com.ar\/noticias-villa-maria\/wp-json\/wp\/v2\/categories?post=41440"},{"taxonomy":"post_tag","embeddable":true,"href":"https:\/\/elregionalvm.com.ar\/noticias-villa-maria\/wp-json\/wp\/v2\/tags?post=41440"}],"curies":[{"name":"wp","href":"https:\/\/api.w.org\/{rel}","templated":true}]}}