{"id":41463,"date":"2021-07-24T22:22:41","date_gmt":"2021-07-24T22:22:41","guid":{"rendered":"https:\/\/elregionalvm.com.ar\/noticias-villa-maria\/?p=41463"},"modified":"2021-07-26T10:33:10","modified_gmt":"2021-07-26T10:33:10","slug":"musica-e-historia-el-camino-real-video","status":"publish","type":"post","link":"https:\/\/elregionalvm.com.ar\/noticias-villa-maria\/musica-e-historia-el-camino-real-video\/","title":{"rendered":"M\u00fasica e Historia: El \u201cCamino Real\u201d [VIDEO]"},"content":{"rendered":"\n<p><\/p>\n\n\n\n<p><\/p>\n\n\n\n<h4 class=\"wp-block-heading\"><strong><em>\u201cUsted y yo vamos a rescatar el camino de la Historia\u2026<\/em><\/strong><strong><em>\u201d<\/em><\/strong><strong><em><\/em><\/strong><\/h4>\n\n\n\n<p><\/p>\n\n\n\n<p><strong>Escribe: Leo Mu\u00f1oz<\/strong><\/p>\n\n\n\n<p><strong>Camino Real<\/strong><\/p>\n\n\n\n<p>Durante la etapa virreinal las principales l\u00edneas de postas eran el Camino Real al Per\u00fa y el de Chile. En C\u00f3rdoba coincid\u00edan las del Per\u00fa y Chile. La actual Ruta nacional N\u00ba 9 sigue en gran parte el camino al Alto Per\u00fa, mientras que la Ruta Nacional N\u00ba 158 el que llegaba a Cuyo.<\/p>\n\n\n\n<p><\/p>\n\n\n\n<figure class=\"wp-block-image size-large\"><img data-recalc-dims=\"1\" fetchpriority=\"high\" decoding=\"async\" width=\"630\" height=\"405\" src=\"https:\/\/i0.wp.com\/elregionalvm.com.ar\/noticias-villa-maria\/wp-content\/uploads\/2021\/07\/C-Di-Fulvio.jpg?resize=630%2C405&#038;ssl=1\" alt=\"\" class=\"wp-image-41468\" srcset=\"https:\/\/i0.wp.com\/elregionalvm.com.ar\/noticias-villa-maria\/wp-content\/uploads\/2021\/07\/C-Di-Fulvio.jpg?w=630&amp;ssl=1 630w, https:\/\/i0.wp.com\/elregionalvm.com.ar\/noticias-villa-maria\/wp-content\/uploads\/2021\/07\/C-Di-Fulvio.jpg?resize=300%2C193&amp;ssl=1 300w\" sizes=\"(max-width: 630px) 100vw, 630px\" \/><figcaption><em>Di Fulvio le cant\u00f3 al Camino Real del Norte. <\/em><\/figcaption><\/figure>\n\n\n\n<p><\/p>\n\n\n\n<p><strong>De Cruz Alta a Villa Nueva y Villa Mar\u00eda<\/strong><\/p>\n\n\n\n<p>La primera posta en el Este del territorio cordob\u00e9s era Cruz Alta, a orillas del Carcara\u00f1\u00e1. Siguiendo a la orilla sur del r\u00edo, se encontraban Cabeza de Tigre (donde fuera fusilado Liniers y sus compa\u00f1eros en 1810), Esquina del Lobat\u00f3n y luego Saladillo (misma localidad actual).<\/p>\n\n\n\n<p>Tras vadear el R\u00edo Saladillo el camino prosegu\u00eda al sur del Ctalamochita (R\u00edo Tercero), sucedi\u00e9ndose las postas de Barrancas, Zanj\u00f3n, hasta llegar a Fraile Muerto (Bell Ville). La ruta continuaba al sur del r\u00edo, generalmente a poca distancia, se encontraban las postas de Tres Cruces (paraje actual, al sur de Morrison) y luego Esquina de Ballesteros (o Medrano, o Bustos) en el actual Ballesteros Sur.<\/p>\n\n\n\n<p>Aqu\u00ed el camino se bifurcaba al Alto Per\u00fa y a Chile. La primera posta hacia C\u00f3rdoba era La Herradura, para llegar al Paso de Ferreira, en el actual Parque Hip\u00f3lito Yrigoyen de Villa Nueva.<\/p>\n\n\n\n<p><\/p>\n\n\n\n<figure class=\"wp-block-image size-large\"><img data-recalc-dims=\"1\" decoding=\"async\" width=\"1024\" height=\"740\" src=\"https:\/\/i0.wp.com\/elregionalvm.com.ar\/noticias-villa-maria\/wp-content\/uploads\/2021\/07\/Paso-de-Ferreira.jpg?resize=1024%2C740&#038;ssl=1\" alt=\"\" class=\"wp-image-41465\" srcset=\"https:\/\/i0.wp.com\/elregionalvm.com.ar\/noticias-villa-maria\/wp-content\/uploads\/2021\/07\/Paso-de-Ferreira.jpg?resize=1024%2C740&amp;ssl=1 1024w, https:\/\/i0.wp.com\/elregionalvm.com.ar\/noticias-villa-maria\/wp-content\/uploads\/2021\/07\/Paso-de-Ferreira.jpg?resize=300%2C217&amp;ssl=1 300w, https:\/\/i0.wp.com\/elregionalvm.com.ar\/noticias-villa-maria\/wp-content\/uploads\/2021\/07\/Paso-de-Ferreira.jpg?resize=768%2C555&amp;ssl=1 768w, https:\/\/i0.wp.com\/elregionalvm.com.ar\/noticias-villa-maria\/wp-content\/uploads\/2021\/07\/Paso-de-Ferreira.jpg?w=1120&amp;ssl=1 1120w\" sizes=\"(max-width: 1000px) 100vw, 1000px\" \/><\/figure>\n\n\n\n<p><\/p>\n\n\n\n<p><strong>Desde las Villas a C\u00f3rdoba<\/strong><\/p>\n\n\n\n<p>En el sector del paso del r\u00edo hab\u00eda tres alargadas islas, el cauce se mostraba ancho y m\u00e1s bajo, igualmente correntoso, pero vadeable, excepto cuando ven\u00eda crecido.<\/p>\n\n\n\n<p>Parte de las islas pueden observarse a ambos lados del Puente \u201cAlberdi\u201d en la actualidad. El pasaje se hac\u00eda a pocos metros agua arriba del puente mencionado. Cruzado el r\u00edo y hacia C\u00f3rdoba se encontraban las postas de T\u00edo Pugio (hoy T\u00edo Pujio), Puestos de Ferreyra, Ampira, Pilar, C\u00f3rdoba.<\/p>\n\n\n\n<p>Otro camino a C\u00f3rdoba era por El Salto (cerca de R\u00edo Tercero), siguiendo el faldeo de las sierras hacia el norte, usado por Facundo Quiroga al invadir C\u00f3rdoba en 1829. Luego de la \u201cDocta\u201d, el Camino Real prosegu\u00eda atravesando las mismas provincias de la Ruta Panamericana Nacional N\u00ba 9, hasta Lima.<\/p>\n\n\n\n<p><\/p>\n\n\n\n<figure class=\"wp-block-gallery columns-2 is-cropped wp-block-gallery-1 is-layout-flex wp-block-gallery-is-layout-flex\"><ul class=\"blocks-gallery-grid\"><li class=\"blocks-gallery-item\"><figure><img data-recalc-dims=\"1\" decoding=\"async\" width=\"550\" height=\"403\" src=\"https:\/\/i0.wp.com\/elregionalvm.com.ar\/noticias-villa-maria\/wp-content\/uploads\/2021\/07\/Posta-Ballesteros.jpg?resize=550%2C403&#038;ssl=1\" alt=\"\" data-id=\"41466\" data-full-url=\"https:\/\/elregionalvm.com.ar\/noticias-villa-maria\/wp-content\/uploads\/2021\/07\/Posta-Ballesteros.jpg\" data-link=\"https:\/\/elregionalvm.com.ar\/noticias-villa-maria\/?attachment_id=41466\" class=\"wp-image-41466\" srcset=\"https:\/\/i0.wp.com\/elregionalvm.com.ar\/noticias-villa-maria\/wp-content\/uploads\/2021\/07\/Posta-Ballesteros.jpg?w=550&amp;ssl=1 550w, https:\/\/i0.wp.com\/elregionalvm.com.ar\/noticias-villa-maria\/wp-content\/uploads\/2021\/07\/Posta-Ballesteros.jpg?resize=300%2C220&amp;ssl=1 300w\" sizes=\"(max-width: 550px) 100vw, 550px\" \/><\/figure><\/li><li class=\"blocks-gallery-item\"><figure><img data-recalc-dims=\"1\" loading=\"lazy\" decoding=\"async\" width=\"1024\" height=\"750\" src=\"https:\/\/i0.wp.com\/elregionalvm.com.ar\/noticias-villa-maria\/wp-content\/uploads\/2021\/07\/Carta-1891.jpg?resize=1024%2C750&#038;ssl=1\" alt=\"\" data-id=\"41467\" data-full-url=\"https:\/\/elregionalvm.com.ar\/noticias-villa-maria\/wp-content\/uploads\/2021\/07\/Carta-1891-scaled.jpg\" data-link=\"https:\/\/elregionalvm.com.ar\/noticias-villa-maria\/?attachment_id=41467\" class=\"wp-image-41467\" srcset=\"https:\/\/i0.wp.com\/elregionalvm.com.ar\/noticias-villa-maria\/wp-content\/uploads\/2021\/07\/Carta-1891-scaled.jpg?resize=1024%2C750&amp;ssl=1 1024w, https:\/\/i0.wp.com\/elregionalvm.com.ar\/noticias-villa-maria\/wp-content\/uploads\/2021\/07\/Carta-1891-scaled.jpg?resize=300%2C220&amp;ssl=1 300w, https:\/\/i0.wp.com\/elregionalvm.com.ar\/noticias-villa-maria\/wp-content\/uploads\/2021\/07\/Carta-1891-scaled.jpg?resize=768%2C563&amp;ssl=1 768w, https:\/\/i0.wp.com\/elregionalvm.com.ar\/noticias-villa-maria\/wp-content\/uploads\/2021\/07\/Carta-1891-scaled.jpg?resize=1536%2C1126&amp;ssl=1 1536w, https:\/\/i0.wp.com\/elregionalvm.com.ar\/noticias-villa-maria\/wp-content\/uploads\/2021\/07\/Carta-1891-scaled.jpg?resize=2048%2C1501&amp;ssl=1 2048w\" sizes=\"(max-width: 1000px) 100vw, 1000px\" \/><\/figure><\/li><\/ul><figcaption class=\"blocks-gallery-caption\"><em>Posta de Ballesteros y mapa de 1891. <\/em><\/figcaption><\/figure>\n\n\n\n<p><\/p>\n\n\n\n<p><strong>Camino a Cuyo y Chile<\/strong><\/p>\n\n\n\n<p>El camino a Cuyo se desprend\u00eda desde la Posta de Ballesteros, trazaba una diagonal hacia el NO, llegando a la Posta de San Jos\u00e9 (Arroyo San Jos\u00e9 o Cabral), Ca\u00f1ada de Lucas, Punta de Agua, Santa B\u00e1rbara, Corral de Barrancas, Tambo, Aguadita y Achiras ya sobre San Luis, era llamado el \u201cCamino del Sur\u201d, el m\u00e1s peligroso.<\/p>\n\n\n\n<p>Seg\u00fan Zeballos \u201cLa matrona como el ni\u00f1o, el comerciante como el diputado, que atravesaban de Cuyo al Litoral, deb\u00edan testar, disponerse para morir como cristianos, si lo eran, y dar el \u00faltimo adi\u00f3s a las cosas y los seres amados. Lo probable era morir, lo probable era caer en la pavorosa cautividad; tal fue el dominio que los indios ejercieron sobre el camino del Sur\u201d.<\/p>\n\n\n\n<p>\u201cDorm\u00edan al aire libre, dentro del foso o del denso cerco de pencas de cuatro o m\u00e1s metros de altura, que constitu\u00edan una fortificaci\u00f3n r\u00fastica, con un rancho miserable en el centro y un corral inmediato de zanja o de cactus, para las mulas, caballos, y bueyes de viajeros, de \u00e1reas, de tropas de carros y mensajer\u00edas. Eso era una posta, y en la ramada o rancho, viv\u00eda el maestro de ella con su afligida familia y gauchos postillones\u201d.<\/p>\n\n\n\n<p><\/p>\n\n\n\n<ul class=\"wp-block-list\"><li><strong>Mir\u00e1 el video: <\/strong><\/li><\/ul>\n\n\n\n<p><\/p>\n\n\n\n<figure class=\"wp-block-embed is-type-video is-provider-youtube wp-block-embed-youtube wp-embed-aspect-16-9 wp-has-aspect-ratio\"><div class=\"wp-block-embed__wrapper\">\n<iframe title=\"CARLOS DI FULVIO - CAMINO REAL\" width=\"500\" height=\"281\" src=\"https:\/\/www.youtube.com\/embed\/ZDvibD_FvHM?feature=oembed\" frameborder=\"0\" allow=\"accelerometer; autoplay; clipboard-write; encrypted-media; gyroscope; picture-in-picture; web-share\" referrerpolicy=\"strict-origin-when-cross-origin\" allowfullscreen><\/iframe>\n<\/div><\/figure>\n","protected":false},"excerpt":{"rendered":"<p>\u201cUsted y yo vamos a rescatar el camino de la Historia\u2026\u201d Escribe: Leo Mu\u00f1oz Camino Real Durante la etapa virreinal las principales l\u00edneas de postas eran el Camino Real al Per\u00fa y el de Chile. En C\u00f3rdoba coincid\u00edan las del Per\u00fa y Chile. La actual Ruta nacional N\u00ba 9 sigue en gran parte el camino [&hellip;]<\/p>\n","protected":false},"author":4,"featured_media":41464,"comment_status":"open","ping_status":"open","sticky":false,"template":"","format":"standard","meta":{"site-sidebar-layout":"default","site-content-layout":"default","ast-site-content-layout":"default","site-content-style":"default","site-sidebar-style":"default","ast-global-header-display":"","ast-banner-title-visibility":"","ast-main-header-display":"","ast-hfb-above-header-display":"","ast-hfb-below-header-display":"","ast-hfb-mobile-header-display":"","site-post-title":"","ast-breadcrumbs-content":"","ast-featured-img":"","footer-sml-layout":"","ast-disable-related-posts":"","theme-transparent-header-meta":"default","adv-header-id-meta":"","stick-header-meta":"","header-above-stick-meta":"","header-main-stick-meta":"","header-below-stick-meta":"","astra-migrate-meta-layouts":"default","ast-page-background-enabled":"default","ast-page-background-meta":{"desktop":{"background-color":"","background-image":"","background-repeat":"repeat","background-position":"center center","background-size":"auto","background-attachment":"scroll","background-type":"","background-media":"","overlay-type":"","overlay-color":"","overlay-opacity":"","overlay-gradient":""},"tablet":{"background-color":"","background-image":"","background-repeat":"repeat","background-position":"center center","background-size":"auto","background-attachment":"scroll","background-type":"","background-media":"","overlay-type":"","overlay-color":"","overlay-opacity":"","overlay-gradient":""},"mobile":{"background-color":"","background-image":"","background-repeat":"repeat","background-position":"center center","background-size":"auto","background-attachment":"scroll","background-type":"","background-media":"","overlay-type":"","overlay-color":"","overlay-opacity":"","overlay-gradient":""}},"ast-content-background-meta":{"desktop":{"background-color":"var(--ast-global-color-5)","background-image":"","background-repeat":"repeat","background-position":"center center","background-size":"auto","background-attachment":"scroll","background-type":"","background-media":"","overlay-type":"","overlay-color":"","overlay-opacity":"","overlay-gradient":""},"tablet":{"background-color":"var(--ast-global-color-5)","background-image":"","background-repeat":"repeat","background-position":"center center","background-size":"auto","background-attachment":"scroll","background-type":"","background-media":"","overlay-type":"","overlay-color":"","overlay-opacity":"","overlay-gradient":""},"mobile":{"background-color":"var(--ast-global-color-5)","background-image":"","background-repeat":"repeat","background-position":"center center","background-size":"auto","background-attachment":"scroll","background-type":"","background-media":"","overlay-type":"","overlay-color":"","overlay-opacity":"","overlay-gradient":""}},"_jetpack_memberships_contains_paid_content":false,"_joinchat":[],"footnotes":""},"categories":[2098,3557,2074],"tags":[2997,10176,7803,679,2244,2998,10177],"class_list":["post-41463","post","type-post","status-publish","format-standard","has-post-thumbnail","hentry","category-historias","category-tercera","category-videos","tag-alto-peru","tag-camino-real","tag-carlos-di-fulvio","tag-historia","tag-musica-e-historia","tag-paso-de-ferreira","tag-postas"],"yoast_head":"<!-- This site is optimized with the Yoast SEO plugin v26.8 - https:\/\/yoast.com\/product\/yoast-seo-wordpress\/ -->\n<title>M\u00fasica e Historia: El \u201cCamino Real\u201d [VIDEO] - El Regional<\/title>\n<meta name=\"description\" content=\"Carlos Di Fulvio le cant\u00f3 al Camino Real del Norte. La extensa trayectoria hacia el Alto Per\u00fa, con postas en toda nuestra regi\u00f3n.\" \/>\n<meta name=\"robots\" content=\"index, follow, max-snippet:-1, max-image-preview:large, max-video-preview:-1\" \/>\n<link rel=\"canonical\" href=\"http:\/\/elregionalvm.com.ar\/noticias-villa-maria\/musica-e-historia-el-camino-real-video\/\" \/>\n<meta property=\"og:locale\" content=\"es_ES\" \/>\n<meta property=\"og:type\" content=\"article\" \/>\n<meta property=\"og:title\" content=\"M\u00fasica e Historia: El \u201cCamino Real\u201d [VIDEO] - El Regional\" \/>\n<meta property=\"og:description\" content=\"Carlos Di Fulvio le cant\u00f3 al Camino Real del Norte. La extensa trayectoria hacia el Alto Per\u00fa, con postas en toda nuestra regi\u00f3n.\" \/>\n<meta property=\"og:url\" content=\"http:\/\/elregionalvm.com.ar\/noticias-villa-maria\/musica-e-historia-el-camino-real-video\/\" \/>\n<meta property=\"og:site_name\" content=\"El Regional\" \/>\n<meta property=\"article:publisher\" content=\"https:\/\/www.facebook.com\/elregionalvm\" \/>\n<meta property=\"article:published_time\" content=\"2021-07-24T22:22:41+00:00\" \/>\n<meta property=\"article:modified_time\" content=\"2021-07-26T10:33:10+00:00\" \/>\n<meta property=\"og:image\" content=\"http:\/\/elregionalvm.com.ar\/noticias-villa-maria\/wp-content\/uploads\/2021\/07\/Camino-Real-Paso-de-Ferreira.jpg\" \/>\n\t<meta property=\"og:image:width\" content=\"1000\" \/>\n\t<meta property=\"og:image:height\" content=\"624\" \/>\n\t<meta property=\"og:image:type\" content=\"image\/jpeg\" \/>\n<meta name=\"author\" content=\"Contenidos El Regional\" \/>\n<meta name=\"twitter:card\" content=\"summary_large_image\" \/>\n<meta name=\"twitter:creator\" content=\"@elregionalvm1\" \/>\n<meta name=\"twitter:site\" content=\"@elregionalvm1\" \/>\n<meta name=\"twitter:label1\" content=\"Escrito por\" \/>\n\t<meta name=\"twitter:data1\" content=\"Contenidos El Regional\" \/>\n\t<meta name=\"twitter:label2\" content=\"Tiempo de lectura\" \/>\n\t<meta name=\"twitter:data2\" content=\"4 minutos\" \/>\n<script type=\"application\/ld+json\" class=\"yoast-schema-graph\">{\"@context\":\"https:\/\/schema.org\",\"@graph\":[{\"@type\":\"Article\",\"@id\":\"http:\/\/elregionalvm.com.ar\/noticias-villa-maria\/musica-e-historia-el-camino-real-video\/#article\",\"isPartOf\":{\"@id\":\"http:\/\/elregionalvm.com.ar\/noticias-villa-maria\/musica-e-historia-el-camino-real-video\/\"},\"author\":{\"name\":\"Contenidos El Regional\",\"@id\":\"http:\/\/elregionalvm.com.ar\/noticias-villa-maria\/#\/schema\/person\/a0fb9c422317faca23d50163151bc354\"},\"headline\":\"M\u00fasica e Historia: El \u201cCamino Real\u201d [VIDEO]\",\"datePublished\":\"2021-07-24T22:22:41+00:00\",\"dateModified\":\"2021-07-26T10:33:10+00:00\",\"mainEntityOfPage\":{\"@id\":\"http:\/\/elregionalvm.com.ar\/noticias-villa-maria\/musica-e-historia-el-camino-real-video\/\"},\"wordCount\":638,\"commentCount\":0,\"image\":{\"@id\":\"http:\/\/elregionalvm.com.ar\/noticias-villa-maria\/musica-e-historia-el-camino-real-video\/#primaryimage\"},\"thumbnailUrl\":\"https:\/\/i0.wp.com\/elregionalvm.com.ar\/noticias-villa-maria\/wp-content\/uploads\/2021\/07\/Camino-Real-Paso-de-Ferreira.jpg?fit=1000%2C624&ssl=1\",\"keywords\":[\"Alto Per\u00fa\",\"Camino Real\",\"Carlos Di Fulvio\",\"historia\",\"M\u00fasica e Historia\",\"Paso de Ferreira\",\"postas\"],\"articleSection\":[\"Historias\",\"tercera\",\"Videos\"],\"inLanguage\":\"es\",\"potentialAction\":[{\"@type\":\"CommentAction\",\"name\":\"Comment\",\"target\":[\"http:\/\/elregionalvm.com.ar\/noticias-villa-maria\/musica-e-historia-el-camino-real-video\/#respond\"]}]},{\"@type\":\"WebPage\",\"@id\":\"http:\/\/elregionalvm.com.ar\/noticias-villa-maria\/musica-e-historia-el-camino-real-video\/\",\"url\":\"http:\/\/elregionalvm.com.ar\/noticias-villa-maria\/musica-e-historia-el-camino-real-video\/\",\"name\":\"M\u00fasica e Historia: El \u201cCamino Real\u201d [VIDEO] - El Regional\",\"isPartOf\":{\"@id\":\"http:\/\/elregionalvm.com.ar\/noticias-villa-maria\/#website\"},\"primaryImageOfPage\":{\"@id\":\"http:\/\/elregionalvm.com.ar\/noticias-villa-maria\/musica-e-historia-el-camino-real-video\/#primaryimage\"},\"image\":{\"@id\":\"http:\/\/elregionalvm.com.ar\/noticias-villa-maria\/musica-e-historia-el-camino-real-video\/#primaryimage\"},\"thumbnailUrl\":\"https:\/\/i0.wp.com\/elregionalvm.com.ar\/noticias-villa-maria\/wp-content\/uploads\/2021\/07\/Camino-Real-Paso-de-Ferreira.jpg?fit=1000%2C624&ssl=1\",\"datePublished\":\"2021-07-24T22:22:41+00:00\",\"dateModified\":\"2021-07-26T10:33:10+00:00\",\"author\":{\"@id\":\"http:\/\/elregionalvm.com.ar\/noticias-villa-maria\/#\/schema\/person\/a0fb9c422317faca23d50163151bc354\"},\"description\":\"Carlos Di Fulvio le cant\u00f3 al Camino Real del Norte. La extensa trayectoria hacia el Alto Per\u00fa, con postas en toda nuestra regi\u00f3n.\",\"breadcrumb\":{\"@id\":\"http:\/\/elregionalvm.com.ar\/noticias-villa-maria\/musica-e-historia-el-camino-real-video\/#breadcrumb\"},\"inLanguage\":\"es\",\"potentialAction\":[{\"@type\":\"ReadAction\",\"target\":[\"http:\/\/elregionalvm.com.ar\/noticias-villa-maria\/musica-e-historia-el-camino-real-video\/\"]}]},{\"@type\":\"ImageObject\",\"inLanguage\":\"es\",\"@id\":\"http:\/\/elregionalvm.com.ar\/noticias-villa-maria\/musica-e-historia-el-camino-real-video\/#primaryimage\",\"url\":\"https:\/\/i0.wp.com\/elregionalvm.com.ar\/noticias-villa-maria\/wp-content\/uploads\/2021\/07\/Camino-Real-Paso-de-Ferreira.jpg?fit=1000%2C624&ssl=1\",\"contentUrl\":\"https:\/\/i0.wp.com\/elregionalvm.com.ar\/noticias-villa-maria\/wp-content\/uploads\/2021\/07\/Camino-Real-Paso-de-Ferreira.jpg?fit=1000%2C624&ssl=1\",\"width\":1000,\"height\":624},{\"@type\":\"BreadcrumbList\",\"@id\":\"http:\/\/elregionalvm.com.ar\/noticias-villa-maria\/musica-e-historia-el-camino-real-video\/#breadcrumb\",\"itemListElement\":[{\"@type\":\"ListItem\",\"position\":1,\"name\":\"Portada\",\"item\":\"https:\/\/elregionalvm.com.ar\/noticias-villa-maria\/\"},{\"@type\":\"ListItem\",\"position\":2,\"name\":\"M\u00fasica e Historia: El \u201cCamino Real\u201d [VIDEO]\"}]},{\"@type\":\"WebSite\",\"@id\":\"http:\/\/elregionalvm.com.ar\/noticias-villa-maria\/#website\",\"url\":\"http:\/\/elregionalvm.com.ar\/noticias-villa-maria\/\",\"name\":\"El Regional\",\"description\":\"Mucho m\u00e1s que informaci\u00f3n\",\"potentialAction\":[{\"@type\":\"SearchAction\",\"target\":{\"@type\":\"EntryPoint\",\"urlTemplate\":\"http:\/\/elregionalvm.com.ar\/noticias-villa-maria\/?s={search_term_string}\"},\"query-input\":{\"@type\":\"PropertyValueSpecification\",\"valueRequired\":true,\"valueName\":\"search_term_string\"}}],\"inLanguage\":\"es\"},{\"@type\":\"Person\",\"@id\":\"http:\/\/elregionalvm.com.ar\/noticias-villa-maria\/#\/schema\/person\/a0fb9c422317faca23d50163151bc354\",\"name\":\"Contenidos El Regional\",\"image\":{\"@type\":\"ImageObject\",\"inLanguage\":\"es\",\"@id\":\"http:\/\/elregionalvm.com.ar\/noticias-villa-maria\/#\/schema\/person\/image\/\",\"url\":\"https:\/\/secure.gravatar.com\/avatar\/265b27cb2209af7bb3a1318f03305787d7981a5cc6e6cd08fe5a4ecdf99d4b48?s=96&d=mm&r=g\",\"contentUrl\":\"https:\/\/secure.gravatar.com\/avatar\/265b27cb2209af7bb3a1318f03305787d7981a5cc6e6cd08fe5a4ecdf99d4b48?s=96&d=mm&r=g\",\"caption\":\"Contenidos El Regional\"},\"url\":\"https:\/\/elregionalvm.com.ar\/noticias-villa-maria\/author\/contenido\/\"}]}<\/script>\n<!-- \/ Yoast SEO plugin. -->","yoast_head_json":{"title":"M\u00fasica e Historia: El \u201cCamino Real\u201d [VIDEO] - El Regional","description":"Carlos Di Fulvio le cant\u00f3 al Camino Real del Norte. La extensa trayectoria hacia el Alto Per\u00fa, con postas en toda nuestra regi\u00f3n.","robots":{"index":"index","follow":"follow","max-snippet":"max-snippet:-1","max-image-preview":"max-image-preview:large","max-video-preview":"max-video-preview:-1"},"canonical":"http:\/\/elregionalvm.com.ar\/noticias-villa-maria\/musica-e-historia-el-camino-real-video\/","og_locale":"es_ES","og_type":"article","og_title":"M\u00fasica e Historia: El \u201cCamino Real\u201d [VIDEO] - El Regional","og_description":"Carlos Di Fulvio le cant\u00f3 al Camino Real del Norte. La extensa trayectoria hacia el Alto Per\u00fa, con postas en toda nuestra regi\u00f3n.","og_url":"http:\/\/elregionalvm.com.ar\/noticias-villa-maria\/musica-e-historia-el-camino-real-video\/","og_site_name":"El Regional","article_publisher":"https:\/\/www.facebook.com\/elregionalvm","article_published_time":"2021-07-24T22:22:41+00:00","article_modified_time":"2021-07-26T10:33:10+00:00","og_image":[{"width":1000,"height":624,"url":"http:\/\/elregionalvm.com.ar\/noticias-villa-maria\/wp-content\/uploads\/2021\/07\/Camino-Real-Paso-de-Ferreira.jpg","type":"image\/jpeg"}],"author":"Contenidos El Regional","twitter_card":"summary_large_image","twitter_creator":"@elregionalvm1","twitter_site":"@elregionalvm1","twitter_misc":{"Escrito por":"Contenidos El Regional","Tiempo de lectura":"4 minutos"},"schema":{"@context":"https:\/\/schema.org","@graph":[{"@type":"Article","@id":"http:\/\/elregionalvm.com.ar\/noticias-villa-maria\/musica-e-historia-el-camino-real-video\/#article","isPartOf":{"@id":"http:\/\/elregionalvm.com.ar\/noticias-villa-maria\/musica-e-historia-el-camino-real-video\/"},"author":{"name":"Contenidos El Regional","@id":"http:\/\/elregionalvm.com.ar\/noticias-villa-maria\/#\/schema\/person\/a0fb9c422317faca23d50163151bc354"},"headline":"M\u00fasica e Historia: El \u201cCamino Real\u201d [VIDEO]","datePublished":"2021-07-24T22:22:41+00:00","dateModified":"2021-07-26T10:33:10+00:00","mainEntityOfPage":{"@id":"http:\/\/elregionalvm.com.ar\/noticias-villa-maria\/musica-e-historia-el-camino-real-video\/"},"wordCount":638,"commentCount":0,"image":{"@id":"http:\/\/elregionalvm.com.ar\/noticias-villa-maria\/musica-e-historia-el-camino-real-video\/#primaryimage"},"thumbnailUrl":"https:\/\/i0.wp.com\/elregionalvm.com.ar\/noticias-villa-maria\/wp-content\/uploads\/2021\/07\/Camino-Real-Paso-de-Ferreira.jpg?fit=1000%2C624&ssl=1","keywords":["Alto Per\u00fa","Camino Real","Carlos Di Fulvio","historia","M\u00fasica e Historia","Paso de Ferreira","postas"],"articleSection":["Historias","tercera","Videos"],"inLanguage":"es","potentialAction":[{"@type":"CommentAction","name":"Comment","target":["http:\/\/elregionalvm.com.ar\/noticias-villa-maria\/musica-e-historia-el-camino-real-video\/#respond"]}]},{"@type":"WebPage","@id":"http:\/\/elregionalvm.com.ar\/noticias-villa-maria\/musica-e-historia-el-camino-real-video\/","url":"http:\/\/elregionalvm.com.ar\/noticias-villa-maria\/musica-e-historia-el-camino-real-video\/","name":"M\u00fasica e Historia: El \u201cCamino Real\u201d [VIDEO] - El Regional","isPartOf":{"@id":"http:\/\/elregionalvm.com.ar\/noticias-villa-maria\/#website"},"primaryImageOfPage":{"@id":"http:\/\/elregionalvm.com.ar\/noticias-villa-maria\/musica-e-historia-el-camino-real-video\/#primaryimage"},"image":{"@id":"http:\/\/elregionalvm.com.ar\/noticias-villa-maria\/musica-e-historia-el-camino-real-video\/#primaryimage"},"thumbnailUrl":"https:\/\/i0.wp.com\/elregionalvm.com.ar\/noticias-villa-maria\/wp-content\/uploads\/2021\/07\/Camino-Real-Paso-de-Ferreira.jpg?fit=1000%2C624&ssl=1","datePublished":"2021-07-24T22:22:41+00:00","dateModified":"2021-07-26T10:33:10+00:00","author":{"@id":"http:\/\/elregionalvm.com.ar\/noticias-villa-maria\/#\/schema\/person\/a0fb9c422317faca23d50163151bc354"},"description":"Carlos Di Fulvio le cant\u00f3 al Camino Real del Norte. La extensa trayectoria hacia el Alto Per\u00fa, con postas en toda nuestra regi\u00f3n.","breadcrumb":{"@id":"http:\/\/elregionalvm.com.ar\/noticias-villa-maria\/musica-e-historia-el-camino-real-video\/#breadcrumb"},"inLanguage":"es","potentialAction":[{"@type":"ReadAction","target":["http:\/\/elregionalvm.com.ar\/noticias-villa-maria\/musica-e-historia-el-camino-real-video\/"]}]},{"@type":"ImageObject","inLanguage":"es","@id":"http:\/\/elregionalvm.com.ar\/noticias-villa-maria\/musica-e-historia-el-camino-real-video\/#primaryimage","url":"https:\/\/i0.wp.com\/elregionalvm.com.ar\/noticias-villa-maria\/wp-content\/uploads\/2021\/07\/Camino-Real-Paso-de-Ferreira.jpg?fit=1000%2C624&ssl=1","contentUrl":"https:\/\/i0.wp.com\/elregionalvm.com.ar\/noticias-villa-maria\/wp-content\/uploads\/2021\/07\/Camino-Real-Paso-de-Ferreira.jpg?fit=1000%2C624&ssl=1","width":1000,"height":624},{"@type":"BreadcrumbList","@id":"http:\/\/elregionalvm.com.ar\/noticias-villa-maria\/musica-e-historia-el-camino-real-video\/#breadcrumb","itemListElement":[{"@type":"ListItem","position":1,"name":"Portada","item":"https:\/\/elregionalvm.com.ar\/noticias-villa-maria\/"},{"@type":"ListItem","position":2,"name":"M\u00fasica e Historia: El \u201cCamino Real\u201d [VIDEO]"}]},{"@type":"WebSite","@id":"http:\/\/elregionalvm.com.ar\/noticias-villa-maria\/#website","url":"http:\/\/elregionalvm.com.ar\/noticias-villa-maria\/","name":"El Regional","description":"Mucho m\u00e1s que informaci\u00f3n","potentialAction":[{"@type":"SearchAction","target":{"@type":"EntryPoint","urlTemplate":"http:\/\/elregionalvm.com.ar\/noticias-villa-maria\/?s={search_term_string}"},"query-input":{"@type":"PropertyValueSpecification","valueRequired":true,"valueName":"search_term_string"}}],"inLanguage":"es"},{"@type":"Person","@id":"http:\/\/elregionalvm.com.ar\/noticias-villa-maria\/#\/schema\/person\/a0fb9c422317faca23d50163151bc354","name":"Contenidos El Regional","image":{"@type":"ImageObject","inLanguage":"es","@id":"http:\/\/elregionalvm.com.ar\/noticias-villa-maria\/#\/schema\/person\/image\/","url":"https:\/\/secure.gravatar.com\/avatar\/265b27cb2209af7bb3a1318f03305787d7981a5cc6e6cd08fe5a4ecdf99d4b48?s=96&d=mm&r=g","contentUrl":"https:\/\/secure.gravatar.com\/avatar\/265b27cb2209af7bb3a1318f03305787d7981a5cc6e6cd08fe5a4ecdf99d4b48?s=96&d=mm&r=g","caption":"Contenidos El Regional"},"url":"https:\/\/elregionalvm.com.ar\/noticias-villa-maria\/author\/contenido\/"}]}},"jetpack_featured_media_url":"https:\/\/i0.wp.com\/elregionalvm.com.ar\/noticias-villa-maria\/wp-content\/uploads\/2021\/07\/Camino-Real-Paso-de-Ferreira.jpg?fit=1000%2C624&ssl=1","jetpack_sharing_enabled":true,"_links":{"self":[{"href":"https:\/\/elregionalvm.com.ar\/noticias-villa-maria\/wp-json\/wp\/v2\/posts\/41463","targetHints":{"allow":["GET"]}}],"collection":[{"href":"https:\/\/elregionalvm.com.ar\/noticias-villa-maria\/wp-json\/wp\/v2\/posts"}],"about":[{"href":"https:\/\/elregionalvm.com.ar\/noticias-villa-maria\/wp-json\/wp\/v2\/types\/post"}],"author":[{"embeddable":true,"href":"https:\/\/elregionalvm.com.ar\/noticias-villa-maria\/wp-json\/wp\/v2\/users\/4"}],"replies":[{"embeddable":true,"href":"https:\/\/elregionalvm.com.ar\/noticias-villa-maria\/wp-json\/wp\/v2\/comments?post=41463"}],"version-history":[{"count":1,"href":"https:\/\/elregionalvm.com.ar\/noticias-villa-maria\/wp-json\/wp\/v2\/posts\/41463\/revisions"}],"predecessor-version":[{"id":41469,"href":"https:\/\/elregionalvm.com.ar\/noticias-villa-maria\/wp-json\/wp\/v2\/posts\/41463\/revisions\/41469"}],"wp:featuredmedia":[{"embeddable":true,"href":"https:\/\/elregionalvm.com.ar\/noticias-villa-maria\/wp-json\/wp\/v2\/media\/41464"}],"wp:attachment":[{"href":"https:\/\/elregionalvm.com.ar\/noticias-villa-maria\/wp-json\/wp\/v2\/media?parent=41463"}],"wp:term":[{"taxonomy":"category","embeddable":true,"href":"https:\/\/elregionalvm.com.ar\/noticias-villa-maria\/wp-json\/wp\/v2\/categories?post=41463"},{"taxonomy":"post_tag","embeddable":true,"href":"https:\/\/elregionalvm.com.ar\/noticias-villa-maria\/wp-json\/wp\/v2\/tags?post=41463"}],"curies":[{"name":"wp","href":"https:\/\/api.w.org\/{rel}","templated":true}]}}