{"id":41470,"date":"2021-07-24T22:38:01","date_gmt":"2021-07-24T22:38:01","guid":{"rendered":"https:\/\/elregionalvm.com.ar\/noticias-villa-maria\/?p=41470"},"modified":"2021-07-24T23:56:28","modified_gmt":"2021-07-24T23:56:28","slug":"covid-en-villa-maria-el-94-se-ha-recuperado-pero-ya-hay-241-fallecidos","status":"publish","type":"post","link":"https:\/\/elregionalvm.com.ar\/noticias-villa-maria\/covid-en-villa-maria-el-94-se-ha-recuperado-pero-ya-hay-241-fallecidos\/","title":{"rendered":"Covid en Villa Mar\u00eda: el 94% se ha recuperado, pero ya hay 241 fallecidos"},"content":{"rendered":"\n<p>Este s\u00e1bado 24 de julio, el municipio notific\u00f3 101 nuevos casos positivos de covid 19, una cifra similar a la informada el \u00faltimo viernes.<\/p>\n\n\n\n<p>De esta manera, los contagios hasta el momento sobrepasan los 18 mil casos en la ciudad.<\/p>\n\n\n\n<p><\/p>\n\n\n\n<figure class=\"wp-block-image size-large\"><img data-recalc-dims=\"1\" fetchpriority=\"high\" decoding=\"async\" width=\"1024\" height=\"576\" src=\"https:\/\/i0.wp.com\/elregionalvm.com.ar\/noticias-villa-maria\/wp-content\/uploads\/2021\/07\/WhatsApp-Image-2021-07-24-at-5.50.15-PM.jpeg?resize=1024%2C576&#038;ssl=1\" alt=\"\" class=\"wp-image-41471\" srcset=\"https:\/\/i0.wp.com\/elregionalvm.com.ar\/noticias-villa-maria\/wp-content\/uploads\/2021\/07\/WhatsApp-Image-2021-07-24-at-5.50.15-PM.jpeg?resize=1024%2C576&amp;ssl=1 1024w, https:\/\/i0.wp.com\/elregionalvm.com.ar\/noticias-villa-maria\/wp-content\/uploads\/2021\/07\/WhatsApp-Image-2021-07-24-at-5.50.15-PM.jpeg?resize=300%2C169&amp;ssl=1 300w, https:\/\/i0.wp.com\/elregionalvm.com.ar\/noticias-villa-maria\/wp-content\/uploads\/2021\/07\/WhatsApp-Image-2021-07-24-at-5.50.15-PM.jpeg?resize=768%2C432&amp;ssl=1 768w, https:\/\/i0.wp.com\/elregionalvm.com.ar\/noticias-villa-maria\/wp-content\/uploads\/2021\/07\/WhatsApp-Image-2021-07-24-at-5.50.15-PM.jpeg?w=1280&amp;ssl=1 1280w\" sizes=\"(max-width: 1000px) 100vw, 1000px\" \/><\/figure>\n\n\n\n<p><\/p>\n\n\n\n<p>De ese total, el 94% de los pacientes se ha recuperado, lo que representa una gran proporci\u00f3n de personas que han vencido al coronavirus.<\/p>\n\n\n\n<p>Sin embargo, este s\u00e1bado se registr\u00f3 un nuevo fallecimiento, el de una mujer de 94 a\u00f1os, que se suma a los cuatro decesos producidos en la \u00faltima semana seg\u00fan datos del Registro Civil.<\/p>\n\n\n\n<p><\/p>\n\n\n\n<figure class=\"wp-block-image size-large\"><img data-recalc-dims=\"1\" decoding=\"async\" width=\"1024\" height=\"576\" src=\"https:\/\/i0.wp.com\/elregionalvm.com.ar\/noticias-villa-maria\/wp-content\/uploads\/2021\/07\/WhatsApp-Image-2021-07-24-at-5.50.28-PM.jpeg?resize=1024%2C576&#038;ssl=1\" alt=\"\" class=\"wp-image-41472\" srcset=\"https:\/\/i0.wp.com\/elregionalvm.com.ar\/noticias-villa-maria\/wp-content\/uploads\/2021\/07\/WhatsApp-Image-2021-07-24-at-5.50.28-PM.jpeg?resize=1024%2C576&amp;ssl=1 1024w, https:\/\/i0.wp.com\/elregionalvm.com.ar\/noticias-villa-maria\/wp-content\/uploads\/2021\/07\/WhatsApp-Image-2021-07-24-at-5.50.28-PM.jpeg?resize=300%2C169&amp;ssl=1 300w, https:\/\/i0.wp.com\/elregionalvm.com.ar\/noticias-villa-maria\/wp-content\/uploads\/2021\/07\/WhatsApp-Image-2021-07-24-at-5.50.28-PM.jpeg?resize=768%2C432&amp;ssl=1 768w, https:\/\/i0.wp.com\/elregionalvm.com.ar\/noticias-villa-maria\/wp-content\/uploads\/2021\/07\/WhatsApp-Image-2021-07-24-at-5.50.28-PM.jpeg?w=1280&amp;ssl=1 1280w\" sizes=\"(max-width: 1000px) 100vw, 1000px\" \/><\/figure>\n\n\n\n<p><\/p>\n\n\n\n<p>De esta manera, son 241 los villamarienses que perdieron la vida hasta ahora por su estado de salud complicado por efecto del coronavirus. <\/p>\n\n\n\n<p>El promedio de edad de los vecinos fallecidos es de 72,9 a\u00f1os, edad que fue reduci\u00e9ndose con el paso del tiempo. Precisamente, en los \u00faltimos meses de este a\u00f1o, en el marco de la segunda ola, cay\u00f3 la edad promedio de los pacientes fallecidos, ya que se increment\u00f3 la cantidad de muertes de personas menores de 60 a\u00f1os. <\/p>\n\n\n\n<p><strong>En Villa Nueva<\/strong><\/p>\n\n\n\n<p>En las \u00faltimas 24 horas, se registraron 29 casos positivos en Villa Nueva, en tanto que se otorgaron 27 altas m\u00e9dicas.<\/p>\n\n\n\n<p>En total, actualmente, la ciudad contabiliza 239 casos activos, de los cuales, 7 personas se encuentran internadas. Desde el inicio de la pandemia, en Villa Nueva se contabilizan 4584 casos.<\/p>\n\n\n\n<p><br><\/p>\n","protected":false},"excerpt":{"rendered":"<p>Este s\u00e1bado 24 de julio, el municipio notific\u00f3 101 nuevos casos positivos de covid 19, una cifra similar a la informada el \u00faltimo viernes. De esta manera, los contagios hasta el momento sobrepasan los 18 mil casos en la ciudad. De ese total, el 94% de los pacientes se ha recuperado, lo que representa una [&hellip;]<\/p>\n","protected":false},"author":6,"featured_media":27683,"comment_status":"open","ping_status":"open","sticky":false,"template":"","format":"standard","meta":{"site-sidebar-layout":"default","site-content-layout":"default","ast-site-content-layout":"default","site-content-style":"default","site-sidebar-style":"default","ast-global-header-display":"","ast-banner-title-visibility":"","ast-main-header-display":"","ast-hfb-above-header-display":"","ast-hfb-below-header-display":"","ast-hfb-mobile-header-display":"","site-post-title":"","ast-breadcrumbs-content":"","ast-featured-img":"","footer-sml-layout":"","ast-disable-related-posts":"","theme-transparent-header-meta":"default","adv-header-id-meta":"","stick-header-meta":"","header-above-stick-meta":"","header-main-stick-meta":"","header-below-stick-meta":"","astra-migrate-meta-layouts":"default","ast-page-background-enabled":"default","ast-page-background-meta":{"desktop":{"background-color":"","background-image":"","background-repeat":"repeat","background-position":"center center","background-size":"auto","background-attachment":"scroll","background-type":"","background-media":"","overlay-type":"","overlay-color":"","overlay-opacity":"","overlay-gradient":""},"tablet":{"background-color":"","background-image":"","background-repeat":"repeat","background-position":"center center","background-size":"auto","background-attachment":"scroll","background-type":"","background-media":"","overlay-type":"","overlay-color":"","overlay-opacity":"","overlay-gradient":""},"mobile":{"background-color":"","background-image":"","background-repeat":"repeat","background-position":"center center","background-size":"auto","background-attachment":"scroll","background-type":"","background-media":"","overlay-type":"","overlay-color":"","overlay-opacity":"","overlay-gradient":""}},"ast-content-background-meta":{"desktop":{"background-color":"var(--ast-global-color-5)","background-image":"","background-repeat":"repeat","background-position":"center center","background-size":"auto","background-attachment":"scroll","background-type":"","background-media":"","overlay-type":"","overlay-color":"","overlay-opacity":"","overlay-gradient":""},"tablet":{"background-color":"var(--ast-global-color-5)","background-image":"","background-repeat":"repeat","background-position":"center center","background-size":"auto","background-attachment":"scroll","background-type":"","background-media":"","overlay-type":"","overlay-color":"","overlay-opacity":"","overlay-gradient":""},"mobile":{"background-color":"var(--ast-global-color-5)","background-image":"","background-repeat":"repeat","background-position":"center center","background-size":"auto","background-attachment":"scroll","background-type":"","background-media":"","overlay-type":"","overlay-color":"","overlay-opacity":"","overlay-gradient":""}},"_jetpack_memberships_contains_paid_content":false,"_joinchat":[],"footnotes":""},"categories":[2256,2],"tags":[2367,2865,1232,4411,2623,1998,2248],"class_list":["post-41470","post","type-post","status-publish","format-standard","has-post-thumbnail","hentry","category-coronavirus","category-villa-maria","tag-contagios","tag-covid-19-2","tag-destacado","tag-fallecimientos","tag-informe-epidemiologico","tag-pandemia","tag-villa-maria-2"],"yoast_head":"<!-- This site is optimized with the Yoast SEO plugin v26.8 - https:\/\/yoast.com\/product\/yoast-seo-wordpress\/ -->\n<title>Covid en Villa Mar\u00eda: el 94% se ha recuperado, pero ya hay 241 fallecidos - El Regional<\/title>\n<meta name=\"description\" content=\"Este s\u00e1bado se registr\u00f3 un nuevo fallecimiento, el de una mujer de 94 a\u00f1os, que se suma a los cuatro decesos producidos en la \u00faltima semana.\" \/>\n<meta name=\"robots\" content=\"index, follow, max-snippet:-1, max-image-preview:large, max-video-preview:-1\" \/>\n<link rel=\"canonical\" href=\"http:\/\/elregionalvm.com.ar\/noticias-villa-maria\/covid-en-villa-maria-el-94-se-ha-recuperado-pero-ya-hay-241-fallecidos\/\" \/>\n<meta property=\"og:locale\" content=\"es_ES\" \/>\n<meta property=\"og:type\" content=\"article\" \/>\n<meta property=\"og:title\" content=\"Covid en Villa Mar\u00eda: el 94% se ha recuperado, pero ya hay 241 fallecidos - El Regional\" \/>\n<meta property=\"og:description\" content=\"Este s\u00e1bado se registr\u00f3 un nuevo fallecimiento, el de una mujer de 94 a\u00f1os, que se suma a los cuatro decesos producidos en la \u00faltima semana.\" \/>\n<meta property=\"og:url\" content=\"http:\/\/elregionalvm.com.ar\/noticias-villa-maria\/covid-en-villa-maria-el-94-se-ha-recuperado-pero-ya-hay-241-fallecidos\/\" \/>\n<meta property=\"og:site_name\" content=\"El Regional\" \/>\n<meta property=\"article:publisher\" content=\"https:\/\/www.facebook.com\/elregionalvm\" \/>\n<meta property=\"article:published_time\" content=\"2021-07-24T22:38:01+00:00\" \/>\n<meta property=\"article:modified_time\" content=\"2021-07-24T23:56:28+00:00\" \/>\n<meta property=\"og:image\" content=\"http:\/\/elregionalvm.com.ar\/noticias-villa-maria\/wp-content\/uploads\/2020\/11\/covid-3.jpg\" \/>\n\t<meta property=\"og:image:width\" content=\"1200\" \/>\n\t<meta property=\"og:image:height\" content=\"724\" \/>\n\t<meta property=\"og:image:type\" content=\"image\/jpeg\" \/>\n<meta name=\"author\" content=\"Germ\u00e1n Giacchero\" \/>\n<meta name=\"twitter:card\" content=\"summary_large_image\" \/>\n<meta name=\"twitter:creator\" content=\"@elregionalvm1\" \/>\n<meta name=\"twitter:site\" content=\"@elregionalvm1\" \/>\n<meta name=\"twitter:label1\" content=\"Escrito por\" \/>\n\t<meta name=\"twitter:data1\" content=\"Germ\u00e1n Giacchero\" \/>\n\t<meta name=\"twitter:label2\" content=\"Tiempo de lectura\" \/>\n\t<meta name=\"twitter:data2\" content=\"2 minutos\" \/>\n<script type=\"application\/ld+json\" class=\"yoast-schema-graph\">{\"@context\":\"https:\/\/schema.org\",\"@graph\":[{\"@type\":\"Article\",\"@id\":\"http:\/\/elregionalvm.com.ar\/noticias-villa-maria\/covid-en-villa-maria-el-94-se-ha-recuperado-pero-ya-hay-241-fallecidos\/#article\",\"isPartOf\":{\"@id\":\"http:\/\/elregionalvm.com.ar\/noticias-villa-maria\/covid-en-villa-maria-el-94-se-ha-recuperado-pero-ya-hay-241-fallecidos\/\"},\"author\":{\"name\":\"Germ\u00e1n Giacchero\",\"@id\":\"http:\/\/elregionalvm.com.ar\/noticias-villa-maria\/#\/schema\/person\/d5e4b04966154131701e52c45d3efec9\"},\"headline\":\"Covid en Villa Mar\u00eda: el 94% se ha recuperado, pero ya hay 241 fallecidos\",\"datePublished\":\"2021-07-24T22:38:01+00:00\",\"dateModified\":\"2021-07-24T23:56:28+00:00\",\"mainEntityOfPage\":{\"@id\":\"http:\/\/elregionalvm.com.ar\/noticias-villa-maria\/covid-en-villa-maria-el-94-se-ha-recuperado-pero-ya-hay-241-fallecidos\/\"},\"wordCount\":240,\"commentCount\":0,\"image\":{\"@id\":\"http:\/\/elregionalvm.com.ar\/noticias-villa-maria\/covid-en-villa-maria-el-94-se-ha-recuperado-pero-ya-hay-241-fallecidos\/#primaryimage\"},\"thumbnailUrl\":\"https:\/\/i0.wp.com\/elregionalvm.com.ar\/noticias-villa-maria\/wp-content\/uploads\/2020\/11\/covid-3.jpg?fit=1200%2C724&ssl=1\",\"keywords\":[\"Contagios\",\"Covid 19\",\"destacado\",\"Fallecimientos\",\"Informe epidemiol\u00f3gico\",\"pandemia\",\"Villa Mar\u00eda\"],\"articleSection\":[\"Coronavirus\",\"Villa Mar\u00eda\"],\"inLanguage\":\"es\",\"potentialAction\":[{\"@type\":\"CommentAction\",\"name\":\"Comment\",\"target\":[\"http:\/\/elregionalvm.com.ar\/noticias-villa-maria\/covid-en-villa-maria-el-94-se-ha-recuperado-pero-ya-hay-241-fallecidos\/#respond\"]}]},{\"@type\":\"WebPage\",\"@id\":\"http:\/\/elregionalvm.com.ar\/noticias-villa-maria\/covid-en-villa-maria-el-94-se-ha-recuperado-pero-ya-hay-241-fallecidos\/\",\"url\":\"http:\/\/elregionalvm.com.ar\/noticias-villa-maria\/covid-en-villa-maria-el-94-se-ha-recuperado-pero-ya-hay-241-fallecidos\/\",\"name\":\"Covid en Villa Mar\u00eda: el 94% se ha recuperado, pero ya hay 241 fallecidos - El Regional\",\"isPartOf\":{\"@id\":\"http:\/\/elregionalvm.com.ar\/noticias-villa-maria\/#website\"},\"primaryImageOfPage\":{\"@id\":\"http:\/\/elregionalvm.com.ar\/noticias-villa-maria\/covid-en-villa-maria-el-94-se-ha-recuperado-pero-ya-hay-241-fallecidos\/#primaryimage\"},\"image\":{\"@id\":\"http:\/\/elregionalvm.com.ar\/noticias-villa-maria\/covid-en-villa-maria-el-94-se-ha-recuperado-pero-ya-hay-241-fallecidos\/#primaryimage\"},\"thumbnailUrl\":\"https:\/\/i0.wp.com\/elregionalvm.com.ar\/noticias-villa-maria\/wp-content\/uploads\/2020\/11\/covid-3.jpg?fit=1200%2C724&ssl=1\",\"datePublished\":\"2021-07-24T22:38:01+00:00\",\"dateModified\":\"2021-07-24T23:56:28+00:00\",\"author\":{\"@id\":\"http:\/\/elregionalvm.com.ar\/noticias-villa-maria\/#\/schema\/person\/d5e4b04966154131701e52c45d3efec9\"},\"description\":\"Este s\u00e1bado se registr\u00f3 un nuevo fallecimiento, el de una mujer de 94 a\u00f1os, que se suma a los cuatro decesos producidos en la \u00faltima semana.\",\"breadcrumb\":{\"@id\":\"http:\/\/elregionalvm.com.ar\/noticias-villa-maria\/covid-en-villa-maria-el-94-se-ha-recuperado-pero-ya-hay-241-fallecidos\/#breadcrumb\"},\"inLanguage\":\"es\",\"potentialAction\":[{\"@type\":\"ReadAction\",\"target\":[\"http:\/\/elregionalvm.com.ar\/noticias-villa-maria\/covid-en-villa-maria-el-94-se-ha-recuperado-pero-ya-hay-241-fallecidos\/\"]}]},{\"@type\":\"ImageObject\",\"inLanguage\":\"es\",\"@id\":\"http:\/\/elregionalvm.com.ar\/noticias-villa-maria\/covid-en-villa-maria-el-94-se-ha-recuperado-pero-ya-hay-241-fallecidos\/#primaryimage\",\"url\":\"https:\/\/i0.wp.com\/elregionalvm.com.ar\/noticias-villa-maria\/wp-content\/uploads\/2020\/11\/covid-3.jpg?fit=1200%2C724&ssl=1\",\"contentUrl\":\"https:\/\/i0.wp.com\/elregionalvm.com.ar\/noticias-villa-maria\/wp-content\/uploads\/2020\/11\/covid-3.jpg?fit=1200%2C724&ssl=1\",\"width\":1200,\"height\":724},{\"@type\":\"BreadcrumbList\",\"@id\":\"http:\/\/elregionalvm.com.ar\/noticias-villa-maria\/covid-en-villa-maria-el-94-se-ha-recuperado-pero-ya-hay-241-fallecidos\/#breadcrumb\",\"itemListElement\":[{\"@type\":\"ListItem\",\"position\":1,\"name\":\"Portada\",\"item\":\"https:\/\/elregionalvm.com.ar\/noticias-villa-maria\/\"},{\"@type\":\"ListItem\",\"position\":2,\"name\":\"Covid en Villa Mar\u00eda: el 94% se ha recuperado, pero ya hay 241 fallecidos\"}]},{\"@type\":\"WebSite\",\"@id\":\"http:\/\/elregionalvm.com.ar\/noticias-villa-maria\/#website\",\"url\":\"http:\/\/elregionalvm.com.ar\/noticias-villa-maria\/\",\"name\":\"El Regional\",\"description\":\"Mucho m\u00e1s que informaci\u00f3n\",\"potentialAction\":[{\"@type\":\"SearchAction\",\"target\":{\"@type\":\"EntryPoint\",\"urlTemplate\":\"http:\/\/elregionalvm.com.ar\/noticias-villa-maria\/?s={search_term_string}\"},\"query-input\":{\"@type\":\"PropertyValueSpecification\",\"valueRequired\":true,\"valueName\":\"search_term_string\"}}],\"inLanguage\":\"es\"},{\"@type\":\"Person\",\"@id\":\"http:\/\/elregionalvm.com.ar\/noticias-villa-maria\/#\/schema\/person\/d5e4b04966154131701e52c45d3efec9\",\"name\":\"Germ\u00e1n Giacchero\",\"image\":{\"@type\":\"ImageObject\",\"inLanguage\":\"es\",\"@id\":\"http:\/\/elregionalvm.com.ar\/noticias-villa-maria\/#\/schema\/person\/image\/\",\"url\":\"https:\/\/secure.gravatar.com\/avatar\/fda163ba5ef0307ee5be9846e10f83b6e83d0cfb260d3b2464830318894c6b04?s=96&d=mm&r=g\",\"contentUrl\":\"https:\/\/secure.gravatar.com\/avatar\/fda163ba5ef0307ee5be9846e10f83b6e83d0cfb260d3b2464830318894c6b04?s=96&d=mm&r=g\",\"caption\":\"Germ\u00e1n Giacchero\"},\"url\":\"https:\/\/elregionalvm.com.ar\/noticias-villa-maria\/author\/germangiacchero\/\"}]}<\/script>\n<!-- \/ Yoast SEO plugin. -->","yoast_head_json":{"title":"Covid en Villa Mar\u00eda: el 94% se ha recuperado, pero ya hay 241 fallecidos - El Regional","description":"Este s\u00e1bado se registr\u00f3 un nuevo fallecimiento, el de una mujer de 94 a\u00f1os, que se suma a los cuatro decesos producidos en la \u00faltima semana.","robots":{"index":"index","follow":"follow","max-snippet":"max-snippet:-1","max-image-preview":"max-image-preview:large","max-video-preview":"max-video-preview:-1"},"canonical":"http:\/\/elregionalvm.com.ar\/noticias-villa-maria\/covid-en-villa-maria-el-94-se-ha-recuperado-pero-ya-hay-241-fallecidos\/","og_locale":"es_ES","og_type":"article","og_title":"Covid en Villa Mar\u00eda: el 94% se ha recuperado, pero ya hay 241 fallecidos - El Regional","og_description":"Este s\u00e1bado se registr\u00f3 un nuevo fallecimiento, el de una mujer de 94 a\u00f1os, que se suma a los cuatro decesos producidos en la \u00faltima semana.","og_url":"http:\/\/elregionalvm.com.ar\/noticias-villa-maria\/covid-en-villa-maria-el-94-se-ha-recuperado-pero-ya-hay-241-fallecidos\/","og_site_name":"El Regional","article_publisher":"https:\/\/www.facebook.com\/elregionalvm","article_published_time":"2021-07-24T22:38:01+00:00","article_modified_time":"2021-07-24T23:56:28+00:00","og_image":[{"width":1200,"height":724,"url":"http:\/\/elregionalvm.com.ar\/noticias-villa-maria\/wp-content\/uploads\/2020\/11\/covid-3.jpg","type":"image\/jpeg"}],"author":"Germ\u00e1n Giacchero","twitter_card":"summary_large_image","twitter_creator":"@elregionalvm1","twitter_site":"@elregionalvm1","twitter_misc":{"Escrito por":"Germ\u00e1n Giacchero","Tiempo de lectura":"2 minutos"},"schema":{"@context":"https:\/\/schema.org","@graph":[{"@type":"Article","@id":"http:\/\/elregionalvm.com.ar\/noticias-villa-maria\/covid-en-villa-maria-el-94-se-ha-recuperado-pero-ya-hay-241-fallecidos\/#article","isPartOf":{"@id":"http:\/\/elregionalvm.com.ar\/noticias-villa-maria\/covid-en-villa-maria-el-94-se-ha-recuperado-pero-ya-hay-241-fallecidos\/"},"author":{"name":"Germ\u00e1n Giacchero","@id":"http:\/\/elregionalvm.com.ar\/noticias-villa-maria\/#\/schema\/person\/d5e4b04966154131701e52c45d3efec9"},"headline":"Covid en Villa Mar\u00eda: el 94% se ha recuperado, pero ya hay 241 fallecidos","datePublished":"2021-07-24T22:38:01+00:00","dateModified":"2021-07-24T23:56:28+00:00","mainEntityOfPage":{"@id":"http:\/\/elregionalvm.com.ar\/noticias-villa-maria\/covid-en-villa-maria-el-94-se-ha-recuperado-pero-ya-hay-241-fallecidos\/"},"wordCount":240,"commentCount":0,"image":{"@id":"http:\/\/elregionalvm.com.ar\/noticias-villa-maria\/covid-en-villa-maria-el-94-se-ha-recuperado-pero-ya-hay-241-fallecidos\/#primaryimage"},"thumbnailUrl":"https:\/\/i0.wp.com\/elregionalvm.com.ar\/noticias-villa-maria\/wp-content\/uploads\/2020\/11\/covid-3.jpg?fit=1200%2C724&ssl=1","keywords":["Contagios","Covid 19","destacado","Fallecimientos","Informe epidemiol\u00f3gico","pandemia","Villa Mar\u00eda"],"articleSection":["Coronavirus","Villa Mar\u00eda"],"inLanguage":"es","potentialAction":[{"@type":"CommentAction","name":"Comment","target":["http:\/\/elregionalvm.com.ar\/noticias-villa-maria\/covid-en-villa-maria-el-94-se-ha-recuperado-pero-ya-hay-241-fallecidos\/#respond"]}]},{"@type":"WebPage","@id":"http:\/\/elregionalvm.com.ar\/noticias-villa-maria\/covid-en-villa-maria-el-94-se-ha-recuperado-pero-ya-hay-241-fallecidos\/","url":"http:\/\/elregionalvm.com.ar\/noticias-villa-maria\/covid-en-villa-maria-el-94-se-ha-recuperado-pero-ya-hay-241-fallecidos\/","name":"Covid en Villa Mar\u00eda: el 94% se ha recuperado, pero ya hay 241 fallecidos - El Regional","isPartOf":{"@id":"http:\/\/elregionalvm.com.ar\/noticias-villa-maria\/#website"},"primaryImageOfPage":{"@id":"http:\/\/elregionalvm.com.ar\/noticias-villa-maria\/covid-en-villa-maria-el-94-se-ha-recuperado-pero-ya-hay-241-fallecidos\/#primaryimage"},"image":{"@id":"http:\/\/elregionalvm.com.ar\/noticias-villa-maria\/covid-en-villa-maria-el-94-se-ha-recuperado-pero-ya-hay-241-fallecidos\/#primaryimage"},"thumbnailUrl":"https:\/\/i0.wp.com\/elregionalvm.com.ar\/noticias-villa-maria\/wp-content\/uploads\/2020\/11\/covid-3.jpg?fit=1200%2C724&ssl=1","datePublished":"2021-07-24T22:38:01+00:00","dateModified":"2021-07-24T23:56:28+00:00","author":{"@id":"http:\/\/elregionalvm.com.ar\/noticias-villa-maria\/#\/schema\/person\/d5e4b04966154131701e52c45d3efec9"},"description":"Este s\u00e1bado se registr\u00f3 un nuevo fallecimiento, el de una mujer de 94 a\u00f1os, que se suma a los cuatro decesos producidos en la \u00faltima semana.","breadcrumb":{"@id":"http:\/\/elregionalvm.com.ar\/noticias-villa-maria\/covid-en-villa-maria-el-94-se-ha-recuperado-pero-ya-hay-241-fallecidos\/#breadcrumb"},"inLanguage":"es","potentialAction":[{"@type":"ReadAction","target":["http:\/\/elregionalvm.com.ar\/noticias-villa-maria\/covid-en-villa-maria-el-94-se-ha-recuperado-pero-ya-hay-241-fallecidos\/"]}]},{"@type":"ImageObject","inLanguage":"es","@id":"http:\/\/elregionalvm.com.ar\/noticias-villa-maria\/covid-en-villa-maria-el-94-se-ha-recuperado-pero-ya-hay-241-fallecidos\/#primaryimage","url":"https:\/\/i0.wp.com\/elregionalvm.com.ar\/noticias-villa-maria\/wp-content\/uploads\/2020\/11\/covid-3.jpg?fit=1200%2C724&ssl=1","contentUrl":"https:\/\/i0.wp.com\/elregionalvm.com.ar\/noticias-villa-maria\/wp-content\/uploads\/2020\/11\/covid-3.jpg?fit=1200%2C724&ssl=1","width":1200,"height":724},{"@type":"BreadcrumbList","@id":"http:\/\/elregionalvm.com.ar\/noticias-villa-maria\/covid-en-villa-maria-el-94-se-ha-recuperado-pero-ya-hay-241-fallecidos\/#breadcrumb","itemListElement":[{"@type":"ListItem","position":1,"name":"Portada","item":"https:\/\/elregionalvm.com.ar\/noticias-villa-maria\/"},{"@type":"ListItem","position":2,"name":"Covid en Villa Mar\u00eda: el 94% se ha recuperado, pero ya hay 241 fallecidos"}]},{"@type":"WebSite","@id":"http:\/\/elregionalvm.com.ar\/noticias-villa-maria\/#website","url":"http:\/\/elregionalvm.com.ar\/noticias-villa-maria\/","name":"El Regional","description":"Mucho m\u00e1s que informaci\u00f3n","potentialAction":[{"@type":"SearchAction","target":{"@type":"EntryPoint","urlTemplate":"http:\/\/elregionalvm.com.ar\/noticias-villa-maria\/?s={search_term_string}"},"query-input":{"@type":"PropertyValueSpecification","valueRequired":true,"valueName":"search_term_string"}}],"inLanguage":"es"},{"@type":"Person","@id":"http:\/\/elregionalvm.com.ar\/noticias-villa-maria\/#\/schema\/person\/d5e4b04966154131701e52c45d3efec9","name":"Germ\u00e1n Giacchero","image":{"@type":"ImageObject","inLanguage":"es","@id":"http:\/\/elregionalvm.com.ar\/noticias-villa-maria\/#\/schema\/person\/image\/","url":"https:\/\/secure.gravatar.com\/avatar\/fda163ba5ef0307ee5be9846e10f83b6e83d0cfb260d3b2464830318894c6b04?s=96&d=mm&r=g","contentUrl":"https:\/\/secure.gravatar.com\/avatar\/fda163ba5ef0307ee5be9846e10f83b6e83d0cfb260d3b2464830318894c6b04?s=96&d=mm&r=g","caption":"Germ\u00e1n Giacchero"},"url":"https:\/\/elregionalvm.com.ar\/noticias-villa-maria\/author\/germangiacchero\/"}]}},"jetpack_featured_media_url":"https:\/\/i0.wp.com\/elregionalvm.com.ar\/noticias-villa-maria\/wp-content\/uploads\/2020\/11\/covid-3.jpg?fit=1200%2C724&ssl=1","jetpack_sharing_enabled":true,"_links":{"self":[{"href":"https:\/\/elregionalvm.com.ar\/noticias-villa-maria\/wp-json\/wp\/v2\/posts\/41470","targetHints":{"allow":["GET"]}}],"collection":[{"href":"https:\/\/elregionalvm.com.ar\/noticias-villa-maria\/wp-json\/wp\/v2\/posts"}],"about":[{"href":"https:\/\/elregionalvm.com.ar\/noticias-villa-maria\/wp-json\/wp\/v2\/types\/post"}],"author":[{"embeddable":true,"href":"https:\/\/elregionalvm.com.ar\/noticias-villa-maria\/wp-json\/wp\/v2\/users\/6"}],"replies":[{"embeddable":true,"href":"https:\/\/elregionalvm.com.ar\/noticias-villa-maria\/wp-json\/wp\/v2\/comments?post=41470"}],"version-history":[{"count":2,"href":"https:\/\/elregionalvm.com.ar\/noticias-villa-maria\/wp-json\/wp\/v2\/posts\/41470\/revisions"}],"predecessor-version":[{"id":41484,"href":"https:\/\/elregionalvm.com.ar\/noticias-villa-maria\/wp-json\/wp\/v2\/posts\/41470\/revisions\/41484"}],"wp:featuredmedia":[{"embeddable":true,"href":"https:\/\/elregionalvm.com.ar\/noticias-villa-maria\/wp-json\/wp\/v2\/media\/27683"}],"wp:attachment":[{"href":"https:\/\/elregionalvm.com.ar\/noticias-villa-maria\/wp-json\/wp\/v2\/media?parent=41470"}],"wp:term":[{"taxonomy":"category","embeddable":true,"href":"https:\/\/elregionalvm.com.ar\/noticias-villa-maria\/wp-json\/wp\/v2\/categories?post=41470"},{"taxonomy":"post_tag","embeddable":true,"href":"https:\/\/elregionalvm.com.ar\/noticias-villa-maria\/wp-json\/wp\/v2\/tags?post=41470"}],"curies":[{"name":"wp","href":"https:\/\/api.w.org\/{rel}","templated":true}]}}