{"id":41478,"date":"2021-07-24T23:44:42","date_gmt":"2021-07-24T23:44:42","guid":{"rendered":"https:\/\/elregionalvm.com.ar\/noticias-villa-maria\/?p=41478"},"modified":"2021-07-24T23:48:12","modified_gmt":"2021-07-24T23:48:12","slug":"chazon-celebra-sus-fiestas-patronales-en-honor-a-san-santiago-apostol","status":"publish","type":"post","link":"https:\/\/elregionalvm.com.ar\/noticias-villa-maria\/chazon-celebra-sus-fiestas-patronales-en-honor-a-san-santiago-apostol\/","title":{"rendered":"Chaz\u00f3n celebra sus fiestas patronales en honor a San Santiago Ap\u00f3stol"},"content":{"rendered":"\n<p>Con una misa y la tradicional procesi\u00f3n por las calles de la localidad, Chaz\u00f3n celebra sus fiestas patronales este domingo 25 de julio. Ser\u00e1n los dos principales eventos religiosos en este marco de festividad comunitaria.<\/p>\n\n\n\n<p><\/p>\n\n\n\n<figure class=\"wp-block-image size-large\"><img data-recalc-dims=\"1\" fetchpriority=\"high\" decoding=\"async\" width=\"1024\" height=\"683\" src=\"https:\/\/i0.wp.com\/elregionalvm.com.ar\/noticias-villa-maria\/wp-content\/uploads\/2021\/07\/Chazon-parroquia-2018.jpg?resize=1024%2C683&#038;ssl=1\" alt=\"\" class=\"wp-image-41480\" srcset=\"https:\/\/i0.wp.com\/elregionalvm.com.ar\/noticias-villa-maria\/wp-content\/uploads\/2021\/07\/Chazon-parroquia-2018.jpg?resize=1024%2C683&amp;ssl=1 1024w, https:\/\/i0.wp.com\/elregionalvm.com.ar\/noticias-villa-maria\/wp-content\/uploads\/2021\/07\/Chazon-parroquia-2018.jpg?resize=300%2C200&amp;ssl=1 300w, https:\/\/i0.wp.com\/elregionalvm.com.ar\/noticias-villa-maria\/wp-content\/uploads\/2021\/07\/Chazon-parroquia-2018.jpg?resize=768%2C512&amp;ssl=1 768w, https:\/\/i0.wp.com\/elregionalvm.com.ar\/noticias-villa-maria\/wp-content\/uploads\/2021\/07\/Chazon-parroquia-2018.jpg?w=1037&amp;ssl=1 1037w\" sizes=\"(max-width: 1000px) 100vw, 1000px\" \/><figcaption><em>Parroquia \u00abSantiago Ap\u00f3stol\u00bb, centro de los actos religiosos. <\/em><\/figcaption><\/figure>\n\n\n\n<p><\/p>\n\n\n\n<p>El obispo Samuel Jofr\u00e9 encabezar\u00e1 el acto religioso en la parroquia  Santiago Ap\u00f3stol, que este a\u00f1o cumple 81 a\u00f1os desde su creaci\u00f3n en 1940.<\/p>\n\n\n\n<p>La procesi\u00f3n se realizar\u00e1 con un recorrido con veh\u00edculos, en vez de hacerse caminando, debido a la vigencia de las normas sanitarias en el marco de la pandemia.  <\/p>\n\n\n\n<p><\/p>\n\n\n\n<figure class=\"wp-block-image size-large\"><img data-recalc-dims=\"1\" decoding=\"async\" width=\"753\" height=\"570\" src=\"https:\/\/i0.wp.com\/elregionalvm.com.ar\/noticias-villa-maria\/wp-content\/uploads\/2021\/07\/Patronales-Chazon-procesion-2018.jpg?resize=753%2C570&#038;ssl=1\" alt=\"\" class=\"wp-image-41481\" srcset=\"https:\/\/i0.wp.com\/elregionalvm.com.ar\/noticias-villa-maria\/wp-content\/uploads\/2021\/07\/Patronales-Chazon-procesion-2018.jpg?w=753&amp;ssl=1 753w, https:\/\/i0.wp.com\/elregionalvm.com.ar\/noticias-villa-maria\/wp-content\/uploads\/2021\/07\/Patronales-Chazon-procesion-2018.jpg?resize=300%2C227&amp;ssl=1 300w\" sizes=\"(max-width: 753px) 100vw, 753px\" \/><figcaption><em>La procesi\u00f3n antes de la pandemia. Esta vez, se realizar\u00e1 con veh\u00edculos. <\/em><\/figcaption><\/figure>\n\n\n\n<p><\/p>\n\n\n\n<p><em>Fotos: Gentileza FM Vox<\/em><\/p>\n","protected":false},"excerpt":{"rendered":"<p>Con una misa y la tradicional procesi\u00f3n por las calles de la localidad, Chaz\u00f3n celebra sus fiestas patronales este domingo 25 de julio. Ser\u00e1n los dos principales eventos religiosos en este marco de festividad comunitaria. El obispo Samuel Jofr\u00e9 encabezar\u00e1 el acto religioso en la parroquia Santiago Ap\u00f3stol, que este a\u00f1o cumple 81 a\u00f1os desde [&hellip;]<\/p>\n","protected":false},"author":4,"featured_media":41479,"comment_status":"open","ping_status":"open","sticky":false,"template":"","format":"standard","meta":{"site-sidebar-layout":"default","site-content-layout":"default","ast-site-content-layout":"default","site-content-style":"default","site-sidebar-style":"default","ast-global-header-display":"","ast-banner-title-visibility":"","ast-main-header-display":"","ast-hfb-above-header-display":"","ast-hfb-below-header-display":"","ast-hfb-mobile-header-display":"","site-post-title":"","ast-breadcrumbs-content":"","ast-featured-img":"","footer-sml-layout":"","ast-disable-related-posts":"","theme-transparent-header-meta":"default","adv-header-id-meta":"","stick-header-meta":"","header-above-stick-meta":"","header-main-stick-meta":"","header-below-stick-meta":"","astra-migrate-meta-layouts":"default","ast-page-background-enabled":"default","ast-page-background-meta":{"desktop":{"background-color":"","background-image":"","background-repeat":"repeat","background-position":"center center","background-size":"auto","background-attachment":"scroll","background-type":"","background-media":"","overlay-type":"","overlay-color":"","overlay-opacity":"","overlay-gradient":""},"tablet":{"background-color":"","background-image":"","background-repeat":"repeat","background-position":"center center","background-size":"auto","background-attachment":"scroll","background-type":"","background-media":"","overlay-type":"","overlay-color":"","overlay-opacity":"","overlay-gradient":""},"mobile":{"background-color":"","background-image":"","background-repeat":"repeat","background-position":"center center","background-size":"auto","background-attachment":"scroll","background-type":"","background-media":"","overlay-type":"","overlay-color":"","overlay-opacity":"","overlay-gradient":""}},"ast-content-background-meta":{"desktop":{"background-color":"var(--ast-global-color-5)","background-image":"","background-repeat":"repeat","background-position":"center center","background-size":"auto","background-attachment":"scroll","background-type":"","background-media":"","overlay-type":"","overlay-color":"","overlay-opacity":"","overlay-gradient":""},"tablet":{"background-color":"var(--ast-global-color-5)","background-image":"","background-repeat":"repeat","background-position":"center center","background-size":"auto","background-attachment":"scroll","background-type":"","background-media":"","overlay-type":"","overlay-color":"","overlay-opacity":"","overlay-gradient":""},"mobile":{"background-color":"var(--ast-global-color-5)","background-image":"","background-repeat":"repeat","background-position":"center center","background-size":"auto","background-attachment":"scroll","background-type":"","background-media":"","overlay-type":"","overlay-color":"","overlay-opacity":"","overlay-gradient":""}},"_jetpack_memberships_contains_paid_content":false,"_joinchat":[],"footnotes":""},"categories":[2091],"tags":[36,1232,3595,10181,10180],"class_list":["post-41478","post","type-post","status-publish","format-standard","has-post-thumbnail","hentry","category-region","tag-chazon","tag-destacado","tag-fiestas-patronales","tag-obispo-samuel-jofre","tag-santiago-apostol"],"yoast_head":"<!-- This site is optimized with the Yoast SEO plugin v26.8 - https:\/\/yoast.com\/product\/yoast-seo-wordpress\/ -->\n<title>Chaz\u00f3n celebra sus fiestas patronales en honor a San Santiago Ap\u00f3stol - El Regional<\/title>\n<meta name=\"description\" content=\"Con una misa y la tradicional procesi\u00f3n por las calles de la localidad, Chaz\u00f3n celebra sus fiestas patronales este domingo 25 de julio.\" \/>\n<meta name=\"robots\" content=\"index, follow, max-snippet:-1, max-image-preview:large, max-video-preview:-1\" \/>\n<link rel=\"canonical\" href=\"http:\/\/elregionalvm.com.ar\/noticias-villa-maria\/chazon-celebra-sus-fiestas-patronales-en-honor-a-san-santiago-apostol\/\" \/>\n<meta property=\"og:locale\" content=\"es_ES\" \/>\n<meta property=\"og:type\" content=\"article\" \/>\n<meta property=\"og:title\" content=\"Chaz\u00f3n celebra sus fiestas patronales en honor a San Santiago Ap\u00f3stol - El Regional\" \/>\n<meta property=\"og:description\" content=\"Con una misa y la tradicional procesi\u00f3n por las calles de la localidad, Chaz\u00f3n celebra sus fiestas patronales este domingo 25 de julio.\" \/>\n<meta property=\"og:url\" content=\"http:\/\/elregionalvm.com.ar\/noticias-villa-maria\/chazon-celebra-sus-fiestas-patronales-en-honor-a-san-santiago-apostol\/\" \/>\n<meta property=\"og:site_name\" content=\"El Regional\" \/>\n<meta property=\"article:publisher\" content=\"https:\/\/www.facebook.com\/elregionalvm\" \/>\n<meta property=\"article:published_time\" content=\"2021-07-24T23:44:42+00:00\" \/>\n<meta property=\"article:modified_time\" content=\"2021-07-24T23:48:12+00:00\" \/>\n<meta property=\"og:image\" content=\"http:\/\/elregionalvm.com.ar\/noticias-villa-maria\/wp-content\/uploads\/2021\/07\/Parroquia-Chazon-interior.jpg\" \/>\n\t<meta property=\"og:image:width\" content=\"1037\" \/>\n\t<meta property=\"og:image:height\" content=\"692\" \/>\n\t<meta property=\"og:image:type\" content=\"image\/jpeg\" \/>\n<meta name=\"author\" content=\"Contenidos El Regional\" \/>\n<meta name=\"twitter:card\" content=\"summary_large_image\" \/>\n<meta name=\"twitter:creator\" content=\"@elregionalvm1\" \/>\n<meta name=\"twitter:site\" content=\"@elregionalvm1\" \/>\n<meta name=\"twitter:label1\" content=\"Escrito por\" \/>\n\t<meta name=\"twitter:data1\" content=\"Contenidos El Regional\" \/>\n\t<meta name=\"twitter:label2\" content=\"Tiempo de lectura\" \/>\n\t<meta name=\"twitter:data2\" content=\"1 minuto\" \/>\n<script type=\"application\/ld+json\" class=\"yoast-schema-graph\">{\"@context\":\"https:\/\/schema.org\",\"@graph\":[{\"@type\":\"Article\",\"@id\":\"http:\/\/elregionalvm.com.ar\/noticias-villa-maria\/chazon-celebra-sus-fiestas-patronales-en-honor-a-san-santiago-apostol\/#article\",\"isPartOf\":{\"@id\":\"http:\/\/elregionalvm.com.ar\/noticias-villa-maria\/chazon-celebra-sus-fiestas-patronales-en-honor-a-san-santiago-apostol\/\"},\"author\":{\"name\":\"Contenidos El Regional\",\"@id\":\"http:\/\/elregionalvm.com.ar\/noticias-villa-maria\/#\/schema\/person\/a0fb9c422317faca23d50163151bc354\"},\"headline\":\"Chaz\u00f3n celebra sus fiestas patronales en honor a San Santiago Ap\u00f3stol\",\"datePublished\":\"2021-07-24T23:44:42+00:00\",\"dateModified\":\"2021-07-24T23:48:12+00:00\",\"mainEntityOfPage\":{\"@id\":\"http:\/\/elregionalvm.com.ar\/noticias-villa-maria\/chazon-celebra-sus-fiestas-patronales-en-honor-a-san-santiago-apostol\/\"},\"wordCount\":133,\"commentCount\":0,\"image\":{\"@id\":\"http:\/\/elregionalvm.com.ar\/noticias-villa-maria\/chazon-celebra-sus-fiestas-patronales-en-honor-a-san-santiago-apostol\/#primaryimage\"},\"thumbnailUrl\":\"https:\/\/i0.wp.com\/elregionalvm.com.ar\/noticias-villa-maria\/wp-content\/uploads\/2021\/07\/Parroquia-Chazon-interior.jpg?fit=1037%2C692&ssl=1\",\"keywords\":[\"Chaz\u00f3n\",\"destacado\",\"Fiestas patronales\",\"Obispo Samuel Jofr\u00e9\",\"Santiago Ap\u00f3stol\"],\"articleSection\":[\"Regi\u00f3n\"],\"inLanguage\":\"es\",\"potentialAction\":[{\"@type\":\"CommentAction\",\"name\":\"Comment\",\"target\":[\"http:\/\/elregionalvm.com.ar\/noticias-villa-maria\/chazon-celebra-sus-fiestas-patronales-en-honor-a-san-santiago-apostol\/#respond\"]}]},{\"@type\":\"WebPage\",\"@id\":\"http:\/\/elregionalvm.com.ar\/noticias-villa-maria\/chazon-celebra-sus-fiestas-patronales-en-honor-a-san-santiago-apostol\/\",\"url\":\"http:\/\/elregionalvm.com.ar\/noticias-villa-maria\/chazon-celebra-sus-fiestas-patronales-en-honor-a-san-santiago-apostol\/\",\"name\":\"Chaz\u00f3n celebra sus fiestas patronales en honor a San Santiago Ap\u00f3stol - El Regional\",\"isPartOf\":{\"@id\":\"http:\/\/elregionalvm.com.ar\/noticias-villa-maria\/#website\"},\"primaryImageOfPage\":{\"@id\":\"http:\/\/elregionalvm.com.ar\/noticias-villa-maria\/chazon-celebra-sus-fiestas-patronales-en-honor-a-san-santiago-apostol\/#primaryimage\"},\"image\":{\"@id\":\"http:\/\/elregionalvm.com.ar\/noticias-villa-maria\/chazon-celebra-sus-fiestas-patronales-en-honor-a-san-santiago-apostol\/#primaryimage\"},\"thumbnailUrl\":\"https:\/\/i0.wp.com\/elregionalvm.com.ar\/noticias-villa-maria\/wp-content\/uploads\/2021\/07\/Parroquia-Chazon-interior.jpg?fit=1037%2C692&ssl=1\",\"datePublished\":\"2021-07-24T23:44:42+00:00\",\"dateModified\":\"2021-07-24T23:48:12+00:00\",\"author\":{\"@id\":\"http:\/\/elregionalvm.com.ar\/noticias-villa-maria\/#\/schema\/person\/a0fb9c422317faca23d50163151bc354\"},\"description\":\"Con una misa y la tradicional procesi\u00f3n por las calles de la localidad, Chaz\u00f3n celebra sus fiestas patronales este domingo 25 de julio.\",\"breadcrumb\":{\"@id\":\"http:\/\/elregionalvm.com.ar\/noticias-villa-maria\/chazon-celebra-sus-fiestas-patronales-en-honor-a-san-santiago-apostol\/#breadcrumb\"},\"inLanguage\":\"es\",\"potentialAction\":[{\"@type\":\"ReadAction\",\"target\":[\"http:\/\/elregionalvm.com.ar\/noticias-villa-maria\/chazon-celebra-sus-fiestas-patronales-en-honor-a-san-santiago-apostol\/\"]}]},{\"@type\":\"ImageObject\",\"inLanguage\":\"es\",\"@id\":\"http:\/\/elregionalvm.com.ar\/noticias-villa-maria\/chazon-celebra-sus-fiestas-patronales-en-honor-a-san-santiago-apostol\/#primaryimage\",\"url\":\"https:\/\/i0.wp.com\/elregionalvm.com.ar\/noticias-villa-maria\/wp-content\/uploads\/2021\/07\/Parroquia-Chazon-interior.jpg?fit=1037%2C692&ssl=1\",\"contentUrl\":\"https:\/\/i0.wp.com\/elregionalvm.com.ar\/noticias-villa-maria\/wp-content\/uploads\/2021\/07\/Parroquia-Chazon-interior.jpg?fit=1037%2C692&ssl=1\",\"width\":1037,\"height\":692},{\"@type\":\"BreadcrumbList\",\"@id\":\"http:\/\/elregionalvm.com.ar\/noticias-villa-maria\/chazon-celebra-sus-fiestas-patronales-en-honor-a-san-santiago-apostol\/#breadcrumb\",\"itemListElement\":[{\"@type\":\"ListItem\",\"position\":1,\"name\":\"Portada\",\"item\":\"https:\/\/elregionalvm.com.ar\/noticias-villa-maria\/\"},{\"@type\":\"ListItem\",\"position\":2,\"name\":\"Chaz\u00f3n celebra sus fiestas patronales en honor a San Santiago Ap\u00f3stol\"}]},{\"@type\":\"WebSite\",\"@id\":\"http:\/\/elregionalvm.com.ar\/noticias-villa-maria\/#website\",\"url\":\"http:\/\/elregionalvm.com.ar\/noticias-villa-maria\/\",\"name\":\"El Regional\",\"description\":\"Mucho m\u00e1s que informaci\u00f3n\",\"potentialAction\":[{\"@type\":\"SearchAction\",\"target\":{\"@type\":\"EntryPoint\",\"urlTemplate\":\"http:\/\/elregionalvm.com.ar\/noticias-villa-maria\/?s={search_term_string}\"},\"query-input\":{\"@type\":\"PropertyValueSpecification\",\"valueRequired\":true,\"valueName\":\"search_term_string\"}}],\"inLanguage\":\"es\"},{\"@type\":\"Person\",\"@id\":\"http:\/\/elregionalvm.com.ar\/noticias-villa-maria\/#\/schema\/person\/a0fb9c422317faca23d50163151bc354\",\"name\":\"Contenidos El Regional\",\"image\":{\"@type\":\"ImageObject\",\"inLanguage\":\"es\",\"@id\":\"http:\/\/elregionalvm.com.ar\/noticias-villa-maria\/#\/schema\/person\/image\/\",\"url\":\"https:\/\/secure.gravatar.com\/avatar\/265b27cb2209af7bb3a1318f03305787d7981a5cc6e6cd08fe5a4ecdf99d4b48?s=96&d=mm&r=g\",\"contentUrl\":\"https:\/\/secure.gravatar.com\/avatar\/265b27cb2209af7bb3a1318f03305787d7981a5cc6e6cd08fe5a4ecdf99d4b48?s=96&d=mm&r=g\",\"caption\":\"Contenidos El Regional\"},\"url\":\"https:\/\/elregionalvm.com.ar\/noticias-villa-maria\/author\/contenido\/\"}]}<\/script>\n<!-- \/ Yoast SEO plugin. -->","yoast_head_json":{"title":"Chaz\u00f3n celebra sus fiestas patronales en honor a San Santiago Ap\u00f3stol - El Regional","description":"Con una misa y la tradicional procesi\u00f3n por las calles de la localidad, Chaz\u00f3n celebra sus fiestas patronales este domingo 25 de julio.","robots":{"index":"index","follow":"follow","max-snippet":"max-snippet:-1","max-image-preview":"max-image-preview:large","max-video-preview":"max-video-preview:-1"},"canonical":"http:\/\/elregionalvm.com.ar\/noticias-villa-maria\/chazon-celebra-sus-fiestas-patronales-en-honor-a-san-santiago-apostol\/","og_locale":"es_ES","og_type":"article","og_title":"Chaz\u00f3n celebra sus fiestas patronales en honor a San Santiago Ap\u00f3stol - El Regional","og_description":"Con una misa y la tradicional procesi\u00f3n por las calles de la localidad, Chaz\u00f3n celebra sus fiestas patronales este domingo 25 de julio.","og_url":"http:\/\/elregionalvm.com.ar\/noticias-villa-maria\/chazon-celebra-sus-fiestas-patronales-en-honor-a-san-santiago-apostol\/","og_site_name":"El Regional","article_publisher":"https:\/\/www.facebook.com\/elregionalvm","article_published_time":"2021-07-24T23:44:42+00:00","article_modified_time":"2021-07-24T23:48:12+00:00","og_image":[{"width":1037,"height":692,"url":"http:\/\/elregionalvm.com.ar\/noticias-villa-maria\/wp-content\/uploads\/2021\/07\/Parroquia-Chazon-interior.jpg","type":"image\/jpeg"}],"author":"Contenidos El Regional","twitter_card":"summary_large_image","twitter_creator":"@elregionalvm1","twitter_site":"@elregionalvm1","twitter_misc":{"Escrito por":"Contenidos El Regional","Tiempo de lectura":"1 minuto"},"schema":{"@context":"https:\/\/schema.org","@graph":[{"@type":"Article","@id":"http:\/\/elregionalvm.com.ar\/noticias-villa-maria\/chazon-celebra-sus-fiestas-patronales-en-honor-a-san-santiago-apostol\/#article","isPartOf":{"@id":"http:\/\/elregionalvm.com.ar\/noticias-villa-maria\/chazon-celebra-sus-fiestas-patronales-en-honor-a-san-santiago-apostol\/"},"author":{"name":"Contenidos El Regional","@id":"http:\/\/elregionalvm.com.ar\/noticias-villa-maria\/#\/schema\/person\/a0fb9c422317faca23d50163151bc354"},"headline":"Chaz\u00f3n celebra sus fiestas patronales en honor a San Santiago Ap\u00f3stol","datePublished":"2021-07-24T23:44:42+00:00","dateModified":"2021-07-24T23:48:12+00:00","mainEntityOfPage":{"@id":"http:\/\/elregionalvm.com.ar\/noticias-villa-maria\/chazon-celebra-sus-fiestas-patronales-en-honor-a-san-santiago-apostol\/"},"wordCount":133,"commentCount":0,"image":{"@id":"http:\/\/elregionalvm.com.ar\/noticias-villa-maria\/chazon-celebra-sus-fiestas-patronales-en-honor-a-san-santiago-apostol\/#primaryimage"},"thumbnailUrl":"https:\/\/i0.wp.com\/elregionalvm.com.ar\/noticias-villa-maria\/wp-content\/uploads\/2021\/07\/Parroquia-Chazon-interior.jpg?fit=1037%2C692&ssl=1","keywords":["Chaz\u00f3n","destacado","Fiestas patronales","Obispo Samuel Jofr\u00e9","Santiago Ap\u00f3stol"],"articleSection":["Regi\u00f3n"],"inLanguage":"es","potentialAction":[{"@type":"CommentAction","name":"Comment","target":["http:\/\/elregionalvm.com.ar\/noticias-villa-maria\/chazon-celebra-sus-fiestas-patronales-en-honor-a-san-santiago-apostol\/#respond"]}]},{"@type":"WebPage","@id":"http:\/\/elregionalvm.com.ar\/noticias-villa-maria\/chazon-celebra-sus-fiestas-patronales-en-honor-a-san-santiago-apostol\/","url":"http:\/\/elregionalvm.com.ar\/noticias-villa-maria\/chazon-celebra-sus-fiestas-patronales-en-honor-a-san-santiago-apostol\/","name":"Chaz\u00f3n celebra sus fiestas patronales en honor a San Santiago Ap\u00f3stol - El Regional","isPartOf":{"@id":"http:\/\/elregionalvm.com.ar\/noticias-villa-maria\/#website"},"primaryImageOfPage":{"@id":"http:\/\/elregionalvm.com.ar\/noticias-villa-maria\/chazon-celebra-sus-fiestas-patronales-en-honor-a-san-santiago-apostol\/#primaryimage"},"image":{"@id":"http:\/\/elregionalvm.com.ar\/noticias-villa-maria\/chazon-celebra-sus-fiestas-patronales-en-honor-a-san-santiago-apostol\/#primaryimage"},"thumbnailUrl":"https:\/\/i0.wp.com\/elregionalvm.com.ar\/noticias-villa-maria\/wp-content\/uploads\/2021\/07\/Parroquia-Chazon-interior.jpg?fit=1037%2C692&ssl=1","datePublished":"2021-07-24T23:44:42+00:00","dateModified":"2021-07-24T23:48:12+00:00","author":{"@id":"http:\/\/elregionalvm.com.ar\/noticias-villa-maria\/#\/schema\/person\/a0fb9c422317faca23d50163151bc354"},"description":"Con una misa y la tradicional procesi\u00f3n por las calles de la localidad, Chaz\u00f3n celebra sus fiestas patronales este domingo 25 de julio.","breadcrumb":{"@id":"http:\/\/elregionalvm.com.ar\/noticias-villa-maria\/chazon-celebra-sus-fiestas-patronales-en-honor-a-san-santiago-apostol\/#breadcrumb"},"inLanguage":"es","potentialAction":[{"@type":"ReadAction","target":["http:\/\/elregionalvm.com.ar\/noticias-villa-maria\/chazon-celebra-sus-fiestas-patronales-en-honor-a-san-santiago-apostol\/"]}]},{"@type":"ImageObject","inLanguage":"es","@id":"http:\/\/elregionalvm.com.ar\/noticias-villa-maria\/chazon-celebra-sus-fiestas-patronales-en-honor-a-san-santiago-apostol\/#primaryimage","url":"https:\/\/i0.wp.com\/elregionalvm.com.ar\/noticias-villa-maria\/wp-content\/uploads\/2021\/07\/Parroquia-Chazon-interior.jpg?fit=1037%2C692&ssl=1","contentUrl":"https:\/\/i0.wp.com\/elregionalvm.com.ar\/noticias-villa-maria\/wp-content\/uploads\/2021\/07\/Parroquia-Chazon-interior.jpg?fit=1037%2C692&ssl=1","width":1037,"height":692},{"@type":"BreadcrumbList","@id":"http:\/\/elregionalvm.com.ar\/noticias-villa-maria\/chazon-celebra-sus-fiestas-patronales-en-honor-a-san-santiago-apostol\/#breadcrumb","itemListElement":[{"@type":"ListItem","position":1,"name":"Portada","item":"https:\/\/elregionalvm.com.ar\/noticias-villa-maria\/"},{"@type":"ListItem","position":2,"name":"Chaz\u00f3n celebra sus fiestas patronales en honor a San Santiago Ap\u00f3stol"}]},{"@type":"WebSite","@id":"http:\/\/elregionalvm.com.ar\/noticias-villa-maria\/#website","url":"http:\/\/elregionalvm.com.ar\/noticias-villa-maria\/","name":"El Regional","description":"Mucho m\u00e1s que informaci\u00f3n","potentialAction":[{"@type":"SearchAction","target":{"@type":"EntryPoint","urlTemplate":"http:\/\/elregionalvm.com.ar\/noticias-villa-maria\/?s={search_term_string}"},"query-input":{"@type":"PropertyValueSpecification","valueRequired":true,"valueName":"search_term_string"}}],"inLanguage":"es"},{"@type":"Person","@id":"http:\/\/elregionalvm.com.ar\/noticias-villa-maria\/#\/schema\/person\/a0fb9c422317faca23d50163151bc354","name":"Contenidos El Regional","image":{"@type":"ImageObject","inLanguage":"es","@id":"http:\/\/elregionalvm.com.ar\/noticias-villa-maria\/#\/schema\/person\/image\/","url":"https:\/\/secure.gravatar.com\/avatar\/265b27cb2209af7bb3a1318f03305787d7981a5cc6e6cd08fe5a4ecdf99d4b48?s=96&d=mm&r=g","contentUrl":"https:\/\/secure.gravatar.com\/avatar\/265b27cb2209af7bb3a1318f03305787d7981a5cc6e6cd08fe5a4ecdf99d4b48?s=96&d=mm&r=g","caption":"Contenidos El Regional"},"url":"https:\/\/elregionalvm.com.ar\/noticias-villa-maria\/author\/contenido\/"}]}},"jetpack_featured_media_url":"https:\/\/i0.wp.com\/elregionalvm.com.ar\/noticias-villa-maria\/wp-content\/uploads\/2021\/07\/Parroquia-Chazon-interior.jpg?fit=1037%2C692&ssl=1","jetpack_sharing_enabled":true,"_links":{"self":[{"href":"https:\/\/elregionalvm.com.ar\/noticias-villa-maria\/wp-json\/wp\/v2\/posts\/41478","targetHints":{"allow":["GET"]}}],"collection":[{"href":"https:\/\/elregionalvm.com.ar\/noticias-villa-maria\/wp-json\/wp\/v2\/posts"}],"about":[{"href":"https:\/\/elregionalvm.com.ar\/noticias-villa-maria\/wp-json\/wp\/v2\/types\/post"}],"author":[{"embeddable":true,"href":"https:\/\/elregionalvm.com.ar\/noticias-villa-maria\/wp-json\/wp\/v2\/users\/4"}],"replies":[{"embeddable":true,"href":"https:\/\/elregionalvm.com.ar\/noticias-villa-maria\/wp-json\/wp\/v2\/comments?post=41478"}],"version-history":[{"count":1,"href":"https:\/\/elregionalvm.com.ar\/noticias-villa-maria\/wp-json\/wp\/v2\/posts\/41478\/revisions"}],"predecessor-version":[{"id":41482,"href":"https:\/\/elregionalvm.com.ar\/noticias-villa-maria\/wp-json\/wp\/v2\/posts\/41478\/revisions\/41482"}],"wp:featuredmedia":[{"embeddable":true,"href":"https:\/\/elregionalvm.com.ar\/noticias-villa-maria\/wp-json\/wp\/v2\/media\/41479"}],"wp:attachment":[{"href":"https:\/\/elregionalvm.com.ar\/noticias-villa-maria\/wp-json\/wp\/v2\/media?parent=41478"}],"wp:term":[{"taxonomy":"category","embeddable":true,"href":"https:\/\/elregionalvm.com.ar\/noticias-villa-maria\/wp-json\/wp\/v2\/categories?post=41478"},{"taxonomy":"post_tag","embeddable":true,"href":"https:\/\/elregionalvm.com.ar\/noticias-villa-maria\/wp-json\/wp\/v2\/tags?post=41478"}],"curies":[{"name":"wp","href":"https:\/\/api.w.org\/{rel}","templated":true}]}}