{"id":41485,"date":"2021-07-25T04:05:50","date_gmt":"2021-07-25T04:05:50","guid":{"rendered":"https:\/\/elregionalvm.com.ar\/noticias-villa-maria\/?p=41485"},"modified":"2021-07-27T17:47:15","modified_gmt":"2021-07-27T17:47:15","slug":"enemigos-intimos-en-las-legislativas-gill-y-graglia-versus-accastello","status":"publish","type":"post","link":"https:\/\/elregionalvm.com.ar\/noticias-villa-maria\/enemigos-intimos-en-las-legislativas-gill-y-graglia-versus-accastello\/","title":{"rendered":"Enemigos \u00edntimos en las Legislativas: Gill y Graglia versus Accastello [Las listas]"},"content":{"rendered":"\n<p><\/p>\n\n\n\n<p>Ni el neur\u00f3logo Facundo Manes, ni el vicejefe de Gobierno de Buenos Aires, Diego Santilli, ni el exministro de Transporte de Cristina, Florencio Randazzo. A no confundirse. La centralidad porte\u00f1a que tambi\u00e9n extiende sus tent\u00e1culos en las noticias y la pol\u00edtica, nos hace hablar de candidatos \u201cnacionales\u201d que solo atienden en Buenos Aires.<\/p>\n\n\n\n<p>Pero, los que nos deben importar a nosotros son los cordobeses que se proponen para ocupar algunos de los cargos vacantes en el Senado y la C\u00e1mara de Diputados.<\/p>\n\n\n\n<p>A los que deberemos elegir en las primarias legislativas del 12 de septiembre, mientras que el 14 de noviembre ser\u00e1n las generales. &nbsp;<\/p>\n\n\n\n<p>El cierre de la presentaci\u00f3n de las listas caduc\u00f3 este s\u00e1bado 24 de julio y varias fuerzas estuvieron hasta las \u00faltimas horas para tratar de llegar a acuerdos febriles.<\/p>\n\n\n\n<p>Con un peronismo dividido y con varias listas internas en Juntos por el Cambio, ser\u00e1n tres las fuerzas que concentrar\u00e1n la m\u00e1xima atenci\u00f3n, aunque son cinco las alianzas que se anotaron en la carrera, m\u00e1s all\u00e1 de los partidos que competir\u00e1n de manera individual.<\/p>\n\n\n\n<p>Intendentes, referentes regionales, funcionarios provinciales y nacionales sobresalen en las distintas n\u00f3minas presentadas. Algunos de ellos, son de Villa Mar\u00eda, Villa Nueva y de distintos puntos de nuestra regi\u00f3n.<\/p>\n\n\n\n<p><strong>Hacemos por C\u00f3rdoba<\/strong><\/p>\n\n\n\n<p>La lista de senadores est\u00e1 encabezada por la actual diputada Alejandra Vigo, quien adem\u00e1s es la esposa del gobernador Juan Schiaretti. Es secundada por el exintendente de Villa Mar\u00eda y actual ministro de Industria y Comercio de la Provincia, Eduardo Accastello.<\/p>\n\n\n\n<p>Para Diputados, la boleta es liderada por Natalia de la Sota, quien se encuentra acompa\u00f1ada por actual intendente de San Francisco Ignacio Garc\u00eda Aresca.<\/p>\n\n\n\n<p>Varios intendentes de distintos puntos de la provincia son de la partida. Uno de los m\u00e1s cercanos en nuestra regi\u00f3n es el jefe comunal de La Carlota Fabio Guaschino.<\/p>\n\n\n\n<p><\/p>\n\n\n\n<figure class=\"wp-block-image size-large\"><img data-recalc-dims=\"1\" fetchpriority=\"high\" decoding=\"async\" width=\"1000\" height=\"667\" src=\"https:\/\/i0.wp.com\/elregionalvm.com.ar\/noticias-villa-maria\/wp-content\/uploads\/2021\/07\/alejandra-vigo-natalia-de-la-sota-precandidatas-cordoba-2021.jpg?resize=1000%2C667&#038;ssl=1\" alt=\"\" class=\"wp-image-41488\" srcset=\"https:\/\/i0.wp.com\/elregionalvm.com.ar\/noticias-villa-maria\/wp-content\/uploads\/2021\/07\/alejandra-vigo-natalia-de-la-sota-precandidatas-cordoba-2021.jpg?w=1000&amp;ssl=1 1000w, https:\/\/i0.wp.com\/elregionalvm.com.ar\/noticias-villa-maria\/wp-content\/uploads\/2021\/07\/alejandra-vigo-natalia-de-la-sota-precandidatas-cordoba-2021.jpg?resize=300%2C200&amp;ssl=1 300w, https:\/\/i0.wp.com\/elregionalvm.com.ar\/noticias-villa-maria\/wp-content\/uploads\/2021\/07\/alejandra-vigo-natalia-de-la-sota-precandidatas-cordoba-2021.jpg?resize=768%2C512&amp;ssl=1 768w\" sizes=\"(max-width: 1000px) 100vw, 1000px\" \/><figcaption><em>Vigo y De la Sota, las cartas de Schiaretti para las legislativas.<\/em><\/figcaption><\/figure>\n\n\n\n<p><\/p>\n\n\n\n<p><\/p>\n\n\n\n<figure class=\"wp-block-embed is-type-wp-embed is-provider-el-regional wp-block-embed-el-regional\"><div class=\"wp-block-embed__wrapper\">\n<blockquote class=\"wp-embedded-content\" data-secret=\"0mc90gMwBS\"><a href=\"https:\/\/elregionalvm.com.ar\/noticias-villa-maria\/legislativas-accastello-confirmado-gill-tambien-arde-la-interna-peronista\/\">[Legislativas] Accastello, confirmado. Gill, tambi\u00e9n. Arde la interna peronista<\/a><\/blockquote><iframe class=\"wp-embedded-content\" sandbox=\"allow-scripts\" security=\"restricted\" style=\"position: absolute; visibility: hidden;\" title=\"\u00ab[Legislativas] Accastello, confirmado. Gill, tambi\u00e9n. Arde la interna peronista\u00bb \u2014 El Regional\" src=\"https:\/\/elregionalvm.com.ar\/noticias-villa-maria\/legislativas-accastello-confirmado-gill-tambien-arde-la-interna-peronista\/embed\/#?secret=akVkMsKoqo#?secret=0mc90gMwBS\" data-secret=\"0mc90gMwBS\" width=\"500\" height=\"282\" frameborder=\"0\" marginwidth=\"0\" marginheight=\"0\" scrolling=\"no\"><\/iframe>\n<\/div><\/figure>\n\n\n\n<p><strong>Frente de Todos<\/strong><\/p>\n\n\n\n<p>El actual senador Carlos Caserio buscar\u00e1 renovar su banca encabezando la lista, donde es seguido por la diputada nacional Gabriela Est\u00e9vez.<\/p>\n\n\n\n<p>El intendente villamariense en uso de licencia, actual secretario de Obras P\u00fablicas, Mart\u00edn Gill ser\u00e1 el n\u00famero uno en la lista de postulantes a Diputados. La segunda posici\u00f3n ser\u00e1 para la concejala cordobesa Olga Ruitort, exesposa del fallecido Jos\u00e9 Manuel De la Sota.<\/p>\n\n\n\n<p>Su par de Villa Nueva, Natalio Graglia, integra la lista como candidato en la quinta posici\u00f3n de la boleta.<\/p>\n\n\n\n<p>Ambos se enfrentar\u00e1n a Accastello en una disputa territorial m\u00e1s all\u00e1 de los cargos legislativos en juego. Una contienda que reaviva con creces la interna peronista en la ciudad y la regi\u00f3n. <\/p>\n\n\n\n<p><\/p>\n\n\n\n<figure class=\"wp-block-gallery columns-1 is-cropped wp-block-gallery-1 is-layout-flex wp-block-gallery-is-layout-flex\"><ul class=\"blocks-gallery-grid\"><li class=\"blocks-gallery-item\"><figure><img data-recalc-dims=\"1\" decoding=\"async\" width=\"760\" height=\"476\" src=\"https:\/\/i0.wp.com\/elregionalvm.com.ar\/noticias-villa-maria\/wp-content\/uploads\/2021\/07\/Caserio-y-Gill-1.jpg?resize=760%2C476&#038;ssl=1\" alt=\"\" data-id=\"41490\" data-full-url=\"https:\/\/elregionalvm.com.ar\/noticias-villa-maria\/wp-content\/uploads\/2021\/07\/Caserio-y-Gill-1.jpg\" data-link=\"https:\/\/elregionalvm.com.ar\/noticias-villa-maria\/?attachment_id=41490\" class=\"wp-image-41490\" srcset=\"https:\/\/i0.wp.com\/elregionalvm.com.ar\/noticias-villa-maria\/wp-content\/uploads\/2021\/07\/Caserio-y-Gill-1.jpg?w=760&amp;ssl=1 760w, https:\/\/i0.wp.com\/elregionalvm.com.ar\/noticias-villa-maria\/wp-content\/uploads\/2021\/07\/Caserio-y-Gill-1.jpg?resize=300%2C188&amp;ssl=1 300w\" sizes=\"(max-width: 760px) 100vw, 760px\" \/><\/figure><\/li><\/ul><figcaption class=\"blocks-gallery-caption\"><em>Gill y Caserio, la apuesta de Alberto Fern\u00e1ndez para C\u00f3rdoba. <\/em><\/figcaption><\/figure>\n\n\n\n<p><\/p>\n\n\n\n<p><strong>Juntos por el Cambio<\/strong><\/p>\n\n\n\n<p>No hubo acuerdo y la lista de unidad nunca lleg\u00f3 a buen puerto. Cuatro n\u00f3minas se anotaron para competir dentro de la coalici\u00f3n que integran radicales, el PRO y el Frente C\u00edvico.<\/p>\n\n\n\n<p>Pero, hay radicales repartidos en las cuatro boletas y macristas en dos de las que tendr\u00e1n mayor peso en la contienda.<\/p>\n\n\n\n<p>Por un lado, Mario Negri liderar\u00e1 la n\u00f3mina para senadores, seguido por el dirigente del PRO, Soher El Sukaria. Aqu\u00ed aparece Gustavo Santos para diputados, quien ser\u00e1 seguido por Soledad Carrizo, Ram\u00f3n Mestre y el exintendente de La Carlota y presidente del PRO, Javier Pretto.<\/p>\n\n\n\n<p><\/p>\n\n\n\n<figure class=\"wp-block-image size-large\"><img data-recalc-dims=\"1\" decoding=\"async\" width=\"1000\" height=\"667\" src=\"https:\/\/i0.wp.com\/elregionalvm.com.ar\/noticias-villa-maria\/wp-content\/uploads\/2021\/07\/Negri-y-Juez.jpg?resize=1000%2C667&#038;ssl=1\" alt=\"\" class=\"wp-image-41491\" srcset=\"https:\/\/i0.wp.com\/elregionalvm.com.ar\/noticias-villa-maria\/wp-content\/uploads\/2021\/07\/Negri-y-Juez.jpg?w=1000&amp;ssl=1 1000w, https:\/\/i0.wp.com\/elregionalvm.com.ar\/noticias-villa-maria\/wp-content\/uploads\/2021\/07\/Negri-y-Juez.jpg?resize=300%2C200&amp;ssl=1 300w, https:\/\/i0.wp.com\/elregionalvm.com.ar\/noticias-villa-maria\/wp-content\/uploads\/2021\/07\/Negri-y-Juez.jpg?resize=768%2C512&amp;ssl=1 768w\" sizes=\"(max-width: 1000px) 100vw, 1000px\" \/><figcaption><em>Negri y Juez, sin acuerdo, pelear\u00e1n por el primer lugar para el Senado.<\/em><\/figcaption><\/figure>\n\n\n\n<p><\/p>\n\n\n\n<p>Por el otro, Luis Juez ser\u00e1 el primero como postulante al Senado, secundado por Carmen \u00c1lvarez Rivero de Primero la Gente, en la boleta que compartir\u00e1 con el radical Rodrigo De Loredo, como primero para diputados. Laura Rodr\u00edguez Machado y H\u00e9ctor Baldassi forman parte de esta lista.<\/p>\n\n\n\n<p>Por otro lado, tambi\u00e9n presentar\u00e1n listas los radicales Dante Rossi, por un lado, y Javier Bee Sellares, por el otro. Griselda Baldata ser\u00e1 la postulante al Senado en la boleta de Rossi, mientras que en la otra har\u00e1 lo propio Laura Sesma para Diputados, seguida por Marco Giraudo.<\/p>\n\n\n\n<p><strong>Otras alianzas<\/strong><\/p>\n\n\n\n<p>El Frente de Izquierda de los Trabajadores y Unidad (Fitu) llegar\u00e1 a las PASO para competir entre el Movimiento Socialista de los Trabajadores (MST), el Partido Obrero (PO), la Izquierda Socialista (IS) y el Partido de los Trabajadores Socialistas (PTS).<\/p>\n\n\n\n<p>En tanto, en la coalici\u00f3n denominada Uni\u00f3n Popular Federal, habr\u00e1 disputa entre cinco partidos.<\/p>\n\n\n\n<p><strong>Partidos \u201csolitarios\u201d<\/strong><\/p>\n\n\n\n<p>Los partidos que se cortaron solos son:<\/p>\n\n\n\n<ul class=\"wp-block-list\"><li>Encuentro Vecinal C\u00f3rdoba: &nbsp;Juan Pablo Quinteros (senadores) y Aurelio Garc\u00eda Elorrio (diputados).<\/li><\/ul>\n\n\n\n<ul class=\"wp-block-list\"><li>Nuevo Mas: Eduardo Mulhall (Senado) y Julia Di Santi (Diputados)<\/li><\/ul>\n\n\n\n<ul class=\"wp-block-list\"><li>Partido Dem\u00f3crata: Roque Fern\u00e1ndez (exministro de Econom\u00eda) y dla empresaria Mery Lunge.<\/li><\/ul>\n\n\n\n<ul class=\"wp-block-list\"><li>La Libertad Avanza: Eugenia Gordillo y Rub\u00e9n Peteta.<\/li><\/ul>\n\n\n\n<p><\/p>\n\n\n\n<h4 class=\"wp-block-heading\"><strong>Las listas completas<\/strong><\/h4>\n\n\n\n<ul class=\"wp-block-list\"><li><strong>Hacemos por C\u00f3rdoba<\/strong><\/li><\/ul>\n\n\n\n<p><strong>Listado de precandidatos a senadores nacionales:<\/strong><\/p>\n\n\n\n<p>1- Vigo, Alejandra Mar\u00eda<\/p>\n\n\n\n<p>2- Accastello, Eduardo<\/p>\n\n\n\n<p><strong>Suplentes<\/strong><\/p>\n\n\n\n<p>1- Aquino, Julieta (intendente de Inriville)<\/p>\n\n\n\n<p>2- Isaac L\u00f3pez (legislador del departamento Tulumba)<\/p>\n\n\n\n<p><strong>Listado de precandidatos a diputados nacionales:<\/strong><\/p>\n\n\n\n<p>1- De la Sota, Natalia<\/p>\n\n\n\n<p>2- Garc\u00eda Aresca, Ignacio (intendente de San Francisco)<\/p>\n\n\n\n<p>3- M\u00e1rquez, Claudia (diputada nacional de R\u00edo Cuarto)<\/p>\n\n\n\n<p>4- Busso, Sergio (ministro de Agricultura)<\/p>\n\n\n\n<p>5- Mart\u00ednez, Claudia (ministro de la Mujer)<\/p>\n\n\n\n<p>6- Brand\u00e1n, Gustavo (intendente de Colonia Caroya)<\/p>\n\n\n\n<p>7- Vidal, Cristina (Villa Dolores\/San Javier)<\/p>\n\n\n\n<p>8- Guaschino, Fabio (intendente de La Carlota)<\/p>\n\n\n\n<p>9- C\u00e1ceres, Rosal\u00eda (Movimiento Evita)<\/p>\n\n\n\n<p><strong>Suplentes<\/strong><\/p>\n\n\n\n<p>1- Musso, Gabriel (intendente de Cosqu\u00edn)<\/p>\n\n\n\n<p>2- Rosso, Eva Beatriz (intendenta de Coronel Moldes)<\/p>\n\n\n\n<p>3- Far\u00edas, Claudio (intendente de Cruz del Eje)<\/p>\n\n\n\n<p>4- Gualda, Teresa de los \u00c1ngeles (secretaria general de Ademe &#8211; Movimiento Obrero Peronista de la CGT)<\/p>\n\n\n\n<p>5- Fittipaldi, Sergio (secretario general de 62 Organizaciones Peronistas)<\/p>\n\n\n\n<p>6- Zanotto, Ana (intendenta de Del Campillo)<\/p>\n\n\n\n<p><\/p>\n\n\n\n<figure class=\"wp-block-gallery columns-1 is-cropped wp-block-gallery-2 is-layout-flex wp-block-gallery-is-layout-flex\"><ul class=\"blocks-gallery-grid\"><li class=\"blocks-gallery-item\"><figure><img data-recalc-dims=\"1\" loading=\"lazy\" decoding=\"async\" width=\"905\" height=\"452\" src=\"https:\/\/i0.wp.com\/elregionalvm.com.ar\/noticias-villa-maria\/wp-content\/uploads\/2021\/07\/Lista-Hacemos-por-Cordoba-Legislativas.jpeg?resize=905%2C452&#038;ssl=1\" alt=\"\" data-id=\"41492\" data-full-url=\"https:\/\/elregionalvm.com.ar\/noticias-villa-maria\/wp-content\/uploads\/2021\/07\/Lista-Hacemos-por-Cordoba-Legislativas.jpeg\" data-link=\"https:\/\/elregionalvm.com.ar\/noticias-villa-maria\/?attachment_id=41492\" class=\"wp-image-41492\" srcset=\"https:\/\/i0.wp.com\/elregionalvm.com.ar\/noticias-villa-maria\/wp-content\/uploads\/2021\/07\/Lista-Hacemos-por-Cordoba-Legislativas.jpeg?w=905&amp;ssl=1 905w, https:\/\/i0.wp.com\/elregionalvm.com.ar\/noticias-villa-maria\/wp-content\/uploads\/2021\/07\/Lista-Hacemos-por-Cordoba-Legislativas.jpeg?resize=300%2C150&amp;ssl=1 300w, https:\/\/i0.wp.com\/elregionalvm.com.ar\/noticias-villa-maria\/wp-content\/uploads\/2021\/07\/Lista-Hacemos-por-Cordoba-Legislativas.jpeg?resize=768%2C384&amp;ssl=1 768w\" sizes=\"(max-width: 905px) 100vw, 905px\" \/><\/figure><\/li><\/ul><\/figure>\n\n\n\n<p><\/p>\n\n\n\n<ul class=\"wp-block-list\"><li><strong>Frente de Todos<\/strong><\/li><\/ul>\n\n\n\n<p><strong>Listado de precandidatos a senadores nacionales:<\/strong><\/p>\n\n\n\n<p>1- Carlos Caserio<\/p>\n\n\n\n<p>2- Gabriela Est\u00e9vez<\/p>\n\n\n\n<p>3- Thiago Galv\u00e1n (vicepresidente de la Liga LGTBIQ)<\/p>\n\n\n\n<p><strong>Suplentes<\/strong><\/p>\n\n\n\n<p>1- Mariana Mandakovik (secretaria general del Sindicato de prensa, Cispren), el abogado Eduardo Diberti y la vicepresidenta del Partido de la Victoria, Ana Giacomelli.<\/p>\n\n\n\n<p>2- Eduardo Diberti (abogado)<\/p>\n\n\n\n<p>3- Ana Giacomelli (vicepresidenta del Partido de la Victoria)<\/p>\n\n\n\n<p><strong>Listado de precandidatos a diputados nacionales:<\/strong><\/p>\n\n\n\n<p>1- Mart\u00edn Gill (secretario de Obras P\u00fablicas de la Naci\u00f3n)<\/p>\n\n\n\n<p>2- Olga Ruitort (concejala de la ciudad de C\u00f3rdoba)<\/p>\n\n\n\n<p>3- Pablo Carro (diputado nacional)<\/p>\n\n\n\n<p>4- Ilda Bustos (secretaria general de la Uni\u00f3n Obrera Gr\u00e1fica cordobesa y adjunta CGT regional)<\/p>\n\n\n\n<p>5- Natalio Graglia (intendente de Villa Nueva)<\/p>\n\n\n\n<p>6- Francisca Matoni (secretaria general de la FUC)<\/p>\n\n\n\n<p>7- Gast\u00f3n Mazzalay (intendente Malvinas Argentinas)<\/p>\n\n\n\n<p>8- Graciela Brarda (presidenta del partido justicialista de San Justo)<\/p>\n\n\n\n<p>9- Gast\u00f3n Tomatis (intendente de Las Acequias)<\/p>\n\n\n\n<p><strong>Suplentes<\/strong><\/p>\n\n\n\n<p>1- Glenda Henze (m\u00e9dica generalista)<\/p>\n\n\n\n<p>2- Osvaldo \u00abCabez\u00f3n\u00bb Abramenia (jefe comunal de Villa Guti\u00e9rrez)<\/p>\n\n\n\n<p>3- Luz Calveti (secretaria de Gobierno de Las Varillas)<\/p>\n\n\n\n<p>4- Pablo Mart\u00edn Tissera (cooperativista de IMC)<\/p>\n\n\n\n<p>5- Sandra del Bo (intendenta de Cavagnah)<\/p>\n\n\n\n<p>6- Facundo Armella (abogado)<\/p>\n\n\n\n<p><\/p>\n\n\n\n<figure class=\"wp-block-image size-large\"><img data-recalc-dims=\"1\" loading=\"lazy\" decoding=\"async\" width=\"725\" height=\"1024\" src=\"https:\/\/i0.wp.com\/elregionalvm.com.ar\/noticias-villa-maria\/wp-content\/uploads\/2021\/07\/Frente-de-Todos-Lista.jpg?resize=725%2C1024&#038;ssl=1\" alt=\"\" class=\"wp-image-41493\" srcset=\"https:\/\/i0.wp.com\/elregionalvm.com.ar\/noticias-villa-maria\/wp-content\/uploads\/2021\/07\/Frente-de-Todos-Lista.jpg?resize=725%2C1024&amp;ssl=1 725w, https:\/\/i0.wp.com\/elregionalvm.com.ar\/noticias-villa-maria\/wp-content\/uploads\/2021\/07\/Frente-de-Todos-Lista.jpg?resize=212%2C300&amp;ssl=1 212w, https:\/\/i0.wp.com\/elregionalvm.com.ar\/noticias-villa-maria\/wp-content\/uploads\/2021\/07\/Frente-de-Todos-Lista.jpg?w=760&amp;ssl=1 760w\" sizes=\"(max-width: 725px) 100vw, 725px\" \/><\/figure>\n","protected":false},"excerpt":{"rendered":"<p>Ni el neur\u00f3logo Facundo Manes, ni el vicejefe de Gobierno de Buenos Aires, Diego Santilli, ni el exministro de Transporte de Cristina, Florencio Randazzo. A no confundirse. La centralidad porte\u00f1a que tambi\u00e9n extiende sus tent\u00e1culos en las noticias y la pol\u00edtica, nos hace hablar de candidatos \u201cnacionales\u201d que solo atienden en Buenos Aires. Pero, los [&hellip;]<\/p>\n","protected":false},"author":6,"featured_media":41487,"comment_status":"open","ping_status":"open","sticky":false,"template":"","format":"standard","meta":{"site-sidebar-layout":"default","site-content-layout":"default","ast-site-content-layout":"default","site-content-style":"default","site-sidebar-style":"default","ast-global-header-display":"","ast-banner-title-visibility":"","ast-main-header-display":"","ast-hfb-above-header-display":"","ast-hfb-below-header-display":"","ast-hfb-mobile-header-display":"","site-post-title":"","ast-breadcrumbs-content":"","ast-featured-img":"","footer-sml-layout":"","ast-disable-related-posts":"","theme-transparent-header-meta":"default","adv-header-id-meta":"","stick-header-meta":"","header-above-stick-meta":"","header-main-stick-meta":"","header-below-stick-meta":"","astra-migrate-meta-layouts":"default","ast-page-background-enabled":"default","ast-page-background-meta":{"desktop":{"background-color":"","background-image":"","background-repeat":"repeat","background-position":"center center","background-size":"auto","background-attachment":"scroll","background-type":"","background-media":"","overlay-type":"","overlay-color":"","overlay-opacity":"","overlay-gradient":""},"tablet":{"background-color":"","background-image":"","background-repeat":"repeat","background-position":"center center","background-size":"auto","background-attachment":"scroll","background-type":"","background-media":"","overlay-type":"","overlay-color":"","overlay-opacity":"","overlay-gradient":""},"mobile":{"background-color":"","background-image":"","background-repeat":"repeat","background-position":"center center","background-size":"auto","background-attachment":"scroll","background-type":"","background-media":"","overlay-type":"","overlay-color":"","overlay-opacity":"","overlay-gradient":""}},"ast-content-background-meta":{"desktop":{"background-color":"var(--ast-global-color-5)","background-image":"","background-repeat":"repeat","background-position":"center center","background-size":"auto","background-attachment":"scroll","background-type":"","background-media":"","overlay-type":"","overlay-color":"","overlay-opacity":"","overlay-gradient":""},"tablet":{"background-color":"var(--ast-global-color-5)","background-image":"","background-repeat":"repeat","background-position":"center center","background-size":"auto","background-attachment":"scroll","background-type":"","background-media":"","overlay-type":"","overlay-color":"","overlay-opacity":"","overlay-gradient":""},"mobile":{"background-color":"var(--ast-global-color-5)","background-image":"","background-repeat":"repeat","background-position":"center center","background-size":"auto","background-attachment":"scroll","background-type":"","background-media":"","overlay-type":"","overlay-color":"","overlay-opacity":"","overlay-gradient":""}},"_jetpack_memberships_contains_paid_content":false,"_joinchat":[],"footnotes":""},"categories":[2089,3557],"tags":[2038,6878,7001,10182,1125,1252,6877,500,534,232],"class_list":["post-41485","post","type-post","status-publish","format-standard","has-post-thumbnail","hentry","category-politica","category-tercera","tag-eduardo-accastello","tag-elecciones-legislativas","tag-juntos-por-el-cambio","tag-listas","tag-martin-gill","tag-natalio-graglia","tag-paso","tag-peronismo","tag-villa-maria","tag-villa-nueva"],"yoast_head":"<!-- This site is optimized with the Yoast SEO plugin v26.8 - https:\/\/yoast.com\/product\/yoast-seo-wordpress\/ -->\n<title>Enemigos \u00edntimos en las Legislativas: Gill y Graglia versus Accastello [Las listas] - El Regional<\/title>\n<meta name=\"description\" content=\"El peronismo ir\u00e1 dividido a las elecciones, que tendr\u00e1n como protagonistas a los tres dirigentes en este territorio pol\u00edtico.\" \/>\n<meta name=\"robots\" content=\"index, follow, max-snippet:-1, max-image-preview:large, max-video-preview:-1\" \/>\n<link rel=\"canonical\" href=\"http:\/\/elregionalvm.com.ar\/noticias-villa-maria\/enemigos-intimos-en-las-legislativas-gill-y-graglia-versus-accastello\/\" \/>\n<meta property=\"og:locale\" content=\"es_ES\" \/>\n<meta property=\"og:type\" content=\"article\" \/>\n<meta property=\"og:title\" content=\"Enemigos \u00edntimos en las Legislativas: Gill y Graglia versus Accastello [Las listas] - El Regional\" \/>\n<meta property=\"og:description\" content=\"El peronismo ir\u00e1 dividido a las elecciones, que tendr\u00e1n como protagonistas a los tres dirigentes en este territorio pol\u00edtico.\" \/>\n<meta property=\"og:url\" content=\"http:\/\/elregionalvm.com.ar\/noticias-villa-maria\/enemigos-intimos-en-las-legislativas-gill-y-graglia-versus-accastello\/\" \/>\n<meta property=\"og:site_name\" content=\"El Regional\" \/>\n<meta property=\"article:publisher\" content=\"https:\/\/www.facebook.com\/elregionalvm\" \/>\n<meta property=\"article:published_time\" content=\"2021-07-25T04:05:50+00:00\" \/>\n<meta property=\"article:modified_time\" content=\"2021-07-27T17:47:15+00:00\" \/>\n<meta property=\"og:image\" content=\"http:\/\/elregionalvm.com.ar\/noticias-villa-maria\/wp-content\/uploads\/2021\/07\/Gill-y-Graglia-sonrientes-vertical.jpg\" \/>\n\t<meta property=\"og:image:width\" content=\"547\" \/>\n\t<meta property=\"og:image:height\" content=\"675\" \/>\n\t<meta property=\"og:image:type\" content=\"image\/jpeg\" \/>\n<meta name=\"author\" content=\"Germ\u00e1n Giacchero\" \/>\n<meta name=\"twitter:card\" content=\"summary_large_image\" \/>\n<meta name=\"twitter:creator\" content=\"@elregionalvm1\" \/>\n<meta name=\"twitter:site\" content=\"@elregionalvm1\" \/>\n<meta name=\"twitter:label1\" content=\"Escrito por\" \/>\n\t<meta name=\"twitter:data1\" content=\"Germ\u00e1n Giacchero\" \/>\n\t<meta name=\"twitter:label2\" content=\"Tiempo de lectura\" \/>\n\t<meta name=\"twitter:data2\" content=\"6 minutos\" \/>\n<script type=\"application\/ld+json\" class=\"yoast-schema-graph\">{\"@context\":\"https:\/\/schema.org\",\"@graph\":[{\"@type\":\"Article\",\"@id\":\"http:\/\/elregionalvm.com.ar\/noticias-villa-maria\/enemigos-intimos-en-las-legislativas-gill-y-graglia-versus-accastello\/#article\",\"isPartOf\":{\"@id\":\"http:\/\/elregionalvm.com.ar\/noticias-villa-maria\/enemigos-intimos-en-las-legislativas-gill-y-graglia-versus-accastello\/\"},\"author\":{\"name\":\"Germ\u00e1n Giacchero\",\"@id\":\"http:\/\/elregionalvm.com.ar\/noticias-villa-maria\/#\/schema\/person\/d5e4b04966154131701e52c45d3efec9\"},\"headline\":\"Enemigos \u00edntimos en las Legislativas: Gill y Graglia versus Accastello [Las listas]\",\"datePublished\":\"2021-07-25T04:05:50+00:00\",\"dateModified\":\"2021-07-27T17:47:15+00:00\",\"mainEntityOfPage\":{\"@id\":\"http:\/\/elregionalvm.com.ar\/noticias-villa-maria\/enemigos-intimos-en-las-legislativas-gill-y-graglia-versus-accastello\/\"},\"wordCount\":1198,\"commentCount\":0,\"image\":{\"@id\":\"http:\/\/elregionalvm.com.ar\/noticias-villa-maria\/enemigos-intimos-en-las-legislativas-gill-y-graglia-versus-accastello\/#primaryimage\"},\"thumbnailUrl\":\"https:\/\/i0.wp.com\/elregionalvm.com.ar\/noticias-villa-maria\/wp-content\/uploads\/2021\/07\/Gill-y-Graglia-sonrientes-vertical.jpg?fit=547%2C675&ssl=1\",\"keywords\":[\"Eduardo Accastello\",\"Elecciones legislativas\",\"Juntos por el Cambio\",\"Listas\",\"mart\u00edn gill\",\"Natalio Graglia\",\"PASO\",\"Peronismo\",\"villa maria\",\"VILLA NUEVA\"],\"articleSection\":[\"Pol\u00edtica\",\"tercera\"],\"inLanguage\":\"es\",\"potentialAction\":[{\"@type\":\"CommentAction\",\"name\":\"Comment\",\"target\":[\"http:\/\/elregionalvm.com.ar\/noticias-villa-maria\/enemigos-intimos-en-las-legislativas-gill-y-graglia-versus-accastello\/#respond\"]}]},{\"@type\":\"WebPage\",\"@id\":\"http:\/\/elregionalvm.com.ar\/noticias-villa-maria\/enemigos-intimos-en-las-legislativas-gill-y-graglia-versus-accastello\/\",\"url\":\"http:\/\/elregionalvm.com.ar\/noticias-villa-maria\/enemigos-intimos-en-las-legislativas-gill-y-graglia-versus-accastello\/\",\"name\":\"Enemigos \u00edntimos en las Legislativas: Gill y Graglia versus Accastello [Las listas] - El Regional\",\"isPartOf\":{\"@id\":\"http:\/\/elregionalvm.com.ar\/noticias-villa-maria\/#website\"},\"primaryImageOfPage\":{\"@id\":\"http:\/\/elregionalvm.com.ar\/noticias-villa-maria\/enemigos-intimos-en-las-legislativas-gill-y-graglia-versus-accastello\/#primaryimage\"},\"image\":{\"@id\":\"http:\/\/elregionalvm.com.ar\/noticias-villa-maria\/enemigos-intimos-en-las-legislativas-gill-y-graglia-versus-accastello\/#primaryimage\"},\"thumbnailUrl\":\"https:\/\/i0.wp.com\/elregionalvm.com.ar\/noticias-villa-maria\/wp-content\/uploads\/2021\/07\/Gill-y-Graglia-sonrientes-vertical.jpg?fit=547%2C675&ssl=1\",\"datePublished\":\"2021-07-25T04:05:50+00:00\",\"dateModified\":\"2021-07-27T17:47:15+00:00\",\"author\":{\"@id\":\"http:\/\/elregionalvm.com.ar\/noticias-villa-maria\/#\/schema\/person\/d5e4b04966154131701e52c45d3efec9\"},\"description\":\"El peronismo ir\u00e1 dividido a las elecciones, que tendr\u00e1n como protagonistas a los tres dirigentes en este territorio pol\u00edtico.\",\"breadcrumb\":{\"@id\":\"http:\/\/elregionalvm.com.ar\/noticias-villa-maria\/enemigos-intimos-en-las-legislativas-gill-y-graglia-versus-accastello\/#breadcrumb\"},\"inLanguage\":\"es\",\"potentialAction\":[{\"@type\":\"ReadAction\",\"target\":[\"http:\/\/elregionalvm.com.ar\/noticias-villa-maria\/enemigos-intimos-en-las-legislativas-gill-y-graglia-versus-accastello\/\"]}]},{\"@type\":\"ImageObject\",\"inLanguage\":\"es\",\"@id\":\"http:\/\/elregionalvm.com.ar\/noticias-villa-maria\/enemigos-intimos-en-las-legislativas-gill-y-graglia-versus-accastello\/#primaryimage\",\"url\":\"https:\/\/i0.wp.com\/elregionalvm.com.ar\/noticias-villa-maria\/wp-content\/uploads\/2021\/07\/Gill-y-Graglia-sonrientes-vertical.jpg?fit=547%2C675&ssl=1\",\"contentUrl\":\"https:\/\/i0.wp.com\/elregionalvm.com.ar\/noticias-villa-maria\/wp-content\/uploads\/2021\/07\/Gill-y-Graglia-sonrientes-vertical.jpg?fit=547%2C675&ssl=1\",\"width\":547,\"height\":675},{\"@type\":\"BreadcrumbList\",\"@id\":\"http:\/\/elregionalvm.com.ar\/noticias-villa-maria\/enemigos-intimos-en-las-legislativas-gill-y-graglia-versus-accastello\/#breadcrumb\",\"itemListElement\":[{\"@type\":\"ListItem\",\"position\":1,\"name\":\"Portada\",\"item\":\"https:\/\/elregionalvm.com.ar\/noticias-villa-maria\/\"},{\"@type\":\"ListItem\",\"position\":2,\"name\":\"Enemigos \u00edntimos en las Legislativas: Gill y Graglia versus Accastello [Las listas]\"}]},{\"@type\":\"WebSite\",\"@id\":\"http:\/\/elregionalvm.com.ar\/noticias-villa-maria\/#website\",\"url\":\"http:\/\/elregionalvm.com.ar\/noticias-villa-maria\/\",\"name\":\"El Regional\",\"description\":\"Mucho m\u00e1s que informaci\u00f3n\",\"potentialAction\":[{\"@type\":\"SearchAction\",\"target\":{\"@type\":\"EntryPoint\",\"urlTemplate\":\"http:\/\/elregionalvm.com.ar\/noticias-villa-maria\/?s={search_term_string}\"},\"query-input\":{\"@type\":\"PropertyValueSpecification\",\"valueRequired\":true,\"valueName\":\"search_term_string\"}}],\"inLanguage\":\"es\"},{\"@type\":\"Person\",\"@id\":\"http:\/\/elregionalvm.com.ar\/noticias-villa-maria\/#\/schema\/person\/d5e4b04966154131701e52c45d3efec9\",\"name\":\"Germ\u00e1n Giacchero\",\"image\":{\"@type\":\"ImageObject\",\"inLanguage\":\"es\",\"@id\":\"http:\/\/elregionalvm.com.ar\/noticias-villa-maria\/#\/schema\/person\/image\/\",\"url\":\"https:\/\/secure.gravatar.com\/avatar\/fda163ba5ef0307ee5be9846e10f83b6e83d0cfb260d3b2464830318894c6b04?s=96&d=mm&r=g\",\"contentUrl\":\"https:\/\/secure.gravatar.com\/avatar\/fda163ba5ef0307ee5be9846e10f83b6e83d0cfb260d3b2464830318894c6b04?s=96&d=mm&r=g\",\"caption\":\"Germ\u00e1n Giacchero\"},\"url\":\"https:\/\/elregionalvm.com.ar\/noticias-villa-maria\/author\/germangiacchero\/\"}]}<\/script>\n<!-- \/ Yoast SEO plugin. -->","yoast_head_json":{"title":"Enemigos \u00edntimos en las Legislativas: Gill y Graglia versus Accastello [Las listas] - El Regional","description":"El peronismo ir\u00e1 dividido a las elecciones, que tendr\u00e1n como protagonistas a los tres dirigentes en este territorio pol\u00edtico.","robots":{"index":"index","follow":"follow","max-snippet":"max-snippet:-1","max-image-preview":"max-image-preview:large","max-video-preview":"max-video-preview:-1"},"canonical":"http:\/\/elregionalvm.com.ar\/noticias-villa-maria\/enemigos-intimos-en-las-legislativas-gill-y-graglia-versus-accastello\/","og_locale":"es_ES","og_type":"article","og_title":"Enemigos \u00edntimos en las Legislativas: Gill y Graglia versus Accastello [Las listas] - El Regional","og_description":"El peronismo ir\u00e1 dividido a las elecciones, que tendr\u00e1n como protagonistas a los tres dirigentes en este territorio pol\u00edtico.","og_url":"http:\/\/elregionalvm.com.ar\/noticias-villa-maria\/enemigos-intimos-en-las-legislativas-gill-y-graglia-versus-accastello\/","og_site_name":"El Regional","article_publisher":"https:\/\/www.facebook.com\/elregionalvm","article_published_time":"2021-07-25T04:05:50+00:00","article_modified_time":"2021-07-27T17:47:15+00:00","og_image":[{"width":547,"height":675,"url":"http:\/\/elregionalvm.com.ar\/noticias-villa-maria\/wp-content\/uploads\/2021\/07\/Gill-y-Graglia-sonrientes-vertical.jpg","type":"image\/jpeg"}],"author":"Germ\u00e1n Giacchero","twitter_card":"summary_large_image","twitter_creator":"@elregionalvm1","twitter_site":"@elregionalvm1","twitter_misc":{"Escrito por":"Germ\u00e1n Giacchero","Tiempo de lectura":"6 minutos"},"schema":{"@context":"https:\/\/schema.org","@graph":[{"@type":"Article","@id":"http:\/\/elregionalvm.com.ar\/noticias-villa-maria\/enemigos-intimos-en-las-legislativas-gill-y-graglia-versus-accastello\/#article","isPartOf":{"@id":"http:\/\/elregionalvm.com.ar\/noticias-villa-maria\/enemigos-intimos-en-las-legislativas-gill-y-graglia-versus-accastello\/"},"author":{"name":"Germ\u00e1n Giacchero","@id":"http:\/\/elregionalvm.com.ar\/noticias-villa-maria\/#\/schema\/person\/d5e4b04966154131701e52c45d3efec9"},"headline":"Enemigos \u00edntimos en las Legislativas: Gill y Graglia versus Accastello [Las listas]","datePublished":"2021-07-25T04:05:50+00:00","dateModified":"2021-07-27T17:47:15+00:00","mainEntityOfPage":{"@id":"http:\/\/elregionalvm.com.ar\/noticias-villa-maria\/enemigos-intimos-en-las-legislativas-gill-y-graglia-versus-accastello\/"},"wordCount":1198,"commentCount":0,"image":{"@id":"http:\/\/elregionalvm.com.ar\/noticias-villa-maria\/enemigos-intimos-en-las-legislativas-gill-y-graglia-versus-accastello\/#primaryimage"},"thumbnailUrl":"https:\/\/i0.wp.com\/elregionalvm.com.ar\/noticias-villa-maria\/wp-content\/uploads\/2021\/07\/Gill-y-Graglia-sonrientes-vertical.jpg?fit=547%2C675&ssl=1","keywords":["Eduardo Accastello","Elecciones legislativas","Juntos por el Cambio","Listas","mart\u00edn gill","Natalio Graglia","PASO","Peronismo","villa maria","VILLA NUEVA"],"articleSection":["Pol\u00edtica","tercera"],"inLanguage":"es","potentialAction":[{"@type":"CommentAction","name":"Comment","target":["http:\/\/elregionalvm.com.ar\/noticias-villa-maria\/enemigos-intimos-en-las-legislativas-gill-y-graglia-versus-accastello\/#respond"]}]},{"@type":"WebPage","@id":"http:\/\/elregionalvm.com.ar\/noticias-villa-maria\/enemigos-intimos-en-las-legislativas-gill-y-graglia-versus-accastello\/","url":"http:\/\/elregionalvm.com.ar\/noticias-villa-maria\/enemigos-intimos-en-las-legislativas-gill-y-graglia-versus-accastello\/","name":"Enemigos \u00edntimos en las Legislativas: Gill y Graglia versus Accastello [Las listas] - El Regional","isPartOf":{"@id":"http:\/\/elregionalvm.com.ar\/noticias-villa-maria\/#website"},"primaryImageOfPage":{"@id":"http:\/\/elregionalvm.com.ar\/noticias-villa-maria\/enemigos-intimos-en-las-legislativas-gill-y-graglia-versus-accastello\/#primaryimage"},"image":{"@id":"http:\/\/elregionalvm.com.ar\/noticias-villa-maria\/enemigos-intimos-en-las-legislativas-gill-y-graglia-versus-accastello\/#primaryimage"},"thumbnailUrl":"https:\/\/i0.wp.com\/elregionalvm.com.ar\/noticias-villa-maria\/wp-content\/uploads\/2021\/07\/Gill-y-Graglia-sonrientes-vertical.jpg?fit=547%2C675&ssl=1","datePublished":"2021-07-25T04:05:50+00:00","dateModified":"2021-07-27T17:47:15+00:00","author":{"@id":"http:\/\/elregionalvm.com.ar\/noticias-villa-maria\/#\/schema\/person\/d5e4b04966154131701e52c45d3efec9"},"description":"El peronismo ir\u00e1 dividido a las elecciones, que tendr\u00e1n como protagonistas a los tres dirigentes en este territorio pol\u00edtico.","breadcrumb":{"@id":"http:\/\/elregionalvm.com.ar\/noticias-villa-maria\/enemigos-intimos-en-las-legislativas-gill-y-graglia-versus-accastello\/#breadcrumb"},"inLanguage":"es","potentialAction":[{"@type":"ReadAction","target":["http:\/\/elregionalvm.com.ar\/noticias-villa-maria\/enemigos-intimos-en-las-legislativas-gill-y-graglia-versus-accastello\/"]}]},{"@type":"ImageObject","inLanguage":"es","@id":"http:\/\/elregionalvm.com.ar\/noticias-villa-maria\/enemigos-intimos-en-las-legislativas-gill-y-graglia-versus-accastello\/#primaryimage","url":"https:\/\/i0.wp.com\/elregionalvm.com.ar\/noticias-villa-maria\/wp-content\/uploads\/2021\/07\/Gill-y-Graglia-sonrientes-vertical.jpg?fit=547%2C675&ssl=1","contentUrl":"https:\/\/i0.wp.com\/elregionalvm.com.ar\/noticias-villa-maria\/wp-content\/uploads\/2021\/07\/Gill-y-Graglia-sonrientes-vertical.jpg?fit=547%2C675&ssl=1","width":547,"height":675},{"@type":"BreadcrumbList","@id":"http:\/\/elregionalvm.com.ar\/noticias-villa-maria\/enemigos-intimos-en-las-legislativas-gill-y-graglia-versus-accastello\/#breadcrumb","itemListElement":[{"@type":"ListItem","position":1,"name":"Portada","item":"https:\/\/elregionalvm.com.ar\/noticias-villa-maria\/"},{"@type":"ListItem","position":2,"name":"Enemigos \u00edntimos en las Legislativas: Gill y Graglia versus Accastello [Las listas]"}]},{"@type":"WebSite","@id":"http:\/\/elregionalvm.com.ar\/noticias-villa-maria\/#website","url":"http:\/\/elregionalvm.com.ar\/noticias-villa-maria\/","name":"El Regional","description":"Mucho m\u00e1s que informaci\u00f3n","potentialAction":[{"@type":"SearchAction","target":{"@type":"EntryPoint","urlTemplate":"http:\/\/elregionalvm.com.ar\/noticias-villa-maria\/?s={search_term_string}"},"query-input":{"@type":"PropertyValueSpecification","valueRequired":true,"valueName":"search_term_string"}}],"inLanguage":"es"},{"@type":"Person","@id":"http:\/\/elregionalvm.com.ar\/noticias-villa-maria\/#\/schema\/person\/d5e4b04966154131701e52c45d3efec9","name":"Germ\u00e1n Giacchero","image":{"@type":"ImageObject","inLanguage":"es","@id":"http:\/\/elregionalvm.com.ar\/noticias-villa-maria\/#\/schema\/person\/image\/","url":"https:\/\/secure.gravatar.com\/avatar\/fda163ba5ef0307ee5be9846e10f83b6e83d0cfb260d3b2464830318894c6b04?s=96&d=mm&r=g","contentUrl":"https:\/\/secure.gravatar.com\/avatar\/fda163ba5ef0307ee5be9846e10f83b6e83d0cfb260d3b2464830318894c6b04?s=96&d=mm&r=g","caption":"Germ\u00e1n Giacchero"},"url":"https:\/\/elregionalvm.com.ar\/noticias-villa-maria\/author\/germangiacchero\/"}]}},"jetpack_featured_media_url":"https:\/\/i0.wp.com\/elregionalvm.com.ar\/noticias-villa-maria\/wp-content\/uploads\/2021\/07\/Gill-y-Graglia-sonrientes-vertical.jpg?fit=547%2C675&ssl=1","jetpack_sharing_enabled":true,"_links":{"self":[{"href":"https:\/\/elregionalvm.com.ar\/noticias-villa-maria\/wp-json\/wp\/v2\/posts\/41485","targetHints":{"allow":["GET"]}}],"collection":[{"href":"https:\/\/elregionalvm.com.ar\/noticias-villa-maria\/wp-json\/wp\/v2\/posts"}],"about":[{"href":"https:\/\/elregionalvm.com.ar\/noticias-villa-maria\/wp-json\/wp\/v2\/types\/post"}],"author":[{"embeddable":true,"href":"https:\/\/elregionalvm.com.ar\/noticias-villa-maria\/wp-json\/wp\/v2\/users\/6"}],"replies":[{"embeddable":true,"href":"https:\/\/elregionalvm.com.ar\/noticias-villa-maria\/wp-json\/wp\/v2\/comments?post=41485"}],"version-history":[{"count":4,"href":"https:\/\/elregionalvm.com.ar\/noticias-villa-maria\/wp-json\/wp\/v2\/posts\/41485\/revisions"}],"predecessor-version":[{"id":41497,"href":"https:\/\/elregionalvm.com.ar\/noticias-villa-maria\/wp-json\/wp\/v2\/posts\/41485\/revisions\/41497"}],"wp:featuredmedia":[{"embeddable":true,"href":"https:\/\/elregionalvm.com.ar\/noticias-villa-maria\/wp-json\/wp\/v2\/media\/41487"}],"wp:attachment":[{"href":"https:\/\/elregionalvm.com.ar\/noticias-villa-maria\/wp-json\/wp\/v2\/media?parent=41485"}],"wp:term":[{"taxonomy":"category","embeddable":true,"href":"https:\/\/elregionalvm.com.ar\/noticias-villa-maria\/wp-json\/wp\/v2\/categories?post=41485"},{"taxonomy":"post_tag","embeddable":true,"href":"https:\/\/elregionalvm.com.ar\/noticias-villa-maria\/wp-json\/wp\/v2\/tags?post=41485"}],"curies":[{"name":"wp","href":"https:\/\/api.w.org\/{rel}","templated":true}]}}