{"id":41498,"date":"2021-07-25T12:00:05","date_gmt":"2021-07-25T12:00:05","guid":{"rendered":"https:\/\/elregionalvm.com.ar\/noticias-villa-maria\/?p=41498"},"modified":"2021-07-25T12:00:08","modified_gmt":"2021-07-25T12:00:08","slug":"todas-las-listas-y-candidatos-que-competiran-en-las-paso-de-la-provincia-de-cordoba","status":"publish","type":"post","link":"https:\/\/elregionalvm.com.ar\/noticias-villa-maria\/todas-las-listas-y-candidatos-que-competiran-en-las-paso-de-la-provincia-de-cordoba\/","title":{"rendered":"Todas las listas y candidatos que competir\u00e1n en las PASO de la Provincia de C\u00f3rdoba"},"content":{"rendered":"\n<p>Conocido el cierre de las listas para sumarse a la contienda electoral de las PASO del pr\u00f3ximo 12 de septiembre, \u00e9stas son todas las listas inscriptas en la Justicia Electoral en la Provincia de C\u00f3rdoba:<\/p>\n\n\n\n<p><\/p>\n\n\n\n<p><strong>1- JUNTOS POR EL CAMBIO<\/strong><\/p>\n\n\n\n<p><strong>Lista 1 &#8211;<\/strong><\/p>\n\n\n\n<p>Senadores titulares: Mario Negri y Soher El Sukaria<\/p>\n\n\n\n<p>Diputados titulares: Gustavo Santos, Soledad Carrizo, Ram\u00f3n Mestre, Mariana Ispizua y Henry Blas Leis<\/p>\n\n\n\n<p><strong>Lista 2-<\/strong><\/p>\n\n\n\n<p>Senadores titulares: Luis Juez y Carmen \u00c1lvarez Rivero<\/p>\n\n\n\n<p>Diputados titulares: Rodrigo De Loredo, Laura Rodr\u00edguez Machado, H\u00e9ctor Baldassi, Gabriela Brower de Koning y Oscar Agost Carre\u00f1o<\/p>\n\n\n\n<p><strong>Lista 3-<\/strong><\/p>\n\n\n\n<p>Senadores titulares: Javier Bee Sellares<\/p>\n\n\n\n<p>Diputados titulares: Laura Sesma y Marcos Giraudo<\/p>\n\n\n\n<p><strong>Lista 4 &#8211;<\/strong><br>Senadores titulares: Griselda Baldata<\/p>\n\n\n\n<p>Diputados titulares: Dante Rossi y Viviana Pomigio<\/p>\n\n\n\n<p><strong>2- FRENTE DE TODOS<\/strong><\/p>\n\n\n\n<p>Senadores titulares: Carlos Caserio, Gabriela Est\u00e9vez, y Thiago Galv\u00e1n.<\/p>\n\n\n\n<p>Diputados titulares: Mart\u00edn Gill, Olga Riutort, Pablo Carro, Ilda Bustos, Natalio Graglia, Francisca Matoni, Gast\u00f3n Mazzalay, Graciela Brarda, y Gast\u00f3n Tomatis.<\/p>\n\n\n\n<p><strong>3- HACEMOS POR C\u00d3RDOBA<\/strong><\/p>\n\n\n\n<p>Senadores Titulares: Alejandra Vigo, Eduardo Accastello.<\/p>\n\n\n\n<p>Diputados titulares: Natalia de la Sota, Ignacio Garc\u00eda Aresca, Claudia M\u00e1rquez, Sergio Busso, Claudia Mart\u00ednez, Gustavo Brand\u00e1n, Cristina Vidal, Fabio Guaschino y Rosal\u00eda C\u00e1ceres.<\/p>\n\n\n\n<p><strong>4- FIT<\/strong><br>Por el FIT compiten cuatro listas:<\/p>\n\n\n\n<p><strong>Lista 1 \u201cFortalecer a la Izquierda\u201d &#8211;<\/strong> La Izquierda Socialista y el Partido de los Trabajadores Socialistas<\/p>\n\n\n\n<p>Senadores titulares: Laura Vilches y Alfredo Leytes.<\/p>\n\n\n\n<p>Diputados titulares: Liliana Olivero, Santiago Ben\u00edtez, Noel Arga\u00f1araz; Federico Wagner; Noelia Ag\u00fcero; No\u00e9 Silbestein; Candela Guzm\u00e1n; Ernesto Arce y Marcela Mart\u00edn.<\/p>\n\n\n\n<p><strong>Lista 2 &#8211; Movimiento Socialista de los Trabajadores (MST)<\/strong><\/p>\n\n\n\n<p>Senadores titulares: Ra\u00fal G\u00f3mez y Maru Acosta<\/p>\n\n\n\n<p>Diputados titulares: Luciana Echevarr\u00eda, Gast\u00f3n Vacchiani<\/p>\n\n\n\n<p><strong>Lista 3 &#8211; NUEVO MAS<\/strong><\/p>\n\n\n\n<p>Senadores titulares: Eduardo Mulhall<\/p>\n\n\n\n<p>Diputados titulares: Julia Di Santi<\/p>\n\n\n\n<p><strong>Lista 4 &#8211; Partido Obrero (PO)<\/strong><\/p>\n\n\n\n<p>Senadores titulares: Emanuel Berardo y Cintia Frencia<\/p>\n\n\n\n<p>Diputados titulares: Eduardo Salas, Soledad D\u00edaz, Jorge Navarro<\/p>\n\n\n\n<p><strong>5- UNI\u00d3N POPULAR FEDERAL<\/strong><\/p>\n\n\n\n<p>Se presentan 4 listas:<\/p>\n\n\n\n<p><strong>Lista 1-<\/strong><\/p>\n\n\n\n<p>Senadores titulares: Julio C\u00e9sar P\u00e9rez<\/p>\n\n\n\n<p>Diputados titulares: Miguel Mart\u00ednez<\/p>\n\n\n\n<p><strong>Lista 2 &#8211; FRATERNIDAD<\/strong><\/p>\n\n\n\n<p>Senadores titulares: Eduardo Alberto Giaimo<\/p>\n\n\n\n<p>Diputados titulares: V\u00edctor Taborda<\/p>\n\n\n\n<p><strong>Lista 3 &#8211; LIBERTARIOS y NOS<\/strong><\/p>\n\n\n\n<p>Senadores titulares: Agust\u00edn Spaccesi y Ana Nemer<\/p>\n\n\n\n<p>Diputados titulares: Jorge Scala y Daniela Welmer<\/p>\n\n\n\n<p><strong>Lista 4- ALIANZA FEDERAL, LA LISTA DEL PUEBLO<\/strong><\/p>\n\n\n\n<p>Senadores titulares: V\u00edctor Ferrazano<\/p>\n\n\n\n<p>Diputados titulares: Ariel Luque<\/p>\n\n\n\n<p><strong>6 -ALIANZA LA LIBERTAD AVANZA<\/strong><\/p>\n\n\n\n<p>Senadores titulares: Eugenia Gordillo y Enrique Rigatuzo<\/p>\n\n\n\n<p>Diputados titulares: Rub\u00e9n Peteta y Mar\u00eda Cristina Lagger<\/p>\n\n\n\n<p><strong>7- COMPROMISO CIUDADANO C\u00d3RDOBA<\/strong><\/p>\n\n\n\n<p>Senadores titulares: Daniel Giacomino, Mar\u00eda del Carmen Gonz\u00e1lez , Eduardo Marcelo Ju\u00e1rez<br>Diputados titulares: Armando Osores, Liliana Telman<\/p>\n\n\n\n<p><strong>8- PARTIDO DEM\u00d3CRATA DE C\u00d3RDOBA<\/strong><\/p>\n\n\n\n<p>Senadores Titulares: Roque Fern\u00e1ndez y Nelly Prychodka<\/p>\n\n\n\n<p>Diputados titulares: Mery Lunge, Rodolfo Eiben, Mar\u00eda de los \u00c1ngeles C\u00e1ceres, Wilson Genesio.<\/p>\n\n\n\n<p><strong>9- ENCUENTRO VECINAL C\u00d3RDOBA<\/strong><\/p>\n\n\n\n<p>Senadores titulares: Juan Pablo Quinteros, Elena Vacchetta<\/p>\n\n\n\n<p>Diputados titulares: Aurelio Garc\u00eda Elorrio, Mar\u00eda Amelia \u00abMem\u00e9\u00bb Moscoso, Gerardo Grosso, Paula Ponte, Ricky Condori, Cande Orellana, Agust\u00edn Anglada, Claudia Arg\u00fcello, Esteban Ancarani.<br>Suplentes: Noelia Perrin, Juan Jos\u00e9 Sileone, Gabriela Moretta, Pablo Montivero, Laura Tavano S\u00e1nchez, Julio Daniel Garay.<\/p>\n","protected":false},"excerpt":{"rendered":"<p>Conocido el cierre de las listas para sumarse a la contienda electoral de las PASO del pr\u00f3ximo 12 de septiembre, \u00e9stas son todas las listas inscriptas en la Justicia Electoral en la Provincia de C\u00f3rdoba: 1- JUNTOS POR EL CAMBIO Lista 1 &#8211; Senadores titulares: Mario Negri y Soher El Sukaria Diputados titulares: Gustavo Santos, [&hellip;]<\/p>\n","protected":false},"author":4,"featured_media":41499,"comment_status":"open","ping_status":"open","sticky":false,"template":"","format":"standard","meta":{"site-sidebar-layout":"default","site-content-layout":"default","ast-site-content-layout":"default","site-content-style":"default","site-sidebar-style":"default","ast-global-header-display":"","ast-banner-title-visibility":"","ast-main-header-display":"","ast-hfb-above-header-display":"","ast-hfb-below-header-display":"","ast-hfb-mobile-header-display":"","site-post-title":"","ast-breadcrumbs-content":"","ast-featured-img":"","footer-sml-layout":"","ast-disable-related-posts":"","theme-transparent-header-meta":"default","adv-header-id-meta":"","stick-header-meta":"","header-above-stick-meta":"","header-main-stick-meta":"","header-below-stick-meta":"","astra-migrate-meta-layouts":"default","ast-page-background-enabled":"default","ast-page-background-meta":{"desktop":{"background-color":"","background-image":"","background-repeat":"repeat","background-position":"center center","background-size":"auto","background-attachment":"scroll","background-type":"","background-media":"","overlay-type":"","overlay-color":"","overlay-opacity":"","overlay-gradient":""},"tablet":{"background-color":"","background-image":"","background-repeat":"repeat","background-position":"center center","background-size":"auto","background-attachment":"scroll","background-type":"","background-media":"","overlay-type":"","overlay-color":"","overlay-opacity":"","overlay-gradient":""},"mobile":{"background-color":"","background-image":"","background-repeat":"repeat","background-position":"center center","background-size":"auto","background-attachment":"scroll","background-type":"","background-media":"","overlay-type":"","overlay-color":"","overlay-opacity":"","overlay-gradient":""}},"ast-content-background-meta":{"desktop":{"background-color":"var(--ast-global-color-5)","background-image":"","background-repeat":"repeat","background-position":"center center","background-size":"auto","background-attachment":"scroll","background-type":"","background-media":"","overlay-type":"","overlay-color":"","overlay-opacity":"","overlay-gradient":""},"tablet":{"background-color":"var(--ast-global-color-5)","background-image":"","background-repeat":"repeat","background-position":"center center","background-size":"auto","background-attachment":"scroll","background-type":"","background-media":"","overlay-type":"","overlay-color":"","overlay-opacity":"","overlay-gradient":""},"mobile":{"background-color":"var(--ast-global-color-5)","background-image":"","background-repeat":"repeat","background-position":"center center","background-size":"auto","background-attachment":"scroll","background-type":"","background-media":"","overlay-type":"","overlay-color":"","overlay-opacity":"","overlay-gradient":""}},"_jetpack_memberships_contains_paid_content":false,"_joinchat":[],"footnotes":""},"categories":[2089],"tags":[10184,579,1232,10182,10183,6877,2403],"class_list":["post-41498","post","type-post","status-publish","format-standard","has-post-thumbnail","hentry","category-politica","tag-12-de-septiembre-de-2021","tag-candidatos","tag-destacado","tag-listas","tag-listas-y-candidatos","tag-paso","tag-provincia-de-cordoba"],"yoast_head":"<!-- This site is optimized with the Yoast SEO plugin v26.8 - https:\/\/yoast.com\/product\/yoast-seo-wordpress\/ -->\n<title>Todas las listas y candidatos que competir\u00e1n en las PASO de la Provincia de C\u00f3rdoba - El Regional<\/title>\n<meta name=\"robots\" content=\"index, follow, max-snippet:-1, max-image-preview:large, max-video-preview:-1\" \/>\n<link rel=\"canonical\" href=\"http:\/\/elregionalvm.com.ar\/noticias-villa-maria\/todas-las-listas-y-candidatos-que-competiran-en-las-paso-de-la-provincia-de-cordoba\/\" \/>\n<meta property=\"og:locale\" content=\"es_ES\" \/>\n<meta property=\"og:type\" content=\"article\" \/>\n<meta property=\"og:title\" content=\"Todas las listas y candidatos que competir\u00e1n en las PASO de la Provincia de C\u00f3rdoba - El Regional\" \/>\n<meta property=\"og:description\" content=\"Conocido el cierre de las listas para sumarse a la contienda electoral de las PASO del pr\u00f3ximo 12 de septiembre, \u00e9stas son todas las listas inscriptas en la Justicia Electoral en la Provincia de C\u00f3rdoba: 1- JUNTOS POR EL CAMBIO Lista 1 &#8211; Senadores titulares: Mario Negri y Soher El Sukaria Diputados titulares: Gustavo Santos, [&hellip;]\" \/>\n<meta property=\"og:url\" content=\"http:\/\/elregionalvm.com.ar\/noticias-villa-maria\/todas-las-listas-y-candidatos-que-competiran-en-las-paso-de-la-provincia-de-cordoba\/\" \/>\n<meta property=\"og:site_name\" content=\"El Regional\" \/>\n<meta property=\"article:publisher\" content=\"https:\/\/www.facebook.com\/elregionalvm\" \/>\n<meta property=\"article:published_time\" content=\"2021-07-25T12:00:05+00:00\" \/>\n<meta property=\"article:modified_time\" content=\"2021-07-25T12:00:08+00:00\" \/>\n<meta property=\"og:image\" content=\"http:\/\/elregionalvm.com.ar\/noticias-villa-maria\/wp-content\/uploads\/2021\/07\/paso-urnas.jpg\" \/>\n\t<meta property=\"og:image:width\" content=\"1024\" \/>\n\t<meta property=\"og:image:height\" content=\"576\" \/>\n\t<meta property=\"og:image:type\" content=\"image\/jpeg\" \/>\n<meta name=\"author\" content=\"Contenidos El Regional\" \/>\n<meta name=\"twitter:card\" content=\"summary_large_image\" \/>\n<meta name=\"twitter:creator\" content=\"@elregionalvm1\" \/>\n<meta name=\"twitter:site\" content=\"@elregionalvm1\" \/>\n<meta name=\"twitter:label1\" content=\"Escrito por\" \/>\n\t<meta name=\"twitter:data1\" content=\"Contenidos El Regional\" \/>\n\t<meta name=\"twitter:label2\" content=\"Tiempo de lectura\" \/>\n\t<meta name=\"twitter:data2\" content=\"3 minutos\" \/>\n<script type=\"application\/ld+json\" class=\"yoast-schema-graph\">{\"@context\":\"https:\/\/schema.org\",\"@graph\":[{\"@type\":\"Article\",\"@id\":\"http:\/\/elregionalvm.com.ar\/noticias-villa-maria\/todas-las-listas-y-candidatos-que-competiran-en-las-paso-de-la-provincia-de-cordoba\/#article\",\"isPartOf\":{\"@id\":\"http:\/\/elregionalvm.com.ar\/noticias-villa-maria\/todas-las-listas-y-candidatos-que-competiran-en-las-paso-de-la-provincia-de-cordoba\/\"},\"author\":{\"name\":\"Contenidos El Regional\",\"@id\":\"http:\/\/elregionalvm.com.ar\/noticias-villa-maria\/#\/schema\/person\/a0fb9c422317faca23d50163151bc354\"},\"headline\":\"Todas las listas y candidatos que competir\u00e1n en las PASO de la Provincia de C\u00f3rdoba\",\"datePublished\":\"2021-07-25T12:00:05+00:00\",\"dateModified\":\"2021-07-25T12:00:08+00:00\",\"mainEntityOfPage\":{\"@id\":\"http:\/\/elregionalvm.com.ar\/noticias-villa-maria\/todas-las-listas-y-candidatos-que-competiran-en-las-paso-de-la-provincia-de-cordoba\/\"},\"wordCount\":540,\"commentCount\":0,\"image\":{\"@id\":\"http:\/\/elregionalvm.com.ar\/noticias-villa-maria\/todas-las-listas-y-candidatos-que-competiran-en-las-paso-de-la-provincia-de-cordoba\/#primaryimage\"},\"thumbnailUrl\":\"https:\/\/i0.wp.com\/elregionalvm.com.ar\/noticias-villa-maria\/wp-content\/uploads\/2021\/07\/paso-urnas.jpg?fit=1024%2C576&ssl=1\",\"keywords\":[\"12 de septiembre de 2021\",\"Candidatos\",\"destacado\",\"Listas\",\"Listas y Candidatos\",\"PASO\",\"Provincia de C\u00f3rdoba\"],\"articleSection\":[\"Pol\u00edtica\"],\"inLanguage\":\"es\",\"potentialAction\":[{\"@type\":\"CommentAction\",\"name\":\"Comment\",\"target\":[\"http:\/\/elregionalvm.com.ar\/noticias-villa-maria\/todas-las-listas-y-candidatos-que-competiran-en-las-paso-de-la-provincia-de-cordoba\/#respond\"]}]},{\"@type\":\"WebPage\",\"@id\":\"http:\/\/elregionalvm.com.ar\/noticias-villa-maria\/todas-las-listas-y-candidatos-que-competiran-en-las-paso-de-la-provincia-de-cordoba\/\",\"url\":\"http:\/\/elregionalvm.com.ar\/noticias-villa-maria\/todas-las-listas-y-candidatos-que-competiran-en-las-paso-de-la-provincia-de-cordoba\/\",\"name\":\"Todas las listas y candidatos que competir\u00e1n en las PASO de la Provincia de C\u00f3rdoba - El Regional\",\"isPartOf\":{\"@id\":\"http:\/\/elregionalvm.com.ar\/noticias-villa-maria\/#website\"},\"primaryImageOfPage\":{\"@id\":\"http:\/\/elregionalvm.com.ar\/noticias-villa-maria\/todas-las-listas-y-candidatos-que-competiran-en-las-paso-de-la-provincia-de-cordoba\/#primaryimage\"},\"image\":{\"@id\":\"http:\/\/elregionalvm.com.ar\/noticias-villa-maria\/todas-las-listas-y-candidatos-que-competiran-en-las-paso-de-la-provincia-de-cordoba\/#primaryimage\"},\"thumbnailUrl\":\"https:\/\/i0.wp.com\/elregionalvm.com.ar\/noticias-villa-maria\/wp-content\/uploads\/2021\/07\/paso-urnas.jpg?fit=1024%2C576&ssl=1\",\"datePublished\":\"2021-07-25T12:00:05+00:00\",\"dateModified\":\"2021-07-25T12:00:08+00:00\",\"author\":{\"@id\":\"http:\/\/elregionalvm.com.ar\/noticias-villa-maria\/#\/schema\/person\/a0fb9c422317faca23d50163151bc354\"},\"breadcrumb\":{\"@id\":\"http:\/\/elregionalvm.com.ar\/noticias-villa-maria\/todas-las-listas-y-candidatos-que-competiran-en-las-paso-de-la-provincia-de-cordoba\/#breadcrumb\"},\"inLanguage\":\"es\",\"potentialAction\":[{\"@type\":\"ReadAction\",\"target\":[\"http:\/\/elregionalvm.com.ar\/noticias-villa-maria\/todas-las-listas-y-candidatos-que-competiran-en-las-paso-de-la-provincia-de-cordoba\/\"]}]},{\"@type\":\"ImageObject\",\"inLanguage\":\"es\",\"@id\":\"http:\/\/elregionalvm.com.ar\/noticias-villa-maria\/todas-las-listas-y-candidatos-que-competiran-en-las-paso-de-la-provincia-de-cordoba\/#primaryimage\",\"url\":\"https:\/\/i0.wp.com\/elregionalvm.com.ar\/noticias-villa-maria\/wp-content\/uploads\/2021\/07\/paso-urnas.jpg?fit=1024%2C576&ssl=1\",\"contentUrl\":\"https:\/\/i0.wp.com\/elregionalvm.com.ar\/noticias-villa-maria\/wp-content\/uploads\/2021\/07\/paso-urnas.jpg?fit=1024%2C576&ssl=1\",\"width\":1024,\"height\":576},{\"@type\":\"BreadcrumbList\",\"@id\":\"http:\/\/elregionalvm.com.ar\/noticias-villa-maria\/todas-las-listas-y-candidatos-que-competiran-en-las-paso-de-la-provincia-de-cordoba\/#breadcrumb\",\"itemListElement\":[{\"@type\":\"ListItem\",\"position\":1,\"name\":\"Portada\",\"item\":\"https:\/\/elregionalvm.com.ar\/noticias-villa-maria\/\"},{\"@type\":\"ListItem\",\"position\":2,\"name\":\"Todas las listas y candidatos que competir\u00e1n en las PASO de la Provincia de C\u00f3rdoba\"}]},{\"@type\":\"WebSite\",\"@id\":\"http:\/\/elregionalvm.com.ar\/noticias-villa-maria\/#website\",\"url\":\"http:\/\/elregionalvm.com.ar\/noticias-villa-maria\/\",\"name\":\"El Regional\",\"description\":\"Mucho m\u00e1s que informaci\u00f3n\",\"potentialAction\":[{\"@type\":\"SearchAction\",\"target\":{\"@type\":\"EntryPoint\",\"urlTemplate\":\"http:\/\/elregionalvm.com.ar\/noticias-villa-maria\/?s={search_term_string}\"},\"query-input\":{\"@type\":\"PropertyValueSpecification\",\"valueRequired\":true,\"valueName\":\"search_term_string\"}}],\"inLanguage\":\"es\"},{\"@type\":\"Person\",\"@id\":\"http:\/\/elregionalvm.com.ar\/noticias-villa-maria\/#\/schema\/person\/a0fb9c422317faca23d50163151bc354\",\"name\":\"Contenidos El Regional\",\"image\":{\"@type\":\"ImageObject\",\"inLanguage\":\"es\",\"@id\":\"http:\/\/elregionalvm.com.ar\/noticias-villa-maria\/#\/schema\/person\/image\/\",\"url\":\"https:\/\/secure.gravatar.com\/avatar\/265b27cb2209af7bb3a1318f03305787d7981a5cc6e6cd08fe5a4ecdf99d4b48?s=96&d=mm&r=g\",\"contentUrl\":\"https:\/\/secure.gravatar.com\/avatar\/265b27cb2209af7bb3a1318f03305787d7981a5cc6e6cd08fe5a4ecdf99d4b48?s=96&d=mm&r=g\",\"caption\":\"Contenidos El Regional\"},\"url\":\"https:\/\/elregionalvm.com.ar\/noticias-villa-maria\/author\/contenido\/\"}]}<\/script>\n<!-- \/ Yoast SEO plugin. -->","yoast_head_json":{"title":"Todas las listas y candidatos que competir\u00e1n en las PASO de la Provincia de C\u00f3rdoba - El Regional","robots":{"index":"index","follow":"follow","max-snippet":"max-snippet:-1","max-image-preview":"max-image-preview:large","max-video-preview":"max-video-preview:-1"},"canonical":"http:\/\/elregionalvm.com.ar\/noticias-villa-maria\/todas-las-listas-y-candidatos-que-competiran-en-las-paso-de-la-provincia-de-cordoba\/","og_locale":"es_ES","og_type":"article","og_title":"Todas las listas y candidatos que competir\u00e1n en las PASO de la Provincia de C\u00f3rdoba - El Regional","og_description":"Conocido el cierre de las listas para sumarse a la contienda electoral de las PASO del pr\u00f3ximo 12 de septiembre, \u00e9stas son todas las listas inscriptas en la Justicia Electoral en la Provincia de C\u00f3rdoba: 1- JUNTOS POR EL CAMBIO Lista 1 &#8211; Senadores titulares: Mario Negri y Soher El Sukaria Diputados titulares: Gustavo Santos, [&hellip;]","og_url":"http:\/\/elregionalvm.com.ar\/noticias-villa-maria\/todas-las-listas-y-candidatos-que-competiran-en-las-paso-de-la-provincia-de-cordoba\/","og_site_name":"El Regional","article_publisher":"https:\/\/www.facebook.com\/elregionalvm","article_published_time":"2021-07-25T12:00:05+00:00","article_modified_time":"2021-07-25T12:00:08+00:00","og_image":[{"width":1024,"height":576,"url":"http:\/\/elregionalvm.com.ar\/noticias-villa-maria\/wp-content\/uploads\/2021\/07\/paso-urnas.jpg","type":"image\/jpeg"}],"author":"Contenidos El Regional","twitter_card":"summary_large_image","twitter_creator":"@elregionalvm1","twitter_site":"@elregionalvm1","twitter_misc":{"Escrito por":"Contenidos El Regional","Tiempo de lectura":"3 minutos"},"schema":{"@context":"https:\/\/schema.org","@graph":[{"@type":"Article","@id":"http:\/\/elregionalvm.com.ar\/noticias-villa-maria\/todas-las-listas-y-candidatos-que-competiran-en-las-paso-de-la-provincia-de-cordoba\/#article","isPartOf":{"@id":"http:\/\/elregionalvm.com.ar\/noticias-villa-maria\/todas-las-listas-y-candidatos-que-competiran-en-las-paso-de-la-provincia-de-cordoba\/"},"author":{"name":"Contenidos El Regional","@id":"http:\/\/elregionalvm.com.ar\/noticias-villa-maria\/#\/schema\/person\/a0fb9c422317faca23d50163151bc354"},"headline":"Todas las listas y candidatos que competir\u00e1n en las PASO de la Provincia de C\u00f3rdoba","datePublished":"2021-07-25T12:00:05+00:00","dateModified":"2021-07-25T12:00:08+00:00","mainEntityOfPage":{"@id":"http:\/\/elregionalvm.com.ar\/noticias-villa-maria\/todas-las-listas-y-candidatos-que-competiran-en-las-paso-de-la-provincia-de-cordoba\/"},"wordCount":540,"commentCount":0,"image":{"@id":"http:\/\/elregionalvm.com.ar\/noticias-villa-maria\/todas-las-listas-y-candidatos-que-competiran-en-las-paso-de-la-provincia-de-cordoba\/#primaryimage"},"thumbnailUrl":"https:\/\/i0.wp.com\/elregionalvm.com.ar\/noticias-villa-maria\/wp-content\/uploads\/2021\/07\/paso-urnas.jpg?fit=1024%2C576&ssl=1","keywords":["12 de septiembre de 2021","Candidatos","destacado","Listas","Listas y Candidatos","PASO","Provincia de C\u00f3rdoba"],"articleSection":["Pol\u00edtica"],"inLanguage":"es","potentialAction":[{"@type":"CommentAction","name":"Comment","target":["http:\/\/elregionalvm.com.ar\/noticias-villa-maria\/todas-las-listas-y-candidatos-que-competiran-en-las-paso-de-la-provincia-de-cordoba\/#respond"]}]},{"@type":"WebPage","@id":"http:\/\/elregionalvm.com.ar\/noticias-villa-maria\/todas-las-listas-y-candidatos-que-competiran-en-las-paso-de-la-provincia-de-cordoba\/","url":"http:\/\/elregionalvm.com.ar\/noticias-villa-maria\/todas-las-listas-y-candidatos-que-competiran-en-las-paso-de-la-provincia-de-cordoba\/","name":"Todas las listas y candidatos que competir\u00e1n en las PASO de la Provincia de C\u00f3rdoba - El Regional","isPartOf":{"@id":"http:\/\/elregionalvm.com.ar\/noticias-villa-maria\/#website"},"primaryImageOfPage":{"@id":"http:\/\/elregionalvm.com.ar\/noticias-villa-maria\/todas-las-listas-y-candidatos-que-competiran-en-las-paso-de-la-provincia-de-cordoba\/#primaryimage"},"image":{"@id":"http:\/\/elregionalvm.com.ar\/noticias-villa-maria\/todas-las-listas-y-candidatos-que-competiran-en-las-paso-de-la-provincia-de-cordoba\/#primaryimage"},"thumbnailUrl":"https:\/\/i0.wp.com\/elregionalvm.com.ar\/noticias-villa-maria\/wp-content\/uploads\/2021\/07\/paso-urnas.jpg?fit=1024%2C576&ssl=1","datePublished":"2021-07-25T12:00:05+00:00","dateModified":"2021-07-25T12:00:08+00:00","author":{"@id":"http:\/\/elregionalvm.com.ar\/noticias-villa-maria\/#\/schema\/person\/a0fb9c422317faca23d50163151bc354"},"breadcrumb":{"@id":"http:\/\/elregionalvm.com.ar\/noticias-villa-maria\/todas-las-listas-y-candidatos-que-competiran-en-las-paso-de-la-provincia-de-cordoba\/#breadcrumb"},"inLanguage":"es","potentialAction":[{"@type":"ReadAction","target":["http:\/\/elregionalvm.com.ar\/noticias-villa-maria\/todas-las-listas-y-candidatos-que-competiran-en-las-paso-de-la-provincia-de-cordoba\/"]}]},{"@type":"ImageObject","inLanguage":"es","@id":"http:\/\/elregionalvm.com.ar\/noticias-villa-maria\/todas-las-listas-y-candidatos-que-competiran-en-las-paso-de-la-provincia-de-cordoba\/#primaryimage","url":"https:\/\/i0.wp.com\/elregionalvm.com.ar\/noticias-villa-maria\/wp-content\/uploads\/2021\/07\/paso-urnas.jpg?fit=1024%2C576&ssl=1","contentUrl":"https:\/\/i0.wp.com\/elregionalvm.com.ar\/noticias-villa-maria\/wp-content\/uploads\/2021\/07\/paso-urnas.jpg?fit=1024%2C576&ssl=1","width":1024,"height":576},{"@type":"BreadcrumbList","@id":"http:\/\/elregionalvm.com.ar\/noticias-villa-maria\/todas-las-listas-y-candidatos-que-competiran-en-las-paso-de-la-provincia-de-cordoba\/#breadcrumb","itemListElement":[{"@type":"ListItem","position":1,"name":"Portada","item":"https:\/\/elregionalvm.com.ar\/noticias-villa-maria\/"},{"@type":"ListItem","position":2,"name":"Todas las listas y candidatos que competir\u00e1n en las PASO de la Provincia de C\u00f3rdoba"}]},{"@type":"WebSite","@id":"http:\/\/elregionalvm.com.ar\/noticias-villa-maria\/#website","url":"http:\/\/elregionalvm.com.ar\/noticias-villa-maria\/","name":"El Regional","description":"Mucho m\u00e1s que informaci\u00f3n","potentialAction":[{"@type":"SearchAction","target":{"@type":"EntryPoint","urlTemplate":"http:\/\/elregionalvm.com.ar\/noticias-villa-maria\/?s={search_term_string}"},"query-input":{"@type":"PropertyValueSpecification","valueRequired":true,"valueName":"search_term_string"}}],"inLanguage":"es"},{"@type":"Person","@id":"http:\/\/elregionalvm.com.ar\/noticias-villa-maria\/#\/schema\/person\/a0fb9c422317faca23d50163151bc354","name":"Contenidos El Regional","image":{"@type":"ImageObject","inLanguage":"es","@id":"http:\/\/elregionalvm.com.ar\/noticias-villa-maria\/#\/schema\/person\/image\/","url":"https:\/\/secure.gravatar.com\/avatar\/265b27cb2209af7bb3a1318f03305787d7981a5cc6e6cd08fe5a4ecdf99d4b48?s=96&d=mm&r=g","contentUrl":"https:\/\/secure.gravatar.com\/avatar\/265b27cb2209af7bb3a1318f03305787d7981a5cc6e6cd08fe5a4ecdf99d4b48?s=96&d=mm&r=g","caption":"Contenidos El Regional"},"url":"https:\/\/elregionalvm.com.ar\/noticias-villa-maria\/author\/contenido\/"}]}},"jetpack_featured_media_url":"https:\/\/i0.wp.com\/elregionalvm.com.ar\/noticias-villa-maria\/wp-content\/uploads\/2021\/07\/paso-urnas.jpg?fit=1024%2C576&ssl=1","jetpack_sharing_enabled":true,"_links":{"self":[{"href":"https:\/\/elregionalvm.com.ar\/noticias-villa-maria\/wp-json\/wp\/v2\/posts\/41498","targetHints":{"allow":["GET"]}}],"collection":[{"href":"https:\/\/elregionalvm.com.ar\/noticias-villa-maria\/wp-json\/wp\/v2\/posts"}],"about":[{"href":"https:\/\/elregionalvm.com.ar\/noticias-villa-maria\/wp-json\/wp\/v2\/types\/post"}],"author":[{"embeddable":true,"href":"https:\/\/elregionalvm.com.ar\/noticias-villa-maria\/wp-json\/wp\/v2\/users\/4"}],"replies":[{"embeddable":true,"href":"https:\/\/elregionalvm.com.ar\/noticias-villa-maria\/wp-json\/wp\/v2\/comments?post=41498"}],"version-history":[{"count":1,"href":"https:\/\/elregionalvm.com.ar\/noticias-villa-maria\/wp-json\/wp\/v2\/posts\/41498\/revisions"}],"predecessor-version":[{"id":41500,"href":"https:\/\/elregionalvm.com.ar\/noticias-villa-maria\/wp-json\/wp\/v2\/posts\/41498\/revisions\/41500"}],"wp:featuredmedia":[{"embeddable":true,"href":"https:\/\/elregionalvm.com.ar\/noticias-villa-maria\/wp-json\/wp\/v2\/media\/41499"}],"wp:attachment":[{"href":"https:\/\/elregionalvm.com.ar\/noticias-villa-maria\/wp-json\/wp\/v2\/media?parent=41498"}],"wp:term":[{"taxonomy":"category","embeddable":true,"href":"https:\/\/elregionalvm.com.ar\/noticias-villa-maria\/wp-json\/wp\/v2\/categories?post=41498"},{"taxonomy":"post_tag","embeddable":true,"href":"https:\/\/elregionalvm.com.ar\/noticias-villa-maria\/wp-json\/wp\/v2\/tags?post=41498"}],"curies":[{"name":"wp","href":"https:\/\/api.w.org\/{rel}","templated":true}]}}