{"id":41504,"date":"2021-07-25T14:17:46","date_gmt":"2021-07-25T14:17:46","guid":{"rendered":"https:\/\/elregionalvm.com.ar\/noticias-villa-maria\/?p=41504"},"modified":"2021-07-25T14:17:47","modified_gmt":"2021-07-25T14:17:47","slug":"mira-el-cronograma-se-realizaran-testeos-gratuitos-en-los-barrios-por-el-dia-mundial-de-la-hepatitis","status":"publish","type":"post","link":"https:\/\/elregionalvm.com.ar\/noticias-villa-maria\/mira-el-cronograma-se-realizaran-testeos-gratuitos-en-los-barrios-por-el-dia-mundial-de-la-hepatitis\/","title":{"rendered":"[MIR\u00c1 EL CRONOGRAMA] &#8211; Se realizar\u00e1n testeos gratuitos en los barrios por el D\u00eda Mundial de la Hepatitis"},"content":{"rendered":"\n<p>En el marco del D\u00eda Mundial de la Hepatitis, que se conmemora cada a\u00f1o el 28 de julio, el municipio, a trav\u00e9s de la Secretar\u00eda de Salud, llevar\u00e1 adelante una serie de jornadas para la prevenci\u00f3n y detecci\u00f3n de esta enfermedad. La iniciativa prev\u00e9 la realizaci\u00f3n de testeos gratuitos los cuales ser\u00e1n efectuados en los diferentes barrios mediante los Centros de Atenci\u00f3n Primaria de la Salud (CAPS) y la Asistencia P\u00fablica.<\/p>\n\n\n\n<p>En este sentido, la campa\u00f1a impulsada por el Gobierno local se desarrollar\u00e1 a lo largo de una semana dando inicio a partir del d\u00eda lunes 26 y se extender\u00e1 hasta el viernes 30 del corriente mes. De esta manera, vecinos y vecinas que deseen acceder a la prueba del virus de la hepatitis B y C, podr\u00e1n hacerlo sin necesidad de presentar orden m\u00e9dica o solicitar turno previo.<\/p>\n\n\n\n<p>Para hacerlo, deber\u00e1n dirigirse en los horarios de 9:00 a 11:00 horas a los CAPS que se detallan en el siguiente cronograma:<\/p>\n\n\n\n<p>Lunes 26<br>\u2022 Barrio Los Olmos \u2013 Centro de Atenci\u00f3n Primaria de la Salud Benjam\u00edn S\u00e1nchez.<\/p>\n\n\n\n<p>Martes 27<br>\u2022 Barrio Nicol\u00e1s Avellaneda &#8211; Centro Integrador Comunitario (CIC).<\/p>\n\n\n\n<p>Mi\u00e9rcoles 28<br>\u2022 Barrio Las Playas \u2013 Centro de Atenci\u00f3n Primaria de la Salud Carlos Vijande.<\/p>\n\n\n\n<p>Jueves 29<br>\u2022 Barrio Belgrano &#8211; Centro de Atenci\u00f3n Primaria de la Salud Karina Marabotto.<br>\u2022 Centro &#8211; Asistencia P\u00fablica.<\/p>\n\n\n\n<p>Viernes 30<br>\u2022 Barrio Las Acacias &#8211; Centro de Atenci\u00f3n Primaria de la Salud Stella Maris Arce.<\/p>\n\n\n\n<p>Es oportuno destacar que la hepatitis es producida en la mayor\u00eda de los casos debido a la presencia de un virus en el organismo. No obstante, tambi\u00e9n puede presentarse por otros factores como el consumo excesivo de alcohol. Muchas veces esta enfermedad no produce s\u00edntomas, por lo cual es importante la realizaci\u00f3n de an\u00e1lisis preventivos y de chequeo.<\/p>\n\n\n\n<p>Al mismo tiempo, cabe recordar que para la prevenci\u00f3n de la hepatitis A y B es necesaria la correspondiente inmunizaci\u00f3n, mientras que para la C a\u00fan no existen vacunas. Por ello, el modo de evitar su contagio es mediante la utilizaci\u00f3n de preservativo, no compartiendo elementos cortopunzantes y utilizando materiales esterilizados.<\/p>\n","protected":false},"excerpt":{"rendered":"<p>En el marco del D\u00eda Mundial de la Hepatitis, que se conmemora cada a\u00f1o el 28 de julio, el municipio, a trav\u00e9s de la Secretar\u00eda de Salud, llevar\u00e1 adelante una serie de jornadas para la prevenci\u00f3n y detecci\u00f3n de esta enfermedad. La iniciativa prev\u00e9 la realizaci\u00f3n de testeos gratuitos los cuales ser\u00e1n efectuados en los [&hellip;]<\/p>\n","protected":false},"author":4,"featured_media":41505,"comment_status":"open","ping_status":"open","sticky":false,"template":"","format":"standard","meta":{"site-sidebar-layout":"default","site-content-layout":"default","ast-site-content-layout":"default","site-content-style":"default","site-sidebar-style":"default","ast-global-header-display":"","ast-banner-title-visibility":"","ast-main-header-display":"","ast-hfb-above-header-display":"","ast-hfb-below-header-display":"","ast-hfb-mobile-header-display":"","site-post-title":"","ast-breadcrumbs-content":"","ast-featured-img":"","footer-sml-layout":"","ast-disable-related-posts":"","theme-transparent-header-meta":"default","adv-header-id-meta":"","stick-header-meta":"","header-above-stick-meta":"","header-main-stick-meta":"","header-below-stick-meta":"","astra-migrate-meta-layouts":"default","ast-page-background-enabled":"default","ast-page-background-meta":{"desktop":{"background-color":"","background-image":"","background-repeat":"repeat","background-position":"center center","background-size":"auto","background-attachment":"scroll","background-type":"","background-media":"","overlay-type":"","overlay-color":"","overlay-opacity":"","overlay-gradient":""},"tablet":{"background-color":"","background-image":"","background-repeat":"repeat","background-position":"center center","background-size":"auto","background-attachment":"scroll","background-type":"","background-media":"","overlay-type":"","overlay-color":"","overlay-opacity":"","overlay-gradient":""},"mobile":{"background-color":"","background-image":"","background-repeat":"repeat","background-position":"center center","background-size":"auto","background-attachment":"scroll","background-type":"","background-media":"","overlay-type":"","overlay-color":"","overlay-opacity":"","overlay-gradient":""}},"ast-content-background-meta":{"desktop":{"background-color":"var(--ast-global-color-5)","background-image":"","background-repeat":"repeat","background-position":"center center","background-size":"auto","background-attachment":"scroll","background-type":"","background-media":"","overlay-type":"","overlay-color":"","overlay-opacity":"","overlay-gradient":""},"tablet":{"background-color":"var(--ast-global-color-5)","background-image":"","background-repeat":"repeat","background-position":"center center","background-size":"auto","background-attachment":"scroll","background-type":"","background-media":"","overlay-type":"","overlay-color":"","overlay-opacity":"","overlay-gradient":""},"mobile":{"background-color":"var(--ast-global-color-5)","background-image":"","background-repeat":"repeat","background-position":"center center","background-size":"auto","background-attachment":"scroll","background-type":"","background-media":"","overlay-type":"","overlay-color":"","overlay-opacity":"","overlay-gradient":""}},"_jetpack_memberships_contains_paid_content":false,"_joinchat":[],"footnotes":""},"categories":[2],"tags":[2336,2053,2225,1232,10188,4161],"class_list":["post-41504","post","type-post","status-publish","format-standard","has-post-thumbnail","hentry","category-villa-maria","tag-asistencia","tag-barrios","tag-caps","tag-destacado","tag-dia-mundial-de-la-hepatitis","tag-testeos"],"yoast_head":"<!-- This site is optimized with the Yoast SEO plugin v26.8 - https:\/\/yoast.com\/product\/yoast-seo-wordpress\/ -->\n<title>[MIR\u00c1 EL CRONOGRAMA] - Se realizar\u00e1n testeos gratuitos en los barrios por el D\u00eda Mundial de la Hepatitis - El Regional<\/title>\n<meta name=\"robots\" content=\"index, follow, max-snippet:-1, max-image-preview:large, max-video-preview:-1\" \/>\n<link rel=\"canonical\" href=\"http:\/\/elregionalvm.com.ar\/noticias-villa-maria\/mira-el-cronograma-se-realizaran-testeos-gratuitos-en-los-barrios-por-el-dia-mundial-de-la-hepatitis\/\" \/>\n<meta property=\"og:locale\" content=\"es_ES\" \/>\n<meta property=\"og:type\" content=\"article\" \/>\n<meta property=\"og:title\" content=\"[MIR\u00c1 EL CRONOGRAMA] - Se realizar\u00e1n testeos gratuitos en los barrios por el D\u00eda Mundial de la Hepatitis - El Regional\" \/>\n<meta property=\"og:description\" content=\"En el marco del D\u00eda Mundial de la Hepatitis, que se conmemora cada a\u00f1o el 28 de julio, el municipio, a trav\u00e9s de la Secretar\u00eda de Salud, llevar\u00e1 adelante una serie de jornadas para la prevenci\u00f3n y detecci\u00f3n de esta enfermedad. La iniciativa prev\u00e9 la realizaci\u00f3n de testeos gratuitos los cuales ser\u00e1n efectuados en los [&hellip;]\" \/>\n<meta property=\"og:url\" content=\"http:\/\/elregionalvm.com.ar\/noticias-villa-maria\/mira-el-cronograma-se-realizaran-testeos-gratuitos-en-los-barrios-por-el-dia-mundial-de-la-hepatitis\/\" \/>\n<meta property=\"og:site_name\" content=\"El Regional\" \/>\n<meta property=\"article:publisher\" content=\"https:\/\/www.facebook.com\/elregionalvm\" \/>\n<meta property=\"article:published_time\" content=\"2021-07-25T14:17:46+00:00\" \/>\n<meta property=\"article:modified_time\" content=\"2021-07-25T14:17:47+00:00\" \/>\n<meta property=\"og:image\" content=\"http:\/\/elregionalvm.com.ar\/noticias-villa-maria\/wp-content\/uploads\/2021\/07\/dia-mundial-de-la-hepatitis.jpg\" \/>\n\t<meta property=\"og:image:width\" content=\"1000\" \/>\n\t<meta property=\"og:image:height\" content=\"530\" \/>\n\t<meta property=\"og:image:type\" content=\"image\/jpeg\" \/>\n<meta name=\"author\" content=\"Contenidos El Regional\" \/>\n<meta name=\"twitter:card\" content=\"summary_large_image\" \/>\n<meta name=\"twitter:creator\" content=\"@elregionalvm1\" \/>\n<meta name=\"twitter:site\" content=\"@elregionalvm1\" \/>\n<meta name=\"twitter:label1\" content=\"Escrito por\" \/>\n\t<meta name=\"twitter:data1\" content=\"Contenidos El Regional\" \/>\n\t<meta name=\"twitter:label2\" content=\"Tiempo de lectura\" \/>\n\t<meta name=\"twitter:data2\" content=\"2 minutos\" \/>\n<script type=\"application\/ld+json\" class=\"yoast-schema-graph\">{\"@context\":\"https:\/\/schema.org\",\"@graph\":[{\"@type\":\"Article\",\"@id\":\"http:\/\/elregionalvm.com.ar\/noticias-villa-maria\/mira-el-cronograma-se-realizaran-testeos-gratuitos-en-los-barrios-por-el-dia-mundial-de-la-hepatitis\/#article\",\"isPartOf\":{\"@id\":\"http:\/\/elregionalvm.com.ar\/noticias-villa-maria\/mira-el-cronograma-se-realizaran-testeos-gratuitos-en-los-barrios-por-el-dia-mundial-de-la-hepatitis\/\"},\"author\":{\"name\":\"Contenidos El Regional\",\"@id\":\"http:\/\/elregionalvm.com.ar\/noticias-villa-maria\/#\/schema\/person\/a0fb9c422317faca23d50163151bc354\"},\"headline\":\"[MIR\u00c1 EL CRONOGRAMA] &#8211; Se realizar\u00e1n testeos gratuitos en los barrios por el D\u00eda Mundial de la Hepatitis\",\"datePublished\":\"2021-07-25T14:17:46+00:00\",\"dateModified\":\"2021-07-25T14:17:47+00:00\",\"mainEntityOfPage\":{\"@id\":\"http:\/\/elregionalvm.com.ar\/noticias-villa-maria\/mira-el-cronograma-se-realizaran-testeos-gratuitos-en-los-barrios-por-el-dia-mundial-de-la-hepatitis\/\"},\"wordCount\":385,\"commentCount\":0,\"image\":{\"@id\":\"http:\/\/elregionalvm.com.ar\/noticias-villa-maria\/mira-el-cronograma-se-realizaran-testeos-gratuitos-en-los-barrios-por-el-dia-mundial-de-la-hepatitis\/#primaryimage\"},\"thumbnailUrl\":\"https:\/\/i0.wp.com\/elregionalvm.com.ar\/noticias-villa-maria\/wp-content\/uploads\/2021\/07\/dia-mundial-de-la-hepatitis.jpg?fit=1000%2C530&ssl=1\",\"keywords\":[\"asistencia\",\"Barrios\",\"CAPS\",\"destacado\",\"D\u00eda Mundial de la Hepatitis\",\"testeos\"],\"articleSection\":[\"Villa Mar\u00eda\"],\"inLanguage\":\"es\",\"potentialAction\":[{\"@type\":\"CommentAction\",\"name\":\"Comment\",\"target\":[\"http:\/\/elregionalvm.com.ar\/noticias-villa-maria\/mira-el-cronograma-se-realizaran-testeos-gratuitos-en-los-barrios-por-el-dia-mundial-de-la-hepatitis\/#respond\"]}]},{\"@type\":\"WebPage\",\"@id\":\"http:\/\/elregionalvm.com.ar\/noticias-villa-maria\/mira-el-cronograma-se-realizaran-testeos-gratuitos-en-los-barrios-por-el-dia-mundial-de-la-hepatitis\/\",\"url\":\"http:\/\/elregionalvm.com.ar\/noticias-villa-maria\/mira-el-cronograma-se-realizaran-testeos-gratuitos-en-los-barrios-por-el-dia-mundial-de-la-hepatitis\/\",\"name\":\"[MIR\u00c1 EL CRONOGRAMA] - Se realizar\u00e1n testeos gratuitos en los barrios por el D\u00eda Mundial de la Hepatitis - El Regional\",\"isPartOf\":{\"@id\":\"http:\/\/elregionalvm.com.ar\/noticias-villa-maria\/#website\"},\"primaryImageOfPage\":{\"@id\":\"http:\/\/elregionalvm.com.ar\/noticias-villa-maria\/mira-el-cronograma-se-realizaran-testeos-gratuitos-en-los-barrios-por-el-dia-mundial-de-la-hepatitis\/#primaryimage\"},\"image\":{\"@id\":\"http:\/\/elregionalvm.com.ar\/noticias-villa-maria\/mira-el-cronograma-se-realizaran-testeos-gratuitos-en-los-barrios-por-el-dia-mundial-de-la-hepatitis\/#primaryimage\"},\"thumbnailUrl\":\"https:\/\/i0.wp.com\/elregionalvm.com.ar\/noticias-villa-maria\/wp-content\/uploads\/2021\/07\/dia-mundial-de-la-hepatitis.jpg?fit=1000%2C530&ssl=1\",\"datePublished\":\"2021-07-25T14:17:46+00:00\",\"dateModified\":\"2021-07-25T14:17:47+00:00\",\"author\":{\"@id\":\"http:\/\/elregionalvm.com.ar\/noticias-villa-maria\/#\/schema\/person\/a0fb9c422317faca23d50163151bc354\"},\"breadcrumb\":{\"@id\":\"http:\/\/elregionalvm.com.ar\/noticias-villa-maria\/mira-el-cronograma-se-realizaran-testeos-gratuitos-en-los-barrios-por-el-dia-mundial-de-la-hepatitis\/#breadcrumb\"},\"inLanguage\":\"es\",\"potentialAction\":[{\"@type\":\"ReadAction\",\"target\":[\"http:\/\/elregionalvm.com.ar\/noticias-villa-maria\/mira-el-cronograma-se-realizaran-testeos-gratuitos-en-los-barrios-por-el-dia-mundial-de-la-hepatitis\/\"]}]},{\"@type\":\"ImageObject\",\"inLanguage\":\"es\",\"@id\":\"http:\/\/elregionalvm.com.ar\/noticias-villa-maria\/mira-el-cronograma-se-realizaran-testeos-gratuitos-en-los-barrios-por-el-dia-mundial-de-la-hepatitis\/#primaryimage\",\"url\":\"https:\/\/i0.wp.com\/elregionalvm.com.ar\/noticias-villa-maria\/wp-content\/uploads\/2021\/07\/dia-mundial-de-la-hepatitis.jpg?fit=1000%2C530&ssl=1\",\"contentUrl\":\"https:\/\/i0.wp.com\/elregionalvm.com.ar\/noticias-villa-maria\/wp-content\/uploads\/2021\/07\/dia-mundial-de-la-hepatitis.jpg?fit=1000%2C530&ssl=1\",\"width\":1000,\"height\":530},{\"@type\":\"BreadcrumbList\",\"@id\":\"http:\/\/elregionalvm.com.ar\/noticias-villa-maria\/mira-el-cronograma-se-realizaran-testeos-gratuitos-en-los-barrios-por-el-dia-mundial-de-la-hepatitis\/#breadcrumb\",\"itemListElement\":[{\"@type\":\"ListItem\",\"position\":1,\"name\":\"Portada\",\"item\":\"https:\/\/elregionalvm.com.ar\/noticias-villa-maria\/\"},{\"@type\":\"ListItem\",\"position\":2,\"name\":\"[MIR\u00c1 EL CRONOGRAMA] &#8211; Se realizar\u00e1n testeos gratuitos en los barrios por el D\u00eda Mundial de la Hepatitis\"}]},{\"@type\":\"WebSite\",\"@id\":\"http:\/\/elregionalvm.com.ar\/noticias-villa-maria\/#website\",\"url\":\"http:\/\/elregionalvm.com.ar\/noticias-villa-maria\/\",\"name\":\"El Regional\",\"description\":\"Mucho m\u00e1s que informaci\u00f3n\",\"potentialAction\":[{\"@type\":\"SearchAction\",\"target\":{\"@type\":\"EntryPoint\",\"urlTemplate\":\"http:\/\/elregionalvm.com.ar\/noticias-villa-maria\/?s={search_term_string}\"},\"query-input\":{\"@type\":\"PropertyValueSpecification\",\"valueRequired\":true,\"valueName\":\"search_term_string\"}}],\"inLanguage\":\"es\"},{\"@type\":\"Person\",\"@id\":\"http:\/\/elregionalvm.com.ar\/noticias-villa-maria\/#\/schema\/person\/a0fb9c422317faca23d50163151bc354\",\"name\":\"Contenidos El Regional\",\"image\":{\"@type\":\"ImageObject\",\"inLanguage\":\"es\",\"@id\":\"http:\/\/elregionalvm.com.ar\/noticias-villa-maria\/#\/schema\/person\/image\/\",\"url\":\"https:\/\/secure.gravatar.com\/avatar\/265b27cb2209af7bb3a1318f03305787d7981a5cc6e6cd08fe5a4ecdf99d4b48?s=96&d=mm&r=g\",\"contentUrl\":\"https:\/\/secure.gravatar.com\/avatar\/265b27cb2209af7bb3a1318f03305787d7981a5cc6e6cd08fe5a4ecdf99d4b48?s=96&d=mm&r=g\",\"caption\":\"Contenidos El Regional\"},\"url\":\"https:\/\/elregionalvm.com.ar\/noticias-villa-maria\/author\/contenido\/\"}]}<\/script>\n<!-- \/ Yoast SEO plugin. -->","yoast_head_json":{"title":"[MIR\u00c1 EL CRONOGRAMA] - Se realizar\u00e1n testeos gratuitos en los barrios por el D\u00eda Mundial de la Hepatitis - El Regional","robots":{"index":"index","follow":"follow","max-snippet":"max-snippet:-1","max-image-preview":"max-image-preview:large","max-video-preview":"max-video-preview:-1"},"canonical":"http:\/\/elregionalvm.com.ar\/noticias-villa-maria\/mira-el-cronograma-se-realizaran-testeos-gratuitos-en-los-barrios-por-el-dia-mundial-de-la-hepatitis\/","og_locale":"es_ES","og_type":"article","og_title":"[MIR\u00c1 EL CRONOGRAMA] - Se realizar\u00e1n testeos gratuitos en los barrios por el D\u00eda Mundial de la Hepatitis - El Regional","og_description":"En el marco del D\u00eda Mundial de la Hepatitis, que se conmemora cada a\u00f1o el 28 de julio, el municipio, a trav\u00e9s de la Secretar\u00eda de Salud, llevar\u00e1 adelante una serie de jornadas para la prevenci\u00f3n y detecci\u00f3n de esta enfermedad. La iniciativa prev\u00e9 la realizaci\u00f3n de testeos gratuitos los cuales ser\u00e1n efectuados en los [&hellip;]","og_url":"http:\/\/elregionalvm.com.ar\/noticias-villa-maria\/mira-el-cronograma-se-realizaran-testeos-gratuitos-en-los-barrios-por-el-dia-mundial-de-la-hepatitis\/","og_site_name":"El Regional","article_publisher":"https:\/\/www.facebook.com\/elregionalvm","article_published_time":"2021-07-25T14:17:46+00:00","article_modified_time":"2021-07-25T14:17:47+00:00","og_image":[{"width":1000,"height":530,"url":"http:\/\/elregionalvm.com.ar\/noticias-villa-maria\/wp-content\/uploads\/2021\/07\/dia-mundial-de-la-hepatitis.jpg","type":"image\/jpeg"}],"author":"Contenidos El Regional","twitter_card":"summary_large_image","twitter_creator":"@elregionalvm1","twitter_site":"@elregionalvm1","twitter_misc":{"Escrito por":"Contenidos El Regional","Tiempo de lectura":"2 minutos"},"schema":{"@context":"https:\/\/schema.org","@graph":[{"@type":"Article","@id":"http:\/\/elregionalvm.com.ar\/noticias-villa-maria\/mira-el-cronograma-se-realizaran-testeos-gratuitos-en-los-barrios-por-el-dia-mundial-de-la-hepatitis\/#article","isPartOf":{"@id":"http:\/\/elregionalvm.com.ar\/noticias-villa-maria\/mira-el-cronograma-se-realizaran-testeos-gratuitos-en-los-barrios-por-el-dia-mundial-de-la-hepatitis\/"},"author":{"name":"Contenidos El Regional","@id":"http:\/\/elregionalvm.com.ar\/noticias-villa-maria\/#\/schema\/person\/a0fb9c422317faca23d50163151bc354"},"headline":"[MIR\u00c1 EL CRONOGRAMA] &#8211; Se realizar\u00e1n testeos gratuitos en los barrios por el D\u00eda Mundial de la Hepatitis","datePublished":"2021-07-25T14:17:46+00:00","dateModified":"2021-07-25T14:17:47+00:00","mainEntityOfPage":{"@id":"http:\/\/elregionalvm.com.ar\/noticias-villa-maria\/mira-el-cronograma-se-realizaran-testeos-gratuitos-en-los-barrios-por-el-dia-mundial-de-la-hepatitis\/"},"wordCount":385,"commentCount":0,"image":{"@id":"http:\/\/elregionalvm.com.ar\/noticias-villa-maria\/mira-el-cronograma-se-realizaran-testeos-gratuitos-en-los-barrios-por-el-dia-mundial-de-la-hepatitis\/#primaryimage"},"thumbnailUrl":"https:\/\/i0.wp.com\/elregionalvm.com.ar\/noticias-villa-maria\/wp-content\/uploads\/2021\/07\/dia-mundial-de-la-hepatitis.jpg?fit=1000%2C530&ssl=1","keywords":["asistencia","Barrios","CAPS","destacado","D\u00eda Mundial de la Hepatitis","testeos"],"articleSection":["Villa Mar\u00eda"],"inLanguage":"es","potentialAction":[{"@type":"CommentAction","name":"Comment","target":["http:\/\/elregionalvm.com.ar\/noticias-villa-maria\/mira-el-cronograma-se-realizaran-testeos-gratuitos-en-los-barrios-por-el-dia-mundial-de-la-hepatitis\/#respond"]}]},{"@type":"WebPage","@id":"http:\/\/elregionalvm.com.ar\/noticias-villa-maria\/mira-el-cronograma-se-realizaran-testeos-gratuitos-en-los-barrios-por-el-dia-mundial-de-la-hepatitis\/","url":"http:\/\/elregionalvm.com.ar\/noticias-villa-maria\/mira-el-cronograma-se-realizaran-testeos-gratuitos-en-los-barrios-por-el-dia-mundial-de-la-hepatitis\/","name":"[MIR\u00c1 EL CRONOGRAMA] - Se realizar\u00e1n testeos gratuitos en los barrios por el D\u00eda Mundial de la Hepatitis - El Regional","isPartOf":{"@id":"http:\/\/elregionalvm.com.ar\/noticias-villa-maria\/#website"},"primaryImageOfPage":{"@id":"http:\/\/elregionalvm.com.ar\/noticias-villa-maria\/mira-el-cronograma-se-realizaran-testeos-gratuitos-en-los-barrios-por-el-dia-mundial-de-la-hepatitis\/#primaryimage"},"image":{"@id":"http:\/\/elregionalvm.com.ar\/noticias-villa-maria\/mira-el-cronograma-se-realizaran-testeos-gratuitos-en-los-barrios-por-el-dia-mundial-de-la-hepatitis\/#primaryimage"},"thumbnailUrl":"https:\/\/i0.wp.com\/elregionalvm.com.ar\/noticias-villa-maria\/wp-content\/uploads\/2021\/07\/dia-mundial-de-la-hepatitis.jpg?fit=1000%2C530&ssl=1","datePublished":"2021-07-25T14:17:46+00:00","dateModified":"2021-07-25T14:17:47+00:00","author":{"@id":"http:\/\/elregionalvm.com.ar\/noticias-villa-maria\/#\/schema\/person\/a0fb9c422317faca23d50163151bc354"},"breadcrumb":{"@id":"http:\/\/elregionalvm.com.ar\/noticias-villa-maria\/mira-el-cronograma-se-realizaran-testeos-gratuitos-en-los-barrios-por-el-dia-mundial-de-la-hepatitis\/#breadcrumb"},"inLanguage":"es","potentialAction":[{"@type":"ReadAction","target":["http:\/\/elregionalvm.com.ar\/noticias-villa-maria\/mira-el-cronograma-se-realizaran-testeos-gratuitos-en-los-barrios-por-el-dia-mundial-de-la-hepatitis\/"]}]},{"@type":"ImageObject","inLanguage":"es","@id":"http:\/\/elregionalvm.com.ar\/noticias-villa-maria\/mira-el-cronograma-se-realizaran-testeos-gratuitos-en-los-barrios-por-el-dia-mundial-de-la-hepatitis\/#primaryimage","url":"https:\/\/i0.wp.com\/elregionalvm.com.ar\/noticias-villa-maria\/wp-content\/uploads\/2021\/07\/dia-mundial-de-la-hepatitis.jpg?fit=1000%2C530&ssl=1","contentUrl":"https:\/\/i0.wp.com\/elregionalvm.com.ar\/noticias-villa-maria\/wp-content\/uploads\/2021\/07\/dia-mundial-de-la-hepatitis.jpg?fit=1000%2C530&ssl=1","width":1000,"height":530},{"@type":"BreadcrumbList","@id":"http:\/\/elregionalvm.com.ar\/noticias-villa-maria\/mira-el-cronograma-se-realizaran-testeos-gratuitos-en-los-barrios-por-el-dia-mundial-de-la-hepatitis\/#breadcrumb","itemListElement":[{"@type":"ListItem","position":1,"name":"Portada","item":"https:\/\/elregionalvm.com.ar\/noticias-villa-maria\/"},{"@type":"ListItem","position":2,"name":"[MIR\u00c1 EL CRONOGRAMA] &#8211; Se realizar\u00e1n testeos gratuitos en los barrios por el D\u00eda Mundial de la Hepatitis"}]},{"@type":"WebSite","@id":"http:\/\/elregionalvm.com.ar\/noticias-villa-maria\/#website","url":"http:\/\/elregionalvm.com.ar\/noticias-villa-maria\/","name":"El Regional","description":"Mucho m\u00e1s que informaci\u00f3n","potentialAction":[{"@type":"SearchAction","target":{"@type":"EntryPoint","urlTemplate":"http:\/\/elregionalvm.com.ar\/noticias-villa-maria\/?s={search_term_string}"},"query-input":{"@type":"PropertyValueSpecification","valueRequired":true,"valueName":"search_term_string"}}],"inLanguage":"es"},{"@type":"Person","@id":"http:\/\/elregionalvm.com.ar\/noticias-villa-maria\/#\/schema\/person\/a0fb9c422317faca23d50163151bc354","name":"Contenidos El Regional","image":{"@type":"ImageObject","inLanguage":"es","@id":"http:\/\/elregionalvm.com.ar\/noticias-villa-maria\/#\/schema\/person\/image\/","url":"https:\/\/secure.gravatar.com\/avatar\/265b27cb2209af7bb3a1318f03305787d7981a5cc6e6cd08fe5a4ecdf99d4b48?s=96&d=mm&r=g","contentUrl":"https:\/\/secure.gravatar.com\/avatar\/265b27cb2209af7bb3a1318f03305787d7981a5cc6e6cd08fe5a4ecdf99d4b48?s=96&d=mm&r=g","caption":"Contenidos El Regional"},"url":"https:\/\/elregionalvm.com.ar\/noticias-villa-maria\/author\/contenido\/"}]}},"jetpack_featured_media_url":"https:\/\/i0.wp.com\/elregionalvm.com.ar\/noticias-villa-maria\/wp-content\/uploads\/2021\/07\/dia-mundial-de-la-hepatitis.jpg?fit=1000%2C530&ssl=1","jetpack_sharing_enabled":true,"_links":{"self":[{"href":"https:\/\/elregionalvm.com.ar\/noticias-villa-maria\/wp-json\/wp\/v2\/posts\/41504","targetHints":{"allow":["GET"]}}],"collection":[{"href":"https:\/\/elregionalvm.com.ar\/noticias-villa-maria\/wp-json\/wp\/v2\/posts"}],"about":[{"href":"https:\/\/elregionalvm.com.ar\/noticias-villa-maria\/wp-json\/wp\/v2\/types\/post"}],"author":[{"embeddable":true,"href":"https:\/\/elregionalvm.com.ar\/noticias-villa-maria\/wp-json\/wp\/v2\/users\/4"}],"replies":[{"embeddable":true,"href":"https:\/\/elregionalvm.com.ar\/noticias-villa-maria\/wp-json\/wp\/v2\/comments?post=41504"}],"version-history":[{"count":1,"href":"https:\/\/elregionalvm.com.ar\/noticias-villa-maria\/wp-json\/wp\/v2\/posts\/41504\/revisions"}],"predecessor-version":[{"id":41506,"href":"https:\/\/elregionalvm.com.ar\/noticias-villa-maria\/wp-json\/wp\/v2\/posts\/41504\/revisions\/41506"}],"wp:featuredmedia":[{"embeddable":true,"href":"https:\/\/elregionalvm.com.ar\/noticias-villa-maria\/wp-json\/wp\/v2\/media\/41505"}],"wp:attachment":[{"href":"https:\/\/elregionalvm.com.ar\/noticias-villa-maria\/wp-json\/wp\/v2\/media?parent=41504"}],"wp:term":[{"taxonomy":"category","embeddable":true,"href":"https:\/\/elregionalvm.com.ar\/noticias-villa-maria\/wp-json\/wp\/v2\/categories?post=41504"},{"taxonomy":"post_tag","embeddable":true,"href":"https:\/\/elregionalvm.com.ar\/noticias-villa-maria\/wp-json\/wp\/v2\/tags?post=41504"}],"curies":[{"name":"wp","href":"https:\/\/api.w.org\/{rel}","templated":true}]}}