{"id":41507,"date":"2021-07-25T14:28:53","date_gmt":"2021-07-25T14:28:53","guid":{"rendered":"https:\/\/elregionalvm.com.ar\/noticias-villa-maria\/?p=41507"},"modified":"2021-07-25T14:28:54","modified_gmt":"2021-07-25T14:28:54","slug":"separacion-de-residuos-clubes-y-municercas-seran-puntos-de-acopio","status":"publish","type":"post","link":"https:\/\/elregionalvm.com.ar\/noticias-villa-maria\/separacion-de-residuos-clubes-y-municercas-seran-puntos-de-acopio\/","title":{"rendered":"Separaci\u00f3n de residuos: clubes y municercas ser\u00e1n puntos de acopio"},"content":{"rendered":"\n<p>Con el objetivo de promover acciones que permitan avanzar hacia la consolidaci\u00f3n de un Estado m\u00e1s sustentable, el municipio, a trav\u00e9s de la Secretar\u00eda de Ambiente, Obras y Servicios P\u00fablicos, contin\u00faa llevando adelante diferentes pol\u00edticas ambientales. Entre ellas, se destaca la implementaci\u00f3n del servicio de recolecci\u00f3n diferenciada de residuos, el cual es efectuado en distintos barrios de la ciudad.<\/p>\n\n\n\n<p>Cada semana es llevada a cabo en la localidad este tipo de recolecci\u00f3n, dando comienzo los d\u00edas lunes y finalizando los s\u00e1bados. A partir de las 14:00 y hasta las 17:00 horas, vecinos y vecinas que se sumen a la causa podr\u00e1n colocar en sus respectivos cestos de basura aquellos materiales s\u00f3lidos previamente seleccionados para ser recolectados y posteriormente recuperados.<\/p>\n\n\n\n<p>Cabe recordar que para poder efectuar la correcta segmentaci\u00f3n de residuos es necesario dividirlos entre desechos h\u00famedos y secos. En tanto, estos \u00faltimos deben lavarse y secarse para ser luego colocados en una bolsa exclusiva donde ser\u00e1n reunidos los materiales s\u00f3lidos como botellas pl\u00e1sticas, vidrios, papeles, aluminio, hojalatas, cart\u00f3n, tela y telgopor.<\/p>\n\n\n\n<p>De esta manera, los d\u00edas lunes la recolecci\u00f3n tendr\u00e1 lugar en barrios Sarmiento, Santa Ana, Rivadavia y San Justo, mientras que los d\u00edas martes ser\u00e1 el turno de barrios Almirante Brown, Trinitarios, Parque Norte y Ram\u00f3n Carrillo. En el caso de barrio Centro, los d\u00edas estipulados para la implementaci\u00f3n del servicio son los mi\u00e9rcoles y viernes de cada semana.<\/p>\n\n\n\n<p>Al mismo tiempo, en barrio Lamadrid y Ameghino el servicio ser\u00e1 prestado los d\u00edas jueves, para dar lugar los s\u00e1bados a los sectores comprendidos en barrio General Paz, G\u00fcemes, Palermo, Mariano Moreno y Vista Verde.<\/p>\n\n\n\n<p>Es oportuno recordar que vecinos de aquellos barrios en los cuales no se efect\u00faa la recolecci\u00f3n diferenciada, pueden acercarse a los MuniCercas m\u00e1s cercanos y depositar all\u00ed los residuos secos. De igual manera, desde la semana anterior distintos clubes deportivos de la ciudad comenzaron a funcionar como sedes para el acopio de este tipo de materiales, en el marco del programa Clubes Verdes.<\/p>\n\n\n\n<p>Adem\u00e1s, el programa busca acompa\u00f1ar con aportes econ\u00f3micos a las instituciones que formen parte del mismo mediante la entrega de cheques de 5.000 pesos por cada canasto completo con material reciclable.<\/p>\n\n\n\n<p>De igual manera, quienes deseen hacer llegar sus ecobotellas a los puntos de recolecci\u00f3n para luego ser reutilizadas, podr\u00e1n hacerlo en los MuniCerca o en el dep\u00f3sito dispuesto para tal fin en el Skate Park de calle Tucum\u00e1n y Antonio Sobral.<\/p>\n\n\n\n<p>Armado de ecobotellas<\/p>\n\n\n\n<p>Las ecobotellas consisten en un recipiente pl\u00e1stico de este tipo rellenado con diversos materiales s\u00f3lidos y secos los cuales son compactados en el interior del envase. Para su armado, deben ser previamente lavadas y secadas para luego ser llenadas con pl\u00e1sticos no reutilizables, tales como envoltorios, etiquetas de productos, entre otros.<\/p>\n\n\n\n<p>Luego, a los fines de evitar el aire entre los elementos, se los debe comprimir con alguna vara de madera o cuchara de palo. Al completar el llenado, se cierra con la tapa correspondiente y ya se encuentra lista para ser usada en diversas acciones que promueven la sustentabilidad.<\/p>\n","protected":false},"excerpt":{"rendered":"<p>Con el objetivo de promover acciones que permitan avanzar hacia la consolidaci\u00f3n de un Estado m\u00e1s sustentable, el municipio, a trav\u00e9s de la Secretar\u00eda de Ambiente, Obras y Servicios P\u00fablicos, contin\u00faa llevando adelante diferentes pol\u00edticas ambientales. Entre ellas, se destaca la implementaci\u00f3n del servicio de recolecci\u00f3n diferenciada de residuos, el cual es efectuado en distintos [&hellip;]<\/p>\n","protected":false},"author":4,"featured_media":41508,"comment_status":"open","ping_status":"open","sticky":false,"template":"","format":"standard","meta":{"site-sidebar-layout":"default","site-content-layout":"default","ast-site-content-layout":"default","site-content-style":"default","site-sidebar-style":"default","ast-global-header-display":"","ast-banner-title-visibility":"","ast-main-header-display":"","ast-hfb-above-header-display":"","ast-hfb-below-header-display":"","ast-hfb-mobile-header-display":"","site-post-title":"","ast-breadcrumbs-content":"","ast-featured-img":"","footer-sml-layout":"","ast-disable-related-posts":"","theme-transparent-header-meta":"default","adv-header-id-meta":"","stick-header-meta":"","header-above-stick-meta":"","header-main-stick-meta":"","header-below-stick-meta":"","astra-migrate-meta-layouts":"default","ast-page-background-enabled":"default","ast-page-background-meta":{"desktop":{"background-color":"","background-image":"","background-repeat":"repeat","background-position":"center center","background-size":"auto","background-attachment":"scroll","background-type":"","background-media":"","overlay-type":"","overlay-color":"","overlay-opacity":"","overlay-gradient":""},"tablet":{"background-color":"","background-image":"","background-repeat":"repeat","background-position":"center center","background-size":"auto","background-attachment":"scroll","background-type":"","background-media":"","overlay-type":"","overlay-color":"","overlay-opacity":"","overlay-gradient":""},"mobile":{"background-color":"","background-image":"","background-repeat":"repeat","background-position":"center center","background-size":"auto","background-attachment":"scroll","background-type":"","background-media":"","overlay-type":"","overlay-color":"","overlay-opacity":"","overlay-gradient":""}},"ast-content-background-meta":{"desktop":{"background-color":"var(--ast-global-color-5)","background-image":"","background-repeat":"repeat","background-position":"center center","background-size":"auto","background-attachment":"scroll","background-type":"","background-media":"","overlay-type":"","overlay-color":"","overlay-opacity":"","overlay-gradient":""},"tablet":{"background-color":"var(--ast-global-color-5)","background-image":"","background-repeat":"repeat","background-position":"center center","background-size":"auto","background-attachment":"scroll","background-type":"","background-media":"","overlay-type":"","overlay-color":"","overlay-opacity":"","overlay-gradient":""},"mobile":{"background-color":"var(--ast-global-color-5)","background-image":"","background-repeat":"repeat","background-position":"center center","background-size":"auto","background-attachment":"scroll","background-type":"","background-media":"","overlay-type":"","overlay-color":"","overlay-opacity":"","overlay-gradient":""}},"_jetpack_memberships_contains_paid_content":false,"_joinchat":[],"footnotes":""},"categories":[2],"tags":[990,10189,1232,10190,7427,2544,2248],"class_list":["post-41507","post","type-post","status-publish","format-standard","has-post-thumbnail","hentry","category-villa-maria","tag-clubes","tag-clubes-verdes","tag-destacado","tag-ecobotellas","tag-municercas","tag-separacion-de-residuos","tag-villa-maria-2"],"yoast_head":"<!-- This site is optimized with the Yoast SEO plugin v26.8 - https:\/\/yoast.com\/product\/yoast-seo-wordpress\/ -->\n<title>Separaci\u00f3n de residuos: clubes y municercas ser\u00e1n puntos de acopio - El Regional<\/title>\n<meta name=\"robots\" content=\"index, follow, max-snippet:-1, max-image-preview:large, max-video-preview:-1\" \/>\n<link rel=\"canonical\" href=\"http:\/\/elregionalvm.com.ar\/noticias-villa-maria\/separacion-de-residuos-clubes-y-municercas-seran-puntos-de-acopio\/\" \/>\n<meta property=\"og:locale\" content=\"es_ES\" \/>\n<meta property=\"og:type\" content=\"article\" \/>\n<meta property=\"og:title\" content=\"Separaci\u00f3n de residuos: clubes y municercas ser\u00e1n puntos de acopio - El Regional\" \/>\n<meta property=\"og:description\" content=\"Con el objetivo de promover acciones que permitan avanzar hacia la consolidaci\u00f3n de un Estado m\u00e1s sustentable, el municipio, a trav\u00e9s de la Secretar\u00eda de Ambiente, Obras y Servicios P\u00fablicos, contin\u00faa llevando adelante diferentes pol\u00edticas ambientales. Entre ellas, se destaca la implementaci\u00f3n del servicio de recolecci\u00f3n diferenciada de residuos, el cual es efectuado en distintos [&hellip;]\" \/>\n<meta property=\"og:url\" content=\"http:\/\/elregionalvm.com.ar\/noticias-villa-maria\/separacion-de-residuos-clubes-y-municercas-seran-puntos-de-acopio\/\" \/>\n<meta property=\"og:site_name\" content=\"El Regional\" \/>\n<meta property=\"article:publisher\" content=\"https:\/\/www.facebook.com\/elregionalvm\" \/>\n<meta property=\"article:published_time\" content=\"2021-07-25T14:28:53+00:00\" \/>\n<meta property=\"article:modified_time\" content=\"2021-07-25T14:28:54+00:00\" \/>\n<meta property=\"og:image\" content=\"http:\/\/elregionalvm.com.ar\/noticias-villa-maria\/wp-content\/uploads\/2021\/07\/WhatsApp-Image-2021-07-25-at-11.06.46.jpeg\" \/>\n\t<meta property=\"og:image:width\" content=\"758\" \/>\n\t<meta property=\"og:image:height\" content=\"560\" \/>\n\t<meta property=\"og:image:type\" content=\"image\/jpeg\" \/>\n<meta name=\"author\" content=\"Contenidos El Regional\" \/>\n<meta name=\"twitter:card\" content=\"summary_large_image\" \/>\n<meta name=\"twitter:creator\" content=\"@elregionalvm1\" \/>\n<meta name=\"twitter:site\" content=\"@elregionalvm1\" \/>\n<meta name=\"twitter:label1\" content=\"Escrito por\" \/>\n\t<meta name=\"twitter:data1\" content=\"Contenidos El Regional\" \/>\n\t<meta name=\"twitter:label2\" content=\"Tiempo de lectura\" \/>\n\t<meta name=\"twitter:data2\" content=\"3 minutos\" \/>\n<script type=\"application\/ld+json\" class=\"yoast-schema-graph\">{\"@context\":\"https:\/\/schema.org\",\"@graph\":[{\"@type\":\"Article\",\"@id\":\"http:\/\/elregionalvm.com.ar\/noticias-villa-maria\/separacion-de-residuos-clubes-y-municercas-seran-puntos-de-acopio\/#article\",\"isPartOf\":{\"@id\":\"http:\/\/elregionalvm.com.ar\/noticias-villa-maria\/separacion-de-residuos-clubes-y-municercas-seran-puntos-de-acopio\/\"},\"author\":{\"name\":\"Contenidos El Regional\",\"@id\":\"http:\/\/elregionalvm.com.ar\/noticias-villa-maria\/#\/schema\/person\/a0fb9c422317faca23d50163151bc354\"},\"headline\":\"Separaci\u00f3n de residuos: clubes y municercas ser\u00e1n puntos de acopio\",\"datePublished\":\"2021-07-25T14:28:53+00:00\",\"dateModified\":\"2021-07-25T14:28:54+00:00\",\"mainEntityOfPage\":{\"@id\":\"http:\/\/elregionalvm.com.ar\/noticias-villa-maria\/separacion-de-residuos-clubes-y-municercas-seran-puntos-de-acopio\/\"},\"wordCount\":555,\"commentCount\":0,\"image\":{\"@id\":\"http:\/\/elregionalvm.com.ar\/noticias-villa-maria\/separacion-de-residuos-clubes-y-municercas-seran-puntos-de-acopio\/#primaryimage\"},\"thumbnailUrl\":\"https:\/\/i0.wp.com\/elregionalvm.com.ar\/noticias-villa-maria\/wp-content\/uploads\/2021\/07\/WhatsApp-Image-2021-07-25-at-11.06.46.jpeg?fit=758%2C560&ssl=1\",\"keywords\":[\"Clubes\",\"Clubes Verdes\",\"destacado\",\"ecobotellas\",\"MuniCercas\",\"separaci\u00f3n de residuos\",\"Villa Mar\u00eda\"],\"articleSection\":[\"Villa Mar\u00eda\"],\"inLanguage\":\"es\",\"potentialAction\":[{\"@type\":\"CommentAction\",\"name\":\"Comment\",\"target\":[\"http:\/\/elregionalvm.com.ar\/noticias-villa-maria\/separacion-de-residuos-clubes-y-municercas-seran-puntos-de-acopio\/#respond\"]}]},{\"@type\":\"WebPage\",\"@id\":\"http:\/\/elregionalvm.com.ar\/noticias-villa-maria\/separacion-de-residuos-clubes-y-municercas-seran-puntos-de-acopio\/\",\"url\":\"http:\/\/elregionalvm.com.ar\/noticias-villa-maria\/separacion-de-residuos-clubes-y-municercas-seran-puntos-de-acopio\/\",\"name\":\"Separaci\u00f3n de residuos: clubes y municercas ser\u00e1n puntos de acopio - El Regional\",\"isPartOf\":{\"@id\":\"http:\/\/elregionalvm.com.ar\/noticias-villa-maria\/#website\"},\"primaryImageOfPage\":{\"@id\":\"http:\/\/elregionalvm.com.ar\/noticias-villa-maria\/separacion-de-residuos-clubes-y-municercas-seran-puntos-de-acopio\/#primaryimage\"},\"image\":{\"@id\":\"http:\/\/elregionalvm.com.ar\/noticias-villa-maria\/separacion-de-residuos-clubes-y-municercas-seran-puntos-de-acopio\/#primaryimage\"},\"thumbnailUrl\":\"https:\/\/i0.wp.com\/elregionalvm.com.ar\/noticias-villa-maria\/wp-content\/uploads\/2021\/07\/WhatsApp-Image-2021-07-25-at-11.06.46.jpeg?fit=758%2C560&ssl=1\",\"datePublished\":\"2021-07-25T14:28:53+00:00\",\"dateModified\":\"2021-07-25T14:28:54+00:00\",\"author\":{\"@id\":\"http:\/\/elregionalvm.com.ar\/noticias-villa-maria\/#\/schema\/person\/a0fb9c422317faca23d50163151bc354\"},\"breadcrumb\":{\"@id\":\"http:\/\/elregionalvm.com.ar\/noticias-villa-maria\/separacion-de-residuos-clubes-y-municercas-seran-puntos-de-acopio\/#breadcrumb\"},\"inLanguage\":\"es\",\"potentialAction\":[{\"@type\":\"ReadAction\",\"target\":[\"http:\/\/elregionalvm.com.ar\/noticias-villa-maria\/separacion-de-residuos-clubes-y-municercas-seran-puntos-de-acopio\/\"]}]},{\"@type\":\"ImageObject\",\"inLanguage\":\"es\",\"@id\":\"http:\/\/elregionalvm.com.ar\/noticias-villa-maria\/separacion-de-residuos-clubes-y-municercas-seran-puntos-de-acopio\/#primaryimage\",\"url\":\"https:\/\/i0.wp.com\/elregionalvm.com.ar\/noticias-villa-maria\/wp-content\/uploads\/2021\/07\/WhatsApp-Image-2021-07-25-at-11.06.46.jpeg?fit=758%2C560&ssl=1\",\"contentUrl\":\"https:\/\/i0.wp.com\/elregionalvm.com.ar\/noticias-villa-maria\/wp-content\/uploads\/2021\/07\/WhatsApp-Image-2021-07-25-at-11.06.46.jpeg?fit=758%2C560&ssl=1\",\"width\":758,\"height\":560},{\"@type\":\"BreadcrumbList\",\"@id\":\"http:\/\/elregionalvm.com.ar\/noticias-villa-maria\/separacion-de-residuos-clubes-y-municercas-seran-puntos-de-acopio\/#breadcrumb\",\"itemListElement\":[{\"@type\":\"ListItem\",\"position\":1,\"name\":\"Portada\",\"item\":\"https:\/\/elregionalvm.com.ar\/noticias-villa-maria\/\"},{\"@type\":\"ListItem\",\"position\":2,\"name\":\"Separaci\u00f3n de residuos: clubes y municercas ser\u00e1n puntos de acopio\"}]},{\"@type\":\"WebSite\",\"@id\":\"http:\/\/elregionalvm.com.ar\/noticias-villa-maria\/#website\",\"url\":\"http:\/\/elregionalvm.com.ar\/noticias-villa-maria\/\",\"name\":\"El Regional\",\"description\":\"Mucho m\u00e1s que informaci\u00f3n\",\"potentialAction\":[{\"@type\":\"SearchAction\",\"target\":{\"@type\":\"EntryPoint\",\"urlTemplate\":\"http:\/\/elregionalvm.com.ar\/noticias-villa-maria\/?s={search_term_string}\"},\"query-input\":{\"@type\":\"PropertyValueSpecification\",\"valueRequired\":true,\"valueName\":\"search_term_string\"}}],\"inLanguage\":\"es\"},{\"@type\":\"Person\",\"@id\":\"http:\/\/elregionalvm.com.ar\/noticias-villa-maria\/#\/schema\/person\/a0fb9c422317faca23d50163151bc354\",\"name\":\"Contenidos El Regional\",\"image\":{\"@type\":\"ImageObject\",\"inLanguage\":\"es\",\"@id\":\"http:\/\/elregionalvm.com.ar\/noticias-villa-maria\/#\/schema\/person\/image\/\",\"url\":\"https:\/\/secure.gravatar.com\/avatar\/265b27cb2209af7bb3a1318f03305787d7981a5cc6e6cd08fe5a4ecdf99d4b48?s=96&d=mm&r=g\",\"contentUrl\":\"https:\/\/secure.gravatar.com\/avatar\/265b27cb2209af7bb3a1318f03305787d7981a5cc6e6cd08fe5a4ecdf99d4b48?s=96&d=mm&r=g\",\"caption\":\"Contenidos El Regional\"},\"url\":\"https:\/\/elregionalvm.com.ar\/noticias-villa-maria\/author\/contenido\/\"}]}<\/script>\n<!-- \/ Yoast SEO plugin. -->","yoast_head_json":{"title":"Separaci\u00f3n de residuos: clubes y municercas ser\u00e1n puntos de acopio - El Regional","robots":{"index":"index","follow":"follow","max-snippet":"max-snippet:-1","max-image-preview":"max-image-preview:large","max-video-preview":"max-video-preview:-1"},"canonical":"http:\/\/elregionalvm.com.ar\/noticias-villa-maria\/separacion-de-residuos-clubes-y-municercas-seran-puntos-de-acopio\/","og_locale":"es_ES","og_type":"article","og_title":"Separaci\u00f3n de residuos: clubes y municercas ser\u00e1n puntos de acopio - El Regional","og_description":"Con el objetivo de promover acciones que permitan avanzar hacia la consolidaci\u00f3n de un Estado m\u00e1s sustentable, el municipio, a trav\u00e9s de la Secretar\u00eda de Ambiente, Obras y Servicios P\u00fablicos, contin\u00faa llevando adelante diferentes pol\u00edticas ambientales. Entre ellas, se destaca la implementaci\u00f3n del servicio de recolecci\u00f3n diferenciada de residuos, el cual es efectuado en distintos [&hellip;]","og_url":"http:\/\/elregionalvm.com.ar\/noticias-villa-maria\/separacion-de-residuos-clubes-y-municercas-seran-puntos-de-acopio\/","og_site_name":"El Regional","article_publisher":"https:\/\/www.facebook.com\/elregionalvm","article_published_time":"2021-07-25T14:28:53+00:00","article_modified_time":"2021-07-25T14:28:54+00:00","og_image":[{"width":758,"height":560,"url":"http:\/\/elregionalvm.com.ar\/noticias-villa-maria\/wp-content\/uploads\/2021\/07\/WhatsApp-Image-2021-07-25-at-11.06.46.jpeg","type":"image\/jpeg"}],"author":"Contenidos El Regional","twitter_card":"summary_large_image","twitter_creator":"@elregionalvm1","twitter_site":"@elregionalvm1","twitter_misc":{"Escrito por":"Contenidos El Regional","Tiempo de lectura":"3 minutos"},"schema":{"@context":"https:\/\/schema.org","@graph":[{"@type":"Article","@id":"http:\/\/elregionalvm.com.ar\/noticias-villa-maria\/separacion-de-residuos-clubes-y-municercas-seran-puntos-de-acopio\/#article","isPartOf":{"@id":"http:\/\/elregionalvm.com.ar\/noticias-villa-maria\/separacion-de-residuos-clubes-y-municercas-seran-puntos-de-acopio\/"},"author":{"name":"Contenidos El Regional","@id":"http:\/\/elregionalvm.com.ar\/noticias-villa-maria\/#\/schema\/person\/a0fb9c422317faca23d50163151bc354"},"headline":"Separaci\u00f3n de residuos: clubes y municercas ser\u00e1n puntos de acopio","datePublished":"2021-07-25T14:28:53+00:00","dateModified":"2021-07-25T14:28:54+00:00","mainEntityOfPage":{"@id":"http:\/\/elregionalvm.com.ar\/noticias-villa-maria\/separacion-de-residuos-clubes-y-municercas-seran-puntos-de-acopio\/"},"wordCount":555,"commentCount":0,"image":{"@id":"http:\/\/elregionalvm.com.ar\/noticias-villa-maria\/separacion-de-residuos-clubes-y-municercas-seran-puntos-de-acopio\/#primaryimage"},"thumbnailUrl":"https:\/\/i0.wp.com\/elregionalvm.com.ar\/noticias-villa-maria\/wp-content\/uploads\/2021\/07\/WhatsApp-Image-2021-07-25-at-11.06.46.jpeg?fit=758%2C560&ssl=1","keywords":["Clubes","Clubes Verdes","destacado","ecobotellas","MuniCercas","separaci\u00f3n de residuos","Villa Mar\u00eda"],"articleSection":["Villa Mar\u00eda"],"inLanguage":"es","potentialAction":[{"@type":"CommentAction","name":"Comment","target":["http:\/\/elregionalvm.com.ar\/noticias-villa-maria\/separacion-de-residuos-clubes-y-municercas-seran-puntos-de-acopio\/#respond"]}]},{"@type":"WebPage","@id":"http:\/\/elregionalvm.com.ar\/noticias-villa-maria\/separacion-de-residuos-clubes-y-municercas-seran-puntos-de-acopio\/","url":"http:\/\/elregionalvm.com.ar\/noticias-villa-maria\/separacion-de-residuos-clubes-y-municercas-seran-puntos-de-acopio\/","name":"Separaci\u00f3n de residuos: clubes y municercas ser\u00e1n puntos de acopio - El Regional","isPartOf":{"@id":"http:\/\/elregionalvm.com.ar\/noticias-villa-maria\/#website"},"primaryImageOfPage":{"@id":"http:\/\/elregionalvm.com.ar\/noticias-villa-maria\/separacion-de-residuos-clubes-y-municercas-seran-puntos-de-acopio\/#primaryimage"},"image":{"@id":"http:\/\/elregionalvm.com.ar\/noticias-villa-maria\/separacion-de-residuos-clubes-y-municercas-seran-puntos-de-acopio\/#primaryimage"},"thumbnailUrl":"https:\/\/i0.wp.com\/elregionalvm.com.ar\/noticias-villa-maria\/wp-content\/uploads\/2021\/07\/WhatsApp-Image-2021-07-25-at-11.06.46.jpeg?fit=758%2C560&ssl=1","datePublished":"2021-07-25T14:28:53+00:00","dateModified":"2021-07-25T14:28:54+00:00","author":{"@id":"http:\/\/elregionalvm.com.ar\/noticias-villa-maria\/#\/schema\/person\/a0fb9c422317faca23d50163151bc354"},"breadcrumb":{"@id":"http:\/\/elregionalvm.com.ar\/noticias-villa-maria\/separacion-de-residuos-clubes-y-municercas-seran-puntos-de-acopio\/#breadcrumb"},"inLanguage":"es","potentialAction":[{"@type":"ReadAction","target":["http:\/\/elregionalvm.com.ar\/noticias-villa-maria\/separacion-de-residuos-clubes-y-municercas-seran-puntos-de-acopio\/"]}]},{"@type":"ImageObject","inLanguage":"es","@id":"http:\/\/elregionalvm.com.ar\/noticias-villa-maria\/separacion-de-residuos-clubes-y-municercas-seran-puntos-de-acopio\/#primaryimage","url":"https:\/\/i0.wp.com\/elregionalvm.com.ar\/noticias-villa-maria\/wp-content\/uploads\/2021\/07\/WhatsApp-Image-2021-07-25-at-11.06.46.jpeg?fit=758%2C560&ssl=1","contentUrl":"https:\/\/i0.wp.com\/elregionalvm.com.ar\/noticias-villa-maria\/wp-content\/uploads\/2021\/07\/WhatsApp-Image-2021-07-25-at-11.06.46.jpeg?fit=758%2C560&ssl=1","width":758,"height":560},{"@type":"BreadcrumbList","@id":"http:\/\/elregionalvm.com.ar\/noticias-villa-maria\/separacion-de-residuos-clubes-y-municercas-seran-puntos-de-acopio\/#breadcrumb","itemListElement":[{"@type":"ListItem","position":1,"name":"Portada","item":"https:\/\/elregionalvm.com.ar\/noticias-villa-maria\/"},{"@type":"ListItem","position":2,"name":"Separaci\u00f3n de residuos: clubes y municercas ser\u00e1n puntos de acopio"}]},{"@type":"WebSite","@id":"http:\/\/elregionalvm.com.ar\/noticias-villa-maria\/#website","url":"http:\/\/elregionalvm.com.ar\/noticias-villa-maria\/","name":"El Regional","description":"Mucho m\u00e1s que informaci\u00f3n","potentialAction":[{"@type":"SearchAction","target":{"@type":"EntryPoint","urlTemplate":"http:\/\/elregionalvm.com.ar\/noticias-villa-maria\/?s={search_term_string}"},"query-input":{"@type":"PropertyValueSpecification","valueRequired":true,"valueName":"search_term_string"}}],"inLanguage":"es"},{"@type":"Person","@id":"http:\/\/elregionalvm.com.ar\/noticias-villa-maria\/#\/schema\/person\/a0fb9c422317faca23d50163151bc354","name":"Contenidos El Regional","image":{"@type":"ImageObject","inLanguage":"es","@id":"http:\/\/elregionalvm.com.ar\/noticias-villa-maria\/#\/schema\/person\/image\/","url":"https:\/\/secure.gravatar.com\/avatar\/265b27cb2209af7bb3a1318f03305787d7981a5cc6e6cd08fe5a4ecdf99d4b48?s=96&d=mm&r=g","contentUrl":"https:\/\/secure.gravatar.com\/avatar\/265b27cb2209af7bb3a1318f03305787d7981a5cc6e6cd08fe5a4ecdf99d4b48?s=96&d=mm&r=g","caption":"Contenidos El Regional"},"url":"https:\/\/elregionalvm.com.ar\/noticias-villa-maria\/author\/contenido\/"}]}},"jetpack_featured_media_url":"https:\/\/i0.wp.com\/elregionalvm.com.ar\/noticias-villa-maria\/wp-content\/uploads\/2021\/07\/WhatsApp-Image-2021-07-25-at-11.06.46.jpeg?fit=758%2C560&ssl=1","jetpack_sharing_enabled":true,"_links":{"self":[{"href":"https:\/\/elregionalvm.com.ar\/noticias-villa-maria\/wp-json\/wp\/v2\/posts\/41507","targetHints":{"allow":["GET"]}}],"collection":[{"href":"https:\/\/elregionalvm.com.ar\/noticias-villa-maria\/wp-json\/wp\/v2\/posts"}],"about":[{"href":"https:\/\/elregionalvm.com.ar\/noticias-villa-maria\/wp-json\/wp\/v2\/types\/post"}],"author":[{"embeddable":true,"href":"https:\/\/elregionalvm.com.ar\/noticias-villa-maria\/wp-json\/wp\/v2\/users\/4"}],"replies":[{"embeddable":true,"href":"https:\/\/elregionalvm.com.ar\/noticias-villa-maria\/wp-json\/wp\/v2\/comments?post=41507"}],"version-history":[{"count":1,"href":"https:\/\/elregionalvm.com.ar\/noticias-villa-maria\/wp-json\/wp\/v2\/posts\/41507\/revisions"}],"predecessor-version":[{"id":41509,"href":"https:\/\/elregionalvm.com.ar\/noticias-villa-maria\/wp-json\/wp\/v2\/posts\/41507\/revisions\/41509"}],"wp:featuredmedia":[{"embeddable":true,"href":"https:\/\/elregionalvm.com.ar\/noticias-villa-maria\/wp-json\/wp\/v2\/media\/41508"}],"wp:attachment":[{"href":"https:\/\/elregionalvm.com.ar\/noticias-villa-maria\/wp-json\/wp\/v2\/media?parent=41507"}],"wp:term":[{"taxonomy":"category","embeddable":true,"href":"https:\/\/elregionalvm.com.ar\/noticias-villa-maria\/wp-json\/wp\/v2\/categories?post=41507"},{"taxonomy":"post_tag","embeddable":true,"href":"https:\/\/elregionalvm.com.ar\/noticias-villa-maria\/wp-json\/wp\/v2\/tags?post=41507"}],"curies":[{"name":"wp","href":"https:\/\/api.w.org\/{rel}","templated":true}]}}