{"id":41669,"date":"2021-07-29T00:13:59","date_gmt":"2021-07-29T00:13:59","guid":{"rendered":"https:\/\/elregionalvm.com.ar\/noticias-villa-maria\/?p=41669"},"modified":"2021-07-29T00:14:00","modified_gmt":"2021-07-29T00:14:00","slug":"el-destacamento-policial-movil-se-instalo-esta-vez-en-barrio-mariano-moreno","status":"publish","type":"post","link":"https:\/\/elregionalvm.com.ar\/noticias-villa-maria\/el-destacamento-policial-movil-se-instalo-esta-vez-en-barrio-mariano-moreno\/","title":{"rendered":"El Destacament\u00f3 Policial M\u00f3vil se instal\u00f3 esta vez en Barrio Mariano Moreno"},"content":{"rendered":"\n<p>El Destacamento Policial M\u00f3vil se instal\u00f3 este mi\u00e9rcoles en el Barrio Mariano Moreno en la intersecci\u00f3n de calles Los Glaciares y Pueblo; dicho destacamento se traslad\u00f3 del Barrio Las Acacias hacia esta nueva ubicaci\u00f3n para seguir con los lineamientos de acercamiento al vecino, a los fines de realizar los diversos tr\u00e1mites que necesiten, adem\u00e1s del trabajo preventivo con bicicletas, motocicletas y un m\u00f3vil policiales. <\/p>\n\n\n\n<div class=\"wp-block-image\"><figure class=\"aligncenter size-large is-resized\"><img data-recalc-dims=\"1\" fetchpriority=\"high\" decoding=\"async\" src=\"https:\/\/i0.wp.com\/elregionalvm.com.ar\/noticias-villa-maria\/wp-content\/uploads\/2021\/07\/WhatsApp-Image-2021-07-28-at-14.50.35-1.jpeg?resize=523%2C391&#038;ssl=1\" alt=\"\" class=\"wp-image-41671\" width=\"523\" height=\"391\" srcset=\"https:\/\/i0.wp.com\/elregionalvm.com.ar\/noticias-villa-maria\/wp-content\/uploads\/2021\/07\/WhatsApp-Image-2021-07-28-at-14.50.35-1.jpeg?resize=1024%2C766&amp;ssl=1 1024w, https:\/\/i0.wp.com\/elregionalvm.com.ar\/noticias-villa-maria\/wp-content\/uploads\/2021\/07\/WhatsApp-Image-2021-07-28-at-14.50.35-1.jpeg?resize=300%2C224&amp;ssl=1 300w, https:\/\/i0.wp.com\/elregionalvm.com.ar\/noticias-villa-maria\/wp-content\/uploads\/2021\/07\/WhatsApp-Image-2021-07-28-at-14.50.35-1.jpeg?resize=768%2C575&amp;ssl=1 768w, https:\/\/i0.wp.com\/elregionalvm.com.ar\/noticias-villa-maria\/wp-content\/uploads\/2021\/07\/WhatsApp-Image-2021-07-28-at-14.50.35-1.jpeg?resize=1536%2C1149&amp;ssl=1 1536w, https:\/\/i0.wp.com\/elregionalvm.com.ar\/noticias-villa-maria\/wp-content\/uploads\/2021\/07\/WhatsApp-Image-2021-07-28-at-14.50.35-1.jpeg?w=1600&amp;ssl=1 1600w\" sizes=\"(max-width: 523px) 100vw, 523px\" \/><\/figure><\/div>\n\n\n\n<p>A la puesta en funciones del Destacamento M\u00f3vil asistieron el  Director Dptal. Crio. Mayor. Pedro Gustavo Maldonado; el Sr. Sub Director Crio. Insp. Maximiliano Funes, el Sr. Secretario de Gobierno Dr. Eduardo Rodr\u00edguez, la Directora del MuniCerca Nro. 5 Sra. Mariana D\u00edaz y el Sr. Presidente del Centro vecinal del mencionado Barrio Sr. Rub\u00e9n Borghi, adem\u00e1s de vecinos del sector.<\/p>\n\n\n\n<figure class=\"wp-block-gallery columns-2 is-cropped wp-block-gallery-1 is-layout-flex wp-block-gallery-is-layout-flex\"><ul class=\"blocks-gallery-grid\"><li class=\"blocks-gallery-item\"><figure><img data-recalc-dims=\"1\" decoding=\"async\" width=\"1024\" height=\"766\" src=\"https:\/\/i0.wp.com\/elregionalvm.com.ar\/noticias-villa-maria\/wp-content\/uploads\/2021\/07\/WhatsApp-Image-2021-07-28-at-14.50.36.jpeg?resize=1024%2C766&#038;ssl=1\" alt=\"\" data-id=\"41672\" data-link=\"https:\/\/elregionalvm.com.ar\/noticias-villa-maria\/?attachment_id=41672\" class=\"wp-image-41672\" srcset=\"https:\/\/i0.wp.com\/elregionalvm.com.ar\/noticias-villa-maria\/wp-content\/uploads\/2021\/07\/WhatsApp-Image-2021-07-28-at-14.50.36.jpeg?resize=1024%2C766&amp;ssl=1 1024w, https:\/\/i0.wp.com\/elregionalvm.com.ar\/noticias-villa-maria\/wp-content\/uploads\/2021\/07\/WhatsApp-Image-2021-07-28-at-14.50.36.jpeg?resize=300%2C224&amp;ssl=1 300w, https:\/\/i0.wp.com\/elregionalvm.com.ar\/noticias-villa-maria\/wp-content\/uploads\/2021\/07\/WhatsApp-Image-2021-07-28-at-14.50.36.jpeg?resize=768%2C575&amp;ssl=1 768w, https:\/\/i0.wp.com\/elregionalvm.com.ar\/noticias-villa-maria\/wp-content\/uploads\/2021\/07\/WhatsApp-Image-2021-07-28-at-14.50.36.jpeg?resize=1536%2C1149&amp;ssl=1 1536w, https:\/\/i0.wp.com\/elregionalvm.com.ar\/noticias-villa-maria\/wp-content\/uploads\/2021\/07\/WhatsApp-Image-2021-07-28-at-14.50.36.jpeg?w=1600&amp;ssl=1 1600w\" sizes=\"(max-width: 1000px) 100vw, 1000px\" \/><\/figure><\/li><li class=\"blocks-gallery-item\"><figure><img data-recalc-dims=\"1\" decoding=\"async\" width=\"1024\" height=\"766\" src=\"https:\/\/i0.wp.com\/elregionalvm.com.ar\/noticias-villa-maria\/wp-content\/uploads\/2021\/07\/WhatsApp-Image-2021-07-28-at-14.50.36-1.jpeg?resize=1024%2C766&#038;ssl=1\" alt=\"\" data-id=\"41673\" data-full-url=\"https:\/\/elregionalvm.com.ar\/noticias-villa-maria\/wp-content\/uploads\/2021\/07\/WhatsApp-Image-2021-07-28-at-14.50.36-1.jpeg\" data-link=\"https:\/\/elregionalvm.com.ar\/noticias-villa-maria\/?attachment_id=41673\" class=\"wp-image-41673\" srcset=\"https:\/\/i0.wp.com\/elregionalvm.com.ar\/noticias-villa-maria\/wp-content\/uploads\/2021\/07\/WhatsApp-Image-2021-07-28-at-14.50.36-1.jpeg?resize=1024%2C766&amp;ssl=1 1024w, https:\/\/i0.wp.com\/elregionalvm.com.ar\/noticias-villa-maria\/wp-content\/uploads\/2021\/07\/WhatsApp-Image-2021-07-28-at-14.50.36-1.jpeg?resize=300%2C224&amp;ssl=1 300w, https:\/\/i0.wp.com\/elregionalvm.com.ar\/noticias-villa-maria\/wp-content\/uploads\/2021\/07\/WhatsApp-Image-2021-07-28-at-14.50.36-1.jpeg?resize=768%2C575&amp;ssl=1 768w, https:\/\/i0.wp.com\/elregionalvm.com.ar\/noticias-villa-maria\/wp-content\/uploads\/2021\/07\/WhatsApp-Image-2021-07-28-at-14.50.36-1.jpeg?resize=1536%2C1149&amp;ssl=1 1536w, https:\/\/i0.wp.com\/elregionalvm.com.ar\/noticias-villa-maria\/wp-content\/uploads\/2021\/07\/WhatsApp-Image-2021-07-28-at-14.50.36-1.jpeg?w=1600&amp;ssl=1 1600w\" sizes=\"(max-width: 1000px) 100vw, 1000px\" \/><\/figure><\/li><\/ul><\/figure>\n","protected":false},"excerpt":{"rendered":"<p>El Destacamento Policial M\u00f3vil se instal\u00f3 este mi\u00e9rcoles en el Barrio Mariano Moreno en la intersecci\u00f3n de calles Los Glaciares y Pueblo; dicho destacamento se traslad\u00f3 del Barrio Las Acacias hacia esta nueva ubicaci\u00f3n para seguir con los lineamientos de acercamiento al vecino, a los fines de realizar los diversos tr\u00e1mites que necesiten, adem\u00e1s del [&hellip;]<\/p>\n","protected":false},"author":4,"featured_media":41670,"comment_status":"open","ping_status":"open","sticky":false,"template":"","format":"standard","meta":{"site-sidebar-layout":"default","site-content-layout":"default","ast-site-content-layout":"default","site-content-style":"default","site-sidebar-style":"default","ast-global-header-display":"","ast-banner-title-visibility":"","ast-main-header-display":"","ast-hfb-above-header-display":"","ast-hfb-below-header-display":"","ast-hfb-mobile-header-display":"","site-post-title":"","ast-breadcrumbs-content":"","ast-featured-img":"","footer-sml-layout":"","ast-disable-related-posts":"","theme-transparent-header-meta":"default","adv-header-id-meta":"","stick-header-meta":"","header-above-stick-meta":"","header-main-stick-meta":"","header-below-stick-meta":"","astra-migrate-meta-layouts":"default","ast-page-background-enabled":"default","ast-page-background-meta":{"desktop":{"background-color":"","background-image":"","background-repeat":"repeat","background-position":"center center","background-size":"auto","background-attachment":"scroll","background-type":"","background-media":"","overlay-type":"","overlay-color":"","overlay-opacity":"","overlay-gradient":""},"tablet":{"background-color":"","background-image":"","background-repeat":"repeat","background-position":"center center","background-size":"auto","background-attachment":"scroll","background-type":"","background-media":"","overlay-type":"","overlay-color":"","overlay-opacity":"","overlay-gradient":""},"mobile":{"background-color":"","background-image":"","background-repeat":"repeat","background-position":"center center","background-size":"auto","background-attachment":"scroll","background-type":"","background-media":"","overlay-type":"","overlay-color":"","overlay-opacity":"","overlay-gradient":""}},"ast-content-background-meta":{"desktop":{"background-color":"var(--ast-global-color-5)","background-image":"","background-repeat":"repeat","background-position":"center center","background-size":"auto","background-attachment":"scroll","background-type":"","background-media":"","overlay-type":"","overlay-color":"","overlay-opacity":"","overlay-gradient":""},"tablet":{"background-color":"var(--ast-global-color-5)","background-image":"","background-repeat":"repeat","background-position":"center center","background-size":"auto","background-attachment":"scroll","background-type":"","background-media":"","overlay-type":"","overlay-color":"","overlay-opacity":"","overlay-gradient":""},"mobile":{"background-color":"var(--ast-global-color-5)","background-image":"","background-repeat":"repeat","background-position":"center center","background-size":"auto","background-attachment":"scroll","background-type":"","background-media":"","overlay-type":"","overlay-color":"","overlay-opacity":"","overlay-gradient":""}},"_jetpack_memberships_contains_paid_content":false,"_joinchat":[],"footnotes":""},"categories":[2234],"tags":[10253,5081,5110,10252],"class_list":["post-41669","post","type-post","status-publish","format-standard","has-post-thumbnail","hentry","category-policiales","tag-acercamiento-al-vecino","tag-barrio-mariano-moreno","tag-centro-vecinal-barrio-mariano-moreno","tag-destacamento-policial-movil"],"yoast_head":"<!-- This site is optimized with the Yoast SEO plugin v26.8 - https:\/\/yoast.com\/product\/yoast-seo-wordpress\/ -->\n<title>El Destacament\u00f3 Policial M\u00f3vil se instal\u00f3 esta vez en Barrio Mariano Moreno - El Regional<\/title>\n<meta name=\"robots\" content=\"index, follow, max-snippet:-1, max-image-preview:large, max-video-preview:-1\" \/>\n<link rel=\"canonical\" href=\"http:\/\/elregionalvm.com.ar\/noticias-villa-maria\/el-destacamento-policial-movil-se-instalo-esta-vez-en-barrio-mariano-moreno\/\" \/>\n<meta property=\"og:locale\" content=\"es_ES\" \/>\n<meta property=\"og:type\" content=\"article\" \/>\n<meta property=\"og:title\" content=\"El Destacament\u00f3 Policial M\u00f3vil se instal\u00f3 esta vez en Barrio Mariano Moreno - El Regional\" \/>\n<meta property=\"og:description\" content=\"El Destacamento Policial M\u00f3vil se instal\u00f3 este mi\u00e9rcoles en el Barrio Mariano Moreno en la intersecci\u00f3n de calles Los Glaciares y Pueblo; dicho destacamento se traslad\u00f3 del Barrio Las Acacias hacia esta nueva ubicaci\u00f3n para seguir con los lineamientos de acercamiento al vecino, a los fines de realizar los diversos tr\u00e1mites que necesiten, adem\u00e1s del [&hellip;]\" \/>\n<meta property=\"og:url\" content=\"http:\/\/elregionalvm.com.ar\/noticias-villa-maria\/el-destacamento-policial-movil-se-instalo-esta-vez-en-barrio-mariano-moreno\/\" \/>\n<meta property=\"og:site_name\" content=\"El Regional\" \/>\n<meta property=\"article:publisher\" content=\"https:\/\/www.facebook.com\/elregionalvm\" \/>\n<meta property=\"article:published_time\" content=\"2021-07-29T00:13:59+00:00\" \/>\n<meta property=\"article:modified_time\" content=\"2021-07-29T00:14:00+00:00\" \/>\n<meta property=\"og:image\" content=\"http:\/\/elregionalvm.com.ar\/noticias-villa-maria\/wp-content\/uploads\/2021\/07\/WhatsApp-Image-2021-07-28-at-14.50.35.jpeg\" \/>\n\t<meta property=\"og:image:width\" content=\"1600\" \/>\n\t<meta property=\"og:image:height\" content=\"1197\" \/>\n\t<meta property=\"og:image:type\" content=\"image\/jpeg\" \/>\n<meta name=\"author\" content=\"Contenidos El Regional\" \/>\n<meta name=\"twitter:card\" content=\"summary_large_image\" \/>\n<meta name=\"twitter:creator\" content=\"@elregionalvm1\" \/>\n<meta name=\"twitter:site\" content=\"@elregionalvm1\" \/>\n<meta name=\"twitter:label1\" content=\"Escrito por\" \/>\n\t<meta name=\"twitter:data1\" content=\"Contenidos El Regional\" \/>\n\t<meta name=\"twitter:label2\" content=\"Tiempo de lectura\" \/>\n\t<meta name=\"twitter:data2\" content=\"2 minutos\" \/>\n<script type=\"application\/ld+json\" class=\"yoast-schema-graph\">{\"@context\":\"https:\/\/schema.org\",\"@graph\":[{\"@type\":\"Article\",\"@id\":\"http:\/\/elregionalvm.com.ar\/noticias-villa-maria\/el-destacamento-policial-movil-se-instalo-esta-vez-en-barrio-mariano-moreno\/#article\",\"isPartOf\":{\"@id\":\"http:\/\/elregionalvm.com.ar\/noticias-villa-maria\/el-destacamento-policial-movil-se-instalo-esta-vez-en-barrio-mariano-moreno\/\"},\"author\":{\"name\":\"Contenidos El Regional\",\"@id\":\"http:\/\/elregionalvm.com.ar\/noticias-villa-maria\/#\/schema\/person\/a0fb9c422317faca23d50163151bc354\"},\"headline\":\"El Destacament\u00f3 Policial M\u00f3vil se instal\u00f3 esta vez en Barrio Mariano Moreno\",\"datePublished\":\"2021-07-29T00:13:59+00:00\",\"dateModified\":\"2021-07-29T00:14:00+00:00\",\"mainEntityOfPage\":{\"@id\":\"http:\/\/elregionalvm.com.ar\/noticias-villa-maria\/el-destacamento-policial-movil-se-instalo-esta-vez-en-barrio-mariano-moreno\/\"},\"wordCount\":148,\"commentCount\":0,\"image\":{\"@id\":\"http:\/\/elregionalvm.com.ar\/noticias-villa-maria\/el-destacamento-policial-movil-se-instalo-esta-vez-en-barrio-mariano-moreno\/#primaryimage\"},\"thumbnailUrl\":\"https:\/\/i0.wp.com\/elregionalvm.com.ar\/noticias-villa-maria\/wp-content\/uploads\/2021\/07\/WhatsApp-Image-2021-07-28-at-14.50.35.jpeg?fit=1600%2C1197&ssl=1\",\"keywords\":[\"acercamiento al vecino\",\"barrio Mariano Moreno\",\"Centro Vecinal Barrio Mariano Moreno\",\"Destacamento Policial M\u00f3vil\"],\"articleSection\":[\"Policiales\"],\"inLanguage\":\"es\",\"potentialAction\":[{\"@type\":\"CommentAction\",\"name\":\"Comment\",\"target\":[\"http:\/\/elregionalvm.com.ar\/noticias-villa-maria\/el-destacamento-policial-movil-se-instalo-esta-vez-en-barrio-mariano-moreno\/#respond\"]}]},{\"@type\":\"WebPage\",\"@id\":\"http:\/\/elregionalvm.com.ar\/noticias-villa-maria\/el-destacamento-policial-movil-se-instalo-esta-vez-en-barrio-mariano-moreno\/\",\"url\":\"http:\/\/elregionalvm.com.ar\/noticias-villa-maria\/el-destacamento-policial-movil-se-instalo-esta-vez-en-barrio-mariano-moreno\/\",\"name\":\"El Destacament\u00f3 Policial M\u00f3vil se instal\u00f3 esta vez en Barrio Mariano Moreno - El Regional\",\"isPartOf\":{\"@id\":\"http:\/\/elregionalvm.com.ar\/noticias-villa-maria\/#website\"},\"primaryImageOfPage\":{\"@id\":\"http:\/\/elregionalvm.com.ar\/noticias-villa-maria\/el-destacamento-policial-movil-se-instalo-esta-vez-en-barrio-mariano-moreno\/#primaryimage\"},\"image\":{\"@id\":\"http:\/\/elregionalvm.com.ar\/noticias-villa-maria\/el-destacamento-policial-movil-se-instalo-esta-vez-en-barrio-mariano-moreno\/#primaryimage\"},\"thumbnailUrl\":\"https:\/\/i0.wp.com\/elregionalvm.com.ar\/noticias-villa-maria\/wp-content\/uploads\/2021\/07\/WhatsApp-Image-2021-07-28-at-14.50.35.jpeg?fit=1600%2C1197&ssl=1\",\"datePublished\":\"2021-07-29T00:13:59+00:00\",\"dateModified\":\"2021-07-29T00:14:00+00:00\",\"author\":{\"@id\":\"http:\/\/elregionalvm.com.ar\/noticias-villa-maria\/#\/schema\/person\/a0fb9c422317faca23d50163151bc354\"},\"breadcrumb\":{\"@id\":\"http:\/\/elregionalvm.com.ar\/noticias-villa-maria\/el-destacamento-policial-movil-se-instalo-esta-vez-en-barrio-mariano-moreno\/#breadcrumb\"},\"inLanguage\":\"es\",\"potentialAction\":[{\"@type\":\"ReadAction\",\"target\":[\"http:\/\/elregionalvm.com.ar\/noticias-villa-maria\/el-destacamento-policial-movil-se-instalo-esta-vez-en-barrio-mariano-moreno\/\"]}]},{\"@type\":\"ImageObject\",\"inLanguage\":\"es\",\"@id\":\"http:\/\/elregionalvm.com.ar\/noticias-villa-maria\/el-destacamento-policial-movil-se-instalo-esta-vez-en-barrio-mariano-moreno\/#primaryimage\",\"url\":\"https:\/\/i0.wp.com\/elregionalvm.com.ar\/noticias-villa-maria\/wp-content\/uploads\/2021\/07\/WhatsApp-Image-2021-07-28-at-14.50.35.jpeg?fit=1600%2C1197&ssl=1\",\"contentUrl\":\"https:\/\/i0.wp.com\/elregionalvm.com.ar\/noticias-villa-maria\/wp-content\/uploads\/2021\/07\/WhatsApp-Image-2021-07-28-at-14.50.35.jpeg?fit=1600%2C1197&ssl=1\",\"width\":1600,\"height\":1197},{\"@type\":\"BreadcrumbList\",\"@id\":\"http:\/\/elregionalvm.com.ar\/noticias-villa-maria\/el-destacamento-policial-movil-se-instalo-esta-vez-en-barrio-mariano-moreno\/#breadcrumb\",\"itemListElement\":[{\"@type\":\"ListItem\",\"position\":1,\"name\":\"Portada\",\"item\":\"https:\/\/elregionalvm.com.ar\/noticias-villa-maria\/\"},{\"@type\":\"ListItem\",\"position\":2,\"name\":\"El Destacament\u00f3 Policial M\u00f3vil se instal\u00f3 esta vez en Barrio Mariano Moreno\"}]},{\"@type\":\"WebSite\",\"@id\":\"http:\/\/elregionalvm.com.ar\/noticias-villa-maria\/#website\",\"url\":\"http:\/\/elregionalvm.com.ar\/noticias-villa-maria\/\",\"name\":\"El Regional\",\"description\":\"Mucho m\u00e1s que informaci\u00f3n\",\"potentialAction\":[{\"@type\":\"SearchAction\",\"target\":{\"@type\":\"EntryPoint\",\"urlTemplate\":\"http:\/\/elregionalvm.com.ar\/noticias-villa-maria\/?s={search_term_string}\"},\"query-input\":{\"@type\":\"PropertyValueSpecification\",\"valueRequired\":true,\"valueName\":\"search_term_string\"}}],\"inLanguage\":\"es\"},{\"@type\":\"Person\",\"@id\":\"http:\/\/elregionalvm.com.ar\/noticias-villa-maria\/#\/schema\/person\/a0fb9c422317faca23d50163151bc354\",\"name\":\"Contenidos El Regional\",\"image\":{\"@type\":\"ImageObject\",\"inLanguage\":\"es\",\"@id\":\"http:\/\/elregionalvm.com.ar\/noticias-villa-maria\/#\/schema\/person\/image\/\",\"url\":\"https:\/\/secure.gravatar.com\/avatar\/265b27cb2209af7bb3a1318f03305787d7981a5cc6e6cd08fe5a4ecdf99d4b48?s=96&d=mm&r=g\",\"contentUrl\":\"https:\/\/secure.gravatar.com\/avatar\/265b27cb2209af7bb3a1318f03305787d7981a5cc6e6cd08fe5a4ecdf99d4b48?s=96&d=mm&r=g\",\"caption\":\"Contenidos El Regional\"},\"url\":\"https:\/\/elregionalvm.com.ar\/noticias-villa-maria\/author\/contenido\/\"}]}<\/script>\n<!-- \/ Yoast SEO plugin. -->","yoast_head_json":{"title":"El Destacament\u00f3 Policial M\u00f3vil se instal\u00f3 esta vez en Barrio Mariano Moreno - El Regional","robots":{"index":"index","follow":"follow","max-snippet":"max-snippet:-1","max-image-preview":"max-image-preview:large","max-video-preview":"max-video-preview:-1"},"canonical":"http:\/\/elregionalvm.com.ar\/noticias-villa-maria\/el-destacamento-policial-movil-se-instalo-esta-vez-en-barrio-mariano-moreno\/","og_locale":"es_ES","og_type":"article","og_title":"El Destacament\u00f3 Policial M\u00f3vil se instal\u00f3 esta vez en Barrio Mariano Moreno - El Regional","og_description":"El Destacamento Policial M\u00f3vil se instal\u00f3 este mi\u00e9rcoles en el Barrio Mariano Moreno en la intersecci\u00f3n de calles Los Glaciares y Pueblo; dicho destacamento se traslad\u00f3 del Barrio Las Acacias hacia esta nueva ubicaci\u00f3n para seguir con los lineamientos de acercamiento al vecino, a los fines de realizar los diversos tr\u00e1mites que necesiten, adem\u00e1s del [&hellip;]","og_url":"http:\/\/elregionalvm.com.ar\/noticias-villa-maria\/el-destacamento-policial-movil-se-instalo-esta-vez-en-barrio-mariano-moreno\/","og_site_name":"El Regional","article_publisher":"https:\/\/www.facebook.com\/elregionalvm","article_published_time":"2021-07-29T00:13:59+00:00","article_modified_time":"2021-07-29T00:14:00+00:00","og_image":[{"width":1600,"height":1197,"url":"http:\/\/elregionalvm.com.ar\/noticias-villa-maria\/wp-content\/uploads\/2021\/07\/WhatsApp-Image-2021-07-28-at-14.50.35.jpeg","type":"image\/jpeg"}],"author":"Contenidos El Regional","twitter_card":"summary_large_image","twitter_creator":"@elregionalvm1","twitter_site":"@elregionalvm1","twitter_misc":{"Escrito por":"Contenidos El Regional","Tiempo de lectura":"2 minutos"},"schema":{"@context":"https:\/\/schema.org","@graph":[{"@type":"Article","@id":"http:\/\/elregionalvm.com.ar\/noticias-villa-maria\/el-destacamento-policial-movil-se-instalo-esta-vez-en-barrio-mariano-moreno\/#article","isPartOf":{"@id":"http:\/\/elregionalvm.com.ar\/noticias-villa-maria\/el-destacamento-policial-movil-se-instalo-esta-vez-en-barrio-mariano-moreno\/"},"author":{"name":"Contenidos El Regional","@id":"http:\/\/elregionalvm.com.ar\/noticias-villa-maria\/#\/schema\/person\/a0fb9c422317faca23d50163151bc354"},"headline":"El Destacament\u00f3 Policial M\u00f3vil se instal\u00f3 esta vez en Barrio Mariano Moreno","datePublished":"2021-07-29T00:13:59+00:00","dateModified":"2021-07-29T00:14:00+00:00","mainEntityOfPage":{"@id":"http:\/\/elregionalvm.com.ar\/noticias-villa-maria\/el-destacamento-policial-movil-se-instalo-esta-vez-en-barrio-mariano-moreno\/"},"wordCount":148,"commentCount":0,"image":{"@id":"http:\/\/elregionalvm.com.ar\/noticias-villa-maria\/el-destacamento-policial-movil-se-instalo-esta-vez-en-barrio-mariano-moreno\/#primaryimage"},"thumbnailUrl":"https:\/\/i0.wp.com\/elregionalvm.com.ar\/noticias-villa-maria\/wp-content\/uploads\/2021\/07\/WhatsApp-Image-2021-07-28-at-14.50.35.jpeg?fit=1600%2C1197&ssl=1","keywords":["acercamiento al vecino","barrio Mariano Moreno","Centro Vecinal Barrio Mariano Moreno","Destacamento Policial M\u00f3vil"],"articleSection":["Policiales"],"inLanguage":"es","potentialAction":[{"@type":"CommentAction","name":"Comment","target":["http:\/\/elregionalvm.com.ar\/noticias-villa-maria\/el-destacamento-policial-movil-se-instalo-esta-vez-en-barrio-mariano-moreno\/#respond"]}]},{"@type":"WebPage","@id":"http:\/\/elregionalvm.com.ar\/noticias-villa-maria\/el-destacamento-policial-movil-se-instalo-esta-vez-en-barrio-mariano-moreno\/","url":"http:\/\/elregionalvm.com.ar\/noticias-villa-maria\/el-destacamento-policial-movil-se-instalo-esta-vez-en-barrio-mariano-moreno\/","name":"El Destacament\u00f3 Policial M\u00f3vil se instal\u00f3 esta vez en Barrio Mariano Moreno - El Regional","isPartOf":{"@id":"http:\/\/elregionalvm.com.ar\/noticias-villa-maria\/#website"},"primaryImageOfPage":{"@id":"http:\/\/elregionalvm.com.ar\/noticias-villa-maria\/el-destacamento-policial-movil-se-instalo-esta-vez-en-barrio-mariano-moreno\/#primaryimage"},"image":{"@id":"http:\/\/elregionalvm.com.ar\/noticias-villa-maria\/el-destacamento-policial-movil-se-instalo-esta-vez-en-barrio-mariano-moreno\/#primaryimage"},"thumbnailUrl":"https:\/\/i0.wp.com\/elregionalvm.com.ar\/noticias-villa-maria\/wp-content\/uploads\/2021\/07\/WhatsApp-Image-2021-07-28-at-14.50.35.jpeg?fit=1600%2C1197&ssl=1","datePublished":"2021-07-29T00:13:59+00:00","dateModified":"2021-07-29T00:14:00+00:00","author":{"@id":"http:\/\/elregionalvm.com.ar\/noticias-villa-maria\/#\/schema\/person\/a0fb9c422317faca23d50163151bc354"},"breadcrumb":{"@id":"http:\/\/elregionalvm.com.ar\/noticias-villa-maria\/el-destacamento-policial-movil-se-instalo-esta-vez-en-barrio-mariano-moreno\/#breadcrumb"},"inLanguage":"es","potentialAction":[{"@type":"ReadAction","target":["http:\/\/elregionalvm.com.ar\/noticias-villa-maria\/el-destacamento-policial-movil-se-instalo-esta-vez-en-barrio-mariano-moreno\/"]}]},{"@type":"ImageObject","inLanguage":"es","@id":"http:\/\/elregionalvm.com.ar\/noticias-villa-maria\/el-destacamento-policial-movil-se-instalo-esta-vez-en-barrio-mariano-moreno\/#primaryimage","url":"https:\/\/i0.wp.com\/elregionalvm.com.ar\/noticias-villa-maria\/wp-content\/uploads\/2021\/07\/WhatsApp-Image-2021-07-28-at-14.50.35.jpeg?fit=1600%2C1197&ssl=1","contentUrl":"https:\/\/i0.wp.com\/elregionalvm.com.ar\/noticias-villa-maria\/wp-content\/uploads\/2021\/07\/WhatsApp-Image-2021-07-28-at-14.50.35.jpeg?fit=1600%2C1197&ssl=1","width":1600,"height":1197},{"@type":"BreadcrumbList","@id":"http:\/\/elregionalvm.com.ar\/noticias-villa-maria\/el-destacamento-policial-movil-se-instalo-esta-vez-en-barrio-mariano-moreno\/#breadcrumb","itemListElement":[{"@type":"ListItem","position":1,"name":"Portada","item":"https:\/\/elregionalvm.com.ar\/noticias-villa-maria\/"},{"@type":"ListItem","position":2,"name":"El Destacament\u00f3 Policial M\u00f3vil se instal\u00f3 esta vez en Barrio Mariano Moreno"}]},{"@type":"WebSite","@id":"http:\/\/elregionalvm.com.ar\/noticias-villa-maria\/#website","url":"http:\/\/elregionalvm.com.ar\/noticias-villa-maria\/","name":"El Regional","description":"Mucho m\u00e1s que informaci\u00f3n","potentialAction":[{"@type":"SearchAction","target":{"@type":"EntryPoint","urlTemplate":"http:\/\/elregionalvm.com.ar\/noticias-villa-maria\/?s={search_term_string}"},"query-input":{"@type":"PropertyValueSpecification","valueRequired":true,"valueName":"search_term_string"}}],"inLanguage":"es"},{"@type":"Person","@id":"http:\/\/elregionalvm.com.ar\/noticias-villa-maria\/#\/schema\/person\/a0fb9c422317faca23d50163151bc354","name":"Contenidos El Regional","image":{"@type":"ImageObject","inLanguage":"es","@id":"http:\/\/elregionalvm.com.ar\/noticias-villa-maria\/#\/schema\/person\/image\/","url":"https:\/\/secure.gravatar.com\/avatar\/265b27cb2209af7bb3a1318f03305787d7981a5cc6e6cd08fe5a4ecdf99d4b48?s=96&d=mm&r=g","contentUrl":"https:\/\/secure.gravatar.com\/avatar\/265b27cb2209af7bb3a1318f03305787d7981a5cc6e6cd08fe5a4ecdf99d4b48?s=96&d=mm&r=g","caption":"Contenidos El Regional"},"url":"https:\/\/elregionalvm.com.ar\/noticias-villa-maria\/author\/contenido\/"}]}},"jetpack_featured_media_url":"https:\/\/i0.wp.com\/elregionalvm.com.ar\/noticias-villa-maria\/wp-content\/uploads\/2021\/07\/WhatsApp-Image-2021-07-28-at-14.50.35.jpeg?fit=1600%2C1197&ssl=1","jetpack_sharing_enabled":true,"_links":{"self":[{"href":"https:\/\/elregionalvm.com.ar\/noticias-villa-maria\/wp-json\/wp\/v2\/posts\/41669","targetHints":{"allow":["GET"]}}],"collection":[{"href":"https:\/\/elregionalvm.com.ar\/noticias-villa-maria\/wp-json\/wp\/v2\/posts"}],"about":[{"href":"https:\/\/elregionalvm.com.ar\/noticias-villa-maria\/wp-json\/wp\/v2\/types\/post"}],"author":[{"embeddable":true,"href":"https:\/\/elregionalvm.com.ar\/noticias-villa-maria\/wp-json\/wp\/v2\/users\/4"}],"replies":[{"embeddable":true,"href":"https:\/\/elregionalvm.com.ar\/noticias-villa-maria\/wp-json\/wp\/v2\/comments?post=41669"}],"version-history":[{"count":1,"href":"https:\/\/elregionalvm.com.ar\/noticias-villa-maria\/wp-json\/wp\/v2\/posts\/41669\/revisions"}],"predecessor-version":[{"id":41674,"href":"https:\/\/elregionalvm.com.ar\/noticias-villa-maria\/wp-json\/wp\/v2\/posts\/41669\/revisions\/41674"}],"wp:featuredmedia":[{"embeddable":true,"href":"https:\/\/elregionalvm.com.ar\/noticias-villa-maria\/wp-json\/wp\/v2\/media\/41670"}],"wp:attachment":[{"href":"https:\/\/elregionalvm.com.ar\/noticias-villa-maria\/wp-json\/wp\/v2\/media?parent=41669"}],"wp:term":[{"taxonomy":"category","embeddable":true,"href":"https:\/\/elregionalvm.com.ar\/noticias-villa-maria\/wp-json\/wp\/v2\/categories?post=41669"},{"taxonomy":"post_tag","embeddable":true,"href":"https:\/\/elregionalvm.com.ar\/noticias-villa-maria\/wp-json\/wp\/v2\/tags?post=41669"}],"curies":[{"name":"wp","href":"https:\/\/api.w.org\/{rel}","templated":true}]}}