{"id":41684,"date":"2021-07-29T02:01:10","date_gmt":"2021-07-29T02:01:10","guid":{"rendered":"https:\/\/elregionalvm.com.ar\/noticias-villa-maria\/?p=41684"},"modified":"2021-07-29T20:24:03","modified_gmt":"2021-07-29T20:24:03","slug":"graglia-el-nuevo-puente-y-la-interna-peronista-sera-un-dia-festivo-para-todos-sin-desencuentros","status":"publish","type":"post","link":"https:\/\/elregionalvm.com.ar\/noticias-villa-maria\/graglia-el-nuevo-puente-y-la-interna-peronista-sera-un-dia-festivo-para-todos-sin-desencuentros\/","title":{"rendered":"Graglia, el nuevo puente y la interna peronista: \u201cSer\u00e1 un d\u00eda festivo para todos, sin desencuentros\u201d"},"content":{"rendered":"\n<p><\/p>\n\n\n\n<p><strong>Este jueves a las 16 horas se inaugurar\u00e1 el puente Brigadier Juan Bautista Bustos con la presencia del intendente Natalio Graglia, el intendente interino Pablo Rosso y el gobernador Juan Schiaretti, quienes har\u00e1n uso de la palabra.<\/strong><\/p>\n\n\n\n<p><strong>Adem\u00e1s, estar\u00e1n presentes\u00a0Alejandra Vigo, primera candidata a senadora de\u00a0Hacemos por C\u00f3rdoba, \u00a0y\u00a0Mart\u00edn Gill, primer candidato a diputado del\u00a0Frente de Todos que, sum\u00f3 a Graglia en su lista como precandidato a diputado nacional. <\/strong><\/p>\n\n\n\n<p><\/p>\n\n\n\n<p><strong>Escribe: Carolina Durand<\/strong><\/p>\n\n\n\n<p>Luego del cierre de listas de las PASO que tendr\u00e1n lugar el domingo 12 de septiembre y las elecciones legislativas generales el domingo 14 de noviembre, las lecturas pol\u00edticas en cuanto al armado de las listas del \u201cFrente de Todos y\u201d Hacemos por C\u00f3rdoba\u201d, dejaron a m\u00e1s de uno desconcertado.<\/p>\n\n\n\n<p>Cinco d\u00edas despu\u00e9s, el conglomerado inaugura oficialmente un nuevo acceso que une a ambas villas. En medio del puente, a la vera del Ctalamochita, los candidatos divididos en las primarias, se mostrar\u00e1n todos juntos para cortar la cinta de una obra de gran envergadura para los ciudadanos de ambas localidades.<\/p>\n\n\n\n<p><strong>Punto estrat\u00e9gico<\/strong><\/p>\n\n\n\n<p>Natalio Graglia fue entrevistado en el programa Conectadas, emitido por Canal 20, y consultado por la obra, su incorporaci\u00f3n en la lista del \u201cFrente de Todos\u201d y su relaci\u00f3n con Schiaretti.<\/p>\n\n\n\n<p>Referenci\u00f3 la importancia de un nuevo puente que una a las villas en un lugar estrat\u00e9gico, factible de evitar el colapso de veh\u00edculos en horarios pico. Adem\u00e1s de conectar avenidas y barrios aleda\u00f1os, que, permitir\u00e1n mayor desarrollo en ambas ciudades.<\/p>\n\n\n\n<p>\u201cEsta obra magnifica comenzamos a gestionarla en la primera intendencia de Mart\u00edn Gill, y hemos podido transmitirle al gobernador Juan Schiaretti este pedido, quien trabaj\u00f3 en conjunto con los municipios en pos de mejorar la calidad de vida de los cordobeses\u201d, explic\u00f3.<\/p>\n\n\n\n<p>\u201cAmbas localidades han tenido en el \u00faltimo a\u00f1o un gran crecimiento y avance en obras, y el nuevo acceso har\u00e1 m\u00e1s \u00e1gil y din\u00e1mico el tr\u00e1nsito para los vecinos\u201d, acot\u00f3.<\/p>\n\n\n\n<p><\/p>\n\n\n\n<figure class=\"wp-block-image size-large\"><img data-recalc-dims=\"1\" fetchpriority=\"high\" decoding=\"async\" width=\"1024\" height=\"600\" src=\"https:\/\/i0.wp.com\/elregionalvm.com.ar\/noticias-villa-maria\/wp-content\/uploads\/2021\/07\/WhatsApp-Image-2021-07-28-at-6.10.07-PM.jpeg?resize=1024%2C600&#038;ssl=1\" alt=\"\" class=\"wp-image-41685\" srcset=\"https:\/\/i0.wp.com\/elregionalvm.com.ar\/noticias-villa-maria\/wp-content\/uploads\/2021\/07\/WhatsApp-Image-2021-07-28-at-6.10.07-PM.jpeg?resize=1024%2C600&amp;ssl=1 1024w, https:\/\/i0.wp.com\/elregionalvm.com.ar\/noticias-villa-maria\/wp-content\/uploads\/2021\/07\/WhatsApp-Image-2021-07-28-at-6.10.07-PM.jpeg?resize=300%2C176&amp;ssl=1 300w, https:\/\/i0.wp.com\/elregionalvm.com.ar\/noticias-villa-maria\/wp-content\/uploads\/2021\/07\/WhatsApp-Image-2021-07-28-at-6.10.07-PM.jpeg?resize=768%2C450&amp;ssl=1 768w, https:\/\/i0.wp.com\/elregionalvm.com.ar\/noticias-villa-maria\/wp-content\/uploads\/2021\/07\/WhatsApp-Image-2021-07-28-at-6.10.07-PM.jpeg?w=1080&amp;ssl=1 1080w\" sizes=\"(max-width: 1000px) 100vw, 1000px\" \/><figcaption><em>Graglia participar\u00e1 de la inauguraci\u00f3n junto con Mart\u00edn Gill y el gobernador Juan Schiaretti. <\/em><\/figcaption><\/figure>\n\n\n\n<p><\/p>\n\n\n\n<p><strong>\u201cLa oposici\u00f3n no se equivoca, porque no hace\u201d<\/strong><\/p>\n\n\n\n<p>Graglia tambi\u00e9n respondi\u00f3 en cuanto a la dilataci\u00f3n de la obra, que llev\u00f3 tres a\u00f1os y medio para su culminaci\u00f3n, frente al plazo de 365 d\u00edas inicial; el costo econ\u00f3mico de 30 millones frente 193 millones finales, y el pedido de los concejales de la oposici\u00f3n \u201cVamos Villa Mar\u00eda\u201d por la paralizaci\u00f3n<strong> <\/strong>de la obra en marzo del 2020.<\/p>\n\n\n\n<p>\u201cEl que no hace, no se equivoca, y durante la gesti\u00f3n del macrismo la pasaron bien y no se equivocaron, porque no hicieron nada en la ciudad\u201d, dijo.<\/p>\n\n\n\n<p>Y agreg\u00f3: \u201cLa obra p\u00fablica siempre tiene estos contratiempos, pero el puente se termin\u00f3 y estamos a unas horas de inaugurarlo. \u00bfQu\u00e9 hizo su gobierno en lo econ\u00f3mico para aportar al crecimiento del conglomerado? Fue desastrosa la gesti\u00f3n y eso decant\u00f3 en los costos, presupuesto y plazos de las obras provinciales y de&nbsp; todo el territorio nacional\u201d, arremeti\u00f3.<\/p>\n\n\n\n<p>Al ser consultado por su nombre en la lista del \u201cFrente de Todos\u201d como precandidato a diputado nacional, manifest\u00f3 sentirse \u201cmuy contento por la convocatoria\u201d. A su vez, destac\u00f3 el trabajo de Gill y de sentirse parte de un federalismo que avanza para mejorar al pa\u00eds.<\/p>\n\n\n\n<p>\u201cEn toda la provincia de C\u00f3rdoba, gracias al trabajo mancomunado que pregona\u00a0 Mart\u00edn entre municipios, provincias y naci\u00f3n, hay obras. Eso ayuda a dar vuelta la p\u00e1gina de gobiernos fraccionados, ya que eso ayuda a mejorar la calidad de vida de la gente, que es el motivo por el cual nos votan\u201d, remarc\u00f3.<\/p>\n\n\n\n<p><\/p>\n\n\n\n<figure class=\"wp-block-image size-large\"><img data-recalc-dims=\"1\" decoding=\"async\" width=\"1000\" height=\"666\" src=\"https:\/\/i0.wp.com\/elregionalvm.com.ar\/noticias-villa-maria\/wp-content\/uploads\/2021\/06\/Nuevo-puente-arco-2021.jpeg?resize=1000%2C666&#038;ssl=1\" alt=\"\" class=\"wp-image-40085\" srcset=\"https:\/\/i0.wp.com\/elregionalvm.com.ar\/noticias-villa-maria\/wp-content\/uploads\/2021\/06\/Nuevo-puente-arco-2021.jpeg?w=1000&amp;ssl=1 1000w, https:\/\/i0.wp.com\/elregionalvm.com.ar\/noticias-villa-maria\/wp-content\/uploads\/2021\/06\/Nuevo-puente-arco-2021.jpeg?resize=300%2C200&amp;ssl=1 300w, https:\/\/i0.wp.com\/elregionalvm.com.ar\/noticias-villa-maria\/wp-content\/uploads\/2021\/06\/Nuevo-puente-arco-2021.jpeg?resize=768%2C511&amp;ssl=1 768w\" sizes=\"(max-width: 1000px) 100vw, 1000px\" \/><figcaption><em>El puente Brigadier Juan Bautista Bustos, un nuevo punto de encuentro entre ambas ciudades. <\/em><\/figcaption><\/figure>\n\n\n\n<p><\/p>\n\n\n\n<p>En lo personal, su incorporaci\u00f3n en la lista lo atribuye a un reconocimiento por la \u201ctrayectoria y trabajo en pos de su gesti\u00f3n y compromiso\u201d.<\/p>\n\n\n\n<p>\u201cLos villanovenses se han puesto contentos, m\u00e1s all\u00e1 de algunos en desacuerdo y lo respeto, pero todos saben que el compromiso es con la gente y que vamos a seguir trabajando por Villa Nueva, la provincia y un pa\u00eds mejor\u201d, destac\u00f3 el mandatario villanovense.<\/p>\n\n\n\n<p>En cuanto al gobierno nacional, asever\u00f3 que \u201cel presidente Fern\u00e1ndez ha hecho un inmenso esfuerzo en mantener al pa\u00eds en pie, pese a una pandemia que azota al mundo\u201d.<\/p>\n\n\n\n<p>\u201cMe parece injusto analizar o cuestionar su gobierno en medio de esta crisis sanitaria que cambi\u00f3 las estructuras de toda la gesti\u00f3n, por razones similares a las que atravesaron todos los pa\u00edses en lo econ\u00f3mico, lo social, lo sanitario\u201d, a\u00f1adi\u00f3.<\/p>\n\n\n\n<p>Al ser consultado por su relaci\u00f3n con el Gobernador, luego del cierre de listas a las PASO, analiz\u00f3: \u201cVa a ser un encuentro de gran comodidad porque lo aprecio y valoro much\u00edsimo lo que ha hecho en la provincia, y el apoyo a la ciudad en cada avance de obra, programa y proyectos\u201d.<\/p>\n\n\n\n<p>\u201cApuesto a seguir trabajando en conjunto en pos de los vecinos y esas acciones son las que se ven reflejadas en los resultados\u201d, agreg\u00f3 Graglia.<\/p>\n\n\n\n<p><strong>\u201cEstar\u00e9 eternamente agradecido\u201d<\/strong><strong><\/strong><\/p>\n\n\n\n<p>Tambi\u00e9n sostuvo que \u201cla gente est\u00e1 cansada de las peleas pol\u00edticas y los discursos vac\u00edos. El trabajo tiene que ser de construcci\u00f3n y uni\u00f3n &nbsp;para alcanzar los objetivos\u201d.<\/p>\n\n\n\n<p>Con firmeza afirm\u00f3 que la obra provincial de la circunvalaci\u00f3n no se ver\u00e1 afectada por cuestiones internas pol\u00edticas ni por su postulaci\u00f3n en la fila de Mart\u00edn Gill. \u201cSoy un agradecido de los millones invertidos por la provincia en la ciudad, el desarrollo y avance de obras. La circunvalaci\u00f3n concluida, gracias al esfuerzo provincial, ser\u00e1 una satisfacci\u00f3n enorme y estar\u00e9 agradecido eternamente en nombre de todo el conglomerado\u201d.<\/p>\n\n\n\n<p>\u201cEstamos ansiosos por la presencia del Gobernador. El acto inaugural del nuevo puente, va a ser un d\u00eda festivo para todos, sin desencuentros. La pol\u00edtica es una herramienta y hay que usarla para el bien com\u00fan, la gente\u201d, concluy\u00f3 el intendente.<\/p>\n","protected":false},"excerpt":{"rendered":"<p>Este jueves a las 16 horas se inaugurar\u00e1 el puente Brigadier Juan Bautista Bustos con la presencia del intendente Natalio Graglia, el intendente interino Pablo Rosso y el gobernador Juan Schiaretti, quienes har\u00e1n uso de la palabra. Adem\u00e1s, estar\u00e1n presentes\u00a0Alejandra Vigo, primera candidata a senadora de\u00a0Hacemos por C\u00f3rdoba, \u00a0y\u00a0Mart\u00edn Gill, primer candidato a diputado del\u00a0Frente [&hellip;]<\/p>\n","protected":false},"author":4,"featured_media":21880,"comment_status":"open","ping_status":"open","sticky":false,"template":"","format":"standard","meta":{"site-sidebar-layout":"default","site-content-layout":"default","ast-site-content-layout":"default","site-content-style":"default","site-sidebar-style":"default","ast-global-header-display":"","ast-banner-title-visibility":"","ast-main-header-display":"","ast-hfb-above-header-display":"","ast-hfb-below-header-display":"","ast-hfb-mobile-header-display":"","site-post-title":"","ast-breadcrumbs-content":"","ast-featured-img":"","footer-sml-layout":"","ast-disable-related-posts":"","theme-transparent-header-meta":"default","adv-header-id-meta":"","stick-header-meta":"","header-above-stick-meta":"","header-main-stick-meta":"","header-below-stick-meta":"","astra-migrate-meta-layouts":"default","ast-page-background-enabled":"default","ast-page-background-meta":{"desktop":{"background-color":"","background-image":"","background-repeat":"repeat","background-position":"center center","background-size":"auto","background-attachment":"scroll","background-type":"","background-media":"","overlay-type":"","overlay-color":"","overlay-opacity":"","overlay-gradient":""},"tablet":{"background-color":"","background-image":"","background-repeat":"repeat","background-position":"center center","background-size":"auto","background-attachment":"scroll","background-type":"","background-media":"","overlay-type":"","overlay-color":"","overlay-opacity":"","overlay-gradient":""},"mobile":{"background-color":"","background-image":"","background-repeat":"repeat","background-position":"center center","background-size":"auto","background-attachment":"scroll","background-type":"","background-media":"","overlay-type":"","overlay-color":"","overlay-opacity":"","overlay-gradient":""}},"ast-content-background-meta":{"desktop":{"background-color":"var(--ast-global-color-5)","background-image":"","background-repeat":"repeat","background-position":"center center","background-size":"auto","background-attachment":"scroll","background-type":"","background-media":"","overlay-type":"","overlay-color":"","overlay-opacity":"","overlay-gradient":""},"tablet":{"background-color":"var(--ast-global-color-5)","background-image":"","background-repeat":"repeat","background-position":"center center","background-size":"auto","background-attachment":"scroll","background-type":"","background-media":"","overlay-type":"","overlay-color":"","overlay-opacity":"","overlay-gradient":""},"mobile":{"background-color":"var(--ast-global-color-5)","background-image":"","background-repeat":"repeat","background-position":"center center","background-size":"auto","background-attachment":"scroll","background-type":"","background-media":"","overlay-type":"","overlay-color":"","overlay-opacity":"","overlay-gradient":""}},"_jetpack_memberships_contains_paid_content":false,"_joinchat":[],"footnotes":""},"categories":[3557,1408],"tags":[2780,4195,3058,1252,1896,500,232],"class_list":["post-41684","post","type-post","status-publish","format-standard","has-post-thumbnail","hentry","category-tercera","category-villa-nueva","tag-interna","tag-juan-bautista-bustos","tag-juan-schiaretti","tag-natalio-graglia","tag-nuevo-puente","tag-peronismo","tag-villa-nueva"],"yoast_head":"<!-- This site is optimized with the Yoast SEO plugin v26.8 - https:\/\/yoast.com\/product\/yoast-seo-wordpress\/ -->\n<title>Graglia, el nuevo puente y la interna peronista: \u201cSer\u00e1 un d\u00eda festivo para todos, sin desencuentros\u201d - El Regional<\/title>\n<meta name=\"description\" content=\"Natalio Graglia fue consultado por la obra, su incorporaci\u00f3n en la lista del \u201cFrente de Todos\u201d y su relaci\u00f3n con Schiaretti.\" \/>\n<meta name=\"robots\" content=\"index, follow, max-snippet:-1, max-image-preview:large, max-video-preview:-1\" \/>\n<link rel=\"canonical\" href=\"http:\/\/elregionalvm.com.ar\/noticias-villa-maria\/graglia-el-nuevo-puente-y-la-interna-peronista-sera-un-dia-festivo-para-todos-sin-desencuentros\/\" \/>\n<meta property=\"og:locale\" content=\"es_ES\" \/>\n<meta property=\"og:type\" content=\"article\" \/>\n<meta property=\"og:title\" content=\"Graglia, el nuevo puente y la interna peronista: \u201cSer\u00e1 un d\u00eda festivo para todos, sin desencuentros\u201d - El Regional\" \/>\n<meta property=\"og:description\" content=\"Natalio Graglia fue consultado por la obra, su incorporaci\u00f3n en la lista del \u201cFrente de Todos\u201d y su relaci\u00f3n con Schiaretti.\" \/>\n<meta property=\"og:url\" content=\"http:\/\/elregionalvm.com.ar\/noticias-villa-maria\/graglia-el-nuevo-puente-y-la-interna-peronista-sera-un-dia-festivo-para-todos-sin-desencuentros\/\" \/>\n<meta property=\"og:site_name\" content=\"El Regional\" \/>\n<meta property=\"article:publisher\" content=\"https:\/\/www.facebook.com\/elregionalvm\" \/>\n<meta property=\"article:published_time\" content=\"2021-07-29T02:01:10+00:00\" \/>\n<meta property=\"article:modified_time\" content=\"2021-07-29T20:24:03+00:00\" \/>\n<meta property=\"og:image\" content=\"http:\/\/elregionalvm.com.ar\/noticias-villa-maria\/wp-content\/uploads\/2020\/08\/Graglia-en-escritorio-vertical.jpeg\" \/>\n\t<meta property=\"og:image:width\" content=\"780\" \/>\n\t<meta property=\"og:image:height\" content=\"1040\" \/>\n\t<meta property=\"og:image:type\" content=\"image\/jpeg\" \/>\n<meta name=\"author\" content=\"Contenidos El Regional\" \/>\n<meta name=\"twitter:card\" content=\"summary_large_image\" \/>\n<meta name=\"twitter:creator\" content=\"@elregionalvm1\" \/>\n<meta name=\"twitter:site\" content=\"@elregionalvm1\" \/>\n<meta name=\"twitter:label1\" content=\"Escrito por\" \/>\n\t<meta name=\"twitter:data1\" content=\"Contenidos El Regional\" \/>\n\t<meta name=\"twitter:label2\" content=\"Tiempo de lectura\" \/>\n\t<meta name=\"twitter:data2\" content=\"5 minutos\" \/>\n<script type=\"application\/ld+json\" class=\"yoast-schema-graph\">{\"@context\":\"https:\/\/schema.org\",\"@graph\":[{\"@type\":\"Article\",\"@id\":\"http:\/\/elregionalvm.com.ar\/noticias-villa-maria\/graglia-el-nuevo-puente-y-la-interna-peronista-sera-un-dia-festivo-para-todos-sin-desencuentros\/#article\",\"isPartOf\":{\"@id\":\"http:\/\/elregionalvm.com.ar\/noticias-villa-maria\/graglia-el-nuevo-puente-y-la-interna-peronista-sera-un-dia-festivo-para-todos-sin-desencuentros\/\"},\"author\":{\"name\":\"Contenidos El Regional\",\"@id\":\"http:\/\/elregionalvm.com.ar\/noticias-villa-maria\/#\/schema\/person\/a0fb9c422317faca23d50163151bc354\"},\"headline\":\"Graglia, el nuevo puente y la interna peronista: \u201cSer\u00e1 un d\u00eda festivo para todos, sin desencuentros\u201d\",\"datePublished\":\"2021-07-29T02:01:10+00:00\",\"dateModified\":\"2021-07-29T20:24:03+00:00\",\"mainEntityOfPage\":{\"@id\":\"http:\/\/elregionalvm.com.ar\/noticias-villa-maria\/graglia-el-nuevo-puente-y-la-interna-peronista-sera-un-dia-festivo-para-todos-sin-desencuentros\/\"},\"wordCount\":1040,\"commentCount\":0,\"image\":{\"@id\":\"http:\/\/elregionalvm.com.ar\/noticias-villa-maria\/graglia-el-nuevo-puente-y-la-interna-peronista-sera-un-dia-festivo-para-todos-sin-desencuentros\/#primaryimage\"},\"thumbnailUrl\":\"https:\/\/i0.wp.com\/elregionalvm.com.ar\/noticias-villa-maria\/wp-content\/uploads\/2020\/08\/Graglia-en-escritorio-vertical.jpeg?fit=780%2C1040&ssl=1\",\"keywords\":[\"Interna\",\"Juan Bautista Bustos\",\"Juan Schiaretti\",\"Natalio Graglia\",\"nuevo puente\",\"Peronismo\",\"VILLA NUEVA\"],\"articleSection\":[\"tercera\",\"Villa Nueva\"],\"inLanguage\":\"es\",\"potentialAction\":[{\"@type\":\"CommentAction\",\"name\":\"Comment\",\"target\":[\"http:\/\/elregionalvm.com.ar\/noticias-villa-maria\/graglia-el-nuevo-puente-y-la-interna-peronista-sera-un-dia-festivo-para-todos-sin-desencuentros\/#respond\"]}]},{\"@type\":\"WebPage\",\"@id\":\"http:\/\/elregionalvm.com.ar\/noticias-villa-maria\/graglia-el-nuevo-puente-y-la-interna-peronista-sera-un-dia-festivo-para-todos-sin-desencuentros\/\",\"url\":\"http:\/\/elregionalvm.com.ar\/noticias-villa-maria\/graglia-el-nuevo-puente-y-la-interna-peronista-sera-un-dia-festivo-para-todos-sin-desencuentros\/\",\"name\":\"Graglia, el nuevo puente y la interna peronista: \u201cSer\u00e1 un d\u00eda festivo para todos, sin desencuentros\u201d - El Regional\",\"isPartOf\":{\"@id\":\"http:\/\/elregionalvm.com.ar\/noticias-villa-maria\/#website\"},\"primaryImageOfPage\":{\"@id\":\"http:\/\/elregionalvm.com.ar\/noticias-villa-maria\/graglia-el-nuevo-puente-y-la-interna-peronista-sera-un-dia-festivo-para-todos-sin-desencuentros\/#primaryimage\"},\"image\":{\"@id\":\"http:\/\/elregionalvm.com.ar\/noticias-villa-maria\/graglia-el-nuevo-puente-y-la-interna-peronista-sera-un-dia-festivo-para-todos-sin-desencuentros\/#primaryimage\"},\"thumbnailUrl\":\"https:\/\/i0.wp.com\/elregionalvm.com.ar\/noticias-villa-maria\/wp-content\/uploads\/2020\/08\/Graglia-en-escritorio-vertical.jpeg?fit=780%2C1040&ssl=1\",\"datePublished\":\"2021-07-29T02:01:10+00:00\",\"dateModified\":\"2021-07-29T20:24:03+00:00\",\"author\":{\"@id\":\"http:\/\/elregionalvm.com.ar\/noticias-villa-maria\/#\/schema\/person\/a0fb9c422317faca23d50163151bc354\"},\"description\":\"Natalio Graglia fue consultado por la obra, su incorporaci\u00f3n en la lista del \u201cFrente de Todos\u201d y su relaci\u00f3n con Schiaretti.\",\"breadcrumb\":{\"@id\":\"http:\/\/elregionalvm.com.ar\/noticias-villa-maria\/graglia-el-nuevo-puente-y-la-interna-peronista-sera-un-dia-festivo-para-todos-sin-desencuentros\/#breadcrumb\"},\"inLanguage\":\"es\",\"potentialAction\":[{\"@type\":\"ReadAction\",\"target\":[\"http:\/\/elregionalvm.com.ar\/noticias-villa-maria\/graglia-el-nuevo-puente-y-la-interna-peronista-sera-un-dia-festivo-para-todos-sin-desencuentros\/\"]}]},{\"@type\":\"ImageObject\",\"inLanguage\":\"es\",\"@id\":\"http:\/\/elregionalvm.com.ar\/noticias-villa-maria\/graglia-el-nuevo-puente-y-la-interna-peronista-sera-un-dia-festivo-para-todos-sin-desencuentros\/#primaryimage\",\"url\":\"https:\/\/i0.wp.com\/elregionalvm.com.ar\/noticias-villa-maria\/wp-content\/uploads\/2020\/08\/Graglia-en-escritorio-vertical.jpeg?fit=780%2C1040&ssl=1\",\"contentUrl\":\"https:\/\/i0.wp.com\/elregionalvm.com.ar\/noticias-villa-maria\/wp-content\/uploads\/2020\/08\/Graglia-en-escritorio-vertical.jpeg?fit=780%2C1040&ssl=1\",\"width\":780,\"height\":1040},{\"@type\":\"BreadcrumbList\",\"@id\":\"http:\/\/elregionalvm.com.ar\/noticias-villa-maria\/graglia-el-nuevo-puente-y-la-interna-peronista-sera-un-dia-festivo-para-todos-sin-desencuentros\/#breadcrumb\",\"itemListElement\":[{\"@type\":\"ListItem\",\"position\":1,\"name\":\"Portada\",\"item\":\"https:\/\/elregionalvm.com.ar\/noticias-villa-maria\/\"},{\"@type\":\"ListItem\",\"position\":2,\"name\":\"Graglia, el nuevo puente y la interna peronista: \u201cSer\u00e1 un d\u00eda festivo para todos, sin desencuentros\u201d\"}]},{\"@type\":\"WebSite\",\"@id\":\"http:\/\/elregionalvm.com.ar\/noticias-villa-maria\/#website\",\"url\":\"http:\/\/elregionalvm.com.ar\/noticias-villa-maria\/\",\"name\":\"El Regional\",\"description\":\"Mucho m\u00e1s que informaci\u00f3n\",\"potentialAction\":[{\"@type\":\"SearchAction\",\"target\":{\"@type\":\"EntryPoint\",\"urlTemplate\":\"http:\/\/elregionalvm.com.ar\/noticias-villa-maria\/?s={search_term_string}\"},\"query-input\":{\"@type\":\"PropertyValueSpecification\",\"valueRequired\":true,\"valueName\":\"search_term_string\"}}],\"inLanguage\":\"es\"},{\"@type\":\"Person\",\"@id\":\"http:\/\/elregionalvm.com.ar\/noticias-villa-maria\/#\/schema\/person\/a0fb9c422317faca23d50163151bc354\",\"name\":\"Contenidos El Regional\",\"image\":{\"@type\":\"ImageObject\",\"inLanguage\":\"es\",\"@id\":\"http:\/\/elregionalvm.com.ar\/noticias-villa-maria\/#\/schema\/person\/image\/\",\"url\":\"https:\/\/secure.gravatar.com\/avatar\/265b27cb2209af7bb3a1318f03305787d7981a5cc6e6cd08fe5a4ecdf99d4b48?s=96&d=mm&r=g\",\"contentUrl\":\"https:\/\/secure.gravatar.com\/avatar\/265b27cb2209af7bb3a1318f03305787d7981a5cc6e6cd08fe5a4ecdf99d4b48?s=96&d=mm&r=g\",\"caption\":\"Contenidos El Regional\"},\"url\":\"https:\/\/elregionalvm.com.ar\/noticias-villa-maria\/author\/contenido\/\"}]}<\/script>\n<!-- \/ Yoast SEO plugin. -->","yoast_head_json":{"title":"Graglia, el nuevo puente y la interna peronista: \u201cSer\u00e1 un d\u00eda festivo para todos, sin desencuentros\u201d - El Regional","description":"Natalio Graglia fue consultado por la obra, su incorporaci\u00f3n en la lista del \u201cFrente de Todos\u201d y su relaci\u00f3n con Schiaretti.","robots":{"index":"index","follow":"follow","max-snippet":"max-snippet:-1","max-image-preview":"max-image-preview:large","max-video-preview":"max-video-preview:-1"},"canonical":"http:\/\/elregionalvm.com.ar\/noticias-villa-maria\/graglia-el-nuevo-puente-y-la-interna-peronista-sera-un-dia-festivo-para-todos-sin-desencuentros\/","og_locale":"es_ES","og_type":"article","og_title":"Graglia, el nuevo puente y la interna peronista: \u201cSer\u00e1 un d\u00eda festivo para todos, sin desencuentros\u201d - El Regional","og_description":"Natalio Graglia fue consultado por la obra, su incorporaci\u00f3n en la lista del \u201cFrente de Todos\u201d y su relaci\u00f3n con Schiaretti.","og_url":"http:\/\/elregionalvm.com.ar\/noticias-villa-maria\/graglia-el-nuevo-puente-y-la-interna-peronista-sera-un-dia-festivo-para-todos-sin-desencuentros\/","og_site_name":"El Regional","article_publisher":"https:\/\/www.facebook.com\/elregionalvm","article_published_time":"2021-07-29T02:01:10+00:00","article_modified_time":"2021-07-29T20:24:03+00:00","og_image":[{"width":780,"height":1040,"url":"http:\/\/elregionalvm.com.ar\/noticias-villa-maria\/wp-content\/uploads\/2020\/08\/Graglia-en-escritorio-vertical.jpeg","type":"image\/jpeg"}],"author":"Contenidos El Regional","twitter_card":"summary_large_image","twitter_creator":"@elregionalvm1","twitter_site":"@elregionalvm1","twitter_misc":{"Escrito por":"Contenidos El Regional","Tiempo de lectura":"5 minutos"},"schema":{"@context":"https:\/\/schema.org","@graph":[{"@type":"Article","@id":"http:\/\/elregionalvm.com.ar\/noticias-villa-maria\/graglia-el-nuevo-puente-y-la-interna-peronista-sera-un-dia-festivo-para-todos-sin-desencuentros\/#article","isPartOf":{"@id":"http:\/\/elregionalvm.com.ar\/noticias-villa-maria\/graglia-el-nuevo-puente-y-la-interna-peronista-sera-un-dia-festivo-para-todos-sin-desencuentros\/"},"author":{"name":"Contenidos El Regional","@id":"http:\/\/elregionalvm.com.ar\/noticias-villa-maria\/#\/schema\/person\/a0fb9c422317faca23d50163151bc354"},"headline":"Graglia, el nuevo puente y la interna peronista: \u201cSer\u00e1 un d\u00eda festivo para todos, sin desencuentros\u201d","datePublished":"2021-07-29T02:01:10+00:00","dateModified":"2021-07-29T20:24:03+00:00","mainEntityOfPage":{"@id":"http:\/\/elregionalvm.com.ar\/noticias-villa-maria\/graglia-el-nuevo-puente-y-la-interna-peronista-sera-un-dia-festivo-para-todos-sin-desencuentros\/"},"wordCount":1040,"commentCount":0,"image":{"@id":"http:\/\/elregionalvm.com.ar\/noticias-villa-maria\/graglia-el-nuevo-puente-y-la-interna-peronista-sera-un-dia-festivo-para-todos-sin-desencuentros\/#primaryimage"},"thumbnailUrl":"https:\/\/i0.wp.com\/elregionalvm.com.ar\/noticias-villa-maria\/wp-content\/uploads\/2020\/08\/Graglia-en-escritorio-vertical.jpeg?fit=780%2C1040&ssl=1","keywords":["Interna","Juan Bautista Bustos","Juan Schiaretti","Natalio Graglia","nuevo puente","Peronismo","VILLA NUEVA"],"articleSection":["tercera","Villa Nueva"],"inLanguage":"es","potentialAction":[{"@type":"CommentAction","name":"Comment","target":["http:\/\/elregionalvm.com.ar\/noticias-villa-maria\/graglia-el-nuevo-puente-y-la-interna-peronista-sera-un-dia-festivo-para-todos-sin-desencuentros\/#respond"]}]},{"@type":"WebPage","@id":"http:\/\/elregionalvm.com.ar\/noticias-villa-maria\/graglia-el-nuevo-puente-y-la-interna-peronista-sera-un-dia-festivo-para-todos-sin-desencuentros\/","url":"http:\/\/elregionalvm.com.ar\/noticias-villa-maria\/graglia-el-nuevo-puente-y-la-interna-peronista-sera-un-dia-festivo-para-todos-sin-desencuentros\/","name":"Graglia, el nuevo puente y la interna peronista: \u201cSer\u00e1 un d\u00eda festivo para todos, sin desencuentros\u201d - El Regional","isPartOf":{"@id":"http:\/\/elregionalvm.com.ar\/noticias-villa-maria\/#website"},"primaryImageOfPage":{"@id":"http:\/\/elregionalvm.com.ar\/noticias-villa-maria\/graglia-el-nuevo-puente-y-la-interna-peronista-sera-un-dia-festivo-para-todos-sin-desencuentros\/#primaryimage"},"image":{"@id":"http:\/\/elregionalvm.com.ar\/noticias-villa-maria\/graglia-el-nuevo-puente-y-la-interna-peronista-sera-un-dia-festivo-para-todos-sin-desencuentros\/#primaryimage"},"thumbnailUrl":"https:\/\/i0.wp.com\/elregionalvm.com.ar\/noticias-villa-maria\/wp-content\/uploads\/2020\/08\/Graglia-en-escritorio-vertical.jpeg?fit=780%2C1040&ssl=1","datePublished":"2021-07-29T02:01:10+00:00","dateModified":"2021-07-29T20:24:03+00:00","author":{"@id":"http:\/\/elregionalvm.com.ar\/noticias-villa-maria\/#\/schema\/person\/a0fb9c422317faca23d50163151bc354"},"description":"Natalio Graglia fue consultado por la obra, su incorporaci\u00f3n en la lista del \u201cFrente de Todos\u201d y su relaci\u00f3n con Schiaretti.","breadcrumb":{"@id":"http:\/\/elregionalvm.com.ar\/noticias-villa-maria\/graglia-el-nuevo-puente-y-la-interna-peronista-sera-un-dia-festivo-para-todos-sin-desencuentros\/#breadcrumb"},"inLanguage":"es","potentialAction":[{"@type":"ReadAction","target":["http:\/\/elregionalvm.com.ar\/noticias-villa-maria\/graglia-el-nuevo-puente-y-la-interna-peronista-sera-un-dia-festivo-para-todos-sin-desencuentros\/"]}]},{"@type":"ImageObject","inLanguage":"es","@id":"http:\/\/elregionalvm.com.ar\/noticias-villa-maria\/graglia-el-nuevo-puente-y-la-interna-peronista-sera-un-dia-festivo-para-todos-sin-desencuentros\/#primaryimage","url":"https:\/\/i0.wp.com\/elregionalvm.com.ar\/noticias-villa-maria\/wp-content\/uploads\/2020\/08\/Graglia-en-escritorio-vertical.jpeg?fit=780%2C1040&ssl=1","contentUrl":"https:\/\/i0.wp.com\/elregionalvm.com.ar\/noticias-villa-maria\/wp-content\/uploads\/2020\/08\/Graglia-en-escritorio-vertical.jpeg?fit=780%2C1040&ssl=1","width":780,"height":1040},{"@type":"BreadcrumbList","@id":"http:\/\/elregionalvm.com.ar\/noticias-villa-maria\/graglia-el-nuevo-puente-y-la-interna-peronista-sera-un-dia-festivo-para-todos-sin-desencuentros\/#breadcrumb","itemListElement":[{"@type":"ListItem","position":1,"name":"Portada","item":"https:\/\/elregionalvm.com.ar\/noticias-villa-maria\/"},{"@type":"ListItem","position":2,"name":"Graglia, el nuevo puente y la interna peronista: \u201cSer\u00e1 un d\u00eda festivo para todos, sin desencuentros\u201d"}]},{"@type":"WebSite","@id":"http:\/\/elregionalvm.com.ar\/noticias-villa-maria\/#website","url":"http:\/\/elregionalvm.com.ar\/noticias-villa-maria\/","name":"El Regional","description":"Mucho m\u00e1s que informaci\u00f3n","potentialAction":[{"@type":"SearchAction","target":{"@type":"EntryPoint","urlTemplate":"http:\/\/elregionalvm.com.ar\/noticias-villa-maria\/?s={search_term_string}"},"query-input":{"@type":"PropertyValueSpecification","valueRequired":true,"valueName":"search_term_string"}}],"inLanguage":"es"},{"@type":"Person","@id":"http:\/\/elregionalvm.com.ar\/noticias-villa-maria\/#\/schema\/person\/a0fb9c422317faca23d50163151bc354","name":"Contenidos El Regional","image":{"@type":"ImageObject","inLanguage":"es","@id":"http:\/\/elregionalvm.com.ar\/noticias-villa-maria\/#\/schema\/person\/image\/","url":"https:\/\/secure.gravatar.com\/avatar\/265b27cb2209af7bb3a1318f03305787d7981a5cc6e6cd08fe5a4ecdf99d4b48?s=96&d=mm&r=g","contentUrl":"https:\/\/secure.gravatar.com\/avatar\/265b27cb2209af7bb3a1318f03305787d7981a5cc6e6cd08fe5a4ecdf99d4b48?s=96&d=mm&r=g","caption":"Contenidos El Regional"},"url":"https:\/\/elregionalvm.com.ar\/noticias-villa-maria\/author\/contenido\/"}]}},"jetpack_featured_media_url":"https:\/\/i0.wp.com\/elregionalvm.com.ar\/noticias-villa-maria\/wp-content\/uploads\/2020\/08\/Graglia-en-escritorio-vertical.jpeg?fit=780%2C1040&ssl=1","jetpack_sharing_enabled":true,"_links":{"self":[{"href":"https:\/\/elregionalvm.com.ar\/noticias-villa-maria\/wp-json\/wp\/v2\/posts\/41684","targetHints":{"allow":["GET"]}}],"collection":[{"href":"https:\/\/elregionalvm.com.ar\/noticias-villa-maria\/wp-json\/wp\/v2\/posts"}],"about":[{"href":"https:\/\/elregionalvm.com.ar\/noticias-villa-maria\/wp-json\/wp\/v2\/types\/post"}],"author":[{"embeddable":true,"href":"https:\/\/elregionalvm.com.ar\/noticias-villa-maria\/wp-json\/wp\/v2\/users\/4"}],"replies":[{"embeddable":true,"href":"https:\/\/elregionalvm.com.ar\/noticias-villa-maria\/wp-json\/wp\/v2\/comments?post=41684"}],"version-history":[{"count":1,"href":"https:\/\/elregionalvm.com.ar\/noticias-villa-maria\/wp-json\/wp\/v2\/posts\/41684\/revisions"}],"predecessor-version":[{"id":41686,"href":"https:\/\/elregionalvm.com.ar\/noticias-villa-maria\/wp-json\/wp\/v2\/posts\/41684\/revisions\/41686"}],"wp:featuredmedia":[{"embeddable":true,"href":"https:\/\/elregionalvm.com.ar\/noticias-villa-maria\/wp-json\/wp\/v2\/media\/21880"}],"wp:attachment":[{"href":"https:\/\/elregionalvm.com.ar\/noticias-villa-maria\/wp-json\/wp\/v2\/media?parent=41684"}],"wp:term":[{"taxonomy":"category","embeddable":true,"href":"https:\/\/elregionalvm.com.ar\/noticias-villa-maria\/wp-json\/wp\/v2\/categories?post=41684"},{"taxonomy":"post_tag","embeddable":true,"href":"https:\/\/elregionalvm.com.ar\/noticias-villa-maria\/wp-json\/wp\/v2\/tags?post=41684"}],"curies":[{"name":"wp","href":"https:\/\/api.w.org\/{rel}","templated":true}]}}