{"id":41690,"date":"2021-07-29T14:09:58","date_gmt":"2021-07-29T14:09:58","guid":{"rendered":"https:\/\/elregionalvm.com.ar\/noticias-villa-maria\/?p=41690"},"modified":"2021-07-31T13:33:02","modified_gmt":"2021-07-31T13:33:02","slug":"martin-gill-y-otros-funcionarios-candidatos-deben-renunciar-a-sus-cargos-por-pedido-de-alberto-fernandez","status":"publish","type":"post","link":"https:\/\/elregionalvm.com.ar\/noticias-villa-maria\/martin-gill-y-otros-funcionarios-candidatos-deben-renunciar-a-sus-cargos-por-pedido-de-alberto-fernandez\/","title":{"rendered":"Mart\u00edn Gill y otros funcionarios candidatos deben renunciar a sus cargos  por pedido de Alberto Fern\u00e1ndez"},"content":{"rendered":"\n<p><\/p>\n\n\n\n<p>Un nuevo cimbronazo se vislumbra en el oficialismo municipal. Si es que una primera sorpresa pudo haber sido la manifestaci\u00f3n p\u00fablica de dos concejales de Hacemos por Villa Mar\u00eda, Carlos De Falco y Julio Oyola, de apoyar las listas del gobernador Juan Schiaretti y darle as\u00ed la espalda a las n\u00f3minas del Frente de Todos, donde se encuentra el propio intendente Mart\u00edn Gill encabezando la boleta de precandidatos a diputados.<\/p>\n\n\n\n<p>La segunda trascendi\u00f3 anoche cuando el propio presidente Alberto Fern\u00e1ndez anunci\u00f3 que los postulantes a la legislativas que ejercen funciones en el Gobierno deber\u00e1n renunciar.<\/p>\n\n\n\n<p>\u201cTodos los que son candidatos, deben dejar sus cargos. Es una regla que yo puse\u00bb, manifest\u00f3 Fern\u00e1ndez desde Per\u00fa a C5N.<\/p>\n\n\n\n<p>La decisi\u00f3n abarca desde dos altos funcionarios, como los ministros de Desarrollo Social, Daniel Arroyo, y de Defensa, Agust\u00edn Rossi, hasta autoridades de segunda l\u00ednea como el secretario de Obras P\u00fablicas Mart\u00edn Gill.<\/p>\n\n\n\n<p>Tambi\u00e9n incluye a Enrique Cresto, administrador del Ente Nacional de Obras H\u00eddricas de Saneamiento, y Victoria Tolosa Paz, presidenta del Consejo Nacional de Coordinaci\u00f3n de Pol\u00edticas Sociales.<\/p>\n\n\n\n<p>\u201cTodos los que son candidatos tienen que dejar sus cargos. Es una regla \u00e9tica que quiero preservar. La p\u00e9rdida de Daniel (Arroyo) es muy grande. Tambi\u00e9n la p\u00e9rdida de Agust\u00edn es muy grande. La de Enrique Cresto, la de Mart\u00edn Gill, la de Victoria Tolosa Paz. Pero es la regla que me impuse\u201d, remarc\u00f3 el primer mandatario.<\/p>\n\n\n\n<p><strong>Lo miran por TV<\/strong><\/p>\n\n\n\n<p>Lo curioso del caso es que, al parecer, los funcionarios que deben renunciar por pedido de Alberto se enteraron de la situaci\u00f3n en el mismo momento que el presidente pronunciaba esas palabras en un programa de televisi\u00f3n o poco despu\u00e9s.<\/p>\n\n\n\n<p>As\u00ed lo admiti\u00f3 nada menos que Rossi. \u00abMe enter\u00e9 que tengo que renunciar por la televisi\u00f3n, igual que todos\u00bb, remarc\u00f3 en la ma\u00f1ana de este jueves.<\/p>\n\n\n\n<p>Esto significa que, quiz\u00e1s, los postulantes a las legislativas no sab\u00edan que iban a tener que dejar sus sillones al aparecer en las listas y que no recibieron un llamado, al menos, antes de enterarse por los medios de que se quedaban sin trabajo en el Ejecutivo.<\/p>\n\n\n\n<p>Aunque quiz\u00e1s el anuncio responda a la l\u00f3gica de la pol\u00edtica de realizar grandes y peque\u00f1os anuncios a trav\u00e9s de las redes sociales y la TV. Desde candidaturas y proyectos fara\u00f3nicos hasta pedidos de renuncia.<\/p>\n\n\n\n<p>Desde el entorno del intendente en licencia a\u00fan no confirmaron la decisi\u00f3n, pero ser\u00eda inminente la renuncia a su cargo en Obras P\u00fablicas.<\/p>\n\n\n\n<p>En tanto, desde el Ministerio de Obras P\u00fablicas se inform\u00f3 que como el criterio del Presidente para los ministros es muy claro (deben renunciar los precandidatos en el comienzo de la campa\u00f1a legislativa), tanto Gill como Cresto pusieron su cargo a disposici\u00f3n de Fern\u00e1ndez. <\/p>\n\n\n\n<p>Ayer tambi\u00e9n pusieron a disposici\u00f3n una delegaci\u00f3n de firma, \u00abpara evitar que el inicio del proceso electoral no dificulte los procesos administrativos y se mantenga el alto ritmo ejecuci\u00f3n de obras en todo el pa\u00eds\u00bb.<\/p>\n\n\n\n<p>\u00abVamos a esperar a mi regreso y vamos a poner todo eso en orden. Todos los que son candidatos, deben dejar sus cargos\u201d, destac\u00f3 Fern\u00e1ndez.<\/p>\n\n\n\n<p>Ahora Gill deber\u00e1 enfocarse en la campa\u00f1a para sumar la mayor cantidad de votos para el Frente de Todos, mientras quiz\u00e1s se produzca el retorno a la Intendencia antes de lo esperado.<\/p>\n","protected":false},"excerpt":{"rendered":"<p>Un nuevo cimbronazo se vislumbra en el oficialismo municipal. Si es que una primera sorpresa pudo haber sido la manifestaci\u00f3n p\u00fablica de dos concejales de Hacemos por Villa Mar\u00eda, Carlos De Falco y Julio Oyola, de apoyar las listas del gobernador Juan Schiaretti y darle as\u00ed la espalda a las n\u00f3minas del Frente de Todos, [&hellip;]<\/p>\n","protected":false},"author":4,"featured_media":41691,"comment_status":"open","ping_status":"open","sticky":false,"template":"","format":"standard","meta":{"site-sidebar-layout":"default","site-content-layout":"default","ast-site-content-layout":"default","site-content-style":"default","site-sidebar-style":"default","ast-global-header-display":"","ast-banner-title-visibility":"","ast-main-header-display":"","ast-hfb-above-header-display":"","ast-hfb-below-header-display":"","ast-hfb-mobile-header-display":"","site-post-title":"","ast-breadcrumbs-content":"","ast-featured-img":"","footer-sml-layout":"","ast-disable-related-posts":"","theme-transparent-header-meta":"default","adv-header-id-meta":"","stick-header-meta":"","header-above-stick-meta":"","header-main-stick-meta":"","header-below-stick-meta":"","astra-migrate-meta-layouts":"default","ast-page-background-enabled":"default","ast-page-background-meta":{"desktop":{"background-color":"","background-image":"","background-repeat":"repeat","background-position":"center center","background-size":"auto","background-attachment":"scroll","background-type":"","background-media":"","overlay-type":"","overlay-color":"","overlay-opacity":"","overlay-gradient":""},"tablet":{"background-color":"","background-image":"","background-repeat":"repeat","background-position":"center center","background-size":"auto","background-attachment":"scroll","background-type":"","background-media":"","overlay-type":"","overlay-color":"","overlay-opacity":"","overlay-gradient":""},"mobile":{"background-color":"","background-image":"","background-repeat":"repeat","background-position":"center center","background-size":"auto","background-attachment":"scroll","background-type":"","background-media":"","overlay-type":"","overlay-color":"","overlay-opacity":"","overlay-gradient":""}},"ast-content-background-meta":{"desktop":{"background-color":"var(--ast-global-color-5)","background-image":"","background-repeat":"repeat","background-position":"center center","background-size":"auto","background-attachment":"scroll","background-type":"","background-media":"","overlay-type":"","overlay-color":"","overlay-opacity":"","overlay-gradient":""},"tablet":{"background-color":"var(--ast-global-color-5)","background-image":"","background-repeat":"repeat","background-position":"center center","background-size":"auto","background-attachment":"scroll","background-type":"","background-media":"","overlay-type":"","overlay-color":"","overlay-opacity":"","overlay-gradient":""},"mobile":{"background-color":"var(--ast-global-color-5)","background-image":"","background-repeat":"repeat","background-position":"center center","background-size":"auto","background-attachment":"scroll","background-type":"","background-media":"","overlay-type":"","overlay-color":"","overlay-opacity":"","overlay-gradient":""}},"_jetpack_memberships_contains_paid_content":false,"_joinchat":[],"footnotes":""},"categories":[2089,3557],"tags":[1594,1125,2547,2752],"class_list":["post-41690","post","type-post","status-publish","format-standard","has-post-thumbnail","hentry","category-politica","category-tercera","tag-alberto-fernandez","tag-martin-gill","tag-renuncia","tag-secretaria-de-obras-publicas"],"yoast_head":"<!-- This site is optimized with the Yoast SEO plugin v26.8 - https:\/\/yoast.com\/product\/yoast-seo-wordpress\/ -->\n<title>Mart\u00edn Gill y otros funcionarios candidatos deben renunciar a sus cargos por pedido de Alberto Fern\u00e1ndez - El Regional<\/title>\n<meta name=\"description\" content=\"El presidente Alberto Fern\u00e1ndez anunci\u00f3 que los postulantes a la legislativas que ejercen funciones en el Gobierno deber\u00e1n renunciar.\" \/>\n<meta name=\"robots\" content=\"index, follow, max-snippet:-1, max-image-preview:large, max-video-preview:-1\" \/>\n<link rel=\"canonical\" href=\"http:\/\/elregionalvm.com.ar\/noticias-villa-maria\/martin-gill-y-otros-funcionarios-candidatos-deben-renunciar-a-sus-cargos-por-pedido-de-alberto-fernandez\/\" \/>\n<meta property=\"og:locale\" content=\"es_ES\" \/>\n<meta property=\"og:type\" content=\"article\" \/>\n<meta property=\"og:title\" content=\"Mart\u00edn Gill y otros funcionarios candidatos deben renunciar a sus cargos por pedido de Alberto Fern\u00e1ndez - El Regional\" \/>\n<meta property=\"og:description\" content=\"El presidente Alberto Fern\u00e1ndez anunci\u00f3 que los postulantes a la legislativas que ejercen funciones en el Gobierno deber\u00e1n renunciar.\" \/>\n<meta property=\"og:url\" content=\"http:\/\/elregionalvm.com.ar\/noticias-villa-maria\/martin-gill-y-otros-funcionarios-candidatos-deben-renunciar-a-sus-cargos-por-pedido-de-alberto-fernandez\/\" \/>\n<meta property=\"og:site_name\" content=\"El Regional\" \/>\n<meta property=\"article:publisher\" content=\"https:\/\/www.facebook.com\/elregionalvm\" \/>\n<meta property=\"article:published_time\" content=\"2021-07-29T14:09:58+00:00\" \/>\n<meta property=\"article:modified_time\" content=\"2021-07-31T13:33:02+00:00\" \/>\n<meta property=\"og:image\" content=\"http:\/\/elregionalvm.com.ar\/noticias-villa-maria\/wp-content\/uploads\/2021\/07\/Gill-Alberto-Fernandez.jpg\" \/>\n\t<meta property=\"og:image:width\" content=\"950\" \/>\n\t<meta property=\"og:image:height\" content=\"534\" \/>\n\t<meta property=\"og:image:type\" content=\"image\/jpeg\" \/>\n<meta name=\"author\" content=\"Contenidos El Regional\" \/>\n<meta name=\"twitter:card\" content=\"summary_large_image\" \/>\n<meta name=\"twitter:creator\" content=\"@elregionalvm1\" \/>\n<meta name=\"twitter:site\" content=\"@elregionalvm1\" \/>\n<meta name=\"twitter:label1\" content=\"Escrito por\" \/>\n\t<meta name=\"twitter:data1\" content=\"Contenidos El Regional\" \/>\n\t<meta name=\"twitter:label2\" content=\"Tiempo de lectura\" \/>\n\t<meta name=\"twitter:data2\" content=\"3 minutos\" \/>\n<script type=\"application\/ld+json\" class=\"yoast-schema-graph\">{\"@context\":\"https:\/\/schema.org\",\"@graph\":[{\"@type\":\"Article\",\"@id\":\"http:\/\/elregionalvm.com.ar\/noticias-villa-maria\/martin-gill-y-otros-funcionarios-candidatos-deben-renunciar-a-sus-cargos-por-pedido-de-alberto-fernandez\/#article\",\"isPartOf\":{\"@id\":\"http:\/\/elregionalvm.com.ar\/noticias-villa-maria\/martin-gill-y-otros-funcionarios-candidatos-deben-renunciar-a-sus-cargos-por-pedido-de-alberto-fernandez\/\"},\"author\":{\"name\":\"Contenidos El Regional\",\"@id\":\"http:\/\/elregionalvm.com.ar\/noticias-villa-maria\/#\/schema\/person\/a0fb9c422317faca23d50163151bc354\"},\"headline\":\"Mart\u00edn Gill y otros funcionarios candidatos deben renunciar a sus cargos por pedido de Alberto Fern\u00e1ndez\",\"datePublished\":\"2021-07-29T14:09:58+00:00\",\"dateModified\":\"2021-07-31T13:33:02+00:00\",\"mainEntityOfPage\":{\"@id\":\"http:\/\/elregionalvm.com.ar\/noticias-villa-maria\/martin-gill-y-otros-funcionarios-candidatos-deben-renunciar-a-sus-cargos-por-pedido-de-alberto-fernandez\/\"},\"wordCount\":614,\"commentCount\":0,\"image\":{\"@id\":\"http:\/\/elregionalvm.com.ar\/noticias-villa-maria\/martin-gill-y-otros-funcionarios-candidatos-deben-renunciar-a-sus-cargos-por-pedido-de-alberto-fernandez\/#primaryimage\"},\"thumbnailUrl\":\"https:\/\/i0.wp.com\/elregionalvm.com.ar\/noticias-villa-maria\/wp-content\/uploads\/2021\/07\/Gill-Alberto-Fernandez.jpg?fit=950%2C534&ssl=1\",\"keywords\":[\"Alberto Fern\u00e1ndez\",\"mart\u00edn gill\",\"Renuncia\",\"Secretar\u00eda de Obras P\u00fablicas\"],\"articleSection\":[\"Pol\u00edtica\",\"tercera\"],\"inLanguage\":\"es\",\"potentialAction\":[{\"@type\":\"CommentAction\",\"name\":\"Comment\",\"target\":[\"http:\/\/elregionalvm.com.ar\/noticias-villa-maria\/martin-gill-y-otros-funcionarios-candidatos-deben-renunciar-a-sus-cargos-por-pedido-de-alberto-fernandez\/#respond\"]}]},{\"@type\":\"WebPage\",\"@id\":\"http:\/\/elregionalvm.com.ar\/noticias-villa-maria\/martin-gill-y-otros-funcionarios-candidatos-deben-renunciar-a-sus-cargos-por-pedido-de-alberto-fernandez\/\",\"url\":\"http:\/\/elregionalvm.com.ar\/noticias-villa-maria\/martin-gill-y-otros-funcionarios-candidatos-deben-renunciar-a-sus-cargos-por-pedido-de-alberto-fernandez\/\",\"name\":\"Mart\u00edn Gill y otros funcionarios candidatos deben renunciar a sus cargos por pedido de Alberto Fern\u00e1ndez - El Regional\",\"isPartOf\":{\"@id\":\"http:\/\/elregionalvm.com.ar\/noticias-villa-maria\/#website\"},\"primaryImageOfPage\":{\"@id\":\"http:\/\/elregionalvm.com.ar\/noticias-villa-maria\/martin-gill-y-otros-funcionarios-candidatos-deben-renunciar-a-sus-cargos-por-pedido-de-alberto-fernandez\/#primaryimage\"},\"image\":{\"@id\":\"http:\/\/elregionalvm.com.ar\/noticias-villa-maria\/martin-gill-y-otros-funcionarios-candidatos-deben-renunciar-a-sus-cargos-por-pedido-de-alberto-fernandez\/#primaryimage\"},\"thumbnailUrl\":\"https:\/\/i0.wp.com\/elregionalvm.com.ar\/noticias-villa-maria\/wp-content\/uploads\/2021\/07\/Gill-Alberto-Fernandez.jpg?fit=950%2C534&ssl=1\",\"datePublished\":\"2021-07-29T14:09:58+00:00\",\"dateModified\":\"2021-07-31T13:33:02+00:00\",\"author\":{\"@id\":\"http:\/\/elregionalvm.com.ar\/noticias-villa-maria\/#\/schema\/person\/a0fb9c422317faca23d50163151bc354\"},\"description\":\"El presidente Alberto Fern\u00e1ndez anunci\u00f3 que los postulantes a la legislativas que ejercen funciones en el Gobierno deber\u00e1n renunciar.\",\"breadcrumb\":{\"@id\":\"http:\/\/elregionalvm.com.ar\/noticias-villa-maria\/martin-gill-y-otros-funcionarios-candidatos-deben-renunciar-a-sus-cargos-por-pedido-de-alberto-fernandez\/#breadcrumb\"},\"inLanguage\":\"es\",\"potentialAction\":[{\"@type\":\"ReadAction\",\"target\":[\"http:\/\/elregionalvm.com.ar\/noticias-villa-maria\/martin-gill-y-otros-funcionarios-candidatos-deben-renunciar-a-sus-cargos-por-pedido-de-alberto-fernandez\/\"]}]},{\"@type\":\"ImageObject\",\"inLanguage\":\"es\",\"@id\":\"http:\/\/elregionalvm.com.ar\/noticias-villa-maria\/martin-gill-y-otros-funcionarios-candidatos-deben-renunciar-a-sus-cargos-por-pedido-de-alberto-fernandez\/#primaryimage\",\"url\":\"https:\/\/i0.wp.com\/elregionalvm.com.ar\/noticias-villa-maria\/wp-content\/uploads\/2021\/07\/Gill-Alberto-Fernandez.jpg?fit=950%2C534&ssl=1\",\"contentUrl\":\"https:\/\/i0.wp.com\/elregionalvm.com.ar\/noticias-villa-maria\/wp-content\/uploads\/2021\/07\/Gill-Alberto-Fernandez.jpg?fit=950%2C534&ssl=1\",\"width\":950,\"height\":534},{\"@type\":\"BreadcrumbList\",\"@id\":\"http:\/\/elregionalvm.com.ar\/noticias-villa-maria\/martin-gill-y-otros-funcionarios-candidatos-deben-renunciar-a-sus-cargos-por-pedido-de-alberto-fernandez\/#breadcrumb\",\"itemListElement\":[{\"@type\":\"ListItem\",\"position\":1,\"name\":\"Portada\",\"item\":\"https:\/\/elregionalvm.com.ar\/noticias-villa-maria\/\"},{\"@type\":\"ListItem\",\"position\":2,\"name\":\"Mart\u00edn Gill y otros funcionarios candidatos deben renunciar a sus cargos por pedido de Alberto Fern\u00e1ndez\"}]},{\"@type\":\"WebSite\",\"@id\":\"http:\/\/elregionalvm.com.ar\/noticias-villa-maria\/#website\",\"url\":\"http:\/\/elregionalvm.com.ar\/noticias-villa-maria\/\",\"name\":\"El Regional\",\"description\":\"Mucho m\u00e1s que informaci\u00f3n\",\"potentialAction\":[{\"@type\":\"SearchAction\",\"target\":{\"@type\":\"EntryPoint\",\"urlTemplate\":\"http:\/\/elregionalvm.com.ar\/noticias-villa-maria\/?s={search_term_string}\"},\"query-input\":{\"@type\":\"PropertyValueSpecification\",\"valueRequired\":true,\"valueName\":\"search_term_string\"}}],\"inLanguage\":\"es\"},{\"@type\":\"Person\",\"@id\":\"http:\/\/elregionalvm.com.ar\/noticias-villa-maria\/#\/schema\/person\/a0fb9c422317faca23d50163151bc354\",\"name\":\"Contenidos El Regional\",\"image\":{\"@type\":\"ImageObject\",\"inLanguage\":\"es\",\"@id\":\"http:\/\/elregionalvm.com.ar\/noticias-villa-maria\/#\/schema\/person\/image\/\",\"url\":\"https:\/\/secure.gravatar.com\/avatar\/265b27cb2209af7bb3a1318f03305787d7981a5cc6e6cd08fe5a4ecdf99d4b48?s=96&d=mm&r=g\",\"contentUrl\":\"https:\/\/secure.gravatar.com\/avatar\/265b27cb2209af7bb3a1318f03305787d7981a5cc6e6cd08fe5a4ecdf99d4b48?s=96&d=mm&r=g\",\"caption\":\"Contenidos El Regional\"},\"url\":\"https:\/\/elregionalvm.com.ar\/noticias-villa-maria\/author\/contenido\/\"}]}<\/script>\n<!-- \/ Yoast SEO plugin. -->","yoast_head_json":{"title":"Mart\u00edn Gill y otros funcionarios candidatos deben renunciar a sus cargos por pedido de Alberto Fern\u00e1ndez - El Regional","description":"El presidente Alberto Fern\u00e1ndez anunci\u00f3 que los postulantes a la legislativas que ejercen funciones en el Gobierno deber\u00e1n renunciar.","robots":{"index":"index","follow":"follow","max-snippet":"max-snippet:-1","max-image-preview":"max-image-preview:large","max-video-preview":"max-video-preview:-1"},"canonical":"http:\/\/elregionalvm.com.ar\/noticias-villa-maria\/martin-gill-y-otros-funcionarios-candidatos-deben-renunciar-a-sus-cargos-por-pedido-de-alberto-fernandez\/","og_locale":"es_ES","og_type":"article","og_title":"Mart\u00edn Gill y otros funcionarios candidatos deben renunciar a sus cargos por pedido de Alberto Fern\u00e1ndez - El Regional","og_description":"El presidente Alberto Fern\u00e1ndez anunci\u00f3 que los postulantes a la legislativas que ejercen funciones en el Gobierno deber\u00e1n renunciar.","og_url":"http:\/\/elregionalvm.com.ar\/noticias-villa-maria\/martin-gill-y-otros-funcionarios-candidatos-deben-renunciar-a-sus-cargos-por-pedido-de-alberto-fernandez\/","og_site_name":"El Regional","article_publisher":"https:\/\/www.facebook.com\/elregionalvm","article_published_time":"2021-07-29T14:09:58+00:00","article_modified_time":"2021-07-31T13:33:02+00:00","og_image":[{"width":950,"height":534,"url":"http:\/\/elregionalvm.com.ar\/noticias-villa-maria\/wp-content\/uploads\/2021\/07\/Gill-Alberto-Fernandez.jpg","type":"image\/jpeg"}],"author":"Contenidos El Regional","twitter_card":"summary_large_image","twitter_creator":"@elregionalvm1","twitter_site":"@elregionalvm1","twitter_misc":{"Escrito por":"Contenidos El Regional","Tiempo de lectura":"3 minutos"},"schema":{"@context":"https:\/\/schema.org","@graph":[{"@type":"Article","@id":"http:\/\/elregionalvm.com.ar\/noticias-villa-maria\/martin-gill-y-otros-funcionarios-candidatos-deben-renunciar-a-sus-cargos-por-pedido-de-alberto-fernandez\/#article","isPartOf":{"@id":"http:\/\/elregionalvm.com.ar\/noticias-villa-maria\/martin-gill-y-otros-funcionarios-candidatos-deben-renunciar-a-sus-cargos-por-pedido-de-alberto-fernandez\/"},"author":{"name":"Contenidos El Regional","@id":"http:\/\/elregionalvm.com.ar\/noticias-villa-maria\/#\/schema\/person\/a0fb9c422317faca23d50163151bc354"},"headline":"Mart\u00edn Gill y otros funcionarios candidatos deben renunciar a sus cargos por pedido de Alberto Fern\u00e1ndez","datePublished":"2021-07-29T14:09:58+00:00","dateModified":"2021-07-31T13:33:02+00:00","mainEntityOfPage":{"@id":"http:\/\/elregionalvm.com.ar\/noticias-villa-maria\/martin-gill-y-otros-funcionarios-candidatos-deben-renunciar-a-sus-cargos-por-pedido-de-alberto-fernandez\/"},"wordCount":614,"commentCount":0,"image":{"@id":"http:\/\/elregionalvm.com.ar\/noticias-villa-maria\/martin-gill-y-otros-funcionarios-candidatos-deben-renunciar-a-sus-cargos-por-pedido-de-alberto-fernandez\/#primaryimage"},"thumbnailUrl":"https:\/\/i0.wp.com\/elregionalvm.com.ar\/noticias-villa-maria\/wp-content\/uploads\/2021\/07\/Gill-Alberto-Fernandez.jpg?fit=950%2C534&ssl=1","keywords":["Alberto Fern\u00e1ndez","mart\u00edn gill","Renuncia","Secretar\u00eda de Obras P\u00fablicas"],"articleSection":["Pol\u00edtica","tercera"],"inLanguage":"es","potentialAction":[{"@type":"CommentAction","name":"Comment","target":["http:\/\/elregionalvm.com.ar\/noticias-villa-maria\/martin-gill-y-otros-funcionarios-candidatos-deben-renunciar-a-sus-cargos-por-pedido-de-alberto-fernandez\/#respond"]}]},{"@type":"WebPage","@id":"http:\/\/elregionalvm.com.ar\/noticias-villa-maria\/martin-gill-y-otros-funcionarios-candidatos-deben-renunciar-a-sus-cargos-por-pedido-de-alberto-fernandez\/","url":"http:\/\/elregionalvm.com.ar\/noticias-villa-maria\/martin-gill-y-otros-funcionarios-candidatos-deben-renunciar-a-sus-cargos-por-pedido-de-alberto-fernandez\/","name":"Mart\u00edn Gill y otros funcionarios candidatos deben renunciar a sus cargos por pedido de Alberto Fern\u00e1ndez - El Regional","isPartOf":{"@id":"http:\/\/elregionalvm.com.ar\/noticias-villa-maria\/#website"},"primaryImageOfPage":{"@id":"http:\/\/elregionalvm.com.ar\/noticias-villa-maria\/martin-gill-y-otros-funcionarios-candidatos-deben-renunciar-a-sus-cargos-por-pedido-de-alberto-fernandez\/#primaryimage"},"image":{"@id":"http:\/\/elregionalvm.com.ar\/noticias-villa-maria\/martin-gill-y-otros-funcionarios-candidatos-deben-renunciar-a-sus-cargos-por-pedido-de-alberto-fernandez\/#primaryimage"},"thumbnailUrl":"https:\/\/i0.wp.com\/elregionalvm.com.ar\/noticias-villa-maria\/wp-content\/uploads\/2021\/07\/Gill-Alberto-Fernandez.jpg?fit=950%2C534&ssl=1","datePublished":"2021-07-29T14:09:58+00:00","dateModified":"2021-07-31T13:33:02+00:00","author":{"@id":"http:\/\/elregionalvm.com.ar\/noticias-villa-maria\/#\/schema\/person\/a0fb9c422317faca23d50163151bc354"},"description":"El presidente Alberto Fern\u00e1ndez anunci\u00f3 que los postulantes a la legislativas que ejercen funciones en el Gobierno deber\u00e1n renunciar.","breadcrumb":{"@id":"http:\/\/elregionalvm.com.ar\/noticias-villa-maria\/martin-gill-y-otros-funcionarios-candidatos-deben-renunciar-a-sus-cargos-por-pedido-de-alberto-fernandez\/#breadcrumb"},"inLanguage":"es","potentialAction":[{"@type":"ReadAction","target":["http:\/\/elregionalvm.com.ar\/noticias-villa-maria\/martin-gill-y-otros-funcionarios-candidatos-deben-renunciar-a-sus-cargos-por-pedido-de-alberto-fernandez\/"]}]},{"@type":"ImageObject","inLanguage":"es","@id":"http:\/\/elregionalvm.com.ar\/noticias-villa-maria\/martin-gill-y-otros-funcionarios-candidatos-deben-renunciar-a-sus-cargos-por-pedido-de-alberto-fernandez\/#primaryimage","url":"https:\/\/i0.wp.com\/elregionalvm.com.ar\/noticias-villa-maria\/wp-content\/uploads\/2021\/07\/Gill-Alberto-Fernandez.jpg?fit=950%2C534&ssl=1","contentUrl":"https:\/\/i0.wp.com\/elregionalvm.com.ar\/noticias-villa-maria\/wp-content\/uploads\/2021\/07\/Gill-Alberto-Fernandez.jpg?fit=950%2C534&ssl=1","width":950,"height":534},{"@type":"BreadcrumbList","@id":"http:\/\/elregionalvm.com.ar\/noticias-villa-maria\/martin-gill-y-otros-funcionarios-candidatos-deben-renunciar-a-sus-cargos-por-pedido-de-alberto-fernandez\/#breadcrumb","itemListElement":[{"@type":"ListItem","position":1,"name":"Portada","item":"https:\/\/elregionalvm.com.ar\/noticias-villa-maria\/"},{"@type":"ListItem","position":2,"name":"Mart\u00edn Gill y otros funcionarios candidatos deben renunciar a sus cargos por pedido de Alberto Fern\u00e1ndez"}]},{"@type":"WebSite","@id":"http:\/\/elregionalvm.com.ar\/noticias-villa-maria\/#website","url":"http:\/\/elregionalvm.com.ar\/noticias-villa-maria\/","name":"El Regional","description":"Mucho m\u00e1s que informaci\u00f3n","potentialAction":[{"@type":"SearchAction","target":{"@type":"EntryPoint","urlTemplate":"http:\/\/elregionalvm.com.ar\/noticias-villa-maria\/?s={search_term_string}"},"query-input":{"@type":"PropertyValueSpecification","valueRequired":true,"valueName":"search_term_string"}}],"inLanguage":"es"},{"@type":"Person","@id":"http:\/\/elregionalvm.com.ar\/noticias-villa-maria\/#\/schema\/person\/a0fb9c422317faca23d50163151bc354","name":"Contenidos El Regional","image":{"@type":"ImageObject","inLanguage":"es","@id":"http:\/\/elregionalvm.com.ar\/noticias-villa-maria\/#\/schema\/person\/image\/","url":"https:\/\/secure.gravatar.com\/avatar\/265b27cb2209af7bb3a1318f03305787d7981a5cc6e6cd08fe5a4ecdf99d4b48?s=96&d=mm&r=g","contentUrl":"https:\/\/secure.gravatar.com\/avatar\/265b27cb2209af7bb3a1318f03305787d7981a5cc6e6cd08fe5a4ecdf99d4b48?s=96&d=mm&r=g","caption":"Contenidos El Regional"},"url":"https:\/\/elregionalvm.com.ar\/noticias-villa-maria\/author\/contenido\/"}]}},"jetpack_featured_media_url":"https:\/\/i0.wp.com\/elregionalvm.com.ar\/noticias-villa-maria\/wp-content\/uploads\/2021\/07\/Gill-Alberto-Fernandez.jpg?fit=950%2C534&ssl=1","jetpack_sharing_enabled":true,"_links":{"self":[{"href":"https:\/\/elregionalvm.com.ar\/noticias-villa-maria\/wp-json\/wp\/v2\/posts\/41690","targetHints":{"allow":["GET"]}}],"collection":[{"href":"https:\/\/elregionalvm.com.ar\/noticias-villa-maria\/wp-json\/wp\/v2\/posts"}],"about":[{"href":"https:\/\/elregionalvm.com.ar\/noticias-villa-maria\/wp-json\/wp\/v2\/types\/post"}],"author":[{"embeddable":true,"href":"https:\/\/elregionalvm.com.ar\/noticias-villa-maria\/wp-json\/wp\/v2\/users\/4"}],"replies":[{"embeddable":true,"href":"https:\/\/elregionalvm.com.ar\/noticias-villa-maria\/wp-json\/wp\/v2\/comments?post=41690"}],"version-history":[{"count":2,"href":"https:\/\/elregionalvm.com.ar\/noticias-villa-maria\/wp-json\/wp\/v2\/posts\/41690\/revisions"}],"predecessor-version":[{"id":41694,"href":"https:\/\/elregionalvm.com.ar\/noticias-villa-maria\/wp-json\/wp\/v2\/posts\/41690\/revisions\/41694"}],"wp:featuredmedia":[{"embeddable":true,"href":"https:\/\/elregionalvm.com.ar\/noticias-villa-maria\/wp-json\/wp\/v2\/media\/41691"}],"wp:attachment":[{"href":"https:\/\/elregionalvm.com.ar\/noticias-villa-maria\/wp-json\/wp\/v2\/media?parent=41690"}],"wp:term":[{"taxonomy":"category","embeddable":true,"href":"https:\/\/elregionalvm.com.ar\/noticias-villa-maria\/wp-json\/wp\/v2\/categories?post=41690"},{"taxonomy":"post_tag","embeddable":true,"href":"https:\/\/elregionalvm.com.ar\/noticias-villa-maria\/wp-json\/wp\/v2\/tags?post=41690"}],"curies":[{"name":"wp","href":"https:\/\/api.w.org\/{rel}","templated":true}]}}