{"id":41695,"date":"2021-07-29T16:45:32","date_gmt":"2021-07-29T16:45:32","guid":{"rendered":"https:\/\/elregionalvm.com.ar\/noticias-villa-maria\/?p=41695"},"modified":"2021-07-29T17:17:31","modified_gmt":"2021-07-29T17:17:31","slug":"etruria-separaron-de-su-cargo-al-policia-que-habria-golpeado-a-un-joven-en-una-reunion-clandestina","status":"publish","type":"post","link":"https:\/\/elregionalvm.com.ar\/noticias-villa-maria\/etruria-separaron-de-su-cargo-al-policia-que-habria-golpeado-a-un-joven-en-una-reunion-clandestina\/","title":{"rendered":"Etruria: Separaron de su cargo al polic\u00eda que habr\u00eda golpeado a un joven en una reuni\u00f3n clandestina"},"content":{"rendered":"\n<p><\/p>\n\n\n\n<p>El polic\u00eda Mat\u00edas Contro, segundo en jerarqu\u00eda a cargo de la Comisar\u00eda de Etruria, fue separado de su cargo y pasado a situaci\u00f3n pasiva tras una investigaci\u00f3n judicial iniciada por una golpiza que habr\u00eda dado a un joven de la localidad.<\/p>\n\n\n\n<p>La fiscal\u00eda de Tercer Turno a cargo de Ren\u00e9 Bosio inici\u00f3 una investigaci\u00f3n de oficio, al tiempo que se notific\u00f3 al Tribunal de Conducta Policial para que analice el caso.<\/p>\n\n\n\n<p>El hecho habr\u00eda ocurrido durante una reuni\u00f3n entre varios amigos, donde tambi\u00e9n particip\u00f3 Contro. Por causas que son objeto de investigaci\u00f3n, el uniformado habr\u00eda golpeado en la cara varias veces al joven, que termin\u00f3 con hematomas en su rostro, por lo que debi\u00f3 ser atendido.<\/p>\n\n\n\n<p>No hubo denuncia judicial, pero la Fiscal\u00eda actu\u00f3 de oficio tras la difusi\u00f3n de im\u00e1genes en redes sociales y en portales de internet.<\/p>\n","protected":false},"excerpt":{"rendered":"<p>El polic\u00eda Mat\u00edas Contro, segundo en jerarqu\u00eda a cargo de la Comisar\u00eda de Etruria, fue separado de su cargo y pasado a situaci\u00f3n pasiva tras una investigaci\u00f3n judicial iniciada por una golpiza que habr\u00eda dado a un joven de la localidad. La fiscal\u00eda de Tercer Turno a cargo de Ren\u00e9 Bosio inici\u00f3 una investigaci\u00f3n de [&hellip;]<\/p>\n","protected":false},"author":4,"featured_media":35211,"comment_status":"open","ping_status":"open","sticky":false,"template":"","format":"standard","meta":{"site-sidebar-layout":"default","site-content-layout":"default","ast-site-content-layout":"default","site-content-style":"default","site-sidebar-style":"default","ast-global-header-display":"","ast-banner-title-visibility":"","ast-main-header-display":"","ast-hfb-above-header-display":"","ast-hfb-below-header-display":"","ast-hfb-mobile-header-display":"","site-post-title":"","ast-breadcrumbs-content":"","ast-featured-img":"","footer-sml-layout":"","ast-disable-related-posts":"","theme-transparent-header-meta":"default","adv-header-id-meta":"","stick-header-meta":"","header-above-stick-meta":"","header-main-stick-meta":"","header-below-stick-meta":"","astra-migrate-meta-layouts":"default","ast-page-background-enabled":"default","ast-page-background-meta":{"desktop":{"background-color":"","background-image":"","background-repeat":"repeat","background-position":"center center","background-size":"auto","background-attachment":"scroll","background-type":"","background-media":"","overlay-type":"","overlay-color":"","overlay-opacity":"","overlay-gradient":""},"tablet":{"background-color":"","background-image":"","background-repeat":"repeat","background-position":"center center","background-size":"auto","background-attachment":"scroll","background-type":"","background-media":"","overlay-type":"","overlay-color":"","overlay-opacity":"","overlay-gradient":""},"mobile":{"background-color":"","background-image":"","background-repeat":"repeat","background-position":"center center","background-size":"auto","background-attachment":"scroll","background-type":"","background-media":"","overlay-type":"","overlay-color":"","overlay-opacity":"","overlay-gradient":""}},"ast-content-background-meta":{"desktop":{"background-color":"var(--ast-global-color-5)","background-image":"","background-repeat":"repeat","background-position":"center center","background-size":"auto","background-attachment":"scroll","background-type":"","background-media":"","overlay-type":"","overlay-color":"","overlay-opacity":"","overlay-gradient":""},"tablet":{"background-color":"var(--ast-global-color-5)","background-image":"","background-repeat":"repeat","background-position":"center center","background-size":"auto","background-attachment":"scroll","background-type":"","background-media":"","overlay-type":"","overlay-color":"","overlay-opacity":"","overlay-gradient":""},"mobile":{"background-color":"var(--ast-global-color-5)","background-image":"","background-repeat":"repeat","background-position":"center center","background-size":"auto","background-attachment":"scroll","background-type":"","background-media":"","overlay-type":"","overlay-color":"","overlay-opacity":"","overlay-gradient":""}},"_jetpack_memberships_contains_paid_content":false,"_joinchat":[],"footnotes":""},"categories":[2091],"tags":[1232,1096,6981,3652,353,4081,10261],"class_list":["post-41695","post","type-post","status-publish","format-standard","has-post-thumbnail","hentry","category-region","tag-destacado","tag-etruria","tag-fiscal-rene-bosio","tag-golpiza","tag-policia","tag-reunion-clandestina","tag-situacion-pasiva"],"yoast_head":"<!-- This site is optimized with the Yoast SEO plugin v26.8 - https:\/\/yoast.com\/product\/yoast-seo-wordpress\/ -->\n<title>Etruria: Separaron de su cargo al polic\u00eda que habr\u00eda golpeado a un joven en una reuni\u00f3n clandestina - El Regional<\/title>\n<meta name=\"description\" content=\"Fue pasado a situaci\u00f3n pasiva tras una investigaci\u00f3n judicial iniciada por una golpiza que habr\u00eda dado a un joven de la localidad.\" \/>\n<meta name=\"robots\" content=\"index, follow, max-snippet:-1, max-image-preview:large, max-video-preview:-1\" \/>\n<link rel=\"canonical\" href=\"http:\/\/elregionalvm.com.ar\/noticias-villa-maria\/etruria-separaron-de-su-cargo-al-policia-que-habria-golpeado-a-un-joven-en-una-reunion-clandestina\/\" \/>\n<meta property=\"og:locale\" content=\"es_ES\" \/>\n<meta property=\"og:type\" content=\"article\" \/>\n<meta property=\"og:title\" content=\"Etruria: Separaron de su cargo al polic\u00eda que habr\u00eda golpeado a un joven en una reuni\u00f3n clandestina - El Regional\" \/>\n<meta property=\"og:description\" content=\"Fue pasado a situaci\u00f3n pasiva tras una investigaci\u00f3n judicial iniciada por una golpiza que habr\u00eda dado a un joven de la localidad.\" \/>\n<meta property=\"og:url\" content=\"http:\/\/elregionalvm.com.ar\/noticias-villa-maria\/etruria-separaron-de-su-cargo-al-policia-que-habria-golpeado-a-un-joven-en-una-reunion-clandestina\/\" \/>\n<meta property=\"og:site_name\" content=\"El Regional\" \/>\n<meta property=\"article:publisher\" content=\"https:\/\/www.facebook.com\/elregionalvm\" \/>\n<meta property=\"article:published_time\" content=\"2021-07-29T16:45:32+00:00\" \/>\n<meta property=\"article:modified_time\" content=\"2021-07-29T17:17:31+00:00\" \/>\n<meta property=\"og:image\" content=\"http:\/\/elregionalvm.com.ar\/noticias-villa-maria\/wp-content\/uploads\/2021\/04\/patrullero-cba.jpg\" \/>\n\t<meta property=\"og:image:width\" content=\"1000\" \/>\n\t<meta property=\"og:image:height\" content=\"600\" \/>\n\t<meta property=\"og:image:type\" content=\"image\/jpeg\" \/>\n<meta name=\"author\" content=\"Contenidos El Regional\" \/>\n<meta name=\"twitter:card\" content=\"summary_large_image\" \/>\n<meta name=\"twitter:creator\" content=\"@elregionalvm1\" \/>\n<meta name=\"twitter:site\" content=\"@elregionalvm1\" \/>\n<meta name=\"twitter:label1\" content=\"Escrito por\" \/>\n\t<meta name=\"twitter:data1\" content=\"Contenidos El Regional\" \/>\n\t<meta name=\"twitter:label2\" content=\"Tiempo de lectura\" \/>\n\t<meta name=\"twitter:data2\" content=\"1 minuto\" \/>\n<script type=\"application\/ld+json\" class=\"yoast-schema-graph\">{\"@context\":\"https:\/\/schema.org\",\"@graph\":[{\"@type\":\"Article\",\"@id\":\"http:\/\/elregionalvm.com.ar\/noticias-villa-maria\/etruria-separaron-de-su-cargo-al-policia-que-habria-golpeado-a-un-joven-en-una-reunion-clandestina\/#article\",\"isPartOf\":{\"@id\":\"http:\/\/elregionalvm.com.ar\/noticias-villa-maria\/etruria-separaron-de-su-cargo-al-policia-que-habria-golpeado-a-un-joven-en-una-reunion-clandestina\/\"},\"author\":{\"name\":\"Contenidos El Regional\",\"@id\":\"http:\/\/elregionalvm.com.ar\/noticias-villa-maria\/#\/schema\/person\/a0fb9c422317faca23d50163151bc354\"},\"headline\":\"Etruria: Separaron de su cargo al polic\u00eda que habr\u00eda golpeado a un joven en una reuni\u00f3n clandestina\",\"datePublished\":\"2021-07-29T16:45:32+00:00\",\"dateModified\":\"2021-07-29T17:17:31+00:00\",\"mainEntityOfPage\":{\"@id\":\"http:\/\/elregionalvm.com.ar\/noticias-villa-maria\/etruria-separaron-de-su-cargo-al-policia-que-habria-golpeado-a-un-joven-en-una-reunion-clandestina\/\"},\"wordCount\":176,\"commentCount\":0,\"image\":{\"@id\":\"http:\/\/elregionalvm.com.ar\/noticias-villa-maria\/etruria-separaron-de-su-cargo-al-policia-que-habria-golpeado-a-un-joven-en-una-reunion-clandestina\/#primaryimage\"},\"thumbnailUrl\":\"https:\/\/i0.wp.com\/elregionalvm.com.ar\/noticias-villa-maria\/wp-content\/uploads\/2021\/04\/patrullero-cba.jpg?fit=1000%2C600&ssl=1\",\"keywords\":[\"destacado\",\"Etruria\",\"Fiscal Ren\u00e9 Bosio\",\"golpiza\",\"polic\u00eda\",\"reuni\u00f3n clandestina\",\"Situaci\u00f3n pasiva\"],\"articleSection\":[\"Regi\u00f3n\"],\"inLanguage\":\"es\",\"potentialAction\":[{\"@type\":\"CommentAction\",\"name\":\"Comment\",\"target\":[\"http:\/\/elregionalvm.com.ar\/noticias-villa-maria\/etruria-separaron-de-su-cargo-al-policia-que-habria-golpeado-a-un-joven-en-una-reunion-clandestina\/#respond\"]}]},{\"@type\":\"WebPage\",\"@id\":\"http:\/\/elregionalvm.com.ar\/noticias-villa-maria\/etruria-separaron-de-su-cargo-al-policia-que-habria-golpeado-a-un-joven-en-una-reunion-clandestina\/\",\"url\":\"http:\/\/elregionalvm.com.ar\/noticias-villa-maria\/etruria-separaron-de-su-cargo-al-policia-que-habria-golpeado-a-un-joven-en-una-reunion-clandestina\/\",\"name\":\"Etruria: Separaron de su cargo al polic\u00eda que habr\u00eda golpeado a un joven en una reuni\u00f3n clandestina - El Regional\",\"isPartOf\":{\"@id\":\"http:\/\/elregionalvm.com.ar\/noticias-villa-maria\/#website\"},\"primaryImageOfPage\":{\"@id\":\"http:\/\/elregionalvm.com.ar\/noticias-villa-maria\/etruria-separaron-de-su-cargo-al-policia-que-habria-golpeado-a-un-joven-en-una-reunion-clandestina\/#primaryimage\"},\"image\":{\"@id\":\"http:\/\/elregionalvm.com.ar\/noticias-villa-maria\/etruria-separaron-de-su-cargo-al-policia-que-habria-golpeado-a-un-joven-en-una-reunion-clandestina\/#primaryimage\"},\"thumbnailUrl\":\"https:\/\/i0.wp.com\/elregionalvm.com.ar\/noticias-villa-maria\/wp-content\/uploads\/2021\/04\/patrullero-cba.jpg?fit=1000%2C600&ssl=1\",\"datePublished\":\"2021-07-29T16:45:32+00:00\",\"dateModified\":\"2021-07-29T17:17:31+00:00\",\"author\":{\"@id\":\"http:\/\/elregionalvm.com.ar\/noticias-villa-maria\/#\/schema\/person\/a0fb9c422317faca23d50163151bc354\"},\"description\":\"Fue pasado a situaci\u00f3n pasiva tras una investigaci\u00f3n judicial iniciada por una golpiza que habr\u00eda dado a un joven de la localidad.\",\"breadcrumb\":{\"@id\":\"http:\/\/elregionalvm.com.ar\/noticias-villa-maria\/etruria-separaron-de-su-cargo-al-policia-que-habria-golpeado-a-un-joven-en-una-reunion-clandestina\/#breadcrumb\"},\"inLanguage\":\"es\",\"potentialAction\":[{\"@type\":\"ReadAction\",\"target\":[\"http:\/\/elregionalvm.com.ar\/noticias-villa-maria\/etruria-separaron-de-su-cargo-al-policia-que-habria-golpeado-a-un-joven-en-una-reunion-clandestina\/\"]}]},{\"@type\":\"ImageObject\",\"inLanguage\":\"es\",\"@id\":\"http:\/\/elregionalvm.com.ar\/noticias-villa-maria\/etruria-separaron-de-su-cargo-al-policia-que-habria-golpeado-a-un-joven-en-una-reunion-clandestina\/#primaryimage\",\"url\":\"https:\/\/i0.wp.com\/elregionalvm.com.ar\/noticias-villa-maria\/wp-content\/uploads\/2021\/04\/patrullero-cba.jpg?fit=1000%2C600&ssl=1\",\"contentUrl\":\"https:\/\/i0.wp.com\/elregionalvm.com.ar\/noticias-villa-maria\/wp-content\/uploads\/2021\/04\/patrullero-cba.jpg?fit=1000%2C600&ssl=1\",\"width\":1000,\"height\":600,\"caption\":\"Patrulleros Polic\u00eda de C\u00f3rdoba\"},{\"@type\":\"BreadcrumbList\",\"@id\":\"http:\/\/elregionalvm.com.ar\/noticias-villa-maria\/etruria-separaron-de-su-cargo-al-policia-que-habria-golpeado-a-un-joven-en-una-reunion-clandestina\/#breadcrumb\",\"itemListElement\":[{\"@type\":\"ListItem\",\"position\":1,\"name\":\"Portada\",\"item\":\"https:\/\/elregionalvm.com.ar\/noticias-villa-maria\/\"},{\"@type\":\"ListItem\",\"position\":2,\"name\":\"Etruria: Separaron de su cargo al polic\u00eda que habr\u00eda golpeado a un joven en una reuni\u00f3n clandestina\"}]},{\"@type\":\"WebSite\",\"@id\":\"http:\/\/elregionalvm.com.ar\/noticias-villa-maria\/#website\",\"url\":\"http:\/\/elregionalvm.com.ar\/noticias-villa-maria\/\",\"name\":\"El Regional\",\"description\":\"Mucho m\u00e1s que informaci\u00f3n\",\"potentialAction\":[{\"@type\":\"SearchAction\",\"target\":{\"@type\":\"EntryPoint\",\"urlTemplate\":\"http:\/\/elregionalvm.com.ar\/noticias-villa-maria\/?s={search_term_string}\"},\"query-input\":{\"@type\":\"PropertyValueSpecification\",\"valueRequired\":true,\"valueName\":\"search_term_string\"}}],\"inLanguage\":\"es\"},{\"@type\":\"Person\",\"@id\":\"http:\/\/elregionalvm.com.ar\/noticias-villa-maria\/#\/schema\/person\/a0fb9c422317faca23d50163151bc354\",\"name\":\"Contenidos El Regional\",\"image\":{\"@type\":\"ImageObject\",\"inLanguage\":\"es\",\"@id\":\"http:\/\/elregionalvm.com.ar\/noticias-villa-maria\/#\/schema\/person\/image\/\",\"url\":\"https:\/\/secure.gravatar.com\/avatar\/265b27cb2209af7bb3a1318f03305787d7981a5cc6e6cd08fe5a4ecdf99d4b48?s=96&d=mm&r=g\",\"contentUrl\":\"https:\/\/secure.gravatar.com\/avatar\/265b27cb2209af7bb3a1318f03305787d7981a5cc6e6cd08fe5a4ecdf99d4b48?s=96&d=mm&r=g\",\"caption\":\"Contenidos El Regional\"},\"url\":\"https:\/\/elregionalvm.com.ar\/noticias-villa-maria\/author\/contenido\/\"}]}<\/script>\n<!-- \/ Yoast SEO plugin. -->","yoast_head_json":{"title":"Etruria: Separaron de su cargo al polic\u00eda que habr\u00eda golpeado a un joven en una reuni\u00f3n clandestina - El Regional","description":"Fue pasado a situaci\u00f3n pasiva tras una investigaci\u00f3n judicial iniciada por una golpiza que habr\u00eda dado a un joven de la localidad.","robots":{"index":"index","follow":"follow","max-snippet":"max-snippet:-1","max-image-preview":"max-image-preview:large","max-video-preview":"max-video-preview:-1"},"canonical":"http:\/\/elregionalvm.com.ar\/noticias-villa-maria\/etruria-separaron-de-su-cargo-al-policia-que-habria-golpeado-a-un-joven-en-una-reunion-clandestina\/","og_locale":"es_ES","og_type":"article","og_title":"Etruria: Separaron de su cargo al polic\u00eda que habr\u00eda golpeado a un joven en una reuni\u00f3n clandestina - El Regional","og_description":"Fue pasado a situaci\u00f3n pasiva tras una investigaci\u00f3n judicial iniciada por una golpiza que habr\u00eda dado a un joven de la localidad.","og_url":"http:\/\/elregionalvm.com.ar\/noticias-villa-maria\/etruria-separaron-de-su-cargo-al-policia-que-habria-golpeado-a-un-joven-en-una-reunion-clandestina\/","og_site_name":"El Regional","article_publisher":"https:\/\/www.facebook.com\/elregionalvm","article_published_time":"2021-07-29T16:45:32+00:00","article_modified_time":"2021-07-29T17:17:31+00:00","og_image":[{"width":1000,"height":600,"url":"http:\/\/elregionalvm.com.ar\/noticias-villa-maria\/wp-content\/uploads\/2021\/04\/patrullero-cba.jpg","type":"image\/jpeg"}],"author":"Contenidos El Regional","twitter_card":"summary_large_image","twitter_creator":"@elregionalvm1","twitter_site":"@elregionalvm1","twitter_misc":{"Escrito por":"Contenidos El Regional","Tiempo de lectura":"1 minuto"},"schema":{"@context":"https:\/\/schema.org","@graph":[{"@type":"Article","@id":"http:\/\/elregionalvm.com.ar\/noticias-villa-maria\/etruria-separaron-de-su-cargo-al-policia-que-habria-golpeado-a-un-joven-en-una-reunion-clandestina\/#article","isPartOf":{"@id":"http:\/\/elregionalvm.com.ar\/noticias-villa-maria\/etruria-separaron-de-su-cargo-al-policia-que-habria-golpeado-a-un-joven-en-una-reunion-clandestina\/"},"author":{"name":"Contenidos El Regional","@id":"http:\/\/elregionalvm.com.ar\/noticias-villa-maria\/#\/schema\/person\/a0fb9c422317faca23d50163151bc354"},"headline":"Etruria: Separaron de su cargo al polic\u00eda que habr\u00eda golpeado a un joven en una reuni\u00f3n clandestina","datePublished":"2021-07-29T16:45:32+00:00","dateModified":"2021-07-29T17:17:31+00:00","mainEntityOfPage":{"@id":"http:\/\/elregionalvm.com.ar\/noticias-villa-maria\/etruria-separaron-de-su-cargo-al-policia-que-habria-golpeado-a-un-joven-en-una-reunion-clandestina\/"},"wordCount":176,"commentCount":0,"image":{"@id":"http:\/\/elregionalvm.com.ar\/noticias-villa-maria\/etruria-separaron-de-su-cargo-al-policia-que-habria-golpeado-a-un-joven-en-una-reunion-clandestina\/#primaryimage"},"thumbnailUrl":"https:\/\/i0.wp.com\/elregionalvm.com.ar\/noticias-villa-maria\/wp-content\/uploads\/2021\/04\/patrullero-cba.jpg?fit=1000%2C600&ssl=1","keywords":["destacado","Etruria","Fiscal Ren\u00e9 Bosio","golpiza","polic\u00eda","reuni\u00f3n clandestina","Situaci\u00f3n pasiva"],"articleSection":["Regi\u00f3n"],"inLanguage":"es","potentialAction":[{"@type":"CommentAction","name":"Comment","target":["http:\/\/elregionalvm.com.ar\/noticias-villa-maria\/etruria-separaron-de-su-cargo-al-policia-que-habria-golpeado-a-un-joven-en-una-reunion-clandestina\/#respond"]}]},{"@type":"WebPage","@id":"http:\/\/elregionalvm.com.ar\/noticias-villa-maria\/etruria-separaron-de-su-cargo-al-policia-que-habria-golpeado-a-un-joven-en-una-reunion-clandestina\/","url":"http:\/\/elregionalvm.com.ar\/noticias-villa-maria\/etruria-separaron-de-su-cargo-al-policia-que-habria-golpeado-a-un-joven-en-una-reunion-clandestina\/","name":"Etruria: Separaron de su cargo al polic\u00eda que habr\u00eda golpeado a un joven en una reuni\u00f3n clandestina - El Regional","isPartOf":{"@id":"http:\/\/elregionalvm.com.ar\/noticias-villa-maria\/#website"},"primaryImageOfPage":{"@id":"http:\/\/elregionalvm.com.ar\/noticias-villa-maria\/etruria-separaron-de-su-cargo-al-policia-que-habria-golpeado-a-un-joven-en-una-reunion-clandestina\/#primaryimage"},"image":{"@id":"http:\/\/elregionalvm.com.ar\/noticias-villa-maria\/etruria-separaron-de-su-cargo-al-policia-que-habria-golpeado-a-un-joven-en-una-reunion-clandestina\/#primaryimage"},"thumbnailUrl":"https:\/\/i0.wp.com\/elregionalvm.com.ar\/noticias-villa-maria\/wp-content\/uploads\/2021\/04\/patrullero-cba.jpg?fit=1000%2C600&ssl=1","datePublished":"2021-07-29T16:45:32+00:00","dateModified":"2021-07-29T17:17:31+00:00","author":{"@id":"http:\/\/elregionalvm.com.ar\/noticias-villa-maria\/#\/schema\/person\/a0fb9c422317faca23d50163151bc354"},"description":"Fue pasado a situaci\u00f3n pasiva tras una investigaci\u00f3n judicial iniciada por una golpiza que habr\u00eda dado a un joven de la localidad.","breadcrumb":{"@id":"http:\/\/elregionalvm.com.ar\/noticias-villa-maria\/etruria-separaron-de-su-cargo-al-policia-que-habria-golpeado-a-un-joven-en-una-reunion-clandestina\/#breadcrumb"},"inLanguage":"es","potentialAction":[{"@type":"ReadAction","target":["http:\/\/elregionalvm.com.ar\/noticias-villa-maria\/etruria-separaron-de-su-cargo-al-policia-que-habria-golpeado-a-un-joven-en-una-reunion-clandestina\/"]}]},{"@type":"ImageObject","inLanguage":"es","@id":"http:\/\/elregionalvm.com.ar\/noticias-villa-maria\/etruria-separaron-de-su-cargo-al-policia-que-habria-golpeado-a-un-joven-en-una-reunion-clandestina\/#primaryimage","url":"https:\/\/i0.wp.com\/elregionalvm.com.ar\/noticias-villa-maria\/wp-content\/uploads\/2021\/04\/patrullero-cba.jpg?fit=1000%2C600&ssl=1","contentUrl":"https:\/\/i0.wp.com\/elregionalvm.com.ar\/noticias-villa-maria\/wp-content\/uploads\/2021\/04\/patrullero-cba.jpg?fit=1000%2C600&ssl=1","width":1000,"height":600,"caption":"Patrulleros Polic\u00eda de C\u00f3rdoba"},{"@type":"BreadcrumbList","@id":"http:\/\/elregionalvm.com.ar\/noticias-villa-maria\/etruria-separaron-de-su-cargo-al-policia-que-habria-golpeado-a-un-joven-en-una-reunion-clandestina\/#breadcrumb","itemListElement":[{"@type":"ListItem","position":1,"name":"Portada","item":"https:\/\/elregionalvm.com.ar\/noticias-villa-maria\/"},{"@type":"ListItem","position":2,"name":"Etruria: Separaron de su cargo al polic\u00eda que habr\u00eda golpeado a un joven en una reuni\u00f3n clandestina"}]},{"@type":"WebSite","@id":"http:\/\/elregionalvm.com.ar\/noticias-villa-maria\/#website","url":"http:\/\/elregionalvm.com.ar\/noticias-villa-maria\/","name":"El Regional","description":"Mucho m\u00e1s que informaci\u00f3n","potentialAction":[{"@type":"SearchAction","target":{"@type":"EntryPoint","urlTemplate":"http:\/\/elregionalvm.com.ar\/noticias-villa-maria\/?s={search_term_string}"},"query-input":{"@type":"PropertyValueSpecification","valueRequired":true,"valueName":"search_term_string"}}],"inLanguage":"es"},{"@type":"Person","@id":"http:\/\/elregionalvm.com.ar\/noticias-villa-maria\/#\/schema\/person\/a0fb9c422317faca23d50163151bc354","name":"Contenidos El Regional","image":{"@type":"ImageObject","inLanguage":"es","@id":"http:\/\/elregionalvm.com.ar\/noticias-villa-maria\/#\/schema\/person\/image\/","url":"https:\/\/secure.gravatar.com\/avatar\/265b27cb2209af7bb3a1318f03305787d7981a5cc6e6cd08fe5a4ecdf99d4b48?s=96&d=mm&r=g","contentUrl":"https:\/\/secure.gravatar.com\/avatar\/265b27cb2209af7bb3a1318f03305787d7981a5cc6e6cd08fe5a4ecdf99d4b48?s=96&d=mm&r=g","caption":"Contenidos El Regional"},"url":"https:\/\/elregionalvm.com.ar\/noticias-villa-maria\/author\/contenido\/"}]}},"jetpack_featured_media_url":"https:\/\/i0.wp.com\/elregionalvm.com.ar\/noticias-villa-maria\/wp-content\/uploads\/2021\/04\/patrullero-cba.jpg?fit=1000%2C600&ssl=1","jetpack_sharing_enabled":true,"_links":{"self":[{"href":"https:\/\/elregionalvm.com.ar\/noticias-villa-maria\/wp-json\/wp\/v2\/posts\/41695","targetHints":{"allow":["GET"]}}],"collection":[{"href":"https:\/\/elregionalvm.com.ar\/noticias-villa-maria\/wp-json\/wp\/v2\/posts"}],"about":[{"href":"https:\/\/elregionalvm.com.ar\/noticias-villa-maria\/wp-json\/wp\/v2\/types\/post"}],"author":[{"embeddable":true,"href":"https:\/\/elregionalvm.com.ar\/noticias-villa-maria\/wp-json\/wp\/v2\/users\/4"}],"replies":[{"embeddable":true,"href":"https:\/\/elregionalvm.com.ar\/noticias-villa-maria\/wp-json\/wp\/v2\/comments?post=41695"}],"version-history":[{"count":1,"href":"https:\/\/elregionalvm.com.ar\/noticias-villa-maria\/wp-json\/wp\/v2\/posts\/41695\/revisions"}],"predecessor-version":[{"id":41696,"href":"https:\/\/elregionalvm.com.ar\/noticias-villa-maria\/wp-json\/wp\/v2\/posts\/41695\/revisions\/41696"}],"wp:featuredmedia":[{"embeddable":true,"href":"https:\/\/elregionalvm.com.ar\/noticias-villa-maria\/wp-json\/wp\/v2\/media\/35211"}],"wp:attachment":[{"href":"https:\/\/elregionalvm.com.ar\/noticias-villa-maria\/wp-json\/wp\/v2\/media?parent=41695"}],"wp:term":[{"taxonomy":"category","embeddable":true,"href":"https:\/\/elregionalvm.com.ar\/noticias-villa-maria\/wp-json\/wp\/v2\/categories?post=41695"},{"taxonomy":"post_tag","embeddable":true,"href":"https:\/\/elregionalvm.com.ar\/noticias-villa-maria\/wp-json\/wp\/v2\/tags?post=41695"}],"curies":[{"name":"wp","href":"https:\/\/api.w.org\/{rel}","templated":true}]}}