{"id":41700,"date":"2021-07-29T19:51:53","date_gmt":"2021-07-29T19:51:53","guid":{"rendered":"https:\/\/elregionalvm.com.ar\/noticias-villa-maria\/?p=41700"},"modified":"2021-07-31T00:24:04","modified_gmt":"2021-07-31T00:24:04","slug":"schiaretti-inauguro-el-nuevo-puente-es-la-expresion-del-progreso-y-la-union-de-ambas-ciudades-galeria","status":"publish","type":"post","link":"https:\/\/elregionalvm.com.ar\/noticias-villa-maria\/schiaretti-inauguro-el-nuevo-puente-es-la-expresion-del-progreso-y-la-union-de-ambas-ciudades-galeria\/","title":{"rendered":"Schiaretti inaugur\u00f3 el nuevo puente: \u201cEs la expresi\u00f3n del progreso y la uni\u00f3n de ambas ciudades\u201d [Galer\u00eda]"},"content":{"rendered":"\n<p><\/p>\n\n\n\n<p>El gobernador Juan Schiaretti encabez\u00f3 la inauguraci\u00f3n oficial del nuevo puente \u201cBrigadier Juan Bautista Bustos\u201d, que une Villa Mar\u00eda y Villa Nueva.<\/p>\n\n\n\n<p>Estuvo acompa\u00f1ado por los intendentes de ambas ciudades, Pablo Rosso (interino) y Natalio Graglia. Tambi\u00e9n por autoridades nacionales como Alejandra Vigo y Mart\u00edn Gill, y provinciales como Eduardo Accastello, Natalia de la Sota y Nora Bedano, entre otras.<\/p>\n\n\n\n<p>En un acto breve donde los jefes comunales se mostraron agradecidos por la obra, Schiaretti valor\u00f3 su realizaci\u00f3n. &nbsp;\u201cLos puentes son para unir a la gente, por eso siempre es bueno hacerlos. Este puente es la expresi\u00f3n del progreso y la uni\u00f3n de ambas ciudades y de nuestra C\u00f3rdoba\u201d.<\/p>\n\n\n\n<p><\/p>\n\n\n\n<div class=\"wp-block-jetpack-slideshow aligncenter\" data-effect=\"slide\"><div class=\"wp-block-jetpack-slideshow_container swiper-container\"><ul class=\"wp-block-jetpack-slideshow_swiper-wrapper swiper-wrapper\"><li class=\"wp-block-jetpack-slideshow_slide swiper-slide\"><figure><img data-recalc-dims=\"1\" fetchpriority=\"high\" decoding=\"async\" width=\"1024\" height=\"575\" alt=\"\" class=\"wp-block-jetpack-slideshow_image wp-image-41716\" data-id=\"41716\" src=\"https:\/\/i0.wp.com\/elregionalvm.com.ar\/noticias-villa-maria\/wp-content\/uploads\/2021\/07\/WhatsApp-Image-2021-07-29-at-5.05.38-PM-1.jpeg?resize=1024%2C575&#038;ssl=1\" srcset=\"https:\/\/i0.wp.com\/elregionalvm.com.ar\/noticias-villa-maria\/wp-content\/uploads\/2021\/07\/WhatsApp-Image-2021-07-29-at-5.05.38-PM-1.jpeg?resize=1024%2C575&amp;ssl=1 1024w, https:\/\/i0.wp.com\/elregionalvm.com.ar\/noticias-villa-maria\/wp-content\/uploads\/2021\/07\/WhatsApp-Image-2021-07-29-at-5.05.38-PM-1.jpeg?resize=300%2C169&amp;ssl=1 300w, https:\/\/i0.wp.com\/elregionalvm.com.ar\/noticias-villa-maria\/wp-content\/uploads\/2021\/07\/WhatsApp-Image-2021-07-29-at-5.05.38-PM-1.jpeg?resize=768%2C431&amp;ssl=1 768w, https:\/\/i0.wp.com\/elregionalvm.com.ar\/noticias-villa-maria\/wp-content\/uploads\/2021\/07\/WhatsApp-Image-2021-07-29-at-5.05.38-PM-1.jpeg?w=1280&amp;ssl=1 1280w\" sizes=\"(max-width: 1000px) 100vw, 1000px\" \/><\/figure><\/li><li class=\"wp-block-jetpack-slideshow_slide swiper-slide\"><figure><img data-recalc-dims=\"1\" decoding=\"async\" width=\"1024\" height=\"575\" alt=\"\" class=\"wp-block-jetpack-slideshow_image wp-image-41717\" data-id=\"41717\" src=\"https:\/\/i0.wp.com\/elregionalvm.com.ar\/noticias-villa-maria\/wp-content\/uploads\/2021\/07\/WhatsApp-Image-2021-07-29-at-5.04.49-PM-1.jpeg?resize=1024%2C575&#038;ssl=1\" srcset=\"https:\/\/i0.wp.com\/elregionalvm.com.ar\/noticias-villa-maria\/wp-content\/uploads\/2021\/07\/WhatsApp-Image-2021-07-29-at-5.04.49-PM-1.jpeg?resize=1024%2C575&amp;ssl=1 1024w, https:\/\/i0.wp.com\/elregionalvm.com.ar\/noticias-villa-maria\/wp-content\/uploads\/2021\/07\/WhatsApp-Image-2021-07-29-at-5.04.49-PM-1.jpeg?resize=300%2C169&amp;ssl=1 300w, https:\/\/i0.wp.com\/elregionalvm.com.ar\/noticias-villa-maria\/wp-content\/uploads\/2021\/07\/WhatsApp-Image-2021-07-29-at-5.04.49-PM-1.jpeg?resize=768%2C431&amp;ssl=1 768w, https:\/\/i0.wp.com\/elregionalvm.com.ar\/noticias-villa-maria\/wp-content\/uploads\/2021\/07\/WhatsApp-Image-2021-07-29-at-5.04.49-PM-1.jpeg?w=1280&amp;ssl=1 1280w\" sizes=\"(max-width: 1000px) 100vw, 1000px\" \/><\/figure><\/li><li class=\"wp-block-jetpack-slideshow_slide swiper-slide\"><figure><img data-recalc-dims=\"1\" decoding=\"async\" width=\"1024\" height=\"575\" alt=\"\" class=\"wp-block-jetpack-slideshow_image wp-image-41718\" data-id=\"41718\" src=\"https:\/\/i0.wp.com\/elregionalvm.com.ar\/noticias-villa-maria\/wp-content\/uploads\/2021\/07\/WhatsApp-Image-2021-07-29-at-5.02.34-PM-1.jpeg?resize=1024%2C575&#038;ssl=1\" srcset=\"https:\/\/i0.wp.com\/elregionalvm.com.ar\/noticias-villa-maria\/wp-content\/uploads\/2021\/07\/WhatsApp-Image-2021-07-29-at-5.02.34-PM-1.jpeg?resize=1024%2C575&amp;ssl=1 1024w, https:\/\/i0.wp.com\/elregionalvm.com.ar\/noticias-villa-maria\/wp-content\/uploads\/2021\/07\/WhatsApp-Image-2021-07-29-at-5.02.34-PM-1.jpeg?resize=300%2C169&amp;ssl=1 300w, https:\/\/i0.wp.com\/elregionalvm.com.ar\/noticias-villa-maria\/wp-content\/uploads\/2021\/07\/WhatsApp-Image-2021-07-29-at-5.02.34-PM-1.jpeg?resize=768%2C431&amp;ssl=1 768w, https:\/\/i0.wp.com\/elregionalvm.com.ar\/noticias-villa-maria\/wp-content\/uploads\/2021\/07\/WhatsApp-Image-2021-07-29-at-5.02.34-PM-1.jpeg?w=1280&amp;ssl=1 1280w\" sizes=\"(max-width: 1000px) 100vw, 1000px\" \/><\/figure><\/li><li class=\"wp-block-jetpack-slideshow_slide swiper-slide\"><figure><img data-recalc-dims=\"1\" loading=\"lazy\" decoding=\"async\" width=\"1024\" height=\"575\" alt=\"\" class=\"wp-block-jetpack-slideshow_image wp-image-41719\" data-id=\"41719\" src=\"https:\/\/i0.wp.com\/elregionalvm.com.ar\/noticias-villa-maria\/wp-content\/uploads\/2021\/07\/WhatsApp-Image-2021-07-29-at-5.07.00-PM-1.jpeg?resize=1024%2C575&#038;ssl=1\" srcset=\"https:\/\/i0.wp.com\/elregionalvm.com.ar\/noticias-villa-maria\/wp-content\/uploads\/2021\/07\/WhatsApp-Image-2021-07-29-at-5.07.00-PM-1.jpeg?resize=1024%2C575&amp;ssl=1 1024w, https:\/\/i0.wp.com\/elregionalvm.com.ar\/noticias-villa-maria\/wp-content\/uploads\/2021\/07\/WhatsApp-Image-2021-07-29-at-5.07.00-PM-1.jpeg?resize=300%2C169&amp;ssl=1 300w, https:\/\/i0.wp.com\/elregionalvm.com.ar\/noticias-villa-maria\/wp-content\/uploads\/2021\/07\/WhatsApp-Image-2021-07-29-at-5.07.00-PM-1.jpeg?resize=768%2C431&amp;ssl=1 768w, https:\/\/i0.wp.com\/elregionalvm.com.ar\/noticias-villa-maria\/wp-content\/uploads\/2021\/07\/WhatsApp-Image-2021-07-29-at-5.07.00-PM-1.jpeg?w=1280&amp;ssl=1 1280w\" sizes=\"(max-width: 1000px) 100vw, 1000px\" \/><\/figure><\/li><\/ul><a class=\"wp-block-jetpack-slideshow_button-prev swiper-button-prev swiper-button-white\" role=\"button\"><\/a><a class=\"wp-block-jetpack-slideshow_button-next swiper-button-next swiper-button-white\" role=\"button\"><\/a><a aria-label=\"Pause Slideshow\" class=\"wp-block-jetpack-slideshow_button-pause\" role=\"button\"><\/a><div class=\"wp-block-jetpack-slideshow_pagination swiper-pagination swiper-pagination-white\"><\/div><\/div><\/div>\n\n\n\n<p><strong>Obras y anuncios<\/strong><\/p>\n\n\n\n<p>Adem\u00e1s, repas\u00f3 algunas de las obras que se ejecutan en las dos villas con fondos provinciales. Se trata, entre otras, de los tres edificios de las Escuelas PROA en ambas ciudades, y la circunvalaci\u00f3n de Villa Nueva \u201cque est\u00e1 avanzada en un 85%, y que esperemos est\u00e9 finalizada hacia fin de a\u00f1o\u201d.<\/p>\n\n\n\n<p>En este contexto, anunci\u00f3 la repavimentaci\u00f3n de la ruta provincial 2, desde la ruta 4 hasta la 9, con la ampliaci\u00f3n del puente sobre el r\u00edo Ctalamochita y con una nueva rotonda. \u201cEn los pr\u00f3ximos 30 d\u00edas se iniciar\u00e1n los trabajos\u201d, anticip\u00f3 el mandatario provincial.<\/p>\n\n\n\n<p><\/p>\n\n\n\n<figure class=\"wp-block-image size-large\"><img data-recalc-dims=\"1\" loading=\"lazy\" decoding=\"async\" width=\"1024\" height=\"573\" src=\"https:\/\/i0.wp.com\/elregionalvm.com.ar\/noticias-villa-maria\/wp-content\/uploads\/2021\/07\/Inauguracion-Nuevo-Puente-perfil-1.jpg?resize=1024%2C573&#038;ssl=1\" alt=\"\" class=\"wp-image-41704\" srcset=\"https:\/\/i0.wp.com\/elregionalvm.com.ar\/noticias-villa-maria\/wp-content\/uploads\/2021\/07\/Inauguracion-Nuevo-Puente-perfil-1.jpg?resize=1024%2C573&amp;ssl=1 1024w, https:\/\/i0.wp.com\/elregionalvm.com.ar\/noticias-villa-maria\/wp-content\/uploads\/2021\/07\/Inauguracion-Nuevo-Puente-perfil-1.jpg?resize=300%2C168&amp;ssl=1 300w, https:\/\/i0.wp.com\/elregionalvm.com.ar\/noticias-villa-maria\/wp-content\/uploads\/2021\/07\/Inauguracion-Nuevo-Puente-perfil-1.jpg?resize=768%2C430&amp;ssl=1 768w, https:\/\/i0.wp.com\/elregionalvm.com.ar\/noticias-villa-maria\/wp-content\/uploads\/2021\/07\/Inauguracion-Nuevo-Puente-perfil-1.jpg?w=1222&amp;ssl=1 1222w\" sizes=\"(max-width: 1000px) 100vw, 1000px\" \/><\/figure>\n\n\n\n<p><\/p>\n\n\n\n<p><strong>Con todos<\/strong><\/p>\n\n\n\n<p>Schiaretti remarc\u00f3 que se trabaja con todos los intendentes por igual, sin importar el color pol\u00edtico. \u201cEsa es la manera de progresar, de crecer. Nuestra caracter\u00edstica es hablar poco y hacer mucho. Y ponemos lo que hay que poner para defender cada rinc\u00f3n de la provincia, enfatiz\u00f3.<\/p>\n\n\n\n<p>\u201cQuiero pedirles que sigamos trabajando juntos. Vamos por C\u00f3rdoba, sigamos apostando por C\u00f3rdoba\u201d, finaliz\u00f3.<\/p>\n\n\n\n<p><\/p>\n\n\n\n<figure class=\"wp-block-embed is-type-wp-embed is-provider-el-regional wp-block-embed-el-regional\"><div class=\"wp-block-embed__wrapper\">\n<blockquote class=\"wp-embedded-content\" data-secret=\"zSWfve8QpI\"><a href=\"https:\/\/elregionalvm.com.ar\/noticias-villa-maria\/nuevo-puente-cada-vez-mas-cerca-como-se-ve-de-noche-video\/\">Nuevo puente, cada vez m\u00e1s cerca: C\u00f3mo se ve de noche [VIDEO]<\/a><\/blockquote><iframe class=\"wp-embedded-content\" sandbox=\"allow-scripts\" security=\"restricted\" style=\"position: absolute; visibility: hidden;\" title=\"\u00abNuevo puente, cada vez m\u00e1s cerca: C\u00f3mo se ve de noche [VIDEO]\u00bb \u2014 El Regional\" src=\"https:\/\/elregionalvm.com.ar\/noticias-villa-maria\/nuevo-puente-cada-vez-mas-cerca-como-se-ve-de-noche-video\/embed\/#?secret=JcOXxXr2NW#?secret=zSWfve8QpI\" data-secret=\"zSWfve8QpI\" width=\"500\" height=\"282\" frameborder=\"0\" marginwidth=\"0\" marginheight=\"0\" scrolling=\"no\"><\/iframe>\n<\/div><\/figure>\n\n\n\n<h4 class=\"wp-block-heading\"><strong>Postales del nuevo puente <\/strong><\/h4>\n\n\n\n<p><\/p>\n\n\n\n<div class=\"wp-block-jetpack-slideshow aligncenter\" data-effect=\"slide\"><div class=\"wp-block-jetpack-slideshow_container swiper-container\"><ul class=\"wp-block-jetpack-slideshow_swiper-wrapper swiper-wrapper\"><li class=\"wp-block-jetpack-slideshow_slide swiper-slide\"><figure><img data-recalc-dims=\"1\" loading=\"lazy\" decoding=\"async\" width=\"960\" height=\"640\" alt=\"\" class=\"wp-block-jetpack-slideshow_image wp-image-41705\" data-id=\"41705\" src=\"https:\/\/i0.wp.com\/elregionalvm.com.ar\/noticias-villa-maria\/wp-content\/uploads\/2021\/07\/Puente-Bustos-iluminado-2.jpg?resize=960%2C640&#038;ssl=1\" srcset=\"https:\/\/i0.wp.com\/elregionalvm.com.ar\/noticias-villa-maria\/wp-content\/uploads\/2021\/07\/Puente-Bustos-iluminado-2.jpg?w=960&amp;ssl=1 960w, https:\/\/i0.wp.com\/elregionalvm.com.ar\/noticias-villa-maria\/wp-content\/uploads\/2021\/07\/Puente-Bustos-iluminado-2.jpg?resize=300%2C200&amp;ssl=1 300w, https:\/\/i0.wp.com\/elregionalvm.com.ar\/noticias-villa-maria\/wp-content\/uploads\/2021\/07\/Puente-Bustos-iluminado-2.jpg?resize=768%2C512&amp;ssl=1 768w\" sizes=\"(max-width: 960px) 100vw, 960px\" \/><\/figure><\/li><li class=\"wp-block-jetpack-slideshow_slide swiper-slide\"><figure><img data-recalc-dims=\"1\" loading=\"lazy\" decoding=\"async\" width=\"960\" height=\"640\" alt=\"\" class=\"wp-block-jetpack-slideshow_image wp-image-41706\" data-id=\"41706\" src=\"https:\/\/i0.wp.com\/elregionalvm.com.ar\/noticias-villa-maria\/wp-content\/uploads\/2021\/07\/Puente-Bustos-iluminado-1.jpg?resize=960%2C640&#038;ssl=1\" srcset=\"https:\/\/i0.wp.com\/elregionalvm.com.ar\/noticias-villa-maria\/wp-content\/uploads\/2021\/07\/Puente-Bustos-iluminado-1.jpg?w=960&amp;ssl=1 960w, https:\/\/i0.wp.com\/elregionalvm.com.ar\/noticias-villa-maria\/wp-content\/uploads\/2021\/07\/Puente-Bustos-iluminado-1.jpg?resize=300%2C200&amp;ssl=1 300w, https:\/\/i0.wp.com\/elregionalvm.com.ar\/noticias-villa-maria\/wp-content\/uploads\/2021\/07\/Puente-Bustos-iluminado-1.jpg?resize=768%2C512&amp;ssl=1 768w\" sizes=\"(max-width: 960px) 100vw, 960px\" \/><\/figure><\/li><li class=\"wp-block-jetpack-slideshow_slide swiper-slide\"><figure><img data-recalc-dims=\"1\" loading=\"lazy\" decoding=\"async\" width=\"960\" height=\"640\" alt=\"\" class=\"wp-block-jetpack-slideshow_image wp-image-41707\" data-id=\"41707\" src=\"https:\/\/i0.wp.com\/elregionalvm.com.ar\/noticias-villa-maria\/wp-content\/uploads\/2021\/07\/Puente-Bustos-iluminado.jpg?resize=960%2C640&#038;ssl=1\" srcset=\"https:\/\/i0.wp.com\/elregionalvm.com.ar\/noticias-villa-maria\/wp-content\/uploads\/2021\/07\/Puente-Bustos-iluminado.jpg?w=960&amp;ssl=1 960w, https:\/\/i0.wp.com\/elregionalvm.com.ar\/noticias-villa-maria\/wp-content\/uploads\/2021\/07\/Puente-Bustos-iluminado.jpg?resize=300%2C200&amp;ssl=1 300w, https:\/\/i0.wp.com\/elregionalvm.com.ar\/noticias-villa-maria\/wp-content\/uploads\/2021\/07\/Puente-Bustos-iluminado.jpg?resize=768%2C512&amp;ssl=1 768w\" sizes=\"(max-width: 960px) 100vw, 960px\" \/><\/figure><\/li><li class=\"wp-block-jetpack-slideshow_slide swiper-slide\"><figure><img data-recalc-dims=\"1\" loading=\"lazy\" decoding=\"async\" width=\"960\" height=\"640\" alt=\"\" class=\"wp-block-jetpack-slideshow_image wp-image-41708\" data-id=\"41708\" src=\"https:\/\/i0.wp.com\/elregionalvm.com.ar\/noticias-villa-maria\/wp-content\/uploads\/2021\/07\/Puente-Bustos-iluminado-3.jpg?resize=960%2C640&#038;ssl=1\" srcset=\"https:\/\/i0.wp.com\/elregionalvm.com.ar\/noticias-villa-maria\/wp-content\/uploads\/2021\/07\/Puente-Bustos-iluminado-3.jpg?w=960&amp;ssl=1 960w, https:\/\/i0.wp.com\/elregionalvm.com.ar\/noticias-villa-maria\/wp-content\/uploads\/2021\/07\/Puente-Bustos-iluminado-3.jpg?resize=300%2C200&amp;ssl=1 300w, https:\/\/i0.wp.com\/elregionalvm.com.ar\/noticias-villa-maria\/wp-content\/uploads\/2021\/07\/Puente-Bustos-iluminado-3.jpg?resize=768%2C512&amp;ssl=1 768w\" sizes=\"(max-width: 960px) 100vw, 960px\" \/><\/figure><\/li><\/ul><a class=\"wp-block-jetpack-slideshow_button-prev swiper-button-prev swiper-button-white\" role=\"button\"><\/a><a class=\"wp-block-jetpack-slideshow_button-next swiper-button-next swiper-button-white\" role=\"button\"><\/a><a aria-label=\"Pause Slideshow\" class=\"wp-block-jetpack-slideshow_button-pause\" role=\"button\"><\/a><div class=\"wp-block-jetpack-slideshow_pagination swiper-pagination swiper-pagination-white\"><\/div><\/div><\/div>\n","protected":false},"excerpt":{"rendered":"<p>El gobernador Juan Schiaretti encabez\u00f3 la inauguraci\u00f3n oficial del nuevo puente \u201cBrigadier Juan Bautista Bustos\u201d, que une Villa Mar\u00eda y Villa Nueva. Estuvo acompa\u00f1ado por los intendentes de ambas ciudades, Pablo Rosso (interino) y Natalio Graglia. Tambi\u00e9n por autoridades nacionales como Alejandra Vigo y Mart\u00edn Gill, y provinciales como Eduardo Accastello, Natalia de la Sota [&hellip;]<\/p>\n","protected":false},"author":4,"featured_media":41752,"comment_status":"open","ping_status":"open","sticky":false,"template":"","format":"standard","meta":{"site-sidebar-layout":"default","site-content-layout":"default","ast-site-content-layout":"default","site-content-style":"default","site-sidebar-style":"default","ast-global-header-display":"","ast-banner-title-visibility":"","ast-main-header-display":"","ast-hfb-above-header-display":"","ast-hfb-below-header-display":"","ast-hfb-mobile-header-display":"","site-post-title":"","ast-breadcrumbs-content":"","ast-featured-img":"","footer-sml-layout":"","ast-disable-related-posts":"","theme-transparent-header-meta":"default","adv-header-id-meta":"","stick-header-meta":"","header-above-stick-meta":"","header-main-stick-meta":"","header-below-stick-meta":"","astra-migrate-meta-layouts":"default","ast-page-background-enabled":"default","ast-page-background-meta":{"desktop":{"background-color":"","background-image":"","background-repeat":"repeat","background-position":"center center","background-size":"auto","background-attachment":"scroll","background-type":"","background-media":"","overlay-type":"","overlay-color":"","overlay-opacity":"","overlay-gradient":""},"tablet":{"background-color":"","background-image":"","background-repeat":"repeat","background-position":"center center","background-size":"auto","background-attachment":"scroll","background-type":"","background-media":"","overlay-type":"","overlay-color":"","overlay-opacity":"","overlay-gradient":""},"mobile":{"background-color":"","background-image":"","background-repeat":"repeat","background-position":"center center","background-size":"auto","background-attachment":"scroll","background-type":"","background-media":"","overlay-type":"","overlay-color":"","overlay-opacity":"","overlay-gradient":""}},"ast-content-background-meta":{"desktop":{"background-color":"var(--ast-global-color-5)","background-image":"","background-repeat":"repeat","background-position":"center center","background-size":"auto","background-attachment":"scroll","background-type":"","background-media":"","overlay-type":"","overlay-color":"","overlay-opacity":"","overlay-gradient":""},"tablet":{"background-color":"var(--ast-global-color-5)","background-image":"","background-repeat":"repeat","background-position":"center center","background-size":"auto","background-attachment":"scroll","background-type":"","background-media":"","overlay-type":"","overlay-color":"","overlay-opacity":"","overlay-gradient":""},"mobile":{"background-color":"var(--ast-global-color-5)","background-image":"","background-repeat":"repeat","background-position":"center center","background-size":"auto","background-attachment":"scroll","background-type":"","background-media":"","overlay-type":"","overlay-color":"","overlay-opacity":"","overlay-gradient":""}},"_jetpack_memberships_contains_paid_content":false,"_joinchat":[],"footnotes":""},"categories":[2089],"tags":[7619,3232,3058,1896,2248,232],"class_list":["post-41700","post","type-post","status-publish","format-standard","has-post-thumbnail","hentry","category-politica","tag-brigadier-juan-bautista-bustos","tag-inauguracion","tag-juan-schiaretti","tag-nuevo-puente","tag-villa-maria-2","tag-villa-nueva"],"yoast_head":"<!-- This site is optimized with the Yoast SEO plugin v26.8 - https:\/\/yoast.com\/product\/yoast-seo-wordpress\/ -->\n<title>Schiaretti inaugur\u00f3 el nuevo puente: \u201cEs la expresi\u00f3n del progreso y la uni\u00f3n de ambas ciudades\u201d [Galer\u00eda] - El Regional<\/title>\n<meta name=\"description\" content=\"El gobernador encabez\u00f3 la inauguraci\u00f3n oficial del nuevo puente \u201cBrigadier Juan Bautista Bustos\u201d, que une Villa Mar\u00eda y Villa Nueva.\" \/>\n<meta name=\"robots\" content=\"index, follow, max-snippet:-1, max-image-preview:large, max-video-preview:-1\" \/>\n<link rel=\"canonical\" href=\"http:\/\/elregionalvm.com.ar\/noticias-villa-maria\/schiaretti-inauguro-el-nuevo-puente-es-la-expresion-del-progreso-y-la-union-de-ambas-ciudades-galeria\/\" \/>\n<meta property=\"og:locale\" content=\"es_ES\" \/>\n<meta property=\"og:type\" content=\"article\" \/>\n<meta property=\"og:title\" content=\"Schiaretti inaugur\u00f3 el nuevo puente: \u201cEs la expresi\u00f3n del progreso y la uni\u00f3n de ambas ciudades\u201d [Galer\u00eda] - El Regional\" \/>\n<meta property=\"og:description\" content=\"El gobernador encabez\u00f3 la inauguraci\u00f3n oficial del nuevo puente \u201cBrigadier Juan Bautista Bustos\u201d, que une Villa Mar\u00eda y Villa Nueva.\" \/>\n<meta property=\"og:url\" content=\"http:\/\/elregionalvm.com.ar\/noticias-villa-maria\/schiaretti-inauguro-el-nuevo-puente-es-la-expresion-del-progreso-y-la-union-de-ambas-ciudades-galeria\/\" \/>\n<meta property=\"og:site_name\" content=\"El Regional\" \/>\n<meta property=\"article:publisher\" content=\"https:\/\/www.facebook.com\/elregionalvm\" \/>\n<meta property=\"article:published_time\" content=\"2021-07-29T19:51:53+00:00\" \/>\n<meta property=\"article:modified_time\" content=\"2021-07-31T00:24:04+00:00\" \/>\n<meta property=\"og:image\" content=\"http:\/\/elregionalvm.com.ar\/noticias-villa-maria\/wp-content\/uploads\/2021\/07\/Inauguracion-nuevo-puente-Schiaretti-y-autoridades-vertical.jpeg\" \/>\n\t<meta property=\"og:image:width\" content=\"648\" \/>\n\t<meta property=\"og:image:height\" content=\"927\" \/>\n\t<meta property=\"og:image:type\" content=\"image\/jpeg\" \/>\n<meta name=\"author\" content=\"Contenidos El Regional\" \/>\n<meta name=\"twitter:card\" content=\"summary_large_image\" \/>\n<meta name=\"twitter:creator\" content=\"@elregionalvm1\" \/>\n<meta name=\"twitter:site\" content=\"@elregionalvm1\" \/>\n<meta name=\"twitter:label1\" content=\"Escrito por\" \/>\n\t<meta name=\"twitter:data1\" content=\"Contenidos El Regional\" \/>\n\t<meta name=\"twitter:label2\" content=\"Tiempo de lectura\" \/>\n\t<meta name=\"twitter:data2\" content=\"4 minutos\" \/>\n<script type=\"application\/ld+json\" class=\"yoast-schema-graph\">{\"@context\":\"https:\/\/schema.org\",\"@graph\":[{\"@type\":\"Article\",\"@id\":\"http:\/\/elregionalvm.com.ar\/noticias-villa-maria\/schiaretti-inauguro-el-nuevo-puente-es-la-expresion-del-progreso-y-la-union-de-ambas-ciudades-galeria\/#article\",\"isPartOf\":{\"@id\":\"http:\/\/elregionalvm.com.ar\/noticias-villa-maria\/schiaretti-inauguro-el-nuevo-puente-es-la-expresion-del-progreso-y-la-union-de-ambas-ciudades-galeria\/\"},\"author\":{\"name\":\"Contenidos El Regional\",\"@id\":\"http:\/\/elregionalvm.com.ar\/noticias-villa-maria\/#\/schema\/person\/a0fb9c422317faca23d50163151bc354\"},\"headline\":\"Schiaretti inaugur\u00f3 el nuevo puente: \u201cEs la expresi\u00f3n del progreso y la uni\u00f3n de ambas ciudades\u201d [Galer\u00eda]\",\"datePublished\":\"2021-07-29T19:51:53+00:00\",\"dateModified\":\"2021-07-31T00:24:04+00:00\",\"mainEntityOfPage\":{\"@id\":\"http:\/\/elregionalvm.com.ar\/noticias-villa-maria\/schiaretti-inauguro-el-nuevo-puente-es-la-expresion-del-progreso-y-la-union-de-ambas-ciudades-galeria\/\"},\"wordCount\":321,\"commentCount\":0,\"image\":{\"@id\":\"http:\/\/elregionalvm.com.ar\/noticias-villa-maria\/schiaretti-inauguro-el-nuevo-puente-es-la-expresion-del-progreso-y-la-union-de-ambas-ciudades-galeria\/#primaryimage\"},\"thumbnailUrl\":\"https:\/\/i0.wp.com\/elregionalvm.com.ar\/noticias-villa-maria\/wp-content\/uploads\/2021\/07\/Inauguracion-nuevo-puente-Schiaretti-y-autoridades-vertical.jpeg?fit=648%2C927&ssl=1\",\"keywords\":[\"Brigadier Juan Bautista Bustos\",\"inauguraci\u00f3n\",\"Juan Schiaretti\",\"nuevo puente\",\"Villa Mar\u00eda\",\"VILLA NUEVA\"],\"articleSection\":[\"Pol\u00edtica\"],\"inLanguage\":\"es\",\"potentialAction\":[{\"@type\":\"CommentAction\",\"name\":\"Comment\",\"target\":[\"http:\/\/elregionalvm.com.ar\/noticias-villa-maria\/schiaretti-inauguro-el-nuevo-puente-es-la-expresion-del-progreso-y-la-union-de-ambas-ciudades-galeria\/#respond\"]}]},{\"@type\":\"WebPage\",\"@id\":\"http:\/\/elregionalvm.com.ar\/noticias-villa-maria\/schiaretti-inauguro-el-nuevo-puente-es-la-expresion-del-progreso-y-la-union-de-ambas-ciudades-galeria\/\",\"url\":\"http:\/\/elregionalvm.com.ar\/noticias-villa-maria\/schiaretti-inauguro-el-nuevo-puente-es-la-expresion-del-progreso-y-la-union-de-ambas-ciudades-galeria\/\",\"name\":\"Schiaretti inaugur\u00f3 el nuevo puente: \u201cEs la expresi\u00f3n del progreso y la uni\u00f3n de ambas ciudades\u201d [Galer\u00eda] - El Regional\",\"isPartOf\":{\"@id\":\"http:\/\/elregionalvm.com.ar\/noticias-villa-maria\/#website\"},\"primaryImageOfPage\":{\"@id\":\"http:\/\/elregionalvm.com.ar\/noticias-villa-maria\/schiaretti-inauguro-el-nuevo-puente-es-la-expresion-del-progreso-y-la-union-de-ambas-ciudades-galeria\/#primaryimage\"},\"image\":{\"@id\":\"http:\/\/elregionalvm.com.ar\/noticias-villa-maria\/schiaretti-inauguro-el-nuevo-puente-es-la-expresion-del-progreso-y-la-union-de-ambas-ciudades-galeria\/#primaryimage\"},\"thumbnailUrl\":\"https:\/\/i0.wp.com\/elregionalvm.com.ar\/noticias-villa-maria\/wp-content\/uploads\/2021\/07\/Inauguracion-nuevo-puente-Schiaretti-y-autoridades-vertical.jpeg?fit=648%2C927&ssl=1\",\"datePublished\":\"2021-07-29T19:51:53+00:00\",\"dateModified\":\"2021-07-31T00:24:04+00:00\",\"author\":{\"@id\":\"http:\/\/elregionalvm.com.ar\/noticias-villa-maria\/#\/schema\/person\/a0fb9c422317faca23d50163151bc354\"},\"description\":\"El gobernador encabez\u00f3 la inauguraci\u00f3n oficial del nuevo puente \u201cBrigadier Juan Bautista Bustos\u201d, que une Villa Mar\u00eda y Villa Nueva.\",\"breadcrumb\":{\"@id\":\"http:\/\/elregionalvm.com.ar\/noticias-villa-maria\/schiaretti-inauguro-el-nuevo-puente-es-la-expresion-del-progreso-y-la-union-de-ambas-ciudades-galeria\/#breadcrumb\"},\"inLanguage\":\"es\",\"potentialAction\":[{\"@type\":\"ReadAction\",\"target\":[\"http:\/\/elregionalvm.com.ar\/noticias-villa-maria\/schiaretti-inauguro-el-nuevo-puente-es-la-expresion-del-progreso-y-la-union-de-ambas-ciudades-galeria\/\"]}]},{\"@type\":\"ImageObject\",\"inLanguage\":\"es\",\"@id\":\"http:\/\/elregionalvm.com.ar\/noticias-villa-maria\/schiaretti-inauguro-el-nuevo-puente-es-la-expresion-del-progreso-y-la-union-de-ambas-ciudades-galeria\/#primaryimage\",\"url\":\"https:\/\/i0.wp.com\/elregionalvm.com.ar\/noticias-villa-maria\/wp-content\/uploads\/2021\/07\/Inauguracion-nuevo-puente-Schiaretti-y-autoridades-vertical.jpeg?fit=648%2C927&ssl=1\",\"contentUrl\":\"https:\/\/i0.wp.com\/elregionalvm.com.ar\/noticias-villa-maria\/wp-content\/uploads\/2021\/07\/Inauguracion-nuevo-puente-Schiaretti-y-autoridades-vertical.jpeg?fit=648%2C927&ssl=1\",\"width\":648,\"height\":927},{\"@type\":\"BreadcrumbList\",\"@id\":\"http:\/\/elregionalvm.com.ar\/noticias-villa-maria\/schiaretti-inauguro-el-nuevo-puente-es-la-expresion-del-progreso-y-la-union-de-ambas-ciudades-galeria\/#breadcrumb\",\"itemListElement\":[{\"@type\":\"ListItem\",\"position\":1,\"name\":\"Portada\",\"item\":\"https:\/\/elregionalvm.com.ar\/noticias-villa-maria\/\"},{\"@type\":\"ListItem\",\"position\":2,\"name\":\"Schiaretti inaugur\u00f3 el nuevo puente: \u201cEs la expresi\u00f3n del progreso y la uni\u00f3n de ambas ciudades\u201d [Galer\u00eda]\"}]},{\"@type\":\"WebSite\",\"@id\":\"http:\/\/elregionalvm.com.ar\/noticias-villa-maria\/#website\",\"url\":\"http:\/\/elregionalvm.com.ar\/noticias-villa-maria\/\",\"name\":\"El Regional\",\"description\":\"Mucho m\u00e1s que informaci\u00f3n\",\"potentialAction\":[{\"@type\":\"SearchAction\",\"target\":{\"@type\":\"EntryPoint\",\"urlTemplate\":\"http:\/\/elregionalvm.com.ar\/noticias-villa-maria\/?s={search_term_string}\"},\"query-input\":{\"@type\":\"PropertyValueSpecification\",\"valueRequired\":true,\"valueName\":\"search_term_string\"}}],\"inLanguage\":\"es\"},{\"@type\":\"Person\",\"@id\":\"http:\/\/elregionalvm.com.ar\/noticias-villa-maria\/#\/schema\/person\/a0fb9c422317faca23d50163151bc354\",\"name\":\"Contenidos El Regional\",\"image\":{\"@type\":\"ImageObject\",\"inLanguage\":\"es\",\"@id\":\"http:\/\/elregionalvm.com.ar\/noticias-villa-maria\/#\/schema\/person\/image\/\",\"url\":\"https:\/\/secure.gravatar.com\/avatar\/265b27cb2209af7bb3a1318f03305787d7981a5cc6e6cd08fe5a4ecdf99d4b48?s=96&d=mm&r=g\",\"contentUrl\":\"https:\/\/secure.gravatar.com\/avatar\/265b27cb2209af7bb3a1318f03305787d7981a5cc6e6cd08fe5a4ecdf99d4b48?s=96&d=mm&r=g\",\"caption\":\"Contenidos El Regional\"},\"url\":\"https:\/\/elregionalvm.com.ar\/noticias-villa-maria\/author\/contenido\/\"}]}<\/script>\n<!-- \/ Yoast SEO plugin. -->","yoast_head_json":{"title":"Schiaretti inaugur\u00f3 el nuevo puente: \u201cEs la expresi\u00f3n del progreso y la uni\u00f3n de ambas ciudades\u201d [Galer\u00eda] - El Regional","description":"El gobernador encabez\u00f3 la inauguraci\u00f3n oficial del nuevo puente \u201cBrigadier Juan Bautista Bustos\u201d, que une Villa Mar\u00eda y Villa Nueva.","robots":{"index":"index","follow":"follow","max-snippet":"max-snippet:-1","max-image-preview":"max-image-preview:large","max-video-preview":"max-video-preview:-1"},"canonical":"http:\/\/elregionalvm.com.ar\/noticias-villa-maria\/schiaretti-inauguro-el-nuevo-puente-es-la-expresion-del-progreso-y-la-union-de-ambas-ciudades-galeria\/","og_locale":"es_ES","og_type":"article","og_title":"Schiaretti inaugur\u00f3 el nuevo puente: \u201cEs la expresi\u00f3n del progreso y la uni\u00f3n de ambas ciudades\u201d [Galer\u00eda] - El Regional","og_description":"El gobernador encabez\u00f3 la inauguraci\u00f3n oficial del nuevo puente \u201cBrigadier Juan Bautista Bustos\u201d, que une Villa Mar\u00eda y Villa Nueva.","og_url":"http:\/\/elregionalvm.com.ar\/noticias-villa-maria\/schiaretti-inauguro-el-nuevo-puente-es-la-expresion-del-progreso-y-la-union-de-ambas-ciudades-galeria\/","og_site_name":"El Regional","article_publisher":"https:\/\/www.facebook.com\/elregionalvm","article_published_time":"2021-07-29T19:51:53+00:00","article_modified_time":"2021-07-31T00:24:04+00:00","og_image":[{"width":648,"height":927,"url":"http:\/\/elregionalvm.com.ar\/noticias-villa-maria\/wp-content\/uploads\/2021\/07\/Inauguracion-nuevo-puente-Schiaretti-y-autoridades-vertical.jpeg","type":"image\/jpeg"}],"author":"Contenidos El Regional","twitter_card":"summary_large_image","twitter_creator":"@elregionalvm1","twitter_site":"@elregionalvm1","twitter_misc":{"Escrito por":"Contenidos El Regional","Tiempo de lectura":"4 minutos"},"schema":{"@context":"https:\/\/schema.org","@graph":[{"@type":"Article","@id":"http:\/\/elregionalvm.com.ar\/noticias-villa-maria\/schiaretti-inauguro-el-nuevo-puente-es-la-expresion-del-progreso-y-la-union-de-ambas-ciudades-galeria\/#article","isPartOf":{"@id":"http:\/\/elregionalvm.com.ar\/noticias-villa-maria\/schiaretti-inauguro-el-nuevo-puente-es-la-expresion-del-progreso-y-la-union-de-ambas-ciudades-galeria\/"},"author":{"name":"Contenidos El Regional","@id":"http:\/\/elregionalvm.com.ar\/noticias-villa-maria\/#\/schema\/person\/a0fb9c422317faca23d50163151bc354"},"headline":"Schiaretti inaugur\u00f3 el nuevo puente: \u201cEs la expresi\u00f3n del progreso y la uni\u00f3n de ambas ciudades\u201d [Galer\u00eda]","datePublished":"2021-07-29T19:51:53+00:00","dateModified":"2021-07-31T00:24:04+00:00","mainEntityOfPage":{"@id":"http:\/\/elregionalvm.com.ar\/noticias-villa-maria\/schiaretti-inauguro-el-nuevo-puente-es-la-expresion-del-progreso-y-la-union-de-ambas-ciudades-galeria\/"},"wordCount":321,"commentCount":0,"image":{"@id":"http:\/\/elregionalvm.com.ar\/noticias-villa-maria\/schiaretti-inauguro-el-nuevo-puente-es-la-expresion-del-progreso-y-la-union-de-ambas-ciudades-galeria\/#primaryimage"},"thumbnailUrl":"https:\/\/i0.wp.com\/elregionalvm.com.ar\/noticias-villa-maria\/wp-content\/uploads\/2021\/07\/Inauguracion-nuevo-puente-Schiaretti-y-autoridades-vertical.jpeg?fit=648%2C927&ssl=1","keywords":["Brigadier Juan Bautista Bustos","inauguraci\u00f3n","Juan Schiaretti","nuevo puente","Villa Mar\u00eda","VILLA NUEVA"],"articleSection":["Pol\u00edtica"],"inLanguage":"es","potentialAction":[{"@type":"CommentAction","name":"Comment","target":["http:\/\/elregionalvm.com.ar\/noticias-villa-maria\/schiaretti-inauguro-el-nuevo-puente-es-la-expresion-del-progreso-y-la-union-de-ambas-ciudades-galeria\/#respond"]}]},{"@type":"WebPage","@id":"http:\/\/elregionalvm.com.ar\/noticias-villa-maria\/schiaretti-inauguro-el-nuevo-puente-es-la-expresion-del-progreso-y-la-union-de-ambas-ciudades-galeria\/","url":"http:\/\/elregionalvm.com.ar\/noticias-villa-maria\/schiaretti-inauguro-el-nuevo-puente-es-la-expresion-del-progreso-y-la-union-de-ambas-ciudades-galeria\/","name":"Schiaretti inaugur\u00f3 el nuevo puente: \u201cEs la expresi\u00f3n del progreso y la uni\u00f3n de ambas ciudades\u201d [Galer\u00eda] - El Regional","isPartOf":{"@id":"http:\/\/elregionalvm.com.ar\/noticias-villa-maria\/#website"},"primaryImageOfPage":{"@id":"http:\/\/elregionalvm.com.ar\/noticias-villa-maria\/schiaretti-inauguro-el-nuevo-puente-es-la-expresion-del-progreso-y-la-union-de-ambas-ciudades-galeria\/#primaryimage"},"image":{"@id":"http:\/\/elregionalvm.com.ar\/noticias-villa-maria\/schiaretti-inauguro-el-nuevo-puente-es-la-expresion-del-progreso-y-la-union-de-ambas-ciudades-galeria\/#primaryimage"},"thumbnailUrl":"https:\/\/i0.wp.com\/elregionalvm.com.ar\/noticias-villa-maria\/wp-content\/uploads\/2021\/07\/Inauguracion-nuevo-puente-Schiaretti-y-autoridades-vertical.jpeg?fit=648%2C927&ssl=1","datePublished":"2021-07-29T19:51:53+00:00","dateModified":"2021-07-31T00:24:04+00:00","author":{"@id":"http:\/\/elregionalvm.com.ar\/noticias-villa-maria\/#\/schema\/person\/a0fb9c422317faca23d50163151bc354"},"description":"El gobernador encabez\u00f3 la inauguraci\u00f3n oficial del nuevo puente \u201cBrigadier Juan Bautista Bustos\u201d, que une Villa Mar\u00eda y Villa Nueva.","breadcrumb":{"@id":"http:\/\/elregionalvm.com.ar\/noticias-villa-maria\/schiaretti-inauguro-el-nuevo-puente-es-la-expresion-del-progreso-y-la-union-de-ambas-ciudades-galeria\/#breadcrumb"},"inLanguage":"es","potentialAction":[{"@type":"ReadAction","target":["http:\/\/elregionalvm.com.ar\/noticias-villa-maria\/schiaretti-inauguro-el-nuevo-puente-es-la-expresion-del-progreso-y-la-union-de-ambas-ciudades-galeria\/"]}]},{"@type":"ImageObject","inLanguage":"es","@id":"http:\/\/elregionalvm.com.ar\/noticias-villa-maria\/schiaretti-inauguro-el-nuevo-puente-es-la-expresion-del-progreso-y-la-union-de-ambas-ciudades-galeria\/#primaryimage","url":"https:\/\/i0.wp.com\/elregionalvm.com.ar\/noticias-villa-maria\/wp-content\/uploads\/2021\/07\/Inauguracion-nuevo-puente-Schiaretti-y-autoridades-vertical.jpeg?fit=648%2C927&ssl=1","contentUrl":"https:\/\/i0.wp.com\/elregionalvm.com.ar\/noticias-villa-maria\/wp-content\/uploads\/2021\/07\/Inauguracion-nuevo-puente-Schiaretti-y-autoridades-vertical.jpeg?fit=648%2C927&ssl=1","width":648,"height":927},{"@type":"BreadcrumbList","@id":"http:\/\/elregionalvm.com.ar\/noticias-villa-maria\/schiaretti-inauguro-el-nuevo-puente-es-la-expresion-del-progreso-y-la-union-de-ambas-ciudades-galeria\/#breadcrumb","itemListElement":[{"@type":"ListItem","position":1,"name":"Portada","item":"https:\/\/elregionalvm.com.ar\/noticias-villa-maria\/"},{"@type":"ListItem","position":2,"name":"Schiaretti inaugur\u00f3 el nuevo puente: \u201cEs la expresi\u00f3n del progreso y la uni\u00f3n de ambas ciudades\u201d [Galer\u00eda]"}]},{"@type":"WebSite","@id":"http:\/\/elregionalvm.com.ar\/noticias-villa-maria\/#website","url":"http:\/\/elregionalvm.com.ar\/noticias-villa-maria\/","name":"El Regional","description":"Mucho m\u00e1s que informaci\u00f3n","potentialAction":[{"@type":"SearchAction","target":{"@type":"EntryPoint","urlTemplate":"http:\/\/elregionalvm.com.ar\/noticias-villa-maria\/?s={search_term_string}"},"query-input":{"@type":"PropertyValueSpecification","valueRequired":true,"valueName":"search_term_string"}}],"inLanguage":"es"},{"@type":"Person","@id":"http:\/\/elregionalvm.com.ar\/noticias-villa-maria\/#\/schema\/person\/a0fb9c422317faca23d50163151bc354","name":"Contenidos El Regional","image":{"@type":"ImageObject","inLanguage":"es","@id":"http:\/\/elregionalvm.com.ar\/noticias-villa-maria\/#\/schema\/person\/image\/","url":"https:\/\/secure.gravatar.com\/avatar\/265b27cb2209af7bb3a1318f03305787d7981a5cc6e6cd08fe5a4ecdf99d4b48?s=96&d=mm&r=g","contentUrl":"https:\/\/secure.gravatar.com\/avatar\/265b27cb2209af7bb3a1318f03305787d7981a5cc6e6cd08fe5a4ecdf99d4b48?s=96&d=mm&r=g","caption":"Contenidos El Regional"},"url":"https:\/\/elregionalvm.com.ar\/noticias-villa-maria\/author\/contenido\/"}]}},"jetpack_featured_media_url":"https:\/\/i0.wp.com\/elregionalvm.com.ar\/noticias-villa-maria\/wp-content\/uploads\/2021\/07\/Inauguracion-nuevo-puente-Schiaretti-y-autoridades-vertical.jpeg?fit=648%2C927&ssl=1","jetpack_sharing_enabled":true,"_links":{"self":[{"href":"https:\/\/elregionalvm.com.ar\/noticias-villa-maria\/wp-json\/wp\/v2\/posts\/41700","targetHints":{"allow":["GET"]}}],"collection":[{"href":"https:\/\/elregionalvm.com.ar\/noticias-villa-maria\/wp-json\/wp\/v2\/posts"}],"about":[{"href":"https:\/\/elregionalvm.com.ar\/noticias-villa-maria\/wp-json\/wp\/v2\/types\/post"}],"author":[{"embeddable":true,"href":"https:\/\/elregionalvm.com.ar\/noticias-villa-maria\/wp-json\/wp\/v2\/users\/4"}],"replies":[{"embeddable":true,"href":"https:\/\/elregionalvm.com.ar\/noticias-villa-maria\/wp-json\/wp\/v2\/comments?post=41700"}],"version-history":[{"count":4,"href":"https:\/\/elregionalvm.com.ar\/noticias-villa-maria\/wp-json\/wp\/v2\/posts\/41700\/revisions"}],"predecessor-version":[{"id":41764,"href":"https:\/\/elregionalvm.com.ar\/noticias-villa-maria\/wp-json\/wp\/v2\/posts\/41700\/revisions\/41764"}],"wp:featuredmedia":[{"embeddable":true,"href":"https:\/\/elregionalvm.com.ar\/noticias-villa-maria\/wp-json\/wp\/v2\/media\/41752"}],"wp:attachment":[{"href":"https:\/\/elregionalvm.com.ar\/noticias-villa-maria\/wp-json\/wp\/v2\/media?parent=41700"}],"wp:term":[{"taxonomy":"category","embeddable":true,"href":"https:\/\/elregionalvm.com.ar\/noticias-villa-maria\/wp-json\/wp\/v2\/categories?post=41700"},{"taxonomy":"post_tag","embeddable":true,"href":"https:\/\/elregionalvm.com.ar\/noticias-villa-maria\/wp-json\/wp\/v2\/tags?post=41700"}],"curies":[{"name":"wp","href":"https:\/\/api.w.org\/{rel}","templated":true}]}}