{"id":41721,"date":"2021-07-29T22:39:32","date_gmt":"2021-07-29T22:39:32","guid":{"rendered":"https:\/\/elregionalvm.com.ar\/noticias-villa-maria\/?p=41721"},"modified":"2021-07-29T22:39:33","modified_gmt":"2021-07-29T22:39:33","slug":"bacheos-en-el-microcentro-y-remodelacion-del-caps-de-bo-belgrano","status":"publish","type":"post","link":"https:\/\/elregionalvm.com.ar\/noticias-villa-maria\/bacheos-en-el-microcentro-y-remodelacion-del-caps-de-bo-belgrano\/","title":{"rendered":"Bacheos en el microcentro y remodelaci\u00f3n del CAPS de B\u00ba Belgrano"},"content":{"rendered":"\n<p>En el marco del Plan Integral de Bacheo implementado por el municipio, durante la jornada de este jueves, se realizan intervenciones con asfalto en diferentes arterias del microcentro. Las mismas son planificadas e instrumentadas por la Secretar\u00eda de Ambiente, Obras y Servicios P\u00fablicos y buscan mantener y mejorar la carpeta asf\u00e1ltica de la ciudad.<\/p>\n\n\n\n<p>Las tareas iniciaron en calle Lisandro de la Torre, entre Catamarca y San Juan y luego continuar\u00e1n en diferentes sectores de calle Catamarca, entre Chile y Alem y tambi\u00e9n en calle Chile, entre Buenos Aires y Santa Fe.<\/p>\n\n\n\n<p>Por estos motivos, se solicita a quienes transiten por esos sectores, lo hagan con precauci\u00f3n y respetando las se\u00f1alizaciones que puedan presentarse en el lugar.<\/p>\n\n\n\n<p>El objetivo de estas tareas es mejorar las calles de nuestra ciudad para brindar mayor seguridad al tr\u00e1nsito y a transe\u00fantes, tanto en barrios como en el microcentro.<\/p>\n\n\n\n<div class=\"wp-block-image\"><figure class=\"aligncenter size-large is-resized\"><img data-recalc-dims=\"1\" fetchpriority=\"high\" decoding=\"async\" src=\"https:\/\/i0.wp.com\/elregionalvm.com.ar\/noticias-villa-maria\/wp-content\/uploads\/2021\/07\/WhatsApp-Image-2021-07-29-at-14.32.41-1.jpeg?resize=521%2C346&#038;ssl=1\" alt=\"\" class=\"wp-image-41723\" width=\"521\" height=\"346\" srcset=\"https:\/\/i0.wp.com\/elregionalvm.com.ar\/noticias-villa-maria\/wp-content\/uploads\/2021\/07\/WhatsApp-Image-2021-07-29-at-14.32.41-1.jpeg?resize=1024%2C682&amp;ssl=1 1024w, https:\/\/i0.wp.com\/elregionalvm.com.ar\/noticias-villa-maria\/wp-content\/uploads\/2021\/07\/WhatsApp-Image-2021-07-29-at-14.32.41-1.jpeg?resize=300%2C200&amp;ssl=1 300w, https:\/\/i0.wp.com\/elregionalvm.com.ar\/noticias-villa-maria\/wp-content\/uploads\/2021\/07\/WhatsApp-Image-2021-07-29-at-14.32.41-1.jpeg?resize=768%2C512&amp;ssl=1 768w, https:\/\/i0.wp.com\/elregionalvm.com.ar\/noticias-villa-maria\/wp-content\/uploads\/2021\/07\/WhatsApp-Image-2021-07-29-at-14.32.41-1.jpeg?w=1280&amp;ssl=1 1280w\" sizes=\"(max-width: 521px) 100vw, 521px\" \/><\/figure><\/div>\n\n\n\n<p><strong>Tareas de remodelaci\u00f3n del CAPS de barrio Belgrano<\/strong><\/p>\n\n\n\n<p>El intendente interino supervis\u00f3 las tareas de remodelaci\u00f3n y refuncionalizaci\u00f3n del Centro de Atenci\u00f3n Primaria de la Salud (CAPS) de barrio Belgrano, que se encuentra en su etapa final y que forma parte del plan de remodelaci\u00f3n de todos estos espacios. Lo hizo acompa\u00f1ado por el secretario de Salud, Pedro Trecco; el secretario de Ambiente, Obras y Servicios P\u00fablico, Omar Regueira; la directora del MuniCerca 8, Lucrecia Falco y la directora de la Asistencia P\u00fablica, Victoria Becco.<\/p>\n\n\n\n<p>\u201cEstamos empezando a ver los frutos de todas esas gestiones que realizamos el a\u00f1o pasado, para mejorar todos los CAPS y la Asistencia P\u00fablica, tareas que se est\u00e1n llevando de manera paralela y que buscan optimizar las condiciones para el funcionamiento de estos espacios tanto en infraestructura como en personal\u201d, dijo Rosso.<\/p>\n\n\n\n<div class=\"wp-block-image\"><figure class=\"aligncenter size-large is-resized\"><img data-recalc-dims=\"1\" decoding=\"async\" src=\"https:\/\/i0.wp.com\/elregionalvm.com.ar\/noticias-villa-maria\/wp-content\/uploads\/2021\/07\/WhatsApp-Image-2021-07-29-at-14.31.26.jpeg?resize=573%2C381&#038;ssl=1\" alt=\"\" class=\"wp-image-41724\" width=\"573\" height=\"381\" srcset=\"https:\/\/i0.wp.com\/elregionalvm.com.ar\/noticias-villa-maria\/wp-content\/uploads\/2021\/07\/WhatsApp-Image-2021-07-29-at-14.31.26.jpeg?resize=1024%2C682&amp;ssl=1 1024w, https:\/\/i0.wp.com\/elregionalvm.com.ar\/noticias-villa-maria\/wp-content\/uploads\/2021\/07\/WhatsApp-Image-2021-07-29-at-14.31.26.jpeg?resize=300%2C200&amp;ssl=1 300w, https:\/\/i0.wp.com\/elregionalvm.com.ar\/noticias-villa-maria\/wp-content\/uploads\/2021\/07\/WhatsApp-Image-2021-07-29-at-14.31.26.jpeg?resize=768%2C512&amp;ssl=1 768w, https:\/\/i0.wp.com\/elregionalvm.com.ar\/noticias-villa-maria\/wp-content\/uploads\/2021\/07\/WhatsApp-Image-2021-07-29-at-14.31.26.jpeg?w=1280&amp;ssl=1 1280w\" sizes=\"(max-width: 573px) 100vw, 573px\" \/><\/figure><\/div>\n\n\n\n<p>Al respecto, agreg\u00f3 que el objetivo \u201ces seguir respaldando la atenci\u00f3n primaria de la salud en cada uno de los centros y barrios de la ciudad, para fortalecerlos no solo pensando en la pandemia sino volviendo a la nueva normalidad con la evoluci\u00f3n, seguimiento de enfermedades cr\u00f3nicas o esquemas de vacunaci\u00f3n, para seguir dando la contundencia al dispositivo de salud\u201d.<\/p>\n\n\n\n<p>Sobre las tareas para la restauraci\u00f3n y refuncionalizaci\u00f3n del espacio, destacan los trabajos de alba\u00f1iler\u00eda, pintura, impermeabilizaci\u00f3n de techos, instalaciones el\u00e9ctricas, de calefacci\u00f3n, agua y cloaca. Adem\u00e1s, se realizaron trabajos para garantizar la accesibilidad universal del CAPS.<\/p>\n\n\n\n<p>Actualmente, se avanza en los \u00faltimos detalles de pintura para dar por culminada la obra en el espacio que lleva el nombre de Karina Marabotto.<\/p>\n\n\n\n<p>Cabe destacar que estas acciones se realizan tras la gesti\u00f3n de Rosso ante el Gobierno nacional y son financiadas por la Secretar\u00eda de Obras P\u00fablicas. Las mismas se llevan a cabo en todos los CAPS de la ciudad, tres de los cuales se encuentran en la \u00faltima etapa de trabajo mientras que en los restantes ya iniciaron las acciones para mejorar y acondicionar la infraestructura, al igual que en la Asistencia P\u00fablica.<\/p>\n\n\n\n<figure class=\"wp-block-gallery columns-2 is-cropped wp-block-gallery-1 is-layout-flex wp-block-gallery-is-layout-flex\"><ul class=\"blocks-gallery-grid\"><li class=\"blocks-gallery-item\"><figure><img data-recalc-dims=\"1\" decoding=\"async\" width=\"1024\" height=\"682\" src=\"https:\/\/i0.wp.com\/elregionalvm.com.ar\/noticias-villa-maria\/wp-content\/uploads\/2021\/07\/WhatsApp-Image-2021-07-29-at-14.31.27.jpeg?resize=1024%2C682&#038;ssl=1\" alt=\"\" data-id=\"41725\" data-link=\"https:\/\/elregionalvm.com.ar\/noticias-villa-maria\/?attachment_id=41725\" class=\"wp-image-41725\" srcset=\"https:\/\/i0.wp.com\/elregionalvm.com.ar\/noticias-villa-maria\/wp-content\/uploads\/2021\/07\/WhatsApp-Image-2021-07-29-at-14.31.27.jpeg?resize=1024%2C682&amp;ssl=1 1024w, https:\/\/i0.wp.com\/elregionalvm.com.ar\/noticias-villa-maria\/wp-content\/uploads\/2021\/07\/WhatsApp-Image-2021-07-29-at-14.31.27.jpeg?resize=300%2C200&amp;ssl=1 300w, https:\/\/i0.wp.com\/elregionalvm.com.ar\/noticias-villa-maria\/wp-content\/uploads\/2021\/07\/WhatsApp-Image-2021-07-29-at-14.31.27.jpeg?resize=768%2C512&amp;ssl=1 768w, https:\/\/i0.wp.com\/elregionalvm.com.ar\/noticias-villa-maria\/wp-content\/uploads\/2021\/07\/WhatsApp-Image-2021-07-29-at-14.31.27.jpeg?w=1280&amp;ssl=1 1280w\" sizes=\"(max-width: 1000px) 100vw, 1000px\" \/><\/figure><\/li><li class=\"blocks-gallery-item\"><figure><img data-recalc-dims=\"1\" loading=\"lazy\" decoding=\"async\" width=\"1024\" height=\"682\" src=\"https:\/\/i0.wp.com\/elregionalvm.com.ar\/noticias-villa-maria\/wp-content\/uploads\/2021\/07\/WhatsApp-Image-2021-07-29-at-14.31.28.jpeg?resize=1024%2C682&#038;ssl=1\" alt=\"\" data-id=\"41726\" data-full-url=\"https:\/\/elregionalvm.com.ar\/noticias-villa-maria\/wp-content\/uploads\/2021\/07\/WhatsApp-Image-2021-07-29-at-14.31.28.jpeg\" data-link=\"https:\/\/elregionalvm.com.ar\/noticias-villa-maria\/?attachment_id=41726\" class=\"wp-image-41726\" srcset=\"https:\/\/i0.wp.com\/elregionalvm.com.ar\/noticias-villa-maria\/wp-content\/uploads\/2021\/07\/WhatsApp-Image-2021-07-29-at-14.31.28.jpeg?resize=1024%2C682&amp;ssl=1 1024w, https:\/\/i0.wp.com\/elregionalvm.com.ar\/noticias-villa-maria\/wp-content\/uploads\/2021\/07\/WhatsApp-Image-2021-07-29-at-14.31.28.jpeg?resize=300%2C200&amp;ssl=1 300w, https:\/\/i0.wp.com\/elregionalvm.com.ar\/noticias-villa-maria\/wp-content\/uploads\/2021\/07\/WhatsApp-Image-2021-07-29-at-14.31.28.jpeg?resize=768%2C512&amp;ssl=1 768w, https:\/\/i0.wp.com\/elregionalvm.com.ar\/noticias-villa-maria\/wp-content\/uploads\/2021\/07\/WhatsApp-Image-2021-07-29-at-14.31.28.jpeg?w=1280&amp;ssl=1 1280w\" sizes=\"(max-width: 1000px) 100vw, 1000px\" \/><\/figure><\/li><\/ul><\/figure>\n","protected":false},"excerpt":{"rendered":"<p>En el marco del Plan Integral de Bacheo implementado por el municipio, durante la jornada de este jueves, se realizan intervenciones con asfalto en diferentes arterias del microcentro. Las mismas son planificadas e instrumentadas por la Secretar\u00eda de Ambiente, Obras y Servicios P\u00fablicos y buscan mantener y mejorar la carpeta asf\u00e1ltica de la ciudad. Las [&hellip;]<\/p>\n","protected":false},"author":4,"featured_media":41722,"comment_status":"open","ping_status":"open","sticky":false,"template":"","format":"standard","meta":{"site-sidebar-layout":"default","site-content-layout":"default","ast-site-content-layout":"default","site-content-style":"default","site-sidebar-style":"default","ast-global-header-display":"","ast-banner-title-visibility":"","ast-main-header-display":"","ast-hfb-above-header-display":"","ast-hfb-below-header-display":"","ast-hfb-mobile-header-display":"","site-post-title":"","ast-breadcrumbs-content":"","ast-featured-img":"","footer-sml-layout":"","ast-disable-related-posts":"","theme-transparent-header-meta":"default","adv-header-id-meta":"","stick-header-meta":"","header-above-stick-meta":"","header-main-stick-meta":"","header-below-stick-meta":"","astra-migrate-meta-layouts":"default","ast-page-background-enabled":"default","ast-page-background-meta":{"desktop":{"background-color":"","background-image":"","background-repeat":"repeat","background-position":"center center","background-size":"auto","background-attachment":"scroll","background-type":"","background-media":"","overlay-type":"","overlay-color":"","overlay-opacity":"","overlay-gradient":""},"tablet":{"background-color":"","background-image":"","background-repeat":"repeat","background-position":"center center","background-size":"auto","background-attachment":"scroll","background-type":"","background-media":"","overlay-type":"","overlay-color":"","overlay-opacity":"","overlay-gradient":""},"mobile":{"background-color":"","background-image":"","background-repeat":"repeat","background-position":"center center","background-size":"auto","background-attachment":"scroll","background-type":"","background-media":"","overlay-type":"","overlay-color":"","overlay-opacity":"","overlay-gradient":""}},"ast-content-background-meta":{"desktop":{"background-color":"var(--ast-global-color-5)","background-image":"","background-repeat":"repeat","background-position":"center center","background-size":"auto","background-attachment":"scroll","background-type":"","background-media":"","overlay-type":"","overlay-color":"","overlay-opacity":"","overlay-gradient":""},"tablet":{"background-color":"var(--ast-global-color-5)","background-image":"","background-repeat":"repeat","background-position":"center center","background-size":"auto","background-attachment":"scroll","background-type":"","background-media":"","overlay-type":"","overlay-color":"","overlay-opacity":"","overlay-gradient":""},"mobile":{"background-color":"var(--ast-global-color-5)","background-image":"","background-repeat":"repeat","background-position":"center center","background-size":"auto","background-attachment":"scroll","background-type":"","background-media":"","overlay-type":"","overlay-color":"","overlay-opacity":"","overlay-gradient":""}},"_jetpack_memberships_contains_paid_content":false,"_joinchat":[],"footnotes":""},"categories":[2],"tags":[10263,823,1232,2409,10264,2248],"class_list":["post-41721","post","type-post","status-publish","format-standard","has-post-thumbnail","hentry","category-villa-maria","tag-bacheo-microcentro","tag-barrio-belgrano","tag-destacado","tag-obras-publicas","tag-remodelacion-caps","tag-villa-maria-2"],"yoast_head":"<!-- This site is optimized with the Yoast SEO plugin v26.8 - https:\/\/yoast.com\/product\/yoast-seo-wordpress\/ -->\n<title>Bacheos en el microcentro y remodelaci\u00f3n del CAPS de B\u00ba Belgrano - El Regional<\/title>\n<meta name=\"robots\" content=\"index, follow, max-snippet:-1, max-image-preview:large, max-video-preview:-1\" \/>\n<link rel=\"canonical\" href=\"http:\/\/elregionalvm.com.ar\/noticias-villa-maria\/bacheos-en-el-microcentro-y-remodelacion-del-caps-de-bo-belgrano\/\" \/>\n<meta property=\"og:locale\" content=\"es_ES\" \/>\n<meta property=\"og:type\" content=\"article\" \/>\n<meta property=\"og:title\" content=\"Bacheos en el microcentro y remodelaci\u00f3n del CAPS de B\u00ba Belgrano - El Regional\" \/>\n<meta property=\"og:description\" content=\"En el marco del Plan Integral de Bacheo implementado por el municipio, durante la jornada de este jueves, se realizan intervenciones con asfalto en diferentes arterias del microcentro. Las mismas son planificadas e instrumentadas por la Secretar\u00eda de Ambiente, Obras y Servicios P\u00fablicos y buscan mantener y mejorar la carpeta asf\u00e1ltica de la ciudad. Las [&hellip;]\" \/>\n<meta property=\"og:url\" content=\"http:\/\/elregionalvm.com.ar\/noticias-villa-maria\/bacheos-en-el-microcentro-y-remodelacion-del-caps-de-bo-belgrano\/\" \/>\n<meta property=\"og:site_name\" content=\"El Regional\" \/>\n<meta property=\"article:publisher\" content=\"https:\/\/www.facebook.com\/elregionalvm\" \/>\n<meta property=\"article:published_time\" content=\"2021-07-29T22:39:32+00:00\" \/>\n<meta property=\"article:modified_time\" content=\"2021-07-29T22:39:33+00:00\" \/>\n<meta property=\"og:image\" content=\"http:\/\/elregionalvm.com.ar\/noticias-villa-maria\/wp-content\/uploads\/2021\/07\/WhatsApp-Image-2021-07-29-at-14.32.41.jpeg\" \/>\n\t<meta property=\"og:image:width\" content=\"1280\" \/>\n\t<meta property=\"og:image:height\" content=\"853\" \/>\n\t<meta property=\"og:image:type\" content=\"image\/jpeg\" \/>\n<meta name=\"author\" content=\"Contenidos El Regional\" \/>\n<meta name=\"twitter:card\" content=\"summary_large_image\" \/>\n<meta name=\"twitter:creator\" content=\"@elregionalvm1\" \/>\n<meta name=\"twitter:site\" content=\"@elregionalvm1\" \/>\n<meta name=\"twitter:label1\" content=\"Escrito por\" \/>\n\t<meta name=\"twitter:data1\" content=\"Contenidos El Regional\" \/>\n\t<meta name=\"twitter:label2\" content=\"Tiempo de lectura\" \/>\n\t<meta name=\"twitter:data2\" content=\"3 minutos\" \/>\n<script type=\"application\/ld+json\" class=\"yoast-schema-graph\">{\"@context\":\"https:\/\/schema.org\",\"@graph\":[{\"@type\":\"Article\",\"@id\":\"http:\/\/elregionalvm.com.ar\/noticias-villa-maria\/bacheos-en-el-microcentro-y-remodelacion-del-caps-de-bo-belgrano\/#article\",\"isPartOf\":{\"@id\":\"http:\/\/elregionalvm.com.ar\/noticias-villa-maria\/bacheos-en-el-microcentro-y-remodelacion-del-caps-de-bo-belgrano\/\"},\"author\":{\"name\":\"Contenidos El Regional\",\"@id\":\"http:\/\/elregionalvm.com.ar\/noticias-villa-maria\/#\/schema\/person\/a0fb9c422317faca23d50163151bc354\"},\"headline\":\"Bacheos en el microcentro y remodelaci\u00f3n del CAPS de B\u00ba Belgrano\",\"datePublished\":\"2021-07-29T22:39:32+00:00\",\"dateModified\":\"2021-07-29T22:39:33+00:00\",\"mainEntityOfPage\":{\"@id\":\"http:\/\/elregionalvm.com.ar\/noticias-villa-maria\/bacheos-en-el-microcentro-y-remodelacion-del-caps-de-bo-belgrano\/\"},\"wordCount\":523,\"commentCount\":0,\"image\":{\"@id\":\"http:\/\/elregionalvm.com.ar\/noticias-villa-maria\/bacheos-en-el-microcentro-y-remodelacion-del-caps-de-bo-belgrano\/#primaryimage\"},\"thumbnailUrl\":\"https:\/\/i0.wp.com\/elregionalvm.com.ar\/noticias-villa-maria\/wp-content\/uploads\/2021\/07\/WhatsApp-Image-2021-07-29-at-14.32.41.jpeg?fit=1280%2C853&ssl=1\",\"keywords\":[\"bacheo microcentro\",\"Barrio Belgrano\",\"destacado\",\"Obras p\u00fablicas\",\"remodelaci\u00f3n CAPS\",\"Villa Mar\u00eda\"],\"articleSection\":[\"Villa Mar\u00eda\"],\"inLanguage\":\"es\",\"potentialAction\":[{\"@type\":\"CommentAction\",\"name\":\"Comment\",\"target\":[\"http:\/\/elregionalvm.com.ar\/noticias-villa-maria\/bacheos-en-el-microcentro-y-remodelacion-del-caps-de-bo-belgrano\/#respond\"]}]},{\"@type\":\"WebPage\",\"@id\":\"http:\/\/elregionalvm.com.ar\/noticias-villa-maria\/bacheos-en-el-microcentro-y-remodelacion-del-caps-de-bo-belgrano\/\",\"url\":\"http:\/\/elregionalvm.com.ar\/noticias-villa-maria\/bacheos-en-el-microcentro-y-remodelacion-del-caps-de-bo-belgrano\/\",\"name\":\"Bacheos en el microcentro y remodelaci\u00f3n del CAPS de B\u00ba Belgrano - El Regional\",\"isPartOf\":{\"@id\":\"http:\/\/elregionalvm.com.ar\/noticias-villa-maria\/#website\"},\"primaryImageOfPage\":{\"@id\":\"http:\/\/elregionalvm.com.ar\/noticias-villa-maria\/bacheos-en-el-microcentro-y-remodelacion-del-caps-de-bo-belgrano\/#primaryimage\"},\"image\":{\"@id\":\"http:\/\/elregionalvm.com.ar\/noticias-villa-maria\/bacheos-en-el-microcentro-y-remodelacion-del-caps-de-bo-belgrano\/#primaryimage\"},\"thumbnailUrl\":\"https:\/\/i0.wp.com\/elregionalvm.com.ar\/noticias-villa-maria\/wp-content\/uploads\/2021\/07\/WhatsApp-Image-2021-07-29-at-14.32.41.jpeg?fit=1280%2C853&ssl=1\",\"datePublished\":\"2021-07-29T22:39:32+00:00\",\"dateModified\":\"2021-07-29T22:39:33+00:00\",\"author\":{\"@id\":\"http:\/\/elregionalvm.com.ar\/noticias-villa-maria\/#\/schema\/person\/a0fb9c422317faca23d50163151bc354\"},\"breadcrumb\":{\"@id\":\"http:\/\/elregionalvm.com.ar\/noticias-villa-maria\/bacheos-en-el-microcentro-y-remodelacion-del-caps-de-bo-belgrano\/#breadcrumb\"},\"inLanguage\":\"es\",\"potentialAction\":[{\"@type\":\"ReadAction\",\"target\":[\"http:\/\/elregionalvm.com.ar\/noticias-villa-maria\/bacheos-en-el-microcentro-y-remodelacion-del-caps-de-bo-belgrano\/\"]}]},{\"@type\":\"ImageObject\",\"inLanguage\":\"es\",\"@id\":\"http:\/\/elregionalvm.com.ar\/noticias-villa-maria\/bacheos-en-el-microcentro-y-remodelacion-del-caps-de-bo-belgrano\/#primaryimage\",\"url\":\"https:\/\/i0.wp.com\/elregionalvm.com.ar\/noticias-villa-maria\/wp-content\/uploads\/2021\/07\/WhatsApp-Image-2021-07-29-at-14.32.41.jpeg?fit=1280%2C853&ssl=1\",\"contentUrl\":\"https:\/\/i0.wp.com\/elregionalvm.com.ar\/noticias-villa-maria\/wp-content\/uploads\/2021\/07\/WhatsApp-Image-2021-07-29-at-14.32.41.jpeg?fit=1280%2C853&ssl=1\",\"width\":1280,\"height\":853},{\"@type\":\"BreadcrumbList\",\"@id\":\"http:\/\/elregionalvm.com.ar\/noticias-villa-maria\/bacheos-en-el-microcentro-y-remodelacion-del-caps-de-bo-belgrano\/#breadcrumb\",\"itemListElement\":[{\"@type\":\"ListItem\",\"position\":1,\"name\":\"Portada\",\"item\":\"https:\/\/elregionalvm.com.ar\/noticias-villa-maria\/\"},{\"@type\":\"ListItem\",\"position\":2,\"name\":\"Bacheos en el microcentro y remodelaci\u00f3n del CAPS de B\u00ba Belgrano\"}]},{\"@type\":\"WebSite\",\"@id\":\"http:\/\/elregionalvm.com.ar\/noticias-villa-maria\/#website\",\"url\":\"http:\/\/elregionalvm.com.ar\/noticias-villa-maria\/\",\"name\":\"El Regional\",\"description\":\"Mucho m\u00e1s que informaci\u00f3n\",\"potentialAction\":[{\"@type\":\"SearchAction\",\"target\":{\"@type\":\"EntryPoint\",\"urlTemplate\":\"http:\/\/elregionalvm.com.ar\/noticias-villa-maria\/?s={search_term_string}\"},\"query-input\":{\"@type\":\"PropertyValueSpecification\",\"valueRequired\":true,\"valueName\":\"search_term_string\"}}],\"inLanguage\":\"es\"},{\"@type\":\"Person\",\"@id\":\"http:\/\/elregionalvm.com.ar\/noticias-villa-maria\/#\/schema\/person\/a0fb9c422317faca23d50163151bc354\",\"name\":\"Contenidos El Regional\",\"image\":{\"@type\":\"ImageObject\",\"inLanguage\":\"es\",\"@id\":\"http:\/\/elregionalvm.com.ar\/noticias-villa-maria\/#\/schema\/person\/image\/\",\"url\":\"https:\/\/secure.gravatar.com\/avatar\/265b27cb2209af7bb3a1318f03305787d7981a5cc6e6cd08fe5a4ecdf99d4b48?s=96&d=mm&r=g\",\"contentUrl\":\"https:\/\/secure.gravatar.com\/avatar\/265b27cb2209af7bb3a1318f03305787d7981a5cc6e6cd08fe5a4ecdf99d4b48?s=96&d=mm&r=g\",\"caption\":\"Contenidos El Regional\"},\"url\":\"https:\/\/elregionalvm.com.ar\/noticias-villa-maria\/author\/contenido\/\"}]}<\/script>\n<!-- \/ Yoast SEO plugin. -->","yoast_head_json":{"title":"Bacheos en el microcentro y remodelaci\u00f3n del CAPS de B\u00ba Belgrano - El Regional","robots":{"index":"index","follow":"follow","max-snippet":"max-snippet:-1","max-image-preview":"max-image-preview:large","max-video-preview":"max-video-preview:-1"},"canonical":"http:\/\/elregionalvm.com.ar\/noticias-villa-maria\/bacheos-en-el-microcentro-y-remodelacion-del-caps-de-bo-belgrano\/","og_locale":"es_ES","og_type":"article","og_title":"Bacheos en el microcentro y remodelaci\u00f3n del CAPS de B\u00ba Belgrano - El Regional","og_description":"En el marco del Plan Integral de Bacheo implementado por el municipio, durante la jornada de este jueves, se realizan intervenciones con asfalto en diferentes arterias del microcentro. Las mismas son planificadas e instrumentadas por la Secretar\u00eda de Ambiente, Obras y Servicios P\u00fablicos y buscan mantener y mejorar la carpeta asf\u00e1ltica de la ciudad. Las [&hellip;]","og_url":"http:\/\/elregionalvm.com.ar\/noticias-villa-maria\/bacheos-en-el-microcentro-y-remodelacion-del-caps-de-bo-belgrano\/","og_site_name":"El Regional","article_publisher":"https:\/\/www.facebook.com\/elregionalvm","article_published_time":"2021-07-29T22:39:32+00:00","article_modified_time":"2021-07-29T22:39:33+00:00","og_image":[{"width":1280,"height":853,"url":"http:\/\/elregionalvm.com.ar\/noticias-villa-maria\/wp-content\/uploads\/2021\/07\/WhatsApp-Image-2021-07-29-at-14.32.41.jpeg","type":"image\/jpeg"}],"author":"Contenidos El Regional","twitter_card":"summary_large_image","twitter_creator":"@elregionalvm1","twitter_site":"@elregionalvm1","twitter_misc":{"Escrito por":"Contenidos El Regional","Tiempo de lectura":"3 minutos"},"schema":{"@context":"https:\/\/schema.org","@graph":[{"@type":"Article","@id":"http:\/\/elregionalvm.com.ar\/noticias-villa-maria\/bacheos-en-el-microcentro-y-remodelacion-del-caps-de-bo-belgrano\/#article","isPartOf":{"@id":"http:\/\/elregionalvm.com.ar\/noticias-villa-maria\/bacheos-en-el-microcentro-y-remodelacion-del-caps-de-bo-belgrano\/"},"author":{"name":"Contenidos El Regional","@id":"http:\/\/elregionalvm.com.ar\/noticias-villa-maria\/#\/schema\/person\/a0fb9c422317faca23d50163151bc354"},"headline":"Bacheos en el microcentro y remodelaci\u00f3n del CAPS de B\u00ba Belgrano","datePublished":"2021-07-29T22:39:32+00:00","dateModified":"2021-07-29T22:39:33+00:00","mainEntityOfPage":{"@id":"http:\/\/elregionalvm.com.ar\/noticias-villa-maria\/bacheos-en-el-microcentro-y-remodelacion-del-caps-de-bo-belgrano\/"},"wordCount":523,"commentCount":0,"image":{"@id":"http:\/\/elregionalvm.com.ar\/noticias-villa-maria\/bacheos-en-el-microcentro-y-remodelacion-del-caps-de-bo-belgrano\/#primaryimage"},"thumbnailUrl":"https:\/\/i0.wp.com\/elregionalvm.com.ar\/noticias-villa-maria\/wp-content\/uploads\/2021\/07\/WhatsApp-Image-2021-07-29-at-14.32.41.jpeg?fit=1280%2C853&ssl=1","keywords":["bacheo microcentro","Barrio Belgrano","destacado","Obras p\u00fablicas","remodelaci\u00f3n CAPS","Villa Mar\u00eda"],"articleSection":["Villa Mar\u00eda"],"inLanguage":"es","potentialAction":[{"@type":"CommentAction","name":"Comment","target":["http:\/\/elregionalvm.com.ar\/noticias-villa-maria\/bacheos-en-el-microcentro-y-remodelacion-del-caps-de-bo-belgrano\/#respond"]}]},{"@type":"WebPage","@id":"http:\/\/elregionalvm.com.ar\/noticias-villa-maria\/bacheos-en-el-microcentro-y-remodelacion-del-caps-de-bo-belgrano\/","url":"http:\/\/elregionalvm.com.ar\/noticias-villa-maria\/bacheos-en-el-microcentro-y-remodelacion-del-caps-de-bo-belgrano\/","name":"Bacheos en el microcentro y remodelaci\u00f3n del CAPS de B\u00ba Belgrano - El Regional","isPartOf":{"@id":"http:\/\/elregionalvm.com.ar\/noticias-villa-maria\/#website"},"primaryImageOfPage":{"@id":"http:\/\/elregionalvm.com.ar\/noticias-villa-maria\/bacheos-en-el-microcentro-y-remodelacion-del-caps-de-bo-belgrano\/#primaryimage"},"image":{"@id":"http:\/\/elregionalvm.com.ar\/noticias-villa-maria\/bacheos-en-el-microcentro-y-remodelacion-del-caps-de-bo-belgrano\/#primaryimage"},"thumbnailUrl":"https:\/\/i0.wp.com\/elregionalvm.com.ar\/noticias-villa-maria\/wp-content\/uploads\/2021\/07\/WhatsApp-Image-2021-07-29-at-14.32.41.jpeg?fit=1280%2C853&ssl=1","datePublished":"2021-07-29T22:39:32+00:00","dateModified":"2021-07-29T22:39:33+00:00","author":{"@id":"http:\/\/elregionalvm.com.ar\/noticias-villa-maria\/#\/schema\/person\/a0fb9c422317faca23d50163151bc354"},"breadcrumb":{"@id":"http:\/\/elregionalvm.com.ar\/noticias-villa-maria\/bacheos-en-el-microcentro-y-remodelacion-del-caps-de-bo-belgrano\/#breadcrumb"},"inLanguage":"es","potentialAction":[{"@type":"ReadAction","target":["http:\/\/elregionalvm.com.ar\/noticias-villa-maria\/bacheos-en-el-microcentro-y-remodelacion-del-caps-de-bo-belgrano\/"]}]},{"@type":"ImageObject","inLanguage":"es","@id":"http:\/\/elregionalvm.com.ar\/noticias-villa-maria\/bacheos-en-el-microcentro-y-remodelacion-del-caps-de-bo-belgrano\/#primaryimage","url":"https:\/\/i0.wp.com\/elregionalvm.com.ar\/noticias-villa-maria\/wp-content\/uploads\/2021\/07\/WhatsApp-Image-2021-07-29-at-14.32.41.jpeg?fit=1280%2C853&ssl=1","contentUrl":"https:\/\/i0.wp.com\/elregionalvm.com.ar\/noticias-villa-maria\/wp-content\/uploads\/2021\/07\/WhatsApp-Image-2021-07-29-at-14.32.41.jpeg?fit=1280%2C853&ssl=1","width":1280,"height":853},{"@type":"BreadcrumbList","@id":"http:\/\/elregionalvm.com.ar\/noticias-villa-maria\/bacheos-en-el-microcentro-y-remodelacion-del-caps-de-bo-belgrano\/#breadcrumb","itemListElement":[{"@type":"ListItem","position":1,"name":"Portada","item":"https:\/\/elregionalvm.com.ar\/noticias-villa-maria\/"},{"@type":"ListItem","position":2,"name":"Bacheos en el microcentro y remodelaci\u00f3n del CAPS de B\u00ba Belgrano"}]},{"@type":"WebSite","@id":"http:\/\/elregionalvm.com.ar\/noticias-villa-maria\/#website","url":"http:\/\/elregionalvm.com.ar\/noticias-villa-maria\/","name":"El Regional","description":"Mucho m\u00e1s que informaci\u00f3n","potentialAction":[{"@type":"SearchAction","target":{"@type":"EntryPoint","urlTemplate":"http:\/\/elregionalvm.com.ar\/noticias-villa-maria\/?s={search_term_string}"},"query-input":{"@type":"PropertyValueSpecification","valueRequired":true,"valueName":"search_term_string"}}],"inLanguage":"es"},{"@type":"Person","@id":"http:\/\/elregionalvm.com.ar\/noticias-villa-maria\/#\/schema\/person\/a0fb9c422317faca23d50163151bc354","name":"Contenidos El Regional","image":{"@type":"ImageObject","inLanguage":"es","@id":"http:\/\/elregionalvm.com.ar\/noticias-villa-maria\/#\/schema\/person\/image\/","url":"https:\/\/secure.gravatar.com\/avatar\/265b27cb2209af7bb3a1318f03305787d7981a5cc6e6cd08fe5a4ecdf99d4b48?s=96&d=mm&r=g","contentUrl":"https:\/\/secure.gravatar.com\/avatar\/265b27cb2209af7bb3a1318f03305787d7981a5cc6e6cd08fe5a4ecdf99d4b48?s=96&d=mm&r=g","caption":"Contenidos El Regional"},"url":"https:\/\/elregionalvm.com.ar\/noticias-villa-maria\/author\/contenido\/"}]}},"jetpack_featured_media_url":"https:\/\/i0.wp.com\/elregionalvm.com.ar\/noticias-villa-maria\/wp-content\/uploads\/2021\/07\/WhatsApp-Image-2021-07-29-at-14.32.41.jpeg?fit=1280%2C853&ssl=1","jetpack_sharing_enabled":true,"_links":{"self":[{"href":"https:\/\/elregionalvm.com.ar\/noticias-villa-maria\/wp-json\/wp\/v2\/posts\/41721","targetHints":{"allow":["GET"]}}],"collection":[{"href":"https:\/\/elregionalvm.com.ar\/noticias-villa-maria\/wp-json\/wp\/v2\/posts"}],"about":[{"href":"https:\/\/elregionalvm.com.ar\/noticias-villa-maria\/wp-json\/wp\/v2\/types\/post"}],"author":[{"embeddable":true,"href":"https:\/\/elregionalvm.com.ar\/noticias-villa-maria\/wp-json\/wp\/v2\/users\/4"}],"replies":[{"embeddable":true,"href":"https:\/\/elregionalvm.com.ar\/noticias-villa-maria\/wp-json\/wp\/v2\/comments?post=41721"}],"version-history":[{"count":1,"href":"https:\/\/elregionalvm.com.ar\/noticias-villa-maria\/wp-json\/wp\/v2\/posts\/41721\/revisions"}],"predecessor-version":[{"id":41727,"href":"https:\/\/elregionalvm.com.ar\/noticias-villa-maria\/wp-json\/wp\/v2\/posts\/41721\/revisions\/41727"}],"wp:featuredmedia":[{"embeddable":true,"href":"https:\/\/elregionalvm.com.ar\/noticias-villa-maria\/wp-json\/wp\/v2\/media\/41722"}],"wp:attachment":[{"href":"https:\/\/elregionalvm.com.ar\/noticias-villa-maria\/wp-json\/wp\/v2\/media?parent=41721"}],"wp:term":[{"taxonomy":"category","embeddable":true,"href":"https:\/\/elregionalvm.com.ar\/noticias-villa-maria\/wp-json\/wp\/v2\/categories?post=41721"},{"taxonomy":"post_tag","embeddable":true,"href":"https:\/\/elregionalvm.com.ar\/noticias-villa-maria\/wp-json\/wp\/v2\/tags?post=41721"}],"curies":[{"name":"wp","href":"https:\/\/api.w.org\/{rel}","templated":true}]}}