{"id":41729,"date":"2021-07-29T23:28:54","date_gmt":"2021-07-29T23:28:54","guid":{"rendered":"https:\/\/elregionalvm.com.ar\/noticias-villa-maria\/?p=41729"},"modified":"2021-07-29T23:28:56","modified_gmt":"2021-07-29T23:28:56","slug":"alerta-por-un-brote-de-la-variante-delta-en-la-ciudad-de-cordoba-14-casos-confirmados","status":"publish","type":"post","link":"https:\/\/elregionalvm.com.ar\/noticias-villa-maria\/alerta-por-un-brote-de-la-variante-delta-en-la-ciudad-de-cordoba-14-casos-confirmados\/","title":{"rendered":"Alerta por un brote de la variante Delta en la ciudad de C\u00f3rdoba: 14 casos confirmados"},"content":{"rendered":"\n<p>Una serie de contagios se habr\u00edan iniciado en la ciudad de C\u00f3rdoba debido a un viajero procedente de Per\u00fa, quien no habr\u00eda respetado el aislamiento correspondiente. La Provincia de C\u00f3rdoba present\u00f3 una denuncia penal para el responsable de este brote.<\/p>\n\n\n\n<p>Estos contagios son los primeros casos de la variante Delta de Coronavirus que se detectan en territorio cordob\u00e9s y por supuesto se ha elevado el alerta sanitaria teniendo en cuenta que se trata de una cepa sumamente contagiosa.<\/p>\n\n\n\n<p>El sujeto que habr\u00eda iniciado esta serie de contagios es un hombre que habr\u00eda regresado desde Lima, Per\u00fa, el pasado 19 de julio con test negativo en el Aeropuerto Jorge Newbery, aunque en el seguimiento y posteriores testeos, al s\u00e9ptimo d\u00eda le habr\u00eda dado resultado positivo cuando quer\u00eda recibir el alta el 26 de julio. M\u00e1s tarde, el Laboratorio Central de la Provincia de C\u00f3rdoba identific\u00f3 que se trataba de la variante Delta.<\/p>\n\n\n\n<p>Inmediatamente hicieron una investigaci\u00f3n epidemiol\u00f3gica, y se detect\u00f3 que hab\u00eda tenido contacto con familiares no convivientes, pese a que deber\u00eda haber tenido un per\u00edodo de aislamiento. Hasta ahora, se detectaron 14 casos positivos entre sus familiares, 13 de los cuales corresponden a la cepa Delta y resta conocerse el restante caso si correponde tambi\u00e9n a esa variante o no.<\/p>\n\n\n\n<p>El gobierno de C\u00f3rdoba ya realiz\u00f3 la denuncia penal correspondiente al viajero por incumplir las normas sanitarias y las muestras ser\u00e1n enviadas al Instituto Malbr\u00e1n y al INTA C\u00f3rdoba para confirmar el genoma viral de la variante involucrada.<\/p>\n\n\n\n<p>Contin\u00faan con la investigaci\u00f3n epidemiol\u00f3gica para detectar otros posibles contactos que deben quedar en aislamiento y se iniciaron testeos en los barrios donde aparecieron estos contagios.<\/p>\n","protected":false},"excerpt":{"rendered":"<p>Una serie de contagios se habr\u00edan iniciado en la ciudad de C\u00f3rdoba debido a un viajero procedente de Per\u00fa, quien no habr\u00eda respetado el aislamiento correspondiente. La Provincia de C\u00f3rdoba present\u00f3 una denuncia penal para el responsable de este brote. Estos contagios son los primeros casos de la variante Delta de Coronavirus que se detectan [&hellip;]<\/p>\n","protected":false},"author":4,"featured_media":41730,"comment_status":"open","ping_status":"open","sticky":false,"template":"","format":"standard","meta":{"site-sidebar-layout":"default","site-content-layout":"default","ast-site-content-layout":"default","site-content-style":"default","site-sidebar-style":"default","ast-global-header-display":"","ast-banner-title-visibility":"","ast-main-header-display":"","ast-hfb-above-header-display":"","ast-hfb-below-header-display":"","ast-hfb-mobile-header-display":"","site-post-title":"","ast-breadcrumbs-content":"","ast-featured-img":"","footer-sml-layout":"","ast-disable-related-posts":"","theme-transparent-header-meta":"default","adv-header-id-meta":"","stick-header-meta":"","header-above-stick-meta":"","header-main-stick-meta":"","header-below-stick-meta":"","astra-migrate-meta-layouts":"default","ast-page-background-enabled":"default","ast-page-background-meta":{"desktop":{"background-color":"","background-image":"","background-repeat":"repeat","background-position":"center center","background-size":"auto","background-attachment":"scroll","background-type":"","background-media":"","overlay-type":"","overlay-color":"","overlay-opacity":"","overlay-gradient":""},"tablet":{"background-color":"","background-image":"","background-repeat":"repeat","background-position":"center center","background-size":"auto","background-attachment":"scroll","background-type":"","background-media":"","overlay-type":"","overlay-color":"","overlay-opacity":"","overlay-gradient":""},"mobile":{"background-color":"","background-image":"","background-repeat":"repeat","background-position":"center center","background-size":"auto","background-attachment":"scroll","background-type":"","background-media":"","overlay-type":"","overlay-color":"","overlay-opacity":"","overlay-gradient":""}},"ast-content-background-meta":{"desktop":{"background-color":"var(--ast-global-color-5)","background-image":"","background-repeat":"repeat","background-position":"center center","background-size":"auto","background-attachment":"scroll","background-type":"","background-media":"","overlay-type":"","overlay-color":"","overlay-opacity":"","overlay-gradient":""},"tablet":{"background-color":"var(--ast-global-color-5)","background-image":"","background-repeat":"repeat","background-position":"center center","background-size":"auto","background-attachment":"scroll","background-type":"","background-media":"","overlay-type":"","overlay-color":"","overlay-opacity":"","overlay-gradient":""},"mobile":{"background-color":"var(--ast-global-color-5)","background-image":"","background-repeat":"repeat","background-position":"center center","background-size":"auto","background-attachment":"scroll","background-type":"","background-media":"","overlay-type":"","overlay-color":"","overlay-opacity":"","overlay-gradient":""}},"_jetpack_memberships_contains_paid_content":false,"_joinchat":[],"footnotes":""},"categories":[1],"tags":[10266,2555,8973,1997,1232,342,345,10265,10267],"class_list":["post-41729","post","type-post","status-publish","format-standard","has-post-thumbnail","hentry","category-sin-categoria","tag-alerta-sanitaria","tag-brote","tag-ciudad-de-cordoba","tag-coronavirus","tag-destacado","tag-lima","tag-peru","tag-variante-delta","tag-viajero"],"yoast_head":"<!-- This site is optimized with the Yoast SEO plugin v26.8 - https:\/\/yoast.com\/product\/yoast-seo-wordpress\/ -->\n<title>Alerta por un brote de la variante Delta en la ciudad de C\u00f3rdoba: 14 casos confirmados - El Regional<\/title>\n<meta name=\"robots\" content=\"index, follow, max-snippet:-1, max-image-preview:large, max-video-preview:-1\" \/>\n<link rel=\"canonical\" href=\"http:\/\/elregionalvm.com.ar\/noticias-villa-maria\/alerta-por-un-brote-de-la-variante-delta-en-la-ciudad-de-cordoba-14-casos-confirmados\/\" \/>\n<meta property=\"og:locale\" content=\"es_ES\" \/>\n<meta property=\"og:type\" content=\"article\" \/>\n<meta property=\"og:title\" content=\"Alerta por un brote de la variante Delta en la ciudad de C\u00f3rdoba: 14 casos confirmados - El Regional\" \/>\n<meta property=\"og:description\" content=\"Una serie de contagios se habr\u00edan iniciado en la ciudad de C\u00f3rdoba debido a un viajero procedente de Per\u00fa, quien no habr\u00eda respetado el aislamiento correspondiente. La Provincia de C\u00f3rdoba present\u00f3 una denuncia penal para el responsable de este brote. Estos contagios son los primeros casos de la variante Delta de Coronavirus que se detectan [&hellip;]\" \/>\n<meta property=\"og:url\" content=\"http:\/\/elregionalvm.com.ar\/noticias-villa-maria\/alerta-por-un-brote-de-la-variante-delta-en-la-ciudad-de-cordoba-14-casos-confirmados\/\" \/>\n<meta property=\"og:site_name\" content=\"El Regional\" \/>\n<meta property=\"article:publisher\" content=\"https:\/\/www.facebook.com\/elregionalvm\" \/>\n<meta property=\"article:published_time\" content=\"2021-07-29T23:28:54+00:00\" \/>\n<meta property=\"article:modified_time\" content=\"2021-07-29T23:28:56+00:00\" \/>\n<meta property=\"og:image\" content=\"http:\/\/elregionalvm.com.ar\/noticias-villa-maria\/wp-content\/uploads\/2021\/07\/viajero.jpg\" \/>\n\t<meta property=\"og:image:width\" content=\"760\" \/>\n\t<meta property=\"og:image:height\" content=\"506\" \/>\n\t<meta property=\"og:image:type\" content=\"image\/jpeg\" \/>\n<meta name=\"author\" content=\"Contenidos El Regional\" \/>\n<meta name=\"twitter:card\" content=\"summary_large_image\" \/>\n<meta name=\"twitter:creator\" content=\"@elregionalvm1\" \/>\n<meta name=\"twitter:site\" content=\"@elregionalvm1\" \/>\n<meta name=\"twitter:label1\" content=\"Escrito por\" \/>\n\t<meta name=\"twitter:data1\" content=\"Contenidos El Regional\" \/>\n\t<meta name=\"twitter:label2\" content=\"Tiempo de lectura\" \/>\n\t<meta name=\"twitter:data2\" content=\"2 minutos\" \/>\n<script type=\"application\/ld+json\" class=\"yoast-schema-graph\">{\"@context\":\"https:\/\/schema.org\",\"@graph\":[{\"@type\":\"Article\",\"@id\":\"http:\/\/elregionalvm.com.ar\/noticias-villa-maria\/alerta-por-un-brote-de-la-variante-delta-en-la-ciudad-de-cordoba-14-casos-confirmados\/#article\",\"isPartOf\":{\"@id\":\"http:\/\/elregionalvm.com.ar\/noticias-villa-maria\/alerta-por-un-brote-de-la-variante-delta-en-la-ciudad-de-cordoba-14-casos-confirmados\/\"},\"author\":{\"name\":\"Contenidos El Regional\",\"@id\":\"http:\/\/elregionalvm.com.ar\/noticias-villa-maria\/#\/schema\/person\/a0fb9c422317faca23d50163151bc354\"},\"headline\":\"Alerta por un brote de la variante Delta en la ciudad de C\u00f3rdoba: 14 casos confirmados\",\"datePublished\":\"2021-07-29T23:28:54+00:00\",\"dateModified\":\"2021-07-29T23:28:56+00:00\",\"mainEntityOfPage\":{\"@id\":\"http:\/\/elregionalvm.com.ar\/noticias-villa-maria\/alerta-por-un-brote-de-la-variante-delta-en-la-ciudad-de-cordoba-14-casos-confirmados\/\"},\"wordCount\":312,\"commentCount\":0,\"image\":{\"@id\":\"http:\/\/elregionalvm.com.ar\/noticias-villa-maria\/alerta-por-un-brote-de-la-variante-delta-en-la-ciudad-de-cordoba-14-casos-confirmados\/#primaryimage\"},\"thumbnailUrl\":\"https:\/\/i0.wp.com\/elregionalvm.com.ar\/noticias-villa-maria\/wp-content\/uploads\/2021\/07\/viajero.jpg?fit=760%2C506&ssl=1\",\"keywords\":[\"alerta sanitaria\",\"brote\",\"ciudad de C\u00f3rdoba\",\"Coronavirus\",\"destacado\",\"Lima\",\"Per\u00fa\",\"variante Delta\",\"viajero\"],\"inLanguage\":\"es\",\"potentialAction\":[{\"@type\":\"CommentAction\",\"name\":\"Comment\",\"target\":[\"http:\/\/elregionalvm.com.ar\/noticias-villa-maria\/alerta-por-un-brote-de-la-variante-delta-en-la-ciudad-de-cordoba-14-casos-confirmados\/#respond\"]}]},{\"@type\":\"WebPage\",\"@id\":\"http:\/\/elregionalvm.com.ar\/noticias-villa-maria\/alerta-por-un-brote-de-la-variante-delta-en-la-ciudad-de-cordoba-14-casos-confirmados\/\",\"url\":\"http:\/\/elregionalvm.com.ar\/noticias-villa-maria\/alerta-por-un-brote-de-la-variante-delta-en-la-ciudad-de-cordoba-14-casos-confirmados\/\",\"name\":\"Alerta por un brote de la variante Delta en la ciudad de C\u00f3rdoba: 14 casos confirmados - El Regional\",\"isPartOf\":{\"@id\":\"http:\/\/elregionalvm.com.ar\/noticias-villa-maria\/#website\"},\"primaryImageOfPage\":{\"@id\":\"http:\/\/elregionalvm.com.ar\/noticias-villa-maria\/alerta-por-un-brote-de-la-variante-delta-en-la-ciudad-de-cordoba-14-casos-confirmados\/#primaryimage\"},\"image\":{\"@id\":\"http:\/\/elregionalvm.com.ar\/noticias-villa-maria\/alerta-por-un-brote-de-la-variante-delta-en-la-ciudad-de-cordoba-14-casos-confirmados\/#primaryimage\"},\"thumbnailUrl\":\"https:\/\/i0.wp.com\/elregionalvm.com.ar\/noticias-villa-maria\/wp-content\/uploads\/2021\/07\/viajero.jpg?fit=760%2C506&ssl=1\",\"datePublished\":\"2021-07-29T23:28:54+00:00\",\"dateModified\":\"2021-07-29T23:28:56+00:00\",\"author\":{\"@id\":\"http:\/\/elregionalvm.com.ar\/noticias-villa-maria\/#\/schema\/person\/a0fb9c422317faca23d50163151bc354\"},\"breadcrumb\":{\"@id\":\"http:\/\/elregionalvm.com.ar\/noticias-villa-maria\/alerta-por-un-brote-de-la-variante-delta-en-la-ciudad-de-cordoba-14-casos-confirmados\/#breadcrumb\"},\"inLanguage\":\"es\",\"potentialAction\":[{\"@type\":\"ReadAction\",\"target\":[\"http:\/\/elregionalvm.com.ar\/noticias-villa-maria\/alerta-por-un-brote-de-la-variante-delta-en-la-ciudad-de-cordoba-14-casos-confirmados\/\"]}]},{\"@type\":\"ImageObject\",\"inLanguage\":\"es\",\"@id\":\"http:\/\/elregionalvm.com.ar\/noticias-villa-maria\/alerta-por-un-brote-de-la-variante-delta-en-la-ciudad-de-cordoba-14-casos-confirmados\/#primaryimage\",\"url\":\"https:\/\/i0.wp.com\/elregionalvm.com.ar\/noticias-villa-maria\/wp-content\/uploads\/2021\/07\/viajero.jpg?fit=760%2C506&ssl=1\",\"contentUrl\":\"https:\/\/i0.wp.com\/elregionalvm.com.ar\/noticias-villa-maria\/wp-content\/uploads\/2021\/07\/viajero.jpg?fit=760%2C506&ssl=1\",\"width\":760,\"height\":506},{\"@type\":\"BreadcrumbList\",\"@id\":\"http:\/\/elregionalvm.com.ar\/noticias-villa-maria\/alerta-por-un-brote-de-la-variante-delta-en-la-ciudad-de-cordoba-14-casos-confirmados\/#breadcrumb\",\"itemListElement\":[{\"@type\":\"ListItem\",\"position\":1,\"name\":\"Portada\",\"item\":\"https:\/\/elregionalvm.com.ar\/noticias-villa-maria\/\"},{\"@type\":\"ListItem\",\"position\":2,\"name\":\"Alerta por un brote de la variante Delta en la ciudad de C\u00f3rdoba: 14 casos confirmados\"}]},{\"@type\":\"WebSite\",\"@id\":\"http:\/\/elregionalvm.com.ar\/noticias-villa-maria\/#website\",\"url\":\"http:\/\/elregionalvm.com.ar\/noticias-villa-maria\/\",\"name\":\"El Regional\",\"description\":\"Mucho m\u00e1s que informaci\u00f3n\",\"potentialAction\":[{\"@type\":\"SearchAction\",\"target\":{\"@type\":\"EntryPoint\",\"urlTemplate\":\"http:\/\/elregionalvm.com.ar\/noticias-villa-maria\/?s={search_term_string}\"},\"query-input\":{\"@type\":\"PropertyValueSpecification\",\"valueRequired\":true,\"valueName\":\"search_term_string\"}}],\"inLanguage\":\"es\"},{\"@type\":\"Person\",\"@id\":\"http:\/\/elregionalvm.com.ar\/noticias-villa-maria\/#\/schema\/person\/a0fb9c422317faca23d50163151bc354\",\"name\":\"Contenidos El Regional\",\"image\":{\"@type\":\"ImageObject\",\"inLanguage\":\"es\",\"@id\":\"http:\/\/elregionalvm.com.ar\/noticias-villa-maria\/#\/schema\/person\/image\/\",\"url\":\"https:\/\/secure.gravatar.com\/avatar\/265b27cb2209af7bb3a1318f03305787d7981a5cc6e6cd08fe5a4ecdf99d4b48?s=96&d=mm&r=g\",\"contentUrl\":\"https:\/\/secure.gravatar.com\/avatar\/265b27cb2209af7bb3a1318f03305787d7981a5cc6e6cd08fe5a4ecdf99d4b48?s=96&d=mm&r=g\",\"caption\":\"Contenidos El Regional\"},\"url\":\"https:\/\/elregionalvm.com.ar\/noticias-villa-maria\/author\/contenido\/\"}]}<\/script>\n<!-- \/ Yoast SEO plugin. -->","yoast_head_json":{"title":"Alerta por un brote de la variante Delta en la ciudad de C\u00f3rdoba: 14 casos confirmados - El Regional","robots":{"index":"index","follow":"follow","max-snippet":"max-snippet:-1","max-image-preview":"max-image-preview:large","max-video-preview":"max-video-preview:-1"},"canonical":"http:\/\/elregionalvm.com.ar\/noticias-villa-maria\/alerta-por-un-brote-de-la-variante-delta-en-la-ciudad-de-cordoba-14-casos-confirmados\/","og_locale":"es_ES","og_type":"article","og_title":"Alerta por un brote de la variante Delta en la ciudad de C\u00f3rdoba: 14 casos confirmados - El Regional","og_description":"Una serie de contagios se habr\u00edan iniciado en la ciudad de C\u00f3rdoba debido a un viajero procedente de Per\u00fa, quien no habr\u00eda respetado el aislamiento correspondiente. La Provincia de C\u00f3rdoba present\u00f3 una denuncia penal para el responsable de este brote. Estos contagios son los primeros casos de la variante Delta de Coronavirus que se detectan [&hellip;]","og_url":"http:\/\/elregionalvm.com.ar\/noticias-villa-maria\/alerta-por-un-brote-de-la-variante-delta-en-la-ciudad-de-cordoba-14-casos-confirmados\/","og_site_name":"El Regional","article_publisher":"https:\/\/www.facebook.com\/elregionalvm","article_published_time":"2021-07-29T23:28:54+00:00","article_modified_time":"2021-07-29T23:28:56+00:00","og_image":[{"width":760,"height":506,"url":"http:\/\/elregionalvm.com.ar\/noticias-villa-maria\/wp-content\/uploads\/2021\/07\/viajero.jpg","type":"image\/jpeg"}],"author":"Contenidos El Regional","twitter_card":"summary_large_image","twitter_creator":"@elregionalvm1","twitter_site":"@elregionalvm1","twitter_misc":{"Escrito por":"Contenidos El Regional","Tiempo de lectura":"2 minutos"},"schema":{"@context":"https:\/\/schema.org","@graph":[{"@type":"Article","@id":"http:\/\/elregionalvm.com.ar\/noticias-villa-maria\/alerta-por-un-brote-de-la-variante-delta-en-la-ciudad-de-cordoba-14-casos-confirmados\/#article","isPartOf":{"@id":"http:\/\/elregionalvm.com.ar\/noticias-villa-maria\/alerta-por-un-brote-de-la-variante-delta-en-la-ciudad-de-cordoba-14-casos-confirmados\/"},"author":{"name":"Contenidos El Regional","@id":"http:\/\/elregionalvm.com.ar\/noticias-villa-maria\/#\/schema\/person\/a0fb9c422317faca23d50163151bc354"},"headline":"Alerta por un brote de la variante Delta en la ciudad de C\u00f3rdoba: 14 casos confirmados","datePublished":"2021-07-29T23:28:54+00:00","dateModified":"2021-07-29T23:28:56+00:00","mainEntityOfPage":{"@id":"http:\/\/elregionalvm.com.ar\/noticias-villa-maria\/alerta-por-un-brote-de-la-variante-delta-en-la-ciudad-de-cordoba-14-casos-confirmados\/"},"wordCount":312,"commentCount":0,"image":{"@id":"http:\/\/elregionalvm.com.ar\/noticias-villa-maria\/alerta-por-un-brote-de-la-variante-delta-en-la-ciudad-de-cordoba-14-casos-confirmados\/#primaryimage"},"thumbnailUrl":"https:\/\/i0.wp.com\/elregionalvm.com.ar\/noticias-villa-maria\/wp-content\/uploads\/2021\/07\/viajero.jpg?fit=760%2C506&ssl=1","keywords":["alerta sanitaria","brote","ciudad de C\u00f3rdoba","Coronavirus","destacado","Lima","Per\u00fa","variante Delta","viajero"],"inLanguage":"es","potentialAction":[{"@type":"CommentAction","name":"Comment","target":["http:\/\/elregionalvm.com.ar\/noticias-villa-maria\/alerta-por-un-brote-de-la-variante-delta-en-la-ciudad-de-cordoba-14-casos-confirmados\/#respond"]}]},{"@type":"WebPage","@id":"http:\/\/elregionalvm.com.ar\/noticias-villa-maria\/alerta-por-un-brote-de-la-variante-delta-en-la-ciudad-de-cordoba-14-casos-confirmados\/","url":"http:\/\/elregionalvm.com.ar\/noticias-villa-maria\/alerta-por-un-brote-de-la-variante-delta-en-la-ciudad-de-cordoba-14-casos-confirmados\/","name":"Alerta por un brote de la variante Delta en la ciudad de C\u00f3rdoba: 14 casos confirmados - El Regional","isPartOf":{"@id":"http:\/\/elregionalvm.com.ar\/noticias-villa-maria\/#website"},"primaryImageOfPage":{"@id":"http:\/\/elregionalvm.com.ar\/noticias-villa-maria\/alerta-por-un-brote-de-la-variante-delta-en-la-ciudad-de-cordoba-14-casos-confirmados\/#primaryimage"},"image":{"@id":"http:\/\/elregionalvm.com.ar\/noticias-villa-maria\/alerta-por-un-brote-de-la-variante-delta-en-la-ciudad-de-cordoba-14-casos-confirmados\/#primaryimage"},"thumbnailUrl":"https:\/\/i0.wp.com\/elregionalvm.com.ar\/noticias-villa-maria\/wp-content\/uploads\/2021\/07\/viajero.jpg?fit=760%2C506&ssl=1","datePublished":"2021-07-29T23:28:54+00:00","dateModified":"2021-07-29T23:28:56+00:00","author":{"@id":"http:\/\/elregionalvm.com.ar\/noticias-villa-maria\/#\/schema\/person\/a0fb9c422317faca23d50163151bc354"},"breadcrumb":{"@id":"http:\/\/elregionalvm.com.ar\/noticias-villa-maria\/alerta-por-un-brote-de-la-variante-delta-en-la-ciudad-de-cordoba-14-casos-confirmados\/#breadcrumb"},"inLanguage":"es","potentialAction":[{"@type":"ReadAction","target":["http:\/\/elregionalvm.com.ar\/noticias-villa-maria\/alerta-por-un-brote-de-la-variante-delta-en-la-ciudad-de-cordoba-14-casos-confirmados\/"]}]},{"@type":"ImageObject","inLanguage":"es","@id":"http:\/\/elregionalvm.com.ar\/noticias-villa-maria\/alerta-por-un-brote-de-la-variante-delta-en-la-ciudad-de-cordoba-14-casos-confirmados\/#primaryimage","url":"https:\/\/i0.wp.com\/elregionalvm.com.ar\/noticias-villa-maria\/wp-content\/uploads\/2021\/07\/viajero.jpg?fit=760%2C506&ssl=1","contentUrl":"https:\/\/i0.wp.com\/elregionalvm.com.ar\/noticias-villa-maria\/wp-content\/uploads\/2021\/07\/viajero.jpg?fit=760%2C506&ssl=1","width":760,"height":506},{"@type":"BreadcrumbList","@id":"http:\/\/elregionalvm.com.ar\/noticias-villa-maria\/alerta-por-un-brote-de-la-variante-delta-en-la-ciudad-de-cordoba-14-casos-confirmados\/#breadcrumb","itemListElement":[{"@type":"ListItem","position":1,"name":"Portada","item":"https:\/\/elregionalvm.com.ar\/noticias-villa-maria\/"},{"@type":"ListItem","position":2,"name":"Alerta por un brote de la variante Delta en la ciudad de C\u00f3rdoba: 14 casos confirmados"}]},{"@type":"WebSite","@id":"http:\/\/elregionalvm.com.ar\/noticias-villa-maria\/#website","url":"http:\/\/elregionalvm.com.ar\/noticias-villa-maria\/","name":"El Regional","description":"Mucho m\u00e1s que informaci\u00f3n","potentialAction":[{"@type":"SearchAction","target":{"@type":"EntryPoint","urlTemplate":"http:\/\/elregionalvm.com.ar\/noticias-villa-maria\/?s={search_term_string}"},"query-input":{"@type":"PropertyValueSpecification","valueRequired":true,"valueName":"search_term_string"}}],"inLanguage":"es"},{"@type":"Person","@id":"http:\/\/elregionalvm.com.ar\/noticias-villa-maria\/#\/schema\/person\/a0fb9c422317faca23d50163151bc354","name":"Contenidos El Regional","image":{"@type":"ImageObject","inLanguage":"es","@id":"http:\/\/elregionalvm.com.ar\/noticias-villa-maria\/#\/schema\/person\/image\/","url":"https:\/\/secure.gravatar.com\/avatar\/265b27cb2209af7bb3a1318f03305787d7981a5cc6e6cd08fe5a4ecdf99d4b48?s=96&d=mm&r=g","contentUrl":"https:\/\/secure.gravatar.com\/avatar\/265b27cb2209af7bb3a1318f03305787d7981a5cc6e6cd08fe5a4ecdf99d4b48?s=96&d=mm&r=g","caption":"Contenidos El Regional"},"url":"https:\/\/elregionalvm.com.ar\/noticias-villa-maria\/author\/contenido\/"}]}},"jetpack_featured_media_url":"https:\/\/i0.wp.com\/elregionalvm.com.ar\/noticias-villa-maria\/wp-content\/uploads\/2021\/07\/viajero.jpg?fit=760%2C506&ssl=1","jetpack_sharing_enabled":true,"_links":{"self":[{"href":"https:\/\/elregionalvm.com.ar\/noticias-villa-maria\/wp-json\/wp\/v2\/posts\/41729","targetHints":{"allow":["GET"]}}],"collection":[{"href":"https:\/\/elregionalvm.com.ar\/noticias-villa-maria\/wp-json\/wp\/v2\/posts"}],"about":[{"href":"https:\/\/elregionalvm.com.ar\/noticias-villa-maria\/wp-json\/wp\/v2\/types\/post"}],"author":[{"embeddable":true,"href":"https:\/\/elregionalvm.com.ar\/noticias-villa-maria\/wp-json\/wp\/v2\/users\/4"}],"replies":[{"embeddable":true,"href":"https:\/\/elregionalvm.com.ar\/noticias-villa-maria\/wp-json\/wp\/v2\/comments?post=41729"}],"version-history":[{"count":1,"href":"https:\/\/elregionalvm.com.ar\/noticias-villa-maria\/wp-json\/wp\/v2\/posts\/41729\/revisions"}],"predecessor-version":[{"id":41731,"href":"https:\/\/elregionalvm.com.ar\/noticias-villa-maria\/wp-json\/wp\/v2\/posts\/41729\/revisions\/41731"}],"wp:featuredmedia":[{"embeddable":true,"href":"https:\/\/elregionalvm.com.ar\/noticias-villa-maria\/wp-json\/wp\/v2\/media\/41730"}],"wp:attachment":[{"href":"https:\/\/elregionalvm.com.ar\/noticias-villa-maria\/wp-json\/wp\/v2\/media?parent=41729"}],"wp:term":[{"taxonomy":"category","embeddable":true,"href":"https:\/\/elregionalvm.com.ar\/noticias-villa-maria\/wp-json\/wp\/v2\/categories?post=41729"},{"taxonomy":"post_tag","embeddable":true,"href":"https:\/\/elregionalvm.com.ar\/noticias-villa-maria\/wp-json\/wp\/v2\/tags?post=41729"}],"curies":[{"name":"wp","href":"https:\/\/api.w.org\/{rel}","templated":true}]}}