{"id":41732,"date":"2021-07-29T23:45:33","date_gmt":"2021-07-29T23:45:33","guid":{"rendered":"https:\/\/elregionalvm.com.ar\/noticias-villa-maria\/?p=41732"},"modified":"2021-07-29T23:45:48","modified_gmt":"2021-07-29T23:45:48","slug":"con-la-muerte-de-una-mujer-la-ciudad-alcanzo-la-cifra-de-250-fallecidos-por-la-pandemia","status":"publish","type":"post","link":"https:\/\/elregionalvm.com.ar\/noticias-villa-maria\/con-la-muerte-de-una-mujer-la-ciudad-alcanzo-la-cifra-de-250-fallecidos-por-la-pandemia\/","title":{"rendered":"Con la muerte de una mujer, la ciudad alcanz\u00f3 la cifra de 250 fallecidos por la pandemia"},"content":{"rendered":"\n<p>En la ciudad de Villa Mar\u00eda se registraron 76 contagios este jueves y se dieron 81 altas de pacientes positivos. Se realizaron 613 test ant\u00edgenos y 164 PCR.<\/p>\n\n\n\n<p>El dato destacado es el fallecimiento de una mujer de 66 a\u00f1os de la ciudad, que eleva a 250 la cantidad de personas muertas producto del covid.<\/p>\n\n\n\n<figure class=\"wp-block-gallery columns-2 is-cropped wp-block-gallery-1 is-layout-flex wp-block-gallery-is-layout-flex\"><ul class=\"blocks-gallery-grid\"><li class=\"blocks-gallery-item\"><figure><img data-recalc-dims=\"1\" fetchpriority=\"high\" decoding=\"async\" width=\"1024\" height=\"576\" src=\"https:\/\/i0.wp.com\/elregionalvm.com.ar\/noticias-villa-maria\/wp-content\/uploads\/2021\/07\/WhatsApp-Image-2021-07-29-at-20.03.06.jpeg?resize=1024%2C576&#038;ssl=1\" alt=\"\" data-id=\"41733\" data-link=\"https:\/\/elregionalvm.com.ar\/noticias-villa-maria\/?attachment_id=41733\" class=\"wp-image-41733\" srcset=\"https:\/\/i0.wp.com\/elregionalvm.com.ar\/noticias-villa-maria\/wp-content\/uploads\/2021\/07\/WhatsApp-Image-2021-07-29-at-20.03.06.jpeg?resize=1024%2C576&amp;ssl=1 1024w, https:\/\/i0.wp.com\/elregionalvm.com.ar\/noticias-villa-maria\/wp-content\/uploads\/2021\/07\/WhatsApp-Image-2021-07-29-at-20.03.06.jpeg?resize=300%2C169&amp;ssl=1 300w, https:\/\/i0.wp.com\/elregionalvm.com.ar\/noticias-villa-maria\/wp-content\/uploads\/2021\/07\/WhatsApp-Image-2021-07-29-at-20.03.06.jpeg?resize=768%2C432&amp;ssl=1 768w, https:\/\/i0.wp.com\/elregionalvm.com.ar\/noticias-villa-maria\/wp-content\/uploads\/2021\/07\/WhatsApp-Image-2021-07-29-at-20.03.06.jpeg?w=1280&amp;ssl=1 1280w\" sizes=\"(max-width: 1000px) 100vw, 1000px\" \/><\/figure><\/li><li class=\"blocks-gallery-item\"><figure><img data-recalc-dims=\"1\" decoding=\"async\" width=\"1024\" height=\"576\" src=\"https:\/\/i0.wp.com\/elregionalvm.com.ar\/noticias-villa-maria\/wp-content\/uploads\/2021\/07\/WhatsApp-Image-2021-07-29-at-20.03.22.jpeg?resize=1024%2C576&#038;ssl=1\" alt=\"\" data-id=\"41734\" data-full-url=\"https:\/\/elregionalvm.com.ar\/noticias-villa-maria\/wp-content\/uploads\/2021\/07\/WhatsApp-Image-2021-07-29-at-20.03.22.jpeg\" data-link=\"https:\/\/elregionalvm.com.ar\/noticias-villa-maria\/?attachment_id=41734\" class=\"wp-image-41734\" srcset=\"https:\/\/i0.wp.com\/elregionalvm.com.ar\/noticias-villa-maria\/wp-content\/uploads\/2021\/07\/WhatsApp-Image-2021-07-29-at-20.03.22.jpeg?resize=1024%2C576&amp;ssl=1 1024w, https:\/\/i0.wp.com\/elregionalvm.com.ar\/noticias-villa-maria\/wp-content\/uploads\/2021\/07\/WhatsApp-Image-2021-07-29-at-20.03.22.jpeg?resize=300%2C169&amp;ssl=1 300w, https:\/\/i0.wp.com\/elregionalvm.com.ar\/noticias-villa-maria\/wp-content\/uploads\/2021\/07\/WhatsApp-Image-2021-07-29-at-20.03.22.jpeg?resize=768%2C432&amp;ssl=1 768w, https:\/\/i0.wp.com\/elregionalvm.com.ar\/noticias-villa-maria\/wp-content\/uploads\/2021\/07\/WhatsApp-Image-2021-07-29-at-20.03.22.jpeg?w=1280&amp;ssl=1 1280w\" sizes=\"(max-width: 1000px) 100vw, 1000px\" \/><\/figure><\/li><\/ul><\/figure>\n\n\n\n<p>Este jueves la vacunaci\u00f3n en Villa Mar\u00eda tuvo las siguientes cifras:<\/p>\n\n\n\n<figure class=\"wp-block-image size-large is-resized\"><img data-recalc-dims=\"1\" decoding=\"async\" src=\"https:\/\/i0.wp.com\/elregionalvm.com.ar\/noticias-villa-maria\/wp-content\/uploads\/2021\/07\/WhatsApp-Image-2021-07-29-at-20.03.30.jpeg?resize=587%2C330&#038;ssl=1\" alt=\"\" class=\"wp-image-41735\" width=\"587\" height=\"330\" srcset=\"https:\/\/i0.wp.com\/elregionalvm.com.ar\/noticias-villa-maria\/wp-content\/uploads\/2021\/07\/WhatsApp-Image-2021-07-29-at-20.03.30.jpeg?w=1024&amp;ssl=1 1024w, https:\/\/i0.wp.com\/elregionalvm.com.ar\/noticias-villa-maria\/wp-content\/uploads\/2021\/07\/WhatsApp-Image-2021-07-29-at-20.03.30.jpeg?resize=300%2C169&amp;ssl=1 300w, https:\/\/i0.wp.com\/elregionalvm.com.ar\/noticias-villa-maria\/wp-content\/uploads\/2021\/07\/WhatsApp-Image-2021-07-29-at-20.03.30.jpeg?resize=768%2C432&amp;ssl=1 768w\" sizes=\"(max-width: 587px) 100vw, 587px\" \/><\/figure>\n","protected":false},"excerpt":{"rendered":"<p>En la ciudad de Villa Mar\u00eda se registraron 76 contagios este jueves y se dieron 81 altas de pacientes positivos. Se realizaron 613 test ant\u00edgenos y 164 PCR. El dato destacado es el fallecimiento de una mujer de 66 a\u00f1os de la ciudad, que eleva a 250 la cantidad de personas muertas producto del covid. [&hellip;]<\/p>\n","protected":false},"author":4,"featured_media":37272,"comment_status":"open","ping_status":"open","sticky":false,"template":"","format":"standard","meta":{"site-sidebar-layout":"default","site-content-layout":"default","ast-site-content-layout":"default","site-content-style":"default","site-sidebar-style":"default","ast-global-header-display":"","ast-banner-title-visibility":"","ast-main-header-display":"","ast-hfb-above-header-display":"","ast-hfb-below-header-display":"","ast-hfb-mobile-header-display":"","site-post-title":"","ast-breadcrumbs-content":"","ast-featured-img":"","footer-sml-layout":"","ast-disable-related-posts":"","theme-transparent-header-meta":"default","adv-header-id-meta":"","stick-header-meta":"","header-above-stick-meta":"","header-main-stick-meta":"","header-below-stick-meta":"","astra-migrate-meta-layouts":"default","ast-page-background-enabled":"default","ast-page-background-meta":{"desktop":{"background-color":"","background-image":"","background-repeat":"repeat","background-position":"center center","background-size":"auto","background-attachment":"scroll","background-type":"","background-media":"","overlay-type":"","overlay-color":"","overlay-opacity":"","overlay-gradient":""},"tablet":{"background-color":"","background-image":"","background-repeat":"repeat","background-position":"center center","background-size":"auto","background-attachment":"scroll","background-type":"","background-media":"","overlay-type":"","overlay-color":"","overlay-opacity":"","overlay-gradient":""},"mobile":{"background-color":"","background-image":"","background-repeat":"repeat","background-position":"center center","background-size":"auto","background-attachment":"scroll","background-type":"","background-media":"","overlay-type":"","overlay-color":"","overlay-opacity":"","overlay-gradient":""}},"ast-content-background-meta":{"desktop":{"background-color":"var(--ast-global-color-5)","background-image":"","background-repeat":"repeat","background-position":"center center","background-size":"auto","background-attachment":"scroll","background-type":"","background-media":"","overlay-type":"","overlay-color":"","overlay-opacity":"","overlay-gradient":""},"tablet":{"background-color":"var(--ast-global-color-5)","background-image":"","background-repeat":"repeat","background-position":"center center","background-size":"auto","background-attachment":"scroll","background-type":"","background-media":"","overlay-type":"","overlay-color":"","overlay-opacity":"","overlay-gradient":""},"mobile":{"background-color":"var(--ast-global-color-5)","background-image":"","background-repeat":"repeat","background-position":"center center","background-size":"auto","background-attachment":"scroll","background-type":"","background-media":"","overlay-type":"","overlay-color":"","overlay-opacity":"","overlay-gradient":""}},"_jetpack_memberships_contains_paid_content":false,"_joinchat":[],"footnotes":""},"categories":[2256,2],"tags":[10268,3907,1997,1232,10269,4767,1998,3744,2248],"class_list":["post-41732","post","type-post","status-publish","format-standard","has-post-thumbnail","hentry","category-coronavirus","category-villa-maria","tag-250-muertos","tag-casos-diarios","tag-coronavirus","tag-destacado","tag-jueves-29-de-julio-de-2021","tag-mujer-fallecida","tag-pandemia","tag-situacion-epidemiologica","tag-villa-maria-2"],"yoast_head":"<!-- This site is optimized with the Yoast SEO plugin v26.8 - https:\/\/yoast.com\/product\/yoast-seo-wordpress\/ -->\n<title>Con la muerte de una mujer, la ciudad alcanz\u00f3 la cifra de 250 fallecidos por la pandemia - El Regional<\/title>\n<meta name=\"robots\" content=\"index, follow, max-snippet:-1, max-image-preview:large, max-video-preview:-1\" \/>\n<link rel=\"canonical\" href=\"http:\/\/elregionalvm.com.ar\/noticias-villa-maria\/con-la-muerte-de-una-mujer-la-ciudad-alcanzo-la-cifra-de-250-fallecidos-por-la-pandemia\/\" \/>\n<meta property=\"og:locale\" content=\"es_ES\" \/>\n<meta property=\"og:type\" content=\"article\" \/>\n<meta property=\"og:title\" content=\"Con la muerte de una mujer, la ciudad alcanz\u00f3 la cifra de 250 fallecidos por la pandemia - El Regional\" \/>\n<meta property=\"og:description\" content=\"En la ciudad de Villa Mar\u00eda se registraron 76 contagios este jueves y se dieron 81 altas de pacientes positivos. Se realizaron 613 test ant\u00edgenos y 164 PCR. El dato destacado es el fallecimiento de una mujer de 66 a\u00f1os de la ciudad, que eleva a 250 la cantidad de personas muertas producto del covid. [&hellip;]\" \/>\n<meta property=\"og:url\" content=\"http:\/\/elregionalvm.com.ar\/noticias-villa-maria\/con-la-muerte-de-una-mujer-la-ciudad-alcanzo-la-cifra-de-250-fallecidos-por-la-pandemia\/\" \/>\n<meta property=\"og:site_name\" content=\"El Regional\" \/>\n<meta property=\"article:publisher\" content=\"https:\/\/www.facebook.com\/elregionalvm\" \/>\n<meta property=\"article:published_time\" content=\"2021-07-29T23:45:33+00:00\" \/>\n<meta property=\"article:modified_time\" content=\"2021-07-29T23:45:48+00:00\" \/>\n<meta property=\"og:image\" content=\"http:\/\/elregionalvm.com.ar\/noticias-villa-maria\/wp-content\/uploads\/2021\/05\/covid-22.jpeg\" \/>\n\t<meta property=\"og:image:width\" content=\"976\" \/>\n\t<meta property=\"og:image:height\" content=\"477\" \/>\n\t<meta property=\"og:image:type\" content=\"image\/jpeg\" \/>\n<meta name=\"author\" content=\"Contenidos El Regional\" \/>\n<meta name=\"twitter:card\" content=\"summary_large_image\" \/>\n<meta name=\"twitter:creator\" content=\"@elregionalvm1\" \/>\n<meta name=\"twitter:site\" content=\"@elregionalvm1\" \/>\n<meta name=\"twitter:label1\" content=\"Escrito por\" \/>\n\t<meta name=\"twitter:data1\" content=\"Contenidos El Regional\" \/>\n\t<meta name=\"twitter:label2\" content=\"Tiempo de lectura\" \/>\n\t<meta name=\"twitter:data2\" content=\"1 minuto\" \/>\n<script type=\"application\/ld+json\" class=\"yoast-schema-graph\">{\"@context\":\"https:\/\/schema.org\",\"@graph\":[{\"@type\":\"Article\",\"@id\":\"http:\/\/elregionalvm.com.ar\/noticias-villa-maria\/con-la-muerte-de-una-mujer-la-ciudad-alcanzo-la-cifra-de-250-fallecidos-por-la-pandemia\/#article\",\"isPartOf\":{\"@id\":\"http:\/\/elregionalvm.com.ar\/noticias-villa-maria\/con-la-muerte-de-una-mujer-la-ciudad-alcanzo-la-cifra-de-250-fallecidos-por-la-pandemia\/\"},\"author\":{\"name\":\"Contenidos El Regional\",\"@id\":\"http:\/\/elregionalvm.com.ar\/noticias-villa-maria\/#\/schema\/person\/a0fb9c422317faca23d50163151bc354\"},\"headline\":\"Con la muerte de una mujer, la ciudad alcanz\u00f3 la cifra de 250 fallecidos por la pandemia\",\"datePublished\":\"2021-07-29T23:45:33+00:00\",\"dateModified\":\"2021-07-29T23:45:48+00:00\",\"mainEntityOfPage\":{\"@id\":\"http:\/\/elregionalvm.com.ar\/noticias-villa-maria\/con-la-muerte-de-una-mujer-la-ciudad-alcanzo-la-cifra-de-250-fallecidos-por-la-pandemia\/\"},\"wordCount\":81,\"commentCount\":0,\"image\":{\"@id\":\"http:\/\/elregionalvm.com.ar\/noticias-villa-maria\/con-la-muerte-de-una-mujer-la-ciudad-alcanzo-la-cifra-de-250-fallecidos-por-la-pandemia\/#primaryimage\"},\"thumbnailUrl\":\"https:\/\/i0.wp.com\/elregionalvm.com.ar\/noticias-villa-maria\/wp-content\/uploads\/2021\/05\/covid-22.jpeg?fit=976%2C477&ssl=1\",\"keywords\":[\"250 muertos\",\"casos diarios\",\"Coronavirus\",\"destacado\",\"jueves 29 de julio de 2021\",\"mujer fallecida\",\"pandemia\",\"situaci\u00f3n epidemiol\u00f3gica\",\"Villa Mar\u00eda\"],\"articleSection\":[\"Coronavirus\",\"Villa Mar\u00eda\"],\"inLanguage\":\"es\",\"potentialAction\":[{\"@type\":\"CommentAction\",\"name\":\"Comment\",\"target\":[\"http:\/\/elregionalvm.com.ar\/noticias-villa-maria\/con-la-muerte-de-una-mujer-la-ciudad-alcanzo-la-cifra-de-250-fallecidos-por-la-pandemia\/#respond\"]}]},{\"@type\":\"WebPage\",\"@id\":\"http:\/\/elregionalvm.com.ar\/noticias-villa-maria\/con-la-muerte-de-una-mujer-la-ciudad-alcanzo-la-cifra-de-250-fallecidos-por-la-pandemia\/\",\"url\":\"http:\/\/elregionalvm.com.ar\/noticias-villa-maria\/con-la-muerte-de-una-mujer-la-ciudad-alcanzo-la-cifra-de-250-fallecidos-por-la-pandemia\/\",\"name\":\"Con la muerte de una mujer, la ciudad alcanz\u00f3 la cifra de 250 fallecidos por la pandemia - El Regional\",\"isPartOf\":{\"@id\":\"http:\/\/elregionalvm.com.ar\/noticias-villa-maria\/#website\"},\"primaryImageOfPage\":{\"@id\":\"http:\/\/elregionalvm.com.ar\/noticias-villa-maria\/con-la-muerte-de-una-mujer-la-ciudad-alcanzo-la-cifra-de-250-fallecidos-por-la-pandemia\/#primaryimage\"},\"image\":{\"@id\":\"http:\/\/elregionalvm.com.ar\/noticias-villa-maria\/con-la-muerte-de-una-mujer-la-ciudad-alcanzo-la-cifra-de-250-fallecidos-por-la-pandemia\/#primaryimage\"},\"thumbnailUrl\":\"https:\/\/i0.wp.com\/elregionalvm.com.ar\/noticias-villa-maria\/wp-content\/uploads\/2021\/05\/covid-22.jpeg?fit=976%2C477&ssl=1\",\"datePublished\":\"2021-07-29T23:45:33+00:00\",\"dateModified\":\"2021-07-29T23:45:48+00:00\",\"author\":{\"@id\":\"http:\/\/elregionalvm.com.ar\/noticias-villa-maria\/#\/schema\/person\/a0fb9c422317faca23d50163151bc354\"},\"breadcrumb\":{\"@id\":\"http:\/\/elregionalvm.com.ar\/noticias-villa-maria\/con-la-muerte-de-una-mujer-la-ciudad-alcanzo-la-cifra-de-250-fallecidos-por-la-pandemia\/#breadcrumb\"},\"inLanguage\":\"es\",\"potentialAction\":[{\"@type\":\"ReadAction\",\"target\":[\"http:\/\/elregionalvm.com.ar\/noticias-villa-maria\/con-la-muerte-de-una-mujer-la-ciudad-alcanzo-la-cifra-de-250-fallecidos-por-la-pandemia\/\"]}]},{\"@type\":\"ImageObject\",\"inLanguage\":\"es\",\"@id\":\"http:\/\/elregionalvm.com.ar\/noticias-villa-maria\/con-la-muerte-de-una-mujer-la-ciudad-alcanzo-la-cifra-de-250-fallecidos-por-la-pandemia\/#primaryimage\",\"url\":\"https:\/\/i0.wp.com\/elregionalvm.com.ar\/noticias-villa-maria\/wp-content\/uploads\/2021\/05\/covid-22.jpeg?fit=976%2C477&ssl=1\",\"contentUrl\":\"https:\/\/i0.wp.com\/elregionalvm.com.ar\/noticias-villa-maria\/wp-content\/uploads\/2021\/05\/covid-22.jpeg?fit=976%2C477&ssl=1\",\"width\":976,\"height\":477},{\"@type\":\"BreadcrumbList\",\"@id\":\"http:\/\/elregionalvm.com.ar\/noticias-villa-maria\/con-la-muerte-de-una-mujer-la-ciudad-alcanzo-la-cifra-de-250-fallecidos-por-la-pandemia\/#breadcrumb\",\"itemListElement\":[{\"@type\":\"ListItem\",\"position\":1,\"name\":\"Portada\",\"item\":\"https:\/\/elregionalvm.com.ar\/noticias-villa-maria\/\"},{\"@type\":\"ListItem\",\"position\":2,\"name\":\"Con la muerte de una mujer, la ciudad alcanz\u00f3 la cifra de 250 fallecidos por la pandemia\"}]},{\"@type\":\"WebSite\",\"@id\":\"http:\/\/elregionalvm.com.ar\/noticias-villa-maria\/#website\",\"url\":\"http:\/\/elregionalvm.com.ar\/noticias-villa-maria\/\",\"name\":\"El Regional\",\"description\":\"Mucho m\u00e1s que informaci\u00f3n\",\"potentialAction\":[{\"@type\":\"SearchAction\",\"target\":{\"@type\":\"EntryPoint\",\"urlTemplate\":\"http:\/\/elregionalvm.com.ar\/noticias-villa-maria\/?s={search_term_string}\"},\"query-input\":{\"@type\":\"PropertyValueSpecification\",\"valueRequired\":true,\"valueName\":\"search_term_string\"}}],\"inLanguage\":\"es\"},{\"@type\":\"Person\",\"@id\":\"http:\/\/elregionalvm.com.ar\/noticias-villa-maria\/#\/schema\/person\/a0fb9c422317faca23d50163151bc354\",\"name\":\"Contenidos El Regional\",\"image\":{\"@type\":\"ImageObject\",\"inLanguage\":\"es\",\"@id\":\"http:\/\/elregionalvm.com.ar\/noticias-villa-maria\/#\/schema\/person\/image\/\",\"url\":\"https:\/\/secure.gravatar.com\/avatar\/265b27cb2209af7bb3a1318f03305787d7981a5cc6e6cd08fe5a4ecdf99d4b48?s=96&d=mm&r=g\",\"contentUrl\":\"https:\/\/secure.gravatar.com\/avatar\/265b27cb2209af7bb3a1318f03305787d7981a5cc6e6cd08fe5a4ecdf99d4b48?s=96&d=mm&r=g\",\"caption\":\"Contenidos El Regional\"},\"url\":\"https:\/\/elregionalvm.com.ar\/noticias-villa-maria\/author\/contenido\/\"}]}<\/script>\n<!-- \/ Yoast SEO plugin. -->","yoast_head_json":{"title":"Con la muerte de una mujer, la ciudad alcanz\u00f3 la cifra de 250 fallecidos por la pandemia - El Regional","robots":{"index":"index","follow":"follow","max-snippet":"max-snippet:-1","max-image-preview":"max-image-preview:large","max-video-preview":"max-video-preview:-1"},"canonical":"http:\/\/elregionalvm.com.ar\/noticias-villa-maria\/con-la-muerte-de-una-mujer-la-ciudad-alcanzo-la-cifra-de-250-fallecidos-por-la-pandemia\/","og_locale":"es_ES","og_type":"article","og_title":"Con la muerte de una mujer, la ciudad alcanz\u00f3 la cifra de 250 fallecidos por la pandemia - El Regional","og_description":"En la ciudad de Villa Mar\u00eda se registraron 76 contagios este jueves y se dieron 81 altas de pacientes positivos. Se realizaron 613 test ant\u00edgenos y 164 PCR. El dato destacado es el fallecimiento de una mujer de 66 a\u00f1os de la ciudad, que eleva a 250 la cantidad de personas muertas producto del covid. [&hellip;]","og_url":"http:\/\/elregionalvm.com.ar\/noticias-villa-maria\/con-la-muerte-de-una-mujer-la-ciudad-alcanzo-la-cifra-de-250-fallecidos-por-la-pandemia\/","og_site_name":"El Regional","article_publisher":"https:\/\/www.facebook.com\/elregionalvm","article_published_time":"2021-07-29T23:45:33+00:00","article_modified_time":"2021-07-29T23:45:48+00:00","og_image":[{"width":976,"height":477,"url":"http:\/\/elregionalvm.com.ar\/noticias-villa-maria\/wp-content\/uploads\/2021\/05\/covid-22.jpeg","type":"image\/jpeg"}],"author":"Contenidos El Regional","twitter_card":"summary_large_image","twitter_creator":"@elregionalvm1","twitter_site":"@elregionalvm1","twitter_misc":{"Escrito por":"Contenidos El Regional","Tiempo de lectura":"1 minuto"},"schema":{"@context":"https:\/\/schema.org","@graph":[{"@type":"Article","@id":"http:\/\/elregionalvm.com.ar\/noticias-villa-maria\/con-la-muerte-de-una-mujer-la-ciudad-alcanzo-la-cifra-de-250-fallecidos-por-la-pandemia\/#article","isPartOf":{"@id":"http:\/\/elregionalvm.com.ar\/noticias-villa-maria\/con-la-muerte-de-una-mujer-la-ciudad-alcanzo-la-cifra-de-250-fallecidos-por-la-pandemia\/"},"author":{"name":"Contenidos El Regional","@id":"http:\/\/elregionalvm.com.ar\/noticias-villa-maria\/#\/schema\/person\/a0fb9c422317faca23d50163151bc354"},"headline":"Con la muerte de una mujer, la ciudad alcanz\u00f3 la cifra de 250 fallecidos por la pandemia","datePublished":"2021-07-29T23:45:33+00:00","dateModified":"2021-07-29T23:45:48+00:00","mainEntityOfPage":{"@id":"http:\/\/elregionalvm.com.ar\/noticias-villa-maria\/con-la-muerte-de-una-mujer-la-ciudad-alcanzo-la-cifra-de-250-fallecidos-por-la-pandemia\/"},"wordCount":81,"commentCount":0,"image":{"@id":"http:\/\/elregionalvm.com.ar\/noticias-villa-maria\/con-la-muerte-de-una-mujer-la-ciudad-alcanzo-la-cifra-de-250-fallecidos-por-la-pandemia\/#primaryimage"},"thumbnailUrl":"https:\/\/i0.wp.com\/elregionalvm.com.ar\/noticias-villa-maria\/wp-content\/uploads\/2021\/05\/covid-22.jpeg?fit=976%2C477&ssl=1","keywords":["250 muertos","casos diarios","Coronavirus","destacado","jueves 29 de julio de 2021","mujer fallecida","pandemia","situaci\u00f3n epidemiol\u00f3gica","Villa Mar\u00eda"],"articleSection":["Coronavirus","Villa Mar\u00eda"],"inLanguage":"es","potentialAction":[{"@type":"CommentAction","name":"Comment","target":["http:\/\/elregionalvm.com.ar\/noticias-villa-maria\/con-la-muerte-de-una-mujer-la-ciudad-alcanzo-la-cifra-de-250-fallecidos-por-la-pandemia\/#respond"]}]},{"@type":"WebPage","@id":"http:\/\/elregionalvm.com.ar\/noticias-villa-maria\/con-la-muerte-de-una-mujer-la-ciudad-alcanzo-la-cifra-de-250-fallecidos-por-la-pandemia\/","url":"http:\/\/elregionalvm.com.ar\/noticias-villa-maria\/con-la-muerte-de-una-mujer-la-ciudad-alcanzo-la-cifra-de-250-fallecidos-por-la-pandemia\/","name":"Con la muerte de una mujer, la ciudad alcanz\u00f3 la cifra de 250 fallecidos por la pandemia - El Regional","isPartOf":{"@id":"http:\/\/elregionalvm.com.ar\/noticias-villa-maria\/#website"},"primaryImageOfPage":{"@id":"http:\/\/elregionalvm.com.ar\/noticias-villa-maria\/con-la-muerte-de-una-mujer-la-ciudad-alcanzo-la-cifra-de-250-fallecidos-por-la-pandemia\/#primaryimage"},"image":{"@id":"http:\/\/elregionalvm.com.ar\/noticias-villa-maria\/con-la-muerte-de-una-mujer-la-ciudad-alcanzo-la-cifra-de-250-fallecidos-por-la-pandemia\/#primaryimage"},"thumbnailUrl":"https:\/\/i0.wp.com\/elregionalvm.com.ar\/noticias-villa-maria\/wp-content\/uploads\/2021\/05\/covid-22.jpeg?fit=976%2C477&ssl=1","datePublished":"2021-07-29T23:45:33+00:00","dateModified":"2021-07-29T23:45:48+00:00","author":{"@id":"http:\/\/elregionalvm.com.ar\/noticias-villa-maria\/#\/schema\/person\/a0fb9c422317faca23d50163151bc354"},"breadcrumb":{"@id":"http:\/\/elregionalvm.com.ar\/noticias-villa-maria\/con-la-muerte-de-una-mujer-la-ciudad-alcanzo-la-cifra-de-250-fallecidos-por-la-pandemia\/#breadcrumb"},"inLanguage":"es","potentialAction":[{"@type":"ReadAction","target":["http:\/\/elregionalvm.com.ar\/noticias-villa-maria\/con-la-muerte-de-una-mujer-la-ciudad-alcanzo-la-cifra-de-250-fallecidos-por-la-pandemia\/"]}]},{"@type":"ImageObject","inLanguage":"es","@id":"http:\/\/elregionalvm.com.ar\/noticias-villa-maria\/con-la-muerte-de-una-mujer-la-ciudad-alcanzo-la-cifra-de-250-fallecidos-por-la-pandemia\/#primaryimage","url":"https:\/\/i0.wp.com\/elregionalvm.com.ar\/noticias-villa-maria\/wp-content\/uploads\/2021\/05\/covid-22.jpeg?fit=976%2C477&ssl=1","contentUrl":"https:\/\/i0.wp.com\/elregionalvm.com.ar\/noticias-villa-maria\/wp-content\/uploads\/2021\/05\/covid-22.jpeg?fit=976%2C477&ssl=1","width":976,"height":477},{"@type":"BreadcrumbList","@id":"http:\/\/elregionalvm.com.ar\/noticias-villa-maria\/con-la-muerte-de-una-mujer-la-ciudad-alcanzo-la-cifra-de-250-fallecidos-por-la-pandemia\/#breadcrumb","itemListElement":[{"@type":"ListItem","position":1,"name":"Portada","item":"https:\/\/elregionalvm.com.ar\/noticias-villa-maria\/"},{"@type":"ListItem","position":2,"name":"Con la muerte de una mujer, la ciudad alcanz\u00f3 la cifra de 250 fallecidos por la pandemia"}]},{"@type":"WebSite","@id":"http:\/\/elregionalvm.com.ar\/noticias-villa-maria\/#website","url":"http:\/\/elregionalvm.com.ar\/noticias-villa-maria\/","name":"El Regional","description":"Mucho m\u00e1s que informaci\u00f3n","potentialAction":[{"@type":"SearchAction","target":{"@type":"EntryPoint","urlTemplate":"http:\/\/elregionalvm.com.ar\/noticias-villa-maria\/?s={search_term_string}"},"query-input":{"@type":"PropertyValueSpecification","valueRequired":true,"valueName":"search_term_string"}}],"inLanguage":"es"},{"@type":"Person","@id":"http:\/\/elregionalvm.com.ar\/noticias-villa-maria\/#\/schema\/person\/a0fb9c422317faca23d50163151bc354","name":"Contenidos El Regional","image":{"@type":"ImageObject","inLanguage":"es","@id":"http:\/\/elregionalvm.com.ar\/noticias-villa-maria\/#\/schema\/person\/image\/","url":"https:\/\/secure.gravatar.com\/avatar\/265b27cb2209af7bb3a1318f03305787d7981a5cc6e6cd08fe5a4ecdf99d4b48?s=96&d=mm&r=g","contentUrl":"https:\/\/secure.gravatar.com\/avatar\/265b27cb2209af7bb3a1318f03305787d7981a5cc6e6cd08fe5a4ecdf99d4b48?s=96&d=mm&r=g","caption":"Contenidos El Regional"},"url":"https:\/\/elregionalvm.com.ar\/noticias-villa-maria\/author\/contenido\/"}]}},"jetpack_featured_media_url":"https:\/\/i0.wp.com\/elregionalvm.com.ar\/noticias-villa-maria\/wp-content\/uploads\/2021\/05\/covid-22.jpeg?fit=976%2C477&ssl=1","jetpack_sharing_enabled":true,"_links":{"self":[{"href":"https:\/\/elregionalvm.com.ar\/noticias-villa-maria\/wp-json\/wp\/v2\/posts\/41732","targetHints":{"allow":["GET"]}}],"collection":[{"href":"https:\/\/elregionalvm.com.ar\/noticias-villa-maria\/wp-json\/wp\/v2\/posts"}],"about":[{"href":"https:\/\/elregionalvm.com.ar\/noticias-villa-maria\/wp-json\/wp\/v2\/types\/post"}],"author":[{"embeddable":true,"href":"https:\/\/elregionalvm.com.ar\/noticias-villa-maria\/wp-json\/wp\/v2\/users\/4"}],"replies":[{"embeddable":true,"href":"https:\/\/elregionalvm.com.ar\/noticias-villa-maria\/wp-json\/wp\/v2\/comments?post=41732"}],"version-history":[{"count":1,"href":"https:\/\/elregionalvm.com.ar\/noticias-villa-maria\/wp-json\/wp\/v2\/posts\/41732\/revisions"}],"predecessor-version":[{"id":41736,"href":"https:\/\/elregionalvm.com.ar\/noticias-villa-maria\/wp-json\/wp\/v2\/posts\/41732\/revisions\/41736"}],"wp:featuredmedia":[{"embeddable":true,"href":"https:\/\/elregionalvm.com.ar\/noticias-villa-maria\/wp-json\/wp\/v2\/media\/37272"}],"wp:attachment":[{"href":"https:\/\/elregionalvm.com.ar\/noticias-villa-maria\/wp-json\/wp\/v2\/media?parent=41732"}],"wp:term":[{"taxonomy":"category","embeddable":true,"href":"https:\/\/elregionalvm.com.ar\/noticias-villa-maria\/wp-json\/wp\/v2\/categories?post=41732"},{"taxonomy":"post_tag","embeddable":true,"href":"https:\/\/elregionalvm.com.ar\/noticias-villa-maria\/wp-json\/wp\/v2\/tags?post=41732"}],"curies":[{"name":"wp","href":"https:\/\/api.w.org\/{rel}","templated":true}]}}