{"id":42042,"date":"2022-08-02T11:21:23","date_gmt":"2022-08-02T11:21:23","guid":{"rendered":"https:\/\/elregionalvm.com.ar\/noticias-villa-maria\/?p=42042"},"modified":"2022-08-04T22:03:17","modified_gmt":"2022-08-04T22:03:17","slug":"semana-de-la-lactancia-materna-lo-complejo","status":"publish","type":"post","link":"https:\/\/elregionalvm.com.ar\/noticias-villa-maria\/semana-de-la-lactancia-materna-lo-complejo\/","title":{"rendered":"Semana de la lactancia materna: lo complejo"},"content":{"rendered":"\n<h3 class=\"wp-block-heading\">No hay semana de la lactancia que no venga de la mano de la pol\u00e9mica y quiz\u00e1s, este sea uno de los objetivos encubiertos.<br><\/h3>\n\n\n\n<p><\/p>\n\n\n\n<p>Escribe:  <strong>Paula D\u00edaz de Arcaya* <\/strong><\/p>\n\n\n\n<p>Problematizar, indagar, reflexionar, cuestionar, criticar. En todo proceso de visibilizaci\u00f3n hay tensi\u00f3n, posicionamientos opuestos, razones, verdades diversas que se espejan, que coexisten y que quiz\u00e1s se abrazan.<br><br>El a\u00f1o pasado tuvimos que salir a explicar por qu\u00e9 en estos 7 pedorros d\u00edas se visibiliza un derecho, o la vulneraci\u00f3n del mismo, o la atenci\u00f3n precaria en lactancia o la existencia de abordajes que impactan negativamente en las d\u00edadas reales, que luego se traducen en duros n\u00fameros de indicadores.<br><br>Y tuvimos que explicar -incluso dentro de este colectivo- qu\u00e9 es un mandato hegem\u00f3nico de alimentaci\u00f3n, los nuevos mandatos en la maternidad (su impacto, su no subestimaci\u00f3n) y cu\u00e1l es la diferencia y el objetivo de esta semana en funci\u00f3n de los mandatos hegem\u00f3nicos.<br><br>Tuvimos que hablar y explicar que esta es una semana en la que se le habla a los Estados!!!! Y no a las mujeres que decidieron en funci\u00f3n de tal o cual deseo o en funci\u00f3n de tal o cual variable, estructura, andamiaje, circunstancias. Y por qu\u00e9 esta semana no es para imponer ninguna forma de alimentaci\u00f3n, sino que en un mundo donde la imposici\u00f3n es la f\u00f3rmula, podamos pensar los derechos desde una perspectiva pol\u00edtica y colectiva.<br><br>Esta red es la consagraci\u00f3n del pensamiento binario, por eso cala tan hondo en cada unx de nosotrxs. No pudo haberse generado una plataforma m\u00e1s \u00fatil y m\u00e1s servil al prop\u00f3sito de dicotomizar lo diverso.<br><br><strong>Las decisiones no como sentencias sino como trascendencia.<br><\/strong><br>La complejidad de buscar las palabras para visibilizar sin ofender, defender un derecho sin ignorar las luchas internas, contextualizar, determinar al interlocutor, pero sobre todo entender que es una semana de visibilizacion en la que no se juzgan las vivencias personales sino las condiciones de atenci\u00f3n en la perinatalidad y la garant\u00eda de derechos.<br><\/p>\n\n\n\n<figure class=\"wp-block-image size-full\"><img data-recalc-dims=\"1\" fetchpriority=\"high\" decoding=\"async\" width=\"1024\" height=\"683\" src=\"https:\/\/i0.wp.com\/elregionalvm.com.ar\/noticias-villa-maria\/wp-content\/uploads\/2021\/08\/lactancia.jpeg?resize=1024%2C683&#038;ssl=1\" alt=\"\" class=\"wp-image-42043\" srcset=\"https:\/\/i0.wp.com\/elregionalvm.com.ar\/noticias-villa-maria\/wp-content\/uploads\/2021\/08\/lactancia.jpeg?w=1024&amp;ssl=1 1024w, https:\/\/i0.wp.com\/elregionalvm.com.ar\/noticias-villa-maria\/wp-content\/uploads\/2021\/08\/lactancia.jpeg?resize=300%2C200&amp;ssl=1 300w, https:\/\/i0.wp.com\/elregionalvm.com.ar\/noticias-villa-maria\/wp-content\/uploads\/2021\/08\/lactancia.jpeg?resize=768%2C512&amp;ssl=1 768w\" sizes=\"(max-width: 1000px) 100vw, 1000px\" \/><\/figure>\n\n\n\n<p><\/p>\n\n\n\n<p><strong>Lactancia colectiva<\/strong><\/p>\n\n\n\n<p>Qu\u00e9 ensalada que se nos arma a todxs, no?<br><br>Tengo la sensaci\u00f3n que cuando explicamos algo, nos queda por afuera tanto..<br><br>\u00bfEs posible la intervenci\u00f3n as\u00e9ptica y sin errores? \u00bfLa intervenci\u00f3n que lo contempla todo? \u00bfLos posteos que lo ven e integran todo?<br><br>\u00bfEs posible la lectura que sobrevuela y totaliza (en el sentido de abarcativa)?<br><br>Esta plataforma nos compele a una forma de comunicar. La cantidad de caracteres NO ES casual. Hacer un uso acertado requiere de destreza, y aun as\u00ed podemos morir en el intento.<br><br>Volviendo a esta semana, al lema, los valores, la misi\u00f3n de la WABA y a los interlocutores:<br><\/p>\n\n\n\n<p>\u2022 La lactancia (como cualquier alimentaci\u00f3n) se construye colectivamente: la forma en la que nos alimentamos no depende de decisiones aisladas de mujeres aisladas. As\u00ed como hacer bud\u00edn de br\u00f3coli org\u00e1nico no construye soberan\u00eda alimentaria per se.<\/p>\n\n\n\n<p>\u2022 La norma es la penetraci\u00f3n con f\u00f3rmula como reacci\u00f3n autom\u00e1tica a cualquier dificultad en la lactancia. Incluso all\u00ed donde la mujer tiene un claro deseo e inter\u00e9s de probar con otra cosa.<br><br>\u2022 La lactancia NO ES SOLO LACTANCIA MATERNA EXCLUSIVA. Voy a repetir esto hasta el cansancio. Ni tampoco lo es solo a LIBRE DEMANDA. Tanto la LME como la LD est\u00e1n \u00edntimamente ligadas a variables que son singular\u00edsimas y que por lo tanto no son extrapolables a toda la poblaci\u00f3n.<br><br>\u2022 El acceso a servicios de salud en lactancia constituye un problema de asignaci\u00f3n desigual de recursos que se refuerza por la falta de pol\u00edticas p\u00fablicas en el sector y por la ausencia de reconocimiento de nuestro rol.<br><br>\u2022 Esta falencia no la resuelve el ACCIONAR INDIVIDUAL de una puericultora ni tampoco la GRATUIDAD de una consulta.<br><br>\u2022 Los estados potentes que saben la importancia que tiene el v\u00ednculo temprano y la alimentaci\u00f3n en la epidemiolog\u00eda, sostienen atenciones institucionales y domiciliarias por varios d\u00edas luego del nacimiento. Y esto es pagado por los Estados.<br><br>Revisemos los conceptos de colectivo, estado, gratuidad, derechos, interlocutores v\u00e1lidos.<br><br>* Pau D\u00edaz de Arcaya<br><a href=\"https:\/\/www.instagram.com\/paulapuericultora\/\">@paulapuericultora<\/a><br>Soci\u00f3loga | Puericultora<\/p>\n\n\n\n<p><\/p>\n\n\n\n<p><\/p>\n","protected":false},"excerpt":{"rendered":"<p>No hay semana de la lactancia que no venga de la mano de la pol\u00e9mica y quiz\u00e1s, este sea uno de los objetivos encubiertos. Escribe: Paula D\u00edaz de Arcaya* Problematizar, indagar, reflexionar, cuestionar, criticar. En todo proceso de visibilizaci\u00f3n hay tensi\u00f3n, posicionamientos opuestos, razones, verdades diversas que se espejan, que coexisten y que quiz\u00e1s se [&hellip;]<\/p>\n","protected":false},"author":4,"featured_media":42047,"comment_status":"open","ping_status":"open","sticky":false,"template":"","format":"standard","meta":{"site-sidebar-layout":"default","site-content-layout":"default","ast-site-content-layout":"default","site-content-style":"default","site-sidebar-style":"default","ast-global-header-display":"","ast-banner-title-visibility":"","ast-main-header-display":"","ast-hfb-above-header-display":"","ast-hfb-below-header-display":"","ast-hfb-mobile-header-display":"","site-post-title":"","ast-breadcrumbs-content":"","ast-featured-img":"","footer-sml-layout":"","ast-disable-related-posts":"","theme-transparent-header-meta":"default","adv-header-id-meta":"","stick-header-meta":"","header-above-stick-meta":"","header-main-stick-meta":"","header-below-stick-meta":"","astra-migrate-meta-layouts":"default","ast-page-background-enabled":"default","ast-page-background-meta":{"desktop":{"background-color":"","background-image":"","background-repeat":"repeat","background-position":"center center","background-size":"auto","background-attachment":"scroll","background-type":"","background-media":"","overlay-type":"","overlay-color":"","overlay-opacity":"","overlay-gradient":""},"tablet":{"background-color":"","background-image":"","background-repeat":"repeat","background-position":"center center","background-size":"auto","background-attachment":"scroll","background-type":"","background-media":"","overlay-type":"","overlay-color":"","overlay-opacity":"","overlay-gradient":""},"mobile":{"background-color":"","background-image":"","background-repeat":"repeat","background-position":"center center","background-size":"auto","background-attachment":"scroll","background-type":"","background-media":"","overlay-type":"","overlay-color":"","overlay-opacity":"","overlay-gradient":""}},"ast-content-background-meta":{"desktop":{"background-color":"var(--ast-global-color-5)","background-image":"","background-repeat":"repeat","background-position":"center center","background-size":"auto","background-attachment":"scroll","background-type":"","background-media":"","overlay-type":"","overlay-color":"","overlay-opacity":"","overlay-gradient":""},"tablet":{"background-color":"var(--ast-global-color-5)","background-image":"","background-repeat":"repeat","background-position":"center center","background-size":"auto","background-attachment":"scroll","background-type":"","background-media":"","overlay-type":"","overlay-color":"","overlay-opacity":"","overlay-gradient":""},"mobile":{"background-color":"var(--ast-global-color-5)","background-image":"","background-repeat":"repeat","background-position":"center center","background-size":"auto","background-attachment":"scroll","background-type":"","background-media":"","overlay-type":"","overlay-color":"","overlay-opacity":"","overlay-gradient":""}},"_jetpack_memberships_contains_paid_content":false,"_joinchat":[],"footnotes":""},"categories":[5],"tags":[8480,10357],"class_list":["post-42042","post","type-post","status-publish","format-standard","has-post-thumbnail","hentry","category-sociedad","tag-lactancia-materna","tag-semana-de-la-lactancia-materna"],"yoast_head":"<!-- This site is optimized with the Yoast SEO plugin v26.8 - https:\/\/yoast.com\/product\/yoast-seo-wordpress\/ -->\n<title>Semana de la lactancia materna: lo complejo - El Regional<\/title>\n<meta name=\"robots\" content=\"index, follow, max-snippet:-1, max-image-preview:large, max-video-preview:-1\" \/>\n<link rel=\"canonical\" href=\"http:\/\/elregionalvm.com.ar\/noticias-villa-maria\/semana-de-la-lactancia-materna-lo-complejo\/\" \/>\n<meta property=\"og:locale\" content=\"es_ES\" \/>\n<meta property=\"og:type\" content=\"article\" \/>\n<meta property=\"og:title\" content=\"Semana de la lactancia materna: lo complejo - El Regional\" \/>\n<meta property=\"og:description\" content=\"No hay semana de la lactancia que no venga de la mano de la pol\u00e9mica y quiz\u00e1s, este sea uno de los objetivos encubiertos. Escribe: Paula D\u00edaz de Arcaya* Problematizar, indagar, reflexionar, cuestionar, criticar. En todo proceso de visibilizaci\u00f3n hay tensi\u00f3n, posicionamientos opuestos, razones, verdades diversas que se espejan, que coexisten y que quiz\u00e1s se [&hellip;]\" \/>\n<meta property=\"og:url\" content=\"http:\/\/elregionalvm.com.ar\/noticias-villa-maria\/semana-de-la-lactancia-materna-lo-complejo\/\" \/>\n<meta property=\"og:site_name\" content=\"El Regional\" \/>\n<meta property=\"article:publisher\" content=\"https:\/\/www.facebook.com\/elregionalvm\" \/>\n<meta property=\"article:published_time\" content=\"2022-08-02T11:21:23+00:00\" \/>\n<meta property=\"article:modified_time\" content=\"2022-08-04T22:03:17+00:00\" \/>\n<meta property=\"og:image\" content=\"http:\/\/elregionalvm.com.ar\/noticias-villa-maria\/wp-content\/uploads\/2021\/08\/R-1.jpg\" \/>\n\t<meta property=\"og:image:width\" content=\"1024\" \/>\n\t<meta property=\"og:image:height\" content=\"512\" \/>\n\t<meta property=\"og:image:type\" content=\"image\/jpeg\" \/>\n<meta name=\"author\" content=\"Contenidos El Regional\" \/>\n<meta name=\"twitter:card\" content=\"summary_large_image\" \/>\n<meta name=\"twitter:creator\" content=\"@elregionalvm1\" \/>\n<meta name=\"twitter:site\" content=\"@elregionalvm1\" \/>\n<meta name=\"twitter:label1\" content=\"Escrito por\" \/>\n\t<meta name=\"twitter:data1\" content=\"Contenidos El Regional\" \/>\n\t<meta name=\"twitter:label2\" content=\"Tiempo de lectura\" \/>\n\t<meta name=\"twitter:data2\" content=\"4 minutos\" \/>\n<script type=\"application\/ld+json\" class=\"yoast-schema-graph\">{\"@context\":\"https:\/\/schema.org\",\"@graph\":[{\"@type\":\"Article\",\"@id\":\"http:\/\/elregionalvm.com.ar\/noticias-villa-maria\/semana-de-la-lactancia-materna-lo-complejo\/#article\",\"isPartOf\":{\"@id\":\"http:\/\/elregionalvm.com.ar\/noticias-villa-maria\/semana-de-la-lactancia-materna-lo-complejo\/\"},\"author\":{\"name\":\"Contenidos El Regional\",\"@id\":\"http:\/\/elregionalvm.com.ar\/noticias-villa-maria\/#\/schema\/person\/a0fb9c422317faca23d50163151bc354\"},\"headline\":\"Semana de la lactancia materna: lo complejo\",\"datePublished\":\"2022-08-02T11:21:23+00:00\",\"dateModified\":\"2022-08-04T22:03:17+00:00\",\"mainEntityOfPage\":{\"@id\":\"http:\/\/elregionalvm.com.ar\/noticias-villa-maria\/semana-de-la-lactancia-materna-lo-complejo\/\"},\"wordCount\":721,\"commentCount\":0,\"image\":{\"@id\":\"http:\/\/elregionalvm.com.ar\/noticias-villa-maria\/semana-de-la-lactancia-materna-lo-complejo\/#primaryimage\"},\"thumbnailUrl\":\"https:\/\/i0.wp.com\/elregionalvm.com.ar\/noticias-villa-maria\/wp-content\/uploads\/2021\/08\/R-1.jpg?fit=1024%2C512&ssl=1\",\"keywords\":[\"Lactancia materna\",\"semana de la lactancia materna\"],\"articleSection\":[\"Sociedad\"],\"inLanguage\":\"es\",\"potentialAction\":[{\"@type\":\"CommentAction\",\"name\":\"Comment\",\"target\":[\"http:\/\/elregionalvm.com.ar\/noticias-villa-maria\/semana-de-la-lactancia-materna-lo-complejo\/#respond\"]}]},{\"@type\":\"WebPage\",\"@id\":\"http:\/\/elregionalvm.com.ar\/noticias-villa-maria\/semana-de-la-lactancia-materna-lo-complejo\/\",\"url\":\"http:\/\/elregionalvm.com.ar\/noticias-villa-maria\/semana-de-la-lactancia-materna-lo-complejo\/\",\"name\":\"Semana de la lactancia materna: lo complejo - El Regional\",\"isPartOf\":{\"@id\":\"http:\/\/elregionalvm.com.ar\/noticias-villa-maria\/#website\"},\"primaryImageOfPage\":{\"@id\":\"http:\/\/elregionalvm.com.ar\/noticias-villa-maria\/semana-de-la-lactancia-materna-lo-complejo\/#primaryimage\"},\"image\":{\"@id\":\"http:\/\/elregionalvm.com.ar\/noticias-villa-maria\/semana-de-la-lactancia-materna-lo-complejo\/#primaryimage\"},\"thumbnailUrl\":\"https:\/\/i0.wp.com\/elregionalvm.com.ar\/noticias-villa-maria\/wp-content\/uploads\/2021\/08\/R-1.jpg?fit=1024%2C512&ssl=1\",\"datePublished\":\"2022-08-02T11:21:23+00:00\",\"dateModified\":\"2022-08-04T22:03:17+00:00\",\"author\":{\"@id\":\"http:\/\/elregionalvm.com.ar\/noticias-villa-maria\/#\/schema\/person\/a0fb9c422317faca23d50163151bc354\"},\"breadcrumb\":{\"@id\":\"http:\/\/elregionalvm.com.ar\/noticias-villa-maria\/semana-de-la-lactancia-materna-lo-complejo\/#breadcrumb\"},\"inLanguage\":\"es\",\"potentialAction\":[{\"@type\":\"ReadAction\",\"target\":[\"http:\/\/elregionalvm.com.ar\/noticias-villa-maria\/semana-de-la-lactancia-materna-lo-complejo\/\"]}]},{\"@type\":\"ImageObject\",\"inLanguage\":\"es\",\"@id\":\"http:\/\/elregionalvm.com.ar\/noticias-villa-maria\/semana-de-la-lactancia-materna-lo-complejo\/#primaryimage\",\"url\":\"https:\/\/i0.wp.com\/elregionalvm.com.ar\/noticias-villa-maria\/wp-content\/uploads\/2021\/08\/R-1.jpg?fit=1024%2C512&ssl=1\",\"contentUrl\":\"https:\/\/i0.wp.com\/elregionalvm.com.ar\/noticias-villa-maria\/wp-content\/uploads\/2021\/08\/R-1.jpg?fit=1024%2C512&ssl=1\",\"width\":1024,\"height\":512},{\"@type\":\"BreadcrumbList\",\"@id\":\"http:\/\/elregionalvm.com.ar\/noticias-villa-maria\/semana-de-la-lactancia-materna-lo-complejo\/#breadcrumb\",\"itemListElement\":[{\"@type\":\"ListItem\",\"position\":1,\"name\":\"Portada\",\"item\":\"https:\/\/elregionalvm.com.ar\/noticias-villa-maria\/\"},{\"@type\":\"ListItem\",\"position\":2,\"name\":\"Semana de la lactancia materna: lo complejo\"}]},{\"@type\":\"WebSite\",\"@id\":\"http:\/\/elregionalvm.com.ar\/noticias-villa-maria\/#website\",\"url\":\"http:\/\/elregionalvm.com.ar\/noticias-villa-maria\/\",\"name\":\"El Regional\",\"description\":\"Mucho m\u00e1s que informaci\u00f3n\",\"potentialAction\":[{\"@type\":\"SearchAction\",\"target\":{\"@type\":\"EntryPoint\",\"urlTemplate\":\"http:\/\/elregionalvm.com.ar\/noticias-villa-maria\/?s={search_term_string}\"},\"query-input\":{\"@type\":\"PropertyValueSpecification\",\"valueRequired\":true,\"valueName\":\"search_term_string\"}}],\"inLanguage\":\"es\"},{\"@type\":\"Person\",\"@id\":\"http:\/\/elregionalvm.com.ar\/noticias-villa-maria\/#\/schema\/person\/a0fb9c422317faca23d50163151bc354\",\"name\":\"Contenidos El Regional\",\"image\":{\"@type\":\"ImageObject\",\"inLanguage\":\"es\",\"@id\":\"http:\/\/elregionalvm.com.ar\/noticias-villa-maria\/#\/schema\/person\/image\/\",\"url\":\"https:\/\/secure.gravatar.com\/avatar\/265b27cb2209af7bb3a1318f03305787d7981a5cc6e6cd08fe5a4ecdf99d4b48?s=96&d=mm&r=g\",\"contentUrl\":\"https:\/\/secure.gravatar.com\/avatar\/265b27cb2209af7bb3a1318f03305787d7981a5cc6e6cd08fe5a4ecdf99d4b48?s=96&d=mm&r=g\",\"caption\":\"Contenidos El Regional\"},\"url\":\"https:\/\/elregionalvm.com.ar\/noticias-villa-maria\/author\/contenido\/\"}]}<\/script>\n<!-- \/ Yoast SEO plugin. -->","yoast_head_json":{"title":"Semana de la lactancia materna: lo complejo - El Regional","robots":{"index":"index","follow":"follow","max-snippet":"max-snippet:-1","max-image-preview":"max-image-preview:large","max-video-preview":"max-video-preview:-1"},"canonical":"http:\/\/elregionalvm.com.ar\/noticias-villa-maria\/semana-de-la-lactancia-materna-lo-complejo\/","og_locale":"es_ES","og_type":"article","og_title":"Semana de la lactancia materna: lo complejo - El Regional","og_description":"No hay semana de la lactancia que no venga de la mano de la pol\u00e9mica y quiz\u00e1s, este sea uno de los objetivos encubiertos. Escribe: Paula D\u00edaz de Arcaya* Problematizar, indagar, reflexionar, cuestionar, criticar. En todo proceso de visibilizaci\u00f3n hay tensi\u00f3n, posicionamientos opuestos, razones, verdades diversas que se espejan, que coexisten y que quiz\u00e1s se [&hellip;]","og_url":"http:\/\/elregionalvm.com.ar\/noticias-villa-maria\/semana-de-la-lactancia-materna-lo-complejo\/","og_site_name":"El Regional","article_publisher":"https:\/\/www.facebook.com\/elregionalvm","article_published_time":"2022-08-02T11:21:23+00:00","article_modified_time":"2022-08-04T22:03:17+00:00","og_image":[{"width":1024,"height":512,"url":"http:\/\/elregionalvm.com.ar\/noticias-villa-maria\/wp-content\/uploads\/2021\/08\/R-1.jpg","type":"image\/jpeg"}],"author":"Contenidos El Regional","twitter_card":"summary_large_image","twitter_creator":"@elregionalvm1","twitter_site":"@elregionalvm1","twitter_misc":{"Escrito por":"Contenidos El Regional","Tiempo de lectura":"4 minutos"},"schema":{"@context":"https:\/\/schema.org","@graph":[{"@type":"Article","@id":"http:\/\/elregionalvm.com.ar\/noticias-villa-maria\/semana-de-la-lactancia-materna-lo-complejo\/#article","isPartOf":{"@id":"http:\/\/elregionalvm.com.ar\/noticias-villa-maria\/semana-de-la-lactancia-materna-lo-complejo\/"},"author":{"name":"Contenidos El Regional","@id":"http:\/\/elregionalvm.com.ar\/noticias-villa-maria\/#\/schema\/person\/a0fb9c422317faca23d50163151bc354"},"headline":"Semana de la lactancia materna: lo complejo","datePublished":"2022-08-02T11:21:23+00:00","dateModified":"2022-08-04T22:03:17+00:00","mainEntityOfPage":{"@id":"http:\/\/elregionalvm.com.ar\/noticias-villa-maria\/semana-de-la-lactancia-materna-lo-complejo\/"},"wordCount":721,"commentCount":0,"image":{"@id":"http:\/\/elregionalvm.com.ar\/noticias-villa-maria\/semana-de-la-lactancia-materna-lo-complejo\/#primaryimage"},"thumbnailUrl":"https:\/\/i0.wp.com\/elregionalvm.com.ar\/noticias-villa-maria\/wp-content\/uploads\/2021\/08\/R-1.jpg?fit=1024%2C512&ssl=1","keywords":["Lactancia materna","semana de la lactancia materna"],"articleSection":["Sociedad"],"inLanguage":"es","potentialAction":[{"@type":"CommentAction","name":"Comment","target":["http:\/\/elregionalvm.com.ar\/noticias-villa-maria\/semana-de-la-lactancia-materna-lo-complejo\/#respond"]}]},{"@type":"WebPage","@id":"http:\/\/elregionalvm.com.ar\/noticias-villa-maria\/semana-de-la-lactancia-materna-lo-complejo\/","url":"http:\/\/elregionalvm.com.ar\/noticias-villa-maria\/semana-de-la-lactancia-materna-lo-complejo\/","name":"Semana de la lactancia materna: lo complejo - El Regional","isPartOf":{"@id":"http:\/\/elregionalvm.com.ar\/noticias-villa-maria\/#website"},"primaryImageOfPage":{"@id":"http:\/\/elregionalvm.com.ar\/noticias-villa-maria\/semana-de-la-lactancia-materna-lo-complejo\/#primaryimage"},"image":{"@id":"http:\/\/elregionalvm.com.ar\/noticias-villa-maria\/semana-de-la-lactancia-materna-lo-complejo\/#primaryimage"},"thumbnailUrl":"https:\/\/i0.wp.com\/elregionalvm.com.ar\/noticias-villa-maria\/wp-content\/uploads\/2021\/08\/R-1.jpg?fit=1024%2C512&ssl=1","datePublished":"2022-08-02T11:21:23+00:00","dateModified":"2022-08-04T22:03:17+00:00","author":{"@id":"http:\/\/elregionalvm.com.ar\/noticias-villa-maria\/#\/schema\/person\/a0fb9c422317faca23d50163151bc354"},"breadcrumb":{"@id":"http:\/\/elregionalvm.com.ar\/noticias-villa-maria\/semana-de-la-lactancia-materna-lo-complejo\/#breadcrumb"},"inLanguage":"es","potentialAction":[{"@type":"ReadAction","target":["http:\/\/elregionalvm.com.ar\/noticias-villa-maria\/semana-de-la-lactancia-materna-lo-complejo\/"]}]},{"@type":"ImageObject","inLanguage":"es","@id":"http:\/\/elregionalvm.com.ar\/noticias-villa-maria\/semana-de-la-lactancia-materna-lo-complejo\/#primaryimage","url":"https:\/\/i0.wp.com\/elregionalvm.com.ar\/noticias-villa-maria\/wp-content\/uploads\/2021\/08\/R-1.jpg?fit=1024%2C512&ssl=1","contentUrl":"https:\/\/i0.wp.com\/elregionalvm.com.ar\/noticias-villa-maria\/wp-content\/uploads\/2021\/08\/R-1.jpg?fit=1024%2C512&ssl=1","width":1024,"height":512},{"@type":"BreadcrumbList","@id":"http:\/\/elregionalvm.com.ar\/noticias-villa-maria\/semana-de-la-lactancia-materna-lo-complejo\/#breadcrumb","itemListElement":[{"@type":"ListItem","position":1,"name":"Portada","item":"https:\/\/elregionalvm.com.ar\/noticias-villa-maria\/"},{"@type":"ListItem","position":2,"name":"Semana de la lactancia materna: lo complejo"}]},{"@type":"WebSite","@id":"http:\/\/elregionalvm.com.ar\/noticias-villa-maria\/#website","url":"http:\/\/elregionalvm.com.ar\/noticias-villa-maria\/","name":"El Regional","description":"Mucho m\u00e1s que informaci\u00f3n","potentialAction":[{"@type":"SearchAction","target":{"@type":"EntryPoint","urlTemplate":"http:\/\/elregionalvm.com.ar\/noticias-villa-maria\/?s={search_term_string}"},"query-input":{"@type":"PropertyValueSpecification","valueRequired":true,"valueName":"search_term_string"}}],"inLanguage":"es"},{"@type":"Person","@id":"http:\/\/elregionalvm.com.ar\/noticias-villa-maria\/#\/schema\/person\/a0fb9c422317faca23d50163151bc354","name":"Contenidos El Regional","image":{"@type":"ImageObject","inLanguage":"es","@id":"http:\/\/elregionalvm.com.ar\/noticias-villa-maria\/#\/schema\/person\/image\/","url":"https:\/\/secure.gravatar.com\/avatar\/265b27cb2209af7bb3a1318f03305787d7981a5cc6e6cd08fe5a4ecdf99d4b48?s=96&d=mm&r=g","contentUrl":"https:\/\/secure.gravatar.com\/avatar\/265b27cb2209af7bb3a1318f03305787d7981a5cc6e6cd08fe5a4ecdf99d4b48?s=96&d=mm&r=g","caption":"Contenidos El Regional"},"url":"https:\/\/elregionalvm.com.ar\/noticias-villa-maria\/author\/contenido\/"}]}},"jetpack_featured_media_url":"https:\/\/i0.wp.com\/elregionalvm.com.ar\/noticias-villa-maria\/wp-content\/uploads\/2021\/08\/R-1.jpg?fit=1024%2C512&ssl=1","jetpack_sharing_enabled":true,"_links":{"self":[{"href":"https:\/\/elregionalvm.com.ar\/noticias-villa-maria\/wp-json\/wp\/v2\/posts\/42042","targetHints":{"allow":["GET"]}}],"collection":[{"href":"https:\/\/elregionalvm.com.ar\/noticias-villa-maria\/wp-json\/wp\/v2\/posts"}],"about":[{"href":"https:\/\/elregionalvm.com.ar\/noticias-villa-maria\/wp-json\/wp\/v2\/types\/post"}],"author":[{"embeddable":true,"href":"https:\/\/elregionalvm.com.ar\/noticias-villa-maria\/wp-json\/wp\/v2\/users\/4"}],"replies":[{"embeddable":true,"href":"https:\/\/elregionalvm.com.ar\/noticias-villa-maria\/wp-json\/wp\/v2\/comments?post=42042"}],"version-history":[{"count":2,"href":"https:\/\/elregionalvm.com.ar\/noticias-villa-maria\/wp-json\/wp\/v2\/posts\/42042\/revisions"}],"predecessor-version":[{"id":42048,"href":"https:\/\/elregionalvm.com.ar\/noticias-villa-maria\/wp-json\/wp\/v2\/posts\/42042\/revisions\/42048"}],"wp:featuredmedia":[{"embeddable":true,"href":"https:\/\/elregionalvm.com.ar\/noticias-villa-maria\/wp-json\/wp\/v2\/media\/42047"}],"wp:attachment":[{"href":"https:\/\/elregionalvm.com.ar\/noticias-villa-maria\/wp-json\/wp\/v2\/media?parent=42042"}],"wp:term":[{"taxonomy":"category","embeddable":true,"href":"https:\/\/elregionalvm.com.ar\/noticias-villa-maria\/wp-json\/wp\/v2\/categories?post=42042"},{"taxonomy":"post_tag","embeddable":true,"href":"https:\/\/elregionalvm.com.ar\/noticias-villa-maria\/wp-json\/wp\/v2\/tags?post=42042"}],"curies":[{"name":"wp","href":"https:\/\/api.w.org\/{rel}","templated":true}]}}